{"id":1042,"date":"2024-10-25T13:26:21","date_gmt":"2024-10-25T19:26:21","guid":{"rendered":"https:\/\/stacatarina.mx\/consejos\/esta-celebracion-mexicana-no-se-parece-en-nada-a-halloween\/"},"modified":"2024-10-25T13:26:22","modified_gmt":"2024-10-25T19:26:22","slug":"esta-celebracion-mexicana-no-se-parece-en-nada-a-halloween","status":"publish","type":"post","link":"https:\/\/stacatarina.mx\/consejos\/esta-celebracion-mexicana-no-se-parece-en-nada-a-halloween\/","title":{"rendered":"Esta celebraci\u00f3n mexicana no se parece en nada a Halloween"},"content":{"rendered":"<div>\n<p>El D\u00eda de Muertos, o D\u00eda de Muertos, es una tradici\u00f3n mexicana \ud83c\uddf2\ud83c\uddfd significativa que honra los recuerdos de los seres queridos fallecidos. <\/p>\n<p>A diferencia de \ud83c\udf83 Halloween, esta festividad es <strong>una celebraci\u00f3n alegre que combina antiguos rituales aztecas con influencias cat\u00f3licas.<\/strong> Es un festival \u00fanico y colorido que se extiende del 31 de octubre al 2 de noviembre. <\/p>\n<p>Cuando las familias se re\u00fanen para dar la bienvenida a los esp\u00edritus de sus antepasados, participan en diversas costumbres, desde construir altares elaborados hasta decorar con cal\u00e9ndulas y papel picado. <\/p>\n<p>Exploremos la historia, el significado y los rituales que hacen del D\u00eda de Muertos una de las tradiciones m\u00e1s queridas de M\u00e9xico.<\/p>\n<p style=\"font-size:12px\">Divulgaci\u00f3n: este art\u00edculo puede contener enlaces de afiliados, lo que significa que cuando realiza una compra, gano una peque\u00f1a comisi\u00f3n. Los enlaces de afiliados no le cuestan nada y ayudan a mantener mi contenido gratuito. Es beneficioso para ambos. Para obtener m\u00e1s informaci\u00f3n, consulte la Pol\u00edtica de divulgaci\u00f3n.<\/p>\n<div class=\"wp-block-group\">\n<div class=\"wp-block-group__inner-container is-layout-constrained wp-block-group-is-layout-constrained\">\n<div id=\"rank-math-faq\" class=\"rank-math-block\">\n<div class=\"rank-math-list \">\n<div id=\"faq-question-1683229061408\" class=\"rank-math-list-item\">\n<h2 class=\"rank-math-question \"><span id=\"what-is-day-of-the-dead\">\u00bfQu\u00e9 es el D\u00eda de Muertos?<\/span><\/h2>\n<div class=\"rank-math-answer \">\n<p>Lo primero que debes saber sobre el D\u00eda de los Muertos: <em>No es el Halloween mexicano.<\/em> <span style=\"margin: 0px;padding: 0px\">Sin embargo, el D\u00eda de Muertos es uno de los m\u00e1s importantes y <strong>mejores vacaciones mexicanas<\/strong>con tradiciones que datan<\/span> miles de a\u00f1os atr\u00e1s.<\/p>\n<\/div>\n<\/div>\n<\/div>\n<\/div>\n<p>A diferencia de muchos rituales actuales en torno a la muerte, <strong>dia de muertos<\/strong> No es un evento funerario sombr\u00edo. Por el contrario, el D\u00eda de Muertos es una celebraci\u00f3n tan grandiosa que incluso los difuntos regresan a la fiesta que se celebra en su honor.\u2060<\/p>\n<\/div>\n<\/div>\n<div class=\"wp-block-group\">\n<div class=\"wp-block-group__inner-container is-layout-constrained wp-block-group-is-layout-constrained\">\n<h4 class=\"wp-block-heading\">\ud83e\udd14 \u00bfQu\u00e9 significa d\u00eda de muertos?<\/h4>\n<p>Por si no lo sab\u00edas, <em>ambos <\/em>d\u00eda de muertos <em>y<\/em> d\u00eda de los muertos significa D\u00eda de Muertos en espa\u00f1ol.<\/p>\n<figure class=\"wp-block-pullquote\" style=\"font-size:18px\">\n<blockquote>\n<p>La celebraci\u00f3n del D\u00eda de Muertos tiene un gran significado en la vida de las comunidades ind\u00edgenas de M\u00e9xico. La fusi\u00f3n de ritos religiosos prehisp\u00e1nicos y fiestas cat\u00f3licas re\u00fane dos universos\u2026<\/p>\n<p><cite>Fuente: UNESCO<\/cite><\/p><\/blockquote>\n<\/figure>\n<p>La forma m\u00e1s correcta de decirlo es d\u00eda de muertos; sin \u201clos\u201d antes de la palabra \u201cmuertos\u201d. Sin embargo, lo ver\u00e1s escrito como d\u00eda de muertos y d\u00eda de los muertos.<\/p>\n<\/div>\n<\/div>\n<div class=\"wp-block-group\">\n<div class=\"wp-block-group__inner-container is-layout-constrained wp-block-group-is-layout-constrained\">\n<h2 class=\"wp-block-heading\"><span id=\"history-of-day-of-the-dead-in-mexico\">Historia del D\u00eda de Muertos en M\u00e9xico<\/span><\/h2>\n<div class=\"wp-block-image\">\n<figure class=\"aligncenter size-full\"><noscript><img loading=\"lazy\" decoding=\"async\" width=\"800\" height=\"1000\" src=\"https:\/\/stacatarina.mx\/consejos\/wp-content\/uploads\/2024\/10\/Esta-celebracion-mexicana-no-se-parece-en-nada-a-Halloween.jpg\" alt=\"Estatua de Mictecacihuatl, diosa azteca del inframundo.\" class=\"wp-image-75372\" style=\"object-fit:cover\"  \/><\/noscript><figcaption class=\"wp-element-caption\">Una representaci\u00f3n art\u00edstica de la diosa azteca Mictecacihuatl, la Reina del Inframundo.<\/figcaption><\/figure>\n<\/div>\n<p>Los or\u00edgenes de la festividad se remontan a la celebraci\u00f3n azteca de la diosa. <strong>Mictecac\u00edhuatl<\/strong>la Reina Azteca del Inframundo.<\/p>\n<p>Al igual que la encarnaci\u00f3n actual del D\u00eda de Muertos, el festival azteca era un asunto de celebraci\u00f3n.<\/p>\n<p>Despu\u00e9s de la colonizaci\u00f3n mexicana por los espa\u00f1oles, que trajeron consigo el cristianismo, los espa\u00f1oles cambiaron por la fuerza las fechas del festival.<\/p>\n<\/div>\n<\/div>\n<div class=\"wp-block-group\">\n<div class=\"wp-block-group__inner-container is-layout-constrained wp-block-group-is-layout-constrained\">\n<p>La festividad azteca originalmente ten\u00eda lugar a principios del verano, pero los espa\u00f1oles la trasladaron a la temporada de oto\u00f1o.<\/p>\n<p>Estas nuevas fechas de oto\u00f1o coincidieron con lo que los cristianos llamaban <strong>Allhallowtide<\/strong>. Este es otro feriado de varios d\u00edas que conmemora a los difuntos pero del pante\u00f3n cristiano.<\/p>\n<p>Allhallowtide tuvo lugar del 31 de octubre al 2 de noviembre. El primer d\u00eda, 31 de octubre, se conoci\u00f3 como <strong>v\u00edspera de todos los santos<\/strong>; El 1 de noviembre fue <strong>D\u00eda de todos los santos<\/strong>; y el 2 de noviembre fue <strong>D\u00eda de los Difuntos<\/strong>. El D\u00eda de Muertos utiliza estas mismas fechas.<\/p>\n<\/div>\n<\/div>\n<div class=\"wp-block-group\">\n<div class=\"wp-block-group__inner-container is-layout-constrained wp-block-group-is-layout-constrained\">\n<h4 class=\"wp-block-heading\">\ud83d\udc80 Un Viaje a M\u00edctlan: El Inframundo<\/h4>\n<p>Como se mencion\u00f3, el D\u00eda de Muertos no es de ninguna manera una fiesta sombr\u00eda. De hecho, para los mexicanos precolombinos la muerte era simplemente un viaje al Mictl\u00e1n, que es el inframundo en la mitolog\u00eda azteca.<\/p>\n<p>Puedes hacerte una idea de c\u00f3mo se dice que es Mictl\u00e1n viendo la pel\u00edcula. <strong><strong>Palma de coco<\/strong><\/strong>.<\/p>\n<p>Para los aztecas, esto fue una bendici\u00f3n, no una maldici\u00f3n. Consideraban la muerte como poco m\u00e1s que una transici\u00f3n, y su Inframundo era en realidad un lugar para divertirse. <\/p>\n<p>Si la noci\u00f3n de que la muerte es un para\u00edso suena extra\u00f1a, es algo que se encuentra en la mayor\u00eda de las religiones y culturas antiguas.<\/p>\n<p>En el cristianismo se le llama cielo; para los vikingos, era el Valhalla; para los musulmanes, se llama Jannah; y para los antiguos griegos, era Elysium.<\/p>\n<\/div>\n<\/div>\n<div class=\"wp-block-group\">\n<div class=\"wp-block-group__inner-container is-layout-constrained wp-block-group-is-layout-constrained\">\n<div id=\"rank-math-faq\" class=\"rank-math-block\">\n<div class=\"rank-math-list \">\n<div id=\"faq-question-1683230963858\" class=\"rank-math-list-item\">\n<h2 class=\"rank-math-question \"><span id=\"when-is-the-day-of-the-dead-in-mexico\">\u00bfCu\u00e1ndo es el D\u00eda de Muertos en M\u00e9xico?<\/span><\/h2>\n<div class=\"rank-math-answer \">\n<p>Depende, ya que en diferentes lugares se celebran diferentes celebraciones. Oficialmente, el D\u00eda de Muertos es <strong>2 de noviembre<\/strong>pero en algunos lugares es un feriado de dos d\u00edas que tiene lugar el 1 y 2 de noviembre.<\/p>\n<\/div>\n<\/div>\n<\/div>\n<\/div>\n<div class=\"wp-block-image\">\n<figure class=\"aligncenter size-full\"><img loading=\"lazy\" decoding=\"async\" width=\"800\" height=\"700\" alt=\"papel picado coloridas banderas de papel para el d\u00eda de muertos en m\u00e9xico\" class=\"wp-image-60680\"  data-lazy- src=\"https:\/\/stacatarina.mx\/consejos\/wp-content\/uploads\/2024\/10\/1729884381_984_Esta-celebracion-mexicana-no-se-parece-en-nada-a-Halloween.jpg\"\/><noscript><img loading=\"lazy\" decoding=\"async\" width=\"800\" height=\"700\" src=\"https:\/\/stacatarina.mx\/consejos\/wp-content\/uploads\/2024\/10\/1729884381_984_Esta-celebracion-mexicana-no-se-parece-en-nada-a-Halloween.jpg\" alt=\"papel picado banderas de papel coloridas para el d\u00eda de los muertos en m\u00e9xico\" class=\"wp-image-60680\"  \/><\/noscript><figcaption class=\"wp-element-caption\"><strong><strong>papel picado<\/strong><\/strong>  Se cuelgan banderas al otro lado de la calle durante muchos d\u00edas festivos en M\u00e9xico, no solo el D\u00eda de Muertos.<\/figcaption><\/figure>\n<\/div>\n<p>Sin embargo, en las ciudades que tienen las celebraciones del D\u00eda de Muertos m\u00e1s elaboradas en M\u00e9xico, los preparativos pueden comenzar entre 7 y 10 d\u00edas antes.<\/p>\n<p>En algunos lugares, el D\u00eda de los Muertos se hace cargo por completo. Flores de cal\u00e9ndula de color naranja brillante cubren las calles, coloridas <strong><strong>papel picado<\/strong><\/strong><em> <\/em>(papel artesanal) se cuelga en las calles, y comparsas<em> <\/em>(desfiles o procesiones) se adue\u00f1an de las calles.<\/p>\n<\/div>\n<\/div>\n<div class=\"wp-block-group\">\n<div class=\"wp-block-group__inner-container is-layout-constrained wp-block-group-is-layout-constrained\">\n<h2 class=\"wp-block-heading\"><span id=\"october-31-all-saints-eve\">31 de octubre: V\u00edspera de Todos los Santos<\/span><\/h2>\n<div class=\"wp-block-image\">\n<figure class=\"aligncenter size-full\"><img loading=\"lazy\" decoding=\"async\" width=\"800\" height=\"800\" alt=\"peque\u00f1a estatua de un perro pintado como un esqueleto\" class=\"wp-image-14479\"  data-lazy- src=\"https:\/\/stacatarina.mx\/consejos\/wp-content\/uploads\/2024\/10\/1729884381_795_Esta-celebracion-mexicana-no-se-parece-en-nada-a-Halloween.jpg\"\/><noscript><img loading=\"lazy\" decoding=\"async\" width=\"800\" height=\"800\" src=\"https:\/\/stacatarina.mx\/consejos\/wp-content\/uploads\/2024\/10\/1729884381_795_Esta-celebracion-mexicana-no-se-parece-en-nada-a-Halloween.jpg\" alt=\"peque\u00f1a estatua de un perro pintado como un esqueleto\" class=\"wp-image-14479\"  \/><\/noscript><figcaption class=\"wp-element-caption\">Algunos incluso celebran a sus mascotas fallecidas durante El D\u00eda de Muertos en M\u00e9xico.<\/figcaption><\/figure>\n<\/div>\n<p>Preguntarse, <em>\u00bfCu\u00e1ndo comienza el D\u00eda de Muertos?<\/em><\/p>\n<p>El primer d\u00eda es el 1 de noviembre a medianoche, raz\u00f3n por la cual muchos dicen que el D\u00eda de Muertos comienza el 31 de octubre. A medianoche, se dice que los esp\u00edritus de los ni\u00f1os fallecidos regresan.<\/p>\n<p>Aunque t\u00e9cnicamente es la \u201cv\u00edspera\u201d del D\u00eda de Muertos, al igual que la Nochebuena, muchos la consideran un d\u00eda festivo.<\/p>\n<p>Es posible que veas personas dando los toques finales a sus ofrendas.<em> <\/em>(altares), o en el cementerio decorando la l\u00e1pida de su ser querido fallecido.<\/p>\n<\/div>\n<\/div>\n<div class=\"wp-block-group\">\n<div class=\"wp-block-group__inner-container is-layout-constrained wp-block-group-is-layout-constrained\">\n<h2 class=\"wp-block-heading has-text-align-left\"><span id=\"november-1st-day-of-the-little-angels\">1 de noviembre: D\u00eda de los Angelitos<\/span><\/h2>\n<div class=\"wp-block-image\">\n<figure class=\"aligncenter size-full\"><img loading=\"lazy\" decoding=\"async\" width=\"800\" height=\"800\" alt=\"Peque\u00f1a estatua del esqueleto de un beb\u00e9 rodeada de flores durante el D\u00eda de Muertos en M\u00e9xico\" class=\"wp-image-14480\"  data-lazy- src=\"https:\/\/stacatarina.mx\/consejos\/wp-content\/uploads\/2024\/10\/1729884381_507_Esta-celebracion-mexicana-no-se-parece-en-nada-a-Halloween.jpg\"\/><noscript><img loading=\"lazy\" decoding=\"async\" width=\"800\" height=\"800\" src=\"https:\/\/stacatarina.mx\/consejos\/wp-content\/uploads\/2024\/10\/1729884381_507_Esta-celebracion-mexicana-no-se-parece-en-nada-a-Halloween.jpg\" alt=\"Peque\u00f1a estatua del esqueleto de un beb\u00e9 rodeada de flores durante el D\u00eda de Muertos en M\u00e9xico\" class=\"wp-image-14480\"  \/><\/noscript><figcaption class=\"wp-element-caption\">El 1 de noviembre se llama D\u00eda de los Angelitos (o D\u00eda de los Inocentes) en honor a los ni\u00f1os peque\u00f1os que han fallecido. <\/figcaption><\/figure>\n<\/div>\n<p>Lo que antiguamente se conoc\u00eda como el D\u00eda de Todos los Santos, es el actual D\u00eda de los Angelitos. Este d\u00eda honra a los ni\u00f1os que han fallecido.<\/p>\n<p>Tambi\u00e9n es posible que veas este d\u00eda llamado D\u00eda de los Inocentes. Sin embargo, aseg\u00farese de no confundirlo con el D\u00eda de los Santos Inocentes, que es el 28 de diciembre.<\/p>\n<\/div>\n<\/div>\n<div class=\"wp-block-group\">\n<div class=\"wp-block-group__inner-container is-layout-constrained wp-block-group-is-layout-constrained\">\n<h2 class=\"wp-block-heading has-text-align-left\"><span id=\"november-2nd-day-of-the-dead\">2 de noviembre: D\u00eda de Muertos<\/span><\/h2>\n<p>Anteriormente conocido como el D\u00eda de los Difuntos, <strong>El 2 de noviembre es el verdadero<\/strong> <strong>dia de los muertos<\/strong>. En este d\u00eda, los familiares y seres queridos celebran a los adultos en sus vidas que ya no caminan por la Tierra.<\/p>\n<p>Los \u00e1nimos de todos los adultos regresaron la noche anterior, a medianoche, pero las fiestas continuar\u00e1n durante todo el d\u00eda.<\/p>\n<p>De los tres d\u00edas del D\u00eda de Muertos, este suele ser el m\u00e1s tranquilo, ya que las celebraciones comienzan a concluir en la mayor\u00eda de los lugares.<\/p>\n<\/div>\n<\/div>\n<div class=\"wp-block-group\">\n<div class=\"wp-block-group__inner-container is-layout-constrained wp-block-group-is-layout-constrained\">\n<div id=\"rank-math-faq\" class=\"rank-math-block\">\n<div class=\"rank-math-list \">\n<div id=\"faq-question-1683231074701\" class=\"rank-math-list-item\">\n<h2 class=\"rank-math-question \"><span id=\"what-are-the-differences-between-day-of-the-dead-and-halloween\">\u00bfCu\u00e1les son las diferencias entre D\u00eda de Muertos y Halloween?<\/span><\/h2>\n<div class=\"rank-math-answer \">\n<p>A primera vista, la espeluznante iconograf\u00eda que comparten ambas festividades podr\u00eda hacer que parezcan id\u00e9nticas. Sin embargo, llamar al D\u00eda de Muertos simplemente \u201cHalloween en M\u00e9xico\u201d niega su conexi\u00f3n \u00fanica con los pueblos prehisp\u00e1nicos y aztecas.<\/p>\n<\/div>\n<\/div>\n<\/div>\n<\/div>\n<div class=\"wp-block-image\">\n<figure class=\"aligncenter size-full\"><img loading=\"lazy\" decoding=\"async\" width=\"800\" height=\"700\" alt=\"Mujer con la cara pintada para el d\u00eda de muertos en M\u00e9xico.\" class=\"wp-image-60675\"  data-lazy- src=\"https:\/\/stacatarina.mx\/consejos\/wp-content\/uploads\/2024\/10\/1729884381_212_Esta-celebracion-mexicana-no-se-parece-en-nada-a-Halloween.jpg\"\/><noscript><img loading=\"lazy\" decoding=\"async\" width=\"800\" height=\"700\" src=\"https:\/\/stacatarina.mx\/consejos\/wp-content\/uploads\/2024\/10\/1729884381_212_Esta-celebracion-mexicana-no-se-parece-en-nada-a-Halloween.jpg\" alt=\"Mujer con la cara pintada para el d\u00eda de muertos en M\u00e9xico.\" class=\"wp-image-60675\"  \/><\/noscript><figcaption class=\"wp-element-caption\">Halloween y D\u00eda de Muertos tienen algunas similitudes, pero tambi\u00e9n algunas diferencias. (Foto: Copyright National Geographic)<\/figcaption><\/figure>\n<\/div>\n<p>Si bien el Halloween actual se trata principalmente de disfraces y truco o trato, el D\u00eda de los Muertos se trata expl\u00edcitamente de la vida futura y el recuerdo de los seres queridos fallecidos.<\/p>\n<p>Sin embargo, Halloween era en gran medida una fiesta en torno a los difuntos.<\/p>\n<p>La tradici\u00f3n de los disfraces de Halloween surgi\u00f3 porque los europeos consideraban malignos los esp\u00edritus que regresaban a la Tierra. (<em>Nota: <\/em>Halloween proviene de la fiesta pagana europea llamada <strong>Samhain<\/strong>.)<\/p>\n<\/div>\n<\/div>\n<div class=\"wp-block-group\">\n<div class=\"wp-block-group__inner-container is-layout-constrained wp-block-group-is-layout-constrained\">\n<p>Vest\u00edan a sus hijos con disfraces para que estos esp\u00edritus mal\u00e9volos no los reconocieran. Tem\u00edan que los esp\u00edritus capturaran a los ni\u00f1os o, peor a\u00fan, los mataran.<\/p>\n<p>Dentro de las tradiciones del D\u00eda de Muertos, los muertos son invitados pac\u00edficos, alegres y bienvenidos.<\/p>\n<p>De hecho, todas las fiestas del D\u00eda de Muertos se realizan en su honor, y las elaboradas ofrendas (altares) contienen sus comidas y bebidas favoritas.<\/p>\n<\/div>\n<\/div>\n<div class=\"wp-block-group\">\n<div class=\"wp-block-group__inner-container is-layout-constrained wp-block-group-is-layout-constrained\">\n<h2 class=\"wp-block-heading\"><span id=\"what-are-the-similarities-between-the-day-of-the-dead-and-halloween\">\u00bfCu\u00e1les son las similitudes entre el D\u00eda de Muertos y Halloween?<\/span><\/h2>\n<p>Dicho esto, las vacaciones <em>hacer<\/em> comparten bastantes similitudes, como estas:<\/p>\n<ul class=\"wp-block-list\">\n<li>Ambos provienen de tradiciones antiguas: Halloween del paganismo europeo y el D\u00eda de los Muertos de los aztecas. <\/li>\n<li>Ambos fueron transformados con el cristianismo en las fiestas que conocemos hoy.<\/li>\n<li>Ambos se basan en la idea de que los esp\u00edritus regresan a la Tierra una vez al a\u00f1o.<\/li>\n<\/ul>\n<\/div>\n<\/div>\n<div class=\"wp-block-group\">\n<div class=\"wp-block-group__inner-container is-layout-constrained wp-block-group-is-layout-constrained\">\n<p id=\"mntl-sc-block_1-0-23\">Mientras Estados Unidos y M\u00e9xico comparten miles de kil\u00f3metros de frontera terrestre, las culturas y costumbres contin\u00faan mezcl\u00e1ndose.<\/p>\n<p id=\"mntl-sc-block_1-0-23\">Halloween es hoy tan popular en M\u00e9xico como en algunas ciudades como el D\u00eda de Muertos.<\/p>\n<p id=\"mntl-sc-block_1-0-23\">Seamos realistas: a todo el mundo le encanta disfrazarse. Las fiestas de Halloween en M\u00e9xico con disfraces al estilo americano se est\u00e1n convirtiendo en la norma.<\/p>\n<p id=\"mntl-sc-block_1-0-23\">Los ni\u00f1os peque\u00f1os se disfrazan para <strong>Calaverita<\/strong>el equivalente a pedir dulces.<\/p>\n<\/div>\n<\/div>\n<h2 class=\"wp-block-heading\"><span id=\"final-thoughts-day-of-the-dead\">Pensamientos finales: D\u00eda de Muertos<\/span><\/h2>\n<figure class=\"wp-block-image size-full\"><img loading=\"lazy\" decoding=\"async\" width=\"800\" height=\"500\" alt=\"eventos del d\u00eda de muertos en la ciudad de m\u00e9xico: Iluminando Almas en el Parque Chapultepec\" class=\"wp-image-77540\"  data-lazy- src=\"https:\/\/stacatarina.mx\/consejos\/wp-content\/uploads\/2024\/10\/1729884381_743_Esta-celebracion-mexicana-no-se-parece-en-nada-a-Halloween.jpg\"\/><noscript><img loading=\"lazy\" decoding=\"async\" width=\"800\" height=\"500\" src=\"https:\/\/stacatarina.mx\/consejos\/wp-content\/uploads\/2024\/10\/1729884381_743_Esta-celebracion-mexicana-no-se-parece-en-nada-a-Halloween.jpg\" alt=\"eventos del d\u00eda de muertos en la ciudad de m\u00e9xico: Iluminando Almas en el Parque Chapultepec\" class=\"wp-image-77540\"  \/><\/noscript><\/figure>\n<p>El D\u00eda de Muertos es m\u00e1s que un simple d\u00eda festivo: una profunda expresi\u00f3n cultural que celebra la vida, el amor y el recuerdo. <\/p>\n<p>Arraigado en tradiciones antiguas y adaptado con el tiempo, el D\u00eda de Muertos contin\u00faa uniendo a las familias para honrar a sus antepasados \u200b\u200by mantener vivos sus recuerdos. <\/p>\n<p>Al combinar creencias ind\u00edgenas con pr\u00e1cticas cat\u00f3licas, esta festividad \u00fanica sirve como un hermoso recordatorio de que la muerte no es un final sino una parte del viaje. <\/p>\n<p>Mientras las calles de M\u00e9xico se llenan de colores, m\u00fasica y homenajes sinceros, el D\u00eda de Muertos contin\u00faa cautivando e inspirando, asegurando que aquellos que hemos perdido nunca desaparezcan del todo.<\/p>\n<\/div>\n","protected":false},"excerpt":{"rendered":"<p>El D\u00eda de Muertos, o D\u00eda de Muertos, es una tradici\u00f3n mexicana \ud83c\uddf2\ud83c\uddfd significativa que honra los recuerdos de los seres queridos fallecidos. A diferencia<\/p>\n","protected":false},"author":1,"featured_media":1043,"comment_status":"closed","ping_status":"","sticky":false,"template":"","format":"standard","meta":{"footnotes":""},"categories":[1],"tags":[1383,110,617,643,1384,644],"class_list":["post-1042","post","type-post","status-publish","format-standard","has-post-thumbnail","hentry","category-sin-categoria","tag-celebracion","tag-esta","tag-halloween","tag-mexicana","tag-nada","tag-parece","generate-columns","tablet-grid-50","mobile-grid-100","grid-parent","grid-50"],"yoast_head":"<!-- This site is optimized with the Yoast SEO plugin v23.4 - https:\/\/yoast.com\/wordpress\/plugins\/seo\/ -->\n<title>Esta celebraci\u00f3n mexicana no se parece en nada a Halloween - Consejos - Santa Catarina<\/title>\n<meta name=\"robots\" content=\"index, follow, max-snippet:-1, max-image-preview:large, max-video-preview:-1\" \/>\n<link rel=\"canonical\" href=\"https:\/\/stacatarina.mx\/consejos\/esta-celebracion-mexicana-no-se-parece-en-nada-a-halloween\/\" \/>\n<meta property=\"og:locale\" content=\"es_MX\" \/>\n<meta property=\"og:type\" content=\"article\" \/>\n<meta property=\"og:title\" content=\"Esta celebraci\u00f3n mexicana no se parece en nada a Halloween - Consejos - Santa Catarina\" \/>\n<meta property=\"og:description\" content=\"El D\u00eda de Muertos, o D\u00eda de Muertos, es una tradici\u00f3n mexicana \ud83c\uddf2\ud83c\uddfd significativa que honra los recuerdos de los seres queridos fallecidos. A diferencia\" \/>\n<meta property=\"og:url\" content=\"https:\/\/stacatarina.mx\/consejos\/esta-celebracion-mexicana-no-se-parece-en-nada-a-halloween\/\" \/>\n<meta property=\"og:site_name\" content=\"Santa Catarina\" \/>\n<meta property=\"article:publisher\" content=\"https:\/\/www.facebook.com\/stacatarinagob\/\" \/>\n<meta property=\"article:published_time\" content=\"2024-10-25T19:26:21+00:00\" \/>\n<meta property=\"article:modified_time\" content=\"2024-10-25T19:26:22+00:00\" \/>\n<meta property=\"og:image\" content=\"https:\/\/stacatarina.mx\/consejos\/wp-content\/uploads\/2024\/10\/1729884382_Esta-celebracion-mexicana-no-se-parece-en-nada-a-Halloween.jpg\" \/>\n\t<meta property=\"og:image:width\" content=\"1200\" \/>\n\t<meta property=\"og:image:height\" content=\"675\" \/>\n\t<meta property=\"og:image:type\" content=\"image\/jpeg\" \/>\n<meta name=\"author\" content=\"Pedro Mart\u00ednez\" \/>\n<meta name=\"twitter:card\" content=\"summary_large_image\" \/>\n<meta name=\"twitter:creator\" content=\"@stacatarinagob\" \/>\n<meta name=\"twitter:site\" content=\"@stacatarinagob\" \/>\n<meta name=\"twitter:label1\" content=\"Escrito por\" \/>\n\t<meta name=\"twitter:data1\" content=\"Pedro Mart\u00ednez\" \/>\n\t<meta name=\"twitter:label2\" content=\"Tiempo de lectura\" \/>\n\t<meta name=\"twitter:data2\" content=\"9 minutos\" \/>\n<script type=\"application\/ld+json\" class=\"yoast-schema-graph\">{\"@context\":\"https:\/\/schema.org\",\"@graph\":[{\"@type\":\"Article\",\"@id\":\"https:\/\/stacatarina.mx\/consejos\/esta-celebracion-mexicana-no-se-parece-en-nada-a-halloween\/#article\",\"isPartOf\":{\"@id\":\"https:\/\/stacatarina.mx\/consejos\/esta-celebracion-mexicana-no-se-parece-en-nada-a-halloween\/\"},\"author\":{\"name\":\"Pedro Mart\u00ednez\",\"@id\":\"https:\/\/stacatarina.mx\/consejos\/#\/schema\/person\/0be60adffa8e4c4d0828fdf021450e8a\"},\"headline\":\"Esta celebraci\u00f3n mexicana no se parece en nada a Halloween\",\"datePublished\":\"2024-10-25T19:26:21+00:00\",\"dateModified\":\"2024-10-25T19:26:22+00:00\",\"mainEntityOfPage\":{\"@id\":\"https:\/\/stacatarina.mx\/consejos\/esta-celebracion-mexicana-no-se-parece-en-nada-a-halloween\/\"},\"wordCount\":1744,\"publisher\":{\"@id\":\"https:\/\/stacatarina.mx\/consejos\/#organization\"},\"image\":{\"@id\":\"https:\/\/stacatarina.mx\/consejos\/esta-celebracion-mexicana-no-se-parece-en-nada-a-halloween\/#primaryimage\"},\"thumbnailUrl\":\"https:\/\/stacatarina.mx\/consejos\/wp-content\/uploads\/2024\/10\/1729884382_Esta-celebracion-mexicana-no-se-parece-en-nada-a-Halloween.jpg\",\"keywords\":[\"celebraci\u00f3n\",\"esta\",\"Halloween\",\"mexicana\",\"nada\",\"parece\"],\"inLanguage\":\"es\"},{\"@type\":\"WebPage\",\"@id\":\"https:\/\/stacatarina.mx\/consejos\/esta-celebracion-mexicana-no-se-parece-en-nada-a-halloween\/\",\"url\":\"https:\/\/stacatarina.mx\/consejos\/esta-celebracion-mexicana-no-se-parece-en-nada-a-halloween\/\",\"name\":\"Esta celebraci\u00f3n mexicana no se parece en nada a Halloween - Consejos - Santa Catarina\",\"isPartOf\":{\"@id\":\"https:\/\/stacatarina.mx\/consejos\/#website\"},\"primaryImageOfPage\":{\"@id\":\"https:\/\/stacatarina.mx\/consejos\/esta-celebracion-mexicana-no-se-parece-en-nada-a-halloween\/#primaryimage\"},\"image\":{\"@id\":\"https:\/\/stacatarina.mx\/consejos\/esta-celebracion-mexicana-no-se-parece-en-nada-a-halloween\/#primaryimage\"},\"thumbnailUrl\":\"https:\/\/stacatarina.mx\/consejos\/wp-content\/uploads\/2024\/10\/1729884382_Esta-celebracion-mexicana-no-se-parece-en-nada-a-Halloween.jpg\",\"datePublished\":\"2024-10-25T19:26:21+00:00\",\"dateModified\":\"2024-10-25T19:26:22+00:00\",\"breadcrumb\":{\"@id\":\"https:\/\/stacatarina.mx\/consejos\/esta-celebracion-mexicana-no-se-parece-en-nada-a-halloween\/#breadcrumb\"},\"inLanguage\":\"es\",\"potentialAction\":[{\"@type\":\"ReadAction\",\"target\":[\"https:\/\/stacatarina.mx\/consejos\/esta-celebracion-mexicana-no-se-parece-en-nada-a-halloween\/\"]}]},{\"@type\":\"ImageObject\",\"inLanguage\":\"es\",\"@id\":\"https:\/\/stacatarina.mx\/consejos\/esta-celebracion-mexicana-no-se-parece-en-nada-a-halloween\/#primaryimage\",\"url\":\"https:\/\/stacatarina.mx\/consejos\/wp-content\/uploads\/2024\/10\/1729884382_Esta-celebracion-mexicana-no-se-parece-en-nada-a-Halloween.jpg\",\"contentUrl\":\"https:\/\/stacatarina.mx\/consejos\/wp-content\/uploads\/2024\/10\/1729884382_Esta-celebracion-mexicana-no-se-parece-en-nada-a-Halloween.jpg\",\"width\":1200,\"height\":675,\"caption\":\"Women with Spooky Face Paint for Day of the Dead\"},{\"@type\":\"BreadcrumbList\",\"@id\":\"https:\/\/stacatarina.mx\/consejos\/esta-celebracion-mexicana-no-se-parece-en-nada-a-halloween\/#breadcrumb\",\"itemListElement\":[{\"@type\":\"ListItem\",\"position\":1,\"name\":\"Inicio\",\"item\":\"https:\/\/stacatarina.mx\/consejos\/\"},{\"@type\":\"ListItem\",\"position\":2,\"name\":\"Esta celebraci\u00f3n mexicana no se parece en nada a Halloween\"}]},{\"@type\":\"WebSite\",\"@id\":\"https:\/\/stacatarina.mx\/consejos\/#website\",\"url\":\"https:\/\/stacatarina.mx\/consejos\/\",\"name\":\"Santa Catarina\",\"description\":\"\",\"publisher\":{\"@id\":\"https:\/\/stacatarina.mx\/consejos\/#organization\"},\"potentialAction\":[{\"@type\":\"SearchAction\",\"target\":{\"@type\":\"EntryPoint\",\"urlTemplate\":\"https:\/\/stacatarina.mx\/consejos\/?s={search_term_string}\"},\"query-input\":{\"@type\":\"PropertyValueSpecification\",\"valueRequired\":true,\"valueName\":\"search_term_string\"}}],\"inLanguage\":\"es\"},{\"@type\":\"Organization\",\"@id\":\"https:\/\/stacatarina.mx\/consejos\/#organization\",\"name\":\"Santa Catarina\",\"url\":\"https:\/\/stacatarina.mx\/consejos\/\",\"logo\":{\"@type\":\"ImageObject\",\"inLanguage\":\"es\",\"@id\":\"https:\/\/stacatarina.mx\/consejos\/#\/schema\/logo\/image\/\",\"url\":\"https:\/\/stacatarina.mx\/consejos\/wp-content\/uploads\/2024\/09\/cropped-favicon-1-1.png\",\"contentUrl\":\"https:\/\/stacatarina.mx\/consejos\/wp-content\/uploads\/2024\/09\/cropped-favicon-1-1.png\",\"width\":512,\"height\":512,\"caption\":\"Santa Catarina\"},\"image\":{\"@id\":\"https:\/\/stacatarina.mx\/consejos\/#\/schema\/logo\/image\/\"},\"sameAs\":[\"https:\/\/www.facebook.com\/stacatarinagob\/\",\"https:\/\/x.com\/stacatarinagob\",\"https:\/\/www.instagram.com\/stacatarinagob\/\",\"https:\/\/www.youtube.com\/channel\/UCK-6cQJL_904665N1_nLTWw\"]},{\"@type\":\"Person\",\"@id\":\"https:\/\/stacatarina.mx\/consejos\/#\/schema\/person\/0be60adffa8e4c4d0828fdf021450e8a\",\"name\":\"Pedro Mart\u00ednez\",\"image\":{\"@type\":\"ImageObject\",\"inLanguage\":\"es\",\"@id\":\"https:\/\/stacatarina.mx\/consejos\/#\/schema\/person\/image\/\",\"url\":\"https:\/\/stacatarina.mx\/consejos\/wp-content\/uploads\/2024\/09\/stacatarina.jpg\",\"contentUrl\":\"https:\/\/stacatarina.mx\/consejos\/wp-content\/uploads\/2024\/09\/stacatarina.jpg\",\"caption\":\"Pedro Mart\u00ednez\"},\"description\":\"Hola, soy Pedro Mart\u00ednez, redactor jefe del sitio oficial del ayuntamiento de Santa Catarina, en M\u00e9xico. Con m\u00e1s de diez a\u00f1os de experiencia en el periodismo local, tengo una pasi\u00f3n por la investigaci\u00f3n y la difusi\u00f3n de informaci\u00f3n que valoriza nuestra hermosa comunidad. Mi compromiso es hacer de Santa Catarina una referencia en materia de transparencia y comunicaci\u00f3n municipal.\",\"sameAs\":[\"https:\/\/stacatarina.mx\/\"]}]}<\/script>\n<!-- \/ Yoast SEO plugin. -->","yoast_head_json":{"title":"Esta celebraci\u00f3n mexicana no se parece en nada a Halloween - Consejos - Santa Catarina","robots":{"index":"index","follow":"follow","max-snippet":"max-snippet:-1","max-image-preview":"max-image-preview:large","max-video-preview":"max-video-preview:-1"},"canonical":"https:\/\/stacatarina.mx\/consejos\/esta-celebracion-mexicana-no-se-parece-en-nada-a-halloween\/","og_locale":"es_MX","og_type":"article","og_title":"Esta celebraci\u00f3n mexicana no se parece en nada a Halloween - Consejos - Santa Catarina","og_description":"El D\u00eda de Muertos, o D\u00eda de Muertos, es una tradici\u00f3n mexicana \ud83c\uddf2\ud83c\uddfd significativa que honra los recuerdos de los seres queridos fallecidos. A diferencia","og_url":"https:\/\/stacatarina.mx\/consejos\/esta-celebracion-mexicana-no-se-parece-en-nada-a-halloween\/","og_site_name":"Santa Catarina","article_publisher":"https:\/\/www.facebook.com\/stacatarinagob\/","article_published_time":"2024-10-25T19:26:21+00:00","article_modified_time":"2024-10-25T19:26:22+00:00","og_image":[{"width":1200,"height":675,"url":"https:\/\/stacatarina.mx\/consejos\/wp-content\/uploads\/2024\/10\/1729884382_Esta-celebracion-mexicana-no-se-parece-en-nada-a-Halloween.jpg","type":"image\/jpeg"}],"author":"Pedro Mart\u00ednez","twitter_card":"summary_large_image","twitter_creator":"@stacatarinagob","twitter_site":"@stacatarinagob","twitter_misc":{"Escrito por":"Pedro Mart\u00ednez","Tiempo de lectura":"9 minutos"},"schema":{"@context":"https:\/\/schema.org","@graph":[{"@type":"Article","@id":"https:\/\/stacatarina.mx\/consejos\/esta-celebracion-mexicana-no-se-parece-en-nada-a-halloween\/#article","isPartOf":{"@id":"https:\/\/stacatarina.mx\/consejos\/esta-celebracion-mexicana-no-se-parece-en-nada-a-halloween\/"},"author":{"name":"Pedro Mart\u00ednez","@id":"https:\/\/stacatarina.mx\/consejos\/#\/schema\/person\/0be60adffa8e4c4d0828fdf021450e8a"},"headline":"Esta celebraci\u00f3n mexicana no se parece en nada a Halloween","datePublished":"2024-10-25T19:26:21+00:00","dateModified":"2024-10-25T19:26:22+00:00","mainEntityOfPage":{"@id":"https:\/\/stacatarina.mx\/consejos\/esta-celebracion-mexicana-no-se-parece-en-nada-a-halloween\/"},"wordCount":1744,"publisher":{"@id":"https:\/\/stacatarina.mx\/consejos\/#organization"},"image":{"@id":"https:\/\/stacatarina.mx\/consejos\/esta-celebracion-mexicana-no-se-parece-en-nada-a-halloween\/#primaryimage"},"thumbnailUrl":"https:\/\/stacatarina.mx\/consejos\/wp-content\/uploads\/2024\/10\/1729884382_Esta-celebracion-mexicana-no-se-parece-en-nada-a-Halloween.jpg","keywords":["celebraci\u00f3n","esta","Halloween","mexicana","nada","parece"],"inLanguage":"es"},{"@type":"WebPage","@id":"https:\/\/stacatarina.mx\/consejos\/esta-celebracion-mexicana-no-se-parece-en-nada-a-halloween\/","url":"https:\/\/stacatarina.mx\/consejos\/esta-celebracion-mexicana-no-se-parece-en-nada-a-halloween\/","name":"Esta celebraci\u00f3n mexicana no se parece en nada a Halloween - Consejos - Santa Catarina","isPartOf":{"@id":"https:\/\/stacatarina.mx\/consejos\/#website"},"primaryImageOfPage":{"@id":"https:\/\/stacatarina.mx\/consejos\/esta-celebracion-mexicana-no-se-parece-en-nada-a-halloween\/#primaryimage"},"image":{"@id":"https:\/\/stacatarina.mx\/consejos\/esta-celebracion-mexicana-no-se-parece-en-nada-a-halloween\/#primaryimage"},"thumbnailUrl":"https:\/\/stacatarina.mx\/consejos\/wp-content\/uploads\/2024\/10\/1729884382_Esta-celebracion-mexicana-no-se-parece-en-nada-a-Halloween.jpg","datePublished":"2024-10-25T19:26:21+00:00","dateModified":"2024-10-25T19:26:22+00:00","breadcrumb":{"@id":"https:\/\/stacatarina.mx\/consejos\/esta-celebracion-mexicana-no-se-parece-en-nada-a-halloween\/#breadcrumb"},"inLanguage":"es","potentialAction":[{"@type":"ReadAction","target":["https:\/\/stacatarina.mx\/consejos\/esta-celebracion-mexicana-no-se-parece-en-nada-a-halloween\/"]}]},{"@type":"ImageObject","inLanguage":"es","@id":"https:\/\/stacatarina.mx\/consejos\/esta-celebracion-mexicana-no-se-parece-en-nada-a-halloween\/#primaryimage","url":"https:\/\/stacatarina.mx\/consejos\/wp-content\/uploads\/2024\/10\/1729884382_Esta-celebracion-mexicana-no-se-parece-en-nada-a-Halloween.jpg","contentUrl":"https:\/\/stacatarina.mx\/consejos\/wp-content\/uploads\/2024\/10\/1729884382_Esta-celebracion-mexicana-no-se-parece-en-nada-a-Halloween.jpg","width":1200,"height":675,"caption":"Women with Spooky Face Paint for Day of the Dead"},{"@type":"BreadcrumbList","@id":"https:\/\/stacatarina.mx\/consejos\/esta-celebracion-mexicana-no-se-parece-en-nada-a-halloween\/#breadcrumb","itemListElement":[{"@type":"ListItem","position":1,"name":"Inicio","item":"https:\/\/stacatarina.mx\/consejos\/"},{"@type":"ListItem","position":2,"name":"Esta celebraci\u00f3n mexicana no se parece en nada a Halloween"}]},{"@type":"WebSite","@id":"https:\/\/stacatarina.mx\/consejos\/#website","url":"https:\/\/stacatarina.mx\/consejos\/","name":"Santa Catarina","description":"","publisher":{"@id":"https:\/\/stacatarina.mx\/consejos\/#organization"},"potentialAction":[{"@type":"SearchAction","target":{"@type":"EntryPoint","urlTemplate":"https:\/\/stacatarina.mx\/consejos\/?s={search_term_string}"},"query-input":{"@type":"PropertyValueSpecification","valueRequired":true,"valueName":"search_term_string"}}],"inLanguage":"es"},{"@type":"Organization","@id":"https:\/\/stacatarina.mx\/consejos\/#organization","name":"Santa Catarina","url":"https:\/\/stacatarina.mx\/consejos\/","logo":{"@type":"ImageObject","inLanguage":"es","@id":"https:\/\/stacatarina.mx\/consejos\/#\/schema\/logo\/image\/","url":"https:\/\/stacatarina.mx\/consejos\/wp-content\/uploads\/2024\/09\/cropped-favicon-1-1.png","contentUrl":"https:\/\/stacatarina.mx\/consejos\/wp-content\/uploads\/2024\/09\/cropped-favicon-1-1.png","width":512,"height":512,"caption":"Santa Catarina"},"image":{"@id":"https:\/\/stacatarina.mx\/consejos\/#\/schema\/logo\/image\/"},"sameAs":["https:\/\/www.facebook.com\/stacatarinagob\/","https:\/\/x.com\/stacatarinagob","https:\/\/www.instagram.com\/stacatarinagob\/","https:\/\/www.youtube.com\/channel\/UCK-6cQJL_904665N1_nLTWw"]},{"@type":"Person","@id":"https:\/\/stacatarina.mx\/consejos\/#\/schema\/person\/0be60adffa8e4c4d0828fdf021450e8a","name":"Pedro Mart\u00ednez","image":{"@type":"ImageObject","inLanguage":"es","@id":"https:\/\/stacatarina.mx\/consejos\/#\/schema\/person\/image\/","url":"https:\/\/stacatarina.mx\/consejos\/wp-content\/uploads\/2024\/09\/stacatarina.jpg","contentUrl":"https:\/\/stacatarina.mx\/consejos\/wp-content\/uploads\/2024\/09\/stacatarina.jpg","caption":"Pedro Mart\u00ednez"},"description":"Hola, soy Pedro Mart\u00ednez, redactor jefe del sitio oficial del ayuntamiento de Santa Catarina, en M\u00e9xico. Con m\u00e1s de diez a\u00f1os de experiencia en el periodismo local, tengo una pasi\u00f3n por la investigaci\u00f3n y la difusi\u00f3n de informaci\u00f3n que valoriza nuestra hermosa comunidad. Mi compromiso es hacer de Santa Catarina una referencia en materia de transparencia y comunicaci\u00f3n municipal.","sameAs":["https:\/\/stacatarina.mx\/"]}]}},"_links":{"self":[{"href":"https:\/\/stacatarina.mx\/consejos\/wp-json\/wp\/v2\/posts\/1042"}],"collection":[{"href":"https:\/\/stacatarina.mx\/consejos\/wp-json\/wp\/v2\/posts"}],"about":[{"href":"https:\/\/stacatarina.mx\/consejos\/wp-json\/wp\/v2\/types\/post"}],"author":[{"embeddable":true,"href":"https:\/\/stacatarina.mx\/consejos\/wp-json\/wp\/v2\/users\/1"}],"replies":[{"embeddable":true,"href":"https:\/\/stacatarina.mx\/consejos\/wp-json\/wp\/v2\/comments?post=1042"}],"version-history":[{"count":1,"href":"https:\/\/stacatarina.mx\/consejos\/wp-json\/wp\/v2\/posts\/1042\/revisions"}],"predecessor-version":[{"id":1044,"href":"https:\/\/stacatarina.mx\/consejos\/wp-json\/wp\/v2\/posts\/1042\/revisions\/1044"}],"wp:featuredmedia":[{"embeddable":true,"href":"https:\/\/stacatarina.mx\/consejos\/wp-json\/wp\/v2\/media\/1043"}],"wp:attachment":[{"href":"https:\/\/stacatarina.mx\/consejos\/wp-json\/wp\/v2\/media?parent=1042"}],"wp:term":[{"taxonomy":"category","embeddable":true,"href":"https:\/\/stacatarina.mx\/consejos\/wp-json\/wp\/v2\/categories?post=1042"},{"taxonomy":"post_tag","embeddable":true,"href":"https:\/\/stacatarina.mx\/consejos\/wp-json\/wp\/v2\/tags?post=1042"}],"curies":[{"name":"wp","href":"https:\/\/api.w.org\/{rel}","templated":true}]}}