{"id":1075,"date":"2024-10-26T16:23:58","date_gmt":"2024-10-26T22:23:58","guid":{"rendered":"https:\/\/stacatarina.mx\/consejos\/emec-une-fuerzas-con-inspired-villages-para-adoptar-bng\/"},"modified":"2024-10-26T16:23:58","modified_gmt":"2024-10-26T22:23:58","slug":"emec-une-fuerzas-con-inspired-villages-para-adoptar-bng","status":"publish","type":"post","link":"https:\/\/stacatarina.mx\/consejos\/emec-une-fuerzas-con-inspired-villages-para-adoptar-bng\/","title":{"rendered":"EMEC une fuerzas con Inspired Villages para adoptar BNG"},"content":{"rendered":"<div class=\"entry-content\">\n<p>East Midlands Environmental Consultants (EMEC), con sede en Nottingham, ha sido contratado por el desarrollador y operador l\u00edder en materia de jubilaci\u00f3n, Inspired Villages, para realizar c\u00e1lculos de ganancia neta de biodiversidad (BNG) y ofrecer recomendaciones sobre las mejores pr\u00e1cticas.<\/p>\n<p>Fundada en 2017, Inspired Villages actualmente opera nueve comunidades en todo el pa\u00eds y tiene oficinas centrales en Edwalton Business Park, Nottingham.<\/p>\n<p>Dedicada a la sostenibilidad ambiental y el impacto social, Inspired Villages se ha comprometido a lograr carbono neto cero en energ\u00eda no regulada en todas sus aldeas para 2030. Como demostraci\u00f3n de este compromiso, todos los proyectos iniciados desde 2022 se sometieron a evaluaciones de ganancia neta de biodiversidad, posicionando a la empresa favorablemente para el BNG obligatorio. cambios legislativos implementados en febrero de 2024.<\/p>\n<p>Para apoyar a Inspired Villages en sus objetivos ambientales, EMEC se ha comprometido a proporcionar c\u00e1lculos de ganancia neta de biodiversidad de referencia, evaluando unidades de h\u00e1bitat en sus sitios y sugiriendo mejoras para mejorar la biodiversidad.<\/p>\n<p>Las recomendaciones hechas se han adaptado a cada aldea dependiendo de los h\u00e1bitats presentes y su condici\u00f3n actual e incluir\u00e1n la plantaci\u00f3n de especies nativas y la gesti\u00f3n de h\u00e1bitats de tal manera que mejoren la biodiversidad. Tambi\u00e9n se han recomendado otras recomendaciones no relacionadas con el BNG pero que seguir\u00e1n mejorando la biodiversidad en las aldeas, como la instalaci\u00f3n de cajas para murci\u00e9lagos y p\u00e1jaros y hoteles para insectos.<\/p>\n<p>Hablando en nombre de Inspired Villages, James Wilcox, director de Sostenibilidad, afirm\u00f3: \u201cNuestra b\u00fasqueda de Net Zero est\u00e1 estrechamente ligada al mundo natural y la biodiversidad es crucial para la salud y el bienestar de los residentes. Al aspirar a ser &#8220;positivos para la naturaleza para 2030&#8221;, nos esforzamos por rejuvenecer los ecosistemas en lugar de presenciar su deterioro. Con la asistencia de EMEC, nos comprometemos a garantizar que nuestros nuevos desarrollos creen espacios naturales m\u00e1s valiosos que antes\u201d.<\/p>\n<p>Jake Hill, ecologista de EMEC, coment\u00f3: \u201cColaborar con Inspired Villages en este proyecto ha sido extremadamente gratificante. Mejorar la biodiversidad no s\u00f3lo beneficia al medio ambiente sino que tambi\u00e9n mejora la calidad de vida de los residentes de las aldeas\u201d.<\/p>\n<p>La necesidad de viviendas m\u00e1s apropiadas para las personas mayores de 65 a\u00f1os es significativa. Inspired Villages est\u00e1 apoyando esta necesidad con nuestro plan para crear 34 comunidades en todo el Reino Unido con m\u00e1s de 5100 viviendas nuevas construidas expresamente, apoyando a 8000 residentes a trav\u00e9s de su acuerdo de empresa conjunta de \u00a3500 millones con NatWest Group Pension Fund y Legal &#038; General Capital.<\/p>\n<\/p><\/div>\n","protected":false},"excerpt":{"rendered":"<p>East Midlands Environmental Consultants (EMEC), con sede en Nottingham, ha sido contratado por el desarrollador y operador l\u00edder en materia de jubilaci\u00f3n, Inspired Villages, para<\/p>\n","protected":false},"author":1,"featured_media":1076,"comment_status":"closed","ping_status":"","sticky":false,"template":"","format":"standard","meta":{"footnotes":""},"categories":[68],"tags":[1440,1441,42,1437,135,1438,29,241,1439],"class_list":["post-1075","post","type-post","status-publish","format-standard","has-post-thumbnail","hentry","category-fauna-y-flora","tag-adoptar","tag-bng","tag-con","tag-emec","tag-fuerzas","tag-inspired","tag-para","tag-une","tag-villages","generate-columns","tablet-grid-50","mobile-grid-100","grid-parent","grid-50"],"yoast_head":"<!-- This site is optimized with the Yoast SEO plugin v23.4 - https:\/\/yoast.com\/wordpress\/plugins\/seo\/ -->\n<title>EMEC une fuerzas con Inspired Villages para adoptar BNG - Consejos - Santa Catarina<\/title>\n<meta name=\"robots\" content=\"index, follow, max-snippet:-1, max-image-preview:large, max-video-preview:-1\" \/>\n<link rel=\"canonical\" href=\"https:\/\/stacatarina.mx\/consejos\/emec-une-fuerzas-con-inspired-villages-para-adoptar-bng\/\" \/>\n<meta property=\"og:locale\" content=\"es_MX\" \/>\n<meta property=\"og:type\" content=\"article\" \/>\n<meta property=\"og:title\" content=\"EMEC une fuerzas con Inspired Villages para adoptar BNG - Consejos - Santa Catarina\" \/>\n<meta property=\"og:description\" content=\"East Midlands Environmental Consultants (EMEC), con sede en Nottingham, ha sido contratado por el desarrollador y operador l\u00edder en materia de jubilaci\u00f3n, Inspired Villages, para\" \/>\n<meta property=\"og:url\" content=\"https:\/\/stacatarina.mx\/consejos\/emec-une-fuerzas-con-inspired-villages-para-adoptar-bng\/\" \/>\n<meta property=\"og:site_name\" content=\"Santa Catarina\" \/>\n<meta property=\"article:publisher\" content=\"https:\/\/www.facebook.com\/stacatarinagob\/\" \/>\n<meta property=\"article:published_time\" content=\"2024-10-26T22:23:58+00:00\" \/>\n<meta property=\"og:image\" content=\"https:\/\/stacatarina.mx\/consejos\/wp-content\/uploads\/2024\/10\/EMEC-une-fuerzas-con-Inspired-Villages-para-adoptar-BNG.jpg\" \/>\n\t<meta property=\"og:image:width\" content=\"800\" \/>\n\t<meta property=\"og:image:height\" content=\"411\" \/>\n\t<meta property=\"og:image:type\" content=\"image\/jpeg\" \/>\n<meta name=\"author\" content=\"Pedro Mart\u00ednez\" \/>\n<meta name=\"twitter:card\" content=\"summary_large_image\" \/>\n<meta name=\"twitter:creator\" content=\"@stacatarinagob\" \/>\n<meta name=\"twitter:site\" content=\"@stacatarinagob\" \/>\n<meta name=\"twitter:label1\" content=\"Escrito por\" \/>\n\t<meta name=\"twitter:data1\" content=\"Pedro Mart\u00ednez\" \/>\n\t<meta name=\"twitter:label2\" content=\"Tiempo de lectura\" \/>\n\t<meta name=\"twitter:data2\" content=\"2 minutos\" \/>\n<script type=\"application\/ld+json\" class=\"yoast-schema-graph\">{\"@context\":\"https:\/\/schema.org\",\"@graph\":[{\"@type\":\"Article\",\"@id\":\"https:\/\/stacatarina.mx\/consejos\/emec-une-fuerzas-con-inspired-villages-para-adoptar-bng\/#article\",\"isPartOf\":{\"@id\":\"https:\/\/stacatarina.mx\/consejos\/emec-une-fuerzas-con-inspired-villages-para-adoptar-bng\/\"},\"author\":{\"name\":\"Pedro Mart\u00ednez\",\"@id\":\"https:\/\/stacatarina.mx\/consejos\/#\/schema\/person\/0be60adffa8e4c4d0828fdf021450e8a\"},\"headline\":\"EMEC une fuerzas con Inspired Villages para adoptar BNG\",\"datePublished\":\"2024-10-26T22:23:58+00:00\",\"dateModified\":\"2024-10-26T22:23:58+00:00\",\"mainEntityOfPage\":{\"@id\":\"https:\/\/stacatarina.mx\/consejos\/emec-une-fuerzas-con-inspired-villages-para-adoptar-bng\/\"},\"wordCount\":445,\"publisher\":{\"@id\":\"https:\/\/stacatarina.mx\/consejos\/#organization\"},\"image\":{\"@id\":\"https:\/\/stacatarina.mx\/consejos\/emec-une-fuerzas-con-inspired-villages-para-adoptar-bng\/#primaryimage\"},\"thumbnailUrl\":\"https:\/\/stacatarina.mx\/consejos\/wp-content\/uploads\/2024\/10\/EMEC-une-fuerzas-con-Inspired-Villages-para-adoptar-BNG.jpg\",\"keywords\":[\"adoptar\",\"BNG\",\"con\",\"EMEC\",\"fuerzas\",\"Inspired\",\"para\",\"une\",\"Villages\"],\"articleSection\":[\"Fauna y Flora\"],\"inLanguage\":\"es\"},{\"@type\":\"WebPage\",\"@id\":\"https:\/\/stacatarina.mx\/consejos\/emec-une-fuerzas-con-inspired-villages-para-adoptar-bng\/\",\"url\":\"https:\/\/stacatarina.mx\/consejos\/emec-une-fuerzas-con-inspired-villages-para-adoptar-bng\/\",\"name\":\"EMEC une fuerzas con Inspired Villages para adoptar BNG - Consejos - Santa Catarina\",\"isPartOf\":{\"@id\":\"https:\/\/stacatarina.mx\/consejos\/#website\"},\"primaryImageOfPage\":{\"@id\":\"https:\/\/stacatarina.mx\/consejos\/emec-une-fuerzas-con-inspired-villages-para-adoptar-bng\/#primaryimage\"},\"image\":{\"@id\":\"https:\/\/stacatarina.mx\/consejos\/emec-une-fuerzas-con-inspired-villages-para-adoptar-bng\/#primaryimage\"},\"thumbnailUrl\":\"https:\/\/stacatarina.mx\/consejos\/wp-content\/uploads\/2024\/10\/EMEC-une-fuerzas-con-Inspired-Villages-para-adoptar-BNG.jpg\",\"datePublished\":\"2024-10-26T22:23:58+00:00\",\"dateModified\":\"2024-10-26T22:23:58+00:00\",\"breadcrumb\":{\"@id\":\"https:\/\/stacatarina.mx\/consejos\/emec-une-fuerzas-con-inspired-villages-para-adoptar-bng\/#breadcrumb\"},\"inLanguage\":\"es\",\"potentialAction\":[{\"@type\":\"ReadAction\",\"target\":[\"https:\/\/stacatarina.mx\/consejos\/emec-une-fuerzas-con-inspired-villages-para-adoptar-bng\/\"]}]},{\"@type\":\"ImageObject\",\"inLanguage\":\"es\",\"@id\":\"https:\/\/stacatarina.mx\/consejos\/emec-une-fuerzas-con-inspired-villages-para-adoptar-bng\/#primaryimage\",\"url\":\"https:\/\/stacatarina.mx\/consejos\/wp-content\/uploads\/2024\/10\/EMEC-une-fuerzas-con-Inspired-Villages-para-adoptar-BNG.jpg\",\"contentUrl\":\"https:\/\/stacatarina.mx\/consejos\/wp-content\/uploads\/2024\/10\/EMEC-une-fuerzas-con-Inspired-Villages-para-adoptar-BNG.jpg\",\"width\":800,\"height\":411,\"caption\":\"EMEC Joins Forces with Inspired Villages to embrace BNG\"},{\"@type\":\"BreadcrumbList\",\"@id\":\"https:\/\/stacatarina.mx\/consejos\/emec-une-fuerzas-con-inspired-villages-para-adoptar-bng\/#breadcrumb\",\"itemListElement\":[{\"@type\":\"ListItem\",\"position\":1,\"name\":\"Inicio\",\"item\":\"https:\/\/stacatarina.mx\/consejos\/\"},{\"@type\":\"ListItem\",\"position\":2,\"name\":\"EMEC une fuerzas con Inspired Villages para adoptar BNG\"}]},{\"@type\":\"WebSite\",\"@id\":\"https:\/\/stacatarina.mx\/consejos\/#website\",\"url\":\"https:\/\/stacatarina.mx\/consejos\/\",\"name\":\"Santa Catarina\",\"description\":\"\",\"publisher\":{\"@id\":\"https:\/\/stacatarina.mx\/consejos\/#organization\"},\"potentialAction\":[{\"@type\":\"SearchAction\",\"target\":{\"@type\":\"EntryPoint\",\"urlTemplate\":\"https:\/\/stacatarina.mx\/consejos\/?s={search_term_string}\"},\"query-input\":{\"@type\":\"PropertyValueSpecification\",\"valueRequired\":true,\"valueName\":\"search_term_string\"}}],\"inLanguage\":\"es\"},{\"@type\":\"Organization\",\"@id\":\"https:\/\/stacatarina.mx\/consejos\/#organization\",\"name\":\"Santa Catarina\",\"url\":\"https:\/\/stacatarina.mx\/consejos\/\",\"logo\":{\"@type\":\"ImageObject\",\"inLanguage\":\"es\",\"@id\":\"https:\/\/stacatarina.mx\/consejos\/#\/schema\/logo\/image\/\",\"url\":\"https:\/\/stacatarina.mx\/consejos\/wp-content\/uploads\/2024\/09\/cropped-favicon-1-1.png\",\"contentUrl\":\"https:\/\/stacatarina.mx\/consejos\/wp-content\/uploads\/2024\/09\/cropped-favicon-1-1.png\",\"width\":512,\"height\":512,\"caption\":\"Santa Catarina\"},\"image\":{\"@id\":\"https:\/\/stacatarina.mx\/consejos\/#\/schema\/logo\/image\/\"},\"sameAs\":[\"https:\/\/www.facebook.com\/stacatarinagob\/\",\"https:\/\/x.com\/stacatarinagob\",\"https:\/\/www.instagram.com\/stacatarinagob\/\",\"https:\/\/www.youtube.com\/channel\/UCK-6cQJL_904665N1_nLTWw\"]},{\"@type\":\"Person\",\"@id\":\"https:\/\/stacatarina.mx\/consejos\/#\/schema\/person\/0be60adffa8e4c4d0828fdf021450e8a\",\"name\":\"Pedro Mart\u00ednez\",\"image\":{\"@type\":\"ImageObject\",\"inLanguage\":\"es\",\"@id\":\"https:\/\/stacatarina.mx\/consejos\/#\/schema\/person\/image\/\",\"url\":\"https:\/\/stacatarina.mx\/consejos\/wp-content\/uploads\/2024\/09\/stacatarina.jpg\",\"contentUrl\":\"https:\/\/stacatarina.mx\/consejos\/wp-content\/uploads\/2024\/09\/stacatarina.jpg\",\"caption\":\"Pedro Mart\u00ednez\"},\"description\":\"Hola, soy Pedro Mart\u00ednez, redactor jefe del sitio oficial del ayuntamiento de Santa Catarina, en M\u00e9xico. Con m\u00e1s de diez a\u00f1os de experiencia en el periodismo local, tengo una pasi\u00f3n por la investigaci\u00f3n y la difusi\u00f3n de informaci\u00f3n que valoriza nuestra hermosa comunidad. Mi compromiso es hacer de Santa Catarina una referencia en materia de transparencia y comunicaci\u00f3n municipal.\",\"sameAs\":[\"https:\/\/stacatarina.mx\/\"]}]}<\/script>\n<!-- \/ Yoast SEO plugin. -->","yoast_head_json":{"title":"EMEC une fuerzas con Inspired Villages para adoptar BNG - Consejos - Santa Catarina","robots":{"index":"index","follow":"follow","max-snippet":"max-snippet:-1","max-image-preview":"max-image-preview:large","max-video-preview":"max-video-preview:-1"},"canonical":"https:\/\/stacatarina.mx\/consejos\/emec-une-fuerzas-con-inspired-villages-para-adoptar-bng\/","og_locale":"es_MX","og_type":"article","og_title":"EMEC une fuerzas con Inspired Villages para adoptar BNG - Consejos - Santa Catarina","og_description":"East Midlands Environmental Consultants (EMEC), con sede en Nottingham, ha sido contratado por el desarrollador y operador l\u00edder en materia de jubilaci\u00f3n, Inspired Villages, para","og_url":"https:\/\/stacatarina.mx\/consejos\/emec-une-fuerzas-con-inspired-villages-para-adoptar-bng\/","og_site_name":"Santa Catarina","article_publisher":"https:\/\/www.facebook.com\/stacatarinagob\/","article_published_time":"2024-10-26T22:23:58+00:00","og_image":[{"width":800,"height":411,"url":"https:\/\/stacatarina.mx\/consejos\/wp-content\/uploads\/2024\/10\/EMEC-une-fuerzas-con-Inspired-Villages-para-adoptar-BNG.jpg","type":"image\/jpeg"}],"author":"Pedro Mart\u00ednez","twitter_card":"summary_large_image","twitter_creator":"@stacatarinagob","twitter_site":"@stacatarinagob","twitter_misc":{"Escrito por":"Pedro Mart\u00ednez","Tiempo de lectura":"2 minutos"},"schema":{"@context":"https:\/\/schema.org","@graph":[{"@type":"Article","@id":"https:\/\/stacatarina.mx\/consejos\/emec-une-fuerzas-con-inspired-villages-para-adoptar-bng\/#article","isPartOf":{"@id":"https:\/\/stacatarina.mx\/consejos\/emec-une-fuerzas-con-inspired-villages-para-adoptar-bng\/"},"author":{"name":"Pedro Mart\u00ednez","@id":"https:\/\/stacatarina.mx\/consejos\/#\/schema\/person\/0be60adffa8e4c4d0828fdf021450e8a"},"headline":"EMEC une fuerzas con Inspired Villages para adoptar BNG","datePublished":"2024-10-26T22:23:58+00:00","dateModified":"2024-10-26T22:23:58+00:00","mainEntityOfPage":{"@id":"https:\/\/stacatarina.mx\/consejos\/emec-une-fuerzas-con-inspired-villages-para-adoptar-bng\/"},"wordCount":445,"publisher":{"@id":"https:\/\/stacatarina.mx\/consejos\/#organization"},"image":{"@id":"https:\/\/stacatarina.mx\/consejos\/emec-une-fuerzas-con-inspired-villages-para-adoptar-bng\/#primaryimage"},"thumbnailUrl":"https:\/\/stacatarina.mx\/consejos\/wp-content\/uploads\/2024\/10\/EMEC-une-fuerzas-con-Inspired-Villages-para-adoptar-BNG.jpg","keywords":["adoptar","BNG","con","EMEC","fuerzas","Inspired","para","une","Villages"],"articleSection":["Fauna y Flora"],"inLanguage":"es"},{"@type":"WebPage","@id":"https:\/\/stacatarina.mx\/consejos\/emec-une-fuerzas-con-inspired-villages-para-adoptar-bng\/","url":"https:\/\/stacatarina.mx\/consejos\/emec-une-fuerzas-con-inspired-villages-para-adoptar-bng\/","name":"EMEC une fuerzas con Inspired Villages para adoptar BNG - Consejos - Santa Catarina","isPartOf":{"@id":"https:\/\/stacatarina.mx\/consejos\/#website"},"primaryImageOfPage":{"@id":"https:\/\/stacatarina.mx\/consejos\/emec-une-fuerzas-con-inspired-villages-para-adoptar-bng\/#primaryimage"},"image":{"@id":"https:\/\/stacatarina.mx\/consejos\/emec-une-fuerzas-con-inspired-villages-para-adoptar-bng\/#primaryimage"},"thumbnailUrl":"https:\/\/stacatarina.mx\/consejos\/wp-content\/uploads\/2024\/10\/EMEC-une-fuerzas-con-Inspired-Villages-para-adoptar-BNG.jpg","datePublished":"2024-10-26T22:23:58+00:00","dateModified":"2024-10-26T22:23:58+00:00","breadcrumb":{"@id":"https:\/\/stacatarina.mx\/consejos\/emec-une-fuerzas-con-inspired-villages-para-adoptar-bng\/#breadcrumb"},"inLanguage":"es","potentialAction":[{"@type":"ReadAction","target":["https:\/\/stacatarina.mx\/consejos\/emec-une-fuerzas-con-inspired-villages-para-adoptar-bng\/"]}]},{"@type":"ImageObject","inLanguage":"es","@id":"https:\/\/stacatarina.mx\/consejos\/emec-une-fuerzas-con-inspired-villages-para-adoptar-bng\/#primaryimage","url":"https:\/\/stacatarina.mx\/consejos\/wp-content\/uploads\/2024\/10\/EMEC-une-fuerzas-con-Inspired-Villages-para-adoptar-BNG.jpg","contentUrl":"https:\/\/stacatarina.mx\/consejos\/wp-content\/uploads\/2024\/10\/EMEC-une-fuerzas-con-Inspired-Villages-para-adoptar-BNG.jpg","width":800,"height":411,"caption":"EMEC Joins Forces with Inspired Villages to embrace BNG"},{"@type":"BreadcrumbList","@id":"https:\/\/stacatarina.mx\/consejos\/emec-une-fuerzas-con-inspired-villages-para-adoptar-bng\/#breadcrumb","itemListElement":[{"@type":"ListItem","position":1,"name":"Inicio","item":"https:\/\/stacatarina.mx\/consejos\/"},{"@type":"ListItem","position":2,"name":"EMEC une fuerzas con Inspired Villages para adoptar BNG"}]},{"@type":"WebSite","@id":"https:\/\/stacatarina.mx\/consejos\/#website","url":"https:\/\/stacatarina.mx\/consejos\/","name":"Santa Catarina","description":"","publisher":{"@id":"https:\/\/stacatarina.mx\/consejos\/#organization"},"potentialAction":[{"@type":"SearchAction","target":{"@type":"EntryPoint","urlTemplate":"https:\/\/stacatarina.mx\/consejos\/?s={search_term_string}"},"query-input":{"@type":"PropertyValueSpecification","valueRequired":true,"valueName":"search_term_string"}}],"inLanguage":"es"},{"@type":"Organization","@id":"https:\/\/stacatarina.mx\/consejos\/#organization","name":"Santa Catarina","url":"https:\/\/stacatarina.mx\/consejos\/","logo":{"@type":"ImageObject","inLanguage":"es","@id":"https:\/\/stacatarina.mx\/consejos\/#\/schema\/logo\/image\/","url":"https:\/\/stacatarina.mx\/consejos\/wp-content\/uploads\/2024\/09\/cropped-favicon-1-1.png","contentUrl":"https:\/\/stacatarina.mx\/consejos\/wp-content\/uploads\/2024\/09\/cropped-favicon-1-1.png","width":512,"height":512,"caption":"Santa Catarina"},"image":{"@id":"https:\/\/stacatarina.mx\/consejos\/#\/schema\/logo\/image\/"},"sameAs":["https:\/\/www.facebook.com\/stacatarinagob\/","https:\/\/x.com\/stacatarinagob","https:\/\/www.instagram.com\/stacatarinagob\/","https:\/\/www.youtube.com\/channel\/UCK-6cQJL_904665N1_nLTWw"]},{"@type":"Person","@id":"https:\/\/stacatarina.mx\/consejos\/#\/schema\/person\/0be60adffa8e4c4d0828fdf021450e8a","name":"Pedro Mart\u00ednez","image":{"@type":"ImageObject","inLanguage":"es","@id":"https:\/\/stacatarina.mx\/consejos\/#\/schema\/person\/image\/","url":"https:\/\/stacatarina.mx\/consejos\/wp-content\/uploads\/2024\/09\/stacatarina.jpg","contentUrl":"https:\/\/stacatarina.mx\/consejos\/wp-content\/uploads\/2024\/09\/stacatarina.jpg","caption":"Pedro Mart\u00ednez"},"description":"Hola, soy Pedro Mart\u00ednez, redactor jefe del sitio oficial del ayuntamiento de Santa Catarina, en M\u00e9xico. Con m\u00e1s de diez a\u00f1os de experiencia en el periodismo local, tengo una pasi\u00f3n por la investigaci\u00f3n y la difusi\u00f3n de informaci\u00f3n que valoriza nuestra hermosa comunidad. Mi compromiso es hacer de Santa Catarina una referencia en materia de transparencia y comunicaci\u00f3n municipal.","sameAs":["https:\/\/stacatarina.mx\/"]}]}},"_links":{"self":[{"href":"https:\/\/stacatarina.mx\/consejos\/wp-json\/wp\/v2\/posts\/1075"}],"collection":[{"href":"https:\/\/stacatarina.mx\/consejos\/wp-json\/wp\/v2\/posts"}],"about":[{"href":"https:\/\/stacatarina.mx\/consejos\/wp-json\/wp\/v2\/types\/post"}],"author":[{"embeddable":true,"href":"https:\/\/stacatarina.mx\/consejos\/wp-json\/wp\/v2\/users\/1"}],"replies":[{"embeddable":true,"href":"https:\/\/stacatarina.mx\/consejos\/wp-json\/wp\/v2\/comments?post=1075"}],"version-history":[{"count":1,"href":"https:\/\/stacatarina.mx\/consejos\/wp-json\/wp\/v2\/posts\/1075\/revisions"}],"predecessor-version":[{"id":1077,"href":"https:\/\/stacatarina.mx\/consejos\/wp-json\/wp\/v2\/posts\/1075\/revisions\/1077"}],"wp:featuredmedia":[{"embeddable":true,"href":"https:\/\/stacatarina.mx\/consejos\/wp-json\/wp\/v2\/media\/1076"}],"wp:attachment":[{"href":"https:\/\/stacatarina.mx\/consejos\/wp-json\/wp\/v2\/media?parent=1075"}],"wp:term":[{"taxonomy":"category","embeddable":true,"href":"https:\/\/stacatarina.mx\/consejos\/wp-json\/wp\/v2\/categories?post=1075"},{"taxonomy":"post_tag","embeddable":true,"href":"https:\/\/stacatarina.mx\/consejos\/wp-json\/wp\/v2\/tags?post=1075"}],"curies":[{"name":"wp","href":"https:\/\/api.w.org\/{rel}","templated":true}]}}