{"id":10851,"date":"2026-08-31T04:52:24","date_gmt":"2026-08-31T10:52:24","guid":{"rendered":"https:\/\/stacatarina.mx\/consejos\/tengo-la-enfermedad-de-parkinson-fue-un-golpe-terrible-dario-franceschini-habla-sobre-la-enfermedad-y-el-sintoma-notado-por-un-amigo\/"},"modified":"2026-08-31T04:52:27","modified_gmt":"2026-08-31T10:52:27","slug":"tengo-la-enfermedad-de-parkinson-fue-un-golpe-terrible-dario-franceschini-habla-sobre-la-enfermedad-y-el-sintoma-notado-por-un-amigo","status":"publish","type":"post","link":"https:\/\/stacatarina.mx\/consejos\/tengo-la-enfermedad-de-parkinson-fue-un-golpe-terrible-dario-franceschini-habla-sobre-la-enfermedad-y-el-sintoma-notado-por-un-amigo\/","title":{"rendered":"\u201cTengo la enfermedad de Parkinson, fue un golpe terrible\u201d: Dario Franceschini habla sobre la enfermedad (y el s\u00edntoma notado por un amigo)"},"content":{"rendered":"<p><\/p>\n<p>Dario Franceschini, senador del Partido Dem\u00f3crata y ex ministro de Cultura, hizo p\u00fablica por primera vez su enfermedad en una entrevista al Corriere della Sera, firmada por Fabrizio Roncone. \u201c<em>Tengo Parkinson. Me diagnosticaron en noviembre de 2020.<\/em>&#8220;, dice el senador de 67 a\u00f1os. Lo que le hizo sospechar en ese momento fue un amigo que not\u00f3 c\u00f3mo mov\u00eda las manos; su colega Graziano Delrio, m\u00e9dico y parlamentario, le aconsej\u00f3 entonces que lo examinaran para detectar un modo de caminar que arrastraba los pies. Franceschini describe el diagn\u00f3stico en t\u00e9rminos claros: &#8220;<em>El diagn\u00f3stico fue un golpe tremendo.<\/em>&#8220;, dice, recordando que inmediatamente pens\u00f3 en su esposa Michela Di Biase y en sus hijas. El primer instinto, explica, fue ocultar la enfermedad, debido a la verg\u00fcenza que a menudo acompa\u00f1a a los s\u00edntomas motores. Ha elegido hablar de ello ahora para enviar un mensaje a quienes viven su misma condici\u00f3n: &#8220;<em><\/em>\u201c.<\/p>\n<h2>S\u00edntomas que no deben subestimarse<\/h2>\n<p>Seg\u00fan la ficha t\u00e9cnica del Instituto Superior de Sanidad, el Parkinson se manifiesta con rigidez muscular, temblores en reposo (que pueden aumentar en estados de ansiedad) y bradicinesia, es decir, dificultad para iniciar o completar un movimiento.<\/p>\n<p>A medida que avanza la enfermedad, pueden aparecer trastornos del equilibrio, marchas torpes, posturas encorvadas, adem\u00e1s de s\u00edntomas menos visibles como depresi\u00f3n y lentitud en el habla, precisamente los signos que, como cuenta el propio Franceschini, empujan a menudo a quienes la padecen a aislarse por verg\u00fcenza.<\/p>\n<h2>Terapias actuales<\/h2>\n<p>Hasta la fecha, no existe ninguna cura que frene la enfermedad: las terapias disponibles act\u00faan sobre los s\u00edntomas. La ISS indica como primera l\u00ednea f\u00e1rmacos que restablecen los niveles de dopamina (L-dopa, agonistas dopamin\u00e9rgicos, anticolin\u00e9rgicos, amantadina, selegilina, inhibidores de la Comt) calibrados caso por caso por un equipo que incluye neur\u00f3logos, fisioterapeutas y logopedas.<\/p>\n<p>En los casos en que los f\u00e1rmacos ya no sean suficientes para controlar los s\u00edntomas, se puede recurrir a la cirug\u00eda: la operaci\u00f3n m\u00e1s com\u00fan consiste en la implantaci\u00f3n de electrodos para la estimulaci\u00f3n cerebral profunda de los n\u00facleos subtal\u00e1micos, una t\u00e9cnica que la ISS define hoy como la m\u00e1s eficaz entre las disponibles.<\/p>\n<p>&nbsp;<\/p>\n","protected":false},"excerpt":{"rendered":"<p>Dario Franceschini, senador del Partido Dem\u00f3crata y ex ministro de Cultura, hizo p\u00fablica por primera vez su enfermedad en una entrevista al Corriere della Sera,<\/p>\n","protected":false},"author":1,"featured_media":10852,"comment_status":"closed","ping_status":"","sticky":false,"template":"","format":"standard","meta":{"footnotes":""},"categories":[762],"tags":[1497,9778,810,9779,614,9777,183,9780,958,112,4996,279,9732,7597],"class_list":["post-10851","post","type-post","status-publish","format-standard","has-post-thumbnail","hentry","category-salud","tag-amigo","tag-dario","tag-enfermedad","tag-franceschini","tag-fue","tag-golpe","tag-habla","tag-notado","tag-parkinson","tag-por","tag-sintoma","tag-sobre","tag-tengo","tag-terrible","generate-columns","tablet-grid-50","mobile-grid-100","grid-parent","grid-50"],"yoast_head":"<!-- This site is optimized with the Yoast SEO plugin v23.4 - https:\/\/yoast.com\/wordpress\/plugins\/seo\/ -->\n<title>\u201cTengo la enfermedad de Parkinson, fue un golpe terrible\u201d: Dario Franceschini habla sobre la enfermedad (y el s\u00edntoma notado por un amigo) - Consejos - Santa Catarina<\/title>\n<meta name=\"robots\" content=\"index, follow, max-snippet:-1, max-image-preview:large, max-video-preview:-1\" \/>\n<link rel=\"canonical\" href=\"https:\/\/stacatarina.mx\/consejos\/tengo-la-enfermedad-de-parkinson-fue-un-golpe-terrible-dario-franceschini-habla-sobre-la-enfermedad-y-el-sintoma-notado-por-un-amigo\/\" \/>\n<meta property=\"og:locale\" content=\"es_MX\" \/>\n<meta property=\"og:type\" content=\"article\" \/>\n<meta property=\"og:title\" content=\"\u201cTengo la enfermedad de Parkinson, fue un golpe terrible\u201d: Dario Franceschini habla sobre la enfermedad (y el s\u00edntoma notado por un amigo) - Consejos - Santa Catarina\" \/>\n<meta property=\"og:description\" content=\"Dario Franceschini, senador del Partido Dem\u00f3crata y ex ministro de Cultura, hizo p\u00fablica por primera vez su enfermedad en una entrevista al Corriere della Sera,\" \/>\n<meta property=\"og:url\" content=\"https:\/\/stacatarina.mx\/consejos\/tengo-la-enfermedad-de-parkinson-fue-un-golpe-terrible-dario-franceschini-habla-sobre-la-enfermedad-y-el-sintoma-notado-por-un-amigo\/\" \/>\n<meta property=\"og:site_name\" content=\"Santa Catarina\" \/>\n<meta property=\"article:publisher\" content=\"https:\/\/www.facebook.com\/stacatarinagob\/\" \/>\n<meta property=\"article:published_time\" content=\"2026-08-31T10:52:24+00:00\" \/>\n<meta property=\"article:modified_time\" content=\"2026-08-31T10:52:27+00:00\" \/>\n<meta property=\"og:image\" content=\"https:\/\/stacatarina.mx\/consejos\/wp-content\/uploads\/2026\/08\/Tengo-la-enfermedad-de-Parkinson-fue-un-golpe-terrible-Dario.jpg\" \/>\n\t<meta property=\"og:image:width\" content=\"1500\" \/>\n\t<meta property=\"og:image:height\" content=\"1000\" \/>\n\t<meta property=\"og:image:type\" content=\"image\/jpeg\" \/>\n<meta name=\"author\" content=\"Pedro Mart\u00ednez\" \/>\n<meta name=\"twitter:card\" content=\"summary_large_image\" \/>\n<meta name=\"twitter:creator\" content=\"@stacatarinagob\" \/>\n<meta name=\"twitter:site\" content=\"@stacatarinagob\" \/>\n<meta name=\"twitter:label1\" content=\"Escrito por\" \/>\n\t<meta name=\"twitter:data1\" content=\"Pedro Mart\u00ednez\" \/>\n\t<meta name=\"twitter:label2\" content=\"Tiempo de lectura\" \/>\n\t<meta name=\"twitter:data2\" content=\"2 minutos\" \/>\n<script type=\"application\/ld+json\" class=\"yoast-schema-graph\">{\"@context\":\"https:\/\/schema.org\",\"@graph\":[{\"@type\":\"Article\",\"@id\":\"https:\/\/stacatarina.mx\/consejos\/tengo-la-enfermedad-de-parkinson-fue-un-golpe-terrible-dario-franceschini-habla-sobre-la-enfermedad-y-el-sintoma-notado-por-un-amigo\/#article\",\"isPartOf\":{\"@id\":\"https:\/\/stacatarina.mx\/consejos\/tengo-la-enfermedad-de-parkinson-fue-un-golpe-terrible-dario-franceschini-habla-sobre-la-enfermedad-y-el-sintoma-notado-por-un-amigo\/\"},\"author\":{\"name\":\"Pedro Mart\u00ednez\",\"@id\":\"https:\/\/stacatarina.mx\/consejos\/#\/schema\/person\/0be60adffa8e4c4d0828fdf021450e8a\"},\"headline\":\"\u201cTengo la enfermedad de Parkinson, fue un golpe terrible\u201d: Dario Franceschini habla sobre la enfermedad (y el s\u00edntoma notado por un amigo)\",\"datePublished\":\"2026-08-31T10:52:24+00:00\",\"dateModified\":\"2026-08-31T10:52:27+00:00\",\"mainEntityOfPage\":{\"@id\":\"https:\/\/stacatarina.mx\/consejos\/tengo-la-enfermedad-de-parkinson-fue-un-golpe-terrible-dario-franceschini-habla-sobre-la-enfermedad-y-el-sintoma-notado-por-un-amigo\/\"},\"wordCount\":407,\"publisher\":{\"@id\":\"https:\/\/stacatarina.mx\/consejos\/#organization\"},\"image\":{\"@id\":\"https:\/\/stacatarina.mx\/consejos\/tengo-la-enfermedad-de-parkinson-fue-un-golpe-terrible-dario-franceschini-habla-sobre-la-enfermedad-y-el-sintoma-notado-por-un-amigo\/#primaryimage\"},\"thumbnailUrl\":\"https:\/\/stacatarina.mx\/consejos\/wp-content\/uploads\/2026\/08\/Tengo-la-enfermedad-de-Parkinson-fue-un-golpe-terrible-Dario.jpg\",\"keywords\":[\"Amigo\",\"Dario\",\"enfermedad\",\"Franceschini\",\"fue\",\"golpe\",\"habla\",\"notado\",\"Parkinson\",\"por\",\"s\u00edntoma\",\"sobre\",\"tengo\",\"terrible\"],\"articleSection\":[\"Salud\"],\"inLanguage\":\"es\"},{\"@type\":\"WebPage\",\"@id\":\"https:\/\/stacatarina.mx\/consejos\/tengo-la-enfermedad-de-parkinson-fue-un-golpe-terrible-dario-franceschini-habla-sobre-la-enfermedad-y-el-sintoma-notado-por-un-amigo\/\",\"url\":\"https:\/\/stacatarina.mx\/consejos\/tengo-la-enfermedad-de-parkinson-fue-un-golpe-terrible-dario-franceschini-habla-sobre-la-enfermedad-y-el-sintoma-notado-por-un-amigo\/\",\"name\":\"\u201cTengo la enfermedad de Parkinson, fue un golpe terrible\u201d: Dario Franceschini habla sobre la enfermedad (y el s\u00edntoma notado por un amigo) - Consejos - Santa Catarina\",\"isPartOf\":{\"@id\":\"https:\/\/stacatarina.mx\/consejos\/#website\"},\"primaryImageOfPage\":{\"@id\":\"https:\/\/stacatarina.mx\/consejos\/tengo-la-enfermedad-de-parkinson-fue-un-golpe-terrible-dario-franceschini-habla-sobre-la-enfermedad-y-el-sintoma-notado-por-un-amigo\/#primaryimage\"},\"image\":{\"@id\":\"https:\/\/stacatarina.mx\/consejos\/tengo-la-enfermedad-de-parkinson-fue-un-golpe-terrible-dario-franceschini-habla-sobre-la-enfermedad-y-el-sintoma-notado-por-un-amigo\/#primaryimage\"},\"thumbnailUrl\":\"https:\/\/stacatarina.mx\/consejos\/wp-content\/uploads\/2026\/08\/Tengo-la-enfermedad-de-Parkinson-fue-un-golpe-terrible-Dario.jpg\",\"datePublished\":\"2026-08-31T10:52:24+00:00\",\"dateModified\":\"2026-08-31T10:52:27+00:00\",\"breadcrumb\":{\"@id\":\"https:\/\/stacatarina.mx\/consejos\/tengo-la-enfermedad-de-parkinson-fue-un-golpe-terrible-dario-franceschini-habla-sobre-la-enfermedad-y-el-sintoma-notado-por-un-amigo\/#breadcrumb\"},\"inLanguage\":\"es\",\"potentialAction\":[{\"@type\":\"ReadAction\",\"target\":[\"https:\/\/stacatarina.mx\/consejos\/tengo-la-enfermedad-de-parkinson-fue-un-golpe-terrible-dario-franceschini-habla-sobre-la-enfermedad-y-el-sintoma-notado-por-un-amigo\/\"]}]},{\"@type\":\"ImageObject\",\"inLanguage\":\"es\",\"@id\":\"https:\/\/stacatarina.mx\/consejos\/tengo-la-enfermedad-de-parkinson-fue-un-golpe-terrible-dario-franceschini-habla-sobre-la-enfermedad-y-el-sintoma-notado-por-un-amigo\/#primaryimage\",\"url\":\"https:\/\/stacatarina.mx\/consejos\/wp-content\/uploads\/2026\/08\/Tengo-la-enfermedad-de-Parkinson-fue-un-golpe-terrible-Dario.jpg\",\"contentUrl\":\"https:\/\/stacatarina.mx\/consejos\/wp-content\/uploads\/2026\/08\/Tengo-la-enfermedad-de-Parkinson-fue-un-golpe-terrible-Dario.jpg\",\"width\":1500,\"height\":1000,\"caption\":\"franceschini\"},{\"@type\":\"BreadcrumbList\",\"@id\":\"https:\/\/stacatarina.mx\/consejos\/tengo-la-enfermedad-de-parkinson-fue-un-golpe-terrible-dario-franceschini-habla-sobre-la-enfermedad-y-el-sintoma-notado-por-un-amigo\/#breadcrumb\",\"itemListElement\":[{\"@type\":\"ListItem\",\"position\":1,\"name\":\"Inicio\",\"item\":\"https:\/\/stacatarina.mx\/consejos\/\"},{\"@type\":\"ListItem\",\"position\":2,\"name\":\"\u201cTengo la enfermedad de Parkinson, fue un golpe terrible\u201d: Dario Franceschini habla sobre la enfermedad (y el s\u00edntoma notado por un amigo)\"}]},{\"@type\":\"WebSite\",\"@id\":\"https:\/\/stacatarina.mx\/consejos\/#website\",\"url\":\"https:\/\/stacatarina.mx\/consejos\/\",\"name\":\"Santa Catarina\",\"description\":\"\",\"publisher\":{\"@id\":\"https:\/\/stacatarina.mx\/consejos\/#organization\"},\"potentialAction\":[{\"@type\":\"SearchAction\",\"target\":{\"@type\":\"EntryPoint\",\"urlTemplate\":\"https:\/\/stacatarina.mx\/consejos\/?s={search_term_string}\"},\"query-input\":{\"@type\":\"PropertyValueSpecification\",\"valueRequired\":true,\"valueName\":\"search_term_string\"}}],\"inLanguage\":\"es\"},{\"@type\":\"Organization\",\"@id\":\"https:\/\/stacatarina.mx\/consejos\/#organization\",\"name\":\"Santa Catarina\",\"url\":\"https:\/\/stacatarina.mx\/consejos\/\",\"logo\":{\"@type\":\"ImageObject\",\"inLanguage\":\"es\",\"@id\":\"https:\/\/stacatarina.mx\/consejos\/#\/schema\/logo\/image\/\",\"url\":\"https:\/\/stacatarina.mx\/consejos\/wp-content\/uploads\/2024\/09\/cropped-favicon-1-1.png\",\"contentUrl\":\"https:\/\/stacatarina.mx\/consejos\/wp-content\/uploads\/2024\/09\/cropped-favicon-1-1.png\",\"width\":512,\"height\":512,\"caption\":\"Santa Catarina\"},\"image\":{\"@id\":\"https:\/\/stacatarina.mx\/consejos\/#\/schema\/logo\/image\/\"},\"sameAs\":[\"https:\/\/www.facebook.com\/stacatarinagob\/\",\"https:\/\/x.com\/stacatarinagob\",\"https:\/\/www.instagram.com\/stacatarinagob\/\",\"https:\/\/www.youtube.com\/channel\/UCK-6cQJL_904665N1_nLTWw\"]},{\"@type\":\"Person\",\"@id\":\"https:\/\/stacatarina.mx\/consejos\/#\/schema\/person\/0be60adffa8e4c4d0828fdf021450e8a\",\"name\":\"Pedro Mart\u00ednez\",\"image\":{\"@type\":\"ImageObject\",\"inLanguage\":\"es\",\"@id\":\"https:\/\/stacatarina.mx\/consejos\/#\/schema\/person\/image\/\",\"url\":\"https:\/\/stacatarina.mx\/consejos\/wp-content\/uploads\/2024\/09\/stacatarina.jpg\",\"contentUrl\":\"https:\/\/stacatarina.mx\/consejos\/wp-content\/uploads\/2024\/09\/stacatarina.jpg\",\"caption\":\"Pedro Mart\u00ednez\"},\"description\":\"Hola, soy Pedro Mart\u00ednez, redactor jefe del sitio oficial del ayuntamiento de Santa Catarina, en M\u00e9xico. Con m\u00e1s de diez a\u00f1os de experiencia en el periodismo local, tengo una pasi\u00f3n por la investigaci\u00f3n y la difusi\u00f3n de informaci\u00f3n que valoriza nuestra hermosa comunidad. Mi compromiso es hacer de Santa Catarina una referencia en materia de transparencia y comunicaci\u00f3n municipal.\",\"sameAs\":[\"https:\/\/stacatarina.mx\/\"]}]}<\/script>\n<!-- \/ Yoast SEO plugin. -->","yoast_head_json":{"title":"\u201cTengo la enfermedad de Parkinson, fue un golpe terrible\u201d: Dario Franceschini habla sobre la enfermedad (y el s\u00edntoma notado por un amigo) - Consejos - Santa Catarina","robots":{"index":"index","follow":"follow","max-snippet":"max-snippet:-1","max-image-preview":"max-image-preview:large","max-video-preview":"max-video-preview:-1"},"canonical":"https:\/\/stacatarina.mx\/consejos\/tengo-la-enfermedad-de-parkinson-fue-un-golpe-terrible-dario-franceschini-habla-sobre-la-enfermedad-y-el-sintoma-notado-por-un-amigo\/","og_locale":"es_MX","og_type":"article","og_title":"\u201cTengo la enfermedad de Parkinson, fue un golpe terrible\u201d: Dario Franceschini habla sobre la enfermedad (y el s\u00edntoma notado por un amigo) - Consejos - Santa Catarina","og_description":"Dario Franceschini, senador del Partido Dem\u00f3crata y ex ministro de Cultura, hizo p\u00fablica por primera vez su enfermedad en una entrevista al Corriere della Sera,","og_url":"https:\/\/stacatarina.mx\/consejos\/tengo-la-enfermedad-de-parkinson-fue-un-golpe-terrible-dario-franceschini-habla-sobre-la-enfermedad-y-el-sintoma-notado-por-un-amigo\/","og_site_name":"Santa Catarina","article_publisher":"https:\/\/www.facebook.com\/stacatarinagob\/","article_published_time":"2026-08-31T10:52:24+00:00","article_modified_time":"2026-08-31T10:52:27+00:00","og_image":[{"width":1500,"height":1000,"url":"https:\/\/stacatarina.mx\/consejos\/wp-content\/uploads\/2026\/08\/Tengo-la-enfermedad-de-Parkinson-fue-un-golpe-terrible-Dario.jpg","type":"image\/jpeg"}],"author":"Pedro Mart\u00ednez","twitter_card":"summary_large_image","twitter_creator":"@stacatarinagob","twitter_site":"@stacatarinagob","twitter_misc":{"Escrito por":"Pedro Mart\u00ednez","Tiempo de lectura":"2 minutos"},"schema":{"@context":"https:\/\/schema.org","@graph":[{"@type":"Article","@id":"https:\/\/stacatarina.mx\/consejos\/tengo-la-enfermedad-de-parkinson-fue-un-golpe-terrible-dario-franceschini-habla-sobre-la-enfermedad-y-el-sintoma-notado-por-un-amigo\/#article","isPartOf":{"@id":"https:\/\/stacatarina.mx\/consejos\/tengo-la-enfermedad-de-parkinson-fue-un-golpe-terrible-dario-franceschini-habla-sobre-la-enfermedad-y-el-sintoma-notado-por-un-amigo\/"},"author":{"name":"Pedro Mart\u00ednez","@id":"https:\/\/stacatarina.mx\/consejos\/#\/schema\/person\/0be60adffa8e4c4d0828fdf021450e8a"},"headline":"\u201cTengo la enfermedad de Parkinson, fue un golpe terrible\u201d: Dario Franceschini habla sobre la enfermedad (y el s\u00edntoma notado por un amigo)","datePublished":"2026-08-31T10:52:24+00:00","dateModified":"2026-08-31T10:52:27+00:00","mainEntityOfPage":{"@id":"https:\/\/stacatarina.mx\/consejos\/tengo-la-enfermedad-de-parkinson-fue-un-golpe-terrible-dario-franceschini-habla-sobre-la-enfermedad-y-el-sintoma-notado-por-un-amigo\/"},"wordCount":407,"publisher":{"@id":"https:\/\/stacatarina.mx\/consejos\/#organization"},"image":{"@id":"https:\/\/stacatarina.mx\/consejos\/tengo-la-enfermedad-de-parkinson-fue-un-golpe-terrible-dario-franceschini-habla-sobre-la-enfermedad-y-el-sintoma-notado-por-un-amigo\/#primaryimage"},"thumbnailUrl":"https:\/\/stacatarina.mx\/consejos\/wp-content\/uploads\/2026\/08\/Tengo-la-enfermedad-de-Parkinson-fue-un-golpe-terrible-Dario.jpg","keywords":["Amigo","Dario","enfermedad","Franceschini","fue","golpe","habla","notado","Parkinson","por","s\u00edntoma","sobre","tengo","terrible"],"articleSection":["Salud"],"inLanguage":"es"},{"@type":"WebPage","@id":"https:\/\/stacatarina.mx\/consejos\/tengo-la-enfermedad-de-parkinson-fue-un-golpe-terrible-dario-franceschini-habla-sobre-la-enfermedad-y-el-sintoma-notado-por-un-amigo\/","url":"https:\/\/stacatarina.mx\/consejos\/tengo-la-enfermedad-de-parkinson-fue-un-golpe-terrible-dario-franceschini-habla-sobre-la-enfermedad-y-el-sintoma-notado-por-un-amigo\/","name":"\u201cTengo la enfermedad de Parkinson, fue un golpe terrible\u201d: Dario Franceschini habla sobre la enfermedad (y el s\u00edntoma notado por un amigo) - Consejos - Santa Catarina","isPartOf":{"@id":"https:\/\/stacatarina.mx\/consejos\/#website"},"primaryImageOfPage":{"@id":"https:\/\/stacatarina.mx\/consejos\/tengo-la-enfermedad-de-parkinson-fue-un-golpe-terrible-dario-franceschini-habla-sobre-la-enfermedad-y-el-sintoma-notado-por-un-amigo\/#primaryimage"},"image":{"@id":"https:\/\/stacatarina.mx\/consejos\/tengo-la-enfermedad-de-parkinson-fue-un-golpe-terrible-dario-franceschini-habla-sobre-la-enfermedad-y-el-sintoma-notado-por-un-amigo\/#primaryimage"},"thumbnailUrl":"https:\/\/stacatarina.mx\/consejos\/wp-content\/uploads\/2026\/08\/Tengo-la-enfermedad-de-Parkinson-fue-un-golpe-terrible-Dario.jpg","datePublished":"2026-08-31T10:52:24+00:00","dateModified":"2026-08-31T10:52:27+00:00","breadcrumb":{"@id":"https:\/\/stacatarina.mx\/consejos\/tengo-la-enfermedad-de-parkinson-fue-un-golpe-terrible-dario-franceschini-habla-sobre-la-enfermedad-y-el-sintoma-notado-por-un-amigo\/#breadcrumb"},"inLanguage":"es","potentialAction":[{"@type":"ReadAction","target":["https:\/\/stacatarina.mx\/consejos\/tengo-la-enfermedad-de-parkinson-fue-un-golpe-terrible-dario-franceschini-habla-sobre-la-enfermedad-y-el-sintoma-notado-por-un-amigo\/"]}]},{"@type":"ImageObject","inLanguage":"es","@id":"https:\/\/stacatarina.mx\/consejos\/tengo-la-enfermedad-de-parkinson-fue-un-golpe-terrible-dario-franceschini-habla-sobre-la-enfermedad-y-el-sintoma-notado-por-un-amigo\/#primaryimage","url":"https:\/\/stacatarina.mx\/consejos\/wp-content\/uploads\/2026\/08\/Tengo-la-enfermedad-de-Parkinson-fue-un-golpe-terrible-Dario.jpg","contentUrl":"https:\/\/stacatarina.mx\/consejos\/wp-content\/uploads\/2026\/08\/Tengo-la-enfermedad-de-Parkinson-fue-un-golpe-terrible-Dario.jpg","width":1500,"height":1000,"caption":"franceschini"},{"@type":"BreadcrumbList","@id":"https:\/\/stacatarina.mx\/consejos\/tengo-la-enfermedad-de-parkinson-fue-un-golpe-terrible-dario-franceschini-habla-sobre-la-enfermedad-y-el-sintoma-notado-por-un-amigo\/#breadcrumb","itemListElement":[{"@type":"ListItem","position":1,"name":"Inicio","item":"https:\/\/stacatarina.mx\/consejos\/"},{"@type":"ListItem","position":2,"name":"\u201cTengo la enfermedad de Parkinson, fue un golpe terrible\u201d: Dario Franceschini habla sobre la enfermedad (y el s\u00edntoma notado por un amigo)"}]},{"@type":"WebSite","@id":"https:\/\/stacatarina.mx\/consejos\/#website","url":"https:\/\/stacatarina.mx\/consejos\/","name":"Santa Catarina","description":"","publisher":{"@id":"https:\/\/stacatarina.mx\/consejos\/#organization"},"potentialAction":[{"@type":"SearchAction","target":{"@type":"EntryPoint","urlTemplate":"https:\/\/stacatarina.mx\/consejos\/?s={search_term_string}"},"query-input":{"@type":"PropertyValueSpecification","valueRequired":true,"valueName":"search_term_string"}}],"inLanguage":"es"},{"@type":"Organization","@id":"https:\/\/stacatarina.mx\/consejos\/#organization","name":"Santa Catarina","url":"https:\/\/stacatarina.mx\/consejos\/","logo":{"@type":"ImageObject","inLanguage":"es","@id":"https:\/\/stacatarina.mx\/consejos\/#\/schema\/logo\/image\/","url":"https:\/\/stacatarina.mx\/consejos\/wp-content\/uploads\/2024\/09\/cropped-favicon-1-1.png","contentUrl":"https:\/\/stacatarina.mx\/consejos\/wp-content\/uploads\/2024\/09\/cropped-favicon-1-1.png","width":512,"height":512,"caption":"Santa Catarina"},"image":{"@id":"https:\/\/stacatarina.mx\/consejos\/#\/schema\/logo\/image\/"},"sameAs":["https:\/\/www.facebook.com\/stacatarinagob\/","https:\/\/x.com\/stacatarinagob","https:\/\/www.instagram.com\/stacatarinagob\/","https:\/\/www.youtube.com\/channel\/UCK-6cQJL_904665N1_nLTWw"]},{"@type":"Person","@id":"https:\/\/stacatarina.mx\/consejos\/#\/schema\/person\/0be60adffa8e4c4d0828fdf021450e8a","name":"Pedro Mart\u00ednez","image":{"@type":"ImageObject","inLanguage":"es","@id":"https:\/\/stacatarina.mx\/consejos\/#\/schema\/person\/image\/","url":"https:\/\/stacatarina.mx\/consejos\/wp-content\/uploads\/2024\/09\/stacatarina.jpg","contentUrl":"https:\/\/stacatarina.mx\/consejos\/wp-content\/uploads\/2024\/09\/stacatarina.jpg","caption":"Pedro Mart\u00ednez"},"description":"Hola, soy Pedro Mart\u00ednez, redactor jefe del sitio oficial del ayuntamiento de Santa Catarina, en M\u00e9xico. Con m\u00e1s de diez a\u00f1os de experiencia en el periodismo local, tengo una pasi\u00f3n por la investigaci\u00f3n y la difusi\u00f3n de informaci\u00f3n que valoriza nuestra hermosa comunidad. Mi compromiso es hacer de Santa Catarina una referencia en materia de transparencia y comunicaci\u00f3n municipal.","sameAs":["https:\/\/stacatarina.mx\/"]}]}},"_links":{"self":[{"href":"https:\/\/stacatarina.mx\/consejos\/wp-json\/wp\/v2\/posts\/10851"}],"collection":[{"href":"https:\/\/stacatarina.mx\/consejos\/wp-json\/wp\/v2\/posts"}],"about":[{"href":"https:\/\/stacatarina.mx\/consejos\/wp-json\/wp\/v2\/types\/post"}],"author":[{"embeddable":true,"href":"https:\/\/stacatarina.mx\/consejos\/wp-json\/wp\/v2\/users\/1"}],"replies":[{"embeddable":true,"href":"https:\/\/stacatarina.mx\/consejos\/wp-json\/wp\/v2\/comments?post=10851"}],"version-history":[{"count":1,"href":"https:\/\/stacatarina.mx\/consejos\/wp-json\/wp\/v2\/posts\/10851\/revisions"}],"predecessor-version":[{"id":10853,"href":"https:\/\/stacatarina.mx\/consejos\/wp-json\/wp\/v2\/posts\/10851\/revisions\/10853"}],"wp:featuredmedia":[{"embeddable":true,"href":"https:\/\/stacatarina.mx\/consejos\/wp-json\/wp\/v2\/media\/10852"}],"wp:attachment":[{"href":"https:\/\/stacatarina.mx\/consejos\/wp-json\/wp\/v2\/media?parent=10851"}],"wp:term":[{"taxonomy":"category","embeddable":true,"href":"https:\/\/stacatarina.mx\/consejos\/wp-json\/wp\/v2\/categories?post=10851"},{"taxonomy":"post_tag","embeddable":true,"href":"https:\/\/stacatarina.mx\/consejos\/wp-json\/wp\/v2\/tags?post=10851"}],"curies":[{"name":"wp","href":"https:\/\/api.w.org\/{rel}","templated":true}]}}