{"id":10866,"date":"2026-09-01T03:52:36","date_gmt":"2026-09-01T09:52:36","guid":{"rendered":"https:\/\/stacatarina.mx\/consejos\/otro-ano-record-para-los-charranes-pequenos-en-el-estuario-de-humber\/"},"modified":"2026-09-01T03:52:38","modified_gmt":"2026-09-01T09:52:38","slug":"otro-ano-record-para-los-charranes-pequenos-en-el-estuario-de-humber","status":"publish","type":"post","link":"https:\/\/stacatarina.mx\/consejos\/otro-ano-record-para-los-charranes-pequenos-en-el-estuario-de-humber\/","title":{"rendered":"Otro a\u00f1o r\u00e9cord para los charranes peque\u00f1os en el estuario de Humber"},"content":{"rendered":"<div class=\"entry-content\">\n<p class=\"wp-block-paragraph\">149 polluelos de charr\u00e1ncito volaron este verano cuando las parejas reproductoras alcanzaron su nivel m\u00e1s alto desde que comenz\u00f3 este proyecto de conservaci\u00f3n hace 50 a\u00f1os.<\/p>\n<ul class=\"wp-block-list\">\n<li>Otro a\u00f1o r\u00e9cord: las parejas reproductoras de charrancito aumentaron de 105 en 2025 a 116 en 2026, el n\u00famero m\u00e1s alto registrado en m\u00e1s de cincuenta a\u00f1os.<\/li>\n<li>149 polluelos nacieron en Beacon Lagoons este verano, en comparaci\u00f3n con 107 en 2025.<\/li>\n<li>La \u00fanica colonia de charrancitos que queda en Yorkshire sigue prosperando gracias a d\u00e9cadas de dedicado trabajo de conservaci\u00f3n.<\/li>\n<li>La gesti\u00f3n del h\u00e1bitat completada en la primavera ha creado \u00e1reas arenosas abiertas para que aniden los charranes peque\u00f1os, adem\u00e1s de vigilancia dedicada y protecci\u00f3n las 24 horas.<\/li>\n<li>Spurn Bird Observatory Trust ha liderado el plan de protecci\u00f3n de Little Tern, con el apoyo de RSPB, Yorkshire Wildlife Trust, Natural England, la Agencia de Medio Ambiente, Humber Nature Partnership y South Holderness Countryside Society.<\/li>\n<\/ul>\n<p class=\"wp-block-paragraph\">Los esfuerzos de conservaci\u00f3n en Beacon Lagoons, financiados por el Heritage Lottery Fund, en el estuario de Humber, han logrado el segundo a\u00f1o consecutivo de r\u00e9cord para una de las aves marinas m\u00e1s raras del Reino Unido, el charr\u00e1n peque\u00f1o, con un n\u00famero de parejas reproductoras que aument\u00f3 a 116, frente a 105 en 2025 (que tambi\u00e9n fue un a\u00f1o r\u00e9cord). En 2024 solo hab\u00eda 59 parejas reproductoras, y ahora, en el quincuag\u00e9simo a\u00f1o del proyecto de conservaci\u00f3n, las cifras se encuentran en un nivel r\u00e9cord.<\/p>\n<p class=\"wp-block-paragraph\">Spurn Bird Observatory Trust ha liderado el plan de protecci\u00f3n de Little Tern, con el apoyo de RSPB, Yorkshire Wildlife Trust, Natural England, la Agencia de Medio Ambiente, Humber Nature Partnership y South Holderness Countryside Society.<\/p>\n<p class=\"wp-block-paragraph\">Beacon Lagoons, cerca de Kilnsea, East Yorkshire, en la ruta migratoria del Atl\u00e1ntico este, es ahora la \u00fanica colonia de charr\u00e1n peque\u00f1o que queda en Yorkshire. A\u00fan m\u00e1s motivo para celebrar ha sido el n\u00famero de j\u00f3venes que han crecido con \u00e9xito. 149 polluelos de charr\u00e1ncito abandonaron la colonia este verano, en comparaci\u00f3n con 107 el a\u00f1o pasado, lo que convierte a 2026 en el a\u00f1o de reproducci\u00f3n m\u00e1s exitoso de la colonia en m\u00e1s de cincuenta a\u00f1os.<\/p>\n<p class=\"wp-block-paragraph\">El \u00e9xito continuo de la colonia se atribuye a los dedicados esfuerzos de vigilancia durante muchos a\u00f1os, junto con una cuidadosa gesti\u00f3n del h\u00e1bitat. Donde la vegetaci\u00f3n hab\u00eda comenzado a invadir la playa, se ha limpiado para crear las \u00e1reas arenosas abiertas que los charranes peque\u00f1os necesitan para anidar. <\/p>\n<p class=\"wp-block-paragraph\">Este verano, tres guardias y un dedicado equipo de voluntarios ayudaron a proteger la colonia: el guardia principal Tate Lloyd, del sur de Gales, en su tercer a\u00f1o trabajando en el proyecto; la subdirectora Eleanor Biggs, de North Yorkshire, en su primer a\u00f1o como celadora; y la subdirectora Ursula Scuderi, de Italia, tambi\u00e9n en su primer a\u00f1o. Entre ellos, estos j\u00f3venes conservacionistas han brindado cientos de horas de monitoreo dedicado, ofreciendo vigilancia las 24 horas.<\/p>\n<p class=\"wp-block-paragraph\">Tate Lloyd dijo: &#8220;\u00a1He estado trabajando en este proyecto durante tres a\u00f1os y sigo regresando por m\u00e1s! Cada a\u00f1o, ver a los peque\u00f1os charranes llegar, anidar y criar a sus polluelos ha sido algo muy especial. La comunidad local aqu\u00ed tambi\u00e9n nos ha ayudado a proteger estas preciosas aves, ayudando a garantizar que a los peque\u00f1os charranes se les haya dado el espacio que necesitan para anidar y reproducirse. Todos est\u00e1n orgullosos de lo que se ha logrado&#8221;.<\/p>\n<p class=\"wp-block-paragraph\">La especie de charr\u00e1n m\u00e1s peque\u00f1a del Reino Unido, el charr\u00e1n peque\u00f1o, tiene cola corta y un vuelo r\u00e1pido con un distintivo pico amarillo con punta negra. Sus sitios de anidaci\u00f3n vulnerables y su disminuci\u00f3n en Europa la convierten en una especie de la Lista \u00c1mbar, lo que significa que su poblaci\u00f3n ha experimentado disminuciones moderadas. Tambi\u00e9n figura como especie de Lista 1 seg\u00fan la Ley de Vida Silvestre y Campo, lo que significa que recibe una mayor protecci\u00f3n debido a su rareza y sensibilidad a las perturbaciones.<\/p>\n<p class=\"wp-block-paragraph\">Los peque\u00f1os charranes migran cada primavera desde sus zonas de invernada en \u00c1frica occidental para anidar en nuestras costas de arena y guijarros. La ruta migratoria del Atl\u00e1ntico este es una ruta migratoria utilizada por alrededor de 90 millones de aves al a\u00f1o y es una de las ocho principales rutas migratorias de aves a nivel mundial. El Reino Unido y los humedales de la costa este son parte de esta ruta, que conecta pa\u00edses desde el \u00c1rtico hasta el sur de \u00c1frica y es mundialmente importante para las aves migratorias, los humedales costeros y otros h\u00e1bitats.<\/p>\n<p class=\"wp-block-paragraph\">Mike Pilsworth, Oficial de Conservaci\u00f3n de RSPB y presidente del grupo directivo del Programa de Protecci\u00f3n del Charr\u00e1n Peque\u00f1o de Beacon Lagoons, dijo:<\/p>\n<p class=\"wp-block-paragraph\">&#8220;Me siento orgulloso de todos los que han desempe\u00f1ado su papel en este trabajo vital. He estado involucrado en el proyecto durante casi 30 a\u00f1os y es sorprendente ver c\u00f3mo aumenta la poblaci\u00f3n cuando hay tantas especies que no se desarrollan bien. Como la \u00fanica colonia de charr\u00e1n peque\u00f1o en Yorkshire, Beacon Lagoons es de vital importancia para el futuro de esta especie. Esta es una verdadera historia de \u00e9xito para Humber en lo que ahora es el quincuag\u00e9simo a\u00f1o de protecci\u00f3n de estas aves especiales. Queremos agradecer especialmente a todos los voluntarios y a la poblaci\u00f3n local que han ayudado en el camino.<\/p>\n<p class=\"wp-block-paragraph\">&#8220;A los peque\u00f1os charranes les encantan las playas del Reino Unido y es sorprendente pensar que han estado anidando aqu\u00ed desde la \u00faltima Edad de Hielo. Son un ave que, sin nuestra ayuda, habr\u00edamos perdido porque necesitan playas tranquilas y libres de molestias de personas y perros. Como resultado, gran parte de nuestro h\u00e1bitat costero ahora est\u00e1 fuera del alcance de estas aves, por lo que debemos asegurarnos de que los peque\u00f1os charranes tambi\u00e9n tengan espacio para anidar y criar a sus polluelos&#8221;.<\/p>\n<p class=\"wp-block-paragraph\">Si bien los charranes peque\u00f1os son la estrella del espect\u00e1culo, Beacon Ponds tambi\u00e9n sustenta a importantes poblaciones de otras aves que anidan en la costa, como el chorlito anillado, el ostrero y la avoceta, que tambi\u00e9n se benefician de las medidas de protecci\u00f3n y gesti\u00f3n del h\u00e1bitat.<\/p>\n<p class=\"wp-block-paragraph\">Beacon Lagoons sigue siendo vulnerable al aumento del nivel del mar y a la erosi\u00f3n costera y es probable que se pierda o se vuelva inadecuada para los charranes peque\u00f1os en las pr\u00f3ximas dos d\u00e9cadas. Las organizaciones asociadas ya est\u00e1n explorando la mejor manera de salvaguardar a estas aves para el futuro, incluida la provisi\u00f3n de nuevos sitios de anidaci\u00f3n seguros y libres de perturbaciones en el Humber.<\/p>\n<p class=\"wp-block-paragraph\">Los humedales de la costa este de Inglaterra se han agregado a la Lista indicativa de sitios del Patrimonio Mundial del Reino Unido junto con solo otros cinco sitios nuevos (10 de abril de 2023). La inclusi\u00f3n en esta lista exclusiva es la primera etapa para unirse a la Lista del Patrimonio Mundial de la UNESCO (Organizaci\u00f3n de las Naciones Unidas para la Educaci\u00f3n, la Ciencia y la Cultura), que reconoce el patrimonio cultural y natural en todo el mundo que tiene un valor universal excepcional para la humanidad.<\/p>\n<hr class=\"wp-block-separator has-alpha-channel-opacity\">\n<p class=\"wp-block-paragraph\">Foto: <em>Peque\u00f1o charr\u00e1n Sternula albifrons, cerca de un adulto en la playa, Norfolk, julio<\/em><\/p>\n<p><!-- Error, Advert is not available at this time due to schedule\/geolocation restrictions! -->\t<\/div>\n","protected":false},"excerpt":{"rendered":"<p>149 polluelos de charr\u00e1ncito volaron este verano cuando las parejas reproductoras alcanzaron su nivel m\u00e1s alto desde que comenz\u00f3 este proyecto de conservaci\u00f3n hace 50<\/p>\n","protected":false},"author":1,"featured_media":10867,"comment_status":"closed","ping_status":"","sticky":false,"template":"","format":"standard","meta":{"footnotes":""},"categories":[68],"tags":[421,6369,1707,9789,62,2681,29,2938,629],"class_list":["post-10866","post","type-post","status-publish","format-standard","has-post-thumbnail","hentry","category-fauna-y-flora","tag-ano","tag-charranes","tag-estuario","tag-humber","tag-los","tag-otro","tag-para","tag-pequenos","tag-record","generate-columns","tablet-grid-50","mobile-grid-100","grid-parent","grid-50"],"yoast_head":"<!-- This site is optimized with the Yoast SEO plugin v23.4 - https:\/\/yoast.com\/wordpress\/plugins\/seo\/ -->\n<title>Otro a\u00f1o r\u00e9cord para los charranes peque\u00f1os en el estuario de Humber - Consejos - Santa Catarina<\/title>\n<meta name=\"robots\" content=\"index, follow, max-snippet:-1, max-image-preview:large, max-video-preview:-1\" \/>\n<link rel=\"canonical\" href=\"https:\/\/stacatarina.mx\/consejos\/otro-ano-record-para-los-charranes-pequenos-en-el-estuario-de-humber\/\" \/>\n<meta property=\"og:locale\" content=\"es_MX\" \/>\n<meta property=\"og:type\" content=\"article\" \/>\n<meta property=\"og:title\" content=\"Otro a\u00f1o r\u00e9cord para los charranes peque\u00f1os en el estuario de Humber - Consejos - Santa Catarina\" \/>\n<meta property=\"og:description\" content=\"149 polluelos de charr\u00e1ncito volaron este verano cuando las parejas reproductoras alcanzaron su nivel m\u00e1s alto desde que comenz\u00f3 este proyecto de conservaci\u00f3n hace 50\" \/>\n<meta property=\"og:url\" content=\"https:\/\/stacatarina.mx\/consejos\/otro-ano-record-para-los-charranes-pequenos-en-el-estuario-de-humber\/\" \/>\n<meta property=\"og:site_name\" content=\"Santa Catarina\" \/>\n<meta property=\"article:publisher\" content=\"https:\/\/www.facebook.com\/stacatarinagob\/\" \/>\n<meta property=\"article:published_time\" content=\"2026-09-01T09:52:36+00:00\" \/>\n<meta property=\"article:modified_time\" content=\"2026-09-01T09:52:38+00:00\" \/>\n<meta property=\"og:image\" content=\"https:\/\/stacatarina.mx\/consejos\/wp-content\/uploads\/2026\/09\/Otro-ano-record-para-los-charranes-pequenos-en-el-estuario.jpg\" \/>\n\t<meta property=\"og:image:width\" content=\"900\" \/>\n\t<meta property=\"og:image:height\" content=\"599\" \/>\n\t<meta property=\"og:image:type\" content=\"image\/jpeg\" \/>\n<meta name=\"author\" content=\"Pedro Mart\u00ednez\" \/>\n<meta name=\"twitter:card\" content=\"summary_large_image\" \/>\n<meta name=\"twitter:creator\" content=\"@stacatarinagob\" \/>\n<meta name=\"twitter:site\" content=\"@stacatarinagob\" \/>\n<meta name=\"twitter:label1\" content=\"Escrito por\" \/>\n\t<meta name=\"twitter:data1\" content=\"Pedro Mart\u00ednez\" \/>\n\t<meta name=\"twitter:label2\" content=\"Tiempo de lectura\" \/>\n\t<meta name=\"twitter:data2\" content=\"6 minutos\" \/>\n<script type=\"application\/ld+json\" class=\"yoast-schema-graph\">{\"@context\":\"https:\/\/schema.org\",\"@graph\":[{\"@type\":\"Article\",\"@id\":\"https:\/\/stacatarina.mx\/consejos\/otro-ano-record-para-los-charranes-pequenos-en-el-estuario-de-humber\/#article\",\"isPartOf\":{\"@id\":\"https:\/\/stacatarina.mx\/consejos\/otro-ano-record-para-los-charranes-pequenos-en-el-estuario-de-humber\/\"},\"author\":{\"name\":\"Pedro Mart\u00ednez\",\"@id\":\"https:\/\/stacatarina.mx\/consejos\/#\/schema\/person\/0be60adffa8e4c4d0828fdf021450e8a\"},\"headline\":\"Otro a\u00f1o r\u00e9cord para los charranes peque\u00f1os en el estuario de Humber\",\"datePublished\":\"2026-09-01T09:52:36+00:00\",\"dateModified\":\"2026-09-01T09:52:38+00:00\",\"mainEntityOfPage\":{\"@id\":\"https:\/\/stacatarina.mx\/consejos\/otro-ano-record-para-los-charranes-pequenos-en-el-estuario-de-humber\/\"},\"wordCount\":1279,\"publisher\":{\"@id\":\"https:\/\/stacatarina.mx\/consejos\/#organization\"},\"image\":{\"@id\":\"https:\/\/stacatarina.mx\/consejos\/otro-ano-record-para-los-charranes-pequenos-en-el-estuario-de-humber\/#primaryimage\"},\"thumbnailUrl\":\"https:\/\/stacatarina.mx\/consejos\/wp-content\/uploads\/2026\/09\/Otro-ano-record-para-los-charranes-pequenos-en-el-estuario.jpg\",\"keywords\":[\"a\u00f1o\",\"charranes\",\"estuario\",\"Humber\",\"los\",\"otro\",\"para\",\"peque\u00f1os\",\"r\u00e9cord\"],\"articleSection\":[\"Fauna y Flora\"],\"inLanguage\":\"es\"},{\"@type\":\"WebPage\",\"@id\":\"https:\/\/stacatarina.mx\/consejos\/otro-ano-record-para-los-charranes-pequenos-en-el-estuario-de-humber\/\",\"url\":\"https:\/\/stacatarina.mx\/consejos\/otro-ano-record-para-los-charranes-pequenos-en-el-estuario-de-humber\/\",\"name\":\"Otro a\u00f1o r\u00e9cord para los charranes peque\u00f1os en el estuario de Humber - Consejos - Santa Catarina\",\"isPartOf\":{\"@id\":\"https:\/\/stacatarina.mx\/consejos\/#website\"},\"primaryImageOfPage\":{\"@id\":\"https:\/\/stacatarina.mx\/consejos\/otro-ano-record-para-los-charranes-pequenos-en-el-estuario-de-humber\/#primaryimage\"},\"image\":{\"@id\":\"https:\/\/stacatarina.mx\/consejos\/otro-ano-record-para-los-charranes-pequenos-en-el-estuario-de-humber\/#primaryimage\"},\"thumbnailUrl\":\"https:\/\/stacatarina.mx\/consejos\/wp-content\/uploads\/2026\/09\/Otro-ano-record-para-los-charranes-pequenos-en-el-estuario.jpg\",\"datePublished\":\"2026-09-01T09:52:36+00:00\",\"dateModified\":\"2026-09-01T09:52:38+00:00\",\"breadcrumb\":{\"@id\":\"https:\/\/stacatarina.mx\/consejos\/otro-ano-record-para-los-charranes-pequenos-en-el-estuario-de-humber\/#breadcrumb\"},\"inLanguage\":\"es\",\"potentialAction\":[{\"@type\":\"ReadAction\",\"target\":[\"https:\/\/stacatarina.mx\/consejos\/otro-ano-record-para-los-charranes-pequenos-en-el-estuario-de-humber\/\"]}]},{\"@type\":\"ImageObject\",\"inLanguage\":\"es\",\"@id\":\"https:\/\/stacatarina.mx\/consejos\/otro-ano-record-para-los-charranes-pequenos-en-el-estuario-de-humber\/#primaryimage\",\"url\":\"https:\/\/stacatarina.mx\/consejos\/wp-content\/uploads\/2026\/09\/Otro-ano-record-para-los-charranes-pequenos-en-el-estuario.jpg\",\"contentUrl\":\"https:\/\/stacatarina.mx\/consejos\/wp-content\/uploads\/2026\/09\/Otro-ano-record-para-los-charranes-pequenos-en-el-estuario.jpg\",\"width\":900,\"height\":599,\"caption\":\"Another record-breaking year for Little Terns on Humber Estuary\"},{\"@type\":\"BreadcrumbList\",\"@id\":\"https:\/\/stacatarina.mx\/consejos\/otro-ano-record-para-los-charranes-pequenos-en-el-estuario-de-humber\/#breadcrumb\",\"itemListElement\":[{\"@type\":\"ListItem\",\"position\":1,\"name\":\"Inicio\",\"item\":\"https:\/\/stacatarina.mx\/consejos\/\"},{\"@type\":\"ListItem\",\"position\":2,\"name\":\"Otro a\u00f1o r\u00e9cord para los charranes peque\u00f1os en el estuario de Humber\"}]},{\"@type\":\"WebSite\",\"@id\":\"https:\/\/stacatarina.mx\/consejos\/#website\",\"url\":\"https:\/\/stacatarina.mx\/consejos\/\",\"name\":\"Santa Catarina\",\"description\":\"\",\"publisher\":{\"@id\":\"https:\/\/stacatarina.mx\/consejos\/#organization\"},\"potentialAction\":[{\"@type\":\"SearchAction\",\"target\":{\"@type\":\"EntryPoint\",\"urlTemplate\":\"https:\/\/stacatarina.mx\/consejos\/?s={search_term_string}\"},\"query-input\":{\"@type\":\"PropertyValueSpecification\",\"valueRequired\":true,\"valueName\":\"search_term_string\"}}],\"inLanguage\":\"es\"},{\"@type\":\"Organization\",\"@id\":\"https:\/\/stacatarina.mx\/consejos\/#organization\",\"name\":\"Santa Catarina\",\"url\":\"https:\/\/stacatarina.mx\/consejos\/\",\"logo\":{\"@type\":\"ImageObject\",\"inLanguage\":\"es\",\"@id\":\"https:\/\/stacatarina.mx\/consejos\/#\/schema\/logo\/image\/\",\"url\":\"https:\/\/stacatarina.mx\/consejos\/wp-content\/uploads\/2024\/09\/cropped-favicon-1-1.png\",\"contentUrl\":\"https:\/\/stacatarina.mx\/consejos\/wp-content\/uploads\/2024\/09\/cropped-favicon-1-1.png\",\"width\":512,\"height\":512,\"caption\":\"Santa Catarina\"},\"image\":{\"@id\":\"https:\/\/stacatarina.mx\/consejos\/#\/schema\/logo\/image\/\"},\"sameAs\":[\"https:\/\/www.facebook.com\/stacatarinagob\/\",\"https:\/\/x.com\/stacatarinagob\",\"https:\/\/www.instagram.com\/stacatarinagob\/\",\"https:\/\/www.youtube.com\/channel\/UCK-6cQJL_904665N1_nLTWw\"]},{\"@type\":\"Person\",\"@id\":\"https:\/\/stacatarina.mx\/consejos\/#\/schema\/person\/0be60adffa8e4c4d0828fdf021450e8a\",\"name\":\"Pedro Mart\u00ednez\",\"image\":{\"@type\":\"ImageObject\",\"inLanguage\":\"es\",\"@id\":\"https:\/\/stacatarina.mx\/consejos\/#\/schema\/person\/image\/\",\"url\":\"https:\/\/stacatarina.mx\/consejos\/wp-content\/uploads\/2024\/09\/stacatarina.jpg\",\"contentUrl\":\"https:\/\/stacatarina.mx\/consejos\/wp-content\/uploads\/2024\/09\/stacatarina.jpg\",\"caption\":\"Pedro Mart\u00ednez\"},\"description\":\"Hola, soy Pedro Mart\u00ednez, redactor jefe del sitio oficial del ayuntamiento de Santa Catarina, en M\u00e9xico. Con m\u00e1s de diez a\u00f1os de experiencia en el periodismo local, tengo una pasi\u00f3n por la investigaci\u00f3n y la difusi\u00f3n de informaci\u00f3n que valoriza nuestra hermosa comunidad. Mi compromiso es hacer de Santa Catarina una referencia en materia de transparencia y comunicaci\u00f3n municipal.\",\"sameAs\":[\"https:\/\/stacatarina.mx\/\"]}]}<\/script>\n<!-- \/ Yoast SEO plugin. -->","yoast_head_json":{"title":"Otro a\u00f1o r\u00e9cord para los charranes peque\u00f1os en el estuario de Humber - Consejos - Santa Catarina","robots":{"index":"index","follow":"follow","max-snippet":"max-snippet:-1","max-image-preview":"max-image-preview:large","max-video-preview":"max-video-preview:-1"},"canonical":"https:\/\/stacatarina.mx\/consejos\/otro-ano-record-para-los-charranes-pequenos-en-el-estuario-de-humber\/","og_locale":"es_MX","og_type":"article","og_title":"Otro a\u00f1o r\u00e9cord para los charranes peque\u00f1os en el estuario de Humber - Consejos - Santa Catarina","og_description":"149 polluelos de charr\u00e1ncito volaron este verano cuando las parejas reproductoras alcanzaron su nivel m\u00e1s alto desde que comenz\u00f3 este proyecto de conservaci\u00f3n hace 50","og_url":"https:\/\/stacatarina.mx\/consejos\/otro-ano-record-para-los-charranes-pequenos-en-el-estuario-de-humber\/","og_site_name":"Santa Catarina","article_publisher":"https:\/\/www.facebook.com\/stacatarinagob\/","article_published_time":"2026-09-01T09:52:36+00:00","article_modified_time":"2026-09-01T09:52:38+00:00","og_image":[{"width":900,"height":599,"url":"https:\/\/stacatarina.mx\/consejos\/wp-content\/uploads\/2026\/09\/Otro-ano-record-para-los-charranes-pequenos-en-el-estuario.jpg","type":"image\/jpeg"}],"author":"Pedro Mart\u00ednez","twitter_card":"summary_large_image","twitter_creator":"@stacatarinagob","twitter_site":"@stacatarinagob","twitter_misc":{"Escrito por":"Pedro Mart\u00ednez","Tiempo de lectura":"6 minutos"},"schema":{"@context":"https:\/\/schema.org","@graph":[{"@type":"Article","@id":"https:\/\/stacatarina.mx\/consejos\/otro-ano-record-para-los-charranes-pequenos-en-el-estuario-de-humber\/#article","isPartOf":{"@id":"https:\/\/stacatarina.mx\/consejos\/otro-ano-record-para-los-charranes-pequenos-en-el-estuario-de-humber\/"},"author":{"name":"Pedro Mart\u00ednez","@id":"https:\/\/stacatarina.mx\/consejos\/#\/schema\/person\/0be60adffa8e4c4d0828fdf021450e8a"},"headline":"Otro a\u00f1o r\u00e9cord para los charranes peque\u00f1os en el estuario de Humber","datePublished":"2026-09-01T09:52:36+00:00","dateModified":"2026-09-01T09:52:38+00:00","mainEntityOfPage":{"@id":"https:\/\/stacatarina.mx\/consejos\/otro-ano-record-para-los-charranes-pequenos-en-el-estuario-de-humber\/"},"wordCount":1279,"publisher":{"@id":"https:\/\/stacatarina.mx\/consejos\/#organization"},"image":{"@id":"https:\/\/stacatarina.mx\/consejos\/otro-ano-record-para-los-charranes-pequenos-en-el-estuario-de-humber\/#primaryimage"},"thumbnailUrl":"https:\/\/stacatarina.mx\/consejos\/wp-content\/uploads\/2026\/09\/Otro-ano-record-para-los-charranes-pequenos-en-el-estuario.jpg","keywords":["a\u00f1o","charranes","estuario","Humber","los","otro","para","peque\u00f1os","r\u00e9cord"],"articleSection":["Fauna y Flora"],"inLanguage":"es"},{"@type":"WebPage","@id":"https:\/\/stacatarina.mx\/consejos\/otro-ano-record-para-los-charranes-pequenos-en-el-estuario-de-humber\/","url":"https:\/\/stacatarina.mx\/consejos\/otro-ano-record-para-los-charranes-pequenos-en-el-estuario-de-humber\/","name":"Otro a\u00f1o r\u00e9cord para los charranes peque\u00f1os en el estuario de Humber - Consejos - Santa Catarina","isPartOf":{"@id":"https:\/\/stacatarina.mx\/consejos\/#website"},"primaryImageOfPage":{"@id":"https:\/\/stacatarina.mx\/consejos\/otro-ano-record-para-los-charranes-pequenos-en-el-estuario-de-humber\/#primaryimage"},"image":{"@id":"https:\/\/stacatarina.mx\/consejos\/otro-ano-record-para-los-charranes-pequenos-en-el-estuario-de-humber\/#primaryimage"},"thumbnailUrl":"https:\/\/stacatarina.mx\/consejos\/wp-content\/uploads\/2026\/09\/Otro-ano-record-para-los-charranes-pequenos-en-el-estuario.jpg","datePublished":"2026-09-01T09:52:36+00:00","dateModified":"2026-09-01T09:52:38+00:00","breadcrumb":{"@id":"https:\/\/stacatarina.mx\/consejos\/otro-ano-record-para-los-charranes-pequenos-en-el-estuario-de-humber\/#breadcrumb"},"inLanguage":"es","potentialAction":[{"@type":"ReadAction","target":["https:\/\/stacatarina.mx\/consejos\/otro-ano-record-para-los-charranes-pequenos-en-el-estuario-de-humber\/"]}]},{"@type":"ImageObject","inLanguage":"es","@id":"https:\/\/stacatarina.mx\/consejos\/otro-ano-record-para-los-charranes-pequenos-en-el-estuario-de-humber\/#primaryimage","url":"https:\/\/stacatarina.mx\/consejos\/wp-content\/uploads\/2026\/09\/Otro-ano-record-para-los-charranes-pequenos-en-el-estuario.jpg","contentUrl":"https:\/\/stacatarina.mx\/consejos\/wp-content\/uploads\/2026\/09\/Otro-ano-record-para-los-charranes-pequenos-en-el-estuario.jpg","width":900,"height":599,"caption":"Another record-breaking year for Little Terns on Humber Estuary"},{"@type":"BreadcrumbList","@id":"https:\/\/stacatarina.mx\/consejos\/otro-ano-record-para-los-charranes-pequenos-en-el-estuario-de-humber\/#breadcrumb","itemListElement":[{"@type":"ListItem","position":1,"name":"Inicio","item":"https:\/\/stacatarina.mx\/consejos\/"},{"@type":"ListItem","position":2,"name":"Otro a\u00f1o r\u00e9cord para los charranes peque\u00f1os en el estuario de Humber"}]},{"@type":"WebSite","@id":"https:\/\/stacatarina.mx\/consejos\/#website","url":"https:\/\/stacatarina.mx\/consejos\/","name":"Santa Catarina","description":"","publisher":{"@id":"https:\/\/stacatarina.mx\/consejos\/#organization"},"potentialAction":[{"@type":"SearchAction","target":{"@type":"EntryPoint","urlTemplate":"https:\/\/stacatarina.mx\/consejos\/?s={search_term_string}"},"query-input":{"@type":"PropertyValueSpecification","valueRequired":true,"valueName":"search_term_string"}}],"inLanguage":"es"},{"@type":"Organization","@id":"https:\/\/stacatarina.mx\/consejos\/#organization","name":"Santa Catarina","url":"https:\/\/stacatarina.mx\/consejos\/","logo":{"@type":"ImageObject","inLanguage":"es","@id":"https:\/\/stacatarina.mx\/consejos\/#\/schema\/logo\/image\/","url":"https:\/\/stacatarina.mx\/consejos\/wp-content\/uploads\/2024\/09\/cropped-favicon-1-1.png","contentUrl":"https:\/\/stacatarina.mx\/consejos\/wp-content\/uploads\/2024\/09\/cropped-favicon-1-1.png","width":512,"height":512,"caption":"Santa Catarina"},"image":{"@id":"https:\/\/stacatarina.mx\/consejos\/#\/schema\/logo\/image\/"},"sameAs":["https:\/\/www.facebook.com\/stacatarinagob\/","https:\/\/x.com\/stacatarinagob","https:\/\/www.instagram.com\/stacatarinagob\/","https:\/\/www.youtube.com\/channel\/UCK-6cQJL_904665N1_nLTWw"]},{"@type":"Person","@id":"https:\/\/stacatarina.mx\/consejos\/#\/schema\/person\/0be60adffa8e4c4d0828fdf021450e8a","name":"Pedro Mart\u00ednez","image":{"@type":"ImageObject","inLanguage":"es","@id":"https:\/\/stacatarina.mx\/consejos\/#\/schema\/person\/image\/","url":"https:\/\/stacatarina.mx\/consejos\/wp-content\/uploads\/2024\/09\/stacatarina.jpg","contentUrl":"https:\/\/stacatarina.mx\/consejos\/wp-content\/uploads\/2024\/09\/stacatarina.jpg","caption":"Pedro Mart\u00ednez"},"description":"Hola, soy Pedro Mart\u00ednez, redactor jefe del sitio oficial del ayuntamiento de Santa Catarina, en M\u00e9xico. Con m\u00e1s de diez a\u00f1os de experiencia en el periodismo local, tengo una pasi\u00f3n por la investigaci\u00f3n y la difusi\u00f3n de informaci\u00f3n que valoriza nuestra hermosa comunidad. Mi compromiso es hacer de Santa Catarina una referencia en materia de transparencia y comunicaci\u00f3n municipal.","sameAs":["https:\/\/stacatarina.mx\/"]}]}},"_links":{"self":[{"href":"https:\/\/stacatarina.mx\/consejos\/wp-json\/wp\/v2\/posts\/10866"}],"collection":[{"href":"https:\/\/stacatarina.mx\/consejos\/wp-json\/wp\/v2\/posts"}],"about":[{"href":"https:\/\/stacatarina.mx\/consejos\/wp-json\/wp\/v2\/types\/post"}],"author":[{"embeddable":true,"href":"https:\/\/stacatarina.mx\/consejos\/wp-json\/wp\/v2\/users\/1"}],"replies":[{"embeddable":true,"href":"https:\/\/stacatarina.mx\/consejos\/wp-json\/wp\/v2\/comments?post=10866"}],"version-history":[{"count":1,"href":"https:\/\/stacatarina.mx\/consejos\/wp-json\/wp\/v2\/posts\/10866\/revisions"}],"predecessor-version":[{"id":10868,"href":"https:\/\/stacatarina.mx\/consejos\/wp-json\/wp\/v2\/posts\/10866\/revisions\/10868"}],"wp:featuredmedia":[{"embeddable":true,"href":"https:\/\/stacatarina.mx\/consejos\/wp-json\/wp\/v2\/media\/10867"}],"wp:attachment":[{"href":"https:\/\/stacatarina.mx\/consejos\/wp-json\/wp\/v2\/media?parent=10866"}],"wp:term":[{"taxonomy":"category","embeddable":true,"href":"https:\/\/stacatarina.mx\/consejos\/wp-json\/wp\/v2\/categories?post=10866"},{"taxonomy":"post_tag","embeddable":true,"href":"https:\/\/stacatarina.mx\/consejos\/wp-json\/wp\/v2\/tags?post=10866"}],"curies":[{"name":"wp","href":"https:\/\/api.w.org\/{rel}","templated":true}]}}