{"id":10875,"date":"2026-09-01T10:52:55","date_gmt":"2026-09-01T16:52:55","guid":{"rendered":"https:\/\/stacatarina.mx\/consejos\/enfermedad-de-la-lluvia-lo-que-sabemos-sobre-la-bacteria-animal-que-ahora-tambien-se-transmite-entre-personas\/"},"modified":"2026-09-01T10:52:58","modified_gmt":"2026-09-01T16:52:58","slug":"enfermedad-de-la-lluvia-lo-que-sabemos-sobre-la-bacteria-animal-que-ahora-tambien-se-transmite-entre-personas","status":"publish","type":"post","link":"https:\/\/stacatarina.mx\/consejos\/enfermedad-de-la-lluvia-lo-que-sabemos-sobre-la-bacteria-animal-que-ahora-tambien-se-transmite-entre-personas\/","title":{"rendered":"\u201cEnfermedad de la lluvia\u201d: lo que sabemos sobre la bacteria animal que ahora tambi\u00e9n se transmite entre personas"},"content":{"rendered":"<p><\/p>\n<p>Durante a\u00f1os se consider\u00f3 principalmente una enfermedad animal, rara en humanos y generalmente asociada con el contacto con ganado vacuno, caballos u otros animales infectados. Ahora, sin embargo, algunos brotes inusuales de dermatofilosis registrados en Europa han llamado la atenci\u00f3n de las autoridades sanitarias.<\/p>\n<p>En el centro de los casos est\u00e1 el <em>Dermatophilus congolensis<\/em>la bacteria responsable de la dermatofilosis, una infecci\u00f3n de la piel tambi\u00e9n conocida en el mundo veterinario como &#8220;podredumbre por la lluvia&#8221; o &#8220;escaldadura por la lluvia&#8221;, expresiones que podr\u00edamos traducir como &#8220;enfermedad de la lluvia&#8221;.<\/p>\n<p>La novedad no es que la bacteria pueda infectar a los humanos, esto ya se sab\u00eda, aunque los casos se consideraban muy raros. Lo que est\u00e1 generando discusi\u00f3n, sin embargo, es la aparici\u00f3n de conglomerados de infecciones en personas sin contacto previo con animales, circunstancia que ha llevado al ECDC a evaluar como m\u00e1s probable la transmisi\u00f3n directa por contacto f\u00edsico estrecho.<\/p>\n<h2>\u00bfQu\u00e9 es la dermatofilosis?<\/h2>\n<p>La dermatofilosis es una infecci\u00f3n cut\u00e1nea bacteriana provocada, como ya se ha mencionado, por Dermatophilus congolensis, una bacteria que afecta principalmente a los animales, en particular al ganado vacuno, a los caballos y a otros animales dom\u00e9sticos y salvajes.<\/p>\n<p>En humanos, hasta ahora s\u00f3lo se han notificado infecciones espor\u00e1dicamente. Precisamente por esta raz\u00f3n, los recientes brotes observados en Europa se consideran inusuales y est\u00e1n controlados por las autoridades sanitarias.<\/p>\n<p>El curioso apodo de \u201cmal de lluvia\u201d deriva principalmente de la enfermedad que afecta a los animales. De hecho, en condiciones de humedad prolongada, la piel puede volverse m\u00e1s vulnerable y favorecer el desarrollo de la infecci\u00f3n.<\/p>\n<p>El nombre \u201cpodredumbre por lluvia\u201d se refiere, por tanto, a las condiciones que pueden favorecer la infecci\u00f3n en los animales, y no a un contagio provocado por la lluvia.<\/p>\n<h2>C\u00f3mo se transmite a las personas.<\/h2>\n<p>Tradicionalmente, los casos humanos raros se asociaban con el contacto directo con animales infectados. Sin embargo, los recientes episodios europeos han cambiado el panorama. Seg\u00fan la evaluaci\u00f3n del ECDC, las investigaciones epidemiol\u00f3gicas y microbiol\u00f3gicas de los grupos observados indican que la transmisi\u00f3n a trav\u00e9s del contacto f\u00edsico estrecho entre personas es la hip\u00f3tesis m\u00e1s probable.<\/p>\n<p>El ECDC destaca que:<\/p>\n<blockquote>\n<p> Se han detectado varios grupos de casos relacionados gen\u00e9tica y epidemiol\u00f3gicamente, que afectan predominantemente a hombres homosexuales, bisexuales y otros hombres que tienen relaciones sexuales con hombres.<\/p>\n<\/blockquote>\n<p>Algunos casos tambi\u00e9n se han asociado con actividades no sexuales caracterizadas por un contacto f\u00edsico intenso, como las artes marciales. Por este motivo no ser\u00eda correcto definir autom\u00e1ticamente la dermatofilosis como una nueva infecci\u00f3n de transmisi\u00f3n sexual.<\/p>\n<p>El foco, al menos por el momento, parece ser el contacto f\u00edsico cercano y prolongado. Adem\u00e1s, el ECDC no excluye por completo la posibilidad de que tambi\u00e9n pueda existir una transmisi\u00f3n indirecta a trav\u00e9s de objetos o superficies contaminadas.<\/p>\n<h2>\u00bfCu\u00e1les son los s\u00edntomas?<\/h2>\n<p>La dermatofilosis causa principalmente problemas en la piel. En los casos humanos observados, pueden aparecer lesiones cut\u00e1neas, peque\u00f1as protuberancias o p\u00fastulas, costras, descamaci\u00f3n y picaz\u00f3n.<\/p>\n<p>En grupos europeos recientes, se observaron lesiones principalmente en algunas \u00e1reas del cuerpo, incluida la cara y el \u00e1rea genital, mientras que en general no se informaron s\u00edntomas sist\u00e9micos importantes.<\/p>\n<p>Adem\u00e1s, hasta el momento los casos descritos han tenido en su mayor\u00eda un curso leve y las personas tratadas han respondido a los antibi\u00f3ticos; algunas infecciones pueden incluso resolverse espont\u00e1neamente.<\/p>\n<p>Por tanto, de momento no hay indicios que permitan hablar de una nueva emergencia sanitaria para la poblaci\u00f3n general. De hecho, el ECDC eval\u00faa el riesgo global como muy bajo, tanto porque la infecci\u00f3n sigue siendo rara como porque los casos observados hasta ahora han tenido en general un impacto cl\u00ednico limitado.<\/p>\n<p>Esto no significa que las autoridades sanitarias hayan dejado de observar el fen\u00f3meno. Por el contrario, precisamente porque la dermatofilosis humana era excepcional hasta hace poco y ahora se han identificado varios grupos sin contacto aparente con animales, es importante comprender mejor cu\u00e1nto circula la bacteria y cu\u00e1les son exactamente los modos de transmisi\u00f3n.<\/p>\n<h2>D\u00f3nde se ha propagado y c\u00f3mo prevenir la infecci\u00f3n<\/h2>\n<p>Seg\u00fan la \u00faltima actualizaci\u00f3n del ECDC, hasta el 20 de agosto de 2026, se han notificado 123 casos de infecci\u00f3n por Dermatophilus congolensis en 10 pa\u00edses europeos: Austria, Dinamarca, Francia, Alemania, Pa\u00edses Bajos, Noruega, Espa\u00f1a, Suecia, Suiza y Reino Unido. Italia no se encuentra entre los pa\u00edses que han notificado casos.<\/p>\n<p>\u00bfC\u00f3mo prevenir la infecci\u00f3n? Dado que los modos de transmisi\u00f3n a\u00fan est\u00e1n en estudio, actualmente no existen indicaciones para la poblaci\u00f3n general comparables a las adoptadas para enfermedades altamente contagiosas.<\/p>\n<p>Sin embargo, las medidas habituales de higiene siguen siendo importantes: evitar el contacto directo con lesiones cut\u00e1neas sospechosas, no compartir objetos que puedan entrar en contacto con la piel y mantener una buena higiene personal.<\/p>\n<p>En caso de lesiones cut\u00e1neas inusuales o persistentes, especialmente despu\u00e9s de un contacto cercano con una persona con s\u00edntomas similares o con animales enfermos, se recomienda consultar a un m\u00e9dico.<\/p>\n<p>Fuentes: ECDC\/OPS\/OMS<\/p>\n","protected":false},"excerpt":{"rendered":"<p>Durante a\u00f1os se consider\u00f3 principalmente una enfermedad animal, rara en humanos y generalmente asociada con el contacto con ganado vacuno, caballos u otros animales infectados.<\/p>\n","protected":false},"author":1,"featured_media":10876,"comment_status":"closed","ping_status":"","sticky":false,"template":"","format":"standard","meta":{"footnotes":""},"categories":[762],"tags":[534,1140,1435,810,1425,2289,124,2141,279,416,3685],"class_list":["post-10875","post","type-post","status-publish","format-standard","has-post-thumbnail","hentry","category-salud","tag-ahora","tag-animal","tag-bacteria","tag-enfermedad","tag-entre","tag-lluvia","tag-personas","tag-sabemos","tag-sobre","tag-tambien","tag-transmite","generate-columns","tablet-grid-50","mobile-grid-100","grid-parent","grid-50"],"yoast_head":"<!-- This site is optimized with the Yoast SEO plugin v23.4 - https:\/\/yoast.com\/wordpress\/plugins\/seo\/ -->\n<title>\u201cEnfermedad de la lluvia\u201d: lo que sabemos sobre la bacteria animal que ahora tambi\u00e9n se transmite entre personas - Consejos - Santa Catarina<\/title>\n<meta name=\"robots\" content=\"index, follow, max-snippet:-1, max-image-preview:large, max-video-preview:-1\" \/>\n<link rel=\"canonical\" href=\"https:\/\/stacatarina.mx\/consejos\/enfermedad-de-la-lluvia-lo-que-sabemos-sobre-la-bacteria-animal-que-ahora-tambien-se-transmite-entre-personas\/\" \/>\n<meta property=\"og:locale\" content=\"es_MX\" \/>\n<meta property=\"og:type\" content=\"article\" \/>\n<meta property=\"og:title\" content=\"\u201cEnfermedad de la lluvia\u201d: lo que sabemos sobre la bacteria animal que ahora tambi\u00e9n se transmite entre personas - Consejos - Santa Catarina\" \/>\n<meta property=\"og:description\" content=\"Durante a\u00f1os se consider\u00f3 principalmente una enfermedad animal, rara en humanos y generalmente asociada con el contacto con ganado vacuno, caballos u otros animales infectados.\" \/>\n<meta property=\"og:url\" content=\"https:\/\/stacatarina.mx\/consejos\/enfermedad-de-la-lluvia-lo-que-sabemos-sobre-la-bacteria-animal-que-ahora-tambien-se-transmite-entre-personas\/\" \/>\n<meta property=\"og:site_name\" content=\"Santa Catarina\" \/>\n<meta property=\"article:publisher\" content=\"https:\/\/www.facebook.com\/stacatarinagob\/\" \/>\n<meta property=\"article:published_time\" content=\"2026-09-01T16:52:55+00:00\" \/>\n<meta property=\"article:modified_time\" content=\"2026-09-01T16:52:58+00:00\" \/>\n<meta property=\"og:image\" content=\"https:\/\/stacatarina.mx\/consejos\/wp-content\/uploads\/2026\/09\/Enfermedad-de-la-lluvia-lo-que-sabemos-sobre-la-bacteria.jpg\" \/>\n\t<meta property=\"og:image:width\" content=\"1500\" \/>\n\t<meta property=\"og:image:height\" content=\"1000\" \/>\n\t<meta property=\"og:image:type\" content=\"image\/jpeg\" \/>\n<meta name=\"author\" content=\"Pedro Mart\u00ednez\" \/>\n<meta name=\"twitter:card\" content=\"summary_large_image\" \/>\n<meta name=\"twitter:creator\" content=\"@stacatarinagob\" \/>\n<meta name=\"twitter:site\" content=\"@stacatarinagob\" \/>\n<meta name=\"twitter:label1\" content=\"Escrito por\" \/>\n\t<meta name=\"twitter:data1\" content=\"Pedro Mart\u00ednez\" \/>\n\t<meta name=\"twitter:label2\" content=\"Tiempo de lectura\" \/>\n\t<meta name=\"twitter:data2\" content=\"4 minutos\" \/>\n<script type=\"application\/ld+json\" class=\"yoast-schema-graph\">{\"@context\":\"https:\/\/schema.org\",\"@graph\":[{\"@type\":\"Article\",\"@id\":\"https:\/\/stacatarina.mx\/consejos\/enfermedad-de-la-lluvia-lo-que-sabemos-sobre-la-bacteria-animal-que-ahora-tambien-se-transmite-entre-personas\/#article\",\"isPartOf\":{\"@id\":\"https:\/\/stacatarina.mx\/consejos\/enfermedad-de-la-lluvia-lo-que-sabemos-sobre-la-bacteria-animal-que-ahora-tambien-se-transmite-entre-personas\/\"},\"author\":{\"name\":\"Pedro Mart\u00ednez\",\"@id\":\"https:\/\/stacatarina.mx\/consejos\/#\/schema\/person\/0be60adffa8e4c4d0828fdf021450e8a\"},\"headline\":\"\u201cEnfermedad de la lluvia\u201d: lo que sabemos sobre la bacteria animal que ahora tambi\u00e9n se transmite entre personas\",\"datePublished\":\"2026-09-01T16:52:55+00:00\",\"dateModified\":\"2026-09-01T16:52:58+00:00\",\"mainEntityOfPage\":{\"@id\":\"https:\/\/stacatarina.mx\/consejos\/enfermedad-de-la-lluvia-lo-que-sabemos-sobre-la-bacteria-animal-que-ahora-tambien-se-transmite-entre-personas\/\"},\"wordCount\":913,\"publisher\":{\"@id\":\"https:\/\/stacatarina.mx\/consejos\/#organization\"},\"image\":{\"@id\":\"https:\/\/stacatarina.mx\/consejos\/enfermedad-de-la-lluvia-lo-que-sabemos-sobre-la-bacteria-animal-que-ahora-tambien-se-transmite-entre-personas\/#primaryimage\"},\"thumbnailUrl\":\"https:\/\/stacatarina.mx\/consejos\/wp-content\/uploads\/2026\/09\/Enfermedad-de-la-lluvia-lo-que-sabemos-sobre-la-bacteria.jpg\",\"keywords\":[\"ahora\",\"animal\",\"bacteria\",\"enfermedad\",\"entre\",\"lluvia\",\"personas\",\"sabemos\",\"sobre\",\"tambi\u00e9n\",\"transmite\"],\"articleSection\":[\"Salud\"],\"inLanguage\":\"es\"},{\"@type\":\"WebPage\",\"@id\":\"https:\/\/stacatarina.mx\/consejos\/enfermedad-de-la-lluvia-lo-que-sabemos-sobre-la-bacteria-animal-que-ahora-tambien-se-transmite-entre-personas\/\",\"url\":\"https:\/\/stacatarina.mx\/consejos\/enfermedad-de-la-lluvia-lo-que-sabemos-sobre-la-bacteria-animal-que-ahora-tambien-se-transmite-entre-personas\/\",\"name\":\"\u201cEnfermedad de la lluvia\u201d: lo que sabemos sobre la bacteria animal que ahora tambi\u00e9n se transmite entre personas - Consejos - Santa Catarina\",\"isPartOf\":{\"@id\":\"https:\/\/stacatarina.mx\/consejos\/#website\"},\"primaryImageOfPage\":{\"@id\":\"https:\/\/stacatarina.mx\/consejos\/enfermedad-de-la-lluvia-lo-que-sabemos-sobre-la-bacteria-animal-que-ahora-tambien-se-transmite-entre-personas\/#primaryimage\"},\"image\":{\"@id\":\"https:\/\/stacatarina.mx\/consejos\/enfermedad-de-la-lluvia-lo-que-sabemos-sobre-la-bacteria-animal-que-ahora-tambien-se-transmite-entre-personas\/#primaryimage\"},\"thumbnailUrl\":\"https:\/\/stacatarina.mx\/consejos\/wp-content\/uploads\/2026\/09\/Enfermedad-de-la-lluvia-lo-que-sabemos-sobre-la-bacteria.jpg\",\"datePublished\":\"2026-09-01T16:52:55+00:00\",\"dateModified\":\"2026-09-01T16:52:58+00:00\",\"breadcrumb\":{\"@id\":\"https:\/\/stacatarina.mx\/consejos\/enfermedad-de-la-lluvia-lo-que-sabemos-sobre-la-bacteria-animal-que-ahora-tambien-se-transmite-entre-personas\/#breadcrumb\"},\"inLanguage\":\"es\",\"potentialAction\":[{\"@type\":\"ReadAction\",\"target\":[\"https:\/\/stacatarina.mx\/consejos\/enfermedad-de-la-lluvia-lo-que-sabemos-sobre-la-bacteria-animal-que-ahora-tambien-se-transmite-entre-personas\/\"]}]},{\"@type\":\"ImageObject\",\"inLanguage\":\"es\",\"@id\":\"https:\/\/stacatarina.mx\/consejos\/enfermedad-de-la-lluvia-lo-que-sabemos-sobre-la-bacteria-animal-que-ahora-tambien-se-transmite-entre-personas\/#primaryimage\",\"url\":\"https:\/\/stacatarina.mx\/consejos\/wp-content\/uploads\/2026\/09\/Enfermedad-de-la-lluvia-lo-que-sabemos-sobre-la-bacteria.jpg\",\"contentUrl\":\"https:\/\/stacatarina.mx\/consejos\/wp-content\/uploads\/2026\/09\/Enfermedad-de-la-lluvia-lo-que-sabemos-sobre-la-bacteria.jpg\",\"width\":1500,\"height\":1000,\"caption\":\"malattia della pioggia\"},{\"@type\":\"BreadcrumbList\",\"@id\":\"https:\/\/stacatarina.mx\/consejos\/enfermedad-de-la-lluvia-lo-que-sabemos-sobre-la-bacteria-animal-que-ahora-tambien-se-transmite-entre-personas\/#breadcrumb\",\"itemListElement\":[{\"@type\":\"ListItem\",\"position\":1,\"name\":\"Inicio\",\"item\":\"https:\/\/stacatarina.mx\/consejos\/\"},{\"@type\":\"ListItem\",\"position\":2,\"name\":\"\u201cEnfermedad de la lluvia\u201d: lo que sabemos sobre la bacteria animal que ahora tambi\u00e9n se transmite entre personas\"}]},{\"@type\":\"WebSite\",\"@id\":\"https:\/\/stacatarina.mx\/consejos\/#website\",\"url\":\"https:\/\/stacatarina.mx\/consejos\/\",\"name\":\"Santa Catarina\",\"description\":\"\",\"publisher\":{\"@id\":\"https:\/\/stacatarina.mx\/consejos\/#organization\"},\"potentialAction\":[{\"@type\":\"SearchAction\",\"target\":{\"@type\":\"EntryPoint\",\"urlTemplate\":\"https:\/\/stacatarina.mx\/consejos\/?s={search_term_string}\"},\"query-input\":{\"@type\":\"PropertyValueSpecification\",\"valueRequired\":true,\"valueName\":\"search_term_string\"}}],\"inLanguage\":\"es\"},{\"@type\":\"Organization\",\"@id\":\"https:\/\/stacatarina.mx\/consejos\/#organization\",\"name\":\"Santa Catarina\",\"url\":\"https:\/\/stacatarina.mx\/consejos\/\",\"logo\":{\"@type\":\"ImageObject\",\"inLanguage\":\"es\",\"@id\":\"https:\/\/stacatarina.mx\/consejos\/#\/schema\/logo\/image\/\",\"url\":\"https:\/\/stacatarina.mx\/consejos\/wp-content\/uploads\/2024\/09\/cropped-favicon-1-1.png\",\"contentUrl\":\"https:\/\/stacatarina.mx\/consejos\/wp-content\/uploads\/2024\/09\/cropped-favicon-1-1.png\",\"width\":512,\"height\":512,\"caption\":\"Santa Catarina\"},\"image\":{\"@id\":\"https:\/\/stacatarina.mx\/consejos\/#\/schema\/logo\/image\/\"},\"sameAs\":[\"https:\/\/www.facebook.com\/stacatarinagob\/\",\"https:\/\/x.com\/stacatarinagob\",\"https:\/\/www.instagram.com\/stacatarinagob\/\",\"https:\/\/www.youtube.com\/channel\/UCK-6cQJL_904665N1_nLTWw\"]},{\"@type\":\"Person\",\"@id\":\"https:\/\/stacatarina.mx\/consejos\/#\/schema\/person\/0be60adffa8e4c4d0828fdf021450e8a\",\"name\":\"Pedro Mart\u00ednez\",\"image\":{\"@type\":\"ImageObject\",\"inLanguage\":\"es\",\"@id\":\"https:\/\/stacatarina.mx\/consejos\/#\/schema\/person\/image\/\",\"url\":\"https:\/\/stacatarina.mx\/consejos\/wp-content\/uploads\/2024\/09\/stacatarina.jpg\",\"contentUrl\":\"https:\/\/stacatarina.mx\/consejos\/wp-content\/uploads\/2024\/09\/stacatarina.jpg\",\"caption\":\"Pedro Mart\u00ednez\"},\"description\":\"Hola, soy Pedro Mart\u00ednez, redactor jefe del sitio oficial del ayuntamiento de Santa Catarina, en M\u00e9xico. Con m\u00e1s de diez a\u00f1os de experiencia en el periodismo local, tengo una pasi\u00f3n por la investigaci\u00f3n y la difusi\u00f3n de informaci\u00f3n que valoriza nuestra hermosa comunidad. Mi compromiso es hacer de Santa Catarina una referencia en materia de transparencia y comunicaci\u00f3n municipal.\",\"sameAs\":[\"https:\/\/stacatarina.mx\/\"]}]}<\/script>\n<!-- \/ Yoast SEO plugin. -->","yoast_head_json":{"title":"\u201cEnfermedad de la lluvia\u201d: lo que sabemos sobre la bacteria animal que ahora tambi\u00e9n se transmite entre personas - Consejos - Santa Catarina","robots":{"index":"index","follow":"follow","max-snippet":"max-snippet:-1","max-image-preview":"max-image-preview:large","max-video-preview":"max-video-preview:-1"},"canonical":"https:\/\/stacatarina.mx\/consejos\/enfermedad-de-la-lluvia-lo-que-sabemos-sobre-la-bacteria-animal-que-ahora-tambien-se-transmite-entre-personas\/","og_locale":"es_MX","og_type":"article","og_title":"\u201cEnfermedad de la lluvia\u201d: lo que sabemos sobre la bacteria animal que ahora tambi\u00e9n se transmite entre personas - Consejos - Santa Catarina","og_description":"Durante a\u00f1os se consider\u00f3 principalmente una enfermedad animal, rara en humanos y generalmente asociada con el contacto con ganado vacuno, caballos u otros animales infectados.","og_url":"https:\/\/stacatarina.mx\/consejos\/enfermedad-de-la-lluvia-lo-que-sabemos-sobre-la-bacteria-animal-que-ahora-tambien-se-transmite-entre-personas\/","og_site_name":"Santa Catarina","article_publisher":"https:\/\/www.facebook.com\/stacatarinagob\/","article_published_time":"2026-09-01T16:52:55+00:00","article_modified_time":"2026-09-01T16:52:58+00:00","og_image":[{"width":1500,"height":1000,"url":"https:\/\/stacatarina.mx\/consejos\/wp-content\/uploads\/2026\/09\/Enfermedad-de-la-lluvia-lo-que-sabemos-sobre-la-bacteria.jpg","type":"image\/jpeg"}],"author":"Pedro Mart\u00ednez","twitter_card":"summary_large_image","twitter_creator":"@stacatarinagob","twitter_site":"@stacatarinagob","twitter_misc":{"Escrito por":"Pedro Mart\u00ednez","Tiempo de lectura":"4 minutos"},"schema":{"@context":"https:\/\/schema.org","@graph":[{"@type":"Article","@id":"https:\/\/stacatarina.mx\/consejos\/enfermedad-de-la-lluvia-lo-que-sabemos-sobre-la-bacteria-animal-que-ahora-tambien-se-transmite-entre-personas\/#article","isPartOf":{"@id":"https:\/\/stacatarina.mx\/consejos\/enfermedad-de-la-lluvia-lo-que-sabemos-sobre-la-bacteria-animal-que-ahora-tambien-se-transmite-entre-personas\/"},"author":{"name":"Pedro Mart\u00ednez","@id":"https:\/\/stacatarina.mx\/consejos\/#\/schema\/person\/0be60adffa8e4c4d0828fdf021450e8a"},"headline":"\u201cEnfermedad de la lluvia\u201d: lo que sabemos sobre la bacteria animal que ahora tambi\u00e9n se transmite entre personas","datePublished":"2026-09-01T16:52:55+00:00","dateModified":"2026-09-01T16:52:58+00:00","mainEntityOfPage":{"@id":"https:\/\/stacatarina.mx\/consejos\/enfermedad-de-la-lluvia-lo-que-sabemos-sobre-la-bacteria-animal-que-ahora-tambien-se-transmite-entre-personas\/"},"wordCount":913,"publisher":{"@id":"https:\/\/stacatarina.mx\/consejos\/#organization"},"image":{"@id":"https:\/\/stacatarina.mx\/consejos\/enfermedad-de-la-lluvia-lo-que-sabemos-sobre-la-bacteria-animal-que-ahora-tambien-se-transmite-entre-personas\/#primaryimage"},"thumbnailUrl":"https:\/\/stacatarina.mx\/consejos\/wp-content\/uploads\/2026\/09\/Enfermedad-de-la-lluvia-lo-que-sabemos-sobre-la-bacteria.jpg","keywords":["ahora","animal","bacteria","enfermedad","entre","lluvia","personas","sabemos","sobre","tambi\u00e9n","transmite"],"articleSection":["Salud"],"inLanguage":"es"},{"@type":"WebPage","@id":"https:\/\/stacatarina.mx\/consejos\/enfermedad-de-la-lluvia-lo-que-sabemos-sobre-la-bacteria-animal-que-ahora-tambien-se-transmite-entre-personas\/","url":"https:\/\/stacatarina.mx\/consejos\/enfermedad-de-la-lluvia-lo-que-sabemos-sobre-la-bacteria-animal-que-ahora-tambien-se-transmite-entre-personas\/","name":"\u201cEnfermedad de la lluvia\u201d: lo que sabemos sobre la bacteria animal que ahora tambi\u00e9n se transmite entre personas - Consejos - Santa Catarina","isPartOf":{"@id":"https:\/\/stacatarina.mx\/consejos\/#website"},"primaryImageOfPage":{"@id":"https:\/\/stacatarina.mx\/consejos\/enfermedad-de-la-lluvia-lo-que-sabemos-sobre-la-bacteria-animal-que-ahora-tambien-se-transmite-entre-personas\/#primaryimage"},"image":{"@id":"https:\/\/stacatarina.mx\/consejos\/enfermedad-de-la-lluvia-lo-que-sabemos-sobre-la-bacteria-animal-que-ahora-tambien-se-transmite-entre-personas\/#primaryimage"},"thumbnailUrl":"https:\/\/stacatarina.mx\/consejos\/wp-content\/uploads\/2026\/09\/Enfermedad-de-la-lluvia-lo-que-sabemos-sobre-la-bacteria.jpg","datePublished":"2026-09-01T16:52:55+00:00","dateModified":"2026-09-01T16:52:58+00:00","breadcrumb":{"@id":"https:\/\/stacatarina.mx\/consejos\/enfermedad-de-la-lluvia-lo-que-sabemos-sobre-la-bacteria-animal-que-ahora-tambien-se-transmite-entre-personas\/#breadcrumb"},"inLanguage":"es","potentialAction":[{"@type":"ReadAction","target":["https:\/\/stacatarina.mx\/consejos\/enfermedad-de-la-lluvia-lo-que-sabemos-sobre-la-bacteria-animal-que-ahora-tambien-se-transmite-entre-personas\/"]}]},{"@type":"ImageObject","inLanguage":"es","@id":"https:\/\/stacatarina.mx\/consejos\/enfermedad-de-la-lluvia-lo-que-sabemos-sobre-la-bacteria-animal-que-ahora-tambien-se-transmite-entre-personas\/#primaryimage","url":"https:\/\/stacatarina.mx\/consejos\/wp-content\/uploads\/2026\/09\/Enfermedad-de-la-lluvia-lo-que-sabemos-sobre-la-bacteria.jpg","contentUrl":"https:\/\/stacatarina.mx\/consejos\/wp-content\/uploads\/2026\/09\/Enfermedad-de-la-lluvia-lo-que-sabemos-sobre-la-bacteria.jpg","width":1500,"height":1000,"caption":"malattia della pioggia"},{"@type":"BreadcrumbList","@id":"https:\/\/stacatarina.mx\/consejos\/enfermedad-de-la-lluvia-lo-que-sabemos-sobre-la-bacteria-animal-que-ahora-tambien-se-transmite-entre-personas\/#breadcrumb","itemListElement":[{"@type":"ListItem","position":1,"name":"Inicio","item":"https:\/\/stacatarina.mx\/consejos\/"},{"@type":"ListItem","position":2,"name":"\u201cEnfermedad de la lluvia\u201d: lo que sabemos sobre la bacteria animal que ahora tambi\u00e9n se transmite entre personas"}]},{"@type":"WebSite","@id":"https:\/\/stacatarina.mx\/consejos\/#website","url":"https:\/\/stacatarina.mx\/consejos\/","name":"Santa Catarina","description":"","publisher":{"@id":"https:\/\/stacatarina.mx\/consejos\/#organization"},"potentialAction":[{"@type":"SearchAction","target":{"@type":"EntryPoint","urlTemplate":"https:\/\/stacatarina.mx\/consejos\/?s={search_term_string}"},"query-input":{"@type":"PropertyValueSpecification","valueRequired":true,"valueName":"search_term_string"}}],"inLanguage":"es"},{"@type":"Organization","@id":"https:\/\/stacatarina.mx\/consejos\/#organization","name":"Santa Catarina","url":"https:\/\/stacatarina.mx\/consejos\/","logo":{"@type":"ImageObject","inLanguage":"es","@id":"https:\/\/stacatarina.mx\/consejos\/#\/schema\/logo\/image\/","url":"https:\/\/stacatarina.mx\/consejos\/wp-content\/uploads\/2024\/09\/cropped-favicon-1-1.png","contentUrl":"https:\/\/stacatarina.mx\/consejos\/wp-content\/uploads\/2024\/09\/cropped-favicon-1-1.png","width":512,"height":512,"caption":"Santa Catarina"},"image":{"@id":"https:\/\/stacatarina.mx\/consejos\/#\/schema\/logo\/image\/"},"sameAs":["https:\/\/www.facebook.com\/stacatarinagob\/","https:\/\/x.com\/stacatarinagob","https:\/\/www.instagram.com\/stacatarinagob\/","https:\/\/www.youtube.com\/channel\/UCK-6cQJL_904665N1_nLTWw"]},{"@type":"Person","@id":"https:\/\/stacatarina.mx\/consejos\/#\/schema\/person\/0be60adffa8e4c4d0828fdf021450e8a","name":"Pedro Mart\u00ednez","image":{"@type":"ImageObject","inLanguage":"es","@id":"https:\/\/stacatarina.mx\/consejos\/#\/schema\/person\/image\/","url":"https:\/\/stacatarina.mx\/consejos\/wp-content\/uploads\/2024\/09\/stacatarina.jpg","contentUrl":"https:\/\/stacatarina.mx\/consejos\/wp-content\/uploads\/2024\/09\/stacatarina.jpg","caption":"Pedro Mart\u00ednez"},"description":"Hola, soy Pedro Mart\u00ednez, redactor jefe del sitio oficial del ayuntamiento de Santa Catarina, en M\u00e9xico. Con m\u00e1s de diez a\u00f1os de experiencia en el periodismo local, tengo una pasi\u00f3n por la investigaci\u00f3n y la difusi\u00f3n de informaci\u00f3n que valoriza nuestra hermosa comunidad. Mi compromiso es hacer de Santa Catarina una referencia en materia de transparencia y comunicaci\u00f3n municipal.","sameAs":["https:\/\/stacatarina.mx\/"]}]}},"_links":{"self":[{"href":"https:\/\/stacatarina.mx\/consejos\/wp-json\/wp\/v2\/posts\/10875"}],"collection":[{"href":"https:\/\/stacatarina.mx\/consejos\/wp-json\/wp\/v2\/posts"}],"about":[{"href":"https:\/\/stacatarina.mx\/consejos\/wp-json\/wp\/v2\/types\/post"}],"author":[{"embeddable":true,"href":"https:\/\/stacatarina.mx\/consejos\/wp-json\/wp\/v2\/users\/1"}],"replies":[{"embeddable":true,"href":"https:\/\/stacatarina.mx\/consejos\/wp-json\/wp\/v2\/comments?post=10875"}],"version-history":[{"count":1,"href":"https:\/\/stacatarina.mx\/consejos\/wp-json\/wp\/v2\/posts\/10875\/revisions"}],"predecessor-version":[{"id":10877,"href":"https:\/\/stacatarina.mx\/consejos\/wp-json\/wp\/v2\/posts\/10875\/revisions\/10877"}],"wp:featuredmedia":[{"embeddable":true,"href":"https:\/\/stacatarina.mx\/consejos\/wp-json\/wp\/v2\/media\/10876"}],"wp:attachment":[{"href":"https:\/\/stacatarina.mx\/consejos\/wp-json\/wp\/v2\/media?parent=10875"}],"wp:term":[{"taxonomy":"category","embeddable":true,"href":"https:\/\/stacatarina.mx\/consejos\/wp-json\/wp\/v2\/categories?post=10875"},{"taxonomy":"post_tag","embeddable":true,"href":"https:\/\/stacatarina.mx\/consejos\/wp-json\/wp\/v2\/tags?post=10875"}],"curies":[{"name":"wp","href":"https:\/\/api.w.org\/{rel}","templated":true}]}}