{"id":10881,"date":"2026-09-01T18:52:29","date_gmt":"2026-09-02T00:52:29","guid":{"rendered":"https:\/\/stacatarina.mx\/consejos\/desastre-nepal-tibet-vinculado-al-cambio-climatico-un-glaciologo\/"},"modified":"2026-09-01T18:52:31","modified_gmt":"2026-09-02T00:52:31","slug":"desastre-nepal-tibet-vinculado-al-cambio-climatico-un-glaciologo","status":"publish","type":"post","link":"https:\/\/stacatarina.mx\/consejos\/desastre-nepal-tibet-vinculado-al-cambio-climatico-un-glaciologo\/","title":{"rendered":"Desastre Nepal-T\u00edbet vinculado al cambio clim\u00e1tico: un glaci\u00f3logo&#8230;"},"content":{"rendered":"<div class=\"entry-content\">\n<p class=\"wp-block-paragraph\"><em>La causa de las enormes inundaciones y flujos de escombros en la frontera entre Nepal y el T\u00edbet, que han causado cientos de muertes, parece haber sido una avalancha de hielo, resultado del colapso de un enorme trozo de glaciar que cay\u00f3 en cascada monta\u00f1a abajo a m\u00e1s de 1.000 metros hasta el fondo del valle. The Conversation pregunt\u00f3 a Jonathan Bamber, profesor de glaciolog\u00eda de la Universidad de Bristol, sobre los riesgos de que los glaciares se derritan m\u00e1s r\u00e1pido que nunca.<\/em><\/p>\n<h2 class=\"wp-block-heading\">\u00bfEst\u00e1 esta regi\u00f3n particularmente en riesgo por el derretimiento de los glaciares?<\/h2>\n<p class=\"wp-block-paragraph\">La gran regi\u00f3n del Himalaya, llamada Altas Monta\u00f1as de Asia (HMA), a menudo se conoce como el tercer polo porque contiene m\u00e1s hielo glaciar que cualquier otro lugar fuera de las regiones polares. Muchos de esos glaciares se encuentran a lo largo de la frontera norte de Nepal y China, formando un arco de este a oeste del Himalaya. El T\u00edbet es una regi\u00f3n aut\u00f3noma de China.<\/p>\n<p class=\"wp-block-paragraph\">Ocho de los 14 picos por encima de los 8.000 m se encuentran en Nepal. Su mitad norte es extremadamente monta\u00f1osa y escarpada, lo que la hace susceptible a deslizamientos de tierra, desprendimientos de rocas y peligros relacionados con los glaciares, como inundaciones por desbordamiento de lagos glaciales y colapsos de acantilados de hielo. Cuando los glaciares fluyen sobre pendientes empinadas de lecho rocoso, el hielo se fractura en lo que se llama seracs: acantilados de hielo que son inherentemente inestables y se rompen de vez en cuando.<\/p>\n<h2 class=\"wp-block-heading\">\u00bfSe est\u00e1n derritiendo m\u00e1s r\u00e1pido los glaciares ahora?<\/h2>\n<p class=\"wp-block-paragraph\">No deber\u00eda sorprender que en un mundo que se calienta, el hielo se derrita m\u00e1s r\u00e1pido. Desde el inicio de la revoluci\u00f3n industrial, que normalmente se considera 1850, el mundo se ha calentado 1,4\u00b0C.<\/p>\n<p class=\"wp-block-paragraph\">Sin embargo, ese calentamiento es un promedio global y existen grandes variaciones regionales. El \u00c1rtico se ha calentado m\u00e1s del doble de esa cantidad, y la regi\u00f3n del Himalaya tambi\u00e9n se ha calentado m\u00e1s que el promedio mundial. El ritmo de calentamiento se ha acelerado significativamente durante las \u00faltimas cuatro d\u00e9cadas. Como consecuencia de ello, los glaciares de todo el mundo se han estado derritiendo m\u00e1s r\u00e1pidamente.<\/p>\n<p class=\"wp-block-paragraph\">La evaluaci\u00f3n m\u00e1s completa del derretimiento de los glaciares (llamada balance de masa de los glaciares) combina observaciones satelitales con datos terrestres para reconstruir las tasas de derretimiento entre 1976 y 2024. Encuentran que la tasa es mayor durante la d\u00e9cada m\u00e1s reciente en comparaci\u00f3n con la media a largo plazo para todas las regiones excepto Islandia. Para la HMA, el aumento es de aproximadamente el 25%. En el caso de los Alpes europeos, es m\u00e1s del doble.<\/p>\n<h2 class=\"wp-block-heading\">\u00bfCu\u00e1les son las consecuencias?<\/h2>\n<p class=\"wp-block-paragraph\">Cuando los glaciares se derriten, la principal consecuencia es la liberaci\u00f3n de agua de deshielo que fluye, estacionalmente, hacia corrientes de deshielo que luego alimentan sistemas fluviales m\u00e1s grandes. Sin embargo, los glaciares se encuentran sobre permafrost: suelo que est\u00e1 permanentemente congelado hasta cierta profundidad. A medida que este permafrost se calienta y se descongela, la roca, el hielo y el lodo se vuelven inestables, lo que provoca desprendimientos de rocas y desestabilizaci\u00f3n del hielo en terrenos escarpados.<\/p>\n<p class=\"wp-block-paragraph\">En el caso del desastre entre Nepal y el T\u00edbet, imaginemos que se derrumba un bloque de hielo de unos 600 m de ancho y unos 50 m de espesor. Esto representa alrededor de medio mill\u00f3n de toneladas de hielo que se estrellar\u00e1n contra el valle.<\/p>\n<p class=\"wp-block-paragraph\">Los colapsos de Serac son m\u00e1s comunes durante los per\u00edodos m\u00e1s c\u00e1lidos, cuando el derretimiento de la superficie debilita el hielo. Por eso los monta\u00f1eros intentan atravesar las barreras de serac por la noche o temprano en la ma\u00f1ana, antes de que el sol las caliente.<\/p>\n<p class=\"wp-block-paragraph\">Otra consecuencia del derretimiento de los glaciares es la formaci\u00f3n de lagos represados \u200b\u200bpor hielo o morrenas (restos dejados por el derretimiento de los glaciares) en el frente del glaciar. Estos lagos forman inundaciones repentinas de lagos glaciales que ocurren cuando falla la presa. Muchos senderos en Nepal y la India llevan se\u00f1ales de advertencia al respecto. https:\/\/www.youtube.com\/embed\/5WVO8AXClPw?wmode=transparent&#038;start=0 Las inundaciones en Nepal han causado cientos de muertes.<\/p>\n<h2 class=\"wp-block-heading\">\u00bfQu\u00e9 m\u00e1s deber\u00edan estar haciendo las naciones?<\/h2>\n<p class=\"wp-block-paragraph\">El aumento del derretimiento de los glaciares es una de las muchas consecuencias de vivir en un mundo que se calienta. Los incendios forestales sin precedentes en Espa\u00f1a y Francia, las olas de calor en Europa y las sequ\u00edas m\u00e1s intensas y comunes son consecuencias de un sistema clim\u00e1tico desequilibrado. El Reino Unido declar\u00f3 una emergencia clim\u00e1tica en 2019, al igual que la UE y varios otros estados.<\/p>\n<p class=\"wp-block-paragraph\">Se han logrado avances en la reducci\u00f3n de nuestra dependencia de los combustibles f\u00f3siles con alto contenido de carbono, pero las emisiones siguen aumentando. Una definici\u00f3n de emergencia es una amenaza existencial que requiere acci\u00f3n inmediata. A\u00fan no se ha hecho lo suficiente para abordar esta cuesti\u00f3n, a pesar de las palabras alentadoras de muchos gobiernos y estados.<\/p>\n<p class=\"wp-block-paragraph\">Tenemos el conocimiento y la tecnolog\u00eda para abordar la crisis clim\u00e1tica. Lo que falta es voluntad y visi\u00f3n pol\u00edticas. Si esto no se logra, el derretimiento de los glaciares ser\u00e1 s\u00f3lo un aspecto de esta crisis clim\u00e1tica provocada por el hombre, y las consecuencias ser\u00e1n devastadoras.<\/p>\n<hr class=\"wp-block-separator has-alpha-channel-opacity\">\n<p class=\"wp-block-paragraph\"><em>Jonathan Bamber, profesor de Glaciolog\u00eda y Observaci\u00f3n de la Tierra, Universidad de Bristol<\/em><\/p>\n<p class=\"wp-block-paragraph\"><em>Foto: Un lago represado por el hielo. Propio autor, CC BY<\/em><\/p>\n<p><!-- Error, Advert is not available at this time due to schedule\/geolocation restrictions! -->\t<\/div>\n","protected":false},"excerpt":{"rendered":"<p>La causa de las enormes inundaciones y flujos de escombros en la frontera entre Nepal y el T\u00edbet, que han causado cientos de muertes, parece<\/p>\n","protected":false},"author":1,"featured_media":10882,"comment_status":"closed","ping_status":"","sticky":false,"template":"","format":"standard","meta":{"footnotes":""},"categories":[68],"tags":[349,350,1914,9795,9794,1890],"class_list":["post-10881","post","type-post","status-publish","format-standard","has-post-thumbnail","hentry","category-fauna-y-flora","tag-cambio","tag-climatico","tag-desastre","tag-glaciologo","tag-nepaltibet","tag-vinculado","generate-columns","tablet-grid-50","mobile-grid-100","grid-parent","grid-50"],"yoast_head":"<!-- This site is optimized with the Yoast SEO plugin v23.4 - https:\/\/yoast.com\/wordpress\/plugins\/seo\/ -->\n<title>Desastre Nepal-T\u00edbet vinculado al cambio clim\u00e1tico: un glaci\u00f3logo... - Consejos - Santa Catarina<\/title>\n<meta name=\"robots\" content=\"index, follow, max-snippet:-1, max-image-preview:large, max-video-preview:-1\" \/>\n<link rel=\"canonical\" href=\"https:\/\/stacatarina.mx\/consejos\/desastre-nepal-tibet-vinculado-al-cambio-climatico-un-glaciologo\/\" \/>\n<meta property=\"og:locale\" content=\"es_MX\" \/>\n<meta property=\"og:type\" content=\"article\" \/>\n<meta property=\"og:title\" content=\"Desastre Nepal-T\u00edbet vinculado al cambio clim\u00e1tico: un glaci\u00f3logo... - Consejos - Santa Catarina\" \/>\n<meta property=\"og:description\" content=\"La causa de las enormes inundaciones y flujos de escombros en la frontera entre Nepal y el T\u00edbet, que han causado cientos de muertes, parece\" \/>\n<meta property=\"og:url\" content=\"https:\/\/stacatarina.mx\/consejos\/desastre-nepal-tibet-vinculado-al-cambio-climatico-un-glaciologo\/\" \/>\n<meta property=\"og:site_name\" content=\"Santa Catarina\" \/>\n<meta property=\"article:publisher\" content=\"https:\/\/www.facebook.com\/stacatarinagob\/\" \/>\n<meta property=\"article:published_time\" content=\"2026-09-02T00:52:29+00:00\" \/>\n<meta property=\"article:modified_time\" content=\"2026-09-02T00:52:31+00:00\" \/>\n<meta property=\"og:image\" content=\"https:\/\/stacatarina.mx\/consejos\/wp-content\/uploads\/2026\/09\/Desastre-Nepal-Tibet-vinculado-al-cambio-climatico-un-glaciologo.jpg\" \/>\n\t<meta property=\"og:image:width\" content=\"753\" \/>\n\t<meta property=\"og:image:height\" content=\"502\" \/>\n\t<meta property=\"og:image:type\" content=\"image\/jpeg\" \/>\n<meta name=\"author\" content=\"Pedro Mart\u00ednez\" \/>\n<meta name=\"twitter:card\" content=\"summary_large_image\" \/>\n<meta name=\"twitter:creator\" content=\"@stacatarinagob\" \/>\n<meta name=\"twitter:site\" content=\"@stacatarinagob\" \/>\n<meta name=\"twitter:label1\" content=\"Escrito por\" \/>\n\t<meta name=\"twitter:data1\" content=\"Pedro Mart\u00ednez\" \/>\n\t<meta name=\"twitter:label2\" content=\"Tiempo de lectura\" \/>\n\t<meta name=\"twitter:data2\" content=\"5 minutos\" \/>\n<script type=\"application\/ld+json\" class=\"yoast-schema-graph\">{\"@context\":\"https:\/\/schema.org\",\"@graph\":[{\"@type\":\"Article\",\"@id\":\"https:\/\/stacatarina.mx\/consejos\/desastre-nepal-tibet-vinculado-al-cambio-climatico-un-glaciologo\/#article\",\"isPartOf\":{\"@id\":\"https:\/\/stacatarina.mx\/consejos\/desastre-nepal-tibet-vinculado-al-cambio-climatico-un-glaciologo\/\"},\"author\":{\"name\":\"Pedro Mart\u00ednez\",\"@id\":\"https:\/\/stacatarina.mx\/consejos\/#\/schema\/person\/0be60adffa8e4c4d0828fdf021450e8a\"},\"headline\":\"Desastre Nepal-T\u00edbet vinculado al cambio clim\u00e1tico: un glaci\u00f3logo&#8230;\",\"datePublished\":\"2026-09-02T00:52:29+00:00\",\"dateModified\":\"2026-09-02T00:52:31+00:00\",\"mainEntityOfPage\":{\"@id\":\"https:\/\/stacatarina.mx\/consejos\/desastre-nepal-tibet-vinculado-al-cambio-climatico-un-glaciologo\/\"},\"wordCount\":962,\"publisher\":{\"@id\":\"https:\/\/stacatarina.mx\/consejos\/#organization\"},\"image\":{\"@id\":\"https:\/\/stacatarina.mx\/consejos\/desastre-nepal-tibet-vinculado-al-cambio-climatico-un-glaciologo\/#primaryimage\"},\"thumbnailUrl\":\"https:\/\/stacatarina.mx\/consejos\/wp-content\/uploads\/2026\/09\/Desastre-Nepal-Tibet-vinculado-al-cambio-climatico-un-glaciologo.jpg\",\"keywords\":[\"cambio\",\"clim\u00e1tico\",\"Desastre\",\"glaci\u00f3logo..\",\"NepalT\u00edbet\",\"vinculado\"],\"articleSection\":[\"Fauna y Flora\"],\"inLanguage\":\"es\"},{\"@type\":\"WebPage\",\"@id\":\"https:\/\/stacatarina.mx\/consejos\/desastre-nepal-tibet-vinculado-al-cambio-climatico-un-glaciologo\/\",\"url\":\"https:\/\/stacatarina.mx\/consejos\/desastre-nepal-tibet-vinculado-al-cambio-climatico-un-glaciologo\/\",\"name\":\"Desastre Nepal-T\u00edbet vinculado al cambio clim\u00e1tico: un glaci\u00f3logo... - Consejos - Santa Catarina\",\"isPartOf\":{\"@id\":\"https:\/\/stacatarina.mx\/consejos\/#website\"},\"primaryImageOfPage\":{\"@id\":\"https:\/\/stacatarina.mx\/consejos\/desastre-nepal-tibet-vinculado-al-cambio-climatico-un-glaciologo\/#primaryimage\"},\"image\":{\"@id\":\"https:\/\/stacatarina.mx\/consejos\/desastre-nepal-tibet-vinculado-al-cambio-climatico-un-glaciologo\/#primaryimage\"},\"thumbnailUrl\":\"https:\/\/stacatarina.mx\/consejos\/wp-content\/uploads\/2026\/09\/Desastre-Nepal-Tibet-vinculado-al-cambio-climatico-un-glaciologo.jpg\",\"datePublished\":\"2026-09-02T00:52:29+00:00\",\"dateModified\":\"2026-09-02T00:52:31+00:00\",\"breadcrumb\":{\"@id\":\"https:\/\/stacatarina.mx\/consejos\/desastre-nepal-tibet-vinculado-al-cambio-climatico-un-glaciologo\/#breadcrumb\"},\"inLanguage\":\"es\",\"potentialAction\":[{\"@type\":\"ReadAction\",\"target\":[\"https:\/\/stacatarina.mx\/consejos\/desastre-nepal-tibet-vinculado-al-cambio-climatico-un-glaciologo\/\"]}]},{\"@type\":\"ImageObject\",\"inLanguage\":\"es\",\"@id\":\"https:\/\/stacatarina.mx\/consejos\/desastre-nepal-tibet-vinculado-al-cambio-climatico-un-glaciologo\/#primaryimage\",\"url\":\"https:\/\/stacatarina.mx\/consejos\/wp-content\/uploads\/2026\/09\/Desastre-Nepal-Tibet-vinculado-al-cambio-climatico-un-glaciologo.jpg\",\"contentUrl\":\"https:\/\/stacatarina.mx\/consejos\/wp-content\/uploads\/2026\/09\/Desastre-Nepal-Tibet-vinculado-al-cambio-climatico-un-glaciologo.jpg\",\"width\":753,\"height\":502,\"caption\":\"Nepal\u2011Tibet disaster linked to climate change \u2013 a glaciologist explains\"},{\"@type\":\"BreadcrumbList\",\"@id\":\"https:\/\/stacatarina.mx\/consejos\/desastre-nepal-tibet-vinculado-al-cambio-climatico-un-glaciologo\/#breadcrumb\",\"itemListElement\":[{\"@type\":\"ListItem\",\"position\":1,\"name\":\"Inicio\",\"item\":\"https:\/\/stacatarina.mx\/consejos\/\"},{\"@type\":\"ListItem\",\"position\":2,\"name\":\"Desastre Nepal-T\u00edbet vinculado al cambio clim\u00e1tico: un glaci\u00f3logo&#8230;\"}]},{\"@type\":\"WebSite\",\"@id\":\"https:\/\/stacatarina.mx\/consejos\/#website\",\"url\":\"https:\/\/stacatarina.mx\/consejos\/\",\"name\":\"Santa Catarina\",\"description\":\"\",\"publisher\":{\"@id\":\"https:\/\/stacatarina.mx\/consejos\/#organization\"},\"potentialAction\":[{\"@type\":\"SearchAction\",\"target\":{\"@type\":\"EntryPoint\",\"urlTemplate\":\"https:\/\/stacatarina.mx\/consejos\/?s={search_term_string}\"},\"query-input\":{\"@type\":\"PropertyValueSpecification\",\"valueRequired\":true,\"valueName\":\"search_term_string\"}}],\"inLanguage\":\"es\"},{\"@type\":\"Organization\",\"@id\":\"https:\/\/stacatarina.mx\/consejos\/#organization\",\"name\":\"Santa Catarina\",\"url\":\"https:\/\/stacatarina.mx\/consejos\/\",\"logo\":{\"@type\":\"ImageObject\",\"inLanguage\":\"es\",\"@id\":\"https:\/\/stacatarina.mx\/consejos\/#\/schema\/logo\/image\/\",\"url\":\"https:\/\/stacatarina.mx\/consejos\/wp-content\/uploads\/2024\/09\/cropped-favicon-1-1.png\",\"contentUrl\":\"https:\/\/stacatarina.mx\/consejos\/wp-content\/uploads\/2024\/09\/cropped-favicon-1-1.png\",\"width\":512,\"height\":512,\"caption\":\"Santa Catarina\"},\"image\":{\"@id\":\"https:\/\/stacatarina.mx\/consejos\/#\/schema\/logo\/image\/\"},\"sameAs\":[\"https:\/\/www.facebook.com\/stacatarinagob\/\",\"https:\/\/x.com\/stacatarinagob\",\"https:\/\/www.instagram.com\/stacatarinagob\/\",\"https:\/\/www.youtube.com\/channel\/UCK-6cQJL_904665N1_nLTWw\"]},{\"@type\":\"Person\",\"@id\":\"https:\/\/stacatarina.mx\/consejos\/#\/schema\/person\/0be60adffa8e4c4d0828fdf021450e8a\",\"name\":\"Pedro Mart\u00ednez\",\"image\":{\"@type\":\"ImageObject\",\"inLanguage\":\"es\",\"@id\":\"https:\/\/stacatarina.mx\/consejos\/#\/schema\/person\/image\/\",\"url\":\"https:\/\/stacatarina.mx\/consejos\/wp-content\/uploads\/2024\/09\/stacatarina.jpg\",\"contentUrl\":\"https:\/\/stacatarina.mx\/consejos\/wp-content\/uploads\/2024\/09\/stacatarina.jpg\",\"caption\":\"Pedro Mart\u00ednez\"},\"description\":\"Hola, soy Pedro Mart\u00ednez, redactor jefe del sitio oficial del ayuntamiento de Santa Catarina, en M\u00e9xico. Con m\u00e1s de diez a\u00f1os de experiencia en el periodismo local, tengo una pasi\u00f3n por la investigaci\u00f3n y la difusi\u00f3n de informaci\u00f3n que valoriza nuestra hermosa comunidad. Mi compromiso es hacer de Santa Catarina una referencia en materia de transparencia y comunicaci\u00f3n municipal.\",\"sameAs\":[\"https:\/\/stacatarina.mx\/\"]}]}<\/script>\n<!-- \/ Yoast SEO plugin. -->","yoast_head_json":{"title":"Desastre Nepal-T\u00edbet vinculado al cambio clim\u00e1tico: un glaci\u00f3logo... - Consejos - Santa Catarina","robots":{"index":"index","follow":"follow","max-snippet":"max-snippet:-1","max-image-preview":"max-image-preview:large","max-video-preview":"max-video-preview:-1"},"canonical":"https:\/\/stacatarina.mx\/consejos\/desastre-nepal-tibet-vinculado-al-cambio-climatico-un-glaciologo\/","og_locale":"es_MX","og_type":"article","og_title":"Desastre Nepal-T\u00edbet vinculado al cambio clim\u00e1tico: un glaci\u00f3logo... - Consejos - Santa Catarina","og_description":"La causa de las enormes inundaciones y flujos de escombros en la frontera entre Nepal y el T\u00edbet, que han causado cientos de muertes, parece","og_url":"https:\/\/stacatarina.mx\/consejos\/desastre-nepal-tibet-vinculado-al-cambio-climatico-un-glaciologo\/","og_site_name":"Santa Catarina","article_publisher":"https:\/\/www.facebook.com\/stacatarinagob\/","article_published_time":"2026-09-02T00:52:29+00:00","article_modified_time":"2026-09-02T00:52:31+00:00","og_image":[{"width":753,"height":502,"url":"https:\/\/stacatarina.mx\/consejos\/wp-content\/uploads\/2026\/09\/Desastre-Nepal-Tibet-vinculado-al-cambio-climatico-un-glaciologo.jpg","type":"image\/jpeg"}],"author":"Pedro Mart\u00ednez","twitter_card":"summary_large_image","twitter_creator":"@stacatarinagob","twitter_site":"@stacatarinagob","twitter_misc":{"Escrito por":"Pedro Mart\u00ednez","Tiempo de lectura":"5 minutos"},"schema":{"@context":"https:\/\/schema.org","@graph":[{"@type":"Article","@id":"https:\/\/stacatarina.mx\/consejos\/desastre-nepal-tibet-vinculado-al-cambio-climatico-un-glaciologo\/#article","isPartOf":{"@id":"https:\/\/stacatarina.mx\/consejos\/desastre-nepal-tibet-vinculado-al-cambio-climatico-un-glaciologo\/"},"author":{"name":"Pedro Mart\u00ednez","@id":"https:\/\/stacatarina.mx\/consejos\/#\/schema\/person\/0be60adffa8e4c4d0828fdf021450e8a"},"headline":"Desastre Nepal-T\u00edbet vinculado al cambio clim\u00e1tico: un glaci\u00f3logo&#8230;","datePublished":"2026-09-02T00:52:29+00:00","dateModified":"2026-09-02T00:52:31+00:00","mainEntityOfPage":{"@id":"https:\/\/stacatarina.mx\/consejos\/desastre-nepal-tibet-vinculado-al-cambio-climatico-un-glaciologo\/"},"wordCount":962,"publisher":{"@id":"https:\/\/stacatarina.mx\/consejos\/#organization"},"image":{"@id":"https:\/\/stacatarina.mx\/consejos\/desastre-nepal-tibet-vinculado-al-cambio-climatico-un-glaciologo\/#primaryimage"},"thumbnailUrl":"https:\/\/stacatarina.mx\/consejos\/wp-content\/uploads\/2026\/09\/Desastre-Nepal-Tibet-vinculado-al-cambio-climatico-un-glaciologo.jpg","keywords":["cambio","clim\u00e1tico","Desastre","glaci\u00f3logo..","NepalT\u00edbet","vinculado"],"articleSection":["Fauna y Flora"],"inLanguage":"es"},{"@type":"WebPage","@id":"https:\/\/stacatarina.mx\/consejos\/desastre-nepal-tibet-vinculado-al-cambio-climatico-un-glaciologo\/","url":"https:\/\/stacatarina.mx\/consejos\/desastre-nepal-tibet-vinculado-al-cambio-climatico-un-glaciologo\/","name":"Desastre Nepal-T\u00edbet vinculado al cambio clim\u00e1tico: un glaci\u00f3logo... - Consejos - Santa Catarina","isPartOf":{"@id":"https:\/\/stacatarina.mx\/consejos\/#website"},"primaryImageOfPage":{"@id":"https:\/\/stacatarina.mx\/consejos\/desastre-nepal-tibet-vinculado-al-cambio-climatico-un-glaciologo\/#primaryimage"},"image":{"@id":"https:\/\/stacatarina.mx\/consejos\/desastre-nepal-tibet-vinculado-al-cambio-climatico-un-glaciologo\/#primaryimage"},"thumbnailUrl":"https:\/\/stacatarina.mx\/consejos\/wp-content\/uploads\/2026\/09\/Desastre-Nepal-Tibet-vinculado-al-cambio-climatico-un-glaciologo.jpg","datePublished":"2026-09-02T00:52:29+00:00","dateModified":"2026-09-02T00:52:31+00:00","breadcrumb":{"@id":"https:\/\/stacatarina.mx\/consejos\/desastre-nepal-tibet-vinculado-al-cambio-climatico-un-glaciologo\/#breadcrumb"},"inLanguage":"es","potentialAction":[{"@type":"ReadAction","target":["https:\/\/stacatarina.mx\/consejos\/desastre-nepal-tibet-vinculado-al-cambio-climatico-un-glaciologo\/"]}]},{"@type":"ImageObject","inLanguage":"es","@id":"https:\/\/stacatarina.mx\/consejos\/desastre-nepal-tibet-vinculado-al-cambio-climatico-un-glaciologo\/#primaryimage","url":"https:\/\/stacatarina.mx\/consejos\/wp-content\/uploads\/2026\/09\/Desastre-Nepal-Tibet-vinculado-al-cambio-climatico-un-glaciologo.jpg","contentUrl":"https:\/\/stacatarina.mx\/consejos\/wp-content\/uploads\/2026\/09\/Desastre-Nepal-Tibet-vinculado-al-cambio-climatico-un-glaciologo.jpg","width":753,"height":502,"caption":"Nepal\u2011Tibet disaster linked to climate change \u2013 a glaciologist explains"},{"@type":"BreadcrumbList","@id":"https:\/\/stacatarina.mx\/consejos\/desastre-nepal-tibet-vinculado-al-cambio-climatico-un-glaciologo\/#breadcrumb","itemListElement":[{"@type":"ListItem","position":1,"name":"Inicio","item":"https:\/\/stacatarina.mx\/consejos\/"},{"@type":"ListItem","position":2,"name":"Desastre Nepal-T\u00edbet vinculado al cambio clim\u00e1tico: un glaci\u00f3logo&#8230;"}]},{"@type":"WebSite","@id":"https:\/\/stacatarina.mx\/consejos\/#website","url":"https:\/\/stacatarina.mx\/consejos\/","name":"Santa Catarina","description":"","publisher":{"@id":"https:\/\/stacatarina.mx\/consejos\/#organization"},"potentialAction":[{"@type":"SearchAction","target":{"@type":"EntryPoint","urlTemplate":"https:\/\/stacatarina.mx\/consejos\/?s={search_term_string}"},"query-input":{"@type":"PropertyValueSpecification","valueRequired":true,"valueName":"search_term_string"}}],"inLanguage":"es"},{"@type":"Organization","@id":"https:\/\/stacatarina.mx\/consejos\/#organization","name":"Santa Catarina","url":"https:\/\/stacatarina.mx\/consejos\/","logo":{"@type":"ImageObject","inLanguage":"es","@id":"https:\/\/stacatarina.mx\/consejos\/#\/schema\/logo\/image\/","url":"https:\/\/stacatarina.mx\/consejos\/wp-content\/uploads\/2024\/09\/cropped-favicon-1-1.png","contentUrl":"https:\/\/stacatarina.mx\/consejos\/wp-content\/uploads\/2024\/09\/cropped-favicon-1-1.png","width":512,"height":512,"caption":"Santa Catarina"},"image":{"@id":"https:\/\/stacatarina.mx\/consejos\/#\/schema\/logo\/image\/"},"sameAs":["https:\/\/www.facebook.com\/stacatarinagob\/","https:\/\/x.com\/stacatarinagob","https:\/\/www.instagram.com\/stacatarinagob\/","https:\/\/www.youtube.com\/channel\/UCK-6cQJL_904665N1_nLTWw"]},{"@type":"Person","@id":"https:\/\/stacatarina.mx\/consejos\/#\/schema\/person\/0be60adffa8e4c4d0828fdf021450e8a","name":"Pedro Mart\u00ednez","image":{"@type":"ImageObject","inLanguage":"es","@id":"https:\/\/stacatarina.mx\/consejos\/#\/schema\/person\/image\/","url":"https:\/\/stacatarina.mx\/consejos\/wp-content\/uploads\/2024\/09\/stacatarina.jpg","contentUrl":"https:\/\/stacatarina.mx\/consejos\/wp-content\/uploads\/2024\/09\/stacatarina.jpg","caption":"Pedro Mart\u00ednez"},"description":"Hola, soy Pedro Mart\u00ednez, redactor jefe del sitio oficial del ayuntamiento de Santa Catarina, en M\u00e9xico. Con m\u00e1s de diez a\u00f1os de experiencia en el periodismo local, tengo una pasi\u00f3n por la investigaci\u00f3n y la difusi\u00f3n de informaci\u00f3n que valoriza nuestra hermosa comunidad. Mi compromiso es hacer de Santa Catarina una referencia en materia de transparencia y comunicaci\u00f3n municipal.","sameAs":["https:\/\/stacatarina.mx\/"]}]}},"_links":{"self":[{"href":"https:\/\/stacatarina.mx\/consejos\/wp-json\/wp\/v2\/posts\/10881"}],"collection":[{"href":"https:\/\/stacatarina.mx\/consejos\/wp-json\/wp\/v2\/posts"}],"about":[{"href":"https:\/\/stacatarina.mx\/consejos\/wp-json\/wp\/v2\/types\/post"}],"author":[{"embeddable":true,"href":"https:\/\/stacatarina.mx\/consejos\/wp-json\/wp\/v2\/users\/1"}],"replies":[{"embeddable":true,"href":"https:\/\/stacatarina.mx\/consejos\/wp-json\/wp\/v2\/comments?post=10881"}],"version-history":[{"count":1,"href":"https:\/\/stacatarina.mx\/consejos\/wp-json\/wp\/v2\/posts\/10881\/revisions"}],"predecessor-version":[{"id":10883,"href":"https:\/\/stacatarina.mx\/consejos\/wp-json\/wp\/v2\/posts\/10881\/revisions\/10883"}],"wp:featuredmedia":[{"embeddable":true,"href":"https:\/\/stacatarina.mx\/consejos\/wp-json\/wp\/v2\/media\/10882"}],"wp:attachment":[{"href":"https:\/\/stacatarina.mx\/consejos\/wp-json\/wp\/v2\/media?parent=10881"}],"wp:term":[{"taxonomy":"category","embeddable":true,"href":"https:\/\/stacatarina.mx\/consejos\/wp-json\/wp\/v2\/categories?post=10881"},{"taxonomy":"post_tag","embeddable":true,"href":"https:\/\/stacatarina.mx\/consejos\/wp-json\/wp\/v2\/tags?post=10881"}],"curies":[{"name":"wp","href":"https:\/\/api.w.org\/{rel}","templated":true}]}}