{"id":10887,"date":"2026-09-02T01:55:26","date_gmt":"2026-09-02T07:55:26","guid":{"rendered":"https:\/\/stacatarina.mx\/consejos\/dinamarca-compensara-a-las-mujeres-inuit-sometidas-a-anticonceptivos-forzados-con-espirales-implantadas-sin-consentimiento\/"},"modified":"2026-09-02T01:55:29","modified_gmt":"2026-09-02T07:55:29","slug":"dinamarca-compensara-a-las-mujeres-inuit-sometidas-a-anticonceptivos-forzados-con-espirales-implantadas-sin-consentimiento","status":"publish","type":"post","link":"https:\/\/stacatarina.mx\/consejos\/dinamarca-compensara-a-las-mujeres-inuit-sometidas-a-anticonceptivos-forzados-con-espirales-implantadas-sin-consentimiento\/","title":{"rendered":"Dinamarca compensar\u00e1 a las mujeres inuit sometidas a anticonceptivos forzados (con espirales implantadas sin consentimiento)"},"content":{"rendered":"<p><\/p>\n<p>Una p\u00e1gina oscura de la historia del norte de Europa finalmente encuentra un reconocimiento econ\u00f3mico parcial. El parlamento dan\u00e9s aprob\u00f3 una ley que concede una indemnizaci\u00f3n de 300.000 coronas danesas (unos 40.000 euros) a cada una de las mujeres groenlandesas afectadas por esterilizaciones y anticonceptivos no consentidos.<\/p>\n<p>La operaci\u00f3n, conocida como Campa\u00f1a de la Bobina Danesa, la lleva a cabo Copenhague desde los a\u00f1os 60 para contener el crecimiento demogr\u00e1fico de la poblaci\u00f3n aut\u00f3ctona y reducir el gasto p\u00fablico en servicios sociales. El sistema sanitario, gestionado directamente por Dinamarca hasta 1992, aplic\u00f3 la espiral intrauterina a m\u00e1s de 4.000 ni\u00f1as y mujeres, principalmente de la etnia inuit. La pr\u00e1ctica continu\u00f3 incluso despu\u00e9s de la transferencia de la asistencia sanitaria a las autoridades locales.<\/p>\n<div class=\"responsive-container\">\n<blockquote class=\"instagram-media\" data-instgrm-captioned data-instgrm-permalink=\"https:\/\/www.instagram.com\/p\/Dcsp5pSIOEo\/?utm_source=ig_embed&amp;utm_campaign=loading\" data-instgrm-version=\"14\" style=\"background:#FFF;border:0;border-radius:3px;margin: 1px;max-width:500px;min-width:326px;padding:0;width:99.375%;width:-webkit-calc(100% - 2px);width:calc(100% - 2px)\">\n<div style=\"padding:16px\">\n<div style=\"flex-direction: row;align-items: center\">\n<div style=\"background-color: #F4F4F4;border-radius: 50%;flex-grow: 0;height: 40px;margin-right: 14px;width: 40px\"><\/div>\n<div style=\"flex-direction: column;flex-grow: 1;justify-content: center\">\n<div style=\"background-color: #F4F4F4;border-radius: 4px;flex-grow: 0;height: 14px;margin-bottom: 6px;width: 100px\"><\/div>\n<div style=\"background-color: #F4F4F4;border-radius: 4px;flex-grow: 0;height: 14px;width: 60px\"><\/div>\n<\/div>\n<\/div>\n<div style=\"padding: 19% 0\"><\/div>\n<div style=\"height:50px;margin:0 auto 12px;width:50px\"><\/div>\n<div style=\"padding-top: 8px\">\n<div style=\"color:#3897f0;font-family:Arial,sans-serif;font-size:14px;font-style:normal;font-weight:550;line-height:18px\">Ver esta publicaci\u00f3n en Instagram<\/div>\n<\/div>\n<div style=\"padding: 12.5% 0\"><\/div>\n<div style=\"flex-direction: row;margin-bottom: 14px;align-items: center\">\n<div>\n<div style=\"background-color: #F4F4F4;border-radius: 50%;height: 12.5px;width: 12.5px\"><\/div>\n<div style=\"background-color: #F4F4F4;height: 12.5px;width: 12.5px;flex-grow: 0;margin-right: 14px;margin-left: 2px\"><\/div>\n<div style=\"background-color: #F4F4F4;border-radius: 50%;height: 12.5px;width: 12.5px\"><\/div>\n<\/div>\n<div style=\"margin-left: 8px\">\n<div style=\"background-color: #F4F4F4;border-radius: 50%;flex-grow: 0;height: 20px;width: 20px\"><\/div>\n<div style=\"width: 0;height: 0;border-top: 2px solid transparent;border-left: 6px solid #f4f4f4;border-bottom: 2px solid transparent\"><\/div>\n<\/div>\n<div style=\"margin-left: auto\">\n<div style=\"width: 0px;border-top: 8px solid #F4F4F4;border-right: 8px solid transparent\"><\/div>\n<div style=\"background-color: #F4F4F4;flex-grow: 0;height: 12px;width: 16px\"><\/div>\n<div style=\"width: 0;height: 0;border-top: 8px solid #F4F4F4;border-left: 8px solid transparent\"><\/div>\n<\/div>\n<\/div>\n<div style=\"flex-direction: column;flex-grow: 1;justify-content: center;margin-bottom: 24px\">\n<div style=\"background-color: #F4F4F4;border-radius: 4px;flex-grow: 0;height: 14px;margin-bottom: 6px;width: 224px\"><\/div>\n<div style=\"background-color: #F4F4F4;border-radius: 4px;flex-grow: 0;height: 14px;width: 144px\"><\/div>\n<\/div>\n<\/div>\n<\/blockquote>\n<\/div>\n<h2>La valiente batalla de Naja Lyberth<\/h2>\n<p>Naja Lyberth, psic\u00f3loga y activista groenlandesa, rompi\u00f3 el silencio sobre este drama. En 2017, Lyberth denunci\u00f3 p\u00fablicamente que le hab\u00edan implantado el dispositivo a la fuerza en 1976, cuando ten\u00eda solo 14 a\u00f1os, sin ning\u00fan consentimiento suyo ni de sus padres, tras un chequeo m\u00e9dico escolar de rutina.<\/p>\n<p>Su testimonio abri\u00f3 el camino a una verdadera batalla legal: en octubre de 2023, Naja Lyberth y otras 66 mujeres presentaron una demanda colectiva contra el gobierno dan\u00e9s, exigiendo una indemnizaci\u00f3n de 5,7 millones de euros por violaciones de derechos humanos. Luego, el caso adquiri\u00f3 relevancia internacional en 2022 gracias a la investigaci\u00f3n period\u00edstica del podcast. <em>Campa\u00f1as en espiral<\/em> producido por la emisora <em>DR<\/em>.<\/p>\n<div class=\"responsive-container\">\n<blockquote class=\"instagram-media\" data-instgrm-captioned data-instgrm-permalink=\"https:\/\/www.instagram.com\/p\/DPB_mQHAQu3\/?utm_source=ig_embed&amp;utm_campaign=loading\" data-instgrm-version=\"14\" style=\"background:#FFF;border:0;border-radius:3px;margin: 1px;max-width:500px;min-width:326px;padding:0;width:99.375%;width:-webkit-calc(100% - 2px);width:calc(100% - 2px)\">\n<div style=\"padding:16px\">\n<div style=\"flex-direction: row;align-items: center\">\n<div style=\"background-color: #F4F4F4;border-radius: 50%;flex-grow: 0;height: 40px;margin-right: 14px;width: 40px\"><\/div>\n<div style=\"flex-direction: column;flex-grow: 1;justify-content: center\">\n<div style=\"background-color: #F4F4F4;border-radius: 4px;flex-grow: 0;height: 14px;margin-bottom: 6px;width: 100px\"><\/div>\n<div style=\"background-color: #F4F4F4;border-radius: 4px;flex-grow: 0;height: 14px;width: 60px\"><\/div>\n<\/div>\n<\/div>\n<div style=\"padding: 19% 0\"><\/div>\n<div style=\"height:50px;margin:0 auto 12px;width:50px\"><\/div>\n<div style=\"padding-top: 8px\">\n<div style=\"color:#3897f0;font-family:Arial,sans-serif;font-size:14px;font-style:normal;font-weight:550;line-height:18px\">Ver esta publicaci\u00f3n en Instagram<\/div>\n<\/div>\n<div style=\"padding: 12.5% 0\"><\/div>\n<div style=\"flex-direction: row;margin-bottom: 14px;align-items: center\">\n<div>\n<div style=\"background-color: #F4F4F4;border-radius: 50%;height: 12.5px;width: 12.5px\"><\/div>\n<div style=\"background-color: #F4F4F4;height: 12.5px;width: 12.5px;flex-grow: 0;margin-right: 14px;margin-left: 2px\"><\/div>\n<div style=\"background-color: #F4F4F4;border-radius: 50%;height: 12.5px;width: 12.5px\"><\/div>\n<\/div>\n<div style=\"margin-left: 8px\">\n<div style=\"background-color: #F4F4F4;border-radius: 50%;flex-grow: 0;height: 20px;width: 20px\"><\/div>\n<div style=\"width: 0;height: 0;border-top: 2px solid transparent;border-left: 6px solid #f4f4f4;border-bottom: 2px solid transparent\"><\/div>\n<\/div>\n<div style=\"margin-left: auto\">\n<div style=\"width: 0px;border-top: 8px solid #F4F4F4;border-right: 8px solid transparent\"><\/div>\n<div style=\"background-color: #F4F4F4;flex-grow: 0;height: 12px;width: 16px\"><\/div>\n<div style=\"width: 0;height: 0;border-top: 8px solid #F4F4F4;border-left: 8px solid transparent\"><\/div>\n<\/div>\n<\/div>\n<div style=\"flex-direction: column;flex-grow: 1;justify-content: center;margin-bottom: 24px\">\n<div style=\"background-color: #F4F4F4;border-radius: 4px;flex-grow: 0;height: 14px;margin-bottom: 6px;width: 224px\"><\/div>\n<div style=\"background-color: #F4F4F4;border-radius: 4px;flex-grow: 0;height: 14px;width: 144px\"><\/div>\n<\/div>\n<\/div>\n<\/blockquote>\n<\/div>\n<h2>Consecuencias para la salud y reacciones pol\u00edticas.<\/h2>\n<p>Los dispositivos se colocaron en adolescentes, a menudo inconscientes, y provocaron consecuencias devastadoras: hemorragias internas, infecciones abdominales, dolores cr\u00f3nicos y embarazos ect\u00f3picos. Para muchas v\u00edctimas la \u00fanica soluci\u00f3n era una histerectom\u00eda, con extirpaci\u00f3n del \u00fatero y p\u00e9rdida permanente de la fertilidad. La dr\u00e1stica ca\u00edda de la tasa de natalidad elev\u00f3 la tasa de fertilidad de la isla de 7 hijos por mujer a 2,3 entre 1966 y 1974.<\/p>\n<p>Recientemente, la Primera Ministra Mette Frederiksen emiti\u00f3 una disculpa oficial a Nuuk en nombre de Dinamarca. La aprobaci\u00f3n de la medida cont\u00f3 con el apoyo de los diputados groenlandeses Naaja H. Nathanielsen y Qarsoq H\u00f8egh-Dam, mientras que el primer ministro de Groenlandia, Jens-Frederik Nielsen, pidi\u00f3 la creaci\u00f3n de una Comisi\u00f3n de Reconciliaci\u00f3n Nacional, considerando que las compensaciones eran demasiado tard\u00edas.<\/p>\n<h2>La sombra de las violaciones de derechos humanos<\/h2>\n<p>Las conclusiones de dos comisiones de investigaci\u00f3n independientes publicadas en Groenlandia confirman que la pol\u00edtica de anticonceptivos forzosos constituye una clara violaci\u00f3n de los derechos humanos. Sigue abierto el acalorado debate jur\u00eddico sobre la definici\u00f3n de genocidio, tesis apoyada en 2024 por el exjefe del gobierno groenland\u00e9s M\u00fate Bourup Egede. Actualmente, 201 mujeres han presentado una solicitud formal de indemnizaci\u00f3n, pero las investigaciones contin\u00faan arrojando luz sobre una de las intervenciones de ingenier\u00eda demogr\u00e1fica m\u00e1s graves perpetradas en Europa en la segunda mitad del siglo XX.<\/p>\n<p><script async src=\"\/\/www.instagram.com\/embed.js\"><\/script><\/p>\n","protected":false},"excerpt":{"rendered":"<p>Una p\u00e1gina oscura de la historia del norte de Europa finalmente encuentra un reconocimiento econ\u00f3mico parcial. El parlamento dan\u00e9s aprob\u00f3 una ley que concede una<\/p>\n","protected":false},"author":1,"featured_media":10888,"comment_status":"closed","ping_status":"","sticky":false,"template":"","format":"standard","meta":{"footnotes":""},"categories":[762],"tags":[4381,9796,42,9802,6490,9800,9799,9801,9797,34,1721,441,9798],"class_list":["post-10887","post","type-post","status-publish","format-standard","has-post-thumbnail","hentry","category-salud","tag-anticonceptivos","tag-compensara","tag-con","tag-consentimiento","tag-dinamarca","tag-espirales","tag-forzados","tag-implantadas","tag-inuit","tag-las","tag-mujeres","tag-sin","tag-sometidas","generate-columns","tablet-grid-50","mobile-grid-100","grid-parent","grid-50"],"yoast_head":"<!-- This site is optimized with the Yoast SEO plugin v23.4 - https:\/\/yoast.com\/wordpress\/plugins\/seo\/ -->\n<title>Dinamarca compensar\u00e1 a las mujeres inuit sometidas a anticonceptivos forzados (con espirales implantadas sin consentimiento) - Consejos - Santa Catarina<\/title>\n<meta name=\"robots\" content=\"index, follow, max-snippet:-1, max-image-preview:large, max-video-preview:-1\" \/>\n<link rel=\"canonical\" href=\"https:\/\/stacatarina.mx\/consejos\/dinamarca-compensara-a-las-mujeres-inuit-sometidas-a-anticonceptivos-forzados-con-espirales-implantadas-sin-consentimiento\/\" \/>\n<meta property=\"og:locale\" content=\"es_MX\" \/>\n<meta property=\"og:type\" content=\"article\" \/>\n<meta property=\"og:title\" content=\"Dinamarca compensar\u00e1 a las mujeres inuit sometidas a anticonceptivos forzados (con espirales implantadas sin consentimiento) - Consejos - Santa Catarina\" \/>\n<meta property=\"og:description\" content=\"Una p\u00e1gina oscura de la historia del norte de Europa finalmente encuentra un reconocimiento econ\u00f3mico parcial. El parlamento dan\u00e9s aprob\u00f3 una ley que concede una\" \/>\n<meta property=\"og:url\" content=\"https:\/\/stacatarina.mx\/consejos\/dinamarca-compensara-a-las-mujeres-inuit-sometidas-a-anticonceptivos-forzados-con-espirales-implantadas-sin-consentimiento\/\" \/>\n<meta property=\"og:site_name\" content=\"Santa Catarina\" \/>\n<meta property=\"article:publisher\" content=\"https:\/\/www.facebook.com\/stacatarinagob\/\" \/>\n<meta property=\"article:published_time\" content=\"2026-09-02T07:55:26+00:00\" \/>\n<meta property=\"article:modified_time\" content=\"2026-09-02T07:55:29+00:00\" \/>\n<meta property=\"og:image\" content=\"https:\/\/stacatarina.mx\/consejos\/wp-content\/uploads\/2026\/09\/Dinamarca-compensara-a-las-mujeres-inuit-sometidas-a-anticonceptivos-forzados.jpg\" \/>\n\t<meta property=\"og:image:width\" content=\"1500\" \/>\n\t<meta property=\"og:image:height\" content=\"1000\" \/>\n\t<meta property=\"og:image:type\" content=\"image\/jpeg\" \/>\n<meta name=\"author\" content=\"Pedro Mart\u00ednez\" \/>\n<meta name=\"twitter:card\" content=\"summary_large_image\" \/>\n<meta name=\"twitter:creator\" content=\"@stacatarinagob\" \/>\n<meta name=\"twitter:site\" content=\"@stacatarinagob\" \/>\n<meta name=\"twitter:label1\" content=\"Escrito por\" \/>\n\t<meta name=\"twitter:data1\" content=\"Pedro Mart\u00ednez\" \/>\n\t<meta name=\"twitter:label2\" content=\"Tiempo de lectura\" \/>\n\t<meta name=\"twitter:data2\" content=\"3 minutos\" \/>\n<script type=\"application\/ld+json\" class=\"yoast-schema-graph\">{\"@context\":\"https:\/\/schema.org\",\"@graph\":[{\"@type\":\"Article\",\"@id\":\"https:\/\/stacatarina.mx\/consejos\/dinamarca-compensara-a-las-mujeres-inuit-sometidas-a-anticonceptivos-forzados-con-espirales-implantadas-sin-consentimiento\/#article\",\"isPartOf\":{\"@id\":\"https:\/\/stacatarina.mx\/consejos\/dinamarca-compensara-a-las-mujeres-inuit-sometidas-a-anticonceptivos-forzados-con-espirales-implantadas-sin-consentimiento\/\"},\"author\":{\"name\":\"Pedro Mart\u00ednez\",\"@id\":\"https:\/\/stacatarina.mx\/consejos\/#\/schema\/person\/0be60adffa8e4c4d0828fdf021450e8a\"},\"headline\":\"Dinamarca compensar\u00e1 a las mujeres inuit sometidas a anticonceptivos forzados (con espirales implantadas sin consentimiento)\",\"datePublished\":\"2026-09-02T07:55:26+00:00\",\"dateModified\":\"2026-09-02T07:55:29+00:00\",\"mainEntityOfPage\":{\"@id\":\"https:\/\/stacatarina.mx\/consejos\/dinamarca-compensara-a-las-mujeres-inuit-sometidas-a-anticonceptivos-forzados-con-espirales-implantadas-sin-consentimiento\/\"},\"wordCount\":534,\"publisher\":{\"@id\":\"https:\/\/stacatarina.mx\/consejos\/#organization\"},\"image\":{\"@id\":\"https:\/\/stacatarina.mx\/consejos\/dinamarca-compensara-a-las-mujeres-inuit-sometidas-a-anticonceptivos-forzados-con-espirales-implantadas-sin-consentimiento\/#primaryimage\"},\"thumbnailUrl\":\"https:\/\/stacatarina.mx\/consejos\/wp-content\/uploads\/2026\/09\/Dinamarca-compensara-a-las-mujeres-inuit-sometidas-a-anticonceptivos-forzados.jpg\",\"keywords\":[\"anticonceptivos\",\"compensar\u00e1\",\"con\",\"consentimiento\",\"Dinamarca\",\"espirales\",\"forzados\",\"implantadas\",\"inuit\",\"Las\",\"mujeres\",\"sin\",\"sometidas\"],\"articleSection\":[\"Salud\"],\"inLanguage\":\"es\"},{\"@type\":\"WebPage\",\"@id\":\"https:\/\/stacatarina.mx\/consejos\/dinamarca-compensara-a-las-mujeres-inuit-sometidas-a-anticonceptivos-forzados-con-espirales-implantadas-sin-consentimiento\/\",\"url\":\"https:\/\/stacatarina.mx\/consejos\/dinamarca-compensara-a-las-mujeres-inuit-sometidas-a-anticonceptivos-forzados-con-espirales-implantadas-sin-consentimiento\/\",\"name\":\"Dinamarca compensar\u00e1 a las mujeres inuit sometidas a anticonceptivos forzados (con espirales implantadas sin consentimiento) - Consejos - Santa Catarina\",\"isPartOf\":{\"@id\":\"https:\/\/stacatarina.mx\/consejos\/#website\"},\"primaryImageOfPage\":{\"@id\":\"https:\/\/stacatarina.mx\/consejos\/dinamarca-compensara-a-las-mujeres-inuit-sometidas-a-anticonceptivos-forzados-con-espirales-implantadas-sin-consentimiento\/#primaryimage\"},\"image\":{\"@id\":\"https:\/\/stacatarina.mx\/consejos\/dinamarca-compensara-a-las-mujeres-inuit-sometidas-a-anticonceptivos-forzados-con-espirales-implantadas-sin-consentimiento\/#primaryimage\"},\"thumbnailUrl\":\"https:\/\/stacatarina.mx\/consejos\/wp-content\/uploads\/2026\/09\/Dinamarca-compensara-a-las-mujeres-inuit-sometidas-a-anticonceptivos-forzados.jpg\",\"datePublished\":\"2026-09-02T07:55:26+00:00\",\"dateModified\":\"2026-09-02T07:55:29+00:00\",\"breadcrumb\":{\"@id\":\"https:\/\/stacatarina.mx\/consejos\/dinamarca-compensara-a-las-mujeres-inuit-sometidas-a-anticonceptivos-forzados-con-espirales-implantadas-sin-consentimiento\/#breadcrumb\"},\"inLanguage\":\"es\",\"potentialAction\":[{\"@type\":\"ReadAction\",\"target\":[\"https:\/\/stacatarina.mx\/consejos\/dinamarca-compensara-a-las-mujeres-inuit-sometidas-a-anticonceptivos-forzados-con-espirales-implantadas-sin-consentimiento\/\"]}]},{\"@type\":\"ImageObject\",\"inLanguage\":\"es\",\"@id\":\"https:\/\/stacatarina.mx\/consejos\/dinamarca-compensara-a-las-mujeres-inuit-sometidas-a-anticonceptivos-forzados-con-espirales-implantadas-sin-consentimiento\/#primaryimage\",\"url\":\"https:\/\/stacatarina.mx\/consejos\/wp-content\/uploads\/2026\/09\/Dinamarca-compensara-a-las-mujeres-inuit-sometidas-a-anticonceptivos-forzados.jpg\",\"contentUrl\":\"https:\/\/stacatarina.mx\/consejos\/wp-content\/uploads\/2026\/09\/Dinamarca-compensara-a-las-mujeres-inuit-sometidas-a-anticonceptivos-forzados.jpg\",\"width\":1500,\"height\":1000,\"caption\":\"donne inuit spirale\"},{\"@type\":\"BreadcrumbList\",\"@id\":\"https:\/\/stacatarina.mx\/consejos\/dinamarca-compensara-a-las-mujeres-inuit-sometidas-a-anticonceptivos-forzados-con-espirales-implantadas-sin-consentimiento\/#breadcrumb\",\"itemListElement\":[{\"@type\":\"ListItem\",\"position\":1,\"name\":\"Inicio\",\"item\":\"https:\/\/stacatarina.mx\/consejos\/\"},{\"@type\":\"ListItem\",\"position\":2,\"name\":\"Dinamarca compensar\u00e1 a las mujeres inuit sometidas a anticonceptivos forzados (con espirales implantadas sin consentimiento)\"}]},{\"@type\":\"WebSite\",\"@id\":\"https:\/\/stacatarina.mx\/consejos\/#website\",\"url\":\"https:\/\/stacatarina.mx\/consejos\/\",\"name\":\"Santa Catarina\",\"description\":\"\",\"publisher\":{\"@id\":\"https:\/\/stacatarina.mx\/consejos\/#organization\"},\"potentialAction\":[{\"@type\":\"SearchAction\",\"target\":{\"@type\":\"EntryPoint\",\"urlTemplate\":\"https:\/\/stacatarina.mx\/consejos\/?s={search_term_string}\"},\"query-input\":{\"@type\":\"PropertyValueSpecification\",\"valueRequired\":true,\"valueName\":\"search_term_string\"}}],\"inLanguage\":\"es\"},{\"@type\":\"Organization\",\"@id\":\"https:\/\/stacatarina.mx\/consejos\/#organization\",\"name\":\"Santa Catarina\",\"url\":\"https:\/\/stacatarina.mx\/consejos\/\",\"logo\":{\"@type\":\"ImageObject\",\"inLanguage\":\"es\",\"@id\":\"https:\/\/stacatarina.mx\/consejos\/#\/schema\/logo\/image\/\",\"url\":\"https:\/\/stacatarina.mx\/consejos\/wp-content\/uploads\/2024\/09\/cropped-favicon-1-1.png\",\"contentUrl\":\"https:\/\/stacatarina.mx\/consejos\/wp-content\/uploads\/2024\/09\/cropped-favicon-1-1.png\",\"width\":512,\"height\":512,\"caption\":\"Santa Catarina\"},\"image\":{\"@id\":\"https:\/\/stacatarina.mx\/consejos\/#\/schema\/logo\/image\/\"},\"sameAs\":[\"https:\/\/www.facebook.com\/stacatarinagob\/\",\"https:\/\/x.com\/stacatarinagob\",\"https:\/\/www.instagram.com\/stacatarinagob\/\",\"https:\/\/www.youtube.com\/channel\/UCK-6cQJL_904665N1_nLTWw\"]},{\"@type\":\"Person\",\"@id\":\"https:\/\/stacatarina.mx\/consejos\/#\/schema\/person\/0be60adffa8e4c4d0828fdf021450e8a\",\"name\":\"Pedro Mart\u00ednez\",\"image\":{\"@type\":\"ImageObject\",\"inLanguage\":\"es\",\"@id\":\"https:\/\/stacatarina.mx\/consejos\/#\/schema\/person\/image\/\",\"url\":\"https:\/\/stacatarina.mx\/consejos\/wp-content\/uploads\/2024\/09\/stacatarina.jpg\",\"contentUrl\":\"https:\/\/stacatarina.mx\/consejos\/wp-content\/uploads\/2024\/09\/stacatarina.jpg\",\"caption\":\"Pedro Mart\u00ednez\"},\"description\":\"Hola, soy Pedro Mart\u00ednez, redactor jefe del sitio oficial del ayuntamiento de Santa Catarina, en M\u00e9xico. Con m\u00e1s de diez a\u00f1os de experiencia en el periodismo local, tengo una pasi\u00f3n por la investigaci\u00f3n y la difusi\u00f3n de informaci\u00f3n que valoriza nuestra hermosa comunidad. Mi compromiso es hacer de Santa Catarina una referencia en materia de transparencia y comunicaci\u00f3n municipal.\",\"sameAs\":[\"https:\/\/stacatarina.mx\/\"]}]}<\/script>\n<!-- \/ Yoast SEO plugin. -->","yoast_head_json":{"title":"Dinamarca compensar\u00e1 a las mujeres inuit sometidas a anticonceptivos forzados (con espirales implantadas sin consentimiento) - Consejos - Santa Catarina","robots":{"index":"index","follow":"follow","max-snippet":"max-snippet:-1","max-image-preview":"max-image-preview:large","max-video-preview":"max-video-preview:-1"},"canonical":"https:\/\/stacatarina.mx\/consejos\/dinamarca-compensara-a-las-mujeres-inuit-sometidas-a-anticonceptivos-forzados-con-espirales-implantadas-sin-consentimiento\/","og_locale":"es_MX","og_type":"article","og_title":"Dinamarca compensar\u00e1 a las mujeres inuit sometidas a anticonceptivos forzados (con espirales implantadas sin consentimiento) - Consejos - Santa Catarina","og_description":"Una p\u00e1gina oscura de la historia del norte de Europa finalmente encuentra un reconocimiento econ\u00f3mico parcial. El parlamento dan\u00e9s aprob\u00f3 una ley que concede una","og_url":"https:\/\/stacatarina.mx\/consejos\/dinamarca-compensara-a-las-mujeres-inuit-sometidas-a-anticonceptivos-forzados-con-espirales-implantadas-sin-consentimiento\/","og_site_name":"Santa Catarina","article_publisher":"https:\/\/www.facebook.com\/stacatarinagob\/","article_published_time":"2026-09-02T07:55:26+00:00","article_modified_time":"2026-09-02T07:55:29+00:00","og_image":[{"width":1500,"height":1000,"url":"https:\/\/stacatarina.mx\/consejos\/wp-content\/uploads\/2026\/09\/Dinamarca-compensara-a-las-mujeres-inuit-sometidas-a-anticonceptivos-forzados.jpg","type":"image\/jpeg"}],"author":"Pedro Mart\u00ednez","twitter_card":"summary_large_image","twitter_creator":"@stacatarinagob","twitter_site":"@stacatarinagob","twitter_misc":{"Escrito por":"Pedro Mart\u00ednez","Tiempo de lectura":"3 minutos"},"schema":{"@context":"https:\/\/schema.org","@graph":[{"@type":"Article","@id":"https:\/\/stacatarina.mx\/consejos\/dinamarca-compensara-a-las-mujeres-inuit-sometidas-a-anticonceptivos-forzados-con-espirales-implantadas-sin-consentimiento\/#article","isPartOf":{"@id":"https:\/\/stacatarina.mx\/consejos\/dinamarca-compensara-a-las-mujeres-inuit-sometidas-a-anticonceptivos-forzados-con-espirales-implantadas-sin-consentimiento\/"},"author":{"name":"Pedro Mart\u00ednez","@id":"https:\/\/stacatarina.mx\/consejos\/#\/schema\/person\/0be60adffa8e4c4d0828fdf021450e8a"},"headline":"Dinamarca compensar\u00e1 a las mujeres inuit sometidas a anticonceptivos forzados (con espirales implantadas sin consentimiento)","datePublished":"2026-09-02T07:55:26+00:00","dateModified":"2026-09-02T07:55:29+00:00","mainEntityOfPage":{"@id":"https:\/\/stacatarina.mx\/consejos\/dinamarca-compensara-a-las-mujeres-inuit-sometidas-a-anticonceptivos-forzados-con-espirales-implantadas-sin-consentimiento\/"},"wordCount":534,"publisher":{"@id":"https:\/\/stacatarina.mx\/consejos\/#organization"},"image":{"@id":"https:\/\/stacatarina.mx\/consejos\/dinamarca-compensara-a-las-mujeres-inuit-sometidas-a-anticonceptivos-forzados-con-espirales-implantadas-sin-consentimiento\/#primaryimage"},"thumbnailUrl":"https:\/\/stacatarina.mx\/consejos\/wp-content\/uploads\/2026\/09\/Dinamarca-compensara-a-las-mujeres-inuit-sometidas-a-anticonceptivos-forzados.jpg","keywords":["anticonceptivos","compensar\u00e1","con","consentimiento","Dinamarca","espirales","forzados","implantadas","inuit","Las","mujeres","sin","sometidas"],"articleSection":["Salud"],"inLanguage":"es"},{"@type":"WebPage","@id":"https:\/\/stacatarina.mx\/consejos\/dinamarca-compensara-a-las-mujeres-inuit-sometidas-a-anticonceptivos-forzados-con-espirales-implantadas-sin-consentimiento\/","url":"https:\/\/stacatarina.mx\/consejos\/dinamarca-compensara-a-las-mujeres-inuit-sometidas-a-anticonceptivos-forzados-con-espirales-implantadas-sin-consentimiento\/","name":"Dinamarca compensar\u00e1 a las mujeres inuit sometidas a anticonceptivos forzados (con espirales implantadas sin consentimiento) - Consejos - Santa Catarina","isPartOf":{"@id":"https:\/\/stacatarina.mx\/consejos\/#website"},"primaryImageOfPage":{"@id":"https:\/\/stacatarina.mx\/consejos\/dinamarca-compensara-a-las-mujeres-inuit-sometidas-a-anticonceptivos-forzados-con-espirales-implantadas-sin-consentimiento\/#primaryimage"},"image":{"@id":"https:\/\/stacatarina.mx\/consejos\/dinamarca-compensara-a-las-mujeres-inuit-sometidas-a-anticonceptivos-forzados-con-espirales-implantadas-sin-consentimiento\/#primaryimage"},"thumbnailUrl":"https:\/\/stacatarina.mx\/consejos\/wp-content\/uploads\/2026\/09\/Dinamarca-compensara-a-las-mujeres-inuit-sometidas-a-anticonceptivos-forzados.jpg","datePublished":"2026-09-02T07:55:26+00:00","dateModified":"2026-09-02T07:55:29+00:00","breadcrumb":{"@id":"https:\/\/stacatarina.mx\/consejos\/dinamarca-compensara-a-las-mujeres-inuit-sometidas-a-anticonceptivos-forzados-con-espirales-implantadas-sin-consentimiento\/#breadcrumb"},"inLanguage":"es","potentialAction":[{"@type":"ReadAction","target":["https:\/\/stacatarina.mx\/consejos\/dinamarca-compensara-a-las-mujeres-inuit-sometidas-a-anticonceptivos-forzados-con-espirales-implantadas-sin-consentimiento\/"]}]},{"@type":"ImageObject","inLanguage":"es","@id":"https:\/\/stacatarina.mx\/consejos\/dinamarca-compensara-a-las-mujeres-inuit-sometidas-a-anticonceptivos-forzados-con-espirales-implantadas-sin-consentimiento\/#primaryimage","url":"https:\/\/stacatarina.mx\/consejos\/wp-content\/uploads\/2026\/09\/Dinamarca-compensara-a-las-mujeres-inuit-sometidas-a-anticonceptivos-forzados.jpg","contentUrl":"https:\/\/stacatarina.mx\/consejos\/wp-content\/uploads\/2026\/09\/Dinamarca-compensara-a-las-mujeres-inuit-sometidas-a-anticonceptivos-forzados.jpg","width":1500,"height":1000,"caption":"donne inuit spirale"},{"@type":"BreadcrumbList","@id":"https:\/\/stacatarina.mx\/consejos\/dinamarca-compensara-a-las-mujeres-inuit-sometidas-a-anticonceptivos-forzados-con-espirales-implantadas-sin-consentimiento\/#breadcrumb","itemListElement":[{"@type":"ListItem","position":1,"name":"Inicio","item":"https:\/\/stacatarina.mx\/consejos\/"},{"@type":"ListItem","position":2,"name":"Dinamarca compensar\u00e1 a las mujeres inuit sometidas a anticonceptivos forzados (con espirales implantadas sin consentimiento)"}]},{"@type":"WebSite","@id":"https:\/\/stacatarina.mx\/consejos\/#website","url":"https:\/\/stacatarina.mx\/consejos\/","name":"Santa Catarina","description":"","publisher":{"@id":"https:\/\/stacatarina.mx\/consejos\/#organization"},"potentialAction":[{"@type":"SearchAction","target":{"@type":"EntryPoint","urlTemplate":"https:\/\/stacatarina.mx\/consejos\/?s={search_term_string}"},"query-input":{"@type":"PropertyValueSpecification","valueRequired":true,"valueName":"search_term_string"}}],"inLanguage":"es"},{"@type":"Organization","@id":"https:\/\/stacatarina.mx\/consejos\/#organization","name":"Santa Catarina","url":"https:\/\/stacatarina.mx\/consejos\/","logo":{"@type":"ImageObject","inLanguage":"es","@id":"https:\/\/stacatarina.mx\/consejos\/#\/schema\/logo\/image\/","url":"https:\/\/stacatarina.mx\/consejos\/wp-content\/uploads\/2024\/09\/cropped-favicon-1-1.png","contentUrl":"https:\/\/stacatarina.mx\/consejos\/wp-content\/uploads\/2024\/09\/cropped-favicon-1-1.png","width":512,"height":512,"caption":"Santa Catarina"},"image":{"@id":"https:\/\/stacatarina.mx\/consejos\/#\/schema\/logo\/image\/"},"sameAs":["https:\/\/www.facebook.com\/stacatarinagob\/","https:\/\/x.com\/stacatarinagob","https:\/\/www.instagram.com\/stacatarinagob\/","https:\/\/www.youtube.com\/channel\/UCK-6cQJL_904665N1_nLTWw"]},{"@type":"Person","@id":"https:\/\/stacatarina.mx\/consejos\/#\/schema\/person\/0be60adffa8e4c4d0828fdf021450e8a","name":"Pedro Mart\u00ednez","image":{"@type":"ImageObject","inLanguage":"es","@id":"https:\/\/stacatarina.mx\/consejos\/#\/schema\/person\/image\/","url":"https:\/\/stacatarina.mx\/consejos\/wp-content\/uploads\/2024\/09\/stacatarina.jpg","contentUrl":"https:\/\/stacatarina.mx\/consejos\/wp-content\/uploads\/2024\/09\/stacatarina.jpg","caption":"Pedro Mart\u00ednez"},"description":"Hola, soy Pedro Mart\u00ednez, redactor jefe del sitio oficial del ayuntamiento de Santa Catarina, en M\u00e9xico. Con m\u00e1s de diez a\u00f1os de experiencia en el periodismo local, tengo una pasi\u00f3n por la investigaci\u00f3n y la difusi\u00f3n de informaci\u00f3n que valoriza nuestra hermosa comunidad. Mi compromiso es hacer de Santa Catarina una referencia en materia de transparencia y comunicaci\u00f3n municipal.","sameAs":["https:\/\/stacatarina.mx\/"]}]}},"_links":{"self":[{"href":"https:\/\/stacatarina.mx\/consejos\/wp-json\/wp\/v2\/posts\/10887"}],"collection":[{"href":"https:\/\/stacatarina.mx\/consejos\/wp-json\/wp\/v2\/posts"}],"about":[{"href":"https:\/\/stacatarina.mx\/consejos\/wp-json\/wp\/v2\/types\/post"}],"author":[{"embeddable":true,"href":"https:\/\/stacatarina.mx\/consejos\/wp-json\/wp\/v2\/users\/1"}],"replies":[{"embeddable":true,"href":"https:\/\/stacatarina.mx\/consejos\/wp-json\/wp\/v2\/comments?post=10887"}],"version-history":[{"count":1,"href":"https:\/\/stacatarina.mx\/consejos\/wp-json\/wp\/v2\/posts\/10887\/revisions"}],"predecessor-version":[{"id":10889,"href":"https:\/\/stacatarina.mx\/consejos\/wp-json\/wp\/v2\/posts\/10887\/revisions\/10889"}],"wp:featuredmedia":[{"embeddable":true,"href":"https:\/\/stacatarina.mx\/consejos\/wp-json\/wp\/v2\/media\/10888"}],"wp:attachment":[{"href":"https:\/\/stacatarina.mx\/consejos\/wp-json\/wp\/v2\/media?parent=10887"}],"wp:term":[{"taxonomy":"category","embeddable":true,"href":"https:\/\/stacatarina.mx\/consejos\/wp-json\/wp\/v2\/categories?post=10887"},{"taxonomy":"post_tag","embeddable":true,"href":"https:\/\/stacatarina.mx\/consejos\/wp-json\/wp\/v2\/tags?post=10887"}],"curies":[{"name":"wp","href":"https:\/\/api.w.org\/{rel}","templated":true}]}}