{"id":10893,"date":"2026-09-02T11:52:52","date_gmt":"2026-09-02T17:52:52","guid":{"rendered":"https:\/\/stacatarina.mx\/consejos\/veneto-aprueba-la-ley-de-fin-de-vida-es-la-cuarta-region-de-italia-y-la-primera-de-centroderecha\/"},"modified":"2026-09-02T11:52:54","modified_gmt":"2026-09-02T17:52:54","slug":"veneto-aprueba-la-ley-de-fin-de-vida-es-la-cuarta-region-de-italia-y-la-primera-de-centroderecha","status":"publish","type":"post","link":"https:\/\/stacatarina.mx\/consejos\/veneto-aprueba-la-ley-de-fin-de-vida-es-la-cuarta-region-de-italia-y-la-primera-de-centroderecha\/","title":{"rendered":"V\u00e9neto aprueba la ley de fin de vida: es la cuarta regi\u00f3n de Italia (y la primera de centroderecha)"},"content":{"rendered":"<p><\/p>\n<p>Hoy se marca un punto de inflexi\u00f3n en el panorama pol\u00edtico y civil italiano. El Consejo Regional del V\u00e9neto ha aprobado oficialmente la ley de iniciativa popular sobre el fin de la vida, transformando el territorio del V\u00e9neto en la cuarta realidad regional del pa\u00eds en adoptar una legislaci\u00f3n espec\u00edfica, pero sobre todo la primera administrada por el centro-derecha.<\/p>\n<h2>El proceso de aprobaci\u00f3n<\/h2>\n<p>La disposici\u00f3n establece con precisi\u00f3n los procedimientos y plazos para la asistencia sanitaria regional en caso de suicidio m\u00e9dicamente asistido. La votaci\u00f3n registr\u00f3 32 votos a favor, 5 abstenciones y 14 en contra, marcando el final de dos d\u00edas de intenso debate. El V\u00e9neto se suma as\u00ed a Toscana, Cerde\u00f1a y Emilia-Roma\u00f1a, saludando las peticiones derivadas del proyecto de iniciativa popular <em>Gratis ahora<\/em>.<\/p>\n<p>El proceso legislativo ha sido complejo. En la pasada legislatura, durante la sesi\u00f3n del 16 de enero de 2024, el texto fue devuelto a la Comisi\u00f3n V del Consejo, presidida por Manuela Lanzar\u00edn, tras la falta de luz verde a los primeros art\u00edculos. Representada en la actual legislatura, la disposici\u00f3n ha sido revisada para tener en cuenta las conclusiones del Tribunal Constitucional y las adiciones del ejecutivo.<\/p>\n<h3 data-path-to-node=\"8\">Los detalles de la legislaci\u00f3n entre garant\u00edas cl\u00ednicas y perspectivas nacionales<\/h3>\n<p data-path-to-node=\"10\">La estructura aprobada establece la <b data-path-to-node=\"10\" data-index-in-node=\"34\">prioridad absoluta del acceso a los cuidados paliativos<\/b>imponiendo la obligaci\u00f3n de informar adecuadamente a cada solicitante sobre estas oportunidades cl\u00ednicas. Para evaluar cada caso individual se introduce la figura del <b data-path-to-node=\"10\" data-index-in-node=\"245\">especialista en cuidados paliativos con opini\u00f3n fortalecida<\/b> dentro de la comisi\u00f3n m\u00e9dica, apoyado por el establecimiento de un <b data-path-to-node=\"10\" data-index-in-node=\"353\">Comit\u00e9 Regional de Bio\u00e9tica<\/b> designado directamente por el Consejo con el cometido de elaborar las directrices territoriales. La legislaci\u00f3n tambi\u00e9n protege la <b data-path-to-node=\"10\" data-index-in-node=\"504\">plena libertad de objeci\u00f3n de conciencia<\/b> de los m\u00e9dicos implicados, siguiendo el camino veneciano trazado por las sentencias del Tribunal Constitucional.<\/p>\n<h2>Las palabras de Luca Zaia<\/h2>\n<p>Al comentar el resultado de la sesi\u00f3n, Luca Zaia subray\u00f3 la importancia del proceso legislativo completado para proteger a los pacientes:<\/p>\n<blockquote>\n<p><em>Con esta ley, en el marco de la legitimaci\u00f3n jur\u00eddica, se aprueba esencialmente un procedimiento que responda al manejo, en la medida de lo posible, de cualquier paciente que cuente con el visto bueno del comit\u00e9 de \u00e9tica. Fue correcto dar esta respuesta a los pocos pacientes que se presentan.<\/em>.<\/p>\n<\/blockquote>\n<p>Durante su intervenci\u00f3n, Zaia destac\u00f3 el alcance nacional de la prestaci\u00f3n y las cifras del fen\u00f3meno en el territorio regional:<\/p>\n<blockquote>\n<p><em>Espero que no sea un mensaje de desaf\u00edo, sino m\u00e1s bien decir &#8220;evitemos tener 50 leyes diferentes en Italia y que el Parlamento tenga un nivel adicional de legitimidad para abordar una ley nacional&#8221;, que es lo que se necesita.<\/em>.<\/p>\n<\/blockquote>\n<p>El presidente del Consejo Regional del V\u00e9neto record\u00f3 que ha habido 31 solicitudes desde 2019 hasta hoy y que solo tres han contado con la autorizaci\u00f3n del comit\u00e9 de \u00e9tica. El sistema regulatorio se ha enriquecido con una serie de modificaciones destinadas a equilibrar la protecci\u00f3n de la vida y el acceso a las v\u00edas de atenci\u00f3n.<\/p>\n","protected":false},"excerpt":{"rendered":"<p>Hoy se marca un punto de inflexi\u00f3n en el panorama pol\u00edtico y civil italiano. El Consejo Regional del V\u00e9neto ha aprobado oficialmente la ley de<\/p>\n","protected":false},"author":1,"featured_media":10894,"comment_status":"closed","ping_status":"","sticky":false,"template":"","format":"standard","meta":{"footnotes":""},"categories":[762],"tags":[2230,9806,3170,357,1062,2233,1113,5057,9099,243],"class_list":["post-10893","post","type-post","status-publish","format-standard","has-post-thumbnail","hentry","category-salud","tag-aprueba","tag-centroderecha","tag-cuarta","tag-fin","tag-italia","tag-ley","tag-primera","tag-region","tag-veneto","tag-vida","generate-columns","tablet-grid-50","mobile-grid-100","grid-parent","grid-50"],"yoast_head":"<!-- This site is optimized with the Yoast SEO plugin v23.4 - https:\/\/yoast.com\/wordpress\/plugins\/seo\/ -->\n<title>V\u00e9neto aprueba la ley de fin de vida: es la cuarta regi\u00f3n de Italia (y la primera de centroderecha) - Consejos - Santa Catarina<\/title>\n<meta name=\"robots\" content=\"index, follow, max-snippet:-1, max-image-preview:large, max-video-preview:-1\" \/>\n<link rel=\"canonical\" href=\"https:\/\/stacatarina.mx\/consejos\/veneto-aprueba-la-ley-de-fin-de-vida-es-la-cuarta-region-de-italia-y-la-primera-de-centroderecha\/\" \/>\n<meta property=\"og:locale\" content=\"es_MX\" \/>\n<meta property=\"og:type\" content=\"article\" \/>\n<meta property=\"og:title\" content=\"V\u00e9neto aprueba la ley de fin de vida: es la cuarta regi\u00f3n de Italia (y la primera de centroderecha) - Consejos - Santa Catarina\" \/>\n<meta property=\"og:description\" content=\"Hoy se marca un punto de inflexi\u00f3n en el panorama pol\u00edtico y civil italiano. El Consejo Regional del V\u00e9neto ha aprobado oficialmente la ley de\" \/>\n<meta property=\"og:url\" content=\"https:\/\/stacatarina.mx\/consejos\/veneto-aprueba-la-ley-de-fin-de-vida-es-la-cuarta-region-de-italia-y-la-primera-de-centroderecha\/\" \/>\n<meta property=\"og:site_name\" content=\"Santa Catarina\" \/>\n<meta property=\"article:publisher\" content=\"https:\/\/www.facebook.com\/stacatarinagob\/\" \/>\n<meta property=\"article:published_time\" content=\"2026-09-02T17:52:52+00:00\" \/>\n<meta property=\"article:modified_time\" content=\"2026-09-02T17:52:54+00:00\" \/>\n<meta property=\"og:image\" content=\"https:\/\/stacatarina.mx\/consejos\/wp-content\/uploads\/2026\/09\/Veneto-aprueba-la-ley-de-fin-de-vida-es-la.jpg\" \/>\n\t<meta property=\"og:image:width\" content=\"1500\" \/>\n\t<meta property=\"og:image:height\" content=\"1000\" \/>\n\t<meta property=\"og:image:type\" content=\"image\/jpeg\" \/>\n<meta name=\"author\" content=\"Pedro Mart\u00ednez\" \/>\n<meta name=\"twitter:card\" content=\"summary_large_image\" \/>\n<meta name=\"twitter:creator\" content=\"@stacatarinagob\" \/>\n<meta name=\"twitter:site\" content=\"@stacatarinagob\" \/>\n<meta name=\"twitter:label1\" content=\"Escrito por\" \/>\n\t<meta name=\"twitter:data1\" content=\"Pedro Mart\u00ednez\" \/>\n\t<meta name=\"twitter:label2\" content=\"Tiempo de lectura\" \/>\n\t<meta name=\"twitter:data2\" content=\"3 minutos\" \/>\n<script type=\"application\/ld+json\" class=\"yoast-schema-graph\">{\"@context\":\"https:\/\/schema.org\",\"@graph\":[{\"@type\":\"Article\",\"@id\":\"https:\/\/stacatarina.mx\/consejos\/veneto-aprueba-la-ley-de-fin-de-vida-es-la-cuarta-region-de-italia-y-la-primera-de-centroderecha\/#article\",\"isPartOf\":{\"@id\":\"https:\/\/stacatarina.mx\/consejos\/veneto-aprueba-la-ley-de-fin-de-vida-es-la-cuarta-region-de-italia-y-la-primera-de-centroderecha\/\"},\"author\":{\"name\":\"Pedro Mart\u00ednez\",\"@id\":\"https:\/\/stacatarina.mx\/consejos\/#\/schema\/person\/0be60adffa8e4c4d0828fdf021450e8a\"},\"headline\":\"V\u00e9neto aprueba la ley de fin de vida: es la cuarta regi\u00f3n de Italia (y la primera de centroderecha)\",\"datePublished\":\"2026-09-02T17:52:52+00:00\",\"dateModified\":\"2026-09-02T17:52:54+00:00\",\"mainEntityOfPage\":{\"@id\":\"https:\/\/stacatarina.mx\/consejos\/veneto-aprueba-la-ley-de-fin-de-vida-es-la-cuarta-region-de-italia-y-la-primera-de-centroderecha\/\"},\"wordCount\":553,\"publisher\":{\"@id\":\"https:\/\/stacatarina.mx\/consejos\/#organization\"},\"image\":{\"@id\":\"https:\/\/stacatarina.mx\/consejos\/veneto-aprueba-la-ley-de-fin-de-vida-es-la-cuarta-region-de-italia-y-la-primera-de-centroderecha\/#primaryimage\"},\"thumbnailUrl\":\"https:\/\/stacatarina.mx\/consejos\/wp-content\/uploads\/2026\/09\/Veneto-aprueba-la-ley-de-fin-de-vida-es-la.jpg\",\"keywords\":[\"aprueba\",\"centroderecha\",\"cuarta\",\"FIN\",\"Italia\",\"ley\",\"primera\",\"regi\u00f3n\",\"V\u00e9neto\",\"vida\"],\"articleSection\":[\"Salud\"],\"inLanguage\":\"es\"},{\"@type\":\"WebPage\",\"@id\":\"https:\/\/stacatarina.mx\/consejos\/veneto-aprueba-la-ley-de-fin-de-vida-es-la-cuarta-region-de-italia-y-la-primera-de-centroderecha\/\",\"url\":\"https:\/\/stacatarina.mx\/consejos\/veneto-aprueba-la-ley-de-fin-de-vida-es-la-cuarta-region-de-italia-y-la-primera-de-centroderecha\/\",\"name\":\"V\u00e9neto aprueba la ley de fin de vida: es la cuarta regi\u00f3n de Italia (y la primera de centroderecha) - Consejos - Santa Catarina\",\"isPartOf\":{\"@id\":\"https:\/\/stacatarina.mx\/consejos\/#website\"},\"primaryImageOfPage\":{\"@id\":\"https:\/\/stacatarina.mx\/consejos\/veneto-aprueba-la-ley-de-fin-de-vida-es-la-cuarta-region-de-italia-y-la-primera-de-centroderecha\/#primaryimage\"},\"image\":{\"@id\":\"https:\/\/stacatarina.mx\/consejos\/veneto-aprueba-la-ley-de-fin-de-vida-es-la-cuarta-region-de-italia-y-la-primera-de-centroderecha\/#primaryimage\"},\"thumbnailUrl\":\"https:\/\/stacatarina.mx\/consejos\/wp-content\/uploads\/2026\/09\/Veneto-aprueba-la-ley-de-fin-de-vida-es-la.jpg\",\"datePublished\":\"2026-09-02T17:52:52+00:00\",\"dateModified\":\"2026-09-02T17:52:54+00:00\",\"breadcrumb\":{\"@id\":\"https:\/\/stacatarina.mx\/consejos\/veneto-aprueba-la-ley-de-fin-de-vida-es-la-cuarta-region-de-italia-y-la-primera-de-centroderecha\/#breadcrumb\"},\"inLanguage\":\"es\",\"potentialAction\":[{\"@type\":\"ReadAction\",\"target\":[\"https:\/\/stacatarina.mx\/consejos\/veneto-aprueba-la-ley-de-fin-de-vida-es-la-cuarta-region-de-italia-y-la-primera-de-centroderecha\/\"]}]},{\"@type\":\"ImageObject\",\"inLanguage\":\"es\",\"@id\":\"https:\/\/stacatarina.mx\/consejos\/veneto-aprueba-la-ley-de-fin-de-vida-es-la-cuarta-region-de-italia-y-la-primera-de-centroderecha\/#primaryimage\",\"url\":\"https:\/\/stacatarina.mx\/consejos\/wp-content\/uploads\/2026\/09\/Veneto-aprueba-la-ley-de-fin-de-vida-es-la.jpg\",\"contentUrl\":\"https:\/\/stacatarina.mx\/consejos\/wp-content\/uploads\/2026\/09\/Veneto-aprueba-la-ley-de-fin-de-vida-es-la.jpg\",\"width\":1500,\"height\":1000,\"caption\":\"eutanasia\"},{\"@type\":\"BreadcrumbList\",\"@id\":\"https:\/\/stacatarina.mx\/consejos\/veneto-aprueba-la-ley-de-fin-de-vida-es-la-cuarta-region-de-italia-y-la-primera-de-centroderecha\/#breadcrumb\",\"itemListElement\":[{\"@type\":\"ListItem\",\"position\":1,\"name\":\"Inicio\",\"item\":\"https:\/\/stacatarina.mx\/consejos\/\"},{\"@type\":\"ListItem\",\"position\":2,\"name\":\"V\u00e9neto aprueba la ley de fin de vida: es la cuarta regi\u00f3n de Italia (y la primera de centroderecha)\"}]},{\"@type\":\"WebSite\",\"@id\":\"https:\/\/stacatarina.mx\/consejos\/#website\",\"url\":\"https:\/\/stacatarina.mx\/consejos\/\",\"name\":\"Santa Catarina\",\"description\":\"\",\"publisher\":{\"@id\":\"https:\/\/stacatarina.mx\/consejos\/#organization\"},\"potentialAction\":[{\"@type\":\"SearchAction\",\"target\":{\"@type\":\"EntryPoint\",\"urlTemplate\":\"https:\/\/stacatarina.mx\/consejos\/?s={search_term_string}\"},\"query-input\":{\"@type\":\"PropertyValueSpecification\",\"valueRequired\":true,\"valueName\":\"search_term_string\"}}],\"inLanguage\":\"es\"},{\"@type\":\"Organization\",\"@id\":\"https:\/\/stacatarina.mx\/consejos\/#organization\",\"name\":\"Santa Catarina\",\"url\":\"https:\/\/stacatarina.mx\/consejos\/\",\"logo\":{\"@type\":\"ImageObject\",\"inLanguage\":\"es\",\"@id\":\"https:\/\/stacatarina.mx\/consejos\/#\/schema\/logo\/image\/\",\"url\":\"https:\/\/stacatarina.mx\/consejos\/wp-content\/uploads\/2024\/09\/cropped-favicon-1-1.png\",\"contentUrl\":\"https:\/\/stacatarina.mx\/consejos\/wp-content\/uploads\/2024\/09\/cropped-favicon-1-1.png\",\"width\":512,\"height\":512,\"caption\":\"Santa Catarina\"},\"image\":{\"@id\":\"https:\/\/stacatarina.mx\/consejos\/#\/schema\/logo\/image\/\"},\"sameAs\":[\"https:\/\/www.facebook.com\/stacatarinagob\/\",\"https:\/\/x.com\/stacatarinagob\",\"https:\/\/www.instagram.com\/stacatarinagob\/\",\"https:\/\/www.youtube.com\/channel\/UCK-6cQJL_904665N1_nLTWw\"]},{\"@type\":\"Person\",\"@id\":\"https:\/\/stacatarina.mx\/consejos\/#\/schema\/person\/0be60adffa8e4c4d0828fdf021450e8a\",\"name\":\"Pedro Mart\u00ednez\",\"image\":{\"@type\":\"ImageObject\",\"inLanguage\":\"es\",\"@id\":\"https:\/\/stacatarina.mx\/consejos\/#\/schema\/person\/image\/\",\"url\":\"https:\/\/stacatarina.mx\/consejos\/wp-content\/uploads\/2024\/09\/stacatarina.jpg\",\"contentUrl\":\"https:\/\/stacatarina.mx\/consejos\/wp-content\/uploads\/2024\/09\/stacatarina.jpg\",\"caption\":\"Pedro Mart\u00ednez\"},\"description\":\"Hola, soy Pedro Mart\u00ednez, redactor jefe del sitio oficial del ayuntamiento de Santa Catarina, en M\u00e9xico. Con m\u00e1s de diez a\u00f1os de experiencia en el periodismo local, tengo una pasi\u00f3n por la investigaci\u00f3n y la difusi\u00f3n de informaci\u00f3n que valoriza nuestra hermosa comunidad. Mi compromiso es hacer de Santa Catarina una referencia en materia de transparencia y comunicaci\u00f3n municipal.\",\"sameAs\":[\"https:\/\/stacatarina.mx\/\"]}]}<\/script>\n<!-- \/ Yoast SEO plugin. -->","yoast_head_json":{"title":"V\u00e9neto aprueba la ley de fin de vida: es la cuarta regi\u00f3n de Italia (y la primera de centroderecha) - Consejos - Santa Catarina","robots":{"index":"index","follow":"follow","max-snippet":"max-snippet:-1","max-image-preview":"max-image-preview:large","max-video-preview":"max-video-preview:-1"},"canonical":"https:\/\/stacatarina.mx\/consejos\/veneto-aprueba-la-ley-de-fin-de-vida-es-la-cuarta-region-de-italia-y-la-primera-de-centroderecha\/","og_locale":"es_MX","og_type":"article","og_title":"V\u00e9neto aprueba la ley de fin de vida: es la cuarta regi\u00f3n de Italia (y la primera de centroderecha) - Consejos - Santa Catarina","og_description":"Hoy se marca un punto de inflexi\u00f3n en el panorama pol\u00edtico y civil italiano. El Consejo Regional del V\u00e9neto ha aprobado oficialmente la ley de","og_url":"https:\/\/stacatarina.mx\/consejos\/veneto-aprueba-la-ley-de-fin-de-vida-es-la-cuarta-region-de-italia-y-la-primera-de-centroderecha\/","og_site_name":"Santa Catarina","article_publisher":"https:\/\/www.facebook.com\/stacatarinagob\/","article_published_time":"2026-09-02T17:52:52+00:00","article_modified_time":"2026-09-02T17:52:54+00:00","og_image":[{"width":1500,"height":1000,"url":"https:\/\/stacatarina.mx\/consejos\/wp-content\/uploads\/2026\/09\/Veneto-aprueba-la-ley-de-fin-de-vida-es-la.jpg","type":"image\/jpeg"}],"author":"Pedro Mart\u00ednez","twitter_card":"summary_large_image","twitter_creator":"@stacatarinagob","twitter_site":"@stacatarinagob","twitter_misc":{"Escrito por":"Pedro Mart\u00ednez","Tiempo de lectura":"3 minutos"},"schema":{"@context":"https:\/\/schema.org","@graph":[{"@type":"Article","@id":"https:\/\/stacatarina.mx\/consejos\/veneto-aprueba-la-ley-de-fin-de-vida-es-la-cuarta-region-de-italia-y-la-primera-de-centroderecha\/#article","isPartOf":{"@id":"https:\/\/stacatarina.mx\/consejos\/veneto-aprueba-la-ley-de-fin-de-vida-es-la-cuarta-region-de-italia-y-la-primera-de-centroderecha\/"},"author":{"name":"Pedro Mart\u00ednez","@id":"https:\/\/stacatarina.mx\/consejos\/#\/schema\/person\/0be60adffa8e4c4d0828fdf021450e8a"},"headline":"V\u00e9neto aprueba la ley de fin de vida: es la cuarta regi\u00f3n de Italia (y la primera de centroderecha)","datePublished":"2026-09-02T17:52:52+00:00","dateModified":"2026-09-02T17:52:54+00:00","mainEntityOfPage":{"@id":"https:\/\/stacatarina.mx\/consejos\/veneto-aprueba-la-ley-de-fin-de-vida-es-la-cuarta-region-de-italia-y-la-primera-de-centroderecha\/"},"wordCount":553,"publisher":{"@id":"https:\/\/stacatarina.mx\/consejos\/#organization"},"image":{"@id":"https:\/\/stacatarina.mx\/consejos\/veneto-aprueba-la-ley-de-fin-de-vida-es-la-cuarta-region-de-italia-y-la-primera-de-centroderecha\/#primaryimage"},"thumbnailUrl":"https:\/\/stacatarina.mx\/consejos\/wp-content\/uploads\/2026\/09\/Veneto-aprueba-la-ley-de-fin-de-vida-es-la.jpg","keywords":["aprueba","centroderecha","cuarta","FIN","Italia","ley","primera","regi\u00f3n","V\u00e9neto","vida"],"articleSection":["Salud"],"inLanguage":"es"},{"@type":"WebPage","@id":"https:\/\/stacatarina.mx\/consejos\/veneto-aprueba-la-ley-de-fin-de-vida-es-la-cuarta-region-de-italia-y-la-primera-de-centroderecha\/","url":"https:\/\/stacatarina.mx\/consejos\/veneto-aprueba-la-ley-de-fin-de-vida-es-la-cuarta-region-de-italia-y-la-primera-de-centroderecha\/","name":"V\u00e9neto aprueba la ley de fin de vida: es la cuarta regi\u00f3n de Italia (y la primera de centroderecha) - Consejos - Santa Catarina","isPartOf":{"@id":"https:\/\/stacatarina.mx\/consejos\/#website"},"primaryImageOfPage":{"@id":"https:\/\/stacatarina.mx\/consejos\/veneto-aprueba-la-ley-de-fin-de-vida-es-la-cuarta-region-de-italia-y-la-primera-de-centroderecha\/#primaryimage"},"image":{"@id":"https:\/\/stacatarina.mx\/consejos\/veneto-aprueba-la-ley-de-fin-de-vida-es-la-cuarta-region-de-italia-y-la-primera-de-centroderecha\/#primaryimage"},"thumbnailUrl":"https:\/\/stacatarina.mx\/consejos\/wp-content\/uploads\/2026\/09\/Veneto-aprueba-la-ley-de-fin-de-vida-es-la.jpg","datePublished":"2026-09-02T17:52:52+00:00","dateModified":"2026-09-02T17:52:54+00:00","breadcrumb":{"@id":"https:\/\/stacatarina.mx\/consejos\/veneto-aprueba-la-ley-de-fin-de-vida-es-la-cuarta-region-de-italia-y-la-primera-de-centroderecha\/#breadcrumb"},"inLanguage":"es","potentialAction":[{"@type":"ReadAction","target":["https:\/\/stacatarina.mx\/consejos\/veneto-aprueba-la-ley-de-fin-de-vida-es-la-cuarta-region-de-italia-y-la-primera-de-centroderecha\/"]}]},{"@type":"ImageObject","inLanguage":"es","@id":"https:\/\/stacatarina.mx\/consejos\/veneto-aprueba-la-ley-de-fin-de-vida-es-la-cuarta-region-de-italia-y-la-primera-de-centroderecha\/#primaryimage","url":"https:\/\/stacatarina.mx\/consejos\/wp-content\/uploads\/2026\/09\/Veneto-aprueba-la-ley-de-fin-de-vida-es-la.jpg","contentUrl":"https:\/\/stacatarina.mx\/consejos\/wp-content\/uploads\/2026\/09\/Veneto-aprueba-la-ley-de-fin-de-vida-es-la.jpg","width":1500,"height":1000,"caption":"eutanasia"},{"@type":"BreadcrumbList","@id":"https:\/\/stacatarina.mx\/consejos\/veneto-aprueba-la-ley-de-fin-de-vida-es-la-cuarta-region-de-italia-y-la-primera-de-centroderecha\/#breadcrumb","itemListElement":[{"@type":"ListItem","position":1,"name":"Inicio","item":"https:\/\/stacatarina.mx\/consejos\/"},{"@type":"ListItem","position":2,"name":"V\u00e9neto aprueba la ley de fin de vida: es la cuarta regi\u00f3n de Italia (y la primera de centroderecha)"}]},{"@type":"WebSite","@id":"https:\/\/stacatarina.mx\/consejos\/#website","url":"https:\/\/stacatarina.mx\/consejos\/","name":"Santa Catarina","description":"","publisher":{"@id":"https:\/\/stacatarina.mx\/consejos\/#organization"},"potentialAction":[{"@type":"SearchAction","target":{"@type":"EntryPoint","urlTemplate":"https:\/\/stacatarina.mx\/consejos\/?s={search_term_string}"},"query-input":{"@type":"PropertyValueSpecification","valueRequired":true,"valueName":"search_term_string"}}],"inLanguage":"es"},{"@type":"Organization","@id":"https:\/\/stacatarina.mx\/consejos\/#organization","name":"Santa Catarina","url":"https:\/\/stacatarina.mx\/consejos\/","logo":{"@type":"ImageObject","inLanguage":"es","@id":"https:\/\/stacatarina.mx\/consejos\/#\/schema\/logo\/image\/","url":"https:\/\/stacatarina.mx\/consejos\/wp-content\/uploads\/2024\/09\/cropped-favicon-1-1.png","contentUrl":"https:\/\/stacatarina.mx\/consejos\/wp-content\/uploads\/2024\/09\/cropped-favicon-1-1.png","width":512,"height":512,"caption":"Santa Catarina"},"image":{"@id":"https:\/\/stacatarina.mx\/consejos\/#\/schema\/logo\/image\/"},"sameAs":["https:\/\/www.facebook.com\/stacatarinagob\/","https:\/\/x.com\/stacatarinagob","https:\/\/www.instagram.com\/stacatarinagob\/","https:\/\/www.youtube.com\/channel\/UCK-6cQJL_904665N1_nLTWw"]},{"@type":"Person","@id":"https:\/\/stacatarina.mx\/consejos\/#\/schema\/person\/0be60adffa8e4c4d0828fdf021450e8a","name":"Pedro Mart\u00ednez","image":{"@type":"ImageObject","inLanguage":"es","@id":"https:\/\/stacatarina.mx\/consejos\/#\/schema\/person\/image\/","url":"https:\/\/stacatarina.mx\/consejos\/wp-content\/uploads\/2024\/09\/stacatarina.jpg","contentUrl":"https:\/\/stacatarina.mx\/consejos\/wp-content\/uploads\/2024\/09\/stacatarina.jpg","caption":"Pedro Mart\u00ednez"},"description":"Hola, soy Pedro Mart\u00ednez, redactor jefe del sitio oficial del ayuntamiento de Santa Catarina, en M\u00e9xico. Con m\u00e1s de diez a\u00f1os de experiencia en el periodismo local, tengo una pasi\u00f3n por la investigaci\u00f3n y la difusi\u00f3n de informaci\u00f3n que valoriza nuestra hermosa comunidad. Mi compromiso es hacer de Santa Catarina una referencia en materia de transparencia y comunicaci\u00f3n municipal.","sameAs":["https:\/\/stacatarina.mx\/"]}]}},"_links":{"self":[{"href":"https:\/\/stacatarina.mx\/consejos\/wp-json\/wp\/v2\/posts\/10893"}],"collection":[{"href":"https:\/\/stacatarina.mx\/consejos\/wp-json\/wp\/v2\/posts"}],"about":[{"href":"https:\/\/stacatarina.mx\/consejos\/wp-json\/wp\/v2\/types\/post"}],"author":[{"embeddable":true,"href":"https:\/\/stacatarina.mx\/consejos\/wp-json\/wp\/v2\/users\/1"}],"replies":[{"embeddable":true,"href":"https:\/\/stacatarina.mx\/consejos\/wp-json\/wp\/v2\/comments?post=10893"}],"version-history":[{"count":1,"href":"https:\/\/stacatarina.mx\/consejos\/wp-json\/wp\/v2\/posts\/10893\/revisions"}],"predecessor-version":[{"id":10895,"href":"https:\/\/stacatarina.mx\/consejos\/wp-json\/wp\/v2\/posts\/10893\/revisions\/10895"}],"wp:featuredmedia":[{"embeddable":true,"href":"https:\/\/stacatarina.mx\/consejos\/wp-json\/wp\/v2\/media\/10894"}],"wp:attachment":[{"href":"https:\/\/stacatarina.mx\/consejos\/wp-json\/wp\/v2\/media?parent=10893"}],"wp:term":[{"taxonomy":"category","embeddable":true,"href":"https:\/\/stacatarina.mx\/consejos\/wp-json\/wp\/v2\/categories?post=10893"},{"taxonomy":"post_tag","embeddable":true,"href":"https:\/\/stacatarina.mx\/consejos\/wp-json\/wp\/v2\/tags?post=10893"}],"curies":[{"name":"wp","href":"https:\/\/api.w.org\/{rel}","templated":true}]}}