{"id":10899,"date":"2026-09-02T21:52:28","date_gmt":"2026-09-03T03:52:28","guid":{"rendered":"https:\/\/stacatarina.mx\/consejos\/salame-galbanetto-de-galbani-retirado-del-servicio-por-presencia-de-cuerpos-extranos-los-lotes-a-tener-en-cuenta\/"},"modified":"2026-09-02T21:52:32","modified_gmt":"2026-09-03T03:52:32","slug":"salame-galbanetto-de-galbani-retirado-del-servicio-por-presencia-de-cuerpos-extranos-los-lotes-a-tener-en-cuenta","status":"publish","type":"post","link":"https:\/\/stacatarina.mx\/consejos\/salame-galbanetto-de-galbani-retirado-del-servicio-por-presencia-de-cuerpos-extranos-los-lotes-a-tener-en-cuenta\/","title":{"rendered":"Salame Galbanetto de Galbani retirado del servicio por presencia de cuerpos extra\u00f1os: los lotes a tener en cuenta"},"content":{"rendered":"<p>Se han retirado del mercado dos lotes de Galbanetto Salame de la marca Galbani por presunta presencia de cuerpos extra\u00f1os. El producto se fabrica en la f\u00e1brica de Egidio Galbani Srl en Melzo, en la provincia de Mil\u00e1n.<\/p>\n<h2>Los lotes afectados<\/h2>\n<p>La disposici\u00f3n se refiere a los lotes L264173 y L265173, con una vida \u00fatil m\u00ednima del 23 y 24 de octubre de 2026 respectivamente. La marca identificativa de la f\u00e1brica que aparece en la etiqueta es IT 32 L UE. La f\u00e1brica est\u00e1 situada en via Togliatti 8, en Melzo (Mil\u00e1n), y est\u00e1 dirigida por Egidio Galbani Srl.<\/p>\n<div id=\"attachment_1433245\" style=\"width: 1510px\" class=\"wp-caption alignnone\">\n<p id=\"caption-attachment-1433245\" class=\"wp-caption-text\">@salute.gov.it<\/p>\n<\/div>\n<h2>El motivo del retiro<\/h2>\n<p>La causa indicada en el aviso es la presunta presencia de cuerpos extra\u00f1os en el interior del paquete.<\/p>\n<h2>Qu\u00e9 hacer si eres due\u00f1o del producto<\/h2>\n<p>Si el producto corresponde al retirado, no deber\u00e1 consumirse en ning\u00fan caso, sino devolverse al punto de venta, donde ser\u00e1 reembolsado. Para obtener m\u00e1s informaci\u00f3n puede comunicarse con servicio al consumidor al 800-328468.<\/p>\n<p>Fuente: saludo.gov.it<\/p>\n","protected":false},"excerpt":{"rendered":"<p>Se han retirado del mercado dos lotes de Galbanetto Salame de la marca Galbani por presunta presencia de cuerpos extra\u00f1os. El producto se fabrica en<\/p>\n","protected":false},"author":1,"featured_media":10900,"comment_status":"closed","ping_status":"","sticky":false,"template":"","format":"standard","meta":{"footnotes":""},"categories":[762],"tags":[552,2677,23,1631,9811,9812,62,1030,112,3166,1862,9810,1352,551],"class_list":["post-10899","post","type-post","status-publish","format-standard","has-post-thumbnail","hentry","category-salud","tag-cuenta","tag-cuerpos","tag-del","tag-extranos","tag-galbanetto","tag-galbani","tag-los","tag-lotes","tag-por","tag-presencia","tag-retirado","tag-salame","tag-servicio","tag-tener","generate-columns","tablet-grid-50","mobile-grid-100","grid-parent","grid-50"],"yoast_head":"<!-- This site is optimized with the Yoast SEO plugin v23.4 - https:\/\/yoast.com\/wordpress\/plugins\/seo\/ -->\n<title>Salame Galbanetto de Galbani retirado del servicio por presencia de cuerpos extra\u00f1os: los lotes a tener en cuenta - Consejos - Santa Catarina<\/title>\n<meta name=\"robots\" content=\"index, follow, max-snippet:-1, max-image-preview:large, max-video-preview:-1\" \/>\n<link rel=\"canonical\" href=\"https:\/\/stacatarina.mx\/consejos\/salame-galbanetto-de-galbani-retirado-del-servicio-por-presencia-de-cuerpos-extranos-los-lotes-a-tener-en-cuenta\/\" \/>\n<meta property=\"og:locale\" content=\"es_MX\" \/>\n<meta property=\"og:type\" content=\"article\" \/>\n<meta property=\"og:title\" content=\"Salame Galbanetto de Galbani retirado del servicio por presencia de cuerpos extra\u00f1os: los lotes a tener en cuenta - Consejos - Santa Catarina\" \/>\n<meta property=\"og:description\" content=\"Se han retirado del mercado dos lotes de Galbanetto Salame de la marca Galbani por presunta presencia de cuerpos extra\u00f1os. El producto se fabrica en\" \/>\n<meta property=\"og:url\" content=\"https:\/\/stacatarina.mx\/consejos\/salame-galbanetto-de-galbani-retirado-del-servicio-por-presencia-de-cuerpos-extranos-los-lotes-a-tener-en-cuenta\/\" \/>\n<meta property=\"og:site_name\" content=\"Santa Catarina\" \/>\n<meta property=\"article:publisher\" content=\"https:\/\/www.facebook.com\/stacatarinagob\/\" \/>\n<meta property=\"article:published_time\" content=\"2026-09-03T03:52:28+00:00\" \/>\n<meta property=\"article:modified_time\" content=\"2026-09-03T03:52:32+00:00\" \/>\n<meta property=\"og:image\" content=\"https:\/\/stacatarina.mx\/consejos\/wp-content\/uploads\/2026\/09\/1788407551_Salame-Galbanetto-de-Galbani-retirado-del-servicio-por-presencia-de.jpg\" \/>\n\t<meta property=\"og:image:width\" content=\"1500\" \/>\n\t<meta property=\"og:image:height\" content=\"1000\" \/>\n\t<meta property=\"og:image:type\" content=\"image\/jpeg\" \/>\n<meta name=\"author\" content=\"Pedro Mart\u00ednez\" \/>\n<meta name=\"twitter:card\" content=\"summary_large_image\" \/>\n<meta name=\"twitter:creator\" content=\"@stacatarinagob\" \/>\n<meta name=\"twitter:site\" content=\"@stacatarinagob\" \/>\n<meta name=\"twitter:label1\" content=\"Escrito por\" \/>\n\t<meta name=\"twitter:data1\" content=\"Pedro Mart\u00ednez\" \/>\n\t<meta name=\"twitter:label2\" content=\"Tiempo de lectura\" \/>\n\t<meta name=\"twitter:data2\" content=\"1 minuto\" \/>\n<script type=\"application\/ld+json\" class=\"yoast-schema-graph\">{\"@context\":\"https:\/\/schema.org\",\"@graph\":[{\"@type\":\"Article\",\"@id\":\"https:\/\/stacatarina.mx\/consejos\/salame-galbanetto-de-galbani-retirado-del-servicio-por-presencia-de-cuerpos-extranos-los-lotes-a-tener-en-cuenta\/#article\",\"isPartOf\":{\"@id\":\"https:\/\/stacatarina.mx\/consejos\/salame-galbanetto-de-galbani-retirado-del-servicio-por-presencia-de-cuerpos-extranos-los-lotes-a-tener-en-cuenta\/\"},\"author\":{\"name\":\"Pedro Mart\u00ednez\",\"@id\":\"https:\/\/stacatarina.mx\/consejos\/#\/schema\/person\/0be60adffa8e4c4d0828fdf021450e8a\"},\"headline\":\"Salame Galbanetto de Galbani retirado del servicio por presencia de cuerpos extra\u00f1os: los lotes a tener en cuenta\",\"datePublished\":\"2026-09-03T03:52:28+00:00\",\"dateModified\":\"2026-09-03T03:52:32+00:00\",\"mainEntityOfPage\":{\"@id\":\"https:\/\/stacatarina.mx\/consejos\/salame-galbanetto-de-galbani-retirado-del-servicio-por-presencia-de-cuerpos-extranos-los-lotes-a-tener-en-cuenta\/\"},\"wordCount\":195,\"publisher\":{\"@id\":\"https:\/\/stacatarina.mx\/consejos\/#organization\"},\"image\":{\"@id\":\"https:\/\/stacatarina.mx\/consejos\/salame-galbanetto-de-galbani-retirado-del-servicio-por-presencia-de-cuerpos-extranos-los-lotes-a-tener-en-cuenta\/#primaryimage\"},\"thumbnailUrl\":\"https:\/\/stacatarina.mx\/consejos\/wp-content\/uploads\/2026\/09\/1788407551_Salame-Galbanetto-de-Galbani-retirado-del-servicio-por-presencia-de.jpg\",\"keywords\":[\"cuenta\",\"cuerpos\",\"del\",\"extra\u00f1os\",\"Galbanetto\",\"Galbani\",\"los\",\"lotes\",\"por\",\"presencia\",\"retirado\",\"Salame\",\"servicio\",\"tener\"],\"articleSection\":[\"Salud\"],\"inLanguage\":\"es\"},{\"@type\":\"WebPage\",\"@id\":\"https:\/\/stacatarina.mx\/consejos\/salame-galbanetto-de-galbani-retirado-del-servicio-por-presencia-de-cuerpos-extranos-los-lotes-a-tener-en-cuenta\/\",\"url\":\"https:\/\/stacatarina.mx\/consejos\/salame-galbanetto-de-galbani-retirado-del-servicio-por-presencia-de-cuerpos-extranos-los-lotes-a-tener-en-cuenta\/\",\"name\":\"Salame Galbanetto de Galbani retirado del servicio por presencia de cuerpos extra\u00f1os: los lotes a tener en cuenta - Consejos - Santa Catarina\",\"isPartOf\":{\"@id\":\"https:\/\/stacatarina.mx\/consejos\/#website\"},\"primaryImageOfPage\":{\"@id\":\"https:\/\/stacatarina.mx\/consejos\/salame-galbanetto-de-galbani-retirado-del-servicio-por-presencia-de-cuerpos-extranos-los-lotes-a-tener-en-cuenta\/#primaryimage\"},\"image\":{\"@id\":\"https:\/\/stacatarina.mx\/consejos\/salame-galbanetto-de-galbani-retirado-del-servicio-por-presencia-de-cuerpos-extranos-los-lotes-a-tener-en-cuenta\/#primaryimage\"},\"thumbnailUrl\":\"https:\/\/stacatarina.mx\/consejos\/wp-content\/uploads\/2026\/09\/1788407551_Salame-Galbanetto-de-Galbani-retirado-del-servicio-por-presencia-de.jpg\",\"datePublished\":\"2026-09-03T03:52:28+00:00\",\"dateModified\":\"2026-09-03T03:52:32+00:00\",\"breadcrumb\":{\"@id\":\"https:\/\/stacatarina.mx\/consejos\/salame-galbanetto-de-galbani-retirado-del-servicio-por-presencia-de-cuerpos-extranos-los-lotes-a-tener-en-cuenta\/#breadcrumb\"},\"inLanguage\":\"es\",\"potentialAction\":[{\"@type\":\"ReadAction\",\"target\":[\"https:\/\/stacatarina.mx\/consejos\/salame-galbanetto-de-galbani-retirado-del-servicio-por-presencia-de-cuerpos-extranos-los-lotes-a-tener-en-cuenta\/\"]}]},{\"@type\":\"ImageObject\",\"inLanguage\":\"es\",\"@id\":\"https:\/\/stacatarina.mx\/consejos\/salame-galbanetto-de-galbani-retirado-del-servicio-por-presencia-de-cuerpos-extranos-los-lotes-a-tener-en-cuenta\/#primaryimage\",\"url\":\"https:\/\/stacatarina.mx\/consejos\/wp-content\/uploads\/2026\/09\/1788407551_Salame-Galbanetto-de-Galbani-retirado-del-servicio-por-presencia-de.jpg\",\"contentUrl\":\"https:\/\/stacatarina.mx\/consejos\/wp-content\/uploads\/2026\/09\/1788407551_Salame-Galbanetto-de-Galbani-retirado-del-servicio-por-presencia-de.jpg\",\"width\":1500,\"height\":1000,\"caption\":\"richiamo salame 2\"},{\"@type\":\"BreadcrumbList\",\"@id\":\"https:\/\/stacatarina.mx\/consejos\/salame-galbanetto-de-galbani-retirado-del-servicio-por-presencia-de-cuerpos-extranos-los-lotes-a-tener-en-cuenta\/#breadcrumb\",\"itemListElement\":[{\"@type\":\"ListItem\",\"position\":1,\"name\":\"Inicio\",\"item\":\"https:\/\/stacatarina.mx\/consejos\/\"},{\"@type\":\"ListItem\",\"position\":2,\"name\":\"Salame Galbanetto de Galbani retirado del servicio por presencia de cuerpos extra\u00f1os: los lotes a tener en cuenta\"}]},{\"@type\":\"WebSite\",\"@id\":\"https:\/\/stacatarina.mx\/consejos\/#website\",\"url\":\"https:\/\/stacatarina.mx\/consejos\/\",\"name\":\"Santa Catarina\",\"description\":\"\",\"publisher\":{\"@id\":\"https:\/\/stacatarina.mx\/consejos\/#organization\"},\"potentialAction\":[{\"@type\":\"SearchAction\",\"target\":{\"@type\":\"EntryPoint\",\"urlTemplate\":\"https:\/\/stacatarina.mx\/consejos\/?s={search_term_string}\"},\"query-input\":{\"@type\":\"PropertyValueSpecification\",\"valueRequired\":true,\"valueName\":\"search_term_string\"}}],\"inLanguage\":\"es\"},{\"@type\":\"Organization\",\"@id\":\"https:\/\/stacatarina.mx\/consejos\/#organization\",\"name\":\"Santa Catarina\",\"url\":\"https:\/\/stacatarina.mx\/consejos\/\",\"logo\":{\"@type\":\"ImageObject\",\"inLanguage\":\"es\",\"@id\":\"https:\/\/stacatarina.mx\/consejos\/#\/schema\/logo\/image\/\",\"url\":\"https:\/\/stacatarina.mx\/consejos\/wp-content\/uploads\/2024\/09\/cropped-favicon-1-1.png\",\"contentUrl\":\"https:\/\/stacatarina.mx\/consejos\/wp-content\/uploads\/2024\/09\/cropped-favicon-1-1.png\",\"width\":512,\"height\":512,\"caption\":\"Santa Catarina\"},\"image\":{\"@id\":\"https:\/\/stacatarina.mx\/consejos\/#\/schema\/logo\/image\/\"},\"sameAs\":[\"https:\/\/www.facebook.com\/stacatarinagob\/\",\"https:\/\/x.com\/stacatarinagob\",\"https:\/\/www.instagram.com\/stacatarinagob\/\",\"https:\/\/www.youtube.com\/channel\/UCK-6cQJL_904665N1_nLTWw\"]},{\"@type\":\"Person\",\"@id\":\"https:\/\/stacatarina.mx\/consejos\/#\/schema\/person\/0be60adffa8e4c4d0828fdf021450e8a\",\"name\":\"Pedro Mart\u00ednez\",\"image\":{\"@type\":\"ImageObject\",\"inLanguage\":\"es\",\"@id\":\"https:\/\/stacatarina.mx\/consejos\/#\/schema\/person\/image\/\",\"url\":\"https:\/\/stacatarina.mx\/consejos\/wp-content\/uploads\/2024\/09\/stacatarina.jpg\",\"contentUrl\":\"https:\/\/stacatarina.mx\/consejos\/wp-content\/uploads\/2024\/09\/stacatarina.jpg\",\"caption\":\"Pedro Mart\u00ednez\"},\"description\":\"Hola, soy Pedro Mart\u00ednez, redactor jefe del sitio oficial del ayuntamiento de Santa Catarina, en M\u00e9xico. Con m\u00e1s de diez a\u00f1os de experiencia en el periodismo local, tengo una pasi\u00f3n por la investigaci\u00f3n y la difusi\u00f3n de informaci\u00f3n que valoriza nuestra hermosa comunidad. Mi compromiso es hacer de Santa Catarina una referencia en materia de transparencia y comunicaci\u00f3n municipal.\",\"sameAs\":[\"https:\/\/stacatarina.mx\/\"]}]}<\/script>\n<!-- \/ Yoast SEO plugin. -->","yoast_head_json":{"title":"Salame Galbanetto de Galbani retirado del servicio por presencia de cuerpos extra\u00f1os: los lotes a tener en cuenta - Consejos - Santa Catarina","robots":{"index":"index","follow":"follow","max-snippet":"max-snippet:-1","max-image-preview":"max-image-preview:large","max-video-preview":"max-video-preview:-1"},"canonical":"https:\/\/stacatarina.mx\/consejos\/salame-galbanetto-de-galbani-retirado-del-servicio-por-presencia-de-cuerpos-extranos-los-lotes-a-tener-en-cuenta\/","og_locale":"es_MX","og_type":"article","og_title":"Salame Galbanetto de Galbani retirado del servicio por presencia de cuerpos extra\u00f1os: los lotes a tener en cuenta - Consejos - Santa Catarina","og_description":"Se han retirado del mercado dos lotes de Galbanetto Salame de la marca Galbani por presunta presencia de cuerpos extra\u00f1os. El producto se fabrica en","og_url":"https:\/\/stacatarina.mx\/consejos\/salame-galbanetto-de-galbani-retirado-del-servicio-por-presencia-de-cuerpos-extranos-los-lotes-a-tener-en-cuenta\/","og_site_name":"Santa Catarina","article_publisher":"https:\/\/www.facebook.com\/stacatarinagob\/","article_published_time":"2026-09-03T03:52:28+00:00","article_modified_time":"2026-09-03T03:52:32+00:00","og_image":[{"width":1500,"height":1000,"url":"https:\/\/stacatarina.mx\/consejos\/wp-content\/uploads\/2026\/09\/1788407551_Salame-Galbanetto-de-Galbani-retirado-del-servicio-por-presencia-de.jpg","type":"image\/jpeg"}],"author":"Pedro Mart\u00ednez","twitter_card":"summary_large_image","twitter_creator":"@stacatarinagob","twitter_site":"@stacatarinagob","twitter_misc":{"Escrito por":"Pedro Mart\u00ednez","Tiempo de lectura":"1 minuto"},"schema":{"@context":"https:\/\/schema.org","@graph":[{"@type":"Article","@id":"https:\/\/stacatarina.mx\/consejos\/salame-galbanetto-de-galbani-retirado-del-servicio-por-presencia-de-cuerpos-extranos-los-lotes-a-tener-en-cuenta\/#article","isPartOf":{"@id":"https:\/\/stacatarina.mx\/consejos\/salame-galbanetto-de-galbani-retirado-del-servicio-por-presencia-de-cuerpos-extranos-los-lotes-a-tener-en-cuenta\/"},"author":{"name":"Pedro Mart\u00ednez","@id":"https:\/\/stacatarina.mx\/consejos\/#\/schema\/person\/0be60adffa8e4c4d0828fdf021450e8a"},"headline":"Salame Galbanetto de Galbani retirado del servicio por presencia de cuerpos extra\u00f1os: los lotes a tener en cuenta","datePublished":"2026-09-03T03:52:28+00:00","dateModified":"2026-09-03T03:52:32+00:00","mainEntityOfPage":{"@id":"https:\/\/stacatarina.mx\/consejos\/salame-galbanetto-de-galbani-retirado-del-servicio-por-presencia-de-cuerpos-extranos-los-lotes-a-tener-en-cuenta\/"},"wordCount":195,"publisher":{"@id":"https:\/\/stacatarina.mx\/consejos\/#organization"},"image":{"@id":"https:\/\/stacatarina.mx\/consejos\/salame-galbanetto-de-galbani-retirado-del-servicio-por-presencia-de-cuerpos-extranos-los-lotes-a-tener-en-cuenta\/#primaryimage"},"thumbnailUrl":"https:\/\/stacatarina.mx\/consejos\/wp-content\/uploads\/2026\/09\/1788407551_Salame-Galbanetto-de-Galbani-retirado-del-servicio-por-presencia-de.jpg","keywords":["cuenta","cuerpos","del","extra\u00f1os","Galbanetto","Galbani","los","lotes","por","presencia","retirado","Salame","servicio","tener"],"articleSection":["Salud"],"inLanguage":"es"},{"@type":"WebPage","@id":"https:\/\/stacatarina.mx\/consejos\/salame-galbanetto-de-galbani-retirado-del-servicio-por-presencia-de-cuerpos-extranos-los-lotes-a-tener-en-cuenta\/","url":"https:\/\/stacatarina.mx\/consejos\/salame-galbanetto-de-galbani-retirado-del-servicio-por-presencia-de-cuerpos-extranos-los-lotes-a-tener-en-cuenta\/","name":"Salame Galbanetto de Galbani retirado del servicio por presencia de cuerpos extra\u00f1os: los lotes a tener en cuenta - Consejos - Santa Catarina","isPartOf":{"@id":"https:\/\/stacatarina.mx\/consejos\/#website"},"primaryImageOfPage":{"@id":"https:\/\/stacatarina.mx\/consejos\/salame-galbanetto-de-galbani-retirado-del-servicio-por-presencia-de-cuerpos-extranos-los-lotes-a-tener-en-cuenta\/#primaryimage"},"image":{"@id":"https:\/\/stacatarina.mx\/consejos\/salame-galbanetto-de-galbani-retirado-del-servicio-por-presencia-de-cuerpos-extranos-los-lotes-a-tener-en-cuenta\/#primaryimage"},"thumbnailUrl":"https:\/\/stacatarina.mx\/consejos\/wp-content\/uploads\/2026\/09\/1788407551_Salame-Galbanetto-de-Galbani-retirado-del-servicio-por-presencia-de.jpg","datePublished":"2026-09-03T03:52:28+00:00","dateModified":"2026-09-03T03:52:32+00:00","breadcrumb":{"@id":"https:\/\/stacatarina.mx\/consejos\/salame-galbanetto-de-galbani-retirado-del-servicio-por-presencia-de-cuerpos-extranos-los-lotes-a-tener-en-cuenta\/#breadcrumb"},"inLanguage":"es","potentialAction":[{"@type":"ReadAction","target":["https:\/\/stacatarina.mx\/consejos\/salame-galbanetto-de-galbani-retirado-del-servicio-por-presencia-de-cuerpos-extranos-los-lotes-a-tener-en-cuenta\/"]}]},{"@type":"ImageObject","inLanguage":"es","@id":"https:\/\/stacatarina.mx\/consejos\/salame-galbanetto-de-galbani-retirado-del-servicio-por-presencia-de-cuerpos-extranos-los-lotes-a-tener-en-cuenta\/#primaryimage","url":"https:\/\/stacatarina.mx\/consejos\/wp-content\/uploads\/2026\/09\/1788407551_Salame-Galbanetto-de-Galbani-retirado-del-servicio-por-presencia-de.jpg","contentUrl":"https:\/\/stacatarina.mx\/consejos\/wp-content\/uploads\/2026\/09\/1788407551_Salame-Galbanetto-de-Galbani-retirado-del-servicio-por-presencia-de.jpg","width":1500,"height":1000,"caption":"richiamo salame 2"},{"@type":"BreadcrumbList","@id":"https:\/\/stacatarina.mx\/consejos\/salame-galbanetto-de-galbani-retirado-del-servicio-por-presencia-de-cuerpos-extranos-los-lotes-a-tener-en-cuenta\/#breadcrumb","itemListElement":[{"@type":"ListItem","position":1,"name":"Inicio","item":"https:\/\/stacatarina.mx\/consejos\/"},{"@type":"ListItem","position":2,"name":"Salame Galbanetto de Galbani retirado del servicio por presencia de cuerpos extra\u00f1os: los lotes a tener en cuenta"}]},{"@type":"WebSite","@id":"https:\/\/stacatarina.mx\/consejos\/#website","url":"https:\/\/stacatarina.mx\/consejos\/","name":"Santa Catarina","description":"","publisher":{"@id":"https:\/\/stacatarina.mx\/consejos\/#organization"},"potentialAction":[{"@type":"SearchAction","target":{"@type":"EntryPoint","urlTemplate":"https:\/\/stacatarina.mx\/consejos\/?s={search_term_string}"},"query-input":{"@type":"PropertyValueSpecification","valueRequired":true,"valueName":"search_term_string"}}],"inLanguage":"es"},{"@type":"Organization","@id":"https:\/\/stacatarina.mx\/consejos\/#organization","name":"Santa Catarina","url":"https:\/\/stacatarina.mx\/consejos\/","logo":{"@type":"ImageObject","inLanguage":"es","@id":"https:\/\/stacatarina.mx\/consejos\/#\/schema\/logo\/image\/","url":"https:\/\/stacatarina.mx\/consejos\/wp-content\/uploads\/2024\/09\/cropped-favicon-1-1.png","contentUrl":"https:\/\/stacatarina.mx\/consejos\/wp-content\/uploads\/2024\/09\/cropped-favicon-1-1.png","width":512,"height":512,"caption":"Santa Catarina"},"image":{"@id":"https:\/\/stacatarina.mx\/consejos\/#\/schema\/logo\/image\/"},"sameAs":["https:\/\/www.facebook.com\/stacatarinagob\/","https:\/\/x.com\/stacatarinagob","https:\/\/www.instagram.com\/stacatarinagob\/","https:\/\/www.youtube.com\/channel\/UCK-6cQJL_904665N1_nLTWw"]},{"@type":"Person","@id":"https:\/\/stacatarina.mx\/consejos\/#\/schema\/person\/0be60adffa8e4c4d0828fdf021450e8a","name":"Pedro Mart\u00ednez","image":{"@type":"ImageObject","inLanguage":"es","@id":"https:\/\/stacatarina.mx\/consejos\/#\/schema\/person\/image\/","url":"https:\/\/stacatarina.mx\/consejos\/wp-content\/uploads\/2024\/09\/stacatarina.jpg","contentUrl":"https:\/\/stacatarina.mx\/consejos\/wp-content\/uploads\/2024\/09\/stacatarina.jpg","caption":"Pedro Mart\u00ednez"},"description":"Hola, soy Pedro Mart\u00ednez, redactor jefe del sitio oficial del ayuntamiento de Santa Catarina, en M\u00e9xico. Con m\u00e1s de diez a\u00f1os de experiencia en el periodismo local, tengo una pasi\u00f3n por la investigaci\u00f3n y la difusi\u00f3n de informaci\u00f3n que valoriza nuestra hermosa comunidad. Mi compromiso es hacer de Santa Catarina una referencia en materia de transparencia y comunicaci\u00f3n municipal.","sameAs":["https:\/\/stacatarina.mx\/"]}]}},"_links":{"self":[{"href":"https:\/\/stacatarina.mx\/consejos\/wp-json\/wp\/v2\/posts\/10899"}],"collection":[{"href":"https:\/\/stacatarina.mx\/consejos\/wp-json\/wp\/v2\/posts"}],"about":[{"href":"https:\/\/stacatarina.mx\/consejos\/wp-json\/wp\/v2\/types\/post"}],"author":[{"embeddable":true,"href":"https:\/\/stacatarina.mx\/consejos\/wp-json\/wp\/v2\/users\/1"}],"replies":[{"embeddable":true,"href":"https:\/\/stacatarina.mx\/consejos\/wp-json\/wp\/v2\/comments?post=10899"}],"version-history":[{"count":1,"href":"https:\/\/stacatarina.mx\/consejos\/wp-json\/wp\/v2\/posts\/10899\/revisions"}],"predecessor-version":[{"id":10901,"href":"https:\/\/stacatarina.mx\/consejos\/wp-json\/wp\/v2\/posts\/10899\/revisions\/10901"}],"wp:featuredmedia":[{"embeddable":true,"href":"https:\/\/stacatarina.mx\/consejos\/wp-json\/wp\/v2\/media\/10900"}],"wp:attachment":[{"href":"https:\/\/stacatarina.mx\/consejos\/wp-json\/wp\/v2\/media?parent=10899"}],"wp:term":[{"taxonomy":"category","embeddable":true,"href":"https:\/\/stacatarina.mx\/consejos\/wp-json\/wp\/v2\/categories?post=10899"},{"taxonomy":"post_tag","embeddable":true,"href":"https:\/\/stacatarina.mx\/consejos\/wp-json\/wp\/v2\/tags?post=10899"}],"curies":[{"name":"wp","href":"https:\/\/api.w.org\/{rel}","templated":true}]}}