{"id":1090,"date":"2024-10-27T07:23:49","date_gmt":"2024-10-27T13:23:49","guid":{"rendered":"https:\/\/stacatarina.mx\/consejos\/elecciones-generales-de-2024-nuestro-manifiesto-por-los-tejones\/"},"modified":"2024-10-27T07:23:50","modified_gmt":"2024-10-27T13:23:50","slug":"elecciones-generales-de-2024-nuestro-manifiesto-por-los-tejones","status":"publish","type":"post","link":"https:\/\/stacatarina.mx\/consejos\/elecciones-generales-de-2024-nuestro-manifiesto-por-los-tejones\/","title":{"rendered":"Elecciones generales de 2024: Nuestro Manifiesto por los tejones"},"content":{"rendered":"<div class=\"entry-content\">\n<p id=\"m_226260089602149355gmail-viewer-tvpyw42\"><strong>Se han convocado elecciones generales para el 4 de julio de 2024 y esperamos que los principales partidos pol\u00edticos aclaren sus visiones sobre los tejones y sus h\u00e1bitats naturales.<\/strong><\/p>\n<p id=\"m_226260089602149355gmail-viewer-fpqnq45\">En particular, queremos conocer sus planes para el futuro del sacrificio de tejones. Es una pol\u00edtica ineficaz, costosa y poco \u00e9tica la de matar tejones en masa para controlar la tuberculosis bovina. <strong>No es un sacrificio, es una matanza.<\/strong> <br \/><strong>Peter Hambly, director ejecutivo de Badger Trust, dijo:<\/strong><\/p>\n<p>\u201cLa matanza de tejones en el matadero de tejones es la mayor amenaza a la naturaleza que enfrentamos. La mitad de nuestra poblaci\u00f3n de tejones ha desaparecido en 11 a\u00f1os. 230.000 tejones y sus cachorros fusilados. Por eso hemos pedido a todos los partidos representados en Westminster que expresen sus opiniones y planes sobre esta horrible matanza. Esto tiene que parar, tenemos que salvar la naturaleza antes de que sea demasiado tarde\u201d.<\/p>\n<p><strong>Lo que estamos preguntando:<\/strong><\/p>\n<ul class=\"wp-block-list\">\n<li><strong>Poner fin al sacrificio de tejones ahora<\/strong> y proteger la poblaci\u00f3n restante de tejones salvajes antes de que sea demasiado tarde.<\/li>\n<li>Entregar el <strong>r\u00e1pido desarrollo y distribuci\u00f3n de una vacuna bovina obligatoria y de una prueba mejorada para el ganado<\/strong> para erradicar la infecci\u00f3n por TB en el reba\u00f1o de ganado y proteger tanto a las vacas de granja como a la vida silvestre. <\/li>\n<li><strong>se honesto<\/strong> sobre los verdaderos niveles de bTB ocultos en el reba\u00f1o de ganado ingl\u00e9s, con el uso obligatorio en todo el pa\u00eds de pruebas m\u00e1s sensibles (fiables) y con una mayor compensaci\u00f3n a los ganaderos.<\/li>\n<li>Comprometerse a un <strong>&#8216;Una salud y un bienestar&#8217;<\/strong> enfoque hacia los ecosistemas del Reino Unido apoyando a los agricultores a <strong>integrar medidas eficaces de control de la TB en el ganado<\/strong> en sus pr\u00e1cticas de bienestar animal y sostenibilidad ambiental. <\/li>\n<li><strong>Hacer que la persecuci\u00f3n de los tejones sea notificable <\/strong>y<strong> ampliar la pena m\u00e1xima por condenas<\/strong> en virtud de la Ley de Protecci\u00f3n de Tejones (1992) de seis meses a cinco a\u00f1os, de conformidad con la Ley de Bienestar Animal (Sentencias) de 2021.<\/li>\n<li><strong>Haga espacio para los tejones y otros animales salvajes<\/strong> y <strong>evitar una mayor p\u00e9rdida de h\u00e1bitat<\/strong> garantizando que el nuevo desarrollo proteja y mejore nuestro entorno natural.<\/li>\n<li><strong>Restaurar la naturaleza ahora y abordar la crisis natural del Reino Unido <\/strong>protegiendo a los tejones y sus h\u00e1bitats.<\/li>\n<\/ul>\n<h2 class=\"wp-block-heading\" id=\"m_226260089602149355gmail-viewer-91fio100\">Salva a los tejones. Salva la naturaleza. Protecci\u00f3n, no extinci\u00f3n.<\/h2>\n<p id=\"m_226260089602149355gmail-viewer-is8ts102\">El Reino Unido es uno de los pa\u00edses del mundo con mayor escasez de naturaleza. Badger Trust se enorgullece de apoyar Restore Nature Now, una campa\u00f1a para abordar esta crisis natural.  <\/p>\n<p id=\"m_226260089602149355gmail-viewer-p4itp105\">Matar a 230.000 tejones nativos (la mitad de la poblaci\u00f3n estimada) es el n\u00facleo de este ataque innecesario a la naturaleza. Los tejones tambi\u00e9n enfrentan amenazas por las altas tasas de delitos contra la vida silvestre y el r\u00e1pido aumento del desarrollo inmobiliario y de carreteras. Como ingenieros de ecosistemas, los tejones brindan muchos beneficios a otras especies. <strong>Las amenazas a los tejones y sus espacios son amenazas al equilibrio de nuestro entorno natural.<\/strong><\/p>\n<p id=\"m_226260089602149355gmail-viewer-3s50g113\">Por eso, el s\u00e1bado 22 de junio, marcharemos pac\u00edficamente con miles de compa\u00f1eros que apoyan la naturaleza y la vida silvestre para que todos los pol\u00edticos tomen nota, antes de las elecciones, de que queremos que act\u00faen para Restaurar la Naturaleza Ahora.<u>por favor \u00fanete a nosotros<\/u>. <\/p>\n<h2 class=\"wp-block-heading\" id=\"m_226260089602149355gmail-viewer-761z3117\">que estamos haciendo<\/h2>\n<ul class=\"wp-block-list\">\n<li>Hemos escrito a todos los principales partidos pol\u00edticos con una lista de preguntas sobre c\u00f3mo poner fin a la matanza de tejones y sus posiciones y visi\u00f3n sobre cuestiones asociadas que afectan a los tejones y sus h\u00e1bitats*.  <\/li>\n<li>Hemos escrito al Secretario Permanente de Defra para garantizar <u>no se emiten nuevas licencias para matar tejones durante el per\u00edodo electoral<\/u>. <\/li>\n<li>Seguimos reservando el derecho de emprender acciones legales despu\u00e9s de las elecciones cuando Defra informe sobre <u>la reciente consulta sobre el &#8220;control de tejones&#8221;<\/u>. <\/li>\n<li>Publicaremos cualquier respuesta que recibamos.<\/li>\n<\/ul>\n<h2 class=\"wp-block-heading\" id=\"m_226260089602149355gmail-viewer-72avn141\">\u00a1Estamos votando tej\u00f3n!<\/h2>\n<p id=\"m_226260089602149355gmail-viewer-fc277143\">Como organizaci\u00f3n ben\u00e9fica registrada, Badger Trust es pol\u00edticamente neutral y no respalda a ning\u00fan partido: \u00a1solo apoyamos a los tejones! <\/p>\n<p id=\"m_226260089602149355gmail-viewer-c5byr146\">Continuaremos haciendo todo lo que podamos para promover y mejorar el bienestar, la conservaci\u00f3n y la protecci\u00f3n de los tejones, sus asentamientos y sus h\u00e1bitats. Trabajaremos con todas las personas que comparten esos objetivos y quieren ver la naturaleza protegida, no llevada a niveles de extinci\u00f3n.   <\/p>\n<h2 class=\"wp-block-heading\" id=\"m_226260089602149355gmail-viewer-0lp3s148\">que puedes hacer<\/h2>\n<p id=\"m_226260089602149355gmail-viewer-wrzgq150\">Cinco formas de involucrarte y mostrar tu apoyo a los tejones.<\/p>\n<ol class=\"wp-block-list\">\n<li><u>Firma nuestra petici\u00f3n para poner fin al sacrificio<\/u> y mostrar a los responsables pol\u00edticos que quieren protecci\u00f3n, no extinci\u00f3n.<\/li>\n<li>Env\u00ede una carta a sus candidatos parlamentarios pidi\u00e9ndoles sus opiniones; nuestra plantilla le ayudar\u00e1 a empezar**<\/li>\n<li><u>Solicite su paquete de acci\u00f3n End The Cull gratuito, <\/u> que contiene un folleto informativo y postales para compartir y sensibilizar a nivel local  <\/li>\n<li><u>Done a nuestras campa\u00f1as para proteger a los tejones<\/u>sus asentamientos y sus h\u00e1bitats. <\/li>\n<li><u>Invol\u00facrate con tu grupo de tejones local.<\/u> Los voluntarios de grupos de tejones de todo el pa\u00eds hacen campa\u00f1a localmente para poner fin al sacrificio y estar\u00e1n encantados si usted se une a ellos.<\/li>\n<\/ol><\/div>\n","protected":false},"excerpt":{"rendered":"<p>Se han convocado elecciones generales para el 4 de julio de 2024 y esperamos que los principales partidos pol\u00edticos aclaren sus visiones sobre los tejones<\/p>\n","protected":false},"author":1,"featured_media":248,"comment_status":"closed","ping_status":"","sticky":false,"template":"","format":"standard","meta":{"footnotes":""},"categories":[68],"tags":[559,1464,62,1465,404,112,115],"class_list":["post-1090","post","type-post","status-publish","format-standard","has-post-thumbnail","hentry","category-fauna-y-flora","tag-elecciones","tag-generales","tag-los","tag-manifiesto","tag-nuestro","tag-por","tag-tejones","generate-columns","tablet-grid-50","mobile-grid-100","grid-parent","grid-50"],"yoast_head":"<!-- This site is optimized with the Yoast SEO plugin v23.4 - https:\/\/yoast.com\/wordpress\/plugins\/seo\/ -->\n<title>Elecciones generales de 2024: Nuestro Manifiesto por los tejones - Consejos - Santa Catarina<\/title>\n<meta name=\"robots\" content=\"index, follow, max-snippet:-1, max-image-preview:large, max-video-preview:-1\" \/>\n<link rel=\"canonical\" href=\"https:\/\/stacatarina.mx\/consejos\/elecciones-generales-de-2024-nuestro-manifiesto-por-los-tejones\/\" \/>\n<meta property=\"og:locale\" content=\"es_MX\" \/>\n<meta property=\"og:type\" content=\"article\" \/>\n<meta property=\"og:title\" content=\"Elecciones generales de 2024: Nuestro Manifiesto por los tejones - Consejos - Santa Catarina\" \/>\n<meta property=\"og:description\" content=\"Se han convocado elecciones generales para el 4 de julio de 2024 y esperamos que los principales partidos pol\u00edticos aclaren sus visiones sobre los tejones\" \/>\n<meta property=\"og:url\" content=\"https:\/\/stacatarina.mx\/consejos\/elecciones-generales-de-2024-nuestro-manifiesto-por-los-tejones\/\" \/>\n<meta property=\"og:site_name\" content=\"Santa Catarina\" \/>\n<meta property=\"article:publisher\" content=\"https:\/\/www.facebook.com\/stacatarinagob\/\" \/>\n<meta property=\"article:published_time\" content=\"2024-10-27T13:23:49+00:00\" \/>\n<meta property=\"article:modified_time\" content=\"2024-10-27T13:23:50+00:00\" \/>\n<meta property=\"og:image\" content=\"https:\/\/stacatarina.mx\/consejos\/wp-content\/uploads\/2024\/09\/El-Gobierno-del-Reino-Unido-vuelve-a-comparecer-ante-la.jpg\" \/>\n\t<meta property=\"og:image:width\" content=\"900\" \/>\n\t<meta property=\"og:image:height\" content=\"600\" \/>\n\t<meta property=\"og:image:type\" content=\"image\/jpeg\" \/>\n<meta name=\"author\" content=\"Pedro Mart\u00ednez\" \/>\n<meta name=\"twitter:card\" content=\"summary_large_image\" \/>\n<meta name=\"twitter:creator\" content=\"@stacatarinagob\" \/>\n<meta name=\"twitter:site\" content=\"@stacatarinagob\" \/>\n<meta name=\"twitter:label1\" content=\"Escrito por\" \/>\n\t<meta name=\"twitter:data1\" content=\"Pedro Mart\u00ednez\" \/>\n\t<meta name=\"twitter:label2\" content=\"Tiempo de lectura\" \/>\n\t<meta name=\"twitter:data2\" content=\"4 minutos\" \/>\n<script type=\"application\/ld+json\" class=\"yoast-schema-graph\">{\"@context\":\"https:\/\/schema.org\",\"@graph\":[{\"@type\":\"Article\",\"@id\":\"https:\/\/stacatarina.mx\/consejos\/elecciones-generales-de-2024-nuestro-manifiesto-por-los-tejones\/#article\",\"isPartOf\":{\"@id\":\"https:\/\/stacatarina.mx\/consejos\/elecciones-generales-de-2024-nuestro-manifiesto-por-los-tejones\/\"},\"author\":{\"name\":\"Pedro Mart\u00ednez\",\"@id\":\"https:\/\/stacatarina.mx\/consejos\/#\/schema\/person\/0be60adffa8e4c4d0828fdf021450e8a\"},\"headline\":\"Elecciones generales de 2024: Nuestro Manifiesto por los tejones\",\"datePublished\":\"2024-10-27T13:23:49+00:00\",\"dateModified\":\"2024-10-27T13:23:50+00:00\",\"mainEntityOfPage\":{\"@id\":\"https:\/\/stacatarina.mx\/consejos\/elecciones-generales-de-2024-nuestro-manifiesto-por-los-tejones\/\"},\"wordCount\":886,\"publisher\":{\"@id\":\"https:\/\/stacatarina.mx\/consejos\/#organization\"},\"image\":{\"@id\":\"https:\/\/stacatarina.mx\/consejos\/elecciones-generales-de-2024-nuestro-manifiesto-por-los-tejones\/#primaryimage\"},\"thumbnailUrl\":\"https:\/\/stacatarina.mx\/consejos\/wp-content\/uploads\/2024\/09\/El-Gobierno-del-Reino-Unido-vuelve-a-comparecer-ante-la.jpg\",\"keywords\":[\"elecciones\",\"generales\",\"los\",\"Manifiesto\",\"nuestro\",\"por\",\"tejones\"],\"articleSection\":[\"Fauna y Flora\"],\"inLanguage\":\"es\"},{\"@type\":\"WebPage\",\"@id\":\"https:\/\/stacatarina.mx\/consejos\/elecciones-generales-de-2024-nuestro-manifiesto-por-los-tejones\/\",\"url\":\"https:\/\/stacatarina.mx\/consejos\/elecciones-generales-de-2024-nuestro-manifiesto-por-los-tejones\/\",\"name\":\"Elecciones generales de 2024: Nuestro Manifiesto por los tejones - Consejos - Santa Catarina\",\"isPartOf\":{\"@id\":\"https:\/\/stacatarina.mx\/consejos\/#website\"},\"primaryImageOfPage\":{\"@id\":\"https:\/\/stacatarina.mx\/consejos\/elecciones-generales-de-2024-nuestro-manifiesto-por-los-tejones\/#primaryimage\"},\"image\":{\"@id\":\"https:\/\/stacatarina.mx\/consejos\/elecciones-generales-de-2024-nuestro-manifiesto-por-los-tejones\/#primaryimage\"},\"thumbnailUrl\":\"https:\/\/stacatarina.mx\/consejos\/wp-content\/uploads\/2024\/09\/El-Gobierno-del-Reino-Unido-vuelve-a-comparecer-ante-la.jpg\",\"datePublished\":\"2024-10-27T13:23:49+00:00\",\"dateModified\":\"2024-10-27T13:23:50+00:00\",\"breadcrumb\":{\"@id\":\"https:\/\/stacatarina.mx\/consejos\/elecciones-generales-de-2024-nuestro-manifiesto-por-los-tejones\/#breadcrumb\"},\"inLanguage\":\"es\",\"potentialAction\":[{\"@type\":\"ReadAction\",\"target\":[\"https:\/\/stacatarina.mx\/consejos\/elecciones-generales-de-2024-nuestro-manifiesto-por-los-tejones\/\"]}]},{\"@type\":\"ImageObject\",\"inLanguage\":\"es\",\"@id\":\"https:\/\/stacatarina.mx\/consejos\/elecciones-generales-de-2024-nuestro-manifiesto-por-los-tejones\/#primaryimage\",\"url\":\"https:\/\/stacatarina.mx\/consejos\/wp-content\/uploads\/2024\/09\/El-Gobierno-del-Reino-Unido-vuelve-a-comparecer-ante-la.jpg\",\"contentUrl\":\"https:\/\/stacatarina.mx\/consejos\/wp-content\/uploads\/2024\/09\/El-Gobierno-del-Reino-Unido-vuelve-a-comparecer-ante-la.jpg\",\"width\":900,\"height\":600,\"caption\":\"The UK Government is back in front of the Bern Convention this week about its badger cull policy\"},{\"@type\":\"BreadcrumbList\",\"@id\":\"https:\/\/stacatarina.mx\/consejos\/elecciones-generales-de-2024-nuestro-manifiesto-por-los-tejones\/#breadcrumb\",\"itemListElement\":[{\"@type\":\"ListItem\",\"position\":1,\"name\":\"Inicio\",\"item\":\"https:\/\/stacatarina.mx\/consejos\/\"},{\"@type\":\"ListItem\",\"position\":2,\"name\":\"Elecciones generales de 2024: Nuestro Manifiesto por los tejones\"}]},{\"@type\":\"WebSite\",\"@id\":\"https:\/\/stacatarina.mx\/consejos\/#website\",\"url\":\"https:\/\/stacatarina.mx\/consejos\/\",\"name\":\"Santa Catarina\",\"description\":\"\",\"publisher\":{\"@id\":\"https:\/\/stacatarina.mx\/consejos\/#organization\"},\"potentialAction\":[{\"@type\":\"SearchAction\",\"target\":{\"@type\":\"EntryPoint\",\"urlTemplate\":\"https:\/\/stacatarina.mx\/consejos\/?s={search_term_string}\"},\"query-input\":{\"@type\":\"PropertyValueSpecification\",\"valueRequired\":true,\"valueName\":\"search_term_string\"}}],\"inLanguage\":\"es\"},{\"@type\":\"Organization\",\"@id\":\"https:\/\/stacatarina.mx\/consejos\/#organization\",\"name\":\"Santa Catarina\",\"url\":\"https:\/\/stacatarina.mx\/consejos\/\",\"logo\":{\"@type\":\"ImageObject\",\"inLanguage\":\"es\",\"@id\":\"https:\/\/stacatarina.mx\/consejos\/#\/schema\/logo\/image\/\",\"url\":\"https:\/\/stacatarina.mx\/consejos\/wp-content\/uploads\/2024\/09\/cropped-favicon-1-1.png\",\"contentUrl\":\"https:\/\/stacatarina.mx\/consejos\/wp-content\/uploads\/2024\/09\/cropped-favicon-1-1.png\",\"width\":512,\"height\":512,\"caption\":\"Santa Catarina\"},\"image\":{\"@id\":\"https:\/\/stacatarina.mx\/consejos\/#\/schema\/logo\/image\/\"},\"sameAs\":[\"https:\/\/www.facebook.com\/stacatarinagob\/\",\"https:\/\/x.com\/stacatarinagob\",\"https:\/\/www.instagram.com\/stacatarinagob\/\",\"https:\/\/www.youtube.com\/channel\/UCK-6cQJL_904665N1_nLTWw\"]},{\"@type\":\"Person\",\"@id\":\"https:\/\/stacatarina.mx\/consejos\/#\/schema\/person\/0be60adffa8e4c4d0828fdf021450e8a\",\"name\":\"Pedro Mart\u00ednez\",\"image\":{\"@type\":\"ImageObject\",\"inLanguage\":\"es\",\"@id\":\"https:\/\/stacatarina.mx\/consejos\/#\/schema\/person\/image\/\",\"url\":\"https:\/\/stacatarina.mx\/consejos\/wp-content\/uploads\/2024\/09\/stacatarina.jpg\",\"contentUrl\":\"https:\/\/stacatarina.mx\/consejos\/wp-content\/uploads\/2024\/09\/stacatarina.jpg\",\"caption\":\"Pedro Mart\u00ednez\"},\"description\":\"Hola, soy Pedro Mart\u00ednez, redactor jefe del sitio oficial del ayuntamiento de Santa Catarina, en M\u00e9xico. Con m\u00e1s de diez a\u00f1os de experiencia en el periodismo local, tengo una pasi\u00f3n por la investigaci\u00f3n y la difusi\u00f3n de informaci\u00f3n que valoriza nuestra hermosa comunidad. Mi compromiso es hacer de Santa Catarina una referencia en materia de transparencia y comunicaci\u00f3n municipal.\",\"sameAs\":[\"https:\/\/stacatarina.mx\/\"]}]}<\/script>\n<!-- \/ Yoast SEO plugin. -->","yoast_head_json":{"title":"Elecciones generales de 2024: Nuestro Manifiesto por los tejones - Consejos - Santa Catarina","robots":{"index":"index","follow":"follow","max-snippet":"max-snippet:-1","max-image-preview":"max-image-preview:large","max-video-preview":"max-video-preview:-1"},"canonical":"https:\/\/stacatarina.mx\/consejos\/elecciones-generales-de-2024-nuestro-manifiesto-por-los-tejones\/","og_locale":"es_MX","og_type":"article","og_title":"Elecciones generales de 2024: Nuestro Manifiesto por los tejones - Consejos - Santa Catarina","og_description":"Se han convocado elecciones generales para el 4 de julio de 2024 y esperamos que los principales partidos pol\u00edticos aclaren sus visiones sobre los tejones","og_url":"https:\/\/stacatarina.mx\/consejos\/elecciones-generales-de-2024-nuestro-manifiesto-por-los-tejones\/","og_site_name":"Santa Catarina","article_publisher":"https:\/\/www.facebook.com\/stacatarinagob\/","article_published_time":"2024-10-27T13:23:49+00:00","article_modified_time":"2024-10-27T13:23:50+00:00","og_image":[{"width":900,"height":600,"url":"https:\/\/stacatarina.mx\/consejos\/wp-content\/uploads\/2024\/09\/El-Gobierno-del-Reino-Unido-vuelve-a-comparecer-ante-la.jpg","type":"image\/jpeg"}],"author":"Pedro Mart\u00ednez","twitter_card":"summary_large_image","twitter_creator":"@stacatarinagob","twitter_site":"@stacatarinagob","twitter_misc":{"Escrito por":"Pedro Mart\u00ednez","Tiempo de lectura":"4 minutos"},"schema":{"@context":"https:\/\/schema.org","@graph":[{"@type":"Article","@id":"https:\/\/stacatarina.mx\/consejos\/elecciones-generales-de-2024-nuestro-manifiesto-por-los-tejones\/#article","isPartOf":{"@id":"https:\/\/stacatarina.mx\/consejos\/elecciones-generales-de-2024-nuestro-manifiesto-por-los-tejones\/"},"author":{"name":"Pedro Mart\u00ednez","@id":"https:\/\/stacatarina.mx\/consejos\/#\/schema\/person\/0be60adffa8e4c4d0828fdf021450e8a"},"headline":"Elecciones generales de 2024: Nuestro Manifiesto por los tejones","datePublished":"2024-10-27T13:23:49+00:00","dateModified":"2024-10-27T13:23:50+00:00","mainEntityOfPage":{"@id":"https:\/\/stacatarina.mx\/consejos\/elecciones-generales-de-2024-nuestro-manifiesto-por-los-tejones\/"},"wordCount":886,"publisher":{"@id":"https:\/\/stacatarina.mx\/consejos\/#organization"},"image":{"@id":"https:\/\/stacatarina.mx\/consejos\/elecciones-generales-de-2024-nuestro-manifiesto-por-los-tejones\/#primaryimage"},"thumbnailUrl":"https:\/\/stacatarina.mx\/consejos\/wp-content\/uploads\/2024\/09\/El-Gobierno-del-Reino-Unido-vuelve-a-comparecer-ante-la.jpg","keywords":["elecciones","generales","los","Manifiesto","nuestro","por","tejones"],"articleSection":["Fauna y Flora"],"inLanguage":"es"},{"@type":"WebPage","@id":"https:\/\/stacatarina.mx\/consejos\/elecciones-generales-de-2024-nuestro-manifiesto-por-los-tejones\/","url":"https:\/\/stacatarina.mx\/consejos\/elecciones-generales-de-2024-nuestro-manifiesto-por-los-tejones\/","name":"Elecciones generales de 2024: Nuestro Manifiesto por los tejones - Consejos - Santa Catarina","isPartOf":{"@id":"https:\/\/stacatarina.mx\/consejos\/#website"},"primaryImageOfPage":{"@id":"https:\/\/stacatarina.mx\/consejos\/elecciones-generales-de-2024-nuestro-manifiesto-por-los-tejones\/#primaryimage"},"image":{"@id":"https:\/\/stacatarina.mx\/consejos\/elecciones-generales-de-2024-nuestro-manifiesto-por-los-tejones\/#primaryimage"},"thumbnailUrl":"https:\/\/stacatarina.mx\/consejos\/wp-content\/uploads\/2024\/09\/El-Gobierno-del-Reino-Unido-vuelve-a-comparecer-ante-la.jpg","datePublished":"2024-10-27T13:23:49+00:00","dateModified":"2024-10-27T13:23:50+00:00","breadcrumb":{"@id":"https:\/\/stacatarina.mx\/consejos\/elecciones-generales-de-2024-nuestro-manifiesto-por-los-tejones\/#breadcrumb"},"inLanguage":"es","potentialAction":[{"@type":"ReadAction","target":["https:\/\/stacatarina.mx\/consejos\/elecciones-generales-de-2024-nuestro-manifiesto-por-los-tejones\/"]}]},{"@type":"ImageObject","inLanguage":"es","@id":"https:\/\/stacatarina.mx\/consejos\/elecciones-generales-de-2024-nuestro-manifiesto-por-los-tejones\/#primaryimage","url":"https:\/\/stacatarina.mx\/consejos\/wp-content\/uploads\/2024\/09\/El-Gobierno-del-Reino-Unido-vuelve-a-comparecer-ante-la.jpg","contentUrl":"https:\/\/stacatarina.mx\/consejos\/wp-content\/uploads\/2024\/09\/El-Gobierno-del-Reino-Unido-vuelve-a-comparecer-ante-la.jpg","width":900,"height":600,"caption":"The UK Government is back in front of the Bern Convention this week about its badger cull policy"},{"@type":"BreadcrumbList","@id":"https:\/\/stacatarina.mx\/consejos\/elecciones-generales-de-2024-nuestro-manifiesto-por-los-tejones\/#breadcrumb","itemListElement":[{"@type":"ListItem","position":1,"name":"Inicio","item":"https:\/\/stacatarina.mx\/consejos\/"},{"@type":"ListItem","position":2,"name":"Elecciones generales de 2024: Nuestro Manifiesto por los tejones"}]},{"@type":"WebSite","@id":"https:\/\/stacatarina.mx\/consejos\/#website","url":"https:\/\/stacatarina.mx\/consejos\/","name":"Santa Catarina","description":"","publisher":{"@id":"https:\/\/stacatarina.mx\/consejos\/#organization"},"potentialAction":[{"@type":"SearchAction","target":{"@type":"EntryPoint","urlTemplate":"https:\/\/stacatarina.mx\/consejos\/?s={search_term_string}"},"query-input":{"@type":"PropertyValueSpecification","valueRequired":true,"valueName":"search_term_string"}}],"inLanguage":"es"},{"@type":"Organization","@id":"https:\/\/stacatarina.mx\/consejos\/#organization","name":"Santa Catarina","url":"https:\/\/stacatarina.mx\/consejos\/","logo":{"@type":"ImageObject","inLanguage":"es","@id":"https:\/\/stacatarina.mx\/consejos\/#\/schema\/logo\/image\/","url":"https:\/\/stacatarina.mx\/consejos\/wp-content\/uploads\/2024\/09\/cropped-favicon-1-1.png","contentUrl":"https:\/\/stacatarina.mx\/consejos\/wp-content\/uploads\/2024\/09\/cropped-favicon-1-1.png","width":512,"height":512,"caption":"Santa Catarina"},"image":{"@id":"https:\/\/stacatarina.mx\/consejos\/#\/schema\/logo\/image\/"},"sameAs":["https:\/\/www.facebook.com\/stacatarinagob\/","https:\/\/x.com\/stacatarinagob","https:\/\/www.instagram.com\/stacatarinagob\/","https:\/\/www.youtube.com\/channel\/UCK-6cQJL_904665N1_nLTWw"]},{"@type":"Person","@id":"https:\/\/stacatarina.mx\/consejos\/#\/schema\/person\/0be60adffa8e4c4d0828fdf021450e8a","name":"Pedro Mart\u00ednez","image":{"@type":"ImageObject","inLanguage":"es","@id":"https:\/\/stacatarina.mx\/consejos\/#\/schema\/person\/image\/","url":"https:\/\/stacatarina.mx\/consejos\/wp-content\/uploads\/2024\/09\/stacatarina.jpg","contentUrl":"https:\/\/stacatarina.mx\/consejos\/wp-content\/uploads\/2024\/09\/stacatarina.jpg","caption":"Pedro Mart\u00ednez"},"description":"Hola, soy Pedro Mart\u00ednez, redactor jefe del sitio oficial del ayuntamiento de Santa Catarina, en M\u00e9xico. Con m\u00e1s de diez a\u00f1os de experiencia en el periodismo local, tengo una pasi\u00f3n por la investigaci\u00f3n y la difusi\u00f3n de informaci\u00f3n que valoriza nuestra hermosa comunidad. Mi compromiso es hacer de Santa Catarina una referencia en materia de transparencia y comunicaci\u00f3n municipal.","sameAs":["https:\/\/stacatarina.mx\/"]}]}},"_links":{"self":[{"href":"https:\/\/stacatarina.mx\/consejos\/wp-json\/wp\/v2\/posts\/1090"}],"collection":[{"href":"https:\/\/stacatarina.mx\/consejos\/wp-json\/wp\/v2\/posts"}],"about":[{"href":"https:\/\/stacatarina.mx\/consejos\/wp-json\/wp\/v2\/types\/post"}],"author":[{"embeddable":true,"href":"https:\/\/stacatarina.mx\/consejos\/wp-json\/wp\/v2\/users\/1"}],"replies":[{"embeddable":true,"href":"https:\/\/stacatarina.mx\/consejos\/wp-json\/wp\/v2\/comments?post=1090"}],"version-history":[{"count":1,"href":"https:\/\/stacatarina.mx\/consejos\/wp-json\/wp\/v2\/posts\/1090\/revisions"}],"predecessor-version":[{"id":1091,"href":"https:\/\/stacatarina.mx\/consejos\/wp-json\/wp\/v2\/posts\/1090\/revisions\/1091"}],"wp:featuredmedia":[{"embeddable":true,"href":"https:\/\/stacatarina.mx\/consejos\/wp-json\/wp\/v2\/media\/248"}],"wp:attachment":[{"href":"https:\/\/stacatarina.mx\/consejos\/wp-json\/wp\/v2\/media?parent=1090"}],"wp:term":[{"taxonomy":"category","embeddable":true,"href":"https:\/\/stacatarina.mx\/consejos\/wp-json\/wp\/v2\/categories?post=1090"},{"taxonomy":"post_tag","embeddable":true,"href":"https:\/\/stacatarina.mx\/consejos\/wp-json\/wp\/v2\/tags?post=1090"}],"curies":[{"name":"wp","href":"https:\/\/api.w.org\/{rel}","templated":true}]}}