{"id":10902,"date":"2026-09-03T02:52:25","date_gmt":"2026-09-03T08:52:25","guid":{"rendered":"https:\/\/stacatarina.mx\/consejos\/europa-tiene-un-nuevo-problema-de-mosquitos-pero-puede-que-no-sea-lo-que-piensas-y-ya-esta-en-italia\/"},"modified":"2026-09-03T02:52:28","modified_gmt":"2026-09-03T08:52:28","slug":"europa-tiene-un-nuevo-problema-de-mosquitos-pero-puede-que-no-sea-lo-que-piensas-y-ya-esta-en-italia","status":"publish","type":"post","link":"https:\/\/stacatarina.mx\/consejos\/europa-tiene-un-nuevo-problema-de-mosquitos-pero-puede-que-no-sea-lo-que-piensas-y-ya-esta-en-italia\/","title":{"rendered":"Europa tiene un nuevo problema de mosquitos, pero puede que no sea lo que piensas (y ya est\u00e1 en Italia)"},"content":{"rendered":"<p><\/p>\n<p>Cuando hablamos de mosquitos invasores y los riesgos que pueden suponer para la salud, nuestro pensamiento se dirige casi autom\u00e1ticamente al mosquito tigre. Pero en Europa hay otra especie que cada vez llama m\u00e1s la atenci\u00f3n de los cient\u00edficos, hablemos de la<em>Aedes koreicus<\/em>tambi\u00e9n conocido como mosquito coreano.<\/p>\n<p>Una revisi\u00f3n cient\u00edfica reciente, publicada en <em>Acta Tr\u00f3pica<\/em>hace un balance de los conocimientos disponibles sobre esta especie, su difusi\u00f3n por el continente y las numerosas cuestiones que a\u00fan quedan abiertas.<\/p>\n<p>Atenci\u00f3n: no estamos ante una nueva emergencia sanitaria pero hay que considerar que el mosquito coreano es una especie invasora a\u00fan poco conocida, que requiere una vigilancia m\u00e1s cuidadosa precisamente porque tiene caracter\u00edsticas diferentes a las de los mosquitos que ahora conocemos bien.<\/p>\n<h2>El mosquito coreano en Italia<\/h2>\n<p>Originario del este de Asia, <em>Aedes koreicus<\/em> Fue identificado por primera vez fuera de su \u00e1rea de distribuci\u00f3n natural en B\u00e9lgica en 2008. Desde entonces, su presencia ha sido documentada en varios pa\u00edses europeos.<\/p>\n<p>En Italia ya se detect\u00f3 en 2011, lo que significa que no se trata en absoluto de una especie que apareci\u00f3 repentinamente en nuestro pa\u00eds. No es casualidad que el pasado mes de febrero Trento acogiera un taller internacional dedicado a esta especie, en el que participaron expertos de seis pa\u00edses europeos.<\/p>\n<p>Una de las caracter\u00edsticas que hace especialmente interesante al Aedes koreicus es su mayor tolerancia a las bajas temperaturas en comparaci\u00f3n con el mosquito tigre (<em>Aedes albopictus<\/em>). Esto podr\u00eda permitirle establecerse m\u00e1s f\u00e1cilmente incluso en zonas monta\u00f1osas, perialpinas y m\u00e1s fr\u00edas, donde otras especies invasoras encuentran mayores dificultades.<\/p>\n<p>Sus huevos tambi\u00e9n est\u00e1n bien equipados para afrontar el invierno. De hecho, pueden superar per\u00edodos de fr\u00edo intenso gracias a un particular mecanismo biol\u00f3gico que favorece su supervivencia.<\/p>\n<p>La consecuencia es que este mosquito puede tener una temporada de actividad m\u00e1s larga, apareciendo antes en primavera y permaneciendo activo durante m\u00e1s tiempo en oto\u00f1o que el mosquito tigre.<\/p>\n<h2>Una presencia dif\u00edcil de reconocer y controlar<\/h2>\n<p>Otro problema tiene que ver con la identificaci\u00f3n. Los huevos de mosquito coreano pueden ser muy dif\u00edciles de distinguir de los de otras especies invasoras mediante sistemas de seguimiento normales. Esto corre el riesgo de complicar la recopilaci\u00f3n de datos fiables sobre su difusi\u00f3n real.<\/p>\n<p>Por ello, los cient\u00edficos est\u00e1n evaluando diferentes herramientas, desde an\u00e1lisis gen\u00e9ticos hasta t\u00e9cnicas m\u00e1s avanzadas basadas en las caracter\u00edsticas f\u00edsicas de los insectos. La ciencia ciudadana, es decir, la contribuci\u00f3n de los ciudadanos a trav\u00e9s de informes y fotograf\u00edas, tambi\u00e9n podr\u00eda ayudar a recopilar informaci\u00f3n, pero a\u00fan no puede sustituir por completo a los m\u00e9todos cient\u00edficos de identificaci\u00f3n.<\/p>\n<h2>\u00bfPuede transmitir virus?<\/h2>\n<p>Este es probablemente el aspecto que mayor curiosidad y preocupaci\u00f3n despierta. En condiciones experimentales, <em>Aedes koreicus<\/em> ha demostrado que puede ser infectado por diversos pat\u00f3genos, incluidos algunos virus como el dengue, chikungunya y Zika. Pero esto no significa autom\u00e1ticamente que represente un nuevo peligro importante para la salud.<\/p>\n<p>Los propios autores de la revisi\u00f3n subrayan que, seg\u00fan los conocimientos actuales, la especie no parece destinada a convertirse en un vector primario de arbovirus (es decir, virus transmitidos por picaduras de insectos) en Europa. Sin embargo, en algunas condiciones ambientales y en presencia de poblaciones muy grandes, podr\u00eda contribuir localmente a la transmisi\u00f3n de algunos pat\u00f3genos.<\/p>\n<p>Es precisamente esta incertidumbre la que hace necesario seguir estudi\u00e1ndolo.<\/p>\n<p>Sin embargo, la rese\u00f1a nos invita a evitar el alarmismo. Aunque la presencia de Aedes koreicus en Europa est\u00e1 documentada desde hace casi veinte a\u00f1os, el conocimiento de su difusi\u00f3n real sigue siendo incompleto. En particular, a\u00fan queda por aclarar la distribuci\u00f3n real de la especie, sus interacciones con otros mosquitos invasores y su posible papel en la transmisi\u00f3n de pat\u00f3genos.<\/p>\n<p>Por ello, los expertos subrayan la importancia de reforzar la vigilancia, especialmente en zonas de monta\u00f1a y en aquellas zonas donde las condiciones clim\u00e1ticas podr\u00edan favorecer su expansi\u00f3n.<\/p>\n<p>Por lo tanto, por el momento, el mosquito coreano debe considerarse sobre todo una posible fuente de molestias para las personas, m\u00e1s que una amenaza para la salud ya establecida. Sin embargo, su capacidad para tolerar temperaturas m\u00e1s bajas y adaptarse a diferentes entornos merece atenci\u00f3n y hace que sea importante seguir su evoluci\u00f3n a lo largo del tiempo.<\/p>\n<p>Si bien el mosquito tigre sigue siendo la especie invasora m\u00e1s conocida y monitoreada, <em>Aedes koreicus<\/em> en definitiva, podr\u00eda convertirse en una presencia cada vez m\u00e1s com\u00fan en Europa, incluso en zonas donde hasta hace unos a\u00f1os el clima parec\u00eda ofrecer a los mosquitos invasores condiciones menos favorables para su propagaci\u00f3n.<\/p>\n","protected":false},"excerpt":{"rendered":"<p>Cuando hablamos de mosquitos invasores y los riesgos que pueden suponer para la salud, nuestro pensamiento se dirige casi autom\u00e1ticamente al mosquito tigre. Pero en<\/p>\n","protected":false},"author":1,"featured_media":10903,"comment_status":"closed","ping_status":"","sticky":false,"template":"","format":"standard","meta":{"footnotes":""},"categories":[762],"tags":[110,1015,1062,422,218,165,2145,302,406,719,944],"class_list":["post-10902","post","type-post","status-publish","format-standard","has-post-thumbnail","hentry","category-salud","tag-esta","tag-europa","tag-italia","tag-mosquitos","tag-nuevo","tag-pero","tag-piensas","tag-problema","tag-puede","tag-sea","tag-tiene","generate-columns","tablet-grid-50","mobile-grid-100","grid-parent","grid-50"],"yoast_head":"<!-- This site is optimized with the Yoast SEO plugin v23.4 - https:\/\/yoast.com\/wordpress\/plugins\/seo\/ -->\n<title>Europa tiene un nuevo problema de mosquitos, pero puede que no sea lo que piensas (y ya est\u00e1 en Italia) - Consejos - Santa Catarina<\/title>\n<meta name=\"robots\" content=\"index, follow, max-snippet:-1, max-image-preview:large, max-video-preview:-1\" \/>\n<link rel=\"canonical\" href=\"https:\/\/stacatarina.mx\/consejos\/europa-tiene-un-nuevo-problema-de-mosquitos-pero-puede-que-no-sea-lo-que-piensas-y-ya-esta-en-italia\/\" \/>\n<meta property=\"og:locale\" content=\"es_MX\" \/>\n<meta property=\"og:type\" content=\"article\" \/>\n<meta property=\"og:title\" content=\"Europa tiene un nuevo problema de mosquitos, pero puede que no sea lo que piensas (y ya est\u00e1 en Italia) - Consejos - Santa Catarina\" \/>\n<meta property=\"og:description\" content=\"Cuando hablamos de mosquitos invasores y los riesgos que pueden suponer para la salud, nuestro pensamiento se dirige casi autom\u00e1ticamente al mosquito tigre. Pero en\" \/>\n<meta property=\"og:url\" content=\"https:\/\/stacatarina.mx\/consejos\/europa-tiene-un-nuevo-problema-de-mosquitos-pero-puede-que-no-sea-lo-que-piensas-y-ya-esta-en-italia\/\" \/>\n<meta property=\"og:site_name\" content=\"Santa Catarina\" \/>\n<meta property=\"article:publisher\" content=\"https:\/\/www.facebook.com\/stacatarinagob\/\" \/>\n<meta property=\"article:published_time\" content=\"2026-09-03T08:52:25+00:00\" \/>\n<meta property=\"article:modified_time\" content=\"2026-09-03T08:52:28+00:00\" \/>\n<meta property=\"og:image\" content=\"https:\/\/stacatarina.mx\/consejos\/wp-content\/uploads\/2026\/09\/Europa-tiene-un-nuevo-problema-de-mosquitos-pero-puede-que.jpg\" \/>\n\t<meta property=\"og:image:width\" content=\"1500\" \/>\n\t<meta property=\"og:image:height\" content=\"1000\" \/>\n\t<meta property=\"og:image:type\" content=\"image\/jpeg\" \/>\n<meta name=\"author\" content=\"Pedro Mart\u00ednez\" \/>\n<meta name=\"twitter:card\" content=\"summary_large_image\" \/>\n<meta name=\"twitter:creator\" content=\"@stacatarinagob\" \/>\n<meta name=\"twitter:site\" content=\"@stacatarinagob\" \/>\n<meta name=\"twitter:label1\" content=\"Escrito por\" \/>\n\t<meta name=\"twitter:data1\" content=\"Pedro Mart\u00ednez\" \/>\n\t<meta name=\"twitter:label2\" content=\"Tiempo de lectura\" \/>\n\t<meta name=\"twitter:data2\" content=\"4 minutos\" \/>\n<script type=\"application\/ld+json\" class=\"yoast-schema-graph\">{\"@context\":\"https:\/\/schema.org\",\"@graph\":[{\"@type\":\"Article\",\"@id\":\"https:\/\/stacatarina.mx\/consejos\/europa-tiene-un-nuevo-problema-de-mosquitos-pero-puede-que-no-sea-lo-que-piensas-y-ya-esta-en-italia\/#article\",\"isPartOf\":{\"@id\":\"https:\/\/stacatarina.mx\/consejos\/europa-tiene-un-nuevo-problema-de-mosquitos-pero-puede-que-no-sea-lo-que-piensas-y-ya-esta-en-italia\/\"},\"author\":{\"name\":\"Pedro Mart\u00ednez\",\"@id\":\"https:\/\/stacatarina.mx\/consejos\/#\/schema\/person\/0be60adffa8e4c4d0828fdf021450e8a\"},\"headline\":\"Europa tiene un nuevo problema de mosquitos, pero puede que no sea lo que piensas (y ya est\u00e1 en Italia)\",\"datePublished\":\"2026-09-03T08:52:25+00:00\",\"dateModified\":\"2026-09-03T08:52:28+00:00\",\"mainEntityOfPage\":{\"@id\":\"https:\/\/stacatarina.mx\/consejos\/europa-tiene-un-nuevo-problema-de-mosquitos-pero-puede-que-no-sea-lo-que-piensas-y-ya-esta-en-italia\/\"},\"wordCount\":851,\"publisher\":{\"@id\":\"https:\/\/stacatarina.mx\/consejos\/#organization\"},\"image\":{\"@id\":\"https:\/\/stacatarina.mx\/consejos\/europa-tiene-un-nuevo-problema-de-mosquitos-pero-puede-que-no-sea-lo-que-piensas-y-ya-esta-en-italia\/#primaryimage\"},\"thumbnailUrl\":\"https:\/\/stacatarina.mx\/consejos\/wp-content\/uploads\/2026\/09\/Europa-tiene-un-nuevo-problema-de-mosquitos-pero-puede-que.jpg\",\"keywords\":[\"esta\",\"Europa\",\"Italia\",\"mosquitos\",\"nuevo\",\"pero\",\"piensas\",\"problema\",\"puede\",\"sea\",\"tiene\"],\"articleSection\":[\"Salud\"],\"inLanguage\":\"es\"},{\"@type\":\"WebPage\",\"@id\":\"https:\/\/stacatarina.mx\/consejos\/europa-tiene-un-nuevo-problema-de-mosquitos-pero-puede-que-no-sea-lo-que-piensas-y-ya-esta-en-italia\/\",\"url\":\"https:\/\/stacatarina.mx\/consejos\/europa-tiene-un-nuevo-problema-de-mosquitos-pero-puede-que-no-sea-lo-que-piensas-y-ya-esta-en-italia\/\",\"name\":\"Europa tiene un nuevo problema de mosquitos, pero puede que no sea lo que piensas (y ya est\u00e1 en Italia) - Consejos - Santa Catarina\",\"isPartOf\":{\"@id\":\"https:\/\/stacatarina.mx\/consejos\/#website\"},\"primaryImageOfPage\":{\"@id\":\"https:\/\/stacatarina.mx\/consejos\/europa-tiene-un-nuevo-problema-de-mosquitos-pero-puede-que-no-sea-lo-que-piensas-y-ya-esta-en-italia\/#primaryimage\"},\"image\":{\"@id\":\"https:\/\/stacatarina.mx\/consejos\/europa-tiene-un-nuevo-problema-de-mosquitos-pero-puede-que-no-sea-lo-que-piensas-y-ya-esta-en-italia\/#primaryimage\"},\"thumbnailUrl\":\"https:\/\/stacatarina.mx\/consejos\/wp-content\/uploads\/2026\/09\/Europa-tiene-un-nuevo-problema-de-mosquitos-pero-puede-que.jpg\",\"datePublished\":\"2026-09-03T08:52:25+00:00\",\"dateModified\":\"2026-09-03T08:52:28+00:00\",\"breadcrumb\":{\"@id\":\"https:\/\/stacatarina.mx\/consejos\/europa-tiene-un-nuevo-problema-de-mosquitos-pero-puede-que-no-sea-lo-que-piensas-y-ya-esta-en-italia\/#breadcrumb\"},\"inLanguage\":\"es\",\"potentialAction\":[{\"@type\":\"ReadAction\",\"target\":[\"https:\/\/stacatarina.mx\/consejos\/europa-tiene-un-nuevo-problema-de-mosquitos-pero-puede-que-no-sea-lo-que-piensas-y-ya-esta-en-italia\/\"]}]},{\"@type\":\"ImageObject\",\"inLanguage\":\"es\",\"@id\":\"https:\/\/stacatarina.mx\/consejos\/europa-tiene-un-nuevo-problema-de-mosquitos-pero-puede-que-no-sea-lo-que-piensas-y-ya-esta-en-italia\/#primaryimage\",\"url\":\"https:\/\/stacatarina.mx\/consejos\/wp-content\/uploads\/2026\/09\/Europa-tiene-un-nuevo-problema-de-mosquitos-pero-puede-que.jpg\",\"contentUrl\":\"https:\/\/stacatarina.mx\/consejos\/wp-content\/uploads\/2026\/09\/Europa-tiene-un-nuevo-problema-de-mosquitos-pero-puede-que.jpg\",\"width\":1500,\"height\":1000,\"caption\":\"zanzara coreana\"},{\"@type\":\"BreadcrumbList\",\"@id\":\"https:\/\/stacatarina.mx\/consejos\/europa-tiene-un-nuevo-problema-de-mosquitos-pero-puede-que-no-sea-lo-que-piensas-y-ya-esta-en-italia\/#breadcrumb\",\"itemListElement\":[{\"@type\":\"ListItem\",\"position\":1,\"name\":\"Inicio\",\"item\":\"https:\/\/stacatarina.mx\/consejos\/\"},{\"@type\":\"ListItem\",\"position\":2,\"name\":\"Europa tiene un nuevo problema de mosquitos, pero puede que no sea lo que piensas (y ya est\u00e1 en Italia)\"}]},{\"@type\":\"WebSite\",\"@id\":\"https:\/\/stacatarina.mx\/consejos\/#website\",\"url\":\"https:\/\/stacatarina.mx\/consejos\/\",\"name\":\"Santa Catarina\",\"description\":\"\",\"publisher\":{\"@id\":\"https:\/\/stacatarina.mx\/consejos\/#organization\"},\"potentialAction\":[{\"@type\":\"SearchAction\",\"target\":{\"@type\":\"EntryPoint\",\"urlTemplate\":\"https:\/\/stacatarina.mx\/consejos\/?s={search_term_string}\"},\"query-input\":{\"@type\":\"PropertyValueSpecification\",\"valueRequired\":true,\"valueName\":\"search_term_string\"}}],\"inLanguage\":\"es\"},{\"@type\":\"Organization\",\"@id\":\"https:\/\/stacatarina.mx\/consejos\/#organization\",\"name\":\"Santa Catarina\",\"url\":\"https:\/\/stacatarina.mx\/consejos\/\",\"logo\":{\"@type\":\"ImageObject\",\"inLanguage\":\"es\",\"@id\":\"https:\/\/stacatarina.mx\/consejos\/#\/schema\/logo\/image\/\",\"url\":\"https:\/\/stacatarina.mx\/consejos\/wp-content\/uploads\/2024\/09\/cropped-favicon-1-1.png\",\"contentUrl\":\"https:\/\/stacatarina.mx\/consejos\/wp-content\/uploads\/2024\/09\/cropped-favicon-1-1.png\",\"width\":512,\"height\":512,\"caption\":\"Santa Catarina\"},\"image\":{\"@id\":\"https:\/\/stacatarina.mx\/consejos\/#\/schema\/logo\/image\/\"},\"sameAs\":[\"https:\/\/www.facebook.com\/stacatarinagob\/\",\"https:\/\/x.com\/stacatarinagob\",\"https:\/\/www.instagram.com\/stacatarinagob\/\",\"https:\/\/www.youtube.com\/channel\/UCK-6cQJL_904665N1_nLTWw\"]},{\"@type\":\"Person\",\"@id\":\"https:\/\/stacatarina.mx\/consejos\/#\/schema\/person\/0be60adffa8e4c4d0828fdf021450e8a\",\"name\":\"Pedro Mart\u00ednez\",\"image\":{\"@type\":\"ImageObject\",\"inLanguage\":\"es\",\"@id\":\"https:\/\/stacatarina.mx\/consejos\/#\/schema\/person\/image\/\",\"url\":\"https:\/\/stacatarina.mx\/consejos\/wp-content\/uploads\/2024\/09\/stacatarina.jpg\",\"contentUrl\":\"https:\/\/stacatarina.mx\/consejos\/wp-content\/uploads\/2024\/09\/stacatarina.jpg\",\"caption\":\"Pedro Mart\u00ednez\"},\"description\":\"Hola, soy Pedro Mart\u00ednez, redactor jefe del sitio oficial del ayuntamiento de Santa Catarina, en M\u00e9xico. Con m\u00e1s de diez a\u00f1os de experiencia en el periodismo local, tengo una pasi\u00f3n por la investigaci\u00f3n y la difusi\u00f3n de informaci\u00f3n que valoriza nuestra hermosa comunidad. Mi compromiso es hacer de Santa Catarina una referencia en materia de transparencia y comunicaci\u00f3n municipal.\",\"sameAs\":[\"https:\/\/stacatarina.mx\/\"]}]}<\/script>\n<!-- \/ Yoast SEO plugin. -->","yoast_head_json":{"title":"Europa tiene un nuevo problema de mosquitos, pero puede que no sea lo que piensas (y ya est\u00e1 en Italia) - Consejos - Santa Catarina","robots":{"index":"index","follow":"follow","max-snippet":"max-snippet:-1","max-image-preview":"max-image-preview:large","max-video-preview":"max-video-preview:-1"},"canonical":"https:\/\/stacatarina.mx\/consejos\/europa-tiene-un-nuevo-problema-de-mosquitos-pero-puede-que-no-sea-lo-que-piensas-y-ya-esta-en-italia\/","og_locale":"es_MX","og_type":"article","og_title":"Europa tiene un nuevo problema de mosquitos, pero puede que no sea lo que piensas (y ya est\u00e1 en Italia) - Consejos - Santa Catarina","og_description":"Cuando hablamos de mosquitos invasores y los riesgos que pueden suponer para la salud, nuestro pensamiento se dirige casi autom\u00e1ticamente al mosquito tigre. Pero en","og_url":"https:\/\/stacatarina.mx\/consejos\/europa-tiene-un-nuevo-problema-de-mosquitos-pero-puede-que-no-sea-lo-que-piensas-y-ya-esta-en-italia\/","og_site_name":"Santa Catarina","article_publisher":"https:\/\/www.facebook.com\/stacatarinagob\/","article_published_time":"2026-09-03T08:52:25+00:00","article_modified_time":"2026-09-03T08:52:28+00:00","og_image":[{"width":1500,"height":1000,"url":"https:\/\/stacatarina.mx\/consejos\/wp-content\/uploads\/2026\/09\/Europa-tiene-un-nuevo-problema-de-mosquitos-pero-puede-que.jpg","type":"image\/jpeg"}],"author":"Pedro Mart\u00ednez","twitter_card":"summary_large_image","twitter_creator":"@stacatarinagob","twitter_site":"@stacatarinagob","twitter_misc":{"Escrito por":"Pedro Mart\u00ednez","Tiempo de lectura":"4 minutos"},"schema":{"@context":"https:\/\/schema.org","@graph":[{"@type":"Article","@id":"https:\/\/stacatarina.mx\/consejos\/europa-tiene-un-nuevo-problema-de-mosquitos-pero-puede-que-no-sea-lo-que-piensas-y-ya-esta-en-italia\/#article","isPartOf":{"@id":"https:\/\/stacatarina.mx\/consejos\/europa-tiene-un-nuevo-problema-de-mosquitos-pero-puede-que-no-sea-lo-que-piensas-y-ya-esta-en-italia\/"},"author":{"name":"Pedro Mart\u00ednez","@id":"https:\/\/stacatarina.mx\/consejos\/#\/schema\/person\/0be60adffa8e4c4d0828fdf021450e8a"},"headline":"Europa tiene un nuevo problema de mosquitos, pero puede que no sea lo que piensas (y ya est\u00e1 en Italia)","datePublished":"2026-09-03T08:52:25+00:00","dateModified":"2026-09-03T08:52:28+00:00","mainEntityOfPage":{"@id":"https:\/\/stacatarina.mx\/consejos\/europa-tiene-un-nuevo-problema-de-mosquitos-pero-puede-que-no-sea-lo-que-piensas-y-ya-esta-en-italia\/"},"wordCount":851,"publisher":{"@id":"https:\/\/stacatarina.mx\/consejos\/#organization"},"image":{"@id":"https:\/\/stacatarina.mx\/consejos\/europa-tiene-un-nuevo-problema-de-mosquitos-pero-puede-que-no-sea-lo-que-piensas-y-ya-esta-en-italia\/#primaryimage"},"thumbnailUrl":"https:\/\/stacatarina.mx\/consejos\/wp-content\/uploads\/2026\/09\/Europa-tiene-un-nuevo-problema-de-mosquitos-pero-puede-que.jpg","keywords":["esta","Europa","Italia","mosquitos","nuevo","pero","piensas","problema","puede","sea","tiene"],"articleSection":["Salud"],"inLanguage":"es"},{"@type":"WebPage","@id":"https:\/\/stacatarina.mx\/consejos\/europa-tiene-un-nuevo-problema-de-mosquitos-pero-puede-que-no-sea-lo-que-piensas-y-ya-esta-en-italia\/","url":"https:\/\/stacatarina.mx\/consejos\/europa-tiene-un-nuevo-problema-de-mosquitos-pero-puede-que-no-sea-lo-que-piensas-y-ya-esta-en-italia\/","name":"Europa tiene un nuevo problema de mosquitos, pero puede que no sea lo que piensas (y ya est\u00e1 en Italia) - Consejos - Santa Catarina","isPartOf":{"@id":"https:\/\/stacatarina.mx\/consejos\/#website"},"primaryImageOfPage":{"@id":"https:\/\/stacatarina.mx\/consejos\/europa-tiene-un-nuevo-problema-de-mosquitos-pero-puede-que-no-sea-lo-que-piensas-y-ya-esta-en-italia\/#primaryimage"},"image":{"@id":"https:\/\/stacatarina.mx\/consejos\/europa-tiene-un-nuevo-problema-de-mosquitos-pero-puede-que-no-sea-lo-que-piensas-y-ya-esta-en-italia\/#primaryimage"},"thumbnailUrl":"https:\/\/stacatarina.mx\/consejos\/wp-content\/uploads\/2026\/09\/Europa-tiene-un-nuevo-problema-de-mosquitos-pero-puede-que.jpg","datePublished":"2026-09-03T08:52:25+00:00","dateModified":"2026-09-03T08:52:28+00:00","breadcrumb":{"@id":"https:\/\/stacatarina.mx\/consejos\/europa-tiene-un-nuevo-problema-de-mosquitos-pero-puede-que-no-sea-lo-que-piensas-y-ya-esta-en-italia\/#breadcrumb"},"inLanguage":"es","potentialAction":[{"@type":"ReadAction","target":["https:\/\/stacatarina.mx\/consejos\/europa-tiene-un-nuevo-problema-de-mosquitos-pero-puede-que-no-sea-lo-que-piensas-y-ya-esta-en-italia\/"]}]},{"@type":"ImageObject","inLanguage":"es","@id":"https:\/\/stacatarina.mx\/consejos\/europa-tiene-un-nuevo-problema-de-mosquitos-pero-puede-que-no-sea-lo-que-piensas-y-ya-esta-en-italia\/#primaryimage","url":"https:\/\/stacatarina.mx\/consejos\/wp-content\/uploads\/2026\/09\/Europa-tiene-un-nuevo-problema-de-mosquitos-pero-puede-que.jpg","contentUrl":"https:\/\/stacatarina.mx\/consejos\/wp-content\/uploads\/2026\/09\/Europa-tiene-un-nuevo-problema-de-mosquitos-pero-puede-que.jpg","width":1500,"height":1000,"caption":"zanzara coreana"},{"@type":"BreadcrumbList","@id":"https:\/\/stacatarina.mx\/consejos\/europa-tiene-un-nuevo-problema-de-mosquitos-pero-puede-que-no-sea-lo-que-piensas-y-ya-esta-en-italia\/#breadcrumb","itemListElement":[{"@type":"ListItem","position":1,"name":"Inicio","item":"https:\/\/stacatarina.mx\/consejos\/"},{"@type":"ListItem","position":2,"name":"Europa tiene un nuevo problema de mosquitos, pero puede que no sea lo que piensas (y ya est\u00e1 en Italia)"}]},{"@type":"WebSite","@id":"https:\/\/stacatarina.mx\/consejos\/#website","url":"https:\/\/stacatarina.mx\/consejos\/","name":"Santa Catarina","description":"","publisher":{"@id":"https:\/\/stacatarina.mx\/consejos\/#organization"},"potentialAction":[{"@type":"SearchAction","target":{"@type":"EntryPoint","urlTemplate":"https:\/\/stacatarina.mx\/consejos\/?s={search_term_string}"},"query-input":{"@type":"PropertyValueSpecification","valueRequired":true,"valueName":"search_term_string"}}],"inLanguage":"es"},{"@type":"Organization","@id":"https:\/\/stacatarina.mx\/consejos\/#organization","name":"Santa Catarina","url":"https:\/\/stacatarina.mx\/consejos\/","logo":{"@type":"ImageObject","inLanguage":"es","@id":"https:\/\/stacatarina.mx\/consejos\/#\/schema\/logo\/image\/","url":"https:\/\/stacatarina.mx\/consejos\/wp-content\/uploads\/2024\/09\/cropped-favicon-1-1.png","contentUrl":"https:\/\/stacatarina.mx\/consejos\/wp-content\/uploads\/2024\/09\/cropped-favicon-1-1.png","width":512,"height":512,"caption":"Santa Catarina"},"image":{"@id":"https:\/\/stacatarina.mx\/consejos\/#\/schema\/logo\/image\/"},"sameAs":["https:\/\/www.facebook.com\/stacatarinagob\/","https:\/\/x.com\/stacatarinagob","https:\/\/www.instagram.com\/stacatarinagob\/","https:\/\/www.youtube.com\/channel\/UCK-6cQJL_904665N1_nLTWw"]},{"@type":"Person","@id":"https:\/\/stacatarina.mx\/consejos\/#\/schema\/person\/0be60adffa8e4c4d0828fdf021450e8a","name":"Pedro Mart\u00ednez","image":{"@type":"ImageObject","inLanguage":"es","@id":"https:\/\/stacatarina.mx\/consejos\/#\/schema\/person\/image\/","url":"https:\/\/stacatarina.mx\/consejos\/wp-content\/uploads\/2024\/09\/stacatarina.jpg","contentUrl":"https:\/\/stacatarina.mx\/consejos\/wp-content\/uploads\/2024\/09\/stacatarina.jpg","caption":"Pedro Mart\u00ednez"},"description":"Hola, soy Pedro Mart\u00ednez, redactor jefe del sitio oficial del ayuntamiento de Santa Catarina, en M\u00e9xico. Con m\u00e1s de diez a\u00f1os de experiencia en el periodismo local, tengo una pasi\u00f3n por la investigaci\u00f3n y la difusi\u00f3n de informaci\u00f3n que valoriza nuestra hermosa comunidad. Mi compromiso es hacer de Santa Catarina una referencia en materia de transparencia y comunicaci\u00f3n municipal.","sameAs":["https:\/\/stacatarina.mx\/"]}]}},"_links":{"self":[{"href":"https:\/\/stacatarina.mx\/consejos\/wp-json\/wp\/v2\/posts\/10902"}],"collection":[{"href":"https:\/\/stacatarina.mx\/consejos\/wp-json\/wp\/v2\/posts"}],"about":[{"href":"https:\/\/stacatarina.mx\/consejos\/wp-json\/wp\/v2\/types\/post"}],"author":[{"embeddable":true,"href":"https:\/\/stacatarina.mx\/consejos\/wp-json\/wp\/v2\/users\/1"}],"replies":[{"embeddable":true,"href":"https:\/\/stacatarina.mx\/consejos\/wp-json\/wp\/v2\/comments?post=10902"}],"version-history":[{"count":1,"href":"https:\/\/stacatarina.mx\/consejos\/wp-json\/wp\/v2\/posts\/10902\/revisions"}],"predecessor-version":[{"id":10904,"href":"https:\/\/stacatarina.mx\/consejos\/wp-json\/wp\/v2\/posts\/10902\/revisions\/10904"}],"wp:featuredmedia":[{"embeddable":true,"href":"https:\/\/stacatarina.mx\/consejos\/wp-json\/wp\/v2\/media\/10903"}],"wp:attachment":[{"href":"https:\/\/stacatarina.mx\/consejos\/wp-json\/wp\/v2\/media?parent=10902"}],"wp:term":[{"taxonomy":"category","embeddable":true,"href":"https:\/\/stacatarina.mx\/consejos\/wp-json\/wp\/v2\/categories?post=10902"},{"taxonomy":"post_tag","embeddable":true,"href":"https:\/\/stacatarina.mx\/consejos\/wp-json\/wp\/v2\/tags?post=10902"}],"curies":[{"name":"wp","href":"https:\/\/api.w.org\/{rel}","templated":true}]}}