{"id":10913,"date":"2026-09-03T17:52:31","date_gmt":"2026-09-03T23:52:31","guid":{"rendered":"https:\/\/stacatarina.mx\/consejos\/parece-una-manzana-pequena-pero-es-una-fruta-casi-desaparecida-el-azzeruolo-la-fruta-olvidada-que-madura-en-septiembre\/"},"modified":"2026-09-03T17:52:37","modified_gmt":"2026-09-03T23:52:37","slug":"parece-una-manzana-pequena-pero-es-una-fruta-casi-desaparecida-el-azzeruolo-la-fruta-olvidada-que-madura-en-septiembre","status":"publish","type":"post","link":"https:\/\/stacatarina.mx\/consejos\/parece-una-manzana-pequena-pero-es-una-fruta-casi-desaparecida-el-azzeruolo-la-fruta-olvidada-que-madura-en-septiembre\/","title":{"rendered":"Parece una manzana peque\u00f1a, pero es una fruta casi desaparecida: el azzeruolo, la fruta olvidada que madura en septiembre"},"content":{"rendered":"<p>Azzeruolo es una fruta que tiene sus ra\u00edces en la antig\u00fcedad, con or\u00edgenes que se pierden en la historia. Esta peque\u00f1a baya, conocida cient\u00edficamente como <em>Crataegus azarolus<\/em>pertenece a la familia de <em>Ros\u00e1ceas<\/em>lo mismo que las manzanas y las peras. Originaria de Asia Menor, la azzeruole se extendi\u00f3 posteriormente por toda la cuenca mediterr\u00e1nea, encontrando un entorno especialmente favorable en Italia. En el pasado, era muy apreciada por su capacidad para crecer en suelos pobres y ofrecer una cosecha abundante. A pesar de la gran difusi\u00f3n experimentada en el pasado, hoy en d\u00eda el azzeruolo es poco conocido y cultivado, cayendo de lleno entre los frutos llamados olvidados.<\/p>\n<h2>Caracter\u00edsticas del azzeroole<\/h2>\n<\/p>\n<p>El azzeruolo parece un fruto peque\u00f1o y redondeado, de tama\u00f1o similar a una cereza, con una piel fina que var\u00eda del amarillo al rojo, seg\u00fan la variedad. La pulpa es tierna y dulce, pero con una ligera acidez que la hace \u00fanica. El sabor recuerda a una combinaci\u00f3n entre manzana y pera, con una nota ligeramente astringente, especialmente cuando la fruta no est\u00e1 completamente madura.<\/p>\n<p>El fruto estuvo muy extendido en siglos pasados, cuando representaba un importante recurso para la alimentaci\u00f3n diaria, tanto fresco como seco o transformado en mermeladas. Su cultivo se vio favorecido por el hecho de que el \u00e1rbol es extremadamente resistente y adaptable a diferentes tipos de suelo y condiciones clim\u00e1ticas, lo que lo hace ideal para zonas rurales menos f\u00e9rtiles.<\/p>\n<h2>\u00bfPor qu\u00e9 el azzeruole cay\u00f3 en desuso?<\/h2>\n<p>Azzeruole est\u00e1 hoy casi olvidado debido a diversos factores vinculados a la evoluci\u00f3n del sector agroalimentario. Con la llegada de la distribuci\u00f3n a gran escala y la estandarizaci\u00f3n de los gustos alimentarios, las frutas m\u00e1s populares se han convertido en aquellas que mejor responden a las necesidades log\u00edsticas, como la resistencia al transporte y la larga vida \u00fatil. La azzeruole, en cambio, es una fruta delicada, que se deteriora r\u00e1pidamente y requiere cierta atenci\u00f3n en la recolecci\u00f3n y el transporte. Adem\u00e1s, el sabor particular, aunque apreciado por muchos, no se adapta a los paladares modernos, a menudo acostumbrados a frutas m\u00e1s dulces y menos astringentes.<\/p>\n<h2><img decoding=\"async\" loading=\"lazy\" class=\"alignnone size-full wp-image-1176477\" src=\"https:\/\/stacatarina.mx\/consejos\/wp-content\/uploads\/2026\/09\/1788479551_363_Parece-una-manzana-pequena-pero-es-una-fruta-casi-desaparecida.jpg\" alt=\"azzeroolo 2\" width=\"1200\" height=\"800\" \/><\/h2>\n<h2>C\u00f3mo probar el azzeruolo<\/h2>\n<p>El azzeruole es una fruta que no se conserva por mucho tiempo, queda perfecta en macedonias de frutas y aporta un toque de sabor nuevo y refrescante a las ensaladas. Para prolongar la vida \u00fatil de los azzeruoli, puedes utilizarlos para preparar confituras o mermeladas, experimentar con un licor o conservarlos en alcohol o grappa.<\/p>\n<p>La mejor forma de apreciar al m\u00e1ximo sus propiedades es consumirla fresca, de esta forma podr\u00e1s aprovechar los beneficios refrescantes, diur\u00e9ticos, hipotensores y cardiot\u00f3nicos de la fruta. Adem\u00e1s, la alta concentraci\u00f3n de provitamina A en la pulpa la convierte en un potente antioxidante.<\/p>\n<h2>\u00bfA qu\u00e9 sabe el azzeruole?<\/h2>\n<p>Describir su sabor no es muy sencillo porque cambia ligeramente de una variedad a otra. En general, la pulpa es dulce y arom\u00e1tica, acompa\u00f1ada de un agradable componente \u00e1cido y, sobre todo en frutos que no est\u00e1n perfectamente maduros, de una nota astringente.<\/p>\n<p>En t\u00e9rminos de consistencia y aroma, puede recordar a una peque\u00f1a manzana silvestre, aunque la azzeruole tiene un perfil muy particular y reconocible.<\/p>\n<p>La variedad y el grado de madurez tienen un impacto significativo en el sabor: los azzeruoli cosechados demasiado pronto pueden ser claramente m\u00e1s \u00e1cidos, mientras que los completamente maduros se vuelven m\u00e1s dulces y fragantes.<\/p>\n<h2>\u00bfQu\u00e9 contiene el azzerole?<\/h2>\n<p>Uno de los aspectos m\u00e1s interesantes del azzeruol se refiere a la presencia de varios compuestos vegetales bioactivos.<\/p>\n<p>Los an\u00e1lisis realizados sobre los frutos de <em>Crataegus azarolus<\/em> Identificaron polifenoles, flavonoides, taninos y varios \u00e1cidos fen\u00f3licos. Los compuestos identificados en algunos estudios incluyen \u00e1cido clorog\u00e9nico, quercetina, rutina e hiper\u00f3sido.<\/p>\n<p>Estas sustancias se estudian sobre todo por su actividad antioxidante, pero es importante distinguir la composici\u00f3n nutricional del fruto de los posibles efectos terap\u00e9uticos. El hecho de que un alimento contenga sustancias antioxidantes no significa, efectivamente, que su consumo pueda curar o prevenir patolog\u00edas espec\u00edficas.<\/p>\n<p>Por tanto, el azzeruolo puede considerarse sobre todo una fruta interesante que debe redescubrirse en el marco de una dieta variada, as\u00ed como un testimonio de la biodiversidad agr\u00edcola mediterr\u00e1nea.<\/p>\n<h2>\u00bfEl espino y el espino son lo mismo?<\/h2>\n<p>Es f\u00e1cil confundir el espino con el espino porque ambos pertenecen al g\u00e9nero <em>Crataegus<\/em> y la familia de las Ros\u00e1ceas.<\/p>\n<p>Sin embargo, no es la misma planta. El azerol es <em>Crataegus azarolus<\/em>mientras que el nombre espino generalmente indica otras especies del mismo g\u00e9nero, como <em>Crataegus monogyna<\/em> Y <em>Crataegus laevigata<\/em>.<\/p>\n<p>Los frutos de la azzeruole tambi\u00e9n son generalmente m\u00e1s grandes que los del espino com\u00fan y han sido seleccionados con el tiempo para el consumo alimentario.<\/p>\n<h2>Una fruta mediterr\u00e1nea mucho m\u00e1s antigua de lo que pensamos<\/h2>\n<p>Azzeruole a menudo se presenta simplemente como una planta originaria de Asia Menor, pero su historia bot\u00e1nica es m\u00e1s compleja.<\/p>\n<p>Seg\u00fan Plants of the World Online en el Real Jard\u00edn Bot\u00e1nico de Kew, la variedad natural de <em>Crataegus azarolus<\/em> se extiende desde el Mediterr\u00e1neo hasta Ir\u00e1n y tambi\u00e9n incluye Italia.<\/p>\n<p>La especie est\u00e1, por tanto, profundamente ligada a los ecosistemas mediterr\u00e1neos y a la cultura agr\u00edcola de esta zona, donde durante siglos se cultiva cerca de las casas, en los huertos familiares y en el campo.<\/p>\n<h2>\u00bfPor qu\u00e9 cultivar un azerol hoy?<\/h2>\n<p>Replantar un azerolet no significa s\u00f3lo poder cosechar un fruto inusual. Recuperar especies y variedades tradicionales tambi\u00e9n permite mantener vivo un patrimonio agr\u00edcola que corre el riesgo de ser sustituido progresivamente por unos pocos cultivares seleccionados para su distribuci\u00f3n a gran escala.<\/p>\n<p>El azzeruolo tambi\u00e9n presenta caracter\u00edsticas interesantes para peque\u00f1os huertos y jardines mediterr\u00e1neos, gracias a su capacidad de adaptarse a condiciones relativamente secas y a suelos no especialmente ricos, siempre que est\u00e9n bien drenados. Su floraci\u00f3n tambi\u00e9n representa un recurso para los insectos polinizadores.<\/p>\n<h2>Consejos para cultivar azzeruole<\/h2>\n<p>Cultivar azzeruolo no es particularmente dif\u00edcil y puede representar una opci\u00f3n interesante para quienes desean redescubrir y valorizar una fruta antigua. El \u00e1rbol azzeruole es muy resistente y puede crecer en casi cualquier tipo de suelo, aunque prefiere suelos bien drenados. No requiere cuidados excesivos, salvo podas peri\u00f3dicas para mantener la planta sana y favorecer una producci\u00f3n abundante.<\/p>\n<p>La planta tolera bien tanto el calor como el fr\u00edo, pero sufre un exceso de humedad, lo que puede favorecer la aparici\u00f3n de enfermedades f\u00fangicas. Es recomendable plantar el azzeroolo en un lugar soleado, ya que la luz directa favorece la maduraci\u00f3n de los frutos y mejora su sabor. La cosecha suele realizarse entre septiembre y octubre, cuando los frutos adquieren un color intenso y se desprenden f\u00e1cilmente del \u00e1rbol.<\/p>\n<p>Hay tres tipos de azzeruole: el azzeruole blanco de Italia, el azzeruole rojo de Italia, el azzeruole amarillo de Canad\u00e1<\/p>\n<h3>Azzeruolo blanco de Italia<\/h3>\n<p>Esta planta de vigor medio, de porte semierecto, produce frutos ligeramente aplanados y de tama\u00f1o moderado respecto a otras variedades (unos 50 gramos por fruto).<\/p>\n<p>La piel externa tiene un tono que var\u00eda del blanco sucio al amarillo p\u00e1lido, pero es la pulpa interna, de un color amarillo cremoso, la que sorprende por su sabor dulce, ligeramente \u00e1cido y rico en aromas.<\/p>\n<p>Es importante tener cuidado al disfrutar del azzeroolo, ya que cada fruta, independientemente de la variedad, contiene hasta 7 semillas muy duras.<\/p>\n<p>Azzeruolo es una elecci\u00f3n perfecta para quienes quieren cultivar una fruta diferente a las habituales, que permita redescubrir un sabor olvidado y contribuir a la protecci\u00f3n de la biodiversidad.<\/p>\n<h3>Rojo Azzeruolo de Italia<\/h3>\n<p>El azzeruolo rojo italiano es un fruto esf\u00e9rico, de piel roja y de un di\u00e1metro que no supera los 3 cm. Su pulpa, de color amarillo verdoso, ofrece un sabor agradable, aunque ligeramente m\u00e1s \u00e1cido que el de las variedades blanca y amarilla.<\/p>\n<p>Este fruto crece en \u00e1rboles de porte extendido, caracterizados por ramas nudosas a menudo cubiertas de espinas, que hacen que la recolecci\u00f3n, realizada estrictamente a mano, sea una operaci\u00f3n bastante exigente.<\/p>\n<h3>Azarola amarilla de Canad\u00e1<\/h3>\n<p>La variedad Amarilla de Canad\u00e1 es un azzeroolo que se caracteriza por una planta bastante esbelta. Sus frutos, de tama\u00f1o peque\u00f1o y forma esf\u00e9rica, son de color amarillo brillante y contienen una pulpa amarillenta de sabor especialmente apreciado. En boca, este azzeruolo destaca por su sabor dulce, con pocas notas \u00e1cidas, a diferencia de las variedades tinta y blanca.<\/p>\n<h2>Cu\u00e1ndo cosechar azzeruoli y c\u00f3mo saber si est\u00e1n maduros<\/h2>\n<p>El final del verano y el comienzo del oto\u00f1o son el mejor momento para redescubrir el azzerooli. En Italia, la maduraci\u00f3n se produce generalmente en el mes de septiembre, aunque el momento exacto puede cambiar ligeramente en funci\u00f3n de la variedad, la exposici\u00f3n y las condiciones clim\u00e1ticas.<\/p>\n<p>El color es una de las pistas m\u00e1s sencillas para saber cu\u00e1ndo cosecharlos: cuando est\u00e1n maduros, los azzeruoli adquieren el tono caracter\u00edstico de la variedad, que puede ser amarillo, blanco amarillento o rojo. La pulpa tambi\u00e9n se vuelve progresivamente m\u00e1s blanda y el sabor pierde parte de su componente astringente.<\/p>\n<p>Las frutas maduras son delicadas y no tienen el mismo poder de conservaci\u00f3n que las manzanas y las peras. Por este motivo tradicionalmente se consum\u00edan poco despu\u00e9s de su recolecci\u00f3n o se transformaban en mermeladas, jaleas, alm\u00edbares y licores.<\/p>\n<h2>\u00bfPuede un solo azerol producir fruto?<\/h2>\n<p>La capacidad de autofecundarse var\u00eda seg\u00fan el cultivar. Algunas azzeruoles pueden ser parcialmente autof\u00e9rtiles, mientras que otras se benefician enormemente de la presencia de otra variedad compatible cercana.<\/p>\n<p>Por lo tanto, cultivar dos cultivares diferentes puede fomentar la polinizaci\u00f3n cruzada y aumentar la cantidad y regularidad de la producci\u00f3n.<\/p>\n<p>Antes de comprar conviene comprobar en el vivero las caracter\u00edsticas espec\u00edficas de la variedad elegida, sobre todo si el objetivo principal es la recolecci\u00f3n de frutos.<\/p>\n","protected":false},"excerpt":{"rendered":"<p>Azzeruolo es una fruta que tiene sus ra\u00edces en la antig\u00fcedad, con or\u00edgenes que se pierden en la historia. Esta peque\u00f1a baya, conocida cient\u00edficamente como<\/p>\n","protected":false},"author":1,"featured_media":10914,"comment_status":"closed","ping_status":"","sticky":false,"template":"","format":"standard","meta":{"footnotes":""},"categories":[762],"tags":[9817,647,9816,1283,9818,949,3525,644,597,165,33,37],"class_list":["post-10913","post","type-post","status-publish","format-standard","has-post-thumbnail","hentry","category-salud","tag-azzeruolo","tag-casi","tag-desaparecida","tag-fruta","tag-madura","tag-manzana","tag-olvidada","tag-parece","tag-pequena","tag-pero","tag-septiembre","tag-una","generate-columns","tablet-grid-50","mobile-grid-100","grid-parent","grid-50"],"yoast_head":"<!-- This site is optimized with the Yoast SEO plugin v23.4 - https:\/\/yoast.com\/wordpress\/plugins\/seo\/ -->\n<title>Parece una manzana peque\u00f1a, pero es una fruta casi desaparecida: el azzeruolo, la fruta olvidada que madura en septiembre - Consejos - Santa Catarina<\/title>\n<meta name=\"robots\" content=\"index, follow, max-snippet:-1, max-image-preview:large, max-video-preview:-1\" \/>\n<link rel=\"canonical\" href=\"https:\/\/stacatarina.mx\/consejos\/parece-una-manzana-pequena-pero-es-una-fruta-casi-desaparecida-el-azzeruolo-la-fruta-olvidada-que-madura-en-septiembre\/\" \/>\n<meta property=\"og:locale\" content=\"es_MX\" \/>\n<meta property=\"og:type\" content=\"article\" \/>\n<meta property=\"og:title\" content=\"Parece una manzana peque\u00f1a, pero es una fruta casi desaparecida: el azzeruolo, la fruta olvidada que madura en septiembre - Consejos - Santa Catarina\" \/>\n<meta property=\"og:description\" content=\"Azzeruolo es una fruta que tiene sus ra\u00edces en la antig\u00fcedad, con or\u00edgenes que se pierden en la historia. Esta peque\u00f1a baya, conocida cient\u00edficamente como\" \/>\n<meta property=\"og:url\" content=\"https:\/\/stacatarina.mx\/consejos\/parece-una-manzana-pequena-pero-es-una-fruta-casi-desaparecida-el-azzeruolo-la-fruta-olvidada-que-madura-en-septiembre\/\" \/>\n<meta property=\"og:site_name\" content=\"Santa Catarina\" \/>\n<meta property=\"article:publisher\" content=\"https:\/\/www.facebook.com\/stacatarinagob\/\" \/>\n<meta property=\"article:published_time\" content=\"2026-09-03T23:52:31+00:00\" \/>\n<meta property=\"article:modified_time\" content=\"2026-09-03T23:52:37+00:00\" \/>\n<meta property=\"og:image\" content=\"https:\/\/stacatarina.mx\/consejos\/wp-content\/uploads\/2026\/09\/1788479555_Parece-una-manzana-pequena-pero-es-una-fruta-casi-desaparecida.jpg\" \/>\n\t<meta property=\"og:image:width\" content=\"1500\" \/>\n\t<meta property=\"og:image:height\" content=\"1000\" \/>\n\t<meta property=\"og:image:type\" content=\"image\/jpeg\" \/>\n<meta name=\"author\" content=\"Pedro Mart\u00ednez\" \/>\n<meta name=\"twitter:card\" content=\"summary_large_image\" \/>\n<meta name=\"twitter:creator\" content=\"@stacatarinagob\" \/>\n<meta name=\"twitter:site\" content=\"@stacatarinagob\" \/>\n<meta name=\"twitter:label1\" content=\"Escrito por\" \/>\n\t<meta name=\"twitter:data1\" content=\"Pedro Mart\u00ednez\" \/>\n\t<meta name=\"twitter:label2\" content=\"Tiempo de lectura\" \/>\n\t<meta name=\"twitter:data2\" content=\"9 minutos\" \/>\n<script type=\"application\/ld+json\" class=\"yoast-schema-graph\">{\"@context\":\"https:\/\/schema.org\",\"@graph\":[{\"@type\":\"Article\",\"@id\":\"https:\/\/stacatarina.mx\/consejos\/parece-una-manzana-pequena-pero-es-una-fruta-casi-desaparecida-el-azzeruolo-la-fruta-olvidada-que-madura-en-septiembre\/#article\",\"isPartOf\":{\"@id\":\"https:\/\/stacatarina.mx\/consejos\/parece-una-manzana-pequena-pero-es-una-fruta-casi-desaparecida-el-azzeruolo-la-fruta-olvidada-que-madura-en-septiembre\/\"},\"author\":{\"name\":\"Pedro Mart\u00ednez\",\"@id\":\"https:\/\/stacatarina.mx\/consejos\/#\/schema\/person\/0be60adffa8e4c4d0828fdf021450e8a\"},\"headline\":\"Parece una manzana peque\u00f1a, pero es una fruta casi desaparecida: el azzeruolo, la fruta olvidada que madura en septiembre\",\"datePublished\":\"2026-09-03T23:52:31+00:00\",\"dateModified\":\"2026-09-03T23:52:37+00:00\",\"mainEntityOfPage\":{\"@id\":\"https:\/\/stacatarina.mx\/consejos\/parece-una-manzana-pequena-pero-es-una-fruta-casi-desaparecida-el-azzeruolo-la-fruta-olvidada-que-madura-en-septiembre\/\"},\"wordCount\":1737,\"publisher\":{\"@id\":\"https:\/\/stacatarina.mx\/consejos\/#organization\"},\"image\":{\"@id\":\"https:\/\/stacatarina.mx\/consejos\/parece-una-manzana-pequena-pero-es-una-fruta-casi-desaparecida-el-azzeruolo-la-fruta-olvidada-que-madura-en-septiembre\/#primaryimage\"},\"thumbnailUrl\":\"https:\/\/stacatarina.mx\/consejos\/wp-content\/uploads\/2026\/09\/1788479555_Parece-una-manzana-pequena-pero-es-una-fruta-casi-desaparecida.jpg\",\"keywords\":[\"azzeruolo\",\"casi\",\"desaparecida\",\"fruta\",\"madura\",\"manzana\",\"olvidada\",\"parece\",\"peque\u00f1a\",\"pero\",\"septiembre\",\"una\"],\"articleSection\":[\"Salud\"],\"inLanguage\":\"es\"},{\"@type\":\"WebPage\",\"@id\":\"https:\/\/stacatarina.mx\/consejos\/parece-una-manzana-pequena-pero-es-una-fruta-casi-desaparecida-el-azzeruolo-la-fruta-olvidada-que-madura-en-septiembre\/\",\"url\":\"https:\/\/stacatarina.mx\/consejos\/parece-una-manzana-pequena-pero-es-una-fruta-casi-desaparecida-el-azzeruolo-la-fruta-olvidada-que-madura-en-septiembre\/\",\"name\":\"Parece una manzana peque\u00f1a, pero es una fruta casi desaparecida: el azzeruolo, la fruta olvidada que madura en septiembre - Consejos - Santa Catarina\",\"isPartOf\":{\"@id\":\"https:\/\/stacatarina.mx\/consejos\/#website\"},\"primaryImageOfPage\":{\"@id\":\"https:\/\/stacatarina.mx\/consejos\/parece-una-manzana-pequena-pero-es-una-fruta-casi-desaparecida-el-azzeruolo-la-fruta-olvidada-que-madura-en-septiembre\/#primaryimage\"},\"image\":{\"@id\":\"https:\/\/stacatarina.mx\/consejos\/parece-una-manzana-pequena-pero-es-una-fruta-casi-desaparecida-el-azzeruolo-la-fruta-olvidada-que-madura-en-septiembre\/#primaryimage\"},\"thumbnailUrl\":\"https:\/\/stacatarina.mx\/consejos\/wp-content\/uploads\/2026\/09\/1788479555_Parece-una-manzana-pequena-pero-es-una-fruta-casi-desaparecida.jpg\",\"datePublished\":\"2026-09-03T23:52:31+00:00\",\"dateModified\":\"2026-09-03T23:52:37+00:00\",\"breadcrumb\":{\"@id\":\"https:\/\/stacatarina.mx\/consejos\/parece-una-manzana-pequena-pero-es-una-fruta-casi-desaparecida-el-azzeruolo-la-fruta-olvidada-que-madura-en-septiembre\/#breadcrumb\"},\"inLanguage\":\"es\",\"potentialAction\":[{\"@type\":\"ReadAction\",\"target\":[\"https:\/\/stacatarina.mx\/consejos\/parece-una-manzana-pequena-pero-es-una-fruta-casi-desaparecida-el-azzeruolo-la-fruta-olvidada-que-madura-en-septiembre\/\"]}]},{\"@type\":\"ImageObject\",\"inLanguage\":\"es\",\"@id\":\"https:\/\/stacatarina.mx\/consejos\/parece-una-manzana-pequena-pero-es-una-fruta-casi-desaparecida-el-azzeruolo-la-fruta-olvidada-que-madura-en-septiembre\/#primaryimage\",\"url\":\"https:\/\/stacatarina.mx\/consejos\/wp-content\/uploads\/2026\/09\/1788479555_Parece-una-manzana-pequena-pero-es-una-fruta-casi-desaparecida.jpg\",\"contentUrl\":\"https:\/\/stacatarina.mx\/consejos\/wp-content\/uploads\/2026\/09\/1788479555_Parece-una-manzana-pequena-pero-es-una-fruta-casi-desaparecida.jpg\",\"width\":1500,\"height\":1000,\"caption\":\"azzeruolo\"},{\"@type\":\"BreadcrumbList\",\"@id\":\"https:\/\/stacatarina.mx\/consejos\/parece-una-manzana-pequena-pero-es-una-fruta-casi-desaparecida-el-azzeruolo-la-fruta-olvidada-que-madura-en-septiembre\/#breadcrumb\",\"itemListElement\":[{\"@type\":\"ListItem\",\"position\":1,\"name\":\"Inicio\",\"item\":\"https:\/\/stacatarina.mx\/consejos\/\"},{\"@type\":\"ListItem\",\"position\":2,\"name\":\"Parece una manzana peque\u00f1a, pero es una fruta casi desaparecida: el azzeruolo, la fruta olvidada que madura en septiembre\"}]},{\"@type\":\"WebSite\",\"@id\":\"https:\/\/stacatarina.mx\/consejos\/#website\",\"url\":\"https:\/\/stacatarina.mx\/consejos\/\",\"name\":\"Santa Catarina\",\"description\":\"\",\"publisher\":{\"@id\":\"https:\/\/stacatarina.mx\/consejos\/#organization\"},\"potentialAction\":[{\"@type\":\"SearchAction\",\"target\":{\"@type\":\"EntryPoint\",\"urlTemplate\":\"https:\/\/stacatarina.mx\/consejos\/?s={search_term_string}\"},\"query-input\":{\"@type\":\"PropertyValueSpecification\",\"valueRequired\":true,\"valueName\":\"search_term_string\"}}],\"inLanguage\":\"es\"},{\"@type\":\"Organization\",\"@id\":\"https:\/\/stacatarina.mx\/consejos\/#organization\",\"name\":\"Santa Catarina\",\"url\":\"https:\/\/stacatarina.mx\/consejos\/\",\"logo\":{\"@type\":\"ImageObject\",\"inLanguage\":\"es\",\"@id\":\"https:\/\/stacatarina.mx\/consejos\/#\/schema\/logo\/image\/\",\"url\":\"https:\/\/stacatarina.mx\/consejos\/wp-content\/uploads\/2024\/09\/cropped-favicon-1-1.png\",\"contentUrl\":\"https:\/\/stacatarina.mx\/consejos\/wp-content\/uploads\/2024\/09\/cropped-favicon-1-1.png\",\"width\":512,\"height\":512,\"caption\":\"Santa Catarina\"},\"image\":{\"@id\":\"https:\/\/stacatarina.mx\/consejos\/#\/schema\/logo\/image\/\"},\"sameAs\":[\"https:\/\/www.facebook.com\/stacatarinagob\/\",\"https:\/\/x.com\/stacatarinagob\",\"https:\/\/www.instagram.com\/stacatarinagob\/\",\"https:\/\/www.youtube.com\/channel\/UCK-6cQJL_904665N1_nLTWw\"]},{\"@type\":\"Person\",\"@id\":\"https:\/\/stacatarina.mx\/consejos\/#\/schema\/person\/0be60adffa8e4c4d0828fdf021450e8a\",\"name\":\"Pedro Mart\u00ednez\",\"image\":{\"@type\":\"ImageObject\",\"inLanguage\":\"es\",\"@id\":\"https:\/\/stacatarina.mx\/consejos\/#\/schema\/person\/image\/\",\"url\":\"https:\/\/stacatarina.mx\/consejos\/wp-content\/uploads\/2024\/09\/stacatarina.jpg\",\"contentUrl\":\"https:\/\/stacatarina.mx\/consejos\/wp-content\/uploads\/2024\/09\/stacatarina.jpg\",\"caption\":\"Pedro Mart\u00ednez\"},\"description\":\"Hola, soy Pedro Mart\u00ednez, redactor jefe del sitio oficial del ayuntamiento de Santa Catarina, en M\u00e9xico. Con m\u00e1s de diez a\u00f1os de experiencia en el periodismo local, tengo una pasi\u00f3n por la investigaci\u00f3n y la difusi\u00f3n de informaci\u00f3n que valoriza nuestra hermosa comunidad. Mi compromiso es hacer de Santa Catarina una referencia en materia de transparencia y comunicaci\u00f3n municipal.\",\"sameAs\":[\"https:\/\/stacatarina.mx\/\"]}]}<\/script>\n<!-- \/ Yoast SEO plugin. -->","yoast_head_json":{"title":"Parece una manzana peque\u00f1a, pero es una fruta casi desaparecida: el azzeruolo, la fruta olvidada que madura en septiembre - Consejos - Santa Catarina","robots":{"index":"index","follow":"follow","max-snippet":"max-snippet:-1","max-image-preview":"max-image-preview:large","max-video-preview":"max-video-preview:-1"},"canonical":"https:\/\/stacatarina.mx\/consejos\/parece-una-manzana-pequena-pero-es-una-fruta-casi-desaparecida-el-azzeruolo-la-fruta-olvidada-que-madura-en-septiembre\/","og_locale":"es_MX","og_type":"article","og_title":"Parece una manzana peque\u00f1a, pero es una fruta casi desaparecida: el azzeruolo, la fruta olvidada que madura en septiembre - Consejos - Santa Catarina","og_description":"Azzeruolo es una fruta que tiene sus ra\u00edces en la antig\u00fcedad, con or\u00edgenes que se pierden en la historia. Esta peque\u00f1a baya, conocida cient\u00edficamente como","og_url":"https:\/\/stacatarina.mx\/consejos\/parece-una-manzana-pequena-pero-es-una-fruta-casi-desaparecida-el-azzeruolo-la-fruta-olvidada-que-madura-en-septiembre\/","og_site_name":"Santa Catarina","article_publisher":"https:\/\/www.facebook.com\/stacatarinagob\/","article_published_time":"2026-09-03T23:52:31+00:00","article_modified_time":"2026-09-03T23:52:37+00:00","og_image":[{"width":1500,"height":1000,"url":"https:\/\/stacatarina.mx\/consejos\/wp-content\/uploads\/2026\/09\/1788479555_Parece-una-manzana-pequena-pero-es-una-fruta-casi-desaparecida.jpg","type":"image\/jpeg"}],"author":"Pedro Mart\u00ednez","twitter_card":"summary_large_image","twitter_creator":"@stacatarinagob","twitter_site":"@stacatarinagob","twitter_misc":{"Escrito por":"Pedro Mart\u00ednez","Tiempo de lectura":"9 minutos"},"schema":{"@context":"https:\/\/schema.org","@graph":[{"@type":"Article","@id":"https:\/\/stacatarina.mx\/consejos\/parece-una-manzana-pequena-pero-es-una-fruta-casi-desaparecida-el-azzeruolo-la-fruta-olvidada-que-madura-en-septiembre\/#article","isPartOf":{"@id":"https:\/\/stacatarina.mx\/consejos\/parece-una-manzana-pequena-pero-es-una-fruta-casi-desaparecida-el-azzeruolo-la-fruta-olvidada-que-madura-en-septiembre\/"},"author":{"name":"Pedro Mart\u00ednez","@id":"https:\/\/stacatarina.mx\/consejos\/#\/schema\/person\/0be60adffa8e4c4d0828fdf021450e8a"},"headline":"Parece una manzana peque\u00f1a, pero es una fruta casi desaparecida: el azzeruolo, la fruta olvidada que madura en septiembre","datePublished":"2026-09-03T23:52:31+00:00","dateModified":"2026-09-03T23:52:37+00:00","mainEntityOfPage":{"@id":"https:\/\/stacatarina.mx\/consejos\/parece-una-manzana-pequena-pero-es-una-fruta-casi-desaparecida-el-azzeruolo-la-fruta-olvidada-que-madura-en-septiembre\/"},"wordCount":1737,"publisher":{"@id":"https:\/\/stacatarina.mx\/consejos\/#organization"},"image":{"@id":"https:\/\/stacatarina.mx\/consejos\/parece-una-manzana-pequena-pero-es-una-fruta-casi-desaparecida-el-azzeruolo-la-fruta-olvidada-que-madura-en-septiembre\/#primaryimage"},"thumbnailUrl":"https:\/\/stacatarina.mx\/consejos\/wp-content\/uploads\/2026\/09\/1788479555_Parece-una-manzana-pequena-pero-es-una-fruta-casi-desaparecida.jpg","keywords":["azzeruolo","casi","desaparecida","fruta","madura","manzana","olvidada","parece","peque\u00f1a","pero","septiembre","una"],"articleSection":["Salud"],"inLanguage":"es"},{"@type":"WebPage","@id":"https:\/\/stacatarina.mx\/consejos\/parece-una-manzana-pequena-pero-es-una-fruta-casi-desaparecida-el-azzeruolo-la-fruta-olvidada-que-madura-en-septiembre\/","url":"https:\/\/stacatarina.mx\/consejos\/parece-una-manzana-pequena-pero-es-una-fruta-casi-desaparecida-el-azzeruolo-la-fruta-olvidada-que-madura-en-septiembre\/","name":"Parece una manzana peque\u00f1a, pero es una fruta casi desaparecida: el azzeruolo, la fruta olvidada que madura en septiembre - Consejos - Santa Catarina","isPartOf":{"@id":"https:\/\/stacatarina.mx\/consejos\/#website"},"primaryImageOfPage":{"@id":"https:\/\/stacatarina.mx\/consejos\/parece-una-manzana-pequena-pero-es-una-fruta-casi-desaparecida-el-azzeruolo-la-fruta-olvidada-que-madura-en-septiembre\/#primaryimage"},"image":{"@id":"https:\/\/stacatarina.mx\/consejos\/parece-una-manzana-pequena-pero-es-una-fruta-casi-desaparecida-el-azzeruolo-la-fruta-olvidada-que-madura-en-septiembre\/#primaryimage"},"thumbnailUrl":"https:\/\/stacatarina.mx\/consejos\/wp-content\/uploads\/2026\/09\/1788479555_Parece-una-manzana-pequena-pero-es-una-fruta-casi-desaparecida.jpg","datePublished":"2026-09-03T23:52:31+00:00","dateModified":"2026-09-03T23:52:37+00:00","breadcrumb":{"@id":"https:\/\/stacatarina.mx\/consejos\/parece-una-manzana-pequena-pero-es-una-fruta-casi-desaparecida-el-azzeruolo-la-fruta-olvidada-que-madura-en-septiembre\/#breadcrumb"},"inLanguage":"es","potentialAction":[{"@type":"ReadAction","target":["https:\/\/stacatarina.mx\/consejos\/parece-una-manzana-pequena-pero-es-una-fruta-casi-desaparecida-el-azzeruolo-la-fruta-olvidada-que-madura-en-septiembre\/"]}]},{"@type":"ImageObject","inLanguage":"es","@id":"https:\/\/stacatarina.mx\/consejos\/parece-una-manzana-pequena-pero-es-una-fruta-casi-desaparecida-el-azzeruolo-la-fruta-olvidada-que-madura-en-septiembre\/#primaryimage","url":"https:\/\/stacatarina.mx\/consejos\/wp-content\/uploads\/2026\/09\/1788479555_Parece-una-manzana-pequena-pero-es-una-fruta-casi-desaparecida.jpg","contentUrl":"https:\/\/stacatarina.mx\/consejos\/wp-content\/uploads\/2026\/09\/1788479555_Parece-una-manzana-pequena-pero-es-una-fruta-casi-desaparecida.jpg","width":1500,"height":1000,"caption":"azzeruolo"},{"@type":"BreadcrumbList","@id":"https:\/\/stacatarina.mx\/consejos\/parece-una-manzana-pequena-pero-es-una-fruta-casi-desaparecida-el-azzeruolo-la-fruta-olvidada-que-madura-en-septiembre\/#breadcrumb","itemListElement":[{"@type":"ListItem","position":1,"name":"Inicio","item":"https:\/\/stacatarina.mx\/consejos\/"},{"@type":"ListItem","position":2,"name":"Parece una manzana peque\u00f1a, pero es una fruta casi desaparecida: el azzeruolo, la fruta olvidada que madura en septiembre"}]},{"@type":"WebSite","@id":"https:\/\/stacatarina.mx\/consejos\/#website","url":"https:\/\/stacatarina.mx\/consejos\/","name":"Santa Catarina","description":"","publisher":{"@id":"https:\/\/stacatarina.mx\/consejos\/#organization"},"potentialAction":[{"@type":"SearchAction","target":{"@type":"EntryPoint","urlTemplate":"https:\/\/stacatarina.mx\/consejos\/?s={search_term_string}"},"query-input":{"@type":"PropertyValueSpecification","valueRequired":true,"valueName":"search_term_string"}}],"inLanguage":"es"},{"@type":"Organization","@id":"https:\/\/stacatarina.mx\/consejos\/#organization","name":"Santa Catarina","url":"https:\/\/stacatarina.mx\/consejos\/","logo":{"@type":"ImageObject","inLanguage":"es","@id":"https:\/\/stacatarina.mx\/consejos\/#\/schema\/logo\/image\/","url":"https:\/\/stacatarina.mx\/consejos\/wp-content\/uploads\/2024\/09\/cropped-favicon-1-1.png","contentUrl":"https:\/\/stacatarina.mx\/consejos\/wp-content\/uploads\/2024\/09\/cropped-favicon-1-1.png","width":512,"height":512,"caption":"Santa Catarina"},"image":{"@id":"https:\/\/stacatarina.mx\/consejos\/#\/schema\/logo\/image\/"},"sameAs":["https:\/\/www.facebook.com\/stacatarinagob\/","https:\/\/x.com\/stacatarinagob","https:\/\/www.instagram.com\/stacatarinagob\/","https:\/\/www.youtube.com\/channel\/UCK-6cQJL_904665N1_nLTWw"]},{"@type":"Person","@id":"https:\/\/stacatarina.mx\/consejos\/#\/schema\/person\/0be60adffa8e4c4d0828fdf021450e8a","name":"Pedro Mart\u00ednez","image":{"@type":"ImageObject","inLanguage":"es","@id":"https:\/\/stacatarina.mx\/consejos\/#\/schema\/person\/image\/","url":"https:\/\/stacatarina.mx\/consejos\/wp-content\/uploads\/2024\/09\/stacatarina.jpg","contentUrl":"https:\/\/stacatarina.mx\/consejos\/wp-content\/uploads\/2024\/09\/stacatarina.jpg","caption":"Pedro Mart\u00ednez"},"description":"Hola, soy Pedro Mart\u00ednez, redactor jefe del sitio oficial del ayuntamiento de Santa Catarina, en M\u00e9xico. Con m\u00e1s de diez a\u00f1os de experiencia en el periodismo local, tengo una pasi\u00f3n por la investigaci\u00f3n y la difusi\u00f3n de informaci\u00f3n que valoriza nuestra hermosa comunidad. Mi compromiso es hacer de Santa Catarina una referencia en materia de transparencia y comunicaci\u00f3n municipal.","sameAs":["https:\/\/stacatarina.mx\/"]}]}},"_links":{"self":[{"href":"https:\/\/stacatarina.mx\/consejos\/wp-json\/wp\/v2\/posts\/10913"}],"collection":[{"href":"https:\/\/stacatarina.mx\/consejos\/wp-json\/wp\/v2\/posts"}],"about":[{"href":"https:\/\/stacatarina.mx\/consejos\/wp-json\/wp\/v2\/types\/post"}],"author":[{"embeddable":true,"href":"https:\/\/stacatarina.mx\/consejos\/wp-json\/wp\/v2\/users\/1"}],"replies":[{"embeddable":true,"href":"https:\/\/stacatarina.mx\/consejos\/wp-json\/wp\/v2\/comments?post=10913"}],"version-history":[{"count":1,"href":"https:\/\/stacatarina.mx\/consejos\/wp-json\/wp\/v2\/posts\/10913\/revisions"}],"predecessor-version":[{"id":10915,"href":"https:\/\/stacatarina.mx\/consejos\/wp-json\/wp\/v2\/posts\/10913\/revisions\/10915"}],"wp:featuredmedia":[{"embeddable":true,"href":"https:\/\/stacatarina.mx\/consejos\/wp-json\/wp\/v2\/media\/10914"}],"wp:attachment":[{"href":"https:\/\/stacatarina.mx\/consejos\/wp-json\/wp\/v2\/media?parent=10913"}],"wp:term":[{"taxonomy":"category","embeddable":true,"href":"https:\/\/stacatarina.mx\/consejos\/wp-json\/wp\/v2\/categories?post=10913"},{"taxonomy":"post_tag","embeddable":true,"href":"https:\/\/stacatarina.mx\/consejos\/wp-json\/wp\/v2\/tags?post=10913"}],"curies":[{"name":"wp","href":"https:\/\/api.w.org\/{rel}","templated":true}]}}