{"id":10916,"date":"2026-09-03T20:52:31","date_gmt":"2026-09-04T02:52:31","guid":{"rendered":"https:\/\/stacatarina.mx\/consejos\/proyecto-para-crear-espacios-salvajes-para-mariposas-y-polillas-en\/"},"modified":"2026-09-03T20:52:33","modified_gmt":"2026-09-04T02:52:33","slug":"proyecto-para-crear-espacios-salvajes-para-mariposas-y-polillas-en","status":"publish","type":"post","link":"https:\/\/stacatarina.mx\/consejos\/proyecto-para-crear-espacios-salvajes-para-mariposas-y-polillas-en\/","title":{"rendered":"Proyecto para crear Espacios Salvajes para mariposas y polillas en&#8230;"},"content":{"rendered":"<div class=\"entry-content\">\n<p class=\"wp-block-paragraph\">M\u00e1s de 1.000 adultos y ni\u00f1os se han involucrado en un plan para crear nuevos espacios salvajes para mariposas, polillas y otros animales salvajes en todo Leeds.<\/p>\n<p class=\"wp-block-paragraph\">Este verano, m\u00e1s de 570 miembros del p\u00fablico, 300 escolares y 30 voluntarios han participado en el proyecto Leeds Wild Spaces.<\/p>\n<p class=\"wp-block-paragraph\">La asociaci\u00f3n entre la organizaci\u00f3n ben\u00e9fica nacional Butterfly Conservation y el Ayuntamiento de Leeds ha creado siete nuevas \u00e1reas de praderas de flores silvestres en parques p\u00fablicos y ha entregado cientos de paquetes para que las personas creen sus propios espacios salvajes en casa.<\/p>\n<p class=\"wp-block-paragraph\">El proyecto ha llegado al final de su ejecuci\u00f3n actual, pero el equipo espera mantener vivo su legado.<\/p>\n<p class=\"wp-block-paragraph\"><strong>Josh Shaw, responsable del proyecto Leeds Wild Spaces de Butterfly Conservation, dijo:<\/strong> <em>&#8220;Ha sido fant\u00e1stico trabajar en el proyecto Leeds Wild Spaces y trabajar con nuestros incre\u00edbles voluntarios. En un corto espacio de tiempo hemos logrado crear algunas praderas encantadoras y ya hemos visto aparecer muchas especies interesantes este verano.<\/em><\/p>\n<p class=\"wp-block-paragraph\"><em>&#8220;El Ayuntamiento de Leeds y los grupos Amigos de los Parques han sido esenciales para ayudar a que el proyecto tuviera \u00e9xito junto con la sucursal de Yorkshire de Butterfly Conservation, as\u00ed que gracias a todos los involucrados. Ha sido encantador interactuar con tanta gente entusiasta en toda la ciudad que quiere ver mariposas y polillas en Leeds en los a\u00f1os venideros&#8221;.<\/em><\/p>\n<p class=\"wp-block-paragraph\">El proyecto Leeds Wild Spaces se lanz\u00f3 en 2024, financiado por el programa de subvenciones clim\u00e1ticas comunitarias de la Autoridad Combinada de West Yorkshire, la sucursal de Yorkshire de Butterfly Conservation, la Fundaci\u00f3n Hiscox y la Fundaci\u00f3n Peter Sowerby.<\/p>\n<p class=\"wp-block-paragraph\">Era parte del programa nacional Espacios Salvajes de Butterfly Conservation, cuyo objetivo es ayudar a las personas a crear lugares para la vida silvestre y conectarse con la naturaleza. El plan tiene como objetivo particular atraer a nuevos p\u00fablicos, como los j\u00f3venes y la gente de pueblos y ciudades.<\/p>\n<p class=\"wp-block-paragraph\">Durante los \u00faltimos 18 meses, el equipo de Leeds cre\u00f3 nuevas \u00e1reas de praderas de flores silvestres en siete espacios verdes propiedad del ayuntamiento: Roundhay Park, Temple Newsam, Woodhouse Moor, Hunslet Moor, Rein Park, Middleton Park y Wortley Recreation Ground.<\/p>\n<p class=\"wp-block-paragraph\">En cada sitio, el terreno tuvo que prepararse retirando las plantas existentes, ya sea con un tractor o a mano, luego esparciendo semillas y plantando semillas de plantas utilizadas por especies nativas de mariposas y polillas.<\/p>\n<p class=\"wp-block-paragraph\"><strong>josh dijo:<\/strong> <em>&#8220;Los miembros y grupos de la comunidad local fueron realmente esenciales en la creaci\u00f3n de nuestras praderas, apoyando la siembra y brindando excelentes conexiones locales. En Hunslet Moor Park, recibimos el apoyo de personas de todas las edades y procedencias que simplemente quer\u00edan ayudar a crear un espacio agradable en su comunidad local&#8221;.<\/em><\/p>\n<p class=\"wp-block-paragraph\">Josh tambi\u00e9n organiz\u00f3 o asisti\u00f3 a m\u00e1s de 30 eventos de participaci\u00f3n, incluidos talleres escolares, clases de capacitaci\u00f3n en identificaci\u00f3n de mariposas y polillas y actividades comunitarias.<\/p>\n<p class=\"wp-block-paragraph\">A lo largo del proyecto, el equipo recibi\u00f3 comentarios entusiastas.<\/p>\n<p class=\"wp-block-paragraph\"><strong>Un participante coment\u00f3:<\/strong> <em>&#8220;Fue una hermosa velada en un hermoso lugar. Josh fue un muy buen comunicador y brind\u00f3 la cantidad justa de informaci\u00f3n con detalles sobre c\u00f3mo acceder a informaci\u00f3n m\u00e1s detallada si as\u00ed lo deseamos. Tambi\u00e9n encontr\u00e9 los folletos muy interesantes y \u00fatiles&#8221;.<\/em><\/p>\n<p class=\"wp-block-paragraph\"><strong>Un maestro de escuela primaria dijo:<\/strong> <em>&#8220;Ayud\u00f3 (a nuestros alumnos) a aprender m\u00e1s profundamente sobre la ciencia y tambi\u00e9n ayud\u00f3 a generar algo de asombro y asombro ante la ciencia. Los ni\u00f1os quedaron entusiasmados despu\u00e9s de sus sesiones&#8221;.<\/em><\/p>\n<p class=\"wp-block-paragraph\">Alrededor del 76% de los participantes dijeron que planeaban asistir a m\u00e1s eventos de conservaci\u00f3n de mariposas o crear un espacio salvaje en casa, y el 85% dijo que quer\u00edan aprender m\u00e1s sobre las mariposas y las polillas.<\/p>\n<p class=\"wp-block-paragraph\">Un total de 36 voluntarios ayudaron con trabajos pr\u00e1cticos e involucraron al p\u00fablico, adquiriendo nuevas habilidades a lo largo del camino.<\/p>\n<p class=\"wp-block-paragraph\">Lo m\u00e1s importante de todo es que el equipo ya ha registrado numerosas mariposas y polillas en los nuevos sitios de pradera, incluidas especies inusuales como la polilla de la cornamenta y la concha amarilla, junto con una amplia gama de otros animales salvajes como saltamontes, escarabajos, p\u00e1jaros y abejas. Ahora esperan con confianza que el n\u00famero de especies aumente cada a\u00f1o a medida que los Espacios Silvestres maduren.<\/p>\n<p class=\"wp-block-paragraph\">Butterfly Conservation tambi\u00e9n ha dise\u00f1ado un plan de gesti\u00f3n a largo plazo para los Espacios Salvajes con el Ayuntamiento de Leeds, garantizando el legado del proyecto.<\/p>\n<p class=\"wp-block-paragraph\"><strong>El concejal James Gibson, miembro ejecutivo de medio ambiente del Ayuntamiento de Leeds, dijo: <\/strong><em>&#8220;La creaci\u00f3n de nuevas \u00e1reas de vida silvestre y biodiversidad es uno de los principios b\u00e1sicos de nuestra Estrategia de Parques y Espacios Verdes. Y estamos encantados de ver el trabajo realizado por Butterfly Conservation, los residentes, los grupos comunitarios, las escuelas y los colegas del consejo en la creaci\u00f3n de los siete nuevos prados de Espacios Silvestres.<\/em><\/p>\n<p class=\"wp-block-paragraph\"><em>&#8220;Nos gustar\u00eda agradecer a todos por su arduo trabajo durante los \u00faltimos 18 meses y esperamos ver c\u00f3mo se desarrollan las praderas y la vida silvestre en el futuro&#8221;.<\/em><\/p>\n<p class=\"wp-block-paragraph\">Cualquier persona interesada en unirse a las actividades futuras de Butterfly Conservation en el \u00e1rea puede obtener m\u00e1s informaci\u00f3n en el sitio web de la sucursal de Yorkshire, yorkshirebutterflies.org.uk.<\/p>\n<p class=\"wp-block-paragraph\">Obtenga m\u00e1s informaci\u00f3n sobre el programa Wild Spaces en wild-spaces.co.uk<\/p>\n<hr class=\"wp-block-separator has-alpha-channel-opacity\">\n<p class=\"wp-block-paragraph\"><em>Cr\u00e9dito de la foto: Plantaci\u00f3n de Woodhouse Moor por Simon Wiffen. <\/em><\/p>\n<p class=\"wp-block-paragraph\">\n<p><!-- Error, Advert is not available at this time due to schedule\/geolocation restrictions! -->\t<\/div>\n","protected":false},"excerpt":{"rendered":"<p>M\u00e1s de 1.000 adultos y ni\u00f1os se han involucrado en un plan para crear nuevos espacios salvajes para mariposas, polillas y otros animales salvajes en<\/p>\n","protected":false},"author":1,"featured_media":10917,"comment_status":"closed","ping_status":"","sticky":false,"template":"","format":"standard","meta":{"footnotes":""},"categories":[68],"tags":[476,7962,7952,615,29,1341,535,515],"class_list":["post-10916","post","type-post","status-publish","format-standard","has-post-thumbnail","hentry","category-fauna-y-flora","tag-crear","tag-en","tag-espacios","tag-mariposas","tag-para","tag-polillas","tag-proyecto","tag-salvajes","generate-columns","tablet-grid-50","mobile-grid-100","grid-parent","grid-50"],"yoast_head":"<!-- This site is optimized with the Yoast SEO plugin v23.4 - https:\/\/yoast.com\/wordpress\/plugins\/seo\/ -->\n<title>Proyecto para crear Espacios Salvajes para mariposas y polillas en... - Consejos - Santa Catarina<\/title>\n<meta name=\"robots\" content=\"index, follow, max-snippet:-1, max-image-preview:large, max-video-preview:-1\" \/>\n<link rel=\"canonical\" href=\"https:\/\/stacatarina.mx\/consejos\/proyecto-para-crear-espacios-salvajes-para-mariposas-y-polillas-en\/\" \/>\n<meta property=\"og:locale\" content=\"es_MX\" \/>\n<meta property=\"og:type\" content=\"article\" \/>\n<meta property=\"og:title\" content=\"Proyecto para crear Espacios Salvajes para mariposas y polillas en... - Consejos - Santa Catarina\" \/>\n<meta property=\"og:description\" content=\"M\u00e1s de 1.000 adultos y ni\u00f1os se han involucrado en un plan para crear nuevos espacios salvajes para mariposas, polillas y otros animales salvajes en\" \/>\n<meta property=\"og:url\" content=\"https:\/\/stacatarina.mx\/consejos\/proyecto-para-crear-espacios-salvajes-para-mariposas-y-polillas-en\/\" \/>\n<meta property=\"og:site_name\" content=\"Santa Catarina\" \/>\n<meta property=\"article:publisher\" content=\"https:\/\/www.facebook.com\/stacatarinagob\/\" \/>\n<meta property=\"article:published_time\" content=\"2026-09-04T02:52:31+00:00\" \/>\n<meta property=\"article:modified_time\" content=\"2026-09-04T02:52:33+00:00\" \/>\n<meta property=\"og:image\" content=\"https:\/\/stacatarina.mx\/consejos\/wp-content\/uploads\/2026\/09\/Proyecto-para-crear-Espacios-Salvajes-para-mariposas-y-polillas-en.jpg\" \/>\n\t<meta property=\"og:image:width\" content=\"900\" \/>\n\t<meta property=\"og:image:height\" content=\"600\" \/>\n\t<meta property=\"og:image:type\" content=\"image\/jpeg\" \/>\n<meta name=\"author\" content=\"Pedro Mart\u00ednez\" \/>\n<meta name=\"twitter:card\" content=\"summary_large_image\" \/>\n<meta name=\"twitter:creator\" content=\"@stacatarinagob\" \/>\n<meta name=\"twitter:site\" content=\"@stacatarinagob\" \/>\n<meta name=\"twitter:label1\" content=\"Escrito por\" \/>\n\t<meta name=\"twitter:data1\" content=\"Pedro Mart\u00ednez\" \/>\n\t<meta name=\"twitter:label2\" content=\"Tiempo de lectura\" \/>\n\t<meta name=\"twitter:data2\" content=\"5 minutos\" \/>\n<script type=\"application\/ld+json\" class=\"yoast-schema-graph\">{\"@context\":\"https:\/\/schema.org\",\"@graph\":[{\"@type\":\"Article\",\"@id\":\"https:\/\/stacatarina.mx\/consejos\/proyecto-para-crear-espacios-salvajes-para-mariposas-y-polillas-en\/#article\",\"isPartOf\":{\"@id\":\"https:\/\/stacatarina.mx\/consejos\/proyecto-para-crear-espacios-salvajes-para-mariposas-y-polillas-en\/\"},\"author\":{\"name\":\"Pedro Mart\u00ednez\",\"@id\":\"https:\/\/stacatarina.mx\/consejos\/#\/schema\/person\/0be60adffa8e4c4d0828fdf021450e8a\"},\"headline\":\"Proyecto para crear Espacios Salvajes para mariposas y polillas en&#8230;\",\"datePublished\":\"2026-09-04T02:52:31+00:00\",\"dateModified\":\"2026-09-04T02:52:33+00:00\",\"mainEntityOfPage\":{\"@id\":\"https:\/\/stacatarina.mx\/consejos\/proyecto-para-crear-espacios-salvajes-para-mariposas-y-polillas-en\/\"},\"wordCount\":926,\"publisher\":{\"@id\":\"https:\/\/stacatarina.mx\/consejos\/#organization\"},\"image\":{\"@id\":\"https:\/\/stacatarina.mx\/consejos\/proyecto-para-crear-espacios-salvajes-para-mariposas-y-polillas-en\/#primaryimage\"},\"thumbnailUrl\":\"https:\/\/stacatarina.mx\/consejos\/wp-content\/uploads\/2026\/09\/Proyecto-para-crear-Espacios-Salvajes-para-mariposas-y-polillas-en.jpg\",\"keywords\":[\"crear\",\"en..\",\"Espacios\",\"mariposas\",\"para\",\"polillas\",\"proyecto\",\"salvajes\"],\"articleSection\":[\"Fauna y Flora\"],\"inLanguage\":\"es\"},{\"@type\":\"WebPage\",\"@id\":\"https:\/\/stacatarina.mx\/consejos\/proyecto-para-crear-espacios-salvajes-para-mariposas-y-polillas-en\/\",\"url\":\"https:\/\/stacatarina.mx\/consejos\/proyecto-para-crear-espacios-salvajes-para-mariposas-y-polillas-en\/\",\"name\":\"Proyecto para crear Espacios Salvajes para mariposas y polillas en... - Consejos - Santa Catarina\",\"isPartOf\":{\"@id\":\"https:\/\/stacatarina.mx\/consejos\/#website\"},\"primaryImageOfPage\":{\"@id\":\"https:\/\/stacatarina.mx\/consejos\/proyecto-para-crear-espacios-salvajes-para-mariposas-y-polillas-en\/#primaryimage\"},\"image\":{\"@id\":\"https:\/\/stacatarina.mx\/consejos\/proyecto-para-crear-espacios-salvajes-para-mariposas-y-polillas-en\/#primaryimage\"},\"thumbnailUrl\":\"https:\/\/stacatarina.mx\/consejos\/wp-content\/uploads\/2026\/09\/Proyecto-para-crear-Espacios-Salvajes-para-mariposas-y-polillas-en.jpg\",\"datePublished\":\"2026-09-04T02:52:31+00:00\",\"dateModified\":\"2026-09-04T02:52:33+00:00\",\"breadcrumb\":{\"@id\":\"https:\/\/stacatarina.mx\/consejos\/proyecto-para-crear-espacios-salvajes-para-mariposas-y-polillas-en\/#breadcrumb\"},\"inLanguage\":\"es\",\"potentialAction\":[{\"@type\":\"ReadAction\",\"target\":[\"https:\/\/stacatarina.mx\/consejos\/proyecto-para-crear-espacios-salvajes-para-mariposas-y-polillas-en\/\"]}]},{\"@type\":\"ImageObject\",\"inLanguage\":\"es\",\"@id\":\"https:\/\/stacatarina.mx\/consejos\/proyecto-para-crear-espacios-salvajes-para-mariposas-y-polillas-en\/#primaryimage\",\"url\":\"https:\/\/stacatarina.mx\/consejos\/wp-content\/uploads\/2026\/09\/Proyecto-para-crear-Espacios-Salvajes-para-mariposas-y-polillas-en.jpg\",\"contentUrl\":\"https:\/\/stacatarina.mx\/consejos\/wp-content\/uploads\/2026\/09\/Proyecto-para-crear-Espacios-Salvajes-para-mariposas-y-polillas-en.jpg\",\"width\":900,\"height\":600,\"caption\":\"Project to create Wild Spaces for butterflies and moths across Leeds\"},{\"@type\":\"BreadcrumbList\",\"@id\":\"https:\/\/stacatarina.mx\/consejos\/proyecto-para-crear-espacios-salvajes-para-mariposas-y-polillas-en\/#breadcrumb\",\"itemListElement\":[{\"@type\":\"ListItem\",\"position\":1,\"name\":\"Inicio\",\"item\":\"https:\/\/stacatarina.mx\/consejos\/\"},{\"@type\":\"ListItem\",\"position\":2,\"name\":\"Proyecto para crear Espacios Salvajes para mariposas y polillas en&#8230;\"}]},{\"@type\":\"WebSite\",\"@id\":\"https:\/\/stacatarina.mx\/consejos\/#website\",\"url\":\"https:\/\/stacatarina.mx\/consejos\/\",\"name\":\"Santa Catarina\",\"description\":\"\",\"publisher\":{\"@id\":\"https:\/\/stacatarina.mx\/consejos\/#organization\"},\"potentialAction\":[{\"@type\":\"SearchAction\",\"target\":{\"@type\":\"EntryPoint\",\"urlTemplate\":\"https:\/\/stacatarina.mx\/consejos\/?s={search_term_string}\"},\"query-input\":{\"@type\":\"PropertyValueSpecification\",\"valueRequired\":true,\"valueName\":\"search_term_string\"}}],\"inLanguage\":\"es\"},{\"@type\":\"Organization\",\"@id\":\"https:\/\/stacatarina.mx\/consejos\/#organization\",\"name\":\"Santa Catarina\",\"url\":\"https:\/\/stacatarina.mx\/consejos\/\",\"logo\":{\"@type\":\"ImageObject\",\"inLanguage\":\"es\",\"@id\":\"https:\/\/stacatarina.mx\/consejos\/#\/schema\/logo\/image\/\",\"url\":\"https:\/\/stacatarina.mx\/consejos\/wp-content\/uploads\/2024\/09\/cropped-favicon-1-1.png\",\"contentUrl\":\"https:\/\/stacatarina.mx\/consejos\/wp-content\/uploads\/2024\/09\/cropped-favicon-1-1.png\",\"width\":512,\"height\":512,\"caption\":\"Santa Catarina\"},\"image\":{\"@id\":\"https:\/\/stacatarina.mx\/consejos\/#\/schema\/logo\/image\/\"},\"sameAs\":[\"https:\/\/www.facebook.com\/stacatarinagob\/\",\"https:\/\/x.com\/stacatarinagob\",\"https:\/\/www.instagram.com\/stacatarinagob\/\",\"https:\/\/www.youtube.com\/channel\/UCK-6cQJL_904665N1_nLTWw\"]},{\"@type\":\"Person\",\"@id\":\"https:\/\/stacatarina.mx\/consejos\/#\/schema\/person\/0be60adffa8e4c4d0828fdf021450e8a\",\"name\":\"Pedro Mart\u00ednez\",\"image\":{\"@type\":\"ImageObject\",\"inLanguage\":\"es\",\"@id\":\"https:\/\/stacatarina.mx\/consejos\/#\/schema\/person\/image\/\",\"url\":\"https:\/\/stacatarina.mx\/consejos\/wp-content\/uploads\/2024\/09\/stacatarina.jpg\",\"contentUrl\":\"https:\/\/stacatarina.mx\/consejos\/wp-content\/uploads\/2024\/09\/stacatarina.jpg\",\"caption\":\"Pedro Mart\u00ednez\"},\"description\":\"Hola, soy Pedro Mart\u00ednez, redactor jefe del sitio oficial del ayuntamiento de Santa Catarina, en M\u00e9xico. Con m\u00e1s de diez a\u00f1os de experiencia en el periodismo local, tengo una pasi\u00f3n por la investigaci\u00f3n y la difusi\u00f3n de informaci\u00f3n que valoriza nuestra hermosa comunidad. Mi compromiso es hacer de Santa Catarina una referencia en materia de transparencia y comunicaci\u00f3n municipal.\",\"sameAs\":[\"https:\/\/stacatarina.mx\/\"]}]}<\/script>\n<!-- \/ Yoast SEO plugin. -->","yoast_head_json":{"title":"Proyecto para crear Espacios Salvajes para mariposas y polillas en... - Consejos - Santa Catarina","robots":{"index":"index","follow":"follow","max-snippet":"max-snippet:-1","max-image-preview":"max-image-preview:large","max-video-preview":"max-video-preview:-1"},"canonical":"https:\/\/stacatarina.mx\/consejos\/proyecto-para-crear-espacios-salvajes-para-mariposas-y-polillas-en\/","og_locale":"es_MX","og_type":"article","og_title":"Proyecto para crear Espacios Salvajes para mariposas y polillas en... - Consejos - Santa Catarina","og_description":"M\u00e1s de 1.000 adultos y ni\u00f1os se han involucrado en un plan para crear nuevos espacios salvajes para mariposas, polillas y otros animales salvajes en","og_url":"https:\/\/stacatarina.mx\/consejos\/proyecto-para-crear-espacios-salvajes-para-mariposas-y-polillas-en\/","og_site_name":"Santa Catarina","article_publisher":"https:\/\/www.facebook.com\/stacatarinagob\/","article_published_time":"2026-09-04T02:52:31+00:00","article_modified_time":"2026-09-04T02:52:33+00:00","og_image":[{"width":900,"height":600,"url":"https:\/\/stacatarina.mx\/consejos\/wp-content\/uploads\/2026\/09\/Proyecto-para-crear-Espacios-Salvajes-para-mariposas-y-polillas-en.jpg","type":"image\/jpeg"}],"author":"Pedro Mart\u00ednez","twitter_card":"summary_large_image","twitter_creator":"@stacatarinagob","twitter_site":"@stacatarinagob","twitter_misc":{"Escrito por":"Pedro Mart\u00ednez","Tiempo de lectura":"5 minutos"},"schema":{"@context":"https:\/\/schema.org","@graph":[{"@type":"Article","@id":"https:\/\/stacatarina.mx\/consejos\/proyecto-para-crear-espacios-salvajes-para-mariposas-y-polillas-en\/#article","isPartOf":{"@id":"https:\/\/stacatarina.mx\/consejos\/proyecto-para-crear-espacios-salvajes-para-mariposas-y-polillas-en\/"},"author":{"name":"Pedro Mart\u00ednez","@id":"https:\/\/stacatarina.mx\/consejos\/#\/schema\/person\/0be60adffa8e4c4d0828fdf021450e8a"},"headline":"Proyecto para crear Espacios Salvajes para mariposas y polillas en&#8230;","datePublished":"2026-09-04T02:52:31+00:00","dateModified":"2026-09-04T02:52:33+00:00","mainEntityOfPage":{"@id":"https:\/\/stacatarina.mx\/consejos\/proyecto-para-crear-espacios-salvajes-para-mariposas-y-polillas-en\/"},"wordCount":926,"publisher":{"@id":"https:\/\/stacatarina.mx\/consejos\/#organization"},"image":{"@id":"https:\/\/stacatarina.mx\/consejos\/proyecto-para-crear-espacios-salvajes-para-mariposas-y-polillas-en\/#primaryimage"},"thumbnailUrl":"https:\/\/stacatarina.mx\/consejos\/wp-content\/uploads\/2026\/09\/Proyecto-para-crear-Espacios-Salvajes-para-mariposas-y-polillas-en.jpg","keywords":["crear","en..","Espacios","mariposas","para","polillas","proyecto","salvajes"],"articleSection":["Fauna y Flora"],"inLanguage":"es"},{"@type":"WebPage","@id":"https:\/\/stacatarina.mx\/consejos\/proyecto-para-crear-espacios-salvajes-para-mariposas-y-polillas-en\/","url":"https:\/\/stacatarina.mx\/consejos\/proyecto-para-crear-espacios-salvajes-para-mariposas-y-polillas-en\/","name":"Proyecto para crear Espacios Salvajes para mariposas y polillas en... - Consejos - Santa Catarina","isPartOf":{"@id":"https:\/\/stacatarina.mx\/consejos\/#website"},"primaryImageOfPage":{"@id":"https:\/\/stacatarina.mx\/consejos\/proyecto-para-crear-espacios-salvajes-para-mariposas-y-polillas-en\/#primaryimage"},"image":{"@id":"https:\/\/stacatarina.mx\/consejos\/proyecto-para-crear-espacios-salvajes-para-mariposas-y-polillas-en\/#primaryimage"},"thumbnailUrl":"https:\/\/stacatarina.mx\/consejos\/wp-content\/uploads\/2026\/09\/Proyecto-para-crear-Espacios-Salvajes-para-mariposas-y-polillas-en.jpg","datePublished":"2026-09-04T02:52:31+00:00","dateModified":"2026-09-04T02:52:33+00:00","breadcrumb":{"@id":"https:\/\/stacatarina.mx\/consejos\/proyecto-para-crear-espacios-salvajes-para-mariposas-y-polillas-en\/#breadcrumb"},"inLanguage":"es","potentialAction":[{"@type":"ReadAction","target":["https:\/\/stacatarina.mx\/consejos\/proyecto-para-crear-espacios-salvajes-para-mariposas-y-polillas-en\/"]}]},{"@type":"ImageObject","inLanguage":"es","@id":"https:\/\/stacatarina.mx\/consejos\/proyecto-para-crear-espacios-salvajes-para-mariposas-y-polillas-en\/#primaryimage","url":"https:\/\/stacatarina.mx\/consejos\/wp-content\/uploads\/2026\/09\/Proyecto-para-crear-Espacios-Salvajes-para-mariposas-y-polillas-en.jpg","contentUrl":"https:\/\/stacatarina.mx\/consejos\/wp-content\/uploads\/2026\/09\/Proyecto-para-crear-Espacios-Salvajes-para-mariposas-y-polillas-en.jpg","width":900,"height":600,"caption":"Project to create Wild Spaces for butterflies and moths across Leeds"},{"@type":"BreadcrumbList","@id":"https:\/\/stacatarina.mx\/consejos\/proyecto-para-crear-espacios-salvajes-para-mariposas-y-polillas-en\/#breadcrumb","itemListElement":[{"@type":"ListItem","position":1,"name":"Inicio","item":"https:\/\/stacatarina.mx\/consejos\/"},{"@type":"ListItem","position":2,"name":"Proyecto para crear Espacios Salvajes para mariposas y polillas en&#8230;"}]},{"@type":"WebSite","@id":"https:\/\/stacatarina.mx\/consejos\/#website","url":"https:\/\/stacatarina.mx\/consejos\/","name":"Santa Catarina","description":"","publisher":{"@id":"https:\/\/stacatarina.mx\/consejos\/#organization"},"potentialAction":[{"@type":"SearchAction","target":{"@type":"EntryPoint","urlTemplate":"https:\/\/stacatarina.mx\/consejos\/?s={search_term_string}"},"query-input":{"@type":"PropertyValueSpecification","valueRequired":true,"valueName":"search_term_string"}}],"inLanguage":"es"},{"@type":"Organization","@id":"https:\/\/stacatarina.mx\/consejos\/#organization","name":"Santa Catarina","url":"https:\/\/stacatarina.mx\/consejos\/","logo":{"@type":"ImageObject","inLanguage":"es","@id":"https:\/\/stacatarina.mx\/consejos\/#\/schema\/logo\/image\/","url":"https:\/\/stacatarina.mx\/consejos\/wp-content\/uploads\/2024\/09\/cropped-favicon-1-1.png","contentUrl":"https:\/\/stacatarina.mx\/consejos\/wp-content\/uploads\/2024\/09\/cropped-favicon-1-1.png","width":512,"height":512,"caption":"Santa Catarina"},"image":{"@id":"https:\/\/stacatarina.mx\/consejos\/#\/schema\/logo\/image\/"},"sameAs":["https:\/\/www.facebook.com\/stacatarinagob\/","https:\/\/x.com\/stacatarinagob","https:\/\/www.instagram.com\/stacatarinagob\/","https:\/\/www.youtube.com\/channel\/UCK-6cQJL_904665N1_nLTWw"]},{"@type":"Person","@id":"https:\/\/stacatarina.mx\/consejos\/#\/schema\/person\/0be60adffa8e4c4d0828fdf021450e8a","name":"Pedro Mart\u00ednez","image":{"@type":"ImageObject","inLanguage":"es","@id":"https:\/\/stacatarina.mx\/consejos\/#\/schema\/person\/image\/","url":"https:\/\/stacatarina.mx\/consejos\/wp-content\/uploads\/2024\/09\/stacatarina.jpg","contentUrl":"https:\/\/stacatarina.mx\/consejos\/wp-content\/uploads\/2024\/09\/stacatarina.jpg","caption":"Pedro Mart\u00ednez"},"description":"Hola, soy Pedro Mart\u00ednez, redactor jefe del sitio oficial del ayuntamiento de Santa Catarina, en M\u00e9xico. Con m\u00e1s de diez a\u00f1os de experiencia en el periodismo local, tengo una pasi\u00f3n por la investigaci\u00f3n y la difusi\u00f3n de informaci\u00f3n que valoriza nuestra hermosa comunidad. Mi compromiso es hacer de Santa Catarina una referencia en materia de transparencia y comunicaci\u00f3n municipal.","sameAs":["https:\/\/stacatarina.mx\/"]}]}},"_links":{"self":[{"href":"https:\/\/stacatarina.mx\/consejos\/wp-json\/wp\/v2\/posts\/10916"}],"collection":[{"href":"https:\/\/stacatarina.mx\/consejos\/wp-json\/wp\/v2\/posts"}],"about":[{"href":"https:\/\/stacatarina.mx\/consejos\/wp-json\/wp\/v2\/types\/post"}],"author":[{"embeddable":true,"href":"https:\/\/stacatarina.mx\/consejos\/wp-json\/wp\/v2\/users\/1"}],"replies":[{"embeddable":true,"href":"https:\/\/stacatarina.mx\/consejos\/wp-json\/wp\/v2\/comments?post=10916"}],"version-history":[{"count":1,"href":"https:\/\/stacatarina.mx\/consejos\/wp-json\/wp\/v2\/posts\/10916\/revisions"}],"predecessor-version":[{"id":10918,"href":"https:\/\/stacatarina.mx\/consejos\/wp-json\/wp\/v2\/posts\/10916\/revisions\/10918"}],"wp:featuredmedia":[{"embeddable":true,"href":"https:\/\/stacatarina.mx\/consejos\/wp-json\/wp\/v2\/media\/10917"}],"wp:attachment":[{"href":"https:\/\/stacatarina.mx\/consejos\/wp-json\/wp\/v2\/media?parent=10916"}],"wp:term":[{"taxonomy":"category","embeddable":true,"href":"https:\/\/stacatarina.mx\/consejos\/wp-json\/wp\/v2\/categories?post=10916"},{"taxonomy":"post_tag","embeddable":true,"href":"https:\/\/stacatarina.mx\/consejos\/wp-json\/wp\/v2\/tags?post=10916"}],"curies":[{"name":"wp","href":"https:\/\/api.w.org\/{rel}","templated":true}]}}