{"id":10922,"date":"2026-09-04T03:52:44","date_gmt":"2026-09-04T09:52:44","guid":{"rendered":"https:\/\/stacatarina.mx\/consejos\/italia-batiendo-records-en-los-juegos-mediterraneos-de-2026-aparte-de-los-deportes-menores-224-medallas-y-primer-puesto-en-la-general\/"},"modified":"2026-09-04T03:52:47","modified_gmt":"2026-09-04T09:52:47","slug":"italia-batiendo-records-en-los-juegos-mediterraneos-de-2026-aparte-de-los-deportes-menores-224-medallas-y-primer-puesto-en-la-general","status":"publish","type":"post","link":"https:\/\/stacatarina.mx\/consejos\/italia-batiendo-records-en-los-juegos-mediterraneos-de-2026-aparte-de-los-deportes-menores-224-medallas-y-primer-puesto-en-la-general\/","title":{"rendered":"\u00a1Italia batiendo r\u00e9cords en los Juegos Mediterr\u00e1neos de 2026! Aparte de los deportes &#8220;menores&#8221;: 224 medallas y primer puesto en la general"},"content":{"rendered":"<p><\/p>\n<p>La vig\u00e9sima edici\u00f3n de los Juegos Mediterr\u00e1neos, celebrada en el espl\u00e9ndido escenario de Apulia, Taranto, finaliza con una haza\u00f1a sin precedentes para la expedici\u00f3n italiana. Por primera vez en la historia de las pruebas multidisciplinares, la delegaci\u00f3n italiana super\u00f3 el umbral simb\u00f3lico de los 200 podios, rompiendo el r\u00e9cord anterior de Bari 1997 (193 medallas).<\/p>\n<p>Bajo la direcci\u00f3n organizativa del secretario general del CONI, Carlo Mornati, los atletas italianos consiguieron un r\u00e9cord de 224 medallas en total, divididas en 74 de oro, 78 de plata y 72 de bronce. Un resultado extraordinario que garantiz\u00f3 la victoria en el medallero por sexta vez consecutiva, separando claramente a Turqu\u00eda, que se mantuvo en el segundo lugar con 111 laureles totales, Grecia con 71 y Francia que qued\u00f3 en cuarto lugar.<\/p>\n<div class=\"responsive-container\">\n<blockquote class=\"instagram-media\" data-instgrm-captioned data-instgrm-permalink=\"https:\/\/www.instagram.com\/p\/Dc1Hwsakala\/?utm_source=ig_embed&amp;utm_campaign=loading\" data-instgrm-version=\"14\" style=\"background:#FFF;border:0;border-radius:3px;margin: 1px;max-width:500px;min-width:326px;padding:0;width:99.375%;width:-webkit-calc(100% - 2px);width:calc(100% - 2px)\">\n<div style=\"padding:16px\">\n<div style=\"flex-direction: row;align-items: center\">\n<div style=\"background-color: #F4F4F4;border-radius: 50%;flex-grow: 0;height: 40px;margin-right: 14px;width: 40px\"><\/div>\n<div style=\"flex-direction: column;flex-grow: 1;justify-content: center\">\n<div style=\"background-color: #F4F4F4;border-radius: 4px;flex-grow: 0;height: 14px;margin-bottom: 6px;width: 100px\"><\/div>\n<div style=\"background-color: #F4F4F4;border-radius: 4px;flex-grow: 0;height: 14px;width: 60px\"><\/div>\n<\/div>\n<\/div>\n<div style=\"padding: 19% 0\"><\/div>\n<div style=\"height:50px;margin:0 auto 12px;width:50px\"><\/div>\n<div style=\"padding-top: 8px\">\n<div style=\"color:#3897f0;font-family:Arial,sans-serif;font-size:14px;font-style:normal;font-weight:550;line-height:18px\">Ver esta publicaci\u00f3n en Instagram<\/div>\n<\/div>\n<div style=\"padding: 12.5% 0\"><\/div>\n<div style=\"flex-direction: row;margin-bottom: 14px;align-items: center\">\n<div>\n<div style=\"background-color: #F4F4F4;border-radius: 50%;height: 12.5px;width: 12.5px\"><\/div>\n<div style=\"background-color: #F4F4F4;height: 12.5px;width: 12.5px;flex-grow: 0;margin-right: 14px;margin-left: 2px\"><\/div>\n<div style=\"background-color: #F4F4F4;border-radius: 50%;height: 12.5px;width: 12.5px\"><\/div>\n<\/div>\n<div style=\"margin-left: 8px\">\n<div style=\"background-color: #F4F4F4;border-radius: 50%;flex-grow: 0;height: 20px;width: 20px\"><\/div>\n<div style=\"width: 0;height: 0;border-top: 2px solid transparent;border-left: 6px solid #f4f4f4;border-bottom: 2px solid transparent\"><\/div>\n<\/div>\n<div style=\"margin-left: auto\">\n<div style=\"width: 0px;border-top: 8px solid #F4F4F4;border-right: 8px solid transparent\"><\/div>\n<div style=\"background-color: #F4F4F4;flex-grow: 0;height: 12px;width: 16px\"><\/div>\n<div style=\"width: 0;height: 0;border-top: 8px solid #F4F4F4;border-left: 8px solid transparent\"><\/div>\n<\/div>\n<\/div>\n<div style=\"flex-direction: column;flex-grow: 1;justify-content: center;margin-bottom: 24px\">\n<div style=\"background-color: #F4F4F4;border-radius: 4px;flex-grow: 0;height: 14px;margin-bottom: 6px;width: 224px\"><\/div>\n<div style=\"background-color: #F4F4F4;border-radius: 4px;flex-grow: 0;height: 14px;width: 144px\"><\/div>\n<\/div>\n<\/div>\n<\/blockquote>\n<\/div>\n<h2>Las haza\u00f1as de nuestros Azzurri<\/h2>\n<p>En el viaje triunfal participaron 497 atletas italianos encabezados por los abanderados Gianmarco Tamberi y Filippo Tortu durante la ceremonia de apertura. Lo que llev\u00f3 a Italia a lo m\u00e1s alto del medallero fue un equipo extraordinario, capaz de dominar en la piscina, en la pista y en las plataformas. La nataci\u00f3n se confirm\u00f3 como el verdadero motor de la expedici\u00f3n: <b data-path-to-node=\"1\" data-index-in-node=\"225\">Alberto Razzetti<\/b> Y <b data-path-to-node=\"1\" data-index-in-node=\"244\">Viola Magoga<\/b> eran los reyes indiscutibles del estanque con tres oros cada uno, flanqueados por los dobles dorados de <b data-path-to-node=\"1\" data-index-in-node=\"361\">Lisa Angiolini<\/b>, <b data-path-to-node=\"1\" data-index-in-node=\"377\">Noem\u00ed Cesarano<\/b> Y <b data-path-to-node=\"1\" data-index-in-node=\"394\">Gabriele Mancini<\/b>. En gimnasia art\u00edstica explot\u00f3 la estrella de la peque\u00f1\u00edsima <b data-path-to-node=\"1\" data-index-in-node=\"478\">Benedetta Gav\u00e1<\/b>bailarina absoluta con tres primeros lugares en salto, ejercicio de suelo y competici\u00f3n por equipos.<\/p>\n<p data-path-to-node=\"2\">El atletismo depar\u00f3 un torrente de emociones, coronado por el triunfo de <b data-path-to-node=\"2\" data-index-in-node=\"75\">Gianmarco Tamberi<\/b> en el salto de altura, de los golpes de <b data-path-to-node=\"2\" data-index-in-node=\"130\">Nicol\u00e1s Poncio<\/b> en peso y de <b data-path-to-node=\"2\" data-index-in-node=\"160\">Sara Fantini<\/b> en el martillo, adem\u00e1s de victorias en los 400 vallas de <b data-path-to-node=\"2\" data-index-in-node=\"227\">Ayomide Folorunso<\/b> y en los 200 metros <b data-path-to-node=\"2\" data-index-in-node=\"264\">Victoria Fontana<\/b>. Excelentes noticias tambi\u00e9n para el ciclismo de ruta, que domin\u00f3 las pruebas en l\u00ednea con <b data-path-to-node=\"2\" data-index-in-node=\"365\">Raquel Barbieri<\/b> Y <b data-path-to-node=\"2\" data-index-in-node=\"384\">Tomasso Dati<\/b>mientras los remeros <b data-path-to-node=\"2\" data-index-in-node=\"418\">Elena Sali<\/b>, <b data-path-to-node=\"2\" data-index-in-node=\"430\">Melissa Schincariol<\/b>, <b data-path-to-node=\"2\" data-index-in-node=\"451\">Tito Christoforakis<\/b> Y <b data-path-to-node=\"2\" data-index-in-node=\"473\">Giovanni Borgonovo<\/b> llevaron al triunfo a los dobles de peso ligero.<\/p>\n<div class=\"facebook responsive-container\">\n<div id=\"fb-root\"><\/div>\n<\/p>\n<div class=\"fb-post\" data-href=\"https:\/\/www.facebook.com\/italiateam\/posts\/pfbid02yvGYYhkr3LUqPaTqzUAcQ9w1XAUg2j3RJA7tm85Dzysw2ZYAiCRU5jyjMzSahedpl\" data-width=\"500\"><\/div>\n<\/div>\n<p data-path-to-node=\"3\">En los deportes de combate, el boxeo ha dejado caer un atizador dorado de aplausos liderados por <b data-path-to-node=\"3\" data-index-in-node=\"89\">Irma Testa<\/b> con <b data-path-to-node=\"3\" data-index-in-node=\"104\">Melissa G\u00e9minis<\/b>, <b data-path-to-node=\"3\" data-index-in-node=\"120\">Sirine Charaabi<\/b> Y <b data-path-to-node=\"3\" data-index-in-node=\"138\">Gabriele Guidi Rontani<\/b>mientras que el levantamiento de pesas se encuentra en <b data-path-to-node=\"3\" data-index-in-node=\"196\">Martina Chiacchio<\/b> Y <b data-path-to-node=\"3\" data-index-in-node=\"216\">Sergio Massidda<\/b> sus puntos fuertes. El tenis complet\u00f3 el cuadro de una edici\u00f3n memorable, con el oro en individuales <b data-path-to-node=\"3\" data-index-in-node=\"359\">Noem\u00ed Basiletti<\/b> y en dobles mixtos por parejas <b data-path-to-node=\"3\" data-index-in-node=\"407\">Victoria Paganetti<\/b>\u2013<b data-path-to-node=\"3\" data-index-in-node=\"426\">Felipe Romano<\/b> \u2014 hasta las grandes alegr\u00edas derivadas de los deportes de equipo, selladas con los t\u00edtulos de <b data-path-to-node=\"3\" data-index-in-node=\"526\">balonmano femenino<\/b> y de <b data-path-to-node=\"3\" data-index-in-node=\"552\">Settebello<\/b> en waterpolo masculino lleg\u00f3 la \u00faltima medalla.<\/p>\n<div class=\"responsive-container\">\n<blockquote class=\"instagram-media\" data-instgrm-captioned data-instgrm-permalink=\"https:\/\/www.instagram.com\/p\/Dc0_vxGjHUb\/?utm_source=ig_embed&amp;utm_campaign=loading\" data-instgrm-version=\"14\" style=\"background:#FFF;border:0;border-radius:3px;margin: 1px;max-width:500px;min-width:326px;padding:0;width:99.375%;width:-webkit-calc(100% - 2px);width:calc(100% - 2px)\">\n<div style=\"padding:16px\">\n<div style=\"flex-direction: row;align-items: center\">\n<div style=\"background-color: #F4F4F4;border-radius: 50%;flex-grow: 0;height: 40px;margin-right: 14px;width: 40px\"><\/div>\n<div style=\"flex-direction: column;flex-grow: 1;justify-content: center\">\n<div style=\"background-color: #F4F4F4;border-radius: 4px;flex-grow: 0;height: 14px;margin-bottom: 6px;width: 100px\"><\/div>\n<div style=\"background-color: #F4F4F4;border-radius: 4px;flex-grow: 0;height: 14px;width: 60px\"><\/div>\n<\/div>\n<\/div>\n<div style=\"padding: 19% 0\"><\/div>\n<div style=\"height:50px;margin:0 auto 12px;width:50px\"><\/div>\n<div style=\"padding-top: 8px\">\n<div style=\"color:#3897f0;font-family:Arial,sans-serif;font-size:14px;font-style:normal;font-weight:550;line-height:18px\">Ver esta publicaci\u00f3n en Instagram<\/div>\n<\/div>\n<div style=\"padding: 12.5% 0\"><\/div>\n<div style=\"flex-direction: row;margin-bottom: 14px;align-items: center\">\n<div>\n<div style=\"background-color: #F4F4F4;border-radius: 50%;height: 12.5px;width: 12.5px\"><\/div>\n<div style=\"background-color: #F4F4F4;height: 12.5px;width: 12.5px;flex-grow: 0;margin-right: 14px;margin-left: 2px\"><\/div>\n<div style=\"background-color: #F4F4F4;border-radius: 50%;height: 12.5px;width: 12.5px\"><\/div>\n<\/div>\n<div style=\"margin-left: 8px\">\n<div style=\"background-color: #F4F4F4;border-radius: 50%;flex-grow: 0;height: 20px;width: 20px\"><\/div>\n<div style=\"width: 0;height: 0;border-top: 2px solid transparent;border-left: 6px solid #f4f4f4;border-bottom: 2px solid transparent\"><\/div>\n<\/div>\n<div style=\"margin-left: auto\">\n<div style=\"width: 0px;border-top: 8px solid #F4F4F4;border-right: 8px solid transparent\"><\/div>\n<div style=\"background-color: #F4F4F4;flex-grow: 0;height: 12px;width: 16px\"><\/div>\n<div style=\"width: 0;height: 0;border-top: 8px solid #F4F4F4;border-left: 8px solid transparent\"><\/div>\n<\/div>\n<\/div>\n<div style=\"flex-direction: column;flex-grow: 1;justify-content: center;margin-bottom: 24px\">\n<div style=\"background-color: #F4F4F4;border-radius: 4px;flex-grow: 0;height: 14px;margin-bottom: 6px;width: 224px\"><\/div>\n<div style=\"background-color: #F4F4F4;border-radius: 4px;flex-grow: 0;height: 14px;width: 144px\"><\/div>\n<\/div>\n<\/div>\n<\/blockquote>\n<\/div>\n<h2>El triunfo de los deportes &#8220;menores&#8221; y el brillo del waterpolo<\/h2>\n<p>Esta lluvia de laureles demuestra la excepcional salud del movimiento deportivo multidisciplinar italiano. Un triunfo gracias a deportes err\u00f3neamente considerados &#8220;menores&#8221;, a menudo alejados del foco del f\u00fatbol pero con deportistas, como hemos visto, capaces de dominar la escena internacional. Italia ha firmado una p\u00e1gina de autor memorable y legendaria: \u00a1una ola abrumadora de entusiasmo, talento y orgullo tricolor que nos hace so\u00f1ar a todos en grande hacia los pr\u00f3ximos objetivos ol\u00edmpicos!<\/p>\n<div class=\"responsive-container\">\n<blockquote class=\"instagram-media\" data-instgrm-captioned data-instgrm-permalink=\"https:\/\/www.instagram.com\/p\/Dc1i5cfjfDt\/?utm_source=ig_embed&amp;utm_campaign=loading\" data-instgrm-version=\"14\" style=\"background:#FFF;border:0;border-radius:3px;margin: 1px;max-width:500px;min-width:326px;padding:0;width:99.375%;width:-webkit-calc(100% - 2px);width:calc(100% - 2px)\">\n<div style=\"padding:16px\">\n<div style=\"flex-direction: row;align-items: center\">\n<div style=\"background-color: #F4F4F4;border-radius: 50%;flex-grow: 0;height: 40px;margin-right: 14px;width: 40px\"><\/div>\n<div style=\"flex-direction: column;flex-grow: 1;justify-content: center\">\n<div style=\"background-color: #F4F4F4;border-radius: 4px;flex-grow: 0;height: 14px;margin-bottom: 6px;width: 100px\"><\/div>\n<div style=\"background-color: #F4F4F4;border-radius: 4px;flex-grow: 0;height: 14px;width: 60px\"><\/div>\n<\/div>\n<\/div>\n<div style=\"padding: 19% 0\"><\/div>\n<div style=\"height:50px;margin:0 auto 12px;width:50px\"><\/div>\n<div style=\"padding-top: 8px\">\n<div style=\"color:#3897f0;font-family:Arial,sans-serif;font-size:14px;font-style:normal;font-weight:550;line-height:18px\">Ver esta publicaci\u00f3n en Instagram<\/div>\n<\/div>\n<div style=\"padding: 12.5% 0\"><\/div>\n<div style=\"flex-direction: row;margin-bottom: 14px;align-items: center\">\n<div>\n<div style=\"background-color: #F4F4F4;border-radius: 50%;height: 12.5px;width: 12.5px\"><\/div>\n<div style=\"background-color: #F4F4F4;height: 12.5px;width: 12.5px;flex-grow: 0;margin-right: 14px;margin-left: 2px\"><\/div>\n<div style=\"background-color: #F4F4F4;border-radius: 50%;height: 12.5px;width: 12.5px\"><\/div>\n<\/div>\n<div style=\"margin-left: 8px\">\n<div style=\"background-color: #F4F4F4;border-radius: 50%;flex-grow: 0;height: 20px;width: 20px\"><\/div>\n<div style=\"width: 0;height: 0;border-top: 2px solid transparent;border-left: 6px solid #f4f4f4;border-bottom: 2px solid transparent\"><\/div>\n<\/div>\n<div style=\"margin-left: auto\">\n<div style=\"width: 0px;border-top: 8px solid #F4F4F4;border-right: 8px solid transparent\"><\/div>\n<div style=\"background-color: #F4F4F4;flex-grow: 0;height: 12px;width: 16px\"><\/div>\n<div style=\"width: 0;height: 0;border-top: 8px solid #F4F4F4;border-left: 8px solid transparent\"><\/div>\n<\/div>\n<\/div>\n<div style=\"flex-direction: column;flex-grow: 1;justify-content: center;margin-bottom: 24px\">\n<div style=\"background-color: #F4F4F4;border-radius: 4px;flex-grow: 0;height: 14px;margin-bottom: 6px;width: 224px\"><\/div>\n<div style=\"background-color: #F4F4F4;border-radius: 4px;flex-grow: 0;height: 14px;width: 144px\"><\/div>\n<\/div>\n<\/div>\n<\/blockquote>\n<\/div>\n<div id=\"fb-root\"><\/div>\n<p><script async defer src=\"https:\/\/connect.facebook.net\/en_US\/sdk.js#xfbml=1&#038;version=v3.2\"><\/script><script async src=\"\/\/www.instagram.com\/embed.js\"><\/script><\/p>\n","protected":false},"excerpt":{"rendered":"<p>La vig\u00e9sima edici\u00f3n de los Juegos Mediterr\u00e1neos, celebrada en el espl\u00e9ndido escenario de Apulia, Taranto, finaliza con una haza\u00f1a sin precedentes para la expedici\u00f3n italiana.<\/p>\n","protected":false},"author":1,"featured_media":10923,"comment_status":"closed","ping_status":"","sticky":false,"template":"","format":"standard","meta":{"footnotes":""},"categories":[762],"tags":[9821,9819,5396,2900,1062,3264,62,3263,9820,4091,156,9822,6195],"class_list":["post-10922","post","type-post","status-publish","format-standard","has-post-thumbnail","hentry","category-salud","tag-aparte","tag-batiendo","tag-deportes","tag-general","tag-italia","tag-juegos","tag-los","tag-medallas","tag-mediterraneos","tag-menores","tag-primer","tag-puesto","tag-records","generate-columns","tablet-grid-50","mobile-grid-100","grid-parent","grid-50"],"yoast_head":"<!-- This site is optimized with the Yoast SEO plugin v23.4 - https:\/\/yoast.com\/wordpress\/plugins\/seo\/ -->\n<title>\u00a1Italia batiendo r\u00e9cords en los Juegos Mediterr\u00e1neos de 2026! Aparte de los deportes &quot;menores&quot;: 224 medallas y primer puesto en la general - Consejos - Santa Catarina<\/title>\n<meta name=\"robots\" content=\"index, follow, max-snippet:-1, max-image-preview:large, max-video-preview:-1\" \/>\n<link rel=\"canonical\" href=\"https:\/\/stacatarina.mx\/consejos\/italia-batiendo-records-en-los-juegos-mediterraneos-de-2026-aparte-de-los-deportes-menores-224-medallas-y-primer-puesto-en-la-general\/\" \/>\n<meta property=\"og:locale\" content=\"es_MX\" \/>\n<meta property=\"og:type\" content=\"article\" \/>\n<meta property=\"og:title\" content=\"\u00a1Italia batiendo r\u00e9cords en los Juegos Mediterr\u00e1neos de 2026! Aparte de los deportes &quot;menores&quot;: 224 medallas y primer puesto en la general - Consejos - Santa Catarina\" \/>\n<meta property=\"og:description\" content=\"La vig\u00e9sima edici\u00f3n de los Juegos Mediterr\u00e1neos, celebrada en el espl\u00e9ndido escenario de Apulia, Taranto, finaliza con una haza\u00f1a sin precedentes para la expedici\u00f3n italiana.\" \/>\n<meta property=\"og:url\" content=\"https:\/\/stacatarina.mx\/consejos\/italia-batiendo-records-en-los-juegos-mediterraneos-de-2026-aparte-de-los-deportes-menores-224-medallas-y-primer-puesto-en-la-general\/\" \/>\n<meta property=\"og:site_name\" content=\"Santa Catarina\" \/>\n<meta property=\"article:publisher\" content=\"https:\/\/www.facebook.com\/stacatarinagob\/\" \/>\n<meta property=\"article:published_time\" content=\"2026-09-04T09:52:44+00:00\" \/>\n<meta property=\"article:modified_time\" content=\"2026-09-04T09:52:47+00:00\" \/>\n<meta property=\"og:image\" content=\"https:\/\/stacatarina.mx\/consejos\/wp-content\/uploads\/2026\/09\/\u00a1Italia-batiendo-records-en-los-Juegos-Mediterraneos-de-2026-Aparte.jpg\" \/>\n\t<meta property=\"og:image:width\" content=\"1500\" \/>\n\t<meta property=\"og:image:height\" content=\"1000\" \/>\n\t<meta property=\"og:image:type\" content=\"image\/jpeg\" \/>\n<meta name=\"author\" content=\"Pedro Mart\u00ednez\" \/>\n<meta name=\"twitter:card\" content=\"summary_large_image\" \/>\n<meta name=\"twitter:creator\" content=\"@stacatarinagob\" \/>\n<meta name=\"twitter:site\" content=\"@stacatarinagob\" \/>\n<meta name=\"twitter:label1\" content=\"Escrito por\" \/>\n\t<meta name=\"twitter:data1\" content=\"Pedro Mart\u00ednez\" \/>\n\t<meta name=\"twitter:label2\" content=\"Tiempo de lectura\" \/>\n\t<meta name=\"twitter:data2\" content=\"3 minutos\" \/>\n<script type=\"application\/ld+json\" class=\"yoast-schema-graph\">{\"@context\":\"https:\/\/schema.org\",\"@graph\":[{\"@type\":\"Article\",\"@id\":\"https:\/\/stacatarina.mx\/consejos\/italia-batiendo-records-en-los-juegos-mediterraneos-de-2026-aparte-de-los-deportes-menores-224-medallas-y-primer-puesto-en-la-general\/#article\",\"isPartOf\":{\"@id\":\"https:\/\/stacatarina.mx\/consejos\/italia-batiendo-records-en-los-juegos-mediterraneos-de-2026-aparte-de-los-deportes-menores-224-medallas-y-primer-puesto-en-la-general\/\"},\"author\":{\"name\":\"Pedro Mart\u00ednez\",\"@id\":\"https:\/\/stacatarina.mx\/consejos\/#\/schema\/person\/0be60adffa8e4c4d0828fdf021450e8a\"},\"headline\":\"\u00a1Italia batiendo r\u00e9cords en los Juegos Mediterr\u00e1neos de 2026! Aparte de los deportes &#8220;menores&#8221;: 224 medallas y primer puesto en la general\",\"datePublished\":\"2026-09-04T09:52:44+00:00\",\"dateModified\":\"2026-09-04T09:52:47+00:00\",\"mainEntityOfPage\":{\"@id\":\"https:\/\/stacatarina.mx\/consejos\/italia-batiendo-records-en-los-juegos-mediterraneos-de-2026-aparte-de-los-deportes-menores-224-medallas-y-primer-puesto-en-la-general\/\"},\"wordCount\":581,\"publisher\":{\"@id\":\"https:\/\/stacatarina.mx\/consejos\/#organization\"},\"image\":{\"@id\":\"https:\/\/stacatarina.mx\/consejos\/italia-batiendo-records-en-los-juegos-mediterraneos-de-2026-aparte-de-los-deportes-menores-224-medallas-y-primer-puesto-en-la-general\/#primaryimage\"},\"thumbnailUrl\":\"https:\/\/stacatarina.mx\/consejos\/wp-content\/uploads\/2026\/09\/\u00a1Italia-batiendo-records-en-los-Juegos-Mediterraneos-de-2026-Aparte.jpg\",\"keywords\":[\"Aparte\",\"batiendo\",\"deportes\",\"general\",\"Italia\",\"Juegos\",\"los\",\"medallas\",\"Mediterr\u00e1neos\",\"menores\",\"primer\",\"puesto\",\"r\u00e9cords\"],\"articleSection\":[\"Salud\"],\"inLanguage\":\"es\"},{\"@type\":\"WebPage\",\"@id\":\"https:\/\/stacatarina.mx\/consejos\/italia-batiendo-records-en-los-juegos-mediterraneos-de-2026-aparte-de-los-deportes-menores-224-medallas-y-primer-puesto-en-la-general\/\",\"url\":\"https:\/\/stacatarina.mx\/consejos\/italia-batiendo-records-en-los-juegos-mediterraneos-de-2026-aparte-de-los-deportes-menores-224-medallas-y-primer-puesto-en-la-general\/\",\"name\":\"\u00a1Italia batiendo r\u00e9cords en los Juegos Mediterr\u00e1neos de 2026! Aparte de los deportes \\\"menores\\\": 224 medallas y primer puesto en la general - Consejos - Santa Catarina\",\"isPartOf\":{\"@id\":\"https:\/\/stacatarina.mx\/consejos\/#website\"},\"primaryImageOfPage\":{\"@id\":\"https:\/\/stacatarina.mx\/consejos\/italia-batiendo-records-en-los-juegos-mediterraneos-de-2026-aparte-de-los-deportes-menores-224-medallas-y-primer-puesto-en-la-general\/#primaryimage\"},\"image\":{\"@id\":\"https:\/\/stacatarina.mx\/consejos\/italia-batiendo-records-en-los-juegos-mediterraneos-de-2026-aparte-de-los-deportes-menores-224-medallas-y-primer-puesto-en-la-general\/#primaryimage\"},\"thumbnailUrl\":\"https:\/\/stacatarina.mx\/consejos\/wp-content\/uploads\/2026\/09\/\u00a1Italia-batiendo-records-en-los-Juegos-Mediterraneos-de-2026-Aparte.jpg\",\"datePublished\":\"2026-09-04T09:52:44+00:00\",\"dateModified\":\"2026-09-04T09:52:47+00:00\",\"breadcrumb\":{\"@id\":\"https:\/\/stacatarina.mx\/consejos\/italia-batiendo-records-en-los-juegos-mediterraneos-de-2026-aparte-de-los-deportes-menores-224-medallas-y-primer-puesto-en-la-general\/#breadcrumb\"},\"inLanguage\":\"es\",\"potentialAction\":[{\"@type\":\"ReadAction\",\"target\":[\"https:\/\/stacatarina.mx\/consejos\/italia-batiendo-records-en-los-juegos-mediterraneos-de-2026-aparte-de-los-deportes-menores-224-medallas-y-primer-puesto-en-la-general\/\"]}]},{\"@type\":\"ImageObject\",\"inLanguage\":\"es\",\"@id\":\"https:\/\/stacatarina.mx\/consejos\/italia-batiendo-records-en-los-juegos-mediterraneos-de-2026-aparte-de-los-deportes-menores-224-medallas-y-primer-puesto-en-la-general\/#primaryimage\",\"url\":\"https:\/\/stacatarina.mx\/consejos\/wp-content\/uploads\/2026\/09\/\u00a1Italia-batiendo-records-en-los-Juegos-Mediterraneos-de-2026-Aparte.jpg\",\"contentUrl\":\"https:\/\/stacatarina.mx\/consejos\/wp-content\/uploads\/2026\/09\/\u00a1Italia-batiendo-records-en-los-Juegos-Mediterraneos-de-2026-Aparte.jpg\",\"width\":1500,\"height\":1000,\"caption\":\"giochi mediterraneo 2026\"},{\"@type\":\"BreadcrumbList\",\"@id\":\"https:\/\/stacatarina.mx\/consejos\/italia-batiendo-records-en-los-juegos-mediterraneos-de-2026-aparte-de-los-deportes-menores-224-medallas-y-primer-puesto-en-la-general\/#breadcrumb\",\"itemListElement\":[{\"@type\":\"ListItem\",\"position\":1,\"name\":\"Inicio\",\"item\":\"https:\/\/stacatarina.mx\/consejos\/\"},{\"@type\":\"ListItem\",\"position\":2,\"name\":\"\u00a1Italia batiendo r\u00e9cords en los Juegos Mediterr\u00e1neos de 2026! Aparte de los deportes &#8220;menores&#8221;: 224 medallas y primer puesto en la general\"}]},{\"@type\":\"WebSite\",\"@id\":\"https:\/\/stacatarina.mx\/consejos\/#website\",\"url\":\"https:\/\/stacatarina.mx\/consejos\/\",\"name\":\"Santa Catarina\",\"description\":\"\",\"publisher\":{\"@id\":\"https:\/\/stacatarina.mx\/consejos\/#organization\"},\"potentialAction\":[{\"@type\":\"SearchAction\",\"target\":{\"@type\":\"EntryPoint\",\"urlTemplate\":\"https:\/\/stacatarina.mx\/consejos\/?s={search_term_string}\"},\"query-input\":{\"@type\":\"PropertyValueSpecification\",\"valueRequired\":true,\"valueName\":\"search_term_string\"}}],\"inLanguage\":\"es\"},{\"@type\":\"Organization\",\"@id\":\"https:\/\/stacatarina.mx\/consejos\/#organization\",\"name\":\"Santa Catarina\",\"url\":\"https:\/\/stacatarina.mx\/consejos\/\",\"logo\":{\"@type\":\"ImageObject\",\"inLanguage\":\"es\",\"@id\":\"https:\/\/stacatarina.mx\/consejos\/#\/schema\/logo\/image\/\",\"url\":\"https:\/\/stacatarina.mx\/consejos\/wp-content\/uploads\/2024\/09\/cropped-favicon-1-1.png\",\"contentUrl\":\"https:\/\/stacatarina.mx\/consejos\/wp-content\/uploads\/2024\/09\/cropped-favicon-1-1.png\",\"width\":512,\"height\":512,\"caption\":\"Santa Catarina\"},\"image\":{\"@id\":\"https:\/\/stacatarina.mx\/consejos\/#\/schema\/logo\/image\/\"},\"sameAs\":[\"https:\/\/www.facebook.com\/stacatarinagob\/\",\"https:\/\/x.com\/stacatarinagob\",\"https:\/\/www.instagram.com\/stacatarinagob\/\",\"https:\/\/www.youtube.com\/channel\/UCK-6cQJL_904665N1_nLTWw\"]},{\"@type\":\"Person\",\"@id\":\"https:\/\/stacatarina.mx\/consejos\/#\/schema\/person\/0be60adffa8e4c4d0828fdf021450e8a\",\"name\":\"Pedro Mart\u00ednez\",\"image\":{\"@type\":\"ImageObject\",\"inLanguage\":\"es\",\"@id\":\"https:\/\/stacatarina.mx\/consejos\/#\/schema\/person\/image\/\",\"url\":\"https:\/\/stacatarina.mx\/consejos\/wp-content\/uploads\/2024\/09\/stacatarina.jpg\",\"contentUrl\":\"https:\/\/stacatarina.mx\/consejos\/wp-content\/uploads\/2024\/09\/stacatarina.jpg\",\"caption\":\"Pedro Mart\u00ednez\"},\"description\":\"Hola, soy Pedro Mart\u00ednez, redactor jefe del sitio oficial del ayuntamiento de Santa Catarina, en M\u00e9xico. Con m\u00e1s de diez a\u00f1os de experiencia en el periodismo local, tengo una pasi\u00f3n por la investigaci\u00f3n y la difusi\u00f3n de informaci\u00f3n que valoriza nuestra hermosa comunidad. Mi compromiso es hacer de Santa Catarina una referencia en materia de transparencia y comunicaci\u00f3n municipal.\",\"sameAs\":[\"https:\/\/stacatarina.mx\/\"]}]}<\/script>\n<!-- \/ Yoast SEO plugin. -->","yoast_head_json":{"title":"\u00a1Italia batiendo r\u00e9cords en los Juegos Mediterr\u00e1neos de 2026! Aparte de los deportes \"menores\": 224 medallas y primer puesto en la general - Consejos - Santa Catarina","robots":{"index":"index","follow":"follow","max-snippet":"max-snippet:-1","max-image-preview":"max-image-preview:large","max-video-preview":"max-video-preview:-1"},"canonical":"https:\/\/stacatarina.mx\/consejos\/italia-batiendo-records-en-los-juegos-mediterraneos-de-2026-aparte-de-los-deportes-menores-224-medallas-y-primer-puesto-en-la-general\/","og_locale":"es_MX","og_type":"article","og_title":"\u00a1Italia batiendo r\u00e9cords en los Juegos Mediterr\u00e1neos de 2026! Aparte de los deportes \"menores\": 224 medallas y primer puesto en la general - Consejos - Santa Catarina","og_description":"La vig\u00e9sima edici\u00f3n de los Juegos Mediterr\u00e1neos, celebrada en el espl\u00e9ndido escenario de Apulia, Taranto, finaliza con una haza\u00f1a sin precedentes para la expedici\u00f3n italiana.","og_url":"https:\/\/stacatarina.mx\/consejos\/italia-batiendo-records-en-los-juegos-mediterraneos-de-2026-aparte-de-los-deportes-menores-224-medallas-y-primer-puesto-en-la-general\/","og_site_name":"Santa Catarina","article_publisher":"https:\/\/www.facebook.com\/stacatarinagob\/","article_published_time":"2026-09-04T09:52:44+00:00","article_modified_time":"2026-09-04T09:52:47+00:00","og_image":[{"width":1500,"height":1000,"url":"https:\/\/stacatarina.mx\/consejos\/wp-content\/uploads\/2026\/09\/\u00a1Italia-batiendo-records-en-los-Juegos-Mediterraneos-de-2026-Aparte.jpg","type":"image\/jpeg"}],"author":"Pedro Mart\u00ednez","twitter_card":"summary_large_image","twitter_creator":"@stacatarinagob","twitter_site":"@stacatarinagob","twitter_misc":{"Escrito por":"Pedro Mart\u00ednez","Tiempo de lectura":"3 minutos"},"schema":{"@context":"https:\/\/schema.org","@graph":[{"@type":"Article","@id":"https:\/\/stacatarina.mx\/consejos\/italia-batiendo-records-en-los-juegos-mediterraneos-de-2026-aparte-de-los-deportes-menores-224-medallas-y-primer-puesto-en-la-general\/#article","isPartOf":{"@id":"https:\/\/stacatarina.mx\/consejos\/italia-batiendo-records-en-los-juegos-mediterraneos-de-2026-aparte-de-los-deportes-menores-224-medallas-y-primer-puesto-en-la-general\/"},"author":{"name":"Pedro Mart\u00ednez","@id":"https:\/\/stacatarina.mx\/consejos\/#\/schema\/person\/0be60adffa8e4c4d0828fdf021450e8a"},"headline":"\u00a1Italia batiendo r\u00e9cords en los Juegos Mediterr\u00e1neos de 2026! Aparte de los deportes &#8220;menores&#8221;: 224 medallas y primer puesto en la general","datePublished":"2026-09-04T09:52:44+00:00","dateModified":"2026-09-04T09:52:47+00:00","mainEntityOfPage":{"@id":"https:\/\/stacatarina.mx\/consejos\/italia-batiendo-records-en-los-juegos-mediterraneos-de-2026-aparte-de-los-deportes-menores-224-medallas-y-primer-puesto-en-la-general\/"},"wordCount":581,"publisher":{"@id":"https:\/\/stacatarina.mx\/consejos\/#organization"},"image":{"@id":"https:\/\/stacatarina.mx\/consejos\/italia-batiendo-records-en-los-juegos-mediterraneos-de-2026-aparte-de-los-deportes-menores-224-medallas-y-primer-puesto-en-la-general\/#primaryimage"},"thumbnailUrl":"https:\/\/stacatarina.mx\/consejos\/wp-content\/uploads\/2026\/09\/\u00a1Italia-batiendo-records-en-los-Juegos-Mediterraneos-de-2026-Aparte.jpg","keywords":["Aparte","batiendo","deportes","general","Italia","Juegos","los","medallas","Mediterr\u00e1neos","menores","primer","puesto","r\u00e9cords"],"articleSection":["Salud"],"inLanguage":"es"},{"@type":"WebPage","@id":"https:\/\/stacatarina.mx\/consejos\/italia-batiendo-records-en-los-juegos-mediterraneos-de-2026-aparte-de-los-deportes-menores-224-medallas-y-primer-puesto-en-la-general\/","url":"https:\/\/stacatarina.mx\/consejos\/italia-batiendo-records-en-los-juegos-mediterraneos-de-2026-aparte-de-los-deportes-menores-224-medallas-y-primer-puesto-en-la-general\/","name":"\u00a1Italia batiendo r\u00e9cords en los Juegos Mediterr\u00e1neos de 2026! Aparte de los deportes \"menores\": 224 medallas y primer puesto en la general - Consejos - Santa Catarina","isPartOf":{"@id":"https:\/\/stacatarina.mx\/consejos\/#website"},"primaryImageOfPage":{"@id":"https:\/\/stacatarina.mx\/consejos\/italia-batiendo-records-en-los-juegos-mediterraneos-de-2026-aparte-de-los-deportes-menores-224-medallas-y-primer-puesto-en-la-general\/#primaryimage"},"image":{"@id":"https:\/\/stacatarina.mx\/consejos\/italia-batiendo-records-en-los-juegos-mediterraneos-de-2026-aparte-de-los-deportes-menores-224-medallas-y-primer-puesto-en-la-general\/#primaryimage"},"thumbnailUrl":"https:\/\/stacatarina.mx\/consejos\/wp-content\/uploads\/2026\/09\/\u00a1Italia-batiendo-records-en-los-Juegos-Mediterraneos-de-2026-Aparte.jpg","datePublished":"2026-09-04T09:52:44+00:00","dateModified":"2026-09-04T09:52:47+00:00","breadcrumb":{"@id":"https:\/\/stacatarina.mx\/consejos\/italia-batiendo-records-en-los-juegos-mediterraneos-de-2026-aparte-de-los-deportes-menores-224-medallas-y-primer-puesto-en-la-general\/#breadcrumb"},"inLanguage":"es","potentialAction":[{"@type":"ReadAction","target":["https:\/\/stacatarina.mx\/consejos\/italia-batiendo-records-en-los-juegos-mediterraneos-de-2026-aparte-de-los-deportes-menores-224-medallas-y-primer-puesto-en-la-general\/"]}]},{"@type":"ImageObject","inLanguage":"es","@id":"https:\/\/stacatarina.mx\/consejos\/italia-batiendo-records-en-los-juegos-mediterraneos-de-2026-aparte-de-los-deportes-menores-224-medallas-y-primer-puesto-en-la-general\/#primaryimage","url":"https:\/\/stacatarina.mx\/consejos\/wp-content\/uploads\/2026\/09\/\u00a1Italia-batiendo-records-en-los-Juegos-Mediterraneos-de-2026-Aparte.jpg","contentUrl":"https:\/\/stacatarina.mx\/consejos\/wp-content\/uploads\/2026\/09\/\u00a1Italia-batiendo-records-en-los-Juegos-Mediterraneos-de-2026-Aparte.jpg","width":1500,"height":1000,"caption":"giochi mediterraneo 2026"},{"@type":"BreadcrumbList","@id":"https:\/\/stacatarina.mx\/consejos\/italia-batiendo-records-en-los-juegos-mediterraneos-de-2026-aparte-de-los-deportes-menores-224-medallas-y-primer-puesto-en-la-general\/#breadcrumb","itemListElement":[{"@type":"ListItem","position":1,"name":"Inicio","item":"https:\/\/stacatarina.mx\/consejos\/"},{"@type":"ListItem","position":2,"name":"\u00a1Italia batiendo r\u00e9cords en los Juegos Mediterr\u00e1neos de 2026! Aparte de los deportes &#8220;menores&#8221;: 224 medallas y primer puesto en la general"}]},{"@type":"WebSite","@id":"https:\/\/stacatarina.mx\/consejos\/#website","url":"https:\/\/stacatarina.mx\/consejos\/","name":"Santa Catarina","description":"","publisher":{"@id":"https:\/\/stacatarina.mx\/consejos\/#organization"},"potentialAction":[{"@type":"SearchAction","target":{"@type":"EntryPoint","urlTemplate":"https:\/\/stacatarina.mx\/consejos\/?s={search_term_string}"},"query-input":{"@type":"PropertyValueSpecification","valueRequired":true,"valueName":"search_term_string"}}],"inLanguage":"es"},{"@type":"Organization","@id":"https:\/\/stacatarina.mx\/consejos\/#organization","name":"Santa Catarina","url":"https:\/\/stacatarina.mx\/consejos\/","logo":{"@type":"ImageObject","inLanguage":"es","@id":"https:\/\/stacatarina.mx\/consejos\/#\/schema\/logo\/image\/","url":"https:\/\/stacatarina.mx\/consejos\/wp-content\/uploads\/2024\/09\/cropped-favicon-1-1.png","contentUrl":"https:\/\/stacatarina.mx\/consejos\/wp-content\/uploads\/2024\/09\/cropped-favicon-1-1.png","width":512,"height":512,"caption":"Santa Catarina"},"image":{"@id":"https:\/\/stacatarina.mx\/consejos\/#\/schema\/logo\/image\/"},"sameAs":["https:\/\/www.facebook.com\/stacatarinagob\/","https:\/\/x.com\/stacatarinagob","https:\/\/www.instagram.com\/stacatarinagob\/","https:\/\/www.youtube.com\/channel\/UCK-6cQJL_904665N1_nLTWw"]},{"@type":"Person","@id":"https:\/\/stacatarina.mx\/consejos\/#\/schema\/person\/0be60adffa8e4c4d0828fdf021450e8a","name":"Pedro Mart\u00ednez","image":{"@type":"ImageObject","inLanguage":"es","@id":"https:\/\/stacatarina.mx\/consejos\/#\/schema\/person\/image\/","url":"https:\/\/stacatarina.mx\/consejos\/wp-content\/uploads\/2024\/09\/stacatarina.jpg","contentUrl":"https:\/\/stacatarina.mx\/consejos\/wp-content\/uploads\/2024\/09\/stacatarina.jpg","caption":"Pedro Mart\u00ednez"},"description":"Hola, soy Pedro Mart\u00ednez, redactor jefe del sitio oficial del ayuntamiento de Santa Catarina, en M\u00e9xico. Con m\u00e1s de diez a\u00f1os de experiencia en el periodismo local, tengo una pasi\u00f3n por la investigaci\u00f3n y la difusi\u00f3n de informaci\u00f3n que valoriza nuestra hermosa comunidad. Mi compromiso es hacer de Santa Catarina una referencia en materia de transparencia y comunicaci\u00f3n municipal.","sameAs":["https:\/\/stacatarina.mx\/"]}]}},"_links":{"self":[{"href":"https:\/\/stacatarina.mx\/consejos\/wp-json\/wp\/v2\/posts\/10922"}],"collection":[{"href":"https:\/\/stacatarina.mx\/consejos\/wp-json\/wp\/v2\/posts"}],"about":[{"href":"https:\/\/stacatarina.mx\/consejos\/wp-json\/wp\/v2\/types\/post"}],"author":[{"embeddable":true,"href":"https:\/\/stacatarina.mx\/consejos\/wp-json\/wp\/v2\/users\/1"}],"replies":[{"embeddable":true,"href":"https:\/\/stacatarina.mx\/consejos\/wp-json\/wp\/v2\/comments?post=10922"}],"version-history":[{"count":1,"href":"https:\/\/stacatarina.mx\/consejos\/wp-json\/wp\/v2\/posts\/10922\/revisions"}],"predecessor-version":[{"id":10924,"href":"https:\/\/stacatarina.mx\/consejos\/wp-json\/wp\/v2\/posts\/10922\/revisions\/10924"}],"wp:featuredmedia":[{"embeddable":true,"href":"https:\/\/stacatarina.mx\/consejos\/wp-json\/wp\/v2\/media\/10923"}],"wp:attachment":[{"href":"https:\/\/stacatarina.mx\/consejos\/wp-json\/wp\/v2\/media?parent=10922"}],"wp:term":[{"taxonomy":"category","embeddable":true,"href":"https:\/\/stacatarina.mx\/consejos\/wp-json\/wp\/v2\/categories?post=10922"},{"taxonomy":"post_tag","embeddable":true,"href":"https:\/\/stacatarina.mx\/consejos\/wp-json\/wp\/v2\/tags?post=10922"}],"curies":[{"name":"wp","href":"https:\/\/api.w.org\/{rel}","templated":true}]}}