{"id":10928,"date":"2026-09-04T11:52:25","date_gmt":"2026-09-04T17:52:25","guid":{"rendered":"https:\/\/stacatarina.mx\/consejos\/el-nino-se-volvera-muy-fuerte-aumentando-el-riesgo-de-fenomenos-extremos\/"},"modified":"2026-09-04T11:52:26","modified_gmt":"2026-09-04T17:52:26","slug":"el-nino-se-volvera-muy-fuerte-aumentando-el-riesgo-de-fenomenos-extremos","status":"publish","type":"post","link":"https:\/\/stacatarina.mx\/consejos\/el-nino-se-volvera-muy-fuerte-aumentando-el-riesgo-de-fenomenos-extremos\/","title":{"rendered":"El Ni\u00f1o se volver\u00e1 muy fuerte, aumentando el riesgo de fen\u00f3menos extremos&#8230;"},"content":{"rendered":"<div class=\"entry-content\">\n<p class=\"wp-block-paragraph\">Ginebra, Suiza (OMM) \u2013 El Ni\u00f1o est\u00e1 firmemente establecido y se intensificar\u00e1 hasta convertirse en un fen\u00f3meno muy fuerte en los pr\u00f3ximos meses, con grandes impactos en los patrones de precipitaciones y temperaturas y los riesgos asociados de inundaciones, sequ\u00edas y calor extremo, seg\u00fan una nueva actualizaci\u00f3n de la Organizaci\u00f3n Meteorol\u00f3gica Mundial (OMM). <\/p>\n<ul class=\"wp-block-list\">\n<li>El Ni\u00f1o est\u00e1 firmemente establecido y se espera que se intensifique a\u00fan m\u00e1s<\/li>\n<li>Los pron\u00f3sticos de la OMM muestran una probabilidad cercana al 100% de que persista hasta febrero de 2027<\/li>\n<li>Las condiciones excepcionalmente c\u00e1lidas del Oc\u00e9ano Pac\u00edfico tropical favorecen una mayor intensificaci\u00f3n<\/li>\n<li>Un El Ni\u00f1o muy fuerte puede cambiar significativamente los patrones de precipitaciones y temperaturas en todo el mundo y provocar condiciones clim\u00e1ticas extremas.<\/li>\n<li>La OMM y los Servicios Meteorol\u00f3gicos e Hidrol\u00f3gicos Nacionales intensifican los esfuerzos de preparaci\u00f3n y alerta temprana para un evento excepcional<\/li>\n<\/ul>\n<p class=\"wp-block-paragraph\">Los pron\u00f3sticos de los Centros de Producci\u00f3n Mundial de la OMM indican una \u201cprobabilidad excepcionalmente alta, de casi el 100%\u201d, de que El Ni\u00f1o persista hasta febrero de 2027. Esta es la primera vez que una actualizaci\u00f3n de la OMM sobre El Ni\u00f1o\/La Ni\u00f1a ha sido tan inequ\u00edvoca, lo que refleja el fuerte acuerdo dentro de la extensa red de la OMM.<\/p>\n<p class=\"wp-block-paragraph\">Se espera que, impulsado por las condiciones oce\u00e1nicas excepcionalmente c\u00e1lidas en todo el Pac\u00edfico tropical, El Ni\u00f1o se fortalezca a\u00fan m\u00e1s durante los pr\u00f3ximos meses hasta alcanzar una intensidad muy fuerte antes de alcanzar su punto m\u00e1ximo hacia finales de este a\u00f1o, y los impactos clim\u00e1ticos continuar\u00e1n hasta bien entrado 2027.<\/p>\n<p class=\"wp-block-paragraph\">&#8220;El Ni\u00f1o est\u00e1 creciendo ante nuestros ojos. La ciencia no deja lugar a dudas: el planeta se encuentra en aguas inexploradas, y esas aguas se est\u00e1n calentando. Las temperaturas de la superficie del mar est\u00e1n aumentando, las temperaturas siguen subiendo, y el mundo se encuentra en la zona peligrosa del clima extremo. La carrera ahora es entre los riesgos crecientes y nuestro compromiso de tomar medidas clim\u00e1ticas y proteger a las personas. Debemos ganar esa carrera&#8221;, dijo el Secretario General de la ONU, Ant\u00f3nio Guterres.<\/p>\n<p class=\"wp-block-paragraph\">&#8220;El Ni\u00f1o en espa\u00f1ol significa ni\u00f1o, pero tiene el potencial de asestar un duro golpe a las comunidades y econom\u00edas de todo el mundo. Ya estamos viendo trastornos y devastaci\u00f3n por sequ\u00edas e inundaciones y esperamos que estos impactos aumenten a medida que El Ni\u00f1o se intensifique&#8221;, dijo la Secretaria General de la OMM, Celeste Saulo.<\/p>\n<p class=\"wp-block-paragraph\">&#8220;Este fen\u00f3meno excepcional de El Ni\u00f1o exige una preparaci\u00f3n y una respuesta excepcionales. Nunca antes en los 50 a\u00f1os de historia de la Organizaci\u00f3n Meteorol\u00f3gica Mundial hab\u00edamos lanzado una movilizaci\u00f3n tan importante con los Servicios Meteorol\u00f3gicos e Hidrol\u00f3gicos Nacionales, que est\u00e1n en primera l\u00ednea en la prestaci\u00f3n de pron\u00f3sticos y servicios para salvar vidas y medios de subsistencia&#8221;, afirm\u00f3.<\/p>\n<p class=\"wp-block-paragraph\">&#8220;La OMM est\u00e1 comprometida a trabajar estrechamente con socios de las Naciones Unidas y del sistema humanitario para proporcionar la inteligencia clim\u00e1tica y los conocimientos necesarios para apoyar la gesti\u00f3n de desastres y los sectores sensibles al clima como la agricultura, la salud, la energ\u00eda y los recursos h\u00eddricos&#8221;, dijo.  &#8220;No tenemos tiempo que perder&#8221;.<\/p>\n<p class=\"wp-block-paragraph\">Las actualizaciones de El Ni\u00f1o\/La Ni\u00f1a de la OMM son la fuente de informaci\u00f3n m\u00e1s autorizada del mundo para los gobiernos y los responsables de la toma de decisiones. Estos pron\u00f3sticos estacionales se basan en un consenso de modelos de los Centros de Producci\u00f3n Mundial de la OMM, expertos de los Servicios Meteorol\u00f3gicos e Hidrol\u00f3gicos Nacionales y centros de predicci\u00f3n clim\u00e1tica de todo el mundo.<\/p>\n<figure class=\"wp-block-image size-full\"><\/figure>\n<h2 class=\"wp-block-heading\">Calor excepcional del oc\u00e9ano en el Pac\u00edfico tropical  <\/h2>\n<p class=\"wp-block-paragraph\">Las temperaturas de la superficie del mar en todo el Pac\u00edfico ecuatorial centro-oriental, la regi\u00f3n en el coraz\u00f3n de El Ni\u00f1o, ya est\u00e1n muy por encima del promedio (uno de los signos reveladores de El Ni\u00f1o) y contin\u00faan aumentando.<\/p>\n<p class=\"wp-block-paragraph\">El \u00edndice Ni\u00f1o 3,4, ampliamente utilizado, que mide las anomal\u00edas de la temperatura de la superficie del mar en el Pac\u00edfico ecuatorial centro-oriental se ha fortalecido notablemente desde un promedio de +1,5 \u00b0C por encima de lo normal durante mayo-julio de 2026 y +2,0 \u00b0C por encima de lo normal en julio. Posteriormente, los valores semanales aumentaron a\u00fan m\u00e1s entre finales de julio y mediados de agosto, oscilando entre aproximadamente +2,2 \u00b0C y +2,6 \u00b0C por encima de la media, lo que indica una intensificaci\u00f3n continua.<\/p>\n<p class=\"wp-block-paragraph\">A\u00fan m\u00e1s calor excepcional est\u00e1 presente debajo de la superficie del oc\u00e9ano. En algunas zonas, las temperaturas del subsuelo del oc\u00e9ano estuvieron m\u00e1s de 8\u00b0C por encima del promedio durante julio y principios de agosto.<\/p>\n<p class=\"wp-block-paragraph\">En conjunto, las condiciones de la superficie y el subsuelo del oc\u00e9ano brindan un fuerte apoyo para la continuaci\u00f3n de las condiciones de El Ni\u00f1o y el potencial de un mayor fortalecimiento durante los pr\u00f3ximos meses, dice la Actualizaci\u00f3n.<\/p>\n<p class=\"wp-block-paragraph\">La confianza en las perspectivas es alta. Las fuertes se\u00f1ales oce\u00e1nicas y atmosf\u00e9ricas que se refuerzan mutuamente, junto con una estrecha coincidencia entre los sistemas de predicci\u00f3n estacional, indican que El Ni\u00f1o persistir\u00e1 al menos hasta principios de 2027.<\/p>\n<h2 class=\"wp-block-heading\">El Ni\u00f1o Muy Fuerte no significa los mismos impactos en todas partes<\/h2>\n<p class=\"wp-block-paragraph\">El Ni\u00f1o y La Ni\u00f1a se encuentran entre las influencias naturales m\u00e1s poderosas en el sistema clim\u00e1tico global. Un fen\u00f3meno muy fuerte aumenta la probabilidad de que se produzcan cambios importantes en las precipitaciones, las temperaturas y la circulaci\u00f3n atmosf\u00e9rica en muchas regiones del mundo.<\/p>\n<p class=\"wp-block-paragraph\">Sin embargo, la fuerza de un episodio de El Ni\u00f1o por s\u00ed sola no determina la gravedad de sus impactos en ning\u00fan pa\u00eds o regi\u00f3n individual.<\/p>\n<p class=\"wp-block-paragraph\">Sus efectos var\u00edan seg\u00fan la ubicaci\u00f3n y la estaci\u00f3n y pueden verse modificados por otros factores clim\u00e1ticos, incluidas las condiciones en los oc\u00e9anos \u00cdndico y Atl\u00e1ntico.<\/p>\n<p class=\"wp-block-paragraph\">Por lo tanto, la OMM ha publicado una Actualizaci\u00f3n clim\u00e1tica estacional mundial complementaria, que re\u00fane informaci\u00f3n sobre El Ni\u00f1o y otros factores clim\u00e1ticos importantes, lo que permite obtener una imagen m\u00e1s refinada de las condiciones esperadas.<\/p>\n<p class=\"wp-block-paragraph\">Para septiembre-noviembre de 2026, los pron\u00f3sticos multimodelo de la OMM indican una mayor probabilidad de temperaturas superiores a lo normal en casi todas las zonas terrestres, junto con patrones de lluvia que muestran una respuesta atmosf\u00e9rica cl\u00e1sica y pronunciada al fuerte El Ni\u00f1o del Pac\u00edfico.<\/p>\n<p class=\"wp-block-paragraph\">Tambi\u00e9n se espera que se desarrolle una fase positiva del dipolo del Oc\u00e9ano \u00cdndico (IOD), que alcanzar\u00e1 un valor medio estacional de 0,9 \u00b0C en septiembre-octubre-noviembre de 2026. Mientras tanto, se pronostica que la cuenca del Atl\u00e1ntico ecuatorial se mantendr\u00e1 en general c\u00e1lida, y que las TSM en el Atl\u00e1ntico tropical norte y sur se mantendr\u00e1n por encima de lo normal.  Estas condiciones pueden reforzar, debilitar o alterar los impactos t\u00edpicos de El Ni\u00f1o en diferentes regiones.<\/p>\n<figure class=\"wp-block-image size-full\"><img loading=\"lazy\" decoding=\"async\" width=\"461\" height=\"345\" src=\"https:\/\/stacatarina.mx\/consejos\/wp-content\/uploads\/2026\/09\/1788544345_883_El-Nino-se-volvera-muy-fuerte-aumentando-el-riesgo-de.png\" alt=\"Pron\u00f3sticos probabil\u00edsticos\" class=\"wp-image-34454\"  ><\/figure>\n<figure class=\"wp-block-image size-full\"><img loading=\"lazy\" decoding=\"async\" width=\"461\" height=\"345\" src=\"https:\/\/stacatarina.mx\/consejos\/wp-content\/uploads\/2026\/09\/1788544345_513_El-Nino-se-volvera-muy-fuerte-aumentando-el-riesgo-de.png\" alt=\"Pron\u00f3sticos probabil\u00edsticos\" class=\"wp-image-34455\"  ><\/figure>\n<p class=\"wp-block-paragraph\"><em><sub>Pron\u00f3sticos probabil\u00edsticos de temperatura del aire en superficie y precipitaciones para la temporada septiembre-noviembre de 2026. La categor\u00eda tercil con mayor probabilidad de pron\u00f3stico se indica mediante \u00e1reas sombreadas. La categor\u00eda m\u00e1s probable para debajo de lo normal, arriba de lo normal y casi normal se representa en tonos azul, rojo y gris, respectivamente, para la temperatura, y en tonos amarillo, verde y gris, respectivamente, para la lluvia. Las \u00e1reas blancas indican igualdad de oportunidades para todas las categor\u00edas en ambos casos. El per\u00edodo de referencia es 1993-2009. (Fuente: Conjunto multimodelo del Centro l\u00edder de predicci\u00f3n estacional de la OMM)<\/sub><\/em><\/p>\n<p class=\"wp-block-paragraph\">Se proporciona informaci\u00f3n m\u00e1s detallada y aplicable localmente a trav\u00e9s de los Centros Regionales sobre el Clima de la OMM, los Foros Regionales sobre Perspectivas Clim\u00e1ticas de la OMM y los Servicios Meteorol\u00f3gicos e Hidrol\u00f3gicos Nacionales.<\/p>\n<h2 class=\"wp-block-heading\">Convertir las previsiones en acciones tempranas<\/h2>\n<p class=\"wp-block-paragraph\">El Ni\u00f1o y La Ni\u00f1a son fases opuestas de El Ni\u00f1o-Oscilaci\u00f3n del Sur (ENSO); uno de los patrones clim\u00e1ticos naturales m\u00e1s poderosos de la Tierra.<\/p>\n<p class=\"wp-block-paragraph\">El Ni\u00f1o se caracteriza por un calentamiento de las temperaturas de la superficie del oc\u00e9ano en el Pac\u00edfico ecuatorial central y oriental. Por lo general, ocurre cada dos a siete a\u00f1os y dura entre nueve y doce meses.<\/p>\n<p class=\"wp-block-paragraph\">El Ni\u00f1o generalmente comienza a desarrollarse entre marzo y junio y alcanza su m\u00e1xima intensidad entre noviembre y febrero.  Su impacto en las temperaturas globales puede extenderse m\u00e1s all\u00e1 del per\u00edodo de m\u00e1ximo calentamiento de los oc\u00e9anos y ser m\u00e1s pronunciado en el a\u00f1o posterior al desarrollo.<\/p>\n<p class=\"wp-block-paragraph\">Debido a que El Ni\u00f1o puede cambiar los patrones meteorol\u00f3gicos y clim\u00e1ticos a miles de kil\u00f3metros de distancia del Pac\u00edfico tropical, los pron\u00f3sticos confiables brindan a los gobiernos, agencias humanitarias, empresas y comunidades un tiempo valioso para prepararse.<\/p>\n<p class=\"wp-block-paragraph\">Por lo tanto, los Miembros y socios de la OMM seguir\u00e1n de cerca la evoluci\u00f3n del evento y actualizar\u00e1n peri\u00f3dicamente los pron\u00f3sticos sobre sus probables impactos regionales.<\/p>\n<p class=\"wp-block-paragraph\">Los Servicios Meteorol\u00f3gicos e Hidrol\u00f3gicos Nacionales siguen siendo la fuente autorizada de avisos oficiales e informaci\u00f3n clim\u00e1tica localmente relevante. <\/p>\n<p>El Ni\u00f1o es un fen\u00f3meno clim\u00e1tico natural y no es causado por el cambio clim\u00e1tico.<\/p>\n<hr class=\"wp-block-separator has-alpha-channel-opacity\">\n<p class=\"wp-block-paragraph\">Fuente: Organizaci\u00f3n Meteorol\u00f3gica Mundial (OMM), \u201cEl Ni\u00f1o se volver\u00e1 muy fuerte, aumentando el riesgo de fen\u00f3menos meteorol\u00f3gicos extremos hasta 2027\u201d<\/p>\n<p class=\"wp-block-paragraph\">Descargo de responsabilidad:<br \/>Las opiniones expresadas en art\u00edculos o anuncios que aparecen en este documento son opiniones del autor o del anunciante y no reflejan necesariamente las de la OMM o sus Miembros.<\/p>\n<p class=\"wp-block-paragraph\">El uso del material de la OMM es responsabilidad exclusiva del usuario. Bajo ninguna circunstancia la OMM ser\u00e1 responsable de ninguna p\u00e9rdida, da\u00f1o, responsabilidad o gasto incurrido o sufrido que se afirme haber resultado del uso de cualquier material de la OMM, sin limitaci\u00f3n, cualquier falla, error, omisi\u00f3n, interrupci\u00f3n o demora con respecto al mismo. Nada de lo dispuesto en el presente constituir\u00e1 ni se considerar\u00e1 una limitaci\u00f3n o una renuncia a los privilegios e inmunidades de la OMM, que est\u00e1n espec\u00edficamente reservados.<\/p>\n<p class=\"wp-block-paragraph\"><em>Foto de Rory McKeever en Unsplash<\/em><\/p>\n<p class=\"wp-block-paragraph\">\n<p><!-- Error, Advert is not available at this time due to schedule\/geolocation restrictions! -->\t<\/div>\n","protected":false},"excerpt":{"rendered":"<p>Ginebra, Suiza (OMM) \u2013 El Ni\u00f1o est\u00e1 firmemente establecido y se intensificar\u00e1 hasta convertirse en un fen\u00f3meno muy fuerte en los pr\u00f3ximos meses, con grandes<\/p>\n","protected":false},"author":1,"featured_media":10929,"comment_status":"closed","ping_status":"","sticky":false,"template":"","format":"standard","meta":{"footnotes":""},"categories":[68],"tags":[5074,1428,9188,4111,294,818,939,9825],"class_list":["post-10928","post","type-post","status-publish","format-standard","has-post-thumbnail","hentry","category-fauna-y-flora","tag-aumentando","tag-extremos","tag-fenomenos","tag-fuerte","tag-muy","tag-nino","tag-riesgo","tag-volvera","generate-columns","tablet-grid-50","mobile-grid-100","grid-parent","grid-50"],"yoast_head":"<!-- This site is optimized with the Yoast SEO plugin v23.4 - https:\/\/yoast.com\/wordpress\/plugins\/seo\/ -->\n<title>El Ni\u00f1o se volver\u00e1 muy fuerte, aumentando el riesgo de fen\u00f3menos extremos... - Consejos - Santa Catarina<\/title>\n<meta name=\"robots\" content=\"index, follow, max-snippet:-1, max-image-preview:large, max-video-preview:-1\" \/>\n<link rel=\"canonical\" href=\"https:\/\/stacatarina.mx\/consejos\/el-nino-se-volvera-muy-fuerte-aumentando-el-riesgo-de-fenomenos-extremos\/\" \/>\n<meta property=\"og:locale\" content=\"es_MX\" \/>\n<meta property=\"og:type\" content=\"article\" \/>\n<meta property=\"og:title\" content=\"El Ni\u00f1o se volver\u00e1 muy fuerte, aumentando el riesgo de fen\u00f3menos extremos... - Consejos - Santa Catarina\" \/>\n<meta property=\"og:description\" content=\"Ginebra, Suiza (OMM) \u2013 El Ni\u00f1o est\u00e1 firmemente establecido y se intensificar\u00e1 hasta convertirse en un fen\u00f3meno muy fuerte en los pr\u00f3ximos meses, con grandes\" \/>\n<meta property=\"og:url\" content=\"https:\/\/stacatarina.mx\/consejos\/el-nino-se-volvera-muy-fuerte-aumentando-el-riesgo-de-fenomenos-extremos\/\" \/>\n<meta property=\"og:site_name\" content=\"Santa Catarina\" \/>\n<meta property=\"article:publisher\" content=\"https:\/\/www.facebook.com\/stacatarinagob\/\" \/>\n<meta property=\"article:published_time\" content=\"2026-09-04T17:52:25+00:00\" \/>\n<meta property=\"article:modified_time\" content=\"2026-09-04T17:52:26+00:00\" \/>\n<meta property=\"og:image\" content=\"https:\/\/stacatarina.mx\/consejos\/wp-content\/uploads\/2026\/09\/El-Nino-se-volvera-muy-fuerte-aumentando-el-riesgo-de.jpg\" \/>\n\t<meta property=\"og:image:width\" content=\"900\" \/>\n\t<meta property=\"og:image:height\" content=\"600\" \/>\n\t<meta property=\"og:image:type\" content=\"image\/jpeg\" \/>\n<meta name=\"author\" content=\"Pedro Mart\u00ednez\" \/>\n<meta name=\"twitter:card\" content=\"summary_large_image\" \/>\n<meta name=\"twitter:creator\" content=\"@stacatarinagob\" \/>\n<meta name=\"twitter:site\" content=\"@stacatarinagob\" \/>\n<meta name=\"twitter:label1\" content=\"Escrito por\" \/>\n\t<meta name=\"twitter:data1\" content=\"Pedro Mart\u00ednez\" \/>\n\t<meta name=\"twitter:label2\" content=\"Tiempo de lectura\" \/>\n\t<meta name=\"twitter:data2\" content=\"9 minutos\" \/>\n<script type=\"application\/ld+json\" class=\"yoast-schema-graph\">{\"@context\":\"https:\/\/schema.org\",\"@graph\":[{\"@type\":\"Article\",\"@id\":\"https:\/\/stacatarina.mx\/consejos\/el-nino-se-volvera-muy-fuerte-aumentando-el-riesgo-de-fenomenos-extremos\/#article\",\"isPartOf\":{\"@id\":\"https:\/\/stacatarina.mx\/consejos\/el-nino-se-volvera-muy-fuerte-aumentando-el-riesgo-de-fenomenos-extremos\/\"},\"author\":{\"name\":\"Pedro Mart\u00ednez\",\"@id\":\"https:\/\/stacatarina.mx\/consejos\/#\/schema\/person\/0be60adffa8e4c4d0828fdf021450e8a\"},\"headline\":\"El Ni\u00f1o se volver\u00e1 muy fuerte, aumentando el riesgo de fen\u00f3menos extremos&#8230;\",\"datePublished\":\"2026-09-04T17:52:25+00:00\",\"dateModified\":\"2026-09-04T17:52:26+00:00\",\"mainEntityOfPage\":{\"@id\":\"https:\/\/stacatarina.mx\/consejos\/el-nino-se-volvera-muy-fuerte-aumentando-el-riesgo-de-fenomenos-extremos\/\"},\"wordCount\":1791,\"publisher\":{\"@id\":\"https:\/\/stacatarina.mx\/consejos\/#organization\"},\"image\":{\"@id\":\"https:\/\/stacatarina.mx\/consejos\/el-nino-se-volvera-muy-fuerte-aumentando-el-riesgo-de-fenomenos-extremos\/#primaryimage\"},\"thumbnailUrl\":\"https:\/\/stacatarina.mx\/consejos\/wp-content\/uploads\/2026\/09\/El-Nino-se-volvera-muy-fuerte-aumentando-el-riesgo-de.jpg\",\"keywords\":[\"aumentando\",\"extremos\",\"fen\u00f3menos\",\"fuerte\",\"muy\",\"Ni\u00f1o\",\"riesgo\",\"volver\u00e1\"],\"articleSection\":[\"Fauna y Flora\"],\"inLanguage\":\"es\"},{\"@type\":\"WebPage\",\"@id\":\"https:\/\/stacatarina.mx\/consejos\/el-nino-se-volvera-muy-fuerte-aumentando-el-riesgo-de-fenomenos-extremos\/\",\"url\":\"https:\/\/stacatarina.mx\/consejos\/el-nino-se-volvera-muy-fuerte-aumentando-el-riesgo-de-fenomenos-extremos\/\",\"name\":\"El Ni\u00f1o se volver\u00e1 muy fuerte, aumentando el riesgo de fen\u00f3menos extremos... - Consejos - Santa Catarina\",\"isPartOf\":{\"@id\":\"https:\/\/stacatarina.mx\/consejos\/#website\"},\"primaryImageOfPage\":{\"@id\":\"https:\/\/stacatarina.mx\/consejos\/el-nino-se-volvera-muy-fuerte-aumentando-el-riesgo-de-fenomenos-extremos\/#primaryimage\"},\"image\":{\"@id\":\"https:\/\/stacatarina.mx\/consejos\/el-nino-se-volvera-muy-fuerte-aumentando-el-riesgo-de-fenomenos-extremos\/#primaryimage\"},\"thumbnailUrl\":\"https:\/\/stacatarina.mx\/consejos\/wp-content\/uploads\/2026\/09\/El-Nino-se-volvera-muy-fuerte-aumentando-el-riesgo-de.jpg\",\"datePublished\":\"2026-09-04T17:52:25+00:00\",\"dateModified\":\"2026-09-04T17:52:26+00:00\",\"breadcrumb\":{\"@id\":\"https:\/\/stacatarina.mx\/consejos\/el-nino-se-volvera-muy-fuerte-aumentando-el-riesgo-de-fenomenos-extremos\/#breadcrumb\"},\"inLanguage\":\"es\",\"potentialAction\":[{\"@type\":\"ReadAction\",\"target\":[\"https:\/\/stacatarina.mx\/consejos\/el-nino-se-volvera-muy-fuerte-aumentando-el-riesgo-de-fenomenos-extremos\/\"]}]},{\"@type\":\"ImageObject\",\"inLanguage\":\"es\",\"@id\":\"https:\/\/stacatarina.mx\/consejos\/el-nino-se-volvera-muy-fuerte-aumentando-el-riesgo-de-fenomenos-extremos\/#primaryimage\",\"url\":\"https:\/\/stacatarina.mx\/consejos\/wp-content\/uploads\/2026\/09\/El-Nino-se-volvera-muy-fuerte-aumentando-el-riesgo-de.jpg\",\"contentUrl\":\"https:\/\/stacatarina.mx\/consejos\/wp-content\/uploads\/2026\/09\/El-Nino-se-volvera-muy-fuerte-aumentando-el-riesgo-de.jpg\",\"width\":900,\"height\":600,\"caption\":\"El Ni\u00f1o set to become very strong, raising risks of extreme weather into 2027\"},{\"@type\":\"BreadcrumbList\",\"@id\":\"https:\/\/stacatarina.mx\/consejos\/el-nino-se-volvera-muy-fuerte-aumentando-el-riesgo-de-fenomenos-extremos\/#breadcrumb\",\"itemListElement\":[{\"@type\":\"ListItem\",\"position\":1,\"name\":\"Inicio\",\"item\":\"https:\/\/stacatarina.mx\/consejos\/\"},{\"@type\":\"ListItem\",\"position\":2,\"name\":\"El Ni\u00f1o se volver\u00e1 muy fuerte, aumentando el riesgo de fen\u00f3menos extremos&#8230;\"}]},{\"@type\":\"WebSite\",\"@id\":\"https:\/\/stacatarina.mx\/consejos\/#website\",\"url\":\"https:\/\/stacatarina.mx\/consejos\/\",\"name\":\"Santa Catarina\",\"description\":\"\",\"publisher\":{\"@id\":\"https:\/\/stacatarina.mx\/consejos\/#organization\"},\"potentialAction\":[{\"@type\":\"SearchAction\",\"target\":{\"@type\":\"EntryPoint\",\"urlTemplate\":\"https:\/\/stacatarina.mx\/consejos\/?s={search_term_string}\"},\"query-input\":{\"@type\":\"PropertyValueSpecification\",\"valueRequired\":true,\"valueName\":\"search_term_string\"}}],\"inLanguage\":\"es\"},{\"@type\":\"Organization\",\"@id\":\"https:\/\/stacatarina.mx\/consejos\/#organization\",\"name\":\"Santa Catarina\",\"url\":\"https:\/\/stacatarina.mx\/consejos\/\",\"logo\":{\"@type\":\"ImageObject\",\"inLanguage\":\"es\",\"@id\":\"https:\/\/stacatarina.mx\/consejos\/#\/schema\/logo\/image\/\",\"url\":\"https:\/\/stacatarina.mx\/consejos\/wp-content\/uploads\/2024\/09\/cropped-favicon-1-1.png\",\"contentUrl\":\"https:\/\/stacatarina.mx\/consejos\/wp-content\/uploads\/2024\/09\/cropped-favicon-1-1.png\",\"width\":512,\"height\":512,\"caption\":\"Santa Catarina\"},\"image\":{\"@id\":\"https:\/\/stacatarina.mx\/consejos\/#\/schema\/logo\/image\/\"},\"sameAs\":[\"https:\/\/www.facebook.com\/stacatarinagob\/\",\"https:\/\/x.com\/stacatarinagob\",\"https:\/\/www.instagram.com\/stacatarinagob\/\",\"https:\/\/www.youtube.com\/channel\/UCK-6cQJL_904665N1_nLTWw\"]},{\"@type\":\"Person\",\"@id\":\"https:\/\/stacatarina.mx\/consejos\/#\/schema\/person\/0be60adffa8e4c4d0828fdf021450e8a\",\"name\":\"Pedro Mart\u00ednez\",\"image\":{\"@type\":\"ImageObject\",\"inLanguage\":\"es\",\"@id\":\"https:\/\/stacatarina.mx\/consejos\/#\/schema\/person\/image\/\",\"url\":\"https:\/\/stacatarina.mx\/consejos\/wp-content\/uploads\/2024\/09\/stacatarina.jpg\",\"contentUrl\":\"https:\/\/stacatarina.mx\/consejos\/wp-content\/uploads\/2024\/09\/stacatarina.jpg\",\"caption\":\"Pedro Mart\u00ednez\"},\"description\":\"Hola, soy Pedro Mart\u00ednez, redactor jefe del sitio oficial del ayuntamiento de Santa Catarina, en M\u00e9xico. Con m\u00e1s de diez a\u00f1os de experiencia en el periodismo local, tengo una pasi\u00f3n por la investigaci\u00f3n y la difusi\u00f3n de informaci\u00f3n que valoriza nuestra hermosa comunidad. Mi compromiso es hacer de Santa Catarina una referencia en materia de transparencia y comunicaci\u00f3n municipal.\",\"sameAs\":[\"https:\/\/stacatarina.mx\/\"]}]}<\/script>\n<!-- \/ Yoast SEO plugin. -->","yoast_head_json":{"title":"El Ni\u00f1o se volver\u00e1 muy fuerte, aumentando el riesgo de fen\u00f3menos extremos... - Consejos - Santa Catarina","robots":{"index":"index","follow":"follow","max-snippet":"max-snippet:-1","max-image-preview":"max-image-preview:large","max-video-preview":"max-video-preview:-1"},"canonical":"https:\/\/stacatarina.mx\/consejos\/el-nino-se-volvera-muy-fuerte-aumentando-el-riesgo-de-fenomenos-extremos\/","og_locale":"es_MX","og_type":"article","og_title":"El Ni\u00f1o se volver\u00e1 muy fuerte, aumentando el riesgo de fen\u00f3menos extremos... - Consejos - Santa Catarina","og_description":"Ginebra, Suiza (OMM) \u2013 El Ni\u00f1o est\u00e1 firmemente establecido y se intensificar\u00e1 hasta convertirse en un fen\u00f3meno muy fuerte en los pr\u00f3ximos meses, con grandes","og_url":"https:\/\/stacatarina.mx\/consejos\/el-nino-se-volvera-muy-fuerte-aumentando-el-riesgo-de-fenomenos-extremos\/","og_site_name":"Santa Catarina","article_publisher":"https:\/\/www.facebook.com\/stacatarinagob\/","article_published_time":"2026-09-04T17:52:25+00:00","article_modified_time":"2026-09-04T17:52:26+00:00","og_image":[{"width":900,"height":600,"url":"https:\/\/stacatarina.mx\/consejos\/wp-content\/uploads\/2026\/09\/El-Nino-se-volvera-muy-fuerte-aumentando-el-riesgo-de.jpg","type":"image\/jpeg"}],"author":"Pedro Mart\u00ednez","twitter_card":"summary_large_image","twitter_creator":"@stacatarinagob","twitter_site":"@stacatarinagob","twitter_misc":{"Escrito por":"Pedro Mart\u00ednez","Tiempo de lectura":"9 minutos"},"schema":{"@context":"https:\/\/schema.org","@graph":[{"@type":"Article","@id":"https:\/\/stacatarina.mx\/consejos\/el-nino-se-volvera-muy-fuerte-aumentando-el-riesgo-de-fenomenos-extremos\/#article","isPartOf":{"@id":"https:\/\/stacatarina.mx\/consejos\/el-nino-se-volvera-muy-fuerte-aumentando-el-riesgo-de-fenomenos-extremos\/"},"author":{"name":"Pedro Mart\u00ednez","@id":"https:\/\/stacatarina.mx\/consejos\/#\/schema\/person\/0be60adffa8e4c4d0828fdf021450e8a"},"headline":"El Ni\u00f1o se volver\u00e1 muy fuerte, aumentando el riesgo de fen\u00f3menos extremos&#8230;","datePublished":"2026-09-04T17:52:25+00:00","dateModified":"2026-09-04T17:52:26+00:00","mainEntityOfPage":{"@id":"https:\/\/stacatarina.mx\/consejos\/el-nino-se-volvera-muy-fuerte-aumentando-el-riesgo-de-fenomenos-extremos\/"},"wordCount":1791,"publisher":{"@id":"https:\/\/stacatarina.mx\/consejos\/#organization"},"image":{"@id":"https:\/\/stacatarina.mx\/consejos\/el-nino-se-volvera-muy-fuerte-aumentando-el-riesgo-de-fenomenos-extremos\/#primaryimage"},"thumbnailUrl":"https:\/\/stacatarina.mx\/consejos\/wp-content\/uploads\/2026\/09\/El-Nino-se-volvera-muy-fuerte-aumentando-el-riesgo-de.jpg","keywords":["aumentando","extremos","fen\u00f3menos","fuerte","muy","Ni\u00f1o","riesgo","volver\u00e1"],"articleSection":["Fauna y Flora"],"inLanguage":"es"},{"@type":"WebPage","@id":"https:\/\/stacatarina.mx\/consejos\/el-nino-se-volvera-muy-fuerte-aumentando-el-riesgo-de-fenomenos-extremos\/","url":"https:\/\/stacatarina.mx\/consejos\/el-nino-se-volvera-muy-fuerte-aumentando-el-riesgo-de-fenomenos-extremos\/","name":"El Ni\u00f1o se volver\u00e1 muy fuerte, aumentando el riesgo de fen\u00f3menos extremos... - Consejos - Santa Catarina","isPartOf":{"@id":"https:\/\/stacatarina.mx\/consejos\/#website"},"primaryImageOfPage":{"@id":"https:\/\/stacatarina.mx\/consejos\/el-nino-se-volvera-muy-fuerte-aumentando-el-riesgo-de-fenomenos-extremos\/#primaryimage"},"image":{"@id":"https:\/\/stacatarina.mx\/consejos\/el-nino-se-volvera-muy-fuerte-aumentando-el-riesgo-de-fenomenos-extremos\/#primaryimage"},"thumbnailUrl":"https:\/\/stacatarina.mx\/consejos\/wp-content\/uploads\/2026\/09\/El-Nino-se-volvera-muy-fuerte-aumentando-el-riesgo-de.jpg","datePublished":"2026-09-04T17:52:25+00:00","dateModified":"2026-09-04T17:52:26+00:00","breadcrumb":{"@id":"https:\/\/stacatarina.mx\/consejos\/el-nino-se-volvera-muy-fuerte-aumentando-el-riesgo-de-fenomenos-extremos\/#breadcrumb"},"inLanguage":"es","potentialAction":[{"@type":"ReadAction","target":["https:\/\/stacatarina.mx\/consejos\/el-nino-se-volvera-muy-fuerte-aumentando-el-riesgo-de-fenomenos-extremos\/"]}]},{"@type":"ImageObject","inLanguage":"es","@id":"https:\/\/stacatarina.mx\/consejos\/el-nino-se-volvera-muy-fuerte-aumentando-el-riesgo-de-fenomenos-extremos\/#primaryimage","url":"https:\/\/stacatarina.mx\/consejos\/wp-content\/uploads\/2026\/09\/El-Nino-se-volvera-muy-fuerte-aumentando-el-riesgo-de.jpg","contentUrl":"https:\/\/stacatarina.mx\/consejos\/wp-content\/uploads\/2026\/09\/El-Nino-se-volvera-muy-fuerte-aumentando-el-riesgo-de.jpg","width":900,"height":600,"caption":"El Ni\u00f1o set to become very strong, raising risks of extreme weather into 2027"},{"@type":"BreadcrumbList","@id":"https:\/\/stacatarina.mx\/consejos\/el-nino-se-volvera-muy-fuerte-aumentando-el-riesgo-de-fenomenos-extremos\/#breadcrumb","itemListElement":[{"@type":"ListItem","position":1,"name":"Inicio","item":"https:\/\/stacatarina.mx\/consejos\/"},{"@type":"ListItem","position":2,"name":"El Ni\u00f1o se volver\u00e1 muy fuerte, aumentando el riesgo de fen\u00f3menos extremos&#8230;"}]},{"@type":"WebSite","@id":"https:\/\/stacatarina.mx\/consejos\/#website","url":"https:\/\/stacatarina.mx\/consejos\/","name":"Santa Catarina","description":"","publisher":{"@id":"https:\/\/stacatarina.mx\/consejos\/#organization"},"potentialAction":[{"@type":"SearchAction","target":{"@type":"EntryPoint","urlTemplate":"https:\/\/stacatarina.mx\/consejos\/?s={search_term_string}"},"query-input":{"@type":"PropertyValueSpecification","valueRequired":true,"valueName":"search_term_string"}}],"inLanguage":"es"},{"@type":"Organization","@id":"https:\/\/stacatarina.mx\/consejos\/#organization","name":"Santa Catarina","url":"https:\/\/stacatarina.mx\/consejos\/","logo":{"@type":"ImageObject","inLanguage":"es","@id":"https:\/\/stacatarina.mx\/consejos\/#\/schema\/logo\/image\/","url":"https:\/\/stacatarina.mx\/consejos\/wp-content\/uploads\/2024\/09\/cropped-favicon-1-1.png","contentUrl":"https:\/\/stacatarina.mx\/consejos\/wp-content\/uploads\/2024\/09\/cropped-favicon-1-1.png","width":512,"height":512,"caption":"Santa Catarina"},"image":{"@id":"https:\/\/stacatarina.mx\/consejos\/#\/schema\/logo\/image\/"},"sameAs":["https:\/\/www.facebook.com\/stacatarinagob\/","https:\/\/x.com\/stacatarinagob","https:\/\/www.instagram.com\/stacatarinagob\/","https:\/\/www.youtube.com\/channel\/UCK-6cQJL_904665N1_nLTWw"]},{"@type":"Person","@id":"https:\/\/stacatarina.mx\/consejos\/#\/schema\/person\/0be60adffa8e4c4d0828fdf021450e8a","name":"Pedro Mart\u00ednez","image":{"@type":"ImageObject","inLanguage":"es","@id":"https:\/\/stacatarina.mx\/consejos\/#\/schema\/person\/image\/","url":"https:\/\/stacatarina.mx\/consejos\/wp-content\/uploads\/2024\/09\/stacatarina.jpg","contentUrl":"https:\/\/stacatarina.mx\/consejos\/wp-content\/uploads\/2024\/09\/stacatarina.jpg","caption":"Pedro Mart\u00ednez"},"description":"Hola, soy Pedro Mart\u00ednez, redactor jefe del sitio oficial del ayuntamiento de Santa Catarina, en M\u00e9xico. Con m\u00e1s de diez a\u00f1os de experiencia en el periodismo local, tengo una pasi\u00f3n por la investigaci\u00f3n y la difusi\u00f3n de informaci\u00f3n que valoriza nuestra hermosa comunidad. Mi compromiso es hacer de Santa Catarina una referencia en materia de transparencia y comunicaci\u00f3n municipal.","sameAs":["https:\/\/stacatarina.mx\/"]}]}},"_links":{"self":[{"href":"https:\/\/stacatarina.mx\/consejos\/wp-json\/wp\/v2\/posts\/10928"}],"collection":[{"href":"https:\/\/stacatarina.mx\/consejos\/wp-json\/wp\/v2\/posts"}],"about":[{"href":"https:\/\/stacatarina.mx\/consejos\/wp-json\/wp\/v2\/types\/post"}],"author":[{"embeddable":true,"href":"https:\/\/stacatarina.mx\/consejos\/wp-json\/wp\/v2\/users\/1"}],"replies":[{"embeddable":true,"href":"https:\/\/stacatarina.mx\/consejos\/wp-json\/wp\/v2\/comments?post=10928"}],"version-history":[{"count":1,"href":"https:\/\/stacatarina.mx\/consejos\/wp-json\/wp\/v2\/posts\/10928\/revisions"}],"predecessor-version":[{"id":10930,"href":"https:\/\/stacatarina.mx\/consejos\/wp-json\/wp\/v2\/posts\/10928\/revisions\/10930"}],"wp:featuredmedia":[{"embeddable":true,"href":"https:\/\/stacatarina.mx\/consejos\/wp-json\/wp\/v2\/media\/10929"}],"wp:attachment":[{"href":"https:\/\/stacatarina.mx\/consejos\/wp-json\/wp\/v2\/media?parent=10928"}],"wp:term":[{"taxonomy":"category","embeddable":true,"href":"https:\/\/stacatarina.mx\/consejos\/wp-json\/wp\/v2\/categories?post=10928"},{"taxonomy":"post_tag","embeddable":true,"href":"https:\/\/stacatarina.mx\/consejos\/wp-json\/wp\/v2\/tags?post=10928"}],"curies":[{"name":"wp","href":"https:\/\/api.w.org\/{rel}","templated":true}]}}