{"id":10934,"date":"2026-09-04T16:52:27","date_gmt":"2026-09-04T22:52:27","guid":{"rendered":"https:\/\/stacatarina.mx\/consejos\/la-perdida-de-biodiversidad-reconocida-como-un-problema-creciente-para-la-seguridad-nacional-y\/"},"modified":"2026-09-04T16:52:29","modified_gmt":"2026-09-04T22:52:29","slug":"la-perdida-de-biodiversidad-reconocida-como-un-problema-creciente-para-la-seguridad-nacional-y","status":"publish","type":"post","link":"https:\/\/stacatarina.mx\/consejos\/la-perdida-de-biodiversidad-reconocida-como-un-problema-creciente-para-la-seguridad-nacional-y\/","title":{"rendered":"La p\u00e9rdida de biodiversidad reconocida como un problema creciente para la seguridad nacional y&#8230;"},"content":{"rendered":"<div class=\"entry-content\">\n<p class=\"wp-block-paragraph\">La p\u00e9rdida de biodiversidad global y el colapso de los ecosistemas plantean riesgos para la seguridad nacional, la seguridad alimentaria y la prosperidad del Reino Unido, seg\u00fan una evaluaci\u00f3n del gobierno discutida por los parlamentarios en Westminster Hall esta semana.<\/p>\n<p class=\"wp-block-paragraph\">La evaluaci\u00f3n, publicada por Defra en enero, examina c\u00f3mo la degradaci\u00f3n y el posible colapso de ecosistemas cr\u00edticos podr\u00edan afectar al Reino Unido. Concluye que la degradaci\u00f3n y el colapso de los ecosistemas globales amenazan la seguridad y la prosperidad nacional del Reino Unido, con impactos que incluyen la interrupci\u00f3n del suministro de alimentos y agua, la intensificaci\u00f3n de los desastres naturales y una inestabilidad geopol\u00edtica m\u00e1s amplia.<\/p>\n<p class=\"wp-block-paragraph\">La evaluaci\u00f3n identifica seis regiones ecosist\u00e9micas de importancia mundial como cr\u00edticas para la seguridad nacional del Reino Unido: la selva amaz\u00f3nica, la cuenca del Congo, los arrecifes de coral y manglares del sudeste asi\u00e1tico, el Himalaya y los bosques boreales de Rusia y Canad\u00e1. Concluye que todos estos ecosistemas est\u00e1n en camino al colapso si contin\u00faan las tasas actuales de p\u00e9rdida de biodiversidad.<\/p>\n<p class=\"wp-block-paragraph\">El 3 de septiembre tuvo lugar un debate en el Westminster Hall sobre la evaluaci\u00f3n, lo que brind\u00f3 a los parlamentarios la oportunidad de considerar las implicaciones de la degradaci\u00f3n y el colapso de los ecosistemas para el Reino Unido.<\/p>\n<h4 class=\"wp-block-heading\">P\u00e9rdida de naturaleza y resiliencia nacional<\/h4>\n<p class=\"wp-block-paragraph\">La evaluaci\u00f3n del gobierno hace una distinci\u00f3n entre degradaci\u00f3n de los ecosistemas y colapso de los ecosistemas. Define la degradaci\u00f3n como una reducci\u00f3n a largo plazo de la estructura, funcionalidad o capacidad de un ecosistema para proporcionar beneficios a las personas, mientras que el colapso ocurre cuando un ecosistema supera un umbral cr\u00edtico y ya no puede mantener funciones o estructura esenciales.<\/p>\n<p class=\"wp-block-paragraph\">Advierte que el colapso de los ecosistemas podr\u00eda tener consecuencias que se extender\u00edan mucho m\u00e1s all\u00e1 de las \u00e1reas directamente afectadas. Los posibles impactos incluyen reducci\u00f3n del rendimiento de los cultivos, inseguridad h\u00eddrica, colapso de la pesca, cambios en los patrones clim\u00e1ticos globales, mayor competencia por los recursos y mayor inestabilidad geopol\u00edtica.<\/p>\n<p class=\"wp-block-paragraph\">La evaluaci\u00f3n tambi\u00e9n destaca la incertidumbre que rodea el momento del colapso del ecosistema. Si bien concluye que todos los ecosistemas cr\u00edticos est\u00e1n en camino al colapso, solo da una confianza baja o media a algunas estimaciones sobre cu\u00e1ndo podr\u00eda comenzar el colapso.<\/p>\n<p class=\"wp-block-paragraph\">Para el Reino Unido, las implicaciones son particularmente relevantes para la seguridad alimentaria. La evaluaci\u00f3n dice que el pa\u00eds depende de las importaciones para una proporci\u00f3n de sus alimentos y fertilizantes y podr\u00eda enfrentar una mayor vulnerabilidad si la degradaci\u00f3n del ecosistema contribuyera a la competencia internacional por alimentos y otros recursos.<\/p>\n<h4 class=\"wp-block-heading\">La condici\u00f3n del paisaje aumenta la vulnerabilidad clim\u00e1tica<\/h4>\n<p class=\"wp-block-paragraph\">Wildlife Trusts ha vinculado estas preocupaciones m\u00e1s amplias de seguridad nacional con la condici\u00f3n de los propios paisajes del Reino Unido, argumentando que d\u00e9cadas de drenaje y degradaci\u00f3n del h\u00e1bitat han reducido su capacidad para resistir condiciones clim\u00e1ticas extremas.<\/p>\n<p class=\"wp-block-paragraph\">La organizaci\u00f3n dice que veranos m\u00e1s calurosos y secos e inviernos m\u00e1s h\u00famedos est\u00e1n exponiendo los paisajes a riesgos crecientes de incendios forestales, sequ\u00edas e inundaciones. Sostiene que la restauraci\u00f3n de humedales, turberas, r\u00edos y llanuras aluviales puede ayudar a los paisajes a retener agua y proporcionar una mayor resiliencia a los extremos clim\u00e1ticos.<\/p>\n<p class=\"wp-block-paragraph\">Seg\u00fan The Wildlife Trusts, Inglaterra ha perdido el 90% de sus humedales, incluidos casi medio mill\u00f3n de estanques. Tambi\u00e9n se\u00f1ala el drenaje de los p\u00e1ramos de las tierras altas y los pantanos de las tierras bajas, la modificaci\u00f3n de los r\u00edos y el uso generalizado de drenajes en los campos como cambios que han reducido la capacidad natural del paisaje para retener agua.<\/p>\n<p class=\"wp-block-paragraph\">El argumento es que la recuperaci\u00f3n de la naturaleza puede proporcionar beneficios de adaptaci\u00f3n al clima junto con ganancias de biodiversidad, particularmente cuando la restauraci\u00f3n restaura procesos hidrol\u00f3gicos naturales.<\/p>\n<h4 class=\"wp-block-heading\">Evidencia de h\u00e1bitats restaurados<\/h4>\n<p class=\"wp-block-paragraph\">Wildlife Trusts se\u00f1ala ejemplos de toda su red como evidencia de la contribuci\u00f3n potencial de los enfoques basados \u200b\u200ben la naturaleza.<\/p>\n<p class=\"wp-block-paragraph\">En Upton Heath, en Dorset, la organizaci\u00f3n dice que el h\u00e1bitat de los pantanos h\u00famedos ayud\u00f3 a frenar la propagaci\u00f3n de un incendio en los brezales el a\u00f1o pasado y que posteriormente el sitio se recuper\u00f3 m\u00e1s r\u00e1pidamente debido a sus condiciones de humedad.<\/p>\n<p class=\"wp-block-paragraph\">En Shropshire, las medidas naturales de gesti\u00f3n de inundaciones han ayudado a retener agua y mantener h\u00famedas las zonas de humedales a pesar de las condiciones de sequ\u00eda.<\/p>\n<p class=\"wp-block-paragraph\">En Devon, los castores han creado humedales que retuvieron agua durante la sequ\u00eda, y sus represas tambi\u00e9n crearon \u00e1reas m\u00e1s h\u00famedas dentro de paisajes que de otro modo ser\u00edan secos.<\/p>\n<p class=\"wp-block-paragraph\">El Dr. Rob Stoneman, director de recuperaci\u00f3n del paisaje de The Wildlife Trusts, dijo: &#8220;La restauraci\u00f3n de la naturaleza es una de las formas m\u00e1s rentables de ayudar a proteger a las comunidades de los impactos clim\u00e1ticos, desde el riesgo de incendios hasta las inundaciones y el aumento del nivel del mar&#8221;.<\/p>\n<p class=\"wp-block-paragraph\">La organizaci\u00f3n sostiene que estos ejemplos demuestran el potencial de los ecosistemas saludables para funcionar como una forma de infraestructura natural, proporcionando servicios que pueden ayudar a las comunidades y los paisajes a hacer frente a los extremos clim\u00e1ticos.<\/p>\n<h4 class=\"wp-block-heading\">Riesgo de incendios forestales y gesti\u00f3n del h\u00e1bitat<\/h4>\n<p class=\"wp-block-paragraph\">Los incendios forestales han proporcionado este a\u00f1o un ejemplo particularmente visible de la interacci\u00f3n entre las condiciones clim\u00e1ticas y la resiliencia del paisaje.<\/p>\n<p class=\"wp-block-paragraph\">Wildlife Trusts dice que m\u00e1s de 21.000 hect\u00e1reas de campo brit\u00e1nico se ver\u00e1n afectadas por incendios forestales en 2026. Atribuye el mayor riesgo a condiciones m\u00e1s c\u00e1lidas y secas combinadas con paisajes degradados y drenados.<\/p>\n<p class=\"wp-block-paragraph\">El problema tambi\u00e9n ha generado cr\u00edticas a algunas formas de restauraci\u00f3n de la vida silvestre, con afirmaciones de que h\u00e1bitats como los matorrales y la madera muerta pueden aumentar la cantidad de vegetaci\u00f3n disponible para quemar.<\/p>\n<p class=\"wp-block-paragraph\">Wildlife Trusts rechaza esto como una explicaci\u00f3n adecuada del creciente riesgo de incendios forestales. Sostiene que eliminar el h\u00e1bitat de la vida silvestre no es una respuesta sostenible a largo plazo y dice que los cortafuegos cuidadosamente ubicados siguen siendo importantes cuando corresponda.<\/p>\n<p class=\"wp-block-paragraph\">Su posici\u00f3n es que el riesgo de incendios forestales debe abordarse junto con los factores subyacentes identificados en su an\u00e1lisis: un clima m\u00e1s c\u00e1lido y seco, tierras degradadas y paisajes con una resiliencia natural reducida.<\/p>\n<h4 class=\"wp-block-heading\">Respuesta del gobierno<\/h4>\n<p class=\"wp-block-paragraph\">La Secretaria de Medio Ambiente, Angela Eagle, tambi\u00e9n ha argumentado que la restauraci\u00f3n de los sistemas naturales deber\u00eda formar parte de la respuesta del Reino Unido al cambio clim\u00e1tico.<\/p>\n<p class=\"wp-block-paragraph\">Escribiendo en The Guardian en agosto, Eagle dijo que la sequ\u00eda, el calor y los incendios forestales del verano deber\u00edan reforzar los argumentos a favor de la acci\u00f3n en lugar de debilitar los esfuerzos para restaurar el medio ambiente natural.<\/p>\n<p class=\"wp-block-paragraph\">Ella escribi\u00f3: &#8220;Deber\u00eda ser una llamada de atenci\u00f3n para aquellos que dicen que las preocupaciones sobre la crisis clim\u00e1tica son exageradas; que deber\u00edamos simplemente sentarnos y no hacer nada; o dar marcha atr\u00e1s en los intentos de restaurar nuestro medio ambiente natural. Como nueva secretaria de Medio Ambiente, no permitir\u00e9 que eso suceda&#8221;.<\/p>\n<p class=\"wp-block-paragraph\">Eagle tambi\u00e9n argument\u00f3 que los ecosistemas saludables pueden retener agua y ayudar a actuar como cortafuegos naturales, al tiempo que sostuvo que la adaptaci\u00f3n clim\u00e1tica requerir\u00eda atenci\u00f3n e inversi\u00f3n continuas del gobierno.<\/p>\n<p class=\"wp-block-paragraph\">The Wildlife Trusts acogi\u00f3 con satisfacci\u00f3n este reconocimiento del papel de los ecosistemas saludables en la retenci\u00f3n de agua, la reducci\u00f3n del riesgo de incendios forestales y la ayuda a las comunidades a adaptarse al cambio clim\u00e1tico. Pide una mayor inversi\u00f3n en soluciones basadas en la naturaleza en lugar de depender principalmente de respuestas a corto plazo a eventos clim\u00e1ticos extremos individuales.<\/p>\n<h4 class=\"wp-block-heading\">Restaurar la resiliencia a trav\u00e9s de la recuperaci\u00f3n de la naturaleza<\/h4>\n<p class=\"wp-block-paragraph\">Wildlife Trusts pide medidas gubernamentales en tres \u00e1reas.<\/p>\n<p class=\"wp-block-paragraph\">En primer lugar, quiere hacer mayor hincapi\u00e9 en la restauraci\u00f3n de paisajes m\u00e1s h\u00famedos y resilientes a trav\u00e9s de medidas que incluyen la rehumidificaci\u00f3n de las turberas, la creaci\u00f3n de humedales y una gesti\u00f3n de la tierra m\u00e1s respetuosa con la naturaleza.<\/p>\n<p class=\"wp-block-paragraph\">En segundo lugar, pide medidas m\u00e1s r\u00e1pidas para reducir las emisiones de gases de efecto invernadero y poner fin a la dependencia de los combustibles f\u00f3siles, argumentando que la adaptaci\u00f3n debe ir acompa\u00f1ada de esfuerzos para limitar un mayor cambio clim\u00e1tico.<\/p>\n<p class=\"wp-block-paragraph\">En tercer lugar, quiere que la naturaleza sea tratada como infraestructura esencial cuando se toman decisiones sobre vivienda, transporte y otros desarrollos. La organizaci\u00f3n se\u00f1ala medidas como calles arboladas y sistemas de drenaje urbano como ejemplos de c\u00f3mo los sistemas naturales pueden contribuir a la resiliencia clim\u00e1tica.<\/p>\n<p class=\"wp-block-paragraph\">Tambi\u00e9n pide que los consejos tengan mayores poderes para utilizar medidas basadas en la naturaleza para proteger a las comunidades de los crecientes riesgos clim\u00e1ticos, como parte del enfoque del gobierno hacia la devoluci\u00f3n del poder ingl\u00e9s.<\/p>\n<p class=\"wp-block-paragraph\">La importancia m\u00e1s amplia del debate en el Westminster Hall es que la p\u00e9rdida de biodiversidad se considera cada vez m\u00e1s junto con los riesgos convencionales de seguridad nacional y resiliencia. La evaluaci\u00f3n del gobierno establece el potencial de que la degradaci\u00f3n y el colapso de los ecosistemas afecten los alimentos, el agua, la estabilidad econ\u00f3mica y la seguridad geopol\u00edtica, mientras que The Wildlife Trusts sostiene que la restauraci\u00f3n de los ecosistemas dentro del Reino Unido deber\u00eda formar parte de la respuesta del pa\u00eds a esos riesgos.<\/p>\n<hr class=\"wp-block-separator has-alpha-channel-opacity\">\n<p class=\"wp-block-paragraph\"><em>Lea m\u00e1s en el \u00faltimo blog de The Wildlife Trusts para obtener m\u00e1s informaci\u00f3n sobre este tema: Dejamos seca a Gran Breta\u00f1a. Ahora lo estamos viendo arder | Los fideicomisos de vida silvestre<\/em><\/p>\n<p class=\"wp-block-paragraph\"><em>Foto de Valentin Salja en Unsplash<\/em><\/p>\n<p class=\"wp-block-paragraph\">\n<p><!-- Error, Advert is not available at this time due to schedule\/geolocation restrictions! -->\t<\/div>\n","protected":false},"excerpt":{"rendered":"<p>La p\u00e9rdida de biodiversidad global y el colapso de los ecosistemas plantean riesgos para la seguridad nacional, la seguridad alimentaria y la prosperidad del Reino<\/p>\n","protected":false},"author":1,"featured_media":10935,"comment_status":"closed","ping_status":"","sticky":false,"template":"","format":"standard","meta":{"footnotes":""},"categories":[68],"tags":[1660,15,7960,1175,29,2273,302,7373,1550,853],"class_list":["post-10934","post","type-post","status-publish","format-standard","has-post-thumbnail","hentry","category-fauna-y-flora","tag-biodiversidad","tag-como","tag-creciente","tag-nacional","tag-para","tag-perdida","tag-problema","tag-reconocida","tag-seguridad","tag-y","generate-columns","tablet-grid-50","mobile-grid-100","grid-parent","grid-50"],"yoast_head":"<!-- This site is optimized with the Yoast SEO plugin v23.4 - https:\/\/yoast.com\/wordpress\/plugins\/seo\/ -->\n<title>La p\u00e9rdida de biodiversidad reconocida como un problema creciente para la seguridad nacional y... - Consejos - Santa Catarina<\/title>\n<meta name=\"robots\" content=\"index, follow, max-snippet:-1, max-image-preview:large, max-video-preview:-1\" \/>\n<link rel=\"canonical\" href=\"https:\/\/stacatarina.mx\/consejos\/la-perdida-de-biodiversidad-reconocida-como-un-problema-creciente-para-la-seguridad-nacional-y\/\" \/>\n<meta property=\"og:locale\" content=\"es_MX\" \/>\n<meta property=\"og:type\" content=\"article\" \/>\n<meta property=\"og:title\" content=\"La p\u00e9rdida de biodiversidad reconocida como un problema creciente para la seguridad nacional y... - Consejos - Santa Catarina\" \/>\n<meta property=\"og:description\" content=\"La p\u00e9rdida de biodiversidad global y el colapso de los ecosistemas plantean riesgos para la seguridad nacional, la seguridad alimentaria y la prosperidad del Reino\" \/>\n<meta property=\"og:url\" content=\"https:\/\/stacatarina.mx\/consejos\/la-perdida-de-biodiversidad-reconocida-como-un-problema-creciente-para-la-seguridad-nacional-y\/\" \/>\n<meta property=\"og:site_name\" content=\"Santa Catarina\" \/>\n<meta property=\"article:publisher\" content=\"https:\/\/www.facebook.com\/stacatarinagob\/\" \/>\n<meta property=\"article:published_time\" content=\"2026-09-04T22:52:27+00:00\" \/>\n<meta property=\"article:modified_time\" content=\"2026-09-04T22:52:29+00:00\" \/>\n<meta property=\"og:image\" content=\"https:\/\/stacatarina.mx\/consejos\/wp-content\/uploads\/2026\/09\/La-perdida-de-biodiversidad-reconocida-como-un-problema-creciente-para.jpg\" \/>\n\t<meta property=\"og:image:width\" content=\"900\" \/>\n\t<meta property=\"og:image:height\" content=\"561\" \/>\n\t<meta property=\"og:image:type\" content=\"image\/jpeg\" \/>\n<meta name=\"author\" content=\"Pedro Mart\u00ednez\" \/>\n<meta name=\"twitter:card\" content=\"summary_large_image\" \/>\n<meta name=\"twitter:creator\" content=\"@stacatarinagob\" \/>\n<meta name=\"twitter:site\" content=\"@stacatarinagob\" \/>\n<meta name=\"twitter:label1\" content=\"Escrito por\" \/>\n\t<meta name=\"twitter:data1\" content=\"Pedro Mart\u00ednez\" \/>\n\t<meta name=\"twitter:label2\" content=\"Tiempo de lectura\" \/>\n\t<meta name=\"twitter:data2\" content=\"9 minutos\" \/>\n<script type=\"application\/ld+json\" class=\"yoast-schema-graph\">{\"@context\":\"https:\/\/schema.org\",\"@graph\":[{\"@type\":\"Article\",\"@id\":\"https:\/\/stacatarina.mx\/consejos\/la-perdida-de-biodiversidad-reconocida-como-un-problema-creciente-para-la-seguridad-nacional-y\/#article\",\"isPartOf\":{\"@id\":\"https:\/\/stacatarina.mx\/consejos\/la-perdida-de-biodiversidad-reconocida-como-un-problema-creciente-para-la-seguridad-nacional-y\/\"},\"author\":{\"name\":\"Pedro Mart\u00ednez\",\"@id\":\"https:\/\/stacatarina.mx\/consejos\/#\/schema\/person\/0be60adffa8e4c4d0828fdf021450e8a\"},\"headline\":\"La p\u00e9rdida de biodiversidad reconocida como un problema creciente para la seguridad nacional y&#8230;\",\"datePublished\":\"2026-09-04T22:52:27+00:00\",\"dateModified\":\"2026-09-04T22:52:29+00:00\",\"mainEntityOfPage\":{\"@id\":\"https:\/\/stacatarina.mx\/consejos\/la-perdida-de-biodiversidad-reconocida-como-un-problema-creciente-para-la-seguridad-nacional-y\/\"},\"wordCount\":1742,\"publisher\":{\"@id\":\"https:\/\/stacatarina.mx\/consejos\/#organization\"},\"image\":{\"@id\":\"https:\/\/stacatarina.mx\/consejos\/la-perdida-de-biodiversidad-reconocida-como-un-problema-creciente-para-la-seguridad-nacional-y\/#primaryimage\"},\"thumbnailUrl\":\"https:\/\/stacatarina.mx\/consejos\/wp-content\/uploads\/2026\/09\/La-perdida-de-biodiversidad-reconocida-como-un-problema-creciente-para.jpg\",\"keywords\":[\"biodiversidad\",\"c\u00f3mo\",\"creciente\",\"Nacional\",\"para\",\"p\u00e9rdida\",\"problema\",\"reconocida\",\"seguridad\",\"y..\"],\"articleSection\":[\"Fauna y Flora\"],\"inLanguage\":\"es\"},{\"@type\":\"WebPage\",\"@id\":\"https:\/\/stacatarina.mx\/consejos\/la-perdida-de-biodiversidad-reconocida-como-un-problema-creciente-para-la-seguridad-nacional-y\/\",\"url\":\"https:\/\/stacatarina.mx\/consejos\/la-perdida-de-biodiversidad-reconocida-como-un-problema-creciente-para-la-seguridad-nacional-y\/\",\"name\":\"La p\u00e9rdida de biodiversidad reconocida como un problema creciente para la seguridad nacional y... - Consejos - Santa Catarina\",\"isPartOf\":{\"@id\":\"https:\/\/stacatarina.mx\/consejos\/#website\"},\"primaryImageOfPage\":{\"@id\":\"https:\/\/stacatarina.mx\/consejos\/la-perdida-de-biodiversidad-reconocida-como-un-problema-creciente-para-la-seguridad-nacional-y\/#primaryimage\"},\"image\":{\"@id\":\"https:\/\/stacatarina.mx\/consejos\/la-perdida-de-biodiversidad-reconocida-como-un-problema-creciente-para-la-seguridad-nacional-y\/#primaryimage\"},\"thumbnailUrl\":\"https:\/\/stacatarina.mx\/consejos\/wp-content\/uploads\/2026\/09\/La-perdida-de-biodiversidad-reconocida-como-un-problema-creciente-para.jpg\",\"datePublished\":\"2026-09-04T22:52:27+00:00\",\"dateModified\":\"2026-09-04T22:52:29+00:00\",\"breadcrumb\":{\"@id\":\"https:\/\/stacatarina.mx\/consejos\/la-perdida-de-biodiversidad-reconocida-como-un-problema-creciente-para-la-seguridad-nacional-y\/#breadcrumb\"},\"inLanguage\":\"es\",\"potentialAction\":[{\"@type\":\"ReadAction\",\"target\":[\"https:\/\/stacatarina.mx\/consejos\/la-perdida-de-biodiversidad-reconocida-como-un-problema-creciente-para-la-seguridad-nacional-y\/\"]}]},{\"@type\":\"ImageObject\",\"inLanguage\":\"es\",\"@id\":\"https:\/\/stacatarina.mx\/consejos\/la-perdida-de-biodiversidad-reconocida-como-un-problema-creciente-para-la-seguridad-nacional-y\/#primaryimage\",\"url\":\"https:\/\/stacatarina.mx\/consejos\/wp-content\/uploads\/2026\/09\/La-perdida-de-biodiversidad-reconocida-como-un-problema-creciente-para.jpg\",\"contentUrl\":\"https:\/\/stacatarina.mx\/consejos\/wp-content\/uploads\/2026\/09\/La-perdida-de-biodiversidad-reconocida-como-un-problema-creciente-para.jpg\",\"width\":900,\"height\":561,\"caption\":\"Biodiversity loss recognised as a growing national security and resilience risk\"},{\"@type\":\"BreadcrumbList\",\"@id\":\"https:\/\/stacatarina.mx\/consejos\/la-perdida-de-biodiversidad-reconocida-como-un-problema-creciente-para-la-seguridad-nacional-y\/#breadcrumb\",\"itemListElement\":[{\"@type\":\"ListItem\",\"position\":1,\"name\":\"Inicio\",\"item\":\"https:\/\/stacatarina.mx\/consejos\/\"},{\"@type\":\"ListItem\",\"position\":2,\"name\":\"La p\u00e9rdida de biodiversidad reconocida como un problema creciente para la seguridad nacional y&#8230;\"}]},{\"@type\":\"WebSite\",\"@id\":\"https:\/\/stacatarina.mx\/consejos\/#website\",\"url\":\"https:\/\/stacatarina.mx\/consejos\/\",\"name\":\"Santa Catarina\",\"description\":\"\",\"publisher\":{\"@id\":\"https:\/\/stacatarina.mx\/consejos\/#organization\"},\"potentialAction\":[{\"@type\":\"SearchAction\",\"target\":{\"@type\":\"EntryPoint\",\"urlTemplate\":\"https:\/\/stacatarina.mx\/consejos\/?s={search_term_string}\"},\"query-input\":{\"@type\":\"PropertyValueSpecification\",\"valueRequired\":true,\"valueName\":\"search_term_string\"}}],\"inLanguage\":\"es\"},{\"@type\":\"Organization\",\"@id\":\"https:\/\/stacatarina.mx\/consejos\/#organization\",\"name\":\"Santa Catarina\",\"url\":\"https:\/\/stacatarina.mx\/consejos\/\",\"logo\":{\"@type\":\"ImageObject\",\"inLanguage\":\"es\",\"@id\":\"https:\/\/stacatarina.mx\/consejos\/#\/schema\/logo\/image\/\",\"url\":\"https:\/\/stacatarina.mx\/consejos\/wp-content\/uploads\/2024\/09\/cropped-favicon-1-1.png\",\"contentUrl\":\"https:\/\/stacatarina.mx\/consejos\/wp-content\/uploads\/2024\/09\/cropped-favicon-1-1.png\",\"width\":512,\"height\":512,\"caption\":\"Santa Catarina\"},\"image\":{\"@id\":\"https:\/\/stacatarina.mx\/consejos\/#\/schema\/logo\/image\/\"},\"sameAs\":[\"https:\/\/www.facebook.com\/stacatarinagob\/\",\"https:\/\/x.com\/stacatarinagob\",\"https:\/\/www.instagram.com\/stacatarinagob\/\",\"https:\/\/www.youtube.com\/channel\/UCK-6cQJL_904665N1_nLTWw\"]},{\"@type\":\"Person\",\"@id\":\"https:\/\/stacatarina.mx\/consejos\/#\/schema\/person\/0be60adffa8e4c4d0828fdf021450e8a\",\"name\":\"Pedro Mart\u00ednez\",\"image\":{\"@type\":\"ImageObject\",\"inLanguage\":\"es\",\"@id\":\"https:\/\/stacatarina.mx\/consejos\/#\/schema\/person\/image\/\",\"url\":\"https:\/\/stacatarina.mx\/consejos\/wp-content\/uploads\/2024\/09\/stacatarina.jpg\",\"contentUrl\":\"https:\/\/stacatarina.mx\/consejos\/wp-content\/uploads\/2024\/09\/stacatarina.jpg\",\"caption\":\"Pedro Mart\u00ednez\"},\"description\":\"Hola, soy Pedro Mart\u00ednez, redactor jefe del sitio oficial del ayuntamiento de Santa Catarina, en M\u00e9xico. Con m\u00e1s de diez a\u00f1os de experiencia en el periodismo local, tengo una pasi\u00f3n por la investigaci\u00f3n y la difusi\u00f3n de informaci\u00f3n que valoriza nuestra hermosa comunidad. Mi compromiso es hacer de Santa Catarina una referencia en materia de transparencia y comunicaci\u00f3n municipal.\",\"sameAs\":[\"https:\/\/stacatarina.mx\/\"]}]}<\/script>\n<!-- \/ Yoast SEO plugin. -->","yoast_head_json":{"title":"La p\u00e9rdida de biodiversidad reconocida como un problema creciente para la seguridad nacional y... - Consejos - Santa Catarina","robots":{"index":"index","follow":"follow","max-snippet":"max-snippet:-1","max-image-preview":"max-image-preview:large","max-video-preview":"max-video-preview:-1"},"canonical":"https:\/\/stacatarina.mx\/consejos\/la-perdida-de-biodiversidad-reconocida-como-un-problema-creciente-para-la-seguridad-nacional-y\/","og_locale":"es_MX","og_type":"article","og_title":"La p\u00e9rdida de biodiversidad reconocida como un problema creciente para la seguridad nacional y... - Consejos - Santa Catarina","og_description":"La p\u00e9rdida de biodiversidad global y el colapso de los ecosistemas plantean riesgos para la seguridad nacional, la seguridad alimentaria y la prosperidad del Reino","og_url":"https:\/\/stacatarina.mx\/consejos\/la-perdida-de-biodiversidad-reconocida-como-un-problema-creciente-para-la-seguridad-nacional-y\/","og_site_name":"Santa Catarina","article_publisher":"https:\/\/www.facebook.com\/stacatarinagob\/","article_published_time":"2026-09-04T22:52:27+00:00","article_modified_time":"2026-09-04T22:52:29+00:00","og_image":[{"width":900,"height":561,"url":"https:\/\/stacatarina.mx\/consejos\/wp-content\/uploads\/2026\/09\/La-perdida-de-biodiversidad-reconocida-como-un-problema-creciente-para.jpg","type":"image\/jpeg"}],"author":"Pedro Mart\u00ednez","twitter_card":"summary_large_image","twitter_creator":"@stacatarinagob","twitter_site":"@stacatarinagob","twitter_misc":{"Escrito por":"Pedro Mart\u00ednez","Tiempo de lectura":"9 minutos"},"schema":{"@context":"https:\/\/schema.org","@graph":[{"@type":"Article","@id":"https:\/\/stacatarina.mx\/consejos\/la-perdida-de-biodiversidad-reconocida-como-un-problema-creciente-para-la-seguridad-nacional-y\/#article","isPartOf":{"@id":"https:\/\/stacatarina.mx\/consejos\/la-perdida-de-biodiversidad-reconocida-como-un-problema-creciente-para-la-seguridad-nacional-y\/"},"author":{"name":"Pedro Mart\u00ednez","@id":"https:\/\/stacatarina.mx\/consejos\/#\/schema\/person\/0be60adffa8e4c4d0828fdf021450e8a"},"headline":"La p\u00e9rdida de biodiversidad reconocida como un problema creciente para la seguridad nacional y&#8230;","datePublished":"2026-09-04T22:52:27+00:00","dateModified":"2026-09-04T22:52:29+00:00","mainEntityOfPage":{"@id":"https:\/\/stacatarina.mx\/consejos\/la-perdida-de-biodiversidad-reconocida-como-un-problema-creciente-para-la-seguridad-nacional-y\/"},"wordCount":1742,"publisher":{"@id":"https:\/\/stacatarina.mx\/consejos\/#organization"},"image":{"@id":"https:\/\/stacatarina.mx\/consejos\/la-perdida-de-biodiversidad-reconocida-como-un-problema-creciente-para-la-seguridad-nacional-y\/#primaryimage"},"thumbnailUrl":"https:\/\/stacatarina.mx\/consejos\/wp-content\/uploads\/2026\/09\/La-perdida-de-biodiversidad-reconocida-como-un-problema-creciente-para.jpg","keywords":["biodiversidad","c\u00f3mo","creciente","Nacional","para","p\u00e9rdida","problema","reconocida","seguridad","y.."],"articleSection":["Fauna y Flora"],"inLanguage":"es"},{"@type":"WebPage","@id":"https:\/\/stacatarina.mx\/consejos\/la-perdida-de-biodiversidad-reconocida-como-un-problema-creciente-para-la-seguridad-nacional-y\/","url":"https:\/\/stacatarina.mx\/consejos\/la-perdida-de-biodiversidad-reconocida-como-un-problema-creciente-para-la-seguridad-nacional-y\/","name":"La p\u00e9rdida de biodiversidad reconocida como un problema creciente para la seguridad nacional y... - Consejos - Santa Catarina","isPartOf":{"@id":"https:\/\/stacatarina.mx\/consejos\/#website"},"primaryImageOfPage":{"@id":"https:\/\/stacatarina.mx\/consejos\/la-perdida-de-biodiversidad-reconocida-como-un-problema-creciente-para-la-seguridad-nacional-y\/#primaryimage"},"image":{"@id":"https:\/\/stacatarina.mx\/consejos\/la-perdida-de-biodiversidad-reconocida-como-un-problema-creciente-para-la-seguridad-nacional-y\/#primaryimage"},"thumbnailUrl":"https:\/\/stacatarina.mx\/consejos\/wp-content\/uploads\/2026\/09\/La-perdida-de-biodiversidad-reconocida-como-un-problema-creciente-para.jpg","datePublished":"2026-09-04T22:52:27+00:00","dateModified":"2026-09-04T22:52:29+00:00","breadcrumb":{"@id":"https:\/\/stacatarina.mx\/consejos\/la-perdida-de-biodiversidad-reconocida-como-un-problema-creciente-para-la-seguridad-nacional-y\/#breadcrumb"},"inLanguage":"es","potentialAction":[{"@type":"ReadAction","target":["https:\/\/stacatarina.mx\/consejos\/la-perdida-de-biodiversidad-reconocida-como-un-problema-creciente-para-la-seguridad-nacional-y\/"]}]},{"@type":"ImageObject","inLanguage":"es","@id":"https:\/\/stacatarina.mx\/consejos\/la-perdida-de-biodiversidad-reconocida-como-un-problema-creciente-para-la-seguridad-nacional-y\/#primaryimage","url":"https:\/\/stacatarina.mx\/consejos\/wp-content\/uploads\/2026\/09\/La-perdida-de-biodiversidad-reconocida-como-un-problema-creciente-para.jpg","contentUrl":"https:\/\/stacatarina.mx\/consejos\/wp-content\/uploads\/2026\/09\/La-perdida-de-biodiversidad-reconocida-como-un-problema-creciente-para.jpg","width":900,"height":561,"caption":"Biodiversity loss recognised as a growing national security and resilience risk"},{"@type":"BreadcrumbList","@id":"https:\/\/stacatarina.mx\/consejos\/la-perdida-de-biodiversidad-reconocida-como-un-problema-creciente-para-la-seguridad-nacional-y\/#breadcrumb","itemListElement":[{"@type":"ListItem","position":1,"name":"Inicio","item":"https:\/\/stacatarina.mx\/consejos\/"},{"@type":"ListItem","position":2,"name":"La p\u00e9rdida de biodiversidad reconocida como un problema creciente para la seguridad nacional y&#8230;"}]},{"@type":"WebSite","@id":"https:\/\/stacatarina.mx\/consejos\/#website","url":"https:\/\/stacatarina.mx\/consejos\/","name":"Santa Catarina","description":"","publisher":{"@id":"https:\/\/stacatarina.mx\/consejos\/#organization"},"potentialAction":[{"@type":"SearchAction","target":{"@type":"EntryPoint","urlTemplate":"https:\/\/stacatarina.mx\/consejos\/?s={search_term_string}"},"query-input":{"@type":"PropertyValueSpecification","valueRequired":true,"valueName":"search_term_string"}}],"inLanguage":"es"},{"@type":"Organization","@id":"https:\/\/stacatarina.mx\/consejos\/#organization","name":"Santa Catarina","url":"https:\/\/stacatarina.mx\/consejos\/","logo":{"@type":"ImageObject","inLanguage":"es","@id":"https:\/\/stacatarina.mx\/consejos\/#\/schema\/logo\/image\/","url":"https:\/\/stacatarina.mx\/consejos\/wp-content\/uploads\/2024\/09\/cropped-favicon-1-1.png","contentUrl":"https:\/\/stacatarina.mx\/consejos\/wp-content\/uploads\/2024\/09\/cropped-favicon-1-1.png","width":512,"height":512,"caption":"Santa Catarina"},"image":{"@id":"https:\/\/stacatarina.mx\/consejos\/#\/schema\/logo\/image\/"},"sameAs":["https:\/\/www.facebook.com\/stacatarinagob\/","https:\/\/x.com\/stacatarinagob","https:\/\/www.instagram.com\/stacatarinagob\/","https:\/\/www.youtube.com\/channel\/UCK-6cQJL_904665N1_nLTWw"]},{"@type":"Person","@id":"https:\/\/stacatarina.mx\/consejos\/#\/schema\/person\/0be60adffa8e4c4d0828fdf021450e8a","name":"Pedro Mart\u00ednez","image":{"@type":"ImageObject","inLanguage":"es","@id":"https:\/\/stacatarina.mx\/consejos\/#\/schema\/person\/image\/","url":"https:\/\/stacatarina.mx\/consejos\/wp-content\/uploads\/2024\/09\/stacatarina.jpg","contentUrl":"https:\/\/stacatarina.mx\/consejos\/wp-content\/uploads\/2024\/09\/stacatarina.jpg","caption":"Pedro Mart\u00ednez"},"description":"Hola, soy Pedro Mart\u00ednez, redactor jefe del sitio oficial del ayuntamiento de Santa Catarina, en M\u00e9xico. Con m\u00e1s de diez a\u00f1os de experiencia en el periodismo local, tengo una pasi\u00f3n por la investigaci\u00f3n y la difusi\u00f3n de informaci\u00f3n que valoriza nuestra hermosa comunidad. Mi compromiso es hacer de Santa Catarina una referencia en materia de transparencia y comunicaci\u00f3n municipal.","sameAs":["https:\/\/stacatarina.mx\/"]}]}},"_links":{"self":[{"href":"https:\/\/stacatarina.mx\/consejos\/wp-json\/wp\/v2\/posts\/10934"}],"collection":[{"href":"https:\/\/stacatarina.mx\/consejos\/wp-json\/wp\/v2\/posts"}],"about":[{"href":"https:\/\/stacatarina.mx\/consejos\/wp-json\/wp\/v2\/types\/post"}],"author":[{"embeddable":true,"href":"https:\/\/stacatarina.mx\/consejos\/wp-json\/wp\/v2\/users\/1"}],"replies":[{"embeddable":true,"href":"https:\/\/stacatarina.mx\/consejos\/wp-json\/wp\/v2\/comments?post=10934"}],"version-history":[{"count":1,"href":"https:\/\/stacatarina.mx\/consejos\/wp-json\/wp\/v2\/posts\/10934\/revisions"}],"predecessor-version":[{"id":10936,"href":"https:\/\/stacatarina.mx\/consejos\/wp-json\/wp\/v2\/posts\/10934\/revisions\/10936"}],"wp:featuredmedia":[{"embeddable":true,"href":"https:\/\/stacatarina.mx\/consejos\/wp-json\/wp\/v2\/media\/10935"}],"wp:attachment":[{"href":"https:\/\/stacatarina.mx\/consejos\/wp-json\/wp\/v2\/media?parent=10934"}],"wp:term":[{"taxonomy":"category","embeddable":true,"href":"https:\/\/stacatarina.mx\/consejos\/wp-json\/wp\/v2\/categories?post=10934"},{"taxonomy":"post_tag","embeddable":true,"href":"https:\/\/stacatarina.mx\/consejos\/wp-json\/wp\/v2\/tags?post=10934"}],"curies":[{"name":"wp","href":"https:\/\/api.w.org\/{rel}","templated":true}]}}