{"id":10940,"date":"2026-09-04T21:52:27","date_gmt":"2026-09-05T03:52:27","guid":{"rendered":"https:\/\/stacatarina.mx\/consejos\/el-milagroso-eagle-de-mull-regresa-tres-anos-despues-de-una-caida-casi-fatal\/"},"modified":"2026-09-04T21:52:39","modified_gmt":"2026-09-05T03:52:39","slug":"el-milagroso-eagle-de-mull-regresa-tres-anos-despues-de-una-caida-casi-fatal","status":"publish","type":"post","link":"https:\/\/stacatarina.mx\/consejos\/el-milagroso-eagle-de-mull-regresa-tres-anos-despues-de-una-caida-casi-fatal\/","title":{"rendered":"El milagroso Eagle de Mull regresa tres a\u00f1os despu\u00e9s de una ca\u00edda casi fatal"},"content":{"rendered":"<div class=\"entry-content\">\n<p class=\"wp-block-paragraph\">Un \u00e1guila de cola blanca &#8220;inspiradora&#8221; ha sido vista en Mull tres a\u00f1os despu\u00e9s de caer de su nido cuando era un polluelo y romperse un ala.<\/p>\n<p class=\"wp-block-paragraph\">Durante un episodio de mal tiempo en julio de 2023, un polluelo macho de \u00e1guila de cola blanca se cay\u00f3 de un nido en Mull y sufri\u00f3 una grave rotura en el ala izquierda.<\/p>\n<p class=\"wp-block-paragraph\">Aunque el polluelo, al que un capit\u00e1n local llam\u00f3 Kinky debido a la distintiva &#8220;torcedura&#8221; de su ala, finalmente se hizo novato, a los expertos les preocupaba que no pudiera sobrevivir de forma independiente.<\/p>\n<p class=\"wp-block-paragraph\">Al a\u00f1o siguiente, Kinky fue visto en un nuevo nido mientras sus padres lo alimentaban, un comportamiento nunca antes visto en la especie.<\/p>\n<p class=\"wp-block-paragraph\">En 2025, RSPB Escocia lanz\u00f3 un llamamiento despu\u00e9s de que se vio a los padres de Kinky reproduci\u00e9ndose una vez m\u00e1s, lo que gener\u00f3 preocupaci\u00f3n de que Kinky no hab\u00eda sobrevivido solo a su primer invierno.<\/p>\n<p class=\"wp-block-paragraph\">Afortunadamente, Kinky fue visto por Blair Ketteringham, miembro de la tripulaci\u00f3n del barco Lady Jayne de Mull Charters, dando vueltas alrededor de la isla de Eorsa en Loch na Keal en Mull en julio de 2025.<\/p>\n<p class=\"wp-block-paragraph\">Ahora, Kinky ha sido visto una vez m\u00e1s en la isla y parece estar bien.<\/p>\n<p class=\"wp-block-paragraph\">El naturalista y presentador Iolo Williams trabajaba como gu\u00eda de vida silvestre para Nature Scotland Wildlife Tours cuando Kinky reapareci\u00f3 en Mull.<\/p>\n<p class=\"wp-block-paragraph\">Dijo: \u201cHab\u00eda escuchado la incre\u00edble historia de la supervivencia de Kinky contra viento y marea en 2023 y de sus padres todav\u00eda cuid\u00e1ndolo m\u00e1s de un a\u00f1o despu\u00e9s.<\/p>\n<p class=\"wp-block-paragraph\">\u201cEntonces, verlo ahora vivo y coleando, con tres a\u00f1os y acerc\u00e1ndose a la madurez, es una alegr\u00eda absoluta.<\/p>\n<p class=\"wp-block-paragraph\">&#8220;Kinky es un \u00e1guila verdaderamente inspiradora&#8221;.<\/p>\n<p class=\"wp-block-paragraph\">Kinky no alcanzar\u00e1 la madurez sexual ni encontrar\u00e1 pareja hasta que tenga alrededor de 5 a\u00f1os.<\/p>\n<p class=\"wp-block-paragraph\">Sin embargo, ya est\u00e1 desarrollando los inicios de su plumaje adulto, que incluye el cambio de su cola de marr\u00f3n al blanco distintivo que le da nombre a la especie.<\/p>\n<p class=\"wp-block-paragraph\">A medida que crece, aumenta la posibilidad de conflicto con otras \u00e1guilas.<\/p>\n<p class=\"wp-block-paragraph\">&#8220;\u00a1Estoy asombrado por este p\u00e1jaro!&#8221; dijo el embajador de la RSPB, Dave Sexton.<\/p>\n<p class=\"wp-block-paragraph\">\u201cTuvo un comienzo en la vida que desafi\u00f3 a la muerte, pero las cosas est\u00e1n a punto de ponerse a\u00fan m\u00e1s dif\u00edciles.<\/p>\n<p class=\"wp-block-paragraph\">\u201cA medida que se acerca a la madurez, en busca de una pareja y un territorio propio, puede chocar con parejas establecidas y eso no siempre termina bien.<\/p>\n<p class=\"wp-block-paragraph\">&#8220;Pero Kinky es un sobreviviente nato; le mantendr\u00e9 todo cruzado por \u00e9l&#8221;.<\/p>\n<p class=\"wp-block-paragraph\">En 1918, la \u00faltima \u00e1guila de cola blanca nativa del Reino Unido recibi\u00f3 un disparo en las Shetland.<\/p>\n<p class=\"wp-block-paragraph\">En 1975 se inici\u00f3 en Escocia un proyecto de reintroducci\u00f3n que les permiti\u00f3 establecer una poblaci\u00f3n autosuficiente.<\/p>\n<p class=\"wp-block-paragraph\">Otros proyectos de reintroducci\u00f3n han hecho que la especie regrese a Inglaterra e Irlanda del Norte.<\/p>\n<p class=\"wp-block-paragraph\">En la actualidad hay alrededor de 200 pares en todo el Reino Unido.<\/p>\n<hr class=\"wp-block-separator has-alpha-channel-opacity\">\n<p class=\"wp-block-paragraph\"><em>Foto: Kinky the Eagle de Martin Keivers, 2024<\/em><\/p>\n<p><!-- Error, Advert is not available at this time due to schedule\/geolocation restrictions! -->\t<\/div>\n","protected":false},"excerpt":{"rendered":"<p>Un \u00e1guila de cola blanca &#8220;inspiradora&#8221; ha sido vista en Mull tres a\u00f1os despu\u00e9s de caer de su nido cuando era un polluelo y romperse<\/p>\n","protected":false},"author":1,"featured_media":10941,"comment_status":"closed","ping_status":"","sticky":false,"template":"","format":"standard","meta":{"footnotes":""},"categories":[68],"tags":[209,6788,647,420,9831,5379,9830,9832,2723,1469,37],"class_list":["post-10940","post","type-post","status-publish","format-standard","has-post-thumbnail","hentry","category-fauna-y-flora","tag-anos","tag-caida","tag-casi","tag-despues","tag-eagle","tag-fatal","tag-milagroso","tag-mull","tag-regresa","tag-tres","tag-una","generate-columns","tablet-grid-50","mobile-grid-100","grid-parent","grid-50"],"yoast_head":"<!-- This site is optimized with the Yoast SEO plugin v23.4 - https:\/\/yoast.com\/wordpress\/plugins\/seo\/ -->\n<title>El milagroso Eagle de Mull regresa tres a\u00f1os despu\u00e9s de una ca\u00edda casi fatal - Consejos - Santa Catarina<\/title>\n<meta name=\"robots\" content=\"index, follow, max-snippet:-1, max-image-preview:large, max-video-preview:-1\" \/>\n<link rel=\"canonical\" href=\"https:\/\/stacatarina.mx\/consejos\/el-milagroso-eagle-de-mull-regresa-tres-anos-despues-de-una-caida-casi-fatal\/\" \/>\n<meta property=\"og:locale\" content=\"es_MX\" \/>\n<meta property=\"og:type\" content=\"article\" \/>\n<meta property=\"og:title\" content=\"El milagroso Eagle de Mull regresa tres a\u00f1os despu\u00e9s de una ca\u00edda casi fatal - Consejos - Santa Catarina\" \/>\n<meta property=\"og:description\" content=\"Un \u00e1guila de cola blanca &#8220;inspiradora&#8221; ha sido vista en Mull tres a\u00f1os despu\u00e9s de caer de su nido cuando era un polluelo y romperse\" \/>\n<meta property=\"og:url\" content=\"https:\/\/stacatarina.mx\/consejos\/el-milagroso-eagle-de-mull-regresa-tres-anos-despues-de-una-caida-casi-fatal\/\" \/>\n<meta property=\"og:site_name\" content=\"Santa Catarina\" \/>\n<meta property=\"article:publisher\" content=\"https:\/\/www.facebook.com\/stacatarinagob\/\" \/>\n<meta property=\"article:published_time\" content=\"2026-09-05T03:52:27+00:00\" \/>\n<meta property=\"article:modified_time\" content=\"2026-09-05T03:52:39+00:00\" \/>\n<meta property=\"og:image\" content=\"https:\/\/stacatarina.mx\/consejos\/wp-content\/uploads\/2026\/09\/El-milagroso-Eagle-de-Mull-regresa-tres-anos-despues-de.jpg\" \/>\n\t<meta property=\"og:image:width\" content=\"900\" \/>\n\t<meta property=\"og:image:height\" content=\"650\" \/>\n\t<meta property=\"og:image:type\" content=\"image\/jpeg\" \/>\n<meta name=\"author\" content=\"Pedro Mart\u00ednez\" \/>\n<meta name=\"twitter:card\" content=\"summary_large_image\" \/>\n<meta name=\"twitter:creator\" content=\"@stacatarinagob\" \/>\n<meta name=\"twitter:site\" content=\"@stacatarinagob\" \/>\n<meta name=\"twitter:label1\" content=\"Escrito por\" \/>\n\t<meta name=\"twitter:data1\" content=\"Pedro Mart\u00ednez\" \/>\n\t<meta name=\"twitter:label2\" content=\"Tiempo de lectura\" \/>\n\t<meta name=\"twitter:data2\" content=\"3 minutos\" \/>\n<script type=\"application\/ld+json\" class=\"yoast-schema-graph\">{\"@context\":\"https:\/\/schema.org\",\"@graph\":[{\"@type\":\"Article\",\"@id\":\"https:\/\/stacatarina.mx\/consejos\/el-milagroso-eagle-de-mull-regresa-tres-anos-despues-de-una-caida-casi-fatal\/#article\",\"isPartOf\":{\"@id\":\"https:\/\/stacatarina.mx\/consejos\/el-milagroso-eagle-de-mull-regresa-tres-anos-despues-de-una-caida-casi-fatal\/\"},\"author\":{\"name\":\"Pedro Mart\u00ednez\",\"@id\":\"https:\/\/stacatarina.mx\/consejos\/#\/schema\/person\/0be60adffa8e4c4d0828fdf021450e8a\"},\"headline\":\"El milagroso Eagle de Mull regresa tres a\u00f1os despu\u00e9s de una ca\u00edda casi fatal\",\"datePublished\":\"2026-09-05T03:52:27+00:00\",\"dateModified\":\"2026-09-05T03:52:39+00:00\",\"mainEntityOfPage\":{\"@id\":\"https:\/\/stacatarina.mx\/consejos\/el-milagroso-eagle-de-mull-regresa-tres-anos-despues-de-una-caida-casi-fatal\/\"},\"wordCount\":524,\"publisher\":{\"@id\":\"https:\/\/stacatarina.mx\/consejos\/#organization\"},\"image\":{\"@id\":\"https:\/\/stacatarina.mx\/consejos\/el-milagroso-eagle-de-mull-regresa-tres-anos-despues-de-una-caida-casi-fatal\/#primaryimage\"},\"thumbnailUrl\":\"https:\/\/stacatarina.mx\/consejos\/wp-content\/uploads\/2026\/09\/El-milagroso-Eagle-de-Mull-regresa-tres-anos-despues-de.jpg\",\"keywords\":[\"a\u00f1os\",\"ca\u00edda\",\"casi\",\"despu\u00e9s\",\"Eagle\",\"fatal\",\"milagroso\",\"Mull\",\"regresa\",\"Tres\",\"una\"],\"articleSection\":[\"Fauna y Flora\"],\"inLanguage\":\"es\"},{\"@type\":\"WebPage\",\"@id\":\"https:\/\/stacatarina.mx\/consejos\/el-milagroso-eagle-de-mull-regresa-tres-anos-despues-de-una-caida-casi-fatal\/\",\"url\":\"https:\/\/stacatarina.mx\/consejos\/el-milagroso-eagle-de-mull-regresa-tres-anos-despues-de-una-caida-casi-fatal\/\",\"name\":\"El milagroso Eagle de Mull regresa tres a\u00f1os despu\u00e9s de una ca\u00edda casi fatal - Consejos - Santa Catarina\",\"isPartOf\":{\"@id\":\"https:\/\/stacatarina.mx\/consejos\/#website\"},\"primaryImageOfPage\":{\"@id\":\"https:\/\/stacatarina.mx\/consejos\/el-milagroso-eagle-de-mull-regresa-tres-anos-despues-de-una-caida-casi-fatal\/#primaryimage\"},\"image\":{\"@id\":\"https:\/\/stacatarina.mx\/consejos\/el-milagroso-eagle-de-mull-regresa-tres-anos-despues-de-una-caida-casi-fatal\/#primaryimage\"},\"thumbnailUrl\":\"https:\/\/stacatarina.mx\/consejos\/wp-content\/uploads\/2026\/09\/El-milagroso-Eagle-de-Mull-regresa-tres-anos-despues-de.jpg\",\"datePublished\":\"2026-09-05T03:52:27+00:00\",\"dateModified\":\"2026-09-05T03:52:39+00:00\",\"breadcrumb\":{\"@id\":\"https:\/\/stacatarina.mx\/consejos\/el-milagroso-eagle-de-mull-regresa-tres-anos-despues-de-una-caida-casi-fatal\/#breadcrumb\"},\"inLanguage\":\"es\",\"potentialAction\":[{\"@type\":\"ReadAction\",\"target\":[\"https:\/\/stacatarina.mx\/consejos\/el-milagroso-eagle-de-mull-regresa-tres-anos-despues-de-una-caida-casi-fatal\/\"]}]},{\"@type\":\"ImageObject\",\"inLanguage\":\"es\",\"@id\":\"https:\/\/stacatarina.mx\/consejos\/el-milagroso-eagle-de-mull-regresa-tres-anos-despues-de-una-caida-casi-fatal\/#primaryimage\",\"url\":\"https:\/\/stacatarina.mx\/consejos\/wp-content\/uploads\/2026\/09\/El-milagroso-Eagle-de-Mull-regresa-tres-anos-despues-de.jpg\",\"contentUrl\":\"https:\/\/stacatarina.mx\/consejos\/wp-content\/uploads\/2026\/09\/El-milagroso-Eagle-de-Mull-regresa-tres-anos-despues-de.jpg\",\"width\":900,\"height\":650,\"caption\":\"Mull\u2019s miracle Eagle returns three years on from near-fatal fall\"},{\"@type\":\"BreadcrumbList\",\"@id\":\"https:\/\/stacatarina.mx\/consejos\/el-milagroso-eagle-de-mull-regresa-tres-anos-despues-de-una-caida-casi-fatal\/#breadcrumb\",\"itemListElement\":[{\"@type\":\"ListItem\",\"position\":1,\"name\":\"Inicio\",\"item\":\"https:\/\/stacatarina.mx\/consejos\/\"},{\"@type\":\"ListItem\",\"position\":2,\"name\":\"El milagroso Eagle de Mull regresa tres a\u00f1os despu\u00e9s de una ca\u00edda casi fatal\"}]},{\"@type\":\"WebSite\",\"@id\":\"https:\/\/stacatarina.mx\/consejos\/#website\",\"url\":\"https:\/\/stacatarina.mx\/consejos\/\",\"name\":\"Santa Catarina\",\"description\":\"\",\"publisher\":{\"@id\":\"https:\/\/stacatarina.mx\/consejos\/#organization\"},\"potentialAction\":[{\"@type\":\"SearchAction\",\"target\":{\"@type\":\"EntryPoint\",\"urlTemplate\":\"https:\/\/stacatarina.mx\/consejos\/?s={search_term_string}\"},\"query-input\":{\"@type\":\"PropertyValueSpecification\",\"valueRequired\":true,\"valueName\":\"search_term_string\"}}],\"inLanguage\":\"es\"},{\"@type\":\"Organization\",\"@id\":\"https:\/\/stacatarina.mx\/consejos\/#organization\",\"name\":\"Santa Catarina\",\"url\":\"https:\/\/stacatarina.mx\/consejos\/\",\"logo\":{\"@type\":\"ImageObject\",\"inLanguage\":\"es\",\"@id\":\"https:\/\/stacatarina.mx\/consejos\/#\/schema\/logo\/image\/\",\"url\":\"https:\/\/stacatarina.mx\/consejos\/wp-content\/uploads\/2024\/09\/cropped-favicon-1-1.png\",\"contentUrl\":\"https:\/\/stacatarina.mx\/consejos\/wp-content\/uploads\/2024\/09\/cropped-favicon-1-1.png\",\"width\":512,\"height\":512,\"caption\":\"Santa Catarina\"},\"image\":{\"@id\":\"https:\/\/stacatarina.mx\/consejos\/#\/schema\/logo\/image\/\"},\"sameAs\":[\"https:\/\/www.facebook.com\/stacatarinagob\/\",\"https:\/\/x.com\/stacatarinagob\",\"https:\/\/www.instagram.com\/stacatarinagob\/\",\"https:\/\/www.youtube.com\/channel\/UCK-6cQJL_904665N1_nLTWw\"]},{\"@type\":\"Person\",\"@id\":\"https:\/\/stacatarina.mx\/consejos\/#\/schema\/person\/0be60adffa8e4c4d0828fdf021450e8a\",\"name\":\"Pedro Mart\u00ednez\",\"image\":{\"@type\":\"ImageObject\",\"inLanguage\":\"es\",\"@id\":\"https:\/\/stacatarina.mx\/consejos\/#\/schema\/person\/image\/\",\"url\":\"https:\/\/stacatarina.mx\/consejos\/wp-content\/uploads\/2024\/09\/stacatarina.jpg\",\"contentUrl\":\"https:\/\/stacatarina.mx\/consejos\/wp-content\/uploads\/2024\/09\/stacatarina.jpg\",\"caption\":\"Pedro Mart\u00ednez\"},\"description\":\"Hola, soy Pedro Mart\u00ednez, redactor jefe del sitio oficial del ayuntamiento de Santa Catarina, en M\u00e9xico. Con m\u00e1s de diez a\u00f1os de experiencia en el periodismo local, tengo una pasi\u00f3n por la investigaci\u00f3n y la difusi\u00f3n de informaci\u00f3n que valoriza nuestra hermosa comunidad. Mi compromiso es hacer de Santa Catarina una referencia en materia de transparencia y comunicaci\u00f3n municipal.\",\"sameAs\":[\"https:\/\/stacatarina.mx\/\"]}]}<\/script>\n<!-- \/ Yoast SEO plugin. -->","yoast_head_json":{"title":"El milagroso Eagle de Mull regresa tres a\u00f1os despu\u00e9s de una ca\u00edda casi fatal - Consejos - Santa Catarina","robots":{"index":"index","follow":"follow","max-snippet":"max-snippet:-1","max-image-preview":"max-image-preview:large","max-video-preview":"max-video-preview:-1"},"canonical":"https:\/\/stacatarina.mx\/consejos\/el-milagroso-eagle-de-mull-regresa-tres-anos-despues-de-una-caida-casi-fatal\/","og_locale":"es_MX","og_type":"article","og_title":"El milagroso Eagle de Mull regresa tres a\u00f1os despu\u00e9s de una ca\u00edda casi fatal - Consejos - Santa Catarina","og_description":"Un \u00e1guila de cola blanca &#8220;inspiradora&#8221; ha sido vista en Mull tres a\u00f1os despu\u00e9s de caer de su nido cuando era un polluelo y romperse","og_url":"https:\/\/stacatarina.mx\/consejos\/el-milagroso-eagle-de-mull-regresa-tres-anos-despues-de-una-caida-casi-fatal\/","og_site_name":"Santa Catarina","article_publisher":"https:\/\/www.facebook.com\/stacatarinagob\/","article_published_time":"2026-09-05T03:52:27+00:00","article_modified_time":"2026-09-05T03:52:39+00:00","og_image":[{"width":900,"height":650,"url":"https:\/\/stacatarina.mx\/consejos\/wp-content\/uploads\/2026\/09\/El-milagroso-Eagle-de-Mull-regresa-tres-anos-despues-de.jpg","type":"image\/jpeg"}],"author":"Pedro Mart\u00ednez","twitter_card":"summary_large_image","twitter_creator":"@stacatarinagob","twitter_site":"@stacatarinagob","twitter_misc":{"Escrito por":"Pedro Mart\u00ednez","Tiempo de lectura":"3 minutos"},"schema":{"@context":"https:\/\/schema.org","@graph":[{"@type":"Article","@id":"https:\/\/stacatarina.mx\/consejos\/el-milagroso-eagle-de-mull-regresa-tres-anos-despues-de-una-caida-casi-fatal\/#article","isPartOf":{"@id":"https:\/\/stacatarina.mx\/consejos\/el-milagroso-eagle-de-mull-regresa-tres-anos-despues-de-una-caida-casi-fatal\/"},"author":{"name":"Pedro Mart\u00ednez","@id":"https:\/\/stacatarina.mx\/consejos\/#\/schema\/person\/0be60adffa8e4c4d0828fdf021450e8a"},"headline":"El milagroso Eagle de Mull regresa tres a\u00f1os despu\u00e9s de una ca\u00edda casi fatal","datePublished":"2026-09-05T03:52:27+00:00","dateModified":"2026-09-05T03:52:39+00:00","mainEntityOfPage":{"@id":"https:\/\/stacatarina.mx\/consejos\/el-milagroso-eagle-de-mull-regresa-tres-anos-despues-de-una-caida-casi-fatal\/"},"wordCount":524,"publisher":{"@id":"https:\/\/stacatarina.mx\/consejos\/#organization"},"image":{"@id":"https:\/\/stacatarina.mx\/consejos\/el-milagroso-eagle-de-mull-regresa-tres-anos-despues-de-una-caida-casi-fatal\/#primaryimage"},"thumbnailUrl":"https:\/\/stacatarina.mx\/consejos\/wp-content\/uploads\/2026\/09\/El-milagroso-Eagle-de-Mull-regresa-tres-anos-despues-de.jpg","keywords":["a\u00f1os","ca\u00edda","casi","despu\u00e9s","Eagle","fatal","milagroso","Mull","regresa","Tres","una"],"articleSection":["Fauna y Flora"],"inLanguage":"es"},{"@type":"WebPage","@id":"https:\/\/stacatarina.mx\/consejos\/el-milagroso-eagle-de-mull-regresa-tres-anos-despues-de-una-caida-casi-fatal\/","url":"https:\/\/stacatarina.mx\/consejos\/el-milagroso-eagle-de-mull-regresa-tres-anos-despues-de-una-caida-casi-fatal\/","name":"El milagroso Eagle de Mull regresa tres a\u00f1os despu\u00e9s de una ca\u00edda casi fatal - Consejos - Santa Catarina","isPartOf":{"@id":"https:\/\/stacatarina.mx\/consejos\/#website"},"primaryImageOfPage":{"@id":"https:\/\/stacatarina.mx\/consejos\/el-milagroso-eagle-de-mull-regresa-tres-anos-despues-de-una-caida-casi-fatal\/#primaryimage"},"image":{"@id":"https:\/\/stacatarina.mx\/consejos\/el-milagroso-eagle-de-mull-regresa-tres-anos-despues-de-una-caida-casi-fatal\/#primaryimage"},"thumbnailUrl":"https:\/\/stacatarina.mx\/consejos\/wp-content\/uploads\/2026\/09\/El-milagroso-Eagle-de-Mull-regresa-tres-anos-despues-de.jpg","datePublished":"2026-09-05T03:52:27+00:00","dateModified":"2026-09-05T03:52:39+00:00","breadcrumb":{"@id":"https:\/\/stacatarina.mx\/consejos\/el-milagroso-eagle-de-mull-regresa-tres-anos-despues-de-una-caida-casi-fatal\/#breadcrumb"},"inLanguage":"es","potentialAction":[{"@type":"ReadAction","target":["https:\/\/stacatarina.mx\/consejos\/el-milagroso-eagle-de-mull-regresa-tres-anos-despues-de-una-caida-casi-fatal\/"]}]},{"@type":"ImageObject","inLanguage":"es","@id":"https:\/\/stacatarina.mx\/consejos\/el-milagroso-eagle-de-mull-regresa-tres-anos-despues-de-una-caida-casi-fatal\/#primaryimage","url":"https:\/\/stacatarina.mx\/consejos\/wp-content\/uploads\/2026\/09\/El-milagroso-Eagle-de-Mull-regresa-tres-anos-despues-de.jpg","contentUrl":"https:\/\/stacatarina.mx\/consejos\/wp-content\/uploads\/2026\/09\/El-milagroso-Eagle-de-Mull-regresa-tres-anos-despues-de.jpg","width":900,"height":650,"caption":"Mull\u2019s miracle Eagle returns three years on from near-fatal fall"},{"@type":"BreadcrumbList","@id":"https:\/\/stacatarina.mx\/consejos\/el-milagroso-eagle-de-mull-regresa-tres-anos-despues-de-una-caida-casi-fatal\/#breadcrumb","itemListElement":[{"@type":"ListItem","position":1,"name":"Inicio","item":"https:\/\/stacatarina.mx\/consejos\/"},{"@type":"ListItem","position":2,"name":"El milagroso Eagle de Mull regresa tres a\u00f1os despu\u00e9s de una ca\u00edda casi fatal"}]},{"@type":"WebSite","@id":"https:\/\/stacatarina.mx\/consejos\/#website","url":"https:\/\/stacatarina.mx\/consejos\/","name":"Santa Catarina","description":"","publisher":{"@id":"https:\/\/stacatarina.mx\/consejos\/#organization"},"potentialAction":[{"@type":"SearchAction","target":{"@type":"EntryPoint","urlTemplate":"https:\/\/stacatarina.mx\/consejos\/?s={search_term_string}"},"query-input":{"@type":"PropertyValueSpecification","valueRequired":true,"valueName":"search_term_string"}}],"inLanguage":"es"},{"@type":"Organization","@id":"https:\/\/stacatarina.mx\/consejos\/#organization","name":"Santa Catarina","url":"https:\/\/stacatarina.mx\/consejos\/","logo":{"@type":"ImageObject","inLanguage":"es","@id":"https:\/\/stacatarina.mx\/consejos\/#\/schema\/logo\/image\/","url":"https:\/\/stacatarina.mx\/consejos\/wp-content\/uploads\/2024\/09\/cropped-favicon-1-1.png","contentUrl":"https:\/\/stacatarina.mx\/consejos\/wp-content\/uploads\/2024\/09\/cropped-favicon-1-1.png","width":512,"height":512,"caption":"Santa Catarina"},"image":{"@id":"https:\/\/stacatarina.mx\/consejos\/#\/schema\/logo\/image\/"},"sameAs":["https:\/\/www.facebook.com\/stacatarinagob\/","https:\/\/x.com\/stacatarinagob","https:\/\/www.instagram.com\/stacatarinagob\/","https:\/\/www.youtube.com\/channel\/UCK-6cQJL_904665N1_nLTWw"]},{"@type":"Person","@id":"https:\/\/stacatarina.mx\/consejos\/#\/schema\/person\/0be60adffa8e4c4d0828fdf021450e8a","name":"Pedro Mart\u00ednez","image":{"@type":"ImageObject","inLanguage":"es","@id":"https:\/\/stacatarina.mx\/consejos\/#\/schema\/person\/image\/","url":"https:\/\/stacatarina.mx\/consejos\/wp-content\/uploads\/2024\/09\/stacatarina.jpg","contentUrl":"https:\/\/stacatarina.mx\/consejos\/wp-content\/uploads\/2024\/09\/stacatarina.jpg","caption":"Pedro Mart\u00ednez"},"description":"Hola, soy Pedro Mart\u00ednez, redactor jefe del sitio oficial del ayuntamiento de Santa Catarina, en M\u00e9xico. Con m\u00e1s de diez a\u00f1os de experiencia en el periodismo local, tengo una pasi\u00f3n por la investigaci\u00f3n y la difusi\u00f3n de informaci\u00f3n que valoriza nuestra hermosa comunidad. Mi compromiso es hacer de Santa Catarina una referencia en materia de transparencia y comunicaci\u00f3n municipal.","sameAs":["https:\/\/stacatarina.mx\/"]}]}},"_links":{"self":[{"href":"https:\/\/stacatarina.mx\/consejos\/wp-json\/wp\/v2\/posts\/10940"}],"collection":[{"href":"https:\/\/stacatarina.mx\/consejos\/wp-json\/wp\/v2\/posts"}],"about":[{"href":"https:\/\/stacatarina.mx\/consejos\/wp-json\/wp\/v2\/types\/post"}],"author":[{"embeddable":true,"href":"https:\/\/stacatarina.mx\/consejos\/wp-json\/wp\/v2\/users\/1"}],"replies":[{"embeddable":true,"href":"https:\/\/stacatarina.mx\/consejos\/wp-json\/wp\/v2\/comments?post=10940"}],"version-history":[{"count":1,"href":"https:\/\/stacatarina.mx\/consejos\/wp-json\/wp\/v2\/posts\/10940\/revisions"}],"predecessor-version":[{"id":10942,"href":"https:\/\/stacatarina.mx\/consejos\/wp-json\/wp\/v2\/posts\/10940\/revisions\/10942"}],"wp:featuredmedia":[{"embeddable":true,"href":"https:\/\/stacatarina.mx\/consejos\/wp-json\/wp\/v2\/media\/10941"}],"wp:attachment":[{"href":"https:\/\/stacatarina.mx\/consejos\/wp-json\/wp\/v2\/media?parent=10940"}],"wp:term":[{"taxonomy":"category","embeddable":true,"href":"https:\/\/stacatarina.mx\/consejos\/wp-json\/wp\/v2\/categories?post=10940"},{"taxonomy":"post_tag","embeddable":true,"href":"https:\/\/stacatarina.mx\/consejos\/wp-json\/wp\/v2\/tags?post=10940"}],"curies":[{"name":"wp","href":"https:\/\/api.w.org\/{rel}","templated":true}]}}