{"id":10952,"date":"2026-09-05T14:52:41","date_gmt":"2026-09-05T20:52:41","guid":{"rendered":"https:\/\/stacatarina.mx\/consejos\/previene-la-fatiga-otonal-los-suplementos-que-debes-empezar-a-tomar-a-partir-de-septiembre\/"},"modified":"2026-09-05T14:52:44","modified_gmt":"2026-09-05T20:52:44","slug":"previene-la-fatiga-otonal-los-suplementos-que-debes-empezar-a-tomar-a-partir-de-septiembre","status":"publish","type":"post","link":"https:\/\/stacatarina.mx\/consejos\/previene-la-fatiga-otonal-los-suplementos-que-debes-empezar-a-tomar-a-partir-de-septiembre\/","title":{"rendered":"\u00a1Previene la fatiga oto\u00f1al! Los suplementos que debes empezar a tomar a partir de septiembre"},"content":{"rendered":"<p><\/p>\n<p>Septiembre marca el temido regreso a la rutina: el despertador vuelve a sonar temprano, las escuelas reabren, los compromisos se superponen y el trabajo se reanuda a toda velocidad. Pero despu\u00e9s de las vacaciones, el cuerpo a menudo todav\u00eda necesita un poco de descanso, mientras que la mente se activa y el estr\u00e9s aumenta. Es precisamente en este momento crucial cuando el cansancio oto\u00f1al se hace sentir y podr\u00eda afectar a la energ\u00eda, la concentraci\u00f3n y la calidad del sue\u00f1o.<\/p>\n<p>\u00bfQu\u00e9 podemos hacer? En algunos casos, los complementos adecuados son fundamentales y nos ayudan a gestionar mejor la devoluci\u00f3n. Recuerda, eso s\u00ed, que un buen complemento, recomendado por un experto para tu situaci\u00f3n concreta, debe combinarse siempre con una dieta equilibrada, hidrataci\u00f3n constante y un poco de movimiento diario.<\/p>\n<p>Veamos en qu\u00e9 \u00e1reas nos pueden ayudar esta temporada.<\/p>\n<h2>Energ\u00eda<\/h2>\n<p>Al regresar a la rutina de septiembre, muchos sienten una disminuci\u00f3n de la energ\u00eda f\u00edsica y mental. Algunos nutrientes e ingredientes activos pueden apoyar el metabolismo energ\u00e9tico y promover la vitalidad diaria. Entre estos:<\/p>\n<p>Es importante subrayar que estos ingredientes activos a menudo se formulan juntos en combinaciones sin\u00e9rgicas, donde los diferentes nutrientes se potencian entre s\u00ed para lograr un efecto m\u00e1s completo y eficaz que si se tomaran los ingredientes individualmente. Un ejemplo es MetaTonic\u00ae de Metagenics, un suplemento dise\u00f1ado para activar la energ\u00eda natural y apoyar la capacidad de concentraci\u00f3n y la eficiencia cognitiva. Contiene vitaminas del grupo B, magnesio y taurina, \u00fatiles para combatir el cansancio y mejorar el rendimiento mental.<\/p>\n<h2>Concentraci\u00f3n y memoria<\/h2>\n<p>Despu\u00e9s de las vacaciones, la mente necesita recuperar el ritmo. Algunos nutrientes pueden promover la atenci\u00f3n y el rendimiento cognitivo:<\/p>\n<p>Ideal para estudiantes y profesionales, existe MetaStudent\u00ae que apoya las funciones cognitivas durante per\u00edodos de estudio o trabajo intenso y reduce el cansancio f\u00edsico y mental.<\/p>\n<h2>Calidad del sue\u00f1o<\/h2>\n<p>El estr\u00e9s y los pensamientos nocturnos pueden comprometer el buen descanso, dificultando el conciliar el sue\u00f1o o provocando despertares nocturnos. Algunos nutrientes e ingredientes activos pueden favorecer un sue\u00f1o m\u00e1s profundo y regenerador:<\/p>\n<p>En situaciones en las que es m\u00e1s dif\u00edcil &#8220;desconectar&#8221; y relajarse por la noche, puede resultar \u00fatil integrar estos principios activos con formulaciones espec\u00edficas como MetaRelax\u00ae Notte, de Metagenics, dise\u00f1ada para favorecer la relajaci\u00f3n mental y favorecer el sue\u00f1o.<\/p>\n<p>Tambi\u00e9n es fundamental crear una rutina nocturna regular y reducir los est\u00edmulos electr\u00f3nicos y las luces azules al menos una hora antes de ir a dormir.<\/p>\n<h2>Manejo del estr\u00e9s<\/h2>\n<p>El regreso trae consigo tensi\u00f3n mental y carga emocional pero algunos nutrientes pueden ayudar a modular la respuesta al estr\u00e9s:<\/p>\n<p>Metagenics ofrece, por ejemplo, B-Dyn\u00ae que, gracias a las principales vitaminas B, inositol, PABA y colina, apoya el sistema nervioso, promueve la funci\u00f3n psicol\u00f3gica y reduce el cansancio y la fatiga.<\/p>\n<p>No olvides que tambi\u00e9n puedes ayudarte de t\u00e9cnicas de respiraci\u00f3n, meditaci\u00f3n o yoga.<\/p>\n<h2>Sistema inmunitario<\/h2>\n<p>El cambio de estaci\u00f3n y el regreso a ambientes concurridos pueden hacer que el cuerpo sea m\u00e1s vulnerable. Sin embargo, algunos nutrientes nos ayudan a apoyar las defensas naturales de nuestro organismo:<\/p>\n<p>Un complemento completo es ImmuDefense Forte, formulado para apoyar las defensas y el sistema inmunol\u00f3gico, gracias a la presencia de vitaminas C y D, extracto de t\u00e9 verde y betaglucanos.<\/p>\n<p><span style=\"font-size: 24px;font-weight: bold\">Advertencia<\/span><\/p>\n<p>No se deben tomar suplementos sin evaluar el panorama general de su salud. En caso de patolog\u00edas, toma de medicamentos o condiciones particulares, siempre es recomendable consultar con un m\u00e9dico o profesional calificado antes de su uso.<\/p><\/p>\n","protected":false},"excerpt":{"rendered":"<p>Septiembre marca el temido regreso a la rutina: el despertador vuelve a sonar temprano, las escuelas reabren, los compromisos se superponen y el trabajo se<\/p>\n","protected":false},"author":1,"featured_media":10953,"comment_status":"closed","ping_status":"","sticky":false,"template":"","format":"standard","meta":{"footnotes":""},"categories":[762],"tags":[166,1871,6693,62,9837,414,4193,33,2194,896],"class_list":["post-10952","post","type-post","status-publish","format-standard","has-post-thumbnail","hentry","category-salud","tag-debes","tag-empezar","tag-fatiga","tag-los","tag-otonal","tag-partir","tag-previene","tag-septiembre","tag-suplementos","tag-tomar","generate-columns","tablet-grid-50","mobile-grid-100","grid-parent","grid-50"],"yoast_head":"<!-- This site is optimized with the Yoast SEO plugin v23.4 - https:\/\/yoast.com\/wordpress\/plugins\/seo\/ -->\n<title>\u00a1Previene la fatiga oto\u00f1al! Los suplementos que debes empezar a tomar a partir de septiembre - Consejos - Santa Catarina<\/title>\n<meta name=\"robots\" content=\"index, follow, max-snippet:-1, max-image-preview:large, max-video-preview:-1\" \/>\n<link rel=\"canonical\" href=\"https:\/\/stacatarina.mx\/consejos\/previene-la-fatiga-otonal-los-suplementos-que-debes-empezar-a-tomar-a-partir-de-septiembre\/\" \/>\n<meta property=\"og:locale\" content=\"es_MX\" \/>\n<meta property=\"og:type\" content=\"article\" \/>\n<meta property=\"og:title\" content=\"\u00a1Previene la fatiga oto\u00f1al! Los suplementos que debes empezar a tomar a partir de septiembre - Consejos - Santa Catarina\" \/>\n<meta property=\"og:description\" content=\"Septiembre marca el temido regreso a la rutina: el despertador vuelve a sonar temprano, las escuelas reabren, los compromisos se superponen y el trabajo se\" \/>\n<meta property=\"og:url\" content=\"https:\/\/stacatarina.mx\/consejos\/previene-la-fatiga-otonal-los-suplementos-que-debes-empezar-a-tomar-a-partir-de-septiembre\/\" \/>\n<meta property=\"og:site_name\" content=\"Santa Catarina\" \/>\n<meta property=\"article:publisher\" content=\"https:\/\/www.facebook.com\/stacatarinagob\/\" \/>\n<meta property=\"article:published_time\" content=\"2026-09-05T20:52:41+00:00\" \/>\n<meta property=\"article:modified_time\" content=\"2026-09-05T20:52:44+00:00\" \/>\n<meta property=\"og:image\" content=\"https:\/\/stacatarina.mx\/consejos\/wp-content\/uploads\/2026\/09\/\u00a1Previene-la-fatiga-otonal-Los-suplementos-que-debes-empezar-a.jpg\" \/>\n\t<meta property=\"og:image:width\" content=\"1500\" \/>\n\t<meta property=\"og:image:height\" content=\"1000\" \/>\n\t<meta property=\"og:image:type\" content=\"image\/jpeg\" \/>\n<meta name=\"author\" content=\"Pedro Mart\u00ednez\" \/>\n<meta name=\"twitter:card\" content=\"summary_large_image\" \/>\n<meta name=\"twitter:creator\" content=\"@stacatarinagob\" \/>\n<meta name=\"twitter:site\" content=\"@stacatarinagob\" \/>\n<meta name=\"twitter:label1\" content=\"Escrito por\" \/>\n\t<meta name=\"twitter:data1\" content=\"Pedro Mart\u00ednez\" \/>\n\t<meta name=\"twitter:label2\" content=\"Tiempo de lectura\" \/>\n\t<meta name=\"twitter:data2\" content=\"3 minutos\" \/>\n<script type=\"application\/ld+json\" class=\"yoast-schema-graph\">{\"@context\":\"https:\/\/schema.org\",\"@graph\":[{\"@type\":\"Article\",\"@id\":\"https:\/\/stacatarina.mx\/consejos\/previene-la-fatiga-otonal-los-suplementos-que-debes-empezar-a-tomar-a-partir-de-septiembre\/#article\",\"isPartOf\":{\"@id\":\"https:\/\/stacatarina.mx\/consejos\/previene-la-fatiga-otonal-los-suplementos-que-debes-empezar-a-tomar-a-partir-de-septiembre\/\"},\"author\":{\"name\":\"Pedro Mart\u00ednez\",\"@id\":\"https:\/\/stacatarina.mx\/consejos\/#\/schema\/person\/0be60adffa8e4c4d0828fdf021450e8a\"},\"headline\":\"\u00a1Previene la fatiga oto\u00f1al! Los suplementos que debes empezar a tomar a partir de septiembre\",\"datePublished\":\"2026-09-05T20:52:41+00:00\",\"dateModified\":\"2026-09-05T20:52:44+00:00\",\"mainEntityOfPage\":{\"@id\":\"https:\/\/stacatarina.mx\/consejos\/previene-la-fatiga-otonal-los-suplementos-que-debes-empezar-a-tomar-a-partir-de-septiembre\/\"},\"wordCount\":642,\"publisher\":{\"@id\":\"https:\/\/stacatarina.mx\/consejos\/#organization\"},\"image\":{\"@id\":\"https:\/\/stacatarina.mx\/consejos\/previene-la-fatiga-otonal-los-suplementos-que-debes-empezar-a-tomar-a-partir-de-septiembre\/#primaryimage\"},\"thumbnailUrl\":\"https:\/\/stacatarina.mx\/consejos\/wp-content\/uploads\/2026\/09\/\u00a1Previene-la-fatiga-otonal-Los-suplementos-que-debes-empezar-a.jpg\",\"keywords\":[\"debes\",\"empezar\",\"Fatiga\",\"los\",\"oto\u00f1al\",\"partir\",\"previene\",\"septiembre\",\"Suplementos\",\"tomar\"],\"articleSection\":[\"Salud\"],\"inLanguage\":\"es\"},{\"@type\":\"WebPage\",\"@id\":\"https:\/\/stacatarina.mx\/consejos\/previene-la-fatiga-otonal-los-suplementos-que-debes-empezar-a-tomar-a-partir-de-septiembre\/\",\"url\":\"https:\/\/stacatarina.mx\/consejos\/previene-la-fatiga-otonal-los-suplementos-que-debes-empezar-a-tomar-a-partir-de-septiembre\/\",\"name\":\"\u00a1Previene la fatiga oto\u00f1al! Los suplementos que debes empezar a tomar a partir de septiembre - Consejos - Santa Catarina\",\"isPartOf\":{\"@id\":\"https:\/\/stacatarina.mx\/consejos\/#website\"},\"primaryImageOfPage\":{\"@id\":\"https:\/\/stacatarina.mx\/consejos\/previene-la-fatiga-otonal-los-suplementos-que-debes-empezar-a-tomar-a-partir-de-septiembre\/#primaryimage\"},\"image\":{\"@id\":\"https:\/\/stacatarina.mx\/consejos\/previene-la-fatiga-otonal-los-suplementos-que-debes-empezar-a-tomar-a-partir-de-septiembre\/#primaryimage\"},\"thumbnailUrl\":\"https:\/\/stacatarina.mx\/consejos\/wp-content\/uploads\/2026\/09\/\u00a1Previene-la-fatiga-otonal-Los-suplementos-que-debes-empezar-a.jpg\",\"datePublished\":\"2026-09-05T20:52:41+00:00\",\"dateModified\":\"2026-09-05T20:52:44+00:00\",\"breadcrumb\":{\"@id\":\"https:\/\/stacatarina.mx\/consejos\/previene-la-fatiga-otonal-los-suplementos-que-debes-empezar-a-tomar-a-partir-de-septiembre\/#breadcrumb\"},\"inLanguage\":\"es\",\"potentialAction\":[{\"@type\":\"ReadAction\",\"target\":[\"https:\/\/stacatarina.mx\/consejos\/previene-la-fatiga-otonal-los-suplementos-que-debes-empezar-a-tomar-a-partir-de-septiembre\/\"]}]},{\"@type\":\"ImageObject\",\"inLanguage\":\"es\",\"@id\":\"https:\/\/stacatarina.mx\/consejos\/previene-la-fatiga-otonal-los-suplementos-que-debes-empezar-a-tomar-a-partir-de-septiembre\/#primaryimage\",\"url\":\"https:\/\/stacatarina.mx\/consejos\/wp-content\/uploads\/2026\/09\/\u00a1Previene-la-fatiga-otonal-Los-suplementos-que-debes-empezar-a.jpg\",\"contentUrl\":\"https:\/\/stacatarina.mx\/consejos\/wp-content\/uploads\/2026\/09\/\u00a1Previene-la-fatiga-otonal-Los-suplementos-que-debes-empezar-a.jpg\",\"width\":1500,\"height\":1000,\"caption\":\"integratori autunno\"},{\"@type\":\"BreadcrumbList\",\"@id\":\"https:\/\/stacatarina.mx\/consejos\/previene-la-fatiga-otonal-los-suplementos-que-debes-empezar-a-tomar-a-partir-de-septiembre\/#breadcrumb\",\"itemListElement\":[{\"@type\":\"ListItem\",\"position\":1,\"name\":\"Inicio\",\"item\":\"https:\/\/stacatarina.mx\/consejos\/\"},{\"@type\":\"ListItem\",\"position\":2,\"name\":\"\u00a1Previene la fatiga oto\u00f1al! Los suplementos que debes empezar a tomar a partir de septiembre\"}]},{\"@type\":\"WebSite\",\"@id\":\"https:\/\/stacatarina.mx\/consejos\/#website\",\"url\":\"https:\/\/stacatarina.mx\/consejos\/\",\"name\":\"Santa Catarina\",\"description\":\"\",\"publisher\":{\"@id\":\"https:\/\/stacatarina.mx\/consejos\/#organization\"},\"potentialAction\":[{\"@type\":\"SearchAction\",\"target\":{\"@type\":\"EntryPoint\",\"urlTemplate\":\"https:\/\/stacatarina.mx\/consejos\/?s={search_term_string}\"},\"query-input\":{\"@type\":\"PropertyValueSpecification\",\"valueRequired\":true,\"valueName\":\"search_term_string\"}}],\"inLanguage\":\"es\"},{\"@type\":\"Organization\",\"@id\":\"https:\/\/stacatarina.mx\/consejos\/#organization\",\"name\":\"Santa Catarina\",\"url\":\"https:\/\/stacatarina.mx\/consejos\/\",\"logo\":{\"@type\":\"ImageObject\",\"inLanguage\":\"es\",\"@id\":\"https:\/\/stacatarina.mx\/consejos\/#\/schema\/logo\/image\/\",\"url\":\"https:\/\/stacatarina.mx\/consejos\/wp-content\/uploads\/2024\/09\/cropped-favicon-1-1.png\",\"contentUrl\":\"https:\/\/stacatarina.mx\/consejos\/wp-content\/uploads\/2024\/09\/cropped-favicon-1-1.png\",\"width\":512,\"height\":512,\"caption\":\"Santa Catarina\"},\"image\":{\"@id\":\"https:\/\/stacatarina.mx\/consejos\/#\/schema\/logo\/image\/\"},\"sameAs\":[\"https:\/\/www.facebook.com\/stacatarinagob\/\",\"https:\/\/x.com\/stacatarinagob\",\"https:\/\/www.instagram.com\/stacatarinagob\/\",\"https:\/\/www.youtube.com\/channel\/UCK-6cQJL_904665N1_nLTWw\"]},{\"@type\":\"Person\",\"@id\":\"https:\/\/stacatarina.mx\/consejos\/#\/schema\/person\/0be60adffa8e4c4d0828fdf021450e8a\",\"name\":\"Pedro Mart\u00ednez\",\"image\":{\"@type\":\"ImageObject\",\"inLanguage\":\"es\",\"@id\":\"https:\/\/stacatarina.mx\/consejos\/#\/schema\/person\/image\/\",\"url\":\"https:\/\/stacatarina.mx\/consejos\/wp-content\/uploads\/2024\/09\/stacatarina.jpg\",\"contentUrl\":\"https:\/\/stacatarina.mx\/consejos\/wp-content\/uploads\/2024\/09\/stacatarina.jpg\",\"caption\":\"Pedro Mart\u00ednez\"},\"description\":\"Hola, soy Pedro Mart\u00ednez, redactor jefe del sitio oficial del ayuntamiento de Santa Catarina, en M\u00e9xico. Con m\u00e1s de diez a\u00f1os de experiencia en el periodismo local, tengo una pasi\u00f3n por la investigaci\u00f3n y la difusi\u00f3n de informaci\u00f3n que valoriza nuestra hermosa comunidad. Mi compromiso es hacer de Santa Catarina una referencia en materia de transparencia y comunicaci\u00f3n municipal.\",\"sameAs\":[\"https:\/\/stacatarina.mx\/\"]}]}<\/script>\n<!-- \/ Yoast SEO plugin. -->","yoast_head_json":{"title":"\u00a1Previene la fatiga oto\u00f1al! Los suplementos que debes empezar a tomar a partir de septiembre - Consejos - Santa Catarina","robots":{"index":"index","follow":"follow","max-snippet":"max-snippet:-1","max-image-preview":"max-image-preview:large","max-video-preview":"max-video-preview:-1"},"canonical":"https:\/\/stacatarina.mx\/consejos\/previene-la-fatiga-otonal-los-suplementos-que-debes-empezar-a-tomar-a-partir-de-septiembre\/","og_locale":"es_MX","og_type":"article","og_title":"\u00a1Previene la fatiga oto\u00f1al! Los suplementos que debes empezar a tomar a partir de septiembre - Consejos - Santa Catarina","og_description":"Septiembre marca el temido regreso a la rutina: el despertador vuelve a sonar temprano, las escuelas reabren, los compromisos se superponen y el trabajo se","og_url":"https:\/\/stacatarina.mx\/consejos\/previene-la-fatiga-otonal-los-suplementos-que-debes-empezar-a-tomar-a-partir-de-septiembre\/","og_site_name":"Santa Catarina","article_publisher":"https:\/\/www.facebook.com\/stacatarinagob\/","article_published_time":"2026-09-05T20:52:41+00:00","article_modified_time":"2026-09-05T20:52:44+00:00","og_image":[{"width":1500,"height":1000,"url":"https:\/\/stacatarina.mx\/consejos\/wp-content\/uploads\/2026\/09\/\u00a1Previene-la-fatiga-otonal-Los-suplementos-que-debes-empezar-a.jpg","type":"image\/jpeg"}],"author":"Pedro Mart\u00ednez","twitter_card":"summary_large_image","twitter_creator":"@stacatarinagob","twitter_site":"@stacatarinagob","twitter_misc":{"Escrito por":"Pedro Mart\u00ednez","Tiempo de lectura":"3 minutos"},"schema":{"@context":"https:\/\/schema.org","@graph":[{"@type":"Article","@id":"https:\/\/stacatarina.mx\/consejos\/previene-la-fatiga-otonal-los-suplementos-que-debes-empezar-a-tomar-a-partir-de-septiembre\/#article","isPartOf":{"@id":"https:\/\/stacatarina.mx\/consejos\/previene-la-fatiga-otonal-los-suplementos-que-debes-empezar-a-tomar-a-partir-de-septiembre\/"},"author":{"name":"Pedro Mart\u00ednez","@id":"https:\/\/stacatarina.mx\/consejos\/#\/schema\/person\/0be60adffa8e4c4d0828fdf021450e8a"},"headline":"\u00a1Previene la fatiga oto\u00f1al! Los suplementos que debes empezar a tomar a partir de septiembre","datePublished":"2026-09-05T20:52:41+00:00","dateModified":"2026-09-05T20:52:44+00:00","mainEntityOfPage":{"@id":"https:\/\/stacatarina.mx\/consejos\/previene-la-fatiga-otonal-los-suplementos-que-debes-empezar-a-tomar-a-partir-de-septiembre\/"},"wordCount":642,"publisher":{"@id":"https:\/\/stacatarina.mx\/consejos\/#organization"},"image":{"@id":"https:\/\/stacatarina.mx\/consejos\/previene-la-fatiga-otonal-los-suplementos-que-debes-empezar-a-tomar-a-partir-de-septiembre\/#primaryimage"},"thumbnailUrl":"https:\/\/stacatarina.mx\/consejos\/wp-content\/uploads\/2026\/09\/\u00a1Previene-la-fatiga-otonal-Los-suplementos-que-debes-empezar-a.jpg","keywords":["debes","empezar","Fatiga","los","oto\u00f1al","partir","previene","septiembre","Suplementos","tomar"],"articleSection":["Salud"],"inLanguage":"es"},{"@type":"WebPage","@id":"https:\/\/stacatarina.mx\/consejos\/previene-la-fatiga-otonal-los-suplementos-que-debes-empezar-a-tomar-a-partir-de-septiembre\/","url":"https:\/\/stacatarina.mx\/consejos\/previene-la-fatiga-otonal-los-suplementos-que-debes-empezar-a-tomar-a-partir-de-septiembre\/","name":"\u00a1Previene la fatiga oto\u00f1al! Los suplementos que debes empezar a tomar a partir de septiembre - Consejos - Santa Catarina","isPartOf":{"@id":"https:\/\/stacatarina.mx\/consejos\/#website"},"primaryImageOfPage":{"@id":"https:\/\/stacatarina.mx\/consejos\/previene-la-fatiga-otonal-los-suplementos-que-debes-empezar-a-tomar-a-partir-de-septiembre\/#primaryimage"},"image":{"@id":"https:\/\/stacatarina.mx\/consejos\/previene-la-fatiga-otonal-los-suplementos-que-debes-empezar-a-tomar-a-partir-de-septiembre\/#primaryimage"},"thumbnailUrl":"https:\/\/stacatarina.mx\/consejos\/wp-content\/uploads\/2026\/09\/\u00a1Previene-la-fatiga-otonal-Los-suplementos-que-debes-empezar-a.jpg","datePublished":"2026-09-05T20:52:41+00:00","dateModified":"2026-09-05T20:52:44+00:00","breadcrumb":{"@id":"https:\/\/stacatarina.mx\/consejos\/previene-la-fatiga-otonal-los-suplementos-que-debes-empezar-a-tomar-a-partir-de-septiembre\/#breadcrumb"},"inLanguage":"es","potentialAction":[{"@type":"ReadAction","target":["https:\/\/stacatarina.mx\/consejos\/previene-la-fatiga-otonal-los-suplementos-que-debes-empezar-a-tomar-a-partir-de-septiembre\/"]}]},{"@type":"ImageObject","inLanguage":"es","@id":"https:\/\/stacatarina.mx\/consejos\/previene-la-fatiga-otonal-los-suplementos-que-debes-empezar-a-tomar-a-partir-de-septiembre\/#primaryimage","url":"https:\/\/stacatarina.mx\/consejos\/wp-content\/uploads\/2026\/09\/\u00a1Previene-la-fatiga-otonal-Los-suplementos-que-debes-empezar-a.jpg","contentUrl":"https:\/\/stacatarina.mx\/consejos\/wp-content\/uploads\/2026\/09\/\u00a1Previene-la-fatiga-otonal-Los-suplementos-que-debes-empezar-a.jpg","width":1500,"height":1000,"caption":"integratori autunno"},{"@type":"BreadcrumbList","@id":"https:\/\/stacatarina.mx\/consejos\/previene-la-fatiga-otonal-los-suplementos-que-debes-empezar-a-tomar-a-partir-de-septiembre\/#breadcrumb","itemListElement":[{"@type":"ListItem","position":1,"name":"Inicio","item":"https:\/\/stacatarina.mx\/consejos\/"},{"@type":"ListItem","position":2,"name":"\u00a1Previene la fatiga oto\u00f1al! Los suplementos que debes empezar a tomar a partir de septiembre"}]},{"@type":"WebSite","@id":"https:\/\/stacatarina.mx\/consejos\/#website","url":"https:\/\/stacatarina.mx\/consejos\/","name":"Santa Catarina","description":"","publisher":{"@id":"https:\/\/stacatarina.mx\/consejos\/#organization"},"potentialAction":[{"@type":"SearchAction","target":{"@type":"EntryPoint","urlTemplate":"https:\/\/stacatarina.mx\/consejos\/?s={search_term_string}"},"query-input":{"@type":"PropertyValueSpecification","valueRequired":true,"valueName":"search_term_string"}}],"inLanguage":"es"},{"@type":"Organization","@id":"https:\/\/stacatarina.mx\/consejos\/#organization","name":"Santa Catarina","url":"https:\/\/stacatarina.mx\/consejos\/","logo":{"@type":"ImageObject","inLanguage":"es","@id":"https:\/\/stacatarina.mx\/consejos\/#\/schema\/logo\/image\/","url":"https:\/\/stacatarina.mx\/consejos\/wp-content\/uploads\/2024\/09\/cropped-favicon-1-1.png","contentUrl":"https:\/\/stacatarina.mx\/consejos\/wp-content\/uploads\/2024\/09\/cropped-favicon-1-1.png","width":512,"height":512,"caption":"Santa Catarina"},"image":{"@id":"https:\/\/stacatarina.mx\/consejos\/#\/schema\/logo\/image\/"},"sameAs":["https:\/\/www.facebook.com\/stacatarinagob\/","https:\/\/x.com\/stacatarinagob","https:\/\/www.instagram.com\/stacatarinagob\/","https:\/\/www.youtube.com\/channel\/UCK-6cQJL_904665N1_nLTWw"]},{"@type":"Person","@id":"https:\/\/stacatarina.mx\/consejos\/#\/schema\/person\/0be60adffa8e4c4d0828fdf021450e8a","name":"Pedro Mart\u00ednez","image":{"@type":"ImageObject","inLanguage":"es","@id":"https:\/\/stacatarina.mx\/consejos\/#\/schema\/person\/image\/","url":"https:\/\/stacatarina.mx\/consejos\/wp-content\/uploads\/2024\/09\/stacatarina.jpg","contentUrl":"https:\/\/stacatarina.mx\/consejos\/wp-content\/uploads\/2024\/09\/stacatarina.jpg","caption":"Pedro Mart\u00ednez"},"description":"Hola, soy Pedro Mart\u00ednez, redactor jefe del sitio oficial del ayuntamiento de Santa Catarina, en M\u00e9xico. Con m\u00e1s de diez a\u00f1os de experiencia en el periodismo local, tengo una pasi\u00f3n por la investigaci\u00f3n y la difusi\u00f3n de informaci\u00f3n que valoriza nuestra hermosa comunidad. Mi compromiso es hacer de Santa Catarina una referencia en materia de transparencia y comunicaci\u00f3n municipal.","sameAs":["https:\/\/stacatarina.mx\/"]}]}},"_links":{"self":[{"href":"https:\/\/stacatarina.mx\/consejos\/wp-json\/wp\/v2\/posts\/10952"}],"collection":[{"href":"https:\/\/stacatarina.mx\/consejos\/wp-json\/wp\/v2\/posts"}],"about":[{"href":"https:\/\/stacatarina.mx\/consejos\/wp-json\/wp\/v2\/types\/post"}],"author":[{"embeddable":true,"href":"https:\/\/stacatarina.mx\/consejos\/wp-json\/wp\/v2\/users\/1"}],"replies":[{"embeddable":true,"href":"https:\/\/stacatarina.mx\/consejos\/wp-json\/wp\/v2\/comments?post=10952"}],"version-history":[{"count":1,"href":"https:\/\/stacatarina.mx\/consejos\/wp-json\/wp\/v2\/posts\/10952\/revisions"}],"predecessor-version":[{"id":10954,"href":"https:\/\/stacatarina.mx\/consejos\/wp-json\/wp\/v2\/posts\/10952\/revisions\/10954"}],"wp:featuredmedia":[{"embeddable":true,"href":"https:\/\/stacatarina.mx\/consejos\/wp-json\/wp\/v2\/media\/10953"}],"wp:attachment":[{"href":"https:\/\/stacatarina.mx\/consejos\/wp-json\/wp\/v2\/media?parent=10952"}],"wp:term":[{"taxonomy":"category","embeddable":true,"href":"https:\/\/stacatarina.mx\/consejos\/wp-json\/wp\/v2\/categories?post=10952"},{"taxonomy":"post_tag","embeddable":true,"href":"https:\/\/stacatarina.mx\/consejos\/wp-json\/wp\/v2\/tags?post=10952"}],"curies":[{"name":"wp","href":"https:\/\/api.w.org\/{rel}","templated":true}]}}