{"id":1107,"date":"2024-10-28T03:24:47","date_gmt":"2024-10-28T09:24:47","guid":{"rendered":"https:\/\/stacatarina.mx\/consejos\/un-gran-paso-adelante-para-la-reintroduccion-de-la-ardilla-roja-en-la-costa-oeste-de-escocia\/"},"modified":"2024-10-28T03:24:47","modified_gmt":"2024-10-28T09:24:47","slug":"un-gran-paso-adelante-para-la-reintroduccion-de-la-ardilla-roja-en-la-costa-oeste-de-escocia","status":"publish","type":"post","link":"https:\/\/stacatarina.mx\/consejos\/un-gran-paso-adelante-para-la-reintroduccion-de-la-ardilla-roja-en-la-costa-oeste-de-escocia\/","title":{"rendered":"Un gran paso adelante para la reintroducci\u00f3n de la ardilla roja en la costa oeste de Escocia"},"content":{"rendered":"<div class=\"entry-content\">\n<p>Las ardillas rojas podr\u00edan regresar a toda la costa norte de la pen\u00ednsula de Morvern, en la costa oeste de Escocia, y florecer nuevamente en la vecina Ardnamurchan luego de la reintroducci\u00f3n de la especie por parte de Trees for Life.<\/p>\n<p>La organizaci\u00f3n ben\u00e9fica de reconstrucci\u00f3n ha liberado esta primavera seis ardillas rojas en un bosque de hoja ancha en la remota finca Drimnin con vista al Sound of Mull, con el respaldo de los propietarios.<\/p>\n<p>Las llegadas ayudar\u00e1n a reforzar la poblaci\u00f3n existente de rojas reintroducidas en Morvern, que ha estado creciendo desde que Trees for Life liber\u00f3 21 ardillas en Lochaline hace dos a\u00f1os.  <\/p>\n<p>Sarah Woodfin, directora del proyecto de ardilla roja de Trees for Life, dijo: &#8220;Esta nueva poblaci\u00f3n de ardilla roja en Drimnin abre un nuevo cap\u00edtulo en esta exitosa historia de reconstrucci\u00f3n, que ofrece esperanza para el futuro a largo plazo de esta especie carism\u00e1tica y muy querida. .<\/p>\n<p>&#8220;Mientras la cubierta arb\u00f3rea siga mejorando en el \u00e1rea, eventualmente estas rojas reintroducidas deber\u00edan poder moverse alrededor de la costa hasta llegar a la vecina Ardnamurchan, ayudando a asegurar una poblaci\u00f3n remanente de ardillas rojas que ha logrado mantenerse all\u00ed&#8221;.<\/p>\n<p>Ya se ha visto a la nueva poblaci\u00f3n de rojos de Driminin jugando y aliment\u00e1ndose en los bosques de la finca.<\/p>\n<p>Rhonda Newsham, directora de visitantes de Drimnin Estate, dijo: \u201cEstamos tremendamente emocionados de dar la bienvenida a estas ardillas rojas y nos sentimos honrados de que Trees for Life y los voluntarios de los sitios de donantes de ardillas nos las hayan confiado.<\/p>\n<p>&#8220;En esta ubicaci\u00f3n remota, esperamos que los rojos est\u00e9n a salvo de muchos de los riesgos que pueden enfrentar en otros lugares, y que sus cr\u00edas y las de reintroducciones vecinas puedan prosperar y crear poblaciones florecientes en los bosques de toda la pen\u00ednsula de Morvern&#8221;.<\/p>\n<p>Se estima que s\u00f3lo quedan 120.000 ardillas rojas en Escocia; su n\u00famero est\u00e1 diezmado por la reducci\u00f3n de sus hogares en el bosque a fragmentos aislados, la persecuci\u00f3n hist\u00f3rica, las enfermedades letales y la competencia de la ardilla gris no nativa introducida. <\/p>\n<p>Las ardillas rojas siguen desaparecidas en grandes zonas de las Tierras Altas y las Islas, su \u00faltimo basti\u00f3n importante en el Reino Unido a salvo de los grises. Aunque muchos bosques de la regi\u00f3n ofrecen un h\u00e1bitat ideal, los rojos no pueden llegar a estos para\u00edsos porque evitan cruzar grandes espacios abiertos.<\/p>\n<p>El proyecto de reintroducci\u00f3n de Trees for Life ayuda a las ardillas reubicando cuidadosamente un peque\u00f1o n\u00famero de ardillas en bosques adecuados desde \u00e1reas donde las poblaciones son saludables, principalmente alrededor de Inverness, el lago Ness y la costa de Moray. La organizaci\u00f3n ben\u00e9fica nunca acepta m\u00e1s de dos ardillas por cada 200 hect\u00e1reas y cambia peri\u00f3dicamente los lugares de donaci\u00f3n para garantizar la diversidad gen\u00e9tica. <\/p>\n<p>La organizaci\u00f3n ben\u00e9fica ha liberado 235 ardillas rojas en 12 sitios en las Tierras Altas del noroeste desde 2016. Con las nuevas poblaciones reproduci\u00e9ndose y expandi\u00e9ndose por todo el h\u00e1bitat disponible, las liberaciones hasta ahora deber\u00edan conducir a una poblaci\u00f3n total estimada de 5.300 ardillas.<\/p>\n<p>Las reintroducciones, a su vez, ayudan a que los bosques de pino silvestre se expandan naturalmente, porque los rojos plantan nuevos \u00e1rboles olvidando d\u00f3nde han enterrado sus reservas invernales de nueces y semillas.<\/p>\n<p>La participaci\u00f3n comunitaria y la ciencia ciudadana son claves para el proyecto. La poblaci\u00f3n local ofrece sitios donantes, informa sobre avistamientos y realiza alimentaci\u00f3n suplementaria en los sitios de liberaci\u00f3n.<\/p>\n<p>Dado que Escocia es uno de los pa\u00edses con mayor escasez de naturaleza del mundo y muchas especies se enfrentan a la extinci\u00f3n, Trees for Life insta a la gente a firmar la Carta de la Naci\u00f3n Rewilding de la Scottish Rewilding Alliance en www.rewild.scot\/charter, pidiendo al gobierno escoc\u00e9s que declare Escocia. una naci\u00f3n en reconstrucci\u00f3n, comprometida con la recuperaci\u00f3n de la naturaleza en el 30% de la tierra y el mar. <\/p>\n<\/p><\/div>\n","protected":false},"excerpt":{"rendered":"<p>Las ardillas rojas podr\u00edan regresar a toda la costa norte de la pen\u00ednsula de Morvern, en la costa oeste de Escocia, y florecer nuevamente en<\/p>\n","protected":false},"author":1,"featured_media":1108,"comment_status":"closed","ping_status":"","sticky":false,"template":"","format":"standard","meta":{"footnotes":""},"categories":[68],"tags":[1499,1501,338,484,928,1503,29,794,1500,1502],"class_list":["post-1107","post","type-post","status-publish","format-standard","has-post-thumbnail","hentry","category-fauna-y-flora","tag-adelante","tag-ardilla","tag-costa","tag-escocia","tag-gran","tag-oeste","tag-para","tag-paso","tag-reintroduccion","tag-roja","generate-columns","tablet-grid-50","mobile-grid-100","grid-parent","grid-50"],"yoast_head":"<!-- This site is optimized with the Yoast SEO plugin v23.4 - https:\/\/yoast.com\/wordpress\/plugins\/seo\/ -->\n<title>Un gran paso adelante para la reintroducci\u00f3n de la ardilla roja en la costa oeste de Escocia - Consejos - Santa Catarina<\/title>\n<meta name=\"robots\" content=\"index, follow, max-snippet:-1, max-image-preview:large, max-video-preview:-1\" \/>\n<link rel=\"canonical\" href=\"https:\/\/stacatarina.mx\/consejos\/un-gran-paso-adelante-para-la-reintroduccion-de-la-ardilla-roja-en-la-costa-oeste-de-escocia\/\" \/>\n<meta property=\"og:locale\" content=\"es_MX\" \/>\n<meta property=\"og:type\" content=\"article\" \/>\n<meta property=\"og:title\" content=\"Un gran paso adelante para la reintroducci\u00f3n de la ardilla roja en la costa oeste de Escocia - Consejos - Santa Catarina\" \/>\n<meta property=\"og:description\" content=\"Las ardillas rojas podr\u00edan regresar a toda la costa norte de la pen\u00ednsula de Morvern, en la costa oeste de Escocia, y florecer nuevamente en\" \/>\n<meta property=\"og:url\" content=\"https:\/\/stacatarina.mx\/consejos\/un-gran-paso-adelante-para-la-reintroduccion-de-la-ardilla-roja-en-la-costa-oeste-de-escocia\/\" \/>\n<meta property=\"og:site_name\" content=\"Santa Catarina\" \/>\n<meta property=\"article:publisher\" content=\"https:\/\/www.facebook.com\/stacatarinagob\/\" \/>\n<meta property=\"article:published_time\" content=\"2024-10-28T09:24:47+00:00\" \/>\n<meta property=\"og:image\" content=\"https:\/\/stacatarina.mx\/consejos\/wp-content\/uploads\/2024\/10\/Un-gran-paso-adelante-para-la-reintroduccion-de-la-ardilla.jpg\" \/>\n\t<meta property=\"og:image:width\" content=\"900\" \/>\n\t<meta property=\"og:image:height\" content=\"545\" \/>\n\t<meta property=\"og:image:type\" content=\"image\/jpeg\" \/>\n<meta name=\"author\" content=\"Pedro Mart\u00ednez\" \/>\n<meta name=\"twitter:card\" content=\"summary_large_image\" \/>\n<meta name=\"twitter:creator\" content=\"@stacatarinagob\" \/>\n<meta name=\"twitter:site\" content=\"@stacatarinagob\" \/>\n<meta name=\"twitter:label1\" content=\"Escrito por\" \/>\n\t<meta name=\"twitter:data1\" content=\"Pedro Mart\u00ednez\" \/>\n\t<meta name=\"twitter:label2\" content=\"Tiempo de lectura\" \/>\n\t<meta name=\"twitter:data2\" content=\"3 minutos\" \/>\n<script type=\"application\/ld+json\" class=\"yoast-schema-graph\">{\"@context\":\"https:\/\/schema.org\",\"@graph\":[{\"@type\":\"Article\",\"@id\":\"https:\/\/stacatarina.mx\/consejos\/un-gran-paso-adelante-para-la-reintroduccion-de-la-ardilla-roja-en-la-costa-oeste-de-escocia\/#article\",\"isPartOf\":{\"@id\":\"https:\/\/stacatarina.mx\/consejos\/un-gran-paso-adelante-para-la-reintroduccion-de-la-ardilla-roja-en-la-costa-oeste-de-escocia\/\"},\"author\":{\"name\":\"Pedro Mart\u00ednez\",\"@id\":\"https:\/\/stacatarina.mx\/consejos\/#\/schema\/person\/0be60adffa8e4c4d0828fdf021450e8a\"},\"headline\":\"Un gran paso adelante para la reintroducci\u00f3n de la ardilla roja en la costa oeste de Escocia\",\"datePublished\":\"2024-10-28T09:24:47+00:00\",\"dateModified\":\"2024-10-28T09:24:47+00:00\",\"mainEntityOfPage\":{\"@id\":\"https:\/\/stacatarina.mx\/consejos\/un-gran-paso-adelante-para-la-reintroduccion-de-la-ardilla-roja-en-la-costa-oeste-de-escocia\/\"},\"wordCount\":716,\"publisher\":{\"@id\":\"https:\/\/stacatarina.mx\/consejos\/#organization\"},\"image\":{\"@id\":\"https:\/\/stacatarina.mx\/consejos\/un-gran-paso-adelante-para-la-reintroduccion-de-la-ardilla-roja-en-la-costa-oeste-de-escocia\/#primaryimage\"},\"thumbnailUrl\":\"https:\/\/stacatarina.mx\/consejos\/wp-content\/uploads\/2024\/10\/Un-gran-paso-adelante-para-la-reintroduccion-de-la-ardilla.jpg\",\"keywords\":[\"adelante\",\"ardilla\",\"costa\",\"Escocia\",\"gran\",\"oeste\",\"para\",\"pas\u00f3\",\"reintroducci\u00f3n\",\"roja\"],\"articleSection\":[\"Fauna y Flora\"],\"inLanguage\":\"es\"},{\"@type\":\"WebPage\",\"@id\":\"https:\/\/stacatarina.mx\/consejos\/un-gran-paso-adelante-para-la-reintroduccion-de-la-ardilla-roja-en-la-costa-oeste-de-escocia\/\",\"url\":\"https:\/\/stacatarina.mx\/consejos\/un-gran-paso-adelante-para-la-reintroduccion-de-la-ardilla-roja-en-la-costa-oeste-de-escocia\/\",\"name\":\"Un gran paso adelante para la reintroducci\u00f3n de la ardilla roja en la costa oeste de Escocia - Consejos - Santa Catarina\",\"isPartOf\":{\"@id\":\"https:\/\/stacatarina.mx\/consejos\/#website\"},\"primaryImageOfPage\":{\"@id\":\"https:\/\/stacatarina.mx\/consejos\/un-gran-paso-adelante-para-la-reintroduccion-de-la-ardilla-roja-en-la-costa-oeste-de-escocia\/#primaryimage\"},\"image\":{\"@id\":\"https:\/\/stacatarina.mx\/consejos\/un-gran-paso-adelante-para-la-reintroduccion-de-la-ardilla-roja-en-la-costa-oeste-de-escocia\/#primaryimage\"},\"thumbnailUrl\":\"https:\/\/stacatarina.mx\/consejos\/wp-content\/uploads\/2024\/10\/Un-gran-paso-adelante-para-la-reintroduccion-de-la-ardilla.jpg\",\"datePublished\":\"2024-10-28T09:24:47+00:00\",\"dateModified\":\"2024-10-28T09:24:47+00:00\",\"breadcrumb\":{\"@id\":\"https:\/\/stacatarina.mx\/consejos\/un-gran-paso-adelante-para-la-reintroduccion-de-la-ardilla-roja-en-la-costa-oeste-de-escocia\/#breadcrumb\"},\"inLanguage\":\"es\",\"potentialAction\":[{\"@type\":\"ReadAction\",\"target\":[\"https:\/\/stacatarina.mx\/consejos\/un-gran-paso-adelante-para-la-reintroduccion-de-la-ardilla-roja-en-la-costa-oeste-de-escocia\/\"]}]},{\"@type\":\"ImageObject\",\"inLanguage\":\"es\",\"@id\":\"https:\/\/stacatarina.mx\/consejos\/un-gran-paso-adelante-para-la-reintroduccion-de-la-ardilla-roja-en-la-costa-oeste-de-escocia\/#primaryimage\",\"url\":\"https:\/\/stacatarina.mx\/consejos\/wp-content\/uploads\/2024\/10\/Un-gran-paso-adelante-para-la-reintroduccion-de-la-ardilla.jpg\",\"contentUrl\":\"https:\/\/stacatarina.mx\/consejos\/wp-content\/uploads\/2024\/10\/Un-gran-paso-adelante-para-la-reintroduccion-de-la-ardilla.jpg\",\"width\":900,\"height\":545,\"caption\":\"Leap forward for red squirrel reintroduction on Scotland\u2019s west coast\"},{\"@type\":\"BreadcrumbList\",\"@id\":\"https:\/\/stacatarina.mx\/consejos\/un-gran-paso-adelante-para-la-reintroduccion-de-la-ardilla-roja-en-la-costa-oeste-de-escocia\/#breadcrumb\",\"itemListElement\":[{\"@type\":\"ListItem\",\"position\":1,\"name\":\"Inicio\",\"item\":\"https:\/\/stacatarina.mx\/consejos\/\"},{\"@type\":\"ListItem\",\"position\":2,\"name\":\"Un gran paso adelante para la reintroducci\u00f3n de la ardilla roja en la costa oeste de Escocia\"}]},{\"@type\":\"WebSite\",\"@id\":\"https:\/\/stacatarina.mx\/consejos\/#website\",\"url\":\"https:\/\/stacatarina.mx\/consejos\/\",\"name\":\"Santa Catarina\",\"description\":\"\",\"publisher\":{\"@id\":\"https:\/\/stacatarina.mx\/consejos\/#organization\"},\"potentialAction\":[{\"@type\":\"SearchAction\",\"target\":{\"@type\":\"EntryPoint\",\"urlTemplate\":\"https:\/\/stacatarina.mx\/consejos\/?s={search_term_string}\"},\"query-input\":{\"@type\":\"PropertyValueSpecification\",\"valueRequired\":true,\"valueName\":\"search_term_string\"}}],\"inLanguage\":\"es\"},{\"@type\":\"Organization\",\"@id\":\"https:\/\/stacatarina.mx\/consejos\/#organization\",\"name\":\"Santa Catarina\",\"url\":\"https:\/\/stacatarina.mx\/consejos\/\",\"logo\":{\"@type\":\"ImageObject\",\"inLanguage\":\"es\",\"@id\":\"https:\/\/stacatarina.mx\/consejos\/#\/schema\/logo\/image\/\",\"url\":\"https:\/\/stacatarina.mx\/consejos\/wp-content\/uploads\/2024\/09\/cropped-favicon-1-1.png\",\"contentUrl\":\"https:\/\/stacatarina.mx\/consejos\/wp-content\/uploads\/2024\/09\/cropped-favicon-1-1.png\",\"width\":512,\"height\":512,\"caption\":\"Santa Catarina\"},\"image\":{\"@id\":\"https:\/\/stacatarina.mx\/consejos\/#\/schema\/logo\/image\/\"},\"sameAs\":[\"https:\/\/www.facebook.com\/stacatarinagob\/\",\"https:\/\/x.com\/stacatarinagob\",\"https:\/\/www.instagram.com\/stacatarinagob\/\",\"https:\/\/www.youtube.com\/channel\/UCK-6cQJL_904665N1_nLTWw\"]},{\"@type\":\"Person\",\"@id\":\"https:\/\/stacatarina.mx\/consejos\/#\/schema\/person\/0be60adffa8e4c4d0828fdf021450e8a\",\"name\":\"Pedro Mart\u00ednez\",\"image\":{\"@type\":\"ImageObject\",\"inLanguage\":\"es\",\"@id\":\"https:\/\/stacatarina.mx\/consejos\/#\/schema\/person\/image\/\",\"url\":\"https:\/\/stacatarina.mx\/consejos\/wp-content\/uploads\/2024\/09\/stacatarina.jpg\",\"contentUrl\":\"https:\/\/stacatarina.mx\/consejos\/wp-content\/uploads\/2024\/09\/stacatarina.jpg\",\"caption\":\"Pedro Mart\u00ednez\"},\"description\":\"Hola, soy Pedro Mart\u00ednez, redactor jefe del sitio oficial del ayuntamiento de Santa Catarina, en M\u00e9xico. Con m\u00e1s de diez a\u00f1os de experiencia en el periodismo local, tengo una pasi\u00f3n por la investigaci\u00f3n y la difusi\u00f3n de informaci\u00f3n que valoriza nuestra hermosa comunidad. Mi compromiso es hacer de Santa Catarina una referencia en materia de transparencia y comunicaci\u00f3n municipal.\",\"sameAs\":[\"https:\/\/stacatarina.mx\/\"]}]}<\/script>\n<!-- \/ Yoast SEO plugin. -->","yoast_head_json":{"title":"Un gran paso adelante para la reintroducci\u00f3n de la ardilla roja en la costa oeste de Escocia - Consejos - Santa Catarina","robots":{"index":"index","follow":"follow","max-snippet":"max-snippet:-1","max-image-preview":"max-image-preview:large","max-video-preview":"max-video-preview:-1"},"canonical":"https:\/\/stacatarina.mx\/consejos\/un-gran-paso-adelante-para-la-reintroduccion-de-la-ardilla-roja-en-la-costa-oeste-de-escocia\/","og_locale":"es_MX","og_type":"article","og_title":"Un gran paso adelante para la reintroducci\u00f3n de la ardilla roja en la costa oeste de Escocia - Consejos - Santa Catarina","og_description":"Las ardillas rojas podr\u00edan regresar a toda la costa norte de la pen\u00ednsula de Morvern, en la costa oeste de Escocia, y florecer nuevamente en","og_url":"https:\/\/stacatarina.mx\/consejos\/un-gran-paso-adelante-para-la-reintroduccion-de-la-ardilla-roja-en-la-costa-oeste-de-escocia\/","og_site_name":"Santa Catarina","article_publisher":"https:\/\/www.facebook.com\/stacatarinagob\/","article_published_time":"2024-10-28T09:24:47+00:00","og_image":[{"width":900,"height":545,"url":"https:\/\/stacatarina.mx\/consejos\/wp-content\/uploads\/2024\/10\/Un-gran-paso-adelante-para-la-reintroduccion-de-la-ardilla.jpg","type":"image\/jpeg"}],"author":"Pedro Mart\u00ednez","twitter_card":"summary_large_image","twitter_creator":"@stacatarinagob","twitter_site":"@stacatarinagob","twitter_misc":{"Escrito por":"Pedro Mart\u00ednez","Tiempo de lectura":"3 minutos"},"schema":{"@context":"https:\/\/schema.org","@graph":[{"@type":"Article","@id":"https:\/\/stacatarina.mx\/consejos\/un-gran-paso-adelante-para-la-reintroduccion-de-la-ardilla-roja-en-la-costa-oeste-de-escocia\/#article","isPartOf":{"@id":"https:\/\/stacatarina.mx\/consejos\/un-gran-paso-adelante-para-la-reintroduccion-de-la-ardilla-roja-en-la-costa-oeste-de-escocia\/"},"author":{"name":"Pedro Mart\u00ednez","@id":"https:\/\/stacatarina.mx\/consejos\/#\/schema\/person\/0be60adffa8e4c4d0828fdf021450e8a"},"headline":"Un gran paso adelante para la reintroducci\u00f3n de la ardilla roja en la costa oeste de Escocia","datePublished":"2024-10-28T09:24:47+00:00","dateModified":"2024-10-28T09:24:47+00:00","mainEntityOfPage":{"@id":"https:\/\/stacatarina.mx\/consejos\/un-gran-paso-adelante-para-la-reintroduccion-de-la-ardilla-roja-en-la-costa-oeste-de-escocia\/"},"wordCount":716,"publisher":{"@id":"https:\/\/stacatarina.mx\/consejos\/#organization"},"image":{"@id":"https:\/\/stacatarina.mx\/consejos\/un-gran-paso-adelante-para-la-reintroduccion-de-la-ardilla-roja-en-la-costa-oeste-de-escocia\/#primaryimage"},"thumbnailUrl":"https:\/\/stacatarina.mx\/consejos\/wp-content\/uploads\/2024\/10\/Un-gran-paso-adelante-para-la-reintroduccion-de-la-ardilla.jpg","keywords":["adelante","ardilla","costa","Escocia","gran","oeste","para","pas\u00f3","reintroducci\u00f3n","roja"],"articleSection":["Fauna y Flora"],"inLanguage":"es"},{"@type":"WebPage","@id":"https:\/\/stacatarina.mx\/consejos\/un-gran-paso-adelante-para-la-reintroduccion-de-la-ardilla-roja-en-la-costa-oeste-de-escocia\/","url":"https:\/\/stacatarina.mx\/consejos\/un-gran-paso-adelante-para-la-reintroduccion-de-la-ardilla-roja-en-la-costa-oeste-de-escocia\/","name":"Un gran paso adelante para la reintroducci\u00f3n de la ardilla roja en la costa oeste de Escocia - Consejos - Santa Catarina","isPartOf":{"@id":"https:\/\/stacatarina.mx\/consejos\/#website"},"primaryImageOfPage":{"@id":"https:\/\/stacatarina.mx\/consejos\/un-gran-paso-adelante-para-la-reintroduccion-de-la-ardilla-roja-en-la-costa-oeste-de-escocia\/#primaryimage"},"image":{"@id":"https:\/\/stacatarina.mx\/consejos\/un-gran-paso-adelante-para-la-reintroduccion-de-la-ardilla-roja-en-la-costa-oeste-de-escocia\/#primaryimage"},"thumbnailUrl":"https:\/\/stacatarina.mx\/consejos\/wp-content\/uploads\/2024\/10\/Un-gran-paso-adelante-para-la-reintroduccion-de-la-ardilla.jpg","datePublished":"2024-10-28T09:24:47+00:00","dateModified":"2024-10-28T09:24:47+00:00","breadcrumb":{"@id":"https:\/\/stacatarina.mx\/consejos\/un-gran-paso-adelante-para-la-reintroduccion-de-la-ardilla-roja-en-la-costa-oeste-de-escocia\/#breadcrumb"},"inLanguage":"es","potentialAction":[{"@type":"ReadAction","target":["https:\/\/stacatarina.mx\/consejos\/un-gran-paso-adelante-para-la-reintroduccion-de-la-ardilla-roja-en-la-costa-oeste-de-escocia\/"]}]},{"@type":"ImageObject","inLanguage":"es","@id":"https:\/\/stacatarina.mx\/consejos\/un-gran-paso-adelante-para-la-reintroduccion-de-la-ardilla-roja-en-la-costa-oeste-de-escocia\/#primaryimage","url":"https:\/\/stacatarina.mx\/consejos\/wp-content\/uploads\/2024\/10\/Un-gran-paso-adelante-para-la-reintroduccion-de-la-ardilla.jpg","contentUrl":"https:\/\/stacatarina.mx\/consejos\/wp-content\/uploads\/2024\/10\/Un-gran-paso-adelante-para-la-reintroduccion-de-la-ardilla.jpg","width":900,"height":545,"caption":"Leap forward for red squirrel reintroduction on Scotland\u2019s west coast"},{"@type":"BreadcrumbList","@id":"https:\/\/stacatarina.mx\/consejos\/un-gran-paso-adelante-para-la-reintroduccion-de-la-ardilla-roja-en-la-costa-oeste-de-escocia\/#breadcrumb","itemListElement":[{"@type":"ListItem","position":1,"name":"Inicio","item":"https:\/\/stacatarina.mx\/consejos\/"},{"@type":"ListItem","position":2,"name":"Un gran paso adelante para la reintroducci\u00f3n de la ardilla roja en la costa oeste de Escocia"}]},{"@type":"WebSite","@id":"https:\/\/stacatarina.mx\/consejos\/#website","url":"https:\/\/stacatarina.mx\/consejos\/","name":"Santa Catarina","description":"","publisher":{"@id":"https:\/\/stacatarina.mx\/consejos\/#organization"},"potentialAction":[{"@type":"SearchAction","target":{"@type":"EntryPoint","urlTemplate":"https:\/\/stacatarina.mx\/consejos\/?s={search_term_string}"},"query-input":{"@type":"PropertyValueSpecification","valueRequired":true,"valueName":"search_term_string"}}],"inLanguage":"es"},{"@type":"Organization","@id":"https:\/\/stacatarina.mx\/consejos\/#organization","name":"Santa Catarina","url":"https:\/\/stacatarina.mx\/consejos\/","logo":{"@type":"ImageObject","inLanguage":"es","@id":"https:\/\/stacatarina.mx\/consejos\/#\/schema\/logo\/image\/","url":"https:\/\/stacatarina.mx\/consejos\/wp-content\/uploads\/2024\/09\/cropped-favicon-1-1.png","contentUrl":"https:\/\/stacatarina.mx\/consejos\/wp-content\/uploads\/2024\/09\/cropped-favicon-1-1.png","width":512,"height":512,"caption":"Santa Catarina"},"image":{"@id":"https:\/\/stacatarina.mx\/consejos\/#\/schema\/logo\/image\/"},"sameAs":["https:\/\/www.facebook.com\/stacatarinagob\/","https:\/\/x.com\/stacatarinagob","https:\/\/www.instagram.com\/stacatarinagob\/","https:\/\/www.youtube.com\/channel\/UCK-6cQJL_904665N1_nLTWw"]},{"@type":"Person","@id":"https:\/\/stacatarina.mx\/consejos\/#\/schema\/person\/0be60adffa8e4c4d0828fdf021450e8a","name":"Pedro Mart\u00ednez","image":{"@type":"ImageObject","inLanguage":"es","@id":"https:\/\/stacatarina.mx\/consejos\/#\/schema\/person\/image\/","url":"https:\/\/stacatarina.mx\/consejos\/wp-content\/uploads\/2024\/09\/stacatarina.jpg","contentUrl":"https:\/\/stacatarina.mx\/consejos\/wp-content\/uploads\/2024\/09\/stacatarina.jpg","caption":"Pedro Mart\u00ednez"},"description":"Hola, soy Pedro Mart\u00ednez, redactor jefe del sitio oficial del ayuntamiento de Santa Catarina, en M\u00e9xico. Con m\u00e1s de diez a\u00f1os de experiencia en el periodismo local, tengo una pasi\u00f3n por la investigaci\u00f3n y la difusi\u00f3n de informaci\u00f3n que valoriza nuestra hermosa comunidad. Mi compromiso es hacer de Santa Catarina una referencia en materia de transparencia y comunicaci\u00f3n municipal.","sameAs":["https:\/\/stacatarina.mx\/"]}]}},"_links":{"self":[{"href":"https:\/\/stacatarina.mx\/consejos\/wp-json\/wp\/v2\/posts\/1107"}],"collection":[{"href":"https:\/\/stacatarina.mx\/consejos\/wp-json\/wp\/v2\/posts"}],"about":[{"href":"https:\/\/stacatarina.mx\/consejos\/wp-json\/wp\/v2\/types\/post"}],"author":[{"embeddable":true,"href":"https:\/\/stacatarina.mx\/consejos\/wp-json\/wp\/v2\/users\/1"}],"replies":[{"embeddable":true,"href":"https:\/\/stacatarina.mx\/consejos\/wp-json\/wp\/v2\/comments?post=1107"}],"version-history":[{"count":1,"href":"https:\/\/stacatarina.mx\/consejos\/wp-json\/wp\/v2\/posts\/1107\/revisions"}],"predecessor-version":[{"id":1109,"href":"https:\/\/stacatarina.mx\/consejos\/wp-json\/wp\/v2\/posts\/1107\/revisions\/1109"}],"wp:featuredmedia":[{"embeddable":true,"href":"https:\/\/stacatarina.mx\/consejos\/wp-json\/wp\/v2\/media\/1108"}],"wp:attachment":[{"href":"https:\/\/stacatarina.mx\/consejos\/wp-json\/wp\/v2\/media?parent=1107"}],"wp:term":[{"taxonomy":"category","embeddable":true,"href":"https:\/\/stacatarina.mx\/consejos\/wp-json\/wp\/v2\/categories?post=1107"},{"taxonomy":"post_tag","embeddable":true,"href":"https:\/\/stacatarina.mx\/consejos\/wp-json\/wp\/v2\/tags?post=1107"}],"curies":[{"name":"wp","href":"https:\/\/api.w.org\/{rel}","templated":true}]}}