{"id":1152,"date":"2024-10-29T09:23:20","date_gmt":"2024-10-29T15:23:20","guid":{"rendered":"https:\/\/stacatarina.mx\/consejos\/el-verano-de-2023-fue-el-mas-caluroso-del-hemisferio-norte-en-2-000-anos-segun-muestran-los-anillos-de-los-arboles\/"},"modified":"2024-10-29T09:23:20","modified_gmt":"2024-10-29T15:23:20","slug":"el-verano-de-2023-fue-el-mas-caluroso-del-hemisferio-norte-en-2-000-anos-segun-muestran-los-anillos-de-los-arboles","status":"publish","type":"post","link":"https:\/\/stacatarina.mx\/consejos\/el-verano-de-2023-fue-el-mas-caluroso-del-hemisferio-norte-en-2-000-anos-segun-muestran-los-anillos-de-los-arboles\/","title":{"rendered":"El verano de 2023 fue el m\u00e1s caluroso del hemisferio norte en 2.000 a\u00f1os, seg\u00fan muestran los anillos de los \u00e1rboles"},"content":{"rendered":"<div class=\"entry-content\">\n<p>El verano de 2023 fue el m\u00e1s c\u00e1lido en las zonas no tropicales del hemisferio norte en 2.000 a\u00f1os, seg\u00fan ha demostrado un nuevo estudio.<\/p>\n<p>En esta vasta \u00e1rea de tierra, que abarca Europa, Asia y Am\u00e9rica del Norte, las temperaturas del aire en la superficie fueron m\u00e1s de 2 \u00b0C m\u00e1s altas en junio, julio y agosto de 2023 que la temperatura promedio del verano entre el a\u00f1o 1 y 1890 d. C., seg\u00fan lo reconstruido a partir de registros de anillos de \u00e1rboles.<\/p>\n<p>Si bien el cambio clim\u00e1tico es un fen\u00f3meno global, el calentamiento a escala regional suele ser m\u00e1s fuerte. Y es el cambio clim\u00e1tico regional, no la temperatura promedio global, lo que experimenta la gente.<\/p>\n<p>El acuerdo de Par\u00eds tiene como objetivo limitar el cambio clim\u00e1tico a menos de 2\u00b0C e idealmente a 1,5\u00b0C de calentamiento, pero estas cifras se refieren al cambio de temperatura global, generalmente promediado durante 20 a\u00f1os. Los autores de la nueva investigaci\u00f3n sostienen que estos objetivos ya se alcanzaron a escala regional en el verano del hemisferio norte.<\/p>\n<p>Hubo 2.295 muertes asociadas con cinco olas de calor en el verano de 2023 en el Reino Unido. Los autores del nuevo estudio quer\u00edan comprender cu\u00e1n inusualmente c\u00e1lido fue el verano de 2023 en el hemisferio norte en comparaci\u00f3n con el pasado.<\/p>\n<p>Para ello, recurrieron a una de las herramientas m\u00e1s \u00fatiles para medir la temperatura de la Tierra durante miles de a\u00f1os: anillos que crecen anualmente en los troncos de los \u00e1rboles en cualquier parte del planeta donde el clima sea estacional.<\/p>\n<h2 class=\"wp-block-heading\">Dos milenios de anillos de \u00e1rboles<\/h2>\n<p>El calor extremo de 2023 fue causado por las emisiones de gases de efecto invernadero y amplificado por El Ni\u00f1o, la fase c\u00e1lida de un ciclo clim\u00e1tico natural en el Oc\u00e9ano Pac\u00edfico.<\/p>\n<p>Para saber c\u00f3mo era el clima en el pasado reciente, los cient\u00edficos analizan los registros de las estaciones meteorol\u00f3gicas para ver si un a\u00f1o en particular fue m\u00e1s c\u00e1lido o m\u00e1s fr\u00edo que los anteriores. El registro instrumental m\u00e1s largo disponible es la serie de temperaturas del centro de Inglaterra y solo se remonta a 1659, lo que no es suficiente para ubicar el calentamiento reciente en contexto.<\/p>\n<p>Para descubrir qu\u00e9 tan c\u00e1lido es ahora en comparaci\u00f3n con hace dos milenios, los cient\u00edficos utilizan indicadores clim\u00e1ticos. Se trata de archivos naturales como n\u00facleos de hielo y sedimentos que almacenan un registro del clima en las capas que acumulan con el tiempo.<\/p>\n<p>Los \u00e1rboles crecen en muchos lugares diferentes y registran con sensibilidad informaci\u00f3n clim\u00e1tica pasada en gran parte del mundo. A los \u00e1rboles les crece un anillo al a\u00f1o en climas estacionales, por lo que no hay duda sobre la fecha en que se form\u00f3 un anillo en particular.<\/p>\n<p>Para estudiar el clima pasado, los cient\u00edficos de los anillos de los \u00e1rboles analizan qu\u00e9 tan ancho o estrecho es un anillo en un a\u00f1o determinado, qu\u00e9 tan densa es la madera o su composici\u00f3n qu\u00edmica.<\/p>\n<p>El crecimiento de los anillos de los \u00e1rboles es sensible a muchas variables clim\u00e1ticas, pero en los \u00e1rboles de con\u00edferas que crecen en los l\u00edmites arb\u00f3reos del hemisferio norte (el punto en el que los \u00e1rboles ya no pueden crecer debido a las temperaturas fr\u00edas, los fuertes vientos o la baja humedad) es la temperatura del verano la que controla m\u00e1s fuertemente el crecimiento de los \u00e1rboles. crecimiento del anillo. En un verano c\u00e1lido, estos \u00e1rboles tender\u00e1n a producir anillos anchos y densos.<\/p>\n<p>Un per\u00edodo en el que todos los \u00e1rboles de una regi\u00f3n particular crecieron en anillos anchos o estrechos, si se compara con precisi\u00f3n con muchos \u00e1rboles, indica una fase inusual en el clima que afect\u00f3 el crecimiento de los \u00e1rboles.<\/p>\n<p>Los autores del nuevo estudio buscaban \u00e1rboles que registraran fielmente las temperaturas del verano pasado. Combinaron registros de miles de estos \u00e1rboles en cientos de sitios en Am\u00e9rica del Norte y Canad\u00e1, el Reino Unido y Europa, Escandinavia, Rusia, Mongolia y Jap\u00f3n. Los registros de los anillos de los \u00e1rboles fueron producidos por cient\u00edficos que trabajaron laboriosamente para tomar muestras de los n\u00facleos de los \u00e1rboles, medir los anillos y compartir los datos.<\/p>\n<p>Este enorme archivo de anillos de \u00e1rboles revel\u00f3 que el verano del hemisferio norte de 2023 fue 2,2\u00b0C m\u00e1s c\u00e1lido que el promedio de cada a\u00f1o entre el 1 d.C. y 1890. En comparaci\u00f3n con el a\u00f1o m\u00e1s fr\u00edo de los \u00faltimos dos milenios, el 536 d.C., cuando un gran volc\u00e1n entr\u00f3 en erupci\u00f3n y enfri\u00f3 el planeta durante varios a\u00f1os, se descubri\u00f3 que el verano de 2023 fue casi 4 \u00b0C m\u00e1s c\u00e1lido que ese a\u00f1o.<\/p>\n<h2 class=\"wp-block-heading\">\u00bfQu\u00e9 mostrar\u00e1n los bosques del futuro?<\/h2>\n<p>A medida que aumentan las emisiones de gases de efecto invernadero, lo que aumenta el efecto invernadero de la Tierra, la gente puede esperar eventos clim\u00e1ticos m\u00e1s frecuentes y severos. En el pasado, los a\u00f1os muy c\u00e1lidos a nivel mundial generalmente ocurrieron durante eventos de El Ni\u00f1o, como en 2016.<\/p>\n<p>Sin embargo, los niveles de gases de efecto invernadero son ahora tan altos que, por primera vez en 2017, el planeta experiment\u00f3 un a\u00f1o muy c\u00e1lido durante la fase opuesta a El Ni\u00f1o, la fase de La Ni\u00f1a, que tiene un efecto de enfriamiento en las temperaturas globales.<\/p>\n<p>El nuevo estudio encontr\u00f3 que 2023 incluso rompi\u00f3 el r\u00e9cord de 2016, ya que fue 0,23\u00b0C m\u00e1s c\u00e1lido que el \u00faltimo verano amplificado por El Ni\u00f1o. Las emisiones de gases de efecto invernadero son ahora tan altas que, cuando se superan los r\u00e9cords clim\u00e1ticos, lo hacen en grandes cambios, en lugar de peque\u00f1os incrementos.<\/p>\n<p>Los miles de \u00e1rboles muestreados para este estudio, procedentes de bosques monta\u00f1osos del hemisferio norte, se enfrentan a condiciones de crecimiento cada vez m\u00e1s duras. Si los cient\u00edficos volvieran a visitarlos, encontrar\u00edan, en muchos lugares, \u00e1rboles estresados \u200b\u200bpor el calor y la sequ\u00eda.<\/p>\n<p>Una sola sequ\u00eda entre 2012 y 2016 en California mat\u00f3 a m\u00e1s de 200 millones de \u00e1rboles. La muerte de \u00e1rboles en Francia ha aumentado m\u00e1s del 80% en la \u00faltima d\u00e9cada, un patr\u00f3n observado en todo el mundo como resultado de sequ\u00edas m\u00e1s c\u00e1lidas.<\/p>\n<p>Los bosques contienen el 80% de la biodiversidad que vive en la tierra y sustentan los medios de vida de 1.600 millones de personas. Los \u00e1rboles tambi\u00e9n regulan el clima global y almacenan carbono del aire, mientras poco a poco van acumulando en sus anillos un registro de nuestro fracaso a la hora de detener el peligroso cambio clim\u00e1tico.<\/p>\n<p>El calor extremo de 2023 pone de relieve la necesidad de una acci\u00f3n clim\u00e1tica urgente. Si el mundo se descarboniza r\u00e1pidamente, es de esperar que los futuros cient\u00edficos vean la recuperaci\u00f3n del clima silenciosamente registrada en los registros de los anillos de los \u00e1rboles de los bosques restantes de la Tierra.<\/p>\n<hr class=\"wp-block-separator has-alpha-channel-opacity\">\n<p>Mary Gagen, profesora de Geograf\u00eda F\u00edsica, <em>Universidad de Swansea<\/em><\/p>\n<\/p><\/div>\n","protected":false},"excerpt":{"rendered":"<p>El verano de 2023 fue el m\u00e1s c\u00e1lido en las zonas no tropicales del hemisferio norte en 2.000 a\u00f1os, seg\u00fan ha demostrado un nuevo estudio.<\/p>\n","protected":false},"author":1,"featured_media":0,"comment_status":"","ping_status":"","sticky":false,"template":"","format":"standard","meta":{"footnotes":""},"categories":[68],"tags":[1575,209,500,1572,23,614,1573,62,137,1574,871,217,686],"class_list":["post-1152","post","type-post","status-publish","format-standard","hentry","category-fauna-y-flora","tag-anillos","tag-anos","tag-arboles","tag-caluroso","tag-del","tag-fue","tag-hemisferio","tag-los","tag-mas","tag-muestran","tag-norte","tag-segun","tag-verano","generate-columns","tablet-grid-50","mobile-grid-100","grid-parent","grid-50"],"yoast_head":"<!-- This site is optimized with the Yoast SEO plugin v23.4 - https:\/\/yoast.com\/wordpress\/plugins\/seo\/ -->\n<title>El verano de 2023 fue el m\u00e1s caluroso del hemisferio norte en 2.000 a\u00f1os, seg\u00fan muestran los anillos de los \u00e1rboles - Consejos - Santa Catarina<\/title>\n<meta name=\"robots\" content=\"index, follow, max-snippet:-1, max-image-preview:large, max-video-preview:-1\" \/>\n<link rel=\"canonical\" href=\"https:\/\/stacatarina.mx\/consejos\/el-verano-de-2023-fue-el-mas-caluroso-del-hemisferio-norte-en-2-000-anos-segun-muestran-los-anillos-de-los-arboles\/\" \/>\n<meta property=\"og:locale\" content=\"es_MX\" \/>\n<meta property=\"og:type\" content=\"article\" \/>\n<meta property=\"og:title\" content=\"El verano de 2023 fue el m\u00e1s caluroso del hemisferio norte en 2.000 a\u00f1os, seg\u00fan muestran los anillos de los \u00e1rboles - Consejos - Santa Catarina\" \/>\n<meta property=\"og:description\" content=\"El verano de 2023 fue el m\u00e1s c\u00e1lido en las zonas no tropicales del hemisferio norte en 2.000 a\u00f1os, seg\u00fan ha demostrado un nuevo estudio.\" \/>\n<meta property=\"og:url\" content=\"https:\/\/stacatarina.mx\/consejos\/el-verano-de-2023-fue-el-mas-caluroso-del-hemisferio-norte-en-2-000-anos-segun-muestran-los-anillos-de-los-arboles\/\" \/>\n<meta property=\"og:site_name\" content=\"Santa Catarina\" \/>\n<meta property=\"article:publisher\" content=\"https:\/\/www.facebook.com\/stacatarinagob\/\" \/>\n<meta property=\"article:published_time\" content=\"2024-10-29T15:23:20+00:00\" \/>\n<meta property=\"og:image\" content=\"https:\/\/stacatarina.mx\/consejos\/wp-content\/uploads\/2024\/09\/Logo-Santa-Catarina-2021-1-e1725826739565.png\" \/>\n\t<meta property=\"og:image:width\" content=\"204\" \/>\n\t<meta property=\"og:image:height\" content=\"127\" \/>\n\t<meta property=\"og:image:type\" content=\"image\/png\" \/>\n<meta name=\"author\" content=\"Pedro Mart\u00ednez\" \/>\n<meta name=\"twitter:card\" content=\"summary_large_image\" \/>\n<meta name=\"twitter:creator\" content=\"@stacatarinagob\" \/>\n<meta name=\"twitter:site\" content=\"@stacatarinagob\" \/>\n<meta name=\"twitter:label1\" content=\"Escrito por\" \/>\n\t<meta name=\"twitter:data1\" content=\"Pedro Mart\u00ednez\" \/>\n\t<meta name=\"twitter:label2\" content=\"Tiempo de lectura\" \/>\n\t<meta name=\"twitter:data2\" content=\"6 minutos\" \/>\n<script type=\"application\/ld+json\" class=\"yoast-schema-graph\">{\"@context\":\"https:\/\/schema.org\",\"@graph\":[{\"@type\":\"Article\",\"@id\":\"https:\/\/stacatarina.mx\/consejos\/el-verano-de-2023-fue-el-mas-caluroso-del-hemisferio-norte-en-2-000-anos-segun-muestran-los-anillos-de-los-arboles\/#article\",\"isPartOf\":{\"@id\":\"https:\/\/stacatarina.mx\/consejos\/el-verano-de-2023-fue-el-mas-caluroso-del-hemisferio-norte-en-2-000-anos-segun-muestran-los-anillos-de-los-arboles\/\"},\"author\":{\"name\":\"Pedro Mart\u00ednez\",\"@id\":\"https:\/\/stacatarina.mx\/consejos\/#\/schema\/person\/0be60adffa8e4c4d0828fdf021450e8a\"},\"headline\":\"El verano de 2023 fue el m\u00e1s caluroso del hemisferio norte en 2.000 a\u00f1os, seg\u00fan muestran los anillos de los \u00e1rboles\",\"datePublished\":\"2024-10-29T15:23:20+00:00\",\"dateModified\":\"2024-10-29T15:23:20+00:00\",\"mainEntityOfPage\":{\"@id\":\"https:\/\/stacatarina.mx\/consejos\/el-verano-de-2023-fue-el-mas-caluroso-del-hemisferio-norte-en-2-000-anos-segun-muestran-los-anillos-de-los-arboles\/\"},\"wordCount\":1242,\"publisher\":{\"@id\":\"https:\/\/stacatarina.mx\/consejos\/#organization\"},\"keywords\":[\"anillos\",\"a\u00f1os\",\"\u00e1rboles\",\"caluroso\",\"del\",\"fue\",\"hemisferio\",\"los\",\"m\u00e1s\",\"muestran\",\"Norte\",\"seg\u00fan\",\"verano\"],\"articleSection\":[\"Fauna y Flora\"],\"inLanguage\":\"es\"},{\"@type\":\"WebPage\",\"@id\":\"https:\/\/stacatarina.mx\/consejos\/el-verano-de-2023-fue-el-mas-caluroso-del-hemisferio-norte-en-2-000-anos-segun-muestran-los-anillos-de-los-arboles\/\",\"url\":\"https:\/\/stacatarina.mx\/consejos\/el-verano-de-2023-fue-el-mas-caluroso-del-hemisferio-norte-en-2-000-anos-segun-muestran-los-anillos-de-los-arboles\/\",\"name\":\"El verano de 2023 fue el m\u00e1s caluroso del hemisferio norte en 2.000 a\u00f1os, seg\u00fan muestran los anillos de los \u00e1rboles - Consejos - Santa Catarina\",\"isPartOf\":{\"@id\":\"https:\/\/stacatarina.mx\/consejos\/#website\"},\"datePublished\":\"2024-10-29T15:23:20+00:00\",\"dateModified\":\"2024-10-29T15:23:20+00:00\",\"breadcrumb\":{\"@id\":\"https:\/\/stacatarina.mx\/consejos\/el-verano-de-2023-fue-el-mas-caluroso-del-hemisferio-norte-en-2-000-anos-segun-muestran-los-anillos-de-los-arboles\/#breadcrumb\"},\"inLanguage\":\"es\",\"potentialAction\":[{\"@type\":\"ReadAction\",\"target\":[\"https:\/\/stacatarina.mx\/consejos\/el-verano-de-2023-fue-el-mas-caluroso-del-hemisferio-norte-en-2-000-anos-segun-muestran-los-anillos-de-los-arboles\/\"]}]},{\"@type\":\"BreadcrumbList\",\"@id\":\"https:\/\/stacatarina.mx\/consejos\/el-verano-de-2023-fue-el-mas-caluroso-del-hemisferio-norte-en-2-000-anos-segun-muestran-los-anillos-de-los-arboles\/#breadcrumb\",\"itemListElement\":[{\"@type\":\"ListItem\",\"position\":1,\"name\":\"Inicio\",\"item\":\"https:\/\/stacatarina.mx\/consejos\/\"},{\"@type\":\"ListItem\",\"position\":2,\"name\":\"El verano de 2023 fue el m\u00e1s caluroso del hemisferio norte en 2.000 a\u00f1os, seg\u00fan muestran los anillos de los \u00e1rboles\"}]},{\"@type\":\"WebSite\",\"@id\":\"https:\/\/stacatarina.mx\/consejos\/#website\",\"url\":\"https:\/\/stacatarina.mx\/consejos\/\",\"name\":\"Santa Catarina\",\"description\":\"\",\"publisher\":{\"@id\":\"https:\/\/stacatarina.mx\/consejos\/#organization\"},\"potentialAction\":[{\"@type\":\"SearchAction\",\"target\":{\"@type\":\"EntryPoint\",\"urlTemplate\":\"https:\/\/stacatarina.mx\/consejos\/?s={search_term_string}\"},\"query-input\":{\"@type\":\"PropertyValueSpecification\",\"valueRequired\":true,\"valueName\":\"search_term_string\"}}],\"inLanguage\":\"es\"},{\"@type\":\"Organization\",\"@id\":\"https:\/\/stacatarina.mx\/consejos\/#organization\",\"name\":\"Santa Catarina\",\"url\":\"https:\/\/stacatarina.mx\/consejos\/\",\"logo\":{\"@type\":\"ImageObject\",\"inLanguage\":\"es\",\"@id\":\"https:\/\/stacatarina.mx\/consejos\/#\/schema\/logo\/image\/\",\"url\":\"https:\/\/stacatarina.mx\/consejos\/wp-content\/uploads\/2024\/09\/cropped-favicon-1-1.png\",\"contentUrl\":\"https:\/\/stacatarina.mx\/consejos\/wp-content\/uploads\/2024\/09\/cropped-favicon-1-1.png\",\"width\":512,\"height\":512,\"caption\":\"Santa Catarina\"},\"image\":{\"@id\":\"https:\/\/stacatarina.mx\/consejos\/#\/schema\/logo\/image\/\"},\"sameAs\":[\"https:\/\/www.facebook.com\/stacatarinagob\/\",\"https:\/\/x.com\/stacatarinagob\",\"https:\/\/www.instagram.com\/stacatarinagob\/\",\"https:\/\/www.youtube.com\/channel\/UCK-6cQJL_904665N1_nLTWw\"]},{\"@type\":\"Person\",\"@id\":\"https:\/\/stacatarina.mx\/consejos\/#\/schema\/person\/0be60adffa8e4c4d0828fdf021450e8a\",\"name\":\"Pedro Mart\u00ednez\",\"image\":{\"@type\":\"ImageObject\",\"inLanguage\":\"es\",\"@id\":\"https:\/\/stacatarina.mx\/consejos\/#\/schema\/person\/image\/\",\"url\":\"https:\/\/stacatarina.mx\/consejos\/wp-content\/uploads\/2024\/09\/stacatarina.jpg\",\"contentUrl\":\"https:\/\/stacatarina.mx\/consejos\/wp-content\/uploads\/2024\/09\/stacatarina.jpg\",\"caption\":\"Pedro Mart\u00ednez\"},\"description\":\"Hola, soy Pedro Mart\u00ednez, redactor jefe del sitio oficial del ayuntamiento de Santa Catarina, en M\u00e9xico. Con m\u00e1s de diez a\u00f1os de experiencia en el periodismo local, tengo una pasi\u00f3n por la investigaci\u00f3n y la difusi\u00f3n de informaci\u00f3n que valoriza nuestra hermosa comunidad. Mi compromiso es hacer de Santa Catarina una referencia en materia de transparencia y comunicaci\u00f3n municipal.\",\"sameAs\":[\"https:\/\/stacatarina.mx\/\"]}]}<\/script>\n<!-- \/ Yoast SEO plugin. -->","yoast_head_json":{"title":"El verano de 2023 fue el m\u00e1s caluroso del hemisferio norte en 2.000 a\u00f1os, seg\u00fan muestran los anillos de los \u00e1rboles - Consejos - Santa Catarina","robots":{"index":"index","follow":"follow","max-snippet":"max-snippet:-1","max-image-preview":"max-image-preview:large","max-video-preview":"max-video-preview:-1"},"canonical":"https:\/\/stacatarina.mx\/consejos\/el-verano-de-2023-fue-el-mas-caluroso-del-hemisferio-norte-en-2-000-anos-segun-muestran-los-anillos-de-los-arboles\/","og_locale":"es_MX","og_type":"article","og_title":"El verano de 2023 fue el m\u00e1s caluroso del hemisferio norte en 2.000 a\u00f1os, seg\u00fan muestran los anillos de los \u00e1rboles - Consejos - Santa Catarina","og_description":"El verano de 2023 fue el m\u00e1s c\u00e1lido en las zonas no tropicales del hemisferio norte en 2.000 a\u00f1os, seg\u00fan ha demostrado un nuevo estudio.","og_url":"https:\/\/stacatarina.mx\/consejos\/el-verano-de-2023-fue-el-mas-caluroso-del-hemisferio-norte-en-2-000-anos-segun-muestran-los-anillos-de-los-arboles\/","og_site_name":"Santa Catarina","article_publisher":"https:\/\/www.facebook.com\/stacatarinagob\/","article_published_time":"2024-10-29T15:23:20+00:00","og_image":[{"width":204,"height":127,"url":"https:\/\/stacatarina.mx\/consejos\/wp-content\/uploads\/2024\/09\/Logo-Santa-Catarina-2021-1-e1725826739565.png","type":"image\/png"}],"author":"Pedro Mart\u00ednez","twitter_card":"summary_large_image","twitter_creator":"@stacatarinagob","twitter_site":"@stacatarinagob","twitter_misc":{"Escrito por":"Pedro Mart\u00ednez","Tiempo de lectura":"6 minutos"},"schema":{"@context":"https:\/\/schema.org","@graph":[{"@type":"Article","@id":"https:\/\/stacatarina.mx\/consejos\/el-verano-de-2023-fue-el-mas-caluroso-del-hemisferio-norte-en-2-000-anos-segun-muestran-los-anillos-de-los-arboles\/#article","isPartOf":{"@id":"https:\/\/stacatarina.mx\/consejos\/el-verano-de-2023-fue-el-mas-caluroso-del-hemisferio-norte-en-2-000-anos-segun-muestran-los-anillos-de-los-arboles\/"},"author":{"name":"Pedro Mart\u00ednez","@id":"https:\/\/stacatarina.mx\/consejos\/#\/schema\/person\/0be60adffa8e4c4d0828fdf021450e8a"},"headline":"El verano de 2023 fue el m\u00e1s caluroso del hemisferio norte en 2.000 a\u00f1os, seg\u00fan muestran los anillos de los \u00e1rboles","datePublished":"2024-10-29T15:23:20+00:00","dateModified":"2024-10-29T15:23:20+00:00","mainEntityOfPage":{"@id":"https:\/\/stacatarina.mx\/consejos\/el-verano-de-2023-fue-el-mas-caluroso-del-hemisferio-norte-en-2-000-anos-segun-muestran-los-anillos-de-los-arboles\/"},"wordCount":1242,"publisher":{"@id":"https:\/\/stacatarina.mx\/consejos\/#organization"},"keywords":["anillos","a\u00f1os","\u00e1rboles","caluroso","del","fue","hemisferio","los","m\u00e1s","muestran","Norte","seg\u00fan","verano"],"articleSection":["Fauna y Flora"],"inLanguage":"es"},{"@type":"WebPage","@id":"https:\/\/stacatarina.mx\/consejos\/el-verano-de-2023-fue-el-mas-caluroso-del-hemisferio-norte-en-2-000-anos-segun-muestran-los-anillos-de-los-arboles\/","url":"https:\/\/stacatarina.mx\/consejos\/el-verano-de-2023-fue-el-mas-caluroso-del-hemisferio-norte-en-2-000-anos-segun-muestran-los-anillos-de-los-arboles\/","name":"El verano de 2023 fue el m\u00e1s caluroso del hemisferio norte en 2.000 a\u00f1os, seg\u00fan muestran los anillos de los \u00e1rboles - Consejos - Santa Catarina","isPartOf":{"@id":"https:\/\/stacatarina.mx\/consejos\/#website"},"datePublished":"2024-10-29T15:23:20+00:00","dateModified":"2024-10-29T15:23:20+00:00","breadcrumb":{"@id":"https:\/\/stacatarina.mx\/consejos\/el-verano-de-2023-fue-el-mas-caluroso-del-hemisferio-norte-en-2-000-anos-segun-muestran-los-anillos-de-los-arboles\/#breadcrumb"},"inLanguage":"es","potentialAction":[{"@type":"ReadAction","target":["https:\/\/stacatarina.mx\/consejos\/el-verano-de-2023-fue-el-mas-caluroso-del-hemisferio-norte-en-2-000-anos-segun-muestran-los-anillos-de-los-arboles\/"]}]},{"@type":"BreadcrumbList","@id":"https:\/\/stacatarina.mx\/consejos\/el-verano-de-2023-fue-el-mas-caluroso-del-hemisferio-norte-en-2-000-anos-segun-muestran-los-anillos-de-los-arboles\/#breadcrumb","itemListElement":[{"@type":"ListItem","position":1,"name":"Inicio","item":"https:\/\/stacatarina.mx\/consejos\/"},{"@type":"ListItem","position":2,"name":"El verano de 2023 fue el m\u00e1s caluroso del hemisferio norte en 2.000 a\u00f1os, seg\u00fan muestran los anillos de los \u00e1rboles"}]},{"@type":"WebSite","@id":"https:\/\/stacatarina.mx\/consejos\/#website","url":"https:\/\/stacatarina.mx\/consejos\/","name":"Santa Catarina","description":"","publisher":{"@id":"https:\/\/stacatarina.mx\/consejos\/#organization"},"potentialAction":[{"@type":"SearchAction","target":{"@type":"EntryPoint","urlTemplate":"https:\/\/stacatarina.mx\/consejos\/?s={search_term_string}"},"query-input":{"@type":"PropertyValueSpecification","valueRequired":true,"valueName":"search_term_string"}}],"inLanguage":"es"},{"@type":"Organization","@id":"https:\/\/stacatarina.mx\/consejos\/#organization","name":"Santa Catarina","url":"https:\/\/stacatarina.mx\/consejos\/","logo":{"@type":"ImageObject","inLanguage":"es","@id":"https:\/\/stacatarina.mx\/consejos\/#\/schema\/logo\/image\/","url":"https:\/\/stacatarina.mx\/consejos\/wp-content\/uploads\/2024\/09\/cropped-favicon-1-1.png","contentUrl":"https:\/\/stacatarina.mx\/consejos\/wp-content\/uploads\/2024\/09\/cropped-favicon-1-1.png","width":512,"height":512,"caption":"Santa Catarina"},"image":{"@id":"https:\/\/stacatarina.mx\/consejos\/#\/schema\/logo\/image\/"},"sameAs":["https:\/\/www.facebook.com\/stacatarinagob\/","https:\/\/x.com\/stacatarinagob","https:\/\/www.instagram.com\/stacatarinagob\/","https:\/\/www.youtube.com\/channel\/UCK-6cQJL_904665N1_nLTWw"]},{"@type":"Person","@id":"https:\/\/stacatarina.mx\/consejos\/#\/schema\/person\/0be60adffa8e4c4d0828fdf021450e8a","name":"Pedro Mart\u00ednez","image":{"@type":"ImageObject","inLanguage":"es","@id":"https:\/\/stacatarina.mx\/consejos\/#\/schema\/person\/image\/","url":"https:\/\/stacatarina.mx\/consejos\/wp-content\/uploads\/2024\/09\/stacatarina.jpg","contentUrl":"https:\/\/stacatarina.mx\/consejos\/wp-content\/uploads\/2024\/09\/stacatarina.jpg","caption":"Pedro Mart\u00ednez"},"description":"Hola, soy Pedro Mart\u00ednez, redactor jefe del sitio oficial del ayuntamiento de Santa Catarina, en M\u00e9xico. Con m\u00e1s de diez a\u00f1os de experiencia en el periodismo local, tengo una pasi\u00f3n por la investigaci\u00f3n y la difusi\u00f3n de informaci\u00f3n que valoriza nuestra hermosa comunidad. Mi compromiso es hacer de Santa Catarina una referencia en materia de transparencia y comunicaci\u00f3n municipal.","sameAs":["https:\/\/stacatarina.mx\/"]}]}},"_links":{"self":[{"href":"https:\/\/stacatarina.mx\/consejos\/wp-json\/wp\/v2\/posts\/1152"}],"collection":[{"href":"https:\/\/stacatarina.mx\/consejos\/wp-json\/wp\/v2\/posts"}],"about":[{"href":"https:\/\/stacatarina.mx\/consejos\/wp-json\/wp\/v2\/types\/post"}],"author":[{"embeddable":true,"href":"https:\/\/stacatarina.mx\/consejos\/wp-json\/wp\/v2\/users\/1"}],"replies":[{"embeddable":true,"href":"https:\/\/stacatarina.mx\/consejos\/wp-json\/wp\/v2\/comments?post=1152"}],"version-history":[{"count":0,"href":"https:\/\/stacatarina.mx\/consejos\/wp-json\/wp\/v2\/posts\/1152\/revisions"}],"wp:attachment":[{"href":"https:\/\/stacatarina.mx\/consejos\/wp-json\/wp\/v2\/media?parent=1152"}],"wp:term":[{"taxonomy":"category","embeddable":true,"href":"https:\/\/stacatarina.mx\/consejos\/wp-json\/wp\/v2\/categories?post=1152"},{"taxonomy":"post_tag","embeddable":true,"href":"https:\/\/stacatarina.mx\/consejos\/wp-json\/wp\/v2\/tags?post=1152"}],"curies":[{"name":"wp","href":"https:\/\/api.w.org\/{rel}","templated":true}]}}