{"id":1156,"date":"2024-10-29T14:23:30","date_gmt":"2024-10-29T20:23:30","guid":{"rendered":"https:\/\/stacatarina.mx\/consejos\/los-vencejos-retrasados-por-las-primaveras-frias-y-humedas-se-enfrentan-a-problemas-cada-vez-mayores-a-medida-que-cambia-el-clima\/"},"modified":"2024-10-29T14:23:30","modified_gmt":"2024-10-29T20:23:30","slug":"los-vencejos-retrasados-por-las-primaveras-frias-y-humedas-se-enfrentan-a-problemas-cada-vez-mayores-a-medida-que-cambia-el-clima","status":"publish","type":"post","link":"https:\/\/stacatarina.mx\/consejos\/los-vencejos-retrasados-por-las-primaveras-frias-y-humedas-se-enfrentan-a-problemas-cada-vez-mayores-a-medida-que-cambia-el-clima\/","title":{"rendered":"Los vencejos retrasados \u200b\u200bpor las primaveras fr\u00edas y h\u00famedas se enfrentan a problemas cada vez mayores a medida que cambia el clima"},"content":{"rendered":"<div class=\"entry-content\">\n<p>El clima es m\u00e1s c\u00e1lido y las noches m\u00e1s ligeras. \u00bfQu\u00e9 son esas siluetas negras y curvas que se mueven en el cielo?<\/p>\n<p>Suponiendo que est\u00e9 observando aves y no asistiendo al Campeonato Mundial de Boomerang, esas formas probablemente ser\u00e1n el \u00fanico miembro reproductor de Apodiformes (un grupo que incluye a los colibr\u00edes) en el Reino Unido: el vencejo com\u00fan (<em>apus apus<\/em>), presagio del verano.<\/p>\n<p>La gente en el Reino Unido tiende a pensar que estas aves son suyas, pero en realidad son especies africanas tropicales que pasan algunos meses del a\u00f1o en latitudes templadas. La competencia por alimento, refugio y pareja es intensa en los tr\u00f3picos, por lo que los vencejos evolucionaron hacia la migraci\u00f3n para aprovechar el auge estacional del crecimiento de las plantas en latitudes templadas. Su \u00e1rea de reproducci\u00f3n se extiende desde Irlanda hasta China y las aves del extremo oriental de su \u00e1rea de distribuci\u00f3n realizan \u00e9picos viajes anuales de ida y vuelta de 30.000 km.<\/p>\n<p>Para los vencejos, la migraci\u00f3n a latitudes templadas deber\u00eda significar acceso a muchos insectos voladores para alimentar a sus cr\u00edas y mucha menos competencia de otras especies para com\u00e9rselos. Al igual que otros insectos a\u00e9reos que se alimentan, los vencejos no pueden quedarse durante el invierno porque no hay nada que comer y, por lo tanto, no hay nada que los retenga aqu\u00ed.<\/p>\n<p>Estas aves son s\u00edmbolos muy queridos del cambio de estaciones. Entonces, \u00bfc\u00f3mo les va a medida que el aumento de las temperaturas cambia con la llegada de las estaciones y qu\u00e9 forma adoptan?<\/p>\n<h2 class=\"wp-block-heading\">Los vencejos se vuelven m\u00e1s veloces<\/h2>\n<p>Los vencejos llegan en promedio unos cinco d\u00edas antes al Reino Unido que en la d\u00e9cada de 1960, pero tambi\u00e9n se van mucho antes: son la \u00fanica ave migrante com\u00fan que lo hace en el Reino Unido. Muchas otras especies est\u00e1n decidiendo extender su residencia de verano y tener m\u00faltiples cr\u00edas.<\/p>\n<p>Todav\u00eda hay variaci\u00f3n entre a\u00f1os, pero los vencejos llegaron muy tarde este a\u00f1o. En esta primavera fr\u00eda y h\u00fameda, vi por primera vez aqu\u00ed en el valle de Longdendale en Derbyshire, Inglaterra, el 3 de mayo; A modo de comparaci\u00f3n, en el clima inusualmente soleado de la primavera de 2020, vi mi primer vencejo de Longdendale el 19 de abril.<\/p>\n<p>El clima fr\u00edo y h\u00famedo es malo para todo lo que se alimenta de insectos voladores, que no est\u00e1n activos en estas condiciones y son m\u00e1s dif\u00edciles de atrapar incluso si lo estuvieran. Una forma en que los vencejos pueden afrontar estos desaf\u00edos es realizando viajes muy largos de b\u00fasqueda de alimento lejos de sus lugares de anidaci\u00f3n para evitar tormentas. Los adultos y los polluelos tambi\u00e9n pueden reducir su tasa metab\u00f3lica mientras est\u00e1n sentados en el nido (un fen\u00f3meno llamado letargo) para ahorrar energ\u00eda.<\/p>\n<p>Los vencejos luchan con per\u00edodos prolongados de humedad. Un estudio reciente vincul\u00f3 un aumento de las precipitaciones en junio y julio de 1975 a 2015 con mayores tasas de fracaso de nidos, cr\u00edas m\u00e1s peque\u00f1as y menor supervivencia de los vencejos en su primer a\u00f1o de vida, ya que no pueden encontrar suficiente alimento para alimentarse a s\u00ed mismos o a sus polluelos. . Es probable que esto se vea agravado por la posible disminuci\u00f3n de sus presas invertebradas, que son muy sensibles a las condiciones clim\u00e1ticas como la temperatura y las precipitaciones.<\/p>\n<p>Las primaveras fr\u00edas e inclementes como la de este a\u00f1o tambi\u00e9n pueden matar a un gran n\u00famero de vencejos mientras migran a trav\u00e9s del Mediterr\u00e1neo al impedirles repostar, lo que provoca hambruna, aunque tambi\u00e9n ha habido casos de olas de calor que han matado a un gran n\u00famero de vencejos cuando se sobrecalientan en sus nidos en los tejados. caries en la misma regi\u00f3n, algo que podr\u00eda convertirse en un problema en el Reino Unido en el futuro.<\/p>\n<p>Las se\u00f1ales que dan las aves para migrar provienen tanto de un reloj interno como de factores de su entorno, como los cambios en las estaciones. La evidencia sugiere que las especies que no est\u00e1n ajustando sus horarios migratorios ante el cambio global tienen m\u00e1s probabilidades de estar en declive y los vencejos no parecen ser tan flexibles como otras especies para llegar antes.<\/p>\n<h2 class=\"wp-block-heading\">Ladrillos veloces a medida<\/h2>\n<p>Por lo tanto, es m\u00e1s probable que los migrantes de largas distancias disminuyan que los de corta distancia, pero la comprensi\u00f3n de los cient\u00edficos sobre el papel del cambio clim\u00e1tico en el impulso de la disminuci\u00f3n sigue siendo limitada y complicada por muchas otras facetas del cambio global.<\/p>\n<p>M\u00e1s all\u00e1 de reducir las emisiones de carbono y la destrucci\u00f3n del h\u00e1bitat asociadas con nuestras dietas y estilos de vida (y votar por pol\u00edticos que se tomen en serio estos desaf\u00edos), proporcionar cajas nido r\u00e1pidas puede ser otra forma en que las personas pueden ayudar.<\/p>\n<p>Una campa\u00f1a de Hannah Bourne-Taylor, escritora sobre la naturaleza, para exigir la instalaci\u00f3n de \u201cladrillos r\u00e1pidos\u201d en las nuevas viviendas del Reino Unido, podr\u00eda compensar la p\u00e9rdida de nidos en los aleros de los edificios m\u00e1s antiguos, si el gobierno la apoyara. .<\/p>\n<p>Dadas todas las dificultades que enfrentan los vencejos y la alegr\u00eda que tanta gente siente al verlos y escucharlos cruzar nuestros cielos de verano, entonces realmente deber\u00edamos apoyar cualquier esfuerzo que pueda marcar la diferencia.<\/p>\n<hr class=\"wp-block-separator has-alpha-channel-opacity\">\n<p>Alexander C. Lees, lector, <em>Universidad Metropolitana de Manchester<\/em><\/p>\n<\/p><\/div>\n","protected":false},"excerpt":{"rendered":"<p>El clima es m\u00e1s c\u00e1lido y las noches m\u00e1s ligeras. \u00bfQu\u00e9 son esas siluetas negras y curvas que se mueven en el cielo? Suponiendo que<\/p>\n","protected":false},"author":1,"featured_media":0,"comment_status":"","ping_status":"","sticky":false,"template":"","format":"standard","meta":{"footnotes":""},"categories":[68],"tags":[739,1589,529,1587,1585,1586,34,62,1588,929,112,1584,892,1583,1582,1169],"class_list":["post-1156","post","type-post","status-publish","format-standard","hentry","category-fauna-y-flora","tag-cada","tag-cambia","tag-clima","tag-enfrentan","tag-frias","tag-humedas","tag-las","tag-los","tag-mayores","tag-medida","tag-por","tag-primaveras","tag-problemas","tag-retrasados","tag-vencejos","tag-vez","generate-columns","tablet-grid-50","mobile-grid-100","grid-parent","grid-50"],"yoast_head":"<!-- This site is optimized with the Yoast SEO plugin v23.4 - https:\/\/yoast.com\/wordpress\/plugins\/seo\/ -->\n<title>Los vencejos retrasados \u200b\u200bpor las primaveras fr\u00edas y h\u00famedas se enfrentan a problemas cada vez mayores a medida que cambia el clima - Consejos - Santa Catarina<\/title>\n<meta name=\"robots\" content=\"index, follow, max-snippet:-1, max-image-preview:large, max-video-preview:-1\" \/>\n<link rel=\"canonical\" href=\"https:\/\/stacatarina.mx\/consejos\/los-vencejos-retrasados-por-las-primaveras-frias-y-humedas-se-enfrentan-a-problemas-cada-vez-mayores-a-medida-que-cambia-el-clima\/\" \/>\n<meta property=\"og:locale\" content=\"es_MX\" \/>\n<meta property=\"og:type\" content=\"article\" \/>\n<meta property=\"og:title\" content=\"Los vencejos retrasados \u200b\u200bpor las primaveras fr\u00edas y h\u00famedas se enfrentan a problemas cada vez mayores a medida que cambia el clima - Consejos - Santa Catarina\" \/>\n<meta property=\"og:description\" content=\"El clima es m\u00e1s c\u00e1lido y las noches m\u00e1s ligeras. \u00bfQu\u00e9 son esas siluetas negras y curvas que se mueven en el cielo? Suponiendo que\" \/>\n<meta property=\"og:url\" content=\"https:\/\/stacatarina.mx\/consejos\/los-vencejos-retrasados-por-las-primaveras-frias-y-humedas-se-enfrentan-a-problemas-cada-vez-mayores-a-medida-que-cambia-el-clima\/\" \/>\n<meta property=\"og:site_name\" content=\"Santa Catarina\" \/>\n<meta property=\"article:publisher\" content=\"https:\/\/www.facebook.com\/stacatarinagob\/\" \/>\n<meta property=\"article:published_time\" content=\"2024-10-29T20:23:30+00:00\" \/>\n<meta property=\"og:image\" content=\"https:\/\/stacatarina.mx\/consejos\/wp-content\/uploads\/2024\/09\/Logo-Santa-Catarina-2021-1-e1725826739565.png\" \/>\n\t<meta property=\"og:image:width\" content=\"204\" \/>\n\t<meta property=\"og:image:height\" content=\"127\" \/>\n\t<meta property=\"og:image:type\" content=\"image\/png\" \/>\n<meta name=\"author\" content=\"Pedro Mart\u00ednez\" \/>\n<meta name=\"twitter:card\" content=\"summary_large_image\" \/>\n<meta name=\"twitter:creator\" content=\"@stacatarinagob\" \/>\n<meta name=\"twitter:site\" content=\"@stacatarinagob\" \/>\n<meta name=\"twitter:label1\" content=\"Escrito por\" \/>\n\t<meta name=\"twitter:data1\" content=\"Pedro Mart\u00ednez\" \/>\n\t<meta name=\"twitter:label2\" content=\"Tiempo de lectura\" \/>\n\t<meta name=\"twitter:data2\" content=\"5 minutos\" \/>\n<script type=\"application\/ld+json\" class=\"yoast-schema-graph\">{\"@context\":\"https:\/\/schema.org\",\"@graph\":[{\"@type\":\"Article\",\"@id\":\"https:\/\/stacatarina.mx\/consejos\/los-vencejos-retrasados-por-las-primaveras-frias-y-humedas-se-enfrentan-a-problemas-cada-vez-mayores-a-medida-que-cambia-el-clima\/#article\",\"isPartOf\":{\"@id\":\"https:\/\/stacatarina.mx\/consejos\/los-vencejos-retrasados-por-las-primaveras-frias-y-humedas-se-enfrentan-a-problemas-cada-vez-mayores-a-medida-que-cambia-el-clima\/\"},\"author\":{\"name\":\"Pedro Mart\u00ednez\",\"@id\":\"https:\/\/stacatarina.mx\/consejos\/#\/schema\/person\/0be60adffa8e4c4d0828fdf021450e8a\"},\"headline\":\"Los vencejos retrasados \u200b\u200bpor las primaveras fr\u00edas y h\u00famedas se enfrentan a problemas cada vez mayores a medida que cambia el clima\",\"datePublished\":\"2024-10-29T20:23:30+00:00\",\"dateModified\":\"2024-10-29T20:23:30+00:00\",\"mainEntityOfPage\":{\"@id\":\"https:\/\/stacatarina.mx\/consejos\/los-vencejos-retrasados-por-las-primaveras-frias-y-humedas-se-enfrentan-a-problemas-cada-vez-mayores-a-medida-que-cambia-el-clima\/\"},\"wordCount\":978,\"publisher\":{\"@id\":\"https:\/\/stacatarina.mx\/consejos\/#organization\"},\"keywords\":[\"cada\",\"cambia\",\"clima\",\"enfrentan\",\"fr\u00edas\",\"h\u00famedas\",\"Las\",\"los\",\"mayores\",\"medida\",\"por\",\"primaveras\",\"problemas\",\"retrasados\",\"vencejos\",\"vez\"],\"articleSection\":[\"Fauna y Flora\"],\"inLanguage\":\"es\"},{\"@type\":\"WebPage\",\"@id\":\"https:\/\/stacatarina.mx\/consejos\/los-vencejos-retrasados-por-las-primaveras-frias-y-humedas-se-enfrentan-a-problemas-cada-vez-mayores-a-medida-que-cambia-el-clima\/\",\"url\":\"https:\/\/stacatarina.mx\/consejos\/los-vencejos-retrasados-por-las-primaveras-frias-y-humedas-se-enfrentan-a-problemas-cada-vez-mayores-a-medida-que-cambia-el-clima\/\",\"name\":\"Los vencejos retrasados \u200b\u200bpor las primaveras fr\u00edas y h\u00famedas se enfrentan a problemas cada vez mayores a medida que cambia el clima - Consejos - Santa Catarina\",\"isPartOf\":{\"@id\":\"https:\/\/stacatarina.mx\/consejos\/#website\"},\"datePublished\":\"2024-10-29T20:23:30+00:00\",\"dateModified\":\"2024-10-29T20:23:30+00:00\",\"breadcrumb\":{\"@id\":\"https:\/\/stacatarina.mx\/consejos\/los-vencejos-retrasados-por-las-primaveras-frias-y-humedas-se-enfrentan-a-problemas-cada-vez-mayores-a-medida-que-cambia-el-clima\/#breadcrumb\"},\"inLanguage\":\"es\",\"potentialAction\":[{\"@type\":\"ReadAction\",\"target\":[\"https:\/\/stacatarina.mx\/consejos\/los-vencejos-retrasados-por-las-primaveras-frias-y-humedas-se-enfrentan-a-problemas-cada-vez-mayores-a-medida-que-cambia-el-clima\/\"]}]},{\"@type\":\"BreadcrumbList\",\"@id\":\"https:\/\/stacatarina.mx\/consejos\/los-vencejos-retrasados-por-las-primaveras-frias-y-humedas-se-enfrentan-a-problemas-cada-vez-mayores-a-medida-que-cambia-el-clima\/#breadcrumb\",\"itemListElement\":[{\"@type\":\"ListItem\",\"position\":1,\"name\":\"Inicio\",\"item\":\"https:\/\/stacatarina.mx\/consejos\/\"},{\"@type\":\"ListItem\",\"position\":2,\"name\":\"Los vencejos retrasados \u200b\u200bpor las primaveras fr\u00edas y h\u00famedas se enfrentan a problemas cada vez mayores a medida que cambia el clima\"}]},{\"@type\":\"WebSite\",\"@id\":\"https:\/\/stacatarina.mx\/consejos\/#website\",\"url\":\"https:\/\/stacatarina.mx\/consejos\/\",\"name\":\"Santa Catarina\",\"description\":\"\",\"publisher\":{\"@id\":\"https:\/\/stacatarina.mx\/consejos\/#organization\"},\"potentialAction\":[{\"@type\":\"SearchAction\",\"target\":{\"@type\":\"EntryPoint\",\"urlTemplate\":\"https:\/\/stacatarina.mx\/consejos\/?s={search_term_string}\"},\"query-input\":{\"@type\":\"PropertyValueSpecification\",\"valueRequired\":true,\"valueName\":\"search_term_string\"}}],\"inLanguage\":\"es\"},{\"@type\":\"Organization\",\"@id\":\"https:\/\/stacatarina.mx\/consejos\/#organization\",\"name\":\"Santa Catarina\",\"url\":\"https:\/\/stacatarina.mx\/consejos\/\",\"logo\":{\"@type\":\"ImageObject\",\"inLanguage\":\"es\",\"@id\":\"https:\/\/stacatarina.mx\/consejos\/#\/schema\/logo\/image\/\",\"url\":\"https:\/\/stacatarina.mx\/consejos\/wp-content\/uploads\/2024\/09\/cropped-favicon-1-1.png\",\"contentUrl\":\"https:\/\/stacatarina.mx\/consejos\/wp-content\/uploads\/2024\/09\/cropped-favicon-1-1.png\",\"width\":512,\"height\":512,\"caption\":\"Santa Catarina\"},\"image\":{\"@id\":\"https:\/\/stacatarina.mx\/consejos\/#\/schema\/logo\/image\/\"},\"sameAs\":[\"https:\/\/www.facebook.com\/stacatarinagob\/\",\"https:\/\/x.com\/stacatarinagob\",\"https:\/\/www.instagram.com\/stacatarinagob\/\",\"https:\/\/www.youtube.com\/channel\/UCK-6cQJL_904665N1_nLTWw\"]},{\"@type\":\"Person\",\"@id\":\"https:\/\/stacatarina.mx\/consejos\/#\/schema\/person\/0be60adffa8e4c4d0828fdf021450e8a\",\"name\":\"Pedro Mart\u00ednez\",\"image\":{\"@type\":\"ImageObject\",\"inLanguage\":\"es\",\"@id\":\"https:\/\/stacatarina.mx\/consejos\/#\/schema\/person\/image\/\",\"url\":\"https:\/\/stacatarina.mx\/consejos\/wp-content\/uploads\/2024\/09\/stacatarina.jpg\",\"contentUrl\":\"https:\/\/stacatarina.mx\/consejos\/wp-content\/uploads\/2024\/09\/stacatarina.jpg\",\"caption\":\"Pedro Mart\u00ednez\"},\"description\":\"Hola, soy Pedro Mart\u00ednez, redactor jefe del sitio oficial del ayuntamiento de Santa Catarina, en M\u00e9xico. Con m\u00e1s de diez a\u00f1os de experiencia en el periodismo local, tengo una pasi\u00f3n por la investigaci\u00f3n y la difusi\u00f3n de informaci\u00f3n que valoriza nuestra hermosa comunidad. Mi compromiso es hacer de Santa Catarina una referencia en materia de transparencia y comunicaci\u00f3n municipal.\",\"sameAs\":[\"https:\/\/stacatarina.mx\/\"]}]}<\/script>\n<!-- \/ Yoast SEO plugin. -->","yoast_head_json":{"title":"Los vencejos retrasados \u200b\u200bpor las primaveras fr\u00edas y h\u00famedas se enfrentan a problemas cada vez mayores a medida que cambia el clima - Consejos - Santa Catarina","robots":{"index":"index","follow":"follow","max-snippet":"max-snippet:-1","max-image-preview":"max-image-preview:large","max-video-preview":"max-video-preview:-1"},"canonical":"https:\/\/stacatarina.mx\/consejos\/los-vencejos-retrasados-por-las-primaveras-frias-y-humedas-se-enfrentan-a-problemas-cada-vez-mayores-a-medida-que-cambia-el-clima\/","og_locale":"es_MX","og_type":"article","og_title":"Los vencejos retrasados \u200b\u200bpor las primaveras fr\u00edas y h\u00famedas se enfrentan a problemas cada vez mayores a medida que cambia el clima - Consejos - Santa Catarina","og_description":"El clima es m\u00e1s c\u00e1lido y las noches m\u00e1s ligeras. \u00bfQu\u00e9 son esas siluetas negras y curvas que se mueven en el cielo? Suponiendo que","og_url":"https:\/\/stacatarina.mx\/consejos\/los-vencejos-retrasados-por-las-primaveras-frias-y-humedas-se-enfrentan-a-problemas-cada-vez-mayores-a-medida-que-cambia-el-clima\/","og_site_name":"Santa Catarina","article_publisher":"https:\/\/www.facebook.com\/stacatarinagob\/","article_published_time":"2024-10-29T20:23:30+00:00","og_image":[{"width":204,"height":127,"url":"https:\/\/stacatarina.mx\/consejos\/wp-content\/uploads\/2024\/09\/Logo-Santa-Catarina-2021-1-e1725826739565.png","type":"image\/png"}],"author":"Pedro Mart\u00ednez","twitter_card":"summary_large_image","twitter_creator":"@stacatarinagob","twitter_site":"@stacatarinagob","twitter_misc":{"Escrito por":"Pedro Mart\u00ednez","Tiempo de lectura":"5 minutos"},"schema":{"@context":"https:\/\/schema.org","@graph":[{"@type":"Article","@id":"https:\/\/stacatarina.mx\/consejos\/los-vencejos-retrasados-por-las-primaveras-frias-y-humedas-se-enfrentan-a-problemas-cada-vez-mayores-a-medida-que-cambia-el-clima\/#article","isPartOf":{"@id":"https:\/\/stacatarina.mx\/consejos\/los-vencejos-retrasados-por-las-primaveras-frias-y-humedas-se-enfrentan-a-problemas-cada-vez-mayores-a-medida-que-cambia-el-clima\/"},"author":{"name":"Pedro Mart\u00ednez","@id":"https:\/\/stacatarina.mx\/consejos\/#\/schema\/person\/0be60adffa8e4c4d0828fdf021450e8a"},"headline":"Los vencejos retrasados \u200b\u200bpor las primaveras fr\u00edas y h\u00famedas se enfrentan a problemas cada vez mayores a medida que cambia el clima","datePublished":"2024-10-29T20:23:30+00:00","dateModified":"2024-10-29T20:23:30+00:00","mainEntityOfPage":{"@id":"https:\/\/stacatarina.mx\/consejos\/los-vencejos-retrasados-por-las-primaveras-frias-y-humedas-se-enfrentan-a-problemas-cada-vez-mayores-a-medida-que-cambia-el-clima\/"},"wordCount":978,"publisher":{"@id":"https:\/\/stacatarina.mx\/consejos\/#organization"},"keywords":["cada","cambia","clima","enfrentan","fr\u00edas","h\u00famedas","Las","los","mayores","medida","por","primaveras","problemas","retrasados","vencejos","vez"],"articleSection":["Fauna y Flora"],"inLanguage":"es"},{"@type":"WebPage","@id":"https:\/\/stacatarina.mx\/consejos\/los-vencejos-retrasados-por-las-primaveras-frias-y-humedas-se-enfrentan-a-problemas-cada-vez-mayores-a-medida-que-cambia-el-clima\/","url":"https:\/\/stacatarina.mx\/consejos\/los-vencejos-retrasados-por-las-primaveras-frias-y-humedas-se-enfrentan-a-problemas-cada-vez-mayores-a-medida-que-cambia-el-clima\/","name":"Los vencejos retrasados \u200b\u200bpor las primaveras fr\u00edas y h\u00famedas se enfrentan a problemas cada vez mayores a medida que cambia el clima - Consejos - Santa Catarina","isPartOf":{"@id":"https:\/\/stacatarina.mx\/consejos\/#website"},"datePublished":"2024-10-29T20:23:30+00:00","dateModified":"2024-10-29T20:23:30+00:00","breadcrumb":{"@id":"https:\/\/stacatarina.mx\/consejos\/los-vencejos-retrasados-por-las-primaveras-frias-y-humedas-se-enfrentan-a-problemas-cada-vez-mayores-a-medida-que-cambia-el-clima\/#breadcrumb"},"inLanguage":"es","potentialAction":[{"@type":"ReadAction","target":["https:\/\/stacatarina.mx\/consejos\/los-vencejos-retrasados-por-las-primaveras-frias-y-humedas-se-enfrentan-a-problemas-cada-vez-mayores-a-medida-que-cambia-el-clima\/"]}]},{"@type":"BreadcrumbList","@id":"https:\/\/stacatarina.mx\/consejos\/los-vencejos-retrasados-por-las-primaveras-frias-y-humedas-se-enfrentan-a-problemas-cada-vez-mayores-a-medida-que-cambia-el-clima\/#breadcrumb","itemListElement":[{"@type":"ListItem","position":1,"name":"Inicio","item":"https:\/\/stacatarina.mx\/consejos\/"},{"@type":"ListItem","position":2,"name":"Los vencejos retrasados \u200b\u200bpor las primaveras fr\u00edas y h\u00famedas se enfrentan a problemas cada vez mayores a medida que cambia el clima"}]},{"@type":"WebSite","@id":"https:\/\/stacatarina.mx\/consejos\/#website","url":"https:\/\/stacatarina.mx\/consejos\/","name":"Santa Catarina","description":"","publisher":{"@id":"https:\/\/stacatarina.mx\/consejos\/#organization"},"potentialAction":[{"@type":"SearchAction","target":{"@type":"EntryPoint","urlTemplate":"https:\/\/stacatarina.mx\/consejos\/?s={search_term_string}"},"query-input":{"@type":"PropertyValueSpecification","valueRequired":true,"valueName":"search_term_string"}}],"inLanguage":"es"},{"@type":"Organization","@id":"https:\/\/stacatarina.mx\/consejos\/#organization","name":"Santa Catarina","url":"https:\/\/stacatarina.mx\/consejos\/","logo":{"@type":"ImageObject","inLanguage":"es","@id":"https:\/\/stacatarina.mx\/consejos\/#\/schema\/logo\/image\/","url":"https:\/\/stacatarina.mx\/consejos\/wp-content\/uploads\/2024\/09\/cropped-favicon-1-1.png","contentUrl":"https:\/\/stacatarina.mx\/consejos\/wp-content\/uploads\/2024\/09\/cropped-favicon-1-1.png","width":512,"height":512,"caption":"Santa Catarina"},"image":{"@id":"https:\/\/stacatarina.mx\/consejos\/#\/schema\/logo\/image\/"},"sameAs":["https:\/\/www.facebook.com\/stacatarinagob\/","https:\/\/x.com\/stacatarinagob","https:\/\/www.instagram.com\/stacatarinagob\/","https:\/\/www.youtube.com\/channel\/UCK-6cQJL_904665N1_nLTWw"]},{"@type":"Person","@id":"https:\/\/stacatarina.mx\/consejos\/#\/schema\/person\/0be60adffa8e4c4d0828fdf021450e8a","name":"Pedro Mart\u00ednez","image":{"@type":"ImageObject","inLanguage":"es","@id":"https:\/\/stacatarina.mx\/consejos\/#\/schema\/person\/image\/","url":"https:\/\/stacatarina.mx\/consejos\/wp-content\/uploads\/2024\/09\/stacatarina.jpg","contentUrl":"https:\/\/stacatarina.mx\/consejos\/wp-content\/uploads\/2024\/09\/stacatarina.jpg","caption":"Pedro Mart\u00ednez"},"description":"Hola, soy Pedro Mart\u00ednez, redactor jefe del sitio oficial del ayuntamiento de Santa Catarina, en M\u00e9xico. Con m\u00e1s de diez a\u00f1os de experiencia en el periodismo local, tengo una pasi\u00f3n por la investigaci\u00f3n y la difusi\u00f3n de informaci\u00f3n que valoriza nuestra hermosa comunidad. Mi compromiso es hacer de Santa Catarina una referencia en materia de transparencia y comunicaci\u00f3n municipal.","sameAs":["https:\/\/stacatarina.mx\/"]}]}},"_links":{"self":[{"href":"https:\/\/stacatarina.mx\/consejos\/wp-json\/wp\/v2\/posts\/1156"}],"collection":[{"href":"https:\/\/stacatarina.mx\/consejos\/wp-json\/wp\/v2\/posts"}],"about":[{"href":"https:\/\/stacatarina.mx\/consejos\/wp-json\/wp\/v2\/types\/post"}],"author":[{"embeddable":true,"href":"https:\/\/stacatarina.mx\/consejos\/wp-json\/wp\/v2\/users\/1"}],"replies":[{"embeddable":true,"href":"https:\/\/stacatarina.mx\/consejos\/wp-json\/wp\/v2\/comments?post=1156"}],"version-history":[{"count":0,"href":"https:\/\/stacatarina.mx\/consejos\/wp-json\/wp\/v2\/posts\/1156\/revisions"}],"wp:attachment":[{"href":"https:\/\/stacatarina.mx\/consejos\/wp-json\/wp\/v2\/media?parent=1156"}],"wp:term":[{"taxonomy":"category","embeddable":true,"href":"https:\/\/stacatarina.mx\/consejos\/wp-json\/wp\/v2\/categories?post=1156"},{"taxonomy":"post_tag","embeddable":true,"href":"https:\/\/stacatarina.mx\/consejos\/wp-json\/wp\/v2\/tags?post=1156"}],"curies":[{"name":"wp","href":"https:\/\/api.w.org\/{rel}","templated":true}]}}