{"id":1190,"date":"2024-10-30T20:29:15","date_gmt":"2024-10-31T02:29:15","guid":{"rendered":"https:\/\/stacatarina.mx\/consejos\/el-erizo-europeo-figura-como-casi-amenazado-en-la-lista-roja-de-la-uicn\/"},"modified":"2024-10-30T20:29:16","modified_gmt":"2024-10-31T02:29:16","slug":"el-erizo-europeo-figura-como-casi-amenazado-en-la-lista-roja-de-la-uicn","status":"publish","type":"post","link":"https:\/\/stacatarina.mx\/consejos\/el-erizo-europeo-figura-como-casi-amenazado-en-la-lista-roja-de-la-uicn\/","title":{"rendered":"El erizo europeo figura como casi amenazado en la Lista Roja de la UICN"},"content":{"rendered":"<div class=\"entry-content\">\n<p>El estado de conservaci\u00f3n del erizo de Europa occidental (<em>Erinaceus europaeus<\/em>) se ha actualizado de Preocupaci\u00f3n menor a <strong>Casi amenazado<\/strong> en la \u00faltima versi\u00f3n de la Lista Roja de la UICN. Este cambio se basa en una disminuci\u00f3n que parece acercarse o superar el 30% en 10 a\u00f1os en muchas \u00e1reas de su \u00e1rea de distribuci\u00f3n. <\/p>\n<p><em>\u201cEl cambio en el estatus del erizo de Europa occidental se produce despu\u00e9s de una cuidadosa revisi\u00f3n de encuestas a nivel local, regional y nacional en toda su \u00e1rea de distribuci\u00f3n. Desafortunadamente, la evidencia apunta hacia una preocupante y generalizada tendencia a la baja. La evaluaci\u00f3n de la Lista Roja tambi\u00e9n destaca incertidumbres en los datos; por ejemplo, los l\u00edmites de la distribuci\u00f3n de esta especie no est\u00e1n del todo claros y existen lagunas en el conocimiento de sus poblaciones. Todav\u00eda existe la posibilidad de detener el declive del erizo de Europa occidental y debemos tratar de evitar un mayor empeoramiento de su situaci\u00f3n\u201d.<\/em> explic\u00f3 Abi Gazzard, oficial de programa del miembro del Grupo de especialistas en peque\u00f1os mam\u00edferos de la CSE de la UICN. <\/p>\n<p><strong>Erizo de Europa occidental: casi amenazado<\/strong><\/p>\n<p>El erizo de Europa occidental, que alguna vez fue abundante en toda Europa, ahora enfrenta una poblaci\u00f3n que se reduce r\u00e1pidamente. El desarrollo urbano, la expansi\u00f3n agr\u00edcola y la infraestructura vial han fragmentado el h\u00e1bitat del erizo, mientras que las colisiones de veh\u00edculos, el uso de pesticidas y los jardines mal administrados contin\u00faan reduciendo su n\u00famero. Los esfuerzos de seguimiento indican que su disminuci\u00f3n puede superar el 30% durante la \u00faltima d\u00e9cada, poniendo a la especie en grave riesgo. <\/p>\n<p><em>\u201cEs probable que esta disminuci\u00f3n no sorprenda a la persona promedio. Cuando los erizos surgen en una conversaci\u00f3n, no pasa mucho tiempo antes de que alguien diga que ya no los ve. La esperanza es que a medida que los erizos se parezcan cada vez m\u00e1s a un recuerdo lejano de nuestra infancia, respondamos con acciones que devuelvan estos recuerdos a la vida\u201d.<\/em> dijo Hope Nothhelfer, responsable de comunicaciones de Mammal Society. <\/p>\n<p><strong>La importancia de la recopilaci\u00f3n de datos para la conservaci\u00f3n del erizo<\/strong><\/p>\n<p>La Mammal Society hace un llamado al p\u00fablico a contribuir a los esfuerzos de monitoreo de erizos registrando avistamientos a trav\u00e9s de la aplicaci\u00f3n Mammal Mapper y uniendo fuerzas con otros defensores de la naturaleza a trav\u00e9s de grupos locales de mam\u00edferos. La recopilaci\u00f3n de estos datos ayudar\u00e1 a informar las estrategias de conservaci\u00f3n y centrar las medidas de protecci\u00f3n en \u00e1reas cr\u00edticas. <\/p>\n<p>\u201c<em>No podr\u00edamos ayudar a los erizos de Chiswick sin antes recopilar datos para descubrir puntos cr\u00edticos de poblaci\u00f3n. Utilizando c\u00e1maras de seguimiento (proporcionadas por London Hogwatch y Mammal Society), hemos podido rastrear a los erizos durante varios a\u00f1os. El monitoreo y registro continuos son importantes para que podamos realizar un seguimiento de las cifras de poblaci\u00f3n y crear proyectos enfocados que alienten a las personas a ayudar a los erizos.<\/em>\u201d, dijo Joanne Gilbert, presidenta de Wild Chiswick, un grupo local de Mammal Society. <\/p>\n<p>Las pr\u00e1cticas de gesti\u00f3n de jardines respetuosas con la vida silvestre pueden ayudar a los erizos a prosperar tanto en \u00e1reas urbanas como rurales. Estas incluyen dejar peque\u00f1os espacios en las cercas para permitir el movimiento de los erizos, reducir el uso de pesticidas y proporcionar alimento y refugio mediante la creaci\u00f3n de pilas de troncos o casas para erizos. Los recintos escolares y universitarios son una excelente oportunidad para la creaci\u00f3n de h\u00e1bitats para los erizos. <\/p>\n<p><em>\u201cTodos pueden tomar medidas simples para lograr un impacto y revertir la pronunciada disminuci\u00f3n en el n\u00famero de erizos, como proporcionar un plato poco profundo con agua, crear una carretera para erizos y buscar nidos antes de podar. Peque\u00f1as acciones colectivas alientan a los j\u00f3venes a involucrarse con la vida silvestre, lo que conduce a una mejor comprensi\u00f3n general del apoyo a la biodiversidad: una inspiraci\u00f3n clave para comenzar mi exitosa campa\u00f1a &#8216;Be Hedgehog Aware&#8217; a la edad de 13 a\u00f1os. Estoy encantado de seguir apoyando la conservaci\u00f3n. esfuerzos como embajador juvenil de la Mammal Society\u201d,<\/em> dijo Dylan Allman, embajador juvenil de Mammal Society y campe\u00f3n de Hedgehog en Hedgehog Aware. <\/p>\n<p><strong>Datos y estad\u00edsticas del erizo<\/strong><\/p>\n<ul class=\"wp-block-list\">\n<li>El erizo, el \u00fanico mam\u00edfero espinoso de Gran Breta\u00f1a, es inconfundible. Se encuentra en Gran Breta\u00f1a e Irlanda continental y se ha introducido en Orkney, Shetland, la Isla de Man y algunas de las Islas del Canal. <\/li>\n<li><strong>Los erizos son una especie indicadora de un medio ambiente sano<\/strong>ya que se alimentan de una variedad de invertebrados del suelo. Una disminuci\u00f3n del n\u00famero de erizos indica una disminuci\u00f3n de la salud del ecosistema en su conjunto.<\/li>\n<li><strong>Se cree que la mayor amenaza para los erizos es la p\u00e9rdida de h\u00e1bitat<\/strong>con el cambio de la agricultura de pastoreo a cultivos herb\u00e1ceos y el aumento del tama\u00f1o de los campos con la eliminaci\u00f3n de los setos en los \u00faltimos 30 a\u00f1os. El uso de productos qu\u00edmicos en los jardines y en la agricultura intensiva mata la necesidad de alimento de los erizos y tambi\u00e9n puede envenenarlos directamente. Muchos tambi\u00e9n mueren en las carreteras. <\/li>\n<\/ul>\n<p>Uno de cada cuatro mam\u00edferos del Reino Unido est\u00e1 en peligro de extinci\u00f3n y muchos otros est\u00e1n en declive. Las Islas Brit\u00e1nicas e Irlanda son el hogar de muchas especies de mam\u00edferos, desde la peque\u00f1a musara\u00f1a pigmea hasta la ballena azul gigante. Y, sin embargo, los mam\u00edferos son algunas de las especies menos registradas en Gran Breta\u00f1a. Empoderar a conservacionistas, estudiantes, cient\u00edficos ciudadanos y defensores de la naturaleza para que desempe\u00f1en un papel clave en la conservaci\u00f3n de base ahora y en el futuro garantiza un futuro brillante para los mam\u00edferos. <\/p>\n<hr class=\"wp-block-separator has-alpha-channel-opacity\"><\/div>\n","protected":false},"excerpt":{"rendered":"<p>El estado de conservaci\u00f3n del erizo de Europa occidental (Erinaceus europaeus) se ha actualizado de Preocupaci\u00f3n menor a Casi amenazado en la \u00faltima versi\u00f3n de<\/p>\n","protected":false},"author":1,"featured_media":1191,"comment_status":"closed","ping_status":"","sticky":false,"template":"","format":"standard","meta":{"footnotes":""},"categories":[68],"tags":[1462,647,15,1639,399,1640,202,1502,1641],"class_list":["post-1190","post","type-post","status-publish","format-standard","has-post-thumbnail","hentry","category-fauna-y-flora","tag-amenazado","tag-casi","tag-como","tag-erizo","tag-europeo","tag-figura","tag-lista","tag-roja","tag-uicn","generate-columns","tablet-grid-50","mobile-grid-100","grid-parent","grid-50"],"yoast_head":"<!-- This site is optimized with the Yoast SEO plugin v23.4 - https:\/\/yoast.com\/wordpress\/plugins\/seo\/ -->\n<title>El erizo europeo figura como casi amenazado en la Lista Roja de la UICN - Consejos - Santa Catarina<\/title>\n<meta name=\"robots\" content=\"index, follow, max-snippet:-1, max-image-preview:large, max-video-preview:-1\" \/>\n<link rel=\"canonical\" href=\"https:\/\/stacatarina.mx\/consejos\/el-erizo-europeo-figura-como-casi-amenazado-en-la-lista-roja-de-la-uicn\/\" \/>\n<meta property=\"og:locale\" content=\"es_MX\" \/>\n<meta property=\"og:type\" content=\"article\" \/>\n<meta property=\"og:title\" content=\"El erizo europeo figura como casi amenazado en la Lista Roja de la UICN - Consejos - Santa Catarina\" \/>\n<meta property=\"og:description\" content=\"El estado de conservaci\u00f3n del erizo de Europa occidental (Erinaceus europaeus) se ha actualizado de Preocupaci\u00f3n menor a Casi amenazado en la \u00faltima versi\u00f3n de\" \/>\n<meta property=\"og:url\" content=\"https:\/\/stacatarina.mx\/consejos\/el-erizo-europeo-figura-como-casi-amenazado-en-la-lista-roja-de-la-uicn\/\" \/>\n<meta property=\"og:site_name\" content=\"Santa Catarina\" \/>\n<meta property=\"article:publisher\" content=\"https:\/\/www.facebook.com\/stacatarinagob\/\" \/>\n<meta property=\"article:published_time\" content=\"2024-10-31T02:29:15+00:00\" \/>\n<meta property=\"article:modified_time\" content=\"2024-10-31T02:29:16+00:00\" \/>\n<meta property=\"og:image\" content=\"https:\/\/stacatarina.mx\/consejos\/wp-content\/uploads\/2024\/10\/El-erizo-europeo-figura-como-casi-amenazado-en-la-Lista.jpg\" \/>\n\t<meta property=\"og:image:width\" content=\"900\" \/>\n\t<meta property=\"og:image:height\" content=\"584\" \/>\n\t<meta property=\"og:image:type\" content=\"image\/jpeg\" \/>\n<meta name=\"author\" content=\"Pedro Mart\u00ednez\" \/>\n<meta name=\"twitter:card\" content=\"summary_large_image\" \/>\n<meta name=\"twitter:creator\" content=\"@stacatarinagob\" \/>\n<meta name=\"twitter:site\" content=\"@stacatarinagob\" \/>\n<meta name=\"twitter:label1\" content=\"Escrito por\" \/>\n\t<meta name=\"twitter:data1\" content=\"Pedro Mart\u00ednez\" \/>\n\t<meta name=\"twitter:label2\" content=\"Tiempo de lectura\" \/>\n\t<meta name=\"twitter:data2\" content=\"5 minutos\" \/>\n<script type=\"application\/ld+json\" class=\"yoast-schema-graph\">{\"@context\":\"https:\/\/schema.org\",\"@graph\":[{\"@type\":\"Article\",\"@id\":\"https:\/\/stacatarina.mx\/consejos\/el-erizo-europeo-figura-como-casi-amenazado-en-la-lista-roja-de-la-uicn\/#article\",\"isPartOf\":{\"@id\":\"https:\/\/stacatarina.mx\/consejos\/el-erizo-europeo-figura-como-casi-amenazado-en-la-lista-roja-de-la-uicn\/\"},\"author\":{\"name\":\"Pedro Mart\u00ednez\",\"@id\":\"https:\/\/stacatarina.mx\/consejos\/#\/schema\/person\/0be60adffa8e4c4d0828fdf021450e8a\"},\"headline\":\"El erizo europeo figura como casi amenazado en la Lista Roja de la UICN\",\"datePublished\":\"2024-10-31T02:29:15+00:00\",\"dateModified\":\"2024-10-31T02:29:16+00:00\",\"mainEntityOfPage\":{\"@id\":\"https:\/\/stacatarina.mx\/consejos\/el-erizo-europeo-figura-como-casi-amenazado-en-la-lista-roja-de-la-uicn\/\"},\"wordCount\":1032,\"publisher\":{\"@id\":\"https:\/\/stacatarina.mx\/consejos\/#organization\"},\"image\":{\"@id\":\"https:\/\/stacatarina.mx\/consejos\/el-erizo-europeo-figura-como-casi-amenazado-en-la-lista-roja-de-la-uicn\/#primaryimage\"},\"thumbnailUrl\":\"https:\/\/stacatarina.mx\/consejos\/wp-content\/uploads\/2024\/10\/El-erizo-europeo-figura-como-casi-amenazado-en-la-Lista.jpg\",\"keywords\":[\"amenazado\",\"casi\",\"c\u00f3mo\",\"erizo\",\"europeo\",\"figura\",\"lista\",\"roja\",\"UICN\"],\"articleSection\":[\"Fauna y Flora\"],\"inLanguage\":\"es\"},{\"@type\":\"WebPage\",\"@id\":\"https:\/\/stacatarina.mx\/consejos\/el-erizo-europeo-figura-como-casi-amenazado-en-la-lista-roja-de-la-uicn\/\",\"url\":\"https:\/\/stacatarina.mx\/consejos\/el-erizo-europeo-figura-como-casi-amenazado-en-la-lista-roja-de-la-uicn\/\",\"name\":\"El erizo europeo figura como casi amenazado en la Lista Roja de la UICN - Consejos - Santa Catarina\",\"isPartOf\":{\"@id\":\"https:\/\/stacatarina.mx\/consejos\/#website\"},\"primaryImageOfPage\":{\"@id\":\"https:\/\/stacatarina.mx\/consejos\/el-erizo-europeo-figura-como-casi-amenazado-en-la-lista-roja-de-la-uicn\/#primaryimage\"},\"image\":{\"@id\":\"https:\/\/stacatarina.mx\/consejos\/el-erizo-europeo-figura-como-casi-amenazado-en-la-lista-roja-de-la-uicn\/#primaryimage\"},\"thumbnailUrl\":\"https:\/\/stacatarina.mx\/consejos\/wp-content\/uploads\/2024\/10\/El-erizo-europeo-figura-como-casi-amenazado-en-la-Lista.jpg\",\"datePublished\":\"2024-10-31T02:29:15+00:00\",\"dateModified\":\"2024-10-31T02:29:16+00:00\",\"breadcrumb\":{\"@id\":\"https:\/\/stacatarina.mx\/consejos\/el-erizo-europeo-figura-como-casi-amenazado-en-la-lista-roja-de-la-uicn\/#breadcrumb\"},\"inLanguage\":\"es\",\"potentialAction\":[{\"@type\":\"ReadAction\",\"target\":[\"https:\/\/stacatarina.mx\/consejos\/el-erizo-europeo-figura-como-casi-amenazado-en-la-lista-roja-de-la-uicn\/\"]}]},{\"@type\":\"ImageObject\",\"inLanguage\":\"es\",\"@id\":\"https:\/\/stacatarina.mx\/consejos\/el-erizo-europeo-figura-como-casi-amenazado-en-la-lista-roja-de-la-uicn\/#primaryimage\",\"url\":\"https:\/\/stacatarina.mx\/consejos\/wp-content\/uploads\/2024\/10\/El-erizo-europeo-figura-como-casi-amenazado-en-la-Lista.jpg\",\"contentUrl\":\"https:\/\/stacatarina.mx\/consejos\/wp-content\/uploads\/2024\/10\/El-erizo-europeo-figura-como-casi-amenazado-en-la-Lista.jpg\",\"width\":900,\"height\":584,\"caption\":\"European hedgehog listed as Near Threatened on IUCN Red List\"},{\"@type\":\"BreadcrumbList\",\"@id\":\"https:\/\/stacatarina.mx\/consejos\/el-erizo-europeo-figura-como-casi-amenazado-en-la-lista-roja-de-la-uicn\/#breadcrumb\",\"itemListElement\":[{\"@type\":\"ListItem\",\"position\":1,\"name\":\"Inicio\",\"item\":\"https:\/\/stacatarina.mx\/consejos\/\"},{\"@type\":\"ListItem\",\"position\":2,\"name\":\"El erizo europeo figura como casi amenazado en la Lista Roja de la UICN\"}]},{\"@type\":\"WebSite\",\"@id\":\"https:\/\/stacatarina.mx\/consejos\/#website\",\"url\":\"https:\/\/stacatarina.mx\/consejos\/\",\"name\":\"Santa Catarina\",\"description\":\"\",\"publisher\":{\"@id\":\"https:\/\/stacatarina.mx\/consejos\/#organization\"},\"potentialAction\":[{\"@type\":\"SearchAction\",\"target\":{\"@type\":\"EntryPoint\",\"urlTemplate\":\"https:\/\/stacatarina.mx\/consejos\/?s={search_term_string}\"},\"query-input\":{\"@type\":\"PropertyValueSpecification\",\"valueRequired\":true,\"valueName\":\"search_term_string\"}}],\"inLanguage\":\"es\"},{\"@type\":\"Organization\",\"@id\":\"https:\/\/stacatarina.mx\/consejos\/#organization\",\"name\":\"Santa Catarina\",\"url\":\"https:\/\/stacatarina.mx\/consejos\/\",\"logo\":{\"@type\":\"ImageObject\",\"inLanguage\":\"es\",\"@id\":\"https:\/\/stacatarina.mx\/consejos\/#\/schema\/logo\/image\/\",\"url\":\"https:\/\/stacatarina.mx\/consejos\/wp-content\/uploads\/2024\/09\/cropped-favicon-1-1.png\",\"contentUrl\":\"https:\/\/stacatarina.mx\/consejos\/wp-content\/uploads\/2024\/09\/cropped-favicon-1-1.png\",\"width\":512,\"height\":512,\"caption\":\"Santa Catarina\"},\"image\":{\"@id\":\"https:\/\/stacatarina.mx\/consejos\/#\/schema\/logo\/image\/\"},\"sameAs\":[\"https:\/\/www.facebook.com\/stacatarinagob\/\",\"https:\/\/x.com\/stacatarinagob\",\"https:\/\/www.instagram.com\/stacatarinagob\/\",\"https:\/\/www.youtube.com\/channel\/UCK-6cQJL_904665N1_nLTWw\"]},{\"@type\":\"Person\",\"@id\":\"https:\/\/stacatarina.mx\/consejos\/#\/schema\/person\/0be60adffa8e4c4d0828fdf021450e8a\",\"name\":\"Pedro Mart\u00ednez\",\"image\":{\"@type\":\"ImageObject\",\"inLanguage\":\"es\",\"@id\":\"https:\/\/stacatarina.mx\/consejos\/#\/schema\/person\/image\/\",\"url\":\"https:\/\/stacatarina.mx\/consejos\/wp-content\/uploads\/2024\/09\/stacatarina.jpg\",\"contentUrl\":\"https:\/\/stacatarina.mx\/consejos\/wp-content\/uploads\/2024\/09\/stacatarina.jpg\",\"caption\":\"Pedro Mart\u00ednez\"},\"description\":\"Hola, soy Pedro Mart\u00ednez, redactor jefe del sitio oficial del ayuntamiento de Santa Catarina, en M\u00e9xico. Con m\u00e1s de diez a\u00f1os de experiencia en el periodismo local, tengo una pasi\u00f3n por la investigaci\u00f3n y la difusi\u00f3n de informaci\u00f3n que valoriza nuestra hermosa comunidad. Mi compromiso es hacer de Santa Catarina una referencia en materia de transparencia y comunicaci\u00f3n municipal.\",\"sameAs\":[\"https:\/\/stacatarina.mx\/\"]}]}<\/script>\n<!-- \/ Yoast SEO plugin. -->","yoast_head_json":{"title":"El erizo europeo figura como casi amenazado en la Lista Roja de la UICN - Consejos - Santa Catarina","robots":{"index":"index","follow":"follow","max-snippet":"max-snippet:-1","max-image-preview":"max-image-preview:large","max-video-preview":"max-video-preview:-1"},"canonical":"https:\/\/stacatarina.mx\/consejos\/el-erizo-europeo-figura-como-casi-amenazado-en-la-lista-roja-de-la-uicn\/","og_locale":"es_MX","og_type":"article","og_title":"El erizo europeo figura como casi amenazado en la Lista Roja de la UICN - Consejos - Santa Catarina","og_description":"El estado de conservaci\u00f3n del erizo de Europa occidental (Erinaceus europaeus) se ha actualizado de Preocupaci\u00f3n menor a Casi amenazado en la \u00faltima versi\u00f3n de","og_url":"https:\/\/stacatarina.mx\/consejos\/el-erizo-europeo-figura-como-casi-amenazado-en-la-lista-roja-de-la-uicn\/","og_site_name":"Santa Catarina","article_publisher":"https:\/\/www.facebook.com\/stacatarinagob\/","article_published_time":"2024-10-31T02:29:15+00:00","article_modified_time":"2024-10-31T02:29:16+00:00","og_image":[{"width":900,"height":584,"url":"https:\/\/stacatarina.mx\/consejos\/wp-content\/uploads\/2024\/10\/El-erizo-europeo-figura-como-casi-amenazado-en-la-Lista.jpg","type":"image\/jpeg"}],"author":"Pedro Mart\u00ednez","twitter_card":"summary_large_image","twitter_creator":"@stacatarinagob","twitter_site":"@stacatarinagob","twitter_misc":{"Escrito por":"Pedro Mart\u00ednez","Tiempo de lectura":"5 minutos"},"schema":{"@context":"https:\/\/schema.org","@graph":[{"@type":"Article","@id":"https:\/\/stacatarina.mx\/consejos\/el-erizo-europeo-figura-como-casi-amenazado-en-la-lista-roja-de-la-uicn\/#article","isPartOf":{"@id":"https:\/\/stacatarina.mx\/consejos\/el-erizo-europeo-figura-como-casi-amenazado-en-la-lista-roja-de-la-uicn\/"},"author":{"name":"Pedro Mart\u00ednez","@id":"https:\/\/stacatarina.mx\/consejos\/#\/schema\/person\/0be60adffa8e4c4d0828fdf021450e8a"},"headline":"El erizo europeo figura como casi amenazado en la Lista Roja de la UICN","datePublished":"2024-10-31T02:29:15+00:00","dateModified":"2024-10-31T02:29:16+00:00","mainEntityOfPage":{"@id":"https:\/\/stacatarina.mx\/consejos\/el-erizo-europeo-figura-como-casi-amenazado-en-la-lista-roja-de-la-uicn\/"},"wordCount":1032,"publisher":{"@id":"https:\/\/stacatarina.mx\/consejos\/#organization"},"image":{"@id":"https:\/\/stacatarina.mx\/consejos\/el-erizo-europeo-figura-como-casi-amenazado-en-la-lista-roja-de-la-uicn\/#primaryimage"},"thumbnailUrl":"https:\/\/stacatarina.mx\/consejos\/wp-content\/uploads\/2024\/10\/El-erizo-europeo-figura-como-casi-amenazado-en-la-Lista.jpg","keywords":["amenazado","casi","c\u00f3mo","erizo","europeo","figura","lista","roja","UICN"],"articleSection":["Fauna y Flora"],"inLanguage":"es"},{"@type":"WebPage","@id":"https:\/\/stacatarina.mx\/consejos\/el-erizo-europeo-figura-como-casi-amenazado-en-la-lista-roja-de-la-uicn\/","url":"https:\/\/stacatarina.mx\/consejos\/el-erizo-europeo-figura-como-casi-amenazado-en-la-lista-roja-de-la-uicn\/","name":"El erizo europeo figura como casi amenazado en la Lista Roja de la UICN - Consejos - Santa Catarina","isPartOf":{"@id":"https:\/\/stacatarina.mx\/consejos\/#website"},"primaryImageOfPage":{"@id":"https:\/\/stacatarina.mx\/consejos\/el-erizo-europeo-figura-como-casi-amenazado-en-la-lista-roja-de-la-uicn\/#primaryimage"},"image":{"@id":"https:\/\/stacatarina.mx\/consejos\/el-erizo-europeo-figura-como-casi-amenazado-en-la-lista-roja-de-la-uicn\/#primaryimage"},"thumbnailUrl":"https:\/\/stacatarina.mx\/consejos\/wp-content\/uploads\/2024\/10\/El-erizo-europeo-figura-como-casi-amenazado-en-la-Lista.jpg","datePublished":"2024-10-31T02:29:15+00:00","dateModified":"2024-10-31T02:29:16+00:00","breadcrumb":{"@id":"https:\/\/stacatarina.mx\/consejos\/el-erizo-europeo-figura-como-casi-amenazado-en-la-lista-roja-de-la-uicn\/#breadcrumb"},"inLanguage":"es","potentialAction":[{"@type":"ReadAction","target":["https:\/\/stacatarina.mx\/consejos\/el-erizo-europeo-figura-como-casi-amenazado-en-la-lista-roja-de-la-uicn\/"]}]},{"@type":"ImageObject","inLanguage":"es","@id":"https:\/\/stacatarina.mx\/consejos\/el-erizo-europeo-figura-como-casi-amenazado-en-la-lista-roja-de-la-uicn\/#primaryimage","url":"https:\/\/stacatarina.mx\/consejos\/wp-content\/uploads\/2024\/10\/El-erizo-europeo-figura-como-casi-amenazado-en-la-Lista.jpg","contentUrl":"https:\/\/stacatarina.mx\/consejos\/wp-content\/uploads\/2024\/10\/El-erizo-europeo-figura-como-casi-amenazado-en-la-Lista.jpg","width":900,"height":584,"caption":"European hedgehog listed as Near Threatened on IUCN Red List"},{"@type":"BreadcrumbList","@id":"https:\/\/stacatarina.mx\/consejos\/el-erizo-europeo-figura-como-casi-amenazado-en-la-lista-roja-de-la-uicn\/#breadcrumb","itemListElement":[{"@type":"ListItem","position":1,"name":"Inicio","item":"https:\/\/stacatarina.mx\/consejos\/"},{"@type":"ListItem","position":2,"name":"El erizo europeo figura como casi amenazado en la Lista Roja de la UICN"}]},{"@type":"WebSite","@id":"https:\/\/stacatarina.mx\/consejos\/#website","url":"https:\/\/stacatarina.mx\/consejos\/","name":"Santa Catarina","description":"","publisher":{"@id":"https:\/\/stacatarina.mx\/consejos\/#organization"},"potentialAction":[{"@type":"SearchAction","target":{"@type":"EntryPoint","urlTemplate":"https:\/\/stacatarina.mx\/consejos\/?s={search_term_string}"},"query-input":{"@type":"PropertyValueSpecification","valueRequired":true,"valueName":"search_term_string"}}],"inLanguage":"es"},{"@type":"Organization","@id":"https:\/\/stacatarina.mx\/consejos\/#organization","name":"Santa Catarina","url":"https:\/\/stacatarina.mx\/consejos\/","logo":{"@type":"ImageObject","inLanguage":"es","@id":"https:\/\/stacatarina.mx\/consejos\/#\/schema\/logo\/image\/","url":"https:\/\/stacatarina.mx\/consejos\/wp-content\/uploads\/2024\/09\/cropped-favicon-1-1.png","contentUrl":"https:\/\/stacatarina.mx\/consejos\/wp-content\/uploads\/2024\/09\/cropped-favicon-1-1.png","width":512,"height":512,"caption":"Santa Catarina"},"image":{"@id":"https:\/\/stacatarina.mx\/consejos\/#\/schema\/logo\/image\/"},"sameAs":["https:\/\/www.facebook.com\/stacatarinagob\/","https:\/\/x.com\/stacatarinagob","https:\/\/www.instagram.com\/stacatarinagob\/","https:\/\/www.youtube.com\/channel\/UCK-6cQJL_904665N1_nLTWw"]},{"@type":"Person","@id":"https:\/\/stacatarina.mx\/consejos\/#\/schema\/person\/0be60adffa8e4c4d0828fdf021450e8a","name":"Pedro Mart\u00ednez","image":{"@type":"ImageObject","inLanguage":"es","@id":"https:\/\/stacatarina.mx\/consejos\/#\/schema\/person\/image\/","url":"https:\/\/stacatarina.mx\/consejos\/wp-content\/uploads\/2024\/09\/stacatarina.jpg","contentUrl":"https:\/\/stacatarina.mx\/consejos\/wp-content\/uploads\/2024\/09\/stacatarina.jpg","caption":"Pedro Mart\u00ednez"},"description":"Hola, soy Pedro Mart\u00ednez, redactor jefe del sitio oficial del ayuntamiento de Santa Catarina, en M\u00e9xico. Con m\u00e1s de diez a\u00f1os de experiencia en el periodismo local, tengo una pasi\u00f3n por la investigaci\u00f3n y la difusi\u00f3n de informaci\u00f3n que valoriza nuestra hermosa comunidad. Mi compromiso es hacer de Santa Catarina una referencia en materia de transparencia y comunicaci\u00f3n municipal.","sameAs":["https:\/\/stacatarina.mx\/"]}]}},"_links":{"self":[{"href":"https:\/\/stacatarina.mx\/consejos\/wp-json\/wp\/v2\/posts\/1190"}],"collection":[{"href":"https:\/\/stacatarina.mx\/consejos\/wp-json\/wp\/v2\/posts"}],"about":[{"href":"https:\/\/stacatarina.mx\/consejos\/wp-json\/wp\/v2\/types\/post"}],"author":[{"embeddable":true,"href":"https:\/\/stacatarina.mx\/consejos\/wp-json\/wp\/v2\/users\/1"}],"replies":[{"embeddable":true,"href":"https:\/\/stacatarina.mx\/consejos\/wp-json\/wp\/v2\/comments?post=1190"}],"version-history":[{"count":1,"href":"https:\/\/stacatarina.mx\/consejos\/wp-json\/wp\/v2\/posts\/1190\/revisions"}],"predecessor-version":[{"id":1192,"href":"https:\/\/stacatarina.mx\/consejos\/wp-json\/wp\/v2\/posts\/1190\/revisions\/1192"}],"wp:featuredmedia":[{"embeddable":true,"href":"https:\/\/stacatarina.mx\/consejos\/wp-json\/wp\/v2\/media\/1191"}],"wp:attachment":[{"href":"https:\/\/stacatarina.mx\/consejos\/wp-json\/wp\/v2\/media?parent=1190"}],"wp:term":[{"taxonomy":"category","embeddable":true,"href":"https:\/\/stacatarina.mx\/consejos\/wp-json\/wp\/v2\/categories?post=1190"},{"taxonomy":"post_tag","embeddable":true,"href":"https:\/\/stacatarina.mx\/consejos\/wp-json\/wp\/v2\/tags?post=1190"}],"curies":[{"name":"wp","href":"https:\/\/api.w.org\/{rel}","templated":true}]}}