{"id":1296,"date":"2024-11-03T01:27:09","date_gmt":"2024-11-03T07:27:09","guid":{"rendered":"https:\/\/stacatarina.mx\/consejos\/ansiedad-matutina-por-que-me-despierto-por-la-manana-con-esta-sensacion-de-angustia-y-agitacion\/"},"modified":"2024-11-03T01:27:10","modified_gmt":"2024-11-03T07:27:10","slug":"ansiedad-matutina-por-que-me-despierto-por-la-manana-con-esta-sensacion-de-angustia-y-agitacion","status":"publish","type":"post","link":"https:\/\/stacatarina.mx\/consejos\/ansiedad-matutina-por-que-me-despierto-por-la-manana-con-esta-sensacion-de-angustia-y-agitacion\/","title":{"rendered":"Ansiedad matutina: \u00bfpor qu\u00e9 me despierto por la ma\u00f1ana con esta sensaci\u00f3n de angustia y agitaci\u00f3n?"},"content":{"rendered":"<p class=\"single-abstract\">\n<p>\t\t\t\t\t\t\t\t\t\t\t\t\t\t\t\t\tHablamos de ansiedad matutina, una condici\u00f3n que se manifiesta por la ma\u00f1ana, cuando nos levantamos para empezar el d\u00eda. Descubramos las causas y los remedios.\n\t\t\t\t\t\t\t\t\t\t\t\t\t\t\t<\/p>\n<div class=\"daily-video\" style=\"display: none;\"><\/div>\n<div class=\"wrapper-player\" style=\"display: none; margin-bottom: 15px;\">\n<div id=\"daily-player\" style=\"position: relative; max-width: 100%;\" class=\"video-content\"><\/div>\n<\/p><\/div>\n<div class=\"image-wrapper featured-image no-lazy\" id=\"featured-image\"><\/div>\n<p>EL&#8217;<strong>ansiedad matutina<\/strong> Es uno de los desaf\u00edos psicol\u00f3gicos m\u00e1s comunes y complejos, caracterizado por una profunda sensaci\u00f3n de angustia que surge al amanecer, a menudo acompa\u00f1ada de una variedad de s\u00edntomas fisiol\u00f3gicos y psicol\u00f3gicos. Quienes sufren de ansiedad matutina pueden sentir tensi\u00f3n inmediata nada m\u00e1s abrir los ojos, sinti\u00e9ndose abrumados por las responsabilidades y pensamientos sobre el futuro.<\/p>\n<h2><span class=\"ez-toc-section\" id=\"Un_risveglio_agitato_i_sintomi_dellansia_mattutina\"><\/span>Un despertar agitado: los s\u00edntomas de la ansiedad matutina<span class=\"ez-toc-section-end\"><\/span><\/h2>\n<p>A diferencia de otras formas de ansiedad que se manifiestan en situaciones espec\u00edficas, como la ansiedad esc\u00e9nica, la ansiedad matutina se manifiesta inmediatamente, al despertar. Los s\u00edntomas m\u00e1s comunes que podemos encontrar son los siguientes:<\/p>\n<p>Toda la sintomatolog\u00eda interfiere en la calidad de vida, porque genera una sensaci\u00f3n de malestar continuo, en el que uno se siente &#8220;fuera de lugar&#8221; respecto al resto de la sociedad, con inevitables repercusiones en el estado de \u00e1nimo.<\/p>\n<aside style=\"margin: 8px auto; text-align: center; display: block; clear: both;\">\n<div id=\"gpt-passback\">\n<\/div>\n<\/aside>\n<h2><span class=\"ez-toc-section\" id=\"Le_cause_dellangoscia_al_risveglio\"><\/span>Las causas de la ansiedad al despertar<span class=\"ez-toc-section-end\"><\/span><\/h2>\n<p>La ansiedad matutina puede tener su origen en m\u00faltiples factores, cada uno de los cuales est\u00e1 vinculado a la incapacidad de predecir o saber gestionar el propio futuro. En efecto, <strong>La ansiedad a menudo surge de la necesidad de ejercer control sobre la propia existencia.<\/strong>: ante la incertidumbre, o una carga excesiva de responsabilidad, nuestro cerebro puede activar la ansiedad &#8220;anticipativa&#8221;. Quienes est\u00e1n abrumados por tareas y expectativas (ya sean relacionadas con el trabajo, la familia o las relaciones) pueden <strong>despertarse sinti\u00e9ndose abrumado<\/strong>como si el peso de las responsabilidades cayera enteramente sobre uno mismo al amanecer, en el momento del despertar.<\/p>\n<p>Este tipo de ansiedad tambi\u00e9n puede verse alimentada por<strong> expectativas de los dem\u00e1s<\/strong>lo que puede constituir un factor adicional de presi\u00f3n psicol\u00f3gica: estar constantemente a la altura de las exigencias del contexto social y laboral puede conducir a una forma de autorrepresi\u00f3n, que se manifiesta en el miedo a fracasar y a no poder cumplir con las expectativas.<\/p>\n<h2><span class=\"ez-toc-section\" id=\"Il_ruolo_del_sonno_e_delle_dinamiche_inconsce\"><\/span>El papel del sue\u00f1o y la din\u00e1mica inconsciente.<span class=\"ez-toc-section-end\"><\/span><\/h2>\n<p>Durante el sue\u00f1o, el cerebro pasa por diferentes fases de actividad que afectan nuestras emociones cuando nos despertamos. Durante la noche, la mente &#8220;racional&#8221; se calma, dejando espacio para que el inconsciente procese pensamientos y preocupaciones no resueltos y, seg\u00fan el modelo psicoanal\u00edtico, cosas similares <strong>Los procesos inconscientes pueden amplificar las emociones reprimidas<\/strong>que se manifiestan con una sensaci\u00f3n de vulnerabilidad justo en el momento del despertar. Como resultado, las personas se despiertan sobrecargadas de emociones y se dejan abrumar por sus miedos, recibidos con una sensibilidad particularmente pronunciada.<\/p>\n<h2><span class=\"ez-toc-section\" id=\"Perche_il_disagio_si_attenua_la_sera\"><\/span>\u00bfPor qu\u00e9 el malestar disminuye por la noche?<span class=\"ez-toc-section-end\"><\/span><\/h2>\n<p>La ansiedad tiende a disminuir en las horas de la noche porque, <strong>A medida que pasan las horas, nuestra capacidad de controlar los acontecimientos se vuelve tangible.<\/strong>. Realizar las diversas actividades cotidianas, sin complicaciones particulares, conduce a un estado de mayor relajaci\u00f3n, donde las dudas y las incertidumbres se reducen: no se han producido acontecimientos catastr\u00f3ficos, se han alcanzado los objetivos y esta observaci\u00f3n infunde una apariencia de alivio y autocontrol. Sin embargo, hay que subrayar lo temporal que puede ser esta sensaci\u00f3n: a la ma\u00f1ana siguiente, al despertar, la ansiedad volver\u00e1 a aparecer, en una especie de &#8220;ciclo&#8221; que se repite d\u00eda tras d\u00eda.<\/p>\n<h2><span class=\"ez-toc-section\" id=\"Gestire_lansia_mattutina_strategie_preventive\"><\/span>Manejar la ansiedad matutina: estrategias preventivas<span class=\"ez-toc-section-end\"><\/span><\/h2>\n<p>Contrarrestar la ansiedad matinal no es f\u00e1cil, pero adoptar algunas pr\u00e1cticas puede resultar \u00fatil para mejorar la calidad del despertar.<br \/>\nUna t\u00e9cnica efectiva es <strong>prepara un \u201cmapa mental\u201d de tus pensamientos<\/strong>: antes de acostarte, puedes dividir una hoja de papel en dos columnas, anotando inquietudes pr\u00e1cticas y, al mismo tiempo, las emociones relacionadas con ellas. La subdivisi\u00f3n lograda favorece una <strong>desapego emocional de problemas concretos<\/strong>ayudando a la mente a reconocer sus miedos sin verse abrumada por ellos.<\/p>\n<h2><span class=\"ez-toc-section\" id=\"La_delicatezza_della_questione_lansia_come_segnale_di_crescita\"><\/span>Lo delicado del tema: la ansiedad como signo de crecimiento<span class=\"ez-toc-section-end\"><\/span><\/h2>\n<p>Debemos entender que la ansiedad representa una se\u00f1al de alarma y, al mismo tiempo, un indicador de lo necesario que es un cambio. El s\u00edntoma de ansiedad no s\u00f3lo debe ser atenuado, sino interpretado: puede ser <strong>una invitaci\u00f3n a reconsiderar h\u00e1bitos, prioridades y gesti\u00f3n del tiempo<\/strong>y una vez iniciado este camino de reflexi\u00f3n se podr\u00e1n realizar cambios que garanticen un mejor equilibrio psicof\u00edsico, promoviendo una vida m\u00e1s plena y pac\u00edfica.<\/p>\n<h2><span class=\"ez-toc-section\" id=\"Trattamento_farmacologico_e_terapia_psicologica\"><\/span>Tratamiento farmacol\u00f3gico y terapia psicol\u00f3gica.<span class=\"ez-toc-section-end\"><\/span><\/h2>\n<p>El tratamiento para la ansiedad matutina var\u00eda seg\u00fan la gravedad de la afecci\u00f3n. En casos graves, los f\u00e1rmacos ansiol\u00edticos pueden proporcionar un apoyo importante, pero su uso siempre debe ser supervisado por un m\u00e9dico, ya que un uso inadecuado puede provocar dependencia, si no un empeoramiento del cuadro cl\u00ednico. Los ansiol\u00edticos alivian los s\u00edntomas, pero no resuelven las causas profundas del malestar, por lo que suele ser recomendable <strong>combinar cualquier terapia farmacol\u00f3gica con un curso de psicoterapia<\/strong>.<br \/>\nLa psicoterapia permite explorar las causas individuales de la ansiedad matutina, analizando en profundidad los factores desencadenantes: t\u00e9cnicas como la terapia cognitivo-conductual ayudan a identificar y modificar pensamientos distorsionados, reemplaz\u00e1ndolos por patrones m\u00e1s equilibrados y constructivos, permitiendo al paciente afrontar el d\u00eda. con mayor serenidad.<\/p>\n<h2><span class=\"ez-toc-section\" id=\"Quando_rivolgersi_a_un_professionista\"><\/span>Cu\u00e1ndo contactar a un profesional<span class=\"ez-toc-section-end\"><\/span><\/h2>\n<p>Si la ansiedad matutina persiste, adquiere connotaciones cada vez m\u00e1s incapacitantes, que conducen a una<strong> empeoramiento del bienestar general y de la capacidad para realizar las actividades diarias normales<\/strong>es recomendable consultar a un psicoterapeuta o un m\u00e9dico especialista, quien podr\u00e1 analizar las particularidades del caso, brindar un diagn\u00f3stico certero y posiblemente sugerir un camino terap\u00e9utico personalizado.<br \/>\n<strong>La ansiedad matutina puede volverse debilitante cuando adquiere proporciones cr\u00f3nicas<\/strong>por eso no hay que subestimarlo: con la ayuda de un profesional ser\u00e1 posible aprender a reconocer y gestionar los factores de estr\u00e9s, encontrando nuevas formas de vivir el d\u00eda sin esa sensaci\u00f3n constante de opresi\u00f3n.<\/p>\n<p>Para saber m\u00e1s con estudios y publicaciones.<\/p>\n<aside style=\"margin: 8px auto; display: flex; justify-content: center; min-height: 251px;\">\n<div id=\"div-gpt-ad-MPU_Bottom_1\" style=\"min-width: 300px; min-height: 252px;\">\n<\/div>\n<\/aside><\/p>\n","protected":false},"excerpt":{"rendered":"<p>Hablamos de ansiedad matutina, una condici\u00f3n que se manifiesta por la ma\u00f1ana, cuando nos levantamos para empezar el d\u00eda. Descubramos las causas y los remedios.<\/p>\n","protected":false},"author":1,"featured_media":1297,"comment_status":"closed","ping_status":"","sticky":false,"template":"","format":"standard","meta":{"footnotes":""},"categories":[762],"tags":[1808,1807,1054,42,1804,110,1805,1803,112,247,1806],"class_list":["post-1296","post","type-post","status-publish","format-standard","has-post-thumbnail","hentry","category-salud","tag-agitacion","tag-angustia","tag-ansiedad","tag-con","tag-despierto","tag-esta","tag-manana","tag-matutina","tag-por","tag-que","tag-sensacion","generate-columns","tablet-grid-50","mobile-grid-100","grid-parent","grid-50"],"yoast_head":"<!-- This site is optimized with the Yoast SEO plugin v23.4 - https:\/\/yoast.com\/wordpress\/plugins\/seo\/ -->\n<title>Ansiedad matutina: \u00bfpor qu\u00e9 me despierto por la ma\u00f1ana con esta sensaci\u00f3n de angustia y agitaci\u00f3n? - Consejos - Santa Catarina<\/title>\n<meta name=\"robots\" content=\"index, follow, max-snippet:-1, max-image-preview:large, max-video-preview:-1\" \/>\n<link rel=\"canonical\" href=\"https:\/\/stacatarina.mx\/consejos\/ansiedad-matutina-por-que-me-despierto-por-la-manana-con-esta-sensacion-de-angustia-y-agitacion\/\" \/>\n<meta property=\"og:locale\" content=\"es_MX\" \/>\n<meta property=\"og:type\" content=\"article\" \/>\n<meta property=\"og:title\" content=\"Ansiedad matutina: \u00bfpor qu\u00e9 me despierto por la ma\u00f1ana con esta sensaci\u00f3n de angustia y agitaci\u00f3n? - Consejos - Santa Catarina\" \/>\n<meta property=\"og:description\" content=\"Hablamos de ansiedad matutina, una condici\u00f3n que se manifiesta por la ma\u00f1ana, cuando nos levantamos para empezar el d\u00eda. Descubramos las causas y los remedios.\" \/>\n<meta property=\"og:url\" content=\"https:\/\/stacatarina.mx\/consejos\/ansiedad-matutina-por-que-me-despierto-por-la-manana-con-esta-sensacion-de-angustia-y-agitacion\/\" \/>\n<meta property=\"og:site_name\" content=\"Santa Catarina\" \/>\n<meta property=\"article:publisher\" content=\"https:\/\/www.facebook.com\/stacatarinagob\/\" \/>\n<meta property=\"article:published_time\" content=\"2024-11-03T07:27:09+00:00\" \/>\n<meta property=\"article:modified_time\" content=\"2024-11-03T07:27:10+00:00\" \/>\n<meta property=\"og:image\" content=\"https:\/\/stacatarina.mx\/consejos\/wp-content\/uploads\/2024\/11\/Ansiedad-matutina-\u00bfpor-que-me-despierto-por-la-manana-con.jpg\" \/>\n\t<meta property=\"og:image:width\" content=\"1500\" \/>\n\t<meta property=\"og:image:height\" content=\"1000\" \/>\n\t<meta property=\"og:image:type\" content=\"image\/jpeg\" \/>\n<meta name=\"author\" content=\"Pedro Mart\u00ednez\" \/>\n<meta name=\"twitter:card\" content=\"summary_large_image\" \/>\n<meta name=\"twitter:creator\" content=\"@stacatarinagob\" \/>\n<meta name=\"twitter:site\" content=\"@stacatarinagob\" \/>\n<meta name=\"twitter:label1\" content=\"Escrito por\" \/>\n\t<meta name=\"twitter:data1\" content=\"Pedro Mart\u00ednez\" \/>\n\t<meta name=\"twitter:label2\" content=\"Tiempo de lectura\" \/>\n\t<meta name=\"twitter:data2\" content=\"5 minutos\" \/>\n<script type=\"application\/ld+json\" class=\"yoast-schema-graph\">{\"@context\":\"https:\/\/schema.org\",\"@graph\":[{\"@type\":\"Article\",\"@id\":\"https:\/\/stacatarina.mx\/consejos\/ansiedad-matutina-por-que-me-despierto-por-la-manana-con-esta-sensacion-de-angustia-y-agitacion\/#article\",\"isPartOf\":{\"@id\":\"https:\/\/stacatarina.mx\/consejos\/ansiedad-matutina-por-que-me-despierto-por-la-manana-con-esta-sensacion-de-angustia-y-agitacion\/\"},\"author\":{\"name\":\"Pedro Mart\u00ednez\",\"@id\":\"https:\/\/stacatarina.mx\/consejos\/#\/schema\/person\/0be60adffa8e4c4d0828fdf021450e8a\"},\"headline\":\"Ansiedad matutina: \u00bfpor qu\u00e9 me despierto por la ma\u00f1ana con esta sensaci\u00f3n de angustia y agitaci\u00f3n?\",\"datePublished\":\"2024-11-03T07:27:09+00:00\",\"dateModified\":\"2024-11-03T07:27:10+00:00\",\"mainEntityOfPage\":{\"@id\":\"https:\/\/stacatarina.mx\/consejos\/ansiedad-matutina-por-que-me-despierto-por-la-manana-con-esta-sensacion-de-angustia-y-agitacion\/\"},\"wordCount\":1049,\"publisher\":{\"@id\":\"https:\/\/stacatarina.mx\/consejos\/#organization\"},\"image\":{\"@id\":\"https:\/\/stacatarina.mx\/consejos\/ansiedad-matutina-por-que-me-despierto-por-la-manana-con-esta-sensacion-de-angustia-y-agitacion\/#primaryimage\"},\"thumbnailUrl\":\"https:\/\/stacatarina.mx\/consejos\/wp-content\/uploads\/2024\/11\/Ansiedad-matutina-\u00bfpor-que-me-despierto-por-la-manana-con.jpg\",\"keywords\":[\"agitaci\u00f3n\",\"angustia\",\"ansiedad\",\"con\",\"despierto\",\"esta\",\"ma\u00f1ana\",\"matutina\",\"por\",\"qu\u00e9\",\"sensaci\u00f3n\"],\"articleSection\":[\"Salud\"],\"inLanguage\":\"es\"},{\"@type\":\"WebPage\",\"@id\":\"https:\/\/stacatarina.mx\/consejos\/ansiedad-matutina-por-que-me-despierto-por-la-manana-con-esta-sensacion-de-angustia-y-agitacion\/\",\"url\":\"https:\/\/stacatarina.mx\/consejos\/ansiedad-matutina-por-que-me-despierto-por-la-manana-con-esta-sensacion-de-angustia-y-agitacion\/\",\"name\":\"Ansiedad matutina: \u00bfpor qu\u00e9 me despierto por la ma\u00f1ana con esta sensaci\u00f3n de angustia y agitaci\u00f3n? - Consejos - Santa Catarina\",\"isPartOf\":{\"@id\":\"https:\/\/stacatarina.mx\/consejos\/#website\"},\"primaryImageOfPage\":{\"@id\":\"https:\/\/stacatarina.mx\/consejos\/ansiedad-matutina-por-que-me-despierto-por-la-manana-con-esta-sensacion-de-angustia-y-agitacion\/#primaryimage\"},\"image\":{\"@id\":\"https:\/\/stacatarina.mx\/consejos\/ansiedad-matutina-por-que-me-despierto-por-la-manana-con-esta-sensacion-de-angustia-y-agitacion\/#primaryimage\"},\"thumbnailUrl\":\"https:\/\/stacatarina.mx\/consejos\/wp-content\/uploads\/2024\/11\/Ansiedad-matutina-\u00bfpor-que-me-despierto-por-la-manana-con.jpg\",\"datePublished\":\"2024-11-03T07:27:09+00:00\",\"dateModified\":\"2024-11-03T07:27:10+00:00\",\"breadcrumb\":{\"@id\":\"https:\/\/stacatarina.mx\/consejos\/ansiedad-matutina-por-que-me-despierto-por-la-manana-con-esta-sensacion-de-angustia-y-agitacion\/#breadcrumb\"},\"inLanguage\":\"es\",\"potentialAction\":[{\"@type\":\"ReadAction\",\"target\":[\"https:\/\/stacatarina.mx\/consejos\/ansiedad-matutina-por-que-me-despierto-por-la-manana-con-esta-sensacion-de-angustia-y-agitacion\/\"]}]},{\"@type\":\"ImageObject\",\"inLanguage\":\"es\",\"@id\":\"https:\/\/stacatarina.mx\/consejos\/ansiedad-matutina-por-que-me-despierto-por-la-manana-con-esta-sensacion-de-angustia-y-agitacion\/#primaryimage\",\"url\":\"https:\/\/stacatarina.mx\/consejos\/wp-content\/uploads\/2024\/11\/Ansiedad-matutina-\u00bfpor-que-me-despierto-por-la-manana-con.jpg\",\"contentUrl\":\"https:\/\/stacatarina.mx\/consejos\/wp-content\/uploads\/2024\/11\/Ansiedad-matutina-\u00bfpor-que-me-despierto-por-la-manana-con.jpg\",\"width\":1500,\"height\":1000,\"caption\":\"ansia mattutina\"},{\"@type\":\"BreadcrumbList\",\"@id\":\"https:\/\/stacatarina.mx\/consejos\/ansiedad-matutina-por-que-me-despierto-por-la-manana-con-esta-sensacion-de-angustia-y-agitacion\/#breadcrumb\",\"itemListElement\":[{\"@type\":\"ListItem\",\"position\":1,\"name\":\"Inicio\",\"item\":\"https:\/\/stacatarina.mx\/consejos\/\"},{\"@type\":\"ListItem\",\"position\":2,\"name\":\"Ansiedad matutina: \u00bfpor qu\u00e9 me despierto por la ma\u00f1ana con esta sensaci\u00f3n de angustia y agitaci\u00f3n?\"}]},{\"@type\":\"WebSite\",\"@id\":\"https:\/\/stacatarina.mx\/consejos\/#website\",\"url\":\"https:\/\/stacatarina.mx\/consejos\/\",\"name\":\"Santa Catarina\",\"description\":\"\",\"publisher\":{\"@id\":\"https:\/\/stacatarina.mx\/consejos\/#organization\"},\"potentialAction\":[{\"@type\":\"SearchAction\",\"target\":{\"@type\":\"EntryPoint\",\"urlTemplate\":\"https:\/\/stacatarina.mx\/consejos\/?s={search_term_string}\"},\"query-input\":{\"@type\":\"PropertyValueSpecification\",\"valueRequired\":true,\"valueName\":\"search_term_string\"}}],\"inLanguage\":\"es\"},{\"@type\":\"Organization\",\"@id\":\"https:\/\/stacatarina.mx\/consejos\/#organization\",\"name\":\"Santa Catarina\",\"url\":\"https:\/\/stacatarina.mx\/consejos\/\",\"logo\":{\"@type\":\"ImageObject\",\"inLanguage\":\"es\",\"@id\":\"https:\/\/stacatarina.mx\/consejos\/#\/schema\/logo\/image\/\",\"url\":\"https:\/\/stacatarina.mx\/consejos\/wp-content\/uploads\/2024\/09\/cropped-favicon-1-1.png\",\"contentUrl\":\"https:\/\/stacatarina.mx\/consejos\/wp-content\/uploads\/2024\/09\/cropped-favicon-1-1.png\",\"width\":512,\"height\":512,\"caption\":\"Santa Catarina\"},\"image\":{\"@id\":\"https:\/\/stacatarina.mx\/consejos\/#\/schema\/logo\/image\/\"},\"sameAs\":[\"https:\/\/www.facebook.com\/stacatarinagob\/\",\"https:\/\/x.com\/stacatarinagob\",\"https:\/\/www.instagram.com\/stacatarinagob\/\",\"https:\/\/www.youtube.com\/channel\/UCK-6cQJL_904665N1_nLTWw\"]},{\"@type\":\"Person\",\"@id\":\"https:\/\/stacatarina.mx\/consejos\/#\/schema\/person\/0be60adffa8e4c4d0828fdf021450e8a\",\"name\":\"Pedro Mart\u00ednez\",\"image\":{\"@type\":\"ImageObject\",\"inLanguage\":\"es\",\"@id\":\"https:\/\/stacatarina.mx\/consejos\/#\/schema\/person\/image\/\",\"url\":\"https:\/\/stacatarina.mx\/consejos\/wp-content\/uploads\/2024\/09\/stacatarina.jpg\",\"contentUrl\":\"https:\/\/stacatarina.mx\/consejos\/wp-content\/uploads\/2024\/09\/stacatarina.jpg\",\"caption\":\"Pedro Mart\u00ednez\"},\"description\":\"Hola, soy Pedro Mart\u00ednez, redactor jefe del sitio oficial del ayuntamiento de Santa Catarina, en M\u00e9xico. Con m\u00e1s de diez a\u00f1os de experiencia en el periodismo local, tengo una pasi\u00f3n por la investigaci\u00f3n y la difusi\u00f3n de informaci\u00f3n que valoriza nuestra hermosa comunidad. Mi compromiso es hacer de Santa Catarina una referencia en materia de transparencia y comunicaci\u00f3n municipal.\",\"sameAs\":[\"https:\/\/stacatarina.mx\/\"]}]}<\/script>\n<!-- \/ Yoast SEO plugin. -->","yoast_head_json":{"title":"Ansiedad matutina: \u00bfpor qu\u00e9 me despierto por la ma\u00f1ana con esta sensaci\u00f3n de angustia y agitaci\u00f3n? - Consejos - Santa Catarina","robots":{"index":"index","follow":"follow","max-snippet":"max-snippet:-1","max-image-preview":"max-image-preview:large","max-video-preview":"max-video-preview:-1"},"canonical":"https:\/\/stacatarina.mx\/consejos\/ansiedad-matutina-por-que-me-despierto-por-la-manana-con-esta-sensacion-de-angustia-y-agitacion\/","og_locale":"es_MX","og_type":"article","og_title":"Ansiedad matutina: \u00bfpor qu\u00e9 me despierto por la ma\u00f1ana con esta sensaci\u00f3n de angustia y agitaci\u00f3n? - Consejos - Santa Catarina","og_description":"Hablamos de ansiedad matutina, una condici\u00f3n que se manifiesta por la ma\u00f1ana, cuando nos levantamos para empezar el d\u00eda. Descubramos las causas y los remedios.","og_url":"https:\/\/stacatarina.mx\/consejos\/ansiedad-matutina-por-que-me-despierto-por-la-manana-con-esta-sensacion-de-angustia-y-agitacion\/","og_site_name":"Santa Catarina","article_publisher":"https:\/\/www.facebook.com\/stacatarinagob\/","article_published_time":"2024-11-03T07:27:09+00:00","article_modified_time":"2024-11-03T07:27:10+00:00","og_image":[{"width":1500,"height":1000,"url":"https:\/\/stacatarina.mx\/consejos\/wp-content\/uploads\/2024\/11\/Ansiedad-matutina-\u00bfpor-que-me-despierto-por-la-manana-con.jpg","type":"image\/jpeg"}],"author":"Pedro Mart\u00ednez","twitter_card":"summary_large_image","twitter_creator":"@stacatarinagob","twitter_site":"@stacatarinagob","twitter_misc":{"Escrito por":"Pedro Mart\u00ednez","Tiempo de lectura":"5 minutos"},"schema":{"@context":"https:\/\/schema.org","@graph":[{"@type":"Article","@id":"https:\/\/stacatarina.mx\/consejos\/ansiedad-matutina-por-que-me-despierto-por-la-manana-con-esta-sensacion-de-angustia-y-agitacion\/#article","isPartOf":{"@id":"https:\/\/stacatarina.mx\/consejos\/ansiedad-matutina-por-que-me-despierto-por-la-manana-con-esta-sensacion-de-angustia-y-agitacion\/"},"author":{"name":"Pedro Mart\u00ednez","@id":"https:\/\/stacatarina.mx\/consejos\/#\/schema\/person\/0be60adffa8e4c4d0828fdf021450e8a"},"headline":"Ansiedad matutina: \u00bfpor qu\u00e9 me despierto por la ma\u00f1ana con esta sensaci\u00f3n de angustia y agitaci\u00f3n?","datePublished":"2024-11-03T07:27:09+00:00","dateModified":"2024-11-03T07:27:10+00:00","mainEntityOfPage":{"@id":"https:\/\/stacatarina.mx\/consejos\/ansiedad-matutina-por-que-me-despierto-por-la-manana-con-esta-sensacion-de-angustia-y-agitacion\/"},"wordCount":1049,"publisher":{"@id":"https:\/\/stacatarina.mx\/consejos\/#organization"},"image":{"@id":"https:\/\/stacatarina.mx\/consejos\/ansiedad-matutina-por-que-me-despierto-por-la-manana-con-esta-sensacion-de-angustia-y-agitacion\/#primaryimage"},"thumbnailUrl":"https:\/\/stacatarina.mx\/consejos\/wp-content\/uploads\/2024\/11\/Ansiedad-matutina-\u00bfpor-que-me-despierto-por-la-manana-con.jpg","keywords":["agitaci\u00f3n","angustia","ansiedad","con","despierto","esta","ma\u00f1ana","matutina","por","qu\u00e9","sensaci\u00f3n"],"articleSection":["Salud"],"inLanguage":"es"},{"@type":"WebPage","@id":"https:\/\/stacatarina.mx\/consejos\/ansiedad-matutina-por-que-me-despierto-por-la-manana-con-esta-sensacion-de-angustia-y-agitacion\/","url":"https:\/\/stacatarina.mx\/consejos\/ansiedad-matutina-por-que-me-despierto-por-la-manana-con-esta-sensacion-de-angustia-y-agitacion\/","name":"Ansiedad matutina: \u00bfpor qu\u00e9 me despierto por la ma\u00f1ana con esta sensaci\u00f3n de angustia y agitaci\u00f3n? - Consejos - Santa Catarina","isPartOf":{"@id":"https:\/\/stacatarina.mx\/consejos\/#website"},"primaryImageOfPage":{"@id":"https:\/\/stacatarina.mx\/consejos\/ansiedad-matutina-por-que-me-despierto-por-la-manana-con-esta-sensacion-de-angustia-y-agitacion\/#primaryimage"},"image":{"@id":"https:\/\/stacatarina.mx\/consejos\/ansiedad-matutina-por-que-me-despierto-por-la-manana-con-esta-sensacion-de-angustia-y-agitacion\/#primaryimage"},"thumbnailUrl":"https:\/\/stacatarina.mx\/consejos\/wp-content\/uploads\/2024\/11\/Ansiedad-matutina-\u00bfpor-que-me-despierto-por-la-manana-con.jpg","datePublished":"2024-11-03T07:27:09+00:00","dateModified":"2024-11-03T07:27:10+00:00","breadcrumb":{"@id":"https:\/\/stacatarina.mx\/consejos\/ansiedad-matutina-por-que-me-despierto-por-la-manana-con-esta-sensacion-de-angustia-y-agitacion\/#breadcrumb"},"inLanguage":"es","potentialAction":[{"@type":"ReadAction","target":["https:\/\/stacatarina.mx\/consejos\/ansiedad-matutina-por-que-me-despierto-por-la-manana-con-esta-sensacion-de-angustia-y-agitacion\/"]}]},{"@type":"ImageObject","inLanguage":"es","@id":"https:\/\/stacatarina.mx\/consejos\/ansiedad-matutina-por-que-me-despierto-por-la-manana-con-esta-sensacion-de-angustia-y-agitacion\/#primaryimage","url":"https:\/\/stacatarina.mx\/consejos\/wp-content\/uploads\/2024\/11\/Ansiedad-matutina-\u00bfpor-que-me-despierto-por-la-manana-con.jpg","contentUrl":"https:\/\/stacatarina.mx\/consejos\/wp-content\/uploads\/2024\/11\/Ansiedad-matutina-\u00bfpor-que-me-despierto-por-la-manana-con.jpg","width":1500,"height":1000,"caption":"ansia mattutina"},{"@type":"BreadcrumbList","@id":"https:\/\/stacatarina.mx\/consejos\/ansiedad-matutina-por-que-me-despierto-por-la-manana-con-esta-sensacion-de-angustia-y-agitacion\/#breadcrumb","itemListElement":[{"@type":"ListItem","position":1,"name":"Inicio","item":"https:\/\/stacatarina.mx\/consejos\/"},{"@type":"ListItem","position":2,"name":"Ansiedad matutina: \u00bfpor qu\u00e9 me despierto por la ma\u00f1ana con esta sensaci\u00f3n de angustia y agitaci\u00f3n?"}]},{"@type":"WebSite","@id":"https:\/\/stacatarina.mx\/consejos\/#website","url":"https:\/\/stacatarina.mx\/consejos\/","name":"Santa Catarina","description":"","publisher":{"@id":"https:\/\/stacatarina.mx\/consejos\/#organization"},"potentialAction":[{"@type":"SearchAction","target":{"@type":"EntryPoint","urlTemplate":"https:\/\/stacatarina.mx\/consejos\/?s={search_term_string}"},"query-input":{"@type":"PropertyValueSpecification","valueRequired":true,"valueName":"search_term_string"}}],"inLanguage":"es"},{"@type":"Organization","@id":"https:\/\/stacatarina.mx\/consejos\/#organization","name":"Santa Catarina","url":"https:\/\/stacatarina.mx\/consejos\/","logo":{"@type":"ImageObject","inLanguage":"es","@id":"https:\/\/stacatarina.mx\/consejos\/#\/schema\/logo\/image\/","url":"https:\/\/stacatarina.mx\/consejos\/wp-content\/uploads\/2024\/09\/cropped-favicon-1-1.png","contentUrl":"https:\/\/stacatarina.mx\/consejos\/wp-content\/uploads\/2024\/09\/cropped-favicon-1-1.png","width":512,"height":512,"caption":"Santa Catarina"},"image":{"@id":"https:\/\/stacatarina.mx\/consejos\/#\/schema\/logo\/image\/"},"sameAs":["https:\/\/www.facebook.com\/stacatarinagob\/","https:\/\/x.com\/stacatarinagob","https:\/\/www.instagram.com\/stacatarinagob\/","https:\/\/www.youtube.com\/channel\/UCK-6cQJL_904665N1_nLTWw"]},{"@type":"Person","@id":"https:\/\/stacatarina.mx\/consejos\/#\/schema\/person\/0be60adffa8e4c4d0828fdf021450e8a","name":"Pedro Mart\u00ednez","image":{"@type":"ImageObject","inLanguage":"es","@id":"https:\/\/stacatarina.mx\/consejos\/#\/schema\/person\/image\/","url":"https:\/\/stacatarina.mx\/consejos\/wp-content\/uploads\/2024\/09\/stacatarina.jpg","contentUrl":"https:\/\/stacatarina.mx\/consejos\/wp-content\/uploads\/2024\/09\/stacatarina.jpg","caption":"Pedro Mart\u00ednez"},"description":"Hola, soy Pedro Mart\u00ednez, redactor jefe del sitio oficial del ayuntamiento de Santa Catarina, en M\u00e9xico. Con m\u00e1s de diez a\u00f1os de experiencia en el periodismo local, tengo una pasi\u00f3n por la investigaci\u00f3n y la difusi\u00f3n de informaci\u00f3n que valoriza nuestra hermosa comunidad. Mi compromiso es hacer de Santa Catarina una referencia en materia de transparencia y comunicaci\u00f3n municipal.","sameAs":["https:\/\/stacatarina.mx\/"]}]}},"_links":{"self":[{"href":"https:\/\/stacatarina.mx\/consejos\/wp-json\/wp\/v2\/posts\/1296"}],"collection":[{"href":"https:\/\/stacatarina.mx\/consejos\/wp-json\/wp\/v2\/posts"}],"about":[{"href":"https:\/\/stacatarina.mx\/consejos\/wp-json\/wp\/v2\/types\/post"}],"author":[{"embeddable":true,"href":"https:\/\/stacatarina.mx\/consejos\/wp-json\/wp\/v2\/users\/1"}],"replies":[{"embeddable":true,"href":"https:\/\/stacatarina.mx\/consejos\/wp-json\/wp\/v2\/comments?post=1296"}],"version-history":[{"count":1,"href":"https:\/\/stacatarina.mx\/consejos\/wp-json\/wp\/v2\/posts\/1296\/revisions"}],"predecessor-version":[{"id":1298,"href":"https:\/\/stacatarina.mx\/consejos\/wp-json\/wp\/v2\/posts\/1296\/revisions\/1298"}],"wp:featuredmedia":[{"embeddable":true,"href":"https:\/\/stacatarina.mx\/consejos\/wp-json\/wp\/v2\/media\/1297"}],"wp:attachment":[{"href":"https:\/\/stacatarina.mx\/consejos\/wp-json\/wp\/v2\/media?parent=1296"}],"wp:term":[{"taxonomy":"category","embeddable":true,"href":"https:\/\/stacatarina.mx\/consejos\/wp-json\/wp\/v2\/categories?post=1296"},{"taxonomy":"post_tag","embeddable":true,"href":"https:\/\/stacatarina.mx\/consejos\/wp-json\/wp\/v2\/tags?post=1296"}],"curies":[{"name":"wp","href":"https:\/\/api.w.org\/{rel}","templated":true}]}}