{"id":1308,"date":"2024-11-04T07:23:16","date_gmt":"2024-11-04T13:23:16","guid":{"rendered":"https:\/\/stacatarina.mx\/consejos\/los-baches-en-las-aceras-se-convierten-en-una-advertencia-para-el-autoexamen-contra-el-cancer-de-mama-cada-bulto-merece-atencion\/"},"modified":"2024-11-04T07:23:16","modified_gmt":"2024-11-04T13:23:16","slug":"los-baches-en-las-aceras-se-convierten-en-una-advertencia-para-el-autoexamen-contra-el-cancer-de-mama-cada-bulto-merece-atencion","status":"publish","type":"post","link":"https:\/\/stacatarina.mx\/consejos\/los-baches-en-las-aceras-se-convierten-en-una-advertencia-para-el-autoexamen-contra-el-cancer-de-mama-cada-bulto-merece-atencion\/","title":{"rendered":"Los baches en las aceras se convierten en una advertencia para el autoexamen contra el c\u00e1ncer de mama: &#8220;cada bulto merece atenci\u00f3n&#8221;"},"content":{"rendered":"<p class=\"single-abstract\">\n<p>\t\t\t\t\t\t\t\t\t\t\t\t\t\t\t\t\t\u201cBultos Inesperados\u201d quiere concienciar sobre el c\u00e1ncer de mama record\u00e1ndonos la importancia del autoexamen transformando los baches de las aceras en mensajes que nos recuerden lo fundamental que es la prevenci\u00f3n\t\t\t\t\t\t\t\t\t\t\t\t\t\t\t<\/p>\n<div class=\"daily-video\" style=\"display: none;\"><\/div>\n<div class=\"wrapper-player\" style=\"display: none; margin-bottom: 15px;\">\n<div id=\"daily-player\" style=\"position: relative; max-width: 100%;\" class=\"video-content\"><\/div>\n<\/p><\/div>\n<div class=\"image-wrapper featured-image no-lazy\" id=\"featured-image\"><\/div>\n<p>A <strong>Londres<\/strong>la iniciativa \u201c<strong>Bultos inesperados<\/strong>\u201d ha transformado las calles en un poderoso atractivo visual para <strong>crear conciencia sobre el c\u00e1ncer de mama<\/strong> durante el mes de Octubre Rosa. Aprovechando las irregularidades de las aceras, los creativos Tom Charter e Ivo Lazarov han creado una campa\u00f1a innovadora y accesible a todos, capaz de recordar a los transe\u00fantes <strong>la importancia del autoexamen<\/strong>.<\/p>\n<p>Alrededor de los baches naturales de las aceras se han colocado <strong>pegatinas circulares que nos recuerdan que \u201ccada golpe merece atenci\u00f3n\u201d<\/strong>un mensaje que va dirigido tanto a hombres como a mujeres, sin importar la edad.<\/p>\n<p>El proyecto naci\u00f3 de una preocupaci\u00f3n <strong>Disminuci\u00f3n del n\u00famero de mujeres que se realizan autoex\u00e1menes de mama con regularidad.<\/strong>: del 49% en 2022 al 45% en 2024, seg\u00fan una encuesta realizada por Breast Cancer Now. Los hombres tambi\u00e9n pueden desarrollar c\u00e1ncer de mama, aunque en menor medida, con alrededor de 370 diagn\u00f3sticos en el Reino Unido cada a\u00f1o.<\/p>\n<aside style=\"margin: 8px auto; text-align: center; display: block; clear: both;\">\n<div id=\"gpt-passback\">\n<\/div>\n<\/aside>\n<h2>Las pegatinas contienen un c\u00f3digo QR con informaci\u00f3n sobre los s\u00edntomas a monitorizar<\/h2>\n<p>La iniciativa \u201cBultos Inesperados\u201d est\u00e1 dise\u00f1ada para concienciar a todos sobre la <strong>prevenci\u00f3n<\/strong> y para hacer el <strong>mensaje de diagnostico temprano<\/strong>que puede marcar la diferencia en la lucha contra el c\u00e1ncer de mama. El aspecto innovador de la campa\u00f1a reside en su enfoque directo e inesperado: <strong>Transformar un elemento com\u00fan del paisaje urbano, a menudo ignorado, en un s\u00edmbolo de prevenci\u00f3n.<\/strong>.<\/p>\n<p>Las pegatinas que enmarcan los baches de las carreteras contienen un <strong>c\u00f3digo qr<\/strong> que dirige a quienes lo escanean al sitio web Breast Cancer Now. Aqu\u00ed los visitantes pueden encontrar <strong>informaci\u00f3n detallada<\/strong> sobre los s\u00edntomas a vigilar, sobre las herramientas de prevenci\u00f3n y sobre c\u00f3mo realizar correctamente el autoexamen de mama.<\/p>\n<p>La campa\u00f1a se desarrolla tambi\u00e9n a trav\u00e9s de una serie de carteles repartidos por Londres, que indican a los transe\u00fantes la posici\u00f3n de las aceras &#8220;marcadas&#8221; y reiteran la importancia de <strong>Tenga cuidado con los cambios f\u00edsicos inusuales.<\/strong>. Con esta elecci\u00f3n, los creadores pretendieron crear una experiencia que estimule la reflexi\u00f3n inmediata y personal.<\/p>\n<p>Este enfoque visual e interactivo tiene como objetivo crear conciencia sobre el c\u00e1ncer de mama. <strong>una parte integral de la vida cotidiana<\/strong>estimulando as\u00ed una participaci\u00f3n m\u00e1s amplia en el autoexamen. Los organizadores esperan que estas se\u00f1ales visuales puedan influir positivamente en los h\u00e1bitos de las personas, record\u00e1ndoles lo importante que es realizar controles peri\u00f3dicos.<\/p>\n<p>En un mes dedicado a la concientizaci\u00f3n sobre el c\u00e1ncer de mama, \u201cBultos Inesperados\u201d invita a todos a prestarse atenci\u00f3n inmediata, transformando cada irregularidad en un mensaje de prevenci\u00f3n que <strong>puede salvar vidas<\/strong>.<\/p>\n<\/p>\n<aside style=\"margin: 8px auto; display: flex; justify-content: center; min-height: 251px;\">\n<div id=\"div-gpt-ad-MPU_Bottom_1\" style=\"min-width: 300px; min-height: 252px;\">\n<\/div>\n<\/aside>\n","protected":false},"excerpt":{"rendered":"<p>\u201cBultos Inesperados\u201d quiere concienciar sobre el c\u00e1ncer de mama record\u00e1ndonos la importancia del autoexamen transformando los baches de las aceras en mensajes que nos recuerden<\/p>\n","protected":false},"author":1,"featured_media":1309,"comment_status":"closed","ping_status":"","sticky":false,"template":"","format":"standard","meta":{"footnotes":""},"categories":[762],"tags":[1827,150,1831,1829,1826,1830,739,917,246,1828,34,62,918,521,29,37],"class_list":["post-1308","post","type-post","status-publish","format-standard","has-post-thumbnail","hentry","category-salud","tag-aceras","tag-advertencia","tag-atencion","tag-autoexamen","tag-baches","tag-bulto","tag-cada","tag-cancer","tag-contra","tag-convierten","tag-las","tag-los","tag-mama","tag-merece","tag-para","tag-una","generate-columns","tablet-grid-50","mobile-grid-100","grid-parent","grid-50"],"yoast_head":"<!-- This site is optimized with the Yoast SEO plugin v23.4 - https:\/\/yoast.com\/wordpress\/plugins\/seo\/ -->\n<title>Los baches en las aceras se convierten en una advertencia para el autoexamen contra el c\u00e1ncer de mama: &quot;cada bulto merece atenci\u00f3n&quot; - Consejos - Santa Catarina<\/title>\n<meta name=\"robots\" content=\"index, follow, max-snippet:-1, max-image-preview:large, max-video-preview:-1\" \/>\n<link rel=\"canonical\" href=\"https:\/\/stacatarina.mx\/consejos\/los-baches-en-las-aceras-se-convierten-en-una-advertencia-para-el-autoexamen-contra-el-cancer-de-mama-cada-bulto-merece-atencion\/\" \/>\n<meta property=\"og:locale\" content=\"es_MX\" \/>\n<meta property=\"og:type\" content=\"article\" \/>\n<meta property=\"og:title\" content=\"Los baches en las aceras se convierten en una advertencia para el autoexamen contra el c\u00e1ncer de mama: &quot;cada bulto merece atenci\u00f3n&quot; - Consejos - Santa Catarina\" \/>\n<meta property=\"og:description\" content=\"\u201cBultos Inesperados\u201d quiere concienciar sobre el c\u00e1ncer de mama record\u00e1ndonos la importancia del autoexamen transformando los baches de las aceras en mensajes que nos recuerden\" \/>\n<meta property=\"og:url\" content=\"https:\/\/stacatarina.mx\/consejos\/los-baches-en-las-aceras-se-convierten-en-una-advertencia-para-el-autoexamen-contra-el-cancer-de-mama-cada-bulto-merece-atencion\/\" \/>\n<meta property=\"og:site_name\" content=\"Santa Catarina\" \/>\n<meta property=\"article:publisher\" content=\"https:\/\/www.facebook.com\/stacatarinagob\/\" \/>\n<meta property=\"article:published_time\" content=\"2024-11-04T13:23:16+00:00\" \/>\n<meta property=\"og:image\" content=\"https:\/\/stacatarina.mx\/consejos\/wp-content\/uploads\/2024\/11\/Los-baches-en-las-aceras-se-convierten-en-una-advertencia.jpg\" \/>\n\t<meta property=\"og:image:width\" content=\"1500\" \/>\n\t<meta property=\"og:image:height\" content=\"1000\" \/>\n\t<meta property=\"og:image:type\" content=\"image\/jpeg\" \/>\n<meta name=\"author\" content=\"Pedro Mart\u00ednez\" \/>\n<meta name=\"twitter:card\" content=\"summary_large_image\" \/>\n<meta name=\"twitter:creator\" content=\"@stacatarinagob\" \/>\n<meta name=\"twitter:site\" content=\"@stacatarinagob\" \/>\n<meta name=\"twitter:label1\" content=\"Escrito por\" \/>\n\t<meta name=\"twitter:data1\" content=\"Pedro Mart\u00ednez\" \/>\n\t<meta name=\"twitter:label2\" content=\"Tiempo de lectura\" \/>\n\t<meta name=\"twitter:data2\" content=\"2 minutos\" \/>\n<script type=\"application\/ld+json\" class=\"yoast-schema-graph\">{\"@context\":\"https:\/\/schema.org\",\"@graph\":[{\"@type\":\"Article\",\"@id\":\"https:\/\/stacatarina.mx\/consejos\/los-baches-en-las-aceras-se-convierten-en-una-advertencia-para-el-autoexamen-contra-el-cancer-de-mama-cada-bulto-merece-atencion\/#article\",\"isPartOf\":{\"@id\":\"https:\/\/stacatarina.mx\/consejos\/los-baches-en-las-aceras-se-convierten-en-una-advertencia-para-el-autoexamen-contra-el-cancer-de-mama-cada-bulto-merece-atencion\/\"},\"author\":{\"name\":\"Pedro Mart\u00ednez\",\"@id\":\"https:\/\/stacatarina.mx\/consejos\/#\/schema\/person\/0be60adffa8e4c4d0828fdf021450e8a\"},\"headline\":\"Los baches en las aceras se convierten en una advertencia para el autoexamen contra el c\u00e1ncer de mama: &#8220;cada bulto merece atenci\u00f3n&#8221;\",\"datePublished\":\"2024-11-04T13:23:16+00:00\",\"dateModified\":\"2024-11-04T13:23:16+00:00\",\"mainEntityOfPage\":{\"@id\":\"https:\/\/stacatarina.mx\/consejos\/los-baches-en-las-aceras-se-convierten-en-una-advertencia-para-el-autoexamen-contra-el-cancer-de-mama-cada-bulto-merece-atencion\/\"},\"wordCount\":520,\"publisher\":{\"@id\":\"https:\/\/stacatarina.mx\/consejos\/#organization\"},\"image\":{\"@id\":\"https:\/\/stacatarina.mx\/consejos\/los-baches-en-las-aceras-se-convierten-en-una-advertencia-para-el-autoexamen-contra-el-cancer-de-mama-cada-bulto-merece-atencion\/#primaryimage\"},\"thumbnailUrl\":\"https:\/\/stacatarina.mx\/consejos\/wp-content\/uploads\/2024\/11\/Los-baches-en-las-aceras-se-convierten-en-una-advertencia.jpg\",\"keywords\":[\"aceras\",\"advertencia\",\"atenci\u00f3n\",\"autoexamen\",\"baches\",\"bulto\",\"cada\",\"C\u00e1ncer\",\"contra\",\"convierten\",\"Las\",\"los\",\"mama\",\"merece\",\"para\",\"una\"],\"articleSection\":[\"Salud\"],\"inLanguage\":\"es\"},{\"@type\":\"WebPage\",\"@id\":\"https:\/\/stacatarina.mx\/consejos\/los-baches-en-las-aceras-se-convierten-en-una-advertencia-para-el-autoexamen-contra-el-cancer-de-mama-cada-bulto-merece-atencion\/\",\"url\":\"https:\/\/stacatarina.mx\/consejos\/los-baches-en-las-aceras-se-convierten-en-una-advertencia-para-el-autoexamen-contra-el-cancer-de-mama-cada-bulto-merece-atencion\/\",\"name\":\"Los baches en las aceras se convierten en una advertencia para el autoexamen contra el c\u00e1ncer de mama: \\\"cada bulto merece atenci\u00f3n\\\" - Consejos - Santa Catarina\",\"isPartOf\":{\"@id\":\"https:\/\/stacatarina.mx\/consejos\/#website\"},\"primaryImageOfPage\":{\"@id\":\"https:\/\/stacatarina.mx\/consejos\/los-baches-en-las-aceras-se-convierten-en-una-advertencia-para-el-autoexamen-contra-el-cancer-de-mama-cada-bulto-merece-atencion\/#primaryimage\"},\"image\":{\"@id\":\"https:\/\/stacatarina.mx\/consejos\/los-baches-en-las-aceras-se-convierten-en-una-advertencia-para-el-autoexamen-contra-el-cancer-de-mama-cada-bulto-merece-atencion\/#primaryimage\"},\"thumbnailUrl\":\"https:\/\/stacatarina.mx\/consejos\/wp-content\/uploads\/2024\/11\/Los-baches-en-las-aceras-se-convierten-en-una-advertencia.jpg\",\"datePublished\":\"2024-11-04T13:23:16+00:00\",\"dateModified\":\"2024-11-04T13:23:16+00:00\",\"breadcrumb\":{\"@id\":\"https:\/\/stacatarina.mx\/consejos\/los-baches-en-las-aceras-se-convierten-en-una-advertencia-para-el-autoexamen-contra-el-cancer-de-mama-cada-bulto-merece-atencion\/#breadcrumb\"},\"inLanguage\":\"es\",\"potentialAction\":[{\"@type\":\"ReadAction\",\"target\":[\"https:\/\/stacatarina.mx\/consejos\/los-baches-en-las-aceras-se-convierten-en-una-advertencia-para-el-autoexamen-contra-el-cancer-de-mama-cada-bulto-merece-atencion\/\"]}]},{\"@type\":\"ImageObject\",\"inLanguage\":\"es\",\"@id\":\"https:\/\/stacatarina.mx\/consejos\/los-baches-en-las-aceras-se-convierten-en-una-advertencia-para-el-autoexamen-contra-el-cancer-de-mama-cada-bulto-merece-atencion\/#primaryimage\",\"url\":\"https:\/\/stacatarina.mx\/consejos\/wp-content\/uploads\/2024\/11\/Los-baches-en-las-aceras-se-convierten-en-una-advertencia.jpg\",\"contentUrl\":\"https:\/\/stacatarina.mx\/consejos\/wp-content\/uploads\/2024\/11\/Los-baches-en-las-aceras-se-convierten-en-una-advertencia.jpg\",\"width\":1500,\"height\":1000,\"caption\":\"Cancro seno\"},{\"@type\":\"BreadcrumbList\",\"@id\":\"https:\/\/stacatarina.mx\/consejos\/los-baches-en-las-aceras-se-convierten-en-una-advertencia-para-el-autoexamen-contra-el-cancer-de-mama-cada-bulto-merece-atencion\/#breadcrumb\",\"itemListElement\":[{\"@type\":\"ListItem\",\"position\":1,\"name\":\"Inicio\",\"item\":\"https:\/\/stacatarina.mx\/consejos\/\"},{\"@type\":\"ListItem\",\"position\":2,\"name\":\"Los baches en las aceras se convierten en una advertencia para el autoexamen contra el c\u00e1ncer de mama: &#8220;cada bulto merece atenci\u00f3n&#8221;\"}]},{\"@type\":\"WebSite\",\"@id\":\"https:\/\/stacatarina.mx\/consejos\/#website\",\"url\":\"https:\/\/stacatarina.mx\/consejos\/\",\"name\":\"Santa Catarina\",\"description\":\"\",\"publisher\":{\"@id\":\"https:\/\/stacatarina.mx\/consejos\/#organization\"},\"potentialAction\":[{\"@type\":\"SearchAction\",\"target\":{\"@type\":\"EntryPoint\",\"urlTemplate\":\"https:\/\/stacatarina.mx\/consejos\/?s={search_term_string}\"},\"query-input\":{\"@type\":\"PropertyValueSpecification\",\"valueRequired\":true,\"valueName\":\"search_term_string\"}}],\"inLanguage\":\"es\"},{\"@type\":\"Organization\",\"@id\":\"https:\/\/stacatarina.mx\/consejos\/#organization\",\"name\":\"Santa Catarina\",\"url\":\"https:\/\/stacatarina.mx\/consejos\/\",\"logo\":{\"@type\":\"ImageObject\",\"inLanguage\":\"es\",\"@id\":\"https:\/\/stacatarina.mx\/consejos\/#\/schema\/logo\/image\/\",\"url\":\"https:\/\/stacatarina.mx\/consejos\/wp-content\/uploads\/2024\/09\/cropped-favicon-1-1.png\",\"contentUrl\":\"https:\/\/stacatarina.mx\/consejos\/wp-content\/uploads\/2024\/09\/cropped-favicon-1-1.png\",\"width\":512,\"height\":512,\"caption\":\"Santa Catarina\"},\"image\":{\"@id\":\"https:\/\/stacatarina.mx\/consejos\/#\/schema\/logo\/image\/\"},\"sameAs\":[\"https:\/\/www.facebook.com\/stacatarinagob\/\",\"https:\/\/x.com\/stacatarinagob\",\"https:\/\/www.instagram.com\/stacatarinagob\/\",\"https:\/\/www.youtube.com\/channel\/UCK-6cQJL_904665N1_nLTWw\"]},{\"@type\":\"Person\",\"@id\":\"https:\/\/stacatarina.mx\/consejos\/#\/schema\/person\/0be60adffa8e4c4d0828fdf021450e8a\",\"name\":\"Pedro Mart\u00ednez\",\"image\":{\"@type\":\"ImageObject\",\"inLanguage\":\"es\",\"@id\":\"https:\/\/stacatarina.mx\/consejos\/#\/schema\/person\/image\/\",\"url\":\"https:\/\/stacatarina.mx\/consejos\/wp-content\/uploads\/2024\/09\/stacatarina.jpg\",\"contentUrl\":\"https:\/\/stacatarina.mx\/consejos\/wp-content\/uploads\/2024\/09\/stacatarina.jpg\",\"caption\":\"Pedro Mart\u00ednez\"},\"description\":\"Hola, soy Pedro Mart\u00ednez, redactor jefe del sitio oficial del ayuntamiento de Santa Catarina, en M\u00e9xico. Con m\u00e1s de diez a\u00f1os de experiencia en el periodismo local, tengo una pasi\u00f3n por la investigaci\u00f3n y la difusi\u00f3n de informaci\u00f3n que valoriza nuestra hermosa comunidad. Mi compromiso es hacer de Santa Catarina una referencia en materia de transparencia y comunicaci\u00f3n municipal.\",\"sameAs\":[\"https:\/\/stacatarina.mx\/\"]}]}<\/script>\n<!-- \/ Yoast SEO plugin. -->","yoast_head_json":{"title":"Los baches en las aceras se convierten en una advertencia para el autoexamen contra el c\u00e1ncer de mama: \"cada bulto merece atenci\u00f3n\" - Consejos - Santa Catarina","robots":{"index":"index","follow":"follow","max-snippet":"max-snippet:-1","max-image-preview":"max-image-preview:large","max-video-preview":"max-video-preview:-1"},"canonical":"https:\/\/stacatarina.mx\/consejos\/los-baches-en-las-aceras-se-convierten-en-una-advertencia-para-el-autoexamen-contra-el-cancer-de-mama-cada-bulto-merece-atencion\/","og_locale":"es_MX","og_type":"article","og_title":"Los baches en las aceras se convierten en una advertencia para el autoexamen contra el c\u00e1ncer de mama: \"cada bulto merece atenci\u00f3n\" - Consejos - Santa Catarina","og_description":"\u201cBultos Inesperados\u201d quiere concienciar sobre el c\u00e1ncer de mama record\u00e1ndonos la importancia del autoexamen transformando los baches de las aceras en mensajes que nos recuerden","og_url":"https:\/\/stacatarina.mx\/consejos\/los-baches-en-las-aceras-se-convierten-en-una-advertencia-para-el-autoexamen-contra-el-cancer-de-mama-cada-bulto-merece-atencion\/","og_site_name":"Santa Catarina","article_publisher":"https:\/\/www.facebook.com\/stacatarinagob\/","article_published_time":"2024-11-04T13:23:16+00:00","og_image":[{"width":1500,"height":1000,"url":"https:\/\/stacatarina.mx\/consejos\/wp-content\/uploads\/2024\/11\/Los-baches-en-las-aceras-se-convierten-en-una-advertencia.jpg","type":"image\/jpeg"}],"author":"Pedro Mart\u00ednez","twitter_card":"summary_large_image","twitter_creator":"@stacatarinagob","twitter_site":"@stacatarinagob","twitter_misc":{"Escrito por":"Pedro Mart\u00ednez","Tiempo de lectura":"2 minutos"},"schema":{"@context":"https:\/\/schema.org","@graph":[{"@type":"Article","@id":"https:\/\/stacatarina.mx\/consejos\/los-baches-en-las-aceras-se-convierten-en-una-advertencia-para-el-autoexamen-contra-el-cancer-de-mama-cada-bulto-merece-atencion\/#article","isPartOf":{"@id":"https:\/\/stacatarina.mx\/consejos\/los-baches-en-las-aceras-se-convierten-en-una-advertencia-para-el-autoexamen-contra-el-cancer-de-mama-cada-bulto-merece-atencion\/"},"author":{"name":"Pedro Mart\u00ednez","@id":"https:\/\/stacatarina.mx\/consejos\/#\/schema\/person\/0be60adffa8e4c4d0828fdf021450e8a"},"headline":"Los baches en las aceras se convierten en una advertencia para el autoexamen contra el c\u00e1ncer de mama: &#8220;cada bulto merece atenci\u00f3n&#8221;","datePublished":"2024-11-04T13:23:16+00:00","dateModified":"2024-11-04T13:23:16+00:00","mainEntityOfPage":{"@id":"https:\/\/stacatarina.mx\/consejos\/los-baches-en-las-aceras-se-convierten-en-una-advertencia-para-el-autoexamen-contra-el-cancer-de-mama-cada-bulto-merece-atencion\/"},"wordCount":520,"publisher":{"@id":"https:\/\/stacatarina.mx\/consejos\/#organization"},"image":{"@id":"https:\/\/stacatarina.mx\/consejos\/los-baches-en-las-aceras-se-convierten-en-una-advertencia-para-el-autoexamen-contra-el-cancer-de-mama-cada-bulto-merece-atencion\/#primaryimage"},"thumbnailUrl":"https:\/\/stacatarina.mx\/consejos\/wp-content\/uploads\/2024\/11\/Los-baches-en-las-aceras-se-convierten-en-una-advertencia.jpg","keywords":["aceras","advertencia","atenci\u00f3n","autoexamen","baches","bulto","cada","C\u00e1ncer","contra","convierten","Las","los","mama","merece","para","una"],"articleSection":["Salud"],"inLanguage":"es"},{"@type":"WebPage","@id":"https:\/\/stacatarina.mx\/consejos\/los-baches-en-las-aceras-se-convierten-en-una-advertencia-para-el-autoexamen-contra-el-cancer-de-mama-cada-bulto-merece-atencion\/","url":"https:\/\/stacatarina.mx\/consejos\/los-baches-en-las-aceras-se-convierten-en-una-advertencia-para-el-autoexamen-contra-el-cancer-de-mama-cada-bulto-merece-atencion\/","name":"Los baches en las aceras se convierten en una advertencia para el autoexamen contra el c\u00e1ncer de mama: \"cada bulto merece atenci\u00f3n\" - Consejos - Santa Catarina","isPartOf":{"@id":"https:\/\/stacatarina.mx\/consejos\/#website"},"primaryImageOfPage":{"@id":"https:\/\/stacatarina.mx\/consejos\/los-baches-en-las-aceras-se-convierten-en-una-advertencia-para-el-autoexamen-contra-el-cancer-de-mama-cada-bulto-merece-atencion\/#primaryimage"},"image":{"@id":"https:\/\/stacatarina.mx\/consejos\/los-baches-en-las-aceras-se-convierten-en-una-advertencia-para-el-autoexamen-contra-el-cancer-de-mama-cada-bulto-merece-atencion\/#primaryimage"},"thumbnailUrl":"https:\/\/stacatarina.mx\/consejos\/wp-content\/uploads\/2024\/11\/Los-baches-en-las-aceras-se-convierten-en-una-advertencia.jpg","datePublished":"2024-11-04T13:23:16+00:00","dateModified":"2024-11-04T13:23:16+00:00","breadcrumb":{"@id":"https:\/\/stacatarina.mx\/consejos\/los-baches-en-las-aceras-se-convierten-en-una-advertencia-para-el-autoexamen-contra-el-cancer-de-mama-cada-bulto-merece-atencion\/#breadcrumb"},"inLanguage":"es","potentialAction":[{"@type":"ReadAction","target":["https:\/\/stacatarina.mx\/consejos\/los-baches-en-las-aceras-se-convierten-en-una-advertencia-para-el-autoexamen-contra-el-cancer-de-mama-cada-bulto-merece-atencion\/"]}]},{"@type":"ImageObject","inLanguage":"es","@id":"https:\/\/stacatarina.mx\/consejos\/los-baches-en-las-aceras-se-convierten-en-una-advertencia-para-el-autoexamen-contra-el-cancer-de-mama-cada-bulto-merece-atencion\/#primaryimage","url":"https:\/\/stacatarina.mx\/consejos\/wp-content\/uploads\/2024\/11\/Los-baches-en-las-aceras-se-convierten-en-una-advertencia.jpg","contentUrl":"https:\/\/stacatarina.mx\/consejos\/wp-content\/uploads\/2024\/11\/Los-baches-en-las-aceras-se-convierten-en-una-advertencia.jpg","width":1500,"height":1000,"caption":"Cancro seno"},{"@type":"BreadcrumbList","@id":"https:\/\/stacatarina.mx\/consejos\/los-baches-en-las-aceras-se-convierten-en-una-advertencia-para-el-autoexamen-contra-el-cancer-de-mama-cada-bulto-merece-atencion\/#breadcrumb","itemListElement":[{"@type":"ListItem","position":1,"name":"Inicio","item":"https:\/\/stacatarina.mx\/consejos\/"},{"@type":"ListItem","position":2,"name":"Los baches en las aceras se convierten en una advertencia para el autoexamen contra el c\u00e1ncer de mama: &#8220;cada bulto merece atenci\u00f3n&#8221;"}]},{"@type":"WebSite","@id":"https:\/\/stacatarina.mx\/consejos\/#website","url":"https:\/\/stacatarina.mx\/consejos\/","name":"Santa Catarina","description":"","publisher":{"@id":"https:\/\/stacatarina.mx\/consejos\/#organization"},"potentialAction":[{"@type":"SearchAction","target":{"@type":"EntryPoint","urlTemplate":"https:\/\/stacatarina.mx\/consejos\/?s={search_term_string}"},"query-input":{"@type":"PropertyValueSpecification","valueRequired":true,"valueName":"search_term_string"}}],"inLanguage":"es"},{"@type":"Organization","@id":"https:\/\/stacatarina.mx\/consejos\/#organization","name":"Santa Catarina","url":"https:\/\/stacatarina.mx\/consejos\/","logo":{"@type":"ImageObject","inLanguage":"es","@id":"https:\/\/stacatarina.mx\/consejos\/#\/schema\/logo\/image\/","url":"https:\/\/stacatarina.mx\/consejos\/wp-content\/uploads\/2024\/09\/cropped-favicon-1-1.png","contentUrl":"https:\/\/stacatarina.mx\/consejos\/wp-content\/uploads\/2024\/09\/cropped-favicon-1-1.png","width":512,"height":512,"caption":"Santa Catarina"},"image":{"@id":"https:\/\/stacatarina.mx\/consejos\/#\/schema\/logo\/image\/"},"sameAs":["https:\/\/www.facebook.com\/stacatarinagob\/","https:\/\/x.com\/stacatarinagob","https:\/\/www.instagram.com\/stacatarinagob\/","https:\/\/www.youtube.com\/channel\/UCK-6cQJL_904665N1_nLTWw"]},{"@type":"Person","@id":"https:\/\/stacatarina.mx\/consejos\/#\/schema\/person\/0be60adffa8e4c4d0828fdf021450e8a","name":"Pedro Mart\u00ednez","image":{"@type":"ImageObject","inLanguage":"es","@id":"https:\/\/stacatarina.mx\/consejos\/#\/schema\/person\/image\/","url":"https:\/\/stacatarina.mx\/consejos\/wp-content\/uploads\/2024\/09\/stacatarina.jpg","contentUrl":"https:\/\/stacatarina.mx\/consejos\/wp-content\/uploads\/2024\/09\/stacatarina.jpg","caption":"Pedro Mart\u00ednez"},"description":"Hola, soy Pedro Mart\u00ednez, redactor jefe del sitio oficial del ayuntamiento de Santa Catarina, en M\u00e9xico. Con m\u00e1s de diez a\u00f1os de experiencia en el periodismo local, tengo una pasi\u00f3n por la investigaci\u00f3n y la difusi\u00f3n de informaci\u00f3n que valoriza nuestra hermosa comunidad. Mi compromiso es hacer de Santa Catarina una referencia en materia de transparencia y comunicaci\u00f3n municipal.","sameAs":["https:\/\/stacatarina.mx\/"]}]}},"_links":{"self":[{"href":"https:\/\/stacatarina.mx\/consejos\/wp-json\/wp\/v2\/posts\/1308"}],"collection":[{"href":"https:\/\/stacatarina.mx\/consejos\/wp-json\/wp\/v2\/posts"}],"about":[{"href":"https:\/\/stacatarina.mx\/consejos\/wp-json\/wp\/v2\/types\/post"}],"author":[{"embeddable":true,"href":"https:\/\/stacatarina.mx\/consejos\/wp-json\/wp\/v2\/users\/1"}],"replies":[{"embeddable":true,"href":"https:\/\/stacatarina.mx\/consejos\/wp-json\/wp\/v2\/comments?post=1308"}],"version-history":[{"count":1,"href":"https:\/\/stacatarina.mx\/consejos\/wp-json\/wp\/v2\/posts\/1308\/revisions"}],"predecessor-version":[{"id":1310,"href":"https:\/\/stacatarina.mx\/consejos\/wp-json\/wp\/v2\/posts\/1308\/revisions\/1310"}],"wp:featuredmedia":[{"embeddable":true,"href":"https:\/\/stacatarina.mx\/consejos\/wp-json\/wp\/v2\/media\/1309"}],"wp:attachment":[{"href":"https:\/\/stacatarina.mx\/consejos\/wp-json\/wp\/v2\/media?parent=1308"}],"wp:term":[{"taxonomy":"category","embeddable":true,"href":"https:\/\/stacatarina.mx\/consejos\/wp-json\/wp\/v2\/categories?post=1308"},{"taxonomy":"post_tag","embeddable":true,"href":"https:\/\/stacatarina.mx\/consejos\/wp-json\/wp\/v2\/tags?post=1308"}],"curies":[{"name":"wp","href":"https:\/\/api.w.org\/{rel}","templated":true}]}}