{"id":1313,"date":"2024-11-04T10:30:08","date_gmt":"2024-11-04T16:30:08","guid":{"rendered":"https:\/\/stacatarina.mx\/consejos\/aumento-alarmante-de-los-delitos-contra-los-tejones-una-tendencia-inquietante-en-el-continuo-ataque-a-la-naturaleza\/"},"modified":"2024-11-04T10:30:09","modified_gmt":"2024-11-04T16:30:09","slug":"aumento-alarmante-de-los-delitos-contra-los-tejones-una-tendencia-inquietante-en-el-continuo-ataque-a-la-naturaleza","status":"publish","type":"post","link":"https:\/\/stacatarina.mx\/consejos\/aumento-alarmante-de-los-delitos-contra-los-tejones-una-tendencia-inquietante-en-el-continuo-ataque-a-la-naturaleza\/","title":{"rendered":"Aumento alarmante de los delitos contra los tejones: una tendencia inquietante en el continuo ataque a la naturaleza"},"content":{"rendered":"<div class=\"entry-content\">\n<p><strong>El informe anual revela que aumentan los delitos contra los tejones, se disuelven las unidades de delitos contra la vida silvestre y las sentencias siguen siendo bajas.<\/strong><\/p>\n<p>Los delitos denunciados contra los tejones aumentaron otro 6 % en 2023. Publicado hoy como parte del informe anual de Wildlife and Countryside Link, los delitos contra la vida silvestre est\u00e1n en aumento, no se les da prioridad y no se denuncian en gran medida.  <\/p>\n<p>Al mismo tiempo, las unidades policiales contra la vida silvestre est\u00e1n bajo intensa presi\u00f3n, con unidades desmanteladas o reducci\u00f3n de personal. El informe tambi\u00e9n revela que los delitos contra animales salvajes rara vez se procesan y las sentencias siguen siendo muy bajas. <\/p>\n<h2 class=\"wp-block-heading\">Los delitos contra la vida silvestre van en aumento<\/h2>\n<p>Craig Fellowes CBE, oficial de capacitaci\u00f3n y delitos contra la vida silvestre de Badger Trust, dijo:<\/p>\n<p>\u201cEl crimen contra los tejones sigue siendo rampante, ya sea que bandas criminales los hostiguen, bloqueen los asentamientos mediante cacer\u00edas o que los desarrolladores ignoren la Ley de Protecci\u00f3n de Tejones. Estos delitos no siempre se registran y las sentencias por esos delitos son muy bajas. Esta disparidad debe cambiar y armonizarse con los delitos contra los animales dom\u00e9sticos.  <\/p>\n<p>La polic\u00eda trabaja muy duro en muchas \u00e1reas, pero las unidades de delitos contra la vida silvestre carecen de recursos suficientes y pueden estar infravaloradas. Necesitan nuestro apoyo para atrapar y procesar a estos criminales, as\u00ed que por favor reporten todos los delitos contra la vida silvestre que vean\u201d.<\/p>\n<h2 class=\"wp-block-heading\">Asalto a la naturaleza<\/h2>\n<p>Peter Hambly, director ejecutivo de Badger Trust, a\u00f1adi\u00f3:<\/p>\n<p>\u201cLos delitos contra la vida silvestre son una parte clave del ataque a la naturaleza que contin\u00faa sin cesar. Debemos detener a estos criminales mientras contin\u00faan eliminando la vida silvestre de nuestro campo. A los tejones y otros animales se les debe dar su verdadero valor para nuestro pa\u00eds y para los ecosistemas que los sustentan, por lo que necesitan una protecci\u00f3n adecuada de las personas que buscan lastimarlos y matarlos. <\/p>\n<p>Los cr\u00edmenes contra la naturaleza deben tratarse como lo que son: cr\u00edmenes contra todos nosotros. Por esta raz\u00f3n, debemos equiparar los delitos contra los animales salvajes con los cometidos contra los animales dom\u00e9sticos e introducir penas m\u00e1s duras como medida disuasoria, un paso crucial en la lucha contra los delitos contra la vida silvestre.<\/p>\n<p>A\u00f1adi\u00f3,<\/p>\n<p>\u201cEl secretario de Estado de Defra, Steve Reed, estuvo en Colombia representando al Reino Unido en una Conferencia sobre la Naturaleza de la ONU. Ahora necesita centrarse en proteger adecuadamente la naturaleza en su propio patio trasero.   <\/p>\n<p>Reed dijo recientemente: &#8220;Ahora los padres temen que sus hijos y nietos nunca experimenten la belleza del mundo natural como lo han hecho las generaciones anteriores&#8221;. Estamos de acuerdo y \u00e9l puede empezar por implementar protecciones adecuadas para los animales salvajes y hacerlas cumplir en este pa\u00eds.  El ataque a la naturaleza tiene que terminar ahora\u201d.<\/p>\n<p>Para obtener m\u00e1s informaci\u00f3n, p\u00f3ngase en contacto con Peter Hambly.<\/p>\n<\/p><\/div>\n","protected":false},"excerpt":{"rendered":"<p>El informe anual revela que aumentan los delitos contra los tejones, se disuelven las unidades de delitos contra la vida silvestre y las sentencias siguen<\/p>\n","protected":false},"author":1,"featured_media":416,"comment_status":"closed","ping_status":"","sticky":false,"template":"","format":"standard","meta":{"footnotes":""},"categories":[68],"tags":[1725,1839,1331,1838,246,1835,1837,62,245,115,1836,37],"class_list":["post-1313","post","type-post","status-publish","format-standard","has-post-thumbnail","hentry","category-fauna-y-flora","tag-alarmante","tag-ataque","tag-aumento","tag-continuo","tag-contra","tag-delitos","tag-inquietante","tag-los","tag-naturaleza","tag-tejones","tag-tendencia","tag-una","generate-columns","tablet-grid-50","mobile-grid-100","grid-parent","grid-50"],"yoast_head":"<!-- This site is optimized with the Yoast SEO plugin v23.4 - https:\/\/yoast.com\/wordpress\/plugins\/seo\/ -->\n<title>Aumento alarmante de los delitos contra los tejones: una tendencia inquietante en el continuo ataque a la naturaleza - Consejos - Santa Catarina<\/title>\n<meta name=\"robots\" content=\"index, follow, max-snippet:-1, max-image-preview:large, max-video-preview:-1\" \/>\n<link rel=\"canonical\" href=\"https:\/\/stacatarina.mx\/consejos\/aumento-alarmante-de-los-delitos-contra-los-tejones-una-tendencia-inquietante-en-el-continuo-ataque-a-la-naturaleza\/\" \/>\n<meta property=\"og:locale\" content=\"es_MX\" \/>\n<meta property=\"og:type\" content=\"article\" \/>\n<meta property=\"og:title\" content=\"Aumento alarmante de los delitos contra los tejones: una tendencia inquietante en el continuo ataque a la naturaleza - Consejos - Santa Catarina\" \/>\n<meta property=\"og:description\" content=\"El informe anual revela que aumentan los delitos contra los tejones, se disuelven las unidades de delitos contra la vida silvestre y las sentencias siguen\" \/>\n<meta property=\"og:url\" content=\"https:\/\/stacatarina.mx\/consejos\/aumento-alarmante-de-los-delitos-contra-los-tejones-una-tendencia-inquietante-en-el-continuo-ataque-a-la-naturaleza\/\" \/>\n<meta property=\"og:site_name\" content=\"Santa Catarina\" \/>\n<meta property=\"article:publisher\" content=\"https:\/\/www.facebook.com\/stacatarinagob\/\" \/>\n<meta property=\"article:published_time\" content=\"2024-11-04T16:30:08+00:00\" \/>\n<meta property=\"article:modified_time\" content=\"2024-11-04T16:30:09+00:00\" \/>\n<meta property=\"og:image\" content=\"https:\/\/stacatarina.mx\/consejos\/wp-content\/uploads\/2024\/09\/INFORMACION-SOBRE-LA-MANIFESTACION-PARA-PONER-FIN-A-LA-MATANZA.jpg\" \/>\n\t<meta property=\"og:image:width\" content=\"900\" \/>\n\t<meta property=\"og:image:height\" content=\"600\" \/>\n\t<meta property=\"og:image:type\" content=\"image\/jpeg\" \/>\n<meta name=\"author\" content=\"Pedro Mart\u00ednez\" \/>\n<meta name=\"twitter:card\" content=\"summary_large_image\" \/>\n<meta name=\"twitter:creator\" content=\"@stacatarinagob\" \/>\n<meta name=\"twitter:site\" content=\"@stacatarinagob\" \/>\n<meta name=\"twitter:label1\" content=\"Escrito por\" \/>\n\t<meta name=\"twitter:data1\" content=\"Pedro Mart\u00ednez\" \/>\n\t<meta name=\"twitter:label2\" content=\"Tiempo de lectura\" \/>\n\t<meta name=\"twitter:data2\" content=\"3 minutos\" \/>\n<script type=\"application\/ld+json\" class=\"yoast-schema-graph\">{\"@context\":\"https:\/\/schema.org\",\"@graph\":[{\"@type\":\"Article\",\"@id\":\"https:\/\/stacatarina.mx\/consejos\/aumento-alarmante-de-los-delitos-contra-los-tejones-una-tendencia-inquietante-en-el-continuo-ataque-a-la-naturaleza\/#article\",\"isPartOf\":{\"@id\":\"https:\/\/stacatarina.mx\/consejos\/aumento-alarmante-de-los-delitos-contra-los-tejones-una-tendencia-inquietante-en-el-continuo-ataque-a-la-naturaleza\/\"},\"author\":{\"name\":\"Pedro Mart\u00ednez\",\"@id\":\"https:\/\/stacatarina.mx\/consejos\/#\/schema\/person\/0be60adffa8e4c4d0828fdf021450e8a\"},\"headline\":\"Aumento alarmante de los delitos contra los tejones: una tendencia inquietante en el continuo ataque a la naturaleza\",\"datePublished\":\"2024-11-04T16:30:08+00:00\",\"dateModified\":\"2024-11-04T16:30:09+00:00\",\"mainEntityOfPage\":{\"@id\":\"https:\/\/stacatarina.mx\/consejos\/aumento-alarmante-de-los-delitos-contra-los-tejones-una-tendencia-inquietante-en-el-continuo-ataque-a-la-naturaleza\/\"},\"wordCount\":528,\"publisher\":{\"@id\":\"https:\/\/stacatarina.mx\/consejos\/#organization\"},\"image\":{\"@id\":\"https:\/\/stacatarina.mx\/consejos\/aumento-alarmante-de-los-delitos-contra-los-tejones-una-tendencia-inquietante-en-el-continuo-ataque-a-la-naturaleza\/#primaryimage\"},\"thumbnailUrl\":\"https:\/\/stacatarina.mx\/consejos\/wp-content\/uploads\/2024\/09\/INFORMACION-SOBRE-LA-MANIFESTACION-PARA-PONER-FIN-A-LA-MATANZA.jpg\",\"keywords\":[\"alarmante\",\"ataque\",\"aumento\",\"continuo\",\"contra\",\"delitos\",\"inquietante\",\"los\",\"naturaleza\",\"tejones\",\"tendencia\",\"una\"],\"articleSection\":[\"Fauna y Flora\"],\"inLanguage\":\"es\"},{\"@type\":\"WebPage\",\"@id\":\"https:\/\/stacatarina.mx\/consejos\/aumento-alarmante-de-los-delitos-contra-los-tejones-una-tendencia-inquietante-en-el-continuo-ataque-a-la-naturaleza\/\",\"url\":\"https:\/\/stacatarina.mx\/consejos\/aumento-alarmante-de-los-delitos-contra-los-tejones-una-tendencia-inquietante-en-el-continuo-ataque-a-la-naturaleza\/\",\"name\":\"Aumento alarmante de los delitos contra los tejones: una tendencia inquietante en el continuo ataque a la naturaleza - Consejos - Santa Catarina\",\"isPartOf\":{\"@id\":\"https:\/\/stacatarina.mx\/consejos\/#website\"},\"primaryImageOfPage\":{\"@id\":\"https:\/\/stacatarina.mx\/consejos\/aumento-alarmante-de-los-delitos-contra-los-tejones-una-tendencia-inquietante-en-el-continuo-ataque-a-la-naturaleza\/#primaryimage\"},\"image\":{\"@id\":\"https:\/\/stacatarina.mx\/consejos\/aumento-alarmante-de-los-delitos-contra-los-tejones-una-tendencia-inquietante-en-el-continuo-ataque-a-la-naturaleza\/#primaryimage\"},\"thumbnailUrl\":\"https:\/\/stacatarina.mx\/consejos\/wp-content\/uploads\/2024\/09\/INFORMACION-SOBRE-LA-MANIFESTACION-PARA-PONER-FIN-A-LA-MATANZA.jpg\",\"datePublished\":\"2024-11-04T16:30:08+00:00\",\"dateModified\":\"2024-11-04T16:30:09+00:00\",\"breadcrumb\":{\"@id\":\"https:\/\/stacatarina.mx\/consejos\/aumento-alarmante-de-los-delitos-contra-los-tejones-una-tendencia-inquietante-en-el-continuo-ataque-a-la-naturaleza\/#breadcrumb\"},\"inLanguage\":\"es\",\"potentialAction\":[{\"@type\":\"ReadAction\",\"target\":[\"https:\/\/stacatarina.mx\/consejos\/aumento-alarmante-de-los-delitos-contra-los-tejones-una-tendencia-inquietante-en-el-continuo-ataque-a-la-naturaleza\/\"]}]},{\"@type\":\"ImageObject\",\"inLanguage\":\"es\",\"@id\":\"https:\/\/stacatarina.mx\/consejos\/aumento-alarmante-de-los-delitos-contra-los-tejones-una-tendencia-inquietante-en-el-continuo-ataque-a-la-naturaleza\/#primaryimage\",\"url\":\"https:\/\/stacatarina.mx\/consejos\/wp-content\/uploads\/2024\/09\/INFORMACION-SOBRE-LA-MANIFESTACION-PARA-PONER-FIN-A-LA-MATANZA.jpg\",\"contentUrl\":\"https:\/\/stacatarina.mx\/consejos\/wp-content\/uploads\/2024\/09\/INFORMACION-SOBRE-LA-MANIFESTACION-PARA-PONER-FIN-A-LA-MATANZA.jpg\",\"width\":900,\"height\":600,\"caption\":\"National Day of Action Against the Badger Cull called for Tuesday, 3 September 2024\"},{\"@type\":\"BreadcrumbList\",\"@id\":\"https:\/\/stacatarina.mx\/consejos\/aumento-alarmante-de-los-delitos-contra-los-tejones-una-tendencia-inquietante-en-el-continuo-ataque-a-la-naturaleza\/#breadcrumb\",\"itemListElement\":[{\"@type\":\"ListItem\",\"position\":1,\"name\":\"Inicio\",\"item\":\"https:\/\/stacatarina.mx\/consejos\/\"},{\"@type\":\"ListItem\",\"position\":2,\"name\":\"Aumento alarmante de los delitos contra los tejones: una tendencia inquietante en el continuo ataque a la naturaleza\"}]},{\"@type\":\"WebSite\",\"@id\":\"https:\/\/stacatarina.mx\/consejos\/#website\",\"url\":\"https:\/\/stacatarina.mx\/consejos\/\",\"name\":\"Santa Catarina\",\"description\":\"\",\"publisher\":{\"@id\":\"https:\/\/stacatarina.mx\/consejos\/#organization\"},\"potentialAction\":[{\"@type\":\"SearchAction\",\"target\":{\"@type\":\"EntryPoint\",\"urlTemplate\":\"https:\/\/stacatarina.mx\/consejos\/?s={search_term_string}\"},\"query-input\":{\"@type\":\"PropertyValueSpecification\",\"valueRequired\":true,\"valueName\":\"search_term_string\"}}],\"inLanguage\":\"es\"},{\"@type\":\"Organization\",\"@id\":\"https:\/\/stacatarina.mx\/consejos\/#organization\",\"name\":\"Santa Catarina\",\"url\":\"https:\/\/stacatarina.mx\/consejos\/\",\"logo\":{\"@type\":\"ImageObject\",\"inLanguage\":\"es\",\"@id\":\"https:\/\/stacatarina.mx\/consejos\/#\/schema\/logo\/image\/\",\"url\":\"https:\/\/stacatarina.mx\/consejos\/wp-content\/uploads\/2024\/09\/cropped-favicon-1-1.png\",\"contentUrl\":\"https:\/\/stacatarina.mx\/consejos\/wp-content\/uploads\/2024\/09\/cropped-favicon-1-1.png\",\"width\":512,\"height\":512,\"caption\":\"Santa Catarina\"},\"image\":{\"@id\":\"https:\/\/stacatarina.mx\/consejos\/#\/schema\/logo\/image\/\"},\"sameAs\":[\"https:\/\/www.facebook.com\/stacatarinagob\/\",\"https:\/\/x.com\/stacatarinagob\",\"https:\/\/www.instagram.com\/stacatarinagob\/\",\"https:\/\/www.youtube.com\/channel\/UCK-6cQJL_904665N1_nLTWw\"]},{\"@type\":\"Person\",\"@id\":\"https:\/\/stacatarina.mx\/consejos\/#\/schema\/person\/0be60adffa8e4c4d0828fdf021450e8a\",\"name\":\"Pedro Mart\u00ednez\",\"image\":{\"@type\":\"ImageObject\",\"inLanguage\":\"es\",\"@id\":\"https:\/\/stacatarina.mx\/consejos\/#\/schema\/person\/image\/\",\"url\":\"https:\/\/stacatarina.mx\/consejos\/wp-content\/uploads\/2024\/09\/stacatarina.jpg\",\"contentUrl\":\"https:\/\/stacatarina.mx\/consejos\/wp-content\/uploads\/2024\/09\/stacatarina.jpg\",\"caption\":\"Pedro Mart\u00ednez\"},\"description\":\"Hola, soy Pedro Mart\u00ednez, redactor jefe del sitio oficial del ayuntamiento de Santa Catarina, en M\u00e9xico. Con m\u00e1s de diez a\u00f1os de experiencia en el periodismo local, tengo una pasi\u00f3n por la investigaci\u00f3n y la difusi\u00f3n de informaci\u00f3n que valoriza nuestra hermosa comunidad. Mi compromiso es hacer de Santa Catarina una referencia en materia de transparencia y comunicaci\u00f3n municipal.\",\"sameAs\":[\"https:\/\/stacatarina.mx\/\"]}]}<\/script>\n<!-- \/ Yoast SEO plugin. -->","yoast_head_json":{"title":"Aumento alarmante de los delitos contra los tejones: una tendencia inquietante en el continuo ataque a la naturaleza - Consejos - Santa Catarina","robots":{"index":"index","follow":"follow","max-snippet":"max-snippet:-1","max-image-preview":"max-image-preview:large","max-video-preview":"max-video-preview:-1"},"canonical":"https:\/\/stacatarina.mx\/consejos\/aumento-alarmante-de-los-delitos-contra-los-tejones-una-tendencia-inquietante-en-el-continuo-ataque-a-la-naturaleza\/","og_locale":"es_MX","og_type":"article","og_title":"Aumento alarmante de los delitos contra los tejones: una tendencia inquietante en el continuo ataque a la naturaleza - Consejos - Santa Catarina","og_description":"El informe anual revela que aumentan los delitos contra los tejones, se disuelven las unidades de delitos contra la vida silvestre y las sentencias siguen","og_url":"https:\/\/stacatarina.mx\/consejos\/aumento-alarmante-de-los-delitos-contra-los-tejones-una-tendencia-inquietante-en-el-continuo-ataque-a-la-naturaleza\/","og_site_name":"Santa Catarina","article_publisher":"https:\/\/www.facebook.com\/stacatarinagob\/","article_published_time":"2024-11-04T16:30:08+00:00","article_modified_time":"2024-11-04T16:30:09+00:00","og_image":[{"width":900,"height":600,"url":"https:\/\/stacatarina.mx\/consejos\/wp-content\/uploads\/2024\/09\/INFORMACION-SOBRE-LA-MANIFESTACION-PARA-PONER-FIN-A-LA-MATANZA.jpg","type":"image\/jpeg"}],"author":"Pedro Mart\u00ednez","twitter_card":"summary_large_image","twitter_creator":"@stacatarinagob","twitter_site":"@stacatarinagob","twitter_misc":{"Escrito por":"Pedro Mart\u00ednez","Tiempo de lectura":"3 minutos"},"schema":{"@context":"https:\/\/schema.org","@graph":[{"@type":"Article","@id":"https:\/\/stacatarina.mx\/consejos\/aumento-alarmante-de-los-delitos-contra-los-tejones-una-tendencia-inquietante-en-el-continuo-ataque-a-la-naturaleza\/#article","isPartOf":{"@id":"https:\/\/stacatarina.mx\/consejos\/aumento-alarmante-de-los-delitos-contra-los-tejones-una-tendencia-inquietante-en-el-continuo-ataque-a-la-naturaleza\/"},"author":{"name":"Pedro Mart\u00ednez","@id":"https:\/\/stacatarina.mx\/consejos\/#\/schema\/person\/0be60adffa8e4c4d0828fdf021450e8a"},"headline":"Aumento alarmante de los delitos contra los tejones: una tendencia inquietante en el continuo ataque a la naturaleza","datePublished":"2024-11-04T16:30:08+00:00","dateModified":"2024-11-04T16:30:09+00:00","mainEntityOfPage":{"@id":"https:\/\/stacatarina.mx\/consejos\/aumento-alarmante-de-los-delitos-contra-los-tejones-una-tendencia-inquietante-en-el-continuo-ataque-a-la-naturaleza\/"},"wordCount":528,"publisher":{"@id":"https:\/\/stacatarina.mx\/consejos\/#organization"},"image":{"@id":"https:\/\/stacatarina.mx\/consejos\/aumento-alarmante-de-los-delitos-contra-los-tejones-una-tendencia-inquietante-en-el-continuo-ataque-a-la-naturaleza\/#primaryimage"},"thumbnailUrl":"https:\/\/stacatarina.mx\/consejos\/wp-content\/uploads\/2024\/09\/INFORMACION-SOBRE-LA-MANIFESTACION-PARA-PONER-FIN-A-LA-MATANZA.jpg","keywords":["alarmante","ataque","aumento","continuo","contra","delitos","inquietante","los","naturaleza","tejones","tendencia","una"],"articleSection":["Fauna y Flora"],"inLanguage":"es"},{"@type":"WebPage","@id":"https:\/\/stacatarina.mx\/consejos\/aumento-alarmante-de-los-delitos-contra-los-tejones-una-tendencia-inquietante-en-el-continuo-ataque-a-la-naturaleza\/","url":"https:\/\/stacatarina.mx\/consejos\/aumento-alarmante-de-los-delitos-contra-los-tejones-una-tendencia-inquietante-en-el-continuo-ataque-a-la-naturaleza\/","name":"Aumento alarmante de los delitos contra los tejones: una tendencia inquietante en el continuo ataque a la naturaleza - Consejos - Santa Catarina","isPartOf":{"@id":"https:\/\/stacatarina.mx\/consejos\/#website"},"primaryImageOfPage":{"@id":"https:\/\/stacatarina.mx\/consejos\/aumento-alarmante-de-los-delitos-contra-los-tejones-una-tendencia-inquietante-en-el-continuo-ataque-a-la-naturaleza\/#primaryimage"},"image":{"@id":"https:\/\/stacatarina.mx\/consejos\/aumento-alarmante-de-los-delitos-contra-los-tejones-una-tendencia-inquietante-en-el-continuo-ataque-a-la-naturaleza\/#primaryimage"},"thumbnailUrl":"https:\/\/stacatarina.mx\/consejos\/wp-content\/uploads\/2024\/09\/INFORMACION-SOBRE-LA-MANIFESTACION-PARA-PONER-FIN-A-LA-MATANZA.jpg","datePublished":"2024-11-04T16:30:08+00:00","dateModified":"2024-11-04T16:30:09+00:00","breadcrumb":{"@id":"https:\/\/stacatarina.mx\/consejos\/aumento-alarmante-de-los-delitos-contra-los-tejones-una-tendencia-inquietante-en-el-continuo-ataque-a-la-naturaleza\/#breadcrumb"},"inLanguage":"es","potentialAction":[{"@type":"ReadAction","target":["https:\/\/stacatarina.mx\/consejos\/aumento-alarmante-de-los-delitos-contra-los-tejones-una-tendencia-inquietante-en-el-continuo-ataque-a-la-naturaleza\/"]}]},{"@type":"ImageObject","inLanguage":"es","@id":"https:\/\/stacatarina.mx\/consejos\/aumento-alarmante-de-los-delitos-contra-los-tejones-una-tendencia-inquietante-en-el-continuo-ataque-a-la-naturaleza\/#primaryimage","url":"https:\/\/stacatarina.mx\/consejos\/wp-content\/uploads\/2024\/09\/INFORMACION-SOBRE-LA-MANIFESTACION-PARA-PONER-FIN-A-LA-MATANZA.jpg","contentUrl":"https:\/\/stacatarina.mx\/consejos\/wp-content\/uploads\/2024\/09\/INFORMACION-SOBRE-LA-MANIFESTACION-PARA-PONER-FIN-A-LA-MATANZA.jpg","width":900,"height":600,"caption":"National Day of Action Against the Badger Cull called for Tuesday, 3 September 2024"},{"@type":"BreadcrumbList","@id":"https:\/\/stacatarina.mx\/consejos\/aumento-alarmante-de-los-delitos-contra-los-tejones-una-tendencia-inquietante-en-el-continuo-ataque-a-la-naturaleza\/#breadcrumb","itemListElement":[{"@type":"ListItem","position":1,"name":"Inicio","item":"https:\/\/stacatarina.mx\/consejos\/"},{"@type":"ListItem","position":2,"name":"Aumento alarmante de los delitos contra los tejones: una tendencia inquietante en el continuo ataque a la naturaleza"}]},{"@type":"WebSite","@id":"https:\/\/stacatarina.mx\/consejos\/#website","url":"https:\/\/stacatarina.mx\/consejos\/","name":"Santa Catarina","description":"","publisher":{"@id":"https:\/\/stacatarina.mx\/consejos\/#organization"},"potentialAction":[{"@type":"SearchAction","target":{"@type":"EntryPoint","urlTemplate":"https:\/\/stacatarina.mx\/consejos\/?s={search_term_string}"},"query-input":{"@type":"PropertyValueSpecification","valueRequired":true,"valueName":"search_term_string"}}],"inLanguage":"es"},{"@type":"Organization","@id":"https:\/\/stacatarina.mx\/consejos\/#organization","name":"Santa Catarina","url":"https:\/\/stacatarina.mx\/consejos\/","logo":{"@type":"ImageObject","inLanguage":"es","@id":"https:\/\/stacatarina.mx\/consejos\/#\/schema\/logo\/image\/","url":"https:\/\/stacatarina.mx\/consejos\/wp-content\/uploads\/2024\/09\/cropped-favicon-1-1.png","contentUrl":"https:\/\/stacatarina.mx\/consejos\/wp-content\/uploads\/2024\/09\/cropped-favicon-1-1.png","width":512,"height":512,"caption":"Santa Catarina"},"image":{"@id":"https:\/\/stacatarina.mx\/consejos\/#\/schema\/logo\/image\/"},"sameAs":["https:\/\/www.facebook.com\/stacatarinagob\/","https:\/\/x.com\/stacatarinagob","https:\/\/www.instagram.com\/stacatarinagob\/","https:\/\/www.youtube.com\/channel\/UCK-6cQJL_904665N1_nLTWw"]},{"@type":"Person","@id":"https:\/\/stacatarina.mx\/consejos\/#\/schema\/person\/0be60adffa8e4c4d0828fdf021450e8a","name":"Pedro Mart\u00ednez","image":{"@type":"ImageObject","inLanguage":"es","@id":"https:\/\/stacatarina.mx\/consejos\/#\/schema\/person\/image\/","url":"https:\/\/stacatarina.mx\/consejos\/wp-content\/uploads\/2024\/09\/stacatarina.jpg","contentUrl":"https:\/\/stacatarina.mx\/consejos\/wp-content\/uploads\/2024\/09\/stacatarina.jpg","caption":"Pedro Mart\u00ednez"},"description":"Hola, soy Pedro Mart\u00ednez, redactor jefe del sitio oficial del ayuntamiento de Santa Catarina, en M\u00e9xico. Con m\u00e1s de diez a\u00f1os de experiencia en el periodismo local, tengo una pasi\u00f3n por la investigaci\u00f3n y la difusi\u00f3n de informaci\u00f3n que valoriza nuestra hermosa comunidad. Mi compromiso es hacer de Santa Catarina una referencia en materia de transparencia y comunicaci\u00f3n municipal.","sameAs":["https:\/\/stacatarina.mx\/"]}]}},"_links":{"self":[{"href":"https:\/\/stacatarina.mx\/consejos\/wp-json\/wp\/v2\/posts\/1313"}],"collection":[{"href":"https:\/\/stacatarina.mx\/consejos\/wp-json\/wp\/v2\/posts"}],"about":[{"href":"https:\/\/stacatarina.mx\/consejos\/wp-json\/wp\/v2\/types\/post"}],"author":[{"embeddable":true,"href":"https:\/\/stacatarina.mx\/consejos\/wp-json\/wp\/v2\/users\/1"}],"replies":[{"embeddable":true,"href":"https:\/\/stacatarina.mx\/consejos\/wp-json\/wp\/v2\/comments?post=1313"}],"version-history":[{"count":1,"href":"https:\/\/stacatarina.mx\/consejos\/wp-json\/wp\/v2\/posts\/1313\/revisions"}],"predecessor-version":[{"id":1314,"href":"https:\/\/stacatarina.mx\/consejos\/wp-json\/wp\/v2\/posts\/1313\/revisions\/1314"}],"wp:featuredmedia":[{"embeddable":true,"href":"https:\/\/stacatarina.mx\/consejos\/wp-json\/wp\/v2\/media\/416"}],"wp:attachment":[{"href":"https:\/\/stacatarina.mx\/consejos\/wp-json\/wp\/v2\/media?parent=1313"}],"wp:term":[{"taxonomy":"category","embeddable":true,"href":"https:\/\/stacatarina.mx\/consejos\/wp-json\/wp\/v2\/categories?post=1313"},{"taxonomy":"post_tag","embeddable":true,"href":"https:\/\/stacatarina.mx\/consejos\/wp-json\/wp\/v2\/tags?post=1313"}],"curies":[{"name":"wp","href":"https:\/\/api.w.org\/{rel}","templated":true}]}}