{"id":1320,"date":"2024-11-04T17:23:36","date_gmt":"2024-11-04T23:23:36","guid":{"rendered":"https:\/\/stacatarina.mx\/consejos\/es-como-mover-tu-propia-mano-la-increible-protesis-totalmente-italiana-que-revoluciona-la-vida-de-quienes-han-perdido-una-extremidad\/"},"modified":"2024-11-04T17:23:39","modified_gmt":"2024-11-04T23:23:39","slug":"es-como-mover-tu-propia-mano-la-increible-protesis-totalmente-italiana-que-revoluciona-la-vida-de-quienes-han-perdido-una-extremidad","status":"publish","type":"post","link":"https:\/\/stacatarina.mx\/consejos\/es-como-mover-tu-propia-mano-la-increible-protesis-totalmente-italiana-que-revoluciona-la-vida-de-quienes-han-perdido-una-extremidad\/","title":{"rendered":"\u201cEs como mover tu propia mano\u201d, la incre\u00edble pr\u00f3tesis totalmente italiana que revoluciona la vida de quienes han perdido una extremidad"},"content":{"rendered":"<p class=\"single-abstract\">\n<p>\t\t\t\t\t\t\t\t\t\t\t\t\t\t\t\t\tUna mano rob\u00f3tica capaz de realizar tareas complejas y controladas con los m\u00fasculos residuales presentes en el antebrazo de un amputado: esto es lo que lograron investigadores de la Scuola Superiore Sant&#8217;Anna de Pisa\t\t\t\t\t\t\t\t\t\t\t\t\t\t\t<\/p>\n<div class=\"daily-video\" style=\"display: none;\"><\/div>\n<div class=\"wrapper-player\" style=\"display: none; margin-bottom: 15px;\">\n<div id=\"daily-player\" style=\"position: relative; max-width: 100%;\" class=\"video-content\"><\/div>\n<\/p><\/div>\n<div class=\"image-wrapper featured-image no-lazy\" id=\"featured-image\"><\/div>\n<p class=\"p1\">A <strong>mano rob\u00f3tica<\/strong> que funciona como una mano real, capaz de permitir incluso los movimientos m\u00e1s delicados y medir la fuerza: esto es lo que lograron los investigadores de la Scuola Superiore Sant&#8217;Anna de Pisa: descubramos todos sus secretos.<\/p>\n<h2 class=\"p1\"><span class=\"ez-toc-section\" id=\"Una_mano_robotica_rivoluzionaria\"><\/span><span class=\"s1\">Una mano rob\u00f3tica revolucionaria <\/span><span class=\"ez-toc-section-end\"><\/span><\/h2>\n<p class=\"p1\"><span class=\"s1\">Es como mover la propia mano, estas son las palabras que utiliz\u00f3 Daniel cuando experiment\u00f3 con la mano rob\u00f3tica que se mueve gracias a imanes y creada por un equipo de investigaci\u00f3n del Instituto de BioRob\u00f3tica de la Scuola Superiore Sant&#8217;Anna de Pisa, coordinado por el profesor Christian Cipriani.<\/span><\/p>\n<p class=\"p1\"><span class=\"s1\">Un progreso tecnol\u00f3gico \u00fanico en el mundo, una excelencia italiana que abre nuevas oportunidades para quienes han perdido una mano.<\/span><\/p>\n<aside style=\"margin: 8px auto; text-align: center; display: block; clear: both;\">\n<div id=\"gpt-passback\">\n<\/div>\n<\/aside>\n<p class=\"p1\"><strong><span class=\"s1\">\u00bfPero c\u00f3mo funciona?<\/span><\/strong><\/p>\n<p class=\"p1\"><span class=\"s1\">La tecnolog\u00eda se basa en la miocin\u00e9tica, es decir, el movimiento de los m\u00fasculos, y en 6 imanes de tan solo unos pocos mil\u00edmetros que se instalan, mediante una operaci\u00f3n quir\u00fargica, en esos m\u00fasculos residuales del brazo conectados a la mano que ya no existen pero que siguen activos, como en el caso de Daniel, que perdi\u00f3 la mano, que qued\u00f3 completamente cercenada.<\/span><\/p>\n<div class=\"code-block code-block-9\" style=\"margin: 8px auto; display: flex; justify-content: center; min-height: 252px;\">\n<div id=\"div-gpt-ad-MPU_Bottom_2\" style=\"min-width: 300px; min-height: 253px;\">\n<\/div>\n<div id=\"taboola-widget_non_consent_300x250-4\"><\/div>\n<\/div>\n<h2 class=\"p1\"><span class=\"ez-toc-section\" id=\"I_magneti_e_lalgoritmo_che_li_traduce\"><\/span><span class=\"s1\">Imanes y el algoritmo que los traduce <\/span><span class=\"ez-toc-section-end\"><\/span><\/h2>\n<p class=\"p1\"><span class=\"s1\">\u201cCuando el m\u00fasculo se contrae, el im\u00e1n se mueve y un algoritmo especial traduce este cambio en una orden espec\u00edfica para la mano rob\u00f3tica\u201d, explican los expertos.<\/span><\/p>\n<p class=\"p1\"><span class=\"s1\">Los imanes se conectan a una pr\u00f3tesis de fibra de carbono, sin cables ni conexiones el\u00e9ctricas, que contiene el sistema electr\u00f3nico que localiza el movimiento de los imanes cuando se activan los m\u00fasculos y env\u00eda las se\u00f1ales a la mano rob\u00f3tica Mia-Hand, desarrollada por la spin-off. Prensilia, que se mueve perfectamente y tambi\u00e9n es capaz de controlar la fuerza.<\/span><\/p>\n<h2 class=\"p1\"><span class=\"ez-toc-section\" id=\"Cosa_si_riesce_a_fare_con_questa_mano_robotica\"><\/span><span class=\"s1\">\u00bfQu\u00e9 puedes hacer con esta mano rob\u00f3tica? <\/span><span class=\"ez-toc-section-end\"><\/span><\/h2>\n<p class=\"p1\"><span class=\"s1\">Daniel logr\u00f3 realizar incluso tareas muy complejas como abrir un frasco, utilizar un destornillador, cortar con un cuchillo, cerrar una cremallera y coger una moneda: en definitiva, muchos movimientos delicados y complejos que realizamos habitualmente y que son \u00fatiles en actividades diarias. <\/span><\/p>\n<p class=\"p1\"><span class=\"s1\">A\u00f1os de investigaci\u00f3n han llevado a este extraordinario resultado que, adem\u00e1s de permitir a Daniel revivir la emoci\u00f3n de poder utilizar ambas manos, ofrece nuevas esperanzas a quienes se encuentran en la misma situaci\u00f3n.<\/span><\/p>\n<p class=\"p1\"><span class=\"s1\">\u201cEste resultado corona un viaje de investigaci\u00f3n de d\u00e9cadas. Finalmente hemos logrado desarrollar una pr\u00f3tesis que sea funcional a las necesidades de una persona que ha perdido una mano&#8221;, declar\u00f3 el profesor Christian Cipriani.<\/span><\/p>\n<p class=\"p1\"><span class=\"s1\">El estudio sobre la mano rob\u00f3tica, titulado \u201cRestauraci\u00f3n del agarre en un amputado de miembro superior mediante pr\u00f3tesis miocin\u00e9tica con imanes implantados\u201d, se public\u00f3 en la revista cient\u00edfica Science Robotics.<\/span><\/p>\n<p>Quiz\u00e1s tambi\u00e9n te interese:<\/p>\n<aside style=\"margin: 8px auto; display: flex; justify-content: center; min-height: 251px;\">\n<div id=\"div-gpt-ad-MPU_Bottom_1\" style=\"min-width: 300px; min-height: 252px;\">\n<\/div>\n<\/aside>\n","protected":false},"excerpt":{"rendered":"<p>Una mano rob\u00f3tica capaz de realizar tareas complejas y controladas con los m\u00fasculos residuales presentes en el antebrazo de un amputado: esto es lo que<\/p>\n","protected":false},"author":1,"featured_media":1321,"comment_status":"closed","ping_status":"","sticky":false,"template":"","format":"standard","meta":{"footnotes":""},"categories":[762],"tags":[15,1860,288,1854,1857,1853,1852,1859,1662,1855,1535,1858,1856,37,243],"class_list":["post-1320","post","type-post","status-publish","format-standard","has-post-thumbnail","hentry","category-salud","tag-como","tag-extremidad","tag-han","tag-increible","tag-italiana","tag-mano","tag-mover","tag-perdido","tag-propia","tag-protesis","tag-quienes","tag-revoluciona","tag-totalmente","tag-una","tag-vida","generate-columns","tablet-grid-50","mobile-grid-100","grid-parent","grid-50"],"yoast_head":"<!-- This site is optimized with the Yoast SEO plugin v23.4 - https:\/\/yoast.com\/wordpress\/plugins\/seo\/ -->\n<title>\u201cEs como mover tu propia mano\u201d, la incre\u00edble pr\u00f3tesis totalmente italiana que revoluciona la vida de quienes han perdido una extremidad - Consejos - Santa Catarina<\/title>\n<meta name=\"robots\" content=\"index, follow, max-snippet:-1, max-image-preview:large, max-video-preview:-1\" \/>\n<link rel=\"canonical\" href=\"https:\/\/stacatarina.mx\/consejos\/es-como-mover-tu-propia-mano-la-increible-protesis-totalmente-italiana-que-revoluciona-la-vida-de-quienes-han-perdido-una-extremidad\/\" \/>\n<meta property=\"og:locale\" content=\"es_MX\" \/>\n<meta property=\"og:type\" content=\"article\" \/>\n<meta property=\"og:title\" content=\"\u201cEs como mover tu propia mano\u201d, la incre\u00edble pr\u00f3tesis totalmente italiana que revoluciona la vida de quienes han perdido una extremidad - Consejos - Santa Catarina\" \/>\n<meta property=\"og:description\" content=\"Una mano rob\u00f3tica capaz de realizar tareas complejas y controladas con los m\u00fasculos residuales presentes en el antebrazo de un amputado: esto es lo que\" \/>\n<meta property=\"og:url\" content=\"https:\/\/stacatarina.mx\/consejos\/es-como-mover-tu-propia-mano-la-increible-protesis-totalmente-italiana-que-revoluciona-la-vida-de-quienes-han-perdido-una-extremidad\/\" \/>\n<meta property=\"og:site_name\" content=\"Santa Catarina\" \/>\n<meta property=\"article:publisher\" content=\"https:\/\/www.facebook.com\/stacatarinagob\/\" \/>\n<meta property=\"article:published_time\" content=\"2024-11-04T23:23:36+00:00\" \/>\n<meta property=\"article:modified_time\" content=\"2024-11-04T23:23:39+00:00\" \/>\n<meta property=\"og:image\" content=\"https:\/\/stacatarina.mx\/consejos\/wp-content\/uploads\/2024\/11\/Es-como-mover-tu-propia-mano-la-increible-protesis-totalmente.png\" \/>\n\t<meta property=\"og:image:width\" content=\"1500\" \/>\n\t<meta property=\"og:image:height\" content=\"1000\" \/>\n\t<meta property=\"og:image:type\" content=\"image\/png\" \/>\n<meta name=\"author\" content=\"Pedro Mart\u00ednez\" \/>\n<meta name=\"twitter:card\" content=\"summary_large_image\" \/>\n<meta name=\"twitter:creator\" content=\"@stacatarinagob\" \/>\n<meta name=\"twitter:site\" content=\"@stacatarinagob\" \/>\n<meta name=\"twitter:label1\" content=\"Escrito por\" \/>\n\t<meta name=\"twitter:data1\" content=\"Pedro Mart\u00ednez\" \/>\n\t<meta name=\"twitter:label2\" content=\"Tiempo de lectura\" \/>\n\t<meta name=\"twitter:data2\" content=\"3 minutos\" \/>\n<script type=\"application\/ld+json\" class=\"yoast-schema-graph\">{\"@context\":\"https:\/\/schema.org\",\"@graph\":[{\"@type\":\"Article\",\"@id\":\"https:\/\/stacatarina.mx\/consejos\/es-como-mover-tu-propia-mano-la-increible-protesis-totalmente-italiana-que-revoluciona-la-vida-de-quienes-han-perdido-una-extremidad\/#article\",\"isPartOf\":{\"@id\":\"https:\/\/stacatarina.mx\/consejos\/es-como-mover-tu-propia-mano-la-increible-protesis-totalmente-italiana-que-revoluciona-la-vida-de-quienes-han-perdido-una-extremidad\/\"},\"author\":{\"name\":\"Pedro Mart\u00ednez\",\"@id\":\"https:\/\/stacatarina.mx\/consejos\/#\/schema\/person\/0be60adffa8e4c4d0828fdf021450e8a\"},\"headline\":\"\u201cEs como mover tu propia mano\u201d, la incre\u00edble pr\u00f3tesis totalmente italiana que revoluciona la vida de quienes han perdido una extremidad\",\"datePublished\":\"2024-11-04T23:23:36+00:00\",\"dateModified\":\"2024-11-04T23:23:39+00:00\",\"mainEntityOfPage\":{\"@id\":\"https:\/\/stacatarina.mx\/consejos\/es-como-mover-tu-propia-mano-la-increible-protesis-totalmente-italiana-que-revoluciona-la-vida-de-quienes-han-perdido-una-extremidad\/\"},\"wordCount\":526,\"publisher\":{\"@id\":\"https:\/\/stacatarina.mx\/consejos\/#organization\"},\"image\":{\"@id\":\"https:\/\/stacatarina.mx\/consejos\/es-como-mover-tu-propia-mano-la-increible-protesis-totalmente-italiana-que-revoluciona-la-vida-de-quienes-han-perdido-una-extremidad\/#primaryimage\"},\"thumbnailUrl\":\"https:\/\/stacatarina.mx\/consejos\/wp-content\/uploads\/2024\/11\/Es-como-mover-tu-propia-mano-la-increible-protesis-totalmente.png\",\"keywords\":[\"c\u00f3mo\",\"extremidad\",\"han\",\"incre\u00edble\",\"italiana\",\"mano\",\"mover\",\"perdido\",\"propia\",\"pr\u00f3tesis\",\"quienes\",\"revoluciona\",\"totalmente\",\"una\",\"vida\"],\"articleSection\":[\"Salud\"],\"inLanguage\":\"es\"},{\"@type\":\"WebPage\",\"@id\":\"https:\/\/stacatarina.mx\/consejos\/es-como-mover-tu-propia-mano-la-increible-protesis-totalmente-italiana-que-revoluciona-la-vida-de-quienes-han-perdido-una-extremidad\/\",\"url\":\"https:\/\/stacatarina.mx\/consejos\/es-como-mover-tu-propia-mano-la-increible-protesis-totalmente-italiana-que-revoluciona-la-vida-de-quienes-han-perdido-una-extremidad\/\",\"name\":\"\u201cEs como mover tu propia mano\u201d, la incre\u00edble pr\u00f3tesis totalmente italiana que revoluciona la vida de quienes han perdido una extremidad - Consejos - Santa Catarina\",\"isPartOf\":{\"@id\":\"https:\/\/stacatarina.mx\/consejos\/#website\"},\"primaryImageOfPage\":{\"@id\":\"https:\/\/stacatarina.mx\/consejos\/es-como-mover-tu-propia-mano-la-increible-protesis-totalmente-italiana-que-revoluciona-la-vida-de-quienes-han-perdido-una-extremidad\/#primaryimage\"},\"image\":{\"@id\":\"https:\/\/stacatarina.mx\/consejos\/es-como-mover-tu-propia-mano-la-increible-protesis-totalmente-italiana-que-revoluciona-la-vida-de-quienes-han-perdido-una-extremidad\/#primaryimage\"},\"thumbnailUrl\":\"https:\/\/stacatarina.mx\/consejos\/wp-content\/uploads\/2024\/11\/Es-como-mover-tu-propia-mano-la-increible-protesis-totalmente.png\",\"datePublished\":\"2024-11-04T23:23:36+00:00\",\"dateModified\":\"2024-11-04T23:23:39+00:00\",\"breadcrumb\":{\"@id\":\"https:\/\/stacatarina.mx\/consejos\/es-como-mover-tu-propia-mano-la-increible-protesis-totalmente-italiana-que-revoluciona-la-vida-de-quienes-han-perdido-una-extremidad\/#breadcrumb\"},\"inLanguage\":\"es\",\"potentialAction\":[{\"@type\":\"ReadAction\",\"target\":[\"https:\/\/stacatarina.mx\/consejos\/es-como-mover-tu-propia-mano-la-increible-protesis-totalmente-italiana-que-revoluciona-la-vida-de-quienes-han-perdido-una-extremidad\/\"]}]},{\"@type\":\"ImageObject\",\"inLanguage\":\"es\",\"@id\":\"https:\/\/stacatarina.mx\/consejos\/es-como-mover-tu-propia-mano-la-increible-protesis-totalmente-italiana-que-revoluciona-la-vida-de-quienes-han-perdido-una-extremidad\/#primaryimage\",\"url\":\"https:\/\/stacatarina.mx\/consejos\/wp-content\/uploads\/2024\/11\/Es-como-mover-tu-propia-mano-la-increible-protesis-totalmente.png\",\"contentUrl\":\"https:\/\/stacatarina.mx\/consejos\/wp-content\/uploads\/2024\/11\/Es-como-mover-tu-propia-mano-la-increible-protesis-totalmente.png\",\"width\":1500,\"height\":1000,\"caption\":\"protesi magnetica\"},{\"@type\":\"BreadcrumbList\",\"@id\":\"https:\/\/stacatarina.mx\/consejos\/es-como-mover-tu-propia-mano-la-increible-protesis-totalmente-italiana-que-revoluciona-la-vida-de-quienes-han-perdido-una-extremidad\/#breadcrumb\",\"itemListElement\":[{\"@type\":\"ListItem\",\"position\":1,\"name\":\"Inicio\",\"item\":\"https:\/\/stacatarina.mx\/consejos\/\"},{\"@type\":\"ListItem\",\"position\":2,\"name\":\"\u201cEs como mover tu propia mano\u201d, la incre\u00edble pr\u00f3tesis totalmente italiana que revoluciona la vida de quienes han perdido una extremidad\"}]},{\"@type\":\"WebSite\",\"@id\":\"https:\/\/stacatarina.mx\/consejos\/#website\",\"url\":\"https:\/\/stacatarina.mx\/consejos\/\",\"name\":\"Santa Catarina\",\"description\":\"\",\"publisher\":{\"@id\":\"https:\/\/stacatarina.mx\/consejos\/#organization\"},\"potentialAction\":[{\"@type\":\"SearchAction\",\"target\":{\"@type\":\"EntryPoint\",\"urlTemplate\":\"https:\/\/stacatarina.mx\/consejos\/?s={search_term_string}\"},\"query-input\":{\"@type\":\"PropertyValueSpecification\",\"valueRequired\":true,\"valueName\":\"search_term_string\"}}],\"inLanguage\":\"es\"},{\"@type\":\"Organization\",\"@id\":\"https:\/\/stacatarina.mx\/consejos\/#organization\",\"name\":\"Santa Catarina\",\"url\":\"https:\/\/stacatarina.mx\/consejos\/\",\"logo\":{\"@type\":\"ImageObject\",\"inLanguage\":\"es\",\"@id\":\"https:\/\/stacatarina.mx\/consejos\/#\/schema\/logo\/image\/\",\"url\":\"https:\/\/stacatarina.mx\/consejos\/wp-content\/uploads\/2024\/09\/cropped-favicon-1-1.png\",\"contentUrl\":\"https:\/\/stacatarina.mx\/consejos\/wp-content\/uploads\/2024\/09\/cropped-favicon-1-1.png\",\"width\":512,\"height\":512,\"caption\":\"Santa Catarina\"},\"image\":{\"@id\":\"https:\/\/stacatarina.mx\/consejos\/#\/schema\/logo\/image\/\"},\"sameAs\":[\"https:\/\/www.facebook.com\/stacatarinagob\/\",\"https:\/\/x.com\/stacatarinagob\",\"https:\/\/www.instagram.com\/stacatarinagob\/\",\"https:\/\/www.youtube.com\/channel\/UCK-6cQJL_904665N1_nLTWw\"]},{\"@type\":\"Person\",\"@id\":\"https:\/\/stacatarina.mx\/consejos\/#\/schema\/person\/0be60adffa8e4c4d0828fdf021450e8a\",\"name\":\"Pedro Mart\u00ednez\",\"image\":{\"@type\":\"ImageObject\",\"inLanguage\":\"es\",\"@id\":\"https:\/\/stacatarina.mx\/consejos\/#\/schema\/person\/image\/\",\"url\":\"https:\/\/stacatarina.mx\/consejos\/wp-content\/uploads\/2024\/09\/stacatarina.jpg\",\"contentUrl\":\"https:\/\/stacatarina.mx\/consejos\/wp-content\/uploads\/2024\/09\/stacatarina.jpg\",\"caption\":\"Pedro Mart\u00ednez\"},\"description\":\"Hola, soy Pedro Mart\u00ednez, redactor jefe del sitio oficial del ayuntamiento de Santa Catarina, en M\u00e9xico. Con m\u00e1s de diez a\u00f1os de experiencia en el periodismo local, tengo una pasi\u00f3n por la investigaci\u00f3n y la difusi\u00f3n de informaci\u00f3n que valoriza nuestra hermosa comunidad. Mi compromiso es hacer de Santa Catarina una referencia en materia de transparencia y comunicaci\u00f3n municipal.\",\"sameAs\":[\"https:\/\/stacatarina.mx\/\"]}]}<\/script>\n<!-- \/ Yoast SEO plugin. -->","yoast_head_json":{"title":"\u201cEs como mover tu propia mano\u201d, la incre\u00edble pr\u00f3tesis totalmente italiana que revoluciona la vida de quienes han perdido una extremidad - Consejos - Santa Catarina","robots":{"index":"index","follow":"follow","max-snippet":"max-snippet:-1","max-image-preview":"max-image-preview:large","max-video-preview":"max-video-preview:-1"},"canonical":"https:\/\/stacatarina.mx\/consejos\/es-como-mover-tu-propia-mano-la-increible-protesis-totalmente-italiana-que-revoluciona-la-vida-de-quienes-han-perdido-una-extremidad\/","og_locale":"es_MX","og_type":"article","og_title":"\u201cEs como mover tu propia mano\u201d, la incre\u00edble pr\u00f3tesis totalmente italiana que revoluciona la vida de quienes han perdido una extremidad - Consejos - Santa Catarina","og_description":"Una mano rob\u00f3tica capaz de realizar tareas complejas y controladas con los m\u00fasculos residuales presentes en el antebrazo de un amputado: esto es lo que","og_url":"https:\/\/stacatarina.mx\/consejos\/es-como-mover-tu-propia-mano-la-increible-protesis-totalmente-italiana-que-revoluciona-la-vida-de-quienes-han-perdido-una-extremidad\/","og_site_name":"Santa Catarina","article_publisher":"https:\/\/www.facebook.com\/stacatarinagob\/","article_published_time":"2024-11-04T23:23:36+00:00","article_modified_time":"2024-11-04T23:23:39+00:00","og_image":[{"width":1500,"height":1000,"url":"https:\/\/stacatarina.mx\/consejos\/wp-content\/uploads\/2024\/11\/Es-como-mover-tu-propia-mano-la-increible-protesis-totalmente.png","type":"image\/png"}],"author":"Pedro Mart\u00ednez","twitter_card":"summary_large_image","twitter_creator":"@stacatarinagob","twitter_site":"@stacatarinagob","twitter_misc":{"Escrito por":"Pedro Mart\u00ednez","Tiempo de lectura":"3 minutos"},"schema":{"@context":"https:\/\/schema.org","@graph":[{"@type":"Article","@id":"https:\/\/stacatarina.mx\/consejos\/es-como-mover-tu-propia-mano-la-increible-protesis-totalmente-italiana-que-revoluciona-la-vida-de-quienes-han-perdido-una-extremidad\/#article","isPartOf":{"@id":"https:\/\/stacatarina.mx\/consejos\/es-como-mover-tu-propia-mano-la-increible-protesis-totalmente-italiana-que-revoluciona-la-vida-de-quienes-han-perdido-una-extremidad\/"},"author":{"name":"Pedro Mart\u00ednez","@id":"https:\/\/stacatarina.mx\/consejos\/#\/schema\/person\/0be60adffa8e4c4d0828fdf021450e8a"},"headline":"\u201cEs como mover tu propia mano\u201d, la incre\u00edble pr\u00f3tesis totalmente italiana que revoluciona la vida de quienes han perdido una extremidad","datePublished":"2024-11-04T23:23:36+00:00","dateModified":"2024-11-04T23:23:39+00:00","mainEntityOfPage":{"@id":"https:\/\/stacatarina.mx\/consejos\/es-como-mover-tu-propia-mano-la-increible-protesis-totalmente-italiana-que-revoluciona-la-vida-de-quienes-han-perdido-una-extremidad\/"},"wordCount":526,"publisher":{"@id":"https:\/\/stacatarina.mx\/consejos\/#organization"},"image":{"@id":"https:\/\/stacatarina.mx\/consejos\/es-como-mover-tu-propia-mano-la-increible-protesis-totalmente-italiana-que-revoluciona-la-vida-de-quienes-han-perdido-una-extremidad\/#primaryimage"},"thumbnailUrl":"https:\/\/stacatarina.mx\/consejos\/wp-content\/uploads\/2024\/11\/Es-como-mover-tu-propia-mano-la-increible-protesis-totalmente.png","keywords":["c\u00f3mo","extremidad","han","incre\u00edble","italiana","mano","mover","perdido","propia","pr\u00f3tesis","quienes","revoluciona","totalmente","una","vida"],"articleSection":["Salud"],"inLanguage":"es"},{"@type":"WebPage","@id":"https:\/\/stacatarina.mx\/consejos\/es-como-mover-tu-propia-mano-la-increible-protesis-totalmente-italiana-que-revoluciona-la-vida-de-quienes-han-perdido-una-extremidad\/","url":"https:\/\/stacatarina.mx\/consejos\/es-como-mover-tu-propia-mano-la-increible-protesis-totalmente-italiana-que-revoluciona-la-vida-de-quienes-han-perdido-una-extremidad\/","name":"\u201cEs como mover tu propia mano\u201d, la incre\u00edble pr\u00f3tesis totalmente italiana que revoluciona la vida de quienes han perdido una extremidad - Consejos - Santa Catarina","isPartOf":{"@id":"https:\/\/stacatarina.mx\/consejos\/#website"},"primaryImageOfPage":{"@id":"https:\/\/stacatarina.mx\/consejos\/es-como-mover-tu-propia-mano-la-increible-protesis-totalmente-italiana-que-revoluciona-la-vida-de-quienes-han-perdido-una-extremidad\/#primaryimage"},"image":{"@id":"https:\/\/stacatarina.mx\/consejos\/es-como-mover-tu-propia-mano-la-increible-protesis-totalmente-italiana-que-revoluciona-la-vida-de-quienes-han-perdido-una-extremidad\/#primaryimage"},"thumbnailUrl":"https:\/\/stacatarina.mx\/consejos\/wp-content\/uploads\/2024\/11\/Es-como-mover-tu-propia-mano-la-increible-protesis-totalmente.png","datePublished":"2024-11-04T23:23:36+00:00","dateModified":"2024-11-04T23:23:39+00:00","breadcrumb":{"@id":"https:\/\/stacatarina.mx\/consejos\/es-como-mover-tu-propia-mano-la-increible-protesis-totalmente-italiana-que-revoluciona-la-vida-de-quienes-han-perdido-una-extremidad\/#breadcrumb"},"inLanguage":"es","potentialAction":[{"@type":"ReadAction","target":["https:\/\/stacatarina.mx\/consejos\/es-como-mover-tu-propia-mano-la-increible-protesis-totalmente-italiana-que-revoluciona-la-vida-de-quienes-han-perdido-una-extremidad\/"]}]},{"@type":"ImageObject","inLanguage":"es","@id":"https:\/\/stacatarina.mx\/consejos\/es-como-mover-tu-propia-mano-la-increible-protesis-totalmente-italiana-que-revoluciona-la-vida-de-quienes-han-perdido-una-extremidad\/#primaryimage","url":"https:\/\/stacatarina.mx\/consejos\/wp-content\/uploads\/2024\/11\/Es-como-mover-tu-propia-mano-la-increible-protesis-totalmente.png","contentUrl":"https:\/\/stacatarina.mx\/consejos\/wp-content\/uploads\/2024\/11\/Es-como-mover-tu-propia-mano-la-increible-protesis-totalmente.png","width":1500,"height":1000,"caption":"protesi magnetica"},{"@type":"BreadcrumbList","@id":"https:\/\/stacatarina.mx\/consejos\/es-como-mover-tu-propia-mano-la-increible-protesis-totalmente-italiana-que-revoluciona-la-vida-de-quienes-han-perdido-una-extremidad\/#breadcrumb","itemListElement":[{"@type":"ListItem","position":1,"name":"Inicio","item":"https:\/\/stacatarina.mx\/consejos\/"},{"@type":"ListItem","position":2,"name":"\u201cEs como mover tu propia mano\u201d, la incre\u00edble pr\u00f3tesis totalmente italiana que revoluciona la vida de quienes han perdido una extremidad"}]},{"@type":"WebSite","@id":"https:\/\/stacatarina.mx\/consejos\/#website","url":"https:\/\/stacatarina.mx\/consejos\/","name":"Santa Catarina","description":"","publisher":{"@id":"https:\/\/stacatarina.mx\/consejos\/#organization"},"potentialAction":[{"@type":"SearchAction","target":{"@type":"EntryPoint","urlTemplate":"https:\/\/stacatarina.mx\/consejos\/?s={search_term_string}"},"query-input":{"@type":"PropertyValueSpecification","valueRequired":true,"valueName":"search_term_string"}}],"inLanguage":"es"},{"@type":"Organization","@id":"https:\/\/stacatarina.mx\/consejos\/#organization","name":"Santa Catarina","url":"https:\/\/stacatarina.mx\/consejos\/","logo":{"@type":"ImageObject","inLanguage":"es","@id":"https:\/\/stacatarina.mx\/consejos\/#\/schema\/logo\/image\/","url":"https:\/\/stacatarina.mx\/consejos\/wp-content\/uploads\/2024\/09\/cropped-favicon-1-1.png","contentUrl":"https:\/\/stacatarina.mx\/consejos\/wp-content\/uploads\/2024\/09\/cropped-favicon-1-1.png","width":512,"height":512,"caption":"Santa Catarina"},"image":{"@id":"https:\/\/stacatarina.mx\/consejos\/#\/schema\/logo\/image\/"},"sameAs":["https:\/\/www.facebook.com\/stacatarinagob\/","https:\/\/x.com\/stacatarinagob","https:\/\/www.instagram.com\/stacatarinagob\/","https:\/\/www.youtube.com\/channel\/UCK-6cQJL_904665N1_nLTWw"]},{"@type":"Person","@id":"https:\/\/stacatarina.mx\/consejos\/#\/schema\/person\/0be60adffa8e4c4d0828fdf021450e8a","name":"Pedro Mart\u00ednez","image":{"@type":"ImageObject","inLanguage":"es","@id":"https:\/\/stacatarina.mx\/consejos\/#\/schema\/person\/image\/","url":"https:\/\/stacatarina.mx\/consejos\/wp-content\/uploads\/2024\/09\/stacatarina.jpg","contentUrl":"https:\/\/stacatarina.mx\/consejos\/wp-content\/uploads\/2024\/09\/stacatarina.jpg","caption":"Pedro Mart\u00ednez"},"description":"Hola, soy Pedro Mart\u00ednez, redactor jefe del sitio oficial del ayuntamiento de Santa Catarina, en M\u00e9xico. Con m\u00e1s de diez a\u00f1os de experiencia en el periodismo local, tengo una pasi\u00f3n por la investigaci\u00f3n y la difusi\u00f3n de informaci\u00f3n que valoriza nuestra hermosa comunidad. Mi compromiso es hacer de Santa Catarina una referencia en materia de transparencia y comunicaci\u00f3n municipal.","sameAs":["https:\/\/stacatarina.mx\/"]}]}},"_links":{"self":[{"href":"https:\/\/stacatarina.mx\/consejos\/wp-json\/wp\/v2\/posts\/1320"}],"collection":[{"href":"https:\/\/stacatarina.mx\/consejos\/wp-json\/wp\/v2\/posts"}],"about":[{"href":"https:\/\/stacatarina.mx\/consejos\/wp-json\/wp\/v2\/types\/post"}],"author":[{"embeddable":true,"href":"https:\/\/stacatarina.mx\/consejos\/wp-json\/wp\/v2\/users\/1"}],"replies":[{"embeddable":true,"href":"https:\/\/stacatarina.mx\/consejos\/wp-json\/wp\/v2\/comments?post=1320"}],"version-history":[{"count":1,"href":"https:\/\/stacatarina.mx\/consejos\/wp-json\/wp\/v2\/posts\/1320\/revisions"}],"predecessor-version":[{"id":1322,"href":"https:\/\/stacatarina.mx\/consejos\/wp-json\/wp\/v2\/posts\/1320\/revisions\/1322"}],"wp:featuredmedia":[{"embeddable":true,"href":"https:\/\/stacatarina.mx\/consejos\/wp-json\/wp\/v2\/media\/1321"}],"wp:attachment":[{"href":"https:\/\/stacatarina.mx\/consejos\/wp-json\/wp\/v2\/media?parent=1320"}],"wp:term":[{"taxonomy":"category","embeddable":true,"href":"https:\/\/stacatarina.mx\/consejos\/wp-json\/wp\/v2\/categories?post=1320"},{"taxonomy":"post_tag","embeddable":true,"href":"https:\/\/stacatarina.mx\/consejos\/wp-json\/wp\/v2\/tags?post=1320"}],"curies":[{"name":"wp","href":"https:\/\/api.w.org\/{rel}","templated":true}]}}