{"id":1323,"date":"2024-11-05T08:23:47","date_gmt":"2024-11-05T14:23:47","guid":{"rendered":"https:\/\/stacatarina.mx\/consejos\/este-suplemento-ha-sido-retirado-del-mercado-porque-contiene-dioxido-de-titanio-prohibido\/"},"modified":"2024-11-05T08:23:48","modified_gmt":"2024-11-05T14:23:48","slug":"este-suplemento-ha-sido-retirado-del-mercado-porque-contiene-dioxido-de-titanio-prohibido","status":"publish","type":"post","link":"https:\/\/stacatarina.mx\/consejos\/este-suplemento-ha-sido-retirado-del-mercado-porque-contiene-dioxido-de-titanio-prohibido\/","title":{"rendered":"Este suplemento ha sido retirado del mercado porque contiene di\u00f3xido de titanio prohibido."},"content":{"rendered":"<p class=\"single-abstract\">\n<p>\t\t\t\t\t\t\t\t\t\t\t\t\t\t\t\t\t El Ministerio de Sanidad ha retirado del mercado el complemento alimenticio Leninerv 600 por la presencia de di\u00f3xido de titanio (E171), prohibido en Europa a partir de 2022 por sus potenciales efectos genot\u00f3xicos.\t\t\t\t\t\t\t\t\t\t\t\t\t\t\t<\/p>\n<div class=\"daily-video\" style=\"display: none;\"><\/div>\n<div class=\"wrapper-player\" style=\"display: none; margin-bottom: 15px;\">\n<div id=\"daily-player\" style=\"position: relative; max-width: 100%;\" class=\"video-content\"><\/div>\n<\/p><\/div>\n<div class=\"image-wrapper featured-image no-lazy\" id=\"featured-image\"><\/div>\n<p>El Ministerio de Salud ha anunciado la retirada de <strong>Complemento alimenticio a base de \u00e1cido alfa lipoico y vitaminas del grupo B.<\/strong> De hecho, un lote espec\u00edfico de producto contendr\u00eda di\u00f3xido de titanio (E171).<\/p>\n<p>El producto en cuesti\u00f3n es el <strong>Leninerv 600, producido por la empresa Gr\u00fcnenthal<\/strong>. Espec\u00edficamente, el tema del retiro es el<strong> lote SG23001, con fecha de caducidad prevista para el 01\/2026<\/strong>se vende en paquetes de 20 comprimidos.<\/p>\n<p>Sigmar Italia Spa, fabricante del suplemento para Gr\u00fcnenthal Italia Srl, tiene su sede en via Sombreno 11, en Alm\u00e8, provincia de B\u00e9rgamo. Como precauci\u00f3n, la empresa recomend\u00f3 no utilizar el producto retirado y devolverlo a la tienda donde lo adquiri\u00f3.<\/p>\n<aside style=\"margin: 8px auto; text-align: center; display: block; clear: both;\">\n<div id=\"gpt-passback\">\n<\/div>\n<\/aside>\n<p>Como leemos en el retiro, el problema es precisamente la presencia de <strong>di\u00f3xido de titanio (E171), un aditivo prohibido en alimentos, suplementos y piensos en Europa<\/strong> ya en 2022. Seg\u00fan la Autoridad Europea de Seguridad Alimentaria (EFSA), esta sustancia se considera genot\u00f3xica, lo que significa que puede da\u00f1ar el material gen\u00e9tico y representa un riesgo potencial para la salud humana.<\/p>\n<p>El di\u00f3xido de titanio ha sido prohibido en alimentos y suplementos diet\u00e9ticos debido a preocupaciones sobre su seguridad, pero <strong>todav\u00eda est\u00e1 permitido en algunos productos de higiene, como pastas de dientes, y en medicamentos.<\/strong><\/p><\/p>\n","protected":false},"excerpt":{"rendered":"<p>El Ministerio de Sanidad ha retirado del mercado el complemento alimenticio Leninerv 600 por la presencia de di\u00f3xido de titanio (E171), prohibido en Europa a<\/p>\n","protected":false},"author":1,"featured_media":1324,"comment_status":"closed","ping_status":"","sticky":false,"template":"","format":"standard","meta":{"footnotes":""},"categories":[762],"tags":[1864,23,1865,339,1027,1863,1867,1862,1861,854,1866],"class_list":["post-1323","post","type-post","status-publish","format-standard","has-post-thumbnail","hentry","category-salud","tag-contiene","tag-del","tag-dioxido","tag-este","tag-mercado","tag-porque","tag-prohibido","tag-retirado","tag-sido","tag-suplemento","tag-titanio","generate-columns","tablet-grid-50","mobile-grid-100","grid-parent","grid-50"],"yoast_head":"<!-- This site is optimized with the Yoast SEO plugin v23.4 - https:\/\/yoast.com\/wordpress\/plugins\/seo\/ -->\n<title>Este suplemento ha sido retirado del mercado porque contiene di\u00f3xido de titanio prohibido. - Consejos - Santa Catarina<\/title>\n<meta name=\"robots\" content=\"index, follow, max-snippet:-1, max-image-preview:large, max-video-preview:-1\" \/>\n<link rel=\"canonical\" href=\"https:\/\/stacatarina.mx\/consejos\/este-suplemento-ha-sido-retirado-del-mercado-porque-contiene-dioxido-de-titanio-prohibido\/\" \/>\n<meta property=\"og:locale\" content=\"es_MX\" \/>\n<meta property=\"og:type\" content=\"article\" \/>\n<meta property=\"og:title\" content=\"Este suplemento ha sido retirado del mercado porque contiene di\u00f3xido de titanio prohibido. - Consejos - Santa Catarina\" \/>\n<meta property=\"og:description\" content=\"El Ministerio de Sanidad ha retirado del mercado el complemento alimenticio Leninerv 600 por la presencia de di\u00f3xido de titanio (E171), prohibido en Europa a\" \/>\n<meta property=\"og:url\" content=\"https:\/\/stacatarina.mx\/consejos\/este-suplemento-ha-sido-retirado-del-mercado-porque-contiene-dioxido-de-titanio-prohibido\/\" \/>\n<meta property=\"og:site_name\" content=\"Santa Catarina\" \/>\n<meta property=\"article:publisher\" content=\"https:\/\/www.facebook.com\/stacatarinagob\/\" \/>\n<meta property=\"article:published_time\" content=\"2024-11-05T14:23:47+00:00\" \/>\n<meta property=\"article:modified_time\" content=\"2024-11-05T14:23:48+00:00\" \/>\n<meta property=\"og:image\" content=\"https:\/\/stacatarina.mx\/consejos\/wp-content\/uploads\/2024\/11\/Este-suplemento-ha-sido-retirado-del-mercado-porque-contiene-dioxido.jpg\" \/>\n\t<meta property=\"og:image:width\" content=\"1500\" \/>\n\t<meta property=\"og:image:height\" content=\"1000\" \/>\n\t<meta property=\"og:image:type\" content=\"image\/jpeg\" \/>\n<meta name=\"author\" content=\"Pedro Mart\u00ednez\" \/>\n<meta name=\"twitter:card\" content=\"summary_large_image\" \/>\n<meta name=\"twitter:creator\" content=\"@stacatarinagob\" \/>\n<meta name=\"twitter:site\" content=\"@stacatarinagob\" \/>\n<meta name=\"twitter:label1\" content=\"Escrito por\" \/>\n\t<meta name=\"twitter:data1\" content=\"Pedro Mart\u00ednez\" \/>\n\t<meta name=\"twitter:label2\" content=\"Tiempo de lectura\" \/>\n\t<meta name=\"twitter:data2\" content=\"1 minuto\" \/>\n<script type=\"application\/ld+json\" class=\"yoast-schema-graph\">{\"@context\":\"https:\/\/schema.org\",\"@graph\":[{\"@type\":\"Article\",\"@id\":\"https:\/\/stacatarina.mx\/consejos\/este-suplemento-ha-sido-retirado-del-mercado-porque-contiene-dioxido-de-titanio-prohibido\/#article\",\"isPartOf\":{\"@id\":\"https:\/\/stacatarina.mx\/consejos\/este-suplemento-ha-sido-retirado-del-mercado-porque-contiene-dioxido-de-titanio-prohibido\/\"},\"author\":{\"name\":\"Pedro Mart\u00ednez\",\"@id\":\"https:\/\/stacatarina.mx\/consejos\/#\/schema\/person\/0be60adffa8e4c4d0828fdf021450e8a\"},\"headline\":\"Este suplemento ha sido retirado del mercado porque contiene di\u00f3xido de titanio prohibido.\",\"datePublished\":\"2024-11-05T14:23:47+00:00\",\"dateModified\":\"2024-11-05T14:23:48+00:00\",\"mainEntityOfPage\":{\"@id\":\"https:\/\/stacatarina.mx\/consejos\/este-suplemento-ha-sido-retirado-del-mercado-porque-contiene-dioxido-de-titanio-prohibido\/\"},\"wordCount\":264,\"publisher\":{\"@id\":\"https:\/\/stacatarina.mx\/consejos\/#organization\"},\"image\":{\"@id\":\"https:\/\/stacatarina.mx\/consejos\/este-suplemento-ha-sido-retirado-del-mercado-porque-contiene-dioxido-de-titanio-prohibido\/#primaryimage\"},\"thumbnailUrl\":\"https:\/\/stacatarina.mx\/consejos\/wp-content\/uploads\/2024\/11\/Este-suplemento-ha-sido-retirado-del-mercado-porque-contiene-dioxido.jpg\",\"keywords\":[\"contiene\",\"del\",\"di\u00f3xido\",\"este\",\"mercado\",\"porque\",\"prohibido\",\"retirado\",\"sido\",\"suplemento\",\"titanio\"],\"articleSection\":[\"Salud\"],\"inLanguage\":\"es\"},{\"@type\":\"WebPage\",\"@id\":\"https:\/\/stacatarina.mx\/consejos\/este-suplemento-ha-sido-retirado-del-mercado-porque-contiene-dioxido-de-titanio-prohibido\/\",\"url\":\"https:\/\/stacatarina.mx\/consejos\/este-suplemento-ha-sido-retirado-del-mercado-porque-contiene-dioxido-de-titanio-prohibido\/\",\"name\":\"Este suplemento ha sido retirado del mercado porque contiene di\u00f3xido de titanio prohibido. - Consejos - Santa Catarina\",\"isPartOf\":{\"@id\":\"https:\/\/stacatarina.mx\/consejos\/#website\"},\"primaryImageOfPage\":{\"@id\":\"https:\/\/stacatarina.mx\/consejos\/este-suplemento-ha-sido-retirado-del-mercado-porque-contiene-dioxido-de-titanio-prohibido\/#primaryimage\"},\"image\":{\"@id\":\"https:\/\/stacatarina.mx\/consejos\/este-suplemento-ha-sido-retirado-del-mercado-porque-contiene-dioxido-de-titanio-prohibido\/#primaryimage\"},\"thumbnailUrl\":\"https:\/\/stacatarina.mx\/consejos\/wp-content\/uploads\/2024\/11\/Este-suplemento-ha-sido-retirado-del-mercado-porque-contiene-dioxido.jpg\",\"datePublished\":\"2024-11-05T14:23:47+00:00\",\"dateModified\":\"2024-11-05T14:23:48+00:00\",\"breadcrumb\":{\"@id\":\"https:\/\/stacatarina.mx\/consejos\/este-suplemento-ha-sido-retirado-del-mercado-porque-contiene-dioxido-de-titanio-prohibido\/#breadcrumb\"},\"inLanguage\":\"es\",\"potentialAction\":[{\"@type\":\"ReadAction\",\"target\":[\"https:\/\/stacatarina.mx\/consejos\/este-suplemento-ha-sido-retirado-del-mercado-porque-contiene-dioxido-de-titanio-prohibido\/\"]}]},{\"@type\":\"ImageObject\",\"inLanguage\":\"es\",\"@id\":\"https:\/\/stacatarina.mx\/consejos\/este-suplemento-ha-sido-retirado-del-mercado-porque-contiene-dioxido-de-titanio-prohibido\/#primaryimage\",\"url\":\"https:\/\/stacatarina.mx\/consejos\/wp-content\/uploads\/2024\/11\/Este-suplemento-ha-sido-retirado-del-mercado-porque-contiene-dioxido.jpg\",\"contentUrl\":\"https:\/\/stacatarina.mx\/consejos\/wp-content\/uploads\/2024\/11\/Este-suplemento-ha-sido-retirado-del-mercado-porque-contiene-dioxido.jpg\",\"width\":1500,\"height\":1000,\"caption\":\"allerta integratore medicinale\"},{\"@type\":\"BreadcrumbList\",\"@id\":\"https:\/\/stacatarina.mx\/consejos\/este-suplemento-ha-sido-retirado-del-mercado-porque-contiene-dioxido-de-titanio-prohibido\/#breadcrumb\",\"itemListElement\":[{\"@type\":\"ListItem\",\"position\":1,\"name\":\"Inicio\",\"item\":\"https:\/\/stacatarina.mx\/consejos\/\"},{\"@type\":\"ListItem\",\"position\":2,\"name\":\"Este suplemento ha sido retirado del mercado porque contiene di\u00f3xido de titanio prohibido.\"}]},{\"@type\":\"WebSite\",\"@id\":\"https:\/\/stacatarina.mx\/consejos\/#website\",\"url\":\"https:\/\/stacatarina.mx\/consejos\/\",\"name\":\"Santa Catarina\",\"description\":\"\",\"publisher\":{\"@id\":\"https:\/\/stacatarina.mx\/consejos\/#organization\"},\"potentialAction\":[{\"@type\":\"SearchAction\",\"target\":{\"@type\":\"EntryPoint\",\"urlTemplate\":\"https:\/\/stacatarina.mx\/consejos\/?s={search_term_string}\"},\"query-input\":{\"@type\":\"PropertyValueSpecification\",\"valueRequired\":true,\"valueName\":\"search_term_string\"}}],\"inLanguage\":\"es\"},{\"@type\":\"Organization\",\"@id\":\"https:\/\/stacatarina.mx\/consejos\/#organization\",\"name\":\"Santa Catarina\",\"url\":\"https:\/\/stacatarina.mx\/consejos\/\",\"logo\":{\"@type\":\"ImageObject\",\"inLanguage\":\"es\",\"@id\":\"https:\/\/stacatarina.mx\/consejos\/#\/schema\/logo\/image\/\",\"url\":\"https:\/\/stacatarina.mx\/consejos\/wp-content\/uploads\/2024\/09\/cropped-favicon-1-1.png\",\"contentUrl\":\"https:\/\/stacatarina.mx\/consejos\/wp-content\/uploads\/2024\/09\/cropped-favicon-1-1.png\",\"width\":512,\"height\":512,\"caption\":\"Santa Catarina\"},\"image\":{\"@id\":\"https:\/\/stacatarina.mx\/consejos\/#\/schema\/logo\/image\/\"},\"sameAs\":[\"https:\/\/www.facebook.com\/stacatarinagob\/\",\"https:\/\/x.com\/stacatarinagob\",\"https:\/\/www.instagram.com\/stacatarinagob\/\",\"https:\/\/www.youtube.com\/channel\/UCK-6cQJL_904665N1_nLTWw\"]},{\"@type\":\"Person\",\"@id\":\"https:\/\/stacatarina.mx\/consejos\/#\/schema\/person\/0be60adffa8e4c4d0828fdf021450e8a\",\"name\":\"Pedro Mart\u00ednez\",\"image\":{\"@type\":\"ImageObject\",\"inLanguage\":\"es\",\"@id\":\"https:\/\/stacatarina.mx\/consejos\/#\/schema\/person\/image\/\",\"url\":\"https:\/\/stacatarina.mx\/consejos\/wp-content\/uploads\/2024\/09\/stacatarina.jpg\",\"contentUrl\":\"https:\/\/stacatarina.mx\/consejos\/wp-content\/uploads\/2024\/09\/stacatarina.jpg\",\"caption\":\"Pedro Mart\u00ednez\"},\"description\":\"Hola, soy Pedro Mart\u00ednez, redactor jefe del sitio oficial del ayuntamiento de Santa Catarina, en M\u00e9xico. Con m\u00e1s de diez a\u00f1os de experiencia en el periodismo local, tengo una pasi\u00f3n por la investigaci\u00f3n y la difusi\u00f3n de informaci\u00f3n que valoriza nuestra hermosa comunidad. Mi compromiso es hacer de Santa Catarina una referencia en materia de transparencia y comunicaci\u00f3n municipal.\",\"sameAs\":[\"https:\/\/stacatarina.mx\/\"]}]}<\/script>\n<!-- \/ Yoast SEO plugin. -->","yoast_head_json":{"title":"Este suplemento ha sido retirado del mercado porque contiene di\u00f3xido de titanio prohibido. - Consejos - Santa Catarina","robots":{"index":"index","follow":"follow","max-snippet":"max-snippet:-1","max-image-preview":"max-image-preview:large","max-video-preview":"max-video-preview:-1"},"canonical":"https:\/\/stacatarina.mx\/consejos\/este-suplemento-ha-sido-retirado-del-mercado-porque-contiene-dioxido-de-titanio-prohibido\/","og_locale":"es_MX","og_type":"article","og_title":"Este suplemento ha sido retirado del mercado porque contiene di\u00f3xido de titanio prohibido. - Consejos - Santa Catarina","og_description":"El Ministerio de Sanidad ha retirado del mercado el complemento alimenticio Leninerv 600 por la presencia de di\u00f3xido de titanio (E171), prohibido en Europa a","og_url":"https:\/\/stacatarina.mx\/consejos\/este-suplemento-ha-sido-retirado-del-mercado-porque-contiene-dioxido-de-titanio-prohibido\/","og_site_name":"Santa Catarina","article_publisher":"https:\/\/www.facebook.com\/stacatarinagob\/","article_published_time":"2024-11-05T14:23:47+00:00","article_modified_time":"2024-11-05T14:23:48+00:00","og_image":[{"width":1500,"height":1000,"url":"https:\/\/stacatarina.mx\/consejos\/wp-content\/uploads\/2024\/11\/Este-suplemento-ha-sido-retirado-del-mercado-porque-contiene-dioxido.jpg","type":"image\/jpeg"}],"author":"Pedro Mart\u00ednez","twitter_card":"summary_large_image","twitter_creator":"@stacatarinagob","twitter_site":"@stacatarinagob","twitter_misc":{"Escrito por":"Pedro Mart\u00ednez","Tiempo de lectura":"1 minuto"},"schema":{"@context":"https:\/\/schema.org","@graph":[{"@type":"Article","@id":"https:\/\/stacatarina.mx\/consejos\/este-suplemento-ha-sido-retirado-del-mercado-porque-contiene-dioxido-de-titanio-prohibido\/#article","isPartOf":{"@id":"https:\/\/stacatarina.mx\/consejos\/este-suplemento-ha-sido-retirado-del-mercado-porque-contiene-dioxido-de-titanio-prohibido\/"},"author":{"name":"Pedro Mart\u00ednez","@id":"https:\/\/stacatarina.mx\/consejos\/#\/schema\/person\/0be60adffa8e4c4d0828fdf021450e8a"},"headline":"Este suplemento ha sido retirado del mercado porque contiene di\u00f3xido de titanio prohibido.","datePublished":"2024-11-05T14:23:47+00:00","dateModified":"2024-11-05T14:23:48+00:00","mainEntityOfPage":{"@id":"https:\/\/stacatarina.mx\/consejos\/este-suplemento-ha-sido-retirado-del-mercado-porque-contiene-dioxido-de-titanio-prohibido\/"},"wordCount":264,"publisher":{"@id":"https:\/\/stacatarina.mx\/consejos\/#organization"},"image":{"@id":"https:\/\/stacatarina.mx\/consejos\/este-suplemento-ha-sido-retirado-del-mercado-porque-contiene-dioxido-de-titanio-prohibido\/#primaryimage"},"thumbnailUrl":"https:\/\/stacatarina.mx\/consejos\/wp-content\/uploads\/2024\/11\/Este-suplemento-ha-sido-retirado-del-mercado-porque-contiene-dioxido.jpg","keywords":["contiene","del","di\u00f3xido","este","mercado","porque","prohibido","retirado","sido","suplemento","titanio"],"articleSection":["Salud"],"inLanguage":"es"},{"@type":"WebPage","@id":"https:\/\/stacatarina.mx\/consejos\/este-suplemento-ha-sido-retirado-del-mercado-porque-contiene-dioxido-de-titanio-prohibido\/","url":"https:\/\/stacatarina.mx\/consejos\/este-suplemento-ha-sido-retirado-del-mercado-porque-contiene-dioxido-de-titanio-prohibido\/","name":"Este suplemento ha sido retirado del mercado porque contiene di\u00f3xido de titanio prohibido. - Consejos - Santa Catarina","isPartOf":{"@id":"https:\/\/stacatarina.mx\/consejos\/#website"},"primaryImageOfPage":{"@id":"https:\/\/stacatarina.mx\/consejos\/este-suplemento-ha-sido-retirado-del-mercado-porque-contiene-dioxido-de-titanio-prohibido\/#primaryimage"},"image":{"@id":"https:\/\/stacatarina.mx\/consejos\/este-suplemento-ha-sido-retirado-del-mercado-porque-contiene-dioxido-de-titanio-prohibido\/#primaryimage"},"thumbnailUrl":"https:\/\/stacatarina.mx\/consejos\/wp-content\/uploads\/2024\/11\/Este-suplemento-ha-sido-retirado-del-mercado-porque-contiene-dioxido.jpg","datePublished":"2024-11-05T14:23:47+00:00","dateModified":"2024-11-05T14:23:48+00:00","breadcrumb":{"@id":"https:\/\/stacatarina.mx\/consejos\/este-suplemento-ha-sido-retirado-del-mercado-porque-contiene-dioxido-de-titanio-prohibido\/#breadcrumb"},"inLanguage":"es","potentialAction":[{"@type":"ReadAction","target":["https:\/\/stacatarina.mx\/consejos\/este-suplemento-ha-sido-retirado-del-mercado-porque-contiene-dioxido-de-titanio-prohibido\/"]}]},{"@type":"ImageObject","inLanguage":"es","@id":"https:\/\/stacatarina.mx\/consejos\/este-suplemento-ha-sido-retirado-del-mercado-porque-contiene-dioxido-de-titanio-prohibido\/#primaryimage","url":"https:\/\/stacatarina.mx\/consejos\/wp-content\/uploads\/2024\/11\/Este-suplemento-ha-sido-retirado-del-mercado-porque-contiene-dioxido.jpg","contentUrl":"https:\/\/stacatarina.mx\/consejos\/wp-content\/uploads\/2024\/11\/Este-suplemento-ha-sido-retirado-del-mercado-porque-contiene-dioxido.jpg","width":1500,"height":1000,"caption":"allerta integratore medicinale"},{"@type":"BreadcrumbList","@id":"https:\/\/stacatarina.mx\/consejos\/este-suplemento-ha-sido-retirado-del-mercado-porque-contiene-dioxido-de-titanio-prohibido\/#breadcrumb","itemListElement":[{"@type":"ListItem","position":1,"name":"Inicio","item":"https:\/\/stacatarina.mx\/consejos\/"},{"@type":"ListItem","position":2,"name":"Este suplemento ha sido retirado del mercado porque contiene di\u00f3xido de titanio prohibido."}]},{"@type":"WebSite","@id":"https:\/\/stacatarina.mx\/consejos\/#website","url":"https:\/\/stacatarina.mx\/consejos\/","name":"Santa Catarina","description":"","publisher":{"@id":"https:\/\/stacatarina.mx\/consejos\/#organization"},"potentialAction":[{"@type":"SearchAction","target":{"@type":"EntryPoint","urlTemplate":"https:\/\/stacatarina.mx\/consejos\/?s={search_term_string}"},"query-input":{"@type":"PropertyValueSpecification","valueRequired":true,"valueName":"search_term_string"}}],"inLanguage":"es"},{"@type":"Organization","@id":"https:\/\/stacatarina.mx\/consejos\/#organization","name":"Santa Catarina","url":"https:\/\/stacatarina.mx\/consejos\/","logo":{"@type":"ImageObject","inLanguage":"es","@id":"https:\/\/stacatarina.mx\/consejos\/#\/schema\/logo\/image\/","url":"https:\/\/stacatarina.mx\/consejos\/wp-content\/uploads\/2024\/09\/cropped-favicon-1-1.png","contentUrl":"https:\/\/stacatarina.mx\/consejos\/wp-content\/uploads\/2024\/09\/cropped-favicon-1-1.png","width":512,"height":512,"caption":"Santa Catarina"},"image":{"@id":"https:\/\/stacatarina.mx\/consejos\/#\/schema\/logo\/image\/"},"sameAs":["https:\/\/www.facebook.com\/stacatarinagob\/","https:\/\/x.com\/stacatarinagob","https:\/\/www.instagram.com\/stacatarinagob\/","https:\/\/www.youtube.com\/channel\/UCK-6cQJL_904665N1_nLTWw"]},{"@type":"Person","@id":"https:\/\/stacatarina.mx\/consejos\/#\/schema\/person\/0be60adffa8e4c4d0828fdf021450e8a","name":"Pedro Mart\u00ednez","image":{"@type":"ImageObject","inLanguage":"es","@id":"https:\/\/stacatarina.mx\/consejos\/#\/schema\/person\/image\/","url":"https:\/\/stacatarina.mx\/consejos\/wp-content\/uploads\/2024\/09\/stacatarina.jpg","contentUrl":"https:\/\/stacatarina.mx\/consejos\/wp-content\/uploads\/2024\/09\/stacatarina.jpg","caption":"Pedro Mart\u00ednez"},"description":"Hola, soy Pedro Mart\u00ednez, redactor jefe del sitio oficial del ayuntamiento de Santa Catarina, en M\u00e9xico. Con m\u00e1s de diez a\u00f1os de experiencia en el periodismo local, tengo una pasi\u00f3n por la investigaci\u00f3n y la difusi\u00f3n de informaci\u00f3n que valoriza nuestra hermosa comunidad. Mi compromiso es hacer de Santa Catarina una referencia en materia de transparencia y comunicaci\u00f3n municipal.","sameAs":["https:\/\/stacatarina.mx\/"]}]}},"_links":{"self":[{"href":"https:\/\/stacatarina.mx\/consejos\/wp-json\/wp\/v2\/posts\/1323"}],"collection":[{"href":"https:\/\/stacatarina.mx\/consejos\/wp-json\/wp\/v2\/posts"}],"about":[{"href":"https:\/\/stacatarina.mx\/consejos\/wp-json\/wp\/v2\/types\/post"}],"author":[{"embeddable":true,"href":"https:\/\/stacatarina.mx\/consejos\/wp-json\/wp\/v2\/users\/1"}],"replies":[{"embeddable":true,"href":"https:\/\/stacatarina.mx\/consejos\/wp-json\/wp\/v2\/comments?post=1323"}],"version-history":[{"count":1,"href":"https:\/\/stacatarina.mx\/consejos\/wp-json\/wp\/v2\/posts\/1323\/revisions"}],"predecessor-version":[{"id":1325,"href":"https:\/\/stacatarina.mx\/consejos\/wp-json\/wp\/v2\/posts\/1323\/revisions\/1325"}],"wp:featuredmedia":[{"embeddable":true,"href":"https:\/\/stacatarina.mx\/consejos\/wp-json\/wp\/v2\/media\/1324"}],"wp:attachment":[{"href":"https:\/\/stacatarina.mx\/consejos\/wp-json\/wp\/v2\/media?parent=1323"}],"wp:term":[{"taxonomy":"category","embeddable":true,"href":"https:\/\/stacatarina.mx\/consejos\/wp-json\/wp\/v2\/categories?post=1323"},{"taxonomy":"post_tag","embeddable":true,"href":"https:\/\/stacatarina.mx\/consejos\/wp-json\/wp\/v2\/tags?post=1323"}],"curies":[{"name":"wp","href":"https:\/\/api.w.org\/{rel}","templated":true}]}}