{"id":1346,"date":"2024-11-06T04:33:55","date_gmt":"2024-11-06T10:33:55","guid":{"rendered":"https:\/\/stacatarina.mx\/consejos\/asi-es-la-miel-mas-cara-del-mundo-se-llama-miel-de-elfo-y-cuesta-5-000-euros-el-kg\/"},"modified":"2024-11-06T04:33:55","modified_gmt":"2024-11-06T10:33:55","slug":"asi-es-la-miel-mas-cara-del-mundo-se-llama-miel-de-elfo-y-cuesta-5-000-euros-el-kg","status":"publish","type":"post","link":"https:\/\/stacatarina.mx\/consejos\/asi-es-la-miel-mas-cara-del-mundo-se-llama-miel-de-elfo-y-cuesta-5-000-euros-el-kg\/","title":{"rendered":"As\u00ed es la miel m\u00e1s cara del mundo, se llama miel de elfo y cuesta 5.000 euros el kg"},"content":{"rendered":"<p class=\"single-abstract\">\n<p>\t\t\t\t\t\t\t\t\t\t\t\t\t\t\t\t\tAs\u00ed es la miel m\u00e1s cara del mundo, se llama miel \u00e9lfica y cuesta 5.000 euros el kilo\t\t\t\t\t\t\t\t\t\t\t\t\t\t\t<\/p>\n<div class=\"daily-video\" style=\"display: none;\"><\/div>\n<div class=\"wrapper-player\" style=\"display: none; margin-bottom: 15px;\">\n<div id=\"daily-player\" style=\"position: relative; max-width: 100%;\" class=\"video-content\"><\/div>\n<\/p><\/div>\n<div class=\"image-wrapper featured-image no-lazy\" id=\"featured-image\"><\/div>\n<p>La miel \u00e9lfica, cuyo nombre significa &#8220;\u00e9lfico&#8221; en italiano, es un manjar que puede alcanzar el precio de 5.000 euros el kilo, lo que la convierte en uno de los productos m\u00e1s exclusivos y caros del mundo. Ninguna otra miel goza de tanta fama, gracias no s\u00f3lo a los particulares m\u00e9todos de producci\u00f3n, sino tambi\u00e9n a la rareza del lugar de donde procede y a las extraordinarias propiedades nutricionales que la caracterizan.<\/p>\n<p>El <strong>Miel<\/strong> El m\u00e1s caro del mundo se produce en <strong>Turqu\u00eda<\/strong>. se llama <strong>M\u00e1gico<\/strong> y su precio por kilo es <strong>5000euros<\/strong>. Esta variedad especial de miel se extrae a 1800 metros de profundidad en el valle de Saricayir, en la ciudad de Artvin, situada al noreste de T\u00fcrkiye.<\/p>\n<p>segun el <strong>apicultores locales<\/strong>La miel \u00e9lfica es muy cara porque se produce de forma totalmente natural. La riqueza de minerales de la cueva de la que se extrae mejora la calidad de la miel y aumenta su valor. Los apicultores vieron entrar a la cueva. <strong>las primeras abejas en 2009<\/strong>. Desde entonces se ha especulado que podr\u00eda contener miel.<\/p>\n<aside style=\"margin: 8px auto; text-align: center; display: block; clear: both;\">\n<div id=\"gpt-passback\">\n<\/div>\n<\/aside>\n<p>Con la ayuda de espele\u00f3logos, los apicultores pudieron acceder a las profundidades de la cueva. De esta manera se recuperaron bien. <strong>18 kilogramos de miel<\/strong>que se hab\u00eda depositado en las paredes internas de la cavidad. La miel \u00e9lfica ha sido sometida a pruebas espec\u00edficas que han confirmado su<strong>alta calidad<\/strong> y riqueza en<strong> sales minerales<\/strong>el. Las pruebas fueron realizadas por un laboratorio franc\u00e9s.<\/p>\n<p>El <strong>primer kilo de miel \u00e9lfica<\/strong> se vendi\u00f3 en Francia en 2009 por <strong>45 mil euros<\/strong>. Un a\u00f1o despu\u00e9s, un farmac\u00e9utico chino compr\u00f3 otro kilo, al precio de <strong>28 mil euros<\/strong>. Actualmente la miel \u00e9lfica cuesta 5.000 euros el kilo. Se vende en envases de 170 gramos y 250 gramos. En resumen, esta miel especial puede costar actualmente casi lo mismo que un coche peque\u00f1o.<\/p>\n<p style=\"text-align: center;\"><img loading=\"lazy\" decoding=\"async\" class=\"lazy lazy-hidden  size-full wp-image-502224\" data-lazy-type=\"image\" src=\"https:\/\/stacatarina.mx\/consejos\/wp-content\/uploads\/2024\/11\/1730889235_772_Asi-es-la-miel-mas-cara-del-mundo-se-llama.jpg\" alt=\"Miel \u00e9lfica T\u00fcrkiye cara\" width=\"500\" height=\"242\"  ><\/p>\n<p><noscript><img loading=\"lazy\" decoding=\"async\" class=\" size-full wp-image-502224\" src=\"https:\/\/stacatarina.mx\/consejos\/wp-content\/uploads\/2024\/11\/1730889235_772_Asi-es-la-miel-mas-cara-del-mundo-se-llama.jpg\" alt=\"Miel \u00e9lfica T\u00fcrkiye cara\" width=\"500\" height=\"242\"  ><\/noscript><\/p>\n<p style=\"text-align: center;\"><img loading=\"lazy\" decoding=\"async\" class=\"lazy lazy-hidden  size-full wp-image-502225\" data-lazy-type=\"image\" src=\"https:\/\/stacatarina.mx\/consejos\/wp-content\/uploads\/2024\/11\/1730889235_80_Asi-es-la-miel-mas-cara-del-mundo-se-llama.jpg\" alt=\"miel \u00e9lfica T\u00fcrkiye\" width=\"500\" height=\"323\"  ><\/p>\n<p><noscript><img loading=\"lazy\" decoding=\"async\" class=\" size-full wp-image-502225\" src=\"https:\/\/stacatarina.mx\/consejos\/wp-content\/uploads\/2024\/11\/1730889235_80_Asi-es-la-miel-mas-cara-del-mundo-se-llama.jpg\" alt=\"miel \u00e9lfica T\u00fcrkiye\" width=\"500\" height=\"323\"  ><\/noscript><\/p>\n<h2>Las propiedades de la miel \u00e9lfica<\/h2>\n<p>La miel \u00e9lfica es conocida no s\u00f3lo por su alto contenido en minerales, sino tambi\u00e9n por sus particulares propiedades beneficiosas para la salud. La combinaci\u00f3n de nutrientes y minerales \u00fanicos hacen de esta miel un aut\u00e9ntico elixir natural, indicado por los expertos como ayuda al sistema inmunol\u00f3gico, reduciendo la inflamaci\u00f3n e incluso mejorando la digesti\u00f3n. Algunos creen que puede favorecer la cicatrizaci\u00f3n de heridas gracias a sus propiedades antibacterianas, caracter\u00edsticas que han contribuido a aumentar su prestigio en el mercado mundial.<\/p>\n<h2>como se recoge<\/h2>\n<p>El proceso de recolecci\u00f3n de la miel \u00e9lfico es tan fascinante como exigente: los apicultores, equipados con equipos especiales, deben descender a las profundidades de la cueva para extraer la miel en condiciones dif\u00edciles, donde la humedad y la temperatura juegan un papel crucial en la calidad final de la miel. producto de miel. Este m\u00e9todo tradicional, combinado con el lugar exclusivo donde se recolecta, aumenta la rareza y el valor de la miel, haci\u00e9ndola accesible a unos pocos conocedores y entusiastas de productos exclusivos.<\/p>\n<p>Segundo <strong>Gunay Gunduz<\/strong>Seg\u00fan uno de los apicultores locales, la miel \u00e9lfica se puede utilizar como alimento y como verdadero<strong> droga<\/strong>. La miel se produce de forma totalmente natural y sin colmenas. La zona de producci\u00f3n es rica en plantas silvestres y medicinales, caracter\u00edstica que incrementa su precio. Generalmente el <strong>miel turca<\/strong> Se considera el mejor del mundo, pero los apicultores se quejan de la propagaci\u00f3n de <strong>miel artificial<\/strong>en detrimento de la buena miel natural producida en T\u00fcrkiye (sin tener en cuenta la miel \u00e9lfica), que no puede tener un precio inferior a 15 euros.<\/p>\n<\/p>\n<p>  Miel: 5 extraordinarias propiedades curativas<\/p>\n<aside style=\"margin: 8px auto; display: flex; justify-content: center; min-height: 251px;\">\n<div id=\"div-gpt-ad-MPU_Bottom_1\" style=\"min-width: 300px; min-height: 252px;\">\n<\/div>\n<\/aside>\n","protected":false},"excerpt":{"rendered":"<p>As\u00ed es la miel m\u00e1s cara del mundo, se llama miel \u00e9lfica y cuesta 5.000 euros el kilo La miel \u00e9lfica, cuyo nombre significa &#8220;\u00e9lfico&#8221;<\/p>\n","protected":false},"author":1,"featured_media":1347,"comment_status":"closed","ping_status":"","sticky":false,"template":"","format":"standard","meta":{"footnotes":""},"categories":[762],"tags":[946,1909,1912,23,1911,1913,1910,137,1908,501],"class_list":["post-1346","post","type-post","status-publish","format-standard","has-post-thumbnail","hentry","category-salud","tag-asi","tag-cara","tag-cuesta","tag-del","tag-elfo","tag-euros","tag-llama","tag-mas","tag-miel","tag-mundo","generate-columns","tablet-grid-50","mobile-grid-100","grid-parent","grid-50"],"yoast_head":"<!-- This site is optimized with the Yoast SEO plugin v23.4 - https:\/\/yoast.com\/wordpress\/plugins\/seo\/ -->\n<title>As\u00ed es la miel m\u00e1s cara del mundo, se llama miel de elfo y cuesta 5.000 euros el kg - Consejos - Santa Catarina<\/title>\n<meta name=\"robots\" content=\"index, follow, max-snippet:-1, max-image-preview:large, max-video-preview:-1\" \/>\n<link rel=\"canonical\" href=\"https:\/\/stacatarina.mx\/consejos\/asi-es-la-miel-mas-cara-del-mundo-se-llama-miel-de-elfo-y-cuesta-5-000-euros-el-kg\/\" \/>\n<meta property=\"og:locale\" content=\"es_MX\" \/>\n<meta property=\"og:type\" content=\"article\" \/>\n<meta property=\"og:title\" content=\"As\u00ed es la miel m\u00e1s cara del mundo, se llama miel de elfo y cuesta 5.000 euros el kg - Consejos - Santa Catarina\" \/>\n<meta property=\"og:description\" content=\"As\u00ed es la miel m\u00e1s cara del mundo, se llama miel \u00e9lfica y cuesta 5.000 euros el kilo La miel \u00e9lfica, cuyo nombre significa &#8220;\u00e9lfico&#8221;\" \/>\n<meta property=\"og:url\" content=\"https:\/\/stacatarina.mx\/consejos\/asi-es-la-miel-mas-cara-del-mundo-se-llama-miel-de-elfo-y-cuesta-5-000-euros-el-kg\/\" \/>\n<meta property=\"og:site_name\" content=\"Santa Catarina\" \/>\n<meta property=\"article:publisher\" content=\"https:\/\/www.facebook.com\/stacatarinagob\/\" \/>\n<meta property=\"article:published_time\" content=\"2024-11-06T10:33:55+00:00\" \/>\n<meta property=\"og:image\" content=\"https:\/\/stacatarina.mx\/consejos\/wp-content\/uploads\/2024\/11\/Asi-es-la-miel-mas-cara-del-mundo-se-llama.jpg\" \/>\n\t<meta property=\"og:image:width\" content=\"1500\" \/>\n\t<meta property=\"og:image:height\" content=\"1000\" \/>\n\t<meta property=\"og:image:type\" content=\"image\/jpeg\" \/>\n<meta name=\"author\" content=\"Pedro Mart\u00ednez\" \/>\n<meta name=\"twitter:card\" content=\"summary_large_image\" \/>\n<meta name=\"twitter:creator\" content=\"@stacatarinagob\" \/>\n<meta name=\"twitter:site\" content=\"@stacatarinagob\" \/>\n<meta name=\"twitter:label1\" content=\"Escrito por\" \/>\n\t<meta name=\"twitter:data1\" content=\"Pedro Mart\u00ednez\" \/>\n\t<meta name=\"twitter:label2\" content=\"Tiempo de lectura\" \/>\n\t<meta name=\"twitter:data2\" content=\"3 minutos\" \/>\n<script type=\"application\/ld+json\" class=\"yoast-schema-graph\">{\"@context\":\"https:\/\/schema.org\",\"@graph\":[{\"@type\":\"Article\",\"@id\":\"https:\/\/stacatarina.mx\/consejos\/asi-es-la-miel-mas-cara-del-mundo-se-llama-miel-de-elfo-y-cuesta-5-000-euros-el-kg\/#article\",\"isPartOf\":{\"@id\":\"https:\/\/stacatarina.mx\/consejos\/asi-es-la-miel-mas-cara-del-mundo-se-llama-miel-de-elfo-y-cuesta-5-000-euros-el-kg\/\"},\"author\":{\"name\":\"Pedro Mart\u00ednez\",\"@id\":\"https:\/\/stacatarina.mx\/consejos\/#\/schema\/person\/0be60adffa8e4c4d0828fdf021450e8a\"},\"headline\":\"As\u00ed es la miel m\u00e1s cara del mundo, se llama miel de elfo y cuesta 5.000 euros el kg\",\"datePublished\":\"2024-11-06T10:33:55+00:00\",\"dateModified\":\"2024-11-06T10:33:55+00:00\",\"mainEntityOfPage\":{\"@id\":\"https:\/\/stacatarina.mx\/consejos\/asi-es-la-miel-mas-cara-del-mundo-se-llama-miel-de-elfo-y-cuesta-5-000-euros-el-kg\/\"},\"wordCount\":641,\"publisher\":{\"@id\":\"https:\/\/stacatarina.mx\/consejos\/#organization\"},\"image\":{\"@id\":\"https:\/\/stacatarina.mx\/consejos\/asi-es-la-miel-mas-cara-del-mundo-se-llama-miel-de-elfo-y-cuesta-5-000-euros-el-kg\/#primaryimage\"},\"thumbnailUrl\":\"https:\/\/stacatarina.mx\/consejos\/wp-content\/uploads\/2024\/11\/Asi-es-la-miel-mas-cara-del-mundo-se-llama.jpg\",\"keywords\":[\"as\u00ed\",\"cara\",\"cuesta\",\"del\",\"elfo\",\"euros\",\"llama\",\"m\u00e1s\",\"miel\",\"mundo\"],\"articleSection\":[\"Salud\"],\"inLanguage\":\"es\"},{\"@type\":\"WebPage\",\"@id\":\"https:\/\/stacatarina.mx\/consejos\/asi-es-la-miel-mas-cara-del-mundo-se-llama-miel-de-elfo-y-cuesta-5-000-euros-el-kg\/\",\"url\":\"https:\/\/stacatarina.mx\/consejos\/asi-es-la-miel-mas-cara-del-mundo-se-llama-miel-de-elfo-y-cuesta-5-000-euros-el-kg\/\",\"name\":\"As\u00ed es la miel m\u00e1s cara del mundo, se llama miel de elfo y cuesta 5.000 euros el kg - Consejos - Santa Catarina\",\"isPartOf\":{\"@id\":\"https:\/\/stacatarina.mx\/consejos\/#website\"},\"primaryImageOfPage\":{\"@id\":\"https:\/\/stacatarina.mx\/consejos\/asi-es-la-miel-mas-cara-del-mundo-se-llama-miel-de-elfo-y-cuesta-5-000-euros-el-kg\/#primaryimage\"},\"image\":{\"@id\":\"https:\/\/stacatarina.mx\/consejos\/asi-es-la-miel-mas-cara-del-mundo-se-llama-miel-de-elfo-y-cuesta-5-000-euros-el-kg\/#primaryimage\"},\"thumbnailUrl\":\"https:\/\/stacatarina.mx\/consejos\/wp-content\/uploads\/2024\/11\/Asi-es-la-miel-mas-cara-del-mundo-se-llama.jpg\",\"datePublished\":\"2024-11-06T10:33:55+00:00\",\"dateModified\":\"2024-11-06T10:33:55+00:00\",\"breadcrumb\":{\"@id\":\"https:\/\/stacatarina.mx\/consejos\/asi-es-la-miel-mas-cara-del-mundo-se-llama-miel-de-elfo-y-cuesta-5-000-euros-el-kg\/#breadcrumb\"},\"inLanguage\":\"es\",\"potentialAction\":[{\"@type\":\"ReadAction\",\"target\":[\"https:\/\/stacatarina.mx\/consejos\/asi-es-la-miel-mas-cara-del-mundo-se-llama-miel-de-elfo-y-cuesta-5-000-euros-el-kg\/\"]}]},{\"@type\":\"ImageObject\",\"inLanguage\":\"es\",\"@id\":\"https:\/\/stacatarina.mx\/consejos\/asi-es-la-miel-mas-cara-del-mundo-se-llama-miel-de-elfo-y-cuesta-5-000-euros-el-kg\/#primaryimage\",\"url\":\"https:\/\/stacatarina.mx\/consejos\/wp-content\/uploads\/2024\/11\/Asi-es-la-miel-mas-cara-del-mundo-se-llama.jpg\",\"contentUrl\":\"https:\/\/stacatarina.mx\/consejos\/wp-content\/uploads\/2024\/11\/Asi-es-la-miel-mas-cara-del-mundo-se-llama.jpg\",\"width\":1500,\"height\":1000,\"caption\":\"miele elvish\"},{\"@type\":\"BreadcrumbList\",\"@id\":\"https:\/\/stacatarina.mx\/consejos\/asi-es-la-miel-mas-cara-del-mundo-se-llama-miel-de-elfo-y-cuesta-5-000-euros-el-kg\/#breadcrumb\",\"itemListElement\":[{\"@type\":\"ListItem\",\"position\":1,\"name\":\"Inicio\",\"item\":\"https:\/\/stacatarina.mx\/consejos\/\"},{\"@type\":\"ListItem\",\"position\":2,\"name\":\"As\u00ed es la miel m\u00e1s cara del mundo, se llama miel de elfo y cuesta 5.000 euros el kg\"}]},{\"@type\":\"WebSite\",\"@id\":\"https:\/\/stacatarina.mx\/consejos\/#website\",\"url\":\"https:\/\/stacatarina.mx\/consejos\/\",\"name\":\"Santa Catarina\",\"description\":\"\",\"publisher\":{\"@id\":\"https:\/\/stacatarina.mx\/consejos\/#organization\"},\"potentialAction\":[{\"@type\":\"SearchAction\",\"target\":{\"@type\":\"EntryPoint\",\"urlTemplate\":\"https:\/\/stacatarina.mx\/consejos\/?s={search_term_string}\"},\"query-input\":{\"@type\":\"PropertyValueSpecification\",\"valueRequired\":true,\"valueName\":\"search_term_string\"}}],\"inLanguage\":\"es\"},{\"@type\":\"Organization\",\"@id\":\"https:\/\/stacatarina.mx\/consejos\/#organization\",\"name\":\"Santa Catarina\",\"url\":\"https:\/\/stacatarina.mx\/consejos\/\",\"logo\":{\"@type\":\"ImageObject\",\"inLanguage\":\"es\",\"@id\":\"https:\/\/stacatarina.mx\/consejos\/#\/schema\/logo\/image\/\",\"url\":\"https:\/\/stacatarina.mx\/consejos\/wp-content\/uploads\/2024\/09\/cropped-favicon-1-1.png\",\"contentUrl\":\"https:\/\/stacatarina.mx\/consejos\/wp-content\/uploads\/2024\/09\/cropped-favicon-1-1.png\",\"width\":512,\"height\":512,\"caption\":\"Santa Catarina\"},\"image\":{\"@id\":\"https:\/\/stacatarina.mx\/consejos\/#\/schema\/logo\/image\/\"},\"sameAs\":[\"https:\/\/www.facebook.com\/stacatarinagob\/\",\"https:\/\/x.com\/stacatarinagob\",\"https:\/\/www.instagram.com\/stacatarinagob\/\",\"https:\/\/www.youtube.com\/channel\/UCK-6cQJL_904665N1_nLTWw\"]},{\"@type\":\"Person\",\"@id\":\"https:\/\/stacatarina.mx\/consejos\/#\/schema\/person\/0be60adffa8e4c4d0828fdf021450e8a\",\"name\":\"Pedro Mart\u00ednez\",\"image\":{\"@type\":\"ImageObject\",\"inLanguage\":\"es\",\"@id\":\"https:\/\/stacatarina.mx\/consejos\/#\/schema\/person\/image\/\",\"url\":\"https:\/\/stacatarina.mx\/consejos\/wp-content\/uploads\/2024\/09\/stacatarina.jpg\",\"contentUrl\":\"https:\/\/stacatarina.mx\/consejos\/wp-content\/uploads\/2024\/09\/stacatarina.jpg\",\"caption\":\"Pedro Mart\u00ednez\"},\"description\":\"Hola, soy Pedro Mart\u00ednez, redactor jefe del sitio oficial del ayuntamiento de Santa Catarina, en M\u00e9xico. Con m\u00e1s de diez a\u00f1os de experiencia en el periodismo local, tengo una pasi\u00f3n por la investigaci\u00f3n y la difusi\u00f3n de informaci\u00f3n que valoriza nuestra hermosa comunidad. Mi compromiso es hacer de Santa Catarina una referencia en materia de transparencia y comunicaci\u00f3n municipal.\",\"sameAs\":[\"https:\/\/stacatarina.mx\/\"]}]}<\/script>\n<!-- \/ Yoast SEO plugin. -->","yoast_head_json":{"title":"As\u00ed es la miel m\u00e1s cara del mundo, se llama miel de elfo y cuesta 5.000 euros el kg - Consejos - Santa Catarina","robots":{"index":"index","follow":"follow","max-snippet":"max-snippet:-1","max-image-preview":"max-image-preview:large","max-video-preview":"max-video-preview:-1"},"canonical":"https:\/\/stacatarina.mx\/consejos\/asi-es-la-miel-mas-cara-del-mundo-se-llama-miel-de-elfo-y-cuesta-5-000-euros-el-kg\/","og_locale":"es_MX","og_type":"article","og_title":"As\u00ed es la miel m\u00e1s cara del mundo, se llama miel de elfo y cuesta 5.000 euros el kg - Consejos - Santa Catarina","og_description":"As\u00ed es la miel m\u00e1s cara del mundo, se llama miel \u00e9lfica y cuesta 5.000 euros el kilo La miel \u00e9lfica, cuyo nombre significa &#8220;\u00e9lfico&#8221;","og_url":"https:\/\/stacatarina.mx\/consejos\/asi-es-la-miel-mas-cara-del-mundo-se-llama-miel-de-elfo-y-cuesta-5-000-euros-el-kg\/","og_site_name":"Santa Catarina","article_publisher":"https:\/\/www.facebook.com\/stacatarinagob\/","article_published_time":"2024-11-06T10:33:55+00:00","og_image":[{"width":1500,"height":1000,"url":"https:\/\/stacatarina.mx\/consejos\/wp-content\/uploads\/2024\/11\/Asi-es-la-miel-mas-cara-del-mundo-se-llama.jpg","type":"image\/jpeg"}],"author":"Pedro Mart\u00ednez","twitter_card":"summary_large_image","twitter_creator":"@stacatarinagob","twitter_site":"@stacatarinagob","twitter_misc":{"Escrito por":"Pedro Mart\u00ednez","Tiempo de lectura":"3 minutos"},"schema":{"@context":"https:\/\/schema.org","@graph":[{"@type":"Article","@id":"https:\/\/stacatarina.mx\/consejos\/asi-es-la-miel-mas-cara-del-mundo-se-llama-miel-de-elfo-y-cuesta-5-000-euros-el-kg\/#article","isPartOf":{"@id":"https:\/\/stacatarina.mx\/consejos\/asi-es-la-miel-mas-cara-del-mundo-se-llama-miel-de-elfo-y-cuesta-5-000-euros-el-kg\/"},"author":{"name":"Pedro Mart\u00ednez","@id":"https:\/\/stacatarina.mx\/consejos\/#\/schema\/person\/0be60adffa8e4c4d0828fdf021450e8a"},"headline":"As\u00ed es la miel m\u00e1s cara del mundo, se llama miel de elfo y cuesta 5.000 euros el kg","datePublished":"2024-11-06T10:33:55+00:00","dateModified":"2024-11-06T10:33:55+00:00","mainEntityOfPage":{"@id":"https:\/\/stacatarina.mx\/consejos\/asi-es-la-miel-mas-cara-del-mundo-se-llama-miel-de-elfo-y-cuesta-5-000-euros-el-kg\/"},"wordCount":641,"publisher":{"@id":"https:\/\/stacatarina.mx\/consejos\/#organization"},"image":{"@id":"https:\/\/stacatarina.mx\/consejos\/asi-es-la-miel-mas-cara-del-mundo-se-llama-miel-de-elfo-y-cuesta-5-000-euros-el-kg\/#primaryimage"},"thumbnailUrl":"https:\/\/stacatarina.mx\/consejos\/wp-content\/uploads\/2024\/11\/Asi-es-la-miel-mas-cara-del-mundo-se-llama.jpg","keywords":["as\u00ed","cara","cuesta","del","elfo","euros","llama","m\u00e1s","miel","mundo"],"articleSection":["Salud"],"inLanguage":"es"},{"@type":"WebPage","@id":"https:\/\/stacatarina.mx\/consejos\/asi-es-la-miel-mas-cara-del-mundo-se-llama-miel-de-elfo-y-cuesta-5-000-euros-el-kg\/","url":"https:\/\/stacatarina.mx\/consejos\/asi-es-la-miel-mas-cara-del-mundo-se-llama-miel-de-elfo-y-cuesta-5-000-euros-el-kg\/","name":"As\u00ed es la miel m\u00e1s cara del mundo, se llama miel de elfo y cuesta 5.000 euros el kg - Consejos - Santa Catarina","isPartOf":{"@id":"https:\/\/stacatarina.mx\/consejos\/#website"},"primaryImageOfPage":{"@id":"https:\/\/stacatarina.mx\/consejos\/asi-es-la-miel-mas-cara-del-mundo-se-llama-miel-de-elfo-y-cuesta-5-000-euros-el-kg\/#primaryimage"},"image":{"@id":"https:\/\/stacatarina.mx\/consejos\/asi-es-la-miel-mas-cara-del-mundo-se-llama-miel-de-elfo-y-cuesta-5-000-euros-el-kg\/#primaryimage"},"thumbnailUrl":"https:\/\/stacatarina.mx\/consejos\/wp-content\/uploads\/2024\/11\/Asi-es-la-miel-mas-cara-del-mundo-se-llama.jpg","datePublished":"2024-11-06T10:33:55+00:00","dateModified":"2024-11-06T10:33:55+00:00","breadcrumb":{"@id":"https:\/\/stacatarina.mx\/consejos\/asi-es-la-miel-mas-cara-del-mundo-se-llama-miel-de-elfo-y-cuesta-5-000-euros-el-kg\/#breadcrumb"},"inLanguage":"es","potentialAction":[{"@type":"ReadAction","target":["https:\/\/stacatarina.mx\/consejos\/asi-es-la-miel-mas-cara-del-mundo-se-llama-miel-de-elfo-y-cuesta-5-000-euros-el-kg\/"]}]},{"@type":"ImageObject","inLanguage":"es","@id":"https:\/\/stacatarina.mx\/consejos\/asi-es-la-miel-mas-cara-del-mundo-se-llama-miel-de-elfo-y-cuesta-5-000-euros-el-kg\/#primaryimage","url":"https:\/\/stacatarina.mx\/consejos\/wp-content\/uploads\/2024\/11\/Asi-es-la-miel-mas-cara-del-mundo-se-llama.jpg","contentUrl":"https:\/\/stacatarina.mx\/consejos\/wp-content\/uploads\/2024\/11\/Asi-es-la-miel-mas-cara-del-mundo-se-llama.jpg","width":1500,"height":1000,"caption":"miele elvish"},{"@type":"BreadcrumbList","@id":"https:\/\/stacatarina.mx\/consejos\/asi-es-la-miel-mas-cara-del-mundo-se-llama-miel-de-elfo-y-cuesta-5-000-euros-el-kg\/#breadcrumb","itemListElement":[{"@type":"ListItem","position":1,"name":"Inicio","item":"https:\/\/stacatarina.mx\/consejos\/"},{"@type":"ListItem","position":2,"name":"As\u00ed es la miel m\u00e1s cara del mundo, se llama miel de elfo y cuesta 5.000 euros el kg"}]},{"@type":"WebSite","@id":"https:\/\/stacatarina.mx\/consejos\/#website","url":"https:\/\/stacatarina.mx\/consejos\/","name":"Santa Catarina","description":"","publisher":{"@id":"https:\/\/stacatarina.mx\/consejos\/#organization"},"potentialAction":[{"@type":"SearchAction","target":{"@type":"EntryPoint","urlTemplate":"https:\/\/stacatarina.mx\/consejos\/?s={search_term_string}"},"query-input":{"@type":"PropertyValueSpecification","valueRequired":true,"valueName":"search_term_string"}}],"inLanguage":"es"},{"@type":"Organization","@id":"https:\/\/stacatarina.mx\/consejos\/#organization","name":"Santa Catarina","url":"https:\/\/stacatarina.mx\/consejos\/","logo":{"@type":"ImageObject","inLanguage":"es","@id":"https:\/\/stacatarina.mx\/consejos\/#\/schema\/logo\/image\/","url":"https:\/\/stacatarina.mx\/consejos\/wp-content\/uploads\/2024\/09\/cropped-favicon-1-1.png","contentUrl":"https:\/\/stacatarina.mx\/consejos\/wp-content\/uploads\/2024\/09\/cropped-favicon-1-1.png","width":512,"height":512,"caption":"Santa Catarina"},"image":{"@id":"https:\/\/stacatarina.mx\/consejos\/#\/schema\/logo\/image\/"},"sameAs":["https:\/\/www.facebook.com\/stacatarinagob\/","https:\/\/x.com\/stacatarinagob","https:\/\/www.instagram.com\/stacatarinagob\/","https:\/\/www.youtube.com\/channel\/UCK-6cQJL_904665N1_nLTWw"]},{"@type":"Person","@id":"https:\/\/stacatarina.mx\/consejos\/#\/schema\/person\/0be60adffa8e4c4d0828fdf021450e8a","name":"Pedro Mart\u00ednez","image":{"@type":"ImageObject","inLanguage":"es","@id":"https:\/\/stacatarina.mx\/consejos\/#\/schema\/person\/image\/","url":"https:\/\/stacatarina.mx\/consejos\/wp-content\/uploads\/2024\/09\/stacatarina.jpg","contentUrl":"https:\/\/stacatarina.mx\/consejos\/wp-content\/uploads\/2024\/09\/stacatarina.jpg","caption":"Pedro Mart\u00ednez"},"description":"Hola, soy Pedro Mart\u00ednez, redactor jefe del sitio oficial del ayuntamiento de Santa Catarina, en M\u00e9xico. Con m\u00e1s de diez a\u00f1os de experiencia en el periodismo local, tengo una pasi\u00f3n por la investigaci\u00f3n y la difusi\u00f3n de informaci\u00f3n que valoriza nuestra hermosa comunidad. Mi compromiso es hacer de Santa Catarina una referencia en materia de transparencia y comunicaci\u00f3n municipal.","sameAs":["https:\/\/stacatarina.mx\/"]}]}},"_links":{"self":[{"href":"https:\/\/stacatarina.mx\/consejos\/wp-json\/wp\/v2\/posts\/1346"}],"collection":[{"href":"https:\/\/stacatarina.mx\/consejos\/wp-json\/wp\/v2\/posts"}],"about":[{"href":"https:\/\/stacatarina.mx\/consejos\/wp-json\/wp\/v2\/types\/post"}],"author":[{"embeddable":true,"href":"https:\/\/stacatarina.mx\/consejos\/wp-json\/wp\/v2\/users\/1"}],"replies":[{"embeddable":true,"href":"https:\/\/stacatarina.mx\/consejos\/wp-json\/wp\/v2\/comments?post=1346"}],"version-history":[{"count":1,"href":"https:\/\/stacatarina.mx\/consejos\/wp-json\/wp\/v2\/posts\/1346\/revisions"}],"predecessor-version":[{"id":1348,"href":"https:\/\/stacatarina.mx\/consejos\/wp-json\/wp\/v2\/posts\/1346\/revisions\/1348"}],"wp:featuredmedia":[{"embeddable":true,"href":"https:\/\/stacatarina.mx\/consejos\/wp-json\/wp\/v2\/media\/1347"}],"wp:attachment":[{"href":"https:\/\/stacatarina.mx\/consejos\/wp-json\/wp\/v2\/media?parent=1346"}],"wp:term":[{"taxonomy":"category","embeddable":true,"href":"https:\/\/stacatarina.mx\/consejos\/wp-json\/wp\/v2\/categories?post=1346"},{"taxonomy":"post_tag","embeddable":true,"href":"https:\/\/stacatarina.mx\/consejos\/wp-json\/wp\/v2\/tags?post=1346"}],"curies":[{"name":"wp","href":"https:\/\/api.w.org\/{rel}","templated":true}]}}