{"id":1349,"date":"2024-11-06T09:25:26","date_gmt":"2024-11-06T15:25:26","guid":{"rendered":"https:\/\/stacatarina.mx\/consejos\/desastre-de-valencia-ahora-existe-riesgo-de-epidemias-y-brotes-contagiosos-en-las-zonas-afectadas-por-la-inundacion\/"},"modified":"2024-11-06T09:25:28","modified_gmt":"2024-11-06T15:25:28","slug":"desastre-de-valencia-ahora-existe-riesgo-de-epidemias-y-brotes-contagiosos-en-las-zonas-afectadas-por-la-inundacion","status":"publish","type":"post","link":"https:\/\/stacatarina.mx\/consejos\/desastre-de-valencia-ahora-existe-riesgo-de-epidemias-y-brotes-contagiosos-en-las-zonas-afectadas-por-la-inundacion\/","title":{"rendered":"Desastre de Valencia: ahora existe riesgo de epidemias y brotes contagiosos en las zonas afectadas por la inundaci\u00f3n"},"content":{"rendered":"<p class=\"single-abstract\">\n<p>\t\t\t\t\t\t\t\t\t\t\t\t\t\t\t\t\tUna semana despu\u00e9s de la mayor inundaci\u00f3n de la historia reciente de Espa\u00f1a, los afectados se enfrentan a un nuevo riesgo: las condiciones higi\u00e9nicas\t\t\t\t\t\t\t\t\t\t\t\t\t\t\t<\/p>\n<div class=\"daily-video\" style=\"display: none;\"><\/div>\n<div class=\"wrapper-player\" style=\"display: none; margin-bottom: 15px;\">\n<div id=\"daily-player\" style=\"position: relative; max-width: 100%;\" class=\"video-content\"><\/div>\n<\/p><\/div>\n<div class=\"image-wrapper featured-image no-lazy\" id=\"featured-image\"><\/div>\n<p>Las lluvias torrenciales provocadas por Dana en la Comunidad Valenciana desencadenaron el apocalipsis el pasado martes. Unas inundaciones catastr\u00f3ficas han arrasado con todo a su paso, desde veh\u00edculos hasta mobiliario urbano, pasando por edificios inundados y dejado (por el momento) <strong>m\u00e1s de 200 muertes<\/strong> y cientos de desaparecidos.<\/p>\n<p>Har\u00e1 falta tiempo para que los habitantes de ciudades como Paiporta, la m\u00e1s afectada, Picanya, Sedav\u00ed, Alfafar, Massanassa o Catarroja recuperen su vida normal. Hay varias zonas todav\u00eda sin electricidad ni agua corriente y mientras tanto las carreteras <strong>acumulan barro, basura y <\/strong>veh\u00edculos uno encima del otro.<\/p>\n<aside style=\"margin: 8px auto; text-align: center; display: block; clear: both;\">\n<div id=\"gpt-passback\">\n<\/div>\n<\/aside>\n<p>Una situaci\u00f3n que cada d\u00eda es menos higi\u00e9nica y en diversos lugares podr\u00eda favorecer la <strong>propagaci\u00f3n de virus y bacterias <\/strong>entre residentes, personal de emergencia y voluntarios.<\/p>\n<h2><span class=\"ez-toc-section\" id=\"I_batteri_piu_pericolosi\"><\/span>Las bacterias m\u00e1s peligrosas.<span class=\"ez-toc-section-end\"><\/span><\/h2>\n<blockquote>\n<p>Las redes de agua sanitaria han sido destruidas y hay contaminaci\u00f3n en toda la zona. Las aguas residuales se mezclaron y esparcieron por donde pas\u00f3 el agua, lo que incluye bacterias pat\u00f3genas o potencialmente pat\u00f3genas, como <em>E. coli, Salmonella<\/em>virus intestinales y algunos tipos de par\u00e1sitos como <em>criptosporidio<\/em>explica Jos\u00e9 Manuel Bautista, profesor del Departamento de Bioqu\u00edmica y Biolog\u00eda Molecular de la Universidad Complutense de Madrid.<\/p>\n<\/blockquote>\n<p>Esto puede generar brotes de diarrea, gastroenteritis y enfermedades de este tipo y adem\u00e1s el agua estancada podr\u00eda favorecerlo.<strong> la proliferaci\u00f3n de mosquitos<\/strong>provocando un riesgo adicional (como la fiebre del Nilo).<\/p>\n<h3><span class=\"ez-toc-section\" id=\"Il_tetano\"><\/span>T\u00e9tanos<span class=\"ez-toc-section-end\"><\/span><\/h3>\n<p>Actualmente es considerada la enfermedad de mayor riesgo en las zonas afectadas, tanto es as\u00ed que el lunes comenz\u00f3 una<strong> campa\u00f1a de vacunaci\u00f3n contra el t\u00e9tanos<\/strong>.<\/p>\n<p><em>Clostridium tetani<\/em> es una bacteria que se encuentra en el suelo y lugares relacionados con el hierro y el barro. Cuando hay cortes o heridas en condiciones de bajo ox\u00edgeno, estas bacterias pueden crecer y contaminar las heridas, aumentando el riesgo de t\u00e9tanos, explica el epidemi\u00f3logo Bautista.<\/p>\n<div class=\"wordpress responsive-container\">\n<blockquote class=\"twitter-tweet\" data-width=\"500\" data-dnt=\"true\">\n<p lang=\"es\" dir=\"ltr\">Militares del Army de Tierra quitan barro de la calle en <a rel=\"nofollow noopener\" href=\"https:\/\/twitter.com\/hashtag\/Masanassa?src=hash&amp;ref_src=twsrc%5Etfw\" data-wpel-link=\"external\" target=\"_blank\">#masanassa<\/a> <a rel=\"nofollow noopener\" href=\"https:\/\/twitter.com\/hashtag\/Valencia?src=hash&amp;ref_src=twsrc%5Etfw\" data-wpel-link=\"external\" target=\"_blank\">#Valencia<\/a> <a rel=\"nofollow noopener\" href=\"https:\/\/twitter.com\/hashtag\/DANA?src=hash&amp;ref_src=twsrc%5Etfw\" data-wpel-link=\"external\" target=\"_blank\">#DANA<\/a> <a rel=\"nofollow noopener\" href=\"https:\/\/t.co\/EYxs4BN9mn\" data-wpel-link=\"external\" target=\"_blank\">pic.twitter.com\/EYxs4BN9mn<\/a><\/p>\n<p>\u2014 Alerta Zeta | Sucesos \ud83c\uddea\ud83c\uddf8 (@AlertaZeta) <a rel=\"nofollow noopener\" href=\"https:\/\/twitter.com\/AlertaZeta\/status\/1853152667075518508?ref_src=twsrc%5Etfw\" data-wpel-link=\"external\" target=\"_blank\">3 de noviembre de 2024<\/a><\/p>\n<\/blockquote>\n<\/div>\n<h3><span class=\"ez-toc-section\" id=\"La_leptospirosi\"><\/span>leptospirosis<span class=\"ez-toc-section-end\"><\/span><\/h3>\n<p>La leptospirosis, una infecci\u00f3n bacteriana transmitida por animales y especialmente en ambientes h\u00famedos, se debe a una bacteria que se encuentra especialmente en <strong>aguas residuales<\/strong>. Puede ingresar al cuerpo a trav\u00e9s de peque\u00f1as heridas y suele tardar entre una semana y 15 d\u00edas en aparecer.<\/p>\n<h3><span class=\"ez-toc-section\" id=\"I_pericoli_del_fango\"><\/span>Los peligros del barro<span class=\"ez-toc-section-end\"><\/span><\/h3>\n<p>Es el elemento m\u00e1s recurrente en los que llegan desde Espa\u00f1a estos d\u00edas. Pero el barro tambi\u00e9n podr\u00eda contener <strong>bacterias pat\u00f3genas <\/strong>que contaminan las manos y los alimentos.<\/p>\n<p>Y, advierte Bautista, podr\u00eda haber tambi\u00e9n<strong> residuos qu\u00edmicos<\/strong> \u201c<em>ya que, si hay industria en la zona, el agua puede haber transportado qu\u00edmicos, que pueden provocar infecciones en la piel.<\/em>\u201d.<\/p>\n<p>Adem\u00e1s, en ambientes muy h\u00famedos durante la limpieza tambi\u00e9n puede haber riesgo de <strong>enfermedades respiratorias<\/strong>.<\/p>\n<h3><span class=\"ez-toc-section\" id=\"La_materia_organica\"><\/span>Materia organica<span class=\"ez-toc-section-end\"><\/span><\/h3>\n<p>materia org\u00e1nica en <strong>descomposici\u00f3n<\/strong> se sabe que facilita el crecimiento de bacterias y hongos, ya que encuentran los nutrientes para crecer. Adem\u00e1s, si el agua est\u00e1 estancada, esta contaminaci\u00f3n se propaga.<\/p>\n<aside style=\"margin: 8px auto; display: flex; justify-content: center; min-height: 251px;\">\n<div id=\"div-gpt-ad-MPU_Bottom_1\" style=\"min-width: 300px; min-height: 252px;\">\n<\/div>\n<\/aside>\n<p>La descomposici\u00f3n de la materia org\u00e1nica produce bacterias como <strong>estafilococos y estreptococos<\/strong>entre otros, que pueden provocar infecciones relacionadas con <em>Salmonela<\/em>infecciones cut\u00e1neas y respiratorias, y toxinas gastrointestinales producidas por algunas de estas bacterias, como la gastroenteritis.<\/p>\n<p>Por eso los expertos consideran prioritario retirar la basura y cad\u00e1veres de animales de las calles lo antes posible y el Ministerio de Sanidad espa\u00f1ol ha publicado una lista de recomendaciones y medidas para quienes retiren el barro y los residuos de las calles estos d\u00edas.<\/p>\n<p>Entre otras cosas, les recomienda usar ropa de manga larga y pantalones largos, as\u00ed como <strong>m\u00e1scara, guantes<\/strong> y otros elementos para proteger la nariz, boca, ojos y manos. Tambi\u00e9n se pide a la poblaci\u00f3n evitar consumir alimentos potencialmente peligrosos, beber \u00fanicamente agua embotellada y desinfectar al m\u00e1ximo sus hogares. O lo que queda.<\/p>\n<\/p>\n<p><script async src=\"https:\/\/platform.twitter.com\/widgets.js\" charset=\"utf-8\"><\/script><\/p>\n","protected":false},"excerpt":{"rendered":"<p>Una semana despu\u00e9s de la mayor inundaci\u00f3n de la historia reciente de Espa\u00f1a, los afectados se enfrentan a un nuevo riesgo: las condiciones higi\u00e9nicas Las<\/p>\n","protected":false},"author":1,"featured_media":1350,"comment_status":"closed","ping_status":"","sticky":false,"template":"","format":"standard","meta":{"footnotes":""},"categories":[762],"tags":[1920,534,1917,1918,1914,1916,1687,1921,34,112,939,1915,1919],"class_list":["post-1349","post","type-post","status-publish","format-standard","has-post-thumbnail","hentry","category-salud","tag-afectadas","tag-ahora","tag-brotes","tag-contagiosos","tag-desastre","tag-epidemias","tag-existe","tag-inundacion","tag-las","tag-por","tag-riesgo","tag-valencia","tag-zonas","generate-columns","tablet-grid-50","mobile-grid-100","grid-parent","grid-50"],"yoast_head":"<!-- This site is optimized with the Yoast SEO plugin v23.4 - https:\/\/yoast.com\/wordpress\/plugins\/seo\/ -->\n<title>Desastre de Valencia: ahora existe riesgo de epidemias y brotes contagiosos en las zonas afectadas por la inundaci\u00f3n - Consejos - Santa Catarina<\/title>\n<meta name=\"robots\" content=\"index, follow, max-snippet:-1, max-image-preview:large, max-video-preview:-1\" \/>\n<link rel=\"canonical\" href=\"https:\/\/stacatarina.mx\/consejos\/desastre-de-valencia-ahora-existe-riesgo-de-epidemias-y-brotes-contagiosos-en-las-zonas-afectadas-por-la-inundacion\/\" \/>\n<meta property=\"og:locale\" content=\"es_MX\" \/>\n<meta property=\"og:type\" content=\"article\" \/>\n<meta property=\"og:title\" content=\"Desastre de Valencia: ahora existe riesgo de epidemias y brotes contagiosos en las zonas afectadas por la inundaci\u00f3n - Consejos - Santa Catarina\" \/>\n<meta property=\"og:description\" content=\"Una semana despu\u00e9s de la mayor inundaci\u00f3n de la historia reciente de Espa\u00f1a, los afectados se enfrentan a un nuevo riesgo: las condiciones higi\u00e9nicas Las\" \/>\n<meta property=\"og:url\" content=\"https:\/\/stacatarina.mx\/consejos\/desastre-de-valencia-ahora-existe-riesgo-de-epidemias-y-brotes-contagiosos-en-las-zonas-afectadas-por-la-inundacion\/\" \/>\n<meta property=\"og:site_name\" content=\"Santa Catarina\" \/>\n<meta property=\"article:publisher\" content=\"https:\/\/www.facebook.com\/stacatarinagob\/\" \/>\n<meta property=\"article:published_time\" content=\"2024-11-06T15:25:26+00:00\" \/>\n<meta property=\"article:modified_time\" content=\"2024-11-06T15:25:28+00:00\" \/>\n<meta property=\"og:image\" content=\"https:\/\/stacatarina.mx\/consejos\/wp-content\/uploads\/2024\/11\/Desastre-de-Valencia-ahora-existe-riesgo-de-epidemias-y-brotes.jpg\" \/>\n\t<meta property=\"og:image:width\" content=\"2048\" \/>\n\t<meta property=\"og:image:height\" content=\"1322\" \/>\n\t<meta property=\"og:image:type\" content=\"image\/jpeg\" \/>\n<meta name=\"author\" content=\"Pedro Mart\u00ednez\" \/>\n<meta name=\"twitter:card\" content=\"summary_large_image\" \/>\n<meta name=\"twitter:creator\" content=\"@stacatarinagob\" \/>\n<meta name=\"twitter:site\" content=\"@stacatarinagob\" \/>\n<meta name=\"twitter:label1\" content=\"Escrito por\" \/>\n\t<meta name=\"twitter:data1\" content=\"Pedro Mart\u00ednez\" \/>\n\t<meta name=\"twitter:label2\" content=\"Tiempo de lectura\" \/>\n\t<meta name=\"twitter:data2\" content=\"3 minutos\" \/>\n<script type=\"application\/ld+json\" class=\"yoast-schema-graph\">{\"@context\":\"https:\/\/schema.org\",\"@graph\":[{\"@type\":\"Article\",\"@id\":\"https:\/\/stacatarina.mx\/consejos\/desastre-de-valencia-ahora-existe-riesgo-de-epidemias-y-brotes-contagiosos-en-las-zonas-afectadas-por-la-inundacion\/#article\",\"isPartOf\":{\"@id\":\"https:\/\/stacatarina.mx\/consejos\/desastre-de-valencia-ahora-existe-riesgo-de-epidemias-y-brotes-contagiosos-en-las-zonas-afectadas-por-la-inundacion\/\"},\"author\":{\"name\":\"Pedro Mart\u00ednez\",\"@id\":\"https:\/\/stacatarina.mx\/consejos\/#\/schema\/person\/0be60adffa8e4c4d0828fdf021450e8a\"},\"headline\":\"Desastre de Valencia: ahora existe riesgo de epidemias y brotes contagiosos en las zonas afectadas por la inundaci\u00f3n\",\"datePublished\":\"2024-11-06T15:25:26+00:00\",\"dateModified\":\"2024-11-06T15:25:28+00:00\",\"mainEntityOfPage\":{\"@id\":\"https:\/\/stacatarina.mx\/consejos\/desastre-de-valencia-ahora-existe-riesgo-de-epidemias-y-brotes-contagiosos-en-las-zonas-afectadas-por-la-inundacion\/\"},\"wordCount\":716,\"publisher\":{\"@id\":\"https:\/\/stacatarina.mx\/consejos\/#organization\"},\"image\":{\"@id\":\"https:\/\/stacatarina.mx\/consejos\/desastre-de-valencia-ahora-existe-riesgo-de-epidemias-y-brotes-contagiosos-en-las-zonas-afectadas-por-la-inundacion\/#primaryimage\"},\"thumbnailUrl\":\"https:\/\/stacatarina.mx\/consejos\/wp-content\/uploads\/2024\/11\/Desastre-de-Valencia-ahora-existe-riesgo-de-epidemias-y-brotes.jpg\",\"keywords\":[\"afectadas\",\"ahora\",\"brotes\",\"contagiosos\",\"Desastre\",\"epidemias\",\"existe\",\"inundaci\u00f3n\",\"Las\",\"por\",\"riesgo\",\"Valencia\",\"zonas\"],\"articleSection\":[\"Salud\"],\"inLanguage\":\"es\"},{\"@type\":\"WebPage\",\"@id\":\"https:\/\/stacatarina.mx\/consejos\/desastre-de-valencia-ahora-existe-riesgo-de-epidemias-y-brotes-contagiosos-en-las-zonas-afectadas-por-la-inundacion\/\",\"url\":\"https:\/\/stacatarina.mx\/consejos\/desastre-de-valencia-ahora-existe-riesgo-de-epidemias-y-brotes-contagiosos-en-las-zonas-afectadas-por-la-inundacion\/\",\"name\":\"Desastre de Valencia: ahora existe riesgo de epidemias y brotes contagiosos en las zonas afectadas por la inundaci\u00f3n - Consejos - Santa Catarina\",\"isPartOf\":{\"@id\":\"https:\/\/stacatarina.mx\/consejos\/#website\"},\"primaryImageOfPage\":{\"@id\":\"https:\/\/stacatarina.mx\/consejos\/desastre-de-valencia-ahora-existe-riesgo-de-epidemias-y-brotes-contagiosos-en-las-zonas-afectadas-por-la-inundacion\/#primaryimage\"},\"image\":{\"@id\":\"https:\/\/stacatarina.mx\/consejos\/desastre-de-valencia-ahora-existe-riesgo-de-epidemias-y-brotes-contagiosos-en-las-zonas-afectadas-por-la-inundacion\/#primaryimage\"},\"thumbnailUrl\":\"https:\/\/stacatarina.mx\/consejos\/wp-content\/uploads\/2024\/11\/Desastre-de-Valencia-ahora-existe-riesgo-de-epidemias-y-brotes.jpg\",\"datePublished\":\"2024-11-06T15:25:26+00:00\",\"dateModified\":\"2024-11-06T15:25:28+00:00\",\"breadcrumb\":{\"@id\":\"https:\/\/stacatarina.mx\/consejos\/desastre-de-valencia-ahora-existe-riesgo-de-epidemias-y-brotes-contagiosos-en-las-zonas-afectadas-por-la-inundacion\/#breadcrumb\"},\"inLanguage\":\"es\",\"potentialAction\":[{\"@type\":\"ReadAction\",\"target\":[\"https:\/\/stacatarina.mx\/consejos\/desastre-de-valencia-ahora-existe-riesgo-de-epidemias-y-brotes-contagiosos-en-las-zonas-afectadas-por-la-inundacion\/\"]}]},{\"@type\":\"ImageObject\",\"inLanguage\":\"es\",\"@id\":\"https:\/\/stacatarina.mx\/consejos\/desastre-de-valencia-ahora-existe-riesgo-de-epidemias-y-brotes-contagiosos-en-las-zonas-afectadas-por-la-inundacion\/#primaryimage\",\"url\":\"https:\/\/stacatarina.mx\/consejos\/wp-content\/uploads\/2024\/11\/Desastre-de-Valencia-ahora-existe-riesgo-de-epidemias-y-brotes.jpg\",\"contentUrl\":\"https:\/\/stacatarina.mx\/consejos\/wp-content\/uploads\/2024\/11\/Desastre-de-Valencia-ahora-existe-riesgo-de-epidemias-y-brotes.jpg\",\"width\":2048,\"height\":1322,\"caption\":\"Valencia_Alluvione\"},{\"@type\":\"BreadcrumbList\",\"@id\":\"https:\/\/stacatarina.mx\/consejos\/desastre-de-valencia-ahora-existe-riesgo-de-epidemias-y-brotes-contagiosos-en-las-zonas-afectadas-por-la-inundacion\/#breadcrumb\",\"itemListElement\":[{\"@type\":\"ListItem\",\"position\":1,\"name\":\"Inicio\",\"item\":\"https:\/\/stacatarina.mx\/consejos\/\"},{\"@type\":\"ListItem\",\"position\":2,\"name\":\"Desastre de Valencia: ahora existe riesgo de epidemias y brotes contagiosos en las zonas afectadas por la inundaci\u00f3n\"}]},{\"@type\":\"WebSite\",\"@id\":\"https:\/\/stacatarina.mx\/consejos\/#website\",\"url\":\"https:\/\/stacatarina.mx\/consejos\/\",\"name\":\"Santa Catarina\",\"description\":\"\",\"publisher\":{\"@id\":\"https:\/\/stacatarina.mx\/consejos\/#organization\"},\"potentialAction\":[{\"@type\":\"SearchAction\",\"target\":{\"@type\":\"EntryPoint\",\"urlTemplate\":\"https:\/\/stacatarina.mx\/consejos\/?s={search_term_string}\"},\"query-input\":{\"@type\":\"PropertyValueSpecification\",\"valueRequired\":true,\"valueName\":\"search_term_string\"}}],\"inLanguage\":\"es\"},{\"@type\":\"Organization\",\"@id\":\"https:\/\/stacatarina.mx\/consejos\/#organization\",\"name\":\"Santa Catarina\",\"url\":\"https:\/\/stacatarina.mx\/consejos\/\",\"logo\":{\"@type\":\"ImageObject\",\"inLanguage\":\"es\",\"@id\":\"https:\/\/stacatarina.mx\/consejos\/#\/schema\/logo\/image\/\",\"url\":\"https:\/\/stacatarina.mx\/consejos\/wp-content\/uploads\/2024\/09\/cropped-favicon-1-1.png\",\"contentUrl\":\"https:\/\/stacatarina.mx\/consejos\/wp-content\/uploads\/2024\/09\/cropped-favicon-1-1.png\",\"width\":512,\"height\":512,\"caption\":\"Santa Catarina\"},\"image\":{\"@id\":\"https:\/\/stacatarina.mx\/consejos\/#\/schema\/logo\/image\/\"},\"sameAs\":[\"https:\/\/www.facebook.com\/stacatarinagob\/\",\"https:\/\/x.com\/stacatarinagob\",\"https:\/\/www.instagram.com\/stacatarinagob\/\",\"https:\/\/www.youtube.com\/channel\/UCK-6cQJL_904665N1_nLTWw\"]},{\"@type\":\"Person\",\"@id\":\"https:\/\/stacatarina.mx\/consejos\/#\/schema\/person\/0be60adffa8e4c4d0828fdf021450e8a\",\"name\":\"Pedro Mart\u00ednez\",\"image\":{\"@type\":\"ImageObject\",\"inLanguage\":\"es\",\"@id\":\"https:\/\/stacatarina.mx\/consejos\/#\/schema\/person\/image\/\",\"url\":\"https:\/\/stacatarina.mx\/consejos\/wp-content\/uploads\/2024\/09\/stacatarina.jpg\",\"contentUrl\":\"https:\/\/stacatarina.mx\/consejos\/wp-content\/uploads\/2024\/09\/stacatarina.jpg\",\"caption\":\"Pedro Mart\u00ednez\"},\"description\":\"Hola, soy Pedro Mart\u00ednez, redactor jefe del sitio oficial del ayuntamiento de Santa Catarina, en M\u00e9xico. Con m\u00e1s de diez a\u00f1os de experiencia en el periodismo local, tengo una pasi\u00f3n por la investigaci\u00f3n y la difusi\u00f3n de informaci\u00f3n que valoriza nuestra hermosa comunidad. Mi compromiso es hacer de Santa Catarina una referencia en materia de transparencia y comunicaci\u00f3n municipal.\",\"sameAs\":[\"https:\/\/stacatarina.mx\/\"]}]}<\/script>\n<!-- \/ Yoast SEO plugin. -->","yoast_head_json":{"title":"Desastre de Valencia: ahora existe riesgo de epidemias y brotes contagiosos en las zonas afectadas por la inundaci\u00f3n - Consejos - Santa Catarina","robots":{"index":"index","follow":"follow","max-snippet":"max-snippet:-1","max-image-preview":"max-image-preview:large","max-video-preview":"max-video-preview:-1"},"canonical":"https:\/\/stacatarina.mx\/consejos\/desastre-de-valencia-ahora-existe-riesgo-de-epidemias-y-brotes-contagiosos-en-las-zonas-afectadas-por-la-inundacion\/","og_locale":"es_MX","og_type":"article","og_title":"Desastre de Valencia: ahora existe riesgo de epidemias y brotes contagiosos en las zonas afectadas por la inundaci\u00f3n - Consejos - Santa Catarina","og_description":"Una semana despu\u00e9s de la mayor inundaci\u00f3n de la historia reciente de Espa\u00f1a, los afectados se enfrentan a un nuevo riesgo: las condiciones higi\u00e9nicas Las","og_url":"https:\/\/stacatarina.mx\/consejos\/desastre-de-valencia-ahora-existe-riesgo-de-epidemias-y-brotes-contagiosos-en-las-zonas-afectadas-por-la-inundacion\/","og_site_name":"Santa Catarina","article_publisher":"https:\/\/www.facebook.com\/stacatarinagob\/","article_published_time":"2024-11-06T15:25:26+00:00","article_modified_time":"2024-11-06T15:25:28+00:00","og_image":[{"width":2048,"height":1322,"url":"https:\/\/stacatarina.mx\/consejos\/wp-content\/uploads\/2024\/11\/Desastre-de-Valencia-ahora-existe-riesgo-de-epidemias-y-brotes.jpg","type":"image\/jpeg"}],"author":"Pedro Mart\u00ednez","twitter_card":"summary_large_image","twitter_creator":"@stacatarinagob","twitter_site":"@stacatarinagob","twitter_misc":{"Escrito por":"Pedro Mart\u00ednez","Tiempo de lectura":"3 minutos"},"schema":{"@context":"https:\/\/schema.org","@graph":[{"@type":"Article","@id":"https:\/\/stacatarina.mx\/consejos\/desastre-de-valencia-ahora-existe-riesgo-de-epidemias-y-brotes-contagiosos-en-las-zonas-afectadas-por-la-inundacion\/#article","isPartOf":{"@id":"https:\/\/stacatarina.mx\/consejos\/desastre-de-valencia-ahora-existe-riesgo-de-epidemias-y-brotes-contagiosos-en-las-zonas-afectadas-por-la-inundacion\/"},"author":{"name":"Pedro Mart\u00ednez","@id":"https:\/\/stacatarina.mx\/consejos\/#\/schema\/person\/0be60adffa8e4c4d0828fdf021450e8a"},"headline":"Desastre de Valencia: ahora existe riesgo de epidemias y brotes contagiosos en las zonas afectadas por la inundaci\u00f3n","datePublished":"2024-11-06T15:25:26+00:00","dateModified":"2024-11-06T15:25:28+00:00","mainEntityOfPage":{"@id":"https:\/\/stacatarina.mx\/consejos\/desastre-de-valencia-ahora-existe-riesgo-de-epidemias-y-brotes-contagiosos-en-las-zonas-afectadas-por-la-inundacion\/"},"wordCount":716,"publisher":{"@id":"https:\/\/stacatarina.mx\/consejos\/#organization"},"image":{"@id":"https:\/\/stacatarina.mx\/consejos\/desastre-de-valencia-ahora-existe-riesgo-de-epidemias-y-brotes-contagiosos-en-las-zonas-afectadas-por-la-inundacion\/#primaryimage"},"thumbnailUrl":"https:\/\/stacatarina.mx\/consejos\/wp-content\/uploads\/2024\/11\/Desastre-de-Valencia-ahora-existe-riesgo-de-epidemias-y-brotes.jpg","keywords":["afectadas","ahora","brotes","contagiosos","Desastre","epidemias","existe","inundaci\u00f3n","Las","por","riesgo","Valencia","zonas"],"articleSection":["Salud"],"inLanguage":"es"},{"@type":"WebPage","@id":"https:\/\/stacatarina.mx\/consejos\/desastre-de-valencia-ahora-existe-riesgo-de-epidemias-y-brotes-contagiosos-en-las-zonas-afectadas-por-la-inundacion\/","url":"https:\/\/stacatarina.mx\/consejos\/desastre-de-valencia-ahora-existe-riesgo-de-epidemias-y-brotes-contagiosos-en-las-zonas-afectadas-por-la-inundacion\/","name":"Desastre de Valencia: ahora existe riesgo de epidemias y brotes contagiosos en las zonas afectadas por la inundaci\u00f3n - Consejos - Santa Catarina","isPartOf":{"@id":"https:\/\/stacatarina.mx\/consejos\/#website"},"primaryImageOfPage":{"@id":"https:\/\/stacatarina.mx\/consejos\/desastre-de-valencia-ahora-existe-riesgo-de-epidemias-y-brotes-contagiosos-en-las-zonas-afectadas-por-la-inundacion\/#primaryimage"},"image":{"@id":"https:\/\/stacatarina.mx\/consejos\/desastre-de-valencia-ahora-existe-riesgo-de-epidemias-y-brotes-contagiosos-en-las-zonas-afectadas-por-la-inundacion\/#primaryimage"},"thumbnailUrl":"https:\/\/stacatarina.mx\/consejos\/wp-content\/uploads\/2024\/11\/Desastre-de-Valencia-ahora-existe-riesgo-de-epidemias-y-brotes.jpg","datePublished":"2024-11-06T15:25:26+00:00","dateModified":"2024-11-06T15:25:28+00:00","breadcrumb":{"@id":"https:\/\/stacatarina.mx\/consejos\/desastre-de-valencia-ahora-existe-riesgo-de-epidemias-y-brotes-contagiosos-en-las-zonas-afectadas-por-la-inundacion\/#breadcrumb"},"inLanguage":"es","potentialAction":[{"@type":"ReadAction","target":["https:\/\/stacatarina.mx\/consejos\/desastre-de-valencia-ahora-existe-riesgo-de-epidemias-y-brotes-contagiosos-en-las-zonas-afectadas-por-la-inundacion\/"]}]},{"@type":"ImageObject","inLanguage":"es","@id":"https:\/\/stacatarina.mx\/consejos\/desastre-de-valencia-ahora-existe-riesgo-de-epidemias-y-brotes-contagiosos-en-las-zonas-afectadas-por-la-inundacion\/#primaryimage","url":"https:\/\/stacatarina.mx\/consejos\/wp-content\/uploads\/2024\/11\/Desastre-de-Valencia-ahora-existe-riesgo-de-epidemias-y-brotes.jpg","contentUrl":"https:\/\/stacatarina.mx\/consejos\/wp-content\/uploads\/2024\/11\/Desastre-de-Valencia-ahora-existe-riesgo-de-epidemias-y-brotes.jpg","width":2048,"height":1322,"caption":"Valencia_Alluvione"},{"@type":"BreadcrumbList","@id":"https:\/\/stacatarina.mx\/consejos\/desastre-de-valencia-ahora-existe-riesgo-de-epidemias-y-brotes-contagiosos-en-las-zonas-afectadas-por-la-inundacion\/#breadcrumb","itemListElement":[{"@type":"ListItem","position":1,"name":"Inicio","item":"https:\/\/stacatarina.mx\/consejos\/"},{"@type":"ListItem","position":2,"name":"Desastre de Valencia: ahora existe riesgo de epidemias y brotes contagiosos en las zonas afectadas por la inundaci\u00f3n"}]},{"@type":"WebSite","@id":"https:\/\/stacatarina.mx\/consejos\/#website","url":"https:\/\/stacatarina.mx\/consejos\/","name":"Santa Catarina","description":"","publisher":{"@id":"https:\/\/stacatarina.mx\/consejos\/#organization"},"potentialAction":[{"@type":"SearchAction","target":{"@type":"EntryPoint","urlTemplate":"https:\/\/stacatarina.mx\/consejos\/?s={search_term_string}"},"query-input":{"@type":"PropertyValueSpecification","valueRequired":true,"valueName":"search_term_string"}}],"inLanguage":"es"},{"@type":"Organization","@id":"https:\/\/stacatarina.mx\/consejos\/#organization","name":"Santa Catarina","url":"https:\/\/stacatarina.mx\/consejos\/","logo":{"@type":"ImageObject","inLanguage":"es","@id":"https:\/\/stacatarina.mx\/consejos\/#\/schema\/logo\/image\/","url":"https:\/\/stacatarina.mx\/consejos\/wp-content\/uploads\/2024\/09\/cropped-favicon-1-1.png","contentUrl":"https:\/\/stacatarina.mx\/consejos\/wp-content\/uploads\/2024\/09\/cropped-favicon-1-1.png","width":512,"height":512,"caption":"Santa Catarina"},"image":{"@id":"https:\/\/stacatarina.mx\/consejos\/#\/schema\/logo\/image\/"},"sameAs":["https:\/\/www.facebook.com\/stacatarinagob\/","https:\/\/x.com\/stacatarinagob","https:\/\/www.instagram.com\/stacatarinagob\/","https:\/\/www.youtube.com\/channel\/UCK-6cQJL_904665N1_nLTWw"]},{"@type":"Person","@id":"https:\/\/stacatarina.mx\/consejos\/#\/schema\/person\/0be60adffa8e4c4d0828fdf021450e8a","name":"Pedro Mart\u00ednez","image":{"@type":"ImageObject","inLanguage":"es","@id":"https:\/\/stacatarina.mx\/consejos\/#\/schema\/person\/image\/","url":"https:\/\/stacatarina.mx\/consejos\/wp-content\/uploads\/2024\/09\/stacatarina.jpg","contentUrl":"https:\/\/stacatarina.mx\/consejos\/wp-content\/uploads\/2024\/09\/stacatarina.jpg","caption":"Pedro Mart\u00ednez"},"description":"Hola, soy Pedro Mart\u00ednez, redactor jefe del sitio oficial del ayuntamiento de Santa Catarina, en M\u00e9xico. Con m\u00e1s de diez a\u00f1os de experiencia en el periodismo local, tengo una pasi\u00f3n por la investigaci\u00f3n y la difusi\u00f3n de informaci\u00f3n que valoriza nuestra hermosa comunidad. Mi compromiso es hacer de Santa Catarina una referencia en materia de transparencia y comunicaci\u00f3n municipal.","sameAs":["https:\/\/stacatarina.mx\/"]}]}},"_links":{"self":[{"href":"https:\/\/stacatarina.mx\/consejos\/wp-json\/wp\/v2\/posts\/1349"}],"collection":[{"href":"https:\/\/stacatarina.mx\/consejos\/wp-json\/wp\/v2\/posts"}],"about":[{"href":"https:\/\/stacatarina.mx\/consejos\/wp-json\/wp\/v2\/types\/post"}],"author":[{"embeddable":true,"href":"https:\/\/stacatarina.mx\/consejos\/wp-json\/wp\/v2\/users\/1"}],"replies":[{"embeddable":true,"href":"https:\/\/stacatarina.mx\/consejos\/wp-json\/wp\/v2\/comments?post=1349"}],"version-history":[{"count":1,"href":"https:\/\/stacatarina.mx\/consejos\/wp-json\/wp\/v2\/posts\/1349\/revisions"}],"predecessor-version":[{"id":1351,"href":"https:\/\/stacatarina.mx\/consejos\/wp-json\/wp\/v2\/posts\/1349\/revisions\/1351"}],"wp:featuredmedia":[{"embeddable":true,"href":"https:\/\/stacatarina.mx\/consejos\/wp-json\/wp\/v2\/media\/1350"}],"wp:attachment":[{"href":"https:\/\/stacatarina.mx\/consejos\/wp-json\/wp\/v2\/media?parent=1349"}],"wp:term":[{"taxonomy":"category","embeddable":true,"href":"https:\/\/stacatarina.mx\/consejos\/wp-json\/wp\/v2\/categories?post=1349"},{"taxonomy":"post_tag","embeddable":true,"href":"https:\/\/stacatarina.mx\/consejos\/wp-json\/wp\/v2\/tags?post=1349"}],"curies":[{"name":"wp","href":"https:\/\/api.w.org\/{rel}","templated":true}]}}