{"id":1380,"date":"2024-11-08T01:25:51","date_gmt":"2024-11-08T07:25:51","guid":{"rendered":"https:\/\/stacatarina.mx\/consejos\/mexico-prohibira-la-venta-de-productos-ricos-en-calorias-y-bajos-en-nutrientes-en-las-escuelas\/"},"modified":"2024-11-08T01:25:52","modified_gmt":"2024-11-08T07:25:52","slug":"mexico-prohibira-la-venta-de-productos-ricos-en-calorias-y-bajos-en-nutrientes-en-las-escuelas","status":"publish","type":"post","link":"https:\/\/stacatarina.mx\/consejos\/mexico-prohibira-la-venta-de-productos-ricos-en-calorias-y-bajos-en-nutrientes-en-las-escuelas\/","title":{"rendered":"M\u00e9xico prohibir\u00e1 la venta de productos ricos en calor\u00edas y bajos en nutrientes en las escuelas"},"content":{"rendered":"<p class=\"single-abstract\">\n<p>\t\t\t\t\t\t\t\t\t\t\t\t\t\t\t\t\tM\u00e9xico apunta a combatir la obesidad infantil prohibiendo la venta de productos ricos en calor\u00edas y bajos en nutrientes en las escuelas para marzo de 2025\t\t\t\t\t\t\t\t\t\t\t\t\t\t\t<\/p>\n<div class=\"daily-video\" style=\"display: none;\"><\/div>\n<div class=\"wrapper-player\" style=\"display: none; margin-bottom: 15px;\">\n<div id=\"daily-player\" style=\"position: relative; max-width: 100%;\" class=\"video-content\"><\/div>\n<\/p><\/div>\n<div class=\"image-wrapper featured-image no-lazy\" id=\"featured-image\"><\/div>\n<p>El <strong>M\u00e9xico<\/strong> anunci\u00f3 una medida importante para <strong>luchar contra la obesidad infantil<\/strong>imponiendo a las escuelas la <strong>prohibici\u00f3n de vender productos con alto contenido cal\u00f3rico y bajo valor nutricional<\/strong> para marzo de 2025. La nueva legislaci\u00f3n cubre alimentos ultraprocesados \u200b\u200bcomo <strong>patatas fritas, bebidas azucaradas, chicharrones artificiales y snacks salados con chile<\/strong>.<\/p>\n<p>Estos productos, a menudo etiquetados por su alto contenido de grasa, az\u00facar o sodio, ya no se permitir\u00e1n en las escuelas ni en sus inmediaciones, bajo pena de sanciones. <strong>multas que van desde $545 a $5,450<\/strong> para instituciones que no cumplan con la regulaci\u00f3n.<\/p>\n<p>La iniciativa naci\u00f3 en respuesta a los alarmantes datos que se\u00f1alan a M\u00e9xico como uno de los pa\u00edses con <strong>La tasa m\u00e1s alta de obesidad infantil en el mundo.<\/strong>. Seg\u00fan una encuesta nacional realizada por el Instituto Nacional de Estad\u00edstica y Geograf\u00eda (Inegi), aproximadamente 5.7 millones de ni\u00f1os entre 5 y 11 a\u00f1os y m\u00e1s de 10 millones de adolescentes entre 12 y 19 a\u00f1os padecen obesidad o sobrepeso.<\/p>\n<aside style=\"margin: 8px auto; text-align: center; display: block; clear: both;\">\n<div id=\"gpt-passback\">\n<\/div>\n<\/aside>\n<p>Estudios recientes indican que aproximadamente <strong>El 40% de las calor\u00edas que consumen los ni\u00f1os mexicanos provienen de la comida chatarra<\/strong>un hecho que el Fondo de las Naciones Unidas para la Infancia (Unicef) ha definido como una aut\u00e9ntica emergencia sanitaria.<\/p>\n<h2>Tambi\u00e9n nos centraremos en concienciar a padres y profesores.<\/h2>\n<p>El gobierno tiene como objetivo promover h\u00e1bitos alimentarios m\u00e1s saludables, <strong>Fomentar el consumo de agua y alimentos m\u00e1s nutritivos.<\/strong> como frijoles. Sin embargo, el acceso al agua potable en las escuelas sigue siendo un desaf\u00edo: s\u00f3lo el 4% de las escuelas tienen fuentes de agua, lo que dificulta la promoci\u00f3n de alternativas saludables.<\/p>\n<p>La presidenta mexicana, Claudia Sheinbaum, destac\u00f3 la importancia de <strong>fomentar un estilo de vida m\u00e1s saludable<\/strong>sugiriendo el agua de hibisco como alternativa a los refrescos y los tacos de frijoles como reemplazo de los bocadillos envasados.<\/p>\n<p>La lucha contra la comida chatarra en las escuelas es un compromiso a largo plazo que requiere tambi\u00e9n la colaboraci\u00f3n de las familias y una campa\u00f1a educativa generalizada. La Secretar\u00eda de Educaci\u00f3n de M\u00e9xico est\u00e1 trabajando para concientizar a padres y maestros mediante la difusi\u00f3n de materiales educativos que incluyen <strong>Gu\u00edas y recetas de alimentos econ\u00f3micos y nutritivos.<\/strong>. Tambi\u00e9n se implementar\u00e1n <strong>programas de seguimiento<\/strong> verificar el cumplimiento de la nueva normativa, con el objetivo de reducir significativamente los \u00edndices de obesidad infantil.<\/p>\n<p>Este cambio supone un punto de inflexi\u00f3n para un pa\u00eds que, en los \u00faltimos a\u00f1os, ha luchado sin \u00e9xito contra el consumo de alimentos poco saludables. La introducci\u00f3n de etiquetas de advertencia en los envases, aunque \u00fatil, . Sin embargo, con su compromiso actual, M\u00e9xico espera trazar un nuevo rumbo hacia una mejor salud para las generaciones futuras.<\/p><\/p>\n","protected":false},"excerpt":{"rendered":"<p>M\u00e9xico apunta a combatir la obesidad infantil prohibiendo la venta de productos ricos en calor\u00edas y bajos en nutrientes en las escuelas para marzo de<\/p>\n","protected":false},"author":1,"featured_media":1381,"comment_status":"closed","ping_status":"","sticky":false,"template":"","format":"standard","meta":{"footnotes":""},"categories":[762],"tags":[1976,1282,378,34,225,487,1974,1973,1975,11],"class_list":["post-1380","post","type-post","status-publish","format-standard","has-post-thumbnail","hentry","category-salud","tag-bajos","tag-calorias","tag-escuelas","tag-las","tag-mexico","tag-nutrientes","tag-productos","tag-prohibira","tag-ricos","tag-venta","generate-columns","tablet-grid-50","mobile-grid-100","grid-parent","grid-50"],"yoast_head":"<!-- This site is optimized with the Yoast SEO plugin v23.4 - https:\/\/yoast.com\/wordpress\/plugins\/seo\/ -->\n<title>M\u00e9xico prohibir\u00e1 la venta de productos ricos en calor\u00edas y bajos en nutrientes en las escuelas - Consejos - Santa Catarina<\/title>\n<meta name=\"robots\" content=\"index, follow, max-snippet:-1, max-image-preview:large, max-video-preview:-1\" \/>\n<link rel=\"canonical\" href=\"https:\/\/stacatarina.mx\/consejos\/mexico-prohibira-la-venta-de-productos-ricos-en-calorias-y-bajos-en-nutrientes-en-las-escuelas\/\" \/>\n<meta property=\"og:locale\" content=\"es_MX\" \/>\n<meta property=\"og:type\" content=\"article\" \/>\n<meta property=\"og:title\" content=\"M\u00e9xico prohibir\u00e1 la venta de productos ricos en calor\u00edas y bajos en nutrientes en las escuelas - Consejos - Santa Catarina\" \/>\n<meta property=\"og:description\" content=\"M\u00e9xico apunta a combatir la obesidad infantil prohibiendo la venta de productos ricos en calor\u00edas y bajos en nutrientes en las escuelas para marzo de\" \/>\n<meta property=\"og:url\" content=\"https:\/\/stacatarina.mx\/consejos\/mexico-prohibira-la-venta-de-productos-ricos-en-calorias-y-bajos-en-nutrientes-en-las-escuelas\/\" \/>\n<meta property=\"og:site_name\" content=\"Santa Catarina\" \/>\n<meta property=\"article:publisher\" content=\"https:\/\/www.facebook.com\/stacatarinagob\/\" \/>\n<meta property=\"article:published_time\" content=\"2024-11-08T07:25:51+00:00\" \/>\n<meta property=\"article:modified_time\" content=\"2024-11-08T07:25:52+00:00\" \/>\n<meta property=\"og:image\" content=\"https:\/\/stacatarina.mx\/consejos\/wp-content\/uploads\/2024\/11\/Mexico-prohibira-la-venta-de-productos-ricos-en-calorias-y.jpg\" \/>\n\t<meta property=\"og:image:width\" content=\"1500\" \/>\n\t<meta property=\"og:image:height\" content=\"1000\" \/>\n\t<meta property=\"og:image:type\" content=\"image\/jpeg\" \/>\n<meta name=\"author\" content=\"Pedro Mart\u00ednez\" \/>\n<meta name=\"twitter:card\" content=\"summary_large_image\" \/>\n<meta name=\"twitter:creator\" content=\"@stacatarinagob\" \/>\n<meta name=\"twitter:site\" content=\"@stacatarinagob\" \/>\n<meta name=\"twitter:label1\" content=\"Escrito por\" \/>\n\t<meta name=\"twitter:data1\" content=\"Pedro Mart\u00ednez\" \/>\n\t<meta name=\"twitter:label2\" content=\"Tiempo de lectura\" \/>\n\t<meta name=\"twitter:data2\" content=\"3 minutos\" \/>\n<script type=\"application\/ld+json\" class=\"yoast-schema-graph\">{\"@context\":\"https:\/\/schema.org\",\"@graph\":[{\"@type\":\"Article\",\"@id\":\"https:\/\/stacatarina.mx\/consejos\/mexico-prohibira-la-venta-de-productos-ricos-en-calorias-y-bajos-en-nutrientes-en-las-escuelas\/#article\",\"isPartOf\":{\"@id\":\"https:\/\/stacatarina.mx\/consejos\/mexico-prohibira-la-venta-de-productos-ricos-en-calorias-y-bajos-en-nutrientes-en-las-escuelas\/\"},\"author\":{\"name\":\"Pedro Mart\u00ednez\",\"@id\":\"https:\/\/stacatarina.mx\/consejos\/#\/schema\/person\/0be60adffa8e4c4d0828fdf021450e8a\"},\"headline\":\"M\u00e9xico prohibir\u00e1 la venta de productos ricos en calor\u00edas y bajos en nutrientes en las escuelas\",\"datePublished\":\"2024-11-08T07:25:51+00:00\",\"dateModified\":\"2024-11-08T07:25:52+00:00\",\"mainEntityOfPage\":{\"@id\":\"https:\/\/stacatarina.mx\/consejos\/mexico-prohibira-la-venta-de-productos-ricos-en-calorias-y-bajos-en-nutrientes-en-las-escuelas\/\"},\"wordCount\":518,\"publisher\":{\"@id\":\"https:\/\/stacatarina.mx\/consejos\/#organization\"},\"image\":{\"@id\":\"https:\/\/stacatarina.mx\/consejos\/mexico-prohibira-la-venta-de-productos-ricos-en-calorias-y-bajos-en-nutrientes-en-las-escuelas\/#primaryimage\"},\"thumbnailUrl\":\"https:\/\/stacatarina.mx\/consejos\/wp-content\/uploads\/2024\/11\/Mexico-prohibira-la-venta-de-productos-ricos-en-calorias-y.jpg\",\"keywords\":[\"bajos\",\"calor\u00edas\",\"escuelas\",\"Las\",\"M\u00e9xico\",\"nutrientes\",\"productos\",\"prohibir\u00e1\",\"ricos\",\"Venta\"],\"articleSection\":[\"Salud\"],\"inLanguage\":\"es\"},{\"@type\":\"WebPage\",\"@id\":\"https:\/\/stacatarina.mx\/consejos\/mexico-prohibira-la-venta-de-productos-ricos-en-calorias-y-bajos-en-nutrientes-en-las-escuelas\/\",\"url\":\"https:\/\/stacatarina.mx\/consejos\/mexico-prohibira-la-venta-de-productos-ricos-en-calorias-y-bajos-en-nutrientes-en-las-escuelas\/\",\"name\":\"M\u00e9xico prohibir\u00e1 la venta de productos ricos en calor\u00edas y bajos en nutrientes en las escuelas - Consejos - Santa Catarina\",\"isPartOf\":{\"@id\":\"https:\/\/stacatarina.mx\/consejos\/#website\"},\"primaryImageOfPage\":{\"@id\":\"https:\/\/stacatarina.mx\/consejos\/mexico-prohibira-la-venta-de-productos-ricos-en-calorias-y-bajos-en-nutrientes-en-las-escuelas\/#primaryimage\"},\"image\":{\"@id\":\"https:\/\/stacatarina.mx\/consejos\/mexico-prohibira-la-venta-de-productos-ricos-en-calorias-y-bajos-en-nutrientes-en-las-escuelas\/#primaryimage\"},\"thumbnailUrl\":\"https:\/\/stacatarina.mx\/consejos\/wp-content\/uploads\/2024\/11\/Mexico-prohibira-la-venta-de-productos-ricos-en-calorias-y.jpg\",\"datePublished\":\"2024-11-08T07:25:51+00:00\",\"dateModified\":\"2024-11-08T07:25:52+00:00\",\"breadcrumb\":{\"@id\":\"https:\/\/stacatarina.mx\/consejos\/mexico-prohibira-la-venta-de-productos-ricos-en-calorias-y-bajos-en-nutrientes-en-las-escuelas\/#breadcrumb\"},\"inLanguage\":\"es\",\"potentialAction\":[{\"@type\":\"ReadAction\",\"target\":[\"https:\/\/stacatarina.mx\/consejos\/mexico-prohibira-la-venta-de-productos-ricos-en-calorias-y-bajos-en-nutrientes-en-las-escuelas\/\"]}]},{\"@type\":\"ImageObject\",\"inLanguage\":\"es\",\"@id\":\"https:\/\/stacatarina.mx\/consejos\/mexico-prohibira-la-venta-de-productos-ricos-en-calorias-y-bajos-en-nutrientes-en-las-escuelas\/#primaryimage\",\"url\":\"https:\/\/stacatarina.mx\/consejos\/wp-content\/uploads\/2024\/11\/Mexico-prohibira-la-venta-de-productos-ricos-en-calorias-y.jpg\",\"contentUrl\":\"https:\/\/stacatarina.mx\/consejos\/wp-content\/uploads\/2024\/11\/Mexico-prohibira-la-venta-de-productos-ricos-en-calorias-y.jpg\",\"width\":1500,\"height\":1000,\"caption\":\"Messico merendine\"},{\"@type\":\"BreadcrumbList\",\"@id\":\"https:\/\/stacatarina.mx\/consejos\/mexico-prohibira-la-venta-de-productos-ricos-en-calorias-y-bajos-en-nutrientes-en-las-escuelas\/#breadcrumb\",\"itemListElement\":[{\"@type\":\"ListItem\",\"position\":1,\"name\":\"Inicio\",\"item\":\"https:\/\/stacatarina.mx\/consejos\/\"},{\"@type\":\"ListItem\",\"position\":2,\"name\":\"M\u00e9xico prohibir\u00e1 la venta de productos ricos en calor\u00edas y bajos en nutrientes en las escuelas\"}]},{\"@type\":\"WebSite\",\"@id\":\"https:\/\/stacatarina.mx\/consejos\/#website\",\"url\":\"https:\/\/stacatarina.mx\/consejos\/\",\"name\":\"Santa Catarina\",\"description\":\"\",\"publisher\":{\"@id\":\"https:\/\/stacatarina.mx\/consejos\/#organization\"},\"potentialAction\":[{\"@type\":\"SearchAction\",\"target\":{\"@type\":\"EntryPoint\",\"urlTemplate\":\"https:\/\/stacatarina.mx\/consejos\/?s={search_term_string}\"},\"query-input\":{\"@type\":\"PropertyValueSpecification\",\"valueRequired\":true,\"valueName\":\"search_term_string\"}}],\"inLanguage\":\"es\"},{\"@type\":\"Organization\",\"@id\":\"https:\/\/stacatarina.mx\/consejos\/#organization\",\"name\":\"Santa Catarina\",\"url\":\"https:\/\/stacatarina.mx\/consejos\/\",\"logo\":{\"@type\":\"ImageObject\",\"inLanguage\":\"es\",\"@id\":\"https:\/\/stacatarina.mx\/consejos\/#\/schema\/logo\/image\/\",\"url\":\"https:\/\/stacatarina.mx\/consejos\/wp-content\/uploads\/2024\/09\/cropped-favicon-1-1.png\",\"contentUrl\":\"https:\/\/stacatarina.mx\/consejos\/wp-content\/uploads\/2024\/09\/cropped-favicon-1-1.png\",\"width\":512,\"height\":512,\"caption\":\"Santa Catarina\"},\"image\":{\"@id\":\"https:\/\/stacatarina.mx\/consejos\/#\/schema\/logo\/image\/\"},\"sameAs\":[\"https:\/\/www.facebook.com\/stacatarinagob\/\",\"https:\/\/x.com\/stacatarinagob\",\"https:\/\/www.instagram.com\/stacatarinagob\/\",\"https:\/\/www.youtube.com\/channel\/UCK-6cQJL_904665N1_nLTWw\"]},{\"@type\":\"Person\",\"@id\":\"https:\/\/stacatarina.mx\/consejos\/#\/schema\/person\/0be60adffa8e4c4d0828fdf021450e8a\",\"name\":\"Pedro Mart\u00ednez\",\"image\":{\"@type\":\"ImageObject\",\"inLanguage\":\"es\",\"@id\":\"https:\/\/stacatarina.mx\/consejos\/#\/schema\/person\/image\/\",\"url\":\"https:\/\/stacatarina.mx\/consejos\/wp-content\/uploads\/2024\/09\/stacatarina.jpg\",\"contentUrl\":\"https:\/\/stacatarina.mx\/consejos\/wp-content\/uploads\/2024\/09\/stacatarina.jpg\",\"caption\":\"Pedro Mart\u00ednez\"},\"description\":\"Hola, soy Pedro Mart\u00ednez, redactor jefe del sitio oficial del ayuntamiento de Santa Catarina, en M\u00e9xico. Con m\u00e1s de diez a\u00f1os de experiencia en el periodismo local, tengo una pasi\u00f3n por la investigaci\u00f3n y la difusi\u00f3n de informaci\u00f3n que valoriza nuestra hermosa comunidad. Mi compromiso es hacer de Santa Catarina una referencia en materia de transparencia y comunicaci\u00f3n municipal.\",\"sameAs\":[\"https:\/\/stacatarina.mx\/\"]}]}<\/script>\n<!-- \/ Yoast SEO plugin. -->","yoast_head_json":{"title":"M\u00e9xico prohibir\u00e1 la venta de productos ricos en calor\u00edas y bajos en nutrientes en las escuelas - Consejos - Santa Catarina","robots":{"index":"index","follow":"follow","max-snippet":"max-snippet:-1","max-image-preview":"max-image-preview:large","max-video-preview":"max-video-preview:-1"},"canonical":"https:\/\/stacatarina.mx\/consejos\/mexico-prohibira-la-venta-de-productos-ricos-en-calorias-y-bajos-en-nutrientes-en-las-escuelas\/","og_locale":"es_MX","og_type":"article","og_title":"M\u00e9xico prohibir\u00e1 la venta de productos ricos en calor\u00edas y bajos en nutrientes en las escuelas - Consejos - Santa Catarina","og_description":"M\u00e9xico apunta a combatir la obesidad infantil prohibiendo la venta de productos ricos en calor\u00edas y bajos en nutrientes en las escuelas para marzo de","og_url":"https:\/\/stacatarina.mx\/consejos\/mexico-prohibira-la-venta-de-productos-ricos-en-calorias-y-bajos-en-nutrientes-en-las-escuelas\/","og_site_name":"Santa Catarina","article_publisher":"https:\/\/www.facebook.com\/stacatarinagob\/","article_published_time":"2024-11-08T07:25:51+00:00","article_modified_time":"2024-11-08T07:25:52+00:00","og_image":[{"width":1500,"height":1000,"url":"https:\/\/stacatarina.mx\/consejos\/wp-content\/uploads\/2024\/11\/Mexico-prohibira-la-venta-de-productos-ricos-en-calorias-y.jpg","type":"image\/jpeg"}],"author":"Pedro Mart\u00ednez","twitter_card":"summary_large_image","twitter_creator":"@stacatarinagob","twitter_site":"@stacatarinagob","twitter_misc":{"Escrito por":"Pedro Mart\u00ednez","Tiempo de lectura":"3 minutos"},"schema":{"@context":"https:\/\/schema.org","@graph":[{"@type":"Article","@id":"https:\/\/stacatarina.mx\/consejos\/mexico-prohibira-la-venta-de-productos-ricos-en-calorias-y-bajos-en-nutrientes-en-las-escuelas\/#article","isPartOf":{"@id":"https:\/\/stacatarina.mx\/consejos\/mexico-prohibira-la-venta-de-productos-ricos-en-calorias-y-bajos-en-nutrientes-en-las-escuelas\/"},"author":{"name":"Pedro Mart\u00ednez","@id":"https:\/\/stacatarina.mx\/consejos\/#\/schema\/person\/0be60adffa8e4c4d0828fdf021450e8a"},"headline":"M\u00e9xico prohibir\u00e1 la venta de productos ricos en calor\u00edas y bajos en nutrientes en las escuelas","datePublished":"2024-11-08T07:25:51+00:00","dateModified":"2024-11-08T07:25:52+00:00","mainEntityOfPage":{"@id":"https:\/\/stacatarina.mx\/consejos\/mexico-prohibira-la-venta-de-productos-ricos-en-calorias-y-bajos-en-nutrientes-en-las-escuelas\/"},"wordCount":518,"publisher":{"@id":"https:\/\/stacatarina.mx\/consejos\/#organization"},"image":{"@id":"https:\/\/stacatarina.mx\/consejos\/mexico-prohibira-la-venta-de-productos-ricos-en-calorias-y-bajos-en-nutrientes-en-las-escuelas\/#primaryimage"},"thumbnailUrl":"https:\/\/stacatarina.mx\/consejos\/wp-content\/uploads\/2024\/11\/Mexico-prohibira-la-venta-de-productos-ricos-en-calorias-y.jpg","keywords":["bajos","calor\u00edas","escuelas","Las","M\u00e9xico","nutrientes","productos","prohibir\u00e1","ricos","Venta"],"articleSection":["Salud"],"inLanguage":"es"},{"@type":"WebPage","@id":"https:\/\/stacatarina.mx\/consejos\/mexico-prohibira-la-venta-de-productos-ricos-en-calorias-y-bajos-en-nutrientes-en-las-escuelas\/","url":"https:\/\/stacatarina.mx\/consejos\/mexico-prohibira-la-venta-de-productos-ricos-en-calorias-y-bajos-en-nutrientes-en-las-escuelas\/","name":"M\u00e9xico prohibir\u00e1 la venta de productos ricos en calor\u00edas y bajos en nutrientes en las escuelas - Consejos - Santa Catarina","isPartOf":{"@id":"https:\/\/stacatarina.mx\/consejos\/#website"},"primaryImageOfPage":{"@id":"https:\/\/stacatarina.mx\/consejos\/mexico-prohibira-la-venta-de-productos-ricos-en-calorias-y-bajos-en-nutrientes-en-las-escuelas\/#primaryimage"},"image":{"@id":"https:\/\/stacatarina.mx\/consejos\/mexico-prohibira-la-venta-de-productos-ricos-en-calorias-y-bajos-en-nutrientes-en-las-escuelas\/#primaryimage"},"thumbnailUrl":"https:\/\/stacatarina.mx\/consejos\/wp-content\/uploads\/2024\/11\/Mexico-prohibira-la-venta-de-productos-ricos-en-calorias-y.jpg","datePublished":"2024-11-08T07:25:51+00:00","dateModified":"2024-11-08T07:25:52+00:00","breadcrumb":{"@id":"https:\/\/stacatarina.mx\/consejos\/mexico-prohibira-la-venta-de-productos-ricos-en-calorias-y-bajos-en-nutrientes-en-las-escuelas\/#breadcrumb"},"inLanguage":"es","potentialAction":[{"@type":"ReadAction","target":["https:\/\/stacatarina.mx\/consejos\/mexico-prohibira-la-venta-de-productos-ricos-en-calorias-y-bajos-en-nutrientes-en-las-escuelas\/"]}]},{"@type":"ImageObject","inLanguage":"es","@id":"https:\/\/stacatarina.mx\/consejos\/mexico-prohibira-la-venta-de-productos-ricos-en-calorias-y-bajos-en-nutrientes-en-las-escuelas\/#primaryimage","url":"https:\/\/stacatarina.mx\/consejos\/wp-content\/uploads\/2024\/11\/Mexico-prohibira-la-venta-de-productos-ricos-en-calorias-y.jpg","contentUrl":"https:\/\/stacatarina.mx\/consejos\/wp-content\/uploads\/2024\/11\/Mexico-prohibira-la-venta-de-productos-ricos-en-calorias-y.jpg","width":1500,"height":1000,"caption":"Messico merendine"},{"@type":"BreadcrumbList","@id":"https:\/\/stacatarina.mx\/consejos\/mexico-prohibira-la-venta-de-productos-ricos-en-calorias-y-bajos-en-nutrientes-en-las-escuelas\/#breadcrumb","itemListElement":[{"@type":"ListItem","position":1,"name":"Inicio","item":"https:\/\/stacatarina.mx\/consejos\/"},{"@type":"ListItem","position":2,"name":"M\u00e9xico prohibir\u00e1 la venta de productos ricos en calor\u00edas y bajos en nutrientes en las escuelas"}]},{"@type":"WebSite","@id":"https:\/\/stacatarina.mx\/consejos\/#website","url":"https:\/\/stacatarina.mx\/consejos\/","name":"Santa Catarina","description":"","publisher":{"@id":"https:\/\/stacatarina.mx\/consejos\/#organization"},"potentialAction":[{"@type":"SearchAction","target":{"@type":"EntryPoint","urlTemplate":"https:\/\/stacatarina.mx\/consejos\/?s={search_term_string}"},"query-input":{"@type":"PropertyValueSpecification","valueRequired":true,"valueName":"search_term_string"}}],"inLanguage":"es"},{"@type":"Organization","@id":"https:\/\/stacatarina.mx\/consejos\/#organization","name":"Santa Catarina","url":"https:\/\/stacatarina.mx\/consejos\/","logo":{"@type":"ImageObject","inLanguage":"es","@id":"https:\/\/stacatarina.mx\/consejos\/#\/schema\/logo\/image\/","url":"https:\/\/stacatarina.mx\/consejos\/wp-content\/uploads\/2024\/09\/cropped-favicon-1-1.png","contentUrl":"https:\/\/stacatarina.mx\/consejos\/wp-content\/uploads\/2024\/09\/cropped-favicon-1-1.png","width":512,"height":512,"caption":"Santa Catarina"},"image":{"@id":"https:\/\/stacatarina.mx\/consejos\/#\/schema\/logo\/image\/"},"sameAs":["https:\/\/www.facebook.com\/stacatarinagob\/","https:\/\/x.com\/stacatarinagob","https:\/\/www.instagram.com\/stacatarinagob\/","https:\/\/www.youtube.com\/channel\/UCK-6cQJL_904665N1_nLTWw"]},{"@type":"Person","@id":"https:\/\/stacatarina.mx\/consejos\/#\/schema\/person\/0be60adffa8e4c4d0828fdf021450e8a","name":"Pedro Mart\u00ednez","image":{"@type":"ImageObject","inLanguage":"es","@id":"https:\/\/stacatarina.mx\/consejos\/#\/schema\/person\/image\/","url":"https:\/\/stacatarina.mx\/consejos\/wp-content\/uploads\/2024\/09\/stacatarina.jpg","contentUrl":"https:\/\/stacatarina.mx\/consejos\/wp-content\/uploads\/2024\/09\/stacatarina.jpg","caption":"Pedro Mart\u00ednez"},"description":"Hola, soy Pedro Mart\u00ednez, redactor jefe del sitio oficial del ayuntamiento de Santa Catarina, en M\u00e9xico. Con m\u00e1s de diez a\u00f1os de experiencia en el periodismo local, tengo una pasi\u00f3n por la investigaci\u00f3n y la difusi\u00f3n de informaci\u00f3n que valoriza nuestra hermosa comunidad. Mi compromiso es hacer de Santa Catarina una referencia en materia de transparencia y comunicaci\u00f3n municipal.","sameAs":["https:\/\/stacatarina.mx\/"]}]}},"_links":{"self":[{"href":"https:\/\/stacatarina.mx\/consejos\/wp-json\/wp\/v2\/posts\/1380"}],"collection":[{"href":"https:\/\/stacatarina.mx\/consejos\/wp-json\/wp\/v2\/posts"}],"about":[{"href":"https:\/\/stacatarina.mx\/consejos\/wp-json\/wp\/v2\/types\/post"}],"author":[{"embeddable":true,"href":"https:\/\/stacatarina.mx\/consejos\/wp-json\/wp\/v2\/users\/1"}],"replies":[{"embeddable":true,"href":"https:\/\/stacatarina.mx\/consejos\/wp-json\/wp\/v2\/comments?post=1380"}],"version-history":[{"count":1,"href":"https:\/\/stacatarina.mx\/consejos\/wp-json\/wp\/v2\/posts\/1380\/revisions"}],"predecessor-version":[{"id":1382,"href":"https:\/\/stacatarina.mx\/consejos\/wp-json\/wp\/v2\/posts\/1380\/revisions\/1382"}],"wp:featuredmedia":[{"embeddable":true,"href":"https:\/\/stacatarina.mx\/consejos\/wp-json\/wp\/v2\/media\/1381"}],"wp:attachment":[{"href":"https:\/\/stacatarina.mx\/consejos\/wp-json\/wp\/v2\/media?parent=1380"}],"wp:term":[{"taxonomy":"category","embeddable":true,"href":"https:\/\/stacatarina.mx\/consejos\/wp-json\/wp\/v2\/categories?post=1380"},{"taxonomy":"post_tag","embeddable":true,"href":"https:\/\/stacatarina.mx\/consejos\/wp-json\/wp\/v2\/tags?post=1380"}],"curies":[{"name":"wp","href":"https:\/\/api.w.org\/{rel}","templated":true}]}}