{"id":1477,"date":"2024-11-13T16:25:05","date_gmt":"2024-11-13T22:25:05","guid":{"rendered":"https:\/\/stacatarina.mx\/consejos\/subway-therapy-el-espacio-en-el-metro-de-nueva-york-donde-cualquiera-puede-detenerse-y-compartir-pensamientos-o-emociones-en-post-it\/"},"modified":"2024-11-13T16:25:06","modified_gmt":"2024-11-13T22:25:06","slug":"subway-therapy-el-espacio-en-el-metro-de-nueva-york-donde-cualquiera-puede-detenerse-y-compartir-pensamientos-o-emociones-en-post-it","status":"publish","type":"post","link":"https:\/\/stacatarina.mx\/consejos\/subway-therapy-el-espacio-en-el-metro-de-nueva-york-donde-cualquiera-puede-detenerse-y-compartir-pensamientos-o-emociones-en-post-it\/","title":{"rendered":"\u201cSubway Therapy\u201d: el espacio en el metro de Nueva York donde cualquiera puede detenerse y compartir pensamientos o emociones en post-it"},"content":{"rendered":"<p class=\"single-abstract\">\n<p>\t\t\t\t\t\t\t\t\t\t\t\t\t\t\t\t\tMatthew Ch\u00e1vez inici\u00f3 en el metro de Nueva York el proyecto \u201cSubway Therapy\u201d, un espacio donde escribir pensamientos y emociones en post-it pegados en las paredes de la estaci\u00f3n\t\t\t\t\t\t\t\t\t\t\t\t\t\t\t<\/p>\n<div class=\"daily-video\" style=\"display: none;\"><\/div>\n<div class=\"wrapper-player\" style=\"display: none; margin-bottom: 15px;\">\n<div id=\"daily-player\" style=\"position: relative; max-width: 100%;\" class=\"video-content\"><\/div>\n<\/p><\/div>\n<div class=\"image-wrapper featured-image no-lazy\" id=\"featured-image\"><\/div>\n<p><strong>Mateo Ch\u00e1vez<\/strong> Cre\u00f3 un oasis de <strong>yo escucho<\/strong> en un lugar ins\u00f3lito: el <strong>metro de nueva york<\/strong>. Conocido como el \u201cterapeuta del metro\u201d, Ch\u00e1vez inici\u00f3 el proyecto en 2016\u201d<strong>Terapia del metro<\/strong>\u201dpara proporcionar un espacio donde cualquiera pueda pasar <strong>compartir pensamientos o emociones<\/strong>.<\/p>\n<p>Su proyecto invita a los transe\u00fantes a expresar sus pensamientos sobre <strong>post-it coloridos<\/strong> quien luego viene <strong>pegado en las paredes de la estaci\u00f3n<\/strong>creando un mosaico de voces y experiencias que dan testimonio de esperanzas, dolores y sue\u00f1os. Comenzando como un simple experimento social, la Terapia Subway evolucion\u00f3 r\u00e1pidamente hasta convertirse en una <strong>movimiento colectivo y poderoso<\/strong>.<\/p>\n<p>Ch\u00e1vez comenz\u00f3 con una mesa y algunas sillas, sin saber si alguien realmente sentir\u00eda la necesidad de detenerse y abrirse. Sin embargo, el proyecto encontr\u00f3 resonancia inmediata y hoy las paredes de notas post-it son atractivas. <strong>miles de personas cada a\u00f1o<\/strong>dando forma a un refugio temporal donde sentirse menos solo.<\/p>\n<aside style=\"margin: 8px auto; text-align: center; display: block; clear: both;\">\n<div id=\"gpt-passback\">\n<\/div>\n<\/aside>\n<h2>Ch\u00e1vez tambi\u00e9n fund\u00f3 el Listening Lab.<\/h2>\n<p>Las redes sociales amplificaron el proyecto, atrayendo la iniciativa a la atenci\u00f3n mundial y permitiendo a Ch\u00e1vez <strong>expandirlo a otras ciudades<\/strong>como Berl\u00edn y Kioto. El \u00e9xito de Subway Therapy anim\u00f3 a Ch\u00e1vez a fundar la <strong>Laboratorio de escucha<\/strong>una organizaci\u00f3n sin fines de lucro comprometida con la promoci\u00f3n de la escucha activa y la conexi\u00f3n humana.<\/p>\n<p>Iniciativas como el Listening Lab muestran la importancia del contacto humano en <strong>contextos urbanos fren\u00e9ticos<\/strong>donde la gente suele pasar desapercibida y an\u00f3nima. Con talleres y colaboraciones con escuelas y comunidades juveniles, el proyecto educa a las personas, especialmente a los j\u00f3venes, en el arte de<strong>escucha emp\u00e1tica<\/strong>.<\/p>\n<p>Ch\u00e1vez cree que incluso una simple <strong>intercambiar palabras entre extra\u00f1os puede mejorar la calidad de vida y fomentar un sentido de comunidad<\/strong>valores poco comunes en ciudades grandes y concurridas. El enfoque de Ch\u00e1vez se basa en un principio simple: <strong>escuchar es bueno<\/strong>tanto para el hablante como para el oyente.<\/p>\n<p>Los mensajes que aparecen en los post-its son de lo m\u00e1s dispares: van desde <strong>del amor al sufrimiento<\/strong>hasta temas como el cambio y la esperanza. Este di\u00e1logo entre extra\u00f1os ha creado una red de apoyo informal pero poderosa, un refugio para quienes buscan sentirse vistos y comprendidos. As\u00ed, Ch\u00e1vez nos recuerda que, incluso en el caos de la vida urbana, hay lugar para <strong>ralentizar e <\/strong>Para<strong> abrirse a los dem\u00e1s<\/strong>.<\/p>\n<div class=\"wordpress responsive-container\">\n<blockquote class=\"instagram-media\" data-instgrm-captioned data-instgrm-permalink=\"https:\/\/www.instagram.com\/reel\/DCIHjS-xAkt\/?utm_source=ig_embed&amp;utm_campaign=loading\" data-instgrm-version=\"14\" style=\" background:#FFF; border:0; border-radius:3px; box-shadow:0 0 1px 0 rgba(0,0,0,0.5),0 1px 10px 0 rgba(0,0,0,0.15); margin: 1px; max-width:500px; min-width:326px; padding:0; width:99.375%; width:-webkit-calc(100% - 2px); width:calc(100% - 2px);\">\n<div style=\"padding:16px;\">\n<div style=\" display: flex; flex-direction: row; align-items: center;\">\n<div style=\"background-color: #F4F4F4; border-radius: 50%; flex-grow: 0; height: 40px; margin-right: 14px; width: 40px;\"><\/div>\n<div style=\"display: flex; flex-direction: column; flex-grow: 1; justify-content: center;\">\n<div style=\" background-color: #F4F4F4; border-radius: 4px; flex-grow: 0; height: 14px; margin-bottom: 6px; width: 100px;\"><\/div>\n<div style=\" background-color: #F4F4F4; border-radius: 4px; flex-grow: 0; height: 14px; width: 60px;\"><\/div>\n<\/div>\n<\/div>\n<div style=\"padding: 19% 0;\"><\/div>\n<div style=\"display:block; height:50px; margin:0 auto 12px; width:50px;\"><svg width=\"50px\" height=\"50px\" viewbox=\"0 0 60 60\" version=\"1.1\" xmlns=\"https:\/\/www.w3.org\/2000\/svg\" xmlns:xlink=\"https:\/\/www.w3.org\/1999\/xlink\"><g stroke=\"none\" stroke-width=\"1\" fill=\"none\" fill-rule=\"evenodd\"><g transform=\"translate(-511.000000, -20.000000)\" fill=\"#000000\"><g><path d=\"M556.869,30.41 C554.814,30.41 553.148,32.076 553.148,34.131 C553.148,36.186 554.814,37.852 556.869,37.852 C558.924,37.852 560.59,36.186 560.59,34.131 C560.59,32.076 558.924,30.41 556.869,30.41 M541,60.657 C535.114,60.657 530.342,55.887 530.342,50 C530.342,44.114 535.114,39.342 541,39.342 C546.887,39.342 551.658,44.114 551.658,50 C551.658,55.887 546.887,60.657 541,60.657 M541,33.886 C532.1,33.886 524.886,41.1 524.886,50 C524.886,58.899 532.1,66.113 541,66.113 C549.9,66.113 557.115,58.899 557.115,50 C557.115,41.1 549.9,33.886 541,33.886 M565.378,62.101 C565.244,65.022 564.756,66.606 564.346,67.663 C563.803,69.06 563.154,70.057 562.106,71.106 C561.058,72.155 560.06,72.803 558.662,73.347 C557.607,73.757 556.021,74.244 553.102,74.378 C549.944,74.521 548.997,74.552 541,74.552 C533.003,74.552 532.056,74.521 528.898,74.378 C525.979,74.244 524.393,73.757 523.338,73.347 C521.94,72.803 520.942,72.155 519.894,71.106 C518.846,70.057 518.197,69.06 517.654,67.663 C517.244,66.606 516.755,65.022 516.623,62.101 C516.479,58.943 516.448,57.996 516.448,50 C516.448,42.003 516.479,41.056 516.623,37.899 C516.755,34.978 517.244,33.391 517.654,32.338 C518.197,30.938 518.846,29.942 519.894,28.894 C520.942,27.846 521.94,27.196 523.338,26.654 C524.393,26.244 525.979,25.756 528.898,25.623 C532.057,25.479 533.004,25.448 541,25.448 C548.997,25.448 549.943,25.479 553.102,25.623 C556.021,25.756 557.607,26.244 558.662,26.654 C560.06,27.196 561.058,27.846 562.106,28.894 C563.154,29.942 563.803,30.938 564.346,32.338 C564.756,33.391 565.244,34.978 565.378,37.899 C565.522,41.056 565.552,42.003 565.552,50 C565.552,57.996 565.522,58.943 565.378,62.101 M570.82,37.631 C570.674,34.438 570.167,32.258 569.425,30.349 C568.659,28.377 567.633,26.702 565.965,25.035 C564.297,23.368 562.623,22.342 560.652,21.575 C558.743,20.834 556.562,20.326 553.369,20.18 C550.169,20.033 549.148,20 541,20 C532.853,20 531.831,20.033 528.631,20.18 C525.438,20.326 523.257,20.834 521.349,21.575 C519.376,22.342 517.703,23.368 516.035,25.035 C514.368,26.702 513.342,28.377 512.574,30.349 C511.834,32.258 511.326,34.438 511.181,37.631 C511.035,40.831 511,41.851 511,50 C511,58.147 511.035,59.17 511.181,62.369 C511.326,65.562 511.834,67.743 512.574,69.651 C513.342,71.625 514.368,73.296 516.035,74.965 C517.703,76.634 519.376,77.658 521.349,78.425 C523.257,79.167 525.438,79.673 528.631,79.82 C531.831,79.965 532.853,80.001 541,80.001 C549.148,80.001 550.169,79.965 553.369,79.82 C556.562,79.673 558.743,79.167 560.652,78.425 C562.623,77.658 564.297,76.634 565.965,74.965 C567.633,73.296 568.659,71.625 569.425,69.651 C570.167,67.743 570.674,65.562 570.82,62.369 C570.966,59.17 571,58.147 571,50 C571,41.851 570.966,40.831 570.82,37.631\"><\/path><\/g><\/g><\/g><\/svg><\/div>\n<div style=\"padding-top: 8px;\">\n<div style=\" color:#3897f0; font-family:Arial,sans-serif; font-size:14px; font-style:normal; font-weight:550; line-height:18px;\">Ver esta publicaci\u00f3n en Instagram<\/div>\n<\/div>\n<div style=\"padding: 12.5% 0;\"><\/div>\n<div style=\"display: flex; flex-direction: row; margin-bottom: 14px; align-items: center;\">\n<div>\n<div style=\"background-color: #F4F4F4; border-radius: 50%; height: 12.5px; width: 12.5px; transform: translateX(0px) translateY(7px);\"><\/div>\n<div style=\"background-color: #F4F4F4; height: 12.5px; transform: rotate(-45deg) translateX(3px) translateY(1px); width: 12.5px; flex-grow: 0; margin-right: 14px; margin-left: 2px;\"><\/div>\n<div style=\"background-color: #F4F4F4; border-radius: 50%; height: 12.5px; width: 12.5px; transform: translateX(9px) translateY(-18px);\"><\/div>\n<\/div>\n<div style=\"margin-left: 8px;\">\n<div style=\" background-color: #F4F4F4; border-radius: 50%; flex-grow: 0; height: 20px; width: 20px;\"><\/div>\n<div style=\" width: 0; height: 0; border-top: 2px solid transparent; border-left: 6px solid #f4f4f4; border-bottom: 2px solid transparent; transform: translateX(16px) translateY(-4px) rotate(30deg)\"><\/div>\n<\/div>\n<div style=\"margin-left: auto;\">\n<div style=\" width: 0px; border-top: 8px solid #F4F4F4; border-right: 8px solid transparent; transform: translateY(16px);\"><\/div>\n<div style=\" background-color: #F4F4F4; flex-grow: 0; height: 12px; width: 16px; transform: translateY(-4px);\"><\/div>\n<div style=\" width: 0; height: 0; border-top: 8px solid #F4F4F4; border-left: 8px solid transparent; transform: translateY(-4px) translateX(8px);\"><\/div>\n<\/div>\n<\/div>\n<div style=\"display: flex; flex-direction: column; flex-grow: 1; justify-content: center; margin-bottom: 24px;\">\n<div style=\" background-color: #F4F4F4; border-radius: 4px; flex-grow: 0; height: 14px; margin-bottom: 6px; width: 224px;\"><\/div>\n<div style=\" background-color: #F4F4F4; border-radius: 4px; flex-grow: 0; height: 14px; width: 144px;\"><\/div>\n<\/div>\n<p style=\" color:#c9c8cd; font-family:Arial,sans-serif; font-size:14px; line-height:17px; margin-bottom:0; margin-top:8px; overflow:hidden; padding:8px 0 7px; text-align:center; text-overflow:ellipsis; white-space:nowrap;\">Una publicaci\u00f3n compartida por Subway Therapy (@subwaytherapy)<\/p>\n<\/div>\n<\/blockquote>\n<\/div>\n<\/p>\n<p><script async src=\"\/\/www.instagram.com\/embed.js\"><\/script><\/p>\n","protected":false},"excerpt":{"rendered":"<p>Matthew Ch\u00e1vez inici\u00f3 en el metro de Nueva York el proyecto \u201cSubway Therapy\u201d, un espacio donde escribir pensamientos y emociones en post-it pegados en las<\/p>\n","protected":false},"author":1,"featured_media":1478,"comment_status":"closed","ping_status":"","sticky":false,"template":"","format":"standard","meta":{"footnotes":""},"categories":[762],"tags":[2124,2122,2123,287,1268,477,2121,272,2125,2126,406,2119,2120,1887],"class_list":["post-1477","post","type-post","status-publish","format-standard","has-post-thumbnail","hentry","category-salud","tag-compartir","tag-cualquiera","tag-detenerse","tag-donde","tag-emociones","tag-espacio","tag-metro","tag-nueva","tag-pensamientos","tag-postit","tag-puede","tag-subway","tag-therapy","tag-york","generate-columns","tablet-grid-50","mobile-grid-100","grid-parent","grid-50"],"yoast_head":"<!-- This site is optimized with the Yoast SEO plugin v23.4 - https:\/\/yoast.com\/wordpress\/plugins\/seo\/ -->\n<title>\u201cSubway Therapy\u201d: el espacio en el metro de Nueva York donde cualquiera puede detenerse y compartir pensamientos o emociones en post-it - Consejos - Santa Catarina<\/title>\n<meta name=\"robots\" content=\"index, follow, max-snippet:-1, max-image-preview:large, max-video-preview:-1\" \/>\n<link rel=\"canonical\" href=\"https:\/\/stacatarina.mx\/consejos\/subway-therapy-el-espacio-en-el-metro-de-nueva-york-donde-cualquiera-puede-detenerse-y-compartir-pensamientos-o-emociones-en-post-it\/\" \/>\n<meta property=\"og:locale\" content=\"es_MX\" \/>\n<meta property=\"og:type\" content=\"article\" \/>\n<meta property=\"og:title\" content=\"\u201cSubway Therapy\u201d: el espacio en el metro de Nueva York donde cualquiera puede detenerse y compartir pensamientos o emociones en post-it - Consejos - Santa Catarina\" \/>\n<meta property=\"og:description\" content=\"Matthew Ch\u00e1vez inici\u00f3 en el metro de Nueva York el proyecto \u201cSubway Therapy\u201d, un espacio donde escribir pensamientos y emociones en post-it pegados en las\" \/>\n<meta property=\"og:url\" content=\"https:\/\/stacatarina.mx\/consejos\/subway-therapy-el-espacio-en-el-metro-de-nueva-york-donde-cualquiera-puede-detenerse-y-compartir-pensamientos-o-emociones-en-post-it\/\" \/>\n<meta property=\"og:site_name\" content=\"Santa Catarina\" \/>\n<meta property=\"article:publisher\" content=\"https:\/\/www.facebook.com\/stacatarinagob\/\" \/>\n<meta property=\"article:published_time\" content=\"2024-11-13T22:25:05+00:00\" \/>\n<meta property=\"article:modified_time\" content=\"2024-11-13T22:25:06+00:00\" \/>\n<meta property=\"og:image\" content=\"https:\/\/stacatarina.mx\/consejos\/wp-content\/uploads\/2024\/11\/Subway-Therapy-el-espacio-en-el-metro-de-Nueva-York.jpg\" \/>\n\t<meta property=\"og:image:width\" content=\"1500\" \/>\n\t<meta property=\"og:image:height\" content=\"1000\" \/>\n\t<meta property=\"og:image:type\" content=\"image\/jpeg\" \/>\n<meta name=\"author\" content=\"Pedro Mart\u00ednez\" \/>\n<meta name=\"twitter:card\" content=\"summary_large_image\" \/>\n<meta name=\"twitter:creator\" content=\"@stacatarinagob\" \/>\n<meta name=\"twitter:site\" content=\"@stacatarinagob\" \/>\n<meta name=\"twitter:label1\" content=\"Escrito por\" \/>\n\t<meta name=\"twitter:data1\" content=\"Pedro Mart\u00ednez\" \/>\n\t<meta name=\"twitter:label2\" content=\"Tiempo de lectura\" \/>\n\t<meta name=\"twitter:data2\" content=\"2 minutos\" \/>\n<script type=\"application\/ld+json\" class=\"yoast-schema-graph\">{\"@context\":\"https:\/\/schema.org\",\"@graph\":[{\"@type\":\"Article\",\"@id\":\"https:\/\/stacatarina.mx\/consejos\/subway-therapy-el-espacio-en-el-metro-de-nueva-york-donde-cualquiera-puede-detenerse-y-compartir-pensamientos-o-emociones-en-post-it\/#article\",\"isPartOf\":{\"@id\":\"https:\/\/stacatarina.mx\/consejos\/subway-therapy-el-espacio-en-el-metro-de-nueva-york-donde-cualquiera-puede-detenerse-y-compartir-pensamientos-o-emociones-en-post-it\/\"},\"author\":{\"name\":\"Pedro Mart\u00ednez\",\"@id\":\"https:\/\/stacatarina.mx\/consejos\/#\/schema\/person\/0be60adffa8e4c4d0828fdf021450e8a\"},\"headline\":\"\u201cSubway Therapy\u201d: el espacio en el metro de Nueva York donde cualquiera puede detenerse y compartir pensamientos o emociones en post-it\",\"datePublished\":\"2024-11-13T22:25:05+00:00\",\"dateModified\":\"2024-11-13T22:25:06+00:00\",\"mainEntityOfPage\":{\"@id\":\"https:\/\/stacatarina.mx\/consejos\/subway-therapy-el-espacio-en-el-metro-de-nueva-york-donde-cualquiera-puede-detenerse-y-compartir-pensamientos-o-emociones-en-post-it\/\"},\"wordCount\":472,\"publisher\":{\"@id\":\"https:\/\/stacatarina.mx\/consejos\/#organization\"},\"image\":{\"@id\":\"https:\/\/stacatarina.mx\/consejos\/subway-therapy-el-espacio-en-el-metro-de-nueva-york-donde-cualquiera-puede-detenerse-y-compartir-pensamientos-o-emociones-en-post-it\/#primaryimage\"},\"thumbnailUrl\":\"https:\/\/stacatarina.mx\/consejos\/wp-content\/uploads\/2024\/11\/Subway-Therapy-el-espacio-en-el-metro-de-Nueva-York.jpg\",\"keywords\":[\"compartir\",\"cualquiera\",\"detenerse\",\"D\u00f3nde\",\"emociones\",\"espacio\",\"metro\",\"nueva\",\"pensamientos\",\"postit\",\"puede\",\"Subway\",\"Therapy\",\"York\"],\"articleSection\":[\"Salud\"],\"inLanguage\":\"es\"},{\"@type\":\"WebPage\",\"@id\":\"https:\/\/stacatarina.mx\/consejos\/subway-therapy-el-espacio-en-el-metro-de-nueva-york-donde-cualquiera-puede-detenerse-y-compartir-pensamientos-o-emociones-en-post-it\/\",\"url\":\"https:\/\/stacatarina.mx\/consejos\/subway-therapy-el-espacio-en-el-metro-de-nueva-york-donde-cualquiera-puede-detenerse-y-compartir-pensamientos-o-emociones-en-post-it\/\",\"name\":\"\u201cSubway Therapy\u201d: el espacio en el metro de Nueva York donde cualquiera puede detenerse y compartir pensamientos o emociones en post-it - Consejos - Santa Catarina\",\"isPartOf\":{\"@id\":\"https:\/\/stacatarina.mx\/consejos\/#website\"},\"primaryImageOfPage\":{\"@id\":\"https:\/\/stacatarina.mx\/consejos\/subway-therapy-el-espacio-en-el-metro-de-nueva-york-donde-cualquiera-puede-detenerse-y-compartir-pensamientos-o-emociones-en-post-it\/#primaryimage\"},\"image\":{\"@id\":\"https:\/\/stacatarina.mx\/consejos\/subway-therapy-el-espacio-en-el-metro-de-nueva-york-donde-cualquiera-puede-detenerse-y-compartir-pensamientos-o-emociones-en-post-it\/#primaryimage\"},\"thumbnailUrl\":\"https:\/\/stacatarina.mx\/consejos\/wp-content\/uploads\/2024\/11\/Subway-Therapy-el-espacio-en-el-metro-de-Nueva-York.jpg\",\"datePublished\":\"2024-11-13T22:25:05+00:00\",\"dateModified\":\"2024-11-13T22:25:06+00:00\",\"breadcrumb\":{\"@id\":\"https:\/\/stacatarina.mx\/consejos\/subway-therapy-el-espacio-en-el-metro-de-nueva-york-donde-cualquiera-puede-detenerse-y-compartir-pensamientos-o-emociones-en-post-it\/#breadcrumb\"},\"inLanguage\":\"es\",\"potentialAction\":[{\"@type\":\"ReadAction\",\"target\":[\"https:\/\/stacatarina.mx\/consejos\/subway-therapy-el-espacio-en-el-metro-de-nueva-york-donde-cualquiera-puede-detenerse-y-compartir-pensamientos-o-emociones-en-post-it\/\"]}]},{\"@type\":\"ImageObject\",\"inLanguage\":\"es\",\"@id\":\"https:\/\/stacatarina.mx\/consejos\/subway-therapy-el-espacio-en-el-metro-de-nueva-york-donde-cualquiera-puede-detenerse-y-compartir-pensamientos-o-emociones-en-post-it\/#primaryimage\",\"url\":\"https:\/\/stacatarina.mx\/consejos\/wp-content\/uploads\/2024\/11\/Subway-Therapy-el-espacio-en-el-metro-de-Nueva-York.jpg\",\"contentUrl\":\"https:\/\/stacatarina.mx\/consejos\/wp-content\/uploads\/2024\/11\/Subway-Therapy-el-espacio-en-el-metro-de-Nueva-York.jpg\",\"width\":1500,\"height\":1000,\"caption\":\"Subway therapy\"},{\"@type\":\"BreadcrumbList\",\"@id\":\"https:\/\/stacatarina.mx\/consejos\/subway-therapy-el-espacio-en-el-metro-de-nueva-york-donde-cualquiera-puede-detenerse-y-compartir-pensamientos-o-emociones-en-post-it\/#breadcrumb\",\"itemListElement\":[{\"@type\":\"ListItem\",\"position\":1,\"name\":\"Inicio\",\"item\":\"https:\/\/stacatarina.mx\/consejos\/\"},{\"@type\":\"ListItem\",\"position\":2,\"name\":\"\u201cSubway Therapy\u201d: el espacio en el metro de Nueva York donde cualquiera puede detenerse y compartir pensamientos o emociones en post-it\"}]},{\"@type\":\"WebSite\",\"@id\":\"https:\/\/stacatarina.mx\/consejos\/#website\",\"url\":\"https:\/\/stacatarina.mx\/consejos\/\",\"name\":\"Santa Catarina\",\"description\":\"\",\"publisher\":{\"@id\":\"https:\/\/stacatarina.mx\/consejos\/#organization\"},\"potentialAction\":[{\"@type\":\"SearchAction\",\"target\":{\"@type\":\"EntryPoint\",\"urlTemplate\":\"https:\/\/stacatarina.mx\/consejos\/?s={search_term_string}\"},\"query-input\":{\"@type\":\"PropertyValueSpecification\",\"valueRequired\":true,\"valueName\":\"search_term_string\"}}],\"inLanguage\":\"es\"},{\"@type\":\"Organization\",\"@id\":\"https:\/\/stacatarina.mx\/consejos\/#organization\",\"name\":\"Santa Catarina\",\"url\":\"https:\/\/stacatarina.mx\/consejos\/\",\"logo\":{\"@type\":\"ImageObject\",\"inLanguage\":\"es\",\"@id\":\"https:\/\/stacatarina.mx\/consejos\/#\/schema\/logo\/image\/\",\"url\":\"https:\/\/stacatarina.mx\/consejos\/wp-content\/uploads\/2024\/09\/cropped-favicon-1-1.png\",\"contentUrl\":\"https:\/\/stacatarina.mx\/consejos\/wp-content\/uploads\/2024\/09\/cropped-favicon-1-1.png\",\"width\":512,\"height\":512,\"caption\":\"Santa Catarina\"},\"image\":{\"@id\":\"https:\/\/stacatarina.mx\/consejos\/#\/schema\/logo\/image\/\"},\"sameAs\":[\"https:\/\/www.facebook.com\/stacatarinagob\/\",\"https:\/\/x.com\/stacatarinagob\",\"https:\/\/www.instagram.com\/stacatarinagob\/\",\"https:\/\/www.youtube.com\/channel\/UCK-6cQJL_904665N1_nLTWw\"]},{\"@type\":\"Person\",\"@id\":\"https:\/\/stacatarina.mx\/consejos\/#\/schema\/person\/0be60adffa8e4c4d0828fdf021450e8a\",\"name\":\"Pedro Mart\u00ednez\",\"image\":{\"@type\":\"ImageObject\",\"inLanguage\":\"es\",\"@id\":\"https:\/\/stacatarina.mx\/consejos\/#\/schema\/person\/image\/\",\"url\":\"https:\/\/stacatarina.mx\/consejos\/wp-content\/uploads\/2024\/09\/stacatarina.jpg\",\"contentUrl\":\"https:\/\/stacatarina.mx\/consejos\/wp-content\/uploads\/2024\/09\/stacatarina.jpg\",\"caption\":\"Pedro Mart\u00ednez\"},\"description\":\"Hola, soy Pedro Mart\u00ednez, redactor jefe del sitio oficial del ayuntamiento de Santa Catarina, en M\u00e9xico. Con m\u00e1s de diez a\u00f1os de experiencia en el periodismo local, tengo una pasi\u00f3n por la investigaci\u00f3n y la difusi\u00f3n de informaci\u00f3n que valoriza nuestra hermosa comunidad. Mi compromiso es hacer de Santa Catarina una referencia en materia de transparencia y comunicaci\u00f3n municipal.\",\"sameAs\":[\"https:\/\/stacatarina.mx\/\"]}]}<\/script>\n<!-- \/ Yoast SEO plugin. -->","yoast_head_json":{"title":"\u201cSubway Therapy\u201d: el espacio en el metro de Nueva York donde cualquiera puede detenerse y compartir pensamientos o emociones en post-it - Consejos - Santa Catarina","robots":{"index":"index","follow":"follow","max-snippet":"max-snippet:-1","max-image-preview":"max-image-preview:large","max-video-preview":"max-video-preview:-1"},"canonical":"https:\/\/stacatarina.mx\/consejos\/subway-therapy-el-espacio-en-el-metro-de-nueva-york-donde-cualquiera-puede-detenerse-y-compartir-pensamientos-o-emociones-en-post-it\/","og_locale":"es_MX","og_type":"article","og_title":"\u201cSubway Therapy\u201d: el espacio en el metro de Nueva York donde cualquiera puede detenerse y compartir pensamientos o emociones en post-it - Consejos - Santa Catarina","og_description":"Matthew Ch\u00e1vez inici\u00f3 en el metro de Nueva York el proyecto \u201cSubway Therapy\u201d, un espacio donde escribir pensamientos y emociones en post-it pegados en las","og_url":"https:\/\/stacatarina.mx\/consejos\/subway-therapy-el-espacio-en-el-metro-de-nueva-york-donde-cualquiera-puede-detenerse-y-compartir-pensamientos-o-emociones-en-post-it\/","og_site_name":"Santa Catarina","article_publisher":"https:\/\/www.facebook.com\/stacatarinagob\/","article_published_time":"2024-11-13T22:25:05+00:00","article_modified_time":"2024-11-13T22:25:06+00:00","og_image":[{"width":1500,"height":1000,"url":"https:\/\/stacatarina.mx\/consejos\/wp-content\/uploads\/2024\/11\/Subway-Therapy-el-espacio-en-el-metro-de-Nueva-York.jpg","type":"image\/jpeg"}],"author":"Pedro Mart\u00ednez","twitter_card":"summary_large_image","twitter_creator":"@stacatarinagob","twitter_site":"@stacatarinagob","twitter_misc":{"Escrito por":"Pedro Mart\u00ednez","Tiempo de lectura":"2 minutos"},"schema":{"@context":"https:\/\/schema.org","@graph":[{"@type":"Article","@id":"https:\/\/stacatarina.mx\/consejos\/subway-therapy-el-espacio-en-el-metro-de-nueva-york-donde-cualquiera-puede-detenerse-y-compartir-pensamientos-o-emociones-en-post-it\/#article","isPartOf":{"@id":"https:\/\/stacatarina.mx\/consejos\/subway-therapy-el-espacio-en-el-metro-de-nueva-york-donde-cualquiera-puede-detenerse-y-compartir-pensamientos-o-emociones-en-post-it\/"},"author":{"name":"Pedro Mart\u00ednez","@id":"https:\/\/stacatarina.mx\/consejos\/#\/schema\/person\/0be60adffa8e4c4d0828fdf021450e8a"},"headline":"\u201cSubway Therapy\u201d: el espacio en el metro de Nueva York donde cualquiera puede detenerse y compartir pensamientos o emociones en post-it","datePublished":"2024-11-13T22:25:05+00:00","dateModified":"2024-11-13T22:25:06+00:00","mainEntityOfPage":{"@id":"https:\/\/stacatarina.mx\/consejos\/subway-therapy-el-espacio-en-el-metro-de-nueva-york-donde-cualquiera-puede-detenerse-y-compartir-pensamientos-o-emociones-en-post-it\/"},"wordCount":472,"publisher":{"@id":"https:\/\/stacatarina.mx\/consejos\/#organization"},"image":{"@id":"https:\/\/stacatarina.mx\/consejos\/subway-therapy-el-espacio-en-el-metro-de-nueva-york-donde-cualquiera-puede-detenerse-y-compartir-pensamientos-o-emociones-en-post-it\/#primaryimage"},"thumbnailUrl":"https:\/\/stacatarina.mx\/consejos\/wp-content\/uploads\/2024\/11\/Subway-Therapy-el-espacio-en-el-metro-de-Nueva-York.jpg","keywords":["compartir","cualquiera","detenerse","D\u00f3nde","emociones","espacio","metro","nueva","pensamientos","postit","puede","Subway","Therapy","York"],"articleSection":["Salud"],"inLanguage":"es"},{"@type":"WebPage","@id":"https:\/\/stacatarina.mx\/consejos\/subway-therapy-el-espacio-en-el-metro-de-nueva-york-donde-cualquiera-puede-detenerse-y-compartir-pensamientos-o-emociones-en-post-it\/","url":"https:\/\/stacatarina.mx\/consejos\/subway-therapy-el-espacio-en-el-metro-de-nueva-york-donde-cualquiera-puede-detenerse-y-compartir-pensamientos-o-emociones-en-post-it\/","name":"\u201cSubway Therapy\u201d: el espacio en el metro de Nueva York donde cualquiera puede detenerse y compartir pensamientos o emociones en post-it - Consejos - Santa Catarina","isPartOf":{"@id":"https:\/\/stacatarina.mx\/consejos\/#website"},"primaryImageOfPage":{"@id":"https:\/\/stacatarina.mx\/consejos\/subway-therapy-el-espacio-en-el-metro-de-nueva-york-donde-cualquiera-puede-detenerse-y-compartir-pensamientos-o-emociones-en-post-it\/#primaryimage"},"image":{"@id":"https:\/\/stacatarina.mx\/consejos\/subway-therapy-el-espacio-en-el-metro-de-nueva-york-donde-cualquiera-puede-detenerse-y-compartir-pensamientos-o-emociones-en-post-it\/#primaryimage"},"thumbnailUrl":"https:\/\/stacatarina.mx\/consejos\/wp-content\/uploads\/2024\/11\/Subway-Therapy-el-espacio-en-el-metro-de-Nueva-York.jpg","datePublished":"2024-11-13T22:25:05+00:00","dateModified":"2024-11-13T22:25:06+00:00","breadcrumb":{"@id":"https:\/\/stacatarina.mx\/consejos\/subway-therapy-el-espacio-en-el-metro-de-nueva-york-donde-cualquiera-puede-detenerse-y-compartir-pensamientos-o-emociones-en-post-it\/#breadcrumb"},"inLanguage":"es","potentialAction":[{"@type":"ReadAction","target":["https:\/\/stacatarina.mx\/consejos\/subway-therapy-el-espacio-en-el-metro-de-nueva-york-donde-cualquiera-puede-detenerse-y-compartir-pensamientos-o-emociones-en-post-it\/"]}]},{"@type":"ImageObject","inLanguage":"es","@id":"https:\/\/stacatarina.mx\/consejos\/subway-therapy-el-espacio-en-el-metro-de-nueva-york-donde-cualquiera-puede-detenerse-y-compartir-pensamientos-o-emociones-en-post-it\/#primaryimage","url":"https:\/\/stacatarina.mx\/consejos\/wp-content\/uploads\/2024\/11\/Subway-Therapy-el-espacio-en-el-metro-de-Nueva-York.jpg","contentUrl":"https:\/\/stacatarina.mx\/consejos\/wp-content\/uploads\/2024\/11\/Subway-Therapy-el-espacio-en-el-metro-de-Nueva-York.jpg","width":1500,"height":1000,"caption":"Subway therapy"},{"@type":"BreadcrumbList","@id":"https:\/\/stacatarina.mx\/consejos\/subway-therapy-el-espacio-en-el-metro-de-nueva-york-donde-cualquiera-puede-detenerse-y-compartir-pensamientos-o-emociones-en-post-it\/#breadcrumb","itemListElement":[{"@type":"ListItem","position":1,"name":"Inicio","item":"https:\/\/stacatarina.mx\/consejos\/"},{"@type":"ListItem","position":2,"name":"\u201cSubway Therapy\u201d: el espacio en el metro de Nueva York donde cualquiera puede detenerse y compartir pensamientos o emociones en post-it"}]},{"@type":"WebSite","@id":"https:\/\/stacatarina.mx\/consejos\/#website","url":"https:\/\/stacatarina.mx\/consejos\/","name":"Santa Catarina","description":"","publisher":{"@id":"https:\/\/stacatarina.mx\/consejos\/#organization"},"potentialAction":[{"@type":"SearchAction","target":{"@type":"EntryPoint","urlTemplate":"https:\/\/stacatarina.mx\/consejos\/?s={search_term_string}"},"query-input":{"@type":"PropertyValueSpecification","valueRequired":true,"valueName":"search_term_string"}}],"inLanguage":"es"},{"@type":"Organization","@id":"https:\/\/stacatarina.mx\/consejos\/#organization","name":"Santa Catarina","url":"https:\/\/stacatarina.mx\/consejos\/","logo":{"@type":"ImageObject","inLanguage":"es","@id":"https:\/\/stacatarina.mx\/consejos\/#\/schema\/logo\/image\/","url":"https:\/\/stacatarina.mx\/consejos\/wp-content\/uploads\/2024\/09\/cropped-favicon-1-1.png","contentUrl":"https:\/\/stacatarina.mx\/consejos\/wp-content\/uploads\/2024\/09\/cropped-favicon-1-1.png","width":512,"height":512,"caption":"Santa Catarina"},"image":{"@id":"https:\/\/stacatarina.mx\/consejos\/#\/schema\/logo\/image\/"},"sameAs":["https:\/\/www.facebook.com\/stacatarinagob\/","https:\/\/x.com\/stacatarinagob","https:\/\/www.instagram.com\/stacatarinagob\/","https:\/\/www.youtube.com\/channel\/UCK-6cQJL_904665N1_nLTWw"]},{"@type":"Person","@id":"https:\/\/stacatarina.mx\/consejos\/#\/schema\/person\/0be60adffa8e4c4d0828fdf021450e8a","name":"Pedro Mart\u00ednez","image":{"@type":"ImageObject","inLanguage":"es","@id":"https:\/\/stacatarina.mx\/consejos\/#\/schema\/person\/image\/","url":"https:\/\/stacatarina.mx\/consejos\/wp-content\/uploads\/2024\/09\/stacatarina.jpg","contentUrl":"https:\/\/stacatarina.mx\/consejos\/wp-content\/uploads\/2024\/09\/stacatarina.jpg","caption":"Pedro Mart\u00ednez"},"description":"Hola, soy Pedro Mart\u00ednez, redactor jefe del sitio oficial del ayuntamiento de Santa Catarina, en M\u00e9xico. Con m\u00e1s de diez a\u00f1os de experiencia en el periodismo local, tengo una pasi\u00f3n por la investigaci\u00f3n y la difusi\u00f3n de informaci\u00f3n que valoriza nuestra hermosa comunidad. Mi compromiso es hacer de Santa Catarina una referencia en materia de transparencia y comunicaci\u00f3n municipal.","sameAs":["https:\/\/stacatarina.mx\/"]}]}},"_links":{"self":[{"href":"https:\/\/stacatarina.mx\/consejos\/wp-json\/wp\/v2\/posts\/1477"}],"collection":[{"href":"https:\/\/stacatarina.mx\/consejos\/wp-json\/wp\/v2\/posts"}],"about":[{"href":"https:\/\/stacatarina.mx\/consejos\/wp-json\/wp\/v2\/types\/post"}],"author":[{"embeddable":true,"href":"https:\/\/stacatarina.mx\/consejos\/wp-json\/wp\/v2\/users\/1"}],"replies":[{"embeddable":true,"href":"https:\/\/stacatarina.mx\/consejos\/wp-json\/wp\/v2\/comments?post=1477"}],"version-history":[{"count":1,"href":"https:\/\/stacatarina.mx\/consejos\/wp-json\/wp\/v2\/posts\/1477\/revisions"}],"predecessor-version":[{"id":1479,"href":"https:\/\/stacatarina.mx\/consejos\/wp-json\/wp\/v2\/posts\/1477\/revisions\/1479"}],"wp:featuredmedia":[{"embeddable":true,"href":"https:\/\/stacatarina.mx\/consejos\/wp-json\/wp\/v2\/media\/1478"}],"wp:attachment":[{"href":"https:\/\/stacatarina.mx\/consejos\/wp-json\/wp\/v2\/media?parent=1477"}],"wp:term":[{"taxonomy":"category","embeddable":true,"href":"https:\/\/stacatarina.mx\/consejos\/wp-json\/wp\/v2\/categories?post=1477"},{"taxonomy":"post_tag","embeddable":true,"href":"https:\/\/stacatarina.mx\/consejos\/wp-json\/wp\/v2\/tags?post=1477"}],"curies":[{"name":"wp","href":"https:\/\/api.w.org\/{rel}","templated":true}]}}