{"id":1555,"date":"2024-11-17T20:27:02","date_gmt":"2024-11-18T02:27:02","guid":{"rendered":"https:\/\/stacatarina.mx\/consejos\/se-aprueba-y-es-un-fracaso-de-nuestra-sociedad-la-nueva-ley-contra-las-agresiones-al-personal-sanitario\/"},"modified":"2024-11-17T20:27:02","modified_gmt":"2024-11-18T02:27:02","slug":"se-aprueba-y-es-un-fracaso-de-nuestra-sociedad-la-nueva-ley-contra-las-agresiones-al-personal-sanitario","status":"publish","type":"post","link":"https:\/\/stacatarina.mx\/consejos\/se-aprueba-y-es-un-fracaso-de-nuestra-sociedad-la-nueva-ley-contra-las-agresiones-al-personal-sanitario\/","title":{"rendered":"Se aprueba (y es un fracaso de nuestra sociedad) la nueva ley contra las agresiones al personal sanitario"},"content":{"rendered":"<p class=\"single-abstract\">\n<p>\t\t\t\t\t\t\t\t\t\t\t\t\t\t\t\t\tAprobada la nueva ley contra las agresiones al personal que introduce arrestos y penas de prisi\u00f3n de hasta 5 a\u00f1os para los culpables de lesiones y da\u00f1os a materiales y estructuras\t\t\t\t\t\t\t\t\t\t\t\t\t\t\t<\/p>\n<div class=\"daily-video\" style=\"display: none;\"><\/div>\n<div class=\"wrapper-player\" style=\"display: none; margin-bottom: 15px;\">\n<div id=\"daily-player\" style=\"position: relative; max-width: 100%;\" class=\"video-content\"><\/div>\n<\/p><\/div>\n<div class=\"image-wrapper featured-image no-lazy\" id=\"featured-image\"><\/div>\n<p>el nuevo <strong>ley<\/strong> <strong>contra ataques al personal<\/strong> La salud acaba de recibir la aprobaci\u00f3n final de la C\u00e1mara de Diputados, estableciendo severas penas para quienes cometan <strong>Violencia contra m\u00e9dicos, enfermeras y trabajadores de la salud.<\/strong> y da\u00f1a instalaciones de servicios p\u00fablicos.<\/p>\n<p>Con 144 votos a favor y 92 abstenciones, la medida se convirti\u00f3 en ley, introduciendo <strong>arresto obligatorio en flagrante delito<\/strong> y, en determinados casos, la detenci\u00f3n diferida por delitos de lesiones personales contra el personal sanitario y sociosanitario. Las nuevas disposiciones tambi\u00e9n incluyen: <strong>Pena de prisi\u00f3n de uno a cinco a\u00f1os y multa de hasta 10.000 euros.<\/strong> para quienes da\u00f1an materiales y estructuras del sistema nacional de salud.<\/p>\n<p>La medida naci\u00f3 como respuesta a la creciente <strong>ola de episodios violentos<\/strong> hacia el personal sanitario, especialmente en \u00e1reas cr\u00edticas como las salas de urgencias. Esta medida, subraya el ministro de Sanidad, Orazio Schillaci, representa un paso importante para garantizar una mayor protecci\u00f3n a los operadores del sector, reiterando que este tipo de actos de agresi\u00f3n. Schillaci tambi\u00e9n destac\u00f3 la necesidad de un cambio cultural que vuelva a poner el foco en la relaci\u00f3n de confianza entre pacientes y personal sanitario.<\/p>\n<aside style=\"margin: 8px auto; text-align: center; display: block; clear: both;\">\n<div id=\"gpt-passback\">\n<\/div>\n<\/aside>\n<h2>\u00bfEs posible que sea necesaria una ley para proteger a quienes nos cuidan?<\/h2>\n<p>A pesar del apoyo del gobierno, la ley ha generado cr\u00edticas, especialmente de la oposici\u00f3n. Las principales quejas se centran en la<strong>ausencia de fondos espec\u00edficos <\/strong>para implementar estas medidas. Seg\u00fan representantes del Partido Dem\u00f3crata, Acci\u00f3n e Italia Viva, el decreto se limita a aumentar las penas, pero est\u00e1 relacionado con la falta de recursos, seguridad y personal.<\/p>\n<p>El diputado Marco La Carra declar\u00f3 que, sin inversiones adecuadas, la ley corre el riesgo de quedarse <strong>s\u00f3lo una intervenci\u00f3n simb\u00f3lica<\/strong>incapaz de reducir eficazmente el n\u00famero de agresiones. Incluso los sindicatos de la salud, reconociendo la importancia de la ley, han solicitado <strong>fondos para aumentar la seguridad<\/strong> en las estructuras y mejorar la <strong>condiciones de trabajo<\/strong> de trabajadores de la salud, con el objetivo de instalar c\u00e1maras de seguridad y contratar m\u00e1s personal para aliviar la presi\u00f3n sobre los departamentos.<\/p>\n<p>Pero hay otra reflexi\u00f3n que debemos hacer. Si bien la ley representa un intento de proteger a quienes se dedican a nuestra salud, tambi\u00e9n refleja una triste realidad: el hecho de que una <strong>legislaci\u00f3n<\/strong> Demuestra cu\u00e1n frecuentes e injustificados son los ataques contra quienes nos cuidan.<\/p>\n<p>Este es un <strong>quiebra de la empresa<\/strong> que no reconoce ni respeta el papel vital de los profesionales de la salud, obligados a trabajar en un clima de tensi\u00f3n creciente y a tener que preocuparse por su propia seguridad mientras intentan salvar nuestras vidas.<\/p><\/p>\n","protected":false},"excerpt":{"rendered":"<p>Aprobada la nueva ley contra las agresiones al personal que introduce arrestos y penas de prisi\u00f3n de hasta 5 a\u00f1os para los culpables de lesiones<\/p>\n","protected":false},"author":1,"featured_media":1556,"comment_status":"closed","ping_status":"","sticky":false,"template":"","format":"standard","meta":{"footnotes":""},"categories":[762],"tags":[2234,2230,246,2231,34,2233,1103,272,2235,2236,2232],"class_list":["post-1555","post","type-post","status-publish","format-standard","has-post-thumbnail","hentry","category-salud","tag-agresiones","tag-aprueba","tag-contra","tag-fracaso","tag-las","tag-ley","tag-nuestra","tag-nueva","tag-personal","tag-sanitario","tag-sociedad","generate-columns","tablet-grid-50","mobile-grid-100","grid-parent","grid-50"],"yoast_head":"<!-- This site is optimized with the Yoast SEO plugin v23.4 - https:\/\/yoast.com\/wordpress\/plugins\/seo\/ -->\n<title>Se aprueba (y es un fracaso de nuestra sociedad) la nueva ley contra las agresiones al personal sanitario - Consejos - Santa Catarina<\/title>\n<meta name=\"robots\" content=\"index, follow, max-snippet:-1, max-image-preview:large, max-video-preview:-1\" \/>\n<link rel=\"canonical\" href=\"https:\/\/stacatarina.mx\/consejos\/se-aprueba-y-es-un-fracaso-de-nuestra-sociedad-la-nueva-ley-contra-las-agresiones-al-personal-sanitario\/\" \/>\n<meta property=\"og:locale\" content=\"es_MX\" \/>\n<meta property=\"og:type\" content=\"article\" \/>\n<meta property=\"og:title\" content=\"Se aprueba (y es un fracaso de nuestra sociedad) la nueva ley contra las agresiones al personal sanitario - Consejos - Santa Catarina\" \/>\n<meta property=\"og:description\" content=\"Aprobada la nueva ley contra las agresiones al personal que introduce arrestos y penas de prisi\u00f3n de hasta 5 a\u00f1os para los culpables de lesiones\" \/>\n<meta property=\"og:url\" content=\"https:\/\/stacatarina.mx\/consejos\/se-aprueba-y-es-un-fracaso-de-nuestra-sociedad-la-nueva-ley-contra-las-agresiones-al-personal-sanitario\/\" \/>\n<meta property=\"og:site_name\" content=\"Santa Catarina\" \/>\n<meta property=\"article:publisher\" content=\"https:\/\/www.facebook.com\/stacatarinagob\/\" \/>\n<meta property=\"article:published_time\" content=\"2024-11-18T02:27:02+00:00\" \/>\n<meta property=\"og:image\" content=\"https:\/\/stacatarina.mx\/consejos\/wp-content\/uploads\/2024\/11\/Se-aprueba-y-es-un-fracaso-de-nuestra-sociedad-la.jpg\" \/>\n\t<meta property=\"og:image:width\" content=\"1500\" \/>\n\t<meta property=\"og:image:height\" content=\"1000\" \/>\n\t<meta property=\"og:image:type\" content=\"image\/jpeg\" \/>\n<meta name=\"author\" content=\"Pedro Mart\u00ednez\" \/>\n<meta name=\"twitter:card\" content=\"summary_large_image\" \/>\n<meta name=\"twitter:creator\" content=\"@stacatarinagob\" \/>\n<meta name=\"twitter:site\" content=\"@stacatarinagob\" \/>\n<meta name=\"twitter:label1\" content=\"Escrito por\" \/>\n\t<meta name=\"twitter:data1\" content=\"Pedro Mart\u00ednez\" \/>\n\t<meta name=\"twitter:label2\" content=\"Tiempo de lectura\" \/>\n\t<meta name=\"twitter:data2\" content=\"2 minutos\" \/>\n<script type=\"application\/ld+json\" class=\"yoast-schema-graph\">{\"@context\":\"https:\/\/schema.org\",\"@graph\":[{\"@type\":\"Article\",\"@id\":\"https:\/\/stacatarina.mx\/consejos\/se-aprueba-y-es-un-fracaso-de-nuestra-sociedad-la-nueva-ley-contra-las-agresiones-al-personal-sanitario\/#article\",\"isPartOf\":{\"@id\":\"https:\/\/stacatarina.mx\/consejos\/se-aprueba-y-es-un-fracaso-de-nuestra-sociedad-la-nueva-ley-contra-las-agresiones-al-personal-sanitario\/\"},\"author\":{\"name\":\"Pedro Mart\u00ednez\",\"@id\":\"https:\/\/stacatarina.mx\/consejos\/#\/schema\/person\/0be60adffa8e4c4d0828fdf021450e8a\"},\"headline\":\"Se aprueba (y es un fracaso de nuestra sociedad) la nueva ley contra las agresiones al personal sanitario\",\"datePublished\":\"2024-11-18T02:27:02+00:00\",\"dateModified\":\"2024-11-18T02:27:02+00:00\",\"mainEntityOfPage\":{\"@id\":\"https:\/\/stacatarina.mx\/consejos\/se-aprueba-y-es-un-fracaso-de-nuestra-sociedad-la-nueva-ley-contra-las-agresiones-al-personal-sanitario\/\"},\"wordCount\":511,\"publisher\":{\"@id\":\"https:\/\/stacatarina.mx\/consejos\/#organization\"},\"image\":{\"@id\":\"https:\/\/stacatarina.mx\/consejos\/se-aprueba-y-es-un-fracaso-de-nuestra-sociedad-la-nueva-ley-contra-las-agresiones-al-personal-sanitario\/#primaryimage\"},\"thumbnailUrl\":\"https:\/\/stacatarina.mx\/consejos\/wp-content\/uploads\/2024\/11\/Se-aprueba-y-es-un-fracaso-de-nuestra-sociedad-la.jpg\",\"keywords\":[\"agresiones\",\"aprueba\",\"contra\",\"fracaso\",\"Las\",\"ley\",\"nuestra\",\"nueva\",\"personal\",\"sanitario\",\"sociedad\"],\"articleSection\":[\"Salud\"],\"inLanguage\":\"es\"},{\"@type\":\"WebPage\",\"@id\":\"https:\/\/stacatarina.mx\/consejos\/se-aprueba-y-es-un-fracaso-de-nuestra-sociedad-la-nueva-ley-contra-las-agresiones-al-personal-sanitario\/\",\"url\":\"https:\/\/stacatarina.mx\/consejos\/se-aprueba-y-es-un-fracaso-de-nuestra-sociedad-la-nueva-ley-contra-las-agresiones-al-personal-sanitario\/\",\"name\":\"Se aprueba (y es un fracaso de nuestra sociedad) la nueva ley contra las agresiones al personal sanitario - Consejos - Santa Catarina\",\"isPartOf\":{\"@id\":\"https:\/\/stacatarina.mx\/consejos\/#website\"},\"primaryImageOfPage\":{\"@id\":\"https:\/\/stacatarina.mx\/consejos\/se-aprueba-y-es-un-fracaso-de-nuestra-sociedad-la-nueva-ley-contra-las-agresiones-al-personal-sanitario\/#primaryimage\"},\"image\":{\"@id\":\"https:\/\/stacatarina.mx\/consejos\/se-aprueba-y-es-un-fracaso-de-nuestra-sociedad-la-nueva-ley-contra-las-agresiones-al-personal-sanitario\/#primaryimage\"},\"thumbnailUrl\":\"https:\/\/stacatarina.mx\/consejos\/wp-content\/uploads\/2024\/11\/Se-aprueba-y-es-un-fracaso-de-nuestra-sociedad-la.jpg\",\"datePublished\":\"2024-11-18T02:27:02+00:00\",\"dateModified\":\"2024-11-18T02:27:02+00:00\",\"breadcrumb\":{\"@id\":\"https:\/\/stacatarina.mx\/consejos\/se-aprueba-y-es-un-fracaso-de-nuestra-sociedad-la-nueva-ley-contra-las-agresiones-al-personal-sanitario\/#breadcrumb\"},\"inLanguage\":\"es\",\"potentialAction\":[{\"@type\":\"ReadAction\",\"target\":[\"https:\/\/stacatarina.mx\/consejos\/se-aprueba-y-es-un-fracaso-de-nuestra-sociedad-la-nueva-ley-contra-las-agresiones-al-personal-sanitario\/\"]}]},{\"@type\":\"ImageObject\",\"inLanguage\":\"es\",\"@id\":\"https:\/\/stacatarina.mx\/consejos\/se-aprueba-y-es-un-fracaso-de-nuestra-sociedad-la-nueva-ley-contra-las-agresiones-al-personal-sanitario\/#primaryimage\",\"url\":\"https:\/\/stacatarina.mx\/consejos\/wp-content\/uploads\/2024\/11\/Se-aprueba-y-es-un-fracaso-de-nuestra-sociedad-la.jpg\",\"contentUrl\":\"https:\/\/stacatarina.mx\/consejos\/wp-content\/uploads\/2024\/11\/Se-aprueba-y-es-un-fracaso-de-nuestra-sociedad-la.jpg\",\"width\":1500,\"height\":1000,\"caption\":\"Legge personale sanitario\"},{\"@type\":\"BreadcrumbList\",\"@id\":\"https:\/\/stacatarina.mx\/consejos\/se-aprueba-y-es-un-fracaso-de-nuestra-sociedad-la-nueva-ley-contra-las-agresiones-al-personal-sanitario\/#breadcrumb\",\"itemListElement\":[{\"@type\":\"ListItem\",\"position\":1,\"name\":\"Inicio\",\"item\":\"https:\/\/stacatarina.mx\/consejos\/\"},{\"@type\":\"ListItem\",\"position\":2,\"name\":\"Se aprueba (y es un fracaso de nuestra sociedad) la nueva ley contra las agresiones al personal sanitario\"}]},{\"@type\":\"WebSite\",\"@id\":\"https:\/\/stacatarina.mx\/consejos\/#website\",\"url\":\"https:\/\/stacatarina.mx\/consejos\/\",\"name\":\"Santa Catarina\",\"description\":\"\",\"publisher\":{\"@id\":\"https:\/\/stacatarina.mx\/consejos\/#organization\"},\"potentialAction\":[{\"@type\":\"SearchAction\",\"target\":{\"@type\":\"EntryPoint\",\"urlTemplate\":\"https:\/\/stacatarina.mx\/consejos\/?s={search_term_string}\"},\"query-input\":{\"@type\":\"PropertyValueSpecification\",\"valueRequired\":true,\"valueName\":\"search_term_string\"}}],\"inLanguage\":\"es\"},{\"@type\":\"Organization\",\"@id\":\"https:\/\/stacatarina.mx\/consejos\/#organization\",\"name\":\"Santa Catarina\",\"url\":\"https:\/\/stacatarina.mx\/consejos\/\",\"logo\":{\"@type\":\"ImageObject\",\"inLanguage\":\"es\",\"@id\":\"https:\/\/stacatarina.mx\/consejos\/#\/schema\/logo\/image\/\",\"url\":\"https:\/\/stacatarina.mx\/consejos\/wp-content\/uploads\/2024\/09\/cropped-favicon-1-1.png\",\"contentUrl\":\"https:\/\/stacatarina.mx\/consejos\/wp-content\/uploads\/2024\/09\/cropped-favicon-1-1.png\",\"width\":512,\"height\":512,\"caption\":\"Santa Catarina\"},\"image\":{\"@id\":\"https:\/\/stacatarina.mx\/consejos\/#\/schema\/logo\/image\/\"},\"sameAs\":[\"https:\/\/www.facebook.com\/stacatarinagob\/\",\"https:\/\/x.com\/stacatarinagob\",\"https:\/\/www.instagram.com\/stacatarinagob\/\",\"https:\/\/www.youtube.com\/channel\/UCK-6cQJL_904665N1_nLTWw\"]},{\"@type\":\"Person\",\"@id\":\"https:\/\/stacatarina.mx\/consejos\/#\/schema\/person\/0be60adffa8e4c4d0828fdf021450e8a\",\"name\":\"Pedro Mart\u00ednez\",\"image\":{\"@type\":\"ImageObject\",\"inLanguage\":\"es\",\"@id\":\"https:\/\/stacatarina.mx\/consejos\/#\/schema\/person\/image\/\",\"url\":\"https:\/\/stacatarina.mx\/consejos\/wp-content\/uploads\/2024\/09\/stacatarina.jpg\",\"contentUrl\":\"https:\/\/stacatarina.mx\/consejos\/wp-content\/uploads\/2024\/09\/stacatarina.jpg\",\"caption\":\"Pedro Mart\u00ednez\"},\"description\":\"Hola, soy Pedro Mart\u00ednez, redactor jefe del sitio oficial del ayuntamiento de Santa Catarina, en M\u00e9xico. Con m\u00e1s de diez a\u00f1os de experiencia en el periodismo local, tengo una pasi\u00f3n por la investigaci\u00f3n y la difusi\u00f3n de informaci\u00f3n que valoriza nuestra hermosa comunidad. Mi compromiso es hacer de Santa Catarina una referencia en materia de transparencia y comunicaci\u00f3n municipal.\",\"sameAs\":[\"https:\/\/stacatarina.mx\/\"]}]}<\/script>\n<!-- \/ Yoast SEO plugin. -->","yoast_head_json":{"title":"Se aprueba (y es un fracaso de nuestra sociedad) la nueva ley contra las agresiones al personal sanitario - Consejos - Santa Catarina","robots":{"index":"index","follow":"follow","max-snippet":"max-snippet:-1","max-image-preview":"max-image-preview:large","max-video-preview":"max-video-preview:-1"},"canonical":"https:\/\/stacatarina.mx\/consejos\/se-aprueba-y-es-un-fracaso-de-nuestra-sociedad-la-nueva-ley-contra-las-agresiones-al-personal-sanitario\/","og_locale":"es_MX","og_type":"article","og_title":"Se aprueba (y es un fracaso de nuestra sociedad) la nueva ley contra las agresiones al personal sanitario - Consejos - Santa Catarina","og_description":"Aprobada la nueva ley contra las agresiones al personal que introduce arrestos y penas de prisi\u00f3n de hasta 5 a\u00f1os para los culpables de lesiones","og_url":"https:\/\/stacatarina.mx\/consejos\/se-aprueba-y-es-un-fracaso-de-nuestra-sociedad-la-nueva-ley-contra-las-agresiones-al-personal-sanitario\/","og_site_name":"Santa Catarina","article_publisher":"https:\/\/www.facebook.com\/stacatarinagob\/","article_published_time":"2024-11-18T02:27:02+00:00","og_image":[{"width":1500,"height":1000,"url":"https:\/\/stacatarina.mx\/consejos\/wp-content\/uploads\/2024\/11\/Se-aprueba-y-es-un-fracaso-de-nuestra-sociedad-la.jpg","type":"image\/jpeg"}],"author":"Pedro Mart\u00ednez","twitter_card":"summary_large_image","twitter_creator":"@stacatarinagob","twitter_site":"@stacatarinagob","twitter_misc":{"Escrito por":"Pedro Mart\u00ednez","Tiempo de lectura":"2 minutos"},"schema":{"@context":"https:\/\/schema.org","@graph":[{"@type":"Article","@id":"https:\/\/stacatarina.mx\/consejos\/se-aprueba-y-es-un-fracaso-de-nuestra-sociedad-la-nueva-ley-contra-las-agresiones-al-personal-sanitario\/#article","isPartOf":{"@id":"https:\/\/stacatarina.mx\/consejos\/se-aprueba-y-es-un-fracaso-de-nuestra-sociedad-la-nueva-ley-contra-las-agresiones-al-personal-sanitario\/"},"author":{"name":"Pedro Mart\u00ednez","@id":"https:\/\/stacatarina.mx\/consejos\/#\/schema\/person\/0be60adffa8e4c4d0828fdf021450e8a"},"headline":"Se aprueba (y es un fracaso de nuestra sociedad) la nueva ley contra las agresiones al personal sanitario","datePublished":"2024-11-18T02:27:02+00:00","dateModified":"2024-11-18T02:27:02+00:00","mainEntityOfPage":{"@id":"https:\/\/stacatarina.mx\/consejos\/se-aprueba-y-es-un-fracaso-de-nuestra-sociedad-la-nueva-ley-contra-las-agresiones-al-personal-sanitario\/"},"wordCount":511,"publisher":{"@id":"https:\/\/stacatarina.mx\/consejos\/#organization"},"image":{"@id":"https:\/\/stacatarina.mx\/consejos\/se-aprueba-y-es-un-fracaso-de-nuestra-sociedad-la-nueva-ley-contra-las-agresiones-al-personal-sanitario\/#primaryimage"},"thumbnailUrl":"https:\/\/stacatarina.mx\/consejos\/wp-content\/uploads\/2024\/11\/Se-aprueba-y-es-un-fracaso-de-nuestra-sociedad-la.jpg","keywords":["agresiones","aprueba","contra","fracaso","Las","ley","nuestra","nueva","personal","sanitario","sociedad"],"articleSection":["Salud"],"inLanguage":"es"},{"@type":"WebPage","@id":"https:\/\/stacatarina.mx\/consejos\/se-aprueba-y-es-un-fracaso-de-nuestra-sociedad-la-nueva-ley-contra-las-agresiones-al-personal-sanitario\/","url":"https:\/\/stacatarina.mx\/consejos\/se-aprueba-y-es-un-fracaso-de-nuestra-sociedad-la-nueva-ley-contra-las-agresiones-al-personal-sanitario\/","name":"Se aprueba (y es un fracaso de nuestra sociedad) la nueva ley contra las agresiones al personal sanitario - Consejos - Santa Catarina","isPartOf":{"@id":"https:\/\/stacatarina.mx\/consejos\/#website"},"primaryImageOfPage":{"@id":"https:\/\/stacatarina.mx\/consejos\/se-aprueba-y-es-un-fracaso-de-nuestra-sociedad-la-nueva-ley-contra-las-agresiones-al-personal-sanitario\/#primaryimage"},"image":{"@id":"https:\/\/stacatarina.mx\/consejos\/se-aprueba-y-es-un-fracaso-de-nuestra-sociedad-la-nueva-ley-contra-las-agresiones-al-personal-sanitario\/#primaryimage"},"thumbnailUrl":"https:\/\/stacatarina.mx\/consejos\/wp-content\/uploads\/2024\/11\/Se-aprueba-y-es-un-fracaso-de-nuestra-sociedad-la.jpg","datePublished":"2024-11-18T02:27:02+00:00","dateModified":"2024-11-18T02:27:02+00:00","breadcrumb":{"@id":"https:\/\/stacatarina.mx\/consejos\/se-aprueba-y-es-un-fracaso-de-nuestra-sociedad-la-nueva-ley-contra-las-agresiones-al-personal-sanitario\/#breadcrumb"},"inLanguage":"es","potentialAction":[{"@type":"ReadAction","target":["https:\/\/stacatarina.mx\/consejos\/se-aprueba-y-es-un-fracaso-de-nuestra-sociedad-la-nueva-ley-contra-las-agresiones-al-personal-sanitario\/"]}]},{"@type":"ImageObject","inLanguage":"es","@id":"https:\/\/stacatarina.mx\/consejos\/se-aprueba-y-es-un-fracaso-de-nuestra-sociedad-la-nueva-ley-contra-las-agresiones-al-personal-sanitario\/#primaryimage","url":"https:\/\/stacatarina.mx\/consejos\/wp-content\/uploads\/2024\/11\/Se-aprueba-y-es-un-fracaso-de-nuestra-sociedad-la.jpg","contentUrl":"https:\/\/stacatarina.mx\/consejos\/wp-content\/uploads\/2024\/11\/Se-aprueba-y-es-un-fracaso-de-nuestra-sociedad-la.jpg","width":1500,"height":1000,"caption":"Legge personale sanitario"},{"@type":"BreadcrumbList","@id":"https:\/\/stacatarina.mx\/consejos\/se-aprueba-y-es-un-fracaso-de-nuestra-sociedad-la-nueva-ley-contra-las-agresiones-al-personal-sanitario\/#breadcrumb","itemListElement":[{"@type":"ListItem","position":1,"name":"Inicio","item":"https:\/\/stacatarina.mx\/consejos\/"},{"@type":"ListItem","position":2,"name":"Se aprueba (y es un fracaso de nuestra sociedad) la nueva ley contra las agresiones al personal sanitario"}]},{"@type":"WebSite","@id":"https:\/\/stacatarina.mx\/consejos\/#website","url":"https:\/\/stacatarina.mx\/consejos\/","name":"Santa Catarina","description":"","publisher":{"@id":"https:\/\/stacatarina.mx\/consejos\/#organization"},"potentialAction":[{"@type":"SearchAction","target":{"@type":"EntryPoint","urlTemplate":"https:\/\/stacatarina.mx\/consejos\/?s={search_term_string}"},"query-input":{"@type":"PropertyValueSpecification","valueRequired":true,"valueName":"search_term_string"}}],"inLanguage":"es"},{"@type":"Organization","@id":"https:\/\/stacatarina.mx\/consejos\/#organization","name":"Santa Catarina","url":"https:\/\/stacatarina.mx\/consejos\/","logo":{"@type":"ImageObject","inLanguage":"es","@id":"https:\/\/stacatarina.mx\/consejos\/#\/schema\/logo\/image\/","url":"https:\/\/stacatarina.mx\/consejos\/wp-content\/uploads\/2024\/09\/cropped-favicon-1-1.png","contentUrl":"https:\/\/stacatarina.mx\/consejos\/wp-content\/uploads\/2024\/09\/cropped-favicon-1-1.png","width":512,"height":512,"caption":"Santa Catarina"},"image":{"@id":"https:\/\/stacatarina.mx\/consejos\/#\/schema\/logo\/image\/"},"sameAs":["https:\/\/www.facebook.com\/stacatarinagob\/","https:\/\/x.com\/stacatarinagob","https:\/\/www.instagram.com\/stacatarinagob\/","https:\/\/www.youtube.com\/channel\/UCK-6cQJL_904665N1_nLTWw"]},{"@type":"Person","@id":"https:\/\/stacatarina.mx\/consejos\/#\/schema\/person\/0be60adffa8e4c4d0828fdf021450e8a","name":"Pedro Mart\u00ednez","image":{"@type":"ImageObject","inLanguage":"es","@id":"https:\/\/stacatarina.mx\/consejos\/#\/schema\/person\/image\/","url":"https:\/\/stacatarina.mx\/consejos\/wp-content\/uploads\/2024\/09\/stacatarina.jpg","contentUrl":"https:\/\/stacatarina.mx\/consejos\/wp-content\/uploads\/2024\/09\/stacatarina.jpg","caption":"Pedro Mart\u00ednez"},"description":"Hola, soy Pedro Mart\u00ednez, redactor jefe del sitio oficial del ayuntamiento de Santa Catarina, en M\u00e9xico. Con m\u00e1s de diez a\u00f1os de experiencia en el periodismo local, tengo una pasi\u00f3n por la investigaci\u00f3n y la difusi\u00f3n de informaci\u00f3n que valoriza nuestra hermosa comunidad. Mi compromiso es hacer de Santa Catarina una referencia en materia de transparencia y comunicaci\u00f3n municipal.","sameAs":["https:\/\/stacatarina.mx\/"]}]}},"_links":{"self":[{"href":"https:\/\/stacatarina.mx\/consejos\/wp-json\/wp\/v2\/posts\/1555"}],"collection":[{"href":"https:\/\/stacatarina.mx\/consejos\/wp-json\/wp\/v2\/posts"}],"about":[{"href":"https:\/\/stacatarina.mx\/consejos\/wp-json\/wp\/v2\/types\/post"}],"author":[{"embeddable":true,"href":"https:\/\/stacatarina.mx\/consejos\/wp-json\/wp\/v2\/users\/1"}],"replies":[{"embeddable":true,"href":"https:\/\/stacatarina.mx\/consejos\/wp-json\/wp\/v2\/comments?post=1555"}],"version-history":[{"count":1,"href":"https:\/\/stacatarina.mx\/consejos\/wp-json\/wp\/v2\/posts\/1555\/revisions"}],"predecessor-version":[{"id":1557,"href":"https:\/\/stacatarina.mx\/consejos\/wp-json\/wp\/v2\/posts\/1555\/revisions\/1557"}],"wp:featuredmedia":[{"embeddable":true,"href":"https:\/\/stacatarina.mx\/consejos\/wp-json\/wp\/v2\/media\/1556"}],"wp:attachment":[{"href":"https:\/\/stacatarina.mx\/consejos\/wp-json\/wp\/v2\/media?parent=1555"}],"wp:term":[{"taxonomy":"category","embeddable":true,"href":"https:\/\/stacatarina.mx\/consejos\/wp-json\/wp\/v2\/categories?post=1555"},{"taxonomy":"post_tag","embeddable":true,"href":"https:\/\/stacatarina.mx\/consejos\/wp-json\/wp\/v2\/tags?post=1555"}],"curies":[{"name":"wp","href":"https:\/\/api.w.org\/{rel}","templated":true}]}}