{"id":1600,"date":"2024-11-20T13:26:20","date_gmt":"2024-11-20T19:26:20","guid":{"rendered":"https:\/\/stacatarina.mx\/consejos\/helado-de-paracetamol-que-hay-de-cierto-en-las-noticias-que-estan-dando-la-vuelta-al-mundo\/"},"modified":"2024-11-20T13:26:20","modified_gmt":"2024-11-20T19:26:20","slug":"helado-de-paracetamol-que-hay-de-cierto-en-las-noticias-que-estan-dando-la-vuelta-al-mundo","status":"publish","type":"post","link":"https:\/\/stacatarina.mx\/consejos\/helado-de-paracetamol-que-hay-de-cierto-en-las-noticias-que-estan-dando-la-vuelta-al-mundo\/","title":{"rendered":"Helado de paracetamol: qu\u00e9 hay de cierto en las noticias que est\u00e1n dando la vuelta al mundo"},"content":{"rendered":"<p class=\"single-abstract\">\n<p>\t\t\t\t\t\t\t\t\t\t\t\t\t\t\t\t\tEn las redes sociales siguen circulando fotos de helado de paracetamol vendido en los Pa\u00edses Bajos, pero se trata de una noticia falsa. El helado lo prepar\u00f3 Jan Nagelkerke para el carnaval en 2016, pero nunca se puso a la venta.\t\t\t\t\t\t\t\t\t\t\t\t\t\t\t<\/p>\n<div class=\"daily-video\" style=\"display: none;\"><\/div>\n<div class=\"wrapper-player\" style=\"display: none; margin-bottom: 15px;\">\n<div id=\"daily-player\" style=\"position: relative; max-width: 100%;\" class=\"video-content\"><\/div>\n<\/p><\/div>\n<div class=\"image-wrapper featured-image no-lazy\" id=\"featured-image\"><\/div>\n<p>No, <strong>El helado de paracetamol no se vende en los pa\u00edses.<\/strong> <strong>Bajo<\/strong>. La noticia, que se difundi\u00f3 ampliamente en las redes sociales, tiene su origen en un hecho ocurrido en 2016. Durante el carnaval de ese a\u00f1o, el <strong>La pasteler\u00eda de Maddy en Oudenbosch<\/strong>un peque\u00f1o pueblo de Pa\u00edses Bajos, cre\u00f3 un helado de paracetamol como broma para llamar la atenci\u00f3n.<\/p>\n<p>La intenci\u00f3n era proponer un producto que recordara el tema de la resaca, t\u00edpico de las celebraciones de carnaval. El helado contenido <strong>20 comprimidos de paracetamol para seis litros de producto.<\/strong>junto con jugo de lim\u00f3n para darle un sabor fresco.<\/p>\n<p>Sin embargo, este postre. Jan Nagelkerke, propietario de la pasteler\u00eda, lo hab\u00eda expuesto exclusivamente en el escaparate como curiosidad. \u201c<em>Es delicioso y refrescante y ayuda con la resaca de carnaval.<\/em>\u201c, lee la publicaci\u00f3n en Facebook, que <strong>especificaba claramente que el producto no estaba a la venta<\/strong>.<\/p>\n<aside style=\"margin: 8px auto; text-align: center; display: block; clear: both;\">\n<div id=\"gpt-passback\">\n<\/div>\n<\/aside>\n<h2>No puede comercializarse sin las autorizaciones necesarias.<\/h2>\n<p>Posteriormente, la Autoridad Holandesa de Seguridad Alimentaria reiter\u00f3 que los helados contienen medicamentos como el paracetamol sin las autorizaciones necesarias. Si el producto hubiera contenido cantidades significativas del ingrediente activo, habr\u00eda sido <strong>clasificado como droga <\/strong>y habr\u00eda requerido un <strong>licencia especifica<\/strong>.<\/p>\n<p>Incluso en el caso de cantidades m\u00ednimas, se habr\u00eda considerado un &#8220;alimento nuevo&#8221;, sujeto a la aprobaci\u00f3n de la Comisi\u00f3n Europea. Precisamente por ello, tras las indicaciones recibidas de las autoridades, Nagelkerke decidi\u00f3 <strong>Retire el producto de la ventana y no repita la iniciativa.<\/strong>. Luego aclar\u00f3 que el helado de paracetamol hab\u00eda sido un experimento l\u00fadico y que, por precauci\u00f3n, tambi\u00e9n hab\u00eda eliminado las porciones no expuestas.<\/p>\n<p>Sin embargo, a pesar de estas aclaraciones, la imagen de este helado y sus descripciones <strong>sigue circulando en las redes sociales<\/strong>. Ya se volvieron a viralizar en 2019 y todav\u00eda encontramos algunas publicaciones estos d\u00edas, lo que vuelve a generar confusi\u00f3n.<\/p>\n<p>Por lo tanto, lo reiteramos. Fue simplemente un truco publicitario que las redes sociales y la web persisten en difundir. <strong>haci\u00e9ndolo pasar por una noticia real<\/strong> (y para la actualidad a pesar de que ahora est\u00e1 anticuado).<\/p><\/p>\n","protected":false},"excerpt":{"rendered":"<p>En las redes sociales siguen circulando fotos de helado de paracetamol vendido en los Pa\u00edses Bajos, pero se trata de una noticia falsa. El helado<\/p>\n","protected":false},"author":1,"featured_media":1601,"comment_status":"closed","ping_status":"","sticky":false,"template":"","format":"standard","meta":{"footnotes":""},"categories":[762],"tags":[2025,2302,201,173,2300,34,501,1448,2301,247,2303],"class_list":["post-1600","post","type-post","status-publish","format-standard","has-post-thumbnail","hentry","category-salud","tag-cierto","tag-dando","tag-estan","tag-hay","tag-helado","tag-las","tag-mundo","tag-noticias","tag-paracetamol","tag-que","tag-vuelta","generate-columns","tablet-grid-50","mobile-grid-100","grid-parent","grid-50"],"yoast_head":"<!-- This site is optimized with the Yoast SEO plugin v23.4 - https:\/\/yoast.com\/wordpress\/plugins\/seo\/ -->\n<title>Helado de paracetamol: qu\u00e9 hay de cierto en las noticias que est\u00e1n dando la vuelta al mundo - Consejos - Santa Catarina<\/title>\n<meta name=\"robots\" content=\"index, follow, max-snippet:-1, max-image-preview:large, max-video-preview:-1\" \/>\n<link rel=\"canonical\" href=\"https:\/\/stacatarina.mx\/consejos\/helado-de-paracetamol-que-hay-de-cierto-en-las-noticias-que-estan-dando-la-vuelta-al-mundo\/\" \/>\n<meta property=\"og:locale\" content=\"es_MX\" \/>\n<meta property=\"og:type\" content=\"article\" \/>\n<meta property=\"og:title\" content=\"Helado de paracetamol: qu\u00e9 hay de cierto en las noticias que est\u00e1n dando la vuelta al mundo - Consejos - Santa Catarina\" \/>\n<meta property=\"og:description\" content=\"En las redes sociales siguen circulando fotos de helado de paracetamol vendido en los Pa\u00edses Bajos, pero se trata de una noticia falsa. El helado\" \/>\n<meta property=\"og:url\" content=\"https:\/\/stacatarina.mx\/consejos\/helado-de-paracetamol-que-hay-de-cierto-en-las-noticias-que-estan-dando-la-vuelta-al-mundo\/\" \/>\n<meta property=\"og:site_name\" content=\"Santa Catarina\" \/>\n<meta property=\"article:publisher\" content=\"https:\/\/www.facebook.com\/stacatarinagob\/\" \/>\n<meta property=\"article:published_time\" content=\"2024-11-20T19:26:20+00:00\" \/>\n<meta property=\"og:image\" content=\"https:\/\/stacatarina.mx\/consejos\/wp-content\/uploads\/2024\/11\/Helado-de-paracetamol-que-hay-de-cierto-en-las-noticias.jpg\" \/>\n\t<meta property=\"og:image:width\" content=\"1500\" \/>\n\t<meta property=\"og:image:height\" content=\"1000\" \/>\n\t<meta property=\"og:image:type\" content=\"image\/jpeg\" \/>\n<meta name=\"author\" content=\"Pedro Mart\u00ednez\" \/>\n<meta name=\"twitter:card\" content=\"summary_large_image\" \/>\n<meta name=\"twitter:creator\" content=\"@stacatarinagob\" \/>\n<meta name=\"twitter:site\" content=\"@stacatarinagob\" \/>\n<meta name=\"twitter:label1\" content=\"Escrito por\" \/>\n\t<meta name=\"twitter:data1\" content=\"Pedro Mart\u00ednez\" \/>\n\t<meta name=\"twitter:label2\" content=\"Tiempo de lectura\" \/>\n\t<meta name=\"twitter:data2\" content=\"2 minutos\" \/>\n<script type=\"application\/ld+json\" class=\"yoast-schema-graph\">{\"@context\":\"https:\/\/schema.org\",\"@graph\":[{\"@type\":\"Article\",\"@id\":\"https:\/\/stacatarina.mx\/consejos\/helado-de-paracetamol-que-hay-de-cierto-en-las-noticias-que-estan-dando-la-vuelta-al-mundo\/#article\",\"isPartOf\":{\"@id\":\"https:\/\/stacatarina.mx\/consejos\/helado-de-paracetamol-que-hay-de-cierto-en-las-noticias-que-estan-dando-la-vuelta-al-mundo\/\"},\"author\":{\"name\":\"Pedro Mart\u00ednez\",\"@id\":\"https:\/\/stacatarina.mx\/consejos\/#\/schema\/person\/0be60adffa8e4c4d0828fdf021450e8a\"},\"headline\":\"Helado de paracetamol: qu\u00e9 hay de cierto en las noticias que est\u00e1n dando la vuelta al mundo\",\"datePublished\":\"2024-11-20T19:26:20+00:00\",\"dateModified\":\"2024-11-20T19:26:20+00:00\",\"mainEntityOfPage\":{\"@id\":\"https:\/\/stacatarina.mx\/consejos\/helado-de-paracetamol-que-hay-de-cierto-en-las-noticias-que-estan-dando-la-vuelta-al-mundo\/\"},\"wordCount\":423,\"publisher\":{\"@id\":\"https:\/\/stacatarina.mx\/consejos\/#organization\"},\"image\":{\"@id\":\"https:\/\/stacatarina.mx\/consejos\/helado-de-paracetamol-que-hay-de-cierto-en-las-noticias-que-estan-dando-la-vuelta-al-mundo\/#primaryimage\"},\"thumbnailUrl\":\"https:\/\/stacatarina.mx\/consejos\/wp-content\/uploads\/2024\/11\/Helado-de-paracetamol-que-hay-de-cierto-en-las-noticias.jpg\",\"keywords\":[\"cierto\",\"dando\",\"est\u00e1n\",\"hay\",\"Helado\",\"Las\",\"mundo\",\"Noticias\",\"paracetamol\",\"qu\u00e9\",\"vuelta\"],\"articleSection\":[\"Salud\"],\"inLanguage\":\"es\"},{\"@type\":\"WebPage\",\"@id\":\"https:\/\/stacatarina.mx\/consejos\/helado-de-paracetamol-que-hay-de-cierto-en-las-noticias-que-estan-dando-la-vuelta-al-mundo\/\",\"url\":\"https:\/\/stacatarina.mx\/consejos\/helado-de-paracetamol-que-hay-de-cierto-en-las-noticias-que-estan-dando-la-vuelta-al-mundo\/\",\"name\":\"Helado de paracetamol: qu\u00e9 hay de cierto en las noticias que est\u00e1n dando la vuelta al mundo - Consejos - Santa Catarina\",\"isPartOf\":{\"@id\":\"https:\/\/stacatarina.mx\/consejos\/#website\"},\"primaryImageOfPage\":{\"@id\":\"https:\/\/stacatarina.mx\/consejos\/helado-de-paracetamol-que-hay-de-cierto-en-las-noticias-que-estan-dando-la-vuelta-al-mundo\/#primaryimage\"},\"image\":{\"@id\":\"https:\/\/stacatarina.mx\/consejos\/helado-de-paracetamol-que-hay-de-cierto-en-las-noticias-que-estan-dando-la-vuelta-al-mundo\/#primaryimage\"},\"thumbnailUrl\":\"https:\/\/stacatarina.mx\/consejos\/wp-content\/uploads\/2024\/11\/Helado-de-paracetamol-que-hay-de-cierto-en-las-noticias.jpg\",\"datePublished\":\"2024-11-20T19:26:20+00:00\",\"dateModified\":\"2024-11-20T19:26:20+00:00\",\"breadcrumb\":{\"@id\":\"https:\/\/stacatarina.mx\/consejos\/helado-de-paracetamol-que-hay-de-cierto-en-las-noticias-que-estan-dando-la-vuelta-al-mundo\/#breadcrumb\"},\"inLanguage\":\"es\",\"potentialAction\":[{\"@type\":\"ReadAction\",\"target\":[\"https:\/\/stacatarina.mx\/consejos\/helado-de-paracetamol-que-hay-de-cierto-en-las-noticias-que-estan-dando-la-vuelta-al-mundo\/\"]}]},{\"@type\":\"ImageObject\",\"inLanguage\":\"es\",\"@id\":\"https:\/\/stacatarina.mx\/consejos\/helado-de-paracetamol-que-hay-de-cierto-en-las-noticias-que-estan-dando-la-vuelta-al-mundo\/#primaryimage\",\"url\":\"https:\/\/stacatarina.mx\/consejos\/wp-content\/uploads\/2024\/11\/Helado-de-paracetamol-que-hay-de-cierto-en-las-noticias.jpg\",\"contentUrl\":\"https:\/\/stacatarina.mx\/consejos\/wp-content\/uploads\/2024\/11\/Helado-de-paracetamol-que-hay-de-cierto-en-las-noticias.jpg\",\"width\":1500,\"height\":1000,\"caption\":\"Gelato paracetamolo\"},{\"@type\":\"BreadcrumbList\",\"@id\":\"https:\/\/stacatarina.mx\/consejos\/helado-de-paracetamol-que-hay-de-cierto-en-las-noticias-que-estan-dando-la-vuelta-al-mundo\/#breadcrumb\",\"itemListElement\":[{\"@type\":\"ListItem\",\"position\":1,\"name\":\"Inicio\",\"item\":\"https:\/\/stacatarina.mx\/consejos\/\"},{\"@type\":\"ListItem\",\"position\":2,\"name\":\"Helado de paracetamol: qu\u00e9 hay de cierto en las noticias que est\u00e1n dando la vuelta al mundo\"}]},{\"@type\":\"WebSite\",\"@id\":\"https:\/\/stacatarina.mx\/consejos\/#website\",\"url\":\"https:\/\/stacatarina.mx\/consejos\/\",\"name\":\"Santa Catarina\",\"description\":\"\",\"publisher\":{\"@id\":\"https:\/\/stacatarina.mx\/consejos\/#organization\"},\"potentialAction\":[{\"@type\":\"SearchAction\",\"target\":{\"@type\":\"EntryPoint\",\"urlTemplate\":\"https:\/\/stacatarina.mx\/consejos\/?s={search_term_string}\"},\"query-input\":{\"@type\":\"PropertyValueSpecification\",\"valueRequired\":true,\"valueName\":\"search_term_string\"}}],\"inLanguage\":\"es\"},{\"@type\":\"Organization\",\"@id\":\"https:\/\/stacatarina.mx\/consejos\/#organization\",\"name\":\"Santa Catarina\",\"url\":\"https:\/\/stacatarina.mx\/consejos\/\",\"logo\":{\"@type\":\"ImageObject\",\"inLanguage\":\"es\",\"@id\":\"https:\/\/stacatarina.mx\/consejos\/#\/schema\/logo\/image\/\",\"url\":\"https:\/\/stacatarina.mx\/consejos\/wp-content\/uploads\/2024\/09\/cropped-favicon-1-1.png\",\"contentUrl\":\"https:\/\/stacatarina.mx\/consejos\/wp-content\/uploads\/2024\/09\/cropped-favicon-1-1.png\",\"width\":512,\"height\":512,\"caption\":\"Santa Catarina\"},\"image\":{\"@id\":\"https:\/\/stacatarina.mx\/consejos\/#\/schema\/logo\/image\/\"},\"sameAs\":[\"https:\/\/www.facebook.com\/stacatarinagob\/\",\"https:\/\/x.com\/stacatarinagob\",\"https:\/\/www.instagram.com\/stacatarinagob\/\",\"https:\/\/www.youtube.com\/channel\/UCK-6cQJL_904665N1_nLTWw\"]},{\"@type\":\"Person\",\"@id\":\"https:\/\/stacatarina.mx\/consejos\/#\/schema\/person\/0be60adffa8e4c4d0828fdf021450e8a\",\"name\":\"Pedro Mart\u00ednez\",\"image\":{\"@type\":\"ImageObject\",\"inLanguage\":\"es\",\"@id\":\"https:\/\/stacatarina.mx\/consejos\/#\/schema\/person\/image\/\",\"url\":\"https:\/\/stacatarina.mx\/consejos\/wp-content\/uploads\/2024\/09\/stacatarina.jpg\",\"contentUrl\":\"https:\/\/stacatarina.mx\/consejos\/wp-content\/uploads\/2024\/09\/stacatarina.jpg\",\"caption\":\"Pedro Mart\u00ednez\"},\"description\":\"Hola, soy Pedro Mart\u00ednez, redactor jefe del sitio oficial del ayuntamiento de Santa Catarina, en M\u00e9xico. Con m\u00e1s de diez a\u00f1os de experiencia en el periodismo local, tengo una pasi\u00f3n por la investigaci\u00f3n y la difusi\u00f3n de informaci\u00f3n que valoriza nuestra hermosa comunidad. Mi compromiso es hacer de Santa Catarina una referencia en materia de transparencia y comunicaci\u00f3n municipal.\",\"sameAs\":[\"https:\/\/stacatarina.mx\/\"]}]}<\/script>\n<!-- \/ Yoast SEO plugin. -->","yoast_head_json":{"title":"Helado de paracetamol: qu\u00e9 hay de cierto en las noticias que est\u00e1n dando la vuelta al mundo - Consejos - Santa Catarina","robots":{"index":"index","follow":"follow","max-snippet":"max-snippet:-1","max-image-preview":"max-image-preview:large","max-video-preview":"max-video-preview:-1"},"canonical":"https:\/\/stacatarina.mx\/consejos\/helado-de-paracetamol-que-hay-de-cierto-en-las-noticias-que-estan-dando-la-vuelta-al-mundo\/","og_locale":"es_MX","og_type":"article","og_title":"Helado de paracetamol: qu\u00e9 hay de cierto en las noticias que est\u00e1n dando la vuelta al mundo - Consejos - Santa Catarina","og_description":"En las redes sociales siguen circulando fotos de helado de paracetamol vendido en los Pa\u00edses Bajos, pero se trata de una noticia falsa. El helado","og_url":"https:\/\/stacatarina.mx\/consejos\/helado-de-paracetamol-que-hay-de-cierto-en-las-noticias-que-estan-dando-la-vuelta-al-mundo\/","og_site_name":"Santa Catarina","article_publisher":"https:\/\/www.facebook.com\/stacatarinagob\/","article_published_time":"2024-11-20T19:26:20+00:00","og_image":[{"width":1500,"height":1000,"url":"https:\/\/stacatarina.mx\/consejos\/wp-content\/uploads\/2024\/11\/Helado-de-paracetamol-que-hay-de-cierto-en-las-noticias.jpg","type":"image\/jpeg"}],"author":"Pedro Mart\u00ednez","twitter_card":"summary_large_image","twitter_creator":"@stacatarinagob","twitter_site":"@stacatarinagob","twitter_misc":{"Escrito por":"Pedro Mart\u00ednez","Tiempo de lectura":"2 minutos"},"schema":{"@context":"https:\/\/schema.org","@graph":[{"@type":"Article","@id":"https:\/\/stacatarina.mx\/consejos\/helado-de-paracetamol-que-hay-de-cierto-en-las-noticias-que-estan-dando-la-vuelta-al-mundo\/#article","isPartOf":{"@id":"https:\/\/stacatarina.mx\/consejos\/helado-de-paracetamol-que-hay-de-cierto-en-las-noticias-que-estan-dando-la-vuelta-al-mundo\/"},"author":{"name":"Pedro Mart\u00ednez","@id":"https:\/\/stacatarina.mx\/consejos\/#\/schema\/person\/0be60adffa8e4c4d0828fdf021450e8a"},"headline":"Helado de paracetamol: qu\u00e9 hay de cierto en las noticias que est\u00e1n dando la vuelta al mundo","datePublished":"2024-11-20T19:26:20+00:00","dateModified":"2024-11-20T19:26:20+00:00","mainEntityOfPage":{"@id":"https:\/\/stacatarina.mx\/consejos\/helado-de-paracetamol-que-hay-de-cierto-en-las-noticias-que-estan-dando-la-vuelta-al-mundo\/"},"wordCount":423,"publisher":{"@id":"https:\/\/stacatarina.mx\/consejos\/#organization"},"image":{"@id":"https:\/\/stacatarina.mx\/consejos\/helado-de-paracetamol-que-hay-de-cierto-en-las-noticias-que-estan-dando-la-vuelta-al-mundo\/#primaryimage"},"thumbnailUrl":"https:\/\/stacatarina.mx\/consejos\/wp-content\/uploads\/2024\/11\/Helado-de-paracetamol-que-hay-de-cierto-en-las-noticias.jpg","keywords":["cierto","dando","est\u00e1n","hay","Helado","Las","mundo","Noticias","paracetamol","qu\u00e9","vuelta"],"articleSection":["Salud"],"inLanguage":"es"},{"@type":"WebPage","@id":"https:\/\/stacatarina.mx\/consejos\/helado-de-paracetamol-que-hay-de-cierto-en-las-noticias-que-estan-dando-la-vuelta-al-mundo\/","url":"https:\/\/stacatarina.mx\/consejos\/helado-de-paracetamol-que-hay-de-cierto-en-las-noticias-que-estan-dando-la-vuelta-al-mundo\/","name":"Helado de paracetamol: qu\u00e9 hay de cierto en las noticias que est\u00e1n dando la vuelta al mundo - Consejos - Santa Catarina","isPartOf":{"@id":"https:\/\/stacatarina.mx\/consejos\/#website"},"primaryImageOfPage":{"@id":"https:\/\/stacatarina.mx\/consejos\/helado-de-paracetamol-que-hay-de-cierto-en-las-noticias-que-estan-dando-la-vuelta-al-mundo\/#primaryimage"},"image":{"@id":"https:\/\/stacatarina.mx\/consejos\/helado-de-paracetamol-que-hay-de-cierto-en-las-noticias-que-estan-dando-la-vuelta-al-mundo\/#primaryimage"},"thumbnailUrl":"https:\/\/stacatarina.mx\/consejos\/wp-content\/uploads\/2024\/11\/Helado-de-paracetamol-que-hay-de-cierto-en-las-noticias.jpg","datePublished":"2024-11-20T19:26:20+00:00","dateModified":"2024-11-20T19:26:20+00:00","breadcrumb":{"@id":"https:\/\/stacatarina.mx\/consejos\/helado-de-paracetamol-que-hay-de-cierto-en-las-noticias-que-estan-dando-la-vuelta-al-mundo\/#breadcrumb"},"inLanguage":"es","potentialAction":[{"@type":"ReadAction","target":["https:\/\/stacatarina.mx\/consejos\/helado-de-paracetamol-que-hay-de-cierto-en-las-noticias-que-estan-dando-la-vuelta-al-mundo\/"]}]},{"@type":"ImageObject","inLanguage":"es","@id":"https:\/\/stacatarina.mx\/consejos\/helado-de-paracetamol-que-hay-de-cierto-en-las-noticias-que-estan-dando-la-vuelta-al-mundo\/#primaryimage","url":"https:\/\/stacatarina.mx\/consejos\/wp-content\/uploads\/2024\/11\/Helado-de-paracetamol-que-hay-de-cierto-en-las-noticias.jpg","contentUrl":"https:\/\/stacatarina.mx\/consejos\/wp-content\/uploads\/2024\/11\/Helado-de-paracetamol-que-hay-de-cierto-en-las-noticias.jpg","width":1500,"height":1000,"caption":"Gelato paracetamolo"},{"@type":"BreadcrumbList","@id":"https:\/\/stacatarina.mx\/consejos\/helado-de-paracetamol-que-hay-de-cierto-en-las-noticias-que-estan-dando-la-vuelta-al-mundo\/#breadcrumb","itemListElement":[{"@type":"ListItem","position":1,"name":"Inicio","item":"https:\/\/stacatarina.mx\/consejos\/"},{"@type":"ListItem","position":2,"name":"Helado de paracetamol: qu\u00e9 hay de cierto en las noticias que est\u00e1n dando la vuelta al mundo"}]},{"@type":"WebSite","@id":"https:\/\/stacatarina.mx\/consejos\/#website","url":"https:\/\/stacatarina.mx\/consejos\/","name":"Santa Catarina","description":"","publisher":{"@id":"https:\/\/stacatarina.mx\/consejos\/#organization"},"potentialAction":[{"@type":"SearchAction","target":{"@type":"EntryPoint","urlTemplate":"https:\/\/stacatarina.mx\/consejos\/?s={search_term_string}"},"query-input":{"@type":"PropertyValueSpecification","valueRequired":true,"valueName":"search_term_string"}}],"inLanguage":"es"},{"@type":"Organization","@id":"https:\/\/stacatarina.mx\/consejos\/#organization","name":"Santa Catarina","url":"https:\/\/stacatarina.mx\/consejos\/","logo":{"@type":"ImageObject","inLanguage":"es","@id":"https:\/\/stacatarina.mx\/consejos\/#\/schema\/logo\/image\/","url":"https:\/\/stacatarina.mx\/consejos\/wp-content\/uploads\/2024\/09\/cropped-favicon-1-1.png","contentUrl":"https:\/\/stacatarina.mx\/consejos\/wp-content\/uploads\/2024\/09\/cropped-favicon-1-1.png","width":512,"height":512,"caption":"Santa Catarina"},"image":{"@id":"https:\/\/stacatarina.mx\/consejos\/#\/schema\/logo\/image\/"},"sameAs":["https:\/\/www.facebook.com\/stacatarinagob\/","https:\/\/x.com\/stacatarinagob","https:\/\/www.instagram.com\/stacatarinagob\/","https:\/\/www.youtube.com\/channel\/UCK-6cQJL_904665N1_nLTWw"]},{"@type":"Person","@id":"https:\/\/stacatarina.mx\/consejos\/#\/schema\/person\/0be60adffa8e4c4d0828fdf021450e8a","name":"Pedro Mart\u00ednez","image":{"@type":"ImageObject","inLanguage":"es","@id":"https:\/\/stacatarina.mx\/consejos\/#\/schema\/person\/image\/","url":"https:\/\/stacatarina.mx\/consejos\/wp-content\/uploads\/2024\/09\/stacatarina.jpg","contentUrl":"https:\/\/stacatarina.mx\/consejos\/wp-content\/uploads\/2024\/09\/stacatarina.jpg","caption":"Pedro Mart\u00ednez"},"description":"Hola, soy Pedro Mart\u00ednez, redactor jefe del sitio oficial del ayuntamiento de Santa Catarina, en M\u00e9xico. Con m\u00e1s de diez a\u00f1os de experiencia en el periodismo local, tengo una pasi\u00f3n por la investigaci\u00f3n y la difusi\u00f3n de informaci\u00f3n que valoriza nuestra hermosa comunidad. Mi compromiso es hacer de Santa Catarina una referencia en materia de transparencia y comunicaci\u00f3n municipal.","sameAs":["https:\/\/stacatarina.mx\/"]}]}},"_links":{"self":[{"href":"https:\/\/stacatarina.mx\/consejos\/wp-json\/wp\/v2\/posts\/1600"}],"collection":[{"href":"https:\/\/stacatarina.mx\/consejos\/wp-json\/wp\/v2\/posts"}],"about":[{"href":"https:\/\/stacatarina.mx\/consejos\/wp-json\/wp\/v2\/types\/post"}],"author":[{"embeddable":true,"href":"https:\/\/stacatarina.mx\/consejos\/wp-json\/wp\/v2\/users\/1"}],"replies":[{"embeddable":true,"href":"https:\/\/stacatarina.mx\/consejos\/wp-json\/wp\/v2\/comments?post=1600"}],"version-history":[{"count":1,"href":"https:\/\/stacatarina.mx\/consejos\/wp-json\/wp\/v2\/posts\/1600\/revisions"}],"predecessor-version":[{"id":1602,"href":"https:\/\/stacatarina.mx\/consejos\/wp-json\/wp\/v2\/posts\/1600\/revisions\/1602"}],"wp:featuredmedia":[{"embeddable":true,"href":"https:\/\/stacatarina.mx\/consejos\/wp-json\/wp\/v2\/media\/1601"}],"wp:attachment":[{"href":"https:\/\/stacatarina.mx\/consejos\/wp-json\/wp\/v2\/media?parent=1600"}],"wp:term":[{"taxonomy":"category","embeddable":true,"href":"https:\/\/stacatarina.mx\/consejos\/wp-json\/wp\/v2\/categories?post=1600"},{"taxonomy":"post_tag","embeddable":true,"href":"https:\/\/stacatarina.mx\/consejos\/wp-json\/wp\/v2\/tags?post=1600"}],"curies":[{"name":"wp","href":"https:\/\/api.w.org\/{rel}","templated":true}]}}