{"id":1629,"date":"2024-11-22T05:27:13","date_gmt":"2024-11-22T11:27:13","guid":{"rendered":"https:\/\/stacatarina.mx\/consejos\/el-22-de-noviembre-es-santa-cecilia-la-martir-que-transformo-la-fe-en-melodia\/"},"modified":"2024-11-22T05:27:14","modified_gmt":"2024-11-22T11:27:14","slug":"el-22-de-noviembre-es-santa-cecilia-la-martir-que-transformo-la-fe-en-melodia","status":"publish","type":"post","link":"https:\/\/stacatarina.mx\/consejos\/el-22-de-noviembre-es-santa-cecilia-la-martir-que-transformo-la-fe-en-melodia\/","title":{"rendered":"El 22 de noviembre es Santa Cecilia, la m\u00e1rtir que transform\u00f3 la fe en melod\u00eda"},"content":{"rendered":"<p class=\"single-abstract\">\n<p>\t\t\t\t\t\t\t\t\t\t\t\t\t\t\t\t\tEl 22 de noviembre celebramos a Santa Cecilia, patrona de la m\u00fasica y s\u00edmbolo de la armon\u00eda entre la fe y el arte. Su historia, impregnada de valent\u00eda y espiritualidad, habla de una joven m\u00e1rtir romana que encontr\u00f3 en la m\u00fasica un medio para afrontar la persecuci\u00f3n, transformando el silencio en melod\u00eda. Una figura eterna que sigue inspirando a m\u00fasicos y creyentes de todo el mundo.\t\t\t\t\t\t\t\t\t\t\t\t\t\t\t<\/p>\n<div class=\"daily-video\" style=\"display: none;\"><\/div>\n<div class=\"wrapper-player\" style=\"display: none; margin-bottom: 15px;\">\n<div id=\"daily-player\" style=\"position: relative; max-width: 100%;\" class=\"video-content\"><\/div>\n<\/p><\/div>\n<div class=\"image-wrapper featured-image no-lazy\" id=\"featured-image\"><\/div>\n<p>El 22 de noviembre celebramos a Santa Cecilia, la patrona de la m\u00fasica, pero no s\u00f3lo.<\/p>\n<p>Santa Cecilia no es s\u00f3lo la patrona de la m\u00fasica: es un s\u00edmbolo de c\u00f3mo el arte puede ser una herramienta de profunda conexi\u00f3n entre el alma y el mundo. Cada a\u00f1o, el 22 de noviembre, se celebra su figura a trav\u00e9s de su vida y su martirio, que transform\u00f3 el silencio en melod\u00eda.<\/p>\n<h2><span class=\"ez-toc-section\" id=\"Chi_era_Santa_Cecilia\"><\/span><strong>\u00bfQui\u00e9n fue Santa Cecilia?<\/strong><span class=\"ez-toc-section-end\"><\/span><\/h2>\n<p>Seg\u00fan la tradici\u00f3n, Cecilia fue una joven romana que vivi\u00f3 entre los siglos II y III d.C., durante una \u00e9poca en la que los cristianos eran perseguidos. Su devoci\u00f3n religiosa estuvo acompa\u00f1ada de una extraordinaria sensibilidad hacia la m\u00fasica, tanto es as\u00ed que se dice que durante su matrimonio \u2013uni\u00f3n forzada con un joven llamado Valeriano\u2013 cant\u00f3 en su coraz\u00f3n, dirigi\u00e9ndose a Dios. Esta armon\u00eda interior no era s\u00f3lo una. acto de fe, sino una manera de transformar un momento de opresi\u00f3n en un gesto de belleza.<\/p>\n<aside style=\"margin: 8px auto; text-align: center; display: block; clear: both;\">\n<div id=\"gpt-passback\">\n<\/div>\n<\/aside>\n<p>Cuenta la leyenda que Cecilia convirti\u00f3 al cristianismo a su marido y a su hermano, Tiburzio, convenci\u00e9ndolos de dedicarse a ayudar a los pobres y a los m\u00e1rtires. Por esta misi\u00f3n, Cecilia fue arrestada y condenada a muerte. Incluso en sus momentos finales, se dice que su esp\u00edritu continu\u00f3 \u201ccantando\u201d a Dios, s\u00edmbolo de fe y fortaleza inquebrantables.<\/p>\n<h2><span class=\"ez-toc-section\" id=\"Il_martirio_di_Santa_Cecilia\"><\/span><strong>El martirio de Santa Cecilia<\/strong><span class=\"ez-toc-section-end\"><\/span><\/h2>\n<p>La muerte de Santa Cecilia est\u00e1 rodeada de un drama que refleja su extraordinaria fe y la valent\u00eda con la que afront\u00f3 el martirio. Tras la decapitaci\u00f3n de su marido Valeriano y su hermano Tiburzio, Cecilia fue condenada a morir asfixiada en su propio ba\u00f1o, un lugar \u00edntimo transformado en un teatro de la crueldad humana.<\/p>\n<p>Los soldados, obedeciendo \u00f3rdenes, sellaron la habitaci\u00f3n por un d\u00eda y una noche, pero cuando la volvieron a abrir se quedaron boquiabiertos: Cecilia estaba all\u00ed, viva e ilesa, como si hubiera respirado aire puro. Su fuerza mental no pod\u00eda ser quebrantada por m\u00e9todos tan brutales.<\/p>\n<p>Almachio, el prefecto romano, orden\u00f3 entonces que la decapitaran. El lictor a cargo asest\u00f3 tres golpes de espada, pero no pudo cortar completamente la cabeza. Aterrado ante la imposibilidad de cumplir la orden, se alej\u00f3 dejando a Cecilia en un charco de sangre. Sin embargo, la joven, gravemente herida, no perdi\u00f3 la serenidad. Durante tres d\u00edas continu\u00f3 viviendo, orando intensamente y animando a los fieles reunidos a permanecer fuertes en su fe.<\/p>\n<p>En su lecho de muerte recibi\u00f3 el consuelo del Papa Urbano, a quien don\u00f3 su casa para que fuera transformada en iglesia, lugar de culto y refugio de la comunidad cristiana. Con un \u00faltimo suspiro, Cecilia se abandon\u00f3 a su destino, yendo a &#8220;cantar eternamente las alabanzas de su esposo Jes\u00fas&#8221;.<\/p>\n<h2><span class=\"ez-toc-section\" id=\"Perche_e_la_patrona_della_musica\"><\/span><strong>\u00bfPor qu\u00e9 es la patrona de la m\u00fasica?<\/strong><span class=\"ez-toc-section-end\"><\/span><\/h2>\n<p>La conexi\u00f3n de Cecilia con la m\u00fasica no s\u00f3lo proviene del canto durante su boda, sino tambi\u00e9n de la descripci\u00f3n que se hace de ella en la tradici\u00f3n medieval, que a menudo la representaba con \u00f3rganos o instrumentos musicales a su lado. En el Renacimiento esta imagen se consolid\u00f3, inspirando a m\u00fasicos y artistas. Compositores como Purcell y Handel le dedicaron obras, convirti\u00e9ndola en musa durante siglos.<\/p>\n<p>Su santo patr\u00f3n es un recordatorio no s\u00f3lo de la m\u00fasica como arte, sino como fuerza espiritual capaz de transformar la realidad. Su mensaje es que, incluso en el caos, la armon\u00eda puede existir.<\/p>\n<p>Adem\u00e1s de su figura religiosa, Santa Cecilia nos ofrece una ense\u00f1anza profundamente actual. As\u00ed como ella encontr\u00f3 belleza y armon\u00eda en un mundo hostil, nosotros tambi\u00e9n podemos buscar el equilibrio y la conexi\u00f3n en nuestra relaci\u00f3n con la naturaleza. Piense en la m\u00fasica de la lluvia, el susurro de las hojas o el canto de los p\u00e1jaros: el mundo natural est\u00e1 lleno de sonidos que nos recuerdan cu\u00e1nto somos parte de un todo mayor.<\/p>\n<p>La celebraci\u00f3n de Santa Cecilia tambi\u00e9n puede ser un momento para reflexionar sobre c\u00f3mo proteger esta m\u00fasica natural, evitando el ruido ensordecedor de nuestras actividades que muchas veces ahoga la melod\u00eda del Planeta.<\/p>\n<aside style=\"margin: 8px auto; display: flex; justify-content: center; min-height: 251px;\">\n<div id=\"div-gpt-ad-MPU_Bottom_1\" style=\"min-width: 300px; min-height: 252px;\">\n<\/div>\n<\/aside>\n","protected":false},"excerpt":{"rendered":"<p>El 22 de noviembre celebramos a Santa Cecilia, patrona de la m\u00fasica y s\u00edmbolo de la armon\u00eda entre la fe y el arte. Su historia,<\/p>\n","protected":false},"author":1,"featured_media":1630,"comment_status":"closed","ping_status":"","sticky":false,"template":"","format":"standard","meta":{"footnotes":""},"categories":[762],"tags":[2359,2360,2362,181,1271,2361],"class_list":["post-1629","post","type-post","status-publish","format-standard","has-post-thumbnail","hentry","category-salud","tag-cecilia","tag-martir","tag-melodia","tag-noviembre","tag-santa","tag-transformo","generate-columns","tablet-grid-50","mobile-grid-100","grid-parent","grid-50"],"yoast_head":"<!-- This site is optimized with the Yoast SEO plugin v23.4 - https:\/\/yoast.com\/wordpress\/plugins\/seo\/ -->\n<title>El 22 de noviembre es Santa Cecilia, la m\u00e1rtir que transform\u00f3 la fe en melod\u00eda - Consejos - Santa Catarina<\/title>\n<meta name=\"robots\" content=\"index, follow, max-snippet:-1, max-image-preview:large, max-video-preview:-1\" \/>\n<link rel=\"canonical\" href=\"https:\/\/stacatarina.mx\/consejos\/el-22-de-noviembre-es-santa-cecilia-la-martir-que-transformo-la-fe-en-melodia\/\" \/>\n<meta property=\"og:locale\" content=\"es_MX\" \/>\n<meta property=\"og:type\" content=\"article\" \/>\n<meta property=\"og:title\" content=\"El 22 de noviembre es Santa Cecilia, la m\u00e1rtir que transform\u00f3 la fe en melod\u00eda - Consejos - Santa Catarina\" \/>\n<meta property=\"og:description\" content=\"El 22 de noviembre celebramos a Santa Cecilia, patrona de la m\u00fasica y s\u00edmbolo de la armon\u00eda entre la fe y el arte. Su historia,\" \/>\n<meta property=\"og:url\" content=\"https:\/\/stacatarina.mx\/consejos\/el-22-de-noviembre-es-santa-cecilia-la-martir-que-transformo-la-fe-en-melodia\/\" \/>\n<meta property=\"og:site_name\" content=\"Santa Catarina\" \/>\n<meta property=\"article:publisher\" content=\"https:\/\/www.facebook.com\/stacatarinagob\/\" \/>\n<meta property=\"article:published_time\" content=\"2024-11-22T11:27:13+00:00\" \/>\n<meta property=\"article:modified_time\" content=\"2024-11-22T11:27:14+00:00\" \/>\n<meta property=\"og:image\" content=\"https:\/\/stacatarina.mx\/consejos\/wp-content\/uploads\/2024\/11\/El-22-de-noviembre-es-Santa-Cecilia-la-martir-que.jpg\" \/>\n\t<meta property=\"og:image:width\" content=\"1202\" \/>\n\t<meta property=\"og:image:height\" content=\"788\" \/>\n\t<meta property=\"og:image:type\" content=\"image\/jpeg\" \/>\n<meta name=\"author\" content=\"Pedro Mart\u00ednez\" \/>\n<meta name=\"twitter:card\" content=\"summary_large_image\" \/>\n<meta name=\"twitter:creator\" content=\"@stacatarinagob\" \/>\n<meta name=\"twitter:site\" content=\"@stacatarinagob\" \/>\n<meta name=\"twitter:label1\" content=\"Escrito por\" \/>\n\t<meta name=\"twitter:data1\" content=\"Pedro Mart\u00ednez\" \/>\n\t<meta name=\"twitter:label2\" content=\"Tiempo de lectura\" \/>\n\t<meta name=\"twitter:data2\" content=\"4 minutos\" \/>\n<script type=\"application\/ld+json\" class=\"yoast-schema-graph\">{\"@context\":\"https:\/\/schema.org\",\"@graph\":[{\"@type\":\"Article\",\"@id\":\"https:\/\/stacatarina.mx\/consejos\/el-22-de-noviembre-es-santa-cecilia-la-martir-que-transformo-la-fe-en-melodia\/#article\",\"isPartOf\":{\"@id\":\"https:\/\/stacatarina.mx\/consejos\/el-22-de-noviembre-es-santa-cecilia-la-martir-que-transformo-la-fe-en-melodia\/\"},\"author\":{\"name\":\"Pedro Mart\u00ednez\",\"@id\":\"https:\/\/stacatarina.mx\/consejos\/#\/schema\/person\/0be60adffa8e4c4d0828fdf021450e8a\"},\"headline\":\"El 22 de noviembre es Santa Cecilia, la m\u00e1rtir que transform\u00f3 la fe en melod\u00eda\",\"datePublished\":\"2024-11-22T11:27:13+00:00\",\"dateModified\":\"2024-11-22T11:27:14+00:00\",\"mainEntityOfPage\":{\"@id\":\"https:\/\/stacatarina.mx\/consejos\/el-22-de-noviembre-es-santa-cecilia-la-martir-que-transformo-la-fe-en-melodia\/\"},\"wordCount\":816,\"publisher\":{\"@id\":\"https:\/\/stacatarina.mx\/consejos\/#organization\"},\"image\":{\"@id\":\"https:\/\/stacatarina.mx\/consejos\/el-22-de-noviembre-es-santa-cecilia-la-martir-que-transformo-la-fe-en-melodia\/#primaryimage\"},\"thumbnailUrl\":\"https:\/\/stacatarina.mx\/consejos\/wp-content\/uploads\/2024\/11\/El-22-de-noviembre-es-Santa-Cecilia-la-martir-que.jpg\",\"keywords\":[\"Cecilia\",\"m\u00e1rtir\",\"melod\u00eda\",\"noviembre\",\"Santa\",\"transform\u00f3\"],\"articleSection\":[\"Salud\"],\"inLanguage\":\"es\"},{\"@type\":\"WebPage\",\"@id\":\"https:\/\/stacatarina.mx\/consejos\/el-22-de-noviembre-es-santa-cecilia-la-martir-que-transformo-la-fe-en-melodia\/\",\"url\":\"https:\/\/stacatarina.mx\/consejos\/el-22-de-noviembre-es-santa-cecilia-la-martir-que-transformo-la-fe-en-melodia\/\",\"name\":\"El 22 de noviembre es Santa Cecilia, la m\u00e1rtir que transform\u00f3 la fe en melod\u00eda - Consejos - Santa Catarina\",\"isPartOf\":{\"@id\":\"https:\/\/stacatarina.mx\/consejos\/#website\"},\"primaryImageOfPage\":{\"@id\":\"https:\/\/stacatarina.mx\/consejos\/el-22-de-noviembre-es-santa-cecilia-la-martir-que-transformo-la-fe-en-melodia\/#primaryimage\"},\"image\":{\"@id\":\"https:\/\/stacatarina.mx\/consejos\/el-22-de-noviembre-es-santa-cecilia-la-martir-que-transformo-la-fe-en-melodia\/#primaryimage\"},\"thumbnailUrl\":\"https:\/\/stacatarina.mx\/consejos\/wp-content\/uploads\/2024\/11\/El-22-de-noviembre-es-Santa-Cecilia-la-martir-que.jpg\",\"datePublished\":\"2024-11-22T11:27:13+00:00\",\"dateModified\":\"2024-11-22T11:27:14+00:00\",\"breadcrumb\":{\"@id\":\"https:\/\/stacatarina.mx\/consejos\/el-22-de-noviembre-es-santa-cecilia-la-martir-que-transformo-la-fe-en-melodia\/#breadcrumb\"},\"inLanguage\":\"es\",\"potentialAction\":[{\"@type\":\"ReadAction\",\"target\":[\"https:\/\/stacatarina.mx\/consejos\/el-22-de-noviembre-es-santa-cecilia-la-martir-que-transformo-la-fe-en-melodia\/\"]}]},{\"@type\":\"ImageObject\",\"inLanguage\":\"es\",\"@id\":\"https:\/\/stacatarina.mx\/consejos\/el-22-de-noviembre-es-santa-cecilia-la-martir-que-transformo-la-fe-en-melodia\/#primaryimage\",\"url\":\"https:\/\/stacatarina.mx\/consejos\/wp-content\/uploads\/2024\/11\/El-22-de-noviembre-es-Santa-Cecilia-la-martir-que.jpg\",\"contentUrl\":\"https:\/\/stacatarina.mx\/consejos\/wp-content\/uploads\/2024\/11\/El-22-de-noviembre-es-Santa-Cecilia-la-martir-que.jpg\",\"width\":1202,\"height\":788,\"caption\":\"El 22 de noviembre es Santa Cecilia, la m\u00e1rtir que transform\u00f3 la fe en melod\u00eda\"},{\"@type\":\"BreadcrumbList\",\"@id\":\"https:\/\/stacatarina.mx\/consejos\/el-22-de-noviembre-es-santa-cecilia-la-martir-que-transformo-la-fe-en-melodia\/#breadcrumb\",\"itemListElement\":[{\"@type\":\"ListItem\",\"position\":1,\"name\":\"Inicio\",\"item\":\"https:\/\/stacatarina.mx\/consejos\/\"},{\"@type\":\"ListItem\",\"position\":2,\"name\":\"El 22 de noviembre es Santa Cecilia, la m\u00e1rtir que transform\u00f3 la fe en melod\u00eda\"}]},{\"@type\":\"WebSite\",\"@id\":\"https:\/\/stacatarina.mx\/consejos\/#website\",\"url\":\"https:\/\/stacatarina.mx\/consejos\/\",\"name\":\"Santa Catarina\",\"description\":\"\",\"publisher\":{\"@id\":\"https:\/\/stacatarina.mx\/consejos\/#organization\"},\"potentialAction\":[{\"@type\":\"SearchAction\",\"target\":{\"@type\":\"EntryPoint\",\"urlTemplate\":\"https:\/\/stacatarina.mx\/consejos\/?s={search_term_string}\"},\"query-input\":{\"@type\":\"PropertyValueSpecification\",\"valueRequired\":true,\"valueName\":\"search_term_string\"}}],\"inLanguage\":\"es\"},{\"@type\":\"Organization\",\"@id\":\"https:\/\/stacatarina.mx\/consejos\/#organization\",\"name\":\"Santa Catarina\",\"url\":\"https:\/\/stacatarina.mx\/consejos\/\",\"logo\":{\"@type\":\"ImageObject\",\"inLanguage\":\"es\",\"@id\":\"https:\/\/stacatarina.mx\/consejos\/#\/schema\/logo\/image\/\",\"url\":\"https:\/\/stacatarina.mx\/consejos\/wp-content\/uploads\/2024\/09\/cropped-favicon-1-1.png\",\"contentUrl\":\"https:\/\/stacatarina.mx\/consejos\/wp-content\/uploads\/2024\/09\/cropped-favicon-1-1.png\",\"width\":512,\"height\":512,\"caption\":\"Santa Catarina\"},\"image\":{\"@id\":\"https:\/\/stacatarina.mx\/consejos\/#\/schema\/logo\/image\/\"},\"sameAs\":[\"https:\/\/www.facebook.com\/stacatarinagob\/\",\"https:\/\/x.com\/stacatarinagob\",\"https:\/\/www.instagram.com\/stacatarinagob\/\",\"https:\/\/www.youtube.com\/channel\/UCK-6cQJL_904665N1_nLTWw\"]},{\"@type\":\"Person\",\"@id\":\"https:\/\/stacatarina.mx\/consejos\/#\/schema\/person\/0be60adffa8e4c4d0828fdf021450e8a\",\"name\":\"Pedro Mart\u00ednez\",\"image\":{\"@type\":\"ImageObject\",\"inLanguage\":\"es\",\"@id\":\"https:\/\/stacatarina.mx\/consejos\/#\/schema\/person\/image\/\",\"url\":\"https:\/\/stacatarina.mx\/consejos\/wp-content\/uploads\/2024\/09\/stacatarina.jpg\",\"contentUrl\":\"https:\/\/stacatarina.mx\/consejos\/wp-content\/uploads\/2024\/09\/stacatarina.jpg\",\"caption\":\"Pedro Mart\u00ednez\"},\"description\":\"Hola, soy Pedro Mart\u00ednez, redactor jefe del sitio oficial del ayuntamiento de Santa Catarina, en M\u00e9xico. Con m\u00e1s de diez a\u00f1os de experiencia en el periodismo local, tengo una pasi\u00f3n por la investigaci\u00f3n y la difusi\u00f3n de informaci\u00f3n que valoriza nuestra hermosa comunidad. Mi compromiso es hacer de Santa Catarina una referencia en materia de transparencia y comunicaci\u00f3n municipal.\",\"sameAs\":[\"https:\/\/stacatarina.mx\/\"]}]}<\/script>\n<!-- \/ Yoast SEO plugin. -->","yoast_head_json":{"title":"El 22 de noviembre es Santa Cecilia, la m\u00e1rtir que transform\u00f3 la fe en melod\u00eda - Consejos - Santa Catarina","robots":{"index":"index","follow":"follow","max-snippet":"max-snippet:-1","max-image-preview":"max-image-preview:large","max-video-preview":"max-video-preview:-1"},"canonical":"https:\/\/stacatarina.mx\/consejos\/el-22-de-noviembre-es-santa-cecilia-la-martir-que-transformo-la-fe-en-melodia\/","og_locale":"es_MX","og_type":"article","og_title":"El 22 de noviembre es Santa Cecilia, la m\u00e1rtir que transform\u00f3 la fe en melod\u00eda - Consejos - Santa Catarina","og_description":"El 22 de noviembre celebramos a Santa Cecilia, patrona de la m\u00fasica y s\u00edmbolo de la armon\u00eda entre la fe y el arte. Su historia,","og_url":"https:\/\/stacatarina.mx\/consejos\/el-22-de-noviembre-es-santa-cecilia-la-martir-que-transformo-la-fe-en-melodia\/","og_site_name":"Santa Catarina","article_publisher":"https:\/\/www.facebook.com\/stacatarinagob\/","article_published_time":"2024-11-22T11:27:13+00:00","article_modified_time":"2024-11-22T11:27:14+00:00","og_image":[{"width":1202,"height":788,"url":"https:\/\/stacatarina.mx\/consejos\/wp-content\/uploads\/2024\/11\/El-22-de-noviembre-es-Santa-Cecilia-la-martir-que.jpg","type":"image\/jpeg"}],"author":"Pedro Mart\u00ednez","twitter_card":"summary_large_image","twitter_creator":"@stacatarinagob","twitter_site":"@stacatarinagob","twitter_misc":{"Escrito por":"Pedro Mart\u00ednez","Tiempo de lectura":"4 minutos"},"schema":{"@context":"https:\/\/schema.org","@graph":[{"@type":"Article","@id":"https:\/\/stacatarina.mx\/consejos\/el-22-de-noviembre-es-santa-cecilia-la-martir-que-transformo-la-fe-en-melodia\/#article","isPartOf":{"@id":"https:\/\/stacatarina.mx\/consejos\/el-22-de-noviembre-es-santa-cecilia-la-martir-que-transformo-la-fe-en-melodia\/"},"author":{"name":"Pedro Mart\u00ednez","@id":"https:\/\/stacatarina.mx\/consejos\/#\/schema\/person\/0be60adffa8e4c4d0828fdf021450e8a"},"headline":"El 22 de noviembre es Santa Cecilia, la m\u00e1rtir que transform\u00f3 la fe en melod\u00eda","datePublished":"2024-11-22T11:27:13+00:00","dateModified":"2024-11-22T11:27:14+00:00","mainEntityOfPage":{"@id":"https:\/\/stacatarina.mx\/consejos\/el-22-de-noviembre-es-santa-cecilia-la-martir-que-transformo-la-fe-en-melodia\/"},"wordCount":816,"publisher":{"@id":"https:\/\/stacatarina.mx\/consejos\/#organization"},"image":{"@id":"https:\/\/stacatarina.mx\/consejos\/el-22-de-noviembre-es-santa-cecilia-la-martir-que-transformo-la-fe-en-melodia\/#primaryimage"},"thumbnailUrl":"https:\/\/stacatarina.mx\/consejos\/wp-content\/uploads\/2024\/11\/El-22-de-noviembre-es-Santa-Cecilia-la-martir-que.jpg","keywords":["Cecilia","m\u00e1rtir","melod\u00eda","noviembre","Santa","transform\u00f3"],"articleSection":["Salud"],"inLanguage":"es"},{"@type":"WebPage","@id":"https:\/\/stacatarina.mx\/consejos\/el-22-de-noviembre-es-santa-cecilia-la-martir-que-transformo-la-fe-en-melodia\/","url":"https:\/\/stacatarina.mx\/consejos\/el-22-de-noviembre-es-santa-cecilia-la-martir-que-transformo-la-fe-en-melodia\/","name":"El 22 de noviembre es Santa Cecilia, la m\u00e1rtir que transform\u00f3 la fe en melod\u00eda - Consejos - Santa Catarina","isPartOf":{"@id":"https:\/\/stacatarina.mx\/consejos\/#website"},"primaryImageOfPage":{"@id":"https:\/\/stacatarina.mx\/consejos\/el-22-de-noviembre-es-santa-cecilia-la-martir-que-transformo-la-fe-en-melodia\/#primaryimage"},"image":{"@id":"https:\/\/stacatarina.mx\/consejos\/el-22-de-noviembre-es-santa-cecilia-la-martir-que-transformo-la-fe-en-melodia\/#primaryimage"},"thumbnailUrl":"https:\/\/stacatarina.mx\/consejos\/wp-content\/uploads\/2024\/11\/El-22-de-noviembre-es-Santa-Cecilia-la-martir-que.jpg","datePublished":"2024-11-22T11:27:13+00:00","dateModified":"2024-11-22T11:27:14+00:00","breadcrumb":{"@id":"https:\/\/stacatarina.mx\/consejos\/el-22-de-noviembre-es-santa-cecilia-la-martir-que-transformo-la-fe-en-melodia\/#breadcrumb"},"inLanguage":"es","potentialAction":[{"@type":"ReadAction","target":["https:\/\/stacatarina.mx\/consejos\/el-22-de-noviembre-es-santa-cecilia-la-martir-que-transformo-la-fe-en-melodia\/"]}]},{"@type":"ImageObject","inLanguage":"es","@id":"https:\/\/stacatarina.mx\/consejos\/el-22-de-noviembre-es-santa-cecilia-la-martir-que-transformo-la-fe-en-melodia\/#primaryimage","url":"https:\/\/stacatarina.mx\/consejos\/wp-content\/uploads\/2024\/11\/El-22-de-noviembre-es-Santa-Cecilia-la-martir-que.jpg","contentUrl":"https:\/\/stacatarina.mx\/consejos\/wp-content\/uploads\/2024\/11\/El-22-de-noviembre-es-Santa-Cecilia-la-martir-que.jpg","width":1202,"height":788,"caption":"El 22 de noviembre es Santa Cecilia, la m\u00e1rtir que transform\u00f3 la fe en melod\u00eda"},{"@type":"BreadcrumbList","@id":"https:\/\/stacatarina.mx\/consejos\/el-22-de-noviembre-es-santa-cecilia-la-martir-que-transformo-la-fe-en-melodia\/#breadcrumb","itemListElement":[{"@type":"ListItem","position":1,"name":"Inicio","item":"https:\/\/stacatarina.mx\/consejos\/"},{"@type":"ListItem","position":2,"name":"El 22 de noviembre es Santa Cecilia, la m\u00e1rtir que transform\u00f3 la fe en melod\u00eda"}]},{"@type":"WebSite","@id":"https:\/\/stacatarina.mx\/consejos\/#website","url":"https:\/\/stacatarina.mx\/consejos\/","name":"Santa Catarina","description":"","publisher":{"@id":"https:\/\/stacatarina.mx\/consejos\/#organization"},"potentialAction":[{"@type":"SearchAction","target":{"@type":"EntryPoint","urlTemplate":"https:\/\/stacatarina.mx\/consejos\/?s={search_term_string}"},"query-input":{"@type":"PropertyValueSpecification","valueRequired":true,"valueName":"search_term_string"}}],"inLanguage":"es"},{"@type":"Organization","@id":"https:\/\/stacatarina.mx\/consejos\/#organization","name":"Santa Catarina","url":"https:\/\/stacatarina.mx\/consejos\/","logo":{"@type":"ImageObject","inLanguage":"es","@id":"https:\/\/stacatarina.mx\/consejos\/#\/schema\/logo\/image\/","url":"https:\/\/stacatarina.mx\/consejos\/wp-content\/uploads\/2024\/09\/cropped-favicon-1-1.png","contentUrl":"https:\/\/stacatarina.mx\/consejos\/wp-content\/uploads\/2024\/09\/cropped-favicon-1-1.png","width":512,"height":512,"caption":"Santa Catarina"},"image":{"@id":"https:\/\/stacatarina.mx\/consejos\/#\/schema\/logo\/image\/"},"sameAs":["https:\/\/www.facebook.com\/stacatarinagob\/","https:\/\/x.com\/stacatarinagob","https:\/\/www.instagram.com\/stacatarinagob\/","https:\/\/www.youtube.com\/channel\/UCK-6cQJL_904665N1_nLTWw"]},{"@type":"Person","@id":"https:\/\/stacatarina.mx\/consejos\/#\/schema\/person\/0be60adffa8e4c4d0828fdf021450e8a","name":"Pedro Mart\u00ednez","image":{"@type":"ImageObject","inLanguage":"es","@id":"https:\/\/stacatarina.mx\/consejos\/#\/schema\/person\/image\/","url":"https:\/\/stacatarina.mx\/consejos\/wp-content\/uploads\/2024\/09\/stacatarina.jpg","contentUrl":"https:\/\/stacatarina.mx\/consejos\/wp-content\/uploads\/2024\/09\/stacatarina.jpg","caption":"Pedro Mart\u00ednez"},"description":"Hola, soy Pedro Mart\u00ednez, redactor jefe del sitio oficial del ayuntamiento de Santa Catarina, en M\u00e9xico. Con m\u00e1s de diez a\u00f1os de experiencia en el periodismo local, tengo una pasi\u00f3n por la investigaci\u00f3n y la difusi\u00f3n de informaci\u00f3n que valoriza nuestra hermosa comunidad. Mi compromiso es hacer de Santa Catarina una referencia en materia de transparencia y comunicaci\u00f3n municipal.","sameAs":["https:\/\/stacatarina.mx\/"]}]}},"_links":{"self":[{"href":"https:\/\/stacatarina.mx\/consejos\/wp-json\/wp\/v2\/posts\/1629"}],"collection":[{"href":"https:\/\/stacatarina.mx\/consejos\/wp-json\/wp\/v2\/posts"}],"about":[{"href":"https:\/\/stacatarina.mx\/consejos\/wp-json\/wp\/v2\/types\/post"}],"author":[{"embeddable":true,"href":"https:\/\/stacatarina.mx\/consejos\/wp-json\/wp\/v2\/users\/1"}],"replies":[{"embeddable":true,"href":"https:\/\/stacatarina.mx\/consejos\/wp-json\/wp\/v2\/comments?post=1629"}],"version-history":[{"count":1,"href":"https:\/\/stacatarina.mx\/consejos\/wp-json\/wp\/v2\/posts\/1629\/revisions"}],"predecessor-version":[{"id":1631,"href":"https:\/\/stacatarina.mx\/consejos\/wp-json\/wp\/v2\/posts\/1629\/revisions\/1631"}],"wp:featuredmedia":[{"embeddable":true,"href":"https:\/\/stacatarina.mx\/consejos\/wp-json\/wp\/v2\/media\/1630"}],"wp:attachment":[{"href":"https:\/\/stacatarina.mx\/consejos\/wp-json\/wp\/v2\/media?parent=1629"}],"wp:term":[{"taxonomy":"category","embeddable":true,"href":"https:\/\/stacatarina.mx\/consejos\/wp-json\/wp\/v2\/categories?post=1629"},{"taxonomy":"post_tag","embeddable":true,"href":"https:\/\/stacatarina.mx\/consejos\/wp-json\/wp\/v2\/tags?post=1629"}],"curies":[{"name":"wp","href":"https:\/\/api.w.org\/{rel}","templated":true}]}}