{"id":1779,"date":"2024-12-04T07:23:29","date_gmt":"2024-12-04T13:23:29","guid":{"rendered":"https:\/\/stacatarina.mx\/consejos\/una-bomba-de-tiempo-amenaza-la-fertilidad-masculina-se-descubre-un-nuevo-efecto-secundario-del-pfas\/"},"modified":"2024-12-04T07:23:30","modified_gmt":"2024-12-04T13:23:30","slug":"una-bomba-de-tiempo-amenaza-la-fertilidad-masculina-se-descubre-un-nuevo-efecto-secundario-del-pfas","status":"publish","type":"post","link":"https:\/\/stacatarina.mx\/consejos\/una-bomba-de-tiempo-amenaza-la-fertilidad-masculina-se-descubre-un-nuevo-efecto-secundario-del-pfas\/","title":{"rendered":"Una bomba de tiempo amenaza la fertilidad masculina: se descubre un nuevo efecto secundario del PFAS"},"content":{"rendered":"<p class=\"single-abstract\">\n<p>\t\t\t\t\t\t\t\t\t\t\t\t\t\t\t\t\tSe han descubierto las razones por las que las PFAS provocan una disminuci\u00f3n de la fertilidad: se unen a una prote\u00edna del espermatozoide modificando su estructura e impidiendo que se una a su hom\u00f3logo en el ovocito\t\t\t\t\t\t\t\t\t\t\t\t\t\t\t<\/p>\n<div class=\"daily-video\" style=\"display: none;\"><\/div>\n<div class=\"wrapper-player\" style=\"display: none; margin-bottom: 15px;\">\n<div id=\"daily-player\" style=\"position: relative; max-width: 100%;\" class=\"video-content\"><\/div>\n<\/p><\/div>\n<div class=\"image-wrapper featured-image no-lazy\" id=\"featured-image\"><\/div>\n<p>Se unir\u00edan a una especificaci\u00f3n. <strong>prote\u00edna<\/strong> en la membrana del espermatozoide, el llamado<em>Izumo-1<\/em>&#8220;, modificando su estructura e impidiendo su uni\u00f3n con su hom\u00f3logo de la membrana del ovocito, la prote\u00edna &#8220;<em>Juno<\/em>\u201d: raz\u00f3n por la cual las PFAS reducir\u00edan la fertilidad.<\/p>\n<p>Este es el resultado de una investigaci\u00f3n experimental realizada por el profesor Carlo Foresta, presidente de la Fundaci\u00f3n Foresta ETS, en colaboraci\u00f3n con el profesor Alberto Ferlin del Departamento de Medicina de la Universidad de Padua y el profesor Diego Guidolin del Departamento de Neurociencia.<\/p>\n<aside style=\"margin: 8px auto; text-align: center; display: block; clear: both;\">\n<div id=\"gpt-passback\">\n<\/div>\n<\/aside>\n<p>\u201cIzumo-1\u201d y \u201cJuno\u201d, explican los cient\u00edficos, son dos prote\u00ednas <strong>fundamental en el proceso de fertilizaci\u00f3n<\/strong>ya que act\u00faan como puente entre el reconocimiento y la fusi\u00f3n entre el espermatozoide y el ovocito. Si faltan, el proceso reproductivo se vuelve loco.<\/p>\n<p>De hecho, su interacci\u00f3n es crucial para garantizar que un espermatozoide pueda fertilizar un ovocito: despu\u00e9s de encontrarse y unirse, las membranas del espermatozoide y del ovocito se fusionan, permitiendo que el n\u00facleo del espermatozoide entre en el ovocito y, por lo tanto, en la fertilizaci\u00f3n real.<\/p>\n<blockquote>\n<p>Los resultados obtenidos son fundamentales para comprender el mecanismo que conduce a la infertilidad en poblaciones expuestas a PFA \u2013 comenta Carlo Foresta. Despu\u00e9s de investigaciones que hab\u00edan puesto de relieve diversas alteraciones que afectan a los espermatozoides, esta \u00faltima pieza nos permite comprender c\u00f3mo estas sustancias son capaces no s\u00f3lo de reducir el n\u00famero de espermatozoides y de unirse a ellos, reduciendo su motilidad, sino que, incluso si un espermatozoide fuera capaz de De todas formas, de llegar al ovocito, de forma natural o mediante t\u00e9cnicas de fertilizaci\u00f3n in vitro, su capacidad para fertilizarlo a\u00fan estar\u00eda significativamente reducida debido a la uni\u00f3n de las PFAS a esta prote\u00edna fundamental.<\/p>\n<\/blockquote>\n<p>En los \u00faltimos a\u00f1os, la atenci\u00f3n hacia las PFAS ha aumentado considerablemente. No es casualidad que se digan estos <em>por siempre qu\u00edmicos<\/em>estos compuestos qu\u00edmicos son conocidos (y utilizados) por su resistencia al agua, a la grasa y a las manchas, pero ahora tambi\u00e9n y sobre todo por su <strong>Capacidad de persistir en el medio ambiente y en el cuerpo humano.<\/strong> sin degradar. Los PFAS, de hecho, se acumulan tanto en el agua como en el suelo, y pueden ingresar a nuestro organismo a trav\u00e9s del consumo de alimentos contaminados o del contacto con objetos tratados.<\/p>\n<p>Ya hay muchas investigaciones que han revelado que la exposici\u00f3n a estos compuestos puede tener <strong>graves impactos en la salud<\/strong>incluido un mayor riesgo de enfermedad hep\u00e1tica y problemas del sistema inmunol\u00f3gico. Ahora, este \u00faltimo estudio italiano a\u00f1ade algo m\u00e1s.<\/p><\/p>\n","protected":false},"excerpt":{"rendered":"<p>Se han descubierto las razones por las que las PFAS provocan una disminuci\u00f3n de la fertilidad: se unen a una prote\u00edna del espermatozoide modificando su<\/p>\n","protected":false},"author":1,"featured_media":1780,"comment_status":"closed","ping_status":"","sticky":false,"template":"","format":"standard","meta":{"footnotes":""},"categories":[762],"tags":[2586,2585,23,337,824,2587,2588,218,1522,2589,1591,37],"class_list":["post-1779","post","type-post","status-publish","format-standard","has-post-thumbnail","hentry","category-salud","tag-amenaza","tag-bomba","tag-del","tag-descubre","tag-efecto","tag-fertilidad","tag-masculina","tag-nuevo","tag-pfas","tag-secundario","tag-tiempo","tag-una","generate-columns","tablet-grid-50","mobile-grid-100","grid-parent","grid-50"],"yoast_head":"<!-- This site is optimized with the Yoast SEO plugin v23.4 - https:\/\/yoast.com\/wordpress\/plugins\/seo\/ -->\n<title>Una bomba de tiempo amenaza la fertilidad masculina: se descubre un nuevo efecto secundario del PFAS - Consejos - Santa Catarina<\/title>\n<meta name=\"robots\" content=\"index, follow, max-snippet:-1, max-image-preview:large, max-video-preview:-1\" \/>\n<link rel=\"canonical\" href=\"https:\/\/stacatarina.mx\/consejos\/una-bomba-de-tiempo-amenaza-la-fertilidad-masculina-se-descubre-un-nuevo-efecto-secundario-del-pfas\/\" \/>\n<meta property=\"og:locale\" content=\"es_MX\" \/>\n<meta property=\"og:type\" content=\"article\" \/>\n<meta property=\"og:title\" content=\"Una bomba de tiempo amenaza la fertilidad masculina: se descubre un nuevo efecto secundario del PFAS - Consejos - Santa Catarina\" \/>\n<meta property=\"og:description\" content=\"Se han descubierto las razones por las que las PFAS provocan una disminuci\u00f3n de la fertilidad: se unen a una prote\u00edna del espermatozoide modificando su\" \/>\n<meta property=\"og:url\" content=\"https:\/\/stacatarina.mx\/consejos\/una-bomba-de-tiempo-amenaza-la-fertilidad-masculina-se-descubre-un-nuevo-efecto-secundario-del-pfas\/\" \/>\n<meta property=\"og:site_name\" content=\"Santa Catarina\" \/>\n<meta property=\"article:publisher\" content=\"https:\/\/www.facebook.com\/stacatarinagob\/\" \/>\n<meta property=\"article:published_time\" content=\"2024-12-04T13:23:29+00:00\" \/>\n<meta property=\"article:modified_time\" content=\"2024-12-04T13:23:30+00:00\" \/>\n<meta property=\"og:image\" content=\"https:\/\/stacatarina.mx\/consejos\/wp-content\/uploads\/2024\/12\/Una-bomba-de-tiempo-amenaza-la-fertilidad-masculina-se-descubre.jpg\" \/>\n\t<meta property=\"og:image:width\" content=\"1500\" \/>\n\t<meta property=\"og:image:height\" content=\"1000\" \/>\n\t<meta property=\"og:image:type\" content=\"image\/jpeg\" \/>\n<meta name=\"author\" content=\"Pedro Mart\u00ednez\" \/>\n<meta name=\"twitter:card\" content=\"summary_large_image\" \/>\n<meta name=\"twitter:creator\" content=\"@stacatarinagob\" \/>\n<meta name=\"twitter:site\" content=\"@stacatarinagob\" \/>\n<meta name=\"twitter:label1\" content=\"Escrito por\" \/>\n\t<meta name=\"twitter:data1\" content=\"Pedro Mart\u00ednez\" \/>\n\t<meta name=\"twitter:label2\" content=\"Tiempo de lectura\" \/>\n\t<meta name=\"twitter:data2\" content=\"2 minutos\" \/>\n<script type=\"application\/ld+json\" class=\"yoast-schema-graph\">{\"@context\":\"https:\/\/schema.org\",\"@graph\":[{\"@type\":\"Article\",\"@id\":\"https:\/\/stacatarina.mx\/consejos\/una-bomba-de-tiempo-amenaza-la-fertilidad-masculina-se-descubre-un-nuevo-efecto-secundario-del-pfas\/#article\",\"isPartOf\":{\"@id\":\"https:\/\/stacatarina.mx\/consejos\/una-bomba-de-tiempo-amenaza-la-fertilidad-masculina-se-descubre-un-nuevo-efecto-secundario-del-pfas\/\"},\"author\":{\"name\":\"Pedro Mart\u00ednez\",\"@id\":\"https:\/\/stacatarina.mx\/consejos\/#\/schema\/person\/0be60adffa8e4c4d0828fdf021450e8a\"},\"headline\":\"Una bomba de tiempo amenaza la fertilidad masculina: se descubre un nuevo efecto secundario del PFAS\",\"datePublished\":\"2024-12-04T13:23:29+00:00\",\"dateModified\":\"2024-12-04T13:23:30+00:00\",\"mainEntityOfPage\":{\"@id\":\"https:\/\/stacatarina.mx\/consejos\/una-bomba-de-tiempo-amenaza-la-fertilidad-masculina-se-descubre-un-nuevo-efecto-secundario-del-pfas\/\"},\"wordCount\":512,\"publisher\":{\"@id\":\"https:\/\/stacatarina.mx\/consejos\/#organization\"},\"image\":{\"@id\":\"https:\/\/stacatarina.mx\/consejos\/una-bomba-de-tiempo-amenaza-la-fertilidad-masculina-se-descubre-un-nuevo-efecto-secundario-del-pfas\/#primaryimage\"},\"thumbnailUrl\":\"https:\/\/stacatarina.mx\/consejos\/wp-content\/uploads\/2024\/12\/Una-bomba-de-tiempo-amenaza-la-fertilidad-masculina-se-descubre.jpg\",\"keywords\":[\"amenaza\",\"bomba\",\"del\",\"descubre\",\"efecto\",\"fertilidad\",\"masculina\",\"nuevo\",\"Pfas\",\"secundario\",\"tiempo\",\"una\"],\"articleSection\":[\"Salud\"],\"inLanguage\":\"es\"},{\"@type\":\"WebPage\",\"@id\":\"https:\/\/stacatarina.mx\/consejos\/una-bomba-de-tiempo-amenaza-la-fertilidad-masculina-se-descubre-un-nuevo-efecto-secundario-del-pfas\/\",\"url\":\"https:\/\/stacatarina.mx\/consejos\/una-bomba-de-tiempo-amenaza-la-fertilidad-masculina-se-descubre-un-nuevo-efecto-secundario-del-pfas\/\",\"name\":\"Una bomba de tiempo amenaza la fertilidad masculina: se descubre un nuevo efecto secundario del PFAS - Consejos - Santa Catarina\",\"isPartOf\":{\"@id\":\"https:\/\/stacatarina.mx\/consejos\/#website\"},\"primaryImageOfPage\":{\"@id\":\"https:\/\/stacatarina.mx\/consejos\/una-bomba-de-tiempo-amenaza-la-fertilidad-masculina-se-descubre-un-nuevo-efecto-secundario-del-pfas\/#primaryimage\"},\"image\":{\"@id\":\"https:\/\/stacatarina.mx\/consejos\/una-bomba-de-tiempo-amenaza-la-fertilidad-masculina-se-descubre-un-nuevo-efecto-secundario-del-pfas\/#primaryimage\"},\"thumbnailUrl\":\"https:\/\/stacatarina.mx\/consejos\/wp-content\/uploads\/2024\/12\/Una-bomba-de-tiempo-amenaza-la-fertilidad-masculina-se-descubre.jpg\",\"datePublished\":\"2024-12-04T13:23:29+00:00\",\"dateModified\":\"2024-12-04T13:23:30+00:00\",\"breadcrumb\":{\"@id\":\"https:\/\/stacatarina.mx\/consejos\/una-bomba-de-tiempo-amenaza-la-fertilidad-masculina-se-descubre-un-nuevo-efecto-secundario-del-pfas\/#breadcrumb\"},\"inLanguage\":\"es\",\"potentialAction\":[{\"@type\":\"ReadAction\",\"target\":[\"https:\/\/stacatarina.mx\/consejos\/una-bomba-de-tiempo-amenaza-la-fertilidad-masculina-se-descubre-un-nuevo-efecto-secundario-del-pfas\/\"]}]},{\"@type\":\"ImageObject\",\"inLanguage\":\"es\",\"@id\":\"https:\/\/stacatarina.mx\/consejos\/una-bomba-de-tiempo-amenaza-la-fertilidad-masculina-se-descubre-un-nuevo-efecto-secundario-del-pfas\/#primaryimage\",\"url\":\"https:\/\/stacatarina.mx\/consejos\/wp-content\/uploads\/2024\/12\/Una-bomba-de-tiempo-amenaza-la-fertilidad-masculina-se-descubre.jpg\",\"contentUrl\":\"https:\/\/stacatarina.mx\/consejos\/wp-content\/uploads\/2024\/12\/Una-bomba-de-tiempo-amenaza-la-fertilidad-masculina-se-descubre.jpg\",\"width\":1500,\"height\":1000,\"caption\":\"infertilit\u00e0\"},{\"@type\":\"BreadcrumbList\",\"@id\":\"https:\/\/stacatarina.mx\/consejos\/una-bomba-de-tiempo-amenaza-la-fertilidad-masculina-se-descubre-un-nuevo-efecto-secundario-del-pfas\/#breadcrumb\",\"itemListElement\":[{\"@type\":\"ListItem\",\"position\":1,\"name\":\"Inicio\",\"item\":\"https:\/\/stacatarina.mx\/consejos\/\"},{\"@type\":\"ListItem\",\"position\":2,\"name\":\"Una bomba de tiempo amenaza la fertilidad masculina: se descubre un nuevo efecto secundario del PFAS\"}]},{\"@type\":\"WebSite\",\"@id\":\"https:\/\/stacatarina.mx\/consejos\/#website\",\"url\":\"https:\/\/stacatarina.mx\/consejos\/\",\"name\":\"Santa Catarina\",\"description\":\"\",\"publisher\":{\"@id\":\"https:\/\/stacatarina.mx\/consejos\/#organization\"},\"potentialAction\":[{\"@type\":\"SearchAction\",\"target\":{\"@type\":\"EntryPoint\",\"urlTemplate\":\"https:\/\/stacatarina.mx\/consejos\/?s={search_term_string}\"},\"query-input\":{\"@type\":\"PropertyValueSpecification\",\"valueRequired\":true,\"valueName\":\"search_term_string\"}}],\"inLanguage\":\"es\"},{\"@type\":\"Organization\",\"@id\":\"https:\/\/stacatarina.mx\/consejos\/#organization\",\"name\":\"Santa Catarina\",\"url\":\"https:\/\/stacatarina.mx\/consejos\/\",\"logo\":{\"@type\":\"ImageObject\",\"inLanguage\":\"es\",\"@id\":\"https:\/\/stacatarina.mx\/consejos\/#\/schema\/logo\/image\/\",\"url\":\"https:\/\/stacatarina.mx\/consejos\/wp-content\/uploads\/2024\/09\/cropped-favicon-1-1.png\",\"contentUrl\":\"https:\/\/stacatarina.mx\/consejos\/wp-content\/uploads\/2024\/09\/cropped-favicon-1-1.png\",\"width\":512,\"height\":512,\"caption\":\"Santa Catarina\"},\"image\":{\"@id\":\"https:\/\/stacatarina.mx\/consejos\/#\/schema\/logo\/image\/\"},\"sameAs\":[\"https:\/\/www.facebook.com\/stacatarinagob\/\",\"https:\/\/x.com\/stacatarinagob\",\"https:\/\/www.instagram.com\/stacatarinagob\/\",\"https:\/\/www.youtube.com\/channel\/UCK-6cQJL_904665N1_nLTWw\"]},{\"@type\":\"Person\",\"@id\":\"https:\/\/stacatarina.mx\/consejos\/#\/schema\/person\/0be60adffa8e4c4d0828fdf021450e8a\",\"name\":\"Pedro Mart\u00ednez\",\"image\":{\"@type\":\"ImageObject\",\"inLanguage\":\"es\",\"@id\":\"https:\/\/stacatarina.mx\/consejos\/#\/schema\/person\/image\/\",\"url\":\"https:\/\/stacatarina.mx\/consejos\/wp-content\/uploads\/2024\/09\/stacatarina.jpg\",\"contentUrl\":\"https:\/\/stacatarina.mx\/consejos\/wp-content\/uploads\/2024\/09\/stacatarina.jpg\",\"caption\":\"Pedro Mart\u00ednez\"},\"description\":\"Hola, soy Pedro Mart\u00ednez, redactor jefe del sitio oficial del ayuntamiento de Santa Catarina, en M\u00e9xico. Con m\u00e1s de diez a\u00f1os de experiencia en el periodismo local, tengo una pasi\u00f3n por la investigaci\u00f3n y la difusi\u00f3n de informaci\u00f3n que valoriza nuestra hermosa comunidad. Mi compromiso es hacer de Santa Catarina una referencia en materia de transparencia y comunicaci\u00f3n municipal.\",\"sameAs\":[\"https:\/\/stacatarina.mx\/\"]}]}<\/script>\n<!-- \/ Yoast SEO plugin. -->","yoast_head_json":{"title":"Una bomba de tiempo amenaza la fertilidad masculina: se descubre un nuevo efecto secundario del PFAS - Consejos - Santa Catarina","robots":{"index":"index","follow":"follow","max-snippet":"max-snippet:-1","max-image-preview":"max-image-preview:large","max-video-preview":"max-video-preview:-1"},"canonical":"https:\/\/stacatarina.mx\/consejos\/una-bomba-de-tiempo-amenaza-la-fertilidad-masculina-se-descubre-un-nuevo-efecto-secundario-del-pfas\/","og_locale":"es_MX","og_type":"article","og_title":"Una bomba de tiempo amenaza la fertilidad masculina: se descubre un nuevo efecto secundario del PFAS - Consejos - Santa Catarina","og_description":"Se han descubierto las razones por las que las PFAS provocan una disminuci\u00f3n de la fertilidad: se unen a una prote\u00edna del espermatozoide modificando su","og_url":"https:\/\/stacatarina.mx\/consejos\/una-bomba-de-tiempo-amenaza-la-fertilidad-masculina-se-descubre-un-nuevo-efecto-secundario-del-pfas\/","og_site_name":"Santa Catarina","article_publisher":"https:\/\/www.facebook.com\/stacatarinagob\/","article_published_time":"2024-12-04T13:23:29+00:00","article_modified_time":"2024-12-04T13:23:30+00:00","og_image":[{"width":1500,"height":1000,"url":"https:\/\/stacatarina.mx\/consejos\/wp-content\/uploads\/2024\/12\/Una-bomba-de-tiempo-amenaza-la-fertilidad-masculina-se-descubre.jpg","type":"image\/jpeg"}],"author":"Pedro Mart\u00ednez","twitter_card":"summary_large_image","twitter_creator":"@stacatarinagob","twitter_site":"@stacatarinagob","twitter_misc":{"Escrito por":"Pedro Mart\u00ednez","Tiempo de lectura":"2 minutos"},"schema":{"@context":"https:\/\/schema.org","@graph":[{"@type":"Article","@id":"https:\/\/stacatarina.mx\/consejos\/una-bomba-de-tiempo-amenaza-la-fertilidad-masculina-se-descubre-un-nuevo-efecto-secundario-del-pfas\/#article","isPartOf":{"@id":"https:\/\/stacatarina.mx\/consejos\/una-bomba-de-tiempo-amenaza-la-fertilidad-masculina-se-descubre-un-nuevo-efecto-secundario-del-pfas\/"},"author":{"name":"Pedro Mart\u00ednez","@id":"https:\/\/stacatarina.mx\/consejos\/#\/schema\/person\/0be60adffa8e4c4d0828fdf021450e8a"},"headline":"Una bomba de tiempo amenaza la fertilidad masculina: se descubre un nuevo efecto secundario del PFAS","datePublished":"2024-12-04T13:23:29+00:00","dateModified":"2024-12-04T13:23:30+00:00","mainEntityOfPage":{"@id":"https:\/\/stacatarina.mx\/consejos\/una-bomba-de-tiempo-amenaza-la-fertilidad-masculina-se-descubre-un-nuevo-efecto-secundario-del-pfas\/"},"wordCount":512,"publisher":{"@id":"https:\/\/stacatarina.mx\/consejos\/#organization"},"image":{"@id":"https:\/\/stacatarina.mx\/consejos\/una-bomba-de-tiempo-amenaza-la-fertilidad-masculina-se-descubre-un-nuevo-efecto-secundario-del-pfas\/#primaryimage"},"thumbnailUrl":"https:\/\/stacatarina.mx\/consejos\/wp-content\/uploads\/2024\/12\/Una-bomba-de-tiempo-amenaza-la-fertilidad-masculina-se-descubre.jpg","keywords":["amenaza","bomba","del","descubre","efecto","fertilidad","masculina","nuevo","Pfas","secundario","tiempo","una"],"articleSection":["Salud"],"inLanguage":"es"},{"@type":"WebPage","@id":"https:\/\/stacatarina.mx\/consejos\/una-bomba-de-tiempo-amenaza-la-fertilidad-masculina-se-descubre-un-nuevo-efecto-secundario-del-pfas\/","url":"https:\/\/stacatarina.mx\/consejos\/una-bomba-de-tiempo-amenaza-la-fertilidad-masculina-se-descubre-un-nuevo-efecto-secundario-del-pfas\/","name":"Una bomba de tiempo amenaza la fertilidad masculina: se descubre un nuevo efecto secundario del PFAS - Consejos - Santa Catarina","isPartOf":{"@id":"https:\/\/stacatarina.mx\/consejos\/#website"},"primaryImageOfPage":{"@id":"https:\/\/stacatarina.mx\/consejos\/una-bomba-de-tiempo-amenaza-la-fertilidad-masculina-se-descubre-un-nuevo-efecto-secundario-del-pfas\/#primaryimage"},"image":{"@id":"https:\/\/stacatarina.mx\/consejos\/una-bomba-de-tiempo-amenaza-la-fertilidad-masculina-se-descubre-un-nuevo-efecto-secundario-del-pfas\/#primaryimage"},"thumbnailUrl":"https:\/\/stacatarina.mx\/consejos\/wp-content\/uploads\/2024\/12\/Una-bomba-de-tiempo-amenaza-la-fertilidad-masculina-se-descubre.jpg","datePublished":"2024-12-04T13:23:29+00:00","dateModified":"2024-12-04T13:23:30+00:00","breadcrumb":{"@id":"https:\/\/stacatarina.mx\/consejos\/una-bomba-de-tiempo-amenaza-la-fertilidad-masculina-se-descubre-un-nuevo-efecto-secundario-del-pfas\/#breadcrumb"},"inLanguage":"es","potentialAction":[{"@type":"ReadAction","target":["https:\/\/stacatarina.mx\/consejos\/una-bomba-de-tiempo-amenaza-la-fertilidad-masculina-se-descubre-un-nuevo-efecto-secundario-del-pfas\/"]}]},{"@type":"ImageObject","inLanguage":"es","@id":"https:\/\/stacatarina.mx\/consejos\/una-bomba-de-tiempo-amenaza-la-fertilidad-masculina-se-descubre-un-nuevo-efecto-secundario-del-pfas\/#primaryimage","url":"https:\/\/stacatarina.mx\/consejos\/wp-content\/uploads\/2024\/12\/Una-bomba-de-tiempo-amenaza-la-fertilidad-masculina-se-descubre.jpg","contentUrl":"https:\/\/stacatarina.mx\/consejos\/wp-content\/uploads\/2024\/12\/Una-bomba-de-tiempo-amenaza-la-fertilidad-masculina-se-descubre.jpg","width":1500,"height":1000,"caption":"infertilit\u00e0"},{"@type":"BreadcrumbList","@id":"https:\/\/stacatarina.mx\/consejos\/una-bomba-de-tiempo-amenaza-la-fertilidad-masculina-se-descubre-un-nuevo-efecto-secundario-del-pfas\/#breadcrumb","itemListElement":[{"@type":"ListItem","position":1,"name":"Inicio","item":"https:\/\/stacatarina.mx\/consejos\/"},{"@type":"ListItem","position":2,"name":"Una bomba de tiempo amenaza la fertilidad masculina: se descubre un nuevo efecto secundario del PFAS"}]},{"@type":"WebSite","@id":"https:\/\/stacatarina.mx\/consejos\/#website","url":"https:\/\/stacatarina.mx\/consejos\/","name":"Santa Catarina","description":"","publisher":{"@id":"https:\/\/stacatarina.mx\/consejos\/#organization"},"potentialAction":[{"@type":"SearchAction","target":{"@type":"EntryPoint","urlTemplate":"https:\/\/stacatarina.mx\/consejos\/?s={search_term_string}"},"query-input":{"@type":"PropertyValueSpecification","valueRequired":true,"valueName":"search_term_string"}}],"inLanguage":"es"},{"@type":"Organization","@id":"https:\/\/stacatarina.mx\/consejos\/#organization","name":"Santa Catarina","url":"https:\/\/stacatarina.mx\/consejos\/","logo":{"@type":"ImageObject","inLanguage":"es","@id":"https:\/\/stacatarina.mx\/consejos\/#\/schema\/logo\/image\/","url":"https:\/\/stacatarina.mx\/consejos\/wp-content\/uploads\/2024\/09\/cropped-favicon-1-1.png","contentUrl":"https:\/\/stacatarina.mx\/consejos\/wp-content\/uploads\/2024\/09\/cropped-favicon-1-1.png","width":512,"height":512,"caption":"Santa Catarina"},"image":{"@id":"https:\/\/stacatarina.mx\/consejos\/#\/schema\/logo\/image\/"},"sameAs":["https:\/\/www.facebook.com\/stacatarinagob\/","https:\/\/x.com\/stacatarinagob","https:\/\/www.instagram.com\/stacatarinagob\/","https:\/\/www.youtube.com\/channel\/UCK-6cQJL_904665N1_nLTWw"]},{"@type":"Person","@id":"https:\/\/stacatarina.mx\/consejos\/#\/schema\/person\/0be60adffa8e4c4d0828fdf021450e8a","name":"Pedro Mart\u00ednez","image":{"@type":"ImageObject","inLanguage":"es","@id":"https:\/\/stacatarina.mx\/consejos\/#\/schema\/person\/image\/","url":"https:\/\/stacatarina.mx\/consejos\/wp-content\/uploads\/2024\/09\/stacatarina.jpg","contentUrl":"https:\/\/stacatarina.mx\/consejos\/wp-content\/uploads\/2024\/09\/stacatarina.jpg","caption":"Pedro Mart\u00ednez"},"description":"Hola, soy Pedro Mart\u00ednez, redactor jefe del sitio oficial del ayuntamiento de Santa Catarina, en M\u00e9xico. Con m\u00e1s de diez a\u00f1os de experiencia en el periodismo local, tengo una pasi\u00f3n por la investigaci\u00f3n y la difusi\u00f3n de informaci\u00f3n que valoriza nuestra hermosa comunidad. Mi compromiso es hacer de Santa Catarina una referencia en materia de transparencia y comunicaci\u00f3n municipal.","sameAs":["https:\/\/stacatarina.mx\/"]}]}},"_links":{"self":[{"href":"https:\/\/stacatarina.mx\/consejos\/wp-json\/wp\/v2\/posts\/1779"}],"collection":[{"href":"https:\/\/stacatarina.mx\/consejos\/wp-json\/wp\/v2\/posts"}],"about":[{"href":"https:\/\/stacatarina.mx\/consejos\/wp-json\/wp\/v2\/types\/post"}],"author":[{"embeddable":true,"href":"https:\/\/stacatarina.mx\/consejos\/wp-json\/wp\/v2\/users\/1"}],"replies":[{"embeddable":true,"href":"https:\/\/stacatarina.mx\/consejos\/wp-json\/wp\/v2\/comments?post=1779"}],"version-history":[{"count":1,"href":"https:\/\/stacatarina.mx\/consejos\/wp-json\/wp\/v2\/posts\/1779\/revisions"}],"predecessor-version":[{"id":1781,"href":"https:\/\/stacatarina.mx\/consejos\/wp-json\/wp\/v2\/posts\/1779\/revisions\/1781"}],"wp:featuredmedia":[{"embeddable":true,"href":"https:\/\/stacatarina.mx\/consejos\/wp-json\/wp\/v2\/media\/1780"}],"wp:attachment":[{"href":"https:\/\/stacatarina.mx\/consejos\/wp-json\/wp\/v2\/media?parent=1779"}],"wp:term":[{"taxonomy":"category","embeddable":true,"href":"https:\/\/stacatarina.mx\/consejos\/wp-json\/wp\/v2\/categories?post=1779"},{"taxonomy":"post_tag","embeddable":true,"href":"https:\/\/stacatarina.mx\/consejos\/wp-json\/wp\/v2\/tags?post=1779"}],"curies":[{"name":"wp","href":"https:\/\/api.w.org\/{rel}","templated":true}]}}