{"id":1803,"date":"2024-12-06T09:23:53","date_gmt":"2024-12-06T15:23:53","guid":{"rendered":"https:\/\/stacatarina.mx\/consejos\/maxi-incautacion-de-conservas-de-atun-mas-de-20-toneladas-bloqueadas-que-habrian-acabado-en-nuestras-mesas-en-navidad\/"},"modified":"2024-12-06T09:23:54","modified_gmt":"2024-12-06T15:23:54","slug":"maxi-incautacion-de-conservas-de-atun-mas-de-20-toneladas-bloqueadas-que-habrian-acabado-en-nuestras-mesas-en-navidad","status":"publish","type":"post","link":"https:\/\/stacatarina.mx\/consejos\/maxi-incautacion-de-conservas-de-atun-mas-de-20-toneladas-bloqueadas-que-habrian-acabado-en-nuestras-mesas-en-navidad\/","title":{"rendered":"Maxi incautaci\u00f3n de conservas de at\u00fan: m\u00e1s de 20 toneladas bloqueadas que habr\u00edan acabado en nuestras mesas en Navidad"},"content":{"rendered":"<p class=\"single-abstract\">\n<p>\t\t\t\t\t\t\t\t\t\t\t\t\t\t\t\t\tEn el puerto de La Spezia se incautaron unas 20 toneladas de conservas de at\u00fan. La carga, destinada a las mesas italianas para Navidad, no cumpl\u00eda las normas de trazabilidad \t\t\t\t\t\t\t\t\t\t\t\t\t\t\t<\/p>\n<div class=\"daily-video\" style=\"display: none;\"><\/div>\n<div class=\"wrapper-player\" style=\"display: none; margin-bottom: 15px;\">\n<div id=\"daily-player\" style=\"position: relative; max-width: 100%;\" class=\"video-content\"><\/div>\n<\/p><\/div>\n<div class=\"image-wrapper featured-image no-lazy\" id=\"featured-image\"><\/div>\n<p>El puerto de La Spezia fue protagonista de una importante operaci\u00f3n de incautaci\u00f3n que implic\u00f3 aproximadamente <strong>20 toneladas de at\u00fan aleta amarilla en conserva<\/strong>destinado al mercado italiano. El cargamento, con un valor comercial de aproximadamente 250.000 euros, hab\u00eda llegado al puerto de Liguria en un barco mercante procedente de Senegal.<\/p>\n<p>La incautaci\u00f3n, realizada conjuntamente por la Autoridad Portuaria de La Spezia y la Agencia de Aduanas y Monopolios, era necesaria porque la carga presentaba graves problemas de trazabilidad y de cumplimiento de la normativa europea sobre el comercio de productos pesqueros.<\/p>\n<p>En la pr\u00e1ctica, las conservas de at\u00fan no cumpl\u00edan los requisitos necesarios para entrar en Italia. Pero comprendamos mejor qu\u00e9 problemas presentaba.<\/p>\n<aside style=\"margin: 8px auto; text-align: center; display: block; clear: both;\">\n<div id=\"gpt-passback\">\n<\/div>\n<\/aside>\n<h2>Las irregularidades encontradas<\/h2>\n<p>La operaci\u00f3n de control se inici\u00f3 gracias a un informe de los organismos competentes, que ya llevaban tiempo siguiendo la llegada de productos pesqueros a Italia y Europa, en particular con vistas a las vacaciones de Navidad, per\u00edodo en el que el consumo de at\u00fan y otros productos similares aumenta significativamente.<\/p>\n<p>Utilizando sofisticadas herramientas inform\u00e1ticas de seguimiento, las autoridades identificaron la carga sospechosa en el puerto de La Spezia. El contenedor, embarcado en un buque mercante, conten\u00eda aproximadamente 20 toneladas de conservas de at\u00fan rabil, pero durante los controles surgieron varias irregularidades en cuanto a documentaci\u00f3n que provocaron la inmediata incautaci\u00f3n del producto.<\/p>\n<p>Uno de los principales problemas fue la <strong>falta de trazabilidad del at\u00fan<\/strong>. La legislaci\u00f3n europea sobre importaci\u00f3n de productos pesqueros exige que cada carga vaya acompa\u00f1ada de documentos de seguimiento que certifiquen el origen legal del producto. Esto incluye certificados de captura, que garantizan que el pescado no proviene de actividades pesqueras ilegales. La ausencia de estos documentos imposibilit\u00f3 a los importadores obtener la autorizaci\u00f3n necesaria para que la carga ingresara al mercado europeo.<\/p>\n<p>De hecho, la falta de dichas certificaciones hace que la carga sea sospechosa, ya que podr\u00eda provenir de pr\u00e1cticas de pesca y producci\u00f3n no reguladas, lo que implica un riesgo para la sostenibilidad ambiental pero tambi\u00e9n para la salud p\u00fablica.<\/p>\n<p><iframe class=\"lazy lazy-hidden\" style=\"border: none; overflow: hidden;\" data-lazy-type=\"iframe\" data-src=\"https:\/\/www.facebook.com\/plugins\/post.php?href=https%3A%2F%2Fwww.facebook.com%2FMasafsocial%2Fposts%2Fpfbid02fVqRE6Z8kGCCNSehth1AVYY9RXy6EEfTNme8HB4K4T8STdTHGdq4ciAszRtZpgHul&amp;show_text=true&amp;width=500\" width=\"500\" height=\"756\" frameborder=\"0\" scrolling=\"no\" allowfullscreen=\"allowfullscreen\"><\/iframe><\/p>\n<p><noscript><iframe loading=\"lazy\" style=\"border: none; overflow: hidden;\" src=\"https:\/\/www.facebook.com\/plugins\/post.php?href=https%3A%2F%2Fwww.facebook.com%2FMasafsocial%2Fposts%2Fpfbid02fVqRE6Z8kGCCNSehth1AVYY9RXy6EEfTNme8HB4K4T8STdTHGdq4ciAszRtZpgHul&amp;show_text=true&amp;width=500\" width=\"500\" height=\"756\" frameborder=\"0\" scrolling=\"no\" allowfullscreen=\"allowfullscreen\"><\/iframe><\/noscript><\/p>\n<p>El at\u00fan aleta amarilla es una especie valiosa y ampliamente consumida, pero su pesca debe realizarse cumpliendo con rigurosas regulaciones internacionales. Las pr\u00e1cticas de pesca ilegal, como las que pueden estar detr\u00e1s de este lance, contribuyen a la sobreexplotaci\u00f3n de los recursos marinos y amenazan el equilibrio de los ecosistemas marinos.<\/p>\n<p>Por lo tanto, las investigaciones fueron fundamentales para garantizar que esta carga fuera interceptada r\u00e1pidamente, evitando que productos no conformes ingresaran a los mercados italiano y europeo.<\/p>\n<\/p>\n<aside style=\"margin: 8px auto; display: flex; justify-content: center; min-height: 251px;\">\n<div id=\"div-gpt-ad-MPU_Bottom_1\" style=\"min-width: 300px; min-height: 252px;\">\n<\/div>\n<\/aside>\n","protected":false},"excerpt":{"rendered":"<p>En el puerto de La Spezia se incautaron unas 20 toneladas de conservas de at\u00fan. La carga, destinada a las mesas italianas para Navidad, no<\/p>\n","protected":false},"author":1,"featured_media":1804,"comment_status":"closed","ping_status":"","sticky":false,"template":"","format":"standard","meta":{"footnotes":""},"categories":[762],"tags":[2630,2309,2628,2626,2629,2625,137,1410,2631,2323,2285,2627],"class_list":["post-1803","post","type-post","status-publish","format-standard","has-post-thumbnail","hentry","category-salud","tag-acabado","tag-atun","tag-bloqueadas","tag-conservas","tag-habrian","tag-incautacion","tag-mas","tag-maxi","tag-mesas","tag-navidad","tag-nuestras","tag-toneladas","generate-columns","tablet-grid-50","mobile-grid-100","grid-parent","grid-50"],"yoast_head":"<!-- This site is optimized with the Yoast SEO plugin v23.4 - https:\/\/yoast.com\/wordpress\/plugins\/seo\/ -->\n<title>Maxi incautaci\u00f3n de conservas de at\u00fan: m\u00e1s de 20 toneladas bloqueadas que habr\u00edan acabado en nuestras mesas en Navidad - Consejos - Santa Catarina<\/title>\n<meta name=\"robots\" content=\"index, follow, max-snippet:-1, max-image-preview:large, max-video-preview:-1\" \/>\n<link rel=\"canonical\" href=\"https:\/\/stacatarina.mx\/consejos\/maxi-incautacion-de-conservas-de-atun-mas-de-20-toneladas-bloqueadas-que-habrian-acabado-en-nuestras-mesas-en-navidad\/\" \/>\n<meta property=\"og:locale\" content=\"es_MX\" \/>\n<meta property=\"og:type\" content=\"article\" \/>\n<meta property=\"og:title\" content=\"Maxi incautaci\u00f3n de conservas de at\u00fan: m\u00e1s de 20 toneladas bloqueadas que habr\u00edan acabado en nuestras mesas en Navidad - Consejos - Santa Catarina\" \/>\n<meta property=\"og:description\" content=\"En el puerto de La Spezia se incautaron unas 20 toneladas de conservas de at\u00fan. La carga, destinada a las mesas italianas para Navidad, no\" \/>\n<meta property=\"og:url\" content=\"https:\/\/stacatarina.mx\/consejos\/maxi-incautacion-de-conservas-de-atun-mas-de-20-toneladas-bloqueadas-que-habrian-acabado-en-nuestras-mesas-en-navidad\/\" \/>\n<meta property=\"og:site_name\" content=\"Santa Catarina\" \/>\n<meta property=\"article:publisher\" content=\"https:\/\/www.facebook.com\/stacatarinagob\/\" \/>\n<meta property=\"article:published_time\" content=\"2024-12-06T15:23:53+00:00\" \/>\n<meta property=\"article:modified_time\" content=\"2024-12-06T15:23:54+00:00\" \/>\n<meta property=\"og:image\" content=\"https:\/\/stacatarina.mx\/consejos\/wp-content\/uploads\/2024\/12\/Maxi-incautacion-de-conservas-de-atun-mas-de-20-toneladas.jpg\" \/>\n\t<meta property=\"og:image:width\" content=\"1500\" \/>\n\t<meta property=\"og:image:height\" content=\"1000\" \/>\n\t<meta property=\"og:image:type\" content=\"image\/jpeg\" \/>\n<meta name=\"author\" content=\"Pedro Mart\u00ednez\" \/>\n<meta name=\"twitter:card\" content=\"summary_large_image\" \/>\n<meta name=\"twitter:creator\" content=\"@stacatarinagob\" \/>\n<meta name=\"twitter:site\" content=\"@stacatarinagob\" \/>\n<meta name=\"twitter:label1\" content=\"Escrito por\" \/>\n\t<meta name=\"twitter:data1\" content=\"Pedro Mart\u00ednez\" \/>\n\t<meta name=\"twitter:label2\" content=\"Tiempo de lectura\" \/>\n\t<meta name=\"twitter:data2\" content=\"2 minutos\" \/>\n<script type=\"application\/ld+json\" class=\"yoast-schema-graph\">{\"@context\":\"https:\/\/schema.org\",\"@graph\":[{\"@type\":\"Article\",\"@id\":\"https:\/\/stacatarina.mx\/consejos\/maxi-incautacion-de-conservas-de-atun-mas-de-20-toneladas-bloqueadas-que-habrian-acabado-en-nuestras-mesas-en-navidad\/#article\",\"isPartOf\":{\"@id\":\"https:\/\/stacatarina.mx\/consejos\/maxi-incautacion-de-conservas-de-atun-mas-de-20-toneladas-bloqueadas-que-habrian-acabado-en-nuestras-mesas-en-navidad\/\"},\"author\":{\"name\":\"Pedro Mart\u00ednez\",\"@id\":\"https:\/\/stacatarina.mx\/consejos\/#\/schema\/person\/0be60adffa8e4c4d0828fdf021450e8a\"},\"headline\":\"Maxi incautaci\u00f3n de conservas de at\u00fan: m\u00e1s de 20 toneladas bloqueadas que habr\u00edan acabado en nuestras mesas en Navidad\",\"datePublished\":\"2024-12-06T15:23:53+00:00\",\"dateModified\":\"2024-12-06T15:23:54+00:00\",\"mainEntityOfPage\":{\"@id\":\"https:\/\/stacatarina.mx\/consejos\/maxi-incautacion-de-conservas-de-atun-mas-de-20-toneladas-bloqueadas-que-habrian-acabado-en-nuestras-mesas-en-navidad\/\"},\"wordCount\":492,\"publisher\":{\"@id\":\"https:\/\/stacatarina.mx\/consejos\/#organization\"},\"image\":{\"@id\":\"https:\/\/stacatarina.mx\/consejos\/maxi-incautacion-de-conservas-de-atun-mas-de-20-toneladas-bloqueadas-que-habrian-acabado-en-nuestras-mesas-en-navidad\/#primaryimage\"},\"thumbnailUrl\":\"https:\/\/stacatarina.mx\/consejos\/wp-content\/uploads\/2024\/12\/Maxi-incautacion-de-conservas-de-atun-mas-de-20-toneladas.jpg\",\"keywords\":[\"acabado\",\"At\u00fan\",\"bloqueadas\",\"conservas\",\"habr\u00edan\",\"incautaci\u00f3n\",\"m\u00e1s\",\"Maxi\",\"mesas\",\"Navidad\",\"nuestras\",\"toneladas\"],\"articleSection\":[\"Salud\"],\"inLanguage\":\"es\"},{\"@type\":\"WebPage\",\"@id\":\"https:\/\/stacatarina.mx\/consejos\/maxi-incautacion-de-conservas-de-atun-mas-de-20-toneladas-bloqueadas-que-habrian-acabado-en-nuestras-mesas-en-navidad\/\",\"url\":\"https:\/\/stacatarina.mx\/consejos\/maxi-incautacion-de-conservas-de-atun-mas-de-20-toneladas-bloqueadas-que-habrian-acabado-en-nuestras-mesas-en-navidad\/\",\"name\":\"Maxi incautaci\u00f3n de conservas de at\u00fan: m\u00e1s de 20 toneladas bloqueadas que habr\u00edan acabado en nuestras mesas en Navidad - Consejos - Santa Catarina\",\"isPartOf\":{\"@id\":\"https:\/\/stacatarina.mx\/consejos\/#website\"},\"primaryImageOfPage\":{\"@id\":\"https:\/\/stacatarina.mx\/consejos\/maxi-incautacion-de-conservas-de-atun-mas-de-20-toneladas-bloqueadas-que-habrian-acabado-en-nuestras-mesas-en-navidad\/#primaryimage\"},\"image\":{\"@id\":\"https:\/\/stacatarina.mx\/consejos\/maxi-incautacion-de-conservas-de-atun-mas-de-20-toneladas-bloqueadas-que-habrian-acabado-en-nuestras-mesas-en-navidad\/#primaryimage\"},\"thumbnailUrl\":\"https:\/\/stacatarina.mx\/consejos\/wp-content\/uploads\/2024\/12\/Maxi-incautacion-de-conservas-de-atun-mas-de-20-toneladas.jpg\",\"datePublished\":\"2024-12-06T15:23:53+00:00\",\"dateModified\":\"2024-12-06T15:23:54+00:00\",\"breadcrumb\":{\"@id\":\"https:\/\/stacatarina.mx\/consejos\/maxi-incautacion-de-conservas-de-atun-mas-de-20-toneladas-bloqueadas-que-habrian-acabado-en-nuestras-mesas-en-navidad\/#breadcrumb\"},\"inLanguage\":\"es\",\"potentialAction\":[{\"@type\":\"ReadAction\",\"target\":[\"https:\/\/stacatarina.mx\/consejos\/maxi-incautacion-de-conservas-de-atun-mas-de-20-toneladas-bloqueadas-que-habrian-acabado-en-nuestras-mesas-en-navidad\/\"]}]},{\"@type\":\"ImageObject\",\"inLanguage\":\"es\",\"@id\":\"https:\/\/stacatarina.mx\/consejos\/maxi-incautacion-de-conservas-de-atun-mas-de-20-toneladas-bloqueadas-que-habrian-acabado-en-nuestras-mesas-en-navidad\/#primaryimage\",\"url\":\"https:\/\/stacatarina.mx\/consejos\/wp-content\/uploads\/2024\/12\/Maxi-incautacion-de-conservas-de-atun-mas-de-20-toneladas.jpg\",\"contentUrl\":\"https:\/\/stacatarina.mx\/consejos\/wp-content\/uploads\/2024\/12\/Maxi-incautacion-de-conservas-de-atun-mas-de-20-toneladas.jpg\",\"width\":1500,\"height\":1000,\"caption\":\"tonno in scatola sequestro\"},{\"@type\":\"BreadcrumbList\",\"@id\":\"https:\/\/stacatarina.mx\/consejos\/maxi-incautacion-de-conservas-de-atun-mas-de-20-toneladas-bloqueadas-que-habrian-acabado-en-nuestras-mesas-en-navidad\/#breadcrumb\",\"itemListElement\":[{\"@type\":\"ListItem\",\"position\":1,\"name\":\"Inicio\",\"item\":\"https:\/\/stacatarina.mx\/consejos\/\"},{\"@type\":\"ListItem\",\"position\":2,\"name\":\"Maxi incautaci\u00f3n de conservas de at\u00fan: m\u00e1s de 20 toneladas bloqueadas que habr\u00edan acabado en nuestras mesas en Navidad\"}]},{\"@type\":\"WebSite\",\"@id\":\"https:\/\/stacatarina.mx\/consejos\/#website\",\"url\":\"https:\/\/stacatarina.mx\/consejos\/\",\"name\":\"Santa Catarina\",\"description\":\"\",\"publisher\":{\"@id\":\"https:\/\/stacatarina.mx\/consejos\/#organization\"},\"potentialAction\":[{\"@type\":\"SearchAction\",\"target\":{\"@type\":\"EntryPoint\",\"urlTemplate\":\"https:\/\/stacatarina.mx\/consejos\/?s={search_term_string}\"},\"query-input\":{\"@type\":\"PropertyValueSpecification\",\"valueRequired\":true,\"valueName\":\"search_term_string\"}}],\"inLanguage\":\"es\"},{\"@type\":\"Organization\",\"@id\":\"https:\/\/stacatarina.mx\/consejos\/#organization\",\"name\":\"Santa Catarina\",\"url\":\"https:\/\/stacatarina.mx\/consejos\/\",\"logo\":{\"@type\":\"ImageObject\",\"inLanguage\":\"es\",\"@id\":\"https:\/\/stacatarina.mx\/consejos\/#\/schema\/logo\/image\/\",\"url\":\"https:\/\/stacatarina.mx\/consejos\/wp-content\/uploads\/2024\/09\/cropped-favicon-1-1.png\",\"contentUrl\":\"https:\/\/stacatarina.mx\/consejos\/wp-content\/uploads\/2024\/09\/cropped-favicon-1-1.png\",\"width\":512,\"height\":512,\"caption\":\"Santa Catarina\"},\"image\":{\"@id\":\"https:\/\/stacatarina.mx\/consejos\/#\/schema\/logo\/image\/\"},\"sameAs\":[\"https:\/\/www.facebook.com\/stacatarinagob\/\",\"https:\/\/x.com\/stacatarinagob\",\"https:\/\/www.instagram.com\/stacatarinagob\/\",\"https:\/\/www.youtube.com\/channel\/UCK-6cQJL_904665N1_nLTWw\"]},{\"@type\":\"Person\",\"@id\":\"https:\/\/stacatarina.mx\/consejos\/#\/schema\/person\/0be60adffa8e4c4d0828fdf021450e8a\",\"name\":\"Pedro Mart\u00ednez\",\"image\":{\"@type\":\"ImageObject\",\"inLanguage\":\"es\",\"@id\":\"https:\/\/stacatarina.mx\/consejos\/#\/schema\/person\/image\/\",\"url\":\"https:\/\/stacatarina.mx\/consejos\/wp-content\/uploads\/2024\/09\/stacatarina.jpg\",\"contentUrl\":\"https:\/\/stacatarina.mx\/consejos\/wp-content\/uploads\/2024\/09\/stacatarina.jpg\",\"caption\":\"Pedro Mart\u00ednez\"},\"description\":\"Hola, soy Pedro Mart\u00ednez, redactor jefe del sitio oficial del ayuntamiento de Santa Catarina, en M\u00e9xico. Con m\u00e1s de diez a\u00f1os de experiencia en el periodismo local, tengo una pasi\u00f3n por la investigaci\u00f3n y la difusi\u00f3n de informaci\u00f3n que valoriza nuestra hermosa comunidad. Mi compromiso es hacer de Santa Catarina una referencia en materia de transparencia y comunicaci\u00f3n municipal.\",\"sameAs\":[\"https:\/\/stacatarina.mx\/\"]}]}<\/script>\n<!-- \/ Yoast SEO plugin. -->","yoast_head_json":{"title":"Maxi incautaci\u00f3n de conservas de at\u00fan: m\u00e1s de 20 toneladas bloqueadas que habr\u00edan acabado en nuestras mesas en Navidad - Consejos - Santa Catarina","robots":{"index":"index","follow":"follow","max-snippet":"max-snippet:-1","max-image-preview":"max-image-preview:large","max-video-preview":"max-video-preview:-1"},"canonical":"https:\/\/stacatarina.mx\/consejos\/maxi-incautacion-de-conservas-de-atun-mas-de-20-toneladas-bloqueadas-que-habrian-acabado-en-nuestras-mesas-en-navidad\/","og_locale":"es_MX","og_type":"article","og_title":"Maxi incautaci\u00f3n de conservas de at\u00fan: m\u00e1s de 20 toneladas bloqueadas que habr\u00edan acabado en nuestras mesas en Navidad - Consejos - Santa Catarina","og_description":"En el puerto de La Spezia se incautaron unas 20 toneladas de conservas de at\u00fan. La carga, destinada a las mesas italianas para Navidad, no","og_url":"https:\/\/stacatarina.mx\/consejos\/maxi-incautacion-de-conservas-de-atun-mas-de-20-toneladas-bloqueadas-que-habrian-acabado-en-nuestras-mesas-en-navidad\/","og_site_name":"Santa Catarina","article_publisher":"https:\/\/www.facebook.com\/stacatarinagob\/","article_published_time":"2024-12-06T15:23:53+00:00","article_modified_time":"2024-12-06T15:23:54+00:00","og_image":[{"width":1500,"height":1000,"url":"https:\/\/stacatarina.mx\/consejos\/wp-content\/uploads\/2024\/12\/Maxi-incautacion-de-conservas-de-atun-mas-de-20-toneladas.jpg","type":"image\/jpeg"}],"author":"Pedro Mart\u00ednez","twitter_card":"summary_large_image","twitter_creator":"@stacatarinagob","twitter_site":"@stacatarinagob","twitter_misc":{"Escrito por":"Pedro Mart\u00ednez","Tiempo de lectura":"2 minutos"},"schema":{"@context":"https:\/\/schema.org","@graph":[{"@type":"Article","@id":"https:\/\/stacatarina.mx\/consejos\/maxi-incautacion-de-conservas-de-atun-mas-de-20-toneladas-bloqueadas-que-habrian-acabado-en-nuestras-mesas-en-navidad\/#article","isPartOf":{"@id":"https:\/\/stacatarina.mx\/consejos\/maxi-incautacion-de-conservas-de-atun-mas-de-20-toneladas-bloqueadas-que-habrian-acabado-en-nuestras-mesas-en-navidad\/"},"author":{"name":"Pedro Mart\u00ednez","@id":"https:\/\/stacatarina.mx\/consejos\/#\/schema\/person\/0be60adffa8e4c4d0828fdf021450e8a"},"headline":"Maxi incautaci\u00f3n de conservas de at\u00fan: m\u00e1s de 20 toneladas bloqueadas que habr\u00edan acabado en nuestras mesas en Navidad","datePublished":"2024-12-06T15:23:53+00:00","dateModified":"2024-12-06T15:23:54+00:00","mainEntityOfPage":{"@id":"https:\/\/stacatarina.mx\/consejos\/maxi-incautacion-de-conservas-de-atun-mas-de-20-toneladas-bloqueadas-que-habrian-acabado-en-nuestras-mesas-en-navidad\/"},"wordCount":492,"publisher":{"@id":"https:\/\/stacatarina.mx\/consejos\/#organization"},"image":{"@id":"https:\/\/stacatarina.mx\/consejos\/maxi-incautacion-de-conservas-de-atun-mas-de-20-toneladas-bloqueadas-que-habrian-acabado-en-nuestras-mesas-en-navidad\/#primaryimage"},"thumbnailUrl":"https:\/\/stacatarina.mx\/consejos\/wp-content\/uploads\/2024\/12\/Maxi-incautacion-de-conservas-de-atun-mas-de-20-toneladas.jpg","keywords":["acabado","At\u00fan","bloqueadas","conservas","habr\u00edan","incautaci\u00f3n","m\u00e1s","Maxi","mesas","Navidad","nuestras","toneladas"],"articleSection":["Salud"],"inLanguage":"es"},{"@type":"WebPage","@id":"https:\/\/stacatarina.mx\/consejos\/maxi-incautacion-de-conservas-de-atun-mas-de-20-toneladas-bloqueadas-que-habrian-acabado-en-nuestras-mesas-en-navidad\/","url":"https:\/\/stacatarina.mx\/consejos\/maxi-incautacion-de-conservas-de-atun-mas-de-20-toneladas-bloqueadas-que-habrian-acabado-en-nuestras-mesas-en-navidad\/","name":"Maxi incautaci\u00f3n de conservas de at\u00fan: m\u00e1s de 20 toneladas bloqueadas que habr\u00edan acabado en nuestras mesas en Navidad - Consejos - Santa Catarina","isPartOf":{"@id":"https:\/\/stacatarina.mx\/consejos\/#website"},"primaryImageOfPage":{"@id":"https:\/\/stacatarina.mx\/consejos\/maxi-incautacion-de-conservas-de-atun-mas-de-20-toneladas-bloqueadas-que-habrian-acabado-en-nuestras-mesas-en-navidad\/#primaryimage"},"image":{"@id":"https:\/\/stacatarina.mx\/consejos\/maxi-incautacion-de-conservas-de-atun-mas-de-20-toneladas-bloqueadas-que-habrian-acabado-en-nuestras-mesas-en-navidad\/#primaryimage"},"thumbnailUrl":"https:\/\/stacatarina.mx\/consejos\/wp-content\/uploads\/2024\/12\/Maxi-incautacion-de-conservas-de-atun-mas-de-20-toneladas.jpg","datePublished":"2024-12-06T15:23:53+00:00","dateModified":"2024-12-06T15:23:54+00:00","breadcrumb":{"@id":"https:\/\/stacatarina.mx\/consejos\/maxi-incautacion-de-conservas-de-atun-mas-de-20-toneladas-bloqueadas-que-habrian-acabado-en-nuestras-mesas-en-navidad\/#breadcrumb"},"inLanguage":"es","potentialAction":[{"@type":"ReadAction","target":["https:\/\/stacatarina.mx\/consejos\/maxi-incautacion-de-conservas-de-atun-mas-de-20-toneladas-bloqueadas-que-habrian-acabado-en-nuestras-mesas-en-navidad\/"]}]},{"@type":"ImageObject","inLanguage":"es","@id":"https:\/\/stacatarina.mx\/consejos\/maxi-incautacion-de-conservas-de-atun-mas-de-20-toneladas-bloqueadas-que-habrian-acabado-en-nuestras-mesas-en-navidad\/#primaryimage","url":"https:\/\/stacatarina.mx\/consejos\/wp-content\/uploads\/2024\/12\/Maxi-incautacion-de-conservas-de-atun-mas-de-20-toneladas.jpg","contentUrl":"https:\/\/stacatarina.mx\/consejos\/wp-content\/uploads\/2024\/12\/Maxi-incautacion-de-conservas-de-atun-mas-de-20-toneladas.jpg","width":1500,"height":1000,"caption":"tonno in scatola sequestro"},{"@type":"BreadcrumbList","@id":"https:\/\/stacatarina.mx\/consejos\/maxi-incautacion-de-conservas-de-atun-mas-de-20-toneladas-bloqueadas-que-habrian-acabado-en-nuestras-mesas-en-navidad\/#breadcrumb","itemListElement":[{"@type":"ListItem","position":1,"name":"Inicio","item":"https:\/\/stacatarina.mx\/consejos\/"},{"@type":"ListItem","position":2,"name":"Maxi incautaci\u00f3n de conservas de at\u00fan: m\u00e1s de 20 toneladas bloqueadas que habr\u00edan acabado en nuestras mesas en Navidad"}]},{"@type":"WebSite","@id":"https:\/\/stacatarina.mx\/consejos\/#website","url":"https:\/\/stacatarina.mx\/consejos\/","name":"Santa Catarina","description":"","publisher":{"@id":"https:\/\/stacatarina.mx\/consejos\/#organization"},"potentialAction":[{"@type":"SearchAction","target":{"@type":"EntryPoint","urlTemplate":"https:\/\/stacatarina.mx\/consejos\/?s={search_term_string}"},"query-input":{"@type":"PropertyValueSpecification","valueRequired":true,"valueName":"search_term_string"}}],"inLanguage":"es"},{"@type":"Organization","@id":"https:\/\/stacatarina.mx\/consejos\/#organization","name":"Santa Catarina","url":"https:\/\/stacatarina.mx\/consejos\/","logo":{"@type":"ImageObject","inLanguage":"es","@id":"https:\/\/stacatarina.mx\/consejos\/#\/schema\/logo\/image\/","url":"https:\/\/stacatarina.mx\/consejos\/wp-content\/uploads\/2024\/09\/cropped-favicon-1-1.png","contentUrl":"https:\/\/stacatarina.mx\/consejos\/wp-content\/uploads\/2024\/09\/cropped-favicon-1-1.png","width":512,"height":512,"caption":"Santa Catarina"},"image":{"@id":"https:\/\/stacatarina.mx\/consejos\/#\/schema\/logo\/image\/"},"sameAs":["https:\/\/www.facebook.com\/stacatarinagob\/","https:\/\/x.com\/stacatarinagob","https:\/\/www.instagram.com\/stacatarinagob\/","https:\/\/www.youtube.com\/channel\/UCK-6cQJL_904665N1_nLTWw"]},{"@type":"Person","@id":"https:\/\/stacatarina.mx\/consejos\/#\/schema\/person\/0be60adffa8e4c4d0828fdf021450e8a","name":"Pedro Mart\u00ednez","image":{"@type":"ImageObject","inLanguage":"es","@id":"https:\/\/stacatarina.mx\/consejos\/#\/schema\/person\/image\/","url":"https:\/\/stacatarina.mx\/consejos\/wp-content\/uploads\/2024\/09\/stacatarina.jpg","contentUrl":"https:\/\/stacatarina.mx\/consejos\/wp-content\/uploads\/2024\/09\/stacatarina.jpg","caption":"Pedro Mart\u00ednez"},"description":"Hola, soy Pedro Mart\u00ednez, redactor jefe del sitio oficial del ayuntamiento de Santa Catarina, en M\u00e9xico. Con m\u00e1s de diez a\u00f1os de experiencia en el periodismo local, tengo una pasi\u00f3n por la investigaci\u00f3n y la difusi\u00f3n de informaci\u00f3n que valoriza nuestra hermosa comunidad. Mi compromiso es hacer de Santa Catarina una referencia en materia de transparencia y comunicaci\u00f3n municipal.","sameAs":["https:\/\/stacatarina.mx\/"]}]}},"_links":{"self":[{"href":"https:\/\/stacatarina.mx\/consejos\/wp-json\/wp\/v2\/posts\/1803"}],"collection":[{"href":"https:\/\/stacatarina.mx\/consejos\/wp-json\/wp\/v2\/posts"}],"about":[{"href":"https:\/\/stacatarina.mx\/consejos\/wp-json\/wp\/v2\/types\/post"}],"author":[{"embeddable":true,"href":"https:\/\/stacatarina.mx\/consejos\/wp-json\/wp\/v2\/users\/1"}],"replies":[{"embeddable":true,"href":"https:\/\/stacatarina.mx\/consejos\/wp-json\/wp\/v2\/comments?post=1803"}],"version-history":[{"count":1,"href":"https:\/\/stacatarina.mx\/consejos\/wp-json\/wp\/v2\/posts\/1803\/revisions"}],"predecessor-version":[{"id":1805,"href":"https:\/\/stacatarina.mx\/consejos\/wp-json\/wp\/v2\/posts\/1803\/revisions\/1805"}],"wp:featuredmedia":[{"embeddable":true,"href":"https:\/\/stacatarina.mx\/consejos\/wp-json\/wp\/v2\/media\/1804"}],"wp:attachment":[{"href":"https:\/\/stacatarina.mx\/consejos\/wp-json\/wp\/v2\/media?parent=1803"}],"wp:term":[{"taxonomy":"category","embeddable":true,"href":"https:\/\/stacatarina.mx\/consejos\/wp-json\/wp\/v2\/categories?post=1803"},{"taxonomy":"post_tag","embeddable":true,"href":"https:\/\/stacatarina.mx\/consejos\/wp-json\/wp\/v2\/tags?post=1803"}],"curies":[{"name":"wp","href":"https:\/\/api.w.org\/{rel}","templated":true}]}}