{"id":1833,"date":"2024-12-09T12:24:05","date_gmt":"2024-12-09T18:24:05","guid":{"rendered":"https:\/\/stacatarina.mx\/consejos\/retiran-del-mercado-el-suplemento-proteico-vendido-por-decathlon-puede-contener-cuerpos-metalicos\/"},"modified":"2024-12-09T12:24:06","modified_gmt":"2024-12-09T18:24:06","slug":"retiran-del-mercado-el-suplemento-proteico-vendido-por-decathlon-puede-contener-cuerpos-metalicos","status":"publish","type":"post","link":"https:\/\/stacatarina.mx\/consejos\/retiran-del-mercado-el-suplemento-proteico-vendido-por-decathlon-puede-contener-cuerpos-metalicos\/","title":{"rendered":"Retiran del mercado el suplemento proteico vendido por Decathlon: puede contener cuerpos met\u00e1licos"},"content":{"rendered":"<p class=\"single-abstract\">\n<p>\t\t\t\t\t\t\t\t\t\t\t\t\t\t\t\t\tDecathlon ha iniciado la retirada del mercado de un lote del suplemento Whey Protein Chocolate de 30 g debido a la posible presencia de cuerpos met\u00e1licos extra\u00f1os. Se anima a los consumidores a devolverlo para obtener un reembolso o un reemplazo.\t\t\t\t\t\t\t\t\t\t\t\t\t\t\t<\/p>\n<div class=\"daily-video\" style=\"display: none;\"><\/div>\n<div class=\"wrapper-player\" style=\"display: none; margin-bottom: 15px;\">\n<div id=\"daily-player\" style=\"position: relative; max-width: 100%;\" class=\"video-content\"><\/div>\n<\/p><\/div>\n<div class=\"image-wrapper featured-image no-lazy\" id=\"featured-image\"><\/div>\n<p>El Ministerio de Sanidad ha anunciado la retirada de un producto vendido en las tiendas Decathlon. Este es un lote del suplemento diet\u00e9tico. <strong>Chocolate con prote\u00edna de suero<\/strong>. El motivo de la retirada se refiere a la posible presencia de cuerpos met\u00e1licos extra\u00f1os en el producto, un riesgo que podr\u00eda causar da\u00f1os f\u00edsicos a los consumidores.<\/p>\n<h2>Detalles sobre el producto afectado<\/h2>\n<p>El complemento alimenticio objeto de la retirada es el <strong>Prote\u00edna de Suero Chocolate 30 g <\/strong>que contiene las siguientes especificaciones:<\/p>\n<p>Este producto, que pertenece a la l\u00ednea de prote\u00ednas de la marca Decathlon, se vendi\u00f3 del 7 al 14 de noviembre de 2024.<\/p>\n<aside style=\"margin: 8px auto; text-align: center; display: block; clear: both;\">\n<div id=\"gpt-passback\">\n<\/div>\n<\/aside>\n<p>Decathlon ha emitido un aviso muy claro, en el que destaca la informaci\u00f3n necesaria para identificar f\u00e1cilmente el producto y el lote afectado. Si bien el aviso no incluye el fabricante ni las instalaciones de fabricaci\u00f3n, s\u00ed proporciona orientaci\u00f3n detallada sobre c\u00f3mo ubicar el n\u00famero de lote en el paquete.<\/p>\n<p>La alerta tambi\u00e9n se mostrar\u00e1 en todas las tiendas hasta el 18 de mayo de 2025.<\/p>\n<h2>Qu\u00e9 hacer si eres propietario del producto retirado del mercado<\/h2>\n<p>Se invita a los clientes que hayan comprado el producto a comprobar inmediatamente el n\u00famero de lote especificado en el embalaje y, si coincide con el indicado, deber\u00e1n devolverlo lo antes posible a cualquier tienda Decathlon para obtener un reembolso completo o un reemplazo por otro lote no afectado en el mismo. recordar.<\/p>\n<p>Adem\u00e1s, para quienes necesiten m\u00e1s informaci\u00f3n, la empresa ha puesto a disposici\u00f3n un servicio de atenci\u00f3n al cliente al que pueden contactar v\u00eda WhatsApp (+39 3399958787) o llamando al +39 0399007550.<\/p><\/p>\n","protected":false},"excerpt":{"rendered":"<p>Decathlon ha iniciado la retirada del mercado de un lote del suplemento Whey Protein Chocolate de 30 g debido a la posible presencia de cuerpos<\/p>\n","protected":false},"author":1,"featured_media":1834,"comment_status":"closed","ping_status":"","sticky":false,"template":"","format":"standard","meta":{"footnotes":""},"categories":[762],"tags":[1414,2677,2676,23,1027,2678,112,2674,406,1562,854,2675],"class_list":["post-1833","post","type-post","status-publish","format-standard","has-post-thumbnail","hentry","category-salud","tag-contener","tag-cuerpos","tag-decathlon","tag-del","tag-mercado","tag-metalicos","tag-por","tag-proteico","tag-puede","tag-retiran","tag-suplemento","tag-vendido","generate-columns","tablet-grid-50","mobile-grid-100","grid-parent","grid-50"],"yoast_head":"<!-- This site is optimized with the Yoast SEO plugin v23.4 - https:\/\/yoast.com\/wordpress\/plugins\/seo\/ -->\n<title>Retiran del mercado el suplemento proteico vendido por Decathlon: puede contener cuerpos met\u00e1licos - Consejos - Santa Catarina<\/title>\n<meta name=\"robots\" content=\"index, follow, max-snippet:-1, max-image-preview:large, max-video-preview:-1\" \/>\n<link rel=\"canonical\" href=\"https:\/\/stacatarina.mx\/consejos\/retiran-del-mercado-el-suplemento-proteico-vendido-por-decathlon-puede-contener-cuerpos-metalicos\/\" \/>\n<meta property=\"og:locale\" content=\"es_MX\" \/>\n<meta property=\"og:type\" content=\"article\" \/>\n<meta property=\"og:title\" content=\"Retiran del mercado el suplemento proteico vendido por Decathlon: puede contener cuerpos met\u00e1licos - Consejos - Santa Catarina\" \/>\n<meta property=\"og:description\" content=\"Decathlon ha iniciado la retirada del mercado de un lote del suplemento Whey Protein Chocolate de 30 g debido a la posible presencia de cuerpos\" \/>\n<meta property=\"og:url\" content=\"https:\/\/stacatarina.mx\/consejos\/retiran-del-mercado-el-suplemento-proteico-vendido-por-decathlon-puede-contener-cuerpos-metalicos\/\" \/>\n<meta property=\"og:site_name\" content=\"Santa Catarina\" \/>\n<meta property=\"article:publisher\" content=\"https:\/\/www.facebook.com\/stacatarinagob\/\" \/>\n<meta property=\"article:published_time\" content=\"2024-12-09T18:24:05+00:00\" \/>\n<meta property=\"article:modified_time\" content=\"2024-12-09T18:24:06+00:00\" \/>\n<meta property=\"og:image\" content=\"https:\/\/stacatarina.mx\/consejos\/wp-content\/uploads\/2024\/12\/Retiran-del-mercado-el-suplemento-proteico-vendido-por-Decathlon-puede.jpg\" \/>\n\t<meta property=\"og:image:width\" content=\"1500\" \/>\n\t<meta property=\"og:image:height\" content=\"1000\" \/>\n\t<meta property=\"og:image:type\" content=\"image\/jpeg\" \/>\n<meta name=\"author\" content=\"Pedro Mart\u00ednez\" \/>\n<meta name=\"twitter:card\" content=\"summary_large_image\" \/>\n<meta name=\"twitter:creator\" content=\"@stacatarinagob\" \/>\n<meta name=\"twitter:site\" content=\"@stacatarinagob\" \/>\n<meta name=\"twitter:label1\" content=\"Escrito por\" \/>\n\t<meta name=\"twitter:data1\" content=\"Pedro Mart\u00ednez\" \/>\n\t<meta name=\"twitter:label2\" content=\"Tiempo de lectura\" \/>\n\t<meta name=\"twitter:data2\" content=\"2 minutos\" \/>\n<script type=\"application\/ld+json\" class=\"yoast-schema-graph\">{\"@context\":\"https:\/\/schema.org\",\"@graph\":[{\"@type\":\"Article\",\"@id\":\"https:\/\/stacatarina.mx\/consejos\/retiran-del-mercado-el-suplemento-proteico-vendido-por-decathlon-puede-contener-cuerpos-metalicos\/#article\",\"isPartOf\":{\"@id\":\"https:\/\/stacatarina.mx\/consejos\/retiran-del-mercado-el-suplemento-proteico-vendido-por-decathlon-puede-contener-cuerpos-metalicos\/\"},\"author\":{\"name\":\"Pedro Mart\u00ednez\",\"@id\":\"https:\/\/stacatarina.mx\/consejos\/#\/schema\/person\/0be60adffa8e4c4d0828fdf021450e8a\"},\"headline\":\"Retiran del mercado el suplemento proteico vendido por Decathlon: puede contener cuerpos met\u00e1licos\",\"datePublished\":\"2024-12-09T18:24:05+00:00\",\"dateModified\":\"2024-12-09T18:24:06+00:00\",\"mainEntityOfPage\":{\"@id\":\"https:\/\/stacatarina.mx\/consejos\/retiran-del-mercado-el-suplemento-proteico-vendido-por-decathlon-puede-contener-cuerpos-metalicos\/\"},\"wordCount\":335,\"publisher\":{\"@id\":\"https:\/\/stacatarina.mx\/consejos\/#organization\"},\"image\":{\"@id\":\"https:\/\/stacatarina.mx\/consejos\/retiran-del-mercado-el-suplemento-proteico-vendido-por-decathlon-puede-contener-cuerpos-metalicos\/#primaryimage\"},\"thumbnailUrl\":\"https:\/\/stacatarina.mx\/consejos\/wp-content\/uploads\/2024\/12\/Retiran-del-mercado-el-suplemento-proteico-vendido-por-Decathlon-puede.jpg\",\"keywords\":[\"contener\",\"cuerpos\",\"Decathlon\",\"del\",\"mercado\",\"met\u00e1licos\",\"por\",\"proteico\",\"puede\",\"Retiran\",\"suplemento\",\"vendido\"],\"articleSection\":[\"Salud\"],\"inLanguage\":\"es\"},{\"@type\":\"WebPage\",\"@id\":\"https:\/\/stacatarina.mx\/consejos\/retiran-del-mercado-el-suplemento-proteico-vendido-por-decathlon-puede-contener-cuerpos-metalicos\/\",\"url\":\"https:\/\/stacatarina.mx\/consejos\/retiran-del-mercado-el-suplemento-proteico-vendido-por-decathlon-puede-contener-cuerpos-metalicos\/\",\"name\":\"Retiran del mercado el suplemento proteico vendido por Decathlon: puede contener cuerpos met\u00e1licos - Consejos - Santa Catarina\",\"isPartOf\":{\"@id\":\"https:\/\/stacatarina.mx\/consejos\/#website\"},\"primaryImageOfPage\":{\"@id\":\"https:\/\/stacatarina.mx\/consejos\/retiran-del-mercado-el-suplemento-proteico-vendido-por-decathlon-puede-contener-cuerpos-metalicos\/#primaryimage\"},\"image\":{\"@id\":\"https:\/\/stacatarina.mx\/consejos\/retiran-del-mercado-el-suplemento-proteico-vendido-por-decathlon-puede-contener-cuerpos-metalicos\/#primaryimage\"},\"thumbnailUrl\":\"https:\/\/stacatarina.mx\/consejos\/wp-content\/uploads\/2024\/12\/Retiran-del-mercado-el-suplemento-proteico-vendido-por-Decathlon-puede.jpg\",\"datePublished\":\"2024-12-09T18:24:05+00:00\",\"dateModified\":\"2024-12-09T18:24:06+00:00\",\"breadcrumb\":{\"@id\":\"https:\/\/stacatarina.mx\/consejos\/retiran-del-mercado-el-suplemento-proteico-vendido-por-decathlon-puede-contener-cuerpos-metalicos\/#breadcrumb\"},\"inLanguage\":\"es\",\"potentialAction\":[{\"@type\":\"ReadAction\",\"target\":[\"https:\/\/stacatarina.mx\/consejos\/retiran-del-mercado-el-suplemento-proteico-vendido-por-decathlon-puede-contener-cuerpos-metalicos\/\"]}]},{\"@type\":\"ImageObject\",\"inLanguage\":\"es\",\"@id\":\"https:\/\/stacatarina.mx\/consejos\/retiran-del-mercado-el-suplemento-proteico-vendido-por-decathlon-puede-contener-cuerpos-metalicos\/#primaryimage\",\"url\":\"https:\/\/stacatarina.mx\/consejos\/wp-content\/uploads\/2024\/12\/Retiran-del-mercado-el-suplemento-proteico-vendido-por-Decathlon-puede.jpg\",\"contentUrl\":\"https:\/\/stacatarina.mx\/consejos\/wp-content\/uploads\/2024\/12\/Retiran-del-mercado-el-suplemento-proteico-vendido-por-Decathlon-puede.jpg\",\"width\":1500,\"height\":1000,\"caption\":\"Retiran del mercado el suplemento proteico vendido por Decathlon: puede contener cuerpos met\u00e1licos\"},{\"@type\":\"BreadcrumbList\",\"@id\":\"https:\/\/stacatarina.mx\/consejos\/retiran-del-mercado-el-suplemento-proteico-vendido-por-decathlon-puede-contener-cuerpos-metalicos\/#breadcrumb\",\"itemListElement\":[{\"@type\":\"ListItem\",\"position\":1,\"name\":\"Inicio\",\"item\":\"https:\/\/stacatarina.mx\/consejos\/\"},{\"@type\":\"ListItem\",\"position\":2,\"name\":\"Retiran del mercado el suplemento proteico vendido por Decathlon: puede contener cuerpos met\u00e1licos\"}]},{\"@type\":\"WebSite\",\"@id\":\"https:\/\/stacatarina.mx\/consejos\/#website\",\"url\":\"https:\/\/stacatarina.mx\/consejos\/\",\"name\":\"Santa Catarina\",\"description\":\"\",\"publisher\":{\"@id\":\"https:\/\/stacatarina.mx\/consejos\/#organization\"},\"potentialAction\":[{\"@type\":\"SearchAction\",\"target\":{\"@type\":\"EntryPoint\",\"urlTemplate\":\"https:\/\/stacatarina.mx\/consejos\/?s={search_term_string}\"},\"query-input\":{\"@type\":\"PropertyValueSpecification\",\"valueRequired\":true,\"valueName\":\"search_term_string\"}}],\"inLanguage\":\"es\"},{\"@type\":\"Organization\",\"@id\":\"https:\/\/stacatarina.mx\/consejos\/#organization\",\"name\":\"Santa Catarina\",\"url\":\"https:\/\/stacatarina.mx\/consejos\/\",\"logo\":{\"@type\":\"ImageObject\",\"inLanguage\":\"es\",\"@id\":\"https:\/\/stacatarina.mx\/consejos\/#\/schema\/logo\/image\/\",\"url\":\"https:\/\/stacatarina.mx\/consejos\/wp-content\/uploads\/2024\/09\/cropped-favicon-1-1.png\",\"contentUrl\":\"https:\/\/stacatarina.mx\/consejos\/wp-content\/uploads\/2024\/09\/cropped-favicon-1-1.png\",\"width\":512,\"height\":512,\"caption\":\"Santa Catarina\"},\"image\":{\"@id\":\"https:\/\/stacatarina.mx\/consejos\/#\/schema\/logo\/image\/\"},\"sameAs\":[\"https:\/\/www.facebook.com\/stacatarinagob\/\",\"https:\/\/x.com\/stacatarinagob\",\"https:\/\/www.instagram.com\/stacatarinagob\/\",\"https:\/\/www.youtube.com\/channel\/UCK-6cQJL_904665N1_nLTWw\"]},{\"@type\":\"Person\",\"@id\":\"https:\/\/stacatarina.mx\/consejos\/#\/schema\/person\/0be60adffa8e4c4d0828fdf021450e8a\",\"name\":\"Pedro Mart\u00ednez\",\"image\":{\"@type\":\"ImageObject\",\"inLanguage\":\"es\",\"@id\":\"https:\/\/stacatarina.mx\/consejos\/#\/schema\/person\/image\/\",\"url\":\"https:\/\/stacatarina.mx\/consejos\/wp-content\/uploads\/2024\/09\/stacatarina.jpg\",\"contentUrl\":\"https:\/\/stacatarina.mx\/consejos\/wp-content\/uploads\/2024\/09\/stacatarina.jpg\",\"caption\":\"Pedro Mart\u00ednez\"},\"description\":\"Hola, soy Pedro Mart\u00ednez, redactor jefe del sitio oficial del ayuntamiento de Santa Catarina, en M\u00e9xico. Con m\u00e1s de diez a\u00f1os de experiencia en el periodismo local, tengo una pasi\u00f3n por la investigaci\u00f3n y la difusi\u00f3n de informaci\u00f3n que valoriza nuestra hermosa comunidad. Mi compromiso es hacer de Santa Catarina una referencia en materia de transparencia y comunicaci\u00f3n municipal.\",\"sameAs\":[\"https:\/\/stacatarina.mx\/\"]}]}<\/script>\n<!-- \/ Yoast SEO plugin. -->","yoast_head_json":{"title":"Retiran del mercado el suplemento proteico vendido por Decathlon: puede contener cuerpos met\u00e1licos - Consejos - Santa Catarina","robots":{"index":"index","follow":"follow","max-snippet":"max-snippet:-1","max-image-preview":"max-image-preview:large","max-video-preview":"max-video-preview:-1"},"canonical":"https:\/\/stacatarina.mx\/consejos\/retiran-del-mercado-el-suplemento-proteico-vendido-por-decathlon-puede-contener-cuerpos-metalicos\/","og_locale":"es_MX","og_type":"article","og_title":"Retiran del mercado el suplemento proteico vendido por Decathlon: puede contener cuerpos met\u00e1licos - Consejos - Santa Catarina","og_description":"Decathlon ha iniciado la retirada del mercado de un lote del suplemento Whey Protein Chocolate de 30 g debido a la posible presencia de cuerpos","og_url":"https:\/\/stacatarina.mx\/consejos\/retiran-del-mercado-el-suplemento-proteico-vendido-por-decathlon-puede-contener-cuerpos-metalicos\/","og_site_name":"Santa Catarina","article_publisher":"https:\/\/www.facebook.com\/stacatarinagob\/","article_published_time":"2024-12-09T18:24:05+00:00","article_modified_time":"2024-12-09T18:24:06+00:00","og_image":[{"width":1500,"height":1000,"url":"https:\/\/stacatarina.mx\/consejos\/wp-content\/uploads\/2024\/12\/Retiran-del-mercado-el-suplemento-proteico-vendido-por-Decathlon-puede.jpg","type":"image\/jpeg"}],"author":"Pedro Mart\u00ednez","twitter_card":"summary_large_image","twitter_creator":"@stacatarinagob","twitter_site":"@stacatarinagob","twitter_misc":{"Escrito por":"Pedro Mart\u00ednez","Tiempo de lectura":"2 minutos"},"schema":{"@context":"https:\/\/schema.org","@graph":[{"@type":"Article","@id":"https:\/\/stacatarina.mx\/consejos\/retiran-del-mercado-el-suplemento-proteico-vendido-por-decathlon-puede-contener-cuerpos-metalicos\/#article","isPartOf":{"@id":"https:\/\/stacatarina.mx\/consejos\/retiran-del-mercado-el-suplemento-proteico-vendido-por-decathlon-puede-contener-cuerpos-metalicos\/"},"author":{"name":"Pedro Mart\u00ednez","@id":"https:\/\/stacatarina.mx\/consejos\/#\/schema\/person\/0be60adffa8e4c4d0828fdf021450e8a"},"headline":"Retiran del mercado el suplemento proteico vendido por Decathlon: puede contener cuerpos met\u00e1licos","datePublished":"2024-12-09T18:24:05+00:00","dateModified":"2024-12-09T18:24:06+00:00","mainEntityOfPage":{"@id":"https:\/\/stacatarina.mx\/consejos\/retiran-del-mercado-el-suplemento-proteico-vendido-por-decathlon-puede-contener-cuerpos-metalicos\/"},"wordCount":335,"publisher":{"@id":"https:\/\/stacatarina.mx\/consejos\/#organization"},"image":{"@id":"https:\/\/stacatarina.mx\/consejos\/retiran-del-mercado-el-suplemento-proteico-vendido-por-decathlon-puede-contener-cuerpos-metalicos\/#primaryimage"},"thumbnailUrl":"https:\/\/stacatarina.mx\/consejos\/wp-content\/uploads\/2024\/12\/Retiran-del-mercado-el-suplemento-proteico-vendido-por-Decathlon-puede.jpg","keywords":["contener","cuerpos","Decathlon","del","mercado","met\u00e1licos","por","proteico","puede","Retiran","suplemento","vendido"],"articleSection":["Salud"],"inLanguage":"es"},{"@type":"WebPage","@id":"https:\/\/stacatarina.mx\/consejos\/retiran-del-mercado-el-suplemento-proteico-vendido-por-decathlon-puede-contener-cuerpos-metalicos\/","url":"https:\/\/stacatarina.mx\/consejos\/retiran-del-mercado-el-suplemento-proteico-vendido-por-decathlon-puede-contener-cuerpos-metalicos\/","name":"Retiran del mercado el suplemento proteico vendido por Decathlon: puede contener cuerpos met\u00e1licos - Consejos - Santa Catarina","isPartOf":{"@id":"https:\/\/stacatarina.mx\/consejos\/#website"},"primaryImageOfPage":{"@id":"https:\/\/stacatarina.mx\/consejos\/retiran-del-mercado-el-suplemento-proteico-vendido-por-decathlon-puede-contener-cuerpos-metalicos\/#primaryimage"},"image":{"@id":"https:\/\/stacatarina.mx\/consejos\/retiran-del-mercado-el-suplemento-proteico-vendido-por-decathlon-puede-contener-cuerpos-metalicos\/#primaryimage"},"thumbnailUrl":"https:\/\/stacatarina.mx\/consejos\/wp-content\/uploads\/2024\/12\/Retiran-del-mercado-el-suplemento-proteico-vendido-por-Decathlon-puede.jpg","datePublished":"2024-12-09T18:24:05+00:00","dateModified":"2024-12-09T18:24:06+00:00","breadcrumb":{"@id":"https:\/\/stacatarina.mx\/consejos\/retiran-del-mercado-el-suplemento-proteico-vendido-por-decathlon-puede-contener-cuerpos-metalicos\/#breadcrumb"},"inLanguage":"es","potentialAction":[{"@type":"ReadAction","target":["https:\/\/stacatarina.mx\/consejos\/retiran-del-mercado-el-suplemento-proteico-vendido-por-decathlon-puede-contener-cuerpos-metalicos\/"]}]},{"@type":"ImageObject","inLanguage":"es","@id":"https:\/\/stacatarina.mx\/consejos\/retiran-del-mercado-el-suplemento-proteico-vendido-por-decathlon-puede-contener-cuerpos-metalicos\/#primaryimage","url":"https:\/\/stacatarina.mx\/consejos\/wp-content\/uploads\/2024\/12\/Retiran-del-mercado-el-suplemento-proteico-vendido-por-Decathlon-puede.jpg","contentUrl":"https:\/\/stacatarina.mx\/consejos\/wp-content\/uploads\/2024\/12\/Retiran-del-mercado-el-suplemento-proteico-vendido-por-Decathlon-puede.jpg","width":1500,"height":1000,"caption":"Retiran del mercado el suplemento proteico vendido por Decathlon: puede contener cuerpos met\u00e1licos"},{"@type":"BreadcrumbList","@id":"https:\/\/stacatarina.mx\/consejos\/retiran-del-mercado-el-suplemento-proteico-vendido-por-decathlon-puede-contener-cuerpos-metalicos\/#breadcrumb","itemListElement":[{"@type":"ListItem","position":1,"name":"Inicio","item":"https:\/\/stacatarina.mx\/consejos\/"},{"@type":"ListItem","position":2,"name":"Retiran del mercado el suplemento proteico vendido por Decathlon: puede contener cuerpos met\u00e1licos"}]},{"@type":"WebSite","@id":"https:\/\/stacatarina.mx\/consejos\/#website","url":"https:\/\/stacatarina.mx\/consejos\/","name":"Santa Catarina","description":"","publisher":{"@id":"https:\/\/stacatarina.mx\/consejos\/#organization"},"potentialAction":[{"@type":"SearchAction","target":{"@type":"EntryPoint","urlTemplate":"https:\/\/stacatarina.mx\/consejos\/?s={search_term_string}"},"query-input":{"@type":"PropertyValueSpecification","valueRequired":true,"valueName":"search_term_string"}}],"inLanguage":"es"},{"@type":"Organization","@id":"https:\/\/stacatarina.mx\/consejos\/#organization","name":"Santa Catarina","url":"https:\/\/stacatarina.mx\/consejos\/","logo":{"@type":"ImageObject","inLanguage":"es","@id":"https:\/\/stacatarina.mx\/consejos\/#\/schema\/logo\/image\/","url":"https:\/\/stacatarina.mx\/consejos\/wp-content\/uploads\/2024\/09\/cropped-favicon-1-1.png","contentUrl":"https:\/\/stacatarina.mx\/consejos\/wp-content\/uploads\/2024\/09\/cropped-favicon-1-1.png","width":512,"height":512,"caption":"Santa Catarina"},"image":{"@id":"https:\/\/stacatarina.mx\/consejos\/#\/schema\/logo\/image\/"},"sameAs":["https:\/\/www.facebook.com\/stacatarinagob\/","https:\/\/x.com\/stacatarinagob","https:\/\/www.instagram.com\/stacatarinagob\/","https:\/\/www.youtube.com\/channel\/UCK-6cQJL_904665N1_nLTWw"]},{"@type":"Person","@id":"https:\/\/stacatarina.mx\/consejos\/#\/schema\/person\/0be60adffa8e4c4d0828fdf021450e8a","name":"Pedro Mart\u00ednez","image":{"@type":"ImageObject","inLanguage":"es","@id":"https:\/\/stacatarina.mx\/consejos\/#\/schema\/person\/image\/","url":"https:\/\/stacatarina.mx\/consejos\/wp-content\/uploads\/2024\/09\/stacatarina.jpg","contentUrl":"https:\/\/stacatarina.mx\/consejos\/wp-content\/uploads\/2024\/09\/stacatarina.jpg","caption":"Pedro Mart\u00ednez"},"description":"Hola, soy Pedro Mart\u00ednez, redactor jefe del sitio oficial del ayuntamiento de Santa Catarina, en M\u00e9xico. Con m\u00e1s de diez a\u00f1os de experiencia en el periodismo local, tengo una pasi\u00f3n por la investigaci\u00f3n y la difusi\u00f3n de informaci\u00f3n que valoriza nuestra hermosa comunidad. Mi compromiso es hacer de Santa Catarina una referencia en materia de transparencia y comunicaci\u00f3n municipal.","sameAs":["https:\/\/stacatarina.mx\/"]}]}},"_links":{"self":[{"href":"https:\/\/stacatarina.mx\/consejos\/wp-json\/wp\/v2\/posts\/1833"}],"collection":[{"href":"https:\/\/stacatarina.mx\/consejos\/wp-json\/wp\/v2\/posts"}],"about":[{"href":"https:\/\/stacatarina.mx\/consejos\/wp-json\/wp\/v2\/types\/post"}],"author":[{"embeddable":true,"href":"https:\/\/stacatarina.mx\/consejos\/wp-json\/wp\/v2\/users\/1"}],"replies":[{"embeddable":true,"href":"https:\/\/stacatarina.mx\/consejos\/wp-json\/wp\/v2\/comments?post=1833"}],"version-history":[{"count":1,"href":"https:\/\/stacatarina.mx\/consejos\/wp-json\/wp\/v2\/posts\/1833\/revisions"}],"predecessor-version":[{"id":1835,"href":"https:\/\/stacatarina.mx\/consejos\/wp-json\/wp\/v2\/posts\/1833\/revisions\/1835"}],"wp:featuredmedia":[{"embeddable":true,"href":"https:\/\/stacatarina.mx\/consejos\/wp-json\/wp\/v2\/media\/1834"}],"wp:attachment":[{"href":"https:\/\/stacatarina.mx\/consejos\/wp-json\/wp\/v2\/media?parent=1833"}],"wp:term":[{"taxonomy":"category","embeddable":true,"href":"https:\/\/stacatarina.mx\/consejos\/wp-json\/wp\/v2\/categories?post=1833"},{"taxonomy":"post_tag","embeddable":true,"href":"https:\/\/stacatarina.mx\/consejos\/wp-json\/wp\/v2\/tags?post=1833"}],"curies":[{"name":"wp","href":"https:\/\/api.w.org\/{rel}","templated":true}]}}