{"id":1854,"date":"2024-12-10T18:25:37","date_gmt":"2024-12-11T00:25:37","guid":{"rendered":"https:\/\/stacatarina.mx\/consejos\/se-dispara-el-numero-de-hombres-con-cancer-de-mama-cerca-de-la-zona-cero-de-nueva-york-ya-es-90-veces-mayor-que-la-media-nacional\/"},"modified":"2024-12-10T18:25:38","modified_gmt":"2024-12-11T00:25:38","slug":"se-dispara-el-numero-de-hombres-con-cancer-de-mama-cerca-de-la-zona-cero-de-nueva-york-ya-es-90-veces-mayor-que-la-media-nacional","status":"publish","type":"post","link":"https:\/\/stacatarina.mx\/consejos\/se-dispara-el-numero-de-hombres-con-cancer-de-mama-cerca-de-la-zona-cero-de-nueva-york-ya-es-90-veces-mayor-que-la-media-nacional\/","title":{"rendered":"Se dispara el n\u00famero de hombres con c\u00e1ncer de mama cerca de la Zona Cero de Nueva York: ya es 90 veces mayor que la media nacional"},"content":{"rendered":"<p class=\"single-abstract\">\n<p>\t\t\t\t\t\t\t\t\t\t\t\t\t\t\t\t\tEl desastre del World Trade Center (WTC) expuso a las personas, entre otras cosas, a carcin\u00f3genos, lo que provoc\u00f3 altas tasas de c\u00e1ncer. Veintitr\u00e9s a\u00f1os despu\u00e9s de los ataques terroristas del 11 de septiembre, las cifras de enfermedades siguen siendo elevadas\t\t\t\t\t\t\t\t\t\t\t\t\t\t\t<\/p>\n<div class=\"daily-video\" style=\"display: none;\"><\/div>\n<div class=\"wrapper-player\" style=\"display: none; margin-bottom: 15px;\">\n<div id=\"daily-player\" style=\"position: relative; max-width: 100%;\" class=\"video-content\"><\/div>\n<\/p><\/div>\n<div class=\"image-wrapper featured-image no-lazy\" id=\"featured-image\"><\/div>\n<p>El c\u00e1ncer de mama no s\u00f3lo entre las mujeres, las procedentes de Nueva York son datos impactantes. \u00bfLa raz\u00f3n? Los ataques terroristas del 11 de septiembre de 2001 cobraron la vida de miles de personas e hicieron <strong>enfermarse<\/strong> tantos.<\/p>\n<p>Si para muchos la intensa exposici\u00f3n a polvos y humos t\u00f3xicos fue mortal, en realidad para muchos otros provoc\u00f3 enfermedades durante el resto de los a\u00f1os: en las v\u00edas respiratorias, como la rinosinusitis cr\u00f3nica y el asma, en el aparato digestivo y <strong>tumores<\/strong> entre las patolog\u00edas m\u00e1s frecuentes. Tumores, ya exactamente as\u00ed, y entre ellos tambi\u00e9n hay hombres que han conocido la <strong>c\u00e1ncer de mama<\/strong>.<\/p>\n<aside style=\"margin: 8px auto; text-align: center; display: block; clear: both;\">\n<div id=\"gpt-passback\">\n<\/div>\n<\/aside>\n<p>Seg\u00fan nuevas investigaciones, los hombres que viven o trabajan cerca de la Zona Cero tienen \u201c<em>mucho m\u00e1s probabilidades de padecer c\u00e1ncer de mama<\/em>o&#8221;. As\u00ed que no s\u00f3lo los socorristas de la \u00e9poca, sino tambi\u00e9n los bomberos, la polic\u00eda y los m\u00e9dicos.<\/p>\n<h2><strong>los datos <\/strong><\/h2>\n<p>Los Centros para el Control de Enfermedades han publicado nuevos datos que revelan que <strong>91 hombres de los 98.590 hombres del Programa de Salud del World Trade Center fueron diagnosticados con c\u00e1ncer de mama<\/strong>.<\/p>\n<blockquote>\n<p>Esa tasa es hasta 90 veces el promedio nacional seg\u00fan los datos federales de salud, dice el abogado Michael Barasch, que representa a 54 pacientes masculinos con c\u00e1ncer de mama atendidos en el WTCHP. Estas cifras podr\u00edan ser la punta del iceberg. El c\u00e1ncer de mama realmente est\u00e1 explotando entre los hombres.<\/p>\n<\/blockquote>\n<p>Los hallazgos son preocupantes por una raz\u00f3n muy simple: el c\u00e1ncer de mama en los hombres es muy raro: alrededor de 1 de cada 100.000 hombres son diagnosticados con esta enfermedad potencialmente mortal.<\/p>\n<h2>C\u00e1nceres despu\u00e9s del 11 de septiembre, no s\u00f3lo c\u00e1ncer de mama<\/h2>\n<p>Seg\u00fan el Programa de Salud del World Trade Center (WTC), casi 15 mil personas, entre rescatistas y sobrevivientes, han desarrollado c\u00e1ncer y casi 800 han muerto hasta la fecha. Seg\u00fan un estudio de 2013, hubo un crecimiento del 15% en todos los tipos de c\u00e1ncer entre los socorristas en el per\u00edodo de 2001 a 2008, con una mayor frecuencia entre aquellos que hab\u00edan estado m\u00e1s expuestos. Y nuevamente, un trabajo de 2016 indic\u00f3 un crecimiento de casos del 11% entre los rescatistas y del 8% entre los supervivientes.<\/p><\/p>\n","protected":false},"excerpt":{"rendered":"<p>El desastre del World Trade Center (WTC) expuso a las personas, entre otras cosas, a carcin\u00f3genos, lo que provoc\u00f3 altas tasas de c\u00e1ncer. Veintitr\u00e9s a\u00f1os<\/p>\n","protected":false},"author":1,"featured_media":1855,"comment_status":"closed","ping_status":"","sticky":false,"template":"","format":"standard","meta":{"footnotes":""},"categories":[762],"tags":[917,658,60,42,2703,2704,918,820,2707,1175,272,306,2706,1887,2705],"class_list":["post-1854","post","type-post","status-publish","format-standard","has-post-thumbnail","hentry","category-salud","tag-cancer","tag-cerca","tag-cero","tag-con","tag-dispara","tag-hombres","tag-mama","tag-mayor","tag-media","tag-nacional","tag-nueva","tag-numero","tag-veces","tag-york","tag-zona","generate-columns","tablet-grid-50","mobile-grid-100","grid-parent","grid-50"],"yoast_head":"<!-- This site is optimized with the Yoast SEO plugin v23.4 - https:\/\/yoast.com\/wordpress\/plugins\/seo\/ -->\n<title>Se dispara el n\u00famero de hombres con c\u00e1ncer de mama cerca de la Zona Cero de Nueva York: ya es 90 veces mayor que la media nacional - Consejos - Santa Catarina<\/title>\n<meta name=\"robots\" content=\"index, follow, max-snippet:-1, max-image-preview:large, max-video-preview:-1\" \/>\n<link rel=\"canonical\" href=\"https:\/\/stacatarina.mx\/consejos\/se-dispara-el-numero-de-hombres-con-cancer-de-mama-cerca-de-la-zona-cero-de-nueva-york-ya-es-90-veces-mayor-que-la-media-nacional\/\" \/>\n<meta property=\"og:locale\" content=\"es_MX\" \/>\n<meta property=\"og:type\" content=\"article\" \/>\n<meta property=\"og:title\" content=\"Se dispara el n\u00famero de hombres con c\u00e1ncer de mama cerca de la Zona Cero de Nueva York: ya es 90 veces mayor que la media nacional - Consejos - Santa Catarina\" \/>\n<meta property=\"og:description\" content=\"El desastre del World Trade Center (WTC) expuso a las personas, entre otras cosas, a carcin\u00f3genos, lo que provoc\u00f3 altas tasas de c\u00e1ncer. Veintitr\u00e9s a\u00f1os\" \/>\n<meta property=\"og:url\" content=\"https:\/\/stacatarina.mx\/consejos\/se-dispara-el-numero-de-hombres-con-cancer-de-mama-cerca-de-la-zona-cero-de-nueva-york-ya-es-90-veces-mayor-que-la-media-nacional\/\" \/>\n<meta property=\"og:site_name\" content=\"Santa Catarina\" \/>\n<meta property=\"article:publisher\" content=\"https:\/\/www.facebook.com\/stacatarinagob\/\" \/>\n<meta property=\"article:published_time\" content=\"2024-12-11T00:25:37+00:00\" \/>\n<meta property=\"article:modified_time\" content=\"2024-12-11T00:25:38+00:00\" \/>\n<meta property=\"og:image\" content=\"https:\/\/stacatarina.mx\/consejos\/wp-content\/uploads\/2024\/12\/Se-dispara-el-numero-de-hombres-con-cancer-de-mama.jpg\" \/>\n\t<meta property=\"og:image:width\" content=\"1500\" \/>\n\t<meta property=\"og:image:height\" content=\"1000\" \/>\n\t<meta property=\"og:image:type\" content=\"image\/jpeg\" \/>\n<meta name=\"author\" content=\"Pedro Mart\u00ednez\" \/>\n<meta name=\"twitter:card\" content=\"summary_large_image\" \/>\n<meta name=\"twitter:creator\" content=\"@stacatarinagob\" \/>\n<meta name=\"twitter:site\" content=\"@stacatarinagob\" \/>\n<meta name=\"twitter:label1\" content=\"Escrito por\" \/>\n\t<meta name=\"twitter:data1\" content=\"Pedro Mart\u00ednez\" \/>\n\t<meta name=\"twitter:label2\" content=\"Tiempo de lectura\" \/>\n\t<meta name=\"twitter:data2\" content=\"2 minutos\" \/>\n<script type=\"application\/ld+json\" class=\"yoast-schema-graph\">{\"@context\":\"https:\/\/schema.org\",\"@graph\":[{\"@type\":\"Article\",\"@id\":\"https:\/\/stacatarina.mx\/consejos\/se-dispara-el-numero-de-hombres-con-cancer-de-mama-cerca-de-la-zona-cero-de-nueva-york-ya-es-90-veces-mayor-que-la-media-nacional\/#article\",\"isPartOf\":{\"@id\":\"https:\/\/stacatarina.mx\/consejos\/se-dispara-el-numero-de-hombres-con-cancer-de-mama-cerca-de-la-zona-cero-de-nueva-york-ya-es-90-veces-mayor-que-la-media-nacional\/\"},\"author\":{\"name\":\"Pedro Mart\u00ednez\",\"@id\":\"https:\/\/stacatarina.mx\/consejos\/#\/schema\/person\/0be60adffa8e4c4d0828fdf021450e8a\"},\"headline\":\"Se dispara el n\u00famero de hombres con c\u00e1ncer de mama cerca de la Zona Cero de Nueva York: ya es 90 veces mayor que la media nacional\",\"datePublished\":\"2024-12-11T00:25:37+00:00\",\"dateModified\":\"2024-12-11T00:25:38+00:00\",\"mainEntityOfPage\":{\"@id\":\"https:\/\/stacatarina.mx\/consejos\/se-dispara-el-numero-de-hombres-con-cancer-de-mama-cerca-de-la-zona-cero-de-nueva-york-ya-es-90-veces-mayor-que-la-media-nacional\/\"},\"wordCount\":457,\"publisher\":{\"@id\":\"https:\/\/stacatarina.mx\/consejos\/#organization\"},\"image\":{\"@id\":\"https:\/\/stacatarina.mx\/consejos\/se-dispara-el-numero-de-hombres-con-cancer-de-mama-cerca-de-la-zona-cero-de-nueva-york-ya-es-90-veces-mayor-que-la-media-nacional\/#primaryimage\"},\"thumbnailUrl\":\"https:\/\/stacatarina.mx\/consejos\/wp-content\/uploads\/2024\/12\/Se-dispara-el-numero-de-hombres-con-cancer-de-mama.jpg\",\"keywords\":[\"C\u00e1ncer\",\"cerca\",\"cero\",\"con\",\"dispara\",\"hombres\",\"mama\",\"mayor\",\"media\",\"Nacional\",\"nueva\",\"n\u00famero\",\"veces\",\"York\",\"Zona\"],\"articleSection\":[\"Salud\"],\"inLanguage\":\"es\"},{\"@type\":\"WebPage\",\"@id\":\"https:\/\/stacatarina.mx\/consejos\/se-dispara-el-numero-de-hombres-con-cancer-de-mama-cerca-de-la-zona-cero-de-nueva-york-ya-es-90-veces-mayor-que-la-media-nacional\/\",\"url\":\"https:\/\/stacatarina.mx\/consejos\/se-dispara-el-numero-de-hombres-con-cancer-de-mama-cerca-de-la-zona-cero-de-nueva-york-ya-es-90-veces-mayor-que-la-media-nacional\/\",\"name\":\"Se dispara el n\u00famero de hombres con c\u00e1ncer de mama cerca de la Zona Cero de Nueva York: ya es 90 veces mayor que la media nacional - Consejos - Santa Catarina\",\"isPartOf\":{\"@id\":\"https:\/\/stacatarina.mx\/consejos\/#website\"},\"primaryImageOfPage\":{\"@id\":\"https:\/\/stacatarina.mx\/consejos\/se-dispara-el-numero-de-hombres-con-cancer-de-mama-cerca-de-la-zona-cero-de-nueva-york-ya-es-90-veces-mayor-que-la-media-nacional\/#primaryimage\"},\"image\":{\"@id\":\"https:\/\/stacatarina.mx\/consejos\/se-dispara-el-numero-de-hombres-con-cancer-de-mama-cerca-de-la-zona-cero-de-nueva-york-ya-es-90-veces-mayor-que-la-media-nacional\/#primaryimage\"},\"thumbnailUrl\":\"https:\/\/stacatarina.mx\/consejos\/wp-content\/uploads\/2024\/12\/Se-dispara-el-numero-de-hombres-con-cancer-de-mama.jpg\",\"datePublished\":\"2024-12-11T00:25:37+00:00\",\"dateModified\":\"2024-12-11T00:25:38+00:00\",\"breadcrumb\":{\"@id\":\"https:\/\/stacatarina.mx\/consejos\/se-dispara-el-numero-de-hombres-con-cancer-de-mama-cerca-de-la-zona-cero-de-nueva-york-ya-es-90-veces-mayor-que-la-media-nacional\/#breadcrumb\"},\"inLanguage\":\"es\",\"potentialAction\":[{\"@type\":\"ReadAction\",\"target\":[\"https:\/\/stacatarina.mx\/consejos\/se-dispara-el-numero-de-hombres-con-cancer-de-mama-cerca-de-la-zona-cero-de-nueva-york-ya-es-90-veces-mayor-que-la-media-nacional\/\"]}]},{\"@type\":\"ImageObject\",\"inLanguage\":\"es\",\"@id\":\"https:\/\/stacatarina.mx\/consejos\/se-dispara-el-numero-de-hombres-con-cancer-de-mama-cerca-de-la-zona-cero-de-nueva-york-ya-es-90-veces-mayor-que-la-media-nacional\/#primaryimage\",\"url\":\"https:\/\/stacatarina.mx\/consejos\/wp-content\/uploads\/2024\/12\/Se-dispara-el-numero-de-hombres-con-cancer-de-mama.jpg\",\"contentUrl\":\"https:\/\/stacatarina.mx\/consejos\/wp-content\/uploads\/2024\/12\/Se-dispara-el-numero-de-hombres-con-cancer-de-mama.jpg\",\"width\":1500,\"height\":1000,\"caption\":\"ground zero nyc\"},{\"@type\":\"BreadcrumbList\",\"@id\":\"https:\/\/stacatarina.mx\/consejos\/se-dispara-el-numero-de-hombres-con-cancer-de-mama-cerca-de-la-zona-cero-de-nueva-york-ya-es-90-veces-mayor-que-la-media-nacional\/#breadcrumb\",\"itemListElement\":[{\"@type\":\"ListItem\",\"position\":1,\"name\":\"Inicio\",\"item\":\"https:\/\/stacatarina.mx\/consejos\/\"},{\"@type\":\"ListItem\",\"position\":2,\"name\":\"Se dispara el n\u00famero de hombres con c\u00e1ncer de mama cerca de la Zona Cero de Nueva York: ya es 90 veces mayor que la media nacional\"}]},{\"@type\":\"WebSite\",\"@id\":\"https:\/\/stacatarina.mx\/consejos\/#website\",\"url\":\"https:\/\/stacatarina.mx\/consejos\/\",\"name\":\"Santa Catarina\",\"description\":\"\",\"publisher\":{\"@id\":\"https:\/\/stacatarina.mx\/consejos\/#organization\"},\"potentialAction\":[{\"@type\":\"SearchAction\",\"target\":{\"@type\":\"EntryPoint\",\"urlTemplate\":\"https:\/\/stacatarina.mx\/consejos\/?s={search_term_string}\"},\"query-input\":{\"@type\":\"PropertyValueSpecification\",\"valueRequired\":true,\"valueName\":\"search_term_string\"}}],\"inLanguage\":\"es\"},{\"@type\":\"Organization\",\"@id\":\"https:\/\/stacatarina.mx\/consejos\/#organization\",\"name\":\"Santa Catarina\",\"url\":\"https:\/\/stacatarina.mx\/consejos\/\",\"logo\":{\"@type\":\"ImageObject\",\"inLanguage\":\"es\",\"@id\":\"https:\/\/stacatarina.mx\/consejos\/#\/schema\/logo\/image\/\",\"url\":\"https:\/\/stacatarina.mx\/consejos\/wp-content\/uploads\/2024\/09\/cropped-favicon-1-1.png\",\"contentUrl\":\"https:\/\/stacatarina.mx\/consejos\/wp-content\/uploads\/2024\/09\/cropped-favicon-1-1.png\",\"width\":512,\"height\":512,\"caption\":\"Santa Catarina\"},\"image\":{\"@id\":\"https:\/\/stacatarina.mx\/consejos\/#\/schema\/logo\/image\/\"},\"sameAs\":[\"https:\/\/www.facebook.com\/stacatarinagob\/\",\"https:\/\/x.com\/stacatarinagob\",\"https:\/\/www.instagram.com\/stacatarinagob\/\",\"https:\/\/www.youtube.com\/channel\/UCK-6cQJL_904665N1_nLTWw\"]},{\"@type\":\"Person\",\"@id\":\"https:\/\/stacatarina.mx\/consejos\/#\/schema\/person\/0be60adffa8e4c4d0828fdf021450e8a\",\"name\":\"Pedro Mart\u00ednez\",\"image\":{\"@type\":\"ImageObject\",\"inLanguage\":\"es\",\"@id\":\"https:\/\/stacatarina.mx\/consejos\/#\/schema\/person\/image\/\",\"url\":\"https:\/\/stacatarina.mx\/consejos\/wp-content\/uploads\/2024\/09\/stacatarina.jpg\",\"contentUrl\":\"https:\/\/stacatarina.mx\/consejos\/wp-content\/uploads\/2024\/09\/stacatarina.jpg\",\"caption\":\"Pedro Mart\u00ednez\"},\"description\":\"Hola, soy Pedro Mart\u00ednez, redactor jefe del sitio oficial del ayuntamiento de Santa Catarina, en M\u00e9xico. Con m\u00e1s de diez a\u00f1os de experiencia en el periodismo local, tengo una pasi\u00f3n por la investigaci\u00f3n y la difusi\u00f3n de informaci\u00f3n que valoriza nuestra hermosa comunidad. Mi compromiso es hacer de Santa Catarina una referencia en materia de transparencia y comunicaci\u00f3n municipal.\",\"sameAs\":[\"https:\/\/stacatarina.mx\/\"]}]}<\/script>\n<!-- \/ Yoast SEO plugin. -->","yoast_head_json":{"title":"Se dispara el n\u00famero de hombres con c\u00e1ncer de mama cerca de la Zona Cero de Nueva York: ya es 90 veces mayor que la media nacional - Consejos - Santa Catarina","robots":{"index":"index","follow":"follow","max-snippet":"max-snippet:-1","max-image-preview":"max-image-preview:large","max-video-preview":"max-video-preview:-1"},"canonical":"https:\/\/stacatarina.mx\/consejos\/se-dispara-el-numero-de-hombres-con-cancer-de-mama-cerca-de-la-zona-cero-de-nueva-york-ya-es-90-veces-mayor-que-la-media-nacional\/","og_locale":"es_MX","og_type":"article","og_title":"Se dispara el n\u00famero de hombres con c\u00e1ncer de mama cerca de la Zona Cero de Nueva York: ya es 90 veces mayor que la media nacional - Consejos - Santa Catarina","og_description":"El desastre del World Trade Center (WTC) expuso a las personas, entre otras cosas, a carcin\u00f3genos, lo que provoc\u00f3 altas tasas de c\u00e1ncer. Veintitr\u00e9s a\u00f1os","og_url":"https:\/\/stacatarina.mx\/consejos\/se-dispara-el-numero-de-hombres-con-cancer-de-mama-cerca-de-la-zona-cero-de-nueva-york-ya-es-90-veces-mayor-que-la-media-nacional\/","og_site_name":"Santa Catarina","article_publisher":"https:\/\/www.facebook.com\/stacatarinagob\/","article_published_time":"2024-12-11T00:25:37+00:00","article_modified_time":"2024-12-11T00:25:38+00:00","og_image":[{"width":1500,"height":1000,"url":"https:\/\/stacatarina.mx\/consejos\/wp-content\/uploads\/2024\/12\/Se-dispara-el-numero-de-hombres-con-cancer-de-mama.jpg","type":"image\/jpeg"}],"author":"Pedro Mart\u00ednez","twitter_card":"summary_large_image","twitter_creator":"@stacatarinagob","twitter_site":"@stacatarinagob","twitter_misc":{"Escrito por":"Pedro Mart\u00ednez","Tiempo de lectura":"2 minutos"},"schema":{"@context":"https:\/\/schema.org","@graph":[{"@type":"Article","@id":"https:\/\/stacatarina.mx\/consejos\/se-dispara-el-numero-de-hombres-con-cancer-de-mama-cerca-de-la-zona-cero-de-nueva-york-ya-es-90-veces-mayor-que-la-media-nacional\/#article","isPartOf":{"@id":"https:\/\/stacatarina.mx\/consejos\/se-dispara-el-numero-de-hombres-con-cancer-de-mama-cerca-de-la-zona-cero-de-nueva-york-ya-es-90-veces-mayor-que-la-media-nacional\/"},"author":{"name":"Pedro Mart\u00ednez","@id":"https:\/\/stacatarina.mx\/consejos\/#\/schema\/person\/0be60adffa8e4c4d0828fdf021450e8a"},"headline":"Se dispara el n\u00famero de hombres con c\u00e1ncer de mama cerca de la Zona Cero de Nueva York: ya es 90 veces mayor que la media nacional","datePublished":"2024-12-11T00:25:37+00:00","dateModified":"2024-12-11T00:25:38+00:00","mainEntityOfPage":{"@id":"https:\/\/stacatarina.mx\/consejos\/se-dispara-el-numero-de-hombres-con-cancer-de-mama-cerca-de-la-zona-cero-de-nueva-york-ya-es-90-veces-mayor-que-la-media-nacional\/"},"wordCount":457,"publisher":{"@id":"https:\/\/stacatarina.mx\/consejos\/#organization"},"image":{"@id":"https:\/\/stacatarina.mx\/consejos\/se-dispara-el-numero-de-hombres-con-cancer-de-mama-cerca-de-la-zona-cero-de-nueva-york-ya-es-90-veces-mayor-que-la-media-nacional\/#primaryimage"},"thumbnailUrl":"https:\/\/stacatarina.mx\/consejos\/wp-content\/uploads\/2024\/12\/Se-dispara-el-numero-de-hombres-con-cancer-de-mama.jpg","keywords":["C\u00e1ncer","cerca","cero","con","dispara","hombres","mama","mayor","media","Nacional","nueva","n\u00famero","veces","York","Zona"],"articleSection":["Salud"],"inLanguage":"es"},{"@type":"WebPage","@id":"https:\/\/stacatarina.mx\/consejos\/se-dispara-el-numero-de-hombres-con-cancer-de-mama-cerca-de-la-zona-cero-de-nueva-york-ya-es-90-veces-mayor-que-la-media-nacional\/","url":"https:\/\/stacatarina.mx\/consejos\/se-dispara-el-numero-de-hombres-con-cancer-de-mama-cerca-de-la-zona-cero-de-nueva-york-ya-es-90-veces-mayor-que-la-media-nacional\/","name":"Se dispara el n\u00famero de hombres con c\u00e1ncer de mama cerca de la Zona Cero de Nueva York: ya es 90 veces mayor que la media nacional - Consejos - Santa Catarina","isPartOf":{"@id":"https:\/\/stacatarina.mx\/consejos\/#website"},"primaryImageOfPage":{"@id":"https:\/\/stacatarina.mx\/consejos\/se-dispara-el-numero-de-hombres-con-cancer-de-mama-cerca-de-la-zona-cero-de-nueva-york-ya-es-90-veces-mayor-que-la-media-nacional\/#primaryimage"},"image":{"@id":"https:\/\/stacatarina.mx\/consejos\/se-dispara-el-numero-de-hombres-con-cancer-de-mama-cerca-de-la-zona-cero-de-nueva-york-ya-es-90-veces-mayor-que-la-media-nacional\/#primaryimage"},"thumbnailUrl":"https:\/\/stacatarina.mx\/consejos\/wp-content\/uploads\/2024\/12\/Se-dispara-el-numero-de-hombres-con-cancer-de-mama.jpg","datePublished":"2024-12-11T00:25:37+00:00","dateModified":"2024-12-11T00:25:38+00:00","breadcrumb":{"@id":"https:\/\/stacatarina.mx\/consejos\/se-dispara-el-numero-de-hombres-con-cancer-de-mama-cerca-de-la-zona-cero-de-nueva-york-ya-es-90-veces-mayor-que-la-media-nacional\/#breadcrumb"},"inLanguage":"es","potentialAction":[{"@type":"ReadAction","target":["https:\/\/stacatarina.mx\/consejos\/se-dispara-el-numero-de-hombres-con-cancer-de-mama-cerca-de-la-zona-cero-de-nueva-york-ya-es-90-veces-mayor-que-la-media-nacional\/"]}]},{"@type":"ImageObject","inLanguage":"es","@id":"https:\/\/stacatarina.mx\/consejos\/se-dispara-el-numero-de-hombres-con-cancer-de-mama-cerca-de-la-zona-cero-de-nueva-york-ya-es-90-veces-mayor-que-la-media-nacional\/#primaryimage","url":"https:\/\/stacatarina.mx\/consejos\/wp-content\/uploads\/2024\/12\/Se-dispara-el-numero-de-hombres-con-cancer-de-mama.jpg","contentUrl":"https:\/\/stacatarina.mx\/consejos\/wp-content\/uploads\/2024\/12\/Se-dispara-el-numero-de-hombres-con-cancer-de-mama.jpg","width":1500,"height":1000,"caption":"ground zero nyc"},{"@type":"BreadcrumbList","@id":"https:\/\/stacatarina.mx\/consejos\/se-dispara-el-numero-de-hombres-con-cancer-de-mama-cerca-de-la-zona-cero-de-nueva-york-ya-es-90-veces-mayor-que-la-media-nacional\/#breadcrumb","itemListElement":[{"@type":"ListItem","position":1,"name":"Inicio","item":"https:\/\/stacatarina.mx\/consejos\/"},{"@type":"ListItem","position":2,"name":"Se dispara el n\u00famero de hombres con c\u00e1ncer de mama cerca de la Zona Cero de Nueva York: ya es 90 veces mayor que la media nacional"}]},{"@type":"WebSite","@id":"https:\/\/stacatarina.mx\/consejos\/#website","url":"https:\/\/stacatarina.mx\/consejos\/","name":"Santa Catarina","description":"","publisher":{"@id":"https:\/\/stacatarina.mx\/consejos\/#organization"},"potentialAction":[{"@type":"SearchAction","target":{"@type":"EntryPoint","urlTemplate":"https:\/\/stacatarina.mx\/consejos\/?s={search_term_string}"},"query-input":{"@type":"PropertyValueSpecification","valueRequired":true,"valueName":"search_term_string"}}],"inLanguage":"es"},{"@type":"Organization","@id":"https:\/\/stacatarina.mx\/consejos\/#organization","name":"Santa Catarina","url":"https:\/\/stacatarina.mx\/consejos\/","logo":{"@type":"ImageObject","inLanguage":"es","@id":"https:\/\/stacatarina.mx\/consejos\/#\/schema\/logo\/image\/","url":"https:\/\/stacatarina.mx\/consejos\/wp-content\/uploads\/2024\/09\/cropped-favicon-1-1.png","contentUrl":"https:\/\/stacatarina.mx\/consejos\/wp-content\/uploads\/2024\/09\/cropped-favicon-1-1.png","width":512,"height":512,"caption":"Santa Catarina"},"image":{"@id":"https:\/\/stacatarina.mx\/consejos\/#\/schema\/logo\/image\/"},"sameAs":["https:\/\/www.facebook.com\/stacatarinagob\/","https:\/\/x.com\/stacatarinagob","https:\/\/www.instagram.com\/stacatarinagob\/","https:\/\/www.youtube.com\/channel\/UCK-6cQJL_904665N1_nLTWw"]},{"@type":"Person","@id":"https:\/\/stacatarina.mx\/consejos\/#\/schema\/person\/0be60adffa8e4c4d0828fdf021450e8a","name":"Pedro Mart\u00ednez","image":{"@type":"ImageObject","inLanguage":"es","@id":"https:\/\/stacatarina.mx\/consejos\/#\/schema\/person\/image\/","url":"https:\/\/stacatarina.mx\/consejos\/wp-content\/uploads\/2024\/09\/stacatarina.jpg","contentUrl":"https:\/\/stacatarina.mx\/consejos\/wp-content\/uploads\/2024\/09\/stacatarina.jpg","caption":"Pedro Mart\u00ednez"},"description":"Hola, soy Pedro Mart\u00ednez, redactor jefe del sitio oficial del ayuntamiento de Santa Catarina, en M\u00e9xico. Con m\u00e1s de diez a\u00f1os de experiencia en el periodismo local, tengo una pasi\u00f3n por la investigaci\u00f3n y la difusi\u00f3n de informaci\u00f3n que valoriza nuestra hermosa comunidad. Mi compromiso es hacer de Santa Catarina una referencia en materia de transparencia y comunicaci\u00f3n municipal.","sameAs":["https:\/\/stacatarina.mx\/"]}]}},"_links":{"self":[{"href":"https:\/\/stacatarina.mx\/consejos\/wp-json\/wp\/v2\/posts\/1854"}],"collection":[{"href":"https:\/\/stacatarina.mx\/consejos\/wp-json\/wp\/v2\/posts"}],"about":[{"href":"https:\/\/stacatarina.mx\/consejos\/wp-json\/wp\/v2\/types\/post"}],"author":[{"embeddable":true,"href":"https:\/\/stacatarina.mx\/consejos\/wp-json\/wp\/v2\/users\/1"}],"replies":[{"embeddable":true,"href":"https:\/\/stacatarina.mx\/consejos\/wp-json\/wp\/v2\/comments?post=1854"}],"version-history":[{"count":1,"href":"https:\/\/stacatarina.mx\/consejos\/wp-json\/wp\/v2\/posts\/1854\/revisions"}],"predecessor-version":[{"id":1856,"href":"https:\/\/stacatarina.mx\/consejos\/wp-json\/wp\/v2\/posts\/1854\/revisions\/1856"}],"wp:featuredmedia":[{"embeddable":true,"href":"https:\/\/stacatarina.mx\/consejos\/wp-json\/wp\/v2\/media\/1855"}],"wp:attachment":[{"href":"https:\/\/stacatarina.mx\/consejos\/wp-json\/wp\/v2\/media?parent=1854"}],"wp:term":[{"taxonomy":"category","embeddable":true,"href":"https:\/\/stacatarina.mx\/consejos\/wp-json\/wp\/v2\/categories?post=1854"},{"taxonomy":"post_tag","embeddable":true,"href":"https:\/\/stacatarina.mx\/consejos\/wp-json\/wp\/v2\/tags?post=1854"}],"curies":[{"name":"wp","href":"https:\/\/api.w.org\/{rel}","templated":true}]}}