{"id":1860,"date":"2024-12-11T04:24:58","date_gmt":"2024-12-11T10:24:58","guid":{"rendered":"https:\/\/stacatarina.mx\/consejos\/cual-es-el-mejor-complemento-para-el-cabello-fino\/"},"modified":"2024-12-11T04:24:59","modified_gmt":"2024-12-11T10:24:59","slug":"cual-es-el-mejor-complemento-para-el-cabello-fino","status":"publish","type":"post","link":"https:\/\/stacatarina.mx\/consejos\/cual-es-el-mejor-complemento-para-el-cabello-fino\/","title":{"rendered":"\u00bfCu\u00e1l es el mejor complemento para el cabello fino?"},"content":{"rendered":"<p class=\"single-abstract\">\n<p>\t\t\t\t\t\t\t\t\t\t\t\t\t\t\t\t\tCabello fino: un desaf\u00edo diario al que muchas se enfrentan sin saber por d\u00f3nde empezar. Si cada d\u00eda experimentas la frustraci\u00f3n de ver que tu cabello no crece lo suficientemente fuerte o sano, ha llegado el momento de probar algo diferente a los champ\u00fas y mascarillas habituales, como complementos con ingredientes espec\u00edficos, \u00a1que act\u00faan desde el interior!\t\t\t\t\t\t\t\t\t\t\t\t\t\t\t<\/p>\n<div class=\"daily-video\" style=\"display: none;\"><\/div>\n<div class=\"wrapper-player\" style=\"display: none; margin-bottom: 15px;\">\n<div id=\"daily-player\" style=\"position: relative; max-width: 100%;\" class=\"video-content\"><\/div>\n<\/p><\/div>\n<div class=\"image-wrapper featured-image no-lazy\" id=\"featured-image\"><\/div>\n<div id=\"ez-toc-container\" class=\"ez-toc-v2_0_71 counter-hierarchy ez-toc-counter ez-toc-grey ez-toc-container-direction\">\n<div class=\"ez-toc-title-container\">\n<p class=\"ez-toc-title\" style=\"cursor:inherit\">\u00cdndice<\/p>\n<p><span class=\"ez-toc-title-toggle\"><\/span><\/div>\n<nav>\n<ul class=\"ez-toc-list ez-toc-list-level-1 \">\n<li class=\"ez-toc-page-1 ez-toc-heading-level-2\">Las caracter\u00edsticas que debe tener un buen complemento capilar natural<\/li>\n<li class=\"ez-toc-page-1 ez-toc-heading-level-2\">La espirulina se recomienda para la estructura del cabello.<\/li>\n<li class=\"ez-toc-page-1 ez-toc-heading-level-2\">Una mezcla de ingredientes activos dise\u00f1ada para cabello fino.<\/li>\n<li class=\"ez-toc-page-1 ez-toc-heading-level-2\">Extractos titulados<\/li>\n<li class=\"ez-toc-page-1 ez-toc-heading-level-2\">No subestimes el embalaje de los suplementos para cabello fino.<\/li>\n<li class=\"ez-toc-page-1 ez-toc-heading-level-2\">La dieta y el estilo de vida afectan el cabello<\/li>\n<\/ul>\n<\/nav>\n<\/div>\n<p>Quienes tienen el cabello fino saben lo dif\u00edcil que es mantenerlo voluminoso y saludable, pero la soluci\u00f3n puede ser m\u00e1s sencilla de lo esperado. Muchas personas recurren a champ\u00fas, mascarillas y otros tratamientos espec\u00edficos para usar directamente sobre el cabello, sin considerar que lo mejor, en muchos casos, es actuar tambi\u00e9n, y sobre todo, de otra manera: &#8220;desde dentro&#8221;.<\/p>\n<p>\u00bfA qu\u00e9 nos referimos? Remedios naturales que ayudan a apoyar el crecimiento, calidad y resistencia del cabello, a partir de su nutrici\u00f3n. En primer lugar, es bueno seguir una dieta variada y equilibrada pero, en algunas situaciones o en caso de mayores necesidades, puede ser adecuada una suplementaci\u00f3n espec\u00edfica.<\/p>\n<p>Actualmente existen muchas opciones en el mercado, pero \u00bfcu\u00e1les son las caracter\u00edsticas que distinguen a los mejores complementos capilares?<\/p>\n<h2><span class=\"ez-toc-section\" id=\"Le_caratteristiche_che_deve_avere_un_buon_integratore_naturale_per_capelli\"><\/span>Las caracter\u00edsticas que debe tener un buen complemento capilar natural<span class=\"ez-toc-section-end\"><\/span><\/h2>\n<p>Cuando se trata de complementos capilares (pero no solo), es fundamental elegir productos que los utilicen. <strong>vitaminas naturales<\/strong>ya que la investigaci\u00f3n cient\u00edfica nos dice que los naturales <strong>Son m\u00e1s f\u00e1cilmente asimilados por el organismo.<\/strong>en comparaci\u00f3n con los sint\u00e9ticos(1).<\/p>\n<p>Vitaminas naturales, como <strong>biotina y otras vitaminas B,<\/strong> son esenciales no s\u00f3lo para el bienestar del cabello, sino tambi\u00e9n para muchas otras funciones vitales de nuestro organismo. Lo ideal es combinarlos con extractos vegetales de plantas que realicen una acci\u00f3n espec\u00edfica para favorecer el crecimiento del cabello.<\/p>\n<h2><span class=\"ez-toc-section\" id=\"La_spirulina_e_consigliata_per_la_struttura_dei_capelli\"><\/span>La espirulina se recomienda para la estructura del cabello.<span class=\"ez-toc-section-end\"><\/span><\/h2>\n<p><strong>Entre los remedios a integrar sin duda tenemos la Espirulina.<\/strong>.<br \/>\nLa espirulina es una sustancia natural rica en prote\u00ednas biodisponibles, exactamente lo que el cabello fino necesita para su estructura, \u00a1desde la ra\u00edz hasta las puntas! Por lo tanto juega un papel valioso <strong>acci\u00f3n de apoyo y reparadora(2).<\/strong><\/p>\n<p>Sin embargo, <strong>Y<\/strong><strong>  Siempre es preferible elegir un suplemento que contenga una combinaci\u00f3n de varios extractos naturales en lugar de un solo ingrediente.<\/strong>. De hecho, una f\u00f3rmula basada en vitaminas y extractos naturales ha <strong>m\u00e1s probabilidades de ser eficaz<\/strong>ya que aprovecha la sinergia funcional creada entre las diferentes plantas, cada una con su propia funci\u00f3n de apoyo al bienestar del cabello.<\/p>\n<p>Por ejemplo, las formulaciones de suplementos que combinan espirulina con bamb\u00fa y ortiga, adem\u00e1s de vitaminas naturales, ofrecen un apoyo de 360\u00b0, abordando los diferentes factores que pueden causar problemas capilares.<\/p>\n<h2><span class=\"ez-toc-section\" id=\"Un_mix_di_principi_attivi_pensato_per_i_capelli_sottili\"><\/span>Una mezcla de ingredientes activos dise\u00f1ada para cabello fino.<span class=\"ez-toc-section-end\"><\/span><\/h2>\n<p><img loading=\"lazy\" decoding=\"async\" class=\"lazy lazy-hidden alignnone wp-image-1200906 size-full\" data-lazy-type=\"image\" src=\"https:\/\/stacatarina.mx\/consejos\/wp-content\/uploads\/2024\/12\/1733912698_145_\u00bfCual-es-el-mejor-complemento-para-el-cabello-fino.jpg\" alt=\"kiomasal-salugea-suplemento-capilar\" width=\"1500\" height=\"1000\"  ><noscript><img loading=\"lazy\" decoding=\"async\" class=\"alignnone wp-image-1200906 size-full\" src=\"https:\/\/stacatarina.mx\/consejos\/wp-content\/uploads\/2024\/12\/1733912698_145_\u00bfCual-es-el-mejor-complemento-para-el-cabello-fino.jpg\" alt=\"kiomasal-salugea-suplemento-capilar\" width=\"1500\" height=\"1000\"  ><\/noscript><\/p>\n<p><strong>Una f\u00f3rmula especialmente completa es la de Kiomasal Salugea<\/strong>: combina varios ingredientes naturales, cuyo efecto est\u00e1 respaldado no s\u00f3lo por numerosos comentarios positivos de quienes ya lo han probado, sino tambi\u00e9n por <strong>s\u00f3lido<\/strong> <strong>estudios cient\u00edficos<\/strong>.<\/p>\n<p>Este suplemento est\u00e1 enriquecido con extractos de plantas seleccionados, incluida la quercetina, un importante flavonoide.<br \/>\n<strong>En particular, la quercetina, junto con el cobre, act\u00faa sobre la 5-alfa-reductasa.<\/strong>una enzima que puede contribuir a la ca\u00edda del cabello relacionada con la alopecia androgen\u00e9tica<strong>manteniendo el fol\u00edculo piloso en fase de crecimiento (an\u00e1gena) durante un per\u00edodo m\u00e1s prolongado<\/strong>(3).<\/p>\n<p>Investigaciones cient\u00edficas, como la coordinada por Hiipakka(4) (2002) y Sugimoto(5) (1995), tambi\u00e9n han demostrado que la quercetina y el cobre son capaces de inhibir la formaci\u00f3n de DHT (dihidrotestosterona), una hormona que puede da\u00f1ar los fol\u00edculos pilosos. y crecimiento lento del cabello. Como lo demuestran los estudios<sup>4-5<\/sup> mencionado anteriormente, esta acci\u00f3n <strong>Ayuda a prevenir la ca\u00edda del cabello y mejorar la calidad de su estructura. <\/strong>\u00a1Otra cosa interesante!<strong> EL<\/strong>El cobre contribuye a mantener la pigmentaci\u00f3n del cabello.<\/p>\n<p>No sorprende que la f\u00f3rmula de <strong>Kiomasal es particularmente \u00fatil durante los cambios estacionales tanto para hombres como para mujeres.<\/strong>o en momentos particulares de la vida de la mujer como la menopausia o la lactancia, o cuando hay un importante <strong>perdida de cabello<\/strong>pero tambi\u00e9n para prevenir o limitar el problema, en general.<\/p>\n<p>Adem\u00e1s, puede ser \u00fatil para favorecer el bienestar de personas con una dieta desequilibrada o pobre en vitaminas, favoreciendo el bienestar del cuero cabelludo y favoreciendo la depuraci\u00f3n de toxinas, regulando la producci\u00f3n de sebo.<\/p>\n<p>Gracias entonces a la presencia de oligoelementos como el Zinc, el Cobre y el Selenio, <strong>la rica formulaci\u00f3n de Kiomasal Salugea <\/strong>tambi\u00e9n favorece el bienestar de la piel y las u\u00f1as (\u00a1que nunca est\u00e1 de m\u00e1s!).<\/p>\n<p>Pero los puntos fuertes de este suplemento a\u00fan no han terminado: se presenta en pr\u00e1cticas c\u00e1psulas vegetales que se pueden abrir y es apto para veganos y vegetarianos.<\/p>\n<h2><span class=\"ez-toc-section\" id=\"Estratti_titolati\"><\/span>Extractos titulados<span class=\"ez-toc-section-end\"><\/span><\/h2>\n<p>A la hora de elegir suplementos a base de extractos de plantas, es importante comprobar que se utilizan extractos secos titulados, en lugar de polvos micronizados o extractos secos simples.<\/p>\n<p>Los extractos secos titulados garantizan que el producto contiene una cantidad precisa y constante del ingrediente activo funcional, esencial para lograr los beneficios deseados.<\/p>\n<p>\u00bfC\u00f3mo comprobar la presencia de titulaci\u00f3n? Lea atentamente la lista de ingredientes en la etiqueta de los suplementos para el cabello o consulte a su farmac\u00e9utico.<\/p>\n<h2><span class=\"ez-toc-section\" id=\"Non_sottovalutare_la_confezione_degli_integratori_per_capelli_sottili\"><\/span>No subestimes el embalaje de los suplementos para cabello fino.<span class=\"ez-toc-section-end\"><\/span><\/h2>\n<p>Pocas personas lo piensan, pero otro aspecto fundamental a considerar a la hora de elegir un complemento con ingredientes para cabello fino es su conservaci\u00f3n.<\/p>\n<p><strong>Los suplementos de alta calidad se envasan en envases de vidrio oscuro.<\/strong>una elecci\u00f3n que garantiza una protecci\u00f3n eficaz contra los da\u00f1os causados \u200b\u200bpor la luz. De hecho, la luz puede alterar las propiedades de los principios activos, reduciendo la eficacia del producto.<\/p>\n<p><strong>El vidrio oscuro tambi\u00e9n es la opci\u00f3n m\u00e1s saludable<\/strong>: ahora se sabe que los pl\u00e1sticos, incluso aquellos aprobados para uso alimentario, pueden liberar en su contenido sustancias potencialmente nocivas para el organismo(6).<\/p>\n<p>Optar por envases de vidrio oscuro no s\u00f3lo preserva las propiedades del suplemento, sino que tambi\u00e9n es una opci\u00f3n ecosostenible frente al pl\u00e1stico y las ampollas.<\/p>\n<h2><span class=\"ez-toc-section\" id=\"Alimentazione_e_stile_di_vita_incidono_sui_capelli\"><\/span>La dieta y el estilo de vida afectan el cabello<span class=\"ez-toc-section-end\"><\/span><\/h2>\n<p>Cuando se trata de cabello fino, es importante elegir suplementos naturales de alta calidad que contengan la combinaci\u00f3n adecuada de elementos. Invertir en un producto bien formulado es fundamental para cuidar nuestro cabello de forma natural, segura pero tambi\u00e9n respetuosa con el medio ambiente.<\/p>\n<p>  no s\u00f3lo para un cabello sano y fuerte, sino para nuestro bienestar general.<\/p>\n<p>Una dieta baja en vitaminas y nutrientes sin duda afectar\u00e1 la apariencia de tu cabello y piel. Adem\u00e1s del estr\u00e9s. Por eso es importante cuidar siempre tu estilo de vida.<\/p>\n<\/p>\n<p><strong>FUENTES<\/strong><\/p>\n<p>(1) Thiel RJ. Las vitaminas naturales pueden ser superiores a las sint\u00e9ticas. Hip\u00f3tesis m\u00e9dicas. Diciembre de 2000; 55(6):461-9. doi: 10.1054\/mehy.2000.1090. PMID: 11090291.<\/p>\n<p>(2) Aplicaciones nutricionales y m\u00e9dicas de la microalga espirulina \u2013 Mini Rev Med Chem. 1 de junio de 2013; 13 (8): 1231-7. doi: 10.2174\/1389557511313080009. \u2013 SM Hosseini y otros.<\/p>\n<p>(3) Prevenci\u00f3n y tratamiento de la alopecia areata con quercetina en el modelo de rat\u00f3n C3H\/HeJ \u2013 Cell Stress Chaperones. 2012 marzo;17(2):267-74.- doi: 10.1007\/s12192-011-0305-3. Publicaci\u00f3n electr\u00f3nica del 1 de noviembre de 2011. \u2013 TC Wikramanayake<\/p>\n<p>(4) Hiipakka RA, Zhang HZ, Dai W, Dai Q, Liao S. Relaciones estructura-actividad para la inhibici\u00f3n de 5 alfa-reductasas humanas por iochem Pharmacol. 2002;63:1165\u201376<\/p>\n<p>(5) Sugimoto Y, L\u00f3pez Solache I, Labrie F, Luu-The V. Los cationes inhiben espec\u00edficamente la 5\u03b1-reductasa tipo I que se encuentra en la piel humana. J Invest Dermatol. 1995;104:775\u20138<\/p>\n<p>(6) Ilfattoalimentare.it \u2013 Disruptores endocrinos: la exposici\u00f3n de ni\u00f1os y adolescentes es preocupante. El pl\u00e1stico de un solo uso se encuentra entre las principales fuentes. El estudio de la ISS. Paola Emilia Cicer\u00f3n.<\/p>\n","protected":false},"excerpt":{"rendered":"<p>Cabello fino: un desaf\u00edo diario al que muchas se enfrentan sin saber por d\u00f3nde empezar. Si cada d\u00eda experimentas la frustraci\u00f3n de ver que tu<\/p>\n","protected":false},"author":1,"featured_media":1861,"comment_status":"closed","ping_status":"","sticky":false,"template":"","format":"standard","meta":{"footnotes":""},"categories":[762],"tags":[2711,1941,895,2712,27,29],"class_list":["post-1860","post","type-post","status-publish","format-standard","has-post-thumbnail","hentry","category-salud","tag-cabello","tag-complemento","tag-cual","tag-fino","tag-mejor","tag-para","generate-columns","tablet-grid-50","mobile-grid-100","grid-parent","grid-50"],"yoast_head":"<!-- This site is optimized with the Yoast SEO plugin v23.4 - https:\/\/yoast.com\/wordpress\/plugins\/seo\/ -->\n<title>\u00bfCu\u00e1l es el mejor complemento para el cabello fino? - Consejos - Santa Catarina<\/title>\n<meta name=\"robots\" content=\"index, follow, max-snippet:-1, max-image-preview:large, max-video-preview:-1\" \/>\n<link rel=\"canonical\" href=\"https:\/\/stacatarina.mx\/consejos\/cual-es-el-mejor-complemento-para-el-cabello-fino\/\" \/>\n<meta property=\"og:locale\" content=\"es_MX\" \/>\n<meta property=\"og:type\" content=\"article\" \/>\n<meta property=\"og:title\" content=\"\u00bfCu\u00e1l es el mejor complemento para el cabello fino? - Consejos - Santa Catarina\" \/>\n<meta property=\"og:description\" content=\"Cabello fino: un desaf\u00edo diario al que muchas se enfrentan sin saber por d\u00f3nde empezar. Si cada d\u00eda experimentas la frustraci\u00f3n de ver que tu\" \/>\n<meta property=\"og:url\" content=\"https:\/\/stacatarina.mx\/consejos\/cual-es-el-mejor-complemento-para-el-cabello-fino\/\" \/>\n<meta property=\"og:site_name\" content=\"Santa Catarina\" \/>\n<meta property=\"article:publisher\" content=\"https:\/\/www.facebook.com\/stacatarinagob\/\" \/>\n<meta property=\"article:published_time\" content=\"2024-12-11T10:24:58+00:00\" \/>\n<meta property=\"article:modified_time\" content=\"2024-12-11T10:24:59+00:00\" \/>\n<meta property=\"og:image\" content=\"https:\/\/stacatarina.mx\/consejos\/wp-content\/uploads\/2024\/12\/\u00bfCual-es-el-mejor-complemento-para-el-cabello-fino.jpg\" \/>\n\t<meta property=\"og:image:width\" content=\"1500\" \/>\n\t<meta property=\"og:image:height\" content=\"1000\" \/>\n\t<meta property=\"og:image:type\" content=\"image\/jpeg\" \/>\n<meta name=\"author\" content=\"Pedro Mart\u00ednez\" \/>\n<meta name=\"twitter:card\" content=\"summary_large_image\" \/>\n<meta name=\"twitter:creator\" content=\"@stacatarinagob\" \/>\n<meta name=\"twitter:site\" content=\"@stacatarinagob\" \/>\n<meta name=\"twitter:label1\" content=\"Escrito por\" \/>\n\t<meta name=\"twitter:data1\" content=\"Pedro Mart\u00ednez\" \/>\n\t<meta name=\"twitter:label2\" content=\"Tiempo de lectura\" \/>\n\t<meta name=\"twitter:data2\" content=\"7 minutos\" \/>\n<script type=\"application\/ld+json\" class=\"yoast-schema-graph\">{\"@context\":\"https:\/\/schema.org\",\"@graph\":[{\"@type\":\"Article\",\"@id\":\"https:\/\/stacatarina.mx\/consejos\/cual-es-el-mejor-complemento-para-el-cabello-fino\/#article\",\"isPartOf\":{\"@id\":\"https:\/\/stacatarina.mx\/consejos\/cual-es-el-mejor-complemento-para-el-cabello-fino\/\"},\"author\":{\"name\":\"Pedro Mart\u00ednez\",\"@id\":\"https:\/\/stacatarina.mx\/consejos\/#\/schema\/person\/0be60adffa8e4c4d0828fdf021450e8a\"},\"headline\":\"\u00bfCu\u00e1l es el mejor complemento para el cabello fino?\",\"datePublished\":\"2024-12-11T10:24:58+00:00\",\"dateModified\":\"2024-12-11T10:24:59+00:00\",\"mainEntityOfPage\":{\"@id\":\"https:\/\/stacatarina.mx\/consejos\/cual-es-el-mejor-complemento-para-el-cabello-fino\/\"},\"wordCount\":1395,\"publisher\":{\"@id\":\"https:\/\/stacatarina.mx\/consejos\/#organization\"},\"image\":{\"@id\":\"https:\/\/stacatarina.mx\/consejos\/cual-es-el-mejor-complemento-para-el-cabello-fino\/#primaryimage\"},\"thumbnailUrl\":\"https:\/\/stacatarina.mx\/consejos\/wp-content\/uploads\/2024\/12\/\u00bfCual-es-el-mejor-complemento-para-el-cabello-fino.jpg\",\"keywords\":[\"cabello\",\"complemento\",\"cu\u00e1l\",\"fino\",\"mejor\",\"para\"],\"articleSection\":[\"Salud\"],\"inLanguage\":\"es\"},{\"@type\":\"WebPage\",\"@id\":\"https:\/\/stacatarina.mx\/consejos\/cual-es-el-mejor-complemento-para-el-cabello-fino\/\",\"url\":\"https:\/\/stacatarina.mx\/consejos\/cual-es-el-mejor-complemento-para-el-cabello-fino\/\",\"name\":\"\u00bfCu\u00e1l es el mejor complemento para el cabello fino? - Consejos - Santa Catarina\",\"isPartOf\":{\"@id\":\"https:\/\/stacatarina.mx\/consejos\/#website\"},\"primaryImageOfPage\":{\"@id\":\"https:\/\/stacatarina.mx\/consejos\/cual-es-el-mejor-complemento-para-el-cabello-fino\/#primaryimage\"},\"image\":{\"@id\":\"https:\/\/stacatarina.mx\/consejos\/cual-es-el-mejor-complemento-para-el-cabello-fino\/#primaryimage\"},\"thumbnailUrl\":\"https:\/\/stacatarina.mx\/consejos\/wp-content\/uploads\/2024\/12\/\u00bfCual-es-el-mejor-complemento-para-el-cabello-fino.jpg\",\"datePublished\":\"2024-12-11T10:24:58+00:00\",\"dateModified\":\"2024-12-11T10:24:59+00:00\",\"breadcrumb\":{\"@id\":\"https:\/\/stacatarina.mx\/consejos\/cual-es-el-mejor-complemento-para-el-cabello-fino\/#breadcrumb\"},\"inLanguage\":\"es\",\"potentialAction\":[{\"@type\":\"ReadAction\",\"target\":[\"https:\/\/stacatarina.mx\/consejos\/cual-es-el-mejor-complemento-para-el-cabello-fino\/\"]}]},{\"@type\":\"ImageObject\",\"inLanguage\":\"es\",\"@id\":\"https:\/\/stacatarina.mx\/consejos\/cual-es-el-mejor-complemento-para-el-cabello-fino\/#primaryimage\",\"url\":\"https:\/\/stacatarina.mx\/consejos\/wp-content\/uploads\/2024\/12\/\u00bfCual-es-el-mejor-complemento-para-el-cabello-fino.jpg\",\"contentUrl\":\"https:\/\/stacatarina.mx\/consejos\/wp-content\/uploads\/2024\/12\/\u00bfCual-es-el-mejor-complemento-para-el-cabello-fino.jpg\",\"width\":1500,\"height\":1000,\"caption\":\"integratore per capelli fini\"},{\"@type\":\"BreadcrumbList\",\"@id\":\"https:\/\/stacatarina.mx\/consejos\/cual-es-el-mejor-complemento-para-el-cabello-fino\/#breadcrumb\",\"itemListElement\":[{\"@type\":\"ListItem\",\"position\":1,\"name\":\"Inicio\",\"item\":\"https:\/\/stacatarina.mx\/consejos\/\"},{\"@type\":\"ListItem\",\"position\":2,\"name\":\"\u00bfCu\u00e1l es el mejor complemento para el cabello fino?\"}]},{\"@type\":\"WebSite\",\"@id\":\"https:\/\/stacatarina.mx\/consejos\/#website\",\"url\":\"https:\/\/stacatarina.mx\/consejos\/\",\"name\":\"Santa Catarina\",\"description\":\"\",\"publisher\":{\"@id\":\"https:\/\/stacatarina.mx\/consejos\/#organization\"},\"potentialAction\":[{\"@type\":\"SearchAction\",\"target\":{\"@type\":\"EntryPoint\",\"urlTemplate\":\"https:\/\/stacatarina.mx\/consejos\/?s={search_term_string}\"},\"query-input\":{\"@type\":\"PropertyValueSpecification\",\"valueRequired\":true,\"valueName\":\"search_term_string\"}}],\"inLanguage\":\"es\"},{\"@type\":\"Organization\",\"@id\":\"https:\/\/stacatarina.mx\/consejos\/#organization\",\"name\":\"Santa Catarina\",\"url\":\"https:\/\/stacatarina.mx\/consejos\/\",\"logo\":{\"@type\":\"ImageObject\",\"inLanguage\":\"es\",\"@id\":\"https:\/\/stacatarina.mx\/consejos\/#\/schema\/logo\/image\/\",\"url\":\"https:\/\/stacatarina.mx\/consejos\/wp-content\/uploads\/2024\/09\/cropped-favicon-1-1.png\",\"contentUrl\":\"https:\/\/stacatarina.mx\/consejos\/wp-content\/uploads\/2024\/09\/cropped-favicon-1-1.png\",\"width\":512,\"height\":512,\"caption\":\"Santa Catarina\"},\"image\":{\"@id\":\"https:\/\/stacatarina.mx\/consejos\/#\/schema\/logo\/image\/\"},\"sameAs\":[\"https:\/\/www.facebook.com\/stacatarinagob\/\",\"https:\/\/x.com\/stacatarinagob\",\"https:\/\/www.instagram.com\/stacatarinagob\/\",\"https:\/\/www.youtube.com\/channel\/UCK-6cQJL_904665N1_nLTWw\"]},{\"@type\":\"Person\",\"@id\":\"https:\/\/stacatarina.mx\/consejos\/#\/schema\/person\/0be60adffa8e4c4d0828fdf021450e8a\",\"name\":\"Pedro Mart\u00ednez\",\"image\":{\"@type\":\"ImageObject\",\"inLanguage\":\"es\",\"@id\":\"https:\/\/stacatarina.mx\/consejos\/#\/schema\/person\/image\/\",\"url\":\"https:\/\/stacatarina.mx\/consejos\/wp-content\/uploads\/2024\/09\/stacatarina.jpg\",\"contentUrl\":\"https:\/\/stacatarina.mx\/consejos\/wp-content\/uploads\/2024\/09\/stacatarina.jpg\",\"caption\":\"Pedro Mart\u00ednez\"},\"description\":\"Hola, soy Pedro Mart\u00ednez, redactor jefe del sitio oficial del ayuntamiento de Santa Catarina, en M\u00e9xico. Con m\u00e1s de diez a\u00f1os de experiencia en el periodismo local, tengo una pasi\u00f3n por la investigaci\u00f3n y la difusi\u00f3n de informaci\u00f3n que valoriza nuestra hermosa comunidad. Mi compromiso es hacer de Santa Catarina una referencia en materia de transparencia y comunicaci\u00f3n municipal.\",\"sameAs\":[\"https:\/\/stacatarina.mx\/\"]}]}<\/script>\n<!-- \/ Yoast SEO plugin. -->","yoast_head_json":{"title":"\u00bfCu\u00e1l es el mejor complemento para el cabello fino? - Consejos - Santa Catarina","robots":{"index":"index","follow":"follow","max-snippet":"max-snippet:-1","max-image-preview":"max-image-preview:large","max-video-preview":"max-video-preview:-1"},"canonical":"https:\/\/stacatarina.mx\/consejos\/cual-es-el-mejor-complemento-para-el-cabello-fino\/","og_locale":"es_MX","og_type":"article","og_title":"\u00bfCu\u00e1l es el mejor complemento para el cabello fino? - Consejos - Santa Catarina","og_description":"Cabello fino: un desaf\u00edo diario al que muchas se enfrentan sin saber por d\u00f3nde empezar. Si cada d\u00eda experimentas la frustraci\u00f3n de ver que tu","og_url":"https:\/\/stacatarina.mx\/consejos\/cual-es-el-mejor-complemento-para-el-cabello-fino\/","og_site_name":"Santa Catarina","article_publisher":"https:\/\/www.facebook.com\/stacatarinagob\/","article_published_time":"2024-12-11T10:24:58+00:00","article_modified_time":"2024-12-11T10:24:59+00:00","og_image":[{"width":1500,"height":1000,"url":"https:\/\/stacatarina.mx\/consejos\/wp-content\/uploads\/2024\/12\/\u00bfCual-es-el-mejor-complemento-para-el-cabello-fino.jpg","type":"image\/jpeg"}],"author":"Pedro Mart\u00ednez","twitter_card":"summary_large_image","twitter_creator":"@stacatarinagob","twitter_site":"@stacatarinagob","twitter_misc":{"Escrito por":"Pedro Mart\u00ednez","Tiempo de lectura":"7 minutos"},"schema":{"@context":"https:\/\/schema.org","@graph":[{"@type":"Article","@id":"https:\/\/stacatarina.mx\/consejos\/cual-es-el-mejor-complemento-para-el-cabello-fino\/#article","isPartOf":{"@id":"https:\/\/stacatarina.mx\/consejos\/cual-es-el-mejor-complemento-para-el-cabello-fino\/"},"author":{"name":"Pedro Mart\u00ednez","@id":"https:\/\/stacatarina.mx\/consejos\/#\/schema\/person\/0be60adffa8e4c4d0828fdf021450e8a"},"headline":"\u00bfCu\u00e1l es el mejor complemento para el cabello fino?","datePublished":"2024-12-11T10:24:58+00:00","dateModified":"2024-12-11T10:24:59+00:00","mainEntityOfPage":{"@id":"https:\/\/stacatarina.mx\/consejos\/cual-es-el-mejor-complemento-para-el-cabello-fino\/"},"wordCount":1395,"publisher":{"@id":"https:\/\/stacatarina.mx\/consejos\/#organization"},"image":{"@id":"https:\/\/stacatarina.mx\/consejos\/cual-es-el-mejor-complemento-para-el-cabello-fino\/#primaryimage"},"thumbnailUrl":"https:\/\/stacatarina.mx\/consejos\/wp-content\/uploads\/2024\/12\/\u00bfCual-es-el-mejor-complemento-para-el-cabello-fino.jpg","keywords":["cabello","complemento","cu\u00e1l","fino","mejor","para"],"articleSection":["Salud"],"inLanguage":"es"},{"@type":"WebPage","@id":"https:\/\/stacatarina.mx\/consejos\/cual-es-el-mejor-complemento-para-el-cabello-fino\/","url":"https:\/\/stacatarina.mx\/consejos\/cual-es-el-mejor-complemento-para-el-cabello-fino\/","name":"\u00bfCu\u00e1l es el mejor complemento para el cabello fino? - Consejos - Santa Catarina","isPartOf":{"@id":"https:\/\/stacatarina.mx\/consejos\/#website"},"primaryImageOfPage":{"@id":"https:\/\/stacatarina.mx\/consejos\/cual-es-el-mejor-complemento-para-el-cabello-fino\/#primaryimage"},"image":{"@id":"https:\/\/stacatarina.mx\/consejos\/cual-es-el-mejor-complemento-para-el-cabello-fino\/#primaryimage"},"thumbnailUrl":"https:\/\/stacatarina.mx\/consejos\/wp-content\/uploads\/2024\/12\/\u00bfCual-es-el-mejor-complemento-para-el-cabello-fino.jpg","datePublished":"2024-12-11T10:24:58+00:00","dateModified":"2024-12-11T10:24:59+00:00","breadcrumb":{"@id":"https:\/\/stacatarina.mx\/consejos\/cual-es-el-mejor-complemento-para-el-cabello-fino\/#breadcrumb"},"inLanguage":"es","potentialAction":[{"@type":"ReadAction","target":["https:\/\/stacatarina.mx\/consejos\/cual-es-el-mejor-complemento-para-el-cabello-fino\/"]}]},{"@type":"ImageObject","inLanguage":"es","@id":"https:\/\/stacatarina.mx\/consejos\/cual-es-el-mejor-complemento-para-el-cabello-fino\/#primaryimage","url":"https:\/\/stacatarina.mx\/consejos\/wp-content\/uploads\/2024\/12\/\u00bfCual-es-el-mejor-complemento-para-el-cabello-fino.jpg","contentUrl":"https:\/\/stacatarina.mx\/consejos\/wp-content\/uploads\/2024\/12\/\u00bfCual-es-el-mejor-complemento-para-el-cabello-fino.jpg","width":1500,"height":1000,"caption":"integratore per capelli fini"},{"@type":"BreadcrumbList","@id":"https:\/\/stacatarina.mx\/consejos\/cual-es-el-mejor-complemento-para-el-cabello-fino\/#breadcrumb","itemListElement":[{"@type":"ListItem","position":1,"name":"Inicio","item":"https:\/\/stacatarina.mx\/consejos\/"},{"@type":"ListItem","position":2,"name":"\u00bfCu\u00e1l es el mejor complemento para el cabello fino?"}]},{"@type":"WebSite","@id":"https:\/\/stacatarina.mx\/consejos\/#website","url":"https:\/\/stacatarina.mx\/consejos\/","name":"Santa Catarina","description":"","publisher":{"@id":"https:\/\/stacatarina.mx\/consejos\/#organization"},"potentialAction":[{"@type":"SearchAction","target":{"@type":"EntryPoint","urlTemplate":"https:\/\/stacatarina.mx\/consejos\/?s={search_term_string}"},"query-input":{"@type":"PropertyValueSpecification","valueRequired":true,"valueName":"search_term_string"}}],"inLanguage":"es"},{"@type":"Organization","@id":"https:\/\/stacatarina.mx\/consejos\/#organization","name":"Santa Catarina","url":"https:\/\/stacatarina.mx\/consejos\/","logo":{"@type":"ImageObject","inLanguage":"es","@id":"https:\/\/stacatarina.mx\/consejos\/#\/schema\/logo\/image\/","url":"https:\/\/stacatarina.mx\/consejos\/wp-content\/uploads\/2024\/09\/cropped-favicon-1-1.png","contentUrl":"https:\/\/stacatarina.mx\/consejos\/wp-content\/uploads\/2024\/09\/cropped-favicon-1-1.png","width":512,"height":512,"caption":"Santa Catarina"},"image":{"@id":"https:\/\/stacatarina.mx\/consejos\/#\/schema\/logo\/image\/"},"sameAs":["https:\/\/www.facebook.com\/stacatarinagob\/","https:\/\/x.com\/stacatarinagob","https:\/\/www.instagram.com\/stacatarinagob\/","https:\/\/www.youtube.com\/channel\/UCK-6cQJL_904665N1_nLTWw"]},{"@type":"Person","@id":"https:\/\/stacatarina.mx\/consejos\/#\/schema\/person\/0be60adffa8e4c4d0828fdf021450e8a","name":"Pedro Mart\u00ednez","image":{"@type":"ImageObject","inLanguage":"es","@id":"https:\/\/stacatarina.mx\/consejos\/#\/schema\/person\/image\/","url":"https:\/\/stacatarina.mx\/consejos\/wp-content\/uploads\/2024\/09\/stacatarina.jpg","contentUrl":"https:\/\/stacatarina.mx\/consejos\/wp-content\/uploads\/2024\/09\/stacatarina.jpg","caption":"Pedro Mart\u00ednez"},"description":"Hola, soy Pedro Mart\u00ednez, redactor jefe del sitio oficial del ayuntamiento de Santa Catarina, en M\u00e9xico. Con m\u00e1s de diez a\u00f1os de experiencia en el periodismo local, tengo una pasi\u00f3n por la investigaci\u00f3n y la difusi\u00f3n de informaci\u00f3n que valoriza nuestra hermosa comunidad. Mi compromiso es hacer de Santa Catarina una referencia en materia de transparencia y comunicaci\u00f3n municipal.","sameAs":["https:\/\/stacatarina.mx\/"]}]}},"_links":{"self":[{"href":"https:\/\/stacatarina.mx\/consejos\/wp-json\/wp\/v2\/posts\/1860"}],"collection":[{"href":"https:\/\/stacatarina.mx\/consejos\/wp-json\/wp\/v2\/posts"}],"about":[{"href":"https:\/\/stacatarina.mx\/consejos\/wp-json\/wp\/v2\/types\/post"}],"author":[{"embeddable":true,"href":"https:\/\/stacatarina.mx\/consejos\/wp-json\/wp\/v2\/users\/1"}],"replies":[{"embeddable":true,"href":"https:\/\/stacatarina.mx\/consejos\/wp-json\/wp\/v2\/comments?post=1860"}],"version-history":[{"count":1,"href":"https:\/\/stacatarina.mx\/consejos\/wp-json\/wp\/v2\/posts\/1860\/revisions"}],"predecessor-version":[{"id":1862,"href":"https:\/\/stacatarina.mx\/consejos\/wp-json\/wp\/v2\/posts\/1860\/revisions\/1862"}],"wp:featuredmedia":[{"embeddable":true,"href":"https:\/\/stacatarina.mx\/consejos\/wp-json\/wp\/v2\/media\/1861"}],"wp:attachment":[{"href":"https:\/\/stacatarina.mx\/consejos\/wp-json\/wp\/v2\/media?parent=1860"}],"wp:term":[{"taxonomy":"category","embeddable":true,"href":"https:\/\/stacatarina.mx\/consejos\/wp-json\/wp\/v2\/categories?post=1860"},{"taxonomy":"post_tag","embeddable":true,"href":"https:\/\/stacatarina.mx\/consejos\/wp-json\/wp\/v2\/tags?post=1860"}],"curies":[{"name":"wp","href":"https:\/\/api.w.org\/{rel}","templated":true}]}}