{"id":1875,"date":"2024-12-11T14:25:37","date_gmt":"2024-12-11T20:25:37","guid":{"rendered":"https:\/\/stacatarina.mx\/consejos\/desarrollan-el-primer-ojo-bionico-restaura-la-vista-evitando-los-nervios-opticos-danados\/"},"modified":"2024-12-11T14:25:38","modified_gmt":"2024-12-11T20:25:38","slug":"desarrollan-el-primer-ojo-bionico-restaura-la-vista-evitando-los-nervios-opticos-danados","status":"publish","type":"post","link":"https:\/\/stacatarina.mx\/consejos\/desarrollan-el-primer-ojo-bionico-restaura-la-vista-evitando-los-nervios-opticos-danados\/","title":{"rendered":"Desarrollan el primer ojo bi\u00f3nico: restaura la vista evitando los nervios \u00f3pticos da\u00f1ados"},"content":{"rendered":"<p class=\"single-abstract\">\n<p>\t\t\t\t\t\t\t\t\t\t\t\t\t\t\t\t\tEl sistema de visi\u00f3n bi\u00f3nica Gennaris es el primer ojo bi\u00f3nico dise\u00f1ado para restaurar la percepci\u00f3n visual evitando los nervios \u00f3pticos da\u00f1ados y transmitiendo se\u00f1ales directamente al centro visual del cerebro.\t\t\t\t\t\t\t\t\t\t\t\t\t\t\t<\/p>\n<div class=\"daily-video\" style=\"display: none;\"><\/div>\n<div class=\"wrapper-player\" style=\"display: none; margin-bottom: 15px;\">\n<div id=\"daily-player\" style=\"position: relative; max-width: 100%;\" class=\"video-content\"><\/div>\n<\/p><\/div>\n<div class=\"image-wrapper featured-image no-lazy\" id=\"featured-image\"><\/div>\n<p>El <strong>tratamiento de la ceguera<\/strong> est\u00e1 viviendo una aut\u00e9ntica revoluci\u00f3n gracias a \u201c<strong>Sistema de visi\u00f3n bi\u00f3nica Gennaris<\/strong>&#8220;, la primera <strong>ojo bi\u00f3nico<\/strong> desarrollado por investigadores de <strong>Universidad de Monash en Australia<\/strong>. Esta tecnolog\u00eda de vanguardia representa un gran avance en la medicina y ofrece nuevas esperanzas a millones de personas ciegas.<\/p>\n<p>El sistema fue dise\u00f1ado para <strong>restaurar la percepci\u00f3n visual evitando los nervios \u00f3pticos da\u00f1ados<\/strong> y transmitir se\u00f1ales directamente al centro visual del cerebro. El coraz\u00f3n del sistema de visi\u00f3n bi\u00f3nica Gennaris es un sistema complejo compuesto por un <strong>c\u00e1mara en miniatura<\/strong> que el usuario usa en un casco especialmente dise\u00f1ado y una serie de implantes inal\u00e1mbricos.<\/p>\n<p>La c\u00e1mara captura im\u00e1genes de alta resoluci\u00f3n que vienen <strong>procesado por una unidad de visi\u00f3n<\/strong>. Luego, los datos procesados \u200b\u200bse env\u00edan a implantes insertados quir\u00fargicamente en la corteza visual primaria del cerebro. Cada implante, del tama\u00f1o aproximado de una u\u00f1a, contiene <strong>microelectrodos y circuitos avanzados<\/strong> capaz de estimular las c\u00e9lulas cerebrales mediante impulsos el\u00e9ctricos, traduciendo las se\u00f1ales en percepciones visuales.<\/p>\n<aside style=\"margin: 8px auto; text-align: center; display: block; clear: both;\">\n<div id=\"gpt-passback\">\n<\/div>\n<\/aside>\n<h2>Permite una visi\u00f3n de 100 grados.<\/h2>\n<p>Una de las caracter\u00edsticas distintivas del sistema Gennaris es la capacidad de ofrecer una <strong>Campo de visi\u00f3n m\u00e1s amplio y natural.<\/strong> en comparaci\u00f3n con tecnolog\u00edas anteriores. Actualmente el dispositivo permite uno <strong>visi\u00f3n de 100 grados<\/strong>superando significativamente las limitaciones de soluciones pasadas que se deten\u00edan en 70 grados.<\/p>\n<p>Esto fue posible gracias a innovaciones como el uso de nanocables altamente reactivos, que mejoran la velocidad de procesamiento de im\u00e1genes. Aunque el alcance visual, representa una mejora significativa respecto a intentos anteriores.<\/p>\n<p>El sistema de visi\u00f3n bi\u00f3nica Gennaris es el resultado de <strong>casi diez a\u00f1os de investigaci\u00f3n<\/strong>. Las pruebas precl\u00ednicas realizadas en animales, como ovejas, han <strong>demostr\u00f3 la eficacia y seguridad del sistema<\/strong>allanando el camino para los primeros ensayos cl\u00ednicos en humanos en Melbourne. Durante estos ensayos, el equipo de investigadores evaluar\u00e1 m\u00e1s a fondo el potencial de la tecnolog\u00eda para proporcionar una mejora concreta en la calidad de vida de quienes padecen ceguera incurable.<\/p>\n<p>Esta extraordinaria innovaci\u00f3n, nacida de la colaboraci\u00f3n entre ciencia y tecnolog\u00eda, tiene el potencial de transformar radicalmente el tratamiento de la ceguera, <strong>restaurar la autonom\u00eda y la esperanza<\/strong> a quienes m\u00e1s lo necesitan. A medida que avancen los ensayos cl\u00ednicos, el sistema de visi\u00f3n bi\u00f3nica Gennaris pronto se convertir\u00e1 en una realidad accesible, marcando una nueva era para la medicina.<\/p><\/p>\n","protected":false},"excerpt":{"rendered":"<p>El sistema de visi\u00f3n bi\u00f3nica Gennaris es el primer ojo bi\u00f3nico dise\u00f1ado para restaurar la percepci\u00f3n visual evitando los nervios \u00f3pticos da\u00f1ados y transmitiendo se\u00f1ales<\/p>\n","protected":false},"author":1,"featured_media":1876,"comment_status":"closed","ping_status":"","sticky":false,"template":"","format":"standard","meta":{"footnotes":""},"categories":[762],"tags":[2728,2733,2727,2730,62,2731,1567,2732,156,2729,2652],"class_list":["post-1875","post","type-post","status-publish","format-standard","has-post-thumbnail","hentry","category-salud","tag-bionico","tag-danados","tag-desarrollan","tag-evitando","tag-los","tag-nervios","tag-ojo","tag-opticos","tag-primer","tag-restaura","tag-vista","generate-columns","tablet-grid-50","mobile-grid-100","grid-parent","grid-50"],"yoast_head":"<!-- This site is optimized with the Yoast SEO plugin v23.4 - https:\/\/yoast.com\/wordpress\/plugins\/seo\/ -->\n<title>Desarrollan el primer ojo bi\u00f3nico: restaura la vista evitando los nervios \u00f3pticos da\u00f1ados - Consejos - Santa Catarina<\/title>\n<meta name=\"robots\" content=\"index, follow, max-snippet:-1, max-image-preview:large, max-video-preview:-1\" \/>\n<link rel=\"canonical\" href=\"https:\/\/stacatarina.mx\/consejos\/desarrollan-el-primer-ojo-bionico-restaura-la-vista-evitando-los-nervios-opticos-danados\/\" \/>\n<meta property=\"og:locale\" content=\"es_MX\" \/>\n<meta property=\"og:type\" content=\"article\" \/>\n<meta property=\"og:title\" content=\"Desarrollan el primer ojo bi\u00f3nico: restaura la vista evitando los nervios \u00f3pticos da\u00f1ados - Consejos - Santa Catarina\" \/>\n<meta property=\"og:description\" content=\"El sistema de visi\u00f3n bi\u00f3nica Gennaris es el primer ojo bi\u00f3nico dise\u00f1ado para restaurar la percepci\u00f3n visual evitando los nervios \u00f3pticos da\u00f1ados y transmitiendo se\u00f1ales\" \/>\n<meta property=\"og:url\" content=\"https:\/\/stacatarina.mx\/consejos\/desarrollan-el-primer-ojo-bionico-restaura-la-vista-evitando-los-nervios-opticos-danados\/\" \/>\n<meta property=\"og:site_name\" content=\"Santa Catarina\" \/>\n<meta property=\"article:publisher\" content=\"https:\/\/www.facebook.com\/stacatarinagob\/\" \/>\n<meta property=\"article:published_time\" content=\"2024-12-11T20:25:37+00:00\" \/>\n<meta property=\"article:modified_time\" content=\"2024-12-11T20:25:38+00:00\" \/>\n<meta property=\"og:image\" content=\"https:\/\/stacatarina.mx\/consejos\/wp-content\/uploads\/2024\/12\/Desarrollan-el-primer-ojo-bionico-restaura-la-vista-evitando-los.jpg\" \/>\n\t<meta property=\"og:image:width\" content=\"1500\" \/>\n\t<meta property=\"og:image:height\" content=\"1000\" \/>\n\t<meta property=\"og:image:type\" content=\"image\/jpeg\" \/>\n<meta name=\"author\" content=\"Pedro Mart\u00ednez\" \/>\n<meta name=\"twitter:card\" content=\"summary_large_image\" \/>\n<meta name=\"twitter:creator\" content=\"@stacatarinagob\" \/>\n<meta name=\"twitter:site\" content=\"@stacatarinagob\" \/>\n<meta name=\"twitter:label1\" content=\"Escrito por\" \/>\n\t<meta name=\"twitter:data1\" content=\"Pedro Mart\u00ednez\" \/>\n\t<meta name=\"twitter:label2\" content=\"Tiempo de lectura\" \/>\n\t<meta name=\"twitter:data2\" content=\"2 minutos\" \/>\n<script type=\"application\/ld+json\" class=\"yoast-schema-graph\">{\"@context\":\"https:\/\/schema.org\",\"@graph\":[{\"@type\":\"Article\",\"@id\":\"https:\/\/stacatarina.mx\/consejos\/desarrollan-el-primer-ojo-bionico-restaura-la-vista-evitando-los-nervios-opticos-danados\/#article\",\"isPartOf\":{\"@id\":\"https:\/\/stacatarina.mx\/consejos\/desarrollan-el-primer-ojo-bionico-restaura-la-vista-evitando-los-nervios-opticos-danados\/\"},\"author\":{\"name\":\"Pedro Mart\u00ednez\",\"@id\":\"https:\/\/stacatarina.mx\/consejos\/#\/schema\/person\/0be60adffa8e4c4d0828fdf021450e8a\"},\"headline\":\"Desarrollan el primer ojo bi\u00f3nico: restaura la vista evitando los nervios \u00f3pticos da\u00f1ados\",\"datePublished\":\"2024-12-11T20:25:37+00:00\",\"dateModified\":\"2024-12-11T20:25:38+00:00\",\"mainEntityOfPage\":{\"@id\":\"https:\/\/stacatarina.mx\/consejos\/desarrollan-el-primer-ojo-bionico-restaura-la-vista-evitando-los-nervios-opticos-danados\/\"},\"wordCount\":487,\"publisher\":{\"@id\":\"https:\/\/stacatarina.mx\/consejos\/#organization\"},\"image\":{\"@id\":\"https:\/\/stacatarina.mx\/consejos\/desarrollan-el-primer-ojo-bionico-restaura-la-vista-evitando-los-nervios-opticos-danados\/#primaryimage\"},\"thumbnailUrl\":\"https:\/\/stacatarina.mx\/consejos\/wp-content\/uploads\/2024\/12\/Desarrollan-el-primer-ojo-bionico-restaura-la-vista-evitando-los.jpg\",\"keywords\":[\"bi\u00f3nico\",\"da\u00f1ados\",\"Desarrollan\",\"evitando\",\"los\",\"nervios\",\"ojo\",\"\u00f3pticos\",\"primer\",\"restaura\",\"vista\"],\"articleSection\":[\"Salud\"],\"inLanguage\":\"es\"},{\"@type\":\"WebPage\",\"@id\":\"https:\/\/stacatarina.mx\/consejos\/desarrollan-el-primer-ojo-bionico-restaura-la-vista-evitando-los-nervios-opticos-danados\/\",\"url\":\"https:\/\/stacatarina.mx\/consejos\/desarrollan-el-primer-ojo-bionico-restaura-la-vista-evitando-los-nervios-opticos-danados\/\",\"name\":\"Desarrollan el primer ojo bi\u00f3nico: restaura la vista evitando los nervios \u00f3pticos da\u00f1ados - Consejos - Santa Catarina\",\"isPartOf\":{\"@id\":\"https:\/\/stacatarina.mx\/consejos\/#website\"},\"primaryImageOfPage\":{\"@id\":\"https:\/\/stacatarina.mx\/consejos\/desarrollan-el-primer-ojo-bionico-restaura-la-vista-evitando-los-nervios-opticos-danados\/#primaryimage\"},\"image\":{\"@id\":\"https:\/\/stacatarina.mx\/consejos\/desarrollan-el-primer-ojo-bionico-restaura-la-vista-evitando-los-nervios-opticos-danados\/#primaryimage\"},\"thumbnailUrl\":\"https:\/\/stacatarina.mx\/consejos\/wp-content\/uploads\/2024\/12\/Desarrollan-el-primer-ojo-bionico-restaura-la-vista-evitando-los.jpg\",\"datePublished\":\"2024-12-11T20:25:37+00:00\",\"dateModified\":\"2024-12-11T20:25:38+00:00\",\"breadcrumb\":{\"@id\":\"https:\/\/stacatarina.mx\/consejos\/desarrollan-el-primer-ojo-bionico-restaura-la-vista-evitando-los-nervios-opticos-danados\/#breadcrumb\"},\"inLanguage\":\"es\",\"potentialAction\":[{\"@type\":\"ReadAction\",\"target\":[\"https:\/\/stacatarina.mx\/consejos\/desarrollan-el-primer-ojo-bionico-restaura-la-vista-evitando-los-nervios-opticos-danados\/\"]}]},{\"@type\":\"ImageObject\",\"inLanguage\":\"es\",\"@id\":\"https:\/\/stacatarina.mx\/consejos\/desarrollan-el-primer-ojo-bionico-restaura-la-vista-evitando-los-nervios-opticos-danados\/#primaryimage\",\"url\":\"https:\/\/stacatarina.mx\/consejos\/wp-content\/uploads\/2024\/12\/Desarrollan-el-primer-ojo-bionico-restaura-la-vista-evitando-los.jpg\",\"contentUrl\":\"https:\/\/stacatarina.mx\/consejos\/wp-content\/uploads\/2024\/12\/Desarrollan-el-primer-ojo-bionico-restaura-la-vista-evitando-los.jpg\",\"width\":1500,\"height\":1000,\"caption\":\"Occhio bionico\"},{\"@type\":\"BreadcrumbList\",\"@id\":\"https:\/\/stacatarina.mx\/consejos\/desarrollan-el-primer-ojo-bionico-restaura-la-vista-evitando-los-nervios-opticos-danados\/#breadcrumb\",\"itemListElement\":[{\"@type\":\"ListItem\",\"position\":1,\"name\":\"Inicio\",\"item\":\"https:\/\/stacatarina.mx\/consejos\/\"},{\"@type\":\"ListItem\",\"position\":2,\"name\":\"Desarrollan el primer ojo bi\u00f3nico: restaura la vista evitando los nervios \u00f3pticos da\u00f1ados\"}]},{\"@type\":\"WebSite\",\"@id\":\"https:\/\/stacatarina.mx\/consejos\/#website\",\"url\":\"https:\/\/stacatarina.mx\/consejos\/\",\"name\":\"Santa Catarina\",\"description\":\"\",\"publisher\":{\"@id\":\"https:\/\/stacatarina.mx\/consejos\/#organization\"},\"potentialAction\":[{\"@type\":\"SearchAction\",\"target\":{\"@type\":\"EntryPoint\",\"urlTemplate\":\"https:\/\/stacatarina.mx\/consejos\/?s={search_term_string}\"},\"query-input\":{\"@type\":\"PropertyValueSpecification\",\"valueRequired\":true,\"valueName\":\"search_term_string\"}}],\"inLanguage\":\"es\"},{\"@type\":\"Organization\",\"@id\":\"https:\/\/stacatarina.mx\/consejos\/#organization\",\"name\":\"Santa Catarina\",\"url\":\"https:\/\/stacatarina.mx\/consejos\/\",\"logo\":{\"@type\":\"ImageObject\",\"inLanguage\":\"es\",\"@id\":\"https:\/\/stacatarina.mx\/consejos\/#\/schema\/logo\/image\/\",\"url\":\"https:\/\/stacatarina.mx\/consejos\/wp-content\/uploads\/2024\/09\/cropped-favicon-1-1.png\",\"contentUrl\":\"https:\/\/stacatarina.mx\/consejos\/wp-content\/uploads\/2024\/09\/cropped-favicon-1-1.png\",\"width\":512,\"height\":512,\"caption\":\"Santa Catarina\"},\"image\":{\"@id\":\"https:\/\/stacatarina.mx\/consejos\/#\/schema\/logo\/image\/\"},\"sameAs\":[\"https:\/\/www.facebook.com\/stacatarinagob\/\",\"https:\/\/x.com\/stacatarinagob\",\"https:\/\/www.instagram.com\/stacatarinagob\/\",\"https:\/\/www.youtube.com\/channel\/UCK-6cQJL_904665N1_nLTWw\"]},{\"@type\":\"Person\",\"@id\":\"https:\/\/stacatarina.mx\/consejos\/#\/schema\/person\/0be60adffa8e4c4d0828fdf021450e8a\",\"name\":\"Pedro Mart\u00ednez\",\"image\":{\"@type\":\"ImageObject\",\"inLanguage\":\"es\",\"@id\":\"https:\/\/stacatarina.mx\/consejos\/#\/schema\/person\/image\/\",\"url\":\"https:\/\/stacatarina.mx\/consejos\/wp-content\/uploads\/2024\/09\/stacatarina.jpg\",\"contentUrl\":\"https:\/\/stacatarina.mx\/consejos\/wp-content\/uploads\/2024\/09\/stacatarina.jpg\",\"caption\":\"Pedro Mart\u00ednez\"},\"description\":\"Hola, soy Pedro Mart\u00ednez, redactor jefe del sitio oficial del ayuntamiento de Santa Catarina, en M\u00e9xico. Con m\u00e1s de diez a\u00f1os de experiencia en el periodismo local, tengo una pasi\u00f3n por la investigaci\u00f3n y la difusi\u00f3n de informaci\u00f3n que valoriza nuestra hermosa comunidad. Mi compromiso es hacer de Santa Catarina una referencia en materia de transparencia y comunicaci\u00f3n municipal.\",\"sameAs\":[\"https:\/\/stacatarina.mx\/\"]}]}<\/script>\n<!-- \/ Yoast SEO plugin. -->","yoast_head_json":{"title":"Desarrollan el primer ojo bi\u00f3nico: restaura la vista evitando los nervios \u00f3pticos da\u00f1ados - Consejos - Santa Catarina","robots":{"index":"index","follow":"follow","max-snippet":"max-snippet:-1","max-image-preview":"max-image-preview:large","max-video-preview":"max-video-preview:-1"},"canonical":"https:\/\/stacatarina.mx\/consejos\/desarrollan-el-primer-ojo-bionico-restaura-la-vista-evitando-los-nervios-opticos-danados\/","og_locale":"es_MX","og_type":"article","og_title":"Desarrollan el primer ojo bi\u00f3nico: restaura la vista evitando los nervios \u00f3pticos da\u00f1ados - Consejos - Santa Catarina","og_description":"El sistema de visi\u00f3n bi\u00f3nica Gennaris es el primer ojo bi\u00f3nico dise\u00f1ado para restaurar la percepci\u00f3n visual evitando los nervios \u00f3pticos da\u00f1ados y transmitiendo se\u00f1ales","og_url":"https:\/\/stacatarina.mx\/consejos\/desarrollan-el-primer-ojo-bionico-restaura-la-vista-evitando-los-nervios-opticos-danados\/","og_site_name":"Santa Catarina","article_publisher":"https:\/\/www.facebook.com\/stacatarinagob\/","article_published_time":"2024-12-11T20:25:37+00:00","article_modified_time":"2024-12-11T20:25:38+00:00","og_image":[{"width":1500,"height":1000,"url":"https:\/\/stacatarina.mx\/consejos\/wp-content\/uploads\/2024\/12\/Desarrollan-el-primer-ojo-bionico-restaura-la-vista-evitando-los.jpg","type":"image\/jpeg"}],"author":"Pedro Mart\u00ednez","twitter_card":"summary_large_image","twitter_creator":"@stacatarinagob","twitter_site":"@stacatarinagob","twitter_misc":{"Escrito por":"Pedro Mart\u00ednez","Tiempo de lectura":"2 minutos"},"schema":{"@context":"https:\/\/schema.org","@graph":[{"@type":"Article","@id":"https:\/\/stacatarina.mx\/consejos\/desarrollan-el-primer-ojo-bionico-restaura-la-vista-evitando-los-nervios-opticos-danados\/#article","isPartOf":{"@id":"https:\/\/stacatarina.mx\/consejos\/desarrollan-el-primer-ojo-bionico-restaura-la-vista-evitando-los-nervios-opticos-danados\/"},"author":{"name":"Pedro Mart\u00ednez","@id":"https:\/\/stacatarina.mx\/consejos\/#\/schema\/person\/0be60adffa8e4c4d0828fdf021450e8a"},"headline":"Desarrollan el primer ojo bi\u00f3nico: restaura la vista evitando los nervios \u00f3pticos da\u00f1ados","datePublished":"2024-12-11T20:25:37+00:00","dateModified":"2024-12-11T20:25:38+00:00","mainEntityOfPage":{"@id":"https:\/\/stacatarina.mx\/consejos\/desarrollan-el-primer-ojo-bionico-restaura-la-vista-evitando-los-nervios-opticos-danados\/"},"wordCount":487,"publisher":{"@id":"https:\/\/stacatarina.mx\/consejos\/#organization"},"image":{"@id":"https:\/\/stacatarina.mx\/consejos\/desarrollan-el-primer-ojo-bionico-restaura-la-vista-evitando-los-nervios-opticos-danados\/#primaryimage"},"thumbnailUrl":"https:\/\/stacatarina.mx\/consejos\/wp-content\/uploads\/2024\/12\/Desarrollan-el-primer-ojo-bionico-restaura-la-vista-evitando-los.jpg","keywords":["bi\u00f3nico","da\u00f1ados","Desarrollan","evitando","los","nervios","ojo","\u00f3pticos","primer","restaura","vista"],"articleSection":["Salud"],"inLanguage":"es"},{"@type":"WebPage","@id":"https:\/\/stacatarina.mx\/consejos\/desarrollan-el-primer-ojo-bionico-restaura-la-vista-evitando-los-nervios-opticos-danados\/","url":"https:\/\/stacatarina.mx\/consejos\/desarrollan-el-primer-ojo-bionico-restaura-la-vista-evitando-los-nervios-opticos-danados\/","name":"Desarrollan el primer ojo bi\u00f3nico: restaura la vista evitando los nervios \u00f3pticos da\u00f1ados - Consejos - Santa Catarina","isPartOf":{"@id":"https:\/\/stacatarina.mx\/consejos\/#website"},"primaryImageOfPage":{"@id":"https:\/\/stacatarina.mx\/consejos\/desarrollan-el-primer-ojo-bionico-restaura-la-vista-evitando-los-nervios-opticos-danados\/#primaryimage"},"image":{"@id":"https:\/\/stacatarina.mx\/consejos\/desarrollan-el-primer-ojo-bionico-restaura-la-vista-evitando-los-nervios-opticos-danados\/#primaryimage"},"thumbnailUrl":"https:\/\/stacatarina.mx\/consejos\/wp-content\/uploads\/2024\/12\/Desarrollan-el-primer-ojo-bionico-restaura-la-vista-evitando-los.jpg","datePublished":"2024-12-11T20:25:37+00:00","dateModified":"2024-12-11T20:25:38+00:00","breadcrumb":{"@id":"https:\/\/stacatarina.mx\/consejos\/desarrollan-el-primer-ojo-bionico-restaura-la-vista-evitando-los-nervios-opticos-danados\/#breadcrumb"},"inLanguage":"es","potentialAction":[{"@type":"ReadAction","target":["https:\/\/stacatarina.mx\/consejos\/desarrollan-el-primer-ojo-bionico-restaura-la-vista-evitando-los-nervios-opticos-danados\/"]}]},{"@type":"ImageObject","inLanguage":"es","@id":"https:\/\/stacatarina.mx\/consejos\/desarrollan-el-primer-ojo-bionico-restaura-la-vista-evitando-los-nervios-opticos-danados\/#primaryimage","url":"https:\/\/stacatarina.mx\/consejos\/wp-content\/uploads\/2024\/12\/Desarrollan-el-primer-ojo-bionico-restaura-la-vista-evitando-los.jpg","contentUrl":"https:\/\/stacatarina.mx\/consejos\/wp-content\/uploads\/2024\/12\/Desarrollan-el-primer-ojo-bionico-restaura-la-vista-evitando-los.jpg","width":1500,"height":1000,"caption":"Occhio bionico"},{"@type":"BreadcrumbList","@id":"https:\/\/stacatarina.mx\/consejos\/desarrollan-el-primer-ojo-bionico-restaura-la-vista-evitando-los-nervios-opticos-danados\/#breadcrumb","itemListElement":[{"@type":"ListItem","position":1,"name":"Inicio","item":"https:\/\/stacatarina.mx\/consejos\/"},{"@type":"ListItem","position":2,"name":"Desarrollan el primer ojo bi\u00f3nico: restaura la vista evitando los nervios \u00f3pticos da\u00f1ados"}]},{"@type":"WebSite","@id":"https:\/\/stacatarina.mx\/consejos\/#website","url":"https:\/\/stacatarina.mx\/consejos\/","name":"Santa Catarina","description":"","publisher":{"@id":"https:\/\/stacatarina.mx\/consejos\/#organization"},"potentialAction":[{"@type":"SearchAction","target":{"@type":"EntryPoint","urlTemplate":"https:\/\/stacatarina.mx\/consejos\/?s={search_term_string}"},"query-input":{"@type":"PropertyValueSpecification","valueRequired":true,"valueName":"search_term_string"}}],"inLanguage":"es"},{"@type":"Organization","@id":"https:\/\/stacatarina.mx\/consejos\/#organization","name":"Santa Catarina","url":"https:\/\/stacatarina.mx\/consejos\/","logo":{"@type":"ImageObject","inLanguage":"es","@id":"https:\/\/stacatarina.mx\/consejos\/#\/schema\/logo\/image\/","url":"https:\/\/stacatarina.mx\/consejos\/wp-content\/uploads\/2024\/09\/cropped-favicon-1-1.png","contentUrl":"https:\/\/stacatarina.mx\/consejos\/wp-content\/uploads\/2024\/09\/cropped-favicon-1-1.png","width":512,"height":512,"caption":"Santa Catarina"},"image":{"@id":"https:\/\/stacatarina.mx\/consejos\/#\/schema\/logo\/image\/"},"sameAs":["https:\/\/www.facebook.com\/stacatarinagob\/","https:\/\/x.com\/stacatarinagob","https:\/\/www.instagram.com\/stacatarinagob\/","https:\/\/www.youtube.com\/channel\/UCK-6cQJL_904665N1_nLTWw"]},{"@type":"Person","@id":"https:\/\/stacatarina.mx\/consejos\/#\/schema\/person\/0be60adffa8e4c4d0828fdf021450e8a","name":"Pedro Mart\u00ednez","image":{"@type":"ImageObject","inLanguage":"es","@id":"https:\/\/stacatarina.mx\/consejos\/#\/schema\/person\/image\/","url":"https:\/\/stacatarina.mx\/consejos\/wp-content\/uploads\/2024\/09\/stacatarina.jpg","contentUrl":"https:\/\/stacatarina.mx\/consejos\/wp-content\/uploads\/2024\/09\/stacatarina.jpg","caption":"Pedro Mart\u00ednez"},"description":"Hola, soy Pedro Mart\u00ednez, redactor jefe del sitio oficial del ayuntamiento de Santa Catarina, en M\u00e9xico. Con m\u00e1s de diez a\u00f1os de experiencia en el periodismo local, tengo una pasi\u00f3n por la investigaci\u00f3n y la difusi\u00f3n de informaci\u00f3n que valoriza nuestra hermosa comunidad. Mi compromiso es hacer de Santa Catarina una referencia en materia de transparencia y comunicaci\u00f3n municipal.","sameAs":["https:\/\/stacatarina.mx\/"]}]}},"_links":{"self":[{"href":"https:\/\/stacatarina.mx\/consejos\/wp-json\/wp\/v2\/posts\/1875"}],"collection":[{"href":"https:\/\/stacatarina.mx\/consejos\/wp-json\/wp\/v2\/posts"}],"about":[{"href":"https:\/\/stacatarina.mx\/consejos\/wp-json\/wp\/v2\/types\/post"}],"author":[{"embeddable":true,"href":"https:\/\/stacatarina.mx\/consejos\/wp-json\/wp\/v2\/users\/1"}],"replies":[{"embeddable":true,"href":"https:\/\/stacatarina.mx\/consejos\/wp-json\/wp\/v2\/comments?post=1875"}],"version-history":[{"count":1,"href":"https:\/\/stacatarina.mx\/consejos\/wp-json\/wp\/v2\/posts\/1875\/revisions"}],"predecessor-version":[{"id":1877,"href":"https:\/\/stacatarina.mx\/consejos\/wp-json\/wp\/v2\/posts\/1875\/revisions\/1877"}],"wp:featuredmedia":[{"embeddable":true,"href":"https:\/\/stacatarina.mx\/consejos\/wp-json\/wp\/v2\/media\/1876"}],"wp:attachment":[{"href":"https:\/\/stacatarina.mx\/consejos\/wp-json\/wp\/v2\/media?parent=1875"}],"wp:term":[{"taxonomy":"category","embeddable":true,"href":"https:\/\/stacatarina.mx\/consejos\/wp-json\/wp\/v2\/categories?post=1875"},{"taxonomy":"post_tag","embeddable":true,"href":"https:\/\/stacatarina.mx\/consejos\/wp-json\/wp\/v2\/tags?post=1875"}],"curies":[{"name":"wp","href":"https:\/\/api.w.org\/{rel}","templated":true}]}}