{"id":1890,"date":"2024-12-12T08:25:22","date_gmt":"2024-12-12T14:25:22","guid":{"rendered":"https:\/\/stacatarina.mx\/consejos\/la-hibernacion-flexible-podria-ayudar-a-los-erizos-a-adaptarse-a-los-cambios-ambientales\/"},"modified":"2024-12-12T08:25:23","modified_gmt":"2024-12-12T14:25:23","slug":"la-hibernacion-flexible-podria-ayudar-a-los-erizos-a-adaptarse-a-los-cambios-ambientales","status":"publish","type":"post","link":"https:\/\/stacatarina.mx\/consejos\/la-hibernacion-flexible-podria-ayudar-a-los-erizos-a-adaptarse-a-los-cambios-ambientales\/","title":{"rendered":"La hibernaci\u00f3n flexible podr\u00eda ayudar a los erizos a adaptarse a los cambios ambientales"},"content":{"rendered":"<div class=\"entry-content\">\n<p>Una nueva investigaci\u00f3n ha descubierto que los erizos que viven en la misma zona semirrural tienen una amplia variaci\u00f3n en el tiempo y el patr\u00f3n de hibernaci\u00f3n, y algunos entran en hibernaci\u00f3n hasta tres meses m\u00e1s tarde que otros. Los investigadores dicen que esta flexibilidad podr\u00eda ayudarlos a adaptarse al cambio clim\u00e1tico y la urbanizaci\u00f3n.<\/p>\n<p>En un nuevo estudio, investigadores de la Universidad John Moores de Liverpool monitorearon los patrones de hibernaci\u00f3n de los erizos salvajes que viven en un campo de golf en desuso en Wirral. La investigaci\u00f3n, que a\u00fan no se ha publicado, se presentar\u00e1 en la reuni\u00f3n anual de la Sociedad Ecol\u00f3gica Brit\u00e1nica (BES) en Liverpool el d\u00eda 11.<sup>th<\/sup> Diciembre.<\/p>\n<p>Utilizando una combinaci\u00f3n de rastreadores de radio que podr\u00edan localizar a los animales y registrar la temperatura de su piel, junto con caminatas nocturnas iluminadas con antorchas, este es el primer estudio que revela los patrones de hibernaci\u00f3n sorprendentemente diversos de los erizos salvajes con este nivel de detalle.<\/p>\n<p>Los cinco erizos rastreados por radio en el estudio se sometieron a hibernaci\u00f3n, pero los investigadores observaron variaciones de hasta 93 d\u00edas en la fecha de inicio de la hibernaci\u00f3n y 47 d\u00edas en la fecha de finalizaci\u00f3n de la hibernaci\u00f3n entre individuos.<\/p>\n<p>&#8220;Fue una sorpresa ver que los erizos salvajes que viven en el mismo ambiente tuvieran tanta variaci\u00f3n en su patr\u00f3n de hibernaci\u00f3n&#8221;. dijo Katie Crawford, estudiante de doctorado en la Universidad John Moores que presentar\u00e1 la investigaci\u00f3n en la Reuni\u00f3n Anual de BES.<\/p>\n<p>\u201cEl primer erizo empez\u00f3 a hibernar a mediados de septiembre, cuando hac\u00eda 19\u00b0C (una temperatura muy alta para hibernar) y otro no entr\u00f3 en hibernaci\u00f3n hasta mediados de diciembre, cuando las temperaturas bajaban hasta -6\u00b0C (una temperatura muy alta). baja temperatura para que sigan activos)\u201d.<\/p>\n<p>Cuando los erizos hibernan, pasan por ciclos de letargo en los que disminuyen su tasa metab\u00f3lica y su temperatura corporal. Los ataques de letargo, que suelen durar de unos d\u00edas a semanas, se intercalan con estallidos de excitaci\u00f3n que duran desde unas horas hasta un par de d\u00edas.<\/p>\n<p>Sin embargo, en el estudio los investigadores encontraron que algunos individuos utilizaron fases cortas de letargo seguidas de fases prolongadas de actividad, en las que los animales probablemente buscaban alimento, durante hasta cinco d\u00edas al inicio y al final del per\u00edodo de hibernaci\u00f3n.<\/p>\n<p>Los investigadores dicen que este enfoque flexible de la hibernaci\u00f3n podr\u00eda ayudar a los erizos a adaptarse a las condiciones ambientales cambiantes.<\/p>\n<p>\u201cLos hibernadores corren un riesgo significativo debido al cambio clim\u00e1tico porque dependen en gran medida de la temperatura ambiente. Cuando las temperaturas son m\u00e1s altas, no pueden ahorrar tanta energ\u00eda porque no reducen tanto su temperatura corporal\u201d. explic\u00f3 Katie. Esto puede resultar problem\u00e1tico ya que cuando hibernan, viven de sus reservas de grasa.<\/p>\n<p>&#8220;Pero si los erizos utilizan estrategias de hibernaci\u00f3n flexibles para asegurarse de obtener suficiente alimento, esto podr\u00eda ayudarles a medida que los inviernos en el Reino Unido se vuelven m\u00e1s suaves y menos predecibles&#8221;.<\/p>\n<p>Los erizos europeos han sido elevados recientemente al estado casi amenazado en la Lista Roja de la UICN, siendo las colisiones viales una de las principales amenazas para ellos en el Reino Unido. Las poblaciones de las zonas rurales del Reino Unido est\u00e1n disminuyendo, mientras que las poblaciones urbanas se mantienen estables y aumentan en algunas zonas. <\/p>\n<p>Al describir el experimento que tuvo lugar entre la primavera de 2023 y la primavera de 2024, Katie dijo: \u201cAl comienzo del experimento, sal\u00edamos al campo de golf por la noche con grandes antorchas para buscar erizos. La poblaci\u00f3n all\u00ed era bastante numerosa, con alrededor de 26 personas solo en este campo de golf durante el verano.<\/p>\n<p>&#8220;Con la ayuda de mi supervisora, la Dra. Julia Nowack, etiquetamos un subconjunto de ellos con etiquetas de radio y luego los monitoreamos diariamente desde que comenzaron a hibernar hasta que terminaron&#8221;.<\/p>\n<p>Los investigadores advierten que con s\u00f3lo cinco erizos, el tama\u00f1o de la muestra es peque\u00f1o. Esto se debe a la naturaleza intensiva de la investigaci\u00f3n, lo que dificulta monitorear a m\u00e1s personas con este nivel de detalle.<\/p>\n<p>Actualmente, los investigadores est\u00e1n realizando un experimento de seguimiento en el que etiquetaron 11 erizos en diferentes h\u00e1bitats en la regi\u00f3n de Merseyside para ver si los animales en \u00e1reas urbanas muestran variaciones a\u00fan mayores. &#8220;Ya estamos viendo mucha flexibilidad en los patrones de hibernaci\u00f3n de la cohorte de este a\u00f1o&#8221;. a\u00f1adi\u00f3 Katie.<\/p>\n<p>Katie Crawford presentar\u00e1 el trabajo en la reuni\u00f3n anual de BES. Este trabajo se encuentra actualmente in\u00e9dito. Esta conferencia reunir\u00e1 a m\u00e1s de 1.500 ecologistas para discutir las \u00faltimas investigaciones ecol\u00f3gicas.<\/p>\n<hr class=\"wp-block-separator has-alpha-channel-opacity\"><\/div>\n","protected":false},"excerpt":{"rendered":"<p>Una nueva investigaci\u00f3n ha descubierto que los erizos que viven en la misma zona semirrural tienen una amplia variaci\u00f3n en el tiempo y el patr\u00f3n<\/p>\n","protected":false},"author":1,"featured_media":1891,"comment_status":"closed","ping_status":"","sticky":false,"template":"","format":"standard","meta":{"footnotes":""},"categories":[68],"tags":[2750,2752,956,2751,2749,2748,2747,62,125],"class_list":["post-1890","post","type-post","status-publish","format-standard","has-post-thumbnail","hentry","category-fauna-y-flora","tag-adaptarse","tag-ambientales","tag-ayudar","tag-cambios","tag-erizos","tag-flexible","tag-hibernacion","tag-los","tag-podria","generate-columns","tablet-grid-50","mobile-grid-100","grid-parent","grid-50"],"yoast_head":"<!-- This site is optimized with the Yoast SEO plugin v23.4 - https:\/\/yoast.com\/wordpress\/plugins\/seo\/ -->\n<title>La hibernaci\u00f3n flexible podr\u00eda ayudar a los erizos a adaptarse a los cambios ambientales - Consejos - Santa Catarina<\/title>\n<meta name=\"robots\" content=\"index, follow, max-snippet:-1, max-image-preview:large, max-video-preview:-1\" \/>\n<link rel=\"canonical\" href=\"https:\/\/stacatarina.mx\/consejos\/la-hibernacion-flexible-podria-ayudar-a-los-erizos-a-adaptarse-a-los-cambios-ambientales\/\" \/>\n<meta property=\"og:locale\" content=\"es_MX\" \/>\n<meta property=\"og:type\" content=\"article\" \/>\n<meta property=\"og:title\" content=\"La hibernaci\u00f3n flexible podr\u00eda ayudar a los erizos a adaptarse a los cambios ambientales - Consejos - Santa Catarina\" \/>\n<meta property=\"og:description\" content=\"Una nueva investigaci\u00f3n ha descubierto que los erizos que viven en la misma zona semirrural tienen una amplia variaci\u00f3n en el tiempo y el patr\u00f3n\" \/>\n<meta property=\"og:url\" content=\"https:\/\/stacatarina.mx\/consejos\/la-hibernacion-flexible-podria-ayudar-a-los-erizos-a-adaptarse-a-los-cambios-ambientales\/\" \/>\n<meta property=\"og:site_name\" content=\"Santa Catarina\" \/>\n<meta property=\"article:publisher\" content=\"https:\/\/www.facebook.com\/stacatarinagob\/\" \/>\n<meta property=\"article:published_time\" content=\"2024-12-12T14:25:22+00:00\" \/>\n<meta property=\"article:modified_time\" content=\"2024-12-12T14:25:23+00:00\" \/>\n<meta property=\"og:image\" content=\"https:\/\/stacatarina.mx\/consejos\/wp-content\/uploads\/2024\/12\/La-hibernacion-flexible-podria-ayudar-a-los-erizos-a-adaptarse.jpg\" \/>\n\t<meta property=\"og:image:width\" content=\"900\" \/>\n\t<meta property=\"og:image:height\" content=\"526\" \/>\n\t<meta property=\"og:image:type\" content=\"image\/jpeg\" \/>\n<meta name=\"author\" content=\"Pedro Mart\u00ednez\" \/>\n<meta name=\"twitter:card\" content=\"summary_large_image\" \/>\n<meta name=\"twitter:creator\" content=\"@stacatarinagob\" \/>\n<meta name=\"twitter:site\" content=\"@stacatarinagob\" \/>\n<meta name=\"twitter:label1\" content=\"Escrito por\" \/>\n\t<meta name=\"twitter:data1\" content=\"Pedro Mart\u00ednez\" \/>\n\t<meta name=\"twitter:label2\" content=\"Tiempo de lectura\" \/>\n\t<meta name=\"twitter:data2\" content=\"4 minutos\" \/>\n<script type=\"application\/ld+json\" class=\"yoast-schema-graph\">{\"@context\":\"https:\/\/schema.org\",\"@graph\":[{\"@type\":\"Article\",\"@id\":\"https:\/\/stacatarina.mx\/consejos\/la-hibernacion-flexible-podria-ayudar-a-los-erizos-a-adaptarse-a-los-cambios-ambientales\/#article\",\"isPartOf\":{\"@id\":\"https:\/\/stacatarina.mx\/consejos\/la-hibernacion-flexible-podria-ayudar-a-los-erizos-a-adaptarse-a-los-cambios-ambientales\/\"},\"author\":{\"name\":\"Pedro Mart\u00ednez\",\"@id\":\"https:\/\/stacatarina.mx\/consejos\/#\/schema\/person\/0be60adffa8e4c4d0828fdf021450e8a\"},\"headline\":\"La hibernaci\u00f3n flexible podr\u00eda ayudar a los erizos a adaptarse a los cambios ambientales\",\"datePublished\":\"2024-12-12T14:25:22+00:00\",\"dateModified\":\"2024-12-12T14:25:23+00:00\",\"mainEntityOfPage\":{\"@id\":\"https:\/\/stacatarina.mx\/consejos\/la-hibernacion-flexible-podria-ayudar-a-los-erizos-a-adaptarse-a-los-cambios-ambientales\/\"},\"wordCount\":837,\"publisher\":{\"@id\":\"https:\/\/stacatarina.mx\/consejos\/#organization\"},\"image\":{\"@id\":\"https:\/\/stacatarina.mx\/consejos\/la-hibernacion-flexible-podria-ayudar-a-los-erizos-a-adaptarse-a-los-cambios-ambientales\/#primaryimage\"},\"thumbnailUrl\":\"https:\/\/stacatarina.mx\/consejos\/wp-content\/uploads\/2024\/12\/La-hibernacion-flexible-podria-ayudar-a-los-erizos-a-adaptarse.jpg\",\"keywords\":[\"adaptarse\",\"ambientales\",\"ayudar\",\"cambios\",\"erizos\",\"flexible\",\"hibernaci\u00f3n\",\"los\",\"podr\u00eda\"],\"articleSection\":[\"Fauna y Flora\"],\"inLanguage\":\"es\"},{\"@type\":\"WebPage\",\"@id\":\"https:\/\/stacatarina.mx\/consejos\/la-hibernacion-flexible-podria-ayudar-a-los-erizos-a-adaptarse-a-los-cambios-ambientales\/\",\"url\":\"https:\/\/stacatarina.mx\/consejos\/la-hibernacion-flexible-podria-ayudar-a-los-erizos-a-adaptarse-a-los-cambios-ambientales\/\",\"name\":\"La hibernaci\u00f3n flexible podr\u00eda ayudar a los erizos a adaptarse a los cambios ambientales - Consejos - Santa Catarina\",\"isPartOf\":{\"@id\":\"https:\/\/stacatarina.mx\/consejos\/#website\"},\"primaryImageOfPage\":{\"@id\":\"https:\/\/stacatarina.mx\/consejos\/la-hibernacion-flexible-podria-ayudar-a-los-erizos-a-adaptarse-a-los-cambios-ambientales\/#primaryimage\"},\"image\":{\"@id\":\"https:\/\/stacatarina.mx\/consejos\/la-hibernacion-flexible-podria-ayudar-a-los-erizos-a-adaptarse-a-los-cambios-ambientales\/#primaryimage\"},\"thumbnailUrl\":\"https:\/\/stacatarina.mx\/consejos\/wp-content\/uploads\/2024\/12\/La-hibernacion-flexible-podria-ayudar-a-los-erizos-a-adaptarse.jpg\",\"datePublished\":\"2024-12-12T14:25:22+00:00\",\"dateModified\":\"2024-12-12T14:25:23+00:00\",\"breadcrumb\":{\"@id\":\"https:\/\/stacatarina.mx\/consejos\/la-hibernacion-flexible-podria-ayudar-a-los-erizos-a-adaptarse-a-los-cambios-ambientales\/#breadcrumb\"},\"inLanguage\":\"es\",\"potentialAction\":[{\"@type\":\"ReadAction\",\"target\":[\"https:\/\/stacatarina.mx\/consejos\/la-hibernacion-flexible-podria-ayudar-a-los-erizos-a-adaptarse-a-los-cambios-ambientales\/\"]}]},{\"@type\":\"ImageObject\",\"inLanguage\":\"es\",\"@id\":\"https:\/\/stacatarina.mx\/consejos\/la-hibernacion-flexible-podria-ayudar-a-los-erizos-a-adaptarse-a-los-cambios-ambientales\/#primaryimage\",\"url\":\"https:\/\/stacatarina.mx\/consejos\/wp-content\/uploads\/2024\/12\/La-hibernacion-flexible-podria-ayudar-a-los-erizos-a-adaptarse.jpg\",\"contentUrl\":\"https:\/\/stacatarina.mx\/consejos\/wp-content\/uploads\/2024\/12\/La-hibernacion-flexible-podria-ayudar-a-los-erizos-a-adaptarse.jpg\",\"width\":900,\"height\":526,\"caption\":\"Flexible hibernation could help hedgehogs adapt to environmental changes\"},{\"@type\":\"BreadcrumbList\",\"@id\":\"https:\/\/stacatarina.mx\/consejos\/la-hibernacion-flexible-podria-ayudar-a-los-erizos-a-adaptarse-a-los-cambios-ambientales\/#breadcrumb\",\"itemListElement\":[{\"@type\":\"ListItem\",\"position\":1,\"name\":\"Inicio\",\"item\":\"https:\/\/stacatarina.mx\/consejos\/\"},{\"@type\":\"ListItem\",\"position\":2,\"name\":\"La hibernaci\u00f3n flexible podr\u00eda ayudar a los erizos a adaptarse a los cambios ambientales\"}]},{\"@type\":\"WebSite\",\"@id\":\"https:\/\/stacatarina.mx\/consejos\/#website\",\"url\":\"https:\/\/stacatarina.mx\/consejos\/\",\"name\":\"Santa Catarina\",\"description\":\"\",\"publisher\":{\"@id\":\"https:\/\/stacatarina.mx\/consejos\/#organization\"},\"potentialAction\":[{\"@type\":\"SearchAction\",\"target\":{\"@type\":\"EntryPoint\",\"urlTemplate\":\"https:\/\/stacatarina.mx\/consejos\/?s={search_term_string}\"},\"query-input\":{\"@type\":\"PropertyValueSpecification\",\"valueRequired\":true,\"valueName\":\"search_term_string\"}}],\"inLanguage\":\"es\"},{\"@type\":\"Organization\",\"@id\":\"https:\/\/stacatarina.mx\/consejos\/#organization\",\"name\":\"Santa Catarina\",\"url\":\"https:\/\/stacatarina.mx\/consejos\/\",\"logo\":{\"@type\":\"ImageObject\",\"inLanguage\":\"es\",\"@id\":\"https:\/\/stacatarina.mx\/consejos\/#\/schema\/logo\/image\/\",\"url\":\"https:\/\/stacatarina.mx\/consejos\/wp-content\/uploads\/2024\/09\/cropped-favicon-1-1.png\",\"contentUrl\":\"https:\/\/stacatarina.mx\/consejos\/wp-content\/uploads\/2024\/09\/cropped-favicon-1-1.png\",\"width\":512,\"height\":512,\"caption\":\"Santa Catarina\"},\"image\":{\"@id\":\"https:\/\/stacatarina.mx\/consejos\/#\/schema\/logo\/image\/\"},\"sameAs\":[\"https:\/\/www.facebook.com\/stacatarinagob\/\",\"https:\/\/x.com\/stacatarinagob\",\"https:\/\/www.instagram.com\/stacatarinagob\/\",\"https:\/\/www.youtube.com\/channel\/UCK-6cQJL_904665N1_nLTWw\"]},{\"@type\":\"Person\",\"@id\":\"https:\/\/stacatarina.mx\/consejos\/#\/schema\/person\/0be60adffa8e4c4d0828fdf021450e8a\",\"name\":\"Pedro Mart\u00ednez\",\"image\":{\"@type\":\"ImageObject\",\"inLanguage\":\"es\",\"@id\":\"https:\/\/stacatarina.mx\/consejos\/#\/schema\/person\/image\/\",\"url\":\"https:\/\/stacatarina.mx\/consejos\/wp-content\/uploads\/2024\/09\/stacatarina.jpg\",\"contentUrl\":\"https:\/\/stacatarina.mx\/consejos\/wp-content\/uploads\/2024\/09\/stacatarina.jpg\",\"caption\":\"Pedro Mart\u00ednez\"},\"description\":\"Hola, soy Pedro Mart\u00ednez, redactor jefe del sitio oficial del ayuntamiento de Santa Catarina, en M\u00e9xico. Con m\u00e1s de diez a\u00f1os de experiencia en el periodismo local, tengo una pasi\u00f3n por la investigaci\u00f3n y la difusi\u00f3n de informaci\u00f3n que valoriza nuestra hermosa comunidad. Mi compromiso es hacer de Santa Catarina una referencia en materia de transparencia y comunicaci\u00f3n municipal.\",\"sameAs\":[\"https:\/\/stacatarina.mx\/\"]}]}<\/script>\n<!-- \/ Yoast SEO plugin. -->","yoast_head_json":{"title":"La hibernaci\u00f3n flexible podr\u00eda ayudar a los erizos a adaptarse a los cambios ambientales - Consejos - Santa Catarina","robots":{"index":"index","follow":"follow","max-snippet":"max-snippet:-1","max-image-preview":"max-image-preview:large","max-video-preview":"max-video-preview:-1"},"canonical":"https:\/\/stacatarina.mx\/consejos\/la-hibernacion-flexible-podria-ayudar-a-los-erizos-a-adaptarse-a-los-cambios-ambientales\/","og_locale":"es_MX","og_type":"article","og_title":"La hibernaci\u00f3n flexible podr\u00eda ayudar a los erizos a adaptarse a los cambios ambientales - Consejos - Santa Catarina","og_description":"Una nueva investigaci\u00f3n ha descubierto que los erizos que viven en la misma zona semirrural tienen una amplia variaci\u00f3n en el tiempo y el patr\u00f3n","og_url":"https:\/\/stacatarina.mx\/consejos\/la-hibernacion-flexible-podria-ayudar-a-los-erizos-a-adaptarse-a-los-cambios-ambientales\/","og_site_name":"Santa Catarina","article_publisher":"https:\/\/www.facebook.com\/stacatarinagob\/","article_published_time":"2024-12-12T14:25:22+00:00","article_modified_time":"2024-12-12T14:25:23+00:00","og_image":[{"width":900,"height":526,"url":"https:\/\/stacatarina.mx\/consejos\/wp-content\/uploads\/2024\/12\/La-hibernacion-flexible-podria-ayudar-a-los-erizos-a-adaptarse.jpg","type":"image\/jpeg"}],"author":"Pedro Mart\u00ednez","twitter_card":"summary_large_image","twitter_creator":"@stacatarinagob","twitter_site":"@stacatarinagob","twitter_misc":{"Escrito por":"Pedro Mart\u00ednez","Tiempo de lectura":"4 minutos"},"schema":{"@context":"https:\/\/schema.org","@graph":[{"@type":"Article","@id":"https:\/\/stacatarina.mx\/consejos\/la-hibernacion-flexible-podria-ayudar-a-los-erizos-a-adaptarse-a-los-cambios-ambientales\/#article","isPartOf":{"@id":"https:\/\/stacatarina.mx\/consejos\/la-hibernacion-flexible-podria-ayudar-a-los-erizos-a-adaptarse-a-los-cambios-ambientales\/"},"author":{"name":"Pedro Mart\u00ednez","@id":"https:\/\/stacatarina.mx\/consejos\/#\/schema\/person\/0be60adffa8e4c4d0828fdf021450e8a"},"headline":"La hibernaci\u00f3n flexible podr\u00eda ayudar a los erizos a adaptarse a los cambios ambientales","datePublished":"2024-12-12T14:25:22+00:00","dateModified":"2024-12-12T14:25:23+00:00","mainEntityOfPage":{"@id":"https:\/\/stacatarina.mx\/consejos\/la-hibernacion-flexible-podria-ayudar-a-los-erizos-a-adaptarse-a-los-cambios-ambientales\/"},"wordCount":837,"publisher":{"@id":"https:\/\/stacatarina.mx\/consejos\/#organization"},"image":{"@id":"https:\/\/stacatarina.mx\/consejos\/la-hibernacion-flexible-podria-ayudar-a-los-erizos-a-adaptarse-a-los-cambios-ambientales\/#primaryimage"},"thumbnailUrl":"https:\/\/stacatarina.mx\/consejos\/wp-content\/uploads\/2024\/12\/La-hibernacion-flexible-podria-ayudar-a-los-erizos-a-adaptarse.jpg","keywords":["adaptarse","ambientales","ayudar","cambios","erizos","flexible","hibernaci\u00f3n","los","podr\u00eda"],"articleSection":["Fauna y Flora"],"inLanguage":"es"},{"@type":"WebPage","@id":"https:\/\/stacatarina.mx\/consejos\/la-hibernacion-flexible-podria-ayudar-a-los-erizos-a-adaptarse-a-los-cambios-ambientales\/","url":"https:\/\/stacatarina.mx\/consejos\/la-hibernacion-flexible-podria-ayudar-a-los-erizos-a-adaptarse-a-los-cambios-ambientales\/","name":"La hibernaci\u00f3n flexible podr\u00eda ayudar a los erizos a adaptarse a los cambios ambientales - Consejos - Santa Catarina","isPartOf":{"@id":"https:\/\/stacatarina.mx\/consejos\/#website"},"primaryImageOfPage":{"@id":"https:\/\/stacatarina.mx\/consejos\/la-hibernacion-flexible-podria-ayudar-a-los-erizos-a-adaptarse-a-los-cambios-ambientales\/#primaryimage"},"image":{"@id":"https:\/\/stacatarina.mx\/consejos\/la-hibernacion-flexible-podria-ayudar-a-los-erizos-a-adaptarse-a-los-cambios-ambientales\/#primaryimage"},"thumbnailUrl":"https:\/\/stacatarina.mx\/consejos\/wp-content\/uploads\/2024\/12\/La-hibernacion-flexible-podria-ayudar-a-los-erizos-a-adaptarse.jpg","datePublished":"2024-12-12T14:25:22+00:00","dateModified":"2024-12-12T14:25:23+00:00","breadcrumb":{"@id":"https:\/\/stacatarina.mx\/consejos\/la-hibernacion-flexible-podria-ayudar-a-los-erizos-a-adaptarse-a-los-cambios-ambientales\/#breadcrumb"},"inLanguage":"es","potentialAction":[{"@type":"ReadAction","target":["https:\/\/stacatarina.mx\/consejos\/la-hibernacion-flexible-podria-ayudar-a-los-erizos-a-adaptarse-a-los-cambios-ambientales\/"]}]},{"@type":"ImageObject","inLanguage":"es","@id":"https:\/\/stacatarina.mx\/consejos\/la-hibernacion-flexible-podria-ayudar-a-los-erizos-a-adaptarse-a-los-cambios-ambientales\/#primaryimage","url":"https:\/\/stacatarina.mx\/consejos\/wp-content\/uploads\/2024\/12\/La-hibernacion-flexible-podria-ayudar-a-los-erizos-a-adaptarse.jpg","contentUrl":"https:\/\/stacatarina.mx\/consejos\/wp-content\/uploads\/2024\/12\/La-hibernacion-flexible-podria-ayudar-a-los-erizos-a-adaptarse.jpg","width":900,"height":526,"caption":"Flexible hibernation could help hedgehogs adapt to environmental changes"},{"@type":"BreadcrumbList","@id":"https:\/\/stacatarina.mx\/consejos\/la-hibernacion-flexible-podria-ayudar-a-los-erizos-a-adaptarse-a-los-cambios-ambientales\/#breadcrumb","itemListElement":[{"@type":"ListItem","position":1,"name":"Inicio","item":"https:\/\/stacatarina.mx\/consejos\/"},{"@type":"ListItem","position":2,"name":"La hibernaci\u00f3n flexible podr\u00eda ayudar a los erizos a adaptarse a los cambios ambientales"}]},{"@type":"WebSite","@id":"https:\/\/stacatarina.mx\/consejos\/#website","url":"https:\/\/stacatarina.mx\/consejos\/","name":"Santa Catarina","description":"","publisher":{"@id":"https:\/\/stacatarina.mx\/consejos\/#organization"},"potentialAction":[{"@type":"SearchAction","target":{"@type":"EntryPoint","urlTemplate":"https:\/\/stacatarina.mx\/consejos\/?s={search_term_string}"},"query-input":{"@type":"PropertyValueSpecification","valueRequired":true,"valueName":"search_term_string"}}],"inLanguage":"es"},{"@type":"Organization","@id":"https:\/\/stacatarina.mx\/consejos\/#organization","name":"Santa Catarina","url":"https:\/\/stacatarina.mx\/consejos\/","logo":{"@type":"ImageObject","inLanguage":"es","@id":"https:\/\/stacatarina.mx\/consejos\/#\/schema\/logo\/image\/","url":"https:\/\/stacatarina.mx\/consejos\/wp-content\/uploads\/2024\/09\/cropped-favicon-1-1.png","contentUrl":"https:\/\/stacatarina.mx\/consejos\/wp-content\/uploads\/2024\/09\/cropped-favicon-1-1.png","width":512,"height":512,"caption":"Santa Catarina"},"image":{"@id":"https:\/\/stacatarina.mx\/consejos\/#\/schema\/logo\/image\/"},"sameAs":["https:\/\/www.facebook.com\/stacatarinagob\/","https:\/\/x.com\/stacatarinagob","https:\/\/www.instagram.com\/stacatarinagob\/","https:\/\/www.youtube.com\/channel\/UCK-6cQJL_904665N1_nLTWw"]},{"@type":"Person","@id":"https:\/\/stacatarina.mx\/consejos\/#\/schema\/person\/0be60adffa8e4c4d0828fdf021450e8a","name":"Pedro Mart\u00ednez","image":{"@type":"ImageObject","inLanguage":"es","@id":"https:\/\/stacatarina.mx\/consejos\/#\/schema\/person\/image\/","url":"https:\/\/stacatarina.mx\/consejos\/wp-content\/uploads\/2024\/09\/stacatarina.jpg","contentUrl":"https:\/\/stacatarina.mx\/consejos\/wp-content\/uploads\/2024\/09\/stacatarina.jpg","caption":"Pedro Mart\u00ednez"},"description":"Hola, soy Pedro Mart\u00ednez, redactor jefe del sitio oficial del ayuntamiento de Santa Catarina, en M\u00e9xico. Con m\u00e1s de diez a\u00f1os de experiencia en el periodismo local, tengo una pasi\u00f3n por la investigaci\u00f3n y la difusi\u00f3n de informaci\u00f3n que valoriza nuestra hermosa comunidad. Mi compromiso es hacer de Santa Catarina una referencia en materia de transparencia y comunicaci\u00f3n municipal.","sameAs":["https:\/\/stacatarina.mx\/"]}]}},"_links":{"self":[{"href":"https:\/\/stacatarina.mx\/consejos\/wp-json\/wp\/v2\/posts\/1890"}],"collection":[{"href":"https:\/\/stacatarina.mx\/consejos\/wp-json\/wp\/v2\/posts"}],"about":[{"href":"https:\/\/stacatarina.mx\/consejos\/wp-json\/wp\/v2\/types\/post"}],"author":[{"embeddable":true,"href":"https:\/\/stacatarina.mx\/consejos\/wp-json\/wp\/v2\/users\/1"}],"replies":[{"embeddable":true,"href":"https:\/\/stacatarina.mx\/consejos\/wp-json\/wp\/v2\/comments?post=1890"}],"version-history":[{"count":1,"href":"https:\/\/stacatarina.mx\/consejos\/wp-json\/wp\/v2\/posts\/1890\/revisions"}],"predecessor-version":[{"id":1892,"href":"https:\/\/stacatarina.mx\/consejos\/wp-json\/wp\/v2\/posts\/1890\/revisions\/1892"}],"wp:featuredmedia":[{"embeddable":true,"href":"https:\/\/stacatarina.mx\/consejos\/wp-json\/wp\/v2\/media\/1891"}],"wp:attachment":[{"href":"https:\/\/stacatarina.mx\/consejos\/wp-json\/wp\/v2\/media?parent=1890"}],"wp:term":[{"taxonomy":"category","embeddable":true,"href":"https:\/\/stacatarina.mx\/consejos\/wp-json\/wp\/v2\/categories?post=1890"},{"taxonomy":"post_tag","embeddable":true,"href":"https:\/\/stacatarina.mx\/consejos\/wp-json\/wp\/v2\/tags?post=1890"}],"curies":[{"name":"wp","href":"https:\/\/api.w.org\/{rel}","templated":true}]}}