{"id":1944,"date":"2024-12-16T04:27:53","date_gmt":"2024-12-16T10:27:53","guid":{"rendered":"https:\/\/stacatarina.mx\/consejos\/ahora-es-oficial-el-trafico-nos-vuelve-locos-no-solo-contamina-el-medio-ambiente-sino-tambien-nuestra-salud-mental\/"},"modified":"2024-12-16T04:27:54","modified_gmt":"2024-12-16T10:27:54","slug":"ahora-es-oficial-el-trafico-nos-vuelve-locos-no-solo-contamina-el-medio-ambiente-sino-tambien-nuestra-salud-mental","status":"publish","type":"post","link":"https:\/\/stacatarina.mx\/consejos\/ahora-es-oficial-el-trafico-nos-vuelve-locos-no-solo-contamina-el-medio-ambiente-sino-tambien-nuestra-salud-mental\/","title":{"rendered":"Ahora es oficial, el tr\u00e1fico nos vuelve locos: no s\u00f3lo contamina el medio ambiente sino tambi\u00e9n nuestra salud mental"},"content":{"rendered":"<p class=\"single-abstract\">\n<p>\t\t\t\t\t\t\t\t\t\t\t\t\t\t\t\t\tVivimos rodeados de ruido: lo toleramos, nos adaptamos, pero \u00bfa qu\u00e9 precio? Un nuevo estudio revela c\u00f3mo el tr\u00e1fico urbano no s\u00f3lo contamina el medio ambiente, sino tambi\u00e9n nuestro equilibrio mental\t\t\t\t\t\t\t\t\t\t\t\t\t\t\t<\/p>\n<div class=\"daily-video\" style=\"display: none;\"><\/div>\n<div class=\"wrapper-player\" style=\"display: none; margin-bottom: 15px;\">\n<div id=\"daily-player\" style=\"position: relative; max-width: 100%;\" class=\"video-content\"><\/div>\n<\/p><\/div>\n<div class=\"image-wrapper featured-image no-lazy\" id=\"featured-image\"><\/div>\n<p>El <strong>ruido del trafico<\/strong> es una parte integral de la vida de la ciudad: bocinas, motores y gritos forman una banda sonora omnipresente que a menudo aceptamos como inevitable. Muchas veces nos decimos que \u201cnos acostumbramos\u201d, pero la verdad es otra: nuestro cuerpo y nuestra mente nunca dejan de sufrir las consecuencias.<\/p>\n<p>La ciencia lo confirma: el <strong>ruido urbano<\/strong> no es una molestia pasajera, sino una amenaza para la salud. Estudios anteriores han demostrado que la exposici\u00f3n al tr\u00e1fico puede aumentar el riesgo de <strong>ansiedad, depresi\u00f3n<\/strong>e incluso enfermedades cardiovasculares. Por el contrario, sumergirse en los sonidos de la naturaleza tiene el efecto contrario: calma los nervios, reduce el estr\u00e9s y estimula la mente. Pero \u00bfqu\u00e9 pasa cuando el canto de los p\u00e1jaros se mezcla con el rugido de los coches?<\/p>\n<h2>Naturaleza y tr\u00e1fico: \u00bfel posible compromiso?<\/h2>\n<p>Un nuevo estudio publicado en <em>PLoS<\/em> intent\u00f3 responder a esta pregunta. Los investigadores involucraron a 68 voluntarios, invit\u00e1ndolos a escuchar tres paisajes sonoros diferentes:<\/p>\n<aside style=\"margin: 8px auto; text-align: center; display: block; clear: both;\">\n<div id=\"gpt-passback\">\n<\/div>\n<\/aside>\n<p>Los resultados son esclarecedores. Los participantes que escucharon el paisaje natural grabaron un <strong>clara reducci\u00f3n de la ansiedad<\/strong> y una mejora del estado de \u00e1nimo. Sin embargo, cuando los sonidos de la naturaleza estaban contaminados por el ruido del tr\u00e1fico, el efecto calmante disminu\u00eda, especialmente a medida que aumentaba la velocidad de los coches.<\/p>\n<p>Esto demuestra que yo <strong>ruidos antropog\u00e9nicos<\/strong> puede eclipsar los beneficios del contacto con la naturaleza. Sin embargo, seg\u00fan los autores del estudio, reducir la velocidad del tr\u00e1fico podr\u00eda ser un primer paso para mejorar la calidad de vida en la ciudad, creando entornos multisensoriales m\u00e1s saludables y agradables.<\/p>\n<h3>Repensar las ciudades: m\u00e1s verdes, menos ruido<\/h3>\n<p>El ruido no es s\u00f3lo una cuesti\u00f3n ac\u00fastica. Afecta nuestro bienestar en niveles profundos. Integrar <strong>espacios verdes<\/strong> en contextos urbanos no es s\u00f3lo una elecci\u00f3n est\u00e9tica: es una necesidad para la salud f\u00edsica y mental. Los \u00e1rboles, parques y zonas verdes ofrecen un refugio contra el estr\u00e9s urbano, reduciendo los niveles de cortisol y mejorando la calidad de vida, como se\u00f1alan los investigadores:<\/p>\n<blockquote>\n<p>Es esencial preservar espacios verdes lo suficientemente grandes como para proteger tanto la vida silvestre como el bienestar humano.<\/p>\n<\/blockquote>\n<p>Sin embargo, el estudio destaca una limitaci\u00f3n: la investigaci\u00f3n involucr\u00f3 principalmente a estudiantes universitarios, una muestra que no representa a todos los segmentos de la poblaci\u00f3n urbana. Se necesitan m\u00e1s estudios para evaluar el impacto del ruido en diferentes grupos sociales y culturales.<\/p>\n<p>No podemos ignorar la importancia de los sonidos en el entorno en el que vivimos. EL <strong>ruidos urbanos<\/strong>a menudo aceptados como inevitables, provocan estr\u00e9s, ansiedad y aislamiento emocional. Sin embargo, promover la <strong>silencio natural<\/strong> y reducir la contaminaci\u00f3n ac\u00fastica no es imposible. Es hora de repensar nuestras ciudades, promoviendo el bienestar a trav\u00e9s de pol\u00edticas que fomenten la biodiversidad, reduzcan la velocidad del tr\u00e1fico y fomenten el transporte sostenible.<\/p><\/p>\n","protected":false},"excerpt":{"rendered":"<p>Vivimos rodeados de ruido: lo toleramos, nos adaptamos, pero \u00bfa qu\u00e9 precio? Un nuevo estudio revela c\u00f3mo el tr\u00e1fico urbano no s\u00f3lo contamina el medio<\/p>\n","protected":false},"author":1,"featured_media":1945,"comment_status":"closed","ping_status":"","sticky":false,"template":"","format":"standard","meta":{"footnotes":""},"categories":[762],"tags":[534,489,2813,953,488,1593,297,1103,2812,945,2608,628,416,2511,105],"class_list":["post-1944","post","type-post","status-publish","format-standard","has-post-thumbnail","hentry","category-salud","tag-ahora","tag-ambiente","tag-contamina","tag-locos","tag-medio","tag-mental","tag-nos","tag-nuestra","tag-oficial","tag-salud","tag-sino","tag-solo","tag-tambien","tag-trafico","tag-vuelve","generate-columns","tablet-grid-50","mobile-grid-100","grid-parent","grid-50"],"yoast_head":"<!-- This site is optimized with the Yoast SEO plugin v23.4 - https:\/\/yoast.com\/wordpress\/plugins\/seo\/ -->\n<title>Ahora es oficial, el tr\u00e1fico nos vuelve locos: no s\u00f3lo contamina el medio ambiente sino tambi\u00e9n nuestra salud mental - Consejos - Santa Catarina<\/title>\n<meta name=\"robots\" content=\"index, follow, max-snippet:-1, max-image-preview:large, max-video-preview:-1\" \/>\n<link rel=\"canonical\" href=\"https:\/\/stacatarina.mx\/consejos\/ahora-es-oficial-el-trafico-nos-vuelve-locos-no-solo-contamina-el-medio-ambiente-sino-tambien-nuestra-salud-mental\/\" \/>\n<meta property=\"og:locale\" content=\"es_MX\" \/>\n<meta property=\"og:type\" content=\"article\" \/>\n<meta property=\"og:title\" content=\"Ahora es oficial, el tr\u00e1fico nos vuelve locos: no s\u00f3lo contamina el medio ambiente sino tambi\u00e9n nuestra salud mental - Consejos - Santa Catarina\" \/>\n<meta property=\"og:description\" content=\"Vivimos rodeados de ruido: lo toleramos, nos adaptamos, pero \u00bfa qu\u00e9 precio? Un nuevo estudio revela c\u00f3mo el tr\u00e1fico urbano no s\u00f3lo contamina el medio\" \/>\n<meta property=\"og:url\" content=\"https:\/\/stacatarina.mx\/consejos\/ahora-es-oficial-el-trafico-nos-vuelve-locos-no-solo-contamina-el-medio-ambiente-sino-tambien-nuestra-salud-mental\/\" \/>\n<meta property=\"og:site_name\" content=\"Santa Catarina\" \/>\n<meta property=\"article:publisher\" content=\"https:\/\/www.facebook.com\/stacatarinagob\/\" \/>\n<meta property=\"article:published_time\" content=\"2024-12-16T10:27:53+00:00\" \/>\n<meta property=\"article:modified_time\" content=\"2024-12-16T10:27:54+00:00\" \/>\n<meta property=\"og:image\" content=\"https:\/\/stacatarina.mx\/consejos\/wp-content\/uploads\/2024\/12\/Ahora-es-oficial-el-trafico-nos-vuelve-locos-no-solo.jpg\" \/>\n\t<meta property=\"og:image:width\" content=\"1500\" \/>\n\t<meta property=\"og:image:height\" content=\"1000\" \/>\n\t<meta property=\"og:image:type\" content=\"image\/jpeg\" \/>\n<meta name=\"author\" content=\"Pedro Mart\u00ednez\" \/>\n<meta name=\"twitter:card\" content=\"summary_large_image\" \/>\n<meta name=\"twitter:creator\" content=\"@stacatarinagob\" \/>\n<meta name=\"twitter:site\" content=\"@stacatarinagob\" \/>\n<meta name=\"twitter:label1\" content=\"Escrito por\" \/>\n\t<meta name=\"twitter:data1\" content=\"Pedro Mart\u00ednez\" \/>\n\t<meta name=\"twitter:label2\" content=\"Tiempo de lectura\" \/>\n\t<meta name=\"twitter:data2\" content=\"3 minutos\" \/>\n<script type=\"application\/ld+json\" class=\"yoast-schema-graph\">{\"@context\":\"https:\/\/schema.org\",\"@graph\":[{\"@type\":\"Article\",\"@id\":\"https:\/\/stacatarina.mx\/consejos\/ahora-es-oficial-el-trafico-nos-vuelve-locos-no-solo-contamina-el-medio-ambiente-sino-tambien-nuestra-salud-mental\/#article\",\"isPartOf\":{\"@id\":\"https:\/\/stacatarina.mx\/consejos\/ahora-es-oficial-el-trafico-nos-vuelve-locos-no-solo-contamina-el-medio-ambiente-sino-tambien-nuestra-salud-mental\/\"},\"author\":{\"name\":\"Pedro Mart\u00ednez\",\"@id\":\"https:\/\/stacatarina.mx\/consejos\/#\/schema\/person\/0be60adffa8e4c4d0828fdf021450e8a\"},\"headline\":\"Ahora es oficial, el tr\u00e1fico nos vuelve locos: no s\u00f3lo contamina el medio ambiente sino tambi\u00e9n nuestra salud mental\",\"datePublished\":\"2024-12-16T10:27:53+00:00\",\"dateModified\":\"2024-12-16T10:27:54+00:00\",\"mainEntityOfPage\":{\"@id\":\"https:\/\/stacatarina.mx\/consejos\/ahora-es-oficial-el-trafico-nos-vuelve-locos-no-solo-contamina-el-medio-ambiente-sino-tambien-nuestra-salud-mental\/\"},\"wordCount\":554,\"publisher\":{\"@id\":\"https:\/\/stacatarina.mx\/consejos\/#organization\"},\"image\":{\"@id\":\"https:\/\/stacatarina.mx\/consejos\/ahora-es-oficial-el-trafico-nos-vuelve-locos-no-solo-contamina-el-medio-ambiente-sino-tambien-nuestra-salud-mental\/#primaryimage\"},\"thumbnailUrl\":\"https:\/\/stacatarina.mx\/consejos\/wp-content\/uploads\/2024\/12\/Ahora-es-oficial-el-trafico-nos-vuelve-locos-no-solo.jpg\",\"keywords\":[\"ahora\",\"ambiente\",\"contamina\",\"locos\",\"medio\",\"mental\",\"nos\",\"nuestra\",\"oficial\",\"salud\",\"sino\",\"solo\",\"tambi\u00e9n\",\"tr\u00e1fico\",\"vuelve\"],\"articleSection\":[\"Salud\"],\"inLanguage\":\"es\"},{\"@type\":\"WebPage\",\"@id\":\"https:\/\/stacatarina.mx\/consejos\/ahora-es-oficial-el-trafico-nos-vuelve-locos-no-solo-contamina-el-medio-ambiente-sino-tambien-nuestra-salud-mental\/\",\"url\":\"https:\/\/stacatarina.mx\/consejos\/ahora-es-oficial-el-trafico-nos-vuelve-locos-no-solo-contamina-el-medio-ambiente-sino-tambien-nuestra-salud-mental\/\",\"name\":\"Ahora es oficial, el tr\u00e1fico nos vuelve locos: no s\u00f3lo contamina el medio ambiente sino tambi\u00e9n nuestra salud mental - Consejos - Santa Catarina\",\"isPartOf\":{\"@id\":\"https:\/\/stacatarina.mx\/consejos\/#website\"},\"primaryImageOfPage\":{\"@id\":\"https:\/\/stacatarina.mx\/consejos\/ahora-es-oficial-el-trafico-nos-vuelve-locos-no-solo-contamina-el-medio-ambiente-sino-tambien-nuestra-salud-mental\/#primaryimage\"},\"image\":{\"@id\":\"https:\/\/stacatarina.mx\/consejos\/ahora-es-oficial-el-trafico-nos-vuelve-locos-no-solo-contamina-el-medio-ambiente-sino-tambien-nuestra-salud-mental\/#primaryimage\"},\"thumbnailUrl\":\"https:\/\/stacatarina.mx\/consejos\/wp-content\/uploads\/2024\/12\/Ahora-es-oficial-el-trafico-nos-vuelve-locos-no-solo.jpg\",\"datePublished\":\"2024-12-16T10:27:53+00:00\",\"dateModified\":\"2024-12-16T10:27:54+00:00\",\"breadcrumb\":{\"@id\":\"https:\/\/stacatarina.mx\/consejos\/ahora-es-oficial-el-trafico-nos-vuelve-locos-no-solo-contamina-el-medio-ambiente-sino-tambien-nuestra-salud-mental\/#breadcrumb\"},\"inLanguage\":\"es\",\"potentialAction\":[{\"@type\":\"ReadAction\",\"target\":[\"https:\/\/stacatarina.mx\/consejos\/ahora-es-oficial-el-trafico-nos-vuelve-locos-no-solo-contamina-el-medio-ambiente-sino-tambien-nuestra-salud-mental\/\"]}]},{\"@type\":\"ImageObject\",\"inLanguage\":\"es\",\"@id\":\"https:\/\/stacatarina.mx\/consejos\/ahora-es-oficial-el-trafico-nos-vuelve-locos-no-solo-contamina-el-medio-ambiente-sino-tambien-nuestra-salud-mental\/#primaryimage\",\"url\":\"https:\/\/stacatarina.mx\/consejos\/wp-content\/uploads\/2024\/12\/Ahora-es-oficial-el-trafico-nos-vuelve-locos-no-solo.jpg\",\"contentUrl\":\"https:\/\/stacatarina.mx\/consejos\/wp-content\/uploads\/2024\/12\/Ahora-es-oficial-el-trafico-nos-vuelve-locos-no-solo.jpg\",\"width\":1500,\"height\":1000,\"caption\":\"traffico rumore\"},{\"@type\":\"BreadcrumbList\",\"@id\":\"https:\/\/stacatarina.mx\/consejos\/ahora-es-oficial-el-trafico-nos-vuelve-locos-no-solo-contamina-el-medio-ambiente-sino-tambien-nuestra-salud-mental\/#breadcrumb\",\"itemListElement\":[{\"@type\":\"ListItem\",\"position\":1,\"name\":\"Inicio\",\"item\":\"https:\/\/stacatarina.mx\/consejos\/\"},{\"@type\":\"ListItem\",\"position\":2,\"name\":\"Ahora es oficial, el tr\u00e1fico nos vuelve locos: no s\u00f3lo contamina el medio ambiente sino tambi\u00e9n nuestra salud mental\"}]},{\"@type\":\"WebSite\",\"@id\":\"https:\/\/stacatarina.mx\/consejos\/#website\",\"url\":\"https:\/\/stacatarina.mx\/consejos\/\",\"name\":\"Santa Catarina\",\"description\":\"\",\"publisher\":{\"@id\":\"https:\/\/stacatarina.mx\/consejos\/#organization\"},\"potentialAction\":[{\"@type\":\"SearchAction\",\"target\":{\"@type\":\"EntryPoint\",\"urlTemplate\":\"https:\/\/stacatarina.mx\/consejos\/?s={search_term_string}\"},\"query-input\":{\"@type\":\"PropertyValueSpecification\",\"valueRequired\":true,\"valueName\":\"search_term_string\"}}],\"inLanguage\":\"es\"},{\"@type\":\"Organization\",\"@id\":\"https:\/\/stacatarina.mx\/consejos\/#organization\",\"name\":\"Santa Catarina\",\"url\":\"https:\/\/stacatarina.mx\/consejos\/\",\"logo\":{\"@type\":\"ImageObject\",\"inLanguage\":\"es\",\"@id\":\"https:\/\/stacatarina.mx\/consejos\/#\/schema\/logo\/image\/\",\"url\":\"https:\/\/stacatarina.mx\/consejos\/wp-content\/uploads\/2024\/09\/cropped-favicon-1-1.png\",\"contentUrl\":\"https:\/\/stacatarina.mx\/consejos\/wp-content\/uploads\/2024\/09\/cropped-favicon-1-1.png\",\"width\":512,\"height\":512,\"caption\":\"Santa Catarina\"},\"image\":{\"@id\":\"https:\/\/stacatarina.mx\/consejos\/#\/schema\/logo\/image\/\"},\"sameAs\":[\"https:\/\/www.facebook.com\/stacatarinagob\/\",\"https:\/\/x.com\/stacatarinagob\",\"https:\/\/www.instagram.com\/stacatarinagob\/\",\"https:\/\/www.youtube.com\/channel\/UCK-6cQJL_904665N1_nLTWw\"]},{\"@type\":\"Person\",\"@id\":\"https:\/\/stacatarina.mx\/consejos\/#\/schema\/person\/0be60adffa8e4c4d0828fdf021450e8a\",\"name\":\"Pedro Mart\u00ednez\",\"image\":{\"@type\":\"ImageObject\",\"inLanguage\":\"es\",\"@id\":\"https:\/\/stacatarina.mx\/consejos\/#\/schema\/person\/image\/\",\"url\":\"https:\/\/stacatarina.mx\/consejos\/wp-content\/uploads\/2024\/09\/stacatarina.jpg\",\"contentUrl\":\"https:\/\/stacatarina.mx\/consejos\/wp-content\/uploads\/2024\/09\/stacatarina.jpg\",\"caption\":\"Pedro Mart\u00ednez\"},\"description\":\"Hola, soy Pedro Mart\u00ednez, redactor jefe del sitio oficial del ayuntamiento de Santa Catarina, en M\u00e9xico. Con m\u00e1s de diez a\u00f1os de experiencia en el periodismo local, tengo una pasi\u00f3n por la investigaci\u00f3n y la difusi\u00f3n de informaci\u00f3n que valoriza nuestra hermosa comunidad. Mi compromiso es hacer de Santa Catarina una referencia en materia de transparencia y comunicaci\u00f3n municipal.\",\"sameAs\":[\"https:\/\/stacatarina.mx\/\"]}]}<\/script>\n<!-- \/ Yoast SEO plugin. -->","yoast_head_json":{"title":"Ahora es oficial, el tr\u00e1fico nos vuelve locos: no s\u00f3lo contamina el medio ambiente sino tambi\u00e9n nuestra salud mental - Consejos - Santa Catarina","robots":{"index":"index","follow":"follow","max-snippet":"max-snippet:-1","max-image-preview":"max-image-preview:large","max-video-preview":"max-video-preview:-1"},"canonical":"https:\/\/stacatarina.mx\/consejos\/ahora-es-oficial-el-trafico-nos-vuelve-locos-no-solo-contamina-el-medio-ambiente-sino-tambien-nuestra-salud-mental\/","og_locale":"es_MX","og_type":"article","og_title":"Ahora es oficial, el tr\u00e1fico nos vuelve locos: no s\u00f3lo contamina el medio ambiente sino tambi\u00e9n nuestra salud mental - Consejos - Santa Catarina","og_description":"Vivimos rodeados de ruido: lo toleramos, nos adaptamos, pero \u00bfa qu\u00e9 precio? Un nuevo estudio revela c\u00f3mo el tr\u00e1fico urbano no s\u00f3lo contamina el medio","og_url":"https:\/\/stacatarina.mx\/consejos\/ahora-es-oficial-el-trafico-nos-vuelve-locos-no-solo-contamina-el-medio-ambiente-sino-tambien-nuestra-salud-mental\/","og_site_name":"Santa Catarina","article_publisher":"https:\/\/www.facebook.com\/stacatarinagob\/","article_published_time":"2024-12-16T10:27:53+00:00","article_modified_time":"2024-12-16T10:27:54+00:00","og_image":[{"width":1500,"height":1000,"url":"https:\/\/stacatarina.mx\/consejos\/wp-content\/uploads\/2024\/12\/Ahora-es-oficial-el-trafico-nos-vuelve-locos-no-solo.jpg","type":"image\/jpeg"}],"author":"Pedro Mart\u00ednez","twitter_card":"summary_large_image","twitter_creator":"@stacatarinagob","twitter_site":"@stacatarinagob","twitter_misc":{"Escrito por":"Pedro Mart\u00ednez","Tiempo de lectura":"3 minutos"},"schema":{"@context":"https:\/\/schema.org","@graph":[{"@type":"Article","@id":"https:\/\/stacatarina.mx\/consejos\/ahora-es-oficial-el-trafico-nos-vuelve-locos-no-solo-contamina-el-medio-ambiente-sino-tambien-nuestra-salud-mental\/#article","isPartOf":{"@id":"https:\/\/stacatarina.mx\/consejos\/ahora-es-oficial-el-trafico-nos-vuelve-locos-no-solo-contamina-el-medio-ambiente-sino-tambien-nuestra-salud-mental\/"},"author":{"name":"Pedro Mart\u00ednez","@id":"https:\/\/stacatarina.mx\/consejos\/#\/schema\/person\/0be60adffa8e4c4d0828fdf021450e8a"},"headline":"Ahora es oficial, el tr\u00e1fico nos vuelve locos: no s\u00f3lo contamina el medio ambiente sino tambi\u00e9n nuestra salud mental","datePublished":"2024-12-16T10:27:53+00:00","dateModified":"2024-12-16T10:27:54+00:00","mainEntityOfPage":{"@id":"https:\/\/stacatarina.mx\/consejos\/ahora-es-oficial-el-trafico-nos-vuelve-locos-no-solo-contamina-el-medio-ambiente-sino-tambien-nuestra-salud-mental\/"},"wordCount":554,"publisher":{"@id":"https:\/\/stacatarina.mx\/consejos\/#organization"},"image":{"@id":"https:\/\/stacatarina.mx\/consejos\/ahora-es-oficial-el-trafico-nos-vuelve-locos-no-solo-contamina-el-medio-ambiente-sino-tambien-nuestra-salud-mental\/#primaryimage"},"thumbnailUrl":"https:\/\/stacatarina.mx\/consejos\/wp-content\/uploads\/2024\/12\/Ahora-es-oficial-el-trafico-nos-vuelve-locos-no-solo.jpg","keywords":["ahora","ambiente","contamina","locos","medio","mental","nos","nuestra","oficial","salud","sino","solo","tambi\u00e9n","tr\u00e1fico","vuelve"],"articleSection":["Salud"],"inLanguage":"es"},{"@type":"WebPage","@id":"https:\/\/stacatarina.mx\/consejos\/ahora-es-oficial-el-trafico-nos-vuelve-locos-no-solo-contamina-el-medio-ambiente-sino-tambien-nuestra-salud-mental\/","url":"https:\/\/stacatarina.mx\/consejos\/ahora-es-oficial-el-trafico-nos-vuelve-locos-no-solo-contamina-el-medio-ambiente-sino-tambien-nuestra-salud-mental\/","name":"Ahora es oficial, el tr\u00e1fico nos vuelve locos: no s\u00f3lo contamina el medio ambiente sino tambi\u00e9n nuestra salud mental - Consejos - Santa Catarina","isPartOf":{"@id":"https:\/\/stacatarina.mx\/consejos\/#website"},"primaryImageOfPage":{"@id":"https:\/\/stacatarina.mx\/consejos\/ahora-es-oficial-el-trafico-nos-vuelve-locos-no-solo-contamina-el-medio-ambiente-sino-tambien-nuestra-salud-mental\/#primaryimage"},"image":{"@id":"https:\/\/stacatarina.mx\/consejos\/ahora-es-oficial-el-trafico-nos-vuelve-locos-no-solo-contamina-el-medio-ambiente-sino-tambien-nuestra-salud-mental\/#primaryimage"},"thumbnailUrl":"https:\/\/stacatarina.mx\/consejos\/wp-content\/uploads\/2024\/12\/Ahora-es-oficial-el-trafico-nos-vuelve-locos-no-solo.jpg","datePublished":"2024-12-16T10:27:53+00:00","dateModified":"2024-12-16T10:27:54+00:00","breadcrumb":{"@id":"https:\/\/stacatarina.mx\/consejos\/ahora-es-oficial-el-trafico-nos-vuelve-locos-no-solo-contamina-el-medio-ambiente-sino-tambien-nuestra-salud-mental\/#breadcrumb"},"inLanguage":"es","potentialAction":[{"@type":"ReadAction","target":["https:\/\/stacatarina.mx\/consejos\/ahora-es-oficial-el-trafico-nos-vuelve-locos-no-solo-contamina-el-medio-ambiente-sino-tambien-nuestra-salud-mental\/"]}]},{"@type":"ImageObject","inLanguage":"es","@id":"https:\/\/stacatarina.mx\/consejos\/ahora-es-oficial-el-trafico-nos-vuelve-locos-no-solo-contamina-el-medio-ambiente-sino-tambien-nuestra-salud-mental\/#primaryimage","url":"https:\/\/stacatarina.mx\/consejos\/wp-content\/uploads\/2024\/12\/Ahora-es-oficial-el-trafico-nos-vuelve-locos-no-solo.jpg","contentUrl":"https:\/\/stacatarina.mx\/consejos\/wp-content\/uploads\/2024\/12\/Ahora-es-oficial-el-trafico-nos-vuelve-locos-no-solo.jpg","width":1500,"height":1000,"caption":"traffico rumore"},{"@type":"BreadcrumbList","@id":"https:\/\/stacatarina.mx\/consejos\/ahora-es-oficial-el-trafico-nos-vuelve-locos-no-solo-contamina-el-medio-ambiente-sino-tambien-nuestra-salud-mental\/#breadcrumb","itemListElement":[{"@type":"ListItem","position":1,"name":"Inicio","item":"https:\/\/stacatarina.mx\/consejos\/"},{"@type":"ListItem","position":2,"name":"Ahora es oficial, el tr\u00e1fico nos vuelve locos: no s\u00f3lo contamina el medio ambiente sino tambi\u00e9n nuestra salud mental"}]},{"@type":"WebSite","@id":"https:\/\/stacatarina.mx\/consejos\/#website","url":"https:\/\/stacatarina.mx\/consejos\/","name":"Santa Catarina","description":"","publisher":{"@id":"https:\/\/stacatarina.mx\/consejos\/#organization"},"potentialAction":[{"@type":"SearchAction","target":{"@type":"EntryPoint","urlTemplate":"https:\/\/stacatarina.mx\/consejos\/?s={search_term_string}"},"query-input":{"@type":"PropertyValueSpecification","valueRequired":true,"valueName":"search_term_string"}}],"inLanguage":"es"},{"@type":"Organization","@id":"https:\/\/stacatarina.mx\/consejos\/#organization","name":"Santa Catarina","url":"https:\/\/stacatarina.mx\/consejos\/","logo":{"@type":"ImageObject","inLanguage":"es","@id":"https:\/\/stacatarina.mx\/consejos\/#\/schema\/logo\/image\/","url":"https:\/\/stacatarina.mx\/consejos\/wp-content\/uploads\/2024\/09\/cropped-favicon-1-1.png","contentUrl":"https:\/\/stacatarina.mx\/consejos\/wp-content\/uploads\/2024\/09\/cropped-favicon-1-1.png","width":512,"height":512,"caption":"Santa Catarina"},"image":{"@id":"https:\/\/stacatarina.mx\/consejos\/#\/schema\/logo\/image\/"},"sameAs":["https:\/\/www.facebook.com\/stacatarinagob\/","https:\/\/x.com\/stacatarinagob","https:\/\/www.instagram.com\/stacatarinagob\/","https:\/\/www.youtube.com\/channel\/UCK-6cQJL_904665N1_nLTWw"]},{"@type":"Person","@id":"https:\/\/stacatarina.mx\/consejos\/#\/schema\/person\/0be60adffa8e4c4d0828fdf021450e8a","name":"Pedro Mart\u00ednez","image":{"@type":"ImageObject","inLanguage":"es","@id":"https:\/\/stacatarina.mx\/consejos\/#\/schema\/person\/image\/","url":"https:\/\/stacatarina.mx\/consejos\/wp-content\/uploads\/2024\/09\/stacatarina.jpg","contentUrl":"https:\/\/stacatarina.mx\/consejos\/wp-content\/uploads\/2024\/09\/stacatarina.jpg","caption":"Pedro Mart\u00ednez"},"description":"Hola, soy Pedro Mart\u00ednez, redactor jefe del sitio oficial del ayuntamiento de Santa Catarina, en M\u00e9xico. Con m\u00e1s de diez a\u00f1os de experiencia en el periodismo local, tengo una pasi\u00f3n por la investigaci\u00f3n y la difusi\u00f3n de informaci\u00f3n que valoriza nuestra hermosa comunidad. Mi compromiso es hacer de Santa Catarina una referencia en materia de transparencia y comunicaci\u00f3n municipal.","sameAs":["https:\/\/stacatarina.mx\/"]}]}},"_links":{"self":[{"href":"https:\/\/stacatarina.mx\/consejos\/wp-json\/wp\/v2\/posts\/1944"}],"collection":[{"href":"https:\/\/stacatarina.mx\/consejos\/wp-json\/wp\/v2\/posts"}],"about":[{"href":"https:\/\/stacatarina.mx\/consejos\/wp-json\/wp\/v2\/types\/post"}],"author":[{"embeddable":true,"href":"https:\/\/stacatarina.mx\/consejos\/wp-json\/wp\/v2\/users\/1"}],"replies":[{"embeddable":true,"href":"https:\/\/stacatarina.mx\/consejos\/wp-json\/wp\/v2\/comments?post=1944"}],"version-history":[{"count":1,"href":"https:\/\/stacatarina.mx\/consejos\/wp-json\/wp\/v2\/posts\/1944\/revisions"}],"predecessor-version":[{"id":1946,"href":"https:\/\/stacatarina.mx\/consejos\/wp-json\/wp\/v2\/posts\/1944\/revisions\/1946"}],"wp:featuredmedia":[{"embeddable":true,"href":"https:\/\/stacatarina.mx\/consejos\/wp-json\/wp\/v2\/media\/1945"}],"wp:attachment":[{"href":"https:\/\/stacatarina.mx\/consejos\/wp-json\/wp\/v2\/media?parent=1944"}],"wp:term":[{"taxonomy":"category","embeddable":true,"href":"https:\/\/stacatarina.mx\/consejos\/wp-json\/wp\/v2\/categories?post=1944"},{"taxonomy":"post_tag","embeddable":true,"href":"https:\/\/stacatarina.mx\/consejos\/wp-json\/wp\/v2\/tags?post=1944"}],"curies":[{"name":"wp","href":"https:\/\/api.w.org\/{rel}","templated":true}]}}