{"id":1989,"date":"2024-12-20T16:24:05","date_gmt":"2024-12-20T22:24:05","guid":{"rendered":"https:\/\/stacatarina.mx\/consejos\/se-reportan-cifras-record-de-una-de-las-polillas-mas-raras-del-reino-unido-en-la-reserva-natural-rspb\/"},"modified":"2024-12-20T16:24:06","modified_gmt":"2024-12-20T22:24:06","slug":"se-reportan-cifras-record-de-una-de-las-polillas-mas-raras-del-reino-unido-en-la-reserva-natural-rspb","status":"publish","type":"post","link":"https:\/\/stacatarina.mx\/consejos\/se-reportan-cifras-record-de-una-de-las-polillas-mas-raras-del-reino-unido-en-la-reserva-natural-rspb\/","title":{"rendered":"Se reportan cifras r\u00e9cord de una de las polillas m\u00e1s raras del Reino Unido en la reserva natural RSPB"},"content":{"rendered":"<div class=\"entry-content\">\n<ul class=\"wp-block-list\">\n<li><strong>La polilla de la belleza de borde oscuro es una de las especies de polillas m\u00e1s raras del Reino Unido y solo se puede encontrar en unos pocos sitios en Escocia y en un solo lugar en Inglaterra.<\/strong> <\/li>\n<li><strong>La reserva natural RSPB Insh Marshes ha tenido el mejor a\u00f1o de registro de polillas con una poblaci\u00f3n de 176, un aumento significativo de 81 en 2022.<\/strong> <\/li>\n<li><strong>Al gestionar el bosque de \u00e1lamos, donde se puede encontrar la belleza de borde oscuro, el equipo de la reserva ha creado un h\u00e1bitat adecuado para que florezcan las polillas.<\/strong> <\/li>\n<\/ul>\n<p>La belleza de borde oscuro es una de las especies de polillas m\u00e1s raras del Reino Unido, pero se ha reportado en cantidades r\u00e9cord en RSPB Insh Marshes en Escocia este a\u00f1o con un \u00edndice de poblaci\u00f3n de 176. Este es un aumento significativo con respecto al mejor r\u00e9cord anterior de la reserva de 81 individuos en 2022. Si bien la belleza de borde oscuro sigue siendo una especie prioritaria en el Plan de acci\u00f3n para la biodiversidad del Reino Unido, estas cifras brindan esperanza para la especie. <\/p>\n<p>Esta atractiva polilla de color amarillo anaranjado, con los caracter\u00edsticos bordes oscuros de las alas, solo se puede encontrar en unos pocos sitios de Escocia y en un \u00fanico lugar no revelado en Inglaterra. Por lo general, se asocian con los bosques de \u00e1lamos en Escocia, que en s\u00ed mismos son un h\u00e1bitat amenazado y han disminuido en los \u00faltimos a\u00f1os como resultado de la deforestaci\u00f3n y el pastoreo excesivo. <\/p>\n<p>Los \u00e1lamos rara vez florecen o producen semillas y dependen de los reto\u00f1os de las ra\u00edces de los \u00e1rboles para propagarse; estos reto\u00f1os act\u00faan como fuente principal de alimento para las orugas de la polilla Dark Bordered Beauty en RSPB Insh Marshes. Para mejorar el h\u00e1bitat adecuado para las especies raras, el equipo de la reserva ha implementado esfuerzos de conservaci\u00f3n para apoyar la regeneraci\u00f3n de los bosques de \u00e1lamos. <\/p>\n<p><strong>Como explica Julie Ellis, directora de RSPB Insh Marshes: <\/strong>\u201cEn la reserva de Insh Marshes, nos hemos asegurado de que haya \u00e1reas disponibles para que el \u00e1lamo se propague mediante reto\u00f1os. Hemos eliminado reto\u00f1os de abedul en algunas \u00e1reas, donde podr\u00edan competir con los reto\u00f1os de \u00e1lamo manteni\u00e9ndolos en la sombra, e incluso hemos cortado los reto\u00f1os de \u00e1lamo a la altura aparentemente utilizada por las orugas. Lo ideal ser\u00eda que en el futuro el l\u00edmite del bosque de \u00e1lamos pueda fluir y refluir de forma natural, de modo que se requiera una gesti\u00f3n menos intensiva del h\u00e1bitat\u201d. <\/p>\n<p>La combinaci\u00f3n de la regeneraci\u00f3n del bosque de \u00e1lamos y la reducci\u00f3n de la presi\u00f3n del pastoreo dentro y alrededor del bosque ha llevado a un n\u00famero r\u00e9cord de polillas de la Belleza de Borde Oscuro en Insh Marshes, lo que demuestra c\u00f3mo los esfuerzos de conservaci\u00f3n efectivos pueden apoyar a las poblaciones de polillas. <\/p>\n<p>El monitoreo intensivo de Dark Bordered Beauty este verano result\u00f3 en la captura de m\u00e1s del doble de polillas que en a\u00f1os anteriores y fue realizado por un solo miembro del personal durante su a\u00f1o sab\u00e1tico en RSPB Insh Marshes. <\/p>\n<p>Durante un mes, Mick A&#8217;Court, subdirector de las reservas Buckenham y Cantley Marshes y Sutton Fen de la RSPB, instal\u00f3 trampas para polillas en diferentes \u00e1reas del bosque de \u00e1lamos por la noche durante la temporada de vuelo de Dark Bordered Beauty. Las polillas atrapadas fueron identificadas, contadas y liberadas por la ma\u00f1ana: un total de 12.058 polillas de 212 especies quedaron atrapadas durante el per\u00edodo de seguimiento de cuatro semanas. <\/p>\n<p>Aunque las cifras iniciales de Dark Bordered Beauty contadas fueron bajas, pronto aumentaron a niveles nunca antes vistos con 34 polillas (33 machos y 1 hembra) contadas en una sola trampa, un aumento notable con respecto al r\u00e9cord de 13 del a\u00f1o anterior. <\/p>\n<p><strong>Sobre sus esfuerzos, Mick dice: <\/strong>\u201cFue sorprendente encontrar 33 machos y 1 hembra en una sola trampa. Esto es mucho m\u00e1s que cualquier cosa atrapada antes en una sola trampa. No est\u00e1 claro por qu\u00e9 se produjo esta aparente irrupci\u00f3n en el n\u00famero al final de la temporada de vuelo de la polilla, pero el recuento final de 176 polillas demuestra que hay una buena poblaci\u00f3n en Insh Marshes\u201d. <\/p>\n<p>La Real Sociedad Zool\u00f3gica de Escocia est\u00e1 llevando a cabo actualmente un programa de cr\u00eda en cautividad de polillas de la Belleza de Borde Oscuro en Highland Wildlife Park, y las poblaciones utilizadas proceden de Insh Marshes. El programa proporciona huevos, larvas y polillas adultas para su introducci\u00f3n en un peque\u00f1o n\u00famero de sitios adecuados en un intento de iniciar nuevas poblaciones en otras zonas de Escocia.<\/p>\n<p>Al combinar la restauraci\u00f3n y gesti\u00f3n del h\u00e1bitat vital, junto con el innovador programa de cr\u00eda en cautiverio, las perspectivas apuntan a un futuro mejor para esta rara polilla. <\/p>\n<hr class=\"wp-block-separator has-alpha-channel-opacity\"><\/div>\n","protected":false},"excerpt":{"rendered":"<p>La polilla de la belleza de borde oscuro es una de las especies de polillas m\u00e1s raras del Reino Unido y solo se puede encontrar<\/p>\n","protected":false},"author":1,"featured_media":1990,"comment_status":"closed","ping_status":"","sticky":false,"template":"","format":"standard","meta":{"footnotes":""},"categories":[68],"tags":[2850,23,34,137,593,1341,138,629,9,2849,2851,464,37,10],"class_list":["post-1989","post","type-post","status-publish","format-standard","has-post-thumbnail","hentry","category-fauna-y-flora","tag-cifras","tag-del","tag-las","tag-mas","tag-natural","tag-polillas","tag-raras","tag-record","tag-reino","tag-reportan","tag-reserva","tag-rspb","tag-una","tag-unido","generate-columns","tablet-grid-50","mobile-grid-100","grid-parent","grid-50"],"yoast_head":"<!-- This site is optimized with the Yoast SEO plugin v23.4 - https:\/\/yoast.com\/wordpress\/plugins\/seo\/ -->\n<title>Se reportan cifras r\u00e9cord de una de las polillas m\u00e1s raras del Reino Unido en la reserva natural RSPB - Consejos - Santa Catarina<\/title>\n<meta name=\"robots\" content=\"index, follow, max-snippet:-1, max-image-preview:large, max-video-preview:-1\" \/>\n<link rel=\"canonical\" href=\"https:\/\/stacatarina.mx\/consejos\/se-reportan-cifras-record-de-una-de-las-polillas-mas-raras-del-reino-unido-en-la-reserva-natural-rspb\/\" \/>\n<meta property=\"og:locale\" content=\"es_MX\" \/>\n<meta property=\"og:type\" content=\"article\" \/>\n<meta property=\"og:title\" content=\"Se reportan cifras r\u00e9cord de una de las polillas m\u00e1s raras del Reino Unido en la reserva natural RSPB - Consejos - Santa Catarina\" \/>\n<meta property=\"og:description\" content=\"La polilla de la belleza de borde oscuro es una de las especies de polillas m\u00e1s raras del Reino Unido y solo se puede encontrar\" \/>\n<meta property=\"og:url\" content=\"https:\/\/stacatarina.mx\/consejos\/se-reportan-cifras-record-de-una-de-las-polillas-mas-raras-del-reino-unido-en-la-reserva-natural-rspb\/\" \/>\n<meta property=\"og:site_name\" content=\"Santa Catarina\" \/>\n<meta property=\"article:publisher\" content=\"https:\/\/www.facebook.com\/stacatarinagob\/\" \/>\n<meta property=\"article:published_time\" content=\"2024-12-20T22:24:05+00:00\" \/>\n<meta property=\"article:modified_time\" content=\"2024-12-20T22:24:06+00:00\" \/>\n<meta property=\"og:image\" content=\"https:\/\/stacatarina.mx\/consejos\/wp-content\/uploads\/2024\/12\/Se-reportan-cifras-record-de-una-de-las-polillas-mas.jpeg\" \/>\n\t<meta property=\"og:image:width\" content=\"900\" \/>\n\t<meta property=\"og:image:height\" content=\"538\" \/>\n\t<meta property=\"og:image:type\" content=\"image\/jpeg\" \/>\n<meta name=\"author\" content=\"Pedro Mart\u00ednez\" \/>\n<meta name=\"twitter:card\" content=\"summary_large_image\" \/>\n<meta name=\"twitter:creator\" content=\"@stacatarinagob\" \/>\n<meta name=\"twitter:site\" content=\"@stacatarinagob\" \/>\n<meta name=\"twitter:label1\" content=\"Escrito por\" \/>\n\t<meta name=\"twitter:data1\" content=\"Pedro Mart\u00ednez\" \/>\n\t<meta name=\"twitter:label2\" content=\"Tiempo de lectura\" \/>\n\t<meta name=\"twitter:data2\" content=\"4 minutos\" \/>\n<script type=\"application\/ld+json\" class=\"yoast-schema-graph\">{\"@context\":\"https:\/\/schema.org\",\"@graph\":[{\"@type\":\"Article\",\"@id\":\"https:\/\/stacatarina.mx\/consejos\/se-reportan-cifras-record-de-una-de-las-polillas-mas-raras-del-reino-unido-en-la-reserva-natural-rspb\/#article\",\"isPartOf\":{\"@id\":\"https:\/\/stacatarina.mx\/consejos\/se-reportan-cifras-record-de-una-de-las-polillas-mas-raras-del-reino-unido-en-la-reserva-natural-rspb\/\"},\"author\":{\"name\":\"Pedro Mart\u00ednez\",\"@id\":\"https:\/\/stacatarina.mx\/consejos\/#\/schema\/person\/0be60adffa8e4c4d0828fdf021450e8a\"},\"headline\":\"Se reportan cifras r\u00e9cord de una de las polillas m\u00e1s raras del Reino Unido en la reserva natural RSPB\",\"datePublished\":\"2024-12-20T22:24:05+00:00\",\"dateModified\":\"2024-12-20T22:24:06+00:00\",\"mainEntityOfPage\":{\"@id\":\"https:\/\/stacatarina.mx\/consejos\/se-reportan-cifras-record-de-una-de-las-polillas-mas-raras-del-reino-unido-en-la-reserva-natural-rspb\/\"},\"wordCount\":862,\"publisher\":{\"@id\":\"https:\/\/stacatarina.mx\/consejos\/#organization\"},\"image\":{\"@id\":\"https:\/\/stacatarina.mx\/consejos\/se-reportan-cifras-record-de-una-de-las-polillas-mas-raras-del-reino-unido-en-la-reserva-natural-rspb\/#primaryimage\"},\"thumbnailUrl\":\"https:\/\/stacatarina.mx\/consejos\/wp-content\/uploads\/2024\/12\/Se-reportan-cifras-record-de-una-de-las-polillas-mas.jpeg\",\"keywords\":[\"cifras\",\"del\",\"Las\",\"m\u00e1s\",\"Natural\",\"polillas\",\"raras\",\"r\u00e9cord\",\"Reino\",\"reportan\",\"reserva\",\"RSPB\",\"una\",\"Unido\"],\"articleSection\":[\"Fauna y Flora\"],\"inLanguage\":\"es\"},{\"@type\":\"WebPage\",\"@id\":\"https:\/\/stacatarina.mx\/consejos\/se-reportan-cifras-record-de-una-de-las-polillas-mas-raras-del-reino-unido-en-la-reserva-natural-rspb\/\",\"url\":\"https:\/\/stacatarina.mx\/consejos\/se-reportan-cifras-record-de-una-de-las-polillas-mas-raras-del-reino-unido-en-la-reserva-natural-rspb\/\",\"name\":\"Se reportan cifras r\u00e9cord de una de las polillas m\u00e1s raras del Reino Unido en la reserva natural RSPB - Consejos - Santa Catarina\",\"isPartOf\":{\"@id\":\"https:\/\/stacatarina.mx\/consejos\/#website\"},\"primaryImageOfPage\":{\"@id\":\"https:\/\/stacatarina.mx\/consejos\/se-reportan-cifras-record-de-una-de-las-polillas-mas-raras-del-reino-unido-en-la-reserva-natural-rspb\/#primaryimage\"},\"image\":{\"@id\":\"https:\/\/stacatarina.mx\/consejos\/se-reportan-cifras-record-de-una-de-las-polillas-mas-raras-del-reino-unido-en-la-reserva-natural-rspb\/#primaryimage\"},\"thumbnailUrl\":\"https:\/\/stacatarina.mx\/consejos\/wp-content\/uploads\/2024\/12\/Se-reportan-cifras-record-de-una-de-las-polillas-mas.jpeg\",\"datePublished\":\"2024-12-20T22:24:05+00:00\",\"dateModified\":\"2024-12-20T22:24:06+00:00\",\"breadcrumb\":{\"@id\":\"https:\/\/stacatarina.mx\/consejos\/se-reportan-cifras-record-de-una-de-las-polillas-mas-raras-del-reino-unido-en-la-reserva-natural-rspb\/#breadcrumb\"},\"inLanguage\":\"es\",\"potentialAction\":[{\"@type\":\"ReadAction\",\"target\":[\"https:\/\/stacatarina.mx\/consejos\/se-reportan-cifras-record-de-una-de-las-polillas-mas-raras-del-reino-unido-en-la-reserva-natural-rspb\/\"]}]},{\"@type\":\"ImageObject\",\"inLanguage\":\"es\",\"@id\":\"https:\/\/stacatarina.mx\/consejos\/se-reportan-cifras-record-de-una-de-las-polillas-mas-raras-del-reino-unido-en-la-reserva-natural-rspb\/#primaryimage\",\"url\":\"https:\/\/stacatarina.mx\/consejos\/wp-content\/uploads\/2024\/12\/Se-reportan-cifras-record-de-una-de-las-polillas-mas.jpeg\",\"contentUrl\":\"https:\/\/stacatarina.mx\/consejos\/wp-content\/uploads\/2024\/12\/Se-reportan-cifras-record-de-una-de-las-polillas-mas.jpeg\",\"width\":900,\"height\":538,\"caption\":\"Record numbers of one of UK\u2019s rarest moths reported at RSPB nature reserve\u202f\"},{\"@type\":\"BreadcrumbList\",\"@id\":\"https:\/\/stacatarina.mx\/consejos\/se-reportan-cifras-record-de-una-de-las-polillas-mas-raras-del-reino-unido-en-la-reserva-natural-rspb\/#breadcrumb\",\"itemListElement\":[{\"@type\":\"ListItem\",\"position\":1,\"name\":\"Inicio\",\"item\":\"https:\/\/stacatarina.mx\/consejos\/\"},{\"@type\":\"ListItem\",\"position\":2,\"name\":\"Se reportan cifras r\u00e9cord de una de las polillas m\u00e1s raras del Reino Unido en la reserva natural RSPB\"}]},{\"@type\":\"WebSite\",\"@id\":\"https:\/\/stacatarina.mx\/consejos\/#website\",\"url\":\"https:\/\/stacatarina.mx\/consejos\/\",\"name\":\"Santa Catarina\",\"description\":\"\",\"publisher\":{\"@id\":\"https:\/\/stacatarina.mx\/consejos\/#organization\"},\"potentialAction\":[{\"@type\":\"SearchAction\",\"target\":{\"@type\":\"EntryPoint\",\"urlTemplate\":\"https:\/\/stacatarina.mx\/consejos\/?s={search_term_string}\"},\"query-input\":{\"@type\":\"PropertyValueSpecification\",\"valueRequired\":true,\"valueName\":\"search_term_string\"}}],\"inLanguage\":\"es\"},{\"@type\":\"Organization\",\"@id\":\"https:\/\/stacatarina.mx\/consejos\/#organization\",\"name\":\"Santa Catarina\",\"url\":\"https:\/\/stacatarina.mx\/consejos\/\",\"logo\":{\"@type\":\"ImageObject\",\"inLanguage\":\"es\",\"@id\":\"https:\/\/stacatarina.mx\/consejos\/#\/schema\/logo\/image\/\",\"url\":\"https:\/\/stacatarina.mx\/consejos\/wp-content\/uploads\/2024\/09\/cropped-favicon-1-1.png\",\"contentUrl\":\"https:\/\/stacatarina.mx\/consejos\/wp-content\/uploads\/2024\/09\/cropped-favicon-1-1.png\",\"width\":512,\"height\":512,\"caption\":\"Santa Catarina\"},\"image\":{\"@id\":\"https:\/\/stacatarina.mx\/consejos\/#\/schema\/logo\/image\/\"},\"sameAs\":[\"https:\/\/www.facebook.com\/stacatarinagob\/\",\"https:\/\/x.com\/stacatarinagob\",\"https:\/\/www.instagram.com\/stacatarinagob\/\",\"https:\/\/www.youtube.com\/channel\/UCK-6cQJL_904665N1_nLTWw\"]},{\"@type\":\"Person\",\"@id\":\"https:\/\/stacatarina.mx\/consejos\/#\/schema\/person\/0be60adffa8e4c4d0828fdf021450e8a\",\"name\":\"Pedro Mart\u00ednez\",\"image\":{\"@type\":\"ImageObject\",\"inLanguage\":\"es\",\"@id\":\"https:\/\/stacatarina.mx\/consejos\/#\/schema\/person\/image\/\",\"url\":\"https:\/\/stacatarina.mx\/consejos\/wp-content\/uploads\/2024\/09\/stacatarina.jpg\",\"contentUrl\":\"https:\/\/stacatarina.mx\/consejos\/wp-content\/uploads\/2024\/09\/stacatarina.jpg\",\"caption\":\"Pedro Mart\u00ednez\"},\"description\":\"Hola, soy Pedro Mart\u00ednez, redactor jefe del sitio oficial del ayuntamiento de Santa Catarina, en M\u00e9xico. Con m\u00e1s de diez a\u00f1os de experiencia en el periodismo local, tengo una pasi\u00f3n por la investigaci\u00f3n y la difusi\u00f3n de informaci\u00f3n que valoriza nuestra hermosa comunidad. Mi compromiso es hacer de Santa Catarina una referencia en materia de transparencia y comunicaci\u00f3n municipal.\",\"sameAs\":[\"https:\/\/stacatarina.mx\/\"]}]}<\/script>\n<!-- \/ Yoast SEO plugin. -->","yoast_head_json":{"title":"Se reportan cifras r\u00e9cord de una de las polillas m\u00e1s raras del Reino Unido en la reserva natural RSPB - Consejos - Santa Catarina","robots":{"index":"index","follow":"follow","max-snippet":"max-snippet:-1","max-image-preview":"max-image-preview:large","max-video-preview":"max-video-preview:-1"},"canonical":"https:\/\/stacatarina.mx\/consejos\/se-reportan-cifras-record-de-una-de-las-polillas-mas-raras-del-reino-unido-en-la-reserva-natural-rspb\/","og_locale":"es_MX","og_type":"article","og_title":"Se reportan cifras r\u00e9cord de una de las polillas m\u00e1s raras del Reino Unido en la reserva natural RSPB - Consejos - Santa Catarina","og_description":"La polilla de la belleza de borde oscuro es una de las especies de polillas m\u00e1s raras del Reino Unido y solo se puede encontrar","og_url":"https:\/\/stacatarina.mx\/consejos\/se-reportan-cifras-record-de-una-de-las-polillas-mas-raras-del-reino-unido-en-la-reserva-natural-rspb\/","og_site_name":"Santa Catarina","article_publisher":"https:\/\/www.facebook.com\/stacatarinagob\/","article_published_time":"2024-12-20T22:24:05+00:00","article_modified_time":"2024-12-20T22:24:06+00:00","og_image":[{"width":900,"height":538,"url":"https:\/\/stacatarina.mx\/consejos\/wp-content\/uploads\/2024\/12\/Se-reportan-cifras-record-de-una-de-las-polillas-mas.jpeg","type":"image\/jpeg"}],"author":"Pedro Mart\u00ednez","twitter_card":"summary_large_image","twitter_creator":"@stacatarinagob","twitter_site":"@stacatarinagob","twitter_misc":{"Escrito por":"Pedro Mart\u00ednez","Tiempo de lectura":"4 minutos"},"schema":{"@context":"https:\/\/schema.org","@graph":[{"@type":"Article","@id":"https:\/\/stacatarina.mx\/consejos\/se-reportan-cifras-record-de-una-de-las-polillas-mas-raras-del-reino-unido-en-la-reserva-natural-rspb\/#article","isPartOf":{"@id":"https:\/\/stacatarina.mx\/consejos\/se-reportan-cifras-record-de-una-de-las-polillas-mas-raras-del-reino-unido-en-la-reserva-natural-rspb\/"},"author":{"name":"Pedro Mart\u00ednez","@id":"https:\/\/stacatarina.mx\/consejos\/#\/schema\/person\/0be60adffa8e4c4d0828fdf021450e8a"},"headline":"Se reportan cifras r\u00e9cord de una de las polillas m\u00e1s raras del Reino Unido en la reserva natural RSPB","datePublished":"2024-12-20T22:24:05+00:00","dateModified":"2024-12-20T22:24:06+00:00","mainEntityOfPage":{"@id":"https:\/\/stacatarina.mx\/consejos\/se-reportan-cifras-record-de-una-de-las-polillas-mas-raras-del-reino-unido-en-la-reserva-natural-rspb\/"},"wordCount":862,"publisher":{"@id":"https:\/\/stacatarina.mx\/consejos\/#organization"},"image":{"@id":"https:\/\/stacatarina.mx\/consejos\/se-reportan-cifras-record-de-una-de-las-polillas-mas-raras-del-reino-unido-en-la-reserva-natural-rspb\/#primaryimage"},"thumbnailUrl":"https:\/\/stacatarina.mx\/consejos\/wp-content\/uploads\/2024\/12\/Se-reportan-cifras-record-de-una-de-las-polillas-mas.jpeg","keywords":["cifras","del","Las","m\u00e1s","Natural","polillas","raras","r\u00e9cord","Reino","reportan","reserva","RSPB","una","Unido"],"articleSection":["Fauna y Flora"],"inLanguage":"es"},{"@type":"WebPage","@id":"https:\/\/stacatarina.mx\/consejos\/se-reportan-cifras-record-de-una-de-las-polillas-mas-raras-del-reino-unido-en-la-reserva-natural-rspb\/","url":"https:\/\/stacatarina.mx\/consejos\/se-reportan-cifras-record-de-una-de-las-polillas-mas-raras-del-reino-unido-en-la-reserva-natural-rspb\/","name":"Se reportan cifras r\u00e9cord de una de las polillas m\u00e1s raras del Reino Unido en la reserva natural RSPB - Consejos - Santa Catarina","isPartOf":{"@id":"https:\/\/stacatarina.mx\/consejos\/#website"},"primaryImageOfPage":{"@id":"https:\/\/stacatarina.mx\/consejos\/se-reportan-cifras-record-de-una-de-las-polillas-mas-raras-del-reino-unido-en-la-reserva-natural-rspb\/#primaryimage"},"image":{"@id":"https:\/\/stacatarina.mx\/consejos\/se-reportan-cifras-record-de-una-de-las-polillas-mas-raras-del-reino-unido-en-la-reserva-natural-rspb\/#primaryimage"},"thumbnailUrl":"https:\/\/stacatarina.mx\/consejos\/wp-content\/uploads\/2024\/12\/Se-reportan-cifras-record-de-una-de-las-polillas-mas.jpeg","datePublished":"2024-12-20T22:24:05+00:00","dateModified":"2024-12-20T22:24:06+00:00","breadcrumb":{"@id":"https:\/\/stacatarina.mx\/consejos\/se-reportan-cifras-record-de-una-de-las-polillas-mas-raras-del-reino-unido-en-la-reserva-natural-rspb\/#breadcrumb"},"inLanguage":"es","potentialAction":[{"@type":"ReadAction","target":["https:\/\/stacatarina.mx\/consejos\/se-reportan-cifras-record-de-una-de-las-polillas-mas-raras-del-reino-unido-en-la-reserva-natural-rspb\/"]}]},{"@type":"ImageObject","inLanguage":"es","@id":"https:\/\/stacatarina.mx\/consejos\/se-reportan-cifras-record-de-una-de-las-polillas-mas-raras-del-reino-unido-en-la-reserva-natural-rspb\/#primaryimage","url":"https:\/\/stacatarina.mx\/consejos\/wp-content\/uploads\/2024\/12\/Se-reportan-cifras-record-de-una-de-las-polillas-mas.jpeg","contentUrl":"https:\/\/stacatarina.mx\/consejos\/wp-content\/uploads\/2024\/12\/Se-reportan-cifras-record-de-una-de-las-polillas-mas.jpeg","width":900,"height":538,"caption":"Record numbers of one of UK\u2019s rarest moths reported at RSPB nature reserve\u202f"},{"@type":"BreadcrumbList","@id":"https:\/\/stacatarina.mx\/consejos\/se-reportan-cifras-record-de-una-de-las-polillas-mas-raras-del-reino-unido-en-la-reserva-natural-rspb\/#breadcrumb","itemListElement":[{"@type":"ListItem","position":1,"name":"Inicio","item":"https:\/\/stacatarina.mx\/consejos\/"},{"@type":"ListItem","position":2,"name":"Se reportan cifras r\u00e9cord de una de las polillas m\u00e1s raras del Reino Unido en la reserva natural RSPB"}]},{"@type":"WebSite","@id":"https:\/\/stacatarina.mx\/consejos\/#website","url":"https:\/\/stacatarina.mx\/consejos\/","name":"Santa Catarina","description":"","publisher":{"@id":"https:\/\/stacatarina.mx\/consejos\/#organization"},"potentialAction":[{"@type":"SearchAction","target":{"@type":"EntryPoint","urlTemplate":"https:\/\/stacatarina.mx\/consejos\/?s={search_term_string}"},"query-input":{"@type":"PropertyValueSpecification","valueRequired":true,"valueName":"search_term_string"}}],"inLanguage":"es"},{"@type":"Organization","@id":"https:\/\/stacatarina.mx\/consejos\/#organization","name":"Santa Catarina","url":"https:\/\/stacatarina.mx\/consejos\/","logo":{"@type":"ImageObject","inLanguage":"es","@id":"https:\/\/stacatarina.mx\/consejos\/#\/schema\/logo\/image\/","url":"https:\/\/stacatarina.mx\/consejos\/wp-content\/uploads\/2024\/09\/cropped-favicon-1-1.png","contentUrl":"https:\/\/stacatarina.mx\/consejos\/wp-content\/uploads\/2024\/09\/cropped-favicon-1-1.png","width":512,"height":512,"caption":"Santa Catarina"},"image":{"@id":"https:\/\/stacatarina.mx\/consejos\/#\/schema\/logo\/image\/"},"sameAs":["https:\/\/www.facebook.com\/stacatarinagob\/","https:\/\/x.com\/stacatarinagob","https:\/\/www.instagram.com\/stacatarinagob\/","https:\/\/www.youtube.com\/channel\/UCK-6cQJL_904665N1_nLTWw"]},{"@type":"Person","@id":"https:\/\/stacatarina.mx\/consejos\/#\/schema\/person\/0be60adffa8e4c4d0828fdf021450e8a","name":"Pedro Mart\u00ednez","image":{"@type":"ImageObject","inLanguage":"es","@id":"https:\/\/stacatarina.mx\/consejos\/#\/schema\/person\/image\/","url":"https:\/\/stacatarina.mx\/consejos\/wp-content\/uploads\/2024\/09\/stacatarina.jpg","contentUrl":"https:\/\/stacatarina.mx\/consejos\/wp-content\/uploads\/2024\/09\/stacatarina.jpg","caption":"Pedro Mart\u00ednez"},"description":"Hola, soy Pedro Mart\u00ednez, redactor jefe del sitio oficial del ayuntamiento de Santa Catarina, en M\u00e9xico. Con m\u00e1s de diez a\u00f1os de experiencia en el periodismo local, tengo una pasi\u00f3n por la investigaci\u00f3n y la difusi\u00f3n de informaci\u00f3n que valoriza nuestra hermosa comunidad. Mi compromiso es hacer de Santa Catarina una referencia en materia de transparencia y comunicaci\u00f3n municipal.","sameAs":["https:\/\/stacatarina.mx\/"]}]}},"_links":{"self":[{"href":"https:\/\/stacatarina.mx\/consejos\/wp-json\/wp\/v2\/posts\/1989"}],"collection":[{"href":"https:\/\/stacatarina.mx\/consejos\/wp-json\/wp\/v2\/posts"}],"about":[{"href":"https:\/\/stacatarina.mx\/consejos\/wp-json\/wp\/v2\/types\/post"}],"author":[{"embeddable":true,"href":"https:\/\/stacatarina.mx\/consejos\/wp-json\/wp\/v2\/users\/1"}],"replies":[{"embeddable":true,"href":"https:\/\/stacatarina.mx\/consejos\/wp-json\/wp\/v2\/comments?post=1989"}],"version-history":[{"count":1,"href":"https:\/\/stacatarina.mx\/consejos\/wp-json\/wp\/v2\/posts\/1989\/revisions"}],"predecessor-version":[{"id":1991,"href":"https:\/\/stacatarina.mx\/consejos\/wp-json\/wp\/v2\/posts\/1989\/revisions\/1991"}],"wp:featuredmedia":[{"embeddable":true,"href":"https:\/\/stacatarina.mx\/consejos\/wp-json\/wp\/v2\/media\/1990"}],"wp:attachment":[{"href":"https:\/\/stacatarina.mx\/consejos\/wp-json\/wp\/v2\/media?parent=1989"}],"wp:term":[{"taxonomy":"category","embeddable":true,"href":"https:\/\/stacatarina.mx\/consejos\/wp-json\/wp\/v2\/categories?post=1989"},{"taxonomy":"post_tag","embeddable":true,"href":"https:\/\/stacatarina.mx\/consejos\/wp-json\/wp\/v2\/tags?post=1989"}],"curies":[{"name":"wp","href":"https:\/\/api.w.org\/{rel}","templated":true}]}}