{"id":2007,"date":"2024-12-21T07:24:41","date_gmt":"2024-12-21T13:24:41","guid":{"rendered":"https:\/\/stacatarina.mx\/consejos\/aranas-espatulas-y-lanzon-entre-cinco-motivos-para-celebrar-la-naturaleza-este-ano\/"},"modified":"2024-12-21T07:24:41","modified_gmt":"2024-12-21T13:24:41","slug":"aranas-espatulas-y-lanzon-entre-cinco-motivos-para-celebrar-la-naturaleza-este-ano","status":"publish","type":"post","link":"https:\/\/stacatarina.mx\/consejos\/aranas-espatulas-y-lanzon-entre-cinco-motivos-para-celebrar-la-naturaleza-este-ano\/","title":{"rendered":"Ara\u00f1as, esp\u00e1tulas y lanz\u00f3n entre cinco motivos para celebrar la naturaleza este a\u00f1o"},"content":{"rendered":"<div class=\"entry-content\">\n<ul class=\"wp-block-list\">\n<li>Los conservacionistas celebran un a\u00f1o de aspectos destacados de la naturaleza y nos recuerdan que hay esperanza para la vida silvestre a pesar de las amenazas que enfrentan, ya que los esfuerzos de conservaci\u00f3n exitosos brindan optimismo para el futuro. <\/li>\n<li>Los \u00e9xitos incluyen el hist\u00f3rico cierre de la pesca de lanz\u00f3n que ofrece a nuestras aves marinas un salvavidas, esfuerzos pioneros para conservar la ara\u00f1a Fen Raft, el \u00e9xito continuo de la reproducci\u00f3n de la ic\u00f3nica esp\u00e1tula en las reservas naturales de RSPB y los esfuerzos internacionales para recuperar la poblaci\u00f3n de ant\u00edlope Saiga en Kazajst\u00e1n y el escribano de Wilkins. <\/li>\n<li>En el nuevo a\u00f1o nos esperan desaf\u00edos como el cambio clim\u00e1tico, la p\u00e9rdida de h\u00e1bitat y el desarrollo inadecuado, pero la RSPB pide al gobierno del Reino Unido que invierta urgentemente en la naturaleza y se comprometa con un programa de acci\u00f3n.<\/li>\n<\/ul>\n<p><strong>Como explica la directora ejecutiva de RSPB, Beccy Speight<\/strong>: \u201cEste a\u00f1o se han obtenido importantes logros en materia de naturaleza, desde el hist\u00f3rico cierre de la pesca de lanz\u00f3n hasta salvar de la extinci\u00f3n a especies como el ant\u00edlope Saiga; la RSPB ha demostrado lo que se puede lograr mediante esfuerzos vitales de conservaci\u00f3n. Esto no hubiera sido posible sin la ayuda apasionada de nuestros miembros, voluntarios y simpatizantes.  Si bien la naturaleza a\u00fan enfrenta muchos desaf\u00edos, la RSPB se compromete a encontrar, implementar y defender soluciones que den esperanza a nuestra preciosa vida silvestre y espacios silvestres durante muchos a\u00f1os por venir.  <\/p>\n<p><strong>Salvando aves marinas con lanz\u00f3n<\/strong> <\/p>\n<p>El Reino Unido alberga colonias de aves marinas de importancia mundial y la vista de frailecillos y gaviotas con picos llenos de lanz\u00f3n es un indicador de un ecosistema marino saludable. Sin embargo, la pesca industrial del lanz\u00f3n ha puesto en peligro su supervivencia. La RSPB ha hecho campa\u00f1a a favor del cierre de las pesquer\u00edas desde 1996 y en enero tuvo \u00e9xito cuando logr\u00f3 una victoria hist\u00f3rica: las pesquer\u00edas industriales de lanz\u00f3n ahora est\u00e1n cerradas en las aguas inglesas del Mar del Norte y en todas las aguas escocesas. Pero ahora que la Comisi\u00f3n de la UE impugna el cierre, la RSPB, junto con grupos conservacionistas de todo el Reino Unido y Europa, contin\u00faa haciendo campa\u00f1a para garantizar que no haya retroceso en esta victoria ganada con tanto esfuerzo.  <\/p>\n<p><strong>Beccy contin\u00faa:<\/strong> \u201cEl cierre de las pesquer\u00edas industriales de lanz\u00f3n ha proporcionado un salvavidas a especies de aves marinas sometidas a presi\u00f3n, como los frailecillos y las gaviotas gaviotas, que dependen de los lanz\u00f3n para alimentarse. Sus poblaciones est\u00e1n en grave declive y este cierre es un primer paso esencial para ayudar a sus poblaciones a recuperarse, apuntalando as\u00ed cadenas alimentarias marinas m\u00e1s amplias que sustentan a nuestras aves marinas\u201d.  <\/p>\n<p><strong>\u00c9xito de la \u201ccucharadita\u201d de esp\u00e1tula<\/strong> <\/p>\n<p>Esta especie ic\u00f3nica de los humedales, con su plumaje blanco y fascinantes picos en forma de cuchara, se cri\u00f3 en el Reino Unido hasta la \u00e9poca medieval, pero se extingui\u00f3 debido a la caza y el drenaje de los humedales. Este a\u00f1o, celebramos la anidaci\u00f3n de esp\u00e1tulas en RSPB Ouse Washes en Cambridgeshire por primera vez desde el siglo XVII. Su regreso es el resultado del aumento de su n\u00famero en Europa debido a los esfuerzos dedicados a proteger y restaurar el h\u00e1bitat vital de los humedales. A las esp\u00e1tulas tambi\u00e9n les fue bien en la isla Havergate, aumentando de 14 parejas en 2023 a 17 en 2014, en las que nacieron 35 cr\u00edas, mientras que aumentaron de cinco a 17 parejas en Fairburn Ings, donde criaron 27 cr\u00edas. Los equipos de reserva conocen cari\u00f1osamente a sus polluelos como \u201ccucharaditas\u201d. A medida que el n\u00famero de esta rara ave reproductora contin\u00faa aumentando, las esp\u00e1tulas est\u00e1n ahora en camino de lograr otro a\u00f1o exitoso. <\/p>\n<p><strong>Wasps y Wilkins&#8217; Bunting: un d\u00fao improbable<\/strong> <\/p>\n<p>El trabajo de conservaci\u00f3n de la RSPB en todo el mundo tambi\u00e9n ha tenido \u00e9xito este a\u00f1o, con un proyecto innovador que salva de la extinci\u00f3n a una de las aves m\u00e1s raras del mundo. El escribano de Wilkins es end\u00e9mico de la isla Nightingale, parte del grupo Trist\u00e1n da Cunha en el Atl\u00e1ntico Sur, y se especializa en alimentarse de un \u00e1rbol nativo singular. El ave sufri\u00f3 p\u00e9rdidas devastadoras cuando un insecto invasor fue introducido accidentalmente, matando los \u00e1rboles. Para salvar la especie, los conservacionistas descubrieron que liberar una avispa espec\u00edfica en la isla podr\u00eda controlar los insectos y permitir el crecimiento saludable de los \u00e1rboles, lo que supuso un salvavidas para el escribano de Wilkins. <\/p>\n<p>Como parte de este novedoso proyecto, se transportaron avispas a 10.000 kil\u00f3metros desde Londres hasta la isla Nightingale. A pesar de que s\u00f3lo el 10% de las avispas sobrevivieron el viaje, han establecido una poblaci\u00f3n para controlar los insectos invasores y apoyar la recuperaci\u00f3n del bosque. Estudios recientes estiman que entre 60 y 90 parejas reproductoras de escribanos de Wilkins se han establecido y se espera que su n\u00famero aumente nuevamente: una perspectiva significativamente m\u00e1s brillante para esta ave en peligro cr\u00edtico. <\/p>\n<p><strong>Esperanza para nuestra especie de ara\u00f1a m\u00e1s grande<\/strong> <\/p>\n<p>De vuelta en el Reino Unido, Fen Raft Spider contin\u00faa haciendo un regreso impresionante luego del trabajo pionero de translocaci\u00f3n realizado por la RSPB y varias organizaciones diferentes que ayudan a asegurar el futuro de estos ar\u00e1cnidos especiales. Consideradas una de las especies de ara\u00f1as m\u00e1s raras del Reino Unido, las ara\u00f1as Fen Raft son depredadores de emboscada semiacu\u00e1ticos que cazan activamente a sus presas en la superficie del agua. Al introducir ara\u00f1as en nuevos sitios y gestionar las marismas de pastoreo necesarias para satisfacer sus necesidades, el n\u00famero de ara\u00f1as Fen Raft se ha recuperado: ahora hay potencialmente 3.750 hembras en RSPB Mid Yare en Norfolk Broads, donde se introdujeron por primera vez en 2012. La restauraci\u00f3n, la gesti\u00f3n Por lo tanto, la protecci\u00f3n y la protecci\u00f3n de estos h\u00e1bitats especializados son vitales para que las poblaciones de ara\u00f1as prosperen. <\/p>\n<p><strong>La ayuda \u00fanica del ant\u00edlope gana un prestigioso premio<\/strong> <\/p>\n<p>Y finalmente, el trabajo de conservaci\u00f3n de la RSPB a nivel internacional, como parte de la Iniciativa de Conservaci\u00f3n Altyn Dala, gan\u00f3 el prestigioso Premio Earthshot 2024 por la restauraci\u00f3n del ecosistema y posterior recuperaci\u00f3n del ant\u00edlope Saiga, en Kazajst\u00e1n. La iniciativa ha permitido que la especie se recupere a m\u00e1s de 2,8 millones de ant\u00edlopes desde m\u00ednimos de 40.000 hace apenas 20 a\u00f1os, una de las recuperaciones de mam\u00edferos m\u00e1s importantes jam\u00e1s registradas. <\/p>\n<p>Este proyecto colaborativo a gran escala trabaja en 75 millones de hect\u00e1reas para conservar y restaurar los pastizales, los humedales y los desiertos de Kazajst\u00e1n, hogar del ant\u00edlope saiga, alguna vez en peligro cr\u00edtico de extinci\u00f3n. Esta especie clave fue hist\u00f3ricamente cazada furtivamente por sus cuernos y su n\u00famero disminuy\u00f3 a principios de la d\u00e9cada de 2000, pero desde entonces la investigaci\u00f3n, la lucha contra la caza furtiva, el contrabando, el establecimiento de \u00e1reas protegidas y los esfuerzos de educaci\u00f3n p\u00fablica han permitido que las poblaciones de ant\u00edlope Saiga se recuperen a niveles asombrosos. La iniciativa contin\u00faa beneficiando a muchas otras especies amenazadas, incluidas las \u00e1guilas esteparias, la avefr\u00eda sociable, el kulan (asno salvaje) y el caballo de Przewalski, lo que demuestra el \u00e9xito a gran escala de lograr una conservaci\u00f3n eficaz. <\/p>\n<p><strong>De cara al 2025: cuenta atr\u00e1s para el 2030<\/strong> <\/p>\n<p>Estos recientes triunfos para la naturaleza dan esperanza a la vida silvestre y al mundo natural del que todos dependemos. Sin embargo, la naturaleza sigue amenazada por desaf\u00edos como el cambio clim\u00e1tico, la p\u00e9rdida de h\u00e1bitat y el desarrollo inadecuado, con 1 de cada 6 especies de vida silvestre en riesgo de extinci\u00f3n en Gran Breta\u00f1a. Como resultado, el Reino Unido sigue siendo uno de los lugares del mundo con mayor escasez de naturaleza.  <\/p>\n<p><strong>Beccy Speight a\u00f1ade:<\/strong> \u201cCuando solo quedan cinco a\u00f1os para cumplir los objetivos naturales jur\u00eddicamente vinculantes para 2030, el gobierno del Reino Unido debe invertir urgentemente en la naturaleza y comprometerse con un programa de acci\u00f3n que mantendr\u00e1 comunes a las especies comunes y salvar\u00e1 a aquellas que est\u00e1n al borde de la desaparici\u00f3n. <\/p>\n<p>\u201cEsto significa aumentar el presupuesto agr\u00edcola del Reino Unido para garantizar que los agricultores tengan los recursos y el apoyo para cultivar de una manera que funcione para ellos, para la naturaleza y el clima. Tambi\u00e9n necesitamos un plan de ejecuci\u00f3n claro para garantizar que alcancemos el objetivo de que el 30% de nuestra tierra y nuestros mares est\u00e9n efectivamente protegidos y gestionados adecuadamente para la naturaleza para 2030. Y, lo que es m\u00e1s importante, debemos garantizar que el desarrollo de la infraestructura energ\u00e9tica y las reformas en la construcci\u00f3n de viviendas se consideren una oportunidad de impulsar la recuperaci\u00f3n de la naturaleza, apoy\u00e1ndola para que prospere y evitando aquellos lugares donde ya lo hace. La magnitud del desaf\u00edo es enorme, pero ya conocemos las soluciones y, cuando se implementan, ya est\u00e1n marcando la diferencia. Lo que se necesita ahora es la voluntad pol\u00edtica y la ambici\u00f3n para que se cumplan con urgencia y a gran escala\u201d. <\/p>\n<hr class=\"wp-block-separator has-alpha-channel-opacity\"><\/div>\n","protected":false},"excerpt":{"rendered":"<p>Los conservacionistas celebran un a\u00f1o de aspectos destacados de la naturaleza y nos recuerdan que hay esperanza para la vida silvestre a pesar de las<\/p>\n","protected":false},"author":1,"featured_media":2008,"comment_status":"closed","ping_status":"","sticky":false,"template":"","format":"standard","meta":{"footnotes":""},"categories":[68],"tags":[421,2869,2873,174,1425,2870,339,2871,2872,245,29],"class_list":["post-2007","post","type-post","status-publish","format-standard","has-post-thumbnail","hentry","category-fauna-y-flora","tag-ano","tag-aranas","tag-celebrar","tag-cinco","tag-entre","tag-espatulas","tag-este","tag-lanzon","tag-motivos","tag-naturaleza","tag-para","generate-columns","tablet-grid-50","mobile-grid-100","grid-parent","grid-50"],"yoast_head":"<!-- This site is optimized with the Yoast SEO plugin v23.4 - https:\/\/yoast.com\/wordpress\/plugins\/seo\/ -->\n<title>Ara\u00f1as, esp\u00e1tulas y lanz\u00f3n entre cinco motivos para celebrar la naturaleza este a\u00f1o - Consejos - Santa Catarina<\/title>\n<meta name=\"robots\" content=\"index, follow, max-snippet:-1, max-image-preview:large, max-video-preview:-1\" \/>\n<link rel=\"canonical\" href=\"https:\/\/stacatarina.mx\/consejos\/aranas-espatulas-y-lanzon-entre-cinco-motivos-para-celebrar-la-naturaleza-este-ano\/\" \/>\n<meta property=\"og:locale\" content=\"es_MX\" \/>\n<meta property=\"og:type\" content=\"article\" \/>\n<meta property=\"og:title\" content=\"Ara\u00f1as, esp\u00e1tulas y lanz\u00f3n entre cinco motivos para celebrar la naturaleza este a\u00f1o - Consejos - Santa Catarina\" \/>\n<meta property=\"og:description\" content=\"Los conservacionistas celebran un a\u00f1o de aspectos destacados de la naturaleza y nos recuerdan que hay esperanza para la vida silvestre a pesar de las\" \/>\n<meta property=\"og:url\" content=\"https:\/\/stacatarina.mx\/consejos\/aranas-espatulas-y-lanzon-entre-cinco-motivos-para-celebrar-la-naturaleza-este-ano\/\" \/>\n<meta property=\"og:site_name\" content=\"Santa Catarina\" \/>\n<meta property=\"article:publisher\" content=\"https:\/\/www.facebook.com\/stacatarinagob\/\" \/>\n<meta property=\"article:published_time\" content=\"2024-12-21T13:24:41+00:00\" \/>\n<meta property=\"og:image\" content=\"https:\/\/stacatarina.mx\/consejos\/wp-content\/uploads\/2024\/12\/Aranas-espatulas-y-lanzon-entre-cinco-motivos-para-celebrar-la.jpg\" \/>\n\t<meta property=\"og:image:width\" content=\"900\" \/>\n\t<meta property=\"og:image:height\" content=\"600\" \/>\n\t<meta property=\"og:image:type\" content=\"image\/jpeg\" \/>\n<meta name=\"author\" content=\"Pedro Mart\u00ednez\" \/>\n<meta name=\"twitter:card\" content=\"summary_large_image\" \/>\n<meta name=\"twitter:creator\" content=\"@stacatarinagob\" \/>\n<meta name=\"twitter:site\" content=\"@stacatarinagob\" \/>\n<meta name=\"twitter:label1\" content=\"Escrito por\" \/>\n\t<meta name=\"twitter:data1\" content=\"Pedro Mart\u00ednez\" \/>\n\t<meta name=\"twitter:label2\" content=\"Tiempo de lectura\" \/>\n\t<meta name=\"twitter:data2\" content=\"8 minutos\" \/>\n<script type=\"application\/ld+json\" class=\"yoast-schema-graph\">{\"@context\":\"https:\/\/schema.org\",\"@graph\":[{\"@type\":\"Article\",\"@id\":\"https:\/\/stacatarina.mx\/consejos\/aranas-espatulas-y-lanzon-entre-cinco-motivos-para-celebrar-la-naturaleza-este-ano\/#article\",\"isPartOf\":{\"@id\":\"https:\/\/stacatarina.mx\/consejos\/aranas-espatulas-y-lanzon-entre-cinco-motivos-para-celebrar-la-naturaleza-este-ano\/\"},\"author\":{\"name\":\"Pedro Mart\u00ednez\",\"@id\":\"https:\/\/stacatarina.mx\/consejos\/#\/schema\/person\/0be60adffa8e4c4d0828fdf021450e8a\"},\"headline\":\"Ara\u00f1as, esp\u00e1tulas y lanz\u00f3n entre cinco motivos para celebrar la naturaleza este a\u00f1o\",\"datePublished\":\"2024-12-21T13:24:41+00:00\",\"dateModified\":\"2024-12-21T13:24:41+00:00\",\"mainEntityOfPage\":{\"@id\":\"https:\/\/stacatarina.mx\/consejos\/aranas-espatulas-y-lanzon-entre-cinco-motivos-para-celebrar-la-naturaleza-este-ano\/\"},\"wordCount\":1627,\"publisher\":{\"@id\":\"https:\/\/stacatarina.mx\/consejos\/#organization\"},\"image\":{\"@id\":\"https:\/\/stacatarina.mx\/consejos\/aranas-espatulas-y-lanzon-entre-cinco-motivos-para-celebrar-la-naturaleza-este-ano\/#primaryimage\"},\"thumbnailUrl\":\"https:\/\/stacatarina.mx\/consejos\/wp-content\/uploads\/2024\/12\/Aranas-espatulas-y-lanzon-entre-cinco-motivos-para-celebrar-la.jpg\",\"keywords\":[\"a\u00f1o\",\"Ara\u00f1as\",\"celebrar\",\"cinco\",\"entre\",\"esp\u00e1tulas\",\"este\",\"lanz\u00f3n\",\"motivos\",\"naturaleza\",\"para\"],\"articleSection\":[\"Fauna y Flora\"],\"inLanguage\":\"es\"},{\"@type\":\"WebPage\",\"@id\":\"https:\/\/stacatarina.mx\/consejos\/aranas-espatulas-y-lanzon-entre-cinco-motivos-para-celebrar-la-naturaleza-este-ano\/\",\"url\":\"https:\/\/stacatarina.mx\/consejos\/aranas-espatulas-y-lanzon-entre-cinco-motivos-para-celebrar-la-naturaleza-este-ano\/\",\"name\":\"Ara\u00f1as, esp\u00e1tulas y lanz\u00f3n entre cinco motivos para celebrar la naturaleza este a\u00f1o - Consejos - Santa Catarina\",\"isPartOf\":{\"@id\":\"https:\/\/stacatarina.mx\/consejos\/#website\"},\"primaryImageOfPage\":{\"@id\":\"https:\/\/stacatarina.mx\/consejos\/aranas-espatulas-y-lanzon-entre-cinco-motivos-para-celebrar-la-naturaleza-este-ano\/#primaryimage\"},\"image\":{\"@id\":\"https:\/\/stacatarina.mx\/consejos\/aranas-espatulas-y-lanzon-entre-cinco-motivos-para-celebrar-la-naturaleza-este-ano\/#primaryimage\"},\"thumbnailUrl\":\"https:\/\/stacatarina.mx\/consejos\/wp-content\/uploads\/2024\/12\/Aranas-espatulas-y-lanzon-entre-cinco-motivos-para-celebrar-la.jpg\",\"datePublished\":\"2024-12-21T13:24:41+00:00\",\"dateModified\":\"2024-12-21T13:24:41+00:00\",\"breadcrumb\":{\"@id\":\"https:\/\/stacatarina.mx\/consejos\/aranas-espatulas-y-lanzon-entre-cinco-motivos-para-celebrar-la-naturaleza-este-ano\/#breadcrumb\"},\"inLanguage\":\"es\",\"potentialAction\":[{\"@type\":\"ReadAction\",\"target\":[\"https:\/\/stacatarina.mx\/consejos\/aranas-espatulas-y-lanzon-entre-cinco-motivos-para-celebrar-la-naturaleza-este-ano\/\"]}]},{\"@type\":\"ImageObject\",\"inLanguage\":\"es\",\"@id\":\"https:\/\/stacatarina.mx\/consejos\/aranas-espatulas-y-lanzon-entre-cinco-motivos-para-celebrar-la-naturaleza-este-ano\/#primaryimage\",\"url\":\"https:\/\/stacatarina.mx\/consejos\/wp-content\/uploads\/2024\/12\/Aranas-espatulas-y-lanzon-entre-cinco-motivos-para-celebrar-la.jpg\",\"contentUrl\":\"https:\/\/stacatarina.mx\/consejos\/wp-content\/uploads\/2024\/12\/Aranas-espatulas-y-lanzon-entre-cinco-motivos-para-celebrar-la.jpg\",\"width\":900,\"height\":600,\"caption\":\"Spiders, Spoonbills and sandeels among five reasons to celebrate nature this year\"},{\"@type\":\"BreadcrumbList\",\"@id\":\"https:\/\/stacatarina.mx\/consejos\/aranas-espatulas-y-lanzon-entre-cinco-motivos-para-celebrar-la-naturaleza-este-ano\/#breadcrumb\",\"itemListElement\":[{\"@type\":\"ListItem\",\"position\":1,\"name\":\"Inicio\",\"item\":\"https:\/\/stacatarina.mx\/consejos\/\"},{\"@type\":\"ListItem\",\"position\":2,\"name\":\"Ara\u00f1as, esp\u00e1tulas y lanz\u00f3n entre cinco motivos para celebrar la naturaleza este a\u00f1o\"}]},{\"@type\":\"WebSite\",\"@id\":\"https:\/\/stacatarina.mx\/consejos\/#website\",\"url\":\"https:\/\/stacatarina.mx\/consejos\/\",\"name\":\"Santa Catarina\",\"description\":\"\",\"publisher\":{\"@id\":\"https:\/\/stacatarina.mx\/consejos\/#organization\"},\"potentialAction\":[{\"@type\":\"SearchAction\",\"target\":{\"@type\":\"EntryPoint\",\"urlTemplate\":\"https:\/\/stacatarina.mx\/consejos\/?s={search_term_string}\"},\"query-input\":{\"@type\":\"PropertyValueSpecification\",\"valueRequired\":true,\"valueName\":\"search_term_string\"}}],\"inLanguage\":\"es\"},{\"@type\":\"Organization\",\"@id\":\"https:\/\/stacatarina.mx\/consejos\/#organization\",\"name\":\"Santa Catarina\",\"url\":\"https:\/\/stacatarina.mx\/consejos\/\",\"logo\":{\"@type\":\"ImageObject\",\"inLanguage\":\"es\",\"@id\":\"https:\/\/stacatarina.mx\/consejos\/#\/schema\/logo\/image\/\",\"url\":\"https:\/\/stacatarina.mx\/consejos\/wp-content\/uploads\/2024\/09\/cropped-favicon-1-1.png\",\"contentUrl\":\"https:\/\/stacatarina.mx\/consejos\/wp-content\/uploads\/2024\/09\/cropped-favicon-1-1.png\",\"width\":512,\"height\":512,\"caption\":\"Santa Catarina\"},\"image\":{\"@id\":\"https:\/\/stacatarina.mx\/consejos\/#\/schema\/logo\/image\/\"},\"sameAs\":[\"https:\/\/www.facebook.com\/stacatarinagob\/\",\"https:\/\/x.com\/stacatarinagob\",\"https:\/\/www.instagram.com\/stacatarinagob\/\",\"https:\/\/www.youtube.com\/channel\/UCK-6cQJL_904665N1_nLTWw\"]},{\"@type\":\"Person\",\"@id\":\"https:\/\/stacatarina.mx\/consejos\/#\/schema\/person\/0be60adffa8e4c4d0828fdf021450e8a\",\"name\":\"Pedro Mart\u00ednez\",\"image\":{\"@type\":\"ImageObject\",\"inLanguage\":\"es\",\"@id\":\"https:\/\/stacatarina.mx\/consejos\/#\/schema\/person\/image\/\",\"url\":\"https:\/\/stacatarina.mx\/consejos\/wp-content\/uploads\/2024\/09\/stacatarina.jpg\",\"contentUrl\":\"https:\/\/stacatarina.mx\/consejos\/wp-content\/uploads\/2024\/09\/stacatarina.jpg\",\"caption\":\"Pedro Mart\u00ednez\"},\"description\":\"Hola, soy Pedro Mart\u00ednez, redactor jefe del sitio oficial del ayuntamiento de Santa Catarina, en M\u00e9xico. Con m\u00e1s de diez a\u00f1os de experiencia en el periodismo local, tengo una pasi\u00f3n por la investigaci\u00f3n y la difusi\u00f3n de informaci\u00f3n que valoriza nuestra hermosa comunidad. Mi compromiso es hacer de Santa Catarina una referencia en materia de transparencia y comunicaci\u00f3n municipal.\",\"sameAs\":[\"https:\/\/stacatarina.mx\/\"]}]}<\/script>\n<!-- \/ Yoast SEO plugin. -->","yoast_head_json":{"title":"Ara\u00f1as, esp\u00e1tulas y lanz\u00f3n entre cinco motivos para celebrar la naturaleza este a\u00f1o - Consejos - Santa Catarina","robots":{"index":"index","follow":"follow","max-snippet":"max-snippet:-1","max-image-preview":"max-image-preview:large","max-video-preview":"max-video-preview:-1"},"canonical":"https:\/\/stacatarina.mx\/consejos\/aranas-espatulas-y-lanzon-entre-cinco-motivos-para-celebrar-la-naturaleza-este-ano\/","og_locale":"es_MX","og_type":"article","og_title":"Ara\u00f1as, esp\u00e1tulas y lanz\u00f3n entre cinco motivos para celebrar la naturaleza este a\u00f1o - Consejos - Santa Catarina","og_description":"Los conservacionistas celebran un a\u00f1o de aspectos destacados de la naturaleza y nos recuerdan que hay esperanza para la vida silvestre a pesar de las","og_url":"https:\/\/stacatarina.mx\/consejos\/aranas-espatulas-y-lanzon-entre-cinco-motivos-para-celebrar-la-naturaleza-este-ano\/","og_site_name":"Santa Catarina","article_publisher":"https:\/\/www.facebook.com\/stacatarinagob\/","article_published_time":"2024-12-21T13:24:41+00:00","og_image":[{"width":900,"height":600,"url":"https:\/\/stacatarina.mx\/consejos\/wp-content\/uploads\/2024\/12\/Aranas-espatulas-y-lanzon-entre-cinco-motivos-para-celebrar-la.jpg","type":"image\/jpeg"}],"author":"Pedro Mart\u00ednez","twitter_card":"summary_large_image","twitter_creator":"@stacatarinagob","twitter_site":"@stacatarinagob","twitter_misc":{"Escrito por":"Pedro Mart\u00ednez","Tiempo de lectura":"8 minutos"},"schema":{"@context":"https:\/\/schema.org","@graph":[{"@type":"Article","@id":"https:\/\/stacatarina.mx\/consejos\/aranas-espatulas-y-lanzon-entre-cinco-motivos-para-celebrar-la-naturaleza-este-ano\/#article","isPartOf":{"@id":"https:\/\/stacatarina.mx\/consejos\/aranas-espatulas-y-lanzon-entre-cinco-motivos-para-celebrar-la-naturaleza-este-ano\/"},"author":{"name":"Pedro Mart\u00ednez","@id":"https:\/\/stacatarina.mx\/consejos\/#\/schema\/person\/0be60adffa8e4c4d0828fdf021450e8a"},"headline":"Ara\u00f1as, esp\u00e1tulas y lanz\u00f3n entre cinco motivos para celebrar la naturaleza este a\u00f1o","datePublished":"2024-12-21T13:24:41+00:00","dateModified":"2024-12-21T13:24:41+00:00","mainEntityOfPage":{"@id":"https:\/\/stacatarina.mx\/consejos\/aranas-espatulas-y-lanzon-entre-cinco-motivos-para-celebrar-la-naturaleza-este-ano\/"},"wordCount":1627,"publisher":{"@id":"https:\/\/stacatarina.mx\/consejos\/#organization"},"image":{"@id":"https:\/\/stacatarina.mx\/consejos\/aranas-espatulas-y-lanzon-entre-cinco-motivos-para-celebrar-la-naturaleza-este-ano\/#primaryimage"},"thumbnailUrl":"https:\/\/stacatarina.mx\/consejos\/wp-content\/uploads\/2024\/12\/Aranas-espatulas-y-lanzon-entre-cinco-motivos-para-celebrar-la.jpg","keywords":["a\u00f1o","Ara\u00f1as","celebrar","cinco","entre","esp\u00e1tulas","este","lanz\u00f3n","motivos","naturaleza","para"],"articleSection":["Fauna y Flora"],"inLanguage":"es"},{"@type":"WebPage","@id":"https:\/\/stacatarina.mx\/consejos\/aranas-espatulas-y-lanzon-entre-cinco-motivos-para-celebrar-la-naturaleza-este-ano\/","url":"https:\/\/stacatarina.mx\/consejos\/aranas-espatulas-y-lanzon-entre-cinco-motivos-para-celebrar-la-naturaleza-este-ano\/","name":"Ara\u00f1as, esp\u00e1tulas y lanz\u00f3n entre cinco motivos para celebrar la naturaleza este a\u00f1o - Consejos - Santa Catarina","isPartOf":{"@id":"https:\/\/stacatarina.mx\/consejos\/#website"},"primaryImageOfPage":{"@id":"https:\/\/stacatarina.mx\/consejos\/aranas-espatulas-y-lanzon-entre-cinco-motivos-para-celebrar-la-naturaleza-este-ano\/#primaryimage"},"image":{"@id":"https:\/\/stacatarina.mx\/consejos\/aranas-espatulas-y-lanzon-entre-cinco-motivos-para-celebrar-la-naturaleza-este-ano\/#primaryimage"},"thumbnailUrl":"https:\/\/stacatarina.mx\/consejos\/wp-content\/uploads\/2024\/12\/Aranas-espatulas-y-lanzon-entre-cinco-motivos-para-celebrar-la.jpg","datePublished":"2024-12-21T13:24:41+00:00","dateModified":"2024-12-21T13:24:41+00:00","breadcrumb":{"@id":"https:\/\/stacatarina.mx\/consejos\/aranas-espatulas-y-lanzon-entre-cinco-motivos-para-celebrar-la-naturaleza-este-ano\/#breadcrumb"},"inLanguage":"es","potentialAction":[{"@type":"ReadAction","target":["https:\/\/stacatarina.mx\/consejos\/aranas-espatulas-y-lanzon-entre-cinco-motivos-para-celebrar-la-naturaleza-este-ano\/"]}]},{"@type":"ImageObject","inLanguage":"es","@id":"https:\/\/stacatarina.mx\/consejos\/aranas-espatulas-y-lanzon-entre-cinco-motivos-para-celebrar-la-naturaleza-este-ano\/#primaryimage","url":"https:\/\/stacatarina.mx\/consejos\/wp-content\/uploads\/2024\/12\/Aranas-espatulas-y-lanzon-entre-cinco-motivos-para-celebrar-la.jpg","contentUrl":"https:\/\/stacatarina.mx\/consejos\/wp-content\/uploads\/2024\/12\/Aranas-espatulas-y-lanzon-entre-cinco-motivos-para-celebrar-la.jpg","width":900,"height":600,"caption":"Spiders, Spoonbills and sandeels among five reasons to celebrate nature this year"},{"@type":"BreadcrumbList","@id":"https:\/\/stacatarina.mx\/consejos\/aranas-espatulas-y-lanzon-entre-cinco-motivos-para-celebrar-la-naturaleza-este-ano\/#breadcrumb","itemListElement":[{"@type":"ListItem","position":1,"name":"Inicio","item":"https:\/\/stacatarina.mx\/consejos\/"},{"@type":"ListItem","position":2,"name":"Ara\u00f1as, esp\u00e1tulas y lanz\u00f3n entre cinco motivos para celebrar la naturaleza este a\u00f1o"}]},{"@type":"WebSite","@id":"https:\/\/stacatarina.mx\/consejos\/#website","url":"https:\/\/stacatarina.mx\/consejos\/","name":"Santa Catarina","description":"","publisher":{"@id":"https:\/\/stacatarina.mx\/consejos\/#organization"},"potentialAction":[{"@type":"SearchAction","target":{"@type":"EntryPoint","urlTemplate":"https:\/\/stacatarina.mx\/consejos\/?s={search_term_string}"},"query-input":{"@type":"PropertyValueSpecification","valueRequired":true,"valueName":"search_term_string"}}],"inLanguage":"es"},{"@type":"Organization","@id":"https:\/\/stacatarina.mx\/consejos\/#organization","name":"Santa Catarina","url":"https:\/\/stacatarina.mx\/consejos\/","logo":{"@type":"ImageObject","inLanguage":"es","@id":"https:\/\/stacatarina.mx\/consejos\/#\/schema\/logo\/image\/","url":"https:\/\/stacatarina.mx\/consejos\/wp-content\/uploads\/2024\/09\/cropped-favicon-1-1.png","contentUrl":"https:\/\/stacatarina.mx\/consejos\/wp-content\/uploads\/2024\/09\/cropped-favicon-1-1.png","width":512,"height":512,"caption":"Santa Catarina"},"image":{"@id":"https:\/\/stacatarina.mx\/consejos\/#\/schema\/logo\/image\/"},"sameAs":["https:\/\/www.facebook.com\/stacatarinagob\/","https:\/\/x.com\/stacatarinagob","https:\/\/www.instagram.com\/stacatarinagob\/","https:\/\/www.youtube.com\/channel\/UCK-6cQJL_904665N1_nLTWw"]},{"@type":"Person","@id":"https:\/\/stacatarina.mx\/consejos\/#\/schema\/person\/0be60adffa8e4c4d0828fdf021450e8a","name":"Pedro Mart\u00ednez","image":{"@type":"ImageObject","inLanguage":"es","@id":"https:\/\/stacatarina.mx\/consejos\/#\/schema\/person\/image\/","url":"https:\/\/stacatarina.mx\/consejos\/wp-content\/uploads\/2024\/09\/stacatarina.jpg","contentUrl":"https:\/\/stacatarina.mx\/consejos\/wp-content\/uploads\/2024\/09\/stacatarina.jpg","caption":"Pedro Mart\u00ednez"},"description":"Hola, soy Pedro Mart\u00ednez, redactor jefe del sitio oficial del ayuntamiento de Santa Catarina, en M\u00e9xico. Con m\u00e1s de diez a\u00f1os de experiencia en el periodismo local, tengo una pasi\u00f3n por la investigaci\u00f3n y la difusi\u00f3n de informaci\u00f3n que valoriza nuestra hermosa comunidad. Mi compromiso es hacer de Santa Catarina una referencia en materia de transparencia y comunicaci\u00f3n municipal.","sameAs":["https:\/\/stacatarina.mx\/"]}]}},"_links":{"self":[{"href":"https:\/\/stacatarina.mx\/consejos\/wp-json\/wp\/v2\/posts\/2007"}],"collection":[{"href":"https:\/\/stacatarina.mx\/consejos\/wp-json\/wp\/v2\/posts"}],"about":[{"href":"https:\/\/stacatarina.mx\/consejos\/wp-json\/wp\/v2\/types\/post"}],"author":[{"embeddable":true,"href":"https:\/\/stacatarina.mx\/consejos\/wp-json\/wp\/v2\/users\/1"}],"replies":[{"embeddable":true,"href":"https:\/\/stacatarina.mx\/consejos\/wp-json\/wp\/v2\/comments?post=2007"}],"version-history":[{"count":1,"href":"https:\/\/stacatarina.mx\/consejos\/wp-json\/wp\/v2\/posts\/2007\/revisions"}],"predecessor-version":[{"id":2009,"href":"https:\/\/stacatarina.mx\/consejos\/wp-json\/wp\/v2\/posts\/2007\/revisions\/2009"}],"wp:featuredmedia":[{"embeddable":true,"href":"https:\/\/stacatarina.mx\/consejos\/wp-json\/wp\/v2\/media\/2008"}],"wp:attachment":[{"href":"https:\/\/stacatarina.mx\/consejos\/wp-json\/wp\/v2\/media?parent=2007"}],"wp:term":[{"taxonomy":"category","embeddable":true,"href":"https:\/\/stacatarina.mx\/consejos\/wp-json\/wp\/v2\/categories?post=2007"},{"taxonomy":"post_tag","embeddable":true,"href":"https:\/\/stacatarina.mx\/consejos\/wp-json\/wp\/v2\/tags?post=2007"}],"curies":[{"name":"wp","href":"https:\/\/api.w.org\/{rel}","templated":true}]}}