{"id":2028,"date":"2024-12-22T15:23:19","date_gmt":"2024-12-22T21:23:19","guid":{"rendered":"https:\/\/stacatarina.mx\/consejos\/la-abuela-tina-la-mujer-de-107-anos-que-fue-operada-en-el-policlinico-de-milan-bajo-anestesia-general-se-encuentra-bien-y-pasara-la-navidad-con-su-familia\/"},"modified":"2024-12-22T15:23:19","modified_gmt":"2024-12-22T21:23:19","slug":"la-abuela-tina-la-mujer-de-107-anos-que-fue-operada-en-el-policlinico-de-milan-bajo-anestesia-general-se-encuentra-bien-y-pasara-la-navidad-con-su-familia","status":"publish","type":"post","link":"https:\/\/stacatarina.mx\/consejos\/la-abuela-tina-la-mujer-de-107-anos-que-fue-operada-en-el-policlinico-de-milan-bajo-anestesia-general-se-encuentra-bien-y-pasara-la-navidad-con-su-familia\/","title":{"rendered":"La abuela Tina, la mujer de 107 a\u00f1os que fue operada en el Policl\u00ednico de Mil\u00e1n bajo anestesia general, se encuentra bien y pasar\u00e1 la Navidad con su familia"},"content":{"rendered":"<p class=\"single-abstract\">\n<p>\t\t\t\t\t\t\t\t\t\t\t\t\t\t\t\t\t107 a\u00f1os y no lo siente: la abuela Clementina, conocida como Tina, fue sometida a una cirug\u00eda abdominal bajo anestesia general (con una t\u00e9cnica m\u00ednimamente invasiva), pero ya est\u00e1 bien y podr\u00e1 pasar la Navidad con su familia, abrazada por su querido nieto Gianluca\t\t\t\t\t\t\t\t\t\t\t\t\t\t\t<\/p>\n<div class=\"code-block code-block-23\" style=\"margin: 8px 0; clear: both;\">\n<style>\n<p>  .native-adv { mostrar: flexionar; direcci\u00f3n flexible: columna; margen: .75rem autom\u00e1tico; relleno: .5rem; borde: 1px s\u00f3lido #ccc !importante; margen inferior: 30px; borde: ninguno; } .native-adv:hover { decoraci\u00f3n de texto: \u00a1ninguna! Importante; } .native-adv-text { relleno: .7rem 1rem; ancho: 100%; } .native-adv-title { } .native-adv-detalles { display: flex; direcci\u00f3n flexible: columna; } .native-adv-cta { align-self: flex-start; margen inferior: .5rem; relleno: .5rem .7rem; radio del borde: 5px; color de fondo: #ee5319; color: #fff; tama\u00f1o de fuente: .875rem; peso de fuente: 700; altura de l\u00ednea: calc(1em + 4px); cursor: puntero; } .native-adv-info { pantalla: flex; alinear elementos: centro; alineaci\u00f3n propia: extremo flexible; color: #000; tama\u00f1o de fuente: .75rem; peso de fuente: 400; altura de l\u00ednea: calc(1em + 4px); margen superior: 15px; } .native-adv-info img { margen izquierdo: 7px; } Pantalla solo @media y (ancho m\u00ednimo: 480px) { .native-adv { direcci\u00f3n flexible: fila; } .native-adv-media { ancho m\u00e1ximo: 260px; } .native-adv-text { relleno: 0 1.4rem; } .native-adv-details { direcci\u00f3n flexible: fila; justificar contenido: espacio entre; } }<\/p>\n<\/style>\n<div class=\"native-adv-text\">\n<h3 class=\"native-adv-title\">Especial fotovoltaica hogar: c\u00f3mo ahorrar con energ\u00eda solar<\/h3>\n<div class=\"native-adv-details\">\n<div class=\"native-adv-cta\">Descubra m\u00e1s<\/div>\n<div class=\"native-adv-info\">En colaboraci\u00f3n con <\/div>\n<\/p><\/div>\n<\/p><\/div>\n<\/div>\n<div class=\"daily-video\" style=\"display: none;\"><\/div>\n<div class=\"wrapper-player\" style=\"display: none; margin-bottom: 15px;\">\n<div id=\"daily-player\" style=\"position: relative; max-width: 100%;\" class=\"video-content\"><\/div>\n<\/p><\/div>\n<p>A <strong>107 a\u00f1os<\/strong> Abuela <em>clementina<\/em>dicho <em>tina<\/em>no se detiene ni siquiera ante la obstrucci\u00f3n intestinal y la consiguiente <strong>cirug\u00eda bajo anestesia general<\/strong> (con t\u00e9cnica m\u00ednimamente invasiva), realizado en <em>Policl\u00ednico de Mil\u00e1n<\/em>. La mujer, anciana y con una fuerza incre\u00edble, <strong>el esta bien<\/strong> y podr\u00e1 pasar la Navidad con su familia, mimada por su querido sobrino Gianluca.<\/p>\n<p>Tina lleg\u00f3 a urgencias por la noche quej\u00e1ndose de un <strong>dolor abdominal significativo<\/strong> y la tomograf\u00eda computarizada resalt\u00f3<strong>obstrucci\u00f3n del intestino delgado<\/strong>una situaci\u00f3n urgente que debe mantenerse bajo estrecha vigilancia.<\/p>\n<blockquote>\n<p>Esperamos algunas horas para ver si el caso pod\u00eda tratarse sin necesidad de proceder quir\u00fargicamente \u2013 dice Hayato Kurihara, director de Cirug\u00eda de Emergencia del Policl\u00ednico de Mil\u00e1n \u2013 pero a la ma\u00f1ana siguiente, despu\u00e9s de reevaluar el cuadro cl\u00ednico, notamos una <strong>tracto intestinal doloroso<\/strong> y la \u00fanica posibilidad de salvar la vida de la dama hubiera sido una intervenci\u00f3n<\/p>\n<\/blockquote>\n<p>Tras obtener la aprobaci\u00f3n de la familia, la se\u00f1ora fue sometida a una cirug\u00eda abdominal laparosc\u00f3pica, una t\u00e9cnica quir\u00fargica m\u00ednimamente invasiva, que implica una<strong>anestesia general<\/strong> pero que garantiza un tiempo limitado bajo el bistur\u00ed (en este caso s\u00f3lo fueron suficientes tres peque\u00f1as incisiones y menos de una hora en el quir\u00f3fano).<\/p>\n<aside style=\"margin: 8px auto; text-align: center; display: block; clear: both;\">\n<div id=\"gpt-passback\">\n<\/div>\n<\/aside>\n<blockquote>\n<p>Vivimos en una sociedad que envejece r\u00e1pidamente y cada vez m\u00e1s<strong> <\/strong>Tenemos que afrontar situaciones complejas: pero la posible fragilidad del paciente lo que hoy importa es el trato personalizado que podemos garantizar.<\/p>\n<\/blockquote>\n<p><strong>Seg\u00fan lo informado por Istat<\/strong>de hecho, yo <strong>supercentenarios <\/strong>(es decir, personas de 110 a\u00f1os o m\u00e1s) que segu\u00edan vivas el 1 de enero de 2024 eran 21 (20 mujeres y 1 hombre), y <strong>m\u00e1s del doble en comparaci\u00f3n con 2009<\/strong>cuando eran 10.<\/p>\n<p>La medicina est\u00e1 dando pasos de gigante en este sentido, desarrollando t\u00e9cnicas quir\u00fargicas cada vez m\u00e1s sofisticadas, aplicables incluso en casos como estos, sin perjuicio de la necesidad de conocer, como siempre, las condiciones generales de salud del paciente.<\/p>\n<blockquote>\n<p>Ni siquiera hubo necesidad de Cuidados Intensivos y Tina r\u00e1pidamente volvi\u00f3 a estar en forma (&#8230;) Basta pensar que hace tres a\u00f1os ya hab\u00eda sido operada en el Policl\u00ednico por una fractura de pelvis y a los pocos d\u00edas de ser dada de alta estaba en su cama. pies. No solo demos una oportunidad a nuestros fr\u00e1giles pacientes, el verdadero desaf\u00edo es <strong>devolverlos a su normalidad<\/strong><\/p>\n<\/blockquote>\n<p>Feliz cumplea\u00f1os Tina, ser\u00e1 una Navidad especial para ti y todos tus seres queridos.<\/p>\n<\/p>\n<p><strong>Fuente: Policl\u00ednico de Mil\u00e1n<\/strong><\/p><\/p>\n","protected":false},"excerpt":{"rendered":"<p>107 a\u00f1os y no lo siente: la abuela Clementina, conocida como Tina, fue sometida a una cirug\u00eda abdominal bajo anestesia general (con una t\u00e9cnica m\u00ednimamente<\/p>\n","protected":false},"author":1,"featured_media":2029,"comment_status":"closed","ping_status":"","sticky":false,"template":"","format":"standard","meta":{"footnotes":""},"categories":[762],"tags":[2895,2899,209,726,2241,42,1343,2075,614,2900,983,475,2323,2897,2901,2898,2896],"class_list":["post-2028","post","type-post","status-publish","format-standard","has-post-thumbnail","hentry","category-salud","tag-abuela","tag-anestesia","tag-anos","tag-bajo","tag-bien","tag-con","tag-encuentra","tag-familia","tag-fue","tag-general","tag-milan","tag-mujer","tag-navidad","tag-operada","tag-pasara","tag-policlinico","tag-tina","generate-columns","tablet-grid-50","mobile-grid-100","grid-parent","grid-50"],"yoast_head":"<!-- This site is optimized with the Yoast SEO plugin v23.4 - https:\/\/yoast.com\/wordpress\/plugins\/seo\/ -->\n<title>La abuela Tina, la mujer de 107 a\u00f1os que fue operada en el Policl\u00ednico de Mil\u00e1n bajo anestesia general, se encuentra bien y pasar\u00e1 la Navidad con su familia - Consejos - Santa Catarina<\/title>\n<meta name=\"robots\" content=\"index, follow, max-snippet:-1, max-image-preview:large, max-video-preview:-1\" \/>\n<link rel=\"canonical\" href=\"https:\/\/stacatarina.mx\/consejos\/la-abuela-tina-la-mujer-de-107-anos-que-fue-operada-en-el-policlinico-de-milan-bajo-anestesia-general-se-encuentra-bien-y-pasara-la-navidad-con-su-familia\/\" \/>\n<meta property=\"og:locale\" content=\"es_MX\" \/>\n<meta property=\"og:type\" content=\"article\" \/>\n<meta property=\"og:title\" content=\"La abuela Tina, la mujer de 107 a\u00f1os que fue operada en el Policl\u00ednico de Mil\u00e1n bajo anestesia general, se encuentra bien y pasar\u00e1 la Navidad con su familia - Consejos - Santa Catarina\" \/>\n<meta property=\"og:description\" content=\"107 a\u00f1os y no lo siente: la abuela Clementina, conocida como Tina, fue sometida a una cirug\u00eda abdominal bajo anestesia general (con una t\u00e9cnica m\u00ednimamente\" \/>\n<meta property=\"og:url\" content=\"https:\/\/stacatarina.mx\/consejos\/la-abuela-tina-la-mujer-de-107-anos-que-fue-operada-en-el-policlinico-de-milan-bajo-anestesia-general-se-encuentra-bien-y-pasara-la-navidad-con-su-familia\/\" \/>\n<meta property=\"og:site_name\" content=\"Santa Catarina\" \/>\n<meta property=\"article:publisher\" content=\"https:\/\/www.facebook.com\/stacatarinagob\/\" \/>\n<meta property=\"article:published_time\" content=\"2024-12-22T21:23:19+00:00\" \/>\n<meta property=\"og:image\" content=\"https:\/\/stacatarina.mx\/consejos\/wp-content\/uploads\/2024\/12\/La-abuela-Tina-la-mujer-de-107-anos-que-fue.jpg\" \/>\n\t<meta property=\"og:image:width\" content=\"1500\" \/>\n\t<meta property=\"og:image:height\" content=\"1001\" \/>\n\t<meta property=\"og:image:type\" content=\"image\/jpeg\" \/>\n<meta name=\"author\" content=\"Pedro Mart\u00ednez\" \/>\n<meta name=\"twitter:card\" content=\"summary_large_image\" \/>\n<meta name=\"twitter:creator\" content=\"@stacatarinagob\" \/>\n<meta name=\"twitter:site\" content=\"@stacatarinagob\" \/>\n<meta name=\"twitter:label1\" content=\"Escrito por\" \/>\n\t<meta name=\"twitter:data1\" content=\"Pedro Mart\u00ednez\" \/>\n\t<meta name=\"twitter:label2\" content=\"Tiempo de lectura\" \/>\n\t<meta name=\"twitter:data2\" content=\"2 minutos\" \/>\n<script type=\"application\/ld+json\" class=\"yoast-schema-graph\">{\"@context\":\"https:\/\/schema.org\",\"@graph\":[{\"@type\":\"Article\",\"@id\":\"https:\/\/stacatarina.mx\/consejos\/la-abuela-tina-la-mujer-de-107-anos-que-fue-operada-en-el-policlinico-de-milan-bajo-anestesia-general-se-encuentra-bien-y-pasara-la-navidad-con-su-familia\/#article\",\"isPartOf\":{\"@id\":\"https:\/\/stacatarina.mx\/consejos\/la-abuela-tina-la-mujer-de-107-anos-que-fue-operada-en-el-policlinico-de-milan-bajo-anestesia-general-se-encuentra-bien-y-pasara-la-navidad-con-su-familia\/\"},\"author\":{\"name\":\"Pedro Mart\u00ednez\",\"@id\":\"https:\/\/stacatarina.mx\/consejos\/#\/schema\/person\/0be60adffa8e4c4d0828fdf021450e8a\"},\"headline\":\"La abuela Tina, la mujer de 107 a\u00f1os que fue operada en el Policl\u00ednico de Mil\u00e1n bajo anestesia general, se encuentra bien y pasar\u00e1 la Navidad con su familia\",\"datePublished\":\"2024-12-22T21:23:19+00:00\",\"dateModified\":\"2024-12-22T21:23:19+00:00\",\"mainEntityOfPage\":{\"@id\":\"https:\/\/stacatarina.mx\/consejos\/la-abuela-tina-la-mujer-de-107-anos-que-fue-operada-en-el-policlinico-de-milan-bajo-anestesia-general-se-encuentra-bien-y-pasara-la-navidad-con-su-familia\/\"},\"wordCount\":530,\"publisher\":{\"@id\":\"https:\/\/stacatarina.mx\/consejos\/#organization\"},\"image\":{\"@id\":\"https:\/\/stacatarina.mx\/consejos\/la-abuela-tina-la-mujer-de-107-anos-que-fue-operada-en-el-policlinico-de-milan-bajo-anestesia-general-se-encuentra-bien-y-pasara-la-navidad-con-su-familia\/#primaryimage\"},\"thumbnailUrl\":\"https:\/\/stacatarina.mx\/consejos\/wp-content\/uploads\/2024\/12\/La-abuela-Tina-la-mujer-de-107-anos-que-fue.jpg\",\"keywords\":[\"abuela\",\"anestesia\",\"a\u00f1os\",\"bajo\",\"Bien\",\"con\",\"encuentra\",\"familia\",\"fue\",\"general\",\"Mil\u00e1n\",\"mujer\",\"Navidad\",\"operada\",\"pasar\u00e1\",\"Policl\u00ednico\",\"Tina\"],\"articleSection\":[\"Salud\"],\"inLanguage\":\"es\"},{\"@type\":\"WebPage\",\"@id\":\"https:\/\/stacatarina.mx\/consejos\/la-abuela-tina-la-mujer-de-107-anos-que-fue-operada-en-el-policlinico-de-milan-bajo-anestesia-general-se-encuentra-bien-y-pasara-la-navidad-con-su-familia\/\",\"url\":\"https:\/\/stacatarina.mx\/consejos\/la-abuela-tina-la-mujer-de-107-anos-que-fue-operada-en-el-policlinico-de-milan-bajo-anestesia-general-se-encuentra-bien-y-pasara-la-navidad-con-su-familia\/\",\"name\":\"La abuela Tina, la mujer de 107 a\u00f1os que fue operada en el Policl\u00ednico de Mil\u00e1n bajo anestesia general, se encuentra bien y pasar\u00e1 la Navidad con su familia - Consejos - Santa Catarina\",\"isPartOf\":{\"@id\":\"https:\/\/stacatarina.mx\/consejos\/#website\"},\"primaryImageOfPage\":{\"@id\":\"https:\/\/stacatarina.mx\/consejos\/la-abuela-tina-la-mujer-de-107-anos-que-fue-operada-en-el-policlinico-de-milan-bajo-anestesia-general-se-encuentra-bien-y-pasara-la-navidad-con-su-familia\/#primaryimage\"},\"image\":{\"@id\":\"https:\/\/stacatarina.mx\/consejos\/la-abuela-tina-la-mujer-de-107-anos-que-fue-operada-en-el-policlinico-de-milan-bajo-anestesia-general-se-encuentra-bien-y-pasara-la-navidad-con-su-familia\/#primaryimage\"},\"thumbnailUrl\":\"https:\/\/stacatarina.mx\/consejos\/wp-content\/uploads\/2024\/12\/La-abuela-Tina-la-mujer-de-107-anos-que-fue.jpg\",\"datePublished\":\"2024-12-22T21:23:19+00:00\",\"dateModified\":\"2024-12-22T21:23:19+00:00\",\"breadcrumb\":{\"@id\":\"https:\/\/stacatarina.mx\/consejos\/la-abuela-tina-la-mujer-de-107-anos-que-fue-operada-en-el-policlinico-de-milan-bajo-anestesia-general-se-encuentra-bien-y-pasara-la-navidad-con-su-familia\/#breadcrumb\"},\"inLanguage\":\"es\",\"potentialAction\":[{\"@type\":\"ReadAction\",\"target\":[\"https:\/\/stacatarina.mx\/consejos\/la-abuela-tina-la-mujer-de-107-anos-que-fue-operada-en-el-policlinico-de-milan-bajo-anestesia-general-se-encuentra-bien-y-pasara-la-navidad-con-su-familia\/\"]}]},{\"@type\":\"ImageObject\",\"inLanguage\":\"es\",\"@id\":\"https:\/\/stacatarina.mx\/consejos\/la-abuela-tina-la-mujer-de-107-anos-que-fue-operada-en-el-policlinico-de-milan-bajo-anestesia-general-se-encuentra-bien-y-pasara-la-navidad-con-su-familia\/#primaryimage\",\"url\":\"https:\/\/stacatarina.mx\/consejos\/wp-content\/uploads\/2024\/12\/La-abuela-Tina-la-mujer-de-107-anos-que-fue.jpg\",\"contentUrl\":\"https:\/\/stacatarina.mx\/consejos\/wp-content\/uploads\/2024\/12\/La-abuela-Tina-la-mujer-de-107-anos-que-fue.jpg\",\"width\":1500,\"height\":1001,\"caption\":\"La abuela Tina, la mujer de 107 a\u00f1os que fue operada en el Policl\u00ednico de Mil\u00e1n bajo anestesia general, se encuentra bien y pasar\u00e1 la Navidad con su familia\"},{\"@type\":\"BreadcrumbList\",\"@id\":\"https:\/\/stacatarina.mx\/consejos\/la-abuela-tina-la-mujer-de-107-anos-que-fue-operada-en-el-policlinico-de-milan-bajo-anestesia-general-se-encuentra-bien-y-pasara-la-navidad-con-su-familia\/#breadcrumb\",\"itemListElement\":[{\"@type\":\"ListItem\",\"position\":1,\"name\":\"Inicio\",\"item\":\"https:\/\/stacatarina.mx\/consejos\/\"},{\"@type\":\"ListItem\",\"position\":2,\"name\":\"La abuela Tina, la mujer de 107 a\u00f1os que fue operada en el Policl\u00ednico de Mil\u00e1n bajo anestesia general, se encuentra bien y pasar\u00e1 la Navidad con su familia\"}]},{\"@type\":\"WebSite\",\"@id\":\"https:\/\/stacatarina.mx\/consejos\/#website\",\"url\":\"https:\/\/stacatarina.mx\/consejos\/\",\"name\":\"Santa Catarina\",\"description\":\"\",\"publisher\":{\"@id\":\"https:\/\/stacatarina.mx\/consejos\/#organization\"},\"potentialAction\":[{\"@type\":\"SearchAction\",\"target\":{\"@type\":\"EntryPoint\",\"urlTemplate\":\"https:\/\/stacatarina.mx\/consejos\/?s={search_term_string}\"},\"query-input\":{\"@type\":\"PropertyValueSpecification\",\"valueRequired\":true,\"valueName\":\"search_term_string\"}}],\"inLanguage\":\"es\"},{\"@type\":\"Organization\",\"@id\":\"https:\/\/stacatarina.mx\/consejos\/#organization\",\"name\":\"Santa Catarina\",\"url\":\"https:\/\/stacatarina.mx\/consejos\/\",\"logo\":{\"@type\":\"ImageObject\",\"inLanguage\":\"es\",\"@id\":\"https:\/\/stacatarina.mx\/consejos\/#\/schema\/logo\/image\/\",\"url\":\"https:\/\/stacatarina.mx\/consejos\/wp-content\/uploads\/2024\/09\/cropped-favicon-1-1.png\",\"contentUrl\":\"https:\/\/stacatarina.mx\/consejos\/wp-content\/uploads\/2024\/09\/cropped-favicon-1-1.png\",\"width\":512,\"height\":512,\"caption\":\"Santa Catarina\"},\"image\":{\"@id\":\"https:\/\/stacatarina.mx\/consejos\/#\/schema\/logo\/image\/\"},\"sameAs\":[\"https:\/\/www.facebook.com\/stacatarinagob\/\",\"https:\/\/x.com\/stacatarinagob\",\"https:\/\/www.instagram.com\/stacatarinagob\/\",\"https:\/\/www.youtube.com\/channel\/UCK-6cQJL_904665N1_nLTWw\"]},{\"@type\":\"Person\",\"@id\":\"https:\/\/stacatarina.mx\/consejos\/#\/schema\/person\/0be60adffa8e4c4d0828fdf021450e8a\",\"name\":\"Pedro Mart\u00ednez\",\"image\":{\"@type\":\"ImageObject\",\"inLanguage\":\"es\",\"@id\":\"https:\/\/stacatarina.mx\/consejos\/#\/schema\/person\/image\/\",\"url\":\"https:\/\/stacatarina.mx\/consejos\/wp-content\/uploads\/2024\/09\/stacatarina.jpg\",\"contentUrl\":\"https:\/\/stacatarina.mx\/consejos\/wp-content\/uploads\/2024\/09\/stacatarina.jpg\",\"caption\":\"Pedro Mart\u00ednez\"},\"description\":\"Hola, soy Pedro Mart\u00ednez, redactor jefe del sitio oficial del ayuntamiento de Santa Catarina, en M\u00e9xico. Con m\u00e1s de diez a\u00f1os de experiencia en el periodismo local, tengo una pasi\u00f3n por la investigaci\u00f3n y la difusi\u00f3n de informaci\u00f3n que valoriza nuestra hermosa comunidad. Mi compromiso es hacer de Santa Catarina una referencia en materia de transparencia y comunicaci\u00f3n municipal.\",\"sameAs\":[\"https:\/\/stacatarina.mx\/\"]}]}<\/script>\n<!-- \/ Yoast SEO plugin. -->","yoast_head_json":{"title":"La abuela Tina, la mujer de 107 a\u00f1os que fue operada en el Policl\u00ednico de Mil\u00e1n bajo anestesia general, se encuentra bien y pasar\u00e1 la Navidad con su familia - Consejos - Santa Catarina","robots":{"index":"index","follow":"follow","max-snippet":"max-snippet:-1","max-image-preview":"max-image-preview:large","max-video-preview":"max-video-preview:-1"},"canonical":"https:\/\/stacatarina.mx\/consejos\/la-abuela-tina-la-mujer-de-107-anos-que-fue-operada-en-el-policlinico-de-milan-bajo-anestesia-general-se-encuentra-bien-y-pasara-la-navidad-con-su-familia\/","og_locale":"es_MX","og_type":"article","og_title":"La abuela Tina, la mujer de 107 a\u00f1os que fue operada en el Policl\u00ednico de Mil\u00e1n bajo anestesia general, se encuentra bien y pasar\u00e1 la Navidad con su familia - Consejos - Santa Catarina","og_description":"107 a\u00f1os y no lo siente: la abuela Clementina, conocida como Tina, fue sometida a una cirug\u00eda abdominal bajo anestesia general (con una t\u00e9cnica m\u00ednimamente","og_url":"https:\/\/stacatarina.mx\/consejos\/la-abuela-tina-la-mujer-de-107-anos-que-fue-operada-en-el-policlinico-de-milan-bajo-anestesia-general-se-encuentra-bien-y-pasara-la-navidad-con-su-familia\/","og_site_name":"Santa Catarina","article_publisher":"https:\/\/www.facebook.com\/stacatarinagob\/","article_published_time":"2024-12-22T21:23:19+00:00","og_image":[{"width":1500,"height":1001,"url":"https:\/\/stacatarina.mx\/consejos\/wp-content\/uploads\/2024\/12\/La-abuela-Tina-la-mujer-de-107-anos-que-fue.jpg","type":"image\/jpeg"}],"author":"Pedro Mart\u00ednez","twitter_card":"summary_large_image","twitter_creator":"@stacatarinagob","twitter_site":"@stacatarinagob","twitter_misc":{"Escrito por":"Pedro Mart\u00ednez","Tiempo de lectura":"2 minutos"},"schema":{"@context":"https:\/\/schema.org","@graph":[{"@type":"Article","@id":"https:\/\/stacatarina.mx\/consejos\/la-abuela-tina-la-mujer-de-107-anos-que-fue-operada-en-el-policlinico-de-milan-bajo-anestesia-general-se-encuentra-bien-y-pasara-la-navidad-con-su-familia\/#article","isPartOf":{"@id":"https:\/\/stacatarina.mx\/consejos\/la-abuela-tina-la-mujer-de-107-anos-que-fue-operada-en-el-policlinico-de-milan-bajo-anestesia-general-se-encuentra-bien-y-pasara-la-navidad-con-su-familia\/"},"author":{"name":"Pedro Mart\u00ednez","@id":"https:\/\/stacatarina.mx\/consejos\/#\/schema\/person\/0be60adffa8e4c4d0828fdf021450e8a"},"headline":"La abuela Tina, la mujer de 107 a\u00f1os que fue operada en el Policl\u00ednico de Mil\u00e1n bajo anestesia general, se encuentra bien y pasar\u00e1 la Navidad con su familia","datePublished":"2024-12-22T21:23:19+00:00","dateModified":"2024-12-22T21:23:19+00:00","mainEntityOfPage":{"@id":"https:\/\/stacatarina.mx\/consejos\/la-abuela-tina-la-mujer-de-107-anos-que-fue-operada-en-el-policlinico-de-milan-bajo-anestesia-general-se-encuentra-bien-y-pasara-la-navidad-con-su-familia\/"},"wordCount":530,"publisher":{"@id":"https:\/\/stacatarina.mx\/consejos\/#organization"},"image":{"@id":"https:\/\/stacatarina.mx\/consejos\/la-abuela-tina-la-mujer-de-107-anos-que-fue-operada-en-el-policlinico-de-milan-bajo-anestesia-general-se-encuentra-bien-y-pasara-la-navidad-con-su-familia\/#primaryimage"},"thumbnailUrl":"https:\/\/stacatarina.mx\/consejos\/wp-content\/uploads\/2024\/12\/La-abuela-Tina-la-mujer-de-107-anos-que-fue.jpg","keywords":["abuela","anestesia","a\u00f1os","bajo","Bien","con","encuentra","familia","fue","general","Mil\u00e1n","mujer","Navidad","operada","pasar\u00e1","Policl\u00ednico","Tina"],"articleSection":["Salud"],"inLanguage":"es"},{"@type":"WebPage","@id":"https:\/\/stacatarina.mx\/consejos\/la-abuela-tina-la-mujer-de-107-anos-que-fue-operada-en-el-policlinico-de-milan-bajo-anestesia-general-se-encuentra-bien-y-pasara-la-navidad-con-su-familia\/","url":"https:\/\/stacatarina.mx\/consejos\/la-abuela-tina-la-mujer-de-107-anos-que-fue-operada-en-el-policlinico-de-milan-bajo-anestesia-general-se-encuentra-bien-y-pasara-la-navidad-con-su-familia\/","name":"La abuela Tina, la mujer de 107 a\u00f1os que fue operada en el Policl\u00ednico de Mil\u00e1n bajo anestesia general, se encuentra bien y pasar\u00e1 la Navidad con su familia - Consejos - Santa Catarina","isPartOf":{"@id":"https:\/\/stacatarina.mx\/consejos\/#website"},"primaryImageOfPage":{"@id":"https:\/\/stacatarina.mx\/consejos\/la-abuela-tina-la-mujer-de-107-anos-que-fue-operada-en-el-policlinico-de-milan-bajo-anestesia-general-se-encuentra-bien-y-pasara-la-navidad-con-su-familia\/#primaryimage"},"image":{"@id":"https:\/\/stacatarina.mx\/consejos\/la-abuela-tina-la-mujer-de-107-anos-que-fue-operada-en-el-policlinico-de-milan-bajo-anestesia-general-se-encuentra-bien-y-pasara-la-navidad-con-su-familia\/#primaryimage"},"thumbnailUrl":"https:\/\/stacatarina.mx\/consejos\/wp-content\/uploads\/2024\/12\/La-abuela-Tina-la-mujer-de-107-anos-que-fue.jpg","datePublished":"2024-12-22T21:23:19+00:00","dateModified":"2024-12-22T21:23:19+00:00","breadcrumb":{"@id":"https:\/\/stacatarina.mx\/consejos\/la-abuela-tina-la-mujer-de-107-anos-que-fue-operada-en-el-policlinico-de-milan-bajo-anestesia-general-se-encuentra-bien-y-pasara-la-navidad-con-su-familia\/#breadcrumb"},"inLanguage":"es","potentialAction":[{"@type":"ReadAction","target":["https:\/\/stacatarina.mx\/consejos\/la-abuela-tina-la-mujer-de-107-anos-que-fue-operada-en-el-policlinico-de-milan-bajo-anestesia-general-se-encuentra-bien-y-pasara-la-navidad-con-su-familia\/"]}]},{"@type":"ImageObject","inLanguage":"es","@id":"https:\/\/stacatarina.mx\/consejos\/la-abuela-tina-la-mujer-de-107-anos-que-fue-operada-en-el-policlinico-de-milan-bajo-anestesia-general-se-encuentra-bien-y-pasara-la-navidad-con-su-familia\/#primaryimage","url":"https:\/\/stacatarina.mx\/consejos\/wp-content\/uploads\/2024\/12\/La-abuela-Tina-la-mujer-de-107-anos-que-fue.jpg","contentUrl":"https:\/\/stacatarina.mx\/consejos\/wp-content\/uploads\/2024\/12\/La-abuela-Tina-la-mujer-de-107-anos-que-fue.jpg","width":1500,"height":1001,"caption":"La abuela Tina, la mujer de 107 a\u00f1os que fue operada en el Policl\u00ednico de Mil\u00e1n bajo anestesia general, se encuentra bien y pasar\u00e1 la Navidad con su familia"},{"@type":"BreadcrumbList","@id":"https:\/\/stacatarina.mx\/consejos\/la-abuela-tina-la-mujer-de-107-anos-que-fue-operada-en-el-policlinico-de-milan-bajo-anestesia-general-se-encuentra-bien-y-pasara-la-navidad-con-su-familia\/#breadcrumb","itemListElement":[{"@type":"ListItem","position":1,"name":"Inicio","item":"https:\/\/stacatarina.mx\/consejos\/"},{"@type":"ListItem","position":2,"name":"La abuela Tina, la mujer de 107 a\u00f1os que fue operada en el Policl\u00ednico de Mil\u00e1n bajo anestesia general, se encuentra bien y pasar\u00e1 la Navidad con su familia"}]},{"@type":"WebSite","@id":"https:\/\/stacatarina.mx\/consejos\/#website","url":"https:\/\/stacatarina.mx\/consejos\/","name":"Santa Catarina","description":"","publisher":{"@id":"https:\/\/stacatarina.mx\/consejos\/#organization"},"potentialAction":[{"@type":"SearchAction","target":{"@type":"EntryPoint","urlTemplate":"https:\/\/stacatarina.mx\/consejos\/?s={search_term_string}"},"query-input":{"@type":"PropertyValueSpecification","valueRequired":true,"valueName":"search_term_string"}}],"inLanguage":"es"},{"@type":"Organization","@id":"https:\/\/stacatarina.mx\/consejos\/#organization","name":"Santa Catarina","url":"https:\/\/stacatarina.mx\/consejos\/","logo":{"@type":"ImageObject","inLanguage":"es","@id":"https:\/\/stacatarina.mx\/consejos\/#\/schema\/logo\/image\/","url":"https:\/\/stacatarina.mx\/consejos\/wp-content\/uploads\/2024\/09\/cropped-favicon-1-1.png","contentUrl":"https:\/\/stacatarina.mx\/consejos\/wp-content\/uploads\/2024\/09\/cropped-favicon-1-1.png","width":512,"height":512,"caption":"Santa Catarina"},"image":{"@id":"https:\/\/stacatarina.mx\/consejos\/#\/schema\/logo\/image\/"},"sameAs":["https:\/\/www.facebook.com\/stacatarinagob\/","https:\/\/x.com\/stacatarinagob","https:\/\/www.instagram.com\/stacatarinagob\/","https:\/\/www.youtube.com\/channel\/UCK-6cQJL_904665N1_nLTWw"]},{"@type":"Person","@id":"https:\/\/stacatarina.mx\/consejos\/#\/schema\/person\/0be60adffa8e4c4d0828fdf021450e8a","name":"Pedro Mart\u00ednez","image":{"@type":"ImageObject","inLanguage":"es","@id":"https:\/\/stacatarina.mx\/consejos\/#\/schema\/person\/image\/","url":"https:\/\/stacatarina.mx\/consejos\/wp-content\/uploads\/2024\/09\/stacatarina.jpg","contentUrl":"https:\/\/stacatarina.mx\/consejos\/wp-content\/uploads\/2024\/09\/stacatarina.jpg","caption":"Pedro Mart\u00ednez"},"description":"Hola, soy Pedro Mart\u00ednez, redactor jefe del sitio oficial del ayuntamiento de Santa Catarina, en M\u00e9xico. Con m\u00e1s de diez a\u00f1os de experiencia en el periodismo local, tengo una pasi\u00f3n por la investigaci\u00f3n y la difusi\u00f3n de informaci\u00f3n que valoriza nuestra hermosa comunidad. Mi compromiso es hacer de Santa Catarina una referencia en materia de transparencia y comunicaci\u00f3n municipal.","sameAs":["https:\/\/stacatarina.mx\/"]}]}},"_links":{"self":[{"href":"https:\/\/stacatarina.mx\/consejos\/wp-json\/wp\/v2\/posts\/2028"}],"collection":[{"href":"https:\/\/stacatarina.mx\/consejos\/wp-json\/wp\/v2\/posts"}],"about":[{"href":"https:\/\/stacatarina.mx\/consejos\/wp-json\/wp\/v2\/types\/post"}],"author":[{"embeddable":true,"href":"https:\/\/stacatarina.mx\/consejos\/wp-json\/wp\/v2\/users\/1"}],"replies":[{"embeddable":true,"href":"https:\/\/stacatarina.mx\/consejos\/wp-json\/wp\/v2\/comments?post=2028"}],"version-history":[{"count":1,"href":"https:\/\/stacatarina.mx\/consejos\/wp-json\/wp\/v2\/posts\/2028\/revisions"}],"predecessor-version":[{"id":2030,"href":"https:\/\/stacatarina.mx\/consejos\/wp-json\/wp\/v2\/posts\/2028\/revisions\/2030"}],"wp:featuredmedia":[{"embeddable":true,"href":"https:\/\/stacatarina.mx\/consejos\/wp-json\/wp\/v2\/media\/2029"}],"wp:attachment":[{"href":"https:\/\/stacatarina.mx\/consejos\/wp-json\/wp\/v2\/media?parent=2028"}],"wp:term":[{"taxonomy":"category","embeddable":true,"href":"https:\/\/stacatarina.mx\/consejos\/wp-json\/wp\/v2\/categories?post=2028"},{"taxonomy":"post_tag","embeddable":true,"href":"https:\/\/stacatarina.mx\/consejos\/wp-json\/wp\/v2\/tags?post=2028"}],"curies":[{"name":"wp","href":"https:\/\/api.w.org\/{rel}","templated":true}]}}