{"id":2040,"date":"2024-12-23T11:23:57","date_gmt":"2024-12-23T17:23:57","guid":{"rendered":"https:\/\/stacatarina.mx\/consejos\/contaminados-por-listeria-gran-retirada-de-los-quesos-navidenos-mas-queridos-por-las-mesas-inglesas\/"},"modified":"2024-12-23T11:23:58","modified_gmt":"2024-12-23T17:23:58","slug":"contaminados-por-listeria-gran-retirada-de-los-quesos-navidenos-mas-queridos-por-las-mesas-inglesas","status":"publish","type":"post","link":"https:\/\/stacatarina.mx\/consejos\/contaminados-por-listeria-gran-retirada-de-los-quesos-navidenos-mas-queridos-por-las-mesas-inglesas\/","title":{"rendered":"Contaminados por listeria, gran retirada de los quesos navide\u00f1os m\u00e1s queridos por las mesas inglesas"},"content":{"rendered":"<p class=\"single-abstract\">\n<p>\t\t\t\t\t\t\t\t\t\t\t\t\t\t\t\t\tUna ola de retiradas del mercado de una selecci\u00f3n de quesos producidos por Wicklow Farmhouse debido a una posible contaminaci\u00f3n por Listeria monocytogenes\t\t\t\t\t\t\t\t\t\t\t\t\t\t\t<\/p>\n<div class=\"code-block code-block-23\" style=\"margin: 8px 0; clear: both;\">\n<style>\n<p>  .native-adv { mostrar: flexionar; direcci\u00f3n flexible: columna; margen: .75rem autom\u00e1tico; relleno: .5rem; borde: 1px s\u00f3lido #ccc !importante; margen inferior: 30px; borde: ninguno; } .native-adv:hover { decoraci\u00f3n de texto: \u00a1ninguna! Importante; } .native-adv-text { relleno: .7rem 1rem; ancho: 100%; } .native-adv-title { } .native-adv-detalles { display: flex; direcci\u00f3n flexible: columna; } .native-adv-cta { align-self: flex-start; margen inferior: .5rem; relleno: .5rem .7rem; radio del borde: 5px; color de fondo: #ee5319; color: #fff; tama\u00f1o de fuente: .875rem; peso de fuente: 700; altura de l\u00ednea: calc(1em + 4px); cursor: puntero; } .native-adv-info { pantalla: flex; alinear elementos: centro; alineaci\u00f3n propia: extremo flexible; color: #000; tama\u00f1o de fuente: .75rem; peso de fuente: 400; altura de l\u00ednea: calc(1em + 4px); margen superior: 15px; } .native-adv-info img { margen izquierdo: 7px; } Pantalla solo @media y (ancho m\u00ednimo: 480px) { .native-adv { direcci\u00f3n flexible: fila; } .native-adv-media { ancho m\u00e1ximo: 260px; } .native-adv-text { relleno: 0 1.4rem; } .native-adv-details { direcci\u00f3n flexible: fila; justificar contenido: espacio entre; } }<\/p>\n<\/style>\n<div class=\"native-adv-text\">\n<h3 class=\"native-adv-title\">Especial fotovoltaica hogar: c\u00f3mo ahorrar con energ\u00eda solar<\/h3>\n<div class=\"native-adv-details\">\n<div class=\"native-adv-cta\">Descubra m\u00e1s<\/div>\n<div class=\"native-adv-info\">En colaboraci\u00f3n con <\/div>\n<\/p><\/div>\n<\/p><\/div>\n<\/div>\n<div class=\"daily-video\" style=\"display: none;\"><\/div>\n<div class=\"wrapper-player\" style=\"display: none; margin-bottom: 15px;\">\n<div id=\"daily-player\" style=\"position: relative; max-width: 100%;\" class=\"video-content\"><\/div>\n<\/p><\/div>\n<p>Las fiestas navide\u00f1as en el Reino Unido se han visto marcadas por un susto sanitario en torno a uno de los manjares m\u00e1s queridos: el <strong>queso<\/strong>. De hecho, una importante ola de retiradas del mercado ha implicado una selecci\u00f3n de <strong>quesos producidos por Wicklow Farmhouse<\/strong>que han sido retirados del mercado debido a una posible contaminaci\u00f3n por <strong><em>listeria<\/em><\/strong><em>  monocitogenes<\/em>una bacteria que puede causar enfermedades graves.<\/p>\n<p>La Agencia de Normas Alimentarias (FSA) ha emitido una advertencia urgente para informar a los consumidores en particular <strong>en Irlanda e Irlanda del Norte<\/strong>de riesgo de listeriosis asociado a estos productos. la bacteria <em>listeria<\/em> Puede causar s\u00edntomas parecidos a los de la gripe, como fiebre, v\u00f3mitos y diarrea, pero en personas m\u00e1s vulnerables (como ancianos, mujeres embarazadas, reci\u00e9n nacidos y personas con sistemas inmunitarios comprometidos) puede causar <strong>Complicaciones graves como meningitis o sepsis.<\/strong>. Las autoridades sanitarias han advertido que, aunque el riesgo para la mayor\u00eda de la poblaci\u00f3n es bajo, las personas de estos grupos vulnerables deben tener especial cuidado.<\/p>\n<h2>No es el primer caso<\/h2>\n<p>Los quesos retirados del mercado incluyen variedades populares, como Brie y Cheddar, que se venden en establecimientos independientes y supermercados Aldi en Irlanda. Los productos involucrados est\u00e1n marcados con etiquetas de diferentes marcas, incluidas <strong>Ballykilty Baking Brie, Wicklow Blue Brie y Drunken Saint<\/strong>y se comercializaron en envases de 150 gramos con todas las fechas de caducidad. Las autoridades instaron a los consumidores a no consumir estos productos y a devolverlos a las tiendas para obtener un reembolso.<\/p>\n<aside style=\"margin: 8px auto; text-align: center; display: block; clear: both;\">\n<div id=\"gpt-passback\">\n<\/div>\n<\/aside>\n<p>Este retiro se enmarca en un contexto m\u00e1s amplio de preocupaciones relacionadas con la seguridad alimentaria durante el per\u00edodo navide\u00f1o, cuando los consumidores tienden a comprar quesos, carnes cocidas y otros productos t\u00edpicos. S\u00f3lo unos d\u00edas antes, <strong>otros quesos producidos por Dunnes Stores<\/strong> fueron retirados por la misma raz\u00f3n: contaminaci\u00f3n por <em>Listeria monocytogenes<\/em>. La listeriosis, a pesar de ser poco com\u00fan, tiene una tasa de mortalidad importante: solo en 2023 se registraron 32 v\u00edctimas, frente a los 177 casos notificados.<\/p>\n<p>Mientras tanto, las autoridades sanitarias siguen vigilando los productos alimenticios m\u00e1s consumidos durante las fiestas y concienciando a los consumidores sobre la necesidad de prestar atenci\u00f3n a la seguridad alimentaria. Las personas en riesgo, en particular, deben evitar los quesos blandos y otros alimentos que puedan contener la bacteria. Tambi\u00e9n se invita a los consumidores a seguir los consejos de las autoridades y tomar medidas preventivas, como <strong>revisando las etiquetas de los productos<\/strong> y la correcta eliminaci\u00f3n de los alimentos sospechosos.<\/p>\n<p>A continuaci\u00f3n te dejamos la lista de quesos implicados:<\/p><\/p>\n","protected":false},"excerpt":{"rendered":"<p>Una ola de retiradas del mercado de una selecci\u00f3n de quesos producidos por Wicklow Farmhouse debido a una posible contaminaci\u00f3n por Listeria monocytogenes Especial fotovoltaica<\/p>\n","protected":false},"author":1,"featured_media":2041,"comment_status":"closed","ping_status":"","sticky":false,"template":"","format":"standard","meta":{"footnotes":""},"categories":[762],"tags":[1782,928,2914,34,2833,62,137,2631,2172,112,2913,2446,1026],"class_list":["post-2040","post","type-post","status-publish","format-standard","has-post-thumbnail","hentry","category-salud","tag-contaminados","tag-gran","tag-inglesas","tag-las","tag-listeria","tag-los","tag-mas","tag-mesas","tag-navidenos","tag-por","tag-queridos","tag-quesos","tag-retirada","generate-columns","tablet-grid-50","mobile-grid-100","grid-parent","grid-50"],"yoast_head":"<!-- This site is optimized with the Yoast SEO plugin v23.4 - https:\/\/yoast.com\/wordpress\/plugins\/seo\/ -->\n<title>Contaminados por listeria, gran retirada de los quesos navide\u00f1os m\u00e1s queridos por las mesas inglesas - Consejos - Santa Catarina<\/title>\n<meta name=\"robots\" content=\"index, follow, max-snippet:-1, max-image-preview:large, max-video-preview:-1\" \/>\n<link rel=\"canonical\" href=\"https:\/\/stacatarina.mx\/consejos\/contaminados-por-listeria-gran-retirada-de-los-quesos-navidenos-mas-queridos-por-las-mesas-inglesas\/\" \/>\n<meta property=\"og:locale\" content=\"es_MX\" \/>\n<meta property=\"og:type\" content=\"article\" \/>\n<meta property=\"og:title\" content=\"Contaminados por listeria, gran retirada de los quesos navide\u00f1os m\u00e1s queridos por las mesas inglesas - Consejos - Santa Catarina\" \/>\n<meta property=\"og:description\" content=\"Una ola de retiradas del mercado de una selecci\u00f3n de quesos producidos por Wicklow Farmhouse debido a una posible contaminaci\u00f3n por Listeria monocytogenes Especial fotovoltaica\" \/>\n<meta property=\"og:url\" content=\"https:\/\/stacatarina.mx\/consejos\/contaminados-por-listeria-gran-retirada-de-los-quesos-navidenos-mas-queridos-por-las-mesas-inglesas\/\" \/>\n<meta property=\"og:site_name\" content=\"Santa Catarina\" \/>\n<meta property=\"article:publisher\" content=\"https:\/\/www.facebook.com\/stacatarinagob\/\" \/>\n<meta property=\"article:published_time\" content=\"2024-12-23T17:23:57+00:00\" \/>\n<meta property=\"article:modified_time\" content=\"2024-12-23T17:23:58+00:00\" \/>\n<meta property=\"og:image\" content=\"https:\/\/stacatarina.mx\/consejos\/wp-content\/uploads\/2024\/12\/Contaminados-por-listeria-gran-retirada-de-los-quesos-navidenos-mas.jpg\" \/>\n\t<meta property=\"og:image:width\" content=\"1500\" \/>\n\t<meta property=\"og:image:height\" content=\"1000\" \/>\n\t<meta property=\"og:image:type\" content=\"image\/jpeg\" \/>\n<meta name=\"author\" content=\"Pedro Mart\u00ednez\" \/>\n<meta name=\"twitter:card\" content=\"summary_large_image\" \/>\n<meta name=\"twitter:creator\" content=\"@stacatarinagob\" \/>\n<meta name=\"twitter:site\" content=\"@stacatarinagob\" \/>\n<meta name=\"twitter:label1\" content=\"Escrito por\" \/>\n\t<meta name=\"twitter:data1\" content=\"Pedro Mart\u00ednez\" \/>\n\t<meta name=\"twitter:label2\" content=\"Tiempo de lectura\" \/>\n\t<meta name=\"twitter:data2\" content=\"2 minutos\" \/>\n<script type=\"application\/ld+json\" class=\"yoast-schema-graph\">{\"@context\":\"https:\/\/schema.org\",\"@graph\":[{\"@type\":\"Article\",\"@id\":\"https:\/\/stacatarina.mx\/consejos\/contaminados-por-listeria-gran-retirada-de-los-quesos-navidenos-mas-queridos-por-las-mesas-inglesas\/#article\",\"isPartOf\":{\"@id\":\"https:\/\/stacatarina.mx\/consejos\/contaminados-por-listeria-gran-retirada-de-los-quesos-navidenos-mas-queridos-por-las-mesas-inglesas\/\"},\"author\":{\"name\":\"Pedro Mart\u00ednez\",\"@id\":\"https:\/\/stacatarina.mx\/consejos\/#\/schema\/person\/0be60adffa8e4c4d0828fdf021450e8a\"},\"headline\":\"Contaminados por listeria, gran retirada de los quesos navide\u00f1os m\u00e1s queridos por las mesas inglesas\",\"datePublished\":\"2024-12-23T17:23:57+00:00\",\"dateModified\":\"2024-12-23T17:23:58+00:00\",\"mainEntityOfPage\":{\"@id\":\"https:\/\/stacatarina.mx\/consejos\/contaminados-por-listeria-gran-retirada-de-los-quesos-navidenos-mas-queridos-por-las-mesas-inglesas\/\"},\"wordCount\":497,\"publisher\":{\"@id\":\"https:\/\/stacatarina.mx\/consejos\/#organization\"},\"image\":{\"@id\":\"https:\/\/stacatarina.mx\/consejos\/contaminados-por-listeria-gran-retirada-de-los-quesos-navidenos-mas-queridos-por-las-mesas-inglesas\/#primaryimage\"},\"thumbnailUrl\":\"https:\/\/stacatarina.mx\/consejos\/wp-content\/uploads\/2024\/12\/Contaminados-por-listeria-gran-retirada-de-los-quesos-navidenos-mas.jpg\",\"keywords\":[\"contaminados\",\"gran\",\"inglesas\",\"Las\",\"listeria\",\"los\",\"m\u00e1s\",\"mesas\",\"navide\u00f1os\",\"por\",\"queridos\",\"quesos\",\"retirada\"],\"articleSection\":[\"Salud\"],\"inLanguage\":\"es\"},{\"@type\":\"WebPage\",\"@id\":\"https:\/\/stacatarina.mx\/consejos\/contaminados-por-listeria-gran-retirada-de-los-quesos-navidenos-mas-queridos-por-las-mesas-inglesas\/\",\"url\":\"https:\/\/stacatarina.mx\/consejos\/contaminados-por-listeria-gran-retirada-de-los-quesos-navidenos-mas-queridos-por-las-mesas-inglesas\/\",\"name\":\"Contaminados por listeria, gran retirada de los quesos navide\u00f1os m\u00e1s queridos por las mesas inglesas - Consejos - Santa Catarina\",\"isPartOf\":{\"@id\":\"https:\/\/stacatarina.mx\/consejos\/#website\"},\"primaryImageOfPage\":{\"@id\":\"https:\/\/stacatarina.mx\/consejos\/contaminados-por-listeria-gran-retirada-de-los-quesos-navidenos-mas-queridos-por-las-mesas-inglesas\/#primaryimage\"},\"image\":{\"@id\":\"https:\/\/stacatarina.mx\/consejos\/contaminados-por-listeria-gran-retirada-de-los-quesos-navidenos-mas-queridos-por-las-mesas-inglesas\/#primaryimage\"},\"thumbnailUrl\":\"https:\/\/stacatarina.mx\/consejos\/wp-content\/uploads\/2024\/12\/Contaminados-por-listeria-gran-retirada-de-los-quesos-navidenos-mas.jpg\",\"datePublished\":\"2024-12-23T17:23:57+00:00\",\"dateModified\":\"2024-12-23T17:23:58+00:00\",\"breadcrumb\":{\"@id\":\"https:\/\/stacatarina.mx\/consejos\/contaminados-por-listeria-gran-retirada-de-los-quesos-navidenos-mas-queridos-por-las-mesas-inglesas\/#breadcrumb\"},\"inLanguage\":\"es\",\"potentialAction\":[{\"@type\":\"ReadAction\",\"target\":[\"https:\/\/stacatarina.mx\/consejos\/contaminados-por-listeria-gran-retirada-de-los-quesos-navidenos-mas-queridos-por-las-mesas-inglesas\/\"]}]},{\"@type\":\"ImageObject\",\"inLanguage\":\"es\",\"@id\":\"https:\/\/stacatarina.mx\/consejos\/contaminados-por-listeria-gran-retirada-de-los-quesos-navidenos-mas-queridos-por-las-mesas-inglesas\/#primaryimage\",\"url\":\"https:\/\/stacatarina.mx\/consejos\/wp-content\/uploads\/2024\/12\/Contaminados-por-listeria-gran-retirada-de-los-quesos-navidenos-mas.jpg\",\"contentUrl\":\"https:\/\/stacatarina.mx\/consejos\/wp-content\/uploads\/2024\/12\/Contaminados-por-listeria-gran-retirada-de-los-quesos-navidenos-mas.jpg\",\"width\":1500,\"height\":1000,\"caption\":\"Contaminados por listeria, gran retirada de los quesos navide\u00f1os m\u00e1s queridos por las mesas inglesas\"},{\"@type\":\"BreadcrumbList\",\"@id\":\"https:\/\/stacatarina.mx\/consejos\/contaminados-por-listeria-gran-retirada-de-los-quesos-navidenos-mas-queridos-por-las-mesas-inglesas\/#breadcrumb\",\"itemListElement\":[{\"@type\":\"ListItem\",\"position\":1,\"name\":\"Inicio\",\"item\":\"https:\/\/stacatarina.mx\/consejos\/\"},{\"@type\":\"ListItem\",\"position\":2,\"name\":\"Contaminados por listeria, gran retirada de los quesos navide\u00f1os m\u00e1s queridos por las mesas inglesas\"}]},{\"@type\":\"WebSite\",\"@id\":\"https:\/\/stacatarina.mx\/consejos\/#website\",\"url\":\"https:\/\/stacatarina.mx\/consejos\/\",\"name\":\"Santa Catarina\",\"description\":\"\",\"publisher\":{\"@id\":\"https:\/\/stacatarina.mx\/consejos\/#organization\"},\"potentialAction\":[{\"@type\":\"SearchAction\",\"target\":{\"@type\":\"EntryPoint\",\"urlTemplate\":\"https:\/\/stacatarina.mx\/consejos\/?s={search_term_string}\"},\"query-input\":{\"@type\":\"PropertyValueSpecification\",\"valueRequired\":true,\"valueName\":\"search_term_string\"}}],\"inLanguage\":\"es\"},{\"@type\":\"Organization\",\"@id\":\"https:\/\/stacatarina.mx\/consejos\/#organization\",\"name\":\"Santa Catarina\",\"url\":\"https:\/\/stacatarina.mx\/consejos\/\",\"logo\":{\"@type\":\"ImageObject\",\"inLanguage\":\"es\",\"@id\":\"https:\/\/stacatarina.mx\/consejos\/#\/schema\/logo\/image\/\",\"url\":\"https:\/\/stacatarina.mx\/consejos\/wp-content\/uploads\/2024\/09\/cropped-favicon-1-1.png\",\"contentUrl\":\"https:\/\/stacatarina.mx\/consejos\/wp-content\/uploads\/2024\/09\/cropped-favicon-1-1.png\",\"width\":512,\"height\":512,\"caption\":\"Santa Catarina\"},\"image\":{\"@id\":\"https:\/\/stacatarina.mx\/consejos\/#\/schema\/logo\/image\/\"},\"sameAs\":[\"https:\/\/www.facebook.com\/stacatarinagob\/\",\"https:\/\/x.com\/stacatarinagob\",\"https:\/\/www.instagram.com\/stacatarinagob\/\",\"https:\/\/www.youtube.com\/channel\/UCK-6cQJL_904665N1_nLTWw\"]},{\"@type\":\"Person\",\"@id\":\"https:\/\/stacatarina.mx\/consejos\/#\/schema\/person\/0be60adffa8e4c4d0828fdf021450e8a\",\"name\":\"Pedro Mart\u00ednez\",\"image\":{\"@type\":\"ImageObject\",\"inLanguage\":\"es\",\"@id\":\"https:\/\/stacatarina.mx\/consejos\/#\/schema\/person\/image\/\",\"url\":\"https:\/\/stacatarina.mx\/consejos\/wp-content\/uploads\/2024\/09\/stacatarina.jpg\",\"contentUrl\":\"https:\/\/stacatarina.mx\/consejos\/wp-content\/uploads\/2024\/09\/stacatarina.jpg\",\"caption\":\"Pedro Mart\u00ednez\"},\"description\":\"Hola, soy Pedro Mart\u00ednez, redactor jefe del sitio oficial del ayuntamiento de Santa Catarina, en M\u00e9xico. Con m\u00e1s de diez a\u00f1os de experiencia en el periodismo local, tengo una pasi\u00f3n por la investigaci\u00f3n y la difusi\u00f3n de informaci\u00f3n que valoriza nuestra hermosa comunidad. Mi compromiso es hacer de Santa Catarina una referencia en materia de transparencia y comunicaci\u00f3n municipal.\",\"sameAs\":[\"https:\/\/stacatarina.mx\/\"]}]}<\/script>\n<!-- \/ Yoast SEO plugin. -->","yoast_head_json":{"title":"Contaminados por listeria, gran retirada de los quesos navide\u00f1os m\u00e1s queridos por las mesas inglesas - Consejos - Santa Catarina","robots":{"index":"index","follow":"follow","max-snippet":"max-snippet:-1","max-image-preview":"max-image-preview:large","max-video-preview":"max-video-preview:-1"},"canonical":"https:\/\/stacatarina.mx\/consejos\/contaminados-por-listeria-gran-retirada-de-los-quesos-navidenos-mas-queridos-por-las-mesas-inglesas\/","og_locale":"es_MX","og_type":"article","og_title":"Contaminados por listeria, gran retirada de los quesos navide\u00f1os m\u00e1s queridos por las mesas inglesas - Consejos - Santa Catarina","og_description":"Una ola de retiradas del mercado de una selecci\u00f3n de quesos producidos por Wicklow Farmhouse debido a una posible contaminaci\u00f3n por Listeria monocytogenes Especial fotovoltaica","og_url":"https:\/\/stacatarina.mx\/consejos\/contaminados-por-listeria-gran-retirada-de-los-quesos-navidenos-mas-queridos-por-las-mesas-inglesas\/","og_site_name":"Santa Catarina","article_publisher":"https:\/\/www.facebook.com\/stacatarinagob\/","article_published_time":"2024-12-23T17:23:57+00:00","article_modified_time":"2024-12-23T17:23:58+00:00","og_image":[{"width":1500,"height":1000,"url":"https:\/\/stacatarina.mx\/consejos\/wp-content\/uploads\/2024\/12\/Contaminados-por-listeria-gran-retirada-de-los-quesos-navidenos-mas.jpg","type":"image\/jpeg"}],"author":"Pedro Mart\u00ednez","twitter_card":"summary_large_image","twitter_creator":"@stacatarinagob","twitter_site":"@stacatarinagob","twitter_misc":{"Escrito por":"Pedro Mart\u00ednez","Tiempo de lectura":"2 minutos"},"schema":{"@context":"https:\/\/schema.org","@graph":[{"@type":"Article","@id":"https:\/\/stacatarina.mx\/consejos\/contaminados-por-listeria-gran-retirada-de-los-quesos-navidenos-mas-queridos-por-las-mesas-inglesas\/#article","isPartOf":{"@id":"https:\/\/stacatarina.mx\/consejos\/contaminados-por-listeria-gran-retirada-de-los-quesos-navidenos-mas-queridos-por-las-mesas-inglesas\/"},"author":{"name":"Pedro Mart\u00ednez","@id":"https:\/\/stacatarina.mx\/consejos\/#\/schema\/person\/0be60adffa8e4c4d0828fdf021450e8a"},"headline":"Contaminados por listeria, gran retirada de los quesos navide\u00f1os m\u00e1s queridos por las mesas inglesas","datePublished":"2024-12-23T17:23:57+00:00","dateModified":"2024-12-23T17:23:58+00:00","mainEntityOfPage":{"@id":"https:\/\/stacatarina.mx\/consejos\/contaminados-por-listeria-gran-retirada-de-los-quesos-navidenos-mas-queridos-por-las-mesas-inglesas\/"},"wordCount":497,"publisher":{"@id":"https:\/\/stacatarina.mx\/consejos\/#organization"},"image":{"@id":"https:\/\/stacatarina.mx\/consejos\/contaminados-por-listeria-gran-retirada-de-los-quesos-navidenos-mas-queridos-por-las-mesas-inglesas\/#primaryimage"},"thumbnailUrl":"https:\/\/stacatarina.mx\/consejos\/wp-content\/uploads\/2024\/12\/Contaminados-por-listeria-gran-retirada-de-los-quesos-navidenos-mas.jpg","keywords":["contaminados","gran","inglesas","Las","listeria","los","m\u00e1s","mesas","navide\u00f1os","por","queridos","quesos","retirada"],"articleSection":["Salud"],"inLanguage":"es"},{"@type":"WebPage","@id":"https:\/\/stacatarina.mx\/consejos\/contaminados-por-listeria-gran-retirada-de-los-quesos-navidenos-mas-queridos-por-las-mesas-inglesas\/","url":"https:\/\/stacatarina.mx\/consejos\/contaminados-por-listeria-gran-retirada-de-los-quesos-navidenos-mas-queridos-por-las-mesas-inglesas\/","name":"Contaminados por listeria, gran retirada de los quesos navide\u00f1os m\u00e1s queridos por las mesas inglesas - Consejos - Santa Catarina","isPartOf":{"@id":"https:\/\/stacatarina.mx\/consejos\/#website"},"primaryImageOfPage":{"@id":"https:\/\/stacatarina.mx\/consejos\/contaminados-por-listeria-gran-retirada-de-los-quesos-navidenos-mas-queridos-por-las-mesas-inglesas\/#primaryimage"},"image":{"@id":"https:\/\/stacatarina.mx\/consejos\/contaminados-por-listeria-gran-retirada-de-los-quesos-navidenos-mas-queridos-por-las-mesas-inglesas\/#primaryimage"},"thumbnailUrl":"https:\/\/stacatarina.mx\/consejos\/wp-content\/uploads\/2024\/12\/Contaminados-por-listeria-gran-retirada-de-los-quesos-navidenos-mas.jpg","datePublished":"2024-12-23T17:23:57+00:00","dateModified":"2024-12-23T17:23:58+00:00","breadcrumb":{"@id":"https:\/\/stacatarina.mx\/consejos\/contaminados-por-listeria-gran-retirada-de-los-quesos-navidenos-mas-queridos-por-las-mesas-inglesas\/#breadcrumb"},"inLanguage":"es","potentialAction":[{"@type":"ReadAction","target":["https:\/\/stacatarina.mx\/consejos\/contaminados-por-listeria-gran-retirada-de-los-quesos-navidenos-mas-queridos-por-las-mesas-inglesas\/"]}]},{"@type":"ImageObject","inLanguage":"es","@id":"https:\/\/stacatarina.mx\/consejos\/contaminados-por-listeria-gran-retirada-de-los-quesos-navidenos-mas-queridos-por-las-mesas-inglesas\/#primaryimage","url":"https:\/\/stacatarina.mx\/consejos\/wp-content\/uploads\/2024\/12\/Contaminados-por-listeria-gran-retirada-de-los-quesos-navidenos-mas.jpg","contentUrl":"https:\/\/stacatarina.mx\/consejos\/wp-content\/uploads\/2024\/12\/Contaminados-por-listeria-gran-retirada-de-los-quesos-navidenos-mas.jpg","width":1500,"height":1000,"caption":"Contaminados por listeria, gran retirada de los quesos navide\u00f1os m\u00e1s queridos por las mesas inglesas"},{"@type":"BreadcrumbList","@id":"https:\/\/stacatarina.mx\/consejos\/contaminados-por-listeria-gran-retirada-de-los-quesos-navidenos-mas-queridos-por-las-mesas-inglesas\/#breadcrumb","itemListElement":[{"@type":"ListItem","position":1,"name":"Inicio","item":"https:\/\/stacatarina.mx\/consejos\/"},{"@type":"ListItem","position":2,"name":"Contaminados por listeria, gran retirada de los quesos navide\u00f1os m\u00e1s queridos por las mesas inglesas"}]},{"@type":"WebSite","@id":"https:\/\/stacatarina.mx\/consejos\/#website","url":"https:\/\/stacatarina.mx\/consejos\/","name":"Santa Catarina","description":"","publisher":{"@id":"https:\/\/stacatarina.mx\/consejos\/#organization"},"potentialAction":[{"@type":"SearchAction","target":{"@type":"EntryPoint","urlTemplate":"https:\/\/stacatarina.mx\/consejos\/?s={search_term_string}"},"query-input":{"@type":"PropertyValueSpecification","valueRequired":true,"valueName":"search_term_string"}}],"inLanguage":"es"},{"@type":"Organization","@id":"https:\/\/stacatarina.mx\/consejos\/#organization","name":"Santa Catarina","url":"https:\/\/stacatarina.mx\/consejos\/","logo":{"@type":"ImageObject","inLanguage":"es","@id":"https:\/\/stacatarina.mx\/consejos\/#\/schema\/logo\/image\/","url":"https:\/\/stacatarina.mx\/consejos\/wp-content\/uploads\/2024\/09\/cropped-favicon-1-1.png","contentUrl":"https:\/\/stacatarina.mx\/consejos\/wp-content\/uploads\/2024\/09\/cropped-favicon-1-1.png","width":512,"height":512,"caption":"Santa Catarina"},"image":{"@id":"https:\/\/stacatarina.mx\/consejos\/#\/schema\/logo\/image\/"},"sameAs":["https:\/\/www.facebook.com\/stacatarinagob\/","https:\/\/x.com\/stacatarinagob","https:\/\/www.instagram.com\/stacatarinagob\/","https:\/\/www.youtube.com\/channel\/UCK-6cQJL_904665N1_nLTWw"]},{"@type":"Person","@id":"https:\/\/stacatarina.mx\/consejos\/#\/schema\/person\/0be60adffa8e4c4d0828fdf021450e8a","name":"Pedro Mart\u00ednez","image":{"@type":"ImageObject","inLanguage":"es","@id":"https:\/\/stacatarina.mx\/consejos\/#\/schema\/person\/image\/","url":"https:\/\/stacatarina.mx\/consejos\/wp-content\/uploads\/2024\/09\/stacatarina.jpg","contentUrl":"https:\/\/stacatarina.mx\/consejos\/wp-content\/uploads\/2024\/09\/stacatarina.jpg","caption":"Pedro Mart\u00ednez"},"description":"Hola, soy Pedro Mart\u00ednez, redactor jefe del sitio oficial del ayuntamiento de Santa Catarina, en M\u00e9xico. Con m\u00e1s de diez a\u00f1os de experiencia en el periodismo local, tengo una pasi\u00f3n por la investigaci\u00f3n y la difusi\u00f3n de informaci\u00f3n que valoriza nuestra hermosa comunidad. Mi compromiso es hacer de Santa Catarina una referencia en materia de transparencia y comunicaci\u00f3n municipal.","sameAs":["https:\/\/stacatarina.mx\/"]}]}},"_links":{"self":[{"href":"https:\/\/stacatarina.mx\/consejos\/wp-json\/wp\/v2\/posts\/2040"}],"collection":[{"href":"https:\/\/stacatarina.mx\/consejos\/wp-json\/wp\/v2\/posts"}],"about":[{"href":"https:\/\/stacatarina.mx\/consejos\/wp-json\/wp\/v2\/types\/post"}],"author":[{"embeddable":true,"href":"https:\/\/stacatarina.mx\/consejos\/wp-json\/wp\/v2\/users\/1"}],"replies":[{"embeddable":true,"href":"https:\/\/stacatarina.mx\/consejos\/wp-json\/wp\/v2\/comments?post=2040"}],"version-history":[{"count":1,"href":"https:\/\/stacatarina.mx\/consejos\/wp-json\/wp\/v2\/posts\/2040\/revisions"}],"predecessor-version":[{"id":2042,"href":"https:\/\/stacatarina.mx\/consejos\/wp-json\/wp\/v2\/posts\/2040\/revisions\/2042"}],"wp:featuredmedia":[{"embeddable":true,"href":"https:\/\/stacatarina.mx\/consejos\/wp-json\/wp\/v2\/media\/2041"}],"wp:attachment":[{"href":"https:\/\/stacatarina.mx\/consejos\/wp-json\/wp\/v2\/media?parent=2040"}],"wp:term":[{"taxonomy":"category","embeddable":true,"href":"https:\/\/stacatarina.mx\/consejos\/wp-json\/wp\/v2\/categories?post=2040"},{"taxonomy":"post_tag","embeddable":true,"href":"https:\/\/stacatarina.mx\/consejos\/wp-json\/wp\/v2\/tags?post=2040"}],"curies":[{"name":"wp","href":"https:\/\/api.w.org\/{rel}","templated":true}]}}