{"id":2154,"date":"2025-01-01T10:24:03","date_gmt":"2025-01-01T16:24:03","guid":{"rendered":"https:\/\/stacatarina.mx\/consejos\/la-exposicion-a-sustancias-quimicas-diarias-durante-el-embarazo-puede-aumentar-el-riesgo-de-asma-en-los-ninos\/"},"modified":"2025-01-01T10:24:04","modified_gmt":"2025-01-01T16:24:04","slug":"la-exposicion-a-sustancias-quimicas-diarias-durante-el-embarazo-puede-aumentar-el-riesgo-de-asma-en-los-ninos","status":"publish","type":"post","link":"https:\/\/stacatarina.mx\/consejos\/la-exposicion-a-sustancias-quimicas-diarias-durante-el-embarazo-puede-aumentar-el-riesgo-de-asma-en-los-ninos\/","title":{"rendered":"La exposici\u00f3n a sustancias qu\u00edmicas diarias durante el embarazo puede aumentar el riesgo de asma en los ni\u00f1os"},"content":{"rendered":"<p class=\"single-abstract\">\n<p>\t\t\t\t\t\t\t\t\t\t\t\t\t\t\t\t\tSeg\u00fan investigaciones recientes, la exposici\u00f3n a sustancias qu\u00edmicas durante el embarazo puede aumentar el riesgo de problemas respiratorios en los beb\u00e9s.\n\t\t\t\t\t\t\t\t\t\t\t\t\t\t\t<\/p>\n<div class=\"code-block code-block-23\" style=\"margin: 8px 0; clear: both;\">\n<style>\n<p>  .native-adv { mostrar: flexionar; direcci\u00f3n flexible: columna; margen: .75rem autom\u00e1tico; relleno: .5rem; borde: 1px s\u00f3lido #ccc !importante; margen inferior: 30px; borde: ninguno; } .native-adv:hover { decoraci\u00f3n de texto: \u00a1ninguna! Importante; } .native-adv-text { relleno: .7rem 1rem; ancho: 100%; } .native-adv-title { } .native-adv-detalles { display: flex; direcci\u00f3n flexible: columna; } .native-adv-cta { align-self: flex-start; margen inferior: .5rem; relleno: .5rem .7rem; radio del borde: 5px; color de fondo: #ee5319; color: #fff; tama\u00f1o de fuente: .875rem; peso de fuente: 700; altura de l\u00ednea: calc(1em + 4px); cursor: puntero; } .native-adv-info { pantalla: flex; alinear elementos: centro; alineaci\u00f3n propia: extremo flexible; color: #000; tama\u00f1o de fuente: .75rem; peso de fuente: 400; altura de l\u00ednea: calc(1em + 4px); margen superior: 15px; } .native-adv-info img { margen izquierdo: 7px; } Pantalla solo @media y (ancho m\u00ednimo: 480px) { .native-adv { direcci\u00f3n flexible: fila; } .native-adv-media { ancho m\u00e1ximo: 260px; } .native-adv-text { relleno: 0 1.4rem; } .native-adv-details { direcci\u00f3n flexible: fila; justificar contenido: espacio entre; } }<\/p>\n<\/style>\n<div class=\"native-adv-text\">\n<h3 class=\"native-adv-title\">Especial fotovoltaica hogar: c\u00f3mo ahorrar con energ\u00eda solar<\/h3>\n<div class=\"native-adv-details\">\n<div class=\"native-adv-cta\">Descubra m\u00e1s<\/div>\n<div class=\"native-adv-info\">En colaboraci\u00f3n con <\/div>\n<\/p><\/div>\n<\/p><\/div>\n<\/div>\n<div class=\"daily-video\" style=\"display: none;\"><\/div>\n<div class=\"wrapper-player\" style=\"display: none; margin-bottom: 15px;\">\n<div id=\"daily-player\" style=\"position: relative; max-width: 100%;\" class=\"video-content\"><\/div>\n<\/p><\/div>\n<p><span style=\"font-weight: 400\">\u00bfQu\u00e9 son los fenoles? EL <strong>fenoles<\/strong>incluidos los parabenos y los alquilfenoles, se utilizan ampliamente en productos de consumo por sus propiedades conservantes y antimicrobianas. <\/span><\/p>\n<p><span style=\"font-weight: 400\">Ahora uno nuevo <\/span><span style=\"font-weight: 400\">estudiar<\/span><span style=\"font-weight: 400\">  realizado por investigadores de la Universidad de Kumamoto arroj\u00f3 luz sobre un potencial <strong>v\u00ednculo entre la exposici\u00f3n a ciertas sustancias qu\u00edmicas,<\/strong> como los fenoles, durante el embarazo y lo <strong>desarrollo del asma en ni\u00f1os<\/strong>. <\/span><\/p>\n<p><span style=\"font-weight: 400\">El estudio analiz\u00f3 datos de m\u00e1s de 3.500 parejas de madres e hijos en todo el mundo. <em>Estudio sobre el medio ambiente y los ni\u00f1os en Jap\u00f3n<\/em> (JECS), un proyecto de investigaci\u00f3n a gran escala a nivel nacional.<\/span><\/p>\n<aside style=\"margin: 8px auto; text-align: center; display: block; clear: both;\">\n<div id=\"gpt-passback\">\n<\/div>\n<\/aside>\n<p><span style=\"font-weight: 400\">Aunque su uso se considera seguro en peque\u00f1as cantidades, su potencial como disruptores endocrinos genera preocupaci\u00f3n sobre los efectos a largo plazo en la salud, como el reciente aumento de <strong>enfermedades al\u00e9rgicas<\/strong> como el<strong>asma<\/strong>especialmente durante per\u00edodos delicados como el embarazo.<\/span><\/p>\n<h2><strong>el estudio<\/strong><\/h2>\n<p><span style=\"font-weight: 400\">Dirigido por el Dr. Shohei Kuraoka y su equipo en el Centro de Unidad de Southern Kyushu y Okinawa de <em>Estudio sobre el medio ambiente y los ni\u00f1os en Jap\u00f3n<\/em>los investigadores midieron <strong>24 tipos de fenoles en muestras de orina recogidas de mujeres embarazadas<\/strong>. <\/span><\/p>\n<p><span style=\"font-weight: 400\">Luego controlaron la salud de sus hijos hasta los cuatro a\u00f1os. Los hallazgos resaltan la importancia de comprender c\u00f3mo las exposiciones qu\u00edmicas cotidianas podr\u00edan contribuir al desarrollo de afecciones respiratorias y al\u00e9rgicas en los ni\u00f1os.<\/span><\/p>\n<p><span style=\"font-weight: 400\">Estos hallazgos resaltan la necesidad de una evaluaci\u00f3n cuidadosa de la exposici\u00f3n a sustancias qu\u00edmicas durante el embarazo y<\/span><span style=\"font-weight: 400\"> Los estudios futuros tendr\u00e1n como objetivo explorar m\u00e1s a fondo estos mecanismos y establecer umbrales de exposici\u00f3n seguros.<\/span><\/p>\n<p><span style=\"font-weight: 400\">Fuente: <\/span><b>Ciencia directa<\/b><\/p>\n<p><span style=\"font-weight: 400\">Quiz\u00e1s te interese:<\/span><\/p>\n","protected":false},"excerpt":{"rendered":"<p>Seg\u00fan investigaciones recientes, la exposici\u00f3n a sustancias qu\u00edmicas durante el embarazo puede aumentar el riesgo de problemas respiratorios en los beb\u00e9s. Especial fotovoltaica hogar: c\u00f3mo<\/p>\n","protected":false},"author":1,"featured_media":2155,"comment_status":"closed","ping_status":"","sticky":false,"template":"","format":"standard","meta":{"footnotes":""},"categories":[762],"tags":[3064,1240,3062,2324,3063,3059,62,347,406,3061,939,3060],"class_list":["post-2154","post","type-post","status-publish","format-standard","has-post-thumbnail","hentry","category-salud","tag-asma","tag-aumentar","tag-diarias","tag-durante","tag-embarazo","tag-exposicion","tag-los","tag-ninos","tag-puede","tag-quimicas","tag-riesgo","tag-sustancias","generate-columns","tablet-grid-50","mobile-grid-100","grid-parent","grid-50"],"yoast_head":"<!-- This site is optimized with the Yoast SEO plugin v23.4 - https:\/\/yoast.com\/wordpress\/plugins\/seo\/ -->\n<title>La exposici\u00f3n a sustancias qu\u00edmicas diarias durante el embarazo puede aumentar el riesgo de asma en los ni\u00f1os - Consejos - Santa Catarina<\/title>\n<meta name=\"robots\" content=\"index, follow, max-snippet:-1, max-image-preview:large, max-video-preview:-1\" \/>\n<link rel=\"canonical\" href=\"https:\/\/stacatarina.mx\/consejos\/la-exposicion-a-sustancias-quimicas-diarias-durante-el-embarazo-puede-aumentar-el-riesgo-de-asma-en-los-ninos\/\" \/>\n<meta property=\"og:locale\" content=\"es_MX\" \/>\n<meta property=\"og:type\" content=\"article\" \/>\n<meta property=\"og:title\" content=\"La exposici\u00f3n a sustancias qu\u00edmicas diarias durante el embarazo puede aumentar el riesgo de asma en los ni\u00f1os - Consejos - Santa Catarina\" \/>\n<meta property=\"og:description\" content=\"Seg\u00fan investigaciones recientes, la exposici\u00f3n a sustancias qu\u00edmicas durante el embarazo puede aumentar el riesgo de problemas respiratorios en los beb\u00e9s. Especial fotovoltaica hogar: c\u00f3mo\" \/>\n<meta property=\"og:url\" content=\"https:\/\/stacatarina.mx\/consejos\/la-exposicion-a-sustancias-quimicas-diarias-durante-el-embarazo-puede-aumentar-el-riesgo-de-asma-en-los-ninos\/\" \/>\n<meta property=\"og:site_name\" content=\"Santa Catarina\" \/>\n<meta property=\"article:publisher\" content=\"https:\/\/www.facebook.com\/stacatarinagob\/\" \/>\n<meta property=\"article:published_time\" content=\"2025-01-01T16:24:03+00:00\" \/>\n<meta property=\"article:modified_time\" content=\"2025-01-01T16:24:04+00:00\" \/>\n<meta property=\"og:image\" content=\"https:\/\/stacatarina.mx\/consejos\/wp-content\/uploads\/2025\/01\/La-exposicion-a-sustancias-quimicas-diarias-durante-el-embarazo-puede.jpg\" \/>\n\t<meta property=\"og:image:width\" content=\"1200\" \/>\n\t<meta property=\"og:image:height\" content=\"627\" \/>\n\t<meta property=\"og:image:type\" content=\"image\/jpeg\" \/>\n<meta name=\"author\" content=\"Pedro Mart\u00ednez\" \/>\n<meta name=\"twitter:card\" content=\"summary_large_image\" \/>\n<meta name=\"twitter:creator\" content=\"@stacatarinagob\" \/>\n<meta name=\"twitter:site\" content=\"@stacatarinagob\" \/>\n<meta name=\"twitter:label1\" content=\"Escrito por\" \/>\n\t<meta name=\"twitter:data1\" content=\"Pedro Mart\u00ednez\" \/>\n\t<meta name=\"twitter:label2\" content=\"Tiempo de lectura\" \/>\n\t<meta name=\"twitter:data2\" content=\"2 minutos\" \/>\n<script type=\"application\/ld+json\" class=\"yoast-schema-graph\">{\"@context\":\"https:\/\/schema.org\",\"@graph\":[{\"@type\":\"Article\",\"@id\":\"https:\/\/stacatarina.mx\/consejos\/la-exposicion-a-sustancias-quimicas-diarias-durante-el-embarazo-puede-aumentar-el-riesgo-de-asma-en-los-ninos\/#article\",\"isPartOf\":{\"@id\":\"https:\/\/stacatarina.mx\/consejos\/la-exposicion-a-sustancias-quimicas-diarias-durante-el-embarazo-puede-aumentar-el-riesgo-de-asma-en-los-ninos\/\"},\"author\":{\"name\":\"Pedro Mart\u00ednez\",\"@id\":\"https:\/\/stacatarina.mx\/consejos\/#\/schema\/person\/0be60adffa8e4c4d0828fdf021450e8a\"},\"headline\":\"La exposici\u00f3n a sustancias qu\u00edmicas diarias durante el embarazo puede aumentar el riesgo de asma en los ni\u00f1os\",\"datePublished\":\"2025-01-01T16:24:03+00:00\",\"dateModified\":\"2025-01-01T16:24:04+00:00\",\"mainEntityOfPage\":{\"@id\":\"https:\/\/stacatarina.mx\/consejos\/la-exposicion-a-sustancias-quimicas-diarias-durante-el-embarazo-puede-aumentar-el-riesgo-de-asma-en-los-ninos\/\"},\"wordCount\":352,\"publisher\":{\"@id\":\"https:\/\/stacatarina.mx\/consejos\/#organization\"},\"image\":{\"@id\":\"https:\/\/stacatarina.mx\/consejos\/la-exposicion-a-sustancias-quimicas-diarias-durante-el-embarazo-puede-aumentar-el-riesgo-de-asma-en-los-ninos\/#primaryimage\"},\"thumbnailUrl\":\"https:\/\/stacatarina.mx\/consejos\/wp-content\/uploads\/2025\/01\/La-exposicion-a-sustancias-quimicas-diarias-durante-el-embarazo-puede.jpg\",\"keywords\":[\"asma\",\"aumentar\",\"diarias\",\"Durante\",\"embarazo\",\"exposici\u00f3n\",\"los\",\"ni\u00f1os\",\"puede\",\"qu\u00edmicas\",\"riesgo\",\"sustancias\"],\"articleSection\":[\"Salud\"],\"inLanguage\":\"es\"},{\"@type\":\"WebPage\",\"@id\":\"https:\/\/stacatarina.mx\/consejos\/la-exposicion-a-sustancias-quimicas-diarias-durante-el-embarazo-puede-aumentar-el-riesgo-de-asma-en-los-ninos\/\",\"url\":\"https:\/\/stacatarina.mx\/consejos\/la-exposicion-a-sustancias-quimicas-diarias-durante-el-embarazo-puede-aumentar-el-riesgo-de-asma-en-los-ninos\/\",\"name\":\"La exposici\u00f3n a sustancias qu\u00edmicas diarias durante el embarazo puede aumentar el riesgo de asma en los ni\u00f1os - Consejos - Santa Catarina\",\"isPartOf\":{\"@id\":\"https:\/\/stacatarina.mx\/consejos\/#website\"},\"primaryImageOfPage\":{\"@id\":\"https:\/\/stacatarina.mx\/consejos\/la-exposicion-a-sustancias-quimicas-diarias-durante-el-embarazo-puede-aumentar-el-riesgo-de-asma-en-los-ninos\/#primaryimage\"},\"image\":{\"@id\":\"https:\/\/stacatarina.mx\/consejos\/la-exposicion-a-sustancias-quimicas-diarias-durante-el-embarazo-puede-aumentar-el-riesgo-de-asma-en-los-ninos\/#primaryimage\"},\"thumbnailUrl\":\"https:\/\/stacatarina.mx\/consejos\/wp-content\/uploads\/2025\/01\/La-exposicion-a-sustancias-quimicas-diarias-durante-el-embarazo-puede.jpg\",\"datePublished\":\"2025-01-01T16:24:03+00:00\",\"dateModified\":\"2025-01-01T16:24:04+00:00\",\"breadcrumb\":{\"@id\":\"https:\/\/stacatarina.mx\/consejos\/la-exposicion-a-sustancias-quimicas-diarias-durante-el-embarazo-puede-aumentar-el-riesgo-de-asma-en-los-ninos\/#breadcrumb\"},\"inLanguage\":\"es\",\"potentialAction\":[{\"@type\":\"ReadAction\",\"target\":[\"https:\/\/stacatarina.mx\/consejos\/la-exposicion-a-sustancias-quimicas-diarias-durante-el-embarazo-puede-aumentar-el-riesgo-de-asma-en-los-ninos\/\"]}]},{\"@type\":\"ImageObject\",\"inLanguage\":\"es\",\"@id\":\"https:\/\/stacatarina.mx\/consejos\/la-exposicion-a-sustancias-quimicas-diarias-durante-el-embarazo-puede-aumentar-el-riesgo-de-asma-en-los-ninos\/#primaryimage\",\"url\":\"https:\/\/stacatarina.mx\/consejos\/wp-content\/uploads\/2025\/01\/La-exposicion-a-sustancias-quimicas-diarias-durante-el-embarazo-puede.jpg\",\"contentUrl\":\"https:\/\/stacatarina.mx\/consejos\/wp-content\/uploads\/2025\/01\/La-exposicion-a-sustancias-quimicas-diarias-durante-el-embarazo-puede.jpg\",\"width\":1200,\"height\":627,\"caption\":\"La exposici\u00f3n a sustancias qu\u00edmicas diarias durante el embarazo puede aumentar el riesgo de asma en los ni\u00f1os\"},{\"@type\":\"BreadcrumbList\",\"@id\":\"https:\/\/stacatarina.mx\/consejos\/la-exposicion-a-sustancias-quimicas-diarias-durante-el-embarazo-puede-aumentar-el-riesgo-de-asma-en-los-ninos\/#breadcrumb\",\"itemListElement\":[{\"@type\":\"ListItem\",\"position\":1,\"name\":\"Inicio\",\"item\":\"https:\/\/stacatarina.mx\/consejos\/\"},{\"@type\":\"ListItem\",\"position\":2,\"name\":\"La exposici\u00f3n a sustancias qu\u00edmicas diarias durante el embarazo puede aumentar el riesgo de asma en los ni\u00f1os\"}]},{\"@type\":\"WebSite\",\"@id\":\"https:\/\/stacatarina.mx\/consejos\/#website\",\"url\":\"https:\/\/stacatarina.mx\/consejos\/\",\"name\":\"Santa Catarina\",\"description\":\"\",\"publisher\":{\"@id\":\"https:\/\/stacatarina.mx\/consejos\/#organization\"},\"potentialAction\":[{\"@type\":\"SearchAction\",\"target\":{\"@type\":\"EntryPoint\",\"urlTemplate\":\"https:\/\/stacatarina.mx\/consejos\/?s={search_term_string}\"},\"query-input\":{\"@type\":\"PropertyValueSpecification\",\"valueRequired\":true,\"valueName\":\"search_term_string\"}}],\"inLanguage\":\"es\"},{\"@type\":\"Organization\",\"@id\":\"https:\/\/stacatarina.mx\/consejos\/#organization\",\"name\":\"Santa Catarina\",\"url\":\"https:\/\/stacatarina.mx\/consejos\/\",\"logo\":{\"@type\":\"ImageObject\",\"inLanguage\":\"es\",\"@id\":\"https:\/\/stacatarina.mx\/consejos\/#\/schema\/logo\/image\/\",\"url\":\"https:\/\/stacatarina.mx\/consejos\/wp-content\/uploads\/2024\/09\/cropped-favicon-1-1.png\",\"contentUrl\":\"https:\/\/stacatarina.mx\/consejos\/wp-content\/uploads\/2024\/09\/cropped-favicon-1-1.png\",\"width\":512,\"height\":512,\"caption\":\"Santa Catarina\"},\"image\":{\"@id\":\"https:\/\/stacatarina.mx\/consejos\/#\/schema\/logo\/image\/\"},\"sameAs\":[\"https:\/\/www.facebook.com\/stacatarinagob\/\",\"https:\/\/x.com\/stacatarinagob\",\"https:\/\/www.instagram.com\/stacatarinagob\/\",\"https:\/\/www.youtube.com\/channel\/UCK-6cQJL_904665N1_nLTWw\"]},{\"@type\":\"Person\",\"@id\":\"https:\/\/stacatarina.mx\/consejos\/#\/schema\/person\/0be60adffa8e4c4d0828fdf021450e8a\",\"name\":\"Pedro Mart\u00ednez\",\"image\":{\"@type\":\"ImageObject\",\"inLanguage\":\"es\",\"@id\":\"https:\/\/stacatarina.mx\/consejos\/#\/schema\/person\/image\/\",\"url\":\"https:\/\/stacatarina.mx\/consejos\/wp-content\/uploads\/2024\/09\/stacatarina.jpg\",\"contentUrl\":\"https:\/\/stacatarina.mx\/consejos\/wp-content\/uploads\/2024\/09\/stacatarina.jpg\",\"caption\":\"Pedro Mart\u00ednez\"},\"description\":\"Hola, soy Pedro Mart\u00ednez, redactor jefe del sitio oficial del ayuntamiento de Santa Catarina, en M\u00e9xico. Con m\u00e1s de diez a\u00f1os de experiencia en el periodismo local, tengo una pasi\u00f3n por la investigaci\u00f3n y la difusi\u00f3n de informaci\u00f3n que valoriza nuestra hermosa comunidad. Mi compromiso es hacer de Santa Catarina una referencia en materia de transparencia y comunicaci\u00f3n municipal.\",\"sameAs\":[\"https:\/\/stacatarina.mx\/\"]}]}<\/script>\n<!-- \/ Yoast SEO plugin. -->","yoast_head_json":{"title":"La exposici\u00f3n a sustancias qu\u00edmicas diarias durante el embarazo puede aumentar el riesgo de asma en los ni\u00f1os - Consejos - Santa Catarina","robots":{"index":"index","follow":"follow","max-snippet":"max-snippet:-1","max-image-preview":"max-image-preview:large","max-video-preview":"max-video-preview:-1"},"canonical":"https:\/\/stacatarina.mx\/consejos\/la-exposicion-a-sustancias-quimicas-diarias-durante-el-embarazo-puede-aumentar-el-riesgo-de-asma-en-los-ninos\/","og_locale":"es_MX","og_type":"article","og_title":"La exposici\u00f3n a sustancias qu\u00edmicas diarias durante el embarazo puede aumentar el riesgo de asma en los ni\u00f1os - Consejos - Santa Catarina","og_description":"Seg\u00fan investigaciones recientes, la exposici\u00f3n a sustancias qu\u00edmicas durante el embarazo puede aumentar el riesgo de problemas respiratorios en los beb\u00e9s. Especial fotovoltaica hogar: c\u00f3mo","og_url":"https:\/\/stacatarina.mx\/consejos\/la-exposicion-a-sustancias-quimicas-diarias-durante-el-embarazo-puede-aumentar-el-riesgo-de-asma-en-los-ninos\/","og_site_name":"Santa Catarina","article_publisher":"https:\/\/www.facebook.com\/stacatarinagob\/","article_published_time":"2025-01-01T16:24:03+00:00","article_modified_time":"2025-01-01T16:24:04+00:00","og_image":[{"width":1200,"height":627,"url":"https:\/\/stacatarina.mx\/consejos\/wp-content\/uploads\/2025\/01\/La-exposicion-a-sustancias-quimicas-diarias-durante-el-embarazo-puede.jpg","type":"image\/jpeg"}],"author":"Pedro Mart\u00ednez","twitter_card":"summary_large_image","twitter_creator":"@stacatarinagob","twitter_site":"@stacatarinagob","twitter_misc":{"Escrito por":"Pedro Mart\u00ednez","Tiempo de lectura":"2 minutos"},"schema":{"@context":"https:\/\/schema.org","@graph":[{"@type":"Article","@id":"https:\/\/stacatarina.mx\/consejos\/la-exposicion-a-sustancias-quimicas-diarias-durante-el-embarazo-puede-aumentar-el-riesgo-de-asma-en-los-ninos\/#article","isPartOf":{"@id":"https:\/\/stacatarina.mx\/consejos\/la-exposicion-a-sustancias-quimicas-diarias-durante-el-embarazo-puede-aumentar-el-riesgo-de-asma-en-los-ninos\/"},"author":{"name":"Pedro Mart\u00ednez","@id":"https:\/\/stacatarina.mx\/consejos\/#\/schema\/person\/0be60adffa8e4c4d0828fdf021450e8a"},"headline":"La exposici\u00f3n a sustancias qu\u00edmicas diarias durante el embarazo puede aumentar el riesgo de asma en los ni\u00f1os","datePublished":"2025-01-01T16:24:03+00:00","dateModified":"2025-01-01T16:24:04+00:00","mainEntityOfPage":{"@id":"https:\/\/stacatarina.mx\/consejos\/la-exposicion-a-sustancias-quimicas-diarias-durante-el-embarazo-puede-aumentar-el-riesgo-de-asma-en-los-ninos\/"},"wordCount":352,"publisher":{"@id":"https:\/\/stacatarina.mx\/consejos\/#organization"},"image":{"@id":"https:\/\/stacatarina.mx\/consejos\/la-exposicion-a-sustancias-quimicas-diarias-durante-el-embarazo-puede-aumentar-el-riesgo-de-asma-en-los-ninos\/#primaryimage"},"thumbnailUrl":"https:\/\/stacatarina.mx\/consejos\/wp-content\/uploads\/2025\/01\/La-exposicion-a-sustancias-quimicas-diarias-durante-el-embarazo-puede.jpg","keywords":["asma","aumentar","diarias","Durante","embarazo","exposici\u00f3n","los","ni\u00f1os","puede","qu\u00edmicas","riesgo","sustancias"],"articleSection":["Salud"],"inLanguage":"es"},{"@type":"WebPage","@id":"https:\/\/stacatarina.mx\/consejos\/la-exposicion-a-sustancias-quimicas-diarias-durante-el-embarazo-puede-aumentar-el-riesgo-de-asma-en-los-ninos\/","url":"https:\/\/stacatarina.mx\/consejos\/la-exposicion-a-sustancias-quimicas-diarias-durante-el-embarazo-puede-aumentar-el-riesgo-de-asma-en-los-ninos\/","name":"La exposici\u00f3n a sustancias qu\u00edmicas diarias durante el embarazo puede aumentar el riesgo de asma en los ni\u00f1os - Consejos - Santa Catarina","isPartOf":{"@id":"https:\/\/stacatarina.mx\/consejos\/#website"},"primaryImageOfPage":{"@id":"https:\/\/stacatarina.mx\/consejos\/la-exposicion-a-sustancias-quimicas-diarias-durante-el-embarazo-puede-aumentar-el-riesgo-de-asma-en-los-ninos\/#primaryimage"},"image":{"@id":"https:\/\/stacatarina.mx\/consejos\/la-exposicion-a-sustancias-quimicas-diarias-durante-el-embarazo-puede-aumentar-el-riesgo-de-asma-en-los-ninos\/#primaryimage"},"thumbnailUrl":"https:\/\/stacatarina.mx\/consejos\/wp-content\/uploads\/2025\/01\/La-exposicion-a-sustancias-quimicas-diarias-durante-el-embarazo-puede.jpg","datePublished":"2025-01-01T16:24:03+00:00","dateModified":"2025-01-01T16:24:04+00:00","breadcrumb":{"@id":"https:\/\/stacatarina.mx\/consejos\/la-exposicion-a-sustancias-quimicas-diarias-durante-el-embarazo-puede-aumentar-el-riesgo-de-asma-en-los-ninos\/#breadcrumb"},"inLanguage":"es","potentialAction":[{"@type":"ReadAction","target":["https:\/\/stacatarina.mx\/consejos\/la-exposicion-a-sustancias-quimicas-diarias-durante-el-embarazo-puede-aumentar-el-riesgo-de-asma-en-los-ninos\/"]}]},{"@type":"ImageObject","inLanguage":"es","@id":"https:\/\/stacatarina.mx\/consejos\/la-exposicion-a-sustancias-quimicas-diarias-durante-el-embarazo-puede-aumentar-el-riesgo-de-asma-en-los-ninos\/#primaryimage","url":"https:\/\/stacatarina.mx\/consejos\/wp-content\/uploads\/2025\/01\/La-exposicion-a-sustancias-quimicas-diarias-durante-el-embarazo-puede.jpg","contentUrl":"https:\/\/stacatarina.mx\/consejos\/wp-content\/uploads\/2025\/01\/La-exposicion-a-sustancias-quimicas-diarias-durante-el-embarazo-puede.jpg","width":1200,"height":627,"caption":"La exposici\u00f3n a sustancias qu\u00edmicas diarias durante el embarazo puede aumentar el riesgo de asma en los ni\u00f1os"},{"@type":"BreadcrumbList","@id":"https:\/\/stacatarina.mx\/consejos\/la-exposicion-a-sustancias-quimicas-diarias-durante-el-embarazo-puede-aumentar-el-riesgo-de-asma-en-los-ninos\/#breadcrumb","itemListElement":[{"@type":"ListItem","position":1,"name":"Inicio","item":"https:\/\/stacatarina.mx\/consejos\/"},{"@type":"ListItem","position":2,"name":"La exposici\u00f3n a sustancias qu\u00edmicas diarias durante el embarazo puede aumentar el riesgo de asma en los ni\u00f1os"}]},{"@type":"WebSite","@id":"https:\/\/stacatarina.mx\/consejos\/#website","url":"https:\/\/stacatarina.mx\/consejos\/","name":"Santa Catarina","description":"","publisher":{"@id":"https:\/\/stacatarina.mx\/consejos\/#organization"},"potentialAction":[{"@type":"SearchAction","target":{"@type":"EntryPoint","urlTemplate":"https:\/\/stacatarina.mx\/consejos\/?s={search_term_string}"},"query-input":{"@type":"PropertyValueSpecification","valueRequired":true,"valueName":"search_term_string"}}],"inLanguage":"es"},{"@type":"Organization","@id":"https:\/\/stacatarina.mx\/consejos\/#organization","name":"Santa Catarina","url":"https:\/\/stacatarina.mx\/consejos\/","logo":{"@type":"ImageObject","inLanguage":"es","@id":"https:\/\/stacatarina.mx\/consejos\/#\/schema\/logo\/image\/","url":"https:\/\/stacatarina.mx\/consejos\/wp-content\/uploads\/2024\/09\/cropped-favicon-1-1.png","contentUrl":"https:\/\/stacatarina.mx\/consejos\/wp-content\/uploads\/2024\/09\/cropped-favicon-1-1.png","width":512,"height":512,"caption":"Santa Catarina"},"image":{"@id":"https:\/\/stacatarina.mx\/consejos\/#\/schema\/logo\/image\/"},"sameAs":["https:\/\/www.facebook.com\/stacatarinagob\/","https:\/\/x.com\/stacatarinagob","https:\/\/www.instagram.com\/stacatarinagob\/","https:\/\/www.youtube.com\/channel\/UCK-6cQJL_904665N1_nLTWw"]},{"@type":"Person","@id":"https:\/\/stacatarina.mx\/consejos\/#\/schema\/person\/0be60adffa8e4c4d0828fdf021450e8a","name":"Pedro Mart\u00ednez","image":{"@type":"ImageObject","inLanguage":"es","@id":"https:\/\/stacatarina.mx\/consejos\/#\/schema\/person\/image\/","url":"https:\/\/stacatarina.mx\/consejos\/wp-content\/uploads\/2024\/09\/stacatarina.jpg","contentUrl":"https:\/\/stacatarina.mx\/consejos\/wp-content\/uploads\/2024\/09\/stacatarina.jpg","caption":"Pedro Mart\u00ednez"},"description":"Hola, soy Pedro Mart\u00ednez, redactor jefe del sitio oficial del ayuntamiento de Santa Catarina, en M\u00e9xico. Con m\u00e1s de diez a\u00f1os de experiencia en el periodismo local, tengo una pasi\u00f3n por la investigaci\u00f3n y la difusi\u00f3n de informaci\u00f3n que valoriza nuestra hermosa comunidad. Mi compromiso es hacer de Santa Catarina una referencia en materia de transparencia y comunicaci\u00f3n municipal.","sameAs":["https:\/\/stacatarina.mx\/"]}]}},"_links":{"self":[{"href":"https:\/\/stacatarina.mx\/consejos\/wp-json\/wp\/v2\/posts\/2154"}],"collection":[{"href":"https:\/\/stacatarina.mx\/consejos\/wp-json\/wp\/v2\/posts"}],"about":[{"href":"https:\/\/stacatarina.mx\/consejos\/wp-json\/wp\/v2\/types\/post"}],"author":[{"embeddable":true,"href":"https:\/\/stacatarina.mx\/consejos\/wp-json\/wp\/v2\/users\/1"}],"replies":[{"embeddable":true,"href":"https:\/\/stacatarina.mx\/consejos\/wp-json\/wp\/v2\/comments?post=2154"}],"version-history":[{"count":1,"href":"https:\/\/stacatarina.mx\/consejos\/wp-json\/wp\/v2\/posts\/2154\/revisions"}],"predecessor-version":[{"id":2156,"href":"https:\/\/stacatarina.mx\/consejos\/wp-json\/wp\/v2\/posts\/2154\/revisions\/2156"}],"wp:featuredmedia":[{"embeddable":true,"href":"https:\/\/stacatarina.mx\/consejos\/wp-json\/wp\/v2\/media\/2155"}],"wp:attachment":[{"href":"https:\/\/stacatarina.mx\/consejos\/wp-json\/wp\/v2\/media?parent=2154"}],"wp:term":[{"taxonomy":"category","embeddable":true,"href":"https:\/\/stacatarina.mx\/consejos\/wp-json\/wp\/v2\/categories?post=2154"},{"taxonomy":"post_tag","embeddable":true,"href":"https:\/\/stacatarina.mx\/consejos\/wp-json\/wp\/v2\/tags?post=2154"}],"curies":[{"name":"wp","href":"https:\/\/api.w.org\/{rel}","templated":true}]}}