{"id":2180,"date":"2025-01-03T12:26:10","date_gmt":"2025-01-03T18:26:10","guid":{"rendered":"https:\/\/stacatarina.mx\/consejos\/elige-este-material-para-tu-tabla-de-cortar-es-mas-saludable-que-el-plastico-e-incluso-la-clasica-madera\/"},"modified":"2025-01-03T12:26:11","modified_gmt":"2025-01-03T18:26:11","slug":"elige-este-material-para-tu-tabla-de-cortar-es-mas-saludable-que-el-plastico-e-incluso-la-clasica-madera","status":"publish","type":"post","link":"https:\/\/stacatarina.mx\/consejos\/elige-este-material-para-tu-tabla-de-cortar-es-mas-saludable-que-el-plastico-e-incluso-la-clasica-madera\/","title":{"rendered":"Elige este material para tu tabla de cortar, es m\u00e1s saludable que el pl\u00e1stico e incluso la cl\u00e1sica madera."},"content":{"rendered":"<p class=\"single-abstract\">\n<p>\t\t\t\t\t\t\t\t\t\t\t\t\t\t\t\t\tMadera, vidrio, pl\u00e1stico o acero inoxidable: \u00bfcu\u00e1l es el mejor material para tu tabla de cortar? Exploremos los pros y los contras de cada material, teniendo en cuenta tambi\u00e9n los \u00faltimos estudios sobre riesgos para la salud.\t\t\t\t\t\t\t\t\t\t\t\t\t\t\t<\/p>\n<div class=\"code-block code-block-23\" style=\"margin: 8px 0; clear: both;\">\n<style>\n<p>  .native-adv { mostrar: flexionar; direcci\u00f3n flexible: columna; margen: .75rem autom\u00e1tico; relleno: .5rem; borde: 1px s\u00f3lido #ccc !importante; margen inferior: 30px; borde: ninguno; } .native-adv:hover { decoraci\u00f3n de texto: \u00a1ninguna! Importante; } .native-adv-text { relleno: .7rem 1rem; ancho: 100%; } .native-adv-title { } .native-adv-detalles { display: flex; direcci\u00f3n flexible: columna; } .native-adv-cta { align-self: flex-start; margen inferior: .5rem; relleno: .5rem .7rem; radio del borde: 5px; color de fondo: #ee5319; color: #fff; tama\u00f1o de fuente: .875rem; peso de fuente: 700; altura de l\u00ednea: calc(1em + 4px); cursor: puntero; } .native-adv-info { pantalla: flex; alinear elementos: centro; alineaci\u00f3n propia: extremo flexible; color: #000; tama\u00f1o de fuente: .75rem; peso de fuente: 400; altura de l\u00ednea: calc(1em + 4px); margen superior: 15px; } .native-adv-info img { margen izquierdo: 7px; } Pantalla solo @media y (ancho m\u00ednimo: 480px) { .native-adv { direcci\u00f3n flexible: fila; } .native-adv-media { ancho m\u00e1ximo: 260px; } .native-adv-text { relleno: 0 1.4rem; } .native-adv-details { direcci\u00f3n flexible: fila; justificar contenido: espacio entre; } }<\/p>\n<\/style>\n<div class=\"native-adv-text\">\n<h3 class=\"native-adv-title\">Especial fotovoltaica hogar: c\u00f3mo ahorrar con energ\u00eda solar<\/h3>\n<div class=\"native-adv-details\">\n<div class=\"native-adv-cta\">Descubra m\u00e1s<\/div>\n<div class=\"native-adv-info\">En colaboraci\u00f3n con <\/div>\n<\/p><\/div>\n<\/p><\/div>\n<\/div>\n<div class=\"daily-video\" style=\"display: none;\"><\/div>\n<div class=\"wrapper-player\" style=\"display: none; margin-bottom: 15px;\">\n<div id=\"daily-player\" style=\"position: relative; max-width: 100%;\" class=\"video-content\"><\/div>\n<\/p><\/div>\n<p>Las tablas de cortar son herramientas esenciales en toda cocina y se utilizan a diario para preparar una amplia gama de alimentos. Disponible en varios materiales, <strong>elegir la tabla de cortar adecuada puede marcar la diferencia<\/strong>influyendo no s\u00f3lo en la practicidad y durabilidad del instrumento, sino tambi\u00e9n en la salud de quien lo utiliza.<\/p>\n<p>La madera, el pl\u00e1stico, el vidrio y el acero inoxidable se encuentran entre los materiales m\u00e1s comunes, cada uno con sus propias ventajas y desventajas. Pero, \u00bfcu\u00e1l de estos es mejor en t\u00e9rminos de salud y practicidad? Veamos juntos los pros y los contras de cada material para ayudarle a tomar una decisi\u00f3n m\u00e1s informada.<\/p>\n<h2><span class=\"ez-toc-section\" id=\"Legno\"><\/span>Madera<span class=\"ez-toc-section-end\"><\/span><\/h2>\n<p>La madera siempre ha sido un material popular en la cocina. Una buena tabla de cortar de madera, si se trata correctamente, puede durar d\u00e9cadas, llegando incluso a convertirse en un objeto con historia. \u00bfPero es realmente el mejor material?<\/p>\n<aside style=\"margin: 8px auto; text-align: center; display: block; clear: both;\">\n<div id=\"gpt-passback\">\n<\/div>\n<\/aside>\n<p>Seg\u00fan varios estudios, incluido uno realizado por el microbi\u00f3logo Dean Cliver, la madera <strong>tiende a retener menos bacterias que el pl\u00e1stico<\/strong>lo que la convierte en una opci\u00f3n segura para la preparaci\u00f3n de alimentos. aunque lo es<strong> Es fundamental que la tabla de cortar est\u00e9 hecha de madera en bruto de alta calidad, como haya, roble, nogal o arce.<\/strong> evitando maderas blandas o con pegamentos que puedan liberar qu\u00edmicos nocivos.<\/p>\n<p>Para mantener higi\u00e9nica su tabla de cortar de madera, es importante limpiarla a fondo despu\u00e9s de cada uso, con agua caliente y jab\u00f3n.<\/p>\n<div class=\"code-block code-block-10\" style=\"margin: 8px auto; display: flex; justify-content: center; min-height: 252px;\">\n<div id=\"div-gpt-ad-MPU_Bottom_2\" style=\"min-width: 300px; min-height: 253px;\">\n<\/div>\n<div id=\"taboola-widget_non_consent_300x250-4\"><\/div>\n<\/div>\n<h2><span class=\"ez-toc-section\" id=\"Vetro\"><\/span>Vaso<span class=\"ez-toc-section-end\"><\/span><\/h2>\n<p>Si tu prioridad es <strong>higiene y facilidad de limpieza<\/strong>una tabla de cortar de vidrio podr\u00eda ser la opci\u00f3n ideal. El vidrio no es poroso y se limpia f\u00e1cilmente, sin dejar residuos de comida ni bacterias. Puedes lavarlo en el lavavajillas sin ning\u00fan problema y su superficie lisa y transparente lo hace perfecto para un uso r\u00e1pido y pr\u00e1ctico.<\/p>\n<p>Sin embargo, existen algunas desventajas. El vidrio es un material fr\u00e1gil y puede romperse f\u00e1cilmente si se cae. Adem\u00e1s, su dureza puede da\u00f1ar los cuchillos, haciendo que la hoja sea menos efectiva con el tiempo. A pesar de estas peque\u00f1as imperfecciones, el vidrio sigue siendo una de las opciones m\u00e1s higi\u00e9nicas disponibles.<\/p>\n<h2><span class=\"ez-toc-section\" id=\"Acciaio_inox\"><\/span>Acero inoxidable<span class=\"ez-toc-section-end\"><\/span><\/h2>\n<p>El acero inoxidable es otro material que cuenta con una larga vida \u00fatil y una superficie antibacteriana natural. Tablas de cortar de acero inoxidable <strong>son duraderos, f\u00e1ciles de limpiar y no absorben bacterias.<\/strong> Adem\u00e1s, son especialmente apreciados por su dise\u00f1o moderno y elegante, lo que los hace ideales para una cocina de aspecto contempor\u00e1neo.<\/p>\n<p>Al igual que el vidrio, el acero inoxidable es f\u00e1cil de lavar y puede utilizarse sin riesgo de contaminaci\u00f3n bacteriana. Sin embargo, el acero inoxidable es muy duro y el sonido del cuchillo cortando en esta superficie puede resultar molesto para algunos. Adem\u00e1s, la dureza del material puede afectar negativamente a la vida \u00fatil de los cuchillos, provocando que las hojas se desgasten m\u00e1s r\u00e1pidamente.<\/p>\n<h2><span class=\"ez-toc-section\" id=\"Plastica\"><\/span>Pl\u00e1stico<span class=\"ez-toc-section-end\"><\/span><\/h2>\n<p>El pl\u00e1stico es uno de los materiales m\u00e1s comunes para las tablas de cortar, pero estudios recientes han destacado <strong>algunos riesgos de su uso.<\/strong> Hace apenas unos d\u00edas habl\u00e1bamos de la investigaci\u00f3n de la American Chemical Society que destacaba c\u00f3mo el uso de tablas de cortar de pl\u00e1stico, especialmente las de polietileno y polipropileno, puede provocar la liberaci\u00f3n de micropl\u00e1sticos en los alimentos.<\/p>\n<p>Cada vez que un cuchillo entra en contacto con la superficie de la tabla de cortar, pueden desprenderse part\u00edculas microsc\u00f3picas que acaban en los alimentos y, en consecuencia, en nuestro organismo.<\/p>\n<p>Aunque a\u00fan no se han identificado efectos t\u00f3xicos inmediatos, la acumulaci\u00f3n de micropl\u00e1sticos en el organismo podr\u00eda tener consecuencias a largo plazo, como inflamaci\u00f3n o interferencias en el sistema endocrino.<\/p>\n<aside style=\"margin: 8px auto; display: flex; justify-content: center; min-height: 251px;\">\n<div id=\"div-gpt-ad-MPU_Bottom_1\" style=\"min-width: 300px; min-height: 252px;\">\n<\/div>\n<\/aside>\n<p>Para reducir los riesgos, es fundamental sustituir peri\u00f3dicamente las tablas de cortar desgastadas y adoptar un mantenimiento adecuado, evitando tambi\u00e9n exponerlas a altas temperaturas. Si bien el pl\u00e1stico puede ser pr\u00e1ctico, los riesgos asociados con la liberaci\u00f3n de micropl\u00e1sticos hacen que otras opciones, como la madera, el vidrio o el acero inoxidable, sean opciones decididamente m\u00e1s seguras y sostenibles.<\/p>\n<h2><span class=\"ez-toc-section\" id=\"La_scelta_ideale\"><\/span>La elecci\u00f3n ideal<span class=\"ez-toc-section-end\"><\/span><\/h2>\n<p>Cada material tiene sus pros y sus contras, por lo que la elecci\u00f3n de la tabla de cortar depende de sus necesidades personales. Pero para aquellos que buscan un material natural y duradero, la madera es sin duda la mejor opci\u00f3n aunque, como ya hemos dicho, hay que tener cuidado: no sirve cualquier madera, <strong>debe ser crudo y de buena calidad<\/strong>.<\/p><\/p>\n","protected":false},"excerpt":{"rendered":"<p>Madera, vidrio, pl\u00e1stico o acero inoxidable: \u00bfcu\u00e1l es el mejor material para tu tabla de cortar? Exploremos los pros y los contras de cada material,<\/p>\n","protected":false},"author":1,"featured_media":2181,"comment_status":"closed","ping_status":"","sticky":false,"template":"","format":"standard","meta":{"footnotes":""},"categories":[762],"tags":[3097,3041,3094,339,910,3098,137,3095,29,836,2886,3096],"class_list":["post-2180","post","type-post","status-publish","format-standard","has-post-thumbnail","hentry","category-salud","tag-clasica","tag-cortar","tag-elige","tag-este","tag-incluso","tag-madera","tag-mas","tag-material","tag-para","tag-plastico","tag-saludable","tag-tabla","generate-columns","tablet-grid-50","mobile-grid-100","grid-parent","grid-50"],"yoast_head":"<!-- This site is optimized with the Yoast SEO plugin v23.4 - https:\/\/yoast.com\/wordpress\/plugins\/seo\/ -->\n<title>Elige este material para tu tabla de cortar, es m\u00e1s saludable que el pl\u00e1stico e incluso la cl\u00e1sica madera. - Consejos - Santa Catarina<\/title>\n<meta name=\"robots\" content=\"index, follow, max-snippet:-1, max-image-preview:large, max-video-preview:-1\" \/>\n<link rel=\"canonical\" href=\"https:\/\/stacatarina.mx\/consejos\/elige-este-material-para-tu-tabla-de-cortar-es-mas-saludable-que-el-plastico-e-incluso-la-clasica-madera\/\" \/>\n<meta property=\"og:locale\" content=\"es_MX\" \/>\n<meta property=\"og:type\" content=\"article\" \/>\n<meta property=\"og:title\" content=\"Elige este material para tu tabla de cortar, es m\u00e1s saludable que el pl\u00e1stico e incluso la cl\u00e1sica madera. - Consejos - Santa Catarina\" \/>\n<meta property=\"og:description\" content=\"Madera, vidrio, pl\u00e1stico o acero inoxidable: \u00bfcu\u00e1l es el mejor material para tu tabla de cortar? Exploremos los pros y los contras de cada material,\" \/>\n<meta property=\"og:url\" content=\"https:\/\/stacatarina.mx\/consejos\/elige-este-material-para-tu-tabla-de-cortar-es-mas-saludable-que-el-plastico-e-incluso-la-clasica-madera\/\" \/>\n<meta property=\"og:site_name\" content=\"Santa Catarina\" \/>\n<meta property=\"article:publisher\" content=\"https:\/\/www.facebook.com\/stacatarinagob\/\" \/>\n<meta property=\"article:published_time\" content=\"2025-01-03T18:26:10+00:00\" \/>\n<meta property=\"article:modified_time\" content=\"2025-01-03T18:26:11+00:00\" \/>\n<meta property=\"og:image\" content=\"https:\/\/stacatarina.mx\/consejos\/wp-content\/uploads\/2025\/01\/Elige-este-material-para-tu-tabla-de-cortar-es-mas.jpg\" \/>\n\t<meta property=\"og:image:width\" content=\"1500\" \/>\n\t<meta property=\"og:image:height\" content=\"1000\" \/>\n\t<meta property=\"og:image:type\" content=\"image\/jpeg\" \/>\n<meta name=\"author\" content=\"Pedro Mart\u00ednez\" \/>\n<meta name=\"twitter:card\" content=\"summary_large_image\" \/>\n<meta name=\"twitter:creator\" content=\"@stacatarinagob\" \/>\n<meta name=\"twitter:site\" content=\"@stacatarinagob\" \/>\n<meta name=\"twitter:label1\" content=\"Escrito por\" \/>\n\t<meta name=\"twitter:data1\" content=\"Pedro Mart\u00ednez\" \/>\n\t<meta name=\"twitter:label2\" content=\"Tiempo de lectura\" \/>\n\t<meta name=\"twitter:data2\" content=\"4 minutos\" \/>\n<script type=\"application\/ld+json\" class=\"yoast-schema-graph\">{\"@context\":\"https:\/\/schema.org\",\"@graph\":[{\"@type\":\"Article\",\"@id\":\"https:\/\/stacatarina.mx\/consejos\/elige-este-material-para-tu-tabla-de-cortar-es-mas-saludable-que-el-plastico-e-incluso-la-clasica-madera\/#article\",\"isPartOf\":{\"@id\":\"https:\/\/stacatarina.mx\/consejos\/elige-este-material-para-tu-tabla-de-cortar-es-mas-saludable-que-el-plastico-e-incluso-la-clasica-madera\/\"},\"author\":{\"name\":\"Pedro Mart\u00ednez\",\"@id\":\"https:\/\/stacatarina.mx\/consejos\/#\/schema\/person\/0be60adffa8e4c4d0828fdf021450e8a\"},\"headline\":\"Elige este material para tu tabla de cortar, es m\u00e1s saludable que el pl\u00e1stico e incluso la cl\u00e1sica madera.\",\"datePublished\":\"2025-01-03T18:26:10+00:00\",\"dateModified\":\"2025-01-03T18:26:11+00:00\",\"mainEntityOfPage\":{\"@id\":\"https:\/\/stacatarina.mx\/consejos\/elige-este-material-para-tu-tabla-de-cortar-es-mas-saludable-que-el-plastico-e-incluso-la-clasica-madera\/\"},\"wordCount\":869,\"publisher\":{\"@id\":\"https:\/\/stacatarina.mx\/consejos\/#organization\"},\"image\":{\"@id\":\"https:\/\/stacatarina.mx\/consejos\/elige-este-material-para-tu-tabla-de-cortar-es-mas-saludable-que-el-plastico-e-incluso-la-clasica-madera\/#primaryimage\"},\"thumbnailUrl\":\"https:\/\/stacatarina.mx\/consejos\/wp-content\/uploads\/2025\/01\/Elige-este-material-para-tu-tabla-de-cortar-es-mas.jpg\",\"keywords\":[\"cl\u00e1sica\",\"cortar\",\"Elige\",\"este\",\"incluso\",\"madera\",\"m\u00e1s\",\"material\",\"para\",\"pl\u00e1stico\",\"saludable\",\"tabla\"],\"articleSection\":[\"Salud\"],\"inLanguage\":\"es\"},{\"@type\":\"WebPage\",\"@id\":\"https:\/\/stacatarina.mx\/consejos\/elige-este-material-para-tu-tabla-de-cortar-es-mas-saludable-que-el-plastico-e-incluso-la-clasica-madera\/\",\"url\":\"https:\/\/stacatarina.mx\/consejos\/elige-este-material-para-tu-tabla-de-cortar-es-mas-saludable-que-el-plastico-e-incluso-la-clasica-madera\/\",\"name\":\"Elige este material para tu tabla de cortar, es m\u00e1s saludable que el pl\u00e1stico e incluso la cl\u00e1sica madera. - Consejos - Santa Catarina\",\"isPartOf\":{\"@id\":\"https:\/\/stacatarina.mx\/consejos\/#website\"},\"primaryImageOfPage\":{\"@id\":\"https:\/\/stacatarina.mx\/consejos\/elige-este-material-para-tu-tabla-de-cortar-es-mas-saludable-que-el-plastico-e-incluso-la-clasica-madera\/#primaryimage\"},\"image\":{\"@id\":\"https:\/\/stacatarina.mx\/consejos\/elige-este-material-para-tu-tabla-de-cortar-es-mas-saludable-que-el-plastico-e-incluso-la-clasica-madera\/#primaryimage\"},\"thumbnailUrl\":\"https:\/\/stacatarina.mx\/consejos\/wp-content\/uploads\/2025\/01\/Elige-este-material-para-tu-tabla-de-cortar-es-mas.jpg\",\"datePublished\":\"2025-01-03T18:26:10+00:00\",\"dateModified\":\"2025-01-03T18:26:11+00:00\",\"breadcrumb\":{\"@id\":\"https:\/\/stacatarina.mx\/consejos\/elige-este-material-para-tu-tabla-de-cortar-es-mas-saludable-que-el-plastico-e-incluso-la-clasica-madera\/#breadcrumb\"},\"inLanguage\":\"es\",\"potentialAction\":[{\"@type\":\"ReadAction\",\"target\":[\"https:\/\/stacatarina.mx\/consejos\/elige-este-material-para-tu-tabla-de-cortar-es-mas-saludable-que-el-plastico-e-incluso-la-clasica-madera\/\"]}]},{\"@type\":\"ImageObject\",\"inLanguage\":\"es\",\"@id\":\"https:\/\/stacatarina.mx\/consejos\/elige-este-material-para-tu-tabla-de-cortar-es-mas-saludable-que-el-plastico-e-incluso-la-clasica-madera\/#primaryimage\",\"url\":\"https:\/\/stacatarina.mx\/consejos\/wp-content\/uploads\/2025\/01\/Elige-este-material-para-tu-tabla-de-cortar-es-mas.jpg\",\"contentUrl\":\"https:\/\/stacatarina.mx\/consejos\/wp-content\/uploads\/2025\/01\/Elige-este-material-para-tu-tabla-de-cortar-es-mas.jpg\",\"width\":1500,\"height\":1000,\"caption\":\"Elige este material para tu tabla de cortar, es m\u00e1s saludable que el pl\u00e1stico e incluso la cl\u00e1sica madera.\"},{\"@type\":\"BreadcrumbList\",\"@id\":\"https:\/\/stacatarina.mx\/consejos\/elige-este-material-para-tu-tabla-de-cortar-es-mas-saludable-que-el-plastico-e-incluso-la-clasica-madera\/#breadcrumb\",\"itemListElement\":[{\"@type\":\"ListItem\",\"position\":1,\"name\":\"Inicio\",\"item\":\"https:\/\/stacatarina.mx\/consejos\/\"},{\"@type\":\"ListItem\",\"position\":2,\"name\":\"Elige este material para tu tabla de cortar, es m\u00e1s saludable que el pl\u00e1stico e incluso la cl\u00e1sica madera.\"}]},{\"@type\":\"WebSite\",\"@id\":\"https:\/\/stacatarina.mx\/consejos\/#website\",\"url\":\"https:\/\/stacatarina.mx\/consejos\/\",\"name\":\"Santa Catarina\",\"description\":\"\",\"publisher\":{\"@id\":\"https:\/\/stacatarina.mx\/consejos\/#organization\"},\"potentialAction\":[{\"@type\":\"SearchAction\",\"target\":{\"@type\":\"EntryPoint\",\"urlTemplate\":\"https:\/\/stacatarina.mx\/consejos\/?s={search_term_string}\"},\"query-input\":{\"@type\":\"PropertyValueSpecification\",\"valueRequired\":true,\"valueName\":\"search_term_string\"}}],\"inLanguage\":\"es\"},{\"@type\":\"Organization\",\"@id\":\"https:\/\/stacatarina.mx\/consejos\/#organization\",\"name\":\"Santa Catarina\",\"url\":\"https:\/\/stacatarina.mx\/consejos\/\",\"logo\":{\"@type\":\"ImageObject\",\"inLanguage\":\"es\",\"@id\":\"https:\/\/stacatarina.mx\/consejos\/#\/schema\/logo\/image\/\",\"url\":\"https:\/\/stacatarina.mx\/consejos\/wp-content\/uploads\/2024\/09\/cropped-favicon-1-1.png\",\"contentUrl\":\"https:\/\/stacatarina.mx\/consejos\/wp-content\/uploads\/2024\/09\/cropped-favicon-1-1.png\",\"width\":512,\"height\":512,\"caption\":\"Santa Catarina\"},\"image\":{\"@id\":\"https:\/\/stacatarina.mx\/consejos\/#\/schema\/logo\/image\/\"},\"sameAs\":[\"https:\/\/www.facebook.com\/stacatarinagob\/\",\"https:\/\/x.com\/stacatarinagob\",\"https:\/\/www.instagram.com\/stacatarinagob\/\",\"https:\/\/www.youtube.com\/channel\/UCK-6cQJL_904665N1_nLTWw\"]},{\"@type\":\"Person\",\"@id\":\"https:\/\/stacatarina.mx\/consejos\/#\/schema\/person\/0be60adffa8e4c4d0828fdf021450e8a\",\"name\":\"Pedro Mart\u00ednez\",\"image\":{\"@type\":\"ImageObject\",\"inLanguage\":\"es\",\"@id\":\"https:\/\/stacatarina.mx\/consejos\/#\/schema\/person\/image\/\",\"url\":\"https:\/\/stacatarina.mx\/consejos\/wp-content\/uploads\/2024\/09\/stacatarina.jpg\",\"contentUrl\":\"https:\/\/stacatarina.mx\/consejos\/wp-content\/uploads\/2024\/09\/stacatarina.jpg\",\"caption\":\"Pedro Mart\u00ednez\"},\"description\":\"Hola, soy Pedro Mart\u00ednez, redactor jefe del sitio oficial del ayuntamiento de Santa Catarina, en M\u00e9xico. Con m\u00e1s de diez a\u00f1os de experiencia en el periodismo local, tengo una pasi\u00f3n por la investigaci\u00f3n y la difusi\u00f3n de informaci\u00f3n que valoriza nuestra hermosa comunidad. Mi compromiso es hacer de Santa Catarina una referencia en materia de transparencia y comunicaci\u00f3n municipal.\",\"sameAs\":[\"https:\/\/stacatarina.mx\/\"]}]}<\/script>\n<!-- \/ Yoast SEO plugin. -->","yoast_head_json":{"title":"Elige este material para tu tabla de cortar, es m\u00e1s saludable que el pl\u00e1stico e incluso la cl\u00e1sica madera. - Consejos - Santa Catarina","robots":{"index":"index","follow":"follow","max-snippet":"max-snippet:-1","max-image-preview":"max-image-preview:large","max-video-preview":"max-video-preview:-1"},"canonical":"https:\/\/stacatarina.mx\/consejos\/elige-este-material-para-tu-tabla-de-cortar-es-mas-saludable-que-el-plastico-e-incluso-la-clasica-madera\/","og_locale":"es_MX","og_type":"article","og_title":"Elige este material para tu tabla de cortar, es m\u00e1s saludable que el pl\u00e1stico e incluso la cl\u00e1sica madera. - Consejos - Santa Catarina","og_description":"Madera, vidrio, pl\u00e1stico o acero inoxidable: \u00bfcu\u00e1l es el mejor material para tu tabla de cortar? Exploremos los pros y los contras de cada material,","og_url":"https:\/\/stacatarina.mx\/consejos\/elige-este-material-para-tu-tabla-de-cortar-es-mas-saludable-que-el-plastico-e-incluso-la-clasica-madera\/","og_site_name":"Santa Catarina","article_publisher":"https:\/\/www.facebook.com\/stacatarinagob\/","article_published_time":"2025-01-03T18:26:10+00:00","article_modified_time":"2025-01-03T18:26:11+00:00","og_image":[{"width":1500,"height":1000,"url":"https:\/\/stacatarina.mx\/consejos\/wp-content\/uploads\/2025\/01\/Elige-este-material-para-tu-tabla-de-cortar-es-mas.jpg","type":"image\/jpeg"}],"author":"Pedro Mart\u00ednez","twitter_card":"summary_large_image","twitter_creator":"@stacatarinagob","twitter_site":"@stacatarinagob","twitter_misc":{"Escrito por":"Pedro Mart\u00ednez","Tiempo de lectura":"4 minutos"},"schema":{"@context":"https:\/\/schema.org","@graph":[{"@type":"Article","@id":"https:\/\/stacatarina.mx\/consejos\/elige-este-material-para-tu-tabla-de-cortar-es-mas-saludable-que-el-plastico-e-incluso-la-clasica-madera\/#article","isPartOf":{"@id":"https:\/\/stacatarina.mx\/consejos\/elige-este-material-para-tu-tabla-de-cortar-es-mas-saludable-que-el-plastico-e-incluso-la-clasica-madera\/"},"author":{"name":"Pedro Mart\u00ednez","@id":"https:\/\/stacatarina.mx\/consejos\/#\/schema\/person\/0be60adffa8e4c4d0828fdf021450e8a"},"headline":"Elige este material para tu tabla de cortar, es m\u00e1s saludable que el pl\u00e1stico e incluso la cl\u00e1sica madera.","datePublished":"2025-01-03T18:26:10+00:00","dateModified":"2025-01-03T18:26:11+00:00","mainEntityOfPage":{"@id":"https:\/\/stacatarina.mx\/consejos\/elige-este-material-para-tu-tabla-de-cortar-es-mas-saludable-que-el-plastico-e-incluso-la-clasica-madera\/"},"wordCount":869,"publisher":{"@id":"https:\/\/stacatarina.mx\/consejos\/#organization"},"image":{"@id":"https:\/\/stacatarina.mx\/consejos\/elige-este-material-para-tu-tabla-de-cortar-es-mas-saludable-que-el-plastico-e-incluso-la-clasica-madera\/#primaryimage"},"thumbnailUrl":"https:\/\/stacatarina.mx\/consejos\/wp-content\/uploads\/2025\/01\/Elige-este-material-para-tu-tabla-de-cortar-es-mas.jpg","keywords":["cl\u00e1sica","cortar","Elige","este","incluso","madera","m\u00e1s","material","para","pl\u00e1stico","saludable","tabla"],"articleSection":["Salud"],"inLanguage":"es"},{"@type":"WebPage","@id":"https:\/\/stacatarina.mx\/consejos\/elige-este-material-para-tu-tabla-de-cortar-es-mas-saludable-que-el-plastico-e-incluso-la-clasica-madera\/","url":"https:\/\/stacatarina.mx\/consejos\/elige-este-material-para-tu-tabla-de-cortar-es-mas-saludable-que-el-plastico-e-incluso-la-clasica-madera\/","name":"Elige este material para tu tabla de cortar, es m\u00e1s saludable que el pl\u00e1stico e incluso la cl\u00e1sica madera. - Consejos - Santa Catarina","isPartOf":{"@id":"https:\/\/stacatarina.mx\/consejos\/#website"},"primaryImageOfPage":{"@id":"https:\/\/stacatarina.mx\/consejos\/elige-este-material-para-tu-tabla-de-cortar-es-mas-saludable-que-el-plastico-e-incluso-la-clasica-madera\/#primaryimage"},"image":{"@id":"https:\/\/stacatarina.mx\/consejos\/elige-este-material-para-tu-tabla-de-cortar-es-mas-saludable-que-el-plastico-e-incluso-la-clasica-madera\/#primaryimage"},"thumbnailUrl":"https:\/\/stacatarina.mx\/consejos\/wp-content\/uploads\/2025\/01\/Elige-este-material-para-tu-tabla-de-cortar-es-mas.jpg","datePublished":"2025-01-03T18:26:10+00:00","dateModified":"2025-01-03T18:26:11+00:00","breadcrumb":{"@id":"https:\/\/stacatarina.mx\/consejos\/elige-este-material-para-tu-tabla-de-cortar-es-mas-saludable-que-el-plastico-e-incluso-la-clasica-madera\/#breadcrumb"},"inLanguage":"es","potentialAction":[{"@type":"ReadAction","target":["https:\/\/stacatarina.mx\/consejos\/elige-este-material-para-tu-tabla-de-cortar-es-mas-saludable-que-el-plastico-e-incluso-la-clasica-madera\/"]}]},{"@type":"ImageObject","inLanguage":"es","@id":"https:\/\/stacatarina.mx\/consejos\/elige-este-material-para-tu-tabla-de-cortar-es-mas-saludable-que-el-plastico-e-incluso-la-clasica-madera\/#primaryimage","url":"https:\/\/stacatarina.mx\/consejos\/wp-content\/uploads\/2025\/01\/Elige-este-material-para-tu-tabla-de-cortar-es-mas.jpg","contentUrl":"https:\/\/stacatarina.mx\/consejos\/wp-content\/uploads\/2025\/01\/Elige-este-material-para-tu-tabla-de-cortar-es-mas.jpg","width":1500,"height":1000,"caption":"Elige este material para tu tabla de cortar, es m\u00e1s saludable que el pl\u00e1stico e incluso la cl\u00e1sica madera."},{"@type":"BreadcrumbList","@id":"https:\/\/stacatarina.mx\/consejos\/elige-este-material-para-tu-tabla-de-cortar-es-mas-saludable-que-el-plastico-e-incluso-la-clasica-madera\/#breadcrumb","itemListElement":[{"@type":"ListItem","position":1,"name":"Inicio","item":"https:\/\/stacatarina.mx\/consejos\/"},{"@type":"ListItem","position":2,"name":"Elige este material para tu tabla de cortar, es m\u00e1s saludable que el pl\u00e1stico e incluso la cl\u00e1sica madera."}]},{"@type":"WebSite","@id":"https:\/\/stacatarina.mx\/consejos\/#website","url":"https:\/\/stacatarina.mx\/consejos\/","name":"Santa Catarina","description":"","publisher":{"@id":"https:\/\/stacatarina.mx\/consejos\/#organization"},"potentialAction":[{"@type":"SearchAction","target":{"@type":"EntryPoint","urlTemplate":"https:\/\/stacatarina.mx\/consejos\/?s={search_term_string}"},"query-input":{"@type":"PropertyValueSpecification","valueRequired":true,"valueName":"search_term_string"}}],"inLanguage":"es"},{"@type":"Organization","@id":"https:\/\/stacatarina.mx\/consejos\/#organization","name":"Santa Catarina","url":"https:\/\/stacatarina.mx\/consejos\/","logo":{"@type":"ImageObject","inLanguage":"es","@id":"https:\/\/stacatarina.mx\/consejos\/#\/schema\/logo\/image\/","url":"https:\/\/stacatarina.mx\/consejos\/wp-content\/uploads\/2024\/09\/cropped-favicon-1-1.png","contentUrl":"https:\/\/stacatarina.mx\/consejos\/wp-content\/uploads\/2024\/09\/cropped-favicon-1-1.png","width":512,"height":512,"caption":"Santa Catarina"},"image":{"@id":"https:\/\/stacatarina.mx\/consejos\/#\/schema\/logo\/image\/"},"sameAs":["https:\/\/www.facebook.com\/stacatarinagob\/","https:\/\/x.com\/stacatarinagob","https:\/\/www.instagram.com\/stacatarinagob\/","https:\/\/www.youtube.com\/channel\/UCK-6cQJL_904665N1_nLTWw"]},{"@type":"Person","@id":"https:\/\/stacatarina.mx\/consejos\/#\/schema\/person\/0be60adffa8e4c4d0828fdf021450e8a","name":"Pedro Mart\u00ednez","image":{"@type":"ImageObject","inLanguage":"es","@id":"https:\/\/stacatarina.mx\/consejos\/#\/schema\/person\/image\/","url":"https:\/\/stacatarina.mx\/consejos\/wp-content\/uploads\/2024\/09\/stacatarina.jpg","contentUrl":"https:\/\/stacatarina.mx\/consejos\/wp-content\/uploads\/2024\/09\/stacatarina.jpg","caption":"Pedro Mart\u00ednez"},"description":"Hola, soy Pedro Mart\u00ednez, redactor jefe del sitio oficial del ayuntamiento de Santa Catarina, en M\u00e9xico. Con m\u00e1s de diez a\u00f1os de experiencia en el periodismo local, tengo una pasi\u00f3n por la investigaci\u00f3n y la difusi\u00f3n de informaci\u00f3n que valoriza nuestra hermosa comunidad. Mi compromiso es hacer de Santa Catarina una referencia en materia de transparencia y comunicaci\u00f3n municipal.","sameAs":["https:\/\/stacatarina.mx\/"]}]}},"_links":{"self":[{"href":"https:\/\/stacatarina.mx\/consejos\/wp-json\/wp\/v2\/posts\/2180"}],"collection":[{"href":"https:\/\/stacatarina.mx\/consejos\/wp-json\/wp\/v2\/posts"}],"about":[{"href":"https:\/\/stacatarina.mx\/consejos\/wp-json\/wp\/v2\/types\/post"}],"author":[{"embeddable":true,"href":"https:\/\/stacatarina.mx\/consejos\/wp-json\/wp\/v2\/users\/1"}],"replies":[{"embeddable":true,"href":"https:\/\/stacatarina.mx\/consejos\/wp-json\/wp\/v2\/comments?post=2180"}],"version-history":[{"count":1,"href":"https:\/\/stacatarina.mx\/consejos\/wp-json\/wp\/v2\/posts\/2180\/revisions"}],"predecessor-version":[{"id":2182,"href":"https:\/\/stacatarina.mx\/consejos\/wp-json\/wp\/v2\/posts\/2180\/revisions\/2182"}],"wp:featuredmedia":[{"embeddable":true,"href":"https:\/\/stacatarina.mx\/consejos\/wp-json\/wp\/v2\/media\/2181"}],"wp:attachment":[{"href":"https:\/\/stacatarina.mx\/consejos\/wp-json\/wp\/v2\/media?parent=2180"}],"wp:term":[{"taxonomy":"category","embeddable":true,"href":"https:\/\/stacatarina.mx\/consejos\/wp-json\/wp\/v2\/categories?post=2180"},{"taxonomy":"post_tag","embeddable":true,"href":"https:\/\/stacatarina.mx\/consejos\/wp-json\/wp\/v2\/tags?post=2180"}],"curies":[{"name":"wp","href":"https:\/\/api.w.org\/{rel}","templated":true}]}}