{"id":2330,"date":"2025-01-14T23:23:50","date_gmt":"2025-01-15T05:23:50","guid":{"rendered":"https:\/\/stacatarina.mx\/consejos\/lidl-retira-del-mercado-nuggets-de-verduras-por-presencia-de-cuerpos-extranos-de-plastico-marca-y-fecha-de-caducidad\/"},"modified":"2025-01-14T23:23:51","modified_gmt":"2025-01-15T05:23:51","slug":"lidl-retira-del-mercado-nuggets-de-verduras-por-presencia-de-cuerpos-extranos-de-plastico-marca-y-fecha-de-caducidad","status":"publish","type":"post","link":"https:\/\/stacatarina.mx\/consejos\/lidl-retira-del-mercado-nuggets-de-verduras-por-presencia-de-cuerpos-extranos-de-plastico-marca-y-fecha-de-caducidad\/","title":{"rendered":"Lidl retira del mercado nuggets de verduras por presencia de cuerpos extra\u00f1os de pl\u00e1stico, marca y fecha de caducidad"},"content":{"rendered":"<p class=\"single-abstract\">\n<p>\t\t\t\t\t\t\t\t\t\t\t\t\t\t\t\t\tSi compraste estas pepitas, presta atenci\u00f3n a la nota emitida por Lidl\t\t\t\t\t\t\t\t\t\t\t\t\t\t\t<\/p>\n<div class=\"daily-video\" style=\"display: none;\"><\/div>\n<div class=\"wrapper-player\" style=\"display: none; margin-bottom: 15px;\">\n<div id=\"daily-player\" style=\"position: relative; max-width: 100%;\" class=\"video-content\"><\/div>\n<\/p><\/div>\n<div class=\"image-wrapper featured-image no-lazy\" id=\"featured-image\"><\/div>\n<p>son de su marca <strong>vemondo<\/strong> los lotes de nuggets de verduras que Lidl ha retirado del mercado. El motivo indicado en el aviso de retirada es el <strong>posible presencia de cuerpos extra\u00f1os de pl\u00e1stico<\/strong>.<\/p>\n<p>Seg\u00fan tenemos entendido, el producto retirado del mercado se vende en paquetes de 200 gramos,<strong> todos aquellos con fecha de caducidad del 22\/02\/2025 (EAN: 4056489469070).<\/strong><\/p>\n<aside style=\"margin: 8px auto; text-align: center; display: block; clear: both;\">\n<div id=\"gpt-passback\">\n<\/div>\n<\/aside>\n<p>La empresa Italia Alimentari SpA produjo los nuggets de verduras para Lidl Italia. La planta de producci\u00f3n est\u00e1 situada en via Marconi 3, en Gazoldo degli Ippoliti, en provincia de Mantua.<\/p>\n<p style=\"text-align: center;\"><img loading=\"lazy\" decoding=\"async\" class=\"lazy lazy-hidden aligncenter wp-image-1207929 size-full\" data-lazy-type=\"image\" src=\"https:\/\/stacatarina.mx\/consejos\/wp-content\/uploads\/2025\/01\/1736918630_248_Lidl-retira-del-mercado-nuggets-de-verduras-por-presencia-de.jpg\" alt=\"Retirada de pepitas\" width=\"1000\" height=\"502\"  ><\/p>\n<p><noscript><img loading=\"lazy\" decoding=\"async\" class=\"aligncenter wp-image-1207929 size-full\" src=\"https:\/\/stacatarina.mx\/consejos\/wp-content\/uploads\/2025\/01\/1736918630_248_Lidl-retira-del-mercado-nuggets-de-verduras-por-presencia-de.jpg\" alt=\"Retirada de pepitas\" width=\"1000\" height=\"502\"  ><\/noscript><\/p>\n<p>Por ello, como medida de precauci\u00f3n, Lidl recomienda no consumir nuggets de verduras con las fechas de caducidad indicadas anteriormente.<\/p>\n<p>Cualquiera que est\u00e9 en posesi\u00f3n del producto retirado tiene la opci\u00f3n de devolverlo al punto de compra, donde se realizar\u00e1 un reembolso incluso en ausencia de un recibo. Para m\u00e1s informaci\u00f3n puede llamar al n\u00famero gratuito 800 480048<\/p><\/p>\n","protected":false},"excerpt":{"rendered":"<p>Si compraste estas pepitas, presta atenci\u00f3n a la nota emitida por Lidl son de su marca vemondo los lotes de nuggets de verduras que Lidl<\/p>\n","protected":false},"author":1,"featured_media":2331,"comment_status":"closed","ping_status":"","sticky":false,"template":"","format":"standard","meta":{"footnotes":""},"categories":[762],"tags":[3253,2677,23,1631,3252,1906,1709,1027,3251,836,112,3166,2775,998],"class_list":["post-2330","post","type-post","status-publish","format-standard","has-post-thumbnail","hentry","category-salud","tag-caducidad","tag-cuerpos","tag-del","tag-extranos","tag-fecha","tag-lidl","tag-marca","tag-mercado","tag-nuggets","tag-plastico","tag-por","tag-presencia","tag-retira","tag-verduras","generate-columns","tablet-grid-50","mobile-grid-100","grid-parent","grid-50"],"yoast_head":"<!-- This site is optimized with the Yoast SEO plugin v23.4 - https:\/\/yoast.com\/wordpress\/plugins\/seo\/ -->\n<title>Lidl retira del mercado nuggets de verduras por presencia de cuerpos extra\u00f1os de pl\u00e1stico, marca y fecha de caducidad - Consejos - Santa Catarina<\/title>\n<meta name=\"robots\" content=\"index, follow, max-snippet:-1, max-image-preview:large, max-video-preview:-1\" \/>\n<link rel=\"canonical\" href=\"https:\/\/stacatarina.mx\/consejos\/lidl-retira-del-mercado-nuggets-de-verduras-por-presencia-de-cuerpos-extranos-de-plastico-marca-y-fecha-de-caducidad\/\" \/>\n<meta property=\"og:locale\" content=\"es_MX\" \/>\n<meta property=\"og:type\" content=\"article\" \/>\n<meta property=\"og:title\" content=\"Lidl retira del mercado nuggets de verduras por presencia de cuerpos extra\u00f1os de pl\u00e1stico, marca y fecha de caducidad - Consejos - Santa Catarina\" \/>\n<meta property=\"og:description\" content=\"Si compraste estas pepitas, presta atenci\u00f3n a la nota emitida por Lidl son de su marca vemondo los lotes de nuggets de verduras que Lidl\" \/>\n<meta property=\"og:url\" content=\"https:\/\/stacatarina.mx\/consejos\/lidl-retira-del-mercado-nuggets-de-verduras-por-presencia-de-cuerpos-extranos-de-plastico-marca-y-fecha-de-caducidad\/\" \/>\n<meta property=\"og:site_name\" content=\"Santa Catarina\" \/>\n<meta property=\"article:publisher\" content=\"https:\/\/www.facebook.com\/stacatarinagob\/\" \/>\n<meta property=\"article:published_time\" content=\"2025-01-15T05:23:50+00:00\" \/>\n<meta property=\"article:modified_time\" content=\"2025-01-15T05:23:51+00:00\" \/>\n<meta property=\"og:image\" content=\"https:\/\/stacatarina.mx\/consejos\/wp-content\/uploads\/2025\/01\/Lidl-retira-del-mercado-nuggets-de-verduras-por-presencia-de.jpg\" \/>\n\t<meta property=\"og:image:width\" content=\"1500\" \/>\n\t<meta property=\"og:image:height\" content=\"1000\" \/>\n\t<meta property=\"og:image:type\" content=\"image\/jpeg\" \/>\n<meta name=\"author\" content=\"Pedro Mart\u00ednez\" \/>\n<meta name=\"twitter:card\" content=\"summary_large_image\" \/>\n<meta name=\"twitter:creator\" content=\"@stacatarinagob\" \/>\n<meta name=\"twitter:site\" content=\"@stacatarinagob\" \/>\n<meta name=\"twitter:label1\" content=\"Escrito por\" \/>\n\t<meta name=\"twitter:data1\" content=\"Pedro Mart\u00ednez\" \/>\n\t<meta name=\"twitter:label2\" content=\"Tiempo de lectura\" \/>\n\t<meta name=\"twitter:data2\" content=\"1 minuto\" \/>\n<script type=\"application\/ld+json\" class=\"yoast-schema-graph\">{\"@context\":\"https:\/\/schema.org\",\"@graph\":[{\"@type\":\"Article\",\"@id\":\"https:\/\/stacatarina.mx\/consejos\/lidl-retira-del-mercado-nuggets-de-verduras-por-presencia-de-cuerpos-extranos-de-plastico-marca-y-fecha-de-caducidad\/#article\",\"isPartOf\":{\"@id\":\"https:\/\/stacatarina.mx\/consejos\/lidl-retira-del-mercado-nuggets-de-verduras-por-presencia-de-cuerpos-extranos-de-plastico-marca-y-fecha-de-caducidad\/\"},\"author\":{\"name\":\"Pedro Mart\u00ednez\",\"@id\":\"https:\/\/stacatarina.mx\/consejos\/#\/schema\/person\/0be60adffa8e4c4d0828fdf021450e8a\"},\"headline\":\"Lidl retira del mercado nuggets de verduras por presencia de cuerpos extra\u00f1os de pl\u00e1stico, marca y fecha de caducidad\",\"datePublished\":\"2025-01-15T05:23:50+00:00\",\"dateModified\":\"2025-01-15T05:23:51+00:00\",\"mainEntityOfPage\":{\"@id\":\"https:\/\/stacatarina.mx\/consejos\/lidl-retira-del-mercado-nuggets-de-verduras-por-presencia-de-cuerpos-extranos-de-plastico-marca-y-fecha-de-caducidad\/\"},\"wordCount\":186,\"publisher\":{\"@id\":\"https:\/\/stacatarina.mx\/consejos\/#organization\"},\"image\":{\"@id\":\"https:\/\/stacatarina.mx\/consejos\/lidl-retira-del-mercado-nuggets-de-verduras-por-presencia-de-cuerpos-extranos-de-plastico-marca-y-fecha-de-caducidad\/#primaryimage\"},\"thumbnailUrl\":\"https:\/\/stacatarina.mx\/consejos\/wp-content\/uploads\/2025\/01\/Lidl-retira-del-mercado-nuggets-de-verduras-por-presencia-de.jpg\",\"keywords\":[\"caducidad\",\"cuerpos\",\"del\",\"extra\u00f1os\",\"fecha\",\"Lidl\",\"marca\",\"mercado\",\"nuggets\",\"pl\u00e1stico\",\"por\",\"presencia\",\"retira\",\"verduras\"],\"articleSection\":[\"Salud\"],\"inLanguage\":\"es\"},{\"@type\":\"WebPage\",\"@id\":\"https:\/\/stacatarina.mx\/consejos\/lidl-retira-del-mercado-nuggets-de-verduras-por-presencia-de-cuerpos-extranos-de-plastico-marca-y-fecha-de-caducidad\/\",\"url\":\"https:\/\/stacatarina.mx\/consejos\/lidl-retira-del-mercado-nuggets-de-verduras-por-presencia-de-cuerpos-extranos-de-plastico-marca-y-fecha-de-caducidad\/\",\"name\":\"Lidl retira del mercado nuggets de verduras por presencia de cuerpos extra\u00f1os de pl\u00e1stico, marca y fecha de caducidad - Consejos - Santa Catarina\",\"isPartOf\":{\"@id\":\"https:\/\/stacatarina.mx\/consejos\/#website\"},\"primaryImageOfPage\":{\"@id\":\"https:\/\/stacatarina.mx\/consejos\/lidl-retira-del-mercado-nuggets-de-verduras-por-presencia-de-cuerpos-extranos-de-plastico-marca-y-fecha-de-caducidad\/#primaryimage\"},\"image\":{\"@id\":\"https:\/\/stacatarina.mx\/consejos\/lidl-retira-del-mercado-nuggets-de-verduras-por-presencia-de-cuerpos-extranos-de-plastico-marca-y-fecha-de-caducidad\/#primaryimage\"},\"thumbnailUrl\":\"https:\/\/stacatarina.mx\/consejos\/wp-content\/uploads\/2025\/01\/Lidl-retira-del-mercado-nuggets-de-verduras-por-presencia-de.jpg\",\"datePublished\":\"2025-01-15T05:23:50+00:00\",\"dateModified\":\"2025-01-15T05:23:51+00:00\",\"breadcrumb\":{\"@id\":\"https:\/\/stacatarina.mx\/consejos\/lidl-retira-del-mercado-nuggets-de-verduras-por-presencia-de-cuerpos-extranos-de-plastico-marca-y-fecha-de-caducidad\/#breadcrumb\"},\"inLanguage\":\"es\",\"potentialAction\":[{\"@type\":\"ReadAction\",\"target\":[\"https:\/\/stacatarina.mx\/consejos\/lidl-retira-del-mercado-nuggets-de-verduras-por-presencia-de-cuerpos-extranos-de-plastico-marca-y-fecha-de-caducidad\/\"]}]},{\"@type\":\"ImageObject\",\"inLanguage\":\"es\",\"@id\":\"https:\/\/stacatarina.mx\/consejos\/lidl-retira-del-mercado-nuggets-de-verduras-por-presencia-de-cuerpos-extranos-de-plastico-marca-y-fecha-de-caducidad\/#primaryimage\",\"url\":\"https:\/\/stacatarina.mx\/consejos\/wp-content\/uploads\/2025\/01\/Lidl-retira-del-mercado-nuggets-de-verduras-por-presencia-de.jpg\",\"contentUrl\":\"https:\/\/stacatarina.mx\/consejos\/wp-content\/uploads\/2025\/01\/Lidl-retira-del-mercado-nuggets-de-verduras-por-presencia-de.jpg\",\"width\":1500,\"height\":1000,\"caption\":\"nuggest lidl richiamo\"},{\"@type\":\"BreadcrumbList\",\"@id\":\"https:\/\/stacatarina.mx\/consejos\/lidl-retira-del-mercado-nuggets-de-verduras-por-presencia-de-cuerpos-extranos-de-plastico-marca-y-fecha-de-caducidad\/#breadcrumb\",\"itemListElement\":[{\"@type\":\"ListItem\",\"position\":1,\"name\":\"Inicio\",\"item\":\"https:\/\/stacatarina.mx\/consejos\/\"},{\"@type\":\"ListItem\",\"position\":2,\"name\":\"Lidl retira del mercado nuggets de verduras por presencia de cuerpos extra\u00f1os de pl\u00e1stico, marca y fecha de caducidad\"}]},{\"@type\":\"WebSite\",\"@id\":\"https:\/\/stacatarina.mx\/consejos\/#website\",\"url\":\"https:\/\/stacatarina.mx\/consejos\/\",\"name\":\"Santa Catarina\",\"description\":\"\",\"publisher\":{\"@id\":\"https:\/\/stacatarina.mx\/consejos\/#organization\"},\"potentialAction\":[{\"@type\":\"SearchAction\",\"target\":{\"@type\":\"EntryPoint\",\"urlTemplate\":\"https:\/\/stacatarina.mx\/consejos\/?s={search_term_string}\"},\"query-input\":{\"@type\":\"PropertyValueSpecification\",\"valueRequired\":true,\"valueName\":\"search_term_string\"}}],\"inLanguage\":\"es\"},{\"@type\":\"Organization\",\"@id\":\"https:\/\/stacatarina.mx\/consejos\/#organization\",\"name\":\"Santa Catarina\",\"url\":\"https:\/\/stacatarina.mx\/consejos\/\",\"logo\":{\"@type\":\"ImageObject\",\"inLanguage\":\"es\",\"@id\":\"https:\/\/stacatarina.mx\/consejos\/#\/schema\/logo\/image\/\",\"url\":\"https:\/\/stacatarina.mx\/consejos\/wp-content\/uploads\/2024\/09\/cropped-favicon-1-1.png\",\"contentUrl\":\"https:\/\/stacatarina.mx\/consejos\/wp-content\/uploads\/2024\/09\/cropped-favicon-1-1.png\",\"width\":512,\"height\":512,\"caption\":\"Santa Catarina\"},\"image\":{\"@id\":\"https:\/\/stacatarina.mx\/consejos\/#\/schema\/logo\/image\/\"},\"sameAs\":[\"https:\/\/www.facebook.com\/stacatarinagob\/\",\"https:\/\/x.com\/stacatarinagob\",\"https:\/\/www.instagram.com\/stacatarinagob\/\",\"https:\/\/www.youtube.com\/channel\/UCK-6cQJL_904665N1_nLTWw\"]},{\"@type\":\"Person\",\"@id\":\"https:\/\/stacatarina.mx\/consejos\/#\/schema\/person\/0be60adffa8e4c4d0828fdf021450e8a\",\"name\":\"Pedro Mart\u00ednez\",\"image\":{\"@type\":\"ImageObject\",\"inLanguage\":\"es\",\"@id\":\"https:\/\/stacatarina.mx\/consejos\/#\/schema\/person\/image\/\",\"url\":\"https:\/\/stacatarina.mx\/consejos\/wp-content\/uploads\/2024\/09\/stacatarina.jpg\",\"contentUrl\":\"https:\/\/stacatarina.mx\/consejos\/wp-content\/uploads\/2024\/09\/stacatarina.jpg\",\"caption\":\"Pedro Mart\u00ednez\"},\"description\":\"Hola, soy Pedro Mart\u00ednez, redactor jefe del sitio oficial del ayuntamiento de Santa Catarina, en M\u00e9xico. Con m\u00e1s de diez a\u00f1os de experiencia en el periodismo local, tengo una pasi\u00f3n por la investigaci\u00f3n y la difusi\u00f3n de informaci\u00f3n que valoriza nuestra hermosa comunidad. Mi compromiso es hacer de Santa Catarina una referencia en materia de transparencia y comunicaci\u00f3n municipal.\",\"sameAs\":[\"https:\/\/stacatarina.mx\/\"]}]}<\/script>\n<!-- \/ Yoast SEO plugin. -->","yoast_head_json":{"title":"Lidl retira del mercado nuggets de verduras por presencia de cuerpos extra\u00f1os de pl\u00e1stico, marca y fecha de caducidad - Consejos - Santa Catarina","robots":{"index":"index","follow":"follow","max-snippet":"max-snippet:-1","max-image-preview":"max-image-preview:large","max-video-preview":"max-video-preview:-1"},"canonical":"https:\/\/stacatarina.mx\/consejos\/lidl-retira-del-mercado-nuggets-de-verduras-por-presencia-de-cuerpos-extranos-de-plastico-marca-y-fecha-de-caducidad\/","og_locale":"es_MX","og_type":"article","og_title":"Lidl retira del mercado nuggets de verduras por presencia de cuerpos extra\u00f1os de pl\u00e1stico, marca y fecha de caducidad - Consejos - Santa Catarina","og_description":"Si compraste estas pepitas, presta atenci\u00f3n a la nota emitida por Lidl son de su marca vemondo los lotes de nuggets de verduras que Lidl","og_url":"https:\/\/stacatarina.mx\/consejos\/lidl-retira-del-mercado-nuggets-de-verduras-por-presencia-de-cuerpos-extranos-de-plastico-marca-y-fecha-de-caducidad\/","og_site_name":"Santa Catarina","article_publisher":"https:\/\/www.facebook.com\/stacatarinagob\/","article_published_time":"2025-01-15T05:23:50+00:00","article_modified_time":"2025-01-15T05:23:51+00:00","og_image":[{"width":1500,"height":1000,"url":"https:\/\/stacatarina.mx\/consejos\/wp-content\/uploads\/2025\/01\/Lidl-retira-del-mercado-nuggets-de-verduras-por-presencia-de.jpg","type":"image\/jpeg"}],"author":"Pedro Mart\u00ednez","twitter_card":"summary_large_image","twitter_creator":"@stacatarinagob","twitter_site":"@stacatarinagob","twitter_misc":{"Escrito por":"Pedro Mart\u00ednez","Tiempo de lectura":"1 minuto"},"schema":{"@context":"https:\/\/schema.org","@graph":[{"@type":"Article","@id":"https:\/\/stacatarina.mx\/consejos\/lidl-retira-del-mercado-nuggets-de-verduras-por-presencia-de-cuerpos-extranos-de-plastico-marca-y-fecha-de-caducidad\/#article","isPartOf":{"@id":"https:\/\/stacatarina.mx\/consejos\/lidl-retira-del-mercado-nuggets-de-verduras-por-presencia-de-cuerpos-extranos-de-plastico-marca-y-fecha-de-caducidad\/"},"author":{"name":"Pedro Mart\u00ednez","@id":"https:\/\/stacatarina.mx\/consejos\/#\/schema\/person\/0be60adffa8e4c4d0828fdf021450e8a"},"headline":"Lidl retira del mercado nuggets de verduras por presencia de cuerpos extra\u00f1os de pl\u00e1stico, marca y fecha de caducidad","datePublished":"2025-01-15T05:23:50+00:00","dateModified":"2025-01-15T05:23:51+00:00","mainEntityOfPage":{"@id":"https:\/\/stacatarina.mx\/consejos\/lidl-retira-del-mercado-nuggets-de-verduras-por-presencia-de-cuerpos-extranos-de-plastico-marca-y-fecha-de-caducidad\/"},"wordCount":186,"publisher":{"@id":"https:\/\/stacatarina.mx\/consejos\/#organization"},"image":{"@id":"https:\/\/stacatarina.mx\/consejos\/lidl-retira-del-mercado-nuggets-de-verduras-por-presencia-de-cuerpos-extranos-de-plastico-marca-y-fecha-de-caducidad\/#primaryimage"},"thumbnailUrl":"https:\/\/stacatarina.mx\/consejos\/wp-content\/uploads\/2025\/01\/Lidl-retira-del-mercado-nuggets-de-verduras-por-presencia-de.jpg","keywords":["caducidad","cuerpos","del","extra\u00f1os","fecha","Lidl","marca","mercado","nuggets","pl\u00e1stico","por","presencia","retira","verduras"],"articleSection":["Salud"],"inLanguage":"es"},{"@type":"WebPage","@id":"https:\/\/stacatarina.mx\/consejos\/lidl-retira-del-mercado-nuggets-de-verduras-por-presencia-de-cuerpos-extranos-de-plastico-marca-y-fecha-de-caducidad\/","url":"https:\/\/stacatarina.mx\/consejos\/lidl-retira-del-mercado-nuggets-de-verduras-por-presencia-de-cuerpos-extranos-de-plastico-marca-y-fecha-de-caducidad\/","name":"Lidl retira del mercado nuggets de verduras por presencia de cuerpos extra\u00f1os de pl\u00e1stico, marca y fecha de caducidad - Consejos - Santa Catarina","isPartOf":{"@id":"https:\/\/stacatarina.mx\/consejos\/#website"},"primaryImageOfPage":{"@id":"https:\/\/stacatarina.mx\/consejos\/lidl-retira-del-mercado-nuggets-de-verduras-por-presencia-de-cuerpos-extranos-de-plastico-marca-y-fecha-de-caducidad\/#primaryimage"},"image":{"@id":"https:\/\/stacatarina.mx\/consejos\/lidl-retira-del-mercado-nuggets-de-verduras-por-presencia-de-cuerpos-extranos-de-plastico-marca-y-fecha-de-caducidad\/#primaryimage"},"thumbnailUrl":"https:\/\/stacatarina.mx\/consejos\/wp-content\/uploads\/2025\/01\/Lidl-retira-del-mercado-nuggets-de-verduras-por-presencia-de.jpg","datePublished":"2025-01-15T05:23:50+00:00","dateModified":"2025-01-15T05:23:51+00:00","breadcrumb":{"@id":"https:\/\/stacatarina.mx\/consejos\/lidl-retira-del-mercado-nuggets-de-verduras-por-presencia-de-cuerpos-extranos-de-plastico-marca-y-fecha-de-caducidad\/#breadcrumb"},"inLanguage":"es","potentialAction":[{"@type":"ReadAction","target":["https:\/\/stacatarina.mx\/consejos\/lidl-retira-del-mercado-nuggets-de-verduras-por-presencia-de-cuerpos-extranos-de-plastico-marca-y-fecha-de-caducidad\/"]}]},{"@type":"ImageObject","inLanguage":"es","@id":"https:\/\/stacatarina.mx\/consejos\/lidl-retira-del-mercado-nuggets-de-verduras-por-presencia-de-cuerpos-extranos-de-plastico-marca-y-fecha-de-caducidad\/#primaryimage","url":"https:\/\/stacatarina.mx\/consejos\/wp-content\/uploads\/2025\/01\/Lidl-retira-del-mercado-nuggets-de-verduras-por-presencia-de.jpg","contentUrl":"https:\/\/stacatarina.mx\/consejos\/wp-content\/uploads\/2025\/01\/Lidl-retira-del-mercado-nuggets-de-verduras-por-presencia-de.jpg","width":1500,"height":1000,"caption":"nuggest lidl richiamo"},{"@type":"BreadcrumbList","@id":"https:\/\/stacatarina.mx\/consejos\/lidl-retira-del-mercado-nuggets-de-verduras-por-presencia-de-cuerpos-extranos-de-plastico-marca-y-fecha-de-caducidad\/#breadcrumb","itemListElement":[{"@type":"ListItem","position":1,"name":"Inicio","item":"https:\/\/stacatarina.mx\/consejos\/"},{"@type":"ListItem","position":2,"name":"Lidl retira del mercado nuggets de verduras por presencia de cuerpos extra\u00f1os de pl\u00e1stico, marca y fecha de caducidad"}]},{"@type":"WebSite","@id":"https:\/\/stacatarina.mx\/consejos\/#website","url":"https:\/\/stacatarina.mx\/consejos\/","name":"Santa Catarina","description":"","publisher":{"@id":"https:\/\/stacatarina.mx\/consejos\/#organization"},"potentialAction":[{"@type":"SearchAction","target":{"@type":"EntryPoint","urlTemplate":"https:\/\/stacatarina.mx\/consejos\/?s={search_term_string}"},"query-input":{"@type":"PropertyValueSpecification","valueRequired":true,"valueName":"search_term_string"}}],"inLanguage":"es"},{"@type":"Organization","@id":"https:\/\/stacatarina.mx\/consejos\/#organization","name":"Santa Catarina","url":"https:\/\/stacatarina.mx\/consejos\/","logo":{"@type":"ImageObject","inLanguage":"es","@id":"https:\/\/stacatarina.mx\/consejos\/#\/schema\/logo\/image\/","url":"https:\/\/stacatarina.mx\/consejos\/wp-content\/uploads\/2024\/09\/cropped-favicon-1-1.png","contentUrl":"https:\/\/stacatarina.mx\/consejos\/wp-content\/uploads\/2024\/09\/cropped-favicon-1-1.png","width":512,"height":512,"caption":"Santa Catarina"},"image":{"@id":"https:\/\/stacatarina.mx\/consejos\/#\/schema\/logo\/image\/"},"sameAs":["https:\/\/www.facebook.com\/stacatarinagob\/","https:\/\/x.com\/stacatarinagob","https:\/\/www.instagram.com\/stacatarinagob\/","https:\/\/www.youtube.com\/channel\/UCK-6cQJL_904665N1_nLTWw"]},{"@type":"Person","@id":"https:\/\/stacatarina.mx\/consejos\/#\/schema\/person\/0be60adffa8e4c4d0828fdf021450e8a","name":"Pedro Mart\u00ednez","image":{"@type":"ImageObject","inLanguage":"es","@id":"https:\/\/stacatarina.mx\/consejos\/#\/schema\/person\/image\/","url":"https:\/\/stacatarina.mx\/consejos\/wp-content\/uploads\/2024\/09\/stacatarina.jpg","contentUrl":"https:\/\/stacatarina.mx\/consejos\/wp-content\/uploads\/2024\/09\/stacatarina.jpg","caption":"Pedro Mart\u00ednez"},"description":"Hola, soy Pedro Mart\u00ednez, redactor jefe del sitio oficial del ayuntamiento de Santa Catarina, en M\u00e9xico. Con m\u00e1s de diez a\u00f1os de experiencia en el periodismo local, tengo una pasi\u00f3n por la investigaci\u00f3n y la difusi\u00f3n de informaci\u00f3n que valoriza nuestra hermosa comunidad. Mi compromiso es hacer de Santa Catarina una referencia en materia de transparencia y comunicaci\u00f3n municipal.","sameAs":["https:\/\/stacatarina.mx\/"]}]}},"_links":{"self":[{"href":"https:\/\/stacatarina.mx\/consejos\/wp-json\/wp\/v2\/posts\/2330"}],"collection":[{"href":"https:\/\/stacatarina.mx\/consejos\/wp-json\/wp\/v2\/posts"}],"about":[{"href":"https:\/\/stacatarina.mx\/consejos\/wp-json\/wp\/v2\/types\/post"}],"author":[{"embeddable":true,"href":"https:\/\/stacatarina.mx\/consejos\/wp-json\/wp\/v2\/users\/1"}],"replies":[{"embeddable":true,"href":"https:\/\/stacatarina.mx\/consejos\/wp-json\/wp\/v2\/comments?post=2330"}],"version-history":[{"count":1,"href":"https:\/\/stacatarina.mx\/consejos\/wp-json\/wp\/v2\/posts\/2330\/revisions"}],"predecessor-version":[{"id":2332,"href":"https:\/\/stacatarina.mx\/consejos\/wp-json\/wp\/v2\/posts\/2330\/revisions\/2332"}],"wp:featuredmedia":[{"embeddable":true,"href":"https:\/\/stacatarina.mx\/consejos\/wp-json\/wp\/v2\/media\/2331"}],"wp:attachment":[{"href":"https:\/\/stacatarina.mx\/consejos\/wp-json\/wp\/v2\/media?parent=2330"}],"wp:term":[{"taxonomy":"category","embeddable":true,"href":"https:\/\/stacatarina.mx\/consejos\/wp-json\/wp\/v2\/categories?post=2330"},{"taxonomy":"post_tag","embeddable":true,"href":"https:\/\/stacatarina.mx\/consejos\/wp-json\/wp\/v2\/tags?post=2330"}],"curies":[{"name":"wp","href":"https:\/\/api.w.org\/{rel}","templated":true}]}}