{"id":2333,"date":"2025-01-15T09:23:14","date_gmt":"2025-01-15T15:23:14","guid":{"rendered":"https:\/\/stacatarina.mx\/consejos\/alerta-de-listeria-estos-quesos-de-leche-cruda-retirados-del-mercado-marca-y-lotes\/"},"modified":"2025-01-15T09:23:15","modified_gmt":"2025-01-15T15:23:15","slug":"alerta-de-listeria-estos-quesos-de-leche-cruda-retirados-del-mercado-marca-y-lotes","status":"publish","type":"post","link":"https:\/\/stacatarina.mx\/consejos\/alerta-de-listeria-estos-quesos-de-leche-cruda-retirados-del-mercado-marca-y-lotes\/","title":{"rendered":"Alerta de Listeria: estos quesos de leche cruda retirados del mercado (marca y lotes)"},"content":{"rendered":"<p class=\"single-abstract\">\n<p>\t\t\t\t\t\t\t\t\t\t\t\t\t\t\t\t\tAlerta de listeria de nuevo: el Ministerio de Sanidad ha retirado del mercado tres tipos de queso del Tirol del Sur\t\t\t\t\t\t\t\t\t\t\t\t\t\t\t<\/p>\n<div class=\"daily-video\" style=\"display: none;\"><\/div>\n<div class=\"wrapper-player\" style=\"display: none; margin-bottom: 15px;\">\n<div id=\"daily-player\" style=\"position: relative; max-width: 100%;\" class=\"video-content\"><\/div>\n<\/p><\/div>\n<div class=\"image-wrapper featured-image no-lazy\" id=\"featured-image\"><\/div>\n<p>La alarma por los quesos de leche cruda no cesa. El Ministerio de Salud anunci\u00f3 la retirada de tres lotes de productos de marca. <strong>Saboreo<\/strong> debido a una posible contaminaci\u00f3n por <em>Listeria monocytogenes<\/em>.<\/p>\n<p>Hace apenas unos d\u00edas, el Departamento de Prevenci\u00f3n de la Empresa Provincial de Servicios Sanitarios de Trento dio a conocer la noticia de una infecci\u00f3n intestinal en un ni\u00f1o de 9 a\u00f1os, probablemente debida a la ingesta de queso de leche cruda.<\/p>\n<h2><strong>Los lotes afectados por el retiro:<\/strong><\/h2>\n<p>Los productos fueron fabricados en la f\u00e1brica. <strong>Bsackerau, Vahrn<\/strong>. Y, seg\u00fan reitera el Ministerio, los consumidores en posesi\u00f3n de estos quesos est\u00e1n invitados a desecharlos o devolverlos al punto de venta para obtener un reembolso.<\/p>\n<aside style=\"margin: 8px auto; text-align: center; display: block; clear: both;\">\n<div id=\"gpt-passback\">\n<\/div>\n<\/aside>\n","protected":false},"excerpt":{"rendered":"<p>Alerta de listeria de nuevo: el Ministerio de Sanidad ha retirado del mercado tres tipos de queso del Tirol del Sur La alarma por los<\/p>\n","protected":false},"author":1,"featured_media":2334,"comment_status":"closed","ping_status":"","sticky":false,"template":"","format":"standard","meta":{"footnotes":""},"categories":[762],"tags":[567,3076,23,196,1700,2833,1030,1709,1027,2446,1930],"class_list":["post-2333","post","type-post","status-publish","format-standard","has-post-thumbnail","hentry","category-salud","tag-alerta","tag-cruda","tag-del","tag-estos","tag-leche","tag-listeria","tag-lotes","tag-marca","tag-mercado","tag-quesos","tag-retirados","generate-columns","tablet-grid-50","mobile-grid-100","grid-parent","grid-50"],"yoast_head":"<!-- This site is optimized with the Yoast SEO plugin v23.4 - https:\/\/yoast.com\/wordpress\/plugins\/seo\/ -->\n<title>Alerta de Listeria: estos quesos de leche cruda retirados del mercado (marca y lotes) - Consejos - Santa Catarina<\/title>\n<meta name=\"robots\" content=\"index, follow, max-snippet:-1, max-image-preview:large, max-video-preview:-1\" \/>\n<link rel=\"canonical\" href=\"https:\/\/stacatarina.mx\/consejos\/alerta-de-listeria-estos-quesos-de-leche-cruda-retirados-del-mercado-marca-y-lotes\/\" \/>\n<meta property=\"og:locale\" content=\"es_MX\" \/>\n<meta property=\"og:type\" content=\"article\" \/>\n<meta property=\"og:title\" content=\"Alerta de Listeria: estos quesos de leche cruda retirados del mercado (marca y lotes) - Consejos - Santa Catarina\" \/>\n<meta property=\"og:description\" content=\"Alerta de listeria de nuevo: el Ministerio de Sanidad ha retirado del mercado tres tipos de queso del Tirol del Sur La alarma por los\" \/>\n<meta property=\"og:url\" content=\"https:\/\/stacatarina.mx\/consejos\/alerta-de-listeria-estos-quesos-de-leche-cruda-retirados-del-mercado-marca-y-lotes\/\" \/>\n<meta property=\"og:site_name\" content=\"Santa Catarina\" \/>\n<meta property=\"article:publisher\" content=\"https:\/\/www.facebook.com\/stacatarinagob\/\" \/>\n<meta property=\"article:published_time\" content=\"2025-01-15T15:23:14+00:00\" \/>\n<meta property=\"article:modified_time\" content=\"2025-01-15T15:23:15+00:00\" \/>\n<meta property=\"og:image\" content=\"https:\/\/stacatarina.mx\/consejos\/wp-content\/uploads\/2025\/01\/Alerta-de-Listeria-estos-quesos-de-leche-cruda-retirados-del.jpg\" \/>\n\t<meta property=\"og:image:width\" content=\"1500\" \/>\n\t<meta property=\"og:image:height\" content=\"1000\" \/>\n\t<meta property=\"og:image:type\" content=\"image\/jpeg\" \/>\n<meta name=\"author\" content=\"Pedro Mart\u00ednez\" \/>\n<meta name=\"twitter:card\" content=\"summary_large_image\" \/>\n<meta name=\"twitter:creator\" content=\"@stacatarinagob\" \/>\n<meta name=\"twitter:site\" content=\"@stacatarinagob\" \/>\n<meta name=\"twitter:label1\" content=\"Escrito por\" \/>\n\t<meta name=\"twitter:data1\" content=\"Pedro Mart\u00ednez\" \/>\n\t<meta name=\"twitter:label2\" content=\"Tiempo de lectura\" \/>\n\t<meta name=\"twitter:data2\" content=\"1 minuto\" \/>\n<script type=\"application\/ld+json\" class=\"yoast-schema-graph\">{\"@context\":\"https:\/\/schema.org\",\"@graph\":[{\"@type\":\"Article\",\"@id\":\"https:\/\/stacatarina.mx\/consejos\/alerta-de-listeria-estos-quesos-de-leche-cruda-retirados-del-mercado-marca-y-lotes\/#article\",\"isPartOf\":{\"@id\":\"https:\/\/stacatarina.mx\/consejos\/alerta-de-listeria-estos-quesos-de-leche-cruda-retirados-del-mercado-marca-y-lotes\/\"},\"author\":{\"name\":\"Pedro Mart\u00ednez\",\"@id\":\"https:\/\/stacatarina.mx\/consejos\/#\/schema\/person\/0be60adffa8e4c4d0828fdf021450e8a\"},\"headline\":\"Alerta de Listeria: estos quesos de leche cruda retirados del mercado (marca y lotes)\",\"datePublished\":\"2025-01-15T15:23:14+00:00\",\"dateModified\":\"2025-01-15T15:23:15+00:00\",\"mainEntityOfPage\":{\"@id\":\"https:\/\/stacatarina.mx\/consejos\/alerta-de-listeria-estos-quesos-de-leche-cruda-retirados-del-mercado-marca-y-lotes\/\"},\"wordCount\":160,\"publisher\":{\"@id\":\"https:\/\/stacatarina.mx\/consejos\/#organization\"},\"image\":{\"@id\":\"https:\/\/stacatarina.mx\/consejos\/alerta-de-listeria-estos-quesos-de-leche-cruda-retirados-del-mercado-marca-y-lotes\/#primaryimage\"},\"thumbnailUrl\":\"https:\/\/stacatarina.mx\/consejos\/wp-content\/uploads\/2025\/01\/Alerta-de-Listeria-estos-quesos-de-leche-cruda-retirados-del.jpg\",\"keywords\":[\"alerta\",\"cruda\",\"del\",\"Estos\",\"leche\",\"listeria\",\"lotes\",\"marca\",\"mercado\",\"quesos\",\"retirados\"],\"articleSection\":[\"Salud\"],\"inLanguage\":\"es\"},{\"@type\":\"WebPage\",\"@id\":\"https:\/\/stacatarina.mx\/consejos\/alerta-de-listeria-estos-quesos-de-leche-cruda-retirados-del-mercado-marca-y-lotes\/\",\"url\":\"https:\/\/stacatarina.mx\/consejos\/alerta-de-listeria-estos-quesos-de-leche-cruda-retirados-del-mercado-marca-y-lotes\/\",\"name\":\"Alerta de Listeria: estos quesos de leche cruda retirados del mercado (marca y lotes) - Consejos - Santa Catarina\",\"isPartOf\":{\"@id\":\"https:\/\/stacatarina.mx\/consejos\/#website\"},\"primaryImageOfPage\":{\"@id\":\"https:\/\/stacatarina.mx\/consejos\/alerta-de-listeria-estos-quesos-de-leche-cruda-retirados-del-mercado-marca-y-lotes\/#primaryimage\"},\"image\":{\"@id\":\"https:\/\/stacatarina.mx\/consejos\/alerta-de-listeria-estos-quesos-de-leche-cruda-retirados-del-mercado-marca-y-lotes\/#primaryimage\"},\"thumbnailUrl\":\"https:\/\/stacatarina.mx\/consejos\/wp-content\/uploads\/2025\/01\/Alerta-de-Listeria-estos-quesos-de-leche-cruda-retirados-del.jpg\",\"datePublished\":\"2025-01-15T15:23:14+00:00\",\"dateModified\":\"2025-01-15T15:23:15+00:00\",\"breadcrumb\":{\"@id\":\"https:\/\/stacatarina.mx\/consejos\/alerta-de-listeria-estos-quesos-de-leche-cruda-retirados-del-mercado-marca-y-lotes\/#breadcrumb\"},\"inLanguage\":\"es\",\"potentialAction\":[{\"@type\":\"ReadAction\",\"target\":[\"https:\/\/stacatarina.mx\/consejos\/alerta-de-listeria-estos-quesos-de-leche-cruda-retirados-del-mercado-marca-y-lotes\/\"]}]},{\"@type\":\"ImageObject\",\"inLanguage\":\"es\",\"@id\":\"https:\/\/stacatarina.mx\/consejos\/alerta-de-listeria-estos-quesos-de-leche-cruda-retirados-del-mercado-marca-y-lotes\/#primaryimage\",\"url\":\"https:\/\/stacatarina.mx\/consejos\/wp-content\/uploads\/2025\/01\/Alerta-de-Listeria-estos-quesos-de-leche-cruda-retirados-del.jpg\",\"contentUrl\":\"https:\/\/stacatarina.mx\/consejos\/wp-content\/uploads\/2025\/01\/Alerta-de-Listeria-estos-quesos-de-leche-cruda-retirados-del.jpg\",\"width\":1500,\"height\":1000,\"caption\":\"formaggio ritirato\"},{\"@type\":\"BreadcrumbList\",\"@id\":\"https:\/\/stacatarina.mx\/consejos\/alerta-de-listeria-estos-quesos-de-leche-cruda-retirados-del-mercado-marca-y-lotes\/#breadcrumb\",\"itemListElement\":[{\"@type\":\"ListItem\",\"position\":1,\"name\":\"Inicio\",\"item\":\"https:\/\/stacatarina.mx\/consejos\/\"},{\"@type\":\"ListItem\",\"position\":2,\"name\":\"Alerta de Listeria: estos quesos de leche cruda retirados del mercado (marca y lotes)\"}]},{\"@type\":\"WebSite\",\"@id\":\"https:\/\/stacatarina.mx\/consejos\/#website\",\"url\":\"https:\/\/stacatarina.mx\/consejos\/\",\"name\":\"Santa Catarina\",\"description\":\"\",\"publisher\":{\"@id\":\"https:\/\/stacatarina.mx\/consejos\/#organization\"},\"potentialAction\":[{\"@type\":\"SearchAction\",\"target\":{\"@type\":\"EntryPoint\",\"urlTemplate\":\"https:\/\/stacatarina.mx\/consejos\/?s={search_term_string}\"},\"query-input\":{\"@type\":\"PropertyValueSpecification\",\"valueRequired\":true,\"valueName\":\"search_term_string\"}}],\"inLanguage\":\"es\"},{\"@type\":\"Organization\",\"@id\":\"https:\/\/stacatarina.mx\/consejos\/#organization\",\"name\":\"Santa Catarina\",\"url\":\"https:\/\/stacatarina.mx\/consejos\/\",\"logo\":{\"@type\":\"ImageObject\",\"inLanguage\":\"es\",\"@id\":\"https:\/\/stacatarina.mx\/consejos\/#\/schema\/logo\/image\/\",\"url\":\"https:\/\/stacatarina.mx\/consejos\/wp-content\/uploads\/2024\/09\/cropped-favicon-1-1.png\",\"contentUrl\":\"https:\/\/stacatarina.mx\/consejos\/wp-content\/uploads\/2024\/09\/cropped-favicon-1-1.png\",\"width\":512,\"height\":512,\"caption\":\"Santa Catarina\"},\"image\":{\"@id\":\"https:\/\/stacatarina.mx\/consejos\/#\/schema\/logo\/image\/\"},\"sameAs\":[\"https:\/\/www.facebook.com\/stacatarinagob\/\",\"https:\/\/x.com\/stacatarinagob\",\"https:\/\/www.instagram.com\/stacatarinagob\/\",\"https:\/\/www.youtube.com\/channel\/UCK-6cQJL_904665N1_nLTWw\"]},{\"@type\":\"Person\",\"@id\":\"https:\/\/stacatarina.mx\/consejos\/#\/schema\/person\/0be60adffa8e4c4d0828fdf021450e8a\",\"name\":\"Pedro Mart\u00ednez\",\"image\":{\"@type\":\"ImageObject\",\"inLanguage\":\"es\",\"@id\":\"https:\/\/stacatarina.mx\/consejos\/#\/schema\/person\/image\/\",\"url\":\"https:\/\/stacatarina.mx\/consejos\/wp-content\/uploads\/2024\/09\/stacatarina.jpg\",\"contentUrl\":\"https:\/\/stacatarina.mx\/consejos\/wp-content\/uploads\/2024\/09\/stacatarina.jpg\",\"caption\":\"Pedro Mart\u00ednez\"},\"description\":\"Hola, soy Pedro Mart\u00ednez, redactor jefe del sitio oficial del ayuntamiento de Santa Catarina, en M\u00e9xico. Con m\u00e1s de diez a\u00f1os de experiencia en el periodismo local, tengo una pasi\u00f3n por la investigaci\u00f3n y la difusi\u00f3n de informaci\u00f3n que valoriza nuestra hermosa comunidad. Mi compromiso es hacer de Santa Catarina una referencia en materia de transparencia y comunicaci\u00f3n municipal.\",\"sameAs\":[\"https:\/\/stacatarina.mx\/\"]}]}<\/script>\n<!-- \/ Yoast SEO plugin. -->","yoast_head_json":{"title":"Alerta de Listeria: estos quesos de leche cruda retirados del mercado (marca y lotes) - Consejos - Santa Catarina","robots":{"index":"index","follow":"follow","max-snippet":"max-snippet:-1","max-image-preview":"max-image-preview:large","max-video-preview":"max-video-preview:-1"},"canonical":"https:\/\/stacatarina.mx\/consejos\/alerta-de-listeria-estos-quesos-de-leche-cruda-retirados-del-mercado-marca-y-lotes\/","og_locale":"es_MX","og_type":"article","og_title":"Alerta de Listeria: estos quesos de leche cruda retirados del mercado (marca y lotes) - Consejos - Santa Catarina","og_description":"Alerta de listeria de nuevo: el Ministerio de Sanidad ha retirado del mercado tres tipos de queso del Tirol del Sur La alarma por los","og_url":"https:\/\/stacatarina.mx\/consejos\/alerta-de-listeria-estos-quesos-de-leche-cruda-retirados-del-mercado-marca-y-lotes\/","og_site_name":"Santa Catarina","article_publisher":"https:\/\/www.facebook.com\/stacatarinagob\/","article_published_time":"2025-01-15T15:23:14+00:00","article_modified_time":"2025-01-15T15:23:15+00:00","og_image":[{"width":1500,"height":1000,"url":"https:\/\/stacatarina.mx\/consejos\/wp-content\/uploads\/2025\/01\/Alerta-de-Listeria-estos-quesos-de-leche-cruda-retirados-del.jpg","type":"image\/jpeg"}],"author":"Pedro Mart\u00ednez","twitter_card":"summary_large_image","twitter_creator":"@stacatarinagob","twitter_site":"@stacatarinagob","twitter_misc":{"Escrito por":"Pedro Mart\u00ednez","Tiempo de lectura":"1 minuto"},"schema":{"@context":"https:\/\/schema.org","@graph":[{"@type":"Article","@id":"https:\/\/stacatarina.mx\/consejos\/alerta-de-listeria-estos-quesos-de-leche-cruda-retirados-del-mercado-marca-y-lotes\/#article","isPartOf":{"@id":"https:\/\/stacatarina.mx\/consejos\/alerta-de-listeria-estos-quesos-de-leche-cruda-retirados-del-mercado-marca-y-lotes\/"},"author":{"name":"Pedro Mart\u00ednez","@id":"https:\/\/stacatarina.mx\/consejos\/#\/schema\/person\/0be60adffa8e4c4d0828fdf021450e8a"},"headline":"Alerta de Listeria: estos quesos de leche cruda retirados del mercado (marca y lotes)","datePublished":"2025-01-15T15:23:14+00:00","dateModified":"2025-01-15T15:23:15+00:00","mainEntityOfPage":{"@id":"https:\/\/stacatarina.mx\/consejos\/alerta-de-listeria-estos-quesos-de-leche-cruda-retirados-del-mercado-marca-y-lotes\/"},"wordCount":160,"publisher":{"@id":"https:\/\/stacatarina.mx\/consejos\/#organization"},"image":{"@id":"https:\/\/stacatarina.mx\/consejos\/alerta-de-listeria-estos-quesos-de-leche-cruda-retirados-del-mercado-marca-y-lotes\/#primaryimage"},"thumbnailUrl":"https:\/\/stacatarina.mx\/consejos\/wp-content\/uploads\/2025\/01\/Alerta-de-Listeria-estos-quesos-de-leche-cruda-retirados-del.jpg","keywords":["alerta","cruda","del","Estos","leche","listeria","lotes","marca","mercado","quesos","retirados"],"articleSection":["Salud"],"inLanguage":"es"},{"@type":"WebPage","@id":"https:\/\/stacatarina.mx\/consejos\/alerta-de-listeria-estos-quesos-de-leche-cruda-retirados-del-mercado-marca-y-lotes\/","url":"https:\/\/stacatarina.mx\/consejos\/alerta-de-listeria-estos-quesos-de-leche-cruda-retirados-del-mercado-marca-y-lotes\/","name":"Alerta de Listeria: estos quesos de leche cruda retirados del mercado (marca y lotes) - Consejos - Santa Catarina","isPartOf":{"@id":"https:\/\/stacatarina.mx\/consejos\/#website"},"primaryImageOfPage":{"@id":"https:\/\/stacatarina.mx\/consejos\/alerta-de-listeria-estos-quesos-de-leche-cruda-retirados-del-mercado-marca-y-lotes\/#primaryimage"},"image":{"@id":"https:\/\/stacatarina.mx\/consejos\/alerta-de-listeria-estos-quesos-de-leche-cruda-retirados-del-mercado-marca-y-lotes\/#primaryimage"},"thumbnailUrl":"https:\/\/stacatarina.mx\/consejos\/wp-content\/uploads\/2025\/01\/Alerta-de-Listeria-estos-quesos-de-leche-cruda-retirados-del.jpg","datePublished":"2025-01-15T15:23:14+00:00","dateModified":"2025-01-15T15:23:15+00:00","breadcrumb":{"@id":"https:\/\/stacatarina.mx\/consejos\/alerta-de-listeria-estos-quesos-de-leche-cruda-retirados-del-mercado-marca-y-lotes\/#breadcrumb"},"inLanguage":"es","potentialAction":[{"@type":"ReadAction","target":["https:\/\/stacatarina.mx\/consejos\/alerta-de-listeria-estos-quesos-de-leche-cruda-retirados-del-mercado-marca-y-lotes\/"]}]},{"@type":"ImageObject","inLanguage":"es","@id":"https:\/\/stacatarina.mx\/consejos\/alerta-de-listeria-estos-quesos-de-leche-cruda-retirados-del-mercado-marca-y-lotes\/#primaryimage","url":"https:\/\/stacatarina.mx\/consejos\/wp-content\/uploads\/2025\/01\/Alerta-de-Listeria-estos-quesos-de-leche-cruda-retirados-del.jpg","contentUrl":"https:\/\/stacatarina.mx\/consejos\/wp-content\/uploads\/2025\/01\/Alerta-de-Listeria-estos-quesos-de-leche-cruda-retirados-del.jpg","width":1500,"height":1000,"caption":"formaggio ritirato"},{"@type":"BreadcrumbList","@id":"https:\/\/stacatarina.mx\/consejos\/alerta-de-listeria-estos-quesos-de-leche-cruda-retirados-del-mercado-marca-y-lotes\/#breadcrumb","itemListElement":[{"@type":"ListItem","position":1,"name":"Inicio","item":"https:\/\/stacatarina.mx\/consejos\/"},{"@type":"ListItem","position":2,"name":"Alerta de Listeria: estos quesos de leche cruda retirados del mercado (marca y lotes)"}]},{"@type":"WebSite","@id":"https:\/\/stacatarina.mx\/consejos\/#website","url":"https:\/\/stacatarina.mx\/consejos\/","name":"Santa Catarina","description":"","publisher":{"@id":"https:\/\/stacatarina.mx\/consejos\/#organization"},"potentialAction":[{"@type":"SearchAction","target":{"@type":"EntryPoint","urlTemplate":"https:\/\/stacatarina.mx\/consejos\/?s={search_term_string}"},"query-input":{"@type":"PropertyValueSpecification","valueRequired":true,"valueName":"search_term_string"}}],"inLanguage":"es"},{"@type":"Organization","@id":"https:\/\/stacatarina.mx\/consejos\/#organization","name":"Santa Catarina","url":"https:\/\/stacatarina.mx\/consejos\/","logo":{"@type":"ImageObject","inLanguage":"es","@id":"https:\/\/stacatarina.mx\/consejos\/#\/schema\/logo\/image\/","url":"https:\/\/stacatarina.mx\/consejos\/wp-content\/uploads\/2024\/09\/cropped-favicon-1-1.png","contentUrl":"https:\/\/stacatarina.mx\/consejos\/wp-content\/uploads\/2024\/09\/cropped-favicon-1-1.png","width":512,"height":512,"caption":"Santa Catarina"},"image":{"@id":"https:\/\/stacatarina.mx\/consejos\/#\/schema\/logo\/image\/"},"sameAs":["https:\/\/www.facebook.com\/stacatarinagob\/","https:\/\/x.com\/stacatarinagob","https:\/\/www.instagram.com\/stacatarinagob\/","https:\/\/www.youtube.com\/channel\/UCK-6cQJL_904665N1_nLTWw"]},{"@type":"Person","@id":"https:\/\/stacatarina.mx\/consejos\/#\/schema\/person\/0be60adffa8e4c4d0828fdf021450e8a","name":"Pedro Mart\u00ednez","image":{"@type":"ImageObject","inLanguage":"es","@id":"https:\/\/stacatarina.mx\/consejos\/#\/schema\/person\/image\/","url":"https:\/\/stacatarina.mx\/consejos\/wp-content\/uploads\/2024\/09\/stacatarina.jpg","contentUrl":"https:\/\/stacatarina.mx\/consejos\/wp-content\/uploads\/2024\/09\/stacatarina.jpg","caption":"Pedro Mart\u00ednez"},"description":"Hola, soy Pedro Mart\u00ednez, redactor jefe del sitio oficial del ayuntamiento de Santa Catarina, en M\u00e9xico. Con m\u00e1s de diez a\u00f1os de experiencia en el periodismo local, tengo una pasi\u00f3n por la investigaci\u00f3n y la difusi\u00f3n de informaci\u00f3n que valoriza nuestra hermosa comunidad. Mi compromiso es hacer de Santa Catarina una referencia en materia de transparencia y comunicaci\u00f3n municipal.","sameAs":["https:\/\/stacatarina.mx\/"]}]}},"_links":{"self":[{"href":"https:\/\/stacatarina.mx\/consejos\/wp-json\/wp\/v2\/posts\/2333"}],"collection":[{"href":"https:\/\/stacatarina.mx\/consejos\/wp-json\/wp\/v2\/posts"}],"about":[{"href":"https:\/\/stacatarina.mx\/consejos\/wp-json\/wp\/v2\/types\/post"}],"author":[{"embeddable":true,"href":"https:\/\/stacatarina.mx\/consejos\/wp-json\/wp\/v2\/users\/1"}],"replies":[{"embeddable":true,"href":"https:\/\/stacatarina.mx\/consejos\/wp-json\/wp\/v2\/comments?post=2333"}],"version-history":[{"count":1,"href":"https:\/\/stacatarina.mx\/consejos\/wp-json\/wp\/v2\/posts\/2333\/revisions"}],"predecessor-version":[{"id":2335,"href":"https:\/\/stacatarina.mx\/consejos\/wp-json\/wp\/v2\/posts\/2333\/revisions\/2335"}],"wp:featuredmedia":[{"embeddable":true,"href":"https:\/\/stacatarina.mx\/consejos\/wp-json\/wp\/v2\/media\/2334"}],"wp:attachment":[{"href":"https:\/\/stacatarina.mx\/consejos\/wp-json\/wp\/v2\/media?parent=2333"}],"wp:term":[{"taxonomy":"category","embeddable":true,"href":"https:\/\/stacatarina.mx\/consejos\/wp-json\/wp\/v2\/categories?post=2333"},{"taxonomy":"post_tag","embeddable":true,"href":"https:\/\/stacatarina.mx\/consejos\/wp-json\/wp\/v2\/tags?post=2333"}],"curies":[{"name":"wp","href":"https:\/\/api.w.org\/{rel}","templated":true}]}}